{"id":5555,"date":"2012-11-03T09:00:08","date_gmt":"2012-11-03T12:00:08","guid":{"rendered":"http:\/\/rioonwatch.org\/?p=5555"},"modified":"2016-02-19T08:42:59","modified_gmt":"2016-02-19T11:42:59","slug":"residents-in-rio-favela-lose-homes-to-aerial-tramway","status":"publish","type":"post","link":"https:\/\/rioonwatch.org\/?p=5555","title":{"rendered":"Residents in Rio Favela Lose Homes to Cable Car"},"content":{"rendered":"<p style=\"text-align: right;\"><a href=\"http:\/\/bbc.in\/QQKQJW\" target=\"_blank\"><strong><em>Clique aqui para Portugu\u00eas<img decoding=\"async\" width=\"20\" height=\"20\" class=\"alignright size-full wp-image-23766\" src=\"http:\/\/www.rioonwatch.org\/wp-content\/uploads\/2012\/08\/PT-e1439583827971.png\" alt=\"\" \/><\/em><\/strong><\/a><\/p>\n<p><em>Click <a href=\"http:\/\/bbc.in\/QQKQJW\" target=\"_blank\">here<\/a> for original article, in Portuguese, by Silvana Bahia* for BBC Brasil.<\/em><\/p>\n<p><strong>The <a href=\"http:\/\/bit.ly\/H1IEpb\">Morro da Provid\u00eancia<\/a> community, between the <a href=\"http:\/\/bit.ly\/nmInNn\">Port Region<\/a> and Central Station, holds an important place in the history of Rio de Janeiro. The city\u2019s oldest favela, it was settled in 1897 by soldiers returning from the War of Canudos. \u00a0<\/strong><\/p>\n<figure style=\"width: 304px\" class=\"wp-caption alignright\"><img fetchpriority=\"high\" decoding=\"async\" src=\"http:\/\/wscdn.bbc.co.uk\/worldservice\/assets\/images\/2012\/10\/03\/121003151514_providencia_teleferico_304x171_lelianepeixoto_nocredit.jpg\" alt=\"\" width=\"304\" height=\"171\" \/><figcaption class=\"wp-caption-text\">Construction of the cable car at Morro da Provid\u00eancia\u00a0 (photos: Leliane Peixoto)<\/figcaption><\/figure>\n<p>The community, which will celebrate its 115<sup>th<\/sup> anniversary on November 15th, is going through one of the saddest periods in its history as the city evicts many residents from their homes. The sadness affects even those who will not suffer eviction.<\/p>\n<p>The favela is located in an area slated for three upgrading projects connected with the city\u2019s preparations for the World Cup in 2014 and the Olympics in 2016: &#8220;<a href=\"http:\/\/bit.ly\/tsYshW\">Marvelous Port<\/a>,&#8221; the \u201cOlympic Port,\u201d and the \u201c<a href=\"http:\/\/bit.ly\/vS4RaV\">Morar Carioca<\/a>\u201d upgrading project.<\/p>\n<p>Morar Carioca affects the community most directly because it includes, among other things, an cable car that will connect one part of the hill \u2013 the Ladeira do Barroso \u2013 with the Central Station, and also with Samba City, where many samba schools\u2019 floats and costumes are created and stored.<\/p>\n<p>The Ladeira do Barroso is at the halfway point on the hill, which has raised questions from residents who feel that the tramway would be more useful if it ran to Cruzeiro, Provid\u00eancia\u2019s highest point. The city government alleges the decision was made by engineers working on the project, and was based on technical criteria.<\/p>\n<p>According to city officials, the investment of nearly R$131 million includes infrastructure, social facilities, and accessibility, and is meant to improve residents\u2019 quality of life.<\/p>\n<p>Click <a href=\"http:\/\/bit.ly\/POXV72\" target=\"_blank\">here<\/a> for the city&#8217;s summary of its project for the Morro da Provid\u00eancia (in Portuguese).<\/p>\n<p><strong>Affective Memory<\/strong><\/p>\n<p>One of the oldest public spaces in the community, the recently demolished Am\u00e9rico Brum Square was the only recreation area in the favela and was part of the affective memory of generations of residents. Today, the square is a giant work site, with construction equipment running every day, including Saturdays, Sundays and holidays.<\/p>\n<figure style=\"width: 304px\" class=\"wp-caption alignright\"><img decoding=\"async\" class=\" \" src=\"http:\/\/wscdn.bbc.co.uk\/worldservice\/assets\/images\/2012\/10\/03\/121003154330_providencia__304x304_lelianepeixoto_nocredit.jpg\" alt=\"Pr\u00e9dio \u00e9 o \u00fanico que permanece na regi\u00e3o em telef\u00e9rico ser\u00e1 constru\u00eddo (Leliane Peixoto)\" width=\"304\" height=\"304\" \/><figcaption class=\"wp-caption-text\">The only remaining building in the area where the tramway will be built<\/figcaption><\/figure>\n<p>Retiree M\u00e1rcia Regina de Deus, 53, resident of Provid\u00eancia for 52 years, is one of the people resisting removal. The apartment building she has lived in for 20 years \u2013 built in 1938 \u2013 is the only one left in the area where the tramway will be built. Of the 9 families that used to live in the building at 235 Ladeira do Barroso, only 4 remain.<\/p>\n<p>\u201cThey want to tear down my building to put up another one, but they won\u2019t let me live in the new one,\u201d said M\u00e1rcia, who has become a symbol of residents\u2019 resistance. She said that the apartments to be built where her home now stands will not be used to house displaced residents.<\/p>\n<p>\u201cAll of the community\u2019s parties were at Am\u00e9rico Brum Square. We celebrated November 15th, Saint John\u2019s Day, Children\u2019s Day, Saint George\u2019s Day. Now all that\u2019s finished. Streets were closed without consulting residents. They don\u2019t care if there are handicapped people in the community. They came in here and they don\u2019t care about anything,\u201d she fumed.<\/p>\n<p><strong>\u201cPeacefully or by force\u201d<\/strong><\/p>\n<p>Residents are resisting the city\u2019s plans in part because they have been left in the dark about their fate after the removal of their homes. Some assert that no one from the city has spoken to them about the project, which is supposed to benefit residents. They claim they were not informed of the purpose of the project, nor told when the work would begin, according to Sidney Ferreira, 38, resident of Provid\u00eancia and member of the Commission in Defense of Housing. Click <a href=\"http:\/\/forumcomunitariodoporto.wordpress.com\/\" target=\"_blank\">here<\/a> to read the group&#8217;s manifesto, in Portuguese.<\/p>\n<p>\u201cThey said, \u2018You can leave peacefully, or by force. The tractors are coming either way.&#8217; One resident went to live with family in Nova Igua\u00e7u. No one can afford to pay rent downtown in this real estate market, when the city\u2019s rent subsidy is only R$400 per month. This is social and ethnic cleansing,\u201d added Sidney.<\/p>\n<p>After much pressure to leave her home, cook Maria das Vit\u00f3rias Ribeiro Silva, 37, finally gave in.<\/p>\n<p>\u201cThe representative from City Hall came to my house in person a few times, on top of several formal orders to appear at the administrative center,\u201d said the cook.<\/p>\n<p><strong>Owner?<\/strong><\/p>\n<p>Maria das Vit\u00f3rias opted for assisted purchase, whereby the city buys a property chosen by the displaced party within a given price range, and oversees the transaction from start to finish.<\/p>\n<figure style=\"width: 304px\" class=\"wp-caption alignright\"><img loading=\"lazy\" decoding=\"async\" src=\"http:\/\/wscdn.bbc.co.uk\/worldservice\/assets\/images\/2012\/10\/03\/121003160627_leliane_peixoto_304x171_lelianepeixoto_nocredit.jpg\" alt=\"\" width=\"304\" height=\"171\" \/><figcaption class=\"wp-caption-text\">Maria das Vitorias shows documents that she thought made her the legal owner of the property<\/figcaption><\/figure>\n<p>In Maria\u2019s case, the problem is that the money was not paid to the actual owner. The woman who supposedly owned the apartment on Rua do Monte \u2013 Jacilete dos Santos Fagundes \u2013 participated in the entire process and took the city\u2019s check of R$41,600 for the purchase of the property.<\/p>\n<p>After the purchase, Maria learned the truth from neighbors: in fact, Jacilete had been a squatter, who had broken into the house and lived there for years. At City Hall, the apartment\u2019s property taxes are listed under the name of Adriano Afonso de Souza.<\/p>\n<p>The irregularity was only discovered after Maria das Vit\u00f3rias hired a lawyer. Asked about the situation, a city spokesperson said that she should come to the administrative center, which Maria says she has already done several times.<\/p>\n<p>\u201cI trusted the city. I went through all the paperwork with the woman who claimed to be the owner. They paid her 41 thousand reais for the property and afterward I found out that the owner was someone else,\u201d said the cook, who is afraid of being evicted from the home she thought was hers.<\/p>\n<p><strong>The city\u2019s arguments<\/strong><\/p>\n<p>Most of the families who have lost their homes (so far) were on Ladeira do Farias. Close to 50 families are receiving the rent subsidy \u2013 a provisional benefit of R$400 allocated by the city to residents whose homes have been demolished, which they receive until their new housing is built.<\/p>\n<p>The rental homes\u2019 contracts are expiring and rents will increase. \u201cWe are desperate. Rent has gone up and the houses the city promised are not ready,\u201d vented one resident, who preferred not to be identified.<\/p>\n<p>According to a secretary from the Municipal Department of Housing, 196 families have been relocated. The secretary explained that the rent subsidy would not expire and that the \u201cplan for new housing in and around the community is for 860 units, of which 170 are currently being built. Of the 170 being built, 122 are nearly finished on Nabuco de Freitas Street, and should be ready for residents to move in at the beginning of 2013.\u201d<\/p>\n<p>&nbsp;<\/p>\n<p>* Silvana Bahia, 27, is a journalist and resident of the Morro da Provid\u00eancia. She works with the organization <a href=\"http:\/\/bit.ly\/QnZV40\" target=\"_blank\">Observat\u00f3rio de Favelas<\/a>\u00a0(Favela Observatory).<\/p>\n","protected":false},"excerpt":{"rendered":"<div class=\"mh-excerpt\"><p>Clique aqui para Portugu\u00eas Click here for original article, in Portuguese, by Silvana Bahia* for BBC Brasil. The Morro da Provid\u00eancia community, between the Port Region and Central Station, holds an important place in the <a class=\"mh-excerpt-more\" href=\"https:\/\/rioonwatch.org\/?p=5555\" title=\"Residents in Rio Favela Lose Homes to Cable Car\">[&#8230;]<\/a><\/p>\n<\/div>","protected":false},"author":22,"featured_media":5834,"comment_status":"closed","ping_status":"closed","sticky":false,"template":"","format":"standard","meta":{"_monsterinsights_skip_tracking":false,"_monsterinsights_sitenote_active":false,"_monsterinsights_sitenote_note":"","_monsterinsights_sitenote_category":0,"footnotes":""},"categories":[1293,1736,336],"tags":[150,1261,11,147,148,146,144,365],"writer":[648],"translator":[508],"illustrator":[],"photographer":[],"class_list":{"0":"post-5555","1":"post","2":"type-post","3":"status-publish","4":"format-standard","5":"has-post-thumbnail","7":"category-evictionswatch","8":"category-1736","9":"category-violations","10":"tag-cable-car","11":"tag-central-rio","12":"tag-forced-evictions","13":"tag-morar-carioca","14":"tag-port-region","15":"tag-porto-maravilha","16":"tag-morro-da-providencia","17":"tag-zero-participation","18":"writer-silvana-bahia","19":"translator-rachel-fox"},"_links":{"self":[{"href":"https:\/\/rioonwatch.org\/index.php?rest_route=\/wp\/v2\/posts\/5555","targetHints":{"allow":["GET"]}}],"collection":[{"href":"https:\/\/rioonwatch.org\/index.php?rest_route=\/wp\/v2\/posts"}],"about":[{"href":"https:\/\/rioonwatch.org\/index.php?rest_route=\/wp\/v2\/types\/post"}],"author":[{"embeddable":true,"href":"https:\/\/rioonwatch.org\/index.php?rest_route=\/wp\/v2\/users\/22"}],"replies":[{"embeddable":true,"href":"https:\/\/rioonwatch.org\/index.php?rest_route=%2Fwp%2Fv2%2Fcomments&post=5555"}],"version-history":[{"count":0,"href":"https:\/\/rioonwatch.org\/index.php?rest_route=\/wp\/v2\/posts\/5555\/revisions"}],"wp:featuredmedia":[{"embeddable":true,"href":"https:\/\/rioonwatch.org\/index.php?rest_route=\/wp\/v2\/media\/5834"}],"wp:attachment":[{"href":"https:\/\/rioonwatch.org\/index.php?rest_route=%2Fwp%2Fv2%2Fmedia&parent=5555"}],"wp:term":[{"taxonomy":"category","embeddable":true,"href":"https:\/\/rioonwatch.org\/index.php?rest_route=%2Fwp%2Fv2%2Fcategories&post=5555"},{"taxonomy":"post_tag","embeddable":true,"href":"https:\/\/rioonwatch.org\/index.php?rest_route=%2Fwp%2Fv2%2Ftags&post=5555"},{"taxonomy":"writer","embeddable":true,"href":"https:\/\/rioonwatch.org\/index.php?rest_route=%2Fwp%2Fv2%2Fwriter&post=5555"},{"taxonomy":"translator","embeddable":true,"href":"https:\/\/rioonwatch.org\/index.php?rest_route=%2Fwp%2Fv2%2Ftranslator&post=5555"},{"taxonomy":"illustrator","embeddable":true,"href":"https:\/\/rioonwatch.org\/index.php?rest_route=%2Fwp%2Fv2%2Fillustrator&post=5555"},{"taxonomy":"photographer","embeddable":true,"href":"https:\/\/rioonwatch.org\/index.php?rest_route=%2Fwp%2Fv2%2Fphotographer&post=5555"}],"curies":[{"name":"wp","href":"https:\/\/api.w.org\/{rel}","templated":true}]}}