{"id":57901,"date":"2020-03-02T11:22:46","date_gmt":"2020-03-02T14:22:46","guid":{"rendered":"https:\/\/www.rioonwatch.org\/?p=57901"},"modified":"2020-03-04T10:10:44","modified_gmt":"2020-03-04T13:10:44","slug":"rocinha-college-entrance-exam-prep-course-so-cria-sends-first-student-to-university-indigenous-woman-kore-canela-accepted-to-ufrrj","status":"publish","type":"post","link":"https:\/\/rioonwatch.org\/?p=57901","title":{"rendered":"Rocinha College Entrance Exam Prep Course, \u2018S\u00f3 Cria,\u2019 Sends First Student to University"},"content":{"rendered":"<p style=\"text-align: right;\"><strong><a href=\"http:\/\/bit.ly\/39kj8km\" target=\"_blank\" rel=\"noopener noreferrer\"><em>Clique aqui para Portugu\u00eas<img decoding=\"async\" width=\"20\" height=\"20\" class=\"alignright size-full wp-image-23766\" src=\"https:\/\/www.rioonwatch.org\/wp-content\/uploads\/2012\/08\/PT-e1439583827971.png\" \/><\/em><\/a><\/strong><\/p>\n<p>Launched in May 2019, <a href=\"http:\/\/bit.ly\/384hJyj\" target=\"_blank\" rel=\"noopener noreferrer\">S\u00f3 Cria<\/a> (Born and Raised), a community-based college entrance exam course in the <a href=\"http:\/\/bit.ly\/317A4Hx\" target=\"_blank\" rel=\"noopener noreferrer\">Rocinha<\/a>\u00a0favela in Rio de Janeiro&#8217;s <a href=\"http:\/\/bit.ly\/318kJ9H\" target=\"_blank\" rel=\"noopener noreferrer\">South Zone<\/a>, is free of charge and serves the residents of favelas Rocinha, <a href=\"http:\/\/bit.ly\/31aSmaY\" target=\"_blank\" rel=\"noopener noreferrer\">Vidigal<\/a> and others in the surrounding area. Classes are held at the school CIEP Ayrton Senna Educational Center and are taught by volunteer teachers covering entrance exams&#8217; core topics.<\/p>\n<p><a href=\"https:\/\/www.rioonwatch.org\/wp-content\/uploads\/2020\/02\/class.jpg\"><img fetchpriority=\"high\" decoding=\"async\" class=\"aligncenter wp-image-57904 size-content\" title=\"A question review class is taught on tablets, the fruit of a partnership between the prep course and the Gera\u00e7\u00e3o Digital publishing house. Photo: S\u00f3 Cria Facebook\" src=\"https:\/\/www.rioonwatch.org\/wp-content\/uploads\/2020\/02\/class-620x264.jpg\" alt=\"\" width=\"620\" height=\"264\" srcset=\"https:\/\/rioonwatch.org\/wp-content\/uploads\/2020\/02\/class-620x264.jpg 620w, https:\/\/rioonwatch.org\/wp-content\/uploads\/2020\/02\/class-940x400.jpg 940w\" sizes=\"(max-width: 620px) 100vw, 620px\" \/><\/a><\/p>\n<p>The project emerged as a response to the concerns of a group of young people about how favela residents were included in academic spaces as well as about the possibility of developing class consciousness among them. Since then, they\u2019ve met with members of <a href=\"http:\/\/bit.ly\/37ZREjL\" target=\"_blank\" rel=\"noopener noreferrer\">Movimenta Rocinha<\/a>, of the <a href=\"http:\/\/bit.ly\/2ONCeHZ\" target=\"_blank\" rel=\"noopener noreferrer\">Popular Brigades<\/a>, with the directors of CIEP Ayrton Senna, and with the school guild to discuss the importance of representation and the type of tools necessary for future education. Thus was born S\u00f3 Cria.<\/p>\n<p><a href=\"https:\/\/www.rioonwatch.org\/wp-content\/uploads\/2020\/02\/turma.jpg\"><img decoding=\"async\" class=\"aligncenter wp-image-57905 size-content\" title=\"A meeting with the members of Movimenta Rocinha, the Popular Brigades, the directors of the CIEP Ayrton Senna (Timb\u00f3 e Alfredo), and the school guild. Photo: S\u00f3 Cria Facebook\" src=\"https:\/\/www.rioonwatch.org\/wp-content\/uploads\/2020\/02\/turma-620x264.jpg\" alt=\"\" width=\"620\" height=\"264\" srcset=\"https:\/\/rioonwatch.org\/wp-content\/uploads\/2020\/02\/turma-620x264.jpg 620w, https:\/\/rioonwatch.org\/wp-content\/uploads\/2020\/02\/turma-940x400.jpg 940w\" sizes=\"(max-width: 620px) 100vw, 620px\" \/><\/a><\/p>\n<p>At its opening ceremony, the group held a discussion on education, culture, and the favela with the presence of Seimour Souza from the <a href=\"http:\/\/bit.ly\/2SmJbAB\" target=\"_blank\" rel=\"noopener noreferrer\">N.I.C.A.<\/a> (Independent Community Learning Group) in <a href=\"http:\/\/bit.ly\/2Mv09Nq\" target=\"_blank\" rel=\"noopener noreferrer\">Jacarezinho<\/a>, Ant\u00f4nio Firmino of the <a href=\"http:\/\/bit.ly\/2bYi3Tr\" target=\"_blank\" rel=\"noopener noreferrer\">Sankofa Museum in Rochinha<\/a>, and educator Mariana Reis. There were also poetry presentations from the <a href=\"http:\/\/bit.ly\/2COk4yX\" target=\"_blank\" rel=\"noopener noreferrer\">Slam das Minas<\/a> group and a <a href=\"http:\/\/bit.ly\/2uesHlV\" target=\"_blank\" rel=\"noopener noreferrer\">wheatpaste poster<\/a> workshop, allowing the students to resignify their school walls with important images from Brazilian history.<\/p>\n<p><a href=\"https:\/\/www.rioonwatch.org\/wp-content\/uploads\/2020\/02\/group-pic-4.jpg\"><img loading=\"lazy\" decoding=\"async\" class=\"aligncenter wp-image-57906 size-content\" title=\"S\u00f3 Cria opening ceremony, May 2019. Photo: S\u00f3 Cria Facebook\" src=\"https:\/\/www.rioonwatch.org\/wp-content\/uploads\/2020\/02\/group-pic-4-620x264.jpg\" alt=\"\" width=\"620\" height=\"264\" srcset=\"https:\/\/rioonwatch.org\/wp-content\/uploads\/2020\/02\/group-pic-4-620x264.jpg 620w, https:\/\/rioonwatch.org\/wp-content\/uploads\/2020\/02\/group-pic-4-940x400.jpg 940w\" sizes=\"(max-width: 620px) 100vw, 620px\" \/><\/a><\/p>\n<p>At the end of 2019, S\u00f3 Cria received the <a href=\"http:\/\/bit.ly\/37DyGhW\" target=\"_blank\" rel=\"noopener noreferrer\">Carolina Maria de Jesus<\/a> tribute at Rio State&#8217;s Legislative Assembly (<a href=\"http:\/\/bit.ly\/2OzRxDI\" target=\"_blank\" rel=\"noopener noreferrer\">ALERJ<\/a>) on <a href=\"http:\/\/bit.ly\/2v8WUTK\" target=\"_blank\" rel=\"noopener noreferrer\">International Human Rights Day<\/a>. The tribute was an initiative of State Deputy <a href=\"http:\/\/bit.ly\/2QJKTed\" target=\"_blank\" rel=\"noopener noreferrer\">Renata Souza<\/a> to recognize the work of initiatives that are committed to the defense of human rights.<\/p>\n<p><a href=\"https:\/\/www.rioonwatch.org\/wp-content\/uploads\/2020\/02\/court.jpg\"><img loading=\"lazy\" decoding=\"async\" class=\"aligncenter wp-image-57908 size-content\" title=\"Receiving the Carolina Maria de Jesus award at the ALERJ. Photo: S\u00f3 Cria Facebook\" src=\"https:\/\/www.rioonwatch.org\/wp-content\/uploads\/2020\/02\/court-620x264.jpg\" alt=\"\" width=\"620\" height=\"264\" srcset=\"https:\/\/rioonwatch.org\/wp-content\/uploads\/2020\/02\/court-620x264.jpg 620w, https:\/\/rioonwatch.org\/wp-content\/uploads\/2020\/02\/court-940x400.jpg 940w\" sizes=\"(max-width: 620px) 100vw, 620px\" \/><\/a><\/p>\n<p>In 2019, the college entrance exam had its first student accepted into university: Kor\u00ea Canela. Of indigenous origin, Canela, who is also known by her Portuguese name No\u00eamia, is pursuing her undergraduate degree in Rural Education at the <a href=\"http:\/\/bit.ly\/2G9KCND\" target=\"_blank\" rel=\"noopener noreferrer\">Federal Rural University of Rio de Janeiro<\/a> (UFRRJ). Originally from the state of Acre but today resident of the <a href=\"http:\/\/bit.ly\/38L9mbb\" target=\"_blank\" rel=\"noopener noreferrer\">Tabajaras<\/a> favela in Copacabana, Canela moved to Rio two years ago because of a relationship and began working on Copacabana beach in order to stay in the city.<\/p>\n<p>29-year old Canela is the first in her family to enter college. For her, being in a university setting is a dream come true. &#8220;It was through a friend who lives in Rocinha that I got to know about the college entrance exam. Ever since I\u2019ve met the teachers I felt like I identified with the classes. My friend also helped and encouraged me to continue studying and I believe that this helped me dedicate myself to and eventually enter college. It was in the middle of last year that I decided to take the UFRRJ exam. The moment I saw my course of interest in the curriculum, I liked it and really wanted to go there,&#8221; she says.<\/p>\n<p><a href=\"https:\/\/www.rioonwatch.org\/wp-content\/uploads\/2020\/02\/kore2.jpeg\"><img loading=\"lazy\" decoding=\"async\" class=\"aligncenter wp-image-57909 size-content\" title=\"29-year-old Kor\u00ea is S\u00f3 Cria's first university-accepted student. Photo: S\u00f3 Cria Facebook\" src=\"https:\/\/www.rioonwatch.org\/wp-content\/uploads\/2020\/02\/kore2-620x264.jpeg\" alt=\"\" width=\"620\" height=\"264\" srcset=\"https:\/\/rioonwatch.org\/wp-content\/uploads\/2020\/02\/kore2-620x264.jpeg 620w, https:\/\/rioonwatch.org\/wp-content\/uploads\/2020\/02\/kore2-940x400.jpeg 940w\" sizes=\"(max-width: 620px) 100vw, 620px\" \/><\/a><\/p>\n<p>The option of a Rural Education course, focused on training teachers to teach in rural and quilombola schools, to Canela is an opportunity to learn more about her own roots and power, in the future, to be a teacher herself providing education to indigenous people. Her people, the Canela, have found themselves <a href=\"http:\/\/bit.ly\/2P7XFDp\" target=\"_blank\" rel=\"noopener noreferrer\">dispersed after successive massacres<\/a>, but she dreams of rescuing her culture.<\/p>\n<p>Today Canela lives in the municipality of <a href=\"http:\/\/bit.ly\/38J9HLm\" target=\"_blank\" rel=\"noopener noreferrer\">Serop\u00e9dica<\/a>, in <a href=\"http:\/\/bit.ly\/2IqnU52\" target=\"_blank\" rel=\"noopener noreferrer\">Greater Rio&#8217;s Metropolitan Region<\/a>, near the university. Canela, despite having a few years of study ahead of her, already thinks about her future after graduation. &#8220;At the moment, I am receiving support from my father and grandmother, who live in Acre and are very happy with my accomplishments. When I graduate, I want to return to my state and share everything that I have learned during this period with my people, as a way of expressing my gratitude as well. This interaction and exchange of knowledge is very important.&#8221;<\/p>\n<p>Lucas Almeida, a 26-year old engineer and resident of Rocinha, is one of the creators of the college entrance exam prep course. For him, the initiative is of extreme importance for the community. &#8220;It&#8217;s an enormous pleasure to teach in a favela college prep course. Our first student accepted is an indigenous woman with the dream of returning to her roots and becoming a teacher. The satisfaction of having a student like Kor\u00ea, who is very committed and willing to learn, is indescribable,&#8221; says Almeida.<\/p>\n<p><a href=\"https:\/\/www.rioonwatch.org\/wp-content\/uploads\/2020\/02\/so-cria.png\"><img loading=\"lazy\" decoding=\"async\" class=\"aligncenter wp-image-57910 size-content\" title=\"Photo: S\u00f3 Cria Facebook\" src=\"https:\/\/www.rioonwatch.org\/wp-content\/uploads\/2020\/02\/so-cria-620x264.png\" alt=\"\" width=\"620\" height=\"264\" \/><\/a><\/p>\n<p>He also talks about the project being a starting point for residents to <a href=\"http:\/\/bit.ly\/303uXH1\" target=\"_blank\" rel=\"noopener noreferrer\">continue their studies<\/a> through an advanced degree. &#8220;We are talking about a community of more than 120,000 people [Rocinha]. How many different talents do we have here? Countless, definitely. For them, the S\u00f3 Cria project becomes another opportunity to achieve a better and dignified life. We understand that real change should be focused on primary and secondary education, but we remain strong, and continue to build hope with the students and a path to follow their dreams. The entrance exam is not easy, but the possibility to have more people in university thinking collectively about ways to improve life within the favelas and peripheries, is extraordinary.&#8221;<\/p>\n<p><a href=\"https:\/\/www.rioonwatch.org\/wp-content\/uploads\/2020\/02\/class3.jpg\"><img loading=\"lazy\" decoding=\"async\" class=\"aligncenter wp-image-57911 size-content\" title=\"Lucas and the S\u00f3 Cria team pass through the classrooms at CIEP Ayrton Senna to spread the word about the prep course. Photo: S\u00f3 Cria Facebook\" src=\"https:\/\/www.rioonwatch.org\/wp-content\/uploads\/2020\/02\/class3-620x264.jpg\" alt=\"\" width=\"620\" height=\"264\" srcset=\"https:\/\/rioonwatch.org\/wp-content\/uploads\/2020\/02\/class3-620x264.jpg 620w, https:\/\/rioonwatch.org\/wp-content\/uploads\/2020\/02\/class3-300x128.jpg 300w, https:\/\/rioonwatch.org\/wp-content\/uploads\/2020\/02\/class3-768x327.jpg 768w, https:\/\/rioonwatch.org\/wp-content\/uploads\/2020\/02\/class3.jpg 940w\" sizes=\"(max-width: 620px) 100vw, 620px\" \/><\/a><\/p>\n<p>Amanda Trojahn, a 22-year old sociology teacher and one of Canela&#8217;s main supporters, feels grateful to have created this bridge for new university students. &#8220;She signed up as soon as we started the course. It\u2019s a significant achievement, mainly because she is of indigenous origin, and was living in a favela here in Rio. The course that she chose also symbolizes resistance. I was a student at Rural as well and this feeling of having helped is wonderful. Now, we at S\u00f3 Cria are even more motivated to continue with the project and to help other people to study in and occupy these universities,&#8221; she says.<\/p>\n<p>For 2020, registration for both students and volunteer teachers has already ended. Those who have signed up for classes <a href=\"http:\/\/bit.ly\/31y7SxW\" target=\"_blank\" rel=\"noopener noreferrer\">should pay attention to their emails<\/a>, where they&#8217;ll receive calls for interviews.<\/p>\n<hr \/>\n<div class=\"entry clearfix\">\n<div class=\"entry clearfix\">\n<div class=\"entry clearfix\">\n<div class=\"entry clearfix\">\n<div class=\"entry clearfix\">\n<h4>Support\u00a0<em>RioOnWatch<\/em>\u2019s tireless, critical and cutting-edge hyperlocal journalism. #FundFavelaReporting:\u00a0<a href=\"http:\/\/bit.ly\/DonateToRioOnWatch\" target=\"_blank\" rel=\"noopener noreferrer\">bit.ly\/DonateToRioOnWatch<\/a><\/h4>\n<\/div>\n<\/div>\n<\/div>\n<\/div>\n<\/div>\n","protected":false},"excerpt":{"rendered":"<div class=\"mh-excerpt\"><p>Clique aqui para Portugu\u00eas Launched in May 2019, S\u00f3 Cria (Born and Raised), a community-based college entrance exam course in the Rocinha\u00a0favela in Rio de Janeiro&#8217;s South Zone, is free of charge and serves the <a class=\"mh-excerpt-more\" href=\"https:\/\/rioonwatch.org\/?p=57901\" title=\"Rocinha College Entrance Exam Prep Course, \u2018S\u00f3 Cria,\u2019 Sends First Student to University\">[&#8230;]<\/a><\/p>\n<\/div>","protected":false},"author":197,"featured_media":57903,"comment_status":"closed","ping_status":"closed","sticky":false,"template":"","format":"standard","meta":{"_monsterinsights_skip_tracking":false,"_monsterinsights_sitenote_active":false,"_monsterinsights_sitenote_note":"","_monsterinsights_sitenote_category":0,"footnotes":""},"categories":[1288,1328,1290,1271,329],"tags":[399,2069,1114,397,1197,25,715,499,996,1348,2890,450,2733,270,12,1631,156,784,2809,363],"writer":[2949],"translator":[2770],"illustrator":[],"photographer":[],"class_list":{"0":"post-57901","1":"post","2":"type-post","3":"status-publish","4":"format-standard","5":"has-post-thumbnail","7":"category-highlight","8":"category-by-community-contributors","9":"category-civilsociety","10":"category-favelaqualities","11":"category-solutions","12":"tag-access-to-higher-education","13":"tag-alerj","14":"tag-ciep","15":"tag-education","16":"tag-greater-rio","17":"tag-human-rights","18":"tag-indigenous","19":"tag-jacarezinho","20":"tag-metropolitan-region","21":"tag-museu-da-rocinha-sankofa","22":"tag-popular-college-prep-course","23":"tag-quilombo","24":"tag-renata-souza","25":"tag-resistance","26":"tag-rocinha","27":"tag-seropedica","28":"tag-south-zone","29":"tag-tabajaras","30":"tag-ufrrj","31":"tag-vidigal","32":"writer-fernanda-gomes","33":"translator-sharon-gogar"},"_links":{"self":[{"href":"https:\/\/rioonwatch.org\/index.php?rest_route=\/wp\/v2\/posts\/57901","targetHints":{"allow":["GET"]}}],"collection":[{"href":"https:\/\/rioonwatch.org\/index.php?rest_route=\/wp\/v2\/posts"}],"about":[{"href":"https:\/\/rioonwatch.org\/index.php?rest_route=\/wp\/v2\/types\/post"}],"author":[{"embeddable":true,"href":"https:\/\/rioonwatch.org\/index.php?rest_route=\/wp\/v2\/users\/197"}],"replies":[{"embeddable":true,"href":"https:\/\/rioonwatch.org\/index.php?rest_route=%2Fwp%2Fv2%2Fcomments&post=57901"}],"version-history":[{"count":0,"href":"https:\/\/rioonwatch.org\/index.php?rest_route=\/wp\/v2\/posts\/57901\/revisions"}],"wp:featuredmedia":[{"embeddable":true,"href":"https:\/\/rioonwatch.org\/index.php?rest_route=\/wp\/v2\/media\/57903"}],"wp:attachment":[{"href":"https:\/\/rioonwatch.org\/index.php?rest_route=%2Fwp%2Fv2%2Fmedia&parent=57901"}],"wp:term":[{"taxonomy":"category","embeddable":true,"href":"https:\/\/rioonwatch.org\/index.php?rest_route=%2Fwp%2Fv2%2Fcategories&post=57901"},{"taxonomy":"post_tag","embeddable":true,"href":"https:\/\/rioonwatch.org\/index.php?rest_route=%2Fwp%2Fv2%2Ftags&post=57901"},{"taxonomy":"writer","embeddable":true,"href":"https:\/\/rioonwatch.org\/index.php?rest_route=%2Fwp%2Fv2%2Fwriter&post=57901"},{"taxonomy":"translator","embeddable":true,"href":"https:\/\/rioonwatch.org\/index.php?rest_route=%2Fwp%2Fv2%2Ftranslator&post=57901"},{"taxonomy":"illustrator","embeddable":true,"href":"https:\/\/rioonwatch.org\/index.php?rest_route=%2Fwp%2Fv2%2Fillustrator&post=57901"},{"taxonomy":"photographer","embeddable":true,"href":"https:\/\/rioonwatch.org\/index.php?rest_route=%2Fwp%2Fv2%2Fphotographer&post=57901"}],"curies":[{"name":"wp","href":"https:\/\/api.w.org\/{rel}","templated":true}]}}