{"id":60,"date":"2010-05-30T18:42:29","date_gmt":"2010-05-30T21:42:29","guid":{"rendered":"http:\/\/rioonwatch.org\/?p=60"},"modified":"2019-07-04T15:57:17","modified_gmt":"2019-07-04T18:57:17","slug":"in-a-meeting-with-the-mayor-of-rio-vila-autodromo-reaffirms-desire-to-stay","status":"publish","type":"post","link":"https:\/\/rioonwatch.org\/?p=60","title":{"rendered":"Vila Aut\u00f3dromo Reaffirms Desire to Stay"},"content":{"rendered":"<p style=\"text-align: right;\"><a href=\"http:\/\/bit.ly\/1Te1EfH\" target=\"_blank\" rel=\"noopener noreferrer\"><strong><em>Clique aqui para Portugu\u00eas<img decoding=\"async\" width=\"20\" height=\"20\" class=\"alignright size-full wp-image-23766\" src=\"http:\/\/www.rioonwatch.org\/wp-content\/uploads\/2012\/08\/PT-e1439583827971.png\" alt=\"\" \/><\/em><\/strong><\/a><\/p>\n<p><em>For the original article by Sheila Jacob\u00a0in Portuguese published by N\u00facleo Piratininga de Comunica\u00e7\u00e3o\u00a0<\/em><em>click<\/em> <a href=\"http:\/\/bit.ly\/1Te1EfH\" target=\"_blank\" rel=\"noopener noreferrer\"><em>here<\/em><\/a><em>.<\/em><\/p>\n<p align=\"justify\">As we have recently reported, the Vila Aut\u00f3dromo community, located in Barra da Tijuca, a prime area of Rio, has been mobilizing since last year to ensure its permanence despite the City\u2019s plans to remove it in name of the 2016 Olympics. In a meeting with the Mayor on March 3rd, residents refused the proposal presented by City Hall and propose an alternative project that reconciles their staying with the Olympic Games.<\/p>\n<p align=\"justify\">The fact is that the project for the 2016 Olympics includes the removal of the families from Vila Aut\u00f3dromo, where the construction of the Media Center and Olympic Training Center are planned. Since the announcement of the removal, made by the Mayor of Rio, Eduardo Paes (PMDB\/RJ), in press conferences, the residents have stated their desire to stay at assemblies held in the community, organized by the Residents\u2019 Association \u2013 of which over a thousand people have participated.<\/p>\n<p align=\"justify\">To discuss the specific case of the Vila Aut\u00f3dromo, a meeting was held this Wednesday, March 3rd, at 5:00 PM, at City Hall headquarters. In addition to the Mayor himself and the Municipal Housing Secretary, Jorge Bittar (PT\/RJ), leaders and residents of Vila Aut\u00f3dromo, public defenders of the state of Rio, and representatives from the Federation of the Residents\u2019 Associations of the State of Rio (FAFERJ) and the National Movement for the Fight for Housing (MNLM) were present.<\/p>\n<p align=\"justify\">At the start of the meeting, the Mayor guaranteed that no measures would be taken without prior discussion with the residents of the community, and also said that he hopes that the Olympics come to signify social transformation and concrete improvements for the entire city, such as the urbanization of the favelas. In the case of Vila Aut\u00f3dromo, he proposed an indemnification or the resettlement of the families, that is, moving them to locations near to where their homes are currently.<\/p>\n<p align=\"justify\">The President of the Residents\u2019 Association, Altair Guimar\u00e3es, and other residents from the community present refused the Mayor\u2019s proposal, echoing the voices of others who do not want to leave their homes or their life history. \u201cI came here with the hope that the Games would take place where the community is today. I understand what you are offering, but know that this is not what the community wants,\u201d said Altair to the Mayor. Jane Nascimento, also from the association, said she considers the proposal \u201cdisrespectful\u201d, and defended the urbanization of the community, which would significantly improve the image of the city in international eyes.<\/p>\n<h4><span style=\"text-decoration: underline;\">Mayor admits that there was a mistake in the project design<\/span><\/h4>\n<p align=\"justify\">As stressed the lawyer Alexandre Mendes, from the Nucleus of Lands and Housing from the Public Defender\u2019s Office of the State of Rio, one major problem is the fact that the project was prepared without prior consultation with the community\u2019s inhabitants. According to him, this finding allows a revision to be made by the International Olympic Committee (IOC). The Mayor himself apologized and admitted there was a \u201cmistake at the origin,\u201d and said he is open to other proposals.<\/p>\n<p align=\"justify\">In light of this, the Public Defender Maria L\u00facia Pontes requested that the official project approved by the IOC be analyzed and discussed. The idea is to build, together with other partnered entities and movements, a counter-proposal, which \u201cclearly will be prepared so that the community stays,\u201d as the lawyer pointed out. This alternative project will be presented at the next meeting with the Mayor \u2013 with indications of it being held in the beginning of April. She said that the fight of the Public Defender\u2019s Office and the residents is not to allow a repeat of what takes place in other countries when \u201cthe poor are excluded from the city,\u201d so that large-scale events like this can take place.<\/p>\n<p><object width=\"660\" height=\"405\" classid=\"clsid:d27cdb6e-ae6d-11cf-96b8-444553540000\" codebase=\"http:\/\/download.macromedia.com\/pub\/shockwave\/cabs\/flash\/swflash.cab#version=6,0,40,0\"><param name=\"allowFullScreen\" value=\"true\" \/><param name=\"allowscriptaccess\" value=\"always\" \/><param name=\"src\" value=\"http:\/\/www.youtube.com\/v\/5TCoqZNesnM&amp;hl=en_GB&amp;fs=1?rel=0&amp;border=1\" \/><param name=\"allowfullscreen\" value=\"true\" \/><embed width=\"660\" height=\"405\" type=\"application\/x-shockwave-flash\" src=\"http:\/\/www.youtube.com\/v\/5TCoqZNesnM&amp;hl=en_GB&amp;fs=1?rel=0&amp;border=1\" allowfullscreen=\"allowfullscreen\" allowscriptaccess=\"always\" allowfullscreen=\"allowfullscreen\" \/><\/object><\/p>\n<p><em>\u00a0<\/em><\/p>\n","protected":false},"excerpt":{"rendered":"<div class=\"mh-excerpt\"><p>Clique aqui para Portugu\u00eas For the original article by Sheila Jacob\u00a0in Portuguese published by N\u00facleo Piratininga de Comunica\u00e7\u00e3o\u00a0click here. As we have recently reported, the Vila Aut\u00f3dromo community, located in Barra da Tijuca, a prime <a class=\"mh-excerpt-more\" href=\"https:\/\/rioonwatch.org\/?p=60\" title=\"Vila Aut\u00f3dromo Reaffirms Desire to Stay\">[&#8230;]<\/a><\/p>\n<\/div>","protected":false},"author":2,"featured_media":41759,"comment_status":"open","ping_status":"closed","sticky":false,"template":"","format":"standard","meta":{"_monsterinsights_skip_tracking":false,"_monsterinsights_sitenote_active":false,"_monsterinsights_sitenote_note":"","_monsterinsights_sitenote_category":0,"footnotes":""},"categories":[1293,1736,336],"tags":[11,919,5,4,21],"writer":[52],"translator":[338],"illustrator":[],"photographer":[],"class_list":{"0":"post-60","1":"post","2":"type-post","3":"status-publish","4":"format-standard","5":"has-post-thumbnail","7":"category-evictionswatch","8":"category-1736","9":"category-violations","10":"tag-forced-evictions","11":"tag-mnlm","12":"tag-olympics","13":"tag-vila-autodromo","14":"tag-west-zone","15":"writer-sheila-jacob","16":"translator-carolyn-oliveira"},"_links":{"self":[{"href":"https:\/\/rioonwatch.org\/index.php?rest_route=\/wp\/v2\/posts\/60","targetHints":{"allow":["GET"]}}],"collection":[{"href":"https:\/\/rioonwatch.org\/index.php?rest_route=\/wp\/v2\/posts"}],"about":[{"href":"https:\/\/rioonwatch.org\/index.php?rest_route=\/wp\/v2\/types\/post"}],"author":[{"embeddable":true,"href":"https:\/\/rioonwatch.org\/index.php?rest_route=\/wp\/v2\/users\/2"}],"replies":[{"embeddable":true,"href":"https:\/\/rioonwatch.org\/index.php?rest_route=%2Fwp%2Fv2%2Fcomments&post=60"}],"version-history":[{"count":0,"href":"https:\/\/rioonwatch.org\/index.php?rest_route=\/wp\/v2\/posts\/60\/revisions"}],"wp:featuredmedia":[{"embeddable":true,"href":"https:\/\/rioonwatch.org\/index.php?rest_route=\/wp\/v2\/media\/41759"}],"wp:attachment":[{"href":"https:\/\/rioonwatch.org\/index.php?rest_route=%2Fwp%2Fv2%2Fmedia&parent=60"}],"wp:term":[{"taxonomy":"category","embeddable":true,"href":"https:\/\/rioonwatch.org\/index.php?rest_route=%2Fwp%2Fv2%2Fcategories&post=60"},{"taxonomy":"post_tag","embeddable":true,"href":"https:\/\/rioonwatch.org\/index.php?rest_route=%2Fwp%2Fv2%2Ftags&post=60"},{"taxonomy":"writer","embeddable":true,"href":"https:\/\/rioonwatch.org\/index.php?rest_route=%2Fwp%2Fv2%2Fwriter&post=60"},{"taxonomy":"translator","embeddable":true,"href":"https:\/\/rioonwatch.org\/index.php?rest_route=%2Fwp%2Fv2%2Ftranslator&post=60"},{"taxonomy":"illustrator","embeddable":true,"href":"https:\/\/rioonwatch.org\/index.php?rest_route=%2Fwp%2Fv2%2Fillustrator&post=60"},{"taxonomy":"photographer","embeddable":true,"href":"https:\/\/rioonwatch.org\/index.php?rest_route=%2Fwp%2Fv2%2Fphotographer&post=60"}],"curies":[{"name":"wp","href":"https:\/\/api.w.org\/{rel}","templated":true}]}}