{"id":6048,"date":"2012-11-28T14:16:30","date_gmt":"2012-11-28T17:16:30","guid":{"rendered":"http:\/\/rioonwatch.org\/?p=6048"},"modified":"2016-02-19T09:04:51","modified_gmt":"2016-02-19T12:04:51","slug":"zumbi-vive-celebrating-afro-brazilian-consciousness-in-providencia","status":"publish","type":"post","link":"https:\/\/rioonwatch.org\/?p=6048","title":{"rendered":"Zumbi Vive! Celebrating Afro-Brazilian Awareness in Provid\u00eancia"},"content":{"rendered":"<p style=\"text-align: right;\"><a href=\"http:\/\/bit.ly\/SwlY9i\" target=\"_blank\"><strong><em>Clique aqui para Portugu\u00eas<img decoding=\"async\" width=\"20\" height=\"20\" class=\"alignright size-full wp-image-23766\" src=\"http:\/\/www.rioonwatch.org\/wp-content\/uploads\/2012\/08\/PT-e1439583827971.png\" alt=\"\" \/><\/em><\/strong><\/a><\/p>\n<p><a href=\"http:\/\/www.rioonwatch.org\/?attachment_id=6049\" rel=\"attachment wp-att-6049\"><img fetchpriority=\"high\" decoding=\"async\" class=\"alignright size-full wp-image-6049\" title=\"A capoeira roda on the site of the Cais do Valongo slave trading complex\" src=\"http:\/\/www.rioonwatch.org\/wp-content\/uploads\/2012\/11\/capa4-300x300.jpg\" alt=\"A capoeira roda on the site of the Cais do Valongo slave trading complex\" width=\"300\" height=\"300\" \/><\/a>Afro-Brazilian Awareness Week concludes in Rio this coming Friday with ZUMBI VIVE!, an event full of theater, music and festivity in <a href=\"http:\/\/bit.ly\/UiTCSh\">Morro da Provid\u00eancia<\/a>, Brazil&#8217;s first favela which celebrates 115 years this month and heart of the possibly the most significant region in Afro-Brazilian history.<\/p>\n<p>Known as &#8216;Little Africa&#8217;, the <a href=\"http:\/\/bit.ly\/nmInNn\">Port Region<\/a> of Rio de Janeiro which includes Provid\u00eancia, Morro de Concei\u00e7\u00e3o, Morro do Pinto and the neigborhoods Santo Cristo, Gamboa and Sa\u00fade, is considered one of the most historically and culturally rich regions in the city, particular in the history of Brazil&#8217;s people of African descent, which according to <a href=\"http:\/\/bit.ly\/uAJoBq\">last year&#8217;s census<\/a> now comprise more than half the population.<\/p>\n<p>Before the abolition of slavery in 1888, it&#8217;s estimated that between <a href=\"http:\/\/bit.ly\/1G10oWb\" target=\"_blank\">500,000<\/a> and <a href=\"http:\/\/glo.bo\/1acKVUO\" target=\"_blank\">two\u00a0million<\/a> slaves arrived at Rio&#8217;s port and were sold at the recently discovered <a href=\"http:\/\/bit.ly\/X009DO\">Cais do Valongo<\/a> slave trading complex. The Valongo wharf alone received more than the estimated total number of Africans brought to the United States over the entire course of the US slave trade (<a href=\"http:\/\/bit.ly\/15vN9wa\" target=\"_blank\">450,000<\/a>).<strong><em>\u00a0<\/em><\/strong>Following the abolition of slavery in 1888 and with soldiers from the Canudos War who came to Rio on the promise of land, the hill overlooking the port was settled and named Morro da Favela. This, Brazil&#8217;s first favela, was later renamed Morro da Provid\u00eancia, and sits at the center of a region where Afro-Brazilian traditions such as <a href=\"http:\/\/bit.ly\/Peg621\">capoeira<\/a>, <a href=\"http:\/\/bit.ly\/X00UwH\">candombl\u00e9<\/a> and <a href=\"http:\/\/bit.ly\/Oj8fDS\">samba<\/a> flourished despite the great struggles faced by these communities.<\/p>\n<p><a href=\"http:\/\/www.rioonwatch.org\/?attachment_id=6053\" rel=\"attachment wp-att-6053\"><img decoding=\"async\" class=\"alignright size-medium wp-image-6053\" title=\"Rosiete Marinho, 50, Provid\u00eancia resident and president of the Port Zone League of Blocos &amp; Bands\" src=\"http:\/\/www.rioonwatch.org\/wp-content\/uploads\/2012\/11\/rosiete-300x225.jpg\" alt=\"Rosiete Marinho, 50, Provid\u00eancia resident and president of the Port Zone League of Blocos &amp; Bands\" width=\"300\" height=\"225\" srcset=\"https:\/\/rioonwatch.org\/wp-content\/uploads\/2012\/11\/rosiete-300x225.jpg 300w, https:\/\/rioonwatch.org\/wp-content\/uploads\/2012\/11\/rosiete-174x131.jpg 174w, https:\/\/rioonwatch.org\/wp-content\/uploads\/2012\/11\/rosiete-70x53.jpg 70w, https:\/\/rioonwatch.org\/wp-content\/uploads\/2012\/11\/rosiete-326x245.jpg 326w, https:\/\/rioonwatch.org\/wp-content\/uploads\/2012\/11\/rosiete.jpg 640w\" sizes=\"(max-width: 300px) 100vw, 300px\" \/><\/a>Rosiete Marinho, 50, has lived in Provid\u00eancia all her life and is president of the Port Zone League of Blocos and Bands which is organizing Friday&#8217;s event with support from the\u00a0<a href=\"http:\/\/bit.ly\/Y6n0hr\">State Secretariat for Social Assistance and Human Rights<\/a>. She emphasizes the importance of recognizing and commemorating Afro-Brazilian history in the Port region, saying: &#8220;All the neighborhoods have their responsibilities and beliefs. The fundamental cornerstone of Afro-Brazilian awareness is here. It&#8217;s ours. So why not have our history here? Why not remember our history with respect and wisdom? Mainly, by paying homage with the greatest feeling and respect to all the black people that have passed through our land.&#8221;<\/p>\n<p>From 2pm on Friday November 30th, the Quadra da Vila Portu\u00e1ria on Rua Am\u00e9rica in Provid\u00eancia will host a full afternoon and evening of activities and entertainment including traditional samba, crafts, social action services and performances by local artists. One early afternoon highlight will be a theater performance for children telling the story of Afro-Brazilians in the region. &#8220;This means a lot because these children are learning our history, their history,&#8221; says Rosiete. &#8220;There are a lot of children that go to school but don&#8217;t know where they come from, their origins. It&#8217;s your family tree, it&#8217;s the origin of your life, where you&#8217;ve come from.&#8221;<\/p>\n<p><a href=\"http:\/\/www.rioonwatch.org\/?attachment_id=6050\" rel=\"attachment wp-att-6050\"><img loading=\"lazy\" decoding=\"async\" class=\"alignright size-medium wp-image-6050\" title=\"18th Century portrait of Afro-Brazilian woman \" src=\"http:\/\/www.rioonwatch.org\/wp-content\/uploads\/2012\/11\/Alberto_Henschel_-_Negra_com_turbante-193x300.jpg\" alt=\"18th Century portrait of Afro-Brazilian woman\" width=\"193\" height=\"300\" srcset=\"https:\/\/rioonwatch.org\/wp-content\/uploads\/2012\/11\/Alberto_Henschel_-_Negra_com_turbante-193x300.jpg 193w, https:\/\/rioonwatch.org\/wp-content\/uploads\/2012\/11\/Alberto_Henschel_-_Negra_com_turbante.jpg 412w\" sizes=\"(max-width: 193px) 100vw, 193px\" \/><\/a>Rosiete, who has been organizing cultural events in the community for thirty-two years, talks of how Afro-Brazilians climbed the street today known as Ladeira do Livramento to\u00a0settle Provid\u00eancia. The inclined street used to be called Trilha do Livramento, or Freeing Trail because climbing it and establishing their lives was seen as a way to freedom. She expresses a fierce pride of what her community has achieved and the importance of that history, calling for a more official recognition. She fears that tourists visiting Provid\u00eancia can appreciate the stunning 360 degree view of the city, but not the historical significance of the favela. She says: &#8220;I want people who come to see from inside, what&#8217;s happening with us. The tourist comes up and says &#8216;oh what a beautiful view&#8217; but they don&#8217;t see what&#8217;s behind them.&#8221; She makes the suggestion for a community museum, &#8220;to set up a house and collect objects, books, stories and have young people from the community telling this history to visitors. This would be original, to show how we started and where we are. This would be our history.&#8221;<\/p>\n<p>Friday&#8217;s event, which is the last in a series of community-based events celebrating Afro-Brazilian Awareness week, is called Zumbi Vive! (Zumbi Lives) after <a href=\"http:\/\/bit.ly\/St9D5T\">Zumbi dos Palmeres<\/a>, famous 17th century leader of the Palmeres quilombo (runaway slave settlement) who is honored as a national hero and freedom fighter. Afro-Brazilian Awareness Day, a national holiday, is celebrated on November 20th, the anniversary of Zumbi&#8217;s death.<\/p>\n<p>ZUMBI VIVE na Provid\u00eancia!<br \/>\nFriday November 30th, 2PM &#8211; 10PM<br \/>\nQuadra da Vila Portur\u00e1ria<br \/>\nRua Am\u00e9rica, 81<\/p>\n<p><iframe src=\"http:\/\/www.youtube.com\/embed\/it-bdOXxqI4\" width=\"560\" height=\"315\" frameborder=\"0\"><\/iframe><\/p>\n","protected":false},"excerpt":{"rendered":"<div class=\"mh-excerpt\"><p>Clique aqui para Portugu\u00eas Afro-Brazilian Awareness Week concludes in Rio this coming Friday with ZUMBI VIVE!, an event full of theater, music and festivity in Morro da Provid\u00eancia, Brazil&#8217;s first favela which celebrates 115 years <a class=\"mh-excerpt-more\" href=\"https:\/\/rioonwatch.org\/?p=6048\" title=\"Zumbi Vive! Celebrating Afro-Brazilian Awareness in Provid\u00eancia\">[&#8230;]<\/a><\/p>\n<\/div>","protected":false},"author":17,"featured_media":6058,"comment_status":"closed","ping_status":"closed","sticky":false,"template":"","format":"standard","meta":{"_monsterinsights_skip_tracking":false,"_monsterinsights_sitenote_active":false,"_monsterinsights_sitenote_note":"","_monsterinsights_sitenote_category":0,"footnotes":""},"categories":[1268,329,328],"tags":[662,1041,1261,258,221,188,1292,148,144,279],"writer":[444],"translator":[],"illustrator":[],"photographer":[],"class_list":{"0":"post-6048","1":"post","2":"type-post","3":"status-publish","4":"format-standard","5":"has-post-thumbnail","7":"category-favelaculture","8":"category-solutions","9":"category-understanding-rio","10":"tag-afro-brazilian-culture","11":"tag-black-awareness-month","12":"tag-central-rio","13":"tag-community-solution","14":"tag-favela-culture","15":"tag-history","16":"tag-organizing","17":"tag-port-region","18":"tag-morro-da-providencia","19":"tag-slavery","20":"writer-felicity-clarke"},"_links":{"self":[{"href":"https:\/\/rioonwatch.org\/index.php?rest_route=\/wp\/v2\/posts\/6048","targetHints":{"allow":["GET"]}}],"collection":[{"href":"https:\/\/rioonwatch.org\/index.php?rest_route=\/wp\/v2\/posts"}],"about":[{"href":"https:\/\/rioonwatch.org\/index.php?rest_route=\/wp\/v2\/types\/post"}],"author":[{"embeddable":true,"href":"https:\/\/rioonwatch.org\/index.php?rest_route=\/wp\/v2\/users\/17"}],"replies":[{"embeddable":true,"href":"https:\/\/rioonwatch.org\/index.php?rest_route=%2Fwp%2Fv2%2Fcomments&post=6048"}],"version-history":[{"count":0,"href":"https:\/\/rioonwatch.org\/index.php?rest_route=\/wp\/v2\/posts\/6048\/revisions"}],"wp:featuredmedia":[{"embeddable":true,"href":"https:\/\/rioonwatch.org\/index.php?rest_route=\/wp\/v2\/media\/6058"}],"wp:attachment":[{"href":"https:\/\/rioonwatch.org\/index.php?rest_route=%2Fwp%2Fv2%2Fmedia&parent=6048"}],"wp:term":[{"taxonomy":"category","embeddable":true,"href":"https:\/\/rioonwatch.org\/index.php?rest_route=%2Fwp%2Fv2%2Fcategories&post=6048"},{"taxonomy":"post_tag","embeddable":true,"href":"https:\/\/rioonwatch.org\/index.php?rest_route=%2Fwp%2Fv2%2Ftags&post=6048"},{"taxonomy":"writer","embeddable":true,"href":"https:\/\/rioonwatch.org\/index.php?rest_route=%2Fwp%2Fv2%2Fwriter&post=6048"},{"taxonomy":"translator","embeddable":true,"href":"https:\/\/rioonwatch.org\/index.php?rest_route=%2Fwp%2Fv2%2Ftranslator&post=6048"},{"taxonomy":"illustrator","embeddable":true,"href":"https:\/\/rioonwatch.org\/index.php?rest_route=%2Fwp%2Fv2%2Fillustrator&post=6048"},{"taxonomy":"photographer","embeddable":true,"href":"https:\/\/rioonwatch.org\/index.php?rest_route=%2Fwp%2Fv2%2Fphotographer&post=6048"}],"curies":[{"name":"wp","href":"https:\/\/api.w.org\/{rel}","templated":true}]}}