{"id":61041,"date":"2020-07-31T10:53:26","date_gmt":"2020-07-31T13:53:26","guid":{"rendered":"https:\/\/www.rioonwatch.org\/?p=61041"},"modified":"2021-02-05T16:34:09","modified_gmt":"2021-02-05T19:34:09","slug":"the-enduring-voices-and-legacy-of-the-mothers-of-acari-acarimassacre30years","status":"publish","type":"post","link":"https:\/\/rioonwatch.org\/?p=61041","title":{"rendered":"The Enduring Voices and Legacy of the Mothers of Acari #AcariMassacre30Years"},"content":{"rendered":"<p style=\"text-align: right;\"><a href=\"https:\/\/bit.ly\/2EAy1VF\" target=\"_blank\" rel=\"noopener noreferrer\"><strong><em>Clique aqui para Portugu\u00eas<\/em><\/strong><\/a><a href=\"https:\/\/bit.ly\/3f0YmIU\"><img decoding=\"async\" width=\"20\" height=\"20\" class=\"alignright wp-image-23766 size-full\" src=\"https:\/\/www.rioonwatch.org\/wp-content\/uploads\/2012\/08\/PT-e1439583827971.png\" \/><\/a><\/p>\n<p><span style=\"font-weight: 400;\">On Monday, July 26, a symbolic protest marking the <\/span><a href=\"https:\/\/bit.ly\/30OGprZ\" target=\"_blank\" rel=\"noopener noreferrer\"><span style=\"font-weight: 400;\">30th Anniversary of the Acari Massacre<\/span><\/a><span style=\"font-weight: 400;\">, organized by the <\/span><a href=\"https:\/\/bit.ly\/2Dx68rd\" target=\"_blank\" rel=\"noopener noreferrer\"><span style=\"font-weight: 400;\">Fala Akari Collective<\/span><\/a><span style=\"font-weight: 400;\">\u2014with authorization from the two living <\/span><a href=\"https:\/\/bit.ly\/2OSJ6TT\" target=\"_blank\" rel=\"noopener noreferrer\"><span style=\"font-weight: 400;\">Mothers of Acari<\/span><\/a><span style=\"font-weight: 400;\"> (M\u00e3es de Acari)\u2014kicked off the <\/span><a href=\"https:\/\/bit.ly\/3hxyAh5\" target=\"_blank\" rel=\"noopener noreferrer\"><span style=\"font-weight: 400;\">5th Annual Edition of Black July<\/span><\/a><span style=\"font-weight: 400;\"> (Julho Negro)<\/span><span style=\"font-weight: 400;\">, uniting <\/span><a href=\"https:\/\/bit.ly\/3hTWELu\" target=\"_blank\" rel=\"noopener noreferrer\"><span style=\"font-weight: 400;\">voices of mourning and struggle from yesterday and today<\/span><\/a><span style=\"font-weight: 400;\">\u00a0against state violence. The march <\/span><a href=\"https:\/\/bit.ly\/3jDmGnD\" target=\"_blank\" rel=\"noopener noreferrer\"><span style=\"font-weight: 400;\">#ChacinaDeAcari30Anos<\/span><\/a><span style=\"font-weight: 400;\"> (#AcariMassacre30Years) took to the streets and alleys of the favela of <\/span><a href=\"http:\/\/bit.ly\/2XW8L4i\" target=\"_blank\" rel=\"noopener noreferrer\"><span style=\"font-weight: 400;\">Acari<\/span><\/a><span style=\"font-weight: 400;\"> in Rio de Janeiro&#8217;s North Zone to mark the three decades since the crime.\u00a0<\/span><\/p>\n<p><span style=\"font-weight: 400;\">In the face of the <\/span><a href=\"https:\/\/bit.ly\/2WuDWCD\" target=\"_blank\" rel=\"noopener noreferrer\"><span style=\"font-weight: 400;\">Covid-19 pandemic<\/span><\/a><span style=\"font-weight: 400;\">, the activists chose not to issue a public call for participation in the protest in order to avoid crowding. This was the only in-person event of this year&#8217;s\u00a0<\/span><a href=\"https:\/\/bit.ly\/3hWxOur\" target=\"_blank\" rel=\"noopener noreferrer\"><span style=\"font-weight: 400;\">Black July<\/span><\/a><span style=\"font-weight: 400;\">, which is occurring through a series of online events. The action in memory of the eleven youth assassinated in the Acari Massacre began on social networks with a Twitter campaign carried out on July 24.<\/span><\/p>\n<p><span style=\"font-weight: 400;\">\u201cIt\u2019s not just any day. It&#8217;s thirty years without a response. Thirty years of impunity for the state. People say that Brazil is a country of impunity, but it depends<\/span><span style=\"font-weight: 400;\">\u2014for whom? The prisons are full of our brothers, fathers, and partners, but the executors and those who ordered this massacre and those of others [in favelas] are never arrested or respond for their crimes,\u201d emphasized<\/span> <a href=\"https:\/\/bit.ly\/2Bs7l8g\" target=\"_blank\" rel=\"noopener noreferrer\"><span style=\"font-weight: 400;\">Buba Aguiar<\/span><\/a><b>,<\/b><span style=\"font-weight: 400;\"> 28, a member of the Fala Akari Collective and resident of the community.<\/span><\/p>\n<h3>Favela of Acari, July 26, 2020<\/h3>\n<p><span style=\"font-weight: 400;\">Sitting on the edge of a sidewalk beside a statue of a child with rifle capsules in hand is <\/span><a href=\"https:\/\/glo.bo\/30VJK8H\" target=\"_blank\" rel=\"noopener noreferrer\"><span style=\"font-weight: 400;\">Jos\u00e9 Lu\u00eds Faria da Silva, 59<\/span><\/a><span style=\"font-weight: 400;\">. He lost his two-year-old son to a stray bullet. A woman with long hair smokes a cigarette: it is <\/span><a href=\"https:\/\/bit.ly\/3345DFp\" target=\"_blank\" rel=\"noopener noreferrer\"><span style=\"font-weight: 400;\">Bruna Silva, 38<\/span><\/a><span style=\"font-weight: 400;\">, another victim of state violence. She holds in her hands a threadbare shirt stained with <\/span><a href=\"http:\/\/bit.ly\/2Kgh97J\" target=\"_blank\" rel=\"noopener noreferrer\"><span style=\"font-weight: 400;\">the blood of her son<\/span><\/a><span style=\"font-weight: 400;\">, Marcos Vin\u00edcius, 14, who was killed after being targeted by an armored police vehicle.<\/span><\/p>\n<p><a href=\"https:\/\/www.rioonwatch.org\/wp-content\/uploads\/2020\/07\/CHACINA-DE-ACARI-30-ANOS-33.jpg\"><img fetchpriority=\"high\" decoding=\"async\" class=\"aligncenter wp-image-61061 size-content\" title=\"Marcos Vin\u00edcius' school uniform, in which he was killed, at 14 years, on his way to school during a police operation in the favela of Mar\u00e9\" src=\"https:\/\/www.rioonwatch.org\/wp-content\/uploads\/2020\/07\/CHACINA-DE-ACARI-30-ANOS-33-620x264.jpg\" alt=\"Marcos Vin\u00edcius' school uniform, in which he was killed, at 14 years, on his way to school during a police operation in the favela of Mar\u00e9\" width=\"620\" height=\"264\" srcset=\"https:\/\/rioonwatch.org\/wp-content\/uploads\/2020\/07\/CHACINA-DE-ACARI-30-ANOS-33-620x264.jpg 620w, https:\/\/rioonwatch.org\/wp-content\/uploads\/2020\/07\/CHACINA-DE-ACARI-30-ANOS-33-940x400.jpg 940w\" sizes=\"(max-width: 620px) 100vw, 620px\" \/><\/a><\/p>\n<p><span style=\"font-weight: 400;\">Bianca Costa, 23, carries a framed photo of a <\/span><a href=\"https:\/\/glo.bo\/30504Vq\" target=\"_blank\" rel=\"noopener noreferrer\"><span style=\"font-weight: 400;\">smiling girl also dressed in a school T-shirt<\/span><\/a><span style=\"font-weight: 400;\">. The mother of the smiling girl, <\/span><a href=\"https:\/\/bit.ly\/39xGgxa\" target=\"_blank\" rel=\"noopener noreferrer\"><span style=\"font-weight: 400;\">Rosilene Costa<\/span><\/a><span style=\"font-weight: 400;\">, 56, protected by her son, carries the same image, stamped on the chest of her blouse. Her daughter Maria Eduarda, 13, was shot dead with a rifle while inside her school building. <\/span><a href=\"https:\/\/bit.ly\/2P3Z3ql\" target=\"_blank\" rel=\"noopener noreferrer\"><span style=\"font-weight: 400;\">Ana Paula de Oliveira<\/span><\/a><span style=\"font-weight: 400;\">, 43, is leaning on the gate of the Ronaldo Gazolla Hospital. She had her motherhood ripped from her when <\/span><a href=\"https:\/\/bit.ly\/2X7mfIN\" target=\"_blank\" rel=\"noopener noreferrer\"><span style=\"font-weight: 400;\">her son<\/span><\/a><span style=\"font-weight: 400;\">, Johnatha de Oliveira Lima, 19, was shot in the back by a military police officer.\u00a0<\/span><\/p>\n<p><span style=\"font-weight: 400;\">In spite of the different\u00a0first and last names (or not), all of them were born separate, but <\/span><a href=\"http:\/\/bit.ly\/2O6BCgT\" target=\"_blank\" rel=\"noopener noreferrer\"><span style=\"font-weight: 400;\">today are part of the same family<\/span><\/a><span style=\"font-weight: 400;\">. They live a continued motherhood through the transformation of the <\/span><a href=\"https:\/\/bit.ly\/2Po9wNL\" target=\"_blank\" rel=\"noopener noreferrer\"><span style=\"font-weight: 400;\">pain of mourning into struggle<\/span><\/a><span style=\"font-weight: 400;\">. They are mothers and fathers, victims of state violence. They lost their children to assassinations or forced disappearances, as occurred to the Mothers of Acari. \u201cWe are only one. One is all. The bullet that killed my child was the same that killed the 11 young people of Acari!\u201d cried Oliveira of the <\/span><a href=\"https:\/\/bit.ly\/3gbgmSi\" target=\"_blank\" rel=\"noopener noreferrer\"><span style=\"font-weight: 400;\">Mothers of Manguinhos<\/span><\/a><span style=\"font-weight: 400;\"> movement.<\/span><\/p>\n<p><span style=\"font-weight: 400;\">In this scenario, today\u2019s voices of the family members of young people assassinated by state agents propose not just to be the living voices of their dead children, but also the living voices of the dead of yesterday, of other <\/span><a href=\"https:\/\/bit.ly\/3f5jrSK\" target=\"_blank\" rel=\"noopener noreferrer\"><span style=\"font-weight: 400;\">mothers who are victims of violence, like the Mothers of Acari<\/span><\/a><span style=\"font-weight: 400;\">. It is a recognition of the pioneering struggle of the Mothers of Acari for justice, memory, and truth in the face of police violence. \u201cWe are not warriors. It was not a choice. Like them, we did not have an option,\u201d said Oliveira.\u00a0<\/span><\/p>\n<p><span style=\"font-weight: 400;\">On July 26, 1990, a group of young people, seven of them minors, were kidnapped by men identified as Military Police. That is where the struggle began of 11 mothers searching for their children, who disappeared without a trace. Only a van that took the group to a rural site in <\/span><a href=\"http:\/\/bit.ly\/30uPzsk\" target=\"_blank\" rel=\"noopener noreferrer\"><span style=\"font-weight: 400;\">Mag\u00e9<\/span><\/a><span style=\"font-weight: 400;\">, in the <\/span><a href=\"http:\/\/bit.ly\/2XQQdyV\" target=\"_blank\" rel=\"noopener noreferrer\"><span style=\"font-weight: 400;\">Baixada Fluminense<\/span><\/a><span style=\"font-weight: 400;\">, was found. T<\/span><span style=\"font-weight: 400;\">he Mothers of Acari<\/span><span style=\"font-weight: 400;\"> movement\u00a0came to be <a href=\"https:\/\/bit.ly\/39LXaZb\" target=\"_blank\" rel=\"noopener noreferrer\">through the pain of mourning<\/a>, the name given in reference to the fact that the majority of victims lived in the favela of Acari, in the <\/span><a href=\"http:\/\/bit.ly\/2IgR5qe\" target=\"_blank\" rel=\"noopener noreferrer\"><span style=\"font-weight: 400;\">North Zone<\/span><\/a><span style=\"font-weight: 400;\">.\u00a0<\/span><\/p>\n<p><span style=\"font-weight: 400;\">It is an experience similar to that of Argentina&#8217;s\u00a0<\/span><a href=\"http:\/\/bit.ly\/2LG3ZSs\" target=\"_blank\" rel=\"noopener noreferrer\"><span style=\"font-weight: 400;\">Mothers of the Plaza de Mayo<\/span><\/a><span style=\"font-weight: 400;\">, who lost their children due to a military dictatorship and still today search for the bodies of their children and even grandchildren. The difference is that in Brazil, the <\/span><a href=\"https:\/\/bit.ly\/2NLDuds\" target=\"_blank\" rel=\"noopener noreferrer\"><span style=\"font-weight: 400;\">military dictatorship<\/span><\/a><span style=\"font-weight: 400;\"> had already ended five years prior, while many of the police practices that had been used had not. Among them, the practice of police acting vigilante-style through extermination groups like the <\/span><a href=\"https:\/\/bit.ly\/2WUG4mp\" target=\"_blank\" rel=\"noopener noreferrer\"><span style=\"font-weight: 400;\">Running Horses<\/span><\/a><span style=\"font-weight: 400;\"> (Cavalos Corredores), active in the 1990s and also responsible for other assassinations, like the <\/span><a href=\"https:\/\/bit.ly\/3hTZsYR\" target=\"_blank\" rel=\"noopener noreferrer\"><span style=\"font-weight: 400;\">Candel\u00e1ria Massacre<\/span><\/a><span style=\"font-weight: 400;\">.<\/span><\/p>\n<p><span style=\"font-weight: 400;\">The Mothers of Acari movement has an unprecedented importance in the fight against police violence\u2014fruit of the military dictatorship\u2014but principally against <\/span><a href=\"https:\/\/bit.ly\/3f5lmGU\" target=\"_blank\" rel=\"noopener noreferrer\"><span style=\"font-weight: 400;\">Brazilian structural racism<\/span><\/a><span style=\"font-weight: 400;\"> that produces the <\/span><a href=\"http:\/\/bit.ly\/2N3NY8L\" target=\"_blank\" rel=\"noopener noreferrer\"><span style=\"font-weight: 400;\">genocide of the nation&#8217;s black people<\/span><\/a>, especially those who live in the country\u2019s favelas and urban peripheries.<\/p>\n<p><a href=\"https:\/\/www.rioonwatch.org\/wp-content\/uploads\/2020\/07\/Buba-Aguiar-Speaks.jpg\"><img decoding=\"async\" class=\"aligncenter wp-image-61051 size-content\" title=\"Buba Aguiar speaks during the #AcariMassacre30Years protest. The location is one of the most-hit by bullets during police operations. Photo: Pedro Prado\" src=\"https:\/\/www.rioonwatch.org\/wp-content\/uploads\/2020\/07\/Buba-Aguiar-Speaks-620x264.jpg\" alt=\"\" width=\"620\" height=\"264\" srcset=\"https:\/\/rioonwatch.org\/wp-content\/uploads\/2020\/07\/Buba-Aguiar-Speaks-620x264.jpg 620w, https:\/\/rioonwatch.org\/wp-content\/uploads\/2020\/07\/Buba-Aguiar-Speaks-940x400.jpg 940w\" sizes=\"(max-width: 620px) 100vw, 620px\" \/><\/a><\/p>\n<p><span style=\"font-weight: 400;\">Three decades after the crime, only two of the mothers are still alive, weary of the struggle, but not of the search for responses. They work to preserve their health and no longer participate in demonstrations. \u201cThey are sick. They have physical and psychological scars from this pain. Every day is difficult, but this date is a mark. It increases the pain. Now, it is our turn to carry this legacy forward and fight for justice,\u201d said Aguiar. One of the Mothers of Acari was so sought after by the media this last week that, according to the activist, she needed to disconnect her phone.<\/span><\/p>\n<h3>No Justice, No Peace!<\/h3>\n<p><span style=\"font-weight: 400;\">The protest gathered in front of the Acari Hospital with an enormous banner, memorializing the 30th anniversary of the Acari Massacre. Families who are victims of violence, whose children were assassinated by the <\/span><a href=\"http:\/\/bit.ly\/2WQxnqh\" target=\"_blank\" rel=\"noopener noreferrer\"><span style=\"font-weight: 400;\">Rio de Janeiro Military Police<\/span><\/a><span style=\"font-weight: 400;\"> over three decades, together with favela activists, walked down the main access road to the community, in the direction of the streets and alleys of Acari, crying \u201cWithout justice, there is no peace!\u201d until they reached the Cultural Center of the Fala Akari Collective.<\/span><\/p>\n<p><span style=\"font-weight: 400;\"><a href=\"https:\/\/www.rioonwatch.org\/wp-content\/uploads\/2020\/07\/Marching-Acari.jpg\"><img loading=\"lazy\" decoding=\"async\" class=\"alignright wp-image-61050\" title=\"Protest in the favela of Acari\" src=\"https:\/\/www.rioonwatch.org\/wp-content\/uploads\/2020\/07\/Marching-Acari.jpg\" alt=\"\" width=\"300\" height=\"400\" srcset=\"https:\/\/rioonwatch.org\/wp-content\/uploads\/2020\/07\/Marching-Acari.jpg 1920w, https:\/\/rioonwatch.org\/wp-content\/uploads\/2020\/07\/Marching-Acari-225x300.jpg 225w, https:\/\/rioonwatch.org\/wp-content\/uploads\/2020\/07\/Marching-Acari-768x1024.jpg 768w, https:\/\/rioonwatch.org\/wp-content\/uploads\/2020\/07\/Marching-Acari-1152x1536.jpg 1152w, https:\/\/rioonwatch.org\/wp-content\/uploads\/2020\/07\/Marching-Acari-1536x2048.jpg 1536w\" sizes=\"(max-width: 300px) 100vw, 300px\" \/><\/a>\u201cThe protest is to mark that 100 years could go by, and we will not forget. We will keep demanding answers, even as the legal proceedings expire in the justice system. In our memory, they will never expire. Our protest is to mark 30 years since the massacre [to the broader] society, but also for those inside the community. This is the importance of the Fala Akari Collective and the <\/span><a href=\"https:\/\/bit.ly\/3dM4GnU\" target=\"_blank\" rel=\"noopener noreferrer\"><span style=\"font-weight: 400;\">Favelas in Struggle Movement<\/span><\/a><span style=\"font-weight: 400;\">,\u201d emphasized Aguiar.<\/span><\/p>\n<p><span style=\"font-weight: 400;\">The protesters also carried signs with the names of the eleven victims of the massacre. The design of both the main banner at the protest and the signs alluded to the movement to answer for another murder: \u201cWho ordered <\/span><a href=\"http:\/\/bit.ly\/2XZZwQE\" target=\"_blank\" rel=\"noopener noreferrer\"><span style=\"font-weight: 400;\">Marielle Franco<\/span><\/a><span style=\"font-weight: 400;\">\u2019s murder? And why?\u201d. Raised in the favelas of <\/span><a href=\"http:\/\/bit.ly\/2IgZ9Y4\" target=\"_blank\" rel=\"noopener noreferrer\"><span style=\"font-weight: 400;\">Complexo da Mar\u00e9<\/span><\/a><span style=\"font-weight: 400;\">, councilwoman Marielle Franco and her driver Anderson Gomes, himself a resident of <\/span><a href=\"http:\/\/bit.ly\/2ImAzVp\" target=\"_blank\" rel=\"noopener noreferrer\"><span style=\"font-weight: 400;\">Complexo do Alem\u00e3o<\/span><\/a><span style=\"font-weight: 400;\">, were executed on March 14, 2018. On Monday, July 27, <\/span><a href=\"https:\/\/bit.ly\/2P4unp2\" target=\"_blank\" rel=\"noopener noreferrer\"><span style=\"font-weight: 400;\">she would have turned 41<\/span><\/a><span style=\"font-weight: 400;\">. Signs that use the same design as street signs have become a symbolic reminder of the genocide of the black population of favelas and urban peripheries.<\/span><\/p>\n<p><span style=\"font-weight: 400;\">The signs with the names of the eleven youth of the Acari Massacre will go to a permanent exhibit in the Cultural Space of the Fala Akari Collective, where a memorial for the eleven young people and an homage to the Mothers of Acari will be constructed. Their family members received roses and together sang the funk song by Mano Teki that, according to them, has become a symbol of their struggle: \u201c<\/span><a href=\"https:\/\/bit.ly\/2DaKHSy\" target=\"_blank\" rel=\"noopener noreferrer\"><span style=\"font-weight: 400;\">Today the quilombo came to say, the favela came to say, it\u2019s us for us!<\/span><\/a><span style=\"font-weight: 400;\">\u201d\u00a0<\/span><\/p>\n<p><a href=\"https:\/\/www.rioonwatch.org\/wp-content\/uploads\/2020\/07\/Acari-Banner.jpg\"><img loading=\"lazy\" decoding=\"async\" class=\"aligncenter wp-image-61049 size-content\" title=\"Families who are victims of state violence walk inside the community in memory of the 30 years since the Acari Massacre.\" src=\"https:\/\/www.rioonwatch.org\/wp-content\/uploads\/2020\/07\/Acari-Banner-620x264.jpg\" alt=\"\" width=\"620\" height=\"264\" srcset=\"https:\/\/rioonwatch.org\/wp-content\/uploads\/2020\/07\/Acari-Banner-620x264.jpg 620w, https:\/\/rioonwatch.org\/wp-content\/uploads\/2020\/07\/Acari-Banner-940x400.jpg 940w\" sizes=\"(max-width: 620px) 100vw, 620px\" \/><\/a><\/p>\n<h3>History<\/h3>\n<p><span style=\"font-weight: 400;\">Pioneers of the movement against police violence in Brazil, the Mothers of Acari not only demand a response from society, but also denounce such crimes inside and outside Brazil. It is a struggle that even today inspires other movements and organizations of families who are victims of state violence.\u00a0<\/span><\/p>\n<p><span style=\"font-weight: 400;\">The eleven Mothers of Acari are the seeds of this type of movement in Brazil. They are the precursors of movements of families who are victims of state violence such as the Mothers of May, <\/span><a href=\"http:\/\/bit.ly\/2OrPAb8\" target=\"_blank\" rel=\"noopener noreferrer\"><span style=\"font-weight: 400;\">The Network of Mothers and Family Members of the Baixada Fluminense<\/span><\/a><span style=\"font-weight: 400;\">, <\/span><a href=\"https:\/\/bit.ly\/313n7iC\" target=\"_blank\" rel=\"noopener noreferrer\"><span style=\"font-weight: 400;\">Mothers in Mourning of the East Zone<\/span><\/a><span style=\"font-weight: 400;\"> (S\u00e3o Paulo), <\/span><a href=\"https:\/\/bit.ly\/2D34IdM\" target=\"_blank\" rel=\"noopener noreferrer\"><span style=\"font-weight: 400;\">Mothers of C\u00fario<\/span><\/a><span style=\"font-weight: 400;\">, Mothers of Manguinhos, <\/span><a href=\"https:\/\/bit.ly\/311A5NM\" target=\"_blank\" rel=\"noopener noreferrer\"><span style=\"font-weight: 400;\">Mothers of May of the Cerrado<\/span><\/a><span style=\"font-weight: 400;\">, <\/span><a href=\"https:\/\/glo.bo\/311AoYW\" target=\"_blank\" rel=\"noopener noreferrer\"><span style=\"font-weight: 400;\">Mothers of Xingu<\/span><\/a><span style=\"font-weight: 400;\">, <\/span><a href=\"https:\/\/bit.ly\/2DbRPhn\" target=\"_blank\" rel=\"noopener noreferrer\"><span style=\"font-weight: 400;\">Mogian Mothers<\/span><\/a><span style=\"font-weight: 400;\">, <\/span><a href=\"https:\/\/bit.ly\/2JD2rWE\" target=\"_blank\" rel=\"noopener noreferrer\"><span style=\"font-weight: 400;\">The Network of Communities and Movements Against Violence<\/span><\/a><span style=\"font-weight: 400;\">, the <\/span><a href=\"https:\/\/bit.ly\/39FjjYX\" target=\"_blank\" rel=\"noopener noreferrer\"><span style=\"font-weight: 400;\">Association of Mothers and Family Members of Victims of State Violence of Espirito Santo<\/span><\/a><span style=\"font-weight: 400;\">, among others, in a country with so many massacres committed by public security agents.<\/span><\/p>\n<p><a href=\"https:\/\/www.rioonwatch.org\/wp-content\/uploads\/2020\/07\/Acari-Mothers-Archive.jpg\"><img loading=\"lazy\" decoding=\"async\" class=\"aligncenter size-full wp-image-61048\" src=\"https:\/\/www.rioonwatch.org\/wp-content\/uploads\/2020\/07\/Acari-Mothers-Archive.jpg\" alt=\"\" width=\"718\" height=\"427\" srcset=\"https:\/\/rioonwatch.org\/wp-content\/uploads\/2020\/07\/Acari-Mothers-Archive.jpg 718w, https:\/\/rioonwatch.org\/wp-content\/uploads\/2020\/07\/Acari-Mothers-Archive-300x178.jpg 300w\" sizes=\"(max-width: 718px) 100vw, 718px\" \/><\/a><\/p>\n<p><span style=\"font-weight: 400;\">Nine of the Mothers of Acari died searching for justice, very sick with the scars of trauma, not only from the death of their children, but from the death of one of the mothers. Mother of Luiz Henrique and leader of the movement, <\/span><a href=\"http:\/\/bit.ly\/1VZLfr9\" target=\"_blank\" rel=\"noopener noreferrer\"><span style=\"font-weight: 400;\">Edm\u00e9ia Euz\u00e9bio, and Sheila Concei\u00e7\u00e3o<\/span><\/a><span style=\"font-weight: 400;\">, her sister-in-law, suffered an ambush and were assassinated in the parking lot of the Pra\u00e7a XI subway station in 1993, after visiting a detainee in the H\u00e9lio Gomes Prison. On this day, they had discovered a clue about the crime.<\/span><\/p>\n<p><span style=\"font-weight: 400;\">\u201cThe Mothers of Acari are a force and an inspiration for all of us who, like them, lost our children. They are the pioneers of our struggle. We are here to bring strength and to say that, like them, we not only are not going to allow our children to be forgotten, but we will also follow their examples of transforming mourning into struggle. You know&#8230; this word&#8230; makes it so I have strength and I remain on my feet,\u201d said Rosilene Costa, 56.<\/span><\/p>\n<h3>Today\u2019s Voices Are Present<\/h3>\n<p><a href=\"http:\/\/bit.ly\/2Po1XaI\" target=\"_blank\" rel=\"noopener noreferrer\"><span style=\"font-weight: 400;\">Maicon Faria da Silva<\/span><\/a><span style=\"font-weight: 400;\"> was killed by a stray bullet in Acari. He became one of the statistics in Brazil&#8217;s count of homicides due to intervention by state agents. In practice, police do not respond to charges in these cases due to the argument of legitimate defense, or circumstances of risk (these deaths were <\/span><a href=\"http:\/\/bit.ly\/2Po1XaI\" target=\"_blank\" rel=\"noopener noreferrer\"><span style=\"font-weight: 400;\">formerly called<\/span><\/a><span style=\"font-weight: 400;\"> \u201cacts of resistance,\u201d as Maicon\u2019s death <\/span><span style=\"font-weight: 400;\">was labeled<\/span><span style=\"font-weight: 400;\">, due to their supposed occurrence after a person resisted arrest and police acted in self-defense). He was only two-years-old, and he was killed while he was playing with a water gun. His father has fought for justice for 25 years.\u00a0<\/span><\/p>\n<p><span style=\"font-weight: 400;\"><a href=\"https:\/\/www.rioonwatch.org\/wp-content\/uploads\/2020\/07\/Maicon-Presente.jpg\"><img loading=\"lazy\" decoding=\"async\" class=\"alignright wp-image-61047\" title=\"Jos\u00e9 Luis Faria beside the sculpture that represents his son Maicon, killed at 2 years old by a stray bullet in a police operation. He holds a water pistol, the toy that his baby held in his hands when he was killed.\" src=\"https:\/\/www.rioonwatch.org\/wp-content\/uploads\/2020\/07\/Maicon-Presente.jpg\" alt=\"\" width=\"300\" height=\"400\" srcset=\"https:\/\/rioonwatch.org\/wp-content\/uploads\/2020\/07\/Maicon-Presente.jpg 1920w, https:\/\/rioonwatch.org\/wp-content\/uploads\/2020\/07\/Maicon-Presente-225x300.jpg 225w, https:\/\/rioonwatch.org\/wp-content\/uploads\/2020\/07\/Maicon-Presente-768x1024.jpg 768w, https:\/\/rioonwatch.org\/wp-content\/uploads\/2020\/07\/Maicon-Presente-1152x1536.jpg 1152w, https:\/\/rioonwatch.org\/wp-content\/uploads\/2020\/07\/Maicon-Presente-1536x2048.jpg 1536w\" sizes=\"(max-width: 300px) 100vw, 300px\" \/><\/a>\u201cI am here at this protest marking the 30th anniversary of the Acari Massacre in memory of the eleven young people from Acari, for the Mothers of Acari, but also because I am the voice of my son and all who are victims of the state. We are the living denunciation, in present bodies, of the genocidal and terrorist state, that, in the daily life of the favela, does not give education, sanitation, or health, but it takes lives,\u201d said Maicon\u2019s father, Jos\u00e9 Luis Faria da Silva.<\/span><\/p>\n<p><span style=\"font-weight: 400;\">He added, \u201cThe most difficult thing is to fight for justice for our children. Because we are poor and from the favela, [we need] to constantly prove that we are people, that we are not criminals, show our resumes in order to be respected. I am illiterate, I don\u2019t know how to talk right, but I follow in my goal to be the voice of my son and clear his name. And the fault is not only with the police who kill. It is also with the Public Prosecutor\u2019s Office who does not arrest [them].\u201d Since 2010, in all of the demonstrations, he carries a sculpture made by the artist Vandinho, which represents the image of his son.<\/span><\/p>\n<p><span style=\"font-weight: 400;\">Oliveira, resident of <\/span><a href=\"http:\/\/bit.ly\/2Xl9f4y\" target=\"_blank\" rel=\"noopener noreferrer\"><span style=\"font-weight: 400;\">Manguinhos<\/span><\/a><span style=\"font-weight: 400;\">, is the voice of her son Johnatha, 19, assassinated in 2014. \u201cMy son was killed by a police officer who already responded to charges of triple homicide and two attempted homicides. This same police officer had already been imprisoned for one year before assassinating my son, but after, he was freed. I was obligated to fight, because when they assassinate our children, it\u2019s not only the bodies that they kill, but the dignity of the victims and our maternity. All that is left is to search for truth, memory, justice.\u201d<\/span><\/p>\n<p><a href=\"https:\/\/www.rioonwatch.org\/wp-content\/uploads\/2020\/07\/Acari-Family-Members.jpg\"><img loading=\"lazy\" decoding=\"async\" class=\"aligncenter wp-image-61046 size-content\" title=\"Family of the young girl Maria Eduarda gathers to call for justice and in memory of the 11 victims of the Acari Massacre.\" src=\"https:\/\/www.rioonwatch.org\/wp-content\/uploads\/2020\/07\/Acari-Family-Members-620x264.jpg\" alt=\"\" width=\"620\" height=\"264\" srcset=\"https:\/\/rioonwatch.org\/wp-content\/uploads\/2020\/07\/Acari-Family-Members-620x264.jpg 620w, https:\/\/rioonwatch.org\/wp-content\/uploads\/2020\/07\/Acari-Family-Members-940x400.jpg 940w\" sizes=\"(max-width: 620px) 100vw, 620px\" \/><\/a><\/p>\n<p><span style=\"font-weight: 400;\">Rosilene Costa is the mother of Maria Eduarda Costa, a young girl of 13 when she was killed in a public school in 2017. \u201cMy daughter was in the right place at the right time. The police arrived and even though they saw a school in front of them, they shot! Three years have passed, I lost my eyesight and became blind in one eye, I don\u2019t see, but I\u2019m not afraid, because I came to tell the truth.\u201d Bianca Costa, another living voice of Maria Eduarda, her middle sister, said, \u201cWe cannot become victims of stray bullets just because we are black. Maria Eduarda will not be forgotten. The family was shattered.\u201d<\/span><\/p>\n<p><span style=\"font-weight: 400;\"><a href=\"https:\/\/www.rioonwatch.org\/wp-content\/uploads\/2020\/07\/Bruna-Silva.jpg\"><img loading=\"lazy\" decoding=\"async\" class=\"alignright wp-image-61045\" title=\"Bruna Silva, mother of Marcos Vin\u00edcius, brought her son's bloodied shirt to the protests. The public school shirt marked by police violence became her banner in the fight for justice.\" src=\"https:\/\/www.rioonwatch.org\/wp-content\/uploads\/2020\/07\/Bruna-Silva.jpg\" alt=\"\" width=\"300\" height=\"400\" srcset=\"https:\/\/rioonwatch.org\/wp-content\/uploads\/2020\/07\/Bruna-Silva.jpg 1920w, https:\/\/rioonwatch.org\/wp-content\/uploads\/2020\/07\/Bruna-Silva-225x300.jpg 225w, https:\/\/rioonwatch.org\/wp-content\/uploads\/2020\/07\/Bruna-Silva-768x1024.jpg 768w, https:\/\/rioonwatch.org\/wp-content\/uploads\/2020\/07\/Bruna-Silva-1152x1536.jpg 1152w, https:\/\/rioonwatch.org\/wp-content\/uploads\/2020\/07\/Bruna-Silva-1536x2048.jpg 1536w\" sizes=\"(max-width: 300px) 100vw, 300px\" \/><\/a>She has recurring panic attacks, especially when there are police operations in the community where she lives. \u201cI feel fear all of the time. We do not have security. The shooting begins\u2014where to go? To the bathroom? Behind the bed? The shot enters, breaks through the wall, kills us. My sister is dead as proof. The police cannot act like that just because we live in a favela,\u201d she protested.<\/span><\/p>\n<p><span style=\"font-weight: 400;\">Bruna da Silva is the voice of Marcus Vin\u00edcius, a young boy of 14 years, executed with a shot in the back, in Complexo da Mar\u00e9, in 2018. \u201cMy son was walking to school. I am here to say that he and the eleven young people of Acari will not be forgotten, independent of the years that pass. We are tired of this genocide. Our children are killed by those who should protect them. I came to the street to try to change this country, for a better Brazil in which all lives matter: including black lives and favela lives.\u201d<\/span><\/p>\n<p><span style=\"font-weight: 400;\">Every 23 minutes, a young black person is <\/span><a href=\"https:\/\/glo.bo\/2Mk3T4r\" target=\"_blank\" rel=\"noopener noreferrer\"><span style=\"font-weight: 400;\">assassinated<\/span><\/a><span style=\"font-weight: 400;\"> in Brazil. The numbers are from the Violence Map, a report by the Latin American School of Social Sciences (Flacso). In Rio de Janeiro, <\/span><a href=\"https:\/\/bit.ly\/3dbvPA8\" target=\"_blank\" rel=\"noopener noreferrer\"><span style=\"font-weight: 400;\">even during the pandemic<\/span><\/a><span style=\"font-weight: 400;\">, between January and April of this year, police operations and deaths <\/span><span style=\"font-weight: 400;\">increased<\/span><span style=\"font-weight: 400;\">.\u00a0<\/span><\/p>\n<h3>Watch Rosilene Costa&#8217;s remarks at the protest in the favela of Acari:<\/h3>\n<p><iframe src=\"https:\/\/drive.google.com\/file\/d\/1M8JaqHRqzceB2nyRsTldIfiOYAfdXNhM\/preview\" width=\"620\" height=\"349\"><span data-mce-type=\"bookmark\" style=\"display: inline-block; width: 0px; overflow: hidden; line-height: 0;\" class=\"mce_SELRES_start\">\ufeff<\/span><\/iframe><\/p>\n<p><em>Photo by photographer Pedro Prado contributed by Buba Aguiar.<\/em><\/p>\n<hr \/>\n<h4><b>Support our efforts to provide strategic assistance to Rio\u2019s favelas during the Covid-19 pandemic, including\u00a0<\/b><b><i>RioOnWatch<\/i><\/b><b>\u2019s tireless, critical and cutting-edge hyperlocal journalism, online community organizing meetings, and direct support to favelas\u00a0<a href=\"http:\/\/www.bit.ly\/FavelaCovidResponse\" target=\"_blank\" rel=\"noopener noreferrer\">by clicking here<\/a><\/b><b>.<\/b><\/h4>\n","protected":false},"excerpt":{"rendered":"<div class=\"mh-excerpt\"><p>Clique aqui para Portugu\u00eas On Monday, July 26, a symbolic protest marking the 30th Anniversary of the Acari Massacre, organized by the Fala Akari Collective\u2014with authorization from the two living Mothers of Acari (M\u00e3es de <a class=\"mh-excerpt-more\" href=\"https:\/\/rioonwatch.org\/?p=61041\" title=\"The Enduring Voices and Legacy of the Mothers of Acari #AcariMassacre30Years\">[&#8230;]<\/a><\/p>\n<\/div>","protected":false},"author":208,"featured_media":61053,"comment_status":"closed","ping_status":"closed","sticky":false,"template":"","format":"standard","meta":{"_monsterinsights_skip_tracking":false,"_monsterinsights_sitenote_active":false,"_monsterinsights_sitenote_note":"","_monsterinsights_sitenote_category":0,"footnotes":""},"categories":[1288,1290,1333,1284,335,328,336],"tags":[555,2856,460,2468,756,280,32,3068,188,25,2466,2135,1360,637,2449,1105,918,213,37,1990,15,152,2910,2481,18,809,1189,3069,268],"writer":[3125],"translator":[3172],"illustrator":[],"photographer":[],"class_list":{"0":"post-61041","1":"post","2":"type-post","3":"status-publish","4":"format-standard","5":"has-post-thumbnail","7":"category-highlight","8":"category-civilsociety","9":"category-event-reports","10":"category-interviews-profiles","11":"category-policies","12":"category-understanding-rio","13":"category-violations","14":"tag-acari","15":"tag-acts-of-resistance","16":"tag-baixada-fluminense","17":"tag-candelaria-massacre","18":"tag-community-organizing","19":"tag-complexo-da-mare","20":"tag-complexo-do-alemao","21":"tag-coronavirus","22":"tag-history","23":"tag-human-rights","24":"tag-julho-negro","25":"tag-maes-de-manguinhos","26":"tag-mage","27":"tag-manguinhos","28":"tag-marielle-franco","29":"tag-military-dictatorship","30":"tag-military-police","31":"tag-rede-contra-violencia","32":"tag-north-zone","33":"tag-nos-por-nos","34":"tag-pacifying-police-unit","35":"tag-participation","36":"tag-police-massacre","37":"tag-police-violence","38":"tag-protest","39":"tag-public-security","40":"tag-racism","41":"tag-series-coronavirus-in-the-favelas","42":"tag-state-violence","43":"writer-tatiana-lima","44":"translator-catherine-osborn"},"_links":{"self":[{"href":"https:\/\/rioonwatch.org\/index.php?rest_route=\/wp\/v2\/posts\/61041","targetHints":{"allow":["GET"]}}],"collection":[{"href":"https:\/\/rioonwatch.org\/index.php?rest_route=\/wp\/v2\/posts"}],"about":[{"href":"https:\/\/rioonwatch.org\/index.php?rest_route=\/wp\/v2\/types\/post"}],"author":[{"embeddable":true,"href":"https:\/\/rioonwatch.org\/index.php?rest_route=\/wp\/v2\/users\/208"}],"replies":[{"embeddable":true,"href":"https:\/\/rioonwatch.org\/index.php?rest_route=%2Fwp%2Fv2%2Fcomments&post=61041"}],"version-history":[{"count":0,"href":"https:\/\/rioonwatch.org\/index.php?rest_route=\/wp\/v2\/posts\/61041\/revisions"}],"wp:featuredmedia":[{"embeddable":true,"href":"https:\/\/rioonwatch.org\/index.php?rest_route=\/wp\/v2\/media\/61053"}],"wp:attachment":[{"href":"https:\/\/rioonwatch.org\/index.php?rest_route=%2Fwp%2Fv2%2Fmedia&parent=61041"}],"wp:term":[{"taxonomy":"category","embeddable":true,"href":"https:\/\/rioonwatch.org\/index.php?rest_route=%2Fwp%2Fv2%2Fcategories&post=61041"},{"taxonomy":"post_tag","embeddable":true,"href":"https:\/\/rioonwatch.org\/index.php?rest_route=%2Fwp%2Fv2%2Ftags&post=61041"},{"taxonomy":"writer","embeddable":true,"href":"https:\/\/rioonwatch.org\/index.php?rest_route=%2Fwp%2Fv2%2Fwriter&post=61041"},{"taxonomy":"translator","embeddable":true,"href":"https:\/\/rioonwatch.org\/index.php?rest_route=%2Fwp%2Fv2%2Ftranslator&post=61041"},{"taxonomy":"illustrator","embeddable":true,"href":"https:\/\/rioonwatch.org\/index.php?rest_route=%2Fwp%2Fv2%2Fillustrator&post=61041"},{"taxonomy":"photographer","embeddable":true,"href":"https:\/\/rioonwatch.org\/index.php?rest_route=%2Fwp%2Fv2%2Fphotographer&post=61041"}],"curies":[{"name":"wp","href":"https:\/\/api.w.org\/{rel}","templated":true}]}}