{"id":61491,"date":"2020-08-11T09:32:57","date_gmt":"2020-08-11T12:32:57","guid":{"rendered":"https:\/\/www.rioonwatch.org\/?p=61491"},"modified":"2021-02-05T16:34:09","modified_gmt":"2021-02-05T19:34:09","slug":"behind-the-favela-coronavirus-numbers-unified-dashboard-will-hold-its-2nd-press-conference-this-thursday-8-13","status":"publish","type":"post","link":"https:\/\/rioonwatch.org\/?p=61491","title":{"rendered":"Behind Favela Coronavirus Numbers: The Extent of the Tragedy [PRESS RELEASE]"},"content":{"rendered":"<p style=\"text-align: right;\"><a href=\"https:\/\/bit.ly\/PainelUnificadorColetiva2\" target=\"_blank\" rel=\"noopener noreferrer\"><strong><em>Clique aqui para Portugu\u00eas<\/em><\/strong><\/a><a href=\"https:\/\/bit.ly\/3f0YmIU\"><img decoding=\"async\" width=\"20\" height=\"20\" class=\"alignright wp-image-23766 size-full\" src=\"https:\/\/www.rioonwatch.org\/wp-content\/uploads\/2012\/08\/PT-e1439583827971.png\" \/><\/a><\/p>\n<p><i>The <a href=\"http:\/\/www.favela.info\" target=\"_blank\" rel=\"noopener noreferrer\">Covid-19 in Favelas Unified Dashboard<\/a>, an initiative that brings together favela-based collectives and civil society, will hold its second press conference this Thursday, August 13, at 2pm BRT.<\/i><\/p>\n<p>August 11, 2020\u2014During the over 150 days since Covid-19 arrived in Brazil, the virus has killed over <a href=\"https:\/\/glo.bo\/33PWvog\" target=\"_blank\" rel=\"noopener noreferrer\">101,000 people<\/a> as of Sunday, according to the consortium of national media outlets collecting data from state-level health bureaus. As it stands, the Covid-19 pandemic already qualifies as the <a href=\"https:\/\/bit.ly\/3gOwlpM\" target=\"_blank\" rel=\"noopener noreferrer\">biggest health crisis in the country\u2019s history<\/a>. However, it is estimated that the total numbers are much higher, given that Brazil only counts cases confirmed by testing and that there has been drastically insufficient testing nationwide, often occurring only in serious cases.<\/p>\n<p>In the state of Rio de Janeiro, according to the same source, <a href=\"https:\/\/bit.ly\/2XRQK5U\" target=\"_blank\" rel=\"noopener noreferrer\">14,080 deaths were registered, with 8,612 of those being in the city of Rio de Janeiro proper<\/a>. However, again, given that only cases confirmed on death certificates are being counted and comorbidities are being considered the cause of death in an unknown number of cases\u2014both procedures contrary to\u00a0<a href=\"https:\/\/bit.ly\/2YaXZXh\" target=\"_blank\" rel=\"noopener noreferrer\">World Health Organization recommendations<\/a>\u2014the actual number will be much higher. In addition to these facts, deaths exceeding the historical standard in the city of Rio de Janeiro are not being classified as Covid-19 cases but are rather being attributed to other causes, as described in a <a href=\"https:\/\/bit.ly\/3ae6XHo\" target=\"_blank\" rel=\"noopener noreferrer\">technical note<\/a> by Brazil&#8217;s national health institute, the Oswaldo Cruz Foundation (Fiocruz).<\/p>\n<p>Generally, it is <a href=\"https:\/\/bit.ly\/3gPqPmJ\" target=\"_blank\" rel=\"noopener noreferrer\">difficult to know the magnitude<\/a> of the pandemic in Brazil. And what of those living in the most vulnerable and neglected spaces in our society, which have even less testing and precarious services and opportunities for self-isolation: our favelas? It is even more difficult to know.<\/p>\n<p>The most recent update carried out by the <a href=\"http:\/\/www.favela.info\" target=\"_blank\" rel=\"noopener noreferrer\">Covid-19 in Favelas Unified Dashboard<\/a> on August 11, which until now has tracked 41 favelas and complexes in the Rio de Janeiro metropolitan area (154 individual favelas), reveals that among the dead, at least 1,402* are favela residents. According to one of of the dashboard\u2019s partners, <a href=\"https:\/\/bit.ly\/3kx7UiU\" target=\"_blank\" rel=\"noopener noreferrer\"><i>Voz das Comunidades<\/i><\/a>, \u201cThe number surpasses states like Mato Grosso do Sul with 509 deaths, Amap\u00e1 with 602, Tocantins with 547, Roraima with 547, and Acre with 561 deaths from Covid-19.\u201d These data can be viewed through Fiocruz\u2019s <a href=\"https:\/\/bit.ly\/3kubFFT\" target=\"_blank\" rel=\"noopener noreferrer\">Covid Monitor<\/a>.<\/p>\n<p>Nevertheless, this number corresponds only to the favelas for which the Unified Dashboard has gathered data (note: in Rio, there are over 1,000 favelas). The data for each favela in the Unified Dashboard is gathered by the best source identified to date for each community, which in many cases have inherent limitations (either because they depend on public data or surveys carried out by volunteers). Up until now, the favelas with the most precise counts are the 16 favelas that make up the <a href=\"http:\/\/bit.ly\/2ImAzVp\" target=\"_blank\" rel=\"noopener noreferrer\">Complexo da Mar\u00e9<\/a> in Rio de Janeiro&#8217;s <a href=\"http:\/\/bit.ly\/2IgR5qe\" target=\"_blank\" rel=\"noopener noreferrer\">North Zone<\/a>, and five communities in neighboring municipality of <a href=\"https:\/\/bit.ly\/3cQ1FBL\" target=\"_blank\" rel=\"noopener noreferrer\">Itagua\u00ed<\/a>. It is because of this that the numbers from these communities are the highest on the Unified Dashboard, but there could be favelas with a higher number, for which we still do not have a source.<\/p>\n<p><a href=\"http:\/\/bit.ly\/2JViAZB\" target=\"_blank\" rel=\"noopener noreferrer\">Redes da Mar\u00e9<\/a>, a prizewinning organization with a significant reach in the complex\u2019s 16 favelas, has counted cases robustly. Given this, it is interesting to make comparisons based on their data. If we use the data gathered in Mar\u00e9 as a base for favelas in general, for example, we would arrive at an estimate of 15,000 people infected by the virus in favelas in the municipality of Rio de Janeiro, which is likely nearer to reality. The number would constitute 20% of Covid-19 cases in the city.<\/p>\n<p>Meanwhile, <a href=\"https:\/\/bit.ly\/3fgbwCW\" target=\"_blank\" rel=\"noopener noreferrer\">A.M.I.G.A.S.<\/a> (Association of Women of Itagua\u00ed &#8211; Warriors and Social Articulators) has been carrying out intensive and detailed data collection in five communities in the municipality of Itagua\u00ed since March, and with this, they have put together a more precise picture of the true impact of the virus in these territories (Engenho, Sem Terra, Morro do Carv\u00e3o, Chaper\u00f3, and Brisamar). Combined, these five favelas have 2,671 cases and 560 deaths.<\/p>\n<p>This kind of counting and estimating has become essential to begin to understand the dimension of the situation, because since May 14, Rio\u2019s city government stopped updating the count of coronavirus deaths in favelas on <a href=\"https:\/\/bit.ly\/3fM4HIu\" target=\"_blank\" rel=\"noopener noreferrer\">the city&#8217;s official bulletin and platform<\/a>. The true number of official deaths from Covid-19 in Rio de Janeiro\u2019s favelas is therefore incognito. However, one thing is certain: Rio\u2019s favelas are living through a pandemic within the pandemic. The pandemic is global, but the capacity to fight it is unequal between countries, states, municipalities, and inside of municipalities, as can be observed in Rio de Janeiro.<\/p>\n<p><a href=\"https:\/\/www.rioonwatch.org\/wp-content\/uploads\/2020\/08\/Casos-e-obitos.png\"><img fetchpriority=\"high\" decoding=\"async\" class=\"aligncenter size-content wp-image-61533\" src=\"https:\/\/www.rioonwatch.org\/wp-content\/uploads\/2020\/08\/Casos-e-obitos-620x264.png\" alt=\"\" width=\"620\" height=\"264\" srcset=\"https:\/\/rioonwatch.org\/wp-content\/uploads\/2020\/08\/Casos-e-obitos-620x264.png 620w, https:\/\/rioonwatch.org\/wp-content\/uploads\/2020\/08\/Casos-e-obitos-940x400.png 940w\" sizes=\"(max-width: 620px) 100vw, 620px\" \/><\/a><\/p>\n<h3>Behind the Favela Coronavirus Numbers<\/h3>\n<p>If the data and all of the attempts at monitoring cannot measure the reality of Covid-19 in the favelas, the accounts of leaders, community-based communicators, and residents become essential in order to have a notion of the extent of this tragedy.<\/p>\n<p>Because of this, in their second press conference, the partners behind the <a href=\"http:\/\/www.favela.info\" target=\"_blank\" rel=\"noopener noreferrer\">Covid-19 in Favelas Unified Dashboard<\/a> will focus beyond the data collected during this first month of monitoring.<\/p>\n<p>The focus now will be on hearing first-hand accounts from partners involved in the project about how the pandemic is unfolding in their communities at the current moment, a moment in which it is said that Rio is trending downward in Covid-19 deaths, while denialism of the disease is perhaps at its peak.<\/p>\n<p>It is important to emphasize that denial doesn\u2019t happen spontaneously, nor does it constitute a political strategy, as has been observed in the attitude of the federal government and some mayors. However, it does stem from fear of unemployment. In addition to discrimination based on postal code (or its absence), in the context of the pandemic, working favela residents have been stigmatized due to Covid-19, above all those who live in favelas with a high concentration of deaths and\/or confirmed cases. This is reflected in what happened with workers from the Rio das Pedras favela after it was incorrectly reported that Amparo Street was the epicenter of contamination in that favela.<\/p>\n<p>What is the pandemic\u2019s pain, color, and social class? With the resumption of economic activities, who is put at risk on <a href=\"https:\/\/bit.ly\/2CishPE\" target=\"_blank\" rel=\"noopener noreferrer\">public transportation<\/a>? What initiatives are being carried out to combat the pandemic in this moment of denial? What new obstacles have arisen to the prevention and mitigation of Covid-19 in the last month? Among the topics that will be addressed at this press conference are the growing stigma associated with people who had or have the virus, the decrease in donations to frontline collectives fighting the virus, and the growing denial among favela residents and society.<\/p>\n<p>Currently, there are an increasing number of accounts of people who hide the virus out of fear of losing not only their income, job, and home, but also social connections, as the stigma against those with Covid-19 grows in some favelas.<\/p>\n<h4>For this press conference, testimonies from the following partners of the Dashboard are confirmed:<\/h4>\n<ol>\n<li style=\"font-weight: 400;\">Anna Paula Sales &#8211; Association of Women of Itagua\u00ed A.M.I.G.A.S. (Itagua\u00ed)<\/li>\n<li style=\"font-weight: 400;\">Rafael Oliveira &#8211; Vertical Favela Collective (Gard\u00eania Azul)<\/li>\n<li style=\"font-weight: 400;\">Melissa Cannabrava &#8211; Voice of the Communities (Complexo do Alem\u00e3o)<\/li>\n<li style=\"font-weight: 400;\">Douglas Heliodoro &#8211; Peripheral Connections Collective (Rio das Pedras)<\/li>\n<li style=\"font-weight: 400;\">Maria Cristina &#8211; favela resident and Covid-19 survivor (Acari)<\/li>\n<li style=\"font-weight: 400;\">Dani Moura &#8211; Redes da Mar\u00e9 (Mar\u00e9)<\/li>\n<li style=\"font-weight: 400;\">Nill Santos &#8211; Association of Assertive Women with Social Commitment (AMAC &#8211; Duque de Caxias)<\/li>\n<li style=\"font-weight: 400;\">Renata Gracie &#8211; Institute of Scientific and Technological Communication and Information in Health (ICICT)\/Fiocruz<\/li>\n<li style=\"font-weight: 400;\">Seimour Souza &#8211; LabJaca (Jacarezinho)<\/li>\n<li style=\"font-weight: 400;\">Tatiana Lima &#8211; <i>RioOnWatch<\/i><\/li>\n<li style=\"font-weight: 400;\">Theresa Williamson &#8211; Catalytic Communities (CatComm)<\/li>\n<\/ol>\n<p><i><span style=\"font-weight: 400;\">*Correction to datapoint made on August 12, 2020. Prior number, 1,276, was incorrectly assigned due to update delay on the dashboard backend. Accurate number is 1,402 deaths.<\/span><\/i><\/p>\n<h3>SECOND PRESS CONFERENCE DETAILS<\/h3>\n<p>WHEN: Thursday, August 13, 2020, 2pm-3pm BRT<br \/>\nWHERE: On Zoom. Sign up <a href=\"https:\/\/bit.ly\/3f9P9Pk\" target=\"_blank\" rel=\"noopener noreferrer\">here<\/a>.<\/p>\n<h3>CREDITS<\/h3>\n<p>Realization: <a href=\"http:\/\/bit.ly\/2KEWrin\" target=\"_blank\" rel=\"noopener noreferrer\">Catalytic Communities<\/a> (CatComm)*<br \/>\nPartners: <a href=\"https:\/\/bit.ly\/3fgbwCW\" target=\"_blank\" rel=\"noopener noreferrer\">A.M.I.G.A.S.<\/a> | <a href=\"https:\/\/bit.ly\/2ZwXbN1\" target=\"_blank\" rel=\"noopener noreferrer\">Centro Social Fus\u00e3o<\/a> | <a href=\"https:\/\/bit.ly\/2C05Iid\" target=\"_blank\" rel=\"noopener noreferrer\">Coletivo Conex\u00f5es Perif\u00e9ricas-RP<\/a> | <a href=\"https:\/\/bit.ly\/2ObvNgR\" target=\"_blank\" rel=\"noopener noreferrer\">Covid por CEP<\/a> | <a href=\"http:\/\/bit.ly\/2lbFqNb\" target=\"_blank\" rel=\"noopener noreferrer\">Data_Labe<\/a> | <a href=\"https:\/\/bit.ly\/3dcAaDa\" target=\"_blank\" rel=\"noopener noreferrer\">Fala Ro\u00e7a<\/a> | <a href=\"https:\/\/bit.ly\/2ULKquh\" target=\"_blank\" rel=\"noopener noreferrer\">Favela Vertical<\/a> | <a href=\"https:\/\/bit.ly\/2ZEAIw6\" target=\"_blank\" rel=\"noopener noreferrer\">Fiocruz<\/a> | <a href=\"https:\/\/bit.ly\/3cZ2CZe\" target=\"_blank\" rel=\"noopener noreferrer\">F\u00f3rum Grita Baixada<\/a> | <a href=\"https:\/\/bit.ly\/30zcFAO\" target=\"_blank\" rel=\"noopener noreferrer\">Frente de Mobiliza\u00e7\u00e3o da Mar\u00e9<\/a> | <a href=\"https:\/\/bit.ly\/33zPM1U\" target=\"_blank\" rel=\"noopener noreferrer\">LabJaca<\/a> | <a href=\"http:\/\/bit.ly\/2xQ8oJQ\" target=\"_blank\" rel=\"noopener noreferrer\">Mulheres de Frente<\/a> | <a href=\"http:\/\/bit.ly\/392ezvF\" target=\"_blank\" rel=\"noopener noreferrer\">Observat\u00f3rio de Favelas<\/a> | <a href=\"https:\/\/bit.ly\/3glWkF6\" target=\"_blank\" rel=\"noopener noreferrer\">PerifaConnection<\/a> | <a href=\"https:\/\/bit.ly\/3gNDQNP\" target=\"_blank\" rel=\"noopener noreferrer\">Redes da Mar\u00e9<\/a> | <a href=\"https:\/\/bit.ly\/2ZWsgZB\" target=\"_blank\" rel=\"noopener noreferrer\">SOS Provid\u00eancia<\/a> | <a href=\"http:\/\/bit.ly\/30l5RrX\" target=\"_blank\" rel=\"noopener noreferrer\">TETO<\/a> | <a href=\"http:\/\/bit.ly\/2JhMwyE\" target=\"_blank\" rel=\"noopener noreferrer\">Voz das Comunidades<\/a><br \/>\nDevelopment and Updates: <a href=\"https:\/\/bit.ly\/2Cmut8O\" target=\"_blank\" rel=\"noopener noreferrer\">Esri &#8211; Environmental Systems Research Institute<\/a><br \/>\nDemographic Data: <a href=\"https:\/\/bit.ly\/38FkXJv\" target=\"_blank\" rel=\"noopener noreferrer\">Prefeitura Rio e IBGE 2010<\/a><br \/>\nIntegration Technology: <a href=\"https:\/\/bit.ly\/3gPenTZ\" target=\"_blank\" rel=\"noopener noreferrer\">Integromat<\/a><\/p>\n<h3>CONTACTS<\/h3>\n<p>Unified Dashboard\/CatComm: <a href=\"mailto:press@catcomm.org\" target=\"_blank\" rel=\"noopener noreferrer\">press@catcomm.org<\/a> +55-21-99197-6444 (Theresa Williamson)<br \/>\nRedes da Mar\u00e9: +55-21-98886-0892 (Daniele Moura)<\/p>\n<p>*Catalytic Communities is the nonprofit that publishes <em>RioOnWatch.<\/em><\/p>\n<hr \/>\n<h4>Support our efforts to provide strategic assistance to Rio\u2019s favelas during the Covid-19 pandemic, including\u00a0<i>RioOnWatch<\/i>\u2019s tireless, critical and cutting-edge hyperlocal journalism, online community organizing meetings, and direct support to favelas\u00a0<a href=\"http:\/\/www.bit.ly\/FavelaCovidResponse\" target=\"_blank\" rel=\"noopener noreferrer\">by clicking here<\/a>.<\/h4>\n","protected":false},"excerpt":{"rendered":"<div class=\"mh-excerpt\"><p>Clique aqui para Portugu\u00eas The Covid-19 in Favelas Unified Dashboard, an initiative that brings together favela-based collectives and civil society, will hold its second press conference this Thursday, August 13, at 2pm BRT. August 11, <a class=\"mh-excerpt-more\" href=\"https:\/\/rioonwatch.org\/?p=61491\" title=\"Behind Favela Coronavirus Numbers: The Extent of the Tragedy [PRESS RELEASE]\">[&#8230;]<\/a><\/p>\n<\/div>","protected":false},"author":208,"featured_media":61531,"comment_status":"closed","ping_status":"closed","sticky":false,"template":"","format":"standard","meta":{"_monsterinsights_skip_tracking":false,"_monsterinsights_sitenote_active":false,"_monsterinsights_sitenote_note":"","_monsterinsights_sitenote_category":0,"footnotes":""},"categories":[3071,1288,1328,1290,335,329,328],"tags":[555,3180,3179,1163,756,258,280,32,3177,3068,3122,3181,694,2084,2329,2496,987,1197,107,1708,499,678,683,3178,3128,523,1555,1445,1403,2293,3133,1843,3142],"writer":[3125,51],"translator":[3170],"illustrator":[],"photographer":[],"class_list":{"0":"post-61491","1":"post","2":"type-post","3":"status-publish","4":"format-standard","5":"has-post-thumbnail","7":"category-coronaviruswatch","8":"category-highlight","9":"category-by-community-contributors","10":"category-civilsociety","11":"category-policies","12":"category-solutions","13":"category-understanding-rio","14":"tag-acari","15":"tag-brisamar","16":"tag-chapero","17":"tag-civil-society","18":"tag-community-organizing","19":"tag-community-solution","20":"tag-complexo-da-mare","21":"tag-complexo-do-alemao","22":"tag-comunidade-sem-terra","23":"tag-coronavirus","24":"tag-data","25":"tag-denialism","26":"tag-duque-de-caxias","27":"tag-fala-roca","28":"tag-fiocruz","29":"tag-forum-grita-baixada","30":"tag-gardenia-azul","31":"tag-greater-rio","32":"tag-health","33":"tag-itaguai","34":"tag-jacarezinho","35":"tag-launch-event","36":"tag-mobilization","37":"tag-morro-do-carvao","38":"tag-morro-do-engenho","39":"tag-observatorio-de-favelas","40":"tag-redes-de-desenvolvimento-da-mare","41":"tag-rio-das-pedras","42":"tag-solution","43":"tag-teto","44":"tag-underreporting","45":"tag-voz-das-comunidades","46":"tag-who","47":"writer-tatiana-lima","48":"writer-theresa-williamson","49":"translator-thomas-maggiola"},"_links":{"self":[{"href":"https:\/\/rioonwatch.org\/index.php?rest_route=\/wp\/v2\/posts\/61491","targetHints":{"allow":["GET"]}}],"collection":[{"href":"https:\/\/rioonwatch.org\/index.php?rest_route=\/wp\/v2\/posts"}],"about":[{"href":"https:\/\/rioonwatch.org\/index.php?rest_route=\/wp\/v2\/types\/post"}],"author":[{"embeddable":true,"href":"https:\/\/rioonwatch.org\/index.php?rest_route=\/wp\/v2\/users\/208"}],"replies":[{"embeddable":true,"href":"https:\/\/rioonwatch.org\/index.php?rest_route=%2Fwp%2Fv2%2Fcomments&post=61491"}],"version-history":[{"count":0,"href":"https:\/\/rioonwatch.org\/index.php?rest_route=\/wp\/v2\/posts\/61491\/revisions"}],"wp:featuredmedia":[{"embeddable":true,"href":"https:\/\/rioonwatch.org\/index.php?rest_route=\/wp\/v2\/media\/61531"}],"wp:attachment":[{"href":"https:\/\/rioonwatch.org\/index.php?rest_route=%2Fwp%2Fv2%2Fmedia&parent=61491"}],"wp:term":[{"taxonomy":"category","embeddable":true,"href":"https:\/\/rioonwatch.org\/index.php?rest_route=%2Fwp%2Fv2%2Fcategories&post=61491"},{"taxonomy":"post_tag","embeddable":true,"href":"https:\/\/rioonwatch.org\/index.php?rest_route=%2Fwp%2Fv2%2Ftags&post=61491"},{"taxonomy":"writer","embeddable":true,"href":"https:\/\/rioonwatch.org\/index.php?rest_route=%2Fwp%2Fv2%2Fwriter&post=61491"},{"taxonomy":"translator","embeddable":true,"href":"https:\/\/rioonwatch.org\/index.php?rest_route=%2Fwp%2Fv2%2Ftranslator&post=61491"},{"taxonomy":"illustrator","embeddable":true,"href":"https:\/\/rioonwatch.org\/index.php?rest_route=%2Fwp%2Fv2%2Fillustrator&post=61491"},{"taxonomy":"photographer","embeddable":true,"href":"https:\/\/rioonwatch.org\/index.php?rest_route=%2Fwp%2Fv2%2Fphotographer&post=61491"}],"curies":[{"name":"wp","href":"https:\/\/api.w.org\/{rel}","templated":true}]}}