{"id":6208,"date":"2012-12-06T11:29:25","date_gmt":"2012-12-06T14:29:25","guid":{"rendered":"http:\/\/rioonwatch.org\/?p=6208"},"modified":"2016-02-19T09:25:55","modified_gmt":"2016-02-19T12:25:55","slug":"demolished-memory","status":"publish","type":"post","link":"https:\/\/rioonwatch.org\/?p=6208","title":{"rendered":"Demolished Memory"},"content":{"rendered":"<p style=\"text-align: right;\"><a href=\"http:\/\/bit.ly\/SBeJP0\" target=\"_blank\"><strong><em>Clique aqui para Portugu\u00eas<img decoding=\"async\" width=\"20\" height=\"20\" class=\"alignright size-full wp-image-23766\" src=\"http:\/\/www.rioonwatch.org\/wp-content\/uploads\/2012\/08\/PT-e1439583827971.png\" alt=\"\" \/><\/em><\/strong><\/a><\/p>\n<p><em>For Portuguese original in O Globo click <a href=\"http:\/\/on.fb.me\/R9g6pS\" target=\"_blank\">here<\/a>\u00a0(or <a href=\"http:\/\/bit.ly\/SBeJP0\" target=\"_blank\">here<\/a>).<\/em><\/p>\n<p>The government of the State of Rio de Janeiro holds firm its decision to <a href=\"http:\/\/bit.ly\/YEyWIS\">demolish the Municipal School Arthur Freidenriech<\/a>, with almost half a century of existence as one of the best public educational institutions in the city, next to the Maracan\u00e3 stadium. The school will be replaced by practice fields for the players disputing the games at the renovated stadium. Those in positions of power argue that the school will not be impacted, that it will be transferred to a new building in the neighborhood of S\u00e3o Cristov\u00e3o.<\/p>\n<p><img fetchpriority=\"high\" decoding=\"async\" class=\"alignright size-full wp-image-6217\" title=\"Rua da Carioca 1900\" src=\"http:\/\/www.rioonwatch.org\/wp-content\/uploads\/2012\/12\/Rua-da-Carioca-1900.jpg\" alt=\"\" width=\"336\" height=\"229\" srcset=\"https:\/\/rioonwatch.org\/wp-content\/uploads\/2012\/12\/Rua-da-Carioca-1900.jpg 700w, https:\/\/rioonwatch.org\/wp-content\/uploads\/2012\/12\/Rua-da-Carioca-1900-300x204.jpg 300w\" sizes=\"(max-width: 336px) 100vw, 336px\" \/>Well-dressed government technocrats ignore that a <a href=\"http:\/\/bit.ly\/QF9Swx\">place is not comprised solely of the materials used to build it<\/a>. The Freidenriech School, more than just a building, is a collection of memories, aspirations, anxieties, dreams, disappointments, conquests, weaknesses, happiness and inventions of the lives of innumerable generations that sat on its benches. A school is, therefore, also the result of the intangible experiences, material of the memory accumulated through the generations of professors and students that experienced the adventure of learning.<\/p>\n<p>The indigenous tribe of the sacred Moren\u00e1 beach, in the Xingu, say that in the trunks of trees live, enchanted and perpetuated, the spirits of their ancestors. When a Candombl\u00e9 (Afro-Brazilian religious) ritual terrace is created, participants plant in the soil, in ceremonies involving natural elements, the Ax\u00e9 (spiritual power) of the house, which will hold in that location the knowledge that ancestors give to the community. They know, the Indians and Afro-Brazilians, that <a href=\"http:\/\/bit.ly\/UDow9P\">experience is pinned to certain locations<\/a>, locations made sacred by what was lived there.<\/p>\n<p>Destroying the school is, therefore, to kill the Ax\u00e9, chop down the trunks of the sacred trees and break the bond of the ancestors that make life in the community possible. There are innumerous students whose parents studied in the Municipal School Arthur Freidenriech. Imagine what it means for a child, in establishing his references, to know that the classroom where he learns is the same one where his parents learned. The school in S\u00e3o Cristov\u00e3o may keep the name, the teachers and the instructional quality, but it will never be the school at Maracan\u00e3, with all its decades of accumulated affective memory.<\/p>\n<p><img decoding=\"async\" class=\"alignright size-full wp-image-6218\" title=\"Rua da Carioca 2012 by Luis Fernando Reis\" src=\"http:\/\/www.rioonwatch.org\/wp-content\/uploads\/2012\/12\/Rua-da-Carioca-2012.jpg\" alt=\"\" width=\"315\" height=\"204\" srcset=\"https:\/\/rioonwatch.org\/wp-content\/uploads\/2012\/12\/Rua-da-Carioca-2012.jpg 450w, https:\/\/rioonwatch.org\/wp-content\/uploads\/2012\/12\/Rua-da-Carioca-2012-300x194.jpg 300w\" sizes=\"(max-width: 315px) 100vw, 315px\" \/>Something similar is about to happen with the centuries-old houses of <a href=\"http:\/\/bit.ly\/TLXd8H\">Rua da Carioca<\/a>. An investment bank <a href=\"http:\/\/bit.ly\/VySI6J\">bought the houses<\/a>, and with the cold logic of easy profit, puts at risk all the tradition that one of Rio&#8217;s most traditional streets has accumulated. Rua da Carioca&#8217;s Ax\u00e9, with its century-old restaurants and stores selling musical instruments, is at risk of succumbing to the dangers of decorative pillows full of money that know as much of the soul of the old street as an Eskimo knows of Madureira.<\/p>\n<p>The city of Rio de Janeiro, seen by men of power as a watering-hole of mega-events, a tropical Disneyland of the 21<sup>st<\/sup> Century, is having its deepest references destroyed. The fury of modernization, accustomed to big business, crushes the intangible and that which cannot be measured by the logic of the financial market: Carioca (Rio) culture and its places of memory; powerful bonds of connection with the past, living lessons of the ancestry of a people who made sacred in celebration rituals our beaches, corners, pubs, lofts and schools of our territory.<\/p>\n","protected":false},"excerpt":{"rendered":"<div class=\"mh-excerpt\"><p>Clique aqui para Portugu\u00eas For Portuguese original in O Globo click here\u00a0(or here). The government of the State of Rio de Janeiro holds firm its decision to demolish the Municipal School Arthur Freidenriech, with almost <a class=\"mh-excerpt-more\" href=\"https:\/\/rioonwatch.org\/?p=6208\" title=\"Demolished Memory\">[&#8230;]<\/a><\/p>\n<\/div>","protected":false},"author":5,"featured_media":6222,"comment_status":"open","ping_status":"closed","sticky":false,"template":"","format":"standard","meta":{"_monsterinsights_skip_tracking":false,"_monsterinsights_sitenote_active":false,"_monsterinsights_sitenote_note":"","_monsterinsights_sitenote_category":0,"footnotes":""},"categories":[1293,335,1330,336],"tags":[662,504,397,674,188,165,673],"writer":[672],"translator":[407],"illustrator":[],"photographer":[],"class_list":{"0":"post-6208","1":"post","2":"type-post","3":"status-publish","4":"format-standard","5":"has-post-thumbnail","7":"category-evictionswatch","8":"category-policies","9":"category-translation","10":"category-violations","11":"tag-afro-brazilian-culture","12":"tag-culture","13":"tag-education","14":"tag-memory","15":"tag-history","16":"tag-maracana","17":"tag-misplaced-public-priorities","18":"writer-luiz-antonio-simas","19":"translator-elizabeth-gladding"},"_links":{"self":[{"href":"https:\/\/rioonwatch.org\/index.php?rest_route=\/wp\/v2\/posts\/6208","targetHints":{"allow":["GET"]}}],"collection":[{"href":"https:\/\/rioonwatch.org\/index.php?rest_route=\/wp\/v2\/posts"}],"about":[{"href":"https:\/\/rioonwatch.org\/index.php?rest_route=\/wp\/v2\/types\/post"}],"author":[{"embeddable":true,"href":"https:\/\/rioonwatch.org\/index.php?rest_route=\/wp\/v2\/users\/5"}],"replies":[{"embeddable":true,"href":"https:\/\/rioonwatch.org\/index.php?rest_route=%2Fwp%2Fv2%2Fcomments&post=6208"}],"version-history":[{"count":0,"href":"https:\/\/rioonwatch.org\/index.php?rest_route=\/wp\/v2\/posts\/6208\/revisions"}],"wp:featuredmedia":[{"embeddable":true,"href":"https:\/\/rioonwatch.org\/index.php?rest_route=\/wp\/v2\/media\/6222"}],"wp:attachment":[{"href":"https:\/\/rioonwatch.org\/index.php?rest_route=%2Fwp%2Fv2%2Fmedia&parent=6208"}],"wp:term":[{"taxonomy":"category","embeddable":true,"href":"https:\/\/rioonwatch.org\/index.php?rest_route=%2Fwp%2Fv2%2Fcategories&post=6208"},{"taxonomy":"post_tag","embeddable":true,"href":"https:\/\/rioonwatch.org\/index.php?rest_route=%2Fwp%2Fv2%2Ftags&post=6208"},{"taxonomy":"writer","embeddable":true,"href":"https:\/\/rioonwatch.org\/index.php?rest_route=%2Fwp%2Fv2%2Fwriter&post=6208"},{"taxonomy":"translator","embeddable":true,"href":"https:\/\/rioonwatch.org\/index.php?rest_route=%2Fwp%2Fv2%2Ftranslator&post=6208"},{"taxonomy":"illustrator","embeddable":true,"href":"https:\/\/rioonwatch.org\/index.php?rest_route=%2Fwp%2Fv2%2Fillustrator&post=6208"},{"taxonomy":"photographer","embeddable":true,"href":"https:\/\/rioonwatch.org\/index.php?rest_route=%2Fwp%2Fv2%2Fphotographer&post=6208"}],"curies":[{"name":"wp","href":"https:\/\/api.w.org\/{rel}","templated":true}]}}