{"id":62115,"date":"2020-09-18T14:32:39","date_gmt":"2020-09-18T17:32:39","guid":{"rendered":"https:\/\/www.rioonwatch.org\/?p=62115"},"modified":"2020-09-19T15:21:51","modified_gmt":"2020-09-19T18:21:51","slug":"public-works-and-a-foot-in-the-door-police-occupation-is-new-normal-in-complexo-do-viradouro-video","status":"publish","type":"post","link":"https:\/\/rioonwatch.org\/?p=62115","title":{"rendered":"Public Works and a Foot in the Door: Police Occupation is \u2018New Normal\u2019 in Complexo do Viradouro"},"content":{"rendered":"<p style=\"text-align: right;\"><a href=\"https:\/\/bit.ly\/3maSBgx\" target=\"_blank\" rel=\"noopener noreferrer\"><strong><em>Clique aqui para Portugu\u00eas<img decoding=\"async\" class=\"alignright size-full wp-image-23766\" src=\"https:\/\/www.rioonwatch.org\/wp-content\/uploads\/2012\/08\/PT-e1439583827971.png\" width=\"20\" height=\"20\" \/><\/em><\/strong><\/a><\/p>\n<p><em><i data-stringify-type=\"italic\">This is our latest article on the\u00a0<\/i><i data-stringify-type=\"italic\"><a class=\"c-link\" href=\"https:\/\/bit.ly\/CoronavirusNasFavelas\" target=\"_blank\" rel=\"noopener noreferrer\" aria-describedby=\"slack-kit-tooltip\">Covid-19 and its impacts on the favelas<\/a>.<\/i><\/em><\/p>\n<p>Residents of the Complexo do Viradouro favelas of <a href=\"https:\/\/bit.ly\/32CGGR0\" target=\"_blank\" rel=\"noopener noreferrer\">Niter\u00f3i<\/a>, Rio de Janeiro&#8217;s sister city across the Guanabara Bay, were surprised by the challenges of living through the <a href=\"https:\/\/bit.ly\/2RD5IJR\" target=\"_blank\" rel=\"noopener noreferrer\">Covid-19<\/a> pandemic alongside another \u201cnew normal\u201d: that of an ongoing police occupation. Since August 19, residents have been under the control of the Special Operations Command (COE), the Canine Action Batallion (BAC), the <a href=\"https:\/\/bit.ly\/361kaUb\" target=\"_blank\" rel=\"noopener noreferrer\">Shock Police Batallion<\/a>\u00a0(BPChq), and the <a href=\"https:\/\/bit.ly\/2y7HPUj\" target=\"_blank\" rel=\"noopener noreferrer\">Special Operations Battalion<\/a> (BOPE, akin to the SWAT in the United States). The operation is taking place even in the time of Brazilian Supreme Court order <a href=\"https:\/\/bit.ly\/3eQenBl\" target=\"_blank\" rel=\"noopener noreferrer\">ADPF 635<\/a>, which has <a href=\"https:\/\/bit.ly\/2BtISPV\" target=\"_blank\" rel=\"noopener noreferrer\">suspended police operations in favelas<\/a> of Rio during the Covid-19 pandemic.<\/p>\n<p>The ongoing operation &#8220;was communicated ahead of time to the <a href=\"https:\/\/bit.ly\/3kzLNYu\" target=\"_blank\" rel=\"noopener noreferrer\">Public Prosecutor<\/a> and is set to continue for an indefinite period of time,&#8221; the State Secretary of Military Police told <em>RioOnWatch <\/em>in a statement.<\/p>\n<p>\u201cThe community did not oppose the operation at the outset, but after two days of violations, residents began to give visibility to police abuses,\u201d explained Jos\u00e9.*<\/p>\n<p>Fifteen days ago, <em>RioOnWatch<\/em> received reports and complaints of police violence from residents. They are abuses committed at any time of day: physical and verbal assaults, invasions of homes, abusive searches, and even torture by state public security agents.<\/p>\n<p><a href=\"https:\/\/www.rioonwatch.org\/wp-content\/uploads\/2020\/09\/Complexo-do-Viradouro-Residents-House.png\"><img fetchpriority=\"high\" decoding=\"async\" class=\"aligncenter wp-image-62118\" title=\"Complexo do Viradouro resident's house.\" src=\"https:\/\/www.rioonwatch.org\/wp-content\/uploads\/2020\/09\/Complexo-do-Viradouro-Residents-House-620x264.png\" alt=\"\" width=\"620\" height=\"264\" \/><\/a><\/p>\n<p>\u201cI feel afraid of going through a situation of police occupation, where you are not sure of anything. You leave the house and don&#8217;t know what will happen, whether they will enter your house [while you&#8217;re one] or not. There are reports that they not only invaded homes, but verbally assaulted women and that there were even physical attacks. There was a neighbor who saw them [the police] entering a resident&#8217;s house and shouted a warning: \u2018That\u2019s a resident&#8217;s house. Don&#8217;t do that!\u2019 They did it! And they even went there to attack that lady. It\u2019s a terror!,\u201d said Jo\u00e3o.*<\/p>\n<p>The atmosphere is very fearful inside the community formed by Largo da Garganta and various favelas on hillsides: Africano, Uni\u00e3o, Papagaio, Viradouro, and Cruz. With Morro do Zulu and Atalaia as neighboring communities, they are all located between Santa Rosa, Pendotiba and S\u00e3o Francisco, with access through Estrada da Garganta and Estrada Cachoeira, in Niter\u00f3i.<\/p>\n<p><a href=\"https:\/\/www.rioonwatch.org\/wp-content\/uploads\/2020\/09\/Mototaxi-Stop-Demand-Respect-Complexo-do-Vradouro.png\"><img decoding=\"async\" class=\"alignright wp-image-62119 size-medium\" title=\"Electronic flyer for protest on behalf of motorcycle taxi drivers.\" src=\"https:\/\/www.rioonwatch.org\/wp-content\/uploads\/2020\/09\/Mototaxi-Stop-Demand-Respect-Complexo-do-Vradouro-229x300.png\" alt=\"\" width=\"229\" height=\"300\" srcset=\"https:\/\/rioonwatch.org\/wp-content\/uploads\/2020\/09\/Mototaxi-Stop-Demand-Respect-Complexo-do-Vradouro-229x300.png 229w, https:\/\/rioonwatch.org\/wp-content\/uploads\/2020\/09\/Mototaxi-Stop-Demand-Respect-Complexo-do-Vradouro.png 601w\" sizes=\"(max-width: 229px) 100vw, 229px\" \/><\/a>\u201cUnfortunately, this is a pattern of police behavior towards those who live inside the communities. And we live through this on Wednesday, Thursday, Friday, Saturday, Sunday\u2026 The moto-taxi drivers wanted to work and they didn&#8217;t let them. They [the police] didn\u2019t just prevent them, they even threatened to throw grenades at the moto-taxi point. Absurd,\u201d said Jos\u00e9.<\/p>\n<p>According to him, motorcycle taxi drivers had to move to another location farther down Jos\u00e9 Gomes da Cruz Street to be able to work and serve residents. Motorcycle taxi drivers have been recognized as an official profession in Brazil, regulated by law, since July 2009.<\/p>\n<p>The so-called <a href=\"https:\/\/bit.ly\/30dPHP7\" target=\"_blank\" rel=\"noopener noreferrer\">ADPF das Favelas<\/a> Supreme Court decision\u00a0is a symbolic victory for social movements and favelas. But despite restricting police operations under penalty of civil and criminal accountability during the Covid-19 pandemic, it leaves room for the use of state security forces, a window for these police operations to be carried out in \u201cexceptional\u201d cases. In case such an exceptional need is to be claimed, however, the security forces must first communicate notice to the Public Prosecutor&#8217;s Office, informing the conditions of this exceptionality.<\/p>\n<p>That is exactly what the <a href=\"http:\/\/bit.ly\/2WQxnqh\" target=\"_blank\" rel=\"noopener noreferrer\">Military Police<\/a>\u00a0has been doing in several favelas throughout the <a href=\"http:\/\/bit.ly\/2IqnU52\" target=\"_blank\" rel=\"noopener noreferrer\">Greater Rio metropolitan region<\/a> since the ADPF came into force. As required, the Military Police sends a prior notice to the Public Prosecutor\u2014responsible for the external control of police activity\u2014informs the exceptionality, and acts. We have a new standard of action for the State Secretary of Military Police under the ADPF.<\/p>\n<p><a href=\"https:\/\/www.rioonwatch.org\/wp-content\/uploads\/2020\/09\/PMERJs-Press-Release.png\"><img loading=\"lazy\" decoding=\"async\" class=\"aligncenter wp-image-62120 size-full\" src=\"https:\/\/www.rioonwatch.org\/wp-content\/uploads\/2020\/09\/PMERJs-Press-Release.png\" alt=\"\" width=\"879\" height=\"178\" srcset=\"https:\/\/rioonwatch.org\/wp-content\/uploads\/2020\/09\/PMERJs-Press-Release.png 879w, https:\/\/rioonwatch.org\/wp-content\/uploads\/2020\/09\/PMERJs-Press-Release-300x61.png 300w, https:\/\/rioonwatch.org\/wp-content\/uploads\/2020\/09\/PMERJs-Press-Release-768x156.png 768w\" sizes=\"(max-width: 879px) 100vw, 879px\" \/><\/a><\/p>\n<p>In some of Brazil\u2019s public security institutions, there exists a culture that external checks should be handled after and not prior to the fact. In this way, the ADPF can be interpreted as a protocol for the notification of exceptionalities, and not necessarily a request for the authorization of action from the Public Prosecutor.<\/p>\n<p>The ADPF restricts actions in favelas during the pandemic. Therefore, it helps prevent police missteps through the mandatory submission of a justification, which facilitates possible external supervision and evaluation by the Prosecutor&#8217;s Office and Supreme Court. At the same time, however, it does not totally prevent police occupations of favelas, because a prerogative remains for the State to act in &#8220;exceptional cases&#8221; in the realm of public security.<\/p>\n<p>The statement sent by the <a href=\"https:\/\/bit.ly\/32gjE1W\" target=\"_blank\" rel=\"noopener noreferrer\">Center for Operational Support of Criminal Justice Prosecutors<\/a> from the Public Prosecutor reveals this game. When reached by <em>RioOnWatch<\/em>, the institution confirmed that it received confirmation of the operation in Complexo do Viradouro from the Military Police\u00a0 on August 19, and that it &#8220;forwarded the case to the prosecutors with attributions for analysis.\u201d<\/p>\n<p><a href=\"https:\/\/www.rioonwatch.org\/wp-content\/uploads\/2020\/09\/Public-Ministrys-Press-Release.png\"><img loading=\"lazy\" decoding=\"async\" class=\"aligncenter wp-image-62121 size-full\" src=\"https:\/\/www.rioonwatch.org\/wp-content\/uploads\/2020\/09\/Public-Ministrys-Press-Release.png\" alt=\"\" width=\"868\" height=\"115\" srcset=\"https:\/\/rioonwatch.org\/wp-content\/uploads\/2020\/09\/Public-Ministrys-Press-Release.png 868w, https:\/\/rioonwatch.org\/wp-content\/uploads\/2020\/09\/Public-Ministrys-Press-Release-300x40.png 300w, https:\/\/rioonwatch.org\/wp-content\/uploads\/2020\/09\/Public-Ministrys-Press-Release-768x102.png 768w\" sizes=\"(max-width: 868px) 100vw, 868px\" \/><\/a><\/p>\n<p>Meanwhile, Jo\u00e3o&#8217;s days remain ruled by this \u201cnew normal,\u201d not only due to the effects of the global health crisis, but also due to a police occupation in the middle of the Covid-19 pandemic.<\/p>\n<p>\u201cEvery day it gets worse. [On August 30] there was a case here of a guy who got captured and badly beat. They broke his ribs, cut [him] with a knife. That was at night. And you don&#8217;t know&#8230; yesterday it was him, tomorrow it could be me. You don&#8217;t know what&#8217;s going on. You leave for work and when you come back\u2026 you don\u2019t know. What legislation is this that authorizes a policeman who is circling, at nearly midnight, on the hill to pick up anyone, randomly, to beat up? To enter the resident&#8217;s home without a court order? It&#8217;s all wrong, right?\u201d Jo\u00e3o said.<\/p>\n<p><em>RioOnWatch<\/em> reached out to the Military Police of the State of Rio de Janeiro (PMERJ) to find out what exceptionality justified the decision of a police operation in Complexo do Viradouro. According to the newspaper <a href=\"https:\/\/bit.ly\/3hehHIy\" target=\"_blank\" rel=\"noopener noreferrer\"><em>O S\u00e3o Gon\u00e7alo<\/em><\/a>, the decision behind the police occupation was due to <a href=\"https:\/\/bit.ly\/333KIRg\" target=\"_blank\" rel=\"noopener noreferrer\">supposed extortion by local drug traffickers<\/a> in exchange for access to public services. Yet, the State Secretary of the Military Police did not confirm this information. They just said that the \u201cexceptionality\u201d followed the legal requirements and that the decision rests with the Public Prosecutor&#8217;s Office.<\/p>\n<p><a href=\"https:\/\/www.rioonwatch.org\/wp-content\/uploads\/2020\/09\/Protest-on-the-doors-and-social-media-in-Complexo-do-Viradouro.jpg\"><img loading=\"lazy\" decoding=\"async\" class=\"alignright wp-image-62122\" title=\"&quot;Don't break down my door. House of resident. Left to work.&quot;\" src=\"https:\/\/www.rioonwatch.org\/wp-content\/uploads\/2020\/09\/Protest-on-the-doors-and-social-media-in-Complexo-do-Viradouro-297x300.jpg\" alt=\"\" width=\"261\" height=\"264\" srcset=\"https:\/\/rioonwatch.org\/wp-content\/uploads\/2020\/09\/Protest-on-the-doors-and-social-media-in-Complexo-do-Viradouro-297x300.jpg 297w, https:\/\/rioonwatch.org\/wp-content\/uploads\/2020\/09\/Protest-on-the-doors-and-social-media-in-Complexo-do-Viradouro.jpg 709w\" sizes=\"(max-width: 261px) 100vw, 261px\" \/><\/a>In this context, <em>RioOnWatch<\/em> again sought out the Public Prosecutor. By email, we asked the following questions: \u201cWhat was the exceptionality presented for a permanent and continuous occupation by PMERJ of Complexo do Viradouro? Was the Prosecutor aware that the operation on August 19 was treated like a police occupation? Did PMERJ inform them that the operation was of \u201cindefinite length\u201d? Ten days passed with no response.<\/p>\n<h3>\u201cWe Expected Public Works, Not Police!\u201d<\/h3>\n<p>Residents of the Viradouro Complex were anxiously awaiting the start of infrastructure projects promised by the City of Niter\u00f3i, with an <a href=\"https:\/\/bit.ly\/3bcf7ke\" target=\"_blank\" rel=\"noopener noreferrer\">investment of R$50 million<\/a> (US$9.5 million). The improvement project foresees the building of containment slopes and improved sanitation, the installation of a digital urban platform, a technical school, a cultural center, a multi-sport court and three new community spaces with leisure equipment. However, along with the dreams of improvements, along with the construction, a foot kicked in the front door.<\/p>\n<p>One of the courts with gym equipment for the elderly was destroyed. It will give way to a police booth. <a href=\"https:\/\/bit.ly\/3bGYAos\" target=\"_blank\" rel=\"noopener noreferrer\">Divided into three phases<\/a>, the police occupation in the Viradouro Complex foresees the installation of two police booths for the permanence of continuous policing in the region.<\/p>\n<p>\u201cWe expected public works, not police! But apparently, they took advantage of the justification of construction to send the police. Instead of them [police] gaining support, they are losing their prestige in the community because of the way this operation is being carried out,\u201d affirmed Jos\u00e9.<\/p>\n<p>In front of the houses invaded by the police, residents started pasting handwritten notices on the doors asking for respect: \u201cPolice officers. Don&#8217;t break into my house again. I left to go to work. I&#8217;m only coming back at night. Home of a Resident. Good morning, Good afternoon, Good night. [Signed,] Resident.\u201d The notices are cordial as a form of mediation against the rifles, hooded men and brutality. Some even draw hearts on the notes.<\/p>\n<p><a href=\"https:\/\/www.rioonwatch.org\/wp-content\/uploads\/2020\/09\/Please-Dont-Break-Into-my-House-Again-I-Just-Left-Because-I-Have-to-Go-to-Work.-I-Will-Only-Come-Back-at-Night-Residents-Note-to-Police-Officers-in-Complexo-do-Viradouro.png\"><img loading=\"lazy\" decoding=\"async\" class=\"alignright wp-image-62124\" title=\"&quot;Sirs police officers. Please don't break into my house again. I left to work, I only get back at night. Home of a resident! Good morning, good afternoon, good evening.&quot;\" src=\"https:\/\/www.rioonwatch.org\/wp-content\/uploads\/2020\/09\/Please-Dont-Break-Into-my-House-Again-I-Just-Left-Because-I-Have-to-Go-to-Work.-I-Will-Only-Come-Back-at-Night-Residents-Note-to-Police-Officers-in-Complexo-do-Viradouro.png\" alt=\"\" width=\"261\" height=\"353\" srcset=\"https:\/\/rioonwatch.org\/wp-content\/uploads\/2020\/09\/Please-Dont-Break-Into-my-House-Again-I-Just-Left-Because-I-Have-to-Go-to-Work.-I-Will-Only-Come-Back-at-Night-Residents-Note-to-Police-Officers-in-Complexo-do-Viradouro.png 477w, https:\/\/rioonwatch.org\/wp-content\/uploads\/2020\/09\/Please-Dont-Break-Into-my-House-Again-I-Just-Left-Because-I-Have-to-Go-to-Work.-I-Will-Only-Come-Back-at-Night-Residents-Note-to-Police-Officers-in-Complexo-do-Viradouro-222x300.png 222w\" sizes=\"(max-width: 261px) 100vw, 261px\" \/><\/a>The police abuses follow a pattern. Upon entering the community, if the house is closed, the door is broken in. Inside the houses, the police throw things in the air searching everything, including electrical circuit breakers. They break plaster ceilings, eat food from the resident&#8217;s refrigerator, and even steal things that they judge to be of value. \u201cSmall business owners were missing money, products from inside the house and from their businesses. It is this routine that occurs in the communities, in addition to abuse of the elderly. They entered the woman\u2019s house screaming in ignorance,\u201d said Jos\u00e9.<\/p>\n<p>The climate within the community is one of panic. Residents fear police reprisals. Jos\u00e9 only decided to speak because he hopes that the exposure of this violence will help curb the abuse and prevent a tragedy. And also to \u201cgain a voice and be able to breathe.\u201d He clamored: \u201cThere has to be someone to shout for us! Because our voice is very difficult to be heard by our elite.&#8221;<\/p>\n<p>According to the newspaper <a href=\"https:\/\/glo.bo\/332BhS8\" target=\"_blank\" rel=\"noopener noreferrer\"><em>O Globo<\/em><\/a> &#8220;the operation would have started at the request of Mayor Rodrigo Neves to Governor <a href=\"http:\/\/bit.ly\/2O76vSy\" target=\"_blank\" rel=\"noopener noreferrer\">Wilson Witzel<\/a>,&#8221; with authorization from the police command as part of a request from the City of Niter\u00f3i to carry out the construction. \u201cWe in the community only know what comes out in the press. Until now no one knows the real reason for this,\u201d said Jo\u00e3o.<\/p>\n<p>\u201cWhen we heard about the operation at Complexo do Viradouro, we understood that it was urgent to demand explanations from City Hall and the Military Police. We also consider it necessary to resort to the Public Prosecutor, the <a href=\"http:\/\/bit.ly\/2LrztMk\" target=\"_blank\" rel=\"noopener noreferrer\">Public Defender&#8217;s Office<\/a> and the National Council of Human Rights to verify the legality of this operation, since a decision by the Supreme Court prohibits police operations in the context of the pandemic, except in exceptional circumstances, which, in this case, are not clear,\u201d said the president of the Human Rights Commission of the City Council of Niter\u00f3i, Councilman <a href=\"https:\/\/bit.ly\/2Zs4hBK\" target=\"_blank\" rel=\"noopener noreferrer\">Renatinho do PSOL<\/a>.<\/p>\n<p>He sent letters to the Niter\u00f3i city government and the 12th Military Police Battalion asking for clarification about the police occupation at the Viradouro Complex, on August 20. Among the questions, the councilman asked: \u201cDid the City of Niter\u00f3i in any way request, recommend or encourage the occupation of the Viradouro Complex by PMERJ? On what terms will City Hall collaborate with the aforementioned occupation of the Viradouro Complex?\u201d The letters have a response deadline of 20 days, extendable for another ten.<\/p>\n<p>Federal congresswoman Tal\u00edria Petrone and state congressman Fl\u00e1vio Serafini, lawmakers representing the city of Niter\u00f3i, also sent letters on August 25. They ask for an appointment with Mayor Rodrigo Neves, in the presence of Colonel Sylvio Guerra, commander of the 12th Battalion of the Military Police.<\/p>\n<h3>Residents Mobilize #RespectResidentHomes<\/h3>\n<p>On August 26, residents held the protest \u201cUs for Ourselves at Morro da Uni\u00e3o\u201d organized and carried out by black women of the community, who produced signs made of sheets to be placed on the windows and walls of resident homes with the hashtag <a href=\"https:\/\/bit.ly\/32W7T02\" target=\"_blank\" rel=\"noopener noreferrer\">#LarDeMoradorRespeite<\/a> (#RespectResidentHomes).<\/p>\n<p>Residents also pamphleted homes to raise awareness of police abuse. They are using a strategy of whistling when police officers enter the homes to search, so that other residents go to the house in question and supervise the work of the police. \u201cIt&#8217;s us for us\u2026The whistle is coming from Carol&#8217;s house, let&#8217;s go to Carol&#8217;s house to show that this resident is not alone. When the police enter our house, we say so. The police entered Larissa&#8217;s house and Larissa spoke, shared it with everyone here&#8230; But that was afterward. The idea is that we have to act before [the police enter]\u2026 [The police officer normally argues] &#8216;Ah, but I\u2019m just looking.\u2019 Yeah, but you will look with a ton of residents watching you,\u201d explains a resident in the video <a href=\"https:\/\/bit.ly\/2Z6e2Fw\" target=\"_blank\" rel=\"noopener noreferrer\"><em>Us for Us<\/em><\/a>. The #LarDeMoradorRespeite resistance movement started at Morro da Uni\u00e3o and inspired <a href=\"https:\/\/bit.ly\/2Zjbl3J\" target=\"_blank\" rel=\"noopener noreferrer\">other black women from other favelas<\/a> that form the Complexo do Viradouro.<\/p>\n<p><iframe src=\"https:\/\/www.youtube.com\/embed\/IiahjpCc73E\" width=\"620\" height=\"349\" frameborder=\"0\" allowfullscreen=\"allowfullscreen\"><span data-mce-type=\"bookmark\" style=\"display: inline-block; width: 0px; overflow: hidden; line-height: 0;\" class=\"mce_SELRES_start\">\ufeff<\/span><\/iframe><\/p>\n<h3>Answers Don&#8217;t Come<\/h3>\n<p>Hearing only silence from public authorities, on September 2, federal congresswoman Tal\u00edria Petrone and state congressman Fl\u00e1vio Serafini <a href=\"https:\/\/bit.ly\/3jOlhdq\" target=\"_blank\" rel=\"noopener noreferrer\">sent a letter to Supreme Court Minister Edson Fachin<\/a>, questioning the legality of the Military Police&#8217;s action in Complexo do Viradouro. Fachin is the presiding judge of the temporary hold order that was endorsed by the court by 9 votes on August 4.<\/p>\n<p>Parliamentarians also met with residents of several favelas in Niter\u00f3i at the Public Defender&#8217;s Office, according to a <a href=\"https:\/\/bit.ly\/330eGG0\" target=\"_blank\" rel=\"noopener noreferrer\">Facebook post<\/a> on September 4.<\/p>\n<p><a href=\"https:\/\/www.instagram.com\/tv\/CEu8keKpjMC\/?utm_source=ig_embed\">https:\/\/www.instagram.com\/tv\/CEu8keKpjMC\/?utm_source=ig_embed<\/a><\/p>\n<p>\u201cUpgrading work in favelas is very welcome. However, <a href=\"http:\/\/bit.ly\/2mqkFCq\" target=\"_blank\" rel=\"noopener noreferrer\">why were they announced just now<\/a>, after eight years of government, in the middle of a pandemic, and on the eve of a municipal election? Was this project built in a participatory manner with the local population? The fact is that nothing, not even construction, can justify abuses, arbitrariness or police violence,\u201d affirms Renatinho.<\/p>\n<p>The criticisms of the Complexo do Viradouro residents were sent to the National Human Rights Council, to the Human Rights Commission of the Rio de Janeiro State Legislative Assembly (Alerj), to the State Public Defender&#8217;s Office and the State Public Prosecutor.<\/p>\n<p><em>RioOnWatch<\/em> contacted the City of Niter\u00f3i. By email, we asked about the deadline for completion of the works and the motive for the police occupation in the Viradouro Complex. We also ask for clarification regarding the information that the occupation would have made at the request of <a href=\"https:\/\/bit.ly\/3hehHIy\" target=\"_blank\" rel=\"noopener noreferrer\">Mayor Rodrigo Neves in a meeting with the governor of Rio, Wilson Witzel<\/a>. However, none of these questions have been answered. The statement sent by the City of Niter\u00f3i only states that:<\/p>\n<p><a href=\"https:\/\/www.rioonwatch.org\/wp-content\/uploads\/2020\/09\/Niteroi-City-Halls-Answer-for-the-Case-of-Complexo-do-Viradouro.png\"><img loading=\"lazy\" decoding=\"async\" class=\"aligncenter size-full wp-image-62126\" src=\"https:\/\/www.rioonwatch.org\/wp-content\/uploads\/2020\/09\/Niteroi-City-Halls-Answer-for-the-Case-of-Complexo-do-Viradouro.png\" alt=\"\" width=\"866\" height=\"198\" srcset=\"https:\/\/rioonwatch.org\/wp-content\/uploads\/2020\/09\/Niteroi-City-Halls-Answer-for-the-Case-of-Complexo-do-Viradouro.png 866w, https:\/\/rioonwatch.org\/wp-content\/uploads\/2020\/09\/Niteroi-City-Halls-Answer-for-the-Case-of-Complexo-do-Viradouro-300x69.png 300w, https:\/\/rioonwatch.org\/wp-content\/uploads\/2020\/09\/Niteroi-City-Halls-Answer-for-the-Case-of-Complexo-do-Viradouro-768x176.png 768w\" sizes=\"(max-width: 866px) 100vw, 866px\" \/><\/a><\/p>\n<blockquote><p>The Cabinet of Integrated Management of the City of Niter\u00f3i informs that, in spite of the City fully paying the salaries of police that participate in the State Security Integration Program (Proeis), the policing strategy is the responsibility of the Military Police.<\/p><\/blockquote>\n<p>It is noteworthy that <em>RioOnWatch<\/em> did not ask the City questions about the <a href=\"https:\/\/bit.ly\/2F2VuPI\" target=\"_blank\" rel=\"noopener noreferrer\">State Security Integration Program<\/a> (Proeis). Through an agreement with the State, the mayor of Niter\u00f3i increased the number of Military Police officers working on the perimeter of the city, with all the costs of PM compensation being paid in full by the City of Niter\u00f3i.<\/p>\n<p>\u201cBy the end of 2020, R$300 million (US$57 million) will have been paid in public security. It is the largest investment by a city hall in this area in Brazil. We invest in security more than many states and the results are positive,\u201d affirms Mayor Rodrigo Neves, in an <a href=\"https:\/\/bit.ly\/2F2VuPI\" target=\"_blank\" rel=\"noopener noreferrer\">article on the City&#8217;s news portal<\/a>.<\/p>\n<p>Colonel Sylvio Guerra, in the same news report, states: \u201cNiter\u00f3i is smiling again due to this partnership between the 12th Battalion and the State of Rio de Janeiro with the municipality of Niter\u00f3i. This partnership of ours has been successful and we still have lots to do.\u201d The news item refers to the expansion of the Proeis program in December 2019.<\/p>\n<p><a href=\"https:\/\/www.rioonwatch.org\/wp-content\/uploads\/2020\/09\/Respect-Complexo-do-Viradouro-Residents-Houses.jpg\"><img loading=\"lazy\" decoding=\"async\" class=\"aligncenter wp-image-62127 size-content\" title=\"Photo: Gabril Horsth\" src=\"https:\/\/www.rioonwatch.org\/wp-content\/uploads\/2020\/09\/Respect-Complexo-do-Viradouro-Residents-Houses-620x264.jpg\" alt=\"\" width=\"620\" height=\"264\" srcset=\"https:\/\/rioonwatch.org\/wp-content\/uploads\/2020\/09\/Respect-Complexo-do-Viradouro-Residents-Houses-620x264.jpg 620w, https:\/\/rioonwatch.org\/wp-content\/uploads\/2020\/09\/Respect-Complexo-do-Viradouro-Residents-Houses-940x400.jpg 940w\" sizes=\"(max-width: 620px) 100vw, 620px\" \/><\/a><\/p>\n<p>The city of Niter\u00f3i is the rich neighbor of Rio de Janeiro. And it is proud to boast the <a href=\"https:\/\/glo.bo\/3ii6N4X\" target=\"_blank\" rel=\"noopener noreferrer\">seventh-highest Human Development Index ranking<\/a> in the whole country. According to the Brazilian Institute of Geography and Statistics (IBGE), its GDP per capita in 2017 was R$55,000 ($10,500), while at the national level the per capita average was a little more than R$31,000 (US$5,920) that same year, as pointed out in a <a href=\"https:\/\/bit.ly\/3lOc1HY\" target=\"_blank\" rel=\"noopener noreferrer\">report by <em>El Pa\u00eds<\/em><\/a>. But, what the rich cousin of Rio de Janeiro does not emphasize is that the high-level of quality of life\u2014which includes the right to public security\u2014for the city has a color and a class: white and upper-middle class.<\/p>\n<p>According to data from the Public Security Institute (<a href=\"http:\/\/bit.ly\/36hftCk\" target=\"_blank\" rel=\"noopener noreferrer\">ISP<\/a>) <a href=\"https:\/\/bit.ly\/3bKjBif\" target=\"_blank\" rel=\"noopener noreferrer\">analyzed by Casa Fluminense<\/a>, 60% of all violent deaths that occurred in 2019 in Niter\u00f3i were committed by police officers from the State of Rio. In total, 88% of the victims were black. It is the highest percentage in the whole of Brazil (75.4%) and in the metropolitan region of Rio (79%), higher than Rio de Janeiro proper (81%).<\/p>\n<p>In absolute numbers, in Niter\u00f3i alone, the police killed 125 people. Of these deaths, only 15 were white people. The city of Niter\u00f3i is one of the most segregated in Brazil, <a href=\"http:\/\/bit.ly\/1lWUfTm\" target=\"_blank\" rel=\"noopener noreferrer\">according to <em>Nexo<\/em><\/a>.<\/p>\n<p>\u201cThe fact is that we live in a city in which the main victims of State violence are the poor and black population, from favelas and peripheries. It is not by chance that Niter\u00f3i is the national champion city in racial inequality, according to a survey by the newspaper\u00a0<em>Nexo<\/em>,\u201d emphasized Renatinho.<\/p>\n<h3>Creative Mobilization: Viradouro&#8217;s Artistic Cultural Occupation<\/h3>\n<p>While the responses from the Supreme Court, the Public Defender&#8217;s Office, and the Public Ministry do not arrive, the residents decided to act. On September 5, at the Pracinha of the Viradouro Complex, they held the <a href=\"https:\/\/bit.ly\/2QYBh06\" target=\"_blank\" rel=\"noopener noreferrer\">first edition of the Viradouro Cultural Artistic Occupation<\/a> (OCA). It was a form of resistance to police occupation and the absence of respected rights: the right to life, the city, and housing within the favelas.<\/p>\n<p><a href=\"https:\/\/www.rioonwatch.org\/wp-content\/uploads\/2020\/09\/Viradouros-Artistic-Cultural-Occupation-OCA.jpg\"><img loading=\"lazy\" decoding=\"async\" class=\"aligncenter wp-image-62128 size-content\" title=\"Viradouro's Artistic Cultural Occupation (OCA). Photo: Rafael Lopes\" src=\"https:\/\/www.rioonwatch.org\/wp-content\/uploads\/2020\/09\/Viradouros-Artistic-Cultural-Occupation-OCA-620x264.jpg\" alt=\"\" width=\"620\" height=\"264\" srcset=\"https:\/\/rioonwatch.org\/wp-content\/uploads\/2020\/09\/Viradouros-Artistic-Cultural-Occupation-OCA-620x264.jpg 620w, https:\/\/rioonwatch.org\/wp-content\/uploads\/2020\/09\/Viradouros-Artistic-Cultural-Occupation-OCA-940x400.jpg 940w\" sizes=\"(max-width: 620px) 100vw, 620px\" \/><\/a><\/p>\n<p>The initiative featured artistic presentations from various genres of artists from the community. Among them was the singer Bui\u00fa, who released a CD in 2000, the drums of Folia do Viradouro, and participation by the organization <a href=\"https:\/\/bit.ly\/3bHgWFY\" target=\"_blank\" rel=\"noopener noreferrer\">Conex\u00e3o Favela &amp; Arte<\/a> that works with rap, hip hop and slam in the favela. OCA is supported by the Residents&#8217; Association, which provided pogo sticks and games for children.<\/p>\n<p>\u201cThe authorities have decided to occupy our territory with weapons, rifles, police officers, and they still want to install armored cabins to surveil us. They say it is for our safety, but where it happened it only generated insecurity\u2026 and deaths! <a href=\"https:\/\/bit.ly\/2EjVaMk\" target=\"_blank\" rel=\"noopener noreferrer\">Where is Amarildo<\/a>, [the favela of] <a href=\"http:\/\/bit.ly\/317A4Hx\" target=\"_blank\" rel=\"noopener noreferrer\">Rocinha<\/a> still asks today,\u201d says the manifesto of OCA\u2014Viradouro Cultural Artistic Occupation.<\/p>\n<p><a href=\"https:\/\/www.rioonwatch.org\/wp-content\/uploads\/2020\/09\/Women-in-Complexo-do-Viradouro-Oca-Occupation.-Photo-by-Rafael-Lopes.jpg\"><img loading=\"lazy\" decoding=\"async\" class=\"aligncenter wp-image-62129 size-content\" title=\"Women in Complexo do Viradouro, OCA Occupation. Photo: Rafael Lopes\" src=\"https:\/\/www.rioonwatch.org\/wp-content\/uploads\/2020\/09\/Women-in-Complexo-do-Viradouro-Oca-Occupation.-Photo-by-Rafael-Lopes-620x264.jpg\" alt=\"Women in Complexo do Viradouro, Oca Occupation. Photo by Rafael Lopes\" width=\"620\" height=\"264\" srcset=\"https:\/\/rioonwatch.org\/wp-content\/uploads\/2020\/09\/Women-in-Complexo-do-Viradouro-Oca-Occupation.-Photo-by-Rafael-Lopes-620x264.jpg 620w, https:\/\/rioonwatch.org\/wp-content\/uploads\/2020\/09\/Women-in-Complexo-do-Viradouro-Oca-Occupation.-Photo-by-Rafael-Lopes-940x400.jpg 940w\" sizes=\"(max-width: 620px) 100vw, 620px\" \/><\/a><\/p>\n<p>One of the organizers of the artistic occupation is Alessandro Concei\u00e7\u00e3o, 37, a resident of Morro da Uni\u00e3o, who made it clear: \u201cWe are not against the construction, and to think that is very reductionist. The public works should have already taken place. They&#8217;re already late. As government officials, it is their responsibility to do the construction, whether in Viradouro or in other communities. It&#8217;s an obligation! Nobody was ever against the construction.\u201d<\/p>\n<p>For Concei\u00e7\u00e3o, the problem is the use of the construction as a means to put into practice a police occupation to control the community, a model of public security that resembles the failed <a href=\"http:\/\/bit.ly\/31b2JeF\" target=\"_blank\" rel=\"noopener noreferrer\">UPPs<\/a>.<\/p>\n<p>\u201cThis is a racist discourse of social control. As a black favela resident, I feel that this discourse of racism and slavery is still perpetuated by the authorities. It is very sad that you have to deal with the common idea that since Niter\u00f3i is a middle class city with a majority white middle class, you know that these people feel that this [police occupation in the favela] will make their lives better. In other words, they will be able to walk on the streets with their cell phones and watches, because people like us in Viradouro are being controlled by the police they invented. Therefore, I feel disrespected, <a href=\"http:\/\/bit.ly\/2MwFN6z\" target=\"_blank\" rel=\"noopener noreferrer\">criminalized as a person, marginalized<\/a>,\u201d he protested.<\/p>\n<p><a href=\"https:\/\/www.rioonwatch.org\/wp-content\/uploads\/2020\/09\/Viradouro-Cultural-Artistic-Occupation-OCA.-Photo-by-Rafael-Lopes..jpg\"><img loading=\"lazy\" decoding=\"async\" class=\"aligncenter wp-image-62131 size-content\" title=\"Women in Complexo do Viradouro, OCA Occupation. Photo: Rafael Lopes\" src=\"https:\/\/www.rioonwatch.org\/wp-content\/uploads\/2020\/09\/Viradouro-Cultural-Artistic-Occupation-OCA.-Photo-by-Rafael-Lopes.-620x264.jpg\" alt=\"\" width=\"620\" height=\"264\" srcset=\"https:\/\/rioonwatch.org\/wp-content\/uploads\/2020\/09\/Viradouro-Cultural-Artistic-Occupation-OCA.-Photo-by-Rafael-Lopes.-620x264.jpg 620w, https:\/\/rioonwatch.org\/wp-content\/uploads\/2020\/09\/Viradouro-Cultural-Artistic-Occupation-OCA.-Photo-by-Rafael-Lopes.-940x400.jpg 940w\" sizes=\"(max-width: 620px) 100vw, 620px\" \/><\/a><\/p>\n<p>\u201cThere was a moment in which we were very happy when the Supreme Court approved the ADFP, which prohibited operations in favelas. This gave hope to those who live in the favelas, but we have seen that it is not exactly like that, right? Not only here in Viradouro, but in other communities: they [the police] have found new loopholes. For me, it gives me a feeling of extermination, of tiredness, especially for the black, poor <em>favelado<\/em>, and peripheral populations,\u201d criticizes Concei\u00e7\u00e3o, who is a member of the Center for the <a href=\"https:\/\/bit.ly\/33yVMpW\" target=\"_blank\" rel=\"noopener noreferrer\">Theater of the Oppressed<\/a>.<\/p>\n<p>*<em>Jo\u00e3o, Jos\u00e9 and Maria are all fictional names used by RioOnWatch to protect the security of residents of the favelas of Complexo do Viradouro.<\/em><\/p>\n<p><em>Photos of #LarDeMoradorRespeite (#RespectResidentHomes) by Gabriel Horsth<\/em><br \/>\n<em>Photos of the Viradouro Cultural Artistic Occupation (OCA) by Rafael Lopes<\/em><\/p>\n<hr \/>\n<h4><b>Support our efforts to provide strategic assistance to Rio\u2019s favelas during the Covid-19 pandemic, including\u00a0<\/b><b><i>RioOnWatch<\/i><\/b><b>\u2019s tireless, critical and cutting-edge hyperlocal journalism, online community organizing meetings, and direct support to favelas\u00a0<a href=\"http:\/\/bit.ly\/FavelaCovidResponse\" target=\"_blank\" rel=\"noopener noreferrer\">by clicking here<\/a><\/b><b>.<\/b><\/h4>\n","protected":false},"excerpt":{"rendered":"<div class=\"mh-excerpt\"><p>Clique aqui para Portugu\u00eas This is our latest article on the\u00a0Covid-19 and its impacts on the favelas. Residents of the Complexo do Viradouro favelas of Niter\u00f3i, Rio de Janeiro&#8217;s sister city across the Guanabara Bay, <a class=\"mh-excerpt-more\" href=\"https:\/\/rioonwatch.org\/?p=62115\" title=\"Public Works and a Foot in the Door: Police Occupation is \u2018New Normal\u2019 in Complexo do Viradouro\">[&#8230;]<\/a><\/p>\n<\/div>","protected":false},"author":209,"featured_media":62117,"comment_status":"closed","ping_status":"closed","sticky":false,"template":"","format":"standard","meta":{"_monsterinsights_skip_tracking":false,"_monsterinsights_sitenote_active":false,"_monsterinsights_sitenote_note":"","_monsterinsights_sitenote_category":0,"footnotes":""},"categories":[3071,1288,335,1739,336],"tags":[2069,944,356,1713,3200,3068,910,1396,125,381,2927,1197,25,1679,918,683,1517,551,1990,2773,18,69,809,1189,270,3198,3069,379,268,3197,1474,206,2878],"writer":[3125],"translator":[3194],"illustrator":[],"photographer":[],"class_list":{"0":"post-62115","1":"post","2":"type-post","3":"status-publish","4":"format-standard","5":"has-post-thumbnail","7":"category-coronaviruswatch","8":"category-highlight","9":"category-policies","10":"category-video","11":"category-violations","12":"tag-alerj","13":"tag-cadeamarildo","14":"tag-bope","15":"tag-casa-fluminense","16":"tag-complexo-do-viradouro","17":"tag-coronavirus","18":"tag-creative-organizing","19":"tag-criminalization-of-poverty","20":"tag-drug-traffic","21":"tag-electioneering","22":"tag-flavio-serafini-psol","23":"tag-greater-rio","24":"tag-human-rights","25":"tag-isp","26":"tag-military-police","27":"tag-mobilization","28":"tag-moto-taxi","29":"tag-niteroi","30":"tag-nos-por-nos","31":"tag-prosecutors-office","32":"tag-protest","33":"tag-public-defenders","34":"tag-public-security","35":"tag-racism","36":"tag-resistance","37":"tag-rodrigo-neves","38":"tag-series-coronavirus-in-the-favelas","39":"tag-shock-police","40":"tag-state-violence","41":"tag-taliria-petrone-psol","42":"tag-theatre-of-the-oppressed","43":"tag-upgrading","44":"tag-wilson-witzel","45":"writer-tatiana-lima","46":"translator-natalia-galicza"},"_links":{"self":[{"href":"https:\/\/rioonwatch.org\/index.php?rest_route=\/wp\/v2\/posts\/62115","targetHints":{"allow":["GET"]}}],"collection":[{"href":"https:\/\/rioonwatch.org\/index.php?rest_route=\/wp\/v2\/posts"}],"about":[{"href":"https:\/\/rioonwatch.org\/index.php?rest_route=\/wp\/v2\/types\/post"}],"author":[{"embeddable":true,"href":"https:\/\/rioonwatch.org\/index.php?rest_route=\/wp\/v2\/users\/209"}],"replies":[{"embeddable":true,"href":"https:\/\/rioonwatch.org\/index.php?rest_route=%2Fwp%2Fv2%2Fcomments&post=62115"}],"version-history":[{"count":0,"href":"https:\/\/rioonwatch.org\/index.php?rest_route=\/wp\/v2\/posts\/62115\/revisions"}],"wp:featuredmedia":[{"embeddable":true,"href":"https:\/\/rioonwatch.org\/index.php?rest_route=\/wp\/v2\/media\/62117"}],"wp:attachment":[{"href":"https:\/\/rioonwatch.org\/index.php?rest_route=%2Fwp%2Fv2%2Fmedia&parent=62115"}],"wp:term":[{"taxonomy":"category","embeddable":true,"href":"https:\/\/rioonwatch.org\/index.php?rest_route=%2Fwp%2Fv2%2Fcategories&post=62115"},{"taxonomy":"post_tag","embeddable":true,"href":"https:\/\/rioonwatch.org\/index.php?rest_route=%2Fwp%2Fv2%2Ftags&post=62115"},{"taxonomy":"writer","embeddable":true,"href":"https:\/\/rioonwatch.org\/index.php?rest_route=%2Fwp%2Fv2%2Fwriter&post=62115"},{"taxonomy":"translator","embeddable":true,"href":"https:\/\/rioonwatch.org\/index.php?rest_route=%2Fwp%2Fv2%2Ftranslator&post=62115"},{"taxonomy":"illustrator","embeddable":true,"href":"https:\/\/rioonwatch.org\/index.php?rest_route=%2Fwp%2Fv2%2Fillustrator&post=62115"},{"taxonomy":"photographer","embeddable":true,"href":"https:\/\/rioonwatch.org\/index.php?rest_route=%2Fwp%2Fv2%2Fphotographer&post=62115"}],"curies":[{"name":"wp","href":"https:\/\/api.w.org\/{rel}","templated":true}]}}