{"id":62344,"date":"2020-10-17T12:51:30","date_gmt":"2020-10-17T15:51:30","guid":{"rendered":"https:\/\/www.rioonwatch.org\/?p=62344"},"modified":"2024-03-21T11:17:13","modified_gmt":"2024-03-21T14:17:13","slug":"365-days-without-agatha-vitoria-felix-mother-demands-justice-at-protest-memorial-for-her-daughter-video","status":"publish","type":"post","link":"https:\/\/rioonwatch.org\/?p=62344","title":{"rendered":"365 Days Without \u00c1gatha Vit\u00f3ria F\u00e9lix: Mother Demands Justice at Protest Memorial for her Daughter"},"content":{"rendered":"<p style=\"text-align: right;\"><a href=\"https:\/\/bit.ly\/3j2VY7f\" target=\"_blank\" rel=\"noopener noreferrer\"><em><strong>Clique aqui para Portugu\u00eas<\/strong><\/em><\/a><a href=\"https:\/\/bit.ly\/32ShEhs\"><img decoding=\"async\" class=\"alignright wp-image-23766 size-full\" src=\"https:\/\/www.rioonwatch.org\/wp-content\/uploads\/2012\/08\/PT-e1439583827971.png\" width=\"20\" height=\"20\" \/><\/a><\/p>\n<p>The gesture of arms in an X across the chest, with closed fists, that <a href=\"https:\/\/bit.ly\/3cwp6Bj\" target=\"_blank\" rel=\"noopener noreferrer\">went around the world<\/a> in a photo of <a href=\"https:\/\/glo.bo\/3kI71Dr\" target=\"_blank\" rel=\"noopener noreferrer\">\u00c1gatha F\u00e9lix<\/a><em>\u2014<\/em>an 8-year-old girl who died last year from a shot fired from the rifle of a police officer, in <a href=\"http:\/\/bit.ly\/2ImAzVp\" target=\"_blank\" rel=\"noopener noreferrer\">Complexo do Alem\u00e3o<\/a>\u00a0in Rio&#8217;s <a href=\"http:\/\/bit.ly\/2IgR5qe\" target=\"_blank\" rel=\"noopener noreferrer\">North Zone<\/a><em>\u2014<\/em>was repeated by her mother Vanessa Francisco at the Protest in Memory of \u00c1gatha Vit\u00f3ria F\u00e9lix, a <a href=\"https:\/\/bit.ly\/364eBEn\" target=\"_blank\" rel=\"noopener noreferrer\">livestreamed Instagram event<\/a> organized to demand <a href=\"http:\/\/bit.ly\/2kWXqPW\" target=\"_blank\" rel=\"noopener noreferrer\">justice for her daughter<\/a>\u00a0on September 21. The protest included the participation of <a href=\"http:\/\/bit.ly\/3186JMZ\" target=\"_blank\" rel=\"noopener noreferrer\">Raull Santiago<\/a>, an activist from <a href=\"http:\/\/bit.ly\/2ZlARX7\" target=\"_blank\" rel=\"noopener noreferrer\">Coletivo Papo Reto<\/a> <span style=\"font-weight: 400;\">(Straight Talk Collective), a human rights media collective in the favelas of <\/span><span style=\"font-weight: 400;\">Complexo do Alem\u00e3o<\/span><span style=\"font-weight: 400;\"> and <\/span><a href=\"http:\/\/bit.ly\/34AR8ac\" target=\"_blank\" rel=\"noopener noreferrer\"><span style=\"font-weight: 400;\">Penha<\/span><\/a>; <a href=\"http:\/\/bit.ly\/2ImU7d0\" target=\"_blank\" rel=\"noopener noreferrer\">M\u00f4nica Cunha<\/a>, a human rights activist and founder of <a href=\"https:\/\/bit.ly\/33Y1vFV\" target=\"_blank\" rel=\"noopener noreferrer\">Movimento Moleque<\/a>; and Rodrigo Mondego, a human rights lawyer who is responsible for F\u00e9lix\u2019s case.<\/p>\n<p>\u201cAs a mother, I couldn\u2019t leave this moment blank. I call for justice!\u201d Francisco declared, thanking the support network that organized itself around her in search of justice. F\u00e9lix was shot in the back inside a kombi (transport van) in <a href=\"https:\/\/bit.ly\/33AqqjW\" target=\"_blank\" rel=\"noopener noreferrer\">Morro da Fazendinha<\/a> in Complexo do Alem\u00e3o.<\/p>\n<p>Santiago described the rapid mobilization in the community: \u201cWe have a WhatsApp group in which we monitor violence in Alem\u00e3o when there are police operations or shootings, to stay safe. We knew of \u00c1gatha\u2019s death as soon as it happened\u2026 When something bad happens, the favela becomes agitated. [News site] <a href=\"http:\/\/bit.ly\/2JhMwyE\" target=\"_blank\" rel=\"noopener noreferrer\"><em>Voz das Comunidades<\/em><\/a> called many people to action to raise awareness about what was happening. People wanted to go to the streets, they stayed on the streets, and the next day, there was an even bigger protest. The <a href=\"http:\/\/bit.ly\/2kM4uyR\" target=\"_blank\" rel=\"noopener noreferrer\">whole world ended up knowing about it<\/a>.\u201d<\/p>\n<p>But the activist emphasized that the network&#8217;s speed reflects a State security policy which criminalizes favelas and disregards their residents&#8217; right to life, including children. The <a href=\"http:\/\/bit.ly\/2lrAdWm\" target=\"_blank\" rel=\"noopener noreferrer\">community&#8217;s mobilization<\/a> forced Rio de Janeiro\u2019s <a href=\"https:\/\/bit.ly\/2Sx2E1T\" target=\"_blank\" rel=\"noopener noreferrer\">Civil Police<\/a> to conduct a <a href=\"https:\/\/glo.bo\/3iVLmag\" target=\"_blank\" rel=\"noopener noreferrer\">reenactment of F\u00e9lix&#8217;s death<\/a>. The police inquiry concluded that the shot actually came from the weapon of a Military Police officer.<\/p>\n<p><a href=\"https:\/\/www.rioonwatch.org\/wp-content\/uploads\/2020\/10\/Raull-Santiago.png\"><img fetchpriority=\"high\" decoding=\"async\" class=\"alignright wp-image-62354\" title=\"Translation of sign: &quot;#JusticeForAgatha&quot; Image: Raull Santiago\/Instagram\" src=\"https:\/\/www.rioonwatch.org\/wp-content\/uploads\/2020\/10\/Raull-Santiago.png\" alt=\"\" width=\"300\" height=\"348\" srcset=\"https:\/\/rioonwatch.org\/wp-content\/uploads\/2020\/10\/Raull-Santiago.png 418w, https:\/\/rioonwatch.org\/wp-content\/uploads\/2020\/10\/Raull-Santiago-259x300.png 259w\" sizes=\"(max-width: 300px) 100vw, 300px\" \/><\/a><a href=\"https:\/\/bit.ly\/3kIUwaE\" target=\"_blank\" rel=\"noopener noreferrer\">According to the shootings-tracking platform Fogo Cruzado<\/a>, one year after the death of \u00c1gatha, 28 children in <a href=\"http:\/\/bit.ly\/2OfyX6p\" target=\"_blank\" rel=\"noopener noreferrer\">Greater Rio<\/a> have been shot by the police. Of these, eight did not survive.<\/p>\n<p>\u201cWhat we did was to restore a network which unfortunately we already know how to organize: the contacts that are called into action when someone dies. They include members of the media and residents&#8230; We are not going to accept extermination,\u201d said Santiago.<\/p>\n<p>\u201cWe stand together!\u201d announced Cunha, <a href=\"http:\/\/bit.ly\/2ImU7d0\" target=\"_blank\" rel=\"noopener noreferrer\">who shares the same pain<\/a> as Vanessa, with her arms crossed in front of her chest and fists clenched during the event.<\/p>\n<p>Cunha&#8217;s 20-year-old son, Rafael da Silva Cunha, was <a href=\"http:\/\/bit.ly\/2KdtlWx\" target=\"_blank\" rel=\"noopener noreferrer\">killed by police in 2006<\/a>. She recalled the day of his death: \u201cThe sun was shining wonderfully, one of those days that we Rio de Janeiro residents love. My son would have been barbecuing\u2026 So I was even angrier, because the day was still beautiful. We are chosen to die or we are incarcerated, but what the State didn\u2019t expect is that we would be here today! Look how we are giving the system a beating! It is hurting, but it won&#8217;t work, you will not silence us!\u201d Mentioning the <a href=\"https:\/\/bit.ly\/34cWk5l\" target=\"_blank\" rel=\"noopener noreferrer\">Black Coalition for Rights<\/a>&#8216;s campaign against the <a href=\"http:\/\/bit.ly\/2N3NY8L\" target=\"_blank\" rel=\"noopener noreferrer\">genocide of Brazil\u2019s black population<\/a>, Cunha explained that human rights are not secure as long as there is racism.<\/p>\n<p>\u201cGenocide is the deliberate extermination of people motivated by ethnic, national, racial, religious and sometimes socio-political differences. In Brazil, it is the result of the racism that shapes the State and society, which affects the police, businesses, political institutions and the population as a whole,\u201d <a href=\"https:\/\/bit.ly\/306hAs8\" target=\"_blank\" rel=\"noopener noreferrer\">says the Black Coalition for Rights&#8217; website<\/a>, which reveals that 91% of children killed by \u201cstray bullets\u201d in Rio de Janeiro are black, like F\u00e9lix.<\/p>\n<blockquote class=\"instagram-media\" style=\"background: #FFF; border: 0; border-radius: 3px; box-shadow: 0 0 1px 0 rgba(0,0,0,0.5),0 1px 10px 0 rgba(0,0,0,0.15); margin: 1px; max-width: 540px; min-width: 326px; padding: 0; width: calc(100% - 2px);\" data-instgrm-captioned=\"\" data-instgrm-permalink=\"https:\/\/www.instagram.com\/p\/CFXir8dJT5F\/?utm_source=ig_embed&amp;utm_campaign=loading\" data-instgrm-version=\"12\">\n<div style=\"padding: 16px;\">\n<p>&nbsp;<\/p>\n<div style=\"display: flex; flex-direction: row; align-items: center;\">\n<div style=\"background-color: #f4f4f4; border-radius: 50%; flex-grow: 0; height: 40px; margin-right: 14px; width: 40px;\"><\/div>\n<div style=\"display: flex; flex-direction: column; flex-grow: 1; justify-content: center;\">\n<div style=\"background-color: #f4f4f4; border-radius: 4px; flex-grow: 0; height: 14px; margin-bottom: 6px; width: 100px;\"><\/div>\n<div style=\"background-color: #f4f4f4; border-radius: 4px; flex-grow: 0; height: 14px; width: 60px;\"><\/div>\n<\/div>\n<\/div>\n<div style=\"padding: 19% 0;\"><\/div>\n<div style=\"display: block; height: 50px; margin: 0 auto 12px; width: 50px;\"><\/div>\n<div style=\"padding-top: 8px;\">\n<div style=\"color: #3897f0; font-family: Arial,sans-serif; font-size: 14px; font-style: normal; font-weight: 550; line-height: 18px;\">View this post on Instagram<\/div>\n<\/div>\n<div style=\"padding: 12.5% 0;\"><\/div>\n<div style=\"display: flex; flex-direction: row; margin-bottom: 14px; align-items: center;\">\n<div>\n<div style=\"background-color: #f4f4f4; border-radius: 50%; height: 12.5px; width: 12.5px; transform: translateX(0px) translateY(7px);\"><\/div>\n<div style=\"background-color: #f4f4f4; height: 12.5px; transform: rotate(-45deg) translateX(3px) translateY(1px); width: 12.5px; flex-grow: 0; margin-right: 14px; margin-left: 2px;\"><\/div>\n<div style=\"background-color: #f4f4f4; border-radius: 50%; height: 12.5px; width: 12.5px; transform: translateX(9px) translateY(-18px);\"><\/div>\n<\/div>\n<div style=\"margin-left: 8px;\">\n<div style=\"background-color: #f4f4f4; border-radius: 50%; flex-grow: 0; height: 20px; width: 20px;\"><\/div>\n<div style=\"width: 0; height: 0; border-top: 2px solid transparent; border-left: 6px solid #f4f4f4; border-bottom: 2px solid transparent; transform: translateX(16px) translateY(-4px) rotate(30deg);\"><\/div>\n<\/div>\n<div style=\"margin-left: auto;\">\n<div style=\"width: 0px; border-top: 8px solid #F4F4F4; border-right: 8px solid transparent; transform: translateY(16px);\"><\/div>\n<div style=\"background-color: #f4f4f4; flex-grow: 0; height: 12px; width: 16px; transform: translateY(-4px);\"><\/div>\n<div style=\"width: 0; height: 0; border-top: 8px solid #F4F4F4; border-left: 8px solid transparent; transform: translateY(-4px) translateX(8px);\"><\/div>\n<\/div>\n<\/div>\n<p>&nbsp;<\/p>\n<p style=\"margin: 8px 0 0 0; padding: 0 4px;\"><a style=\"color: #000; font-family: Arial,sans-serif; font-size: 14px; font-style: normal; font-weight: normal; line-height: 17px; text-decoration: none; word-wrap: break-word;\" href=\"https:\/\/www.instagram.com\/p\/CFXir8dJT5F\/?utm_source=ig_embed&amp;utm_campaign=loading\" target=\"_blank\" rel=\"noopener noreferrer\">#justi\u00e7apara\u00e1gatha#justi\u00e7apara\u00e1gatha Mix de emo\u00e7\u00f5es &#x1f613;&#x270a;&#x1f3fe;&#x1f613;&#x270a;&#x1f3fe;&#x270a;&#x1f3fe;&#x1f613;&#x270a;&#x1f3fe;Por\u00e9m n\u00e3o vou me calar. N\u00e3o posso me calar. J\u00e1 at\u00e9 me perguntaram se tenho medo que fa\u00e7am algo comigo, respondi voc\u00ea acha mesmo que tenho medo? Carreguei minha filha nove meses na barriga, senti dores, trabalhava subindo e descendo escada, chegava em casa cheia de dores nas costas, mas a sensa\u00e7\u00e3o era trabalhei mais um dia para garanti meu pagamento e comprar coisas para meu beb\u00ea que estava por vir, sentia felicidade \u00e0 cada m\u00eas que passava era a sensa\u00e7\u00e3o que logo logo eu conheceria seu rosto. Eu j\u00e1 sabia que ela viria linda, eu falava est\u00e1 me deixando feia para vir linda&#x1f92d;. Mix de emo\u00e7\u00f5es &#x270a;&#x1f3fe;&#x1f614;&#x1f614;&#x270a;&#x1f3fe;&#x270a;&#x1f3fe;&#x1f613;&#x1f613; Por\u00e9m n\u00e3o vou me calar. N\u00e3o posso me calar. A espada est\u00e1 passando, quem me mant\u00e9m \u00e9 justo e n\u00e3o dorme. Eu vou ver a justi\u00e7a acontecer. Por que eu n\u00e3o estou dormindo estou agindo e DEUS providenciando a minha Vit\u00f3ria. Conto com todos para o Ato em mem\u00f3ria da minha filha Agatha Vit\u00f3ria, as 19h30 pelo meu Instagram. Mix de emo\u00e7\u00f5es &#x270a;&#x1f3fe;&#x1f614;&#x1f614;&#x270a;&#x1f3fe;&#x270a;&#x1f3fe;&#x1f613;&#x1f613; Por\u00e9m n\u00e3o vou me calar. N\u00e3o posso me calar. #justi\u00e7apara\u00e1gatha#justi\u00e7apara\u00e1gatha<\/a><\/p>\n<p style=\"color: #c9c8cd; font-family: Arial,sans-serif; font-size: 14px; line-height: 17px; margin-bottom: 0; margin-top: 8px; overflow: hidden; padding: 8px 0 7px; text-align: center; text-overflow: ellipsis; white-space: nowrap;\">A post shared by <a style=\"color: #c9c8cd; font-family: Arial,sans-serif; font-size: 14px; font-style: normal; font-weight: normal; line-height: 17px;\" href=\"https:\/\/www.instagram.com\/vanessaf.agatha\/?utm_source=ig_embed&amp;utm_campaign=loading\" target=\"_blank\" rel=\"noopener noreferrer\"> Vanessa Francisco<\/a> (@vanessaf.agatha) on <time style=\"font-family: Arial,sans-serif; font-size: 14px; line-height: 17px;\" datetime=\"2020-09-20T18:08:04+00:00\">Sep 20, 2020 at 11:08am PDT<\/time><\/p>\n<\/div>\n<\/blockquote>\n<p><script async src=\"\/\/www.instagram.com\/embed.js\"><\/script><\/p>\n<blockquote><p>#JusticeFor\u00c1gatha<\/p>\n<p>Mix of emotions. However I will not be silent. I cannot be silent.<\/p>\n<p>People have even asked me if I am afraid of them doing something to me. I replied, do you actually think that I am afraid?<\/p>\n<p>I carried my daughter for nine months in my belly, it was painful, I worked going up and down stairs, I would get home with pain in my back, but the feeling was that I had worked another day to guarantee my pay and to buy things for my baby that was coming, I felt happiness at each month that passed, it was the feeling that soon I would know her face. I already knew that she would be beautiful, I said that she was leaving me ugly to be beautiful.<\/p>\n<p>Mix of emotions. However I will not be silent. I cannot be silent.<\/p>\n<p>The sword is passing, who provides for me is just and does not sleep. I will see justice come to pass. Because I am not sleeping, I am acting, and GOD is providing my Victory.<\/p>\n<p>I am counting on everyone at the protest in memory of my Agatha Vit\u00f3ria, at 7:30pm on my Instagram.<\/p>\n<p>Mix of emotions. However I will not be silent. I cannot be silent.<\/p>\n<p>#JusticeFor\u00c1gatha<\/p><\/blockquote>\n<p>The online protest in\u00a0<a href=\"https:\/\/bit.ly\/2RJqdEq\" target=\"_blank\" rel=\"noopener noreferrer\">memory of F\u00e9lix<\/a> closed with the participation of Mondego. He recounted the steps that the <a href=\"https:\/\/bit.ly\/2G1ZGzv\" target=\"_blank\" rel=\"noopener noreferrer\">Human Rights Commission<\/a> of the Rio de Janeiro branch of the Brazilian Bar Association took to advance the case, from the first moment. He recalled the first 24 hours at the Homicide Police Station, at which, after a long wait, the forensic doctor confessed that it would not be possible to release the girl\u2019s body until the next day, because nobody knew how to operate the body scanner<em>\u2014<\/em>the equipment necessary to carry out the physical examination.<\/p>\n<p>\u201cEven the forensic doctor got upset. It was absurd for a family to suffer so much because of an error by the State and to have to suffer even more because of another error,\u201d said Mondego, adding that the Commission had to call several organizations to get someone suitable to do the examination to release the child\u2019s body.<\/p>\n<p>The second challenge, according to the lawyer, was to get together witnesses in a case in which people are normally afraid of being threatened for speaking. However, it was important to gather them to prove that the murder of \u00c1gatha was not caused by a confrontation with <a href=\"https:\/\/bit.ly\/2RUs1ua\" target=\"_blank\" rel=\"noopener noreferrer\">an exchange of shots<\/a> between police and the local gang of drug traffickers, as agents of the <a href=\"http:\/\/bit.ly\/31b2JeF\" target=\"_blank\" rel=\"noopener noreferrer\">Pacifying Police Unit<\/a>\u00a0(UPP) claimed, but rather because of an error by a State security agent.<\/p>\n<p>According to Mondego, seven witnesses agreed to testify in the case to refute the police&#8217;s version of events. The UPP agents claimed that they shot at two people on a motorbike who were escaping from a police checkpoint, but that the shot hit F\u00e9lix inside a VW van, a kombi, an alternative form of transportation for favela residents due to the lack of public transportation in Rio\u2019s communities. All of the witnesses remained anonymous. However, the kombi driver immediately volunteered to \u201cshow his face,\u201d said the lawyer.<\/p>\n<p>Despite the Rio de Janeiro Public Prosecutor\u2019s Office&#8217;s charge of premeditated murder that was filed last year, it is only now that the first hearing with the Office has been scheduled, for <a href=\"https:\/\/glo.bo\/33NeJ8u\" target=\"_blank\" rel=\"noopener noreferrer\">November 26<\/a>. Still, it is important to emphasize that in the police officer&#8217;s report, one of the officers was identified as the individual responsible for the shot. \u201cThis is what we wanted,\u201d explained Mondego.<\/p>\n<p>With her arms crossed at the chest and fists clenched, Vanessa ended the homage sending a message to her daughter, to the participants of the event, and to all the <a href=\"https:\/\/bit.ly\/32riUpV\" target=\"_blank\" rel=\"noopener noreferrer\">mothers and fathers who are victims of State violence<\/a>: \u201cWe stand together!\u201d<\/p>\n<h3>Watch the Event <a href=\"https:\/\/bit.ly\/364eBEn\" target=\"_blank\" rel=\"noopener noreferrer\">Here<\/a>:<\/h3>\n<p><a href=\"https:\/\/www.instagram.com\/tv\/CFauoAzpI1B\/?utm_source=ig_embed\">https:\/\/www.instagram.com\/tv\/CFauoAzpI1B\/?utm_source=ig_embed<\/a><\/p>\n<hr \/>\n<h4><b>Support our efforts to provide strategic assistance to Rio\u2019s favelas during the Covid-19 pandemic, including\u00a0<\/b><b><i>RioOnWatch<\/i><\/b><b>\u2019s tireless, critical and cutting-edge hyperlocal journalism, online community organizing meetings, and direct support to favelas\u00a0<a href=\"http:\/\/bit.ly\/FavelaCovidResponse\" target=\"_blank\" rel=\"noopener noreferrer\">by clicking here<\/a><\/b><b>.<\/b><\/h4>\n","protected":false},"excerpt":{"rendered":"<div class=\"mh-excerpt\"><p>Clique aqui para Portugu\u00eas The gesture of arms in an X across the chest, with closed fists, that went around the world in a photo of \u00c1gatha F\u00e9lix\u2014an 8-year-old girl who died last year from <a class=\"mh-excerpt-more\" href=\"https:\/\/rioonwatch.org\/?p=62344\" title=\"365 Days Without \u00c1gatha Vit\u00f3ria F\u00e9lix: Mother Demands Justice at Protest Memorial for her Daughter\">[&#8230;]<\/a><\/p>\n<\/div>","protected":false},"author":209,"featured_media":62345,"comment_status":"closed","ping_status":"closed","sticky":false,"template":"","format":"standard","meta":{"_monsterinsights_skip_tracking":false,"_monsterinsights_sitenote_active":false,"_monsterinsights_sitenote_note":"","_monsterinsights_sitenote_category":0,"footnotes":""},"categories":[1288,1333,336,1329],"tags":[2630,1606,32,1455,3131,3014,1197,25,1518,3383,15,809,1189,268,1801,1843],"writer":[3185],"translator":[3062],"illustrator":[],"photographer":[],"class_list":{"0":"post-62344","1":"post","2":"type-post","3":"status-publish","4":"format-standard","5":"has-post-thumbnail","7":"category-highlight","8":"category-event-reports","9":"category-violations","10":"category-by-international-observers","11":"tag-civil-police","12":"tag-coletivo-papo-reto","13":"tag-complexo-do-alemao","14":"tag-fazendinha","15":"tag-fogo-cruzado","16":"tag-genocide","17":"tag-greater-rio","18":"tag-human-rights","19":"tag-kombi","20":"tag-movimento-moleque","21":"tag-pacifying-police-unit","22":"tag-public-security","23":"tag-racism","24":"tag-state-violence","25":"tag-video","26":"tag-voz-das-comunidades","27":"writer-mariana-gomes","28":"translator-cormac-whitney-low"},"_links":{"self":[{"href":"https:\/\/rioonwatch.org\/index.php?rest_route=\/wp\/v2\/posts\/62344","targetHints":{"allow":["GET"]}}],"collection":[{"href":"https:\/\/rioonwatch.org\/index.php?rest_route=\/wp\/v2\/posts"}],"about":[{"href":"https:\/\/rioonwatch.org\/index.php?rest_route=\/wp\/v2\/types\/post"}],"author":[{"embeddable":true,"href":"https:\/\/rioonwatch.org\/index.php?rest_route=\/wp\/v2\/users\/209"}],"replies":[{"embeddable":true,"href":"https:\/\/rioonwatch.org\/index.php?rest_route=%2Fwp%2Fv2%2Fcomments&post=62344"}],"version-history":[{"count":0,"href":"https:\/\/rioonwatch.org\/index.php?rest_route=\/wp\/v2\/posts\/62344\/revisions"}],"wp:featuredmedia":[{"embeddable":true,"href":"https:\/\/rioonwatch.org\/index.php?rest_route=\/wp\/v2\/media\/62345"}],"wp:attachment":[{"href":"https:\/\/rioonwatch.org\/index.php?rest_route=%2Fwp%2Fv2%2Fmedia&parent=62344"}],"wp:term":[{"taxonomy":"category","embeddable":true,"href":"https:\/\/rioonwatch.org\/index.php?rest_route=%2Fwp%2Fv2%2Fcategories&post=62344"},{"taxonomy":"post_tag","embeddable":true,"href":"https:\/\/rioonwatch.org\/index.php?rest_route=%2Fwp%2Fv2%2Ftags&post=62344"},{"taxonomy":"writer","embeddable":true,"href":"https:\/\/rioonwatch.org\/index.php?rest_route=%2Fwp%2Fv2%2Fwriter&post=62344"},{"taxonomy":"translator","embeddable":true,"href":"https:\/\/rioonwatch.org\/index.php?rest_route=%2Fwp%2Fv2%2Ftranslator&post=62344"},{"taxonomy":"illustrator","embeddable":true,"href":"https:\/\/rioonwatch.org\/index.php?rest_route=%2Fwp%2Fv2%2Fillustrator&post=62344"},{"taxonomy":"photographer","embeddable":true,"href":"https:\/\/rioonwatch.org\/index.php?rest_route=%2Fwp%2Fv2%2Fphotographer&post=62344"}],"curies":[{"name":"wp","href":"https:\/\/api.w.org\/{rel}","templated":true}]}}