{"id":62880,"date":"2021-06-21T15:21:38","date_gmt":"2021-06-21T18:21:38","guid":{"rendered":"https:\/\/www.rioonwatch.org\/?p=62880"},"modified":"2023-08-23T12:20:17","modified_gmt":"2023-08-23T15:20:17","slug":"jacarezinho-a-history-of-the-blackest-favela-in-rio-de-janeiro","status":"publish","type":"post","link":"https:\/\/rioonwatch.org\/?p=62880","title":{"rendered":"Jacarezinho: A History of the Blackest Favela in Rio de Janeiro"},"content":{"rendered":"<p style=\"text-align: right;\"><a href=\"https:\/\/bit.ly\/3fZ6All\" target=\"_blank\" rel=\"noopener\"><em><strong>Clique aqui para Portugu\u00eas<\/strong><\/em><img decoding=\"async\" class=\"alignright wp-image-23766 size-full\" src=\"https:\/\/www.rioonwatch.org\/wp-content\/uploads\/2012\/08\/PT-e1439583827971.png\" width=\"20\" height=\"20\" \/><\/a><\/p>\n<p><em>For the original article by William Reis, Coordinator of AfroReggae, in Veja Rio, click <a href=\"https:\/\/bit.ly\/3fZ6All\" target=\"_blank\" rel=\"noopener noreferrer\">here<\/a>.<\/em><\/p>\n<h4>The Get\u00falio Vargas family estate, industrial development of Rio, route for Afro-Brazilians escaping slavery and Tia Dorinha\u2019s resistance are all part of this history.<\/h4>\n<p>According to data from Rio de Janeiro&#8217;s city government, the <a href=\"http:\/\/bit.ly\/2Mv09Nq\" target=\"_blank\" rel=\"noopener noreferrer\">Jacarezinho<\/a> favela has an estimated 37,000 residents. Considered one of the most violent favelas in our city, it is also the <a href=\"https:\/\/bit.ly\/38RoxT9\" target=\"_blank\" rel=\"noopener noreferrer\">blackest<\/a>. Who will tell us the history of Jacarezinho is one of its local leaders, Rumba Gabriel, whose mother and father are, respectively, from the states of Esp\u00edrito Santo and Minas Gerais. Gabriel has lived in the favela for 65 years.<\/p>\n<p>The area where the Jacarezinho favela stands today belonged to the family of former Brazilian president Get\u00falio Vargas, who donated the space so that local families could settle. According to Gabriel, Jacarezinho was located in <a href=\"https:\/\/bit.ly\/3pNqG8u\" target=\"_blank\" rel=\"noopener noreferrer\">Engenho Novo<\/a> and belonged to the group of districts that included Engenho Novo, Engenho de Dentro and <a href=\"https:\/\/bit.ly\/39bC1cD\" target=\"_blank\" rel=\"noopener noreferrer\">Engenho da Rainha<\/a>.<\/p>\n<p>The Church of Our Lady of the Immaculate Conception in Engenho Novo, transformed into a great shrine to Our Lady of the Immaculate Conception by Father Alexandre L\u00edngua, was built in this same spot. The skeletal remains of formerly enslaved people were found during digging for the shrine&#8217;s construction. Afro-Brazilians escaping the sugar mills located in Serra do Matheus, in Boca do Mato, used to hide in the region&#8217;s caves, then known as Preto Forro.<\/p>\n<p>Gabriel mentions a samba song that tells this story: \u201cThere, to Serra do Matheus, in Boca do Mato, every freed black person headed that way, filled with the greatest joy.\u201d The priest built the Souls&#8217; Chapel in the spot where the skeletal remains were found. \u201cEven today, if you go and visit, you&#8217;ll find these bones and you can learn this history. We can say Jacarezinho is a <em>quilombo<\/em> [lands occupied by the descendants of enslaved peoples whose enslaved forebearers are traceable to the same site], just like Morro da Matriz, Morro do Encontro, Morro da Cachoeirinha, <a href=\"https:\/\/bit.ly\/398drsN\" target=\"_blank\" rel=\"noopener noreferrer\">Morro do Sampaio<\/a> and Boca do Mato, since all of this land belonged to the Portuguese empire, which settled on what is now the <a href=\"https:\/\/bit.ly\/3fqoVsK\" target=\"_blank\" rel=\"noopener noreferrer\">Quinta da Boa Vista<\/a> park. This whole region is where the Portuguese used to keep their horses, where the workshops were located. Jacarezinho comes from this history,\u201d says Gabriel.<\/p>\n<p><a href=\"https:\/\/rioonwatch.org\/wp-content\/uploads\/2020\/11\/Rumba-Gabriel-and-William-Reis-walking-through-Jacarezinho.-Photo-by-William-Reis..jpg\"><img fetchpriority=\"high\" decoding=\"async\" class=\"aligncenter wp-image-62921 size-content\" title=\"Rumba Gabriel and William Reis walk through Jacarezinho. Photo: William Reis.\" src=\"https:\/\/rioonwatch.org\/wp-content\/uploads\/2020\/11\/Rumba-Gabriel-and-William-Reis-walking-through-Jacarezinho.-Photo-by-William-Reis.-620x264.jpg\" alt=\"Rumba Gabriel and William Reis walking through Jacar\u00e9zinho. Photo by: William Reis.\" width=\"620\" height=\"264\" srcset=\"https:\/\/rioonwatch.org\/wp-content\/uploads\/2020\/11\/Rumba-Gabriel-and-William-Reis-walking-through-Jacarezinho.-Photo-by-William-Reis.-620x264.jpg 620w, https:\/\/rioonwatch.org\/wp-content\/uploads\/2020\/11\/Rumba-Gabriel-and-William-Reis-walking-through-Jacarezinho.-Photo-by-William-Reis.-940x400.jpg 940w\" sizes=\"(max-width: 620px) 100vw, 620px\" \/><\/a><\/p>\n<p>\u201cIt can be said that Jacarezinho is an urban <em>quilombo<\/em>. Lots of people think that <em>quilombos<\/em> are only found in the interior [of the country], but they forget the Afro-Brazilians brought to [work in] the towns. Rio de Janeiro received <a href=\"https:\/\/bit.ly\/2Sfnlmr\" target=\"_blank\" rel=\"noopener\">more than one million<\/a> Africans to be sold into slavery at the <a href=\"https:\/\/bit.ly\/2IPGqqb\" target=\"_blank\" rel=\"noopener\">Valongo Wharf<\/a>, that has been abandoned, like everything else that belongs to us. [Many of] these people who arrived in Rio didn\u2019t go to the interior. They went to places like [where today sits] Jacarezinho, where the largest concentration of Afro-Brazilians in favelas in Rio de Janeiro [ultimately] happened,\u201d Gabriel continues.<\/p>\n<p>In the geography of Jacarezinho as a favela, still according to Rumba Gabriel, the first settlements appeared around 1920. These people occupied the top of the hill, which was called Azul (Blue). He explains: \u201cThis characteristic of Afro-Brazilians building their homes on top of hills was exactly because of their fear of the <a href=\"http:\/\/bit.ly\/1uRfBVf\" target=\"_blank\" rel=\"noopener\">police, who started<\/a> playing the role of <a href=\"http:\/\/bit.ly\/2LQYuBQ\" target=\"_blank\" rel=\"noopener\"><em>Capit\u00e3es do Mato<\/em><\/a> [men paid to recapture those who had escaped from the estates where they were enslaved], arresting people.\u201d<\/p>\n<p>In the 1930s, during the industrial period we call the <a href=\"http:\/\/bit.ly\/3mFgYSD\" target=\"_blank\" rel=\"noopener\"><em>Estado Novo<\/em><\/a>, G\u00e9tulio Vargas created <a href=\"http:\/\/bit.ly\/2KKXTkH\" target=\"_blank\" rel=\"noopener\">labor laws<\/a> and many industries set up in the Jacar\u00e9 neighborhood because of its central location and easy access to other neighborhoods like <a href=\"http:\/\/bit.ly\/2TRbJCw\" target=\"_blank\" rel=\"noopener noreferrer\">Tijuca<\/a> and <a href=\"https:\/\/bit.ly\/2P3XYyP\" target=\"_blank\" rel=\"noopener noreferrer\">Ilha do Governador<\/a>. \u201cThis is how Rio&#8217;s industrial park\u2014Jacar\u00e9\u2014was born, which was only second to <a href=\"https:\/\/bit.ly\/2J4Zvos\" target=\"_blank\" rel=\"noopener noreferrer\">S\u00e3o Crist\u00f3v\u00e3o<\/a>,\u201d confirms Gabriel.<\/p>\n<p><a href=\"https:\/\/rioonwatch.org\/wp-content\/uploads\/2020\/11\/Industrial-park-in-the-Jacarezinho-region.-GE-Reproduction..jpg\"><img decoding=\"async\" class=\"aligncenter wp-image-62922 size-content\" title=\"Industrial park in the Jacarezinho region. GE Reproduction.\" src=\"https:\/\/rioonwatch.org\/wp-content\/uploads\/2020\/11\/Industrial-park-in-the-Jacarezinho-region.-GE-Reproduction.-620x264.jpg\" alt=\"Industrial park in the Jacarezinho region. GE Reproduction.\" width=\"620\" height=\"264\" \/><\/a><\/p>\n<p>During that time, in which Rio was a major industrial center, Jacarezinho&#8217;s workforce was frequently used, encouraging local development. At that moment, when workers were benefitting from the labor laws of the period, residents of Jacarezinho had greater citizenship rights. Besides work opportunities, they also had access to better quality education, which contributed to Jacarezinho advancing more than other favelas in Rio. This leads us back to the discussion about the importance of social and economic development in favelas. Lack of investment leads to an increase in problems such a violence, unequal access to education, basic sanitation and many other social indicators that end up making Rio natives see only the negative aspects of the city&#8217;s favelas.<\/p>\n<p>Rumba Gabriel tells another story, whose main character is also a priest. Carlos Nelson Delmonaco, better known as Father Nelson, built a chapel in a place called Cruzeiro. People said their prayers there, especially on Mondays, because it is the day of souls [Brazilian Catholics pray to souls in purgatory on Mondays]. This same priest organized voluntary collective activities and built Rio de Janeiro\u2019s largest catholic church inside a favela, the <a href=\"http:\/\/bit.ly\/3pe8gfR\" target=\"_blank\" rel=\"noopener\">Church of Our Lady of Perpetual Help<\/a>.<\/p>\n<p>Black culture has always had a close relationship with Jacarezinho. \u201cThe favela was always very black, until the arrival of white Northeasterners and the creation of that story of <a href=\"http:\/\/bit.ly\/2NOSWFD\" target=\"_blank\" rel=\"noopener\">racial democracy<\/a>, which doesn\u2019t even exist in the favela, as argued by <a href=\"http:\/\/bit.ly\/3opnXRx\" target=\"_blank\" rel=\"noopener\">Gilberto Freyre<\/a> when he created this whole fallacy,\u201d says Gabriel.<\/p>\n<p>The culture showed itself strongly through <em>terreiro<\/em>s [places of worship for Afro-Brazilian religions]. There were between 10 and 15 <a href=\"http:\/\/bit.ly\/2KtCoVF\" target=\"_blank\" rel=\"noopener\"><em>Umbanda<\/em><\/a> temples. These temples helped maintain Afro-Brazilian traditions in these urban <em>quilombos<\/em> and all were led by black women. \u201cWe had the temples of Tia Lurdes, of Tia Madalena, of Dona Ziza, and of Tia Dorinha. Tia Dorinha was 104 when she died in April of last year. She was our greatest source of resistance when the <a href=\"http:\/\/wapo.st\/3q0QPzS\" target=\"_blank\" rel=\"noopener\">Neo-Pentecostal<\/a><strong>\/<\/strong><a href=\"http:\/\/bit.ly\/2ML9IIH\" target=\"_blank\" rel=\"noopener\">charismatic churches<\/a> came into Jacarezinho, converting residents and saying that our religions were a culture of evil, of hell and the devil. Tia Dorinha resisted all of this,\u201d explains Gabriel, highlighting the <a href=\"http:\/\/bit.ly\/3hWKySP\" target=\"_blank\" rel=\"noopener\">constant attacks still endured by religions of African origin in Rio<\/a>.<\/p>\n<p><a href=\"https:\/\/rioonwatch.org\/wp-content\/uploads\/2020\/11\/Aunt-Dorinha-104-years-of-Umbanda-resistence-in-Jacarezinho.-Photo-by-Leo-Lima_Cafune-na-Laje..jpg\"><img loading=\"lazy\" decoding=\"async\" class=\"aligncenter wp-image-62925\" title=\"Aunt Dorinha, 104 years of Umbanda resistence in Jacarezinho. Photo: Leo Lima\/Cafun\u00e9 na Laje.\" src=\"https:\/\/rioonwatch.org\/wp-content\/uploads\/2020\/11\/Aunt-Dorinha-104-years-of-Umbanda-resistence-in-Jacarezinho.-Photo-by-Leo-Lima_Cafune-na-Laje..jpg\" alt=\"Aunt Dorinha 104 years of Umbanda resistence in Jacar\u00e9zinho. Photo by: Leo Lima\/Cafun\u00e9 na Laje.\" width=\"620\" height=\"415\" srcset=\"https:\/\/rioonwatch.org\/wp-content\/uploads\/2020\/11\/Aunt-Dorinha-104-years-of-Umbanda-resistence-in-Jacarezinho.-Photo-by-Leo-Lima_Cafune-na-Laje..jpg 960w, https:\/\/rioonwatch.org\/wp-content\/uploads\/2020\/11\/Aunt-Dorinha-104-years-of-Umbanda-resistence-in-Jacarezinho.-Photo-by-Leo-Lima_Cafune-na-Laje.-300x201.jpg 300w, https:\/\/rioonwatch.org\/wp-content\/uploads\/2020\/11\/Aunt-Dorinha-104-years-of-Umbanda-resistence-in-Jacarezinho.-Photo-by-Leo-Lima_Cafune-na-Laje.-768x514.jpg 768w\" sizes=\"(max-width: 620px) 100vw, 620px\" \/><\/a><\/p>\n<p>These attacks and lies increased the religious intolerance in Rio\u2019s favelas. Scared, many people left the favelas. Others believed what they heard and ended up joining these religions. In one way or another, this contributed to our people losing a part of the legacy left by our ancestors. Today, there is only one Umbanda temple left in Jacarezinho and its drums beat quietly, perhaps in fear of further oppression. Tia Dorinha, when she turned 100, welcomed many different religious leaders to her celebrations. She was also invited to convert but turned down these invitations to the end of her days. Her house is still a temple.<\/p>\n<p>Black culture is also preserved in samba: with the carnival <em><a href=\"https:\/\/bit.ly\/3xhURHN\" target=\"_blank\" rel=\"noopener\">bloco<\/a> N\u00e3o Tem Mosquito <\/em>and with samba schools Unidos do Jacar\u00e9 and Uni\u00e3o do Morro Azul, founded by Tia Andreza. Since she didn\u2019t want a \u201c<a href=\"https:\/\/bit.ly\/3zHrfp7\" target=\"_blank\" rel=\"noopener\">divided city<\/a>,\u201d Tia Andreza organized the unification of these samba schools and created Gr\u00eamio Recreativo Escola de Samba Unidos do Jacarezinho, or Acad\u00eamicos do Jacarezinho, that has been home to many samba musicians such as Gaspar, Cartola, Bezerra da Silva and Nelson Sargento. For this reason, samba school Mangueira was the godmother of Acad\u00eamicos do Jacarezinho. The history of famous Monarco da Portela is also linked to the favela. \u201cMonarco da Portela is from Jacarezinho. And why is he from Jacarezinho? At the time, he was a dealer for the <em><a href=\"https:\/\/bit.ly\/2RLbZqc\" target=\"_blank\" rel=\"noopener\">jogo do bicho<\/a> <\/em>[an illegal gambling game in which different numbers are assigned to 25 animals]. A problem came up and one of his friends, who had a house in Jacarezinho, told him to go live there. This was at the end of the 1950s,\u201d explains Rumba Gabriel, who was a friend of Monarco&#8217;s.<\/p>\n<p>Rumba Gabriel is a leader from Jacarezinho, where he has lived for 65 years. He remembers some of the actions he carried out when he took over the residents&#8217; association. His legacy includes building the Jacarezinho Cultural Center, whose objective is to look after the history of the favela; and the Jacarezinho Mixed Workers Cooperative, which has 18 workshops for carpentry, metalworks, upholstery, and clothes manufacturing, generating income to support over 100 families. When the digital era arrived and the people who worked in factories lost ground, Gabriel managed to get several computers and started IT courses to train residents. The courses qualified and certified 568 people. Gabriel also brought the Tupi orchestra into Jacarezinho. He recognizes the importance of other musical cultures in the favela and, for this reason, organized a performance in the Cruzeiro Square, which was attended by priests, commanders of the Military Police, police officers and chiefs, young people and residents.<\/p>\n<p><a href=\"https:\/\/rioonwatch.org\/wp-content\/uploads\/2020\/11\/Rumba-Gabriel-talking-about-the-Jacarezinho-cooperative-at-the-National-Forum-\u2013-INAE.-Photo-by-INAE.jpg\"><img loading=\"lazy\" decoding=\"async\" class=\"aligncenter wp-image-62926\" title=\"Rumba Gabriel talking about the Jacarezinho cooperative at the National Forum \u2013 INAE. Photo: INAE.\" src=\"https:\/\/rioonwatch.org\/wp-content\/uploads\/2020\/11\/Rumba-Gabriel-talking-about-the-Jacarezinho-cooperative-at-the-National-Forum-\u2013-INAE.-Photo-by-INAE.jpg\" alt=\"Rumba Gabriel talking about the Jacar\u00e9zinho cooperative at the National Forum \u2013 INAE. Photo by: INAE.\" width=\"620\" height=\"413\" srcset=\"https:\/\/rioonwatch.org\/wp-content\/uploads\/2020\/11\/Rumba-Gabriel-talking-about-the-Jacarezinho-cooperative-at-the-National-Forum-\u2013-INAE.-Photo-by-INAE.jpg 960w, https:\/\/rioonwatch.org\/wp-content\/uploads\/2020\/11\/Rumba-Gabriel-talking-about-the-Jacarezinho-cooperative-at-the-National-Forum-\u2013-INAE.-Photo-by-INAE-300x200.jpg 300w, https:\/\/rioonwatch.org\/wp-content\/uploads\/2020\/11\/Rumba-Gabriel-talking-about-the-Jacarezinho-cooperative-at-the-National-Forum-\u2013-INAE.-Photo-by-INAE-768x511.jpg 768w\" sizes=\"(max-width: 620px) 100vw, 620px\" \/><\/a><\/p>\n<p>When asked about former soccer player Rom\u00e1rio, who was born in Jacarezinho but left at a very young age, Gabriel says that, after becoming a professional player, Rom\u00e1rio came back a few times to play soccer at Ab\u00f3bora Field, which is close to where he once lived. But, in Gabriel&#8217;s opinion, Rom\u00e1rio could have helped the favela more. \u201cRom\u00e1rio&#8217;s story here is interesting, but not very good. When he became famous, he should have left some kind of legacy. He should have shown his involvement in some way. He created the Romarinhos, which is kind of a small Olympic Village, but didn&#8217;t do anything here. Except when he was running for office.\u201d<\/p>\n<p>Like many activists from Rio\u2019s favelas, Rumba Gabriel is threatened when he denounces police abuses. He filed official complaints with the help of state deputy <a href=\"http:\/\/bit.ly\/31uFCO3\" target=\"_blank\" rel=\"noopener\">Marcelo Freixo<\/a> and city councilor <a href=\"http:\/\/bit.ly\/2MSUQ9Q\" target=\"_blank\" rel=\"noopener\">Marielle Franco<\/a> and had to leave the country. With the support of the <a href=\"http:\/\/bit.ly\/3hQLKHx\" target=\"_blank\" rel=\"noopener\">Black Panthers<\/a>, he left the favela and went to the <a href=\"http:\/\/bit.ly\/2zmlf78\" target=\"_blank\" rel=\"noopener\">United States<\/a>. The Black Panthers were interested in the project created by Gabriel, <a href=\"https:\/\/bit.ly\/2UBVlak\" target=\"_blank\" rel=\"noopener noreferrer\">Condom\u00ednio-Favela<\/a>,\u00a0 which set up gates and cameras in favelas to monitor police activities. Faced with the warning \u201cSmile, police officer, you\u2019re on camera,\u201d put up next to the cameras, police abuse decreased, but they tried to arrest and threaten Gabriel, who had leave to the United States.<\/p>\n<p>This is the history of Jacarezinho, the favela with the largest Afro-Brazilian population in our city. Even with the <a href=\"http:\/\/bit.ly\/2L2o8Ur\" target=\"_blank\" rel=\"noopener\">oppression of black culture<\/a> and <a href=\"http:\/\/bit.ly\/3dRrimP\" target=\"_blank\" rel=\"noopener\">police violence<\/a>, Jacarezinho resists, the same as all of Rio\u2019s favelas. Rumba Gabriel, who told us this story, is part of the legacy of resistance of a people who constantly need to reinvent themselves, so as to resist and guarantee that the stories of Gabriel and Tia Dorinha continue to be told to other generations. It was in Jacarezinho, <a href=\"http:\/\/bit.ly\/39fBTa8\" target=\"_blank\" rel=\"noopener\">Rocinha<\/a> and <a href=\"http:\/\/bit.ly\/2YoSrKr\" target=\"_blank\" rel=\"noopener\">Manguinhos<\/a> that the last wave of tuberculosis claimed the largest number of victims, and little was said about it. These are places that have been abandoned by the State, where <a href=\"http:\/\/bit.ly\/2MDm1V9\" target=\"_blank\" rel=\"noopener\">death and violence are seen as natural by a society<\/a> which is only concerned when these social inequalities spill over and affect its privileges. Long live Jacarezinho!<\/p>\n<hr \/>\n<h4><b data-stringify-type=\"bold\">Support\u00a0<\/b><b data-stringify-type=\"bold\"><i data-stringify-type=\"italic\">RioOnWatch<\/i><\/b><b data-stringify-type=\"bold\">\u2019s tireless, critical and cutting-edge hyperlocal journalism, online community organizing meetings, and direct support to favelas\u00a0<\/b><b data-stringify-type=\"bold\"><a class=\"c-link\" href=\"http:\/\/bit.ly\/DonateToRioOnWatch\" target=\"_blank\" rel=\"noopener noreferrer\" data-stringify-link=\"http:\/\/bit.ly\/DonateToRioOnWatch\" data-sk=\"tooltip_parent\" aria-describedby=\"sk-tooltip-45735\">by clicking here.<\/a><\/b><\/h4>\n","protected":false},"excerpt":{"rendered":"<div class=\"mh-excerpt\"><p>Clique aqui para Portugu\u00eas For the original article by William Reis, Coordinator of AfroReggae, in Veja Rio, click here. The Get\u00falio Vargas family estate, industrial development of Rio, route for Afro-Brazilians escaping slavery and Tia <a class=\"mh-excerpt-more\" href=\"https:\/\/rioonwatch.org\/?p=62880\" title=\"Jacarezinho: A History of the Blackest Favela in Rio de Janeiro\">[&#8230;]<\/a><\/p>\n<\/div>","protected":false},"author":209,"featured_media":62919,"comment_status":"closed","ping_status":"closed","sticky":false,"template":"","format":"standard","meta":{"_monsterinsights_skip_tracking":false,"_monsterinsights_sitenote_active":false,"_monsterinsights_sitenote_note":"","_monsterinsights_sitenote_category":0,"footnotes":""},"categories":[1288,1268,1330,328,336],"tags":[1051,315,662,3229,772,1500,617,566,1158,552,3160,3374,3375,3376,182,2336,188,2924,499,637,918,37,962,438,2481,1558,450,124,3377,123,233,3378,420,12,571,685,279,268,1350,1079,1353,259],"writer":[3223],"translator":[3062],"illustrator":[],"photographer":[],"class_list":{"0":"post-62880","1":"post","2":"type-post","3":"status-publish","4":"format-standard","5":"has-post-thumbnail","7":"category-highlight","8":"category-favelaculture","9":"category-translation","10":"category-understanding-rio","11":"category-violations","12":"tag-divided-city","13":"tag-african-diaspora","14":"tag-afro-brazilian-culture","15":"tag-black","16":"tag-cais-do-valongo","17":"tag-candomble","18":"tag-catholic-church","19":"tag-engenho-da-rainha","20":"tag-engenho-novo","21":"tag-evangelical-church","22":"tag-favela","23":"tag-gambling","24":"tag-getulio-vargas","25":"tag-gilberto-freyre","26":"tag-government-neglect","27":"tag-gun-violence","28":"tag-history","29":"tag-international-solidarity","30":"tag-jacarezinho","31":"tag-manguinhos","32":"tag-military-police","33":"tag-north-zone","34":"tag-oral-history","35":"tag-periphery","36":"tag-police-violence","37":"tag-portela-samba-school","38":"tag-quilombo","39":"tag-race","40":"tag-racial-democracy-myth","41":"tag-religion","42":"tag-religious-freedom","43":"tag-religious-intolerance","44":"tag-carnival","45":"tag-rocinha","46":"tag-samba","47":"tag-sao-cristovao","48":"tag-slavery","49":"tag-state-violence","50":"tag-tijuca","51":"tag-umbanda","52":"tag-usa","53":"tag-youth","54":"writer-william-reis","55":"translator-cormac-whitney-low"},"_links":{"self":[{"href":"https:\/\/rioonwatch.org\/index.php?rest_route=\/wp\/v2\/posts\/62880","targetHints":{"allow":["GET"]}}],"collection":[{"href":"https:\/\/rioonwatch.org\/index.php?rest_route=\/wp\/v2\/posts"}],"about":[{"href":"https:\/\/rioonwatch.org\/index.php?rest_route=\/wp\/v2\/types\/post"}],"author":[{"embeddable":true,"href":"https:\/\/rioonwatch.org\/index.php?rest_route=\/wp\/v2\/users\/209"}],"replies":[{"embeddable":true,"href":"https:\/\/rioonwatch.org\/index.php?rest_route=%2Fwp%2Fv2%2Fcomments&post=62880"}],"version-history":[{"count":0,"href":"https:\/\/rioonwatch.org\/index.php?rest_route=\/wp\/v2\/posts\/62880\/revisions"}],"wp:featuredmedia":[{"embeddable":true,"href":"https:\/\/rioonwatch.org\/index.php?rest_route=\/wp\/v2\/media\/62919"}],"wp:attachment":[{"href":"https:\/\/rioonwatch.org\/index.php?rest_route=%2Fwp%2Fv2%2Fmedia&parent=62880"}],"wp:term":[{"taxonomy":"category","embeddable":true,"href":"https:\/\/rioonwatch.org\/index.php?rest_route=%2Fwp%2Fv2%2Fcategories&post=62880"},{"taxonomy":"post_tag","embeddable":true,"href":"https:\/\/rioonwatch.org\/index.php?rest_route=%2Fwp%2Fv2%2Ftags&post=62880"},{"taxonomy":"writer","embeddable":true,"href":"https:\/\/rioonwatch.org\/index.php?rest_route=%2Fwp%2Fv2%2Fwriter&post=62880"},{"taxonomy":"translator","embeddable":true,"href":"https:\/\/rioonwatch.org\/index.php?rest_route=%2Fwp%2Fv2%2Ftranslator&post=62880"},{"taxonomy":"illustrator","embeddable":true,"href":"https:\/\/rioonwatch.org\/index.php?rest_route=%2Fwp%2Fv2%2Fillustrator&post=62880"},{"taxonomy":"photographer","embeddable":true,"href":"https:\/\/rioonwatch.org\/index.php?rest_route=%2Fwp%2Fv2%2Fphotographer&post=62880"}],"curies":[{"name":"wp","href":"https:\/\/api.w.org\/{rel}","templated":true}]}}