{"id":63576,"date":"2021-01-13T16:44:07","date_gmt":"2021-01-13T19:44:07","guid":{"rendered":"https:\/\/www.rioonwatch.org\/?p=63576"},"modified":"2023-08-23T12:20:03","modified_gmt":"2023-08-23T15:20:03","slug":"military-police-break-cell-phone-of-voz-das-comunidades-team-during-operation-in-complexo-do-alemao-news-flash","status":"publish","type":"post","link":"https:\/\/rioonwatch.org\/?p=63576","title":{"rendered":"Military Police Break Cell Phone of Voz das Comunidades Team During Operation in Alem\u00e3o"},"content":{"rendered":"<p style=\"text-align: right;\"><em><strong><a href=\"http:\/\/bit.ly\/3qhebBn\" target=\"_blank\" rel=\"noopener noreferrer\">Clique aqui para Portugu\u00eas<\/a><a href=\"https:\/\/bit.ly\/RFSTourAgua\"><img decoding=\"async\" class=\"alignright wp-image-23766 size-full\" src=\"https:\/\/www.rioonwatch.org\/wp-content\/uploads\/2012\/08\/PT-e1439583827971.png\" width=\"20\" height=\"20\" \/><\/a><\/strong><\/em><\/p>\n<p>An intense shootout in <a href=\"http:\/\/bit.ly\/2ImAzVp\" target=\"_blank\" rel=\"noopener\">Complexo do Alem\u00e3o<\/a>, in the area known as Area 5, frightens residents, who reported shots since 8am this Wednesday (January 13). The police armored vehicle <em>(caveir\u00e3o)<\/em> headed toward the region known as Fazendinha and the shooting continues intensely.<\/p>\n<p>Video reporter Renato Moura followed the police raid until officers searched him and broke the donated iPhone X used by his community newspaper, <a href=\"http:\/\/bit.ly\/2JhMwyE\" target=\"_blank\" rel=\"noopener\"><em>Voz das Comunidades<\/em><\/a>. They also said that \u201c<em>Voz das Comunidades<\/em> only speaks ill of the police to gain fame.\u201d [<em>Voz<\/em> is an internationally respected favela-based news service which recently entered into <a href=\"http:\/\/bit.ly\/39wKGVd\" target=\"_blank\" rel=\"noopener\">partnership with the US Embassy<\/a> in Rio to combat Covid-19.]<\/p>\n<p>\u201cWhen I saw that the Military Police officer asked if Renato was filming, I started to hide the images that I had already recorded on my cell phone. At the same time they came at me, another police officer broke his cell phone,\u201d said reporter Amanda Botelho. The team is on its way to the police station to report the incident.<\/p>\n<blockquote class=\"twitter-tweet\">\n<p dir=\"ltr\" lang=\"pt\">AGORA: Policiais realizam uma incurs\u00e3o no Complexo do Alem\u00e3o, na localidade conhecida como \u00c1rea 5. Moradores relatam tiros desde 8h da manh\u00e3 desta quarta-feira (13\/01) <a href=\"https:\/\/t.co\/j4ETcByOwp\">pic.twitter.com\/j4ETcByOwp<\/a><\/p>\n<p>\u2014 Voz das Comunidades (@vozdacomunidade) <a href=\"https:\/\/twitter.com\/vozdacomunidade\/status\/1349320651182661636?ref_src=twsrc%5Etfw\">January 13, 2021<\/a><\/p><\/blockquote>\n<p><script async src=\"https:\/\/platform.twitter.com\/widgets.js\" charset=\"utf-8\"><\/script><\/p>\n<blockquote><p>First tweet: (@Vozdacomunidade): NOW. Police conduct a raid in Complexo do Alem\u00e3o, in the area known as Area 5. Residents report gunfire since 8am Wednesday morning (Jan 13)<\/p>\n<p>Second tweet: (@Vozdacomunidade): URGENT. An armored police car (<em>Caveirao<\/em>) arrives in the region known as Fazendinha. The shootout continues in Complexo do Alemao.<\/p><\/blockquote>\n<hr \/>\n<h4><b>Support\u00a0<\/b><b><i>RioOnWatch<\/i><\/b><b>\u2019s tireless, critical and cutting-edge hyperlocal journalism, online community organizing meetings, and direct support to favelas\u00a0<a href=\"http:\/\/bit.ly\/FavelaCovidResponse\" target=\"_blank\" rel=\"noopener noreferrer\">by clicking here<\/a><\/b><b>.<\/b><\/h4>\n","protected":false},"excerpt":{"rendered":"<div class=\"mh-excerpt\"><p>Clique aqui para Portugu\u00eas An intense shootout in Complexo do Alem\u00e3o, in the area known as Area 5, frightens residents, who reported shots since 8am this Wednesday (January 13). The police armored vehicle (caveir\u00e3o) headed <a class=\"mh-excerpt-more\" href=\"https:\/\/rioonwatch.org\/?p=63576\" title=\"Military Police Break Cell Phone of Voz das Comunidades Team During Operation in Alem\u00e3o\">[&#8230;]<\/a><\/p>\n<\/div>","protected":false},"author":209,"featured_media":63578,"comment_status":"closed","ping_status":"closed","sticky":false,"template":"","format":"standard","meta":{"_monsterinsights_skip_tracking":false,"_monsterinsights_sitenote_active":false,"_monsterinsights_sitenote_note":"","_monsterinsights_sitenote_category":0,"footnotes":""},"categories":[1294,1328,336],"tags":[2469,1653,32,1455,1484,918,3244,37,17,888,2481,268,1843],"writer":[1625],"translator":[3192],"illustrator":[],"photographer":[],"class_list":{"0":"post-63576","1":"post","2":"type-post","3":"status-publish","4":"format-standard","5":"has-post-thumbnail","7":"category-communitymedia","8":"category-by-community-contributors","9":"category-violations","10":"tag-caveirao","11":"tag-community-media","12":"tag-complexo-do-alemao","13":"tag-fazendinha","14":"tag-intimidation","15":"tag-military-police","16":"tag-news-flash","17":"tag-north-zone","18":"tag-police-brutality","19":"tag-police-intimidation","20":"tag-police-violence","21":"tag-state-violence","22":"tag-voz-das-comunidades","23":"writer-melissa-cannabrava","24":"translator-ikrom-alajoulin"},"_links":{"self":[{"href":"https:\/\/rioonwatch.org\/index.php?rest_route=\/wp\/v2\/posts\/63576","targetHints":{"allow":["GET"]}}],"collection":[{"href":"https:\/\/rioonwatch.org\/index.php?rest_route=\/wp\/v2\/posts"}],"about":[{"href":"https:\/\/rioonwatch.org\/index.php?rest_route=\/wp\/v2\/types\/post"}],"author":[{"embeddable":true,"href":"https:\/\/rioonwatch.org\/index.php?rest_route=\/wp\/v2\/users\/209"}],"replies":[{"embeddable":true,"href":"https:\/\/rioonwatch.org\/index.php?rest_route=%2Fwp%2Fv2%2Fcomments&post=63576"}],"version-history":[{"count":0,"href":"https:\/\/rioonwatch.org\/index.php?rest_route=\/wp\/v2\/posts\/63576\/revisions"}],"wp:featuredmedia":[{"embeddable":true,"href":"https:\/\/rioonwatch.org\/index.php?rest_route=\/wp\/v2\/media\/63578"}],"wp:attachment":[{"href":"https:\/\/rioonwatch.org\/index.php?rest_route=%2Fwp%2Fv2%2Fmedia&parent=63576"}],"wp:term":[{"taxonomy":"category","embeddable":true,"href":"https:\/\/rioonwatch.org\/index.php?rest_route=%2Fwp%2Fv2%2Fcategories&post=63576"},{"taxonomy":"post_tag","embeddable":true,"href":"https:\/\/rioonwatch.org\/index.php?rest_route=%2Fwp%2Fv2%2Ftags&post=63576"},{"taxonomy":"writer","embeddable":true,"href":"https:\/\/rioonwatch.org\/index.php?rest_route=%2Fwp%2Fv2%2Fwriter&post=63576"},{"taxonomy":"translator","embeddable":true,"href":"https:\/\/rioonwatch.org\/index.php?rest_route=%2Fwp%2Fv2%2Ftranslator&post=63576"},{"taxonomy":"illustrator","embeddable":true,"href":"https:\/\/rioonwatch.org\/index.php?rest_route=%2Fwp%2Fv2%2Fillustrator&post=63576"},{"taxonomy":"photographer","embeddable":true,"href":"https:\/\/rioonwatch.org\/index.php?rest_route=%2Fwp%2Fv2%2Fphotographer&post=63576"}],"curies":[{"name":"wp","href":"https:\/\/api.w.org\/{rel}","templated":true}]}}