{"id":63659,"date":"2021-01-22T12:38:44","date_gmt":"2021-01-22T15:38:44","guid":{"rendered":"https:\/\/www.rioonwatch.org\/?p=63659"},"modified":"2021-02-23T12:49:54","modified_gmt":"2021-02-23T15:49:54","slug":"covid-19-rio-de-janeiro-expects-to-administer-first-batch-of-the-vaccine-by-saturday","status":"publish","type":"post","link":"https:\/\/rioonwatch.org\/?p=63659","title":{"rendered":"Covid-19: Rio de Janeiro Expects to Finish Administering First Batch of Vaccines by Saturday"},"content":{"rendered":"<p style=\"text-align: right;\"><a href=\"http:\/\/bit.ly\/360cTD1\" target=\"_blank\" rel=\"noopener noreferrer\"><em><strong>Clique aqui para Portugu\u00eas<\/strong><\/em><\/a><a href=\"https:\/\/bit.ly\/32ShEhs\"><img decoding=\"async\" width=\"20\" height=\"20\" class=\"alignright wp-image-23766 size-full\" src=\"https:\/\/www.rioonwatch.org\/wp-content\/uploads\/2012\/08\/PT-e1439583827971.png\" \/><\/a><\/p>\n<h3><em>Rio city government<\/em><em> assures Family Health Clinics will receive shots. But will favelas be prioritized in the vaccination plan?<\/em><\/h3>\n<p>On Wednesday, January 20, the Rio de Janeiro city government began immunizing health professionals at their place of work. Senior citizens and people with disabilities living in long-term care facilities are also being inoculated at these locations.<\/p>\n<p>During a press <a href=\"https:\/\/bit.ly\/3bVlT0a\" target=\"_blank\" rel=\"noopener\">conference transmitted via YouTube<\/a> on Monday, January 18, the city government detailed how the first 110,000 doses of <a href=\"https:\/\/bit.ly\/3iwPpdJ\" target=\"_blank\" rel=\"noopener\">CoronaVac<\/a> will be administered to the Covid-19 vaccination priority groups in Rio. At no point, however, was a vaccination plan aimed at favelas presented. According to the <a href=\"http:\/\/www.favela.info\/\" target=\"_blank\" rel=\"noopener\">Covid-19 in Favelas Unified Dashboard<\/a>, which brings together over twenty civil society organizations and collectives, as of January 20, 28,314 people in favelas had been infected and 3,067 died due to coronavirus. Rio de Janeiro has 6,718,903 inhabitants, with 22-24% of this population living in favelas, according to <a href=\"https:\/\/bit.ly\/34QvHVm\" target=\"_blank\" rel=\"noopener\">Data Rio<\/a>, the city&#8217;s government&#8217;s Instituto Pereira Passos\u2019s database.<\/p>\n<p>For Theresa Williamson, urban planner and executive director of <a href=\"https:\/\/catcomm.org\/\" target=\"_blank\" rel=\"noopener\">Catalytic Communities<\/a>,* the organization coordinating data entry for the <a href=\"http:\/\/video.favela.info\/\" target=\"_blank\" rel=\"noopener\">Covid-19 in Favelas Unified Dashboard<\/a>, the city needs to devise a specific vaccination plan for favelas. \u201cIt is important to think of favelas as a priority group because we know they are among the areas in our city made most vulnerable during the pandemic. There are also many elderly people staying home with children who missed an entire year of school, suffering a lifelong loss when compared to another portion of society that did not lose a year of learning,\u201d she said.<\/p>\n<p><a href=\"https:\/\/www.rioonwatch.org\/wp-content\/uploads\/2021\/01\/Marcelo-Casal-Jr_Agencia-Brasil.-Lotes-da-CoronaVac-chegam-de-aviao-no-Rio.jpg\"><img fetchpriority=\"high\" decoding=\"async\" class=\"aligncenter wp-image-63665 size-content\" title=\"CoronaVac vaccines arrive by plane in Rio. Photo by Marcelo Casal Jr\/Agencia Brasil\" src=\"https:\/\/www.rioonwatch.org\/wp-content\/uploads\/2021\/01\/Marcelo-Casal-Jr_Agencia-Brasil.-Lotes-da-CoronaVac-chegam-de-aviao-no-Rio-620x264.jpg\" alt=\"CoronaVac vaccines arrive by plane in Rio. Photo by Marcelo Casal Jr\/Agencia Brasil\" width=\"620\" height=\"264\" srcset=\"https:\/\/rioonwatch.org\/wp-content\/uploads\/2021\/01\/Marcelo-Casal-Jr_Agencia-Brasil.-Lotes-da-CoronaVac-chegam-de-aviao-no-Rio-620x264.jpg 620w, https:\/\/rioonwatch.org\/wp-content\/uploads\/2021\/01\/Marcelo-Casal-Jr_Agencia-Brasil.-Lotes-da-CoronaVac-chegam-de-aviao-no-Rio-940x400.jpg 940w\" sizes=\"(max-width: 620px) 100vw, 620px\" \/><\/a><\/p>\n<p>The immunization schedule set up by city government divided the population according to age groups, prioritizing the elderly and frontline healthcare workers. In this phase, the following will be immunized: (1) senior citizens aged 60 or over and living in long-term care facilities; (2) professionals working in long-term care facilities (nursing homes); (3) healthcare professionals working directly with Covid-19 and at ERs (approximately 34% of the municipality\u2019s healthcare workers); and (4) indigenous peoples. All professionals will be vaccinated at their place of work. All people connected to nursing homes will be immunized at nursing homes.<\/p>\n<p>According to Daniel Soranz, Rio\u2019s municipal secretary of health, the city received 110,000 doses, representing a portion of the 231,840 it will receive of the six million made available by the S\u00e3o Paulo state biomedical center, Instituto Butantan, for the whole country. The remaining doses will remain with the state government and are reserved for the second dose of the first group of immunized individuals.<\/p>\n<blockquote class=\"twitter-tweet\">\n<p dir=\"ltr\" lang=\"pt\">As vacinas devem chegar as cl\u00ednicas da fam\u00edlia da cidade do Rio ainda amanh\u00e3 para iniciar a campanha de vacina\u00e7\u00e3o na quarta-feira, feriado, anivers\u00e1rio da cidade, dia de S\u00e3o Sebasti\u00e3o!<\/p>\n<p>\u2014 Rene Silva (@eurenesilva) <a href=\"https:\/\/twitter.com\/eurenesilva\/status\/1351280574263156739?ref_src=twsrc%5Etfw\">January 18, 2021<\/a><\/p><\/blockquote>\n<p><script async src=\"https:\/\/platform.twitter.com\/widgets.js\" charset=\"utf-8\"><\/script><\/p>\n<blockquote><p>The vaccines should arrive at Rio&#8217;s family clinics by tomorrow so the vaccination campaign can begin on Wednesday\u2014a holiday, the city&#8217;s birthday, Saint Sebastian&#8217;s day!<\/p><\/blockquote>\n<p><a href=\"http:\/\/bit.ly\/2IsNrLj\" target=\"_blank\" rel=\"noopener\">Eduardo Paes<\/a>, Rio\u2019s mayor, warned that although the beginning of vaccination is a victory for science, that does not exempt citizens from continued precautions against the illness. The administration emphasized that, at the moment, no one should seek out immunization centers for vaccination.<\/p>\n<p>\u201cThe beginning of immunization is not the end of the pandemic; it is literally a light at the end of the tunnel. We will continue with the measures we have been announcing in the previous weeks,\u201d said Paes, who promised more stringent monitoring and enforcement against crowding and non-compliance to rules by Rio\u2019s establishments.<\/p>\n<p>The first doses were received with a ceremony at the foot of Christ the Redeemer, Rio\u2019s symbol, on January 18. Under a media spotlight, two Rio de Janeiro residents were vaccinated as journalists and photographers crowded in front of them.<\/p>\n<blockquote class=\"twitter-tweet\">\n<p dir=\"ltr\" lang=\"pt\">MAS A FOTO FICOU BONITA. \u00c9 O QUE IMPORTA, TALKEY <a href=\"https:\/\/t.co\/35dcJMrv3I\">https:\/\/t.co\/35dcJMrv3I<\/a><\/p>\n<p>\u2014 Cec\u00edlia Olliveira (@Cecillia) <a href=\"https:\/\/twitter.com\/Cecillia\/status\/1351304480193736706?ref_src=twsrc%5Etfw\">January 18, 2021<\/a><\/p><\/blockquote>\n<p><script async src=\"https:\/\/platform.twitter.com\/widgets.js\" charset=\"utf-8\"><\/script><\/p>\n<blockquote><p>Original tweet by Nicol\u00e1s Satriano: Cinematographers and photojournalists during the vaccination &#8220;event&#8221; in Rio, at the Christ statue.<br \/>\nCec\u00edlia Olliveira&#8217;s tweet: But the photo looks good. That&#8217;s what matters, OK?<\/p><\/blockquote>\n<h3>Next Phases<\/h3>\n<p>In the next phase (the date of which remains undefined since it depends on either the batch produced by national public health foundation Fiocruz being ready or another batch being sent from Butantan), additional health-care professionals will be immunized, as well as senior citizens 80 and older, divided by age groups.<\/p>\n<p>When this phase of vaccination begins, senior citizens will be separated by age in order to prevent crowding at vaccination centers. In the first week, people 95 and older will receive their shots on Monday and Tuesday and people 90 to 95 from Wednesday to Friday. On Saturday, all of those in this age group will be able to go to the centers to be immunized.<\/p>\n<blockquote class=\"twitter-tweet\">\n<p dir=\"ltr\" lang=\"pt\">Minha m\u00e3e est\u00e1 no grupo da primeira fase de vacinas aqui no Rio. T\u00f4 feliz pra carai!!!!!!<\/p>\n<p>\u2014 Nega R\u00ea &#x1f3f4; (@RenataTrajano1) <a href=\"https:\/\/twitter.com\/RenataTrajano1\/status\/1351165654485889024?ref_src=twsrc%5Etfw\">January 18, 2021<\/a><\/p><\/blockquote>\n<p><script async src=\"https:\/\/platform.twitter.com\/widgets.js\" charset=\"utf-8\"><\/script><\/p>\n<blockquote><p>My mom&#8217;s in the group for the first phase of vaccines here in Rio. I&#8217;m so freakin&#8217; happy!<\/p><\/blockquote>\n<p>Family Health Clinics will be used as the base for vaccinations, from 8am to 10pm. There will, however, be other centers across town. In Santa Cruz, the Policl\u00ednica Lincoln will also offer shots, though only during the senior citizen phase (60 and older).<\/p>\n<p>The first phase of vaccination also expects to include people 75 and older, <em>quilombolas<\/em> and health-care workers not yet vaccinated. However, the beginning of inoculation for these groups depends on the arrival of more batches of the vaccine.<\/p>\n<p><em>In collaboration with Letycia Nascimento<\/em><\/p>\n<p><em>*Both RioOnWatch and the Covid-19 in Favelas Unified Dashboard are initiatives of the NGO <a href=\"http:\/\/bit.ly\/2KEWrin\" target=\"_blank\" rel=\"noopener\">Catalytic Communities<\/a> (CatComm).<\/em><\/p>\n<hr \/>\n<h4><b data-stringify-type=\"bold\">Support\u00a0<\/b><b data-stringify-type=\"bold\"><i data-stringify-type=\"italic\">RioOnWatch<\/i><\/b><b data-stringify-type=\"bold\">\u2019s tireless, critical and cutting-edge hyperlocal journalism, online community organizing meetings, and direct support to favelas\u00a0<\/b><b data-stringify-type=\"bold\"><a class=\"c-link\" href=\"http:\/\/bit.ly\/DonateToRioOnWatch\" target=\"_blank\" rel=\"noopener noreferrer\" data-stringify-link=\"http:\/\/bit.ly\/DonateToRioOnWatch\" data-sk=\"tooltip_parent\" aria-describedby=\"sk-tooltip-45735\">by clicking here.<\/a><\/b><\/h4>\n","protected":false},"excerpt":{"rendered":"<div class=\"mh-excerpt\"><p>Clique aqui para Portugu\u00eas Rio city government assures Family Health Clinics will receive shots. But will favelas be prioritized in the vaccination plan? On Wednesday, January 20, the Rio de Janeiro city government began immunizing <a class=\"mh-excerpt-more\" href=\"https:\/\/rioonwatch.org\/?p=63659\" title=\"Covid-19: Rio de Janeiro Expects to Finish Administering First Batch of Vaccines by Saturday\">[&#8230;]<\/a><\/p>\n<\/div>","protected":false},"author":245,"featured_media":63664,"comment_status":"closed","ping_status":"closed","sticky":false,"template":"","format":"standard","meta":{"_monsterinsights_skip_tracking":false,"_monsterinsights_sitenote_active":false,"_monsterinsights_sitenote_note":"","_monsterinsights_sitenote_category":0,"footnotes":""},"categories":[3071,1668,335,329],"tags":[750,3251,272,892,2329,107,2414,715,3089,301,450,2634,3069,3252],"writer":[3125],"translator":[3174],"illustrator":[],"photographer":[],"class_list":{"0":"post-63659","1":"post","2":"type-post","3":"status-publish","4":"format-standard","5":"has-post-thumbnail","7":"category-coronaviruswatch","8":"category-participationwatch","9":"category-policies","10":"category-solutions","11":"tag-access","12":"tag-butantan","13":"tag-mayor-eduardo-paes","14":"tag-family-health-clinic","15":"tag-fiocruz","16":"tag-health","17":"tag-health-secretariat","18":"tag-indigenous","19":"tag-public-health","20":"tag-public-policy","21":"tag-quilombo","22":"tag-series","23":"tag-series-coronavirus-in-the-favelas","24":"tag-vaccination","25":"writer-tatiana-lima","26":"translator-clau-guimaraes"},"_links":{"self":[{"href":"https:\/\/rioonwatch.org\/index.php?rest_route=\/wp\/v2\/posts\/63659","targetHints":{"allow":["GET"]}}],"collection":[{"href":"https:\/\/rioonwatch.org\/index.php?rest_route=\/wp\/v2\/posts"}],"about":[{"href":"https:\/\/rioonwatch.org\/index.php?rest_route=\/wp\/v2\/types\/post"}],"author":[{"embeddable":true,"href":"https:\/\/rioonwatch.org\/index.php?rest_route=\/wp\/v2\/users\/245"}],"replies":[{"embeddable":true,"href":"https:\/\/rioonwatch.org\/index.php?rest_route=%2Fwp%2Fv2%2Fcomments&post=63659"}],"version-history":[{"count":0,"href":"https:\/\/rioonwatch.org\/index.php?rest_route=\/wp\/v2\/posts\/63659\/revisions"}],"wp:featuredmedia":[{"embeddable":true,"href":"https:\/\/rioonwatch.org\/index.php?rest_route=\/wp\/v2\/media\/63664"}],"wp:attachment":[{"href":"https:\/\/rioonwatch.org\/index.php?rest_route=%2Fwp%2Fv2%2Fmedia&parent=63659"}],"wp:term":[{"taxonomy":"category","embeddable":true,"href":"https:\/\/rioonwatch.org\/index.php?rest_route=%2Fwp%2Fv2%2Fcategories&post=63659"},{"taxonomy":"post_tag","embeddable":true,"href":"https:\/\/rioonwatch.org\/index.php?rest_route=%2Fwp%2Fv2%2Ftags&post=63659"},{"taxonomy":"writer","embeddable":true,"href":"https:\/\/rioonwatch.org\/index.php?rest_route=%2Fwp%2Fv2%2Fwriter&post=63659"},{"taxonomy":"translator","embeddable":true,"href":"https:\/\/rioonwatch.org\/index.php?rest_route=%2Fwp%2Fv2%2Ftranslator&post=63659"},{"taxonomy":"illustrator","embeddable":true,"href":"https:\/\/rioonwatch.org\/index.php?rest_route=%2Fwp%2Fv2%2Fillustrator&post=63659"},{"taxonomy":"photographer","embeddable":true,"href":"https:\/\/rioonwatch.org\/index.php?rest_route=%2Fwp%2Fv2%2Fphotographer&post=63659"}],"curies":[{"name":"wp","href":"https:\/\/api.w.org\/{rel}","templated":true}]}}