{"id":63681,"date":"2021-01-26T11:02:21","date_gmt":"2021-01-26T14:02:21","guid":{"rendered":"https:\/\/www.rioonwatch.org\/?p=63681"},"modified":"2021-02-22T19:38:42","modified_gmt":"2021-02-22T22:38:42","slug":"voices-from-social-media-about-the-arrival-of-vaccines-in-favelas","status":"publish","type":"post","link":"https:\/\/rioonwatch.org\/?p=63681","title":{"rendered":"Vaccines Begin Arriving in Rio Favelas, Producing Exaltation on Community Social Media"},"content":{"rendered":"<p style=\"text-align: right;\"><a href=\"http:\/\/bit.ly\/3c5G23L\" target=\"_blank\" rel=\"noopener noreferrer\"><em><strong>Clique aqui para Portugu\u00eas<\/strong><\/em><\/a><a href=\"https:\/\/bit.ly\/32ShEhs\"><img decoding=\"async\" class=\"alignright wp-image-23766 size-full\" src=\"https:\/\/www.rioonwatch.org\/wp-content\/uploads\/2012\/08\/PT-e1439583827971.png\" width=\"20\" height=\"20\" \/><\/a><\/p>\n<p><em><i>This is our latest article about\u00a0<\/i><a href=\"https:\/\/bit.ly\/CoronavirusNasFavelas\" target=\"_blank\" rel=\"noopener noreferrer\">Covid-19 and its impacts on the favelas<\/a><i>. <\/i> It is also part of <span style=\"font-weight: 400;\">RioOnWatch<\/span><span style=\"font-weight: 400;\">\u2019s <a href=\"http:\/\/bit.ly\/12mAD0p\" target=\"_blank\" rel=\"noopener noreferrer\">#VoicesFromSocialMedia series<\/a>, which compiles perspectives posted on social media by favela residents and activists about events and societal themes that arise.<\/span><\/em><\/p>\n<h3><em>Images of crowded beaches and of dozens of immunized health workers on social media portray everyday life during the pandemic in the Brazil.<\/em><\/h3>\n<p>The first holiday of 2021 in Rio de Janeiro\u2014a day when the thermal sensation reached 43.1 degrees Celsius (109.6 degrees Fahrenheit) according to <a href=\"http:\/\/bit.ly\/3p91jNm\" target=\"_blank\" rel=\"noopener\">Alerta Rio<\/a>\u2014led throngs of Rio residents to the beaches of the South Zone wearing no face masks even with a <a href=\"http:\/\/glo.bo\/3bYvraI\" target=\"_blank\" rel=\"noopener\">rising number of cases<\/a> of Covid-19 infections and deaths in the capital. But the date will not be remembered solely as one more day of fear and outrage in these 11 months since the pandemic began. On January 20, a holiday devoted to Saint Sebastian, the city\u2019s patron saint\u2014dozens of images of healthcare workers being inoculated with the first dose of CoronaVac, the Covid-19 vaccine produced by Chinese biopharmaceutical company Sinovac and Brazilian Instituto Butantan, invaded social media along with the hashtag #VivaOSUS (#LongLiveSUS, celebrating Brazil\u2019s public health system).<\/p>\n<blockquote class=\"twitter-tweet\">\n<p dir=\"ltr\" lang=\"pt\">Gratificante demais ver a equipe da Santa Casa de Campo Grande ser vacinada. A quase um ano eles vem trabalhando incansavelmente na ala covid do hospital, colocando em risco a pr\u00f3pria vida pra salvar o pr\u00f3ximo. Que imagens como essas sejam o &#8220;novo normal&#8221;. <a href=\"https:\/\/twitter.com\/hashtag\/VivaOSuS?src=hash&amp;ref_src=twsrc%5Etfw\">#VivaOSuS<\/a> <a href=\"https:\/\/t.co\/QsJzfRtERI\">pic.twitter.com\/QsJzfRtERI<\/a><\/p>\n<p>\u2014 Assis (@breassis_) <a href=\"https:\/\/twitter.com\/breassis_\/status\/1351538915228966913?ref_src=twsrc%5Etfw\">January 19, 2021<\/a><\/p><\/blockquote>\n<blockquote><p><script async src=\"https:\/\/platform.twitter.com\/widgets.js\" charset=\"utf-8\"><\/script>It&#8217;s really satisfying to see the Santa Casa de Campo Grande team being vaccinated. They&#8217;ve been working tirelessly in the hospital&#8217;s Covid ward for almost a year, putting their own lives at risk to save others. May images such as these be &#8220;the new normal.&#8221; #LongLiveSuS<\/p><\/blockquote>\n<p>Including a choreography to the tune of Mc Fioti\u2019s &#8220;Bum Bum Tam Tam&#8221; by Dr. Nayara Rocha, a doctor at <a href=\"http:\/\/bit.ly\/2WS99w8\" target=\"_blank\" rel=\"noopener\">Complexo do Alem\u00e3o<\/a>\u2019s Family Health Clinic:<\/p>\n<blockquote class=\"twitter-tweet\">\n<p dir=\"ltr\" lang=\"pt\">Imunizados. <a href=\"https:\/\/twitter.com\/hashtag\/SUS?src=hash&amp;ref_src=twsrc%5Etfw\">#SUS<\/a> <a href=\"https:\/\/twitter.com\/hashtag\/VivaOSuS?src=hash&amp;ref_src=twsrc%5Etfw\">#VivaOSuS<\/a> <a href=\"https:\/\/t.co\/cZ7fKFZXFa\">pic.twitter.com\/cZ7fKFZXFa<\/a><\/p>\n<p>\u2014 Nayara Rocha (@naymdarocha) <a href=\"https:\/\/twitter.com\/naymdarocha\/status\/1351926102671941639?ref_src=twsrc%5Etfw\">January 20, 2021<\/a><\/p><\/blockquote>\n<blockquote><p><script async src=\"https:\/\/platform.twitter.com\/widgets.js\" charset=\"utf-8\"><\/script>Immunized. #SUS #LongLiveSUS<\/p><\/blockquote>\n<p>The song, which has become a meme, has been <a href=\"http:\/\/bbc.in\/2NdnZ0T\" target=\"_blank\" rel=\"noopener\">remixed by the MC on behalf of the vaccination campaign<\/a>: \u201cThe engaging vaccine messes with the mind \/ Of whoever is around. This sassy vaccine \/ is gonna cure a bunch of lives and save a lotta people. Come here vaccine, tam \/ Come here vaccine tam tam tam.\u201d The hit became the anthem for Instituto Butantan\u2019s vaccine. Despite the song\u2019s playful lyrics, Mc Fioti, who recorded a new version of his video inside Instituto Butantan, reminded his audience that the shot is taken in the arm and not in the buttocks (<em>bumbum<\/em>).<\/p>\n<p>The City\u2019s vaccination plan <a href=\"http:\/\/bit.ly\/3o8CrUO\" target=\"_blank\" rel=\"noopener\">officially began<\/a> on Tuesday, January 19, at the Ronaldo Gazolla Municipal Hospital in the <a href=\"http:\/\/bit.ly\/2XW8L4i\" target=\"_blank\" rel=\"noopener\">Acari<\/a> favela and in some nursing homes. On Wednesday, January 20, the campaign was intensified with teams of primary care workers taking the vaccine to long-term care facilities and to professionals at public and private hospitals working with Covid-19, plus their peers from <a href=\"http:\/\/bit.ly\/2Y6Fjac\" target=\"_blank\" rel=\"noopener\">Family Health Clinics<\/a> and municipal health centers.<\/p>\n<p>Only 34% of healthcare professionals will be inoculated, however. Even during its initial stage, this phase of the vaccination has breathed new hope and relief to some families, such as journalist Daiene Mendes\u2019.<\/p>\n<blockquote class=\"twitter-tweet\">\n<p dir=\"ltr\" lang=\"pt\">EU TO CHORANDO MUITO! Depois de tudo que a minha fam\u00edlia passou, perder a vov\u00f3 e meu tio em sequ\u00eancia, ver minha m\u00e3e ser uma das primeiras vacinadas do Brasil \u00e9 muito pra mim! <a href=\"https:\/\/t.co\/7iuneEX68h\">pic.twitter.com\/7iuneEX68h<\/a><\/p>\n<p>\u2014 Daiene (@Daienemendes) <a href=\"https:\/\/twitter.com\/Daienemendes\/status\/1351901412469440513?ref_src=twsrc%5Etfw\">January 20, 2021<\/a><\/p><\/blockquote>\n<blockquote><p><script async src=\"https:\/\/platform.twitter.com\/widgets.js\" charset=\"utf-8\"><\/script>Original tweet: My mom just got vaccinated against Covid-19! She is a Community Health Agent in Complexo do Alem\u00e3o! DEFEND THE SUS!<\/p>\n<p>Second tweet: I&#8217;M CRYING MY EYES OUT! After everything my family went through, losing my grandma and my uncle right after, seeing my mom be one of the first people in Brazil to be vaccinated is a lot for me!<\/p><\/blockquote>\n<p>In April 2020, the journalist, a resident of the favelas of Complexo do Alem\u00e3o, used Twitter to ask for help and expose the <a href=\"http:\/\/bit.ly\/2WNVzNz\" target=\"_blank\" rel=\"noopener\">collapse of Rio de Janeiro\u2019s public health system amid the pandemic<\/a>. In the space of six days, she lost her grandmother and an uncle, both victims of Covid-19 and of the lack of proper state assistance.<\/p>\n<p>Besides being extremely touched, Daiene also posted a picture of her mother as an alligator, participating in a meme which has taken social media by storm. The meme is an ironic criticism of <a href=\"https:\/\/bit.ly\/39PyKhx\" target=\"_blank\" rel=\"noopener\">President Jair Bolsonaro\u2019s statement on December 17, 2020<\/a>: \u201cIf you take the vaccine and turn into an alligator, that\u2019s your problem,\u201d in yet another attempt to delegitimize science and the production of vaccines to immunize the population in Brazil and worldwide.<\/p>\n<blockquote class=\"twitter-tweet\">\n<p dir=\"ltr\" lang=\"pt\">Vacinadaaaaaa<br \/>\nE sem sinais de metamorfose &#x1f40a;<\/p>\n<p>Ironias a parte, que momento \u00fanico e de alegria !<br \/>\nEm menos de um ano dessa pandemia que assolou o mundo, est\u00e1 sendo vacina tem um significado muito importante . <a href=\"https:\/\/twitter.com\/hashtag\/vivaoSus?src=hash&amp;ref_src=twsrc%5Etfw\">#vivaoSus<\/a> <a href=\"https:\/\/twitter.com\/hashtag\/vivaciencia?src=hash&amp;ref_src=twsrc%5Etfw\">#vivaciencia<\/a> <a href=\"https:\/\/twitter.com\/hashtag\/butantan?src=hash&amp;ref_src=twsrc%5Etfw\">#butantan<\/a> <a href=\"https:\/\/t.co\/YRS4wEyKf9\">pic.twitter.com\/YRS4wEyKf9<\/a><\/p>\n<p>\u2014 Dani Andrade (@daniandrrade) <a href=\"https:\/\/twitter.com\/daniandrrade\/status\/1351876169659019264?ref_src=twsrc%5Etfw\">January 20, 2021<\/a><\/p><\/blockquote>\n<blockquote><p><script async src=\"https:\/\/platform.twitter.com\/widgets.js\" charset=\"utf-8\"><\/script><br \/>\nVaccinaaaated<br \/>\nAnd no sign of metamorphosis<br \/>\nJokes aside, what a unique and happy moment!<br \/>\nIn less than one year of this pandemic that ravaged the planet, getting my shot takes on a very important meaning. #LongLiveSUS #longlivescience #butantan<\/p><\/blockquote>\n<h3>Rio de Janeiro: By January 23, 115,000 Immunized<\/h3>\n<p>The number is very low considering the more than six million living in Rio\u2019s capital. Still, this first phase of vaccination means some light at the end of the tunnel after over ten months of the pandemic for many professionals who work on the frontlines of the fight against Covid-19, community leaders and favela activists.<\/p>\n<blockquote class=\"twitter-tweet\">\n<p dir=\"ltr\" lang=\"pt\">Passou um flashback na cabe\u00e7a de tudo que vivenciamos nos \u00faltimos meses na Rocinha. H\u00e1 uma luz no fim do t\u00fanel! <a href=\"https:\/\/t.co\/0IAQ5dpmlD\">https:\/\/t.co\/0IAQ5dpmlD<\/a><\/p>\n<p>\u2014 Michel Silva (@eumichelsilva) <a href=\"https:\/\/twitter.com\/eumichelsilva\/status\/1351939429267599361?ref_src=twsrc%5Etfw\">January 20, 2021<\/a><\/p><\/blockquote>\n<blockquote><p><script async src=\"https:\/\/platform.twitter.com\/widgets.js\" charset=\"utf-8\"><\/script>Original tweet by Fala Ro\u00e7a: Community Health Agent Adalgisa da Silva, 60, was the first person in #Rocinha to get the #COVID-19 shot. She was immunized on the morning of this Wednesday, January 20, at a local Family Health Clinic. (And she did not turn into an alligator!)<\/p>\n<p>Michel Silva&#8217;s tweet: I had a flashback going through my head of everything we&#8217;ve gone through in Rocinha in the past months. There is a light at the end of the tunnel!<\/p><\/blockquote>\n<blockquote class=\"twitter-tweet\">\n<p dir=\"ltr\" lang=\"pt\">Imagens de esperan\u00e7a e emo\u00e7\u00e3o:<\/p>\n<p>Funcion\u00e1rios da Cl\u00ednica da Fam\u00edlia da Favela de Acari receberam a vacina <a href=\"https:\/\/twitter.com\/hashtag\/CoronaVac?src=hash&amp;ref_src=twsrc%5Etfw\">#CoronaVac<\/a> &#x1f489;&#x2764;&#x1f64c;&#x1f3fe;&#x270a;&#x1f3fe; <a href=\"https:\/\/t.co\/B644xZtAQY\">pic.twitter.com\/B644xZtAQY<\/a><\/p>\n<p>\u2014 Buba Aguiar (@BuubaAguiar) <a href=\"https:\/\/twitter.com\/BuubaAguiar\/status\/1351885246392913922?ref_src=twsrc%5Etfw\">January 20, 2021<\/a><\/p><\/blockquote>\n<blockquote><p><script async src=\"https:\/\/platform.twitter.com\/widgets.js\" charset=\"utf-8\"><\/script>Images of hope and high emotion:<br \/>\nEmployees of the Acari Family Health Clinic got the #CoronaVac vaccine<\/p><\/blockquote>\n<p>Media and favela media outlets, among them <a href=\"http:\/\/bit.ly\/2Dx68rd\" target=\"_blank\" rel=\"noopener\">Coletivo Akari<\/a>, <a href=\"http:\/\/bit.ly\/3oa5AiA\" target=\"_blank\" rel=\"noopener\">Fala Ro\u00e7a<\/a>, <a href=\"http:\/\/bit.ly\/2Y1ngC4\" target=\"_blank\" rel=\"noopener\">Mar\u00e9 Vive<\/a> and <a href=\"http:\/\/bit.ly\/3o2vVPi\" target=\"_blank\" rel=\"noopener\">Voz das Comunidades<\/a>, registered the vaccination of health professionals in their communities\u2019 Family Health Clinics.<\/p>\n<blockquote class=\"twitter-tweet\">\n<p dir=\"ltr\" lang=\"pt\">Ao todo, 270 funcion\u00e1rios ser\u00e3o imunizados pela cl\u00ednica da Fam\u00edlia Zilda Arns. A primeira fase do plano de vacina\u00e7\u00e3o contempla os profissionais da \u00e1rea da sa\u00fade que atuam na linha de frente no combate ao coronav\u00edrus.<\/p>\n<p>Foto: <a href=\"https:\/\/twitter.com\/SelmaSouzaPhoto?ref_src=twsrc%5Etfw\">@SelmaSouzaPhoto<\/a> <a href=\"https:\/\/t.co\/KbE4PjjyOx\">pic.twitter.com\/KbE4PjjyOx<\/a><\/p>\n<p>\u2014 Voz das Comunidades (@vozdacomunidade) <a href=\"https:\/\/twitter.com\/vozdacomunidade\/status\/1351957831507980289?ref_src=twsrc%5Etfw\">January 20, 2021<\/a><\/p><\/blockquote>\n<blockquote><p><script async src=\"https:\/\/platform.twitter.com\/widgets.js\" charset=\"utf-8\"><\/script>Original tweet by Voz das Comunidades: Cleide Oliveira, 47, was the first one to get the shot. A community health agent of the Zilda Arns Family Clinic, she is a resident of Casinhas, has two children, and lost her mother to Covid-19.<\/p>\n<p>Reply to original tweet: In all, 270 employees will be immunized by the Zilda Arns Family Clinic. The first phase of the vaccination plan covers healthcare professionals working on the frontline of the fight against the coronavirus.<\/p><\/blockquote>\n<p><a href=\"http:\/\/bit.ly\/3iuSuLu\" target=\"_blank\" rel=\"noopener\">Many of the health agents vaccinated<\/a> and immunized with the first CoronaVac dose are favela residents, as <a href=\"https:\/\/bit.ly\/3sG7s5Y\" target=\"_blank\" rel=\"noopener\"><em>Mar\u00e9 de Not\u00edcias<\/em><\/a> pointed out. Community media emphasizes, however, that this is not the time to relax with safety protocols to avoid being infected with the virus: the use of face masks, social distancing and washing hands with soap and water or using alcohol are still necessary measures.<\/p>\n<blockquote class=\"twitter-tweet\">\n<p dir=\"ltr\" lang=\"pt\">Sabemos que ela vai chegar com calma, n\u00e3o tem data ainda pra geral ser vacinado, mas j\u00e1 ter iniciado nos enche de esperan\u00e7a n\u00e3o \u00e9 mesmo, favela?<br \/>\nAh, continua a\u00ed usando m\u00e1scaras e \u00e1lcool 70%. A pandemia t\u00e1 a\u00ed ainda.<a href=\"https:\/\/twitter.com\/hashtag\/VivaoSUS?src=hash&amp;ref_src=twsrc%5Etfw\">#VivaoSUS<\/a> <a href=\"https:\/\/t.co\/pabMq4yS48\">pic.twitter.com\/pabMq4yS48<\/a><\/p>\n<p>\u2014 Mar\u00e9 Vive (@MareVive) <a href=\"https:\/\/twitter.com\/MareVive\/status\/1351941193383473152?ref_src=twsrc%5Etfw\">January 20, 2021<\/a><\/p><\/blockquote>\n<blockquote><p><script async src=\"https:\/\/platform.twitter.com\/widgets.js\" charset=\"utf-8\"><\/script> Original tweet by Mar\u00e9 Vive: Today is a day for hope<br \/>\nResident and healthcare professional Amanda Andrade, who has worked in Mar\u00e9 for years, gave us this piece of news this morning of Wednesday, January 20. In this first phase, the Covid-19 vaccine goes to healthcare professionals.<\/p>\n<p>Second tweet: We know it&#8217;s coming slowly, there&#8217;s still no date for everyone to get their shot, but just the fact that it&#8217;s started already fills us with hope, isn&#8217;t that true, favela?<br \/>\nOh, and keep wearing that mask and using 70% alcohol. The pandemic is still around.<\/p>\n<p>#LongLiveSUS<\/p><\/blockquote>\n<p><a href=\"http:\/\/bit.ly\/3meNiNl\" target=\"_blank\" rel=\"noopener\">According to data from the State Health Secretariat<\/a>, 28,215 had died due to coronavirus and 490,821 had been infected by January 21. The <a href=\"http:\/\/www.favela.info\" target=\"_blank\" rel=\"noopener\">Covid-19 in Favelas Unified Dashboard<\/a>,* which brings together over twenty civil society organizations and collectives, by January 26, registered <a href=\"http:\/\/bit.ly\/3o8CrUO\" target=\"_blank\" rel=\"noopener\">29,310 favela residents infected and 3,198 who had died<\/a> due to coronavirus.<\/p>\n<p>It is important to highlight that, in this first stage of vaccination, the population should not head for health posts seeking vaccination. For now, the vaccination plan is aimed at the initial priority groups, made up of: healthcare professionals working directly with Covid-19 patients; primary care workers involved in the vaccination campaign; healthcare professionals working in ICUs, and ERs, and who had been removed from their positions due to age or comorbidities; senior citizens and people with disabilities living in long-term care facilities or professionals working in these places; and indigenous peoples and <em>quilombolas<\/em>.<\/p>\n<p><a href=\"http:\/\/bit.ly\/35W1R1t\" target=\"_blank\" rel=\"noopener\">According to the <em>O Dia<\/em> newspaper<\/a>, of the 487,500 CoronaVac doses that arrived in the state of Rio de Janeiro on Monday, January 18, the capital received 231,840 doses. This total accounts for the two doses necessary for each of the 115,000 people that city government intended to vaccinate by Saturday, January 23.<\/p>\n<p>With 1,382 deaths in 24 hours, <a href=\"http:\/\/glo.bo\/39LfGBa\" target=\"_blank\" rel=\"noopener\">Brazil has over 212,000 deaths caused by Covid-19<\/a>, according to a joint media count on January 20.<\/p>\n<p><em>*Both <\/em>RioOnWatch<em> and the Covid-19 in Favelas Unified Dashboard are initiatives of the NGO\u00a0<a href=\"http:\/\/bit.ly\/2KEWrin\" target=\"_blank\" rel=\"noopener noreferrer\">Catalytic Communities<\/a>\u00a0(CatComm).<\/em><\/p>\n<hr \/>\n<h4><b data-stringify-type=\"bold\">Support\u00a0<\/b><b data-stringify-type=\"bold\"><i data-stringify-type=\"italic\">RioOnWatch<\/i><\/b><b data-stringify-type=\"bold\">\u2019s tireless, critical and cutting-edge hyperlocal journalism, online community organizing meetings, and direct support to favelas\u00a0<\/b><b data-stringify-type=\"bold\"><a class=\"c-link\" href=\"http:\/\/bit.ly\/DonateToRioOnWatch\" target=\"_blank\" rel=\"noopener noreferrer\" data-stringify-link=\"http:\/\/bit.ly\/DonateToRioOnWatch\" data-sk=\"tooltip_parent\">by clicking here.<\/a><\/b><\/h4>\n","protected":false},"excerpt":{"rendered":"<div class=\"mh-excerpt\"><p>Clique aqui para Portugu\u00eas This is our latest article about\u00a0Covid-19 and its impacts on the favelas. It is also part of RioOnWatch\u2019s #VoicesFromSocialMedia series, which compiles perspectives posted on social media by favela residents and <a class=\"mh-excerpt-more\" href=\"https:\/\/rioonwatch.org\/?p=63681\" title=\"Vaccines Begin Arriving in Rio Favelas, Producing Exaltation on Community Social Media\">[&#8230;]<\/a><\/p>\n<\/div>","protected":false},"author":245,"featured_media":63690,"comment_status":"closed","ping_status":"closed","sticky":false,"template":"","format":"standard","meta":{"_monsterinsights_skip_tracking":false,"_monsterinsights_sitenote_active":false,"_monsterinsights_sitenote_note":"","_monsterinsights_sitenote_category":0,"footnotes":""},"categories":[1294,3071,2555,1288],"tags":[1087,555,3103,3251,3190,1653,3068,272,2084,892,501,107,2414,2597,3069,796,924,1843],"writer":[3125],"translator":[3174],"illustrator":[],"photographer":[],"class_list":{"0":"post-63681","1":"post","2":"type-post","3":"status-publish","4":"format-standard","5":"has-post-thumbnail","7":"category-communitymedia","8":"category-coronaviruswatch","9":"category-monitoringcrivella","10":"category-highlight","11":"tag-voicesfromsocialmedia","12":"tag-acari","13":"tag-bolsonaro-sabotages-covid-19-prevention","14":"tag-butantan","15":"tag-community-health-agents","16":"tag-community-media","17":"tag-coronavirus","18":"tag-mayor-eduardo-paes","19":"tag-fala-roca","20":"tag-family-health-clinic","21":"tag-funk","22":"tag-health","23":"tag-health-secretariat","24":"tag-jair-bolsonaro","25":"tag-series-coronavirus-in-the-favelas","26":"tag-social-media","27":"tag-sus","28":"tag-voz-das-comunidades","29":"writer-tatiana-lima","30":"translator-clau-guimaraes"},"_links":{"self":[{"href":"https:\/\/rioonwatch.org\/index.php?rest_route=\/wp\/v2\/posts\/63681","targetHints":{"allow":["GET"]}}],"collection":[{"href":"https:\/\/rioonwatch.org\/index.php?rest_route=\/wp\/v2\/posts"}],"about":[{"href":"https:\/\/rioonwatch.org\/index.php?rest_route=\/wp\/v2\/types\/post"}],"author":[{"embeddable":true,"href":"https:\/\/rioonwatch.org\/index.php?rest_route=\/wp\/v2\/users\/245"}],"replies":[{"embeddable":true,"href":"https:\/\/rioonwatch.org\/index.php?rest_route=%2Fwp%2Fv2%2Fcomments&post=63681"}],"version-history":[{"count":0,"href":"https:\/\/rioonwatch.org\/index.php?rest_route=\/wp\/v2\/posts\/63681\/revisions"}],"wp:featuredmedia":[{"embeddable":true,"href":"https:\/\/rioonwatch.org\/index.php?rest_route=\/wp\/v2\/media\/63690"}],"wp:attachment":[{"href":"https:\/\/rioonwatch.org\/index.php?rest_route=%2Fwp%2Fv2%2Fmedia&parent=63681"}],"wp:term":[{"taxonomy":"category","embeddable":true,"href":"https:\/\/rioonwatch.org\/index.php?rest_route=%2Fwp%2Fv2%2Fcategories&post=63681"},{"taxonomy":"post_tag","embeddable":true,"href":"https:\/\/rioonwatch.org\/index.php?rest_route=%2Fwp%2Fv2%2Ftags&post=63681"},{"taxonomy":"writer","embeddable":true,"href":"https:\/\/rioonwatch.org\/index.php?rest_route=%2Fwp%2Fv2%2Fwriter&post=63681"},{"taxonomy":"translator","embeddable":true,"href":"https:\/\/rioonwatch.org\/index.php?rest_route=%2Fwp%2Fv2%2Ftranslator&post=63681"},{"taxonomy":"illustrator","embeddable":true,"href":"https:\/\/rioonwatch.org\/index.php?rest_route=%2Fwp%2Fv2%2Fillustrator&post=63681"},{"taxonomy":"photographer","embeddable":true,"href":"https:\/\/rioonwatch.org\/index.php?rest_route=%2Fwp%2Fv2%2Fphotographer&post=63681"}],"curies":[{"name":"wp","href":"https:\/\/api.w.org\/{rel}","templated":true}]}}