{"id":63840,"date":"2021-02-05T12:11:51","date_gmt":"2021-02-05T15:11:51","guid":{"rendered":"https:\/\/www.rioonwatch.org\/?p=63840"},"modified":"2021-11-03T20:08:23","modified_gmt":"2021-11-03T23:08:23","slug":"energy-insecurity-may-disrupt-vaccination-in-communities-thoughts-from-the-cesar-maia-favela","status":"publish","type":"post","link":"https:\/\/rioonwatch.org\/?p=63840","title":{"rendered":"Energy Insecurity May Disrupt Vaccination in Favelas: Thoughts from C\u00e9sar Maia, in Rio"},"content":{"rendered":"<p style=\"text-align: right;\"><a href=\"http:\/\/bit.ly\/36fggGw\" target=\"_blank\" rel=\"noopener\"><em><strong>Clique aqui para Portugu\u00eas<\/strong><\/em><img decoding=\"async\" width=\"20\" height=\"20\" class=\"alignright wp-image-23766 size-full\" src=\"https:\/\/www.rioonwatch.org\/wp-content\/uploads\/2012\/08\/PT-e1439583827971.png\" \/><\/a><\/p>\n<p><i><span style=\"font-weight: 400;\">This article is part of a <a href=\"https:\/\/bit.ly\/FavelaEnergyJustice\" target=\"_blank\" rel=\"noopener\">series on energy justice and efficiency in Rio\u2019s favelas<\/a>. It is also\u00a0<em>our latest article about\u00a0<a href=\"https:\/\/bit.ly\/CoronavirusNasFavelas\" target=\"_blank\" rel=\"noopener noreferrer\">Covid-19 and its impacts on the favelas<\/a>.\u00a0<\/em><\/span><\/i><\/p>\n<p><span style=\"font-weight: 400;\">I live in <a href=\"http:\/\/bit.ly\/38ktj7L\" target=\"_blank\" rel=\"noopener\">C\u00e9sar Maia<\/a>, a community in Rio de Janeiro\u2019s <a href=\"http:\/\/bit.ly\/2KVA7k7\" target=\"_blank\" rel=\"noopener\">West Zone<\/a>. To be more precise, it is located in a district called <a href=\"http:\/\/bit.ly\/39p2wus\" target=\"_blank\" rel=\"noopener\">Vargem Pequena<\/a>. The community&#8217;s official name is Conjunto Bandeirantes <\/span>I and II, but it&#8217;s known as C\u00e9sar Maia because the <em>Conjunto<\/em><span style=\"font-weight: 400;\"> (public housing complex) was originally built during <a href=\"http:\/\/bit.ly\/1W69EQu\" target=\"_blank\" rel=\"noopener\">Mayor C\u00e9sar Maia\u2019s first term<\/a>, in 1996.<\/span><\/p>\n<p><span style=\"font-weight: 400;\"><a href=\"https:\/\/www.rioonwatch.org\/wp-content\/uploads\/2021\/01\/Rua-na-comunidade-Cesar-Maia.-Foto-Reproducao-Google-Maps.jpg\"><img fetchpriority=\"high\" decoding=\"async\" class=\"aligncenter wp-image-63843 size-content\" title=\"Street in the C\u00e9sar Maia community. Photo: Reproduced from Google Maps\" src=\"https:\/\/www.rioonwatch.org\/wp-content\/uploads\/2021\/01\/Rua-na-comunidade-Cesar-Maia.-Foto-Reproducao-Google-Maps-620x264.jpg\" alt=\"\" width=\"620\" height=\"264\" \/><\/a><\/span><\/p>\n<p><span style=\"font-weight: 400;\">It is a relatively new favela compared to others in the <a href=\"https:\/\/bit.ly\/3cqKqaG\" target=\"_blank\" rel=\"noopener\">Jacarepagu\u00e1<\/a> region such as <a href=\"http:\/\/bit.ly\/2ZKEORG\" target=\"_blank\" rel=\"noopener\">Rio das Pedras<\/a> and <a href=\"http:\/\/bit.ly\/2LNGKW2\" target=\"_blank\" rel=\"noopener\">City of God<\/a>, both of <a href=\"https:\/\/bit.ly\/361K499\" target=\"_blank\" rel=\"noopener\">which emerged in the 1960s<\/a>. [It is common for public housing in Rio de Janeiro to grow informally, and thus be eventually recognized as favelas rather than formal housing.] Although it is a \u201cnew\u201d community which was built by the State, C\u00e9sar Maia experiences a similar problem to many favelas in Rio de Janeiro: blackouts.<\/span><\/p>\n<p><span style=\"font-weight: 400;\">They occur randomly throughout the year, but seem to intensify with the arrival of summer; especially at night when people return home after a day\u2019s work and turn on their fans and air conditioners. In short, the power grid has not kept up with <a href=\"http:\/\/glo.bo\/2KI7Uj2\" target=\"_blank\" rel=\"noopener\">the favela\u2019s expansion,<\/a> and I believe this to be the cause of C\u00e9sar Maia\u2019s energy problems.\u00a0<\/span><\/p>\n<p><span style=\"font-weight: 400;\"><a href=\"https:\/\/www.rioonwatch.org\/wp-content\/uploads\/2021\/01\/Casas-e-negocios-na-comunidade-Cesar-Maia.-Foto-por-Joaquim-da-Silva-scaled-e1611406629863.jpg\"><img decoding=\"async\" class=\"aligncenter wp-image-63845\" title=\"Homes and businesses in the C\u00e9sar Maia community. Photo: Joaquim da Silva\" src=\"https:\/\/www.rioonwatch.org\/wp-content\/uploads\/2021\/01\/Casas-e-negocios-na-comunidade-Cesar-Maia.-Foto-por-Joaquim-da-Silva-scaled-e1611406629863.jpg\" alt=\"\" width=\"620\" height=\"570\" srcset=\"https:\/\/rioonwatch.org\/wp-content\/uploads\/2021\/01\/Casas-e-negocios-na-comunidade-Cesar-Maia.-Foto-por-Joaquim-da-Silva-scaled-e1611406629863.jpg 1920w, https:\/\/rioonwatch.org\/wp-content\/uploads\/2021\/01\/Casas-e-negocios-na-comunidade-Cesar-Maia.-Foto-por-Joaquim-da-Silva-scaled-e1611406629863-300x276.jpg 300w, https:\/\/rioonwatch.org\/wp-content\/uploads\/2021\/01\/Casas-e-negocios-na-comunidade-Cesar-Maia.-Foto-por-Joaquim-da-Silva-scaled-e1611406629863-1024x942.jpg 1024w, https:\/\/rioonwatch.org\/wp-content\/uploads\/2021\/01\/Casas-e-negocios-na-comunidade-Cesar-Maia.-Foto-por-Joaquim-da-Silva-scaled-e1611406629863-768x706.jpg 768w, https:\/\/rioonwatch.org\/wp-content\/uploads\/2021\/01\/Casas-e-negocios-na-comunidade-Cesar-Maia.-Foto-por-Joaquim-da-Silva-scaled-e1611406629863-1536x1413.jpg 1536w\" sizes=\"(max-width: 620px) 100vw, 620px\" \/><\/a><\/span><\/p>\n<p><span style=\"font-weight: 400;\">We have a <a href=\"http:\/\/bit.ly\/2NTglXI\" target=\"_blank\" rel=\"noopener\">Family Clinic<\/a> here in the favela\u2014the <a href=\"https:\/\/bit.ly\/3c5rwJ2\" target=\"_blank\" rel=\"noopener\">Professor Maury Alves de Pinho Family Health Clinic<\/a>\u2014which is constantly being affected by the poor services provided by <a href=\"http:\/\/bit.ly\/2Rs7L2t\" target=\"_blank\" rel=\"noopener\">Light<\/a>, Rio\u2019s electric utility. The Clinic has three community health teams which tend to the needs of the combined <a href=\"https:\/\/bit.ly\/3qBZOYy\" target=\"_blank\" rel=\"noopener\">populations of C\u00e9sar Maia<\/a>, Coroado, and Horizonte, all favelas in Vargem Pequena. As you can imagine, this clinic provides an essential service\u2014<\/span>hard to come by around here<span style=\"font-weight: 400;\">\u2014<\/span><span style=\"font-weight: 400;\">to the population.<\/span><\/p>\n<p><span style=\"font-weight: 400;\"><a href=\"https:\/\/www.rioonwatch.org\/wp-content\/uploads\/2021\/01\/Screen-Shot-2021-01-27-at-12.31.01.png\"><img loading=\"lazy\" decoding=\"async\" class=\"alignright wp-image-63846\" title=\"Plate at Professor Maury Alves de Pinho Family Health Clinic. Photo: @clinicaprof\" src=\"https:\/\/www.rioonwatch.org\/wp-content\/uploads\/2021\/01\/Screen-Shot-2021-01-27-at-12.31.01-300x225.png\" alt=\"\" width=\"300\" height=\"225\" srcset=\"https:\/\/rioonwatch.org\/wp-content\/uploads\/2021\/01\/Screen-Shot-2021-01-27-at-12.31.01-300x225.png 300w, https:\/\/rioonwatch.org\/wp-content\/uploads\/2021\/01\/Screen-Shot-2021-01-27-at-12.31.01-174x131.png 174w, https:\/\/rioonwatch.org\/wp-content\/uploads\/2021\/01\/Screen-Shot-2021-01-27-at-12.31.01-70x53.png 70w, https:\/\/rioonwatch.org\/wp-content\/uploads\/2021\/01\/Screen-Shot-2021-01-27-at-12.31.01-326x245.png 326w, https:\/\/rioonwatch.org\/wp-content\/uploads\/2021\/01\/Screen-Shot-2021-01-27-at-12.31.01.png 606w\" sizes=\"(max-width: 300px) 100vw, 300px\" \/><\/a>As in most Family Clinics, there\u2019s a vaccination room, which is a sad reflection of <a href=\"http:\/\/bit.ly\/3gBLUlt\" target=\"_blank\" rel=\"noopener\">distributional injustice<\/a>. About five years ago, they needed to replace the refrigerator that stores vaccines due to constant power cuts which occurred mainly at night. In one of these blackouts, the vaccines had to be transported to another health center so the doses would not go bad. Now the clinic has a cold chamber for vaccines which runs on internal batteries, and can last up to 24 hours without electricity.<\/span><\/p>\n<p><span style=\"font-weight: 400;\">It is worth pointing out that the <a href=\"http:\/\/glo.bo\/3obGkrU\" target=\"_blank\" rel=\"noopener\">Family Clinics will become Covid-19 vaccination units<\/a> and, as in previous vaccination rollouts, will be open to everyone, and not just residents of their respective communities.<\/span><\/p>\n<p><span style=\"font-weight: 400;\">How many other communities have Family Health Clinics and also experience constant blackouts? <a href=\"https:\/\/bit.ly\/3oqcO25\" target=\"_blank\" rel=\"noopener\">Have they all managed<\/a> to replace their refrigerators, a necessary action given the terrible energy service provided to them? Will favelas, amid this energy neglect, be able to store Covid-19 vaccines? What will be the impact of both <a href=\"http:\/\/bit.ly\/3gBLUlt\">energy inequality<\/a> and distributional injustice on the inoculation of Rio\u2019s favela populations?<\/span><\/p>\n<blockquote class=\"twitter-tweet\">\n<p dir=\"ltr\" lang=\"pt\">As favelas do Rio e a vacina da covid-19. As Cl\u00ednicas da Fam\u00edlia e Centros Municipais de Sa\u00fade ser\u00e3o pontos de vacina\u00e7\u00e3o. Nem todas as unidades tem geradores de energia. A falta de luz na favela \u00e9 di\u00e1ria e as vacinas precisam de refrigera\u00e7\u00e3o, se n\u00e3o, v\u00e3o ser perdidas. Ai ai<\/p>\n<p>\u2014 Michel Silva (@eumichelsilva) <a href=\"https:\/\/twitter.com\/eumichelsilva\/status\/1349076466600968194?ref_src=twsrc%5Etfw\" target=\"_blank\" rel=\"noopener\">January 12, 2021<\/a><\/p><\/blockquote>\n<p><script async src=\"https:\/\/platform.twitter.com\/widgets.js\" charset=\"utf-8\"><\/script><\/p>\n<blockquote><p>Rio\u2019s favelas and Covid-19. Family Clinics and Municipal Health Centers will soon become vaccination centers. Not all of them have power generators. Having no electricity happens on a daily basis and the vaccines need to be refrigerated, if not they\u2019ll be wasted. Oh boy \u2014 Michel Silva<\/p><\/blockquote>\n<p><span style=\"font-weight: 400;\">It is worth thinking about all of this right now, since it is crucial for the success of vaccination programs in favelas that we understand the true capabilities of each territory&#8217;s health units. Since the beginning of the pandemic, there have been no efforts in C\u00e9sar Maia to put an end to blackouts; they continue to occur frequently, both day and night. Ironically, there was a power cut while this story was being written.<\/span><\/p>\n<p>Another problem is that during the summer, heavy rains also worsen electricity issues. <span style=\"font-weight: 400;\">Those who live in a favela or in some neighborhoods on the outskirts of the city will already start to worry when the rain comes, because it is almost certain that lights will begin to flicker. The inconsistent amount of electricity that reaches homes means that household appliances will often have a substandard performance: lightbulbs, for example, will flicker.<\/span><\/p>\n<p><span style=\"font-weight: 400;\">At times, energy shortages are a problem only we face. I can say this with certainty, as several times I have happened to be coming home from work at night and notice that everywhere along my journey seems to be lit up, only to get to the community and see that all the lights are out. Why must a favela be an unlit island surrounded by light everywhere? We do not have the same access to services as the neighborhoods around us. Inequality exists here for all to see, in the distribution of electricity and its maintenance; in the allocation and expansion of resources.<\/span><\/p>\n<p><span style=\"font-weight: 400;\">C\u00e9sar Maia is about 5km from <a href=\"https:\/\/bit.ly\/2ZQ0tet\" target=\"_blank\" rel=\"noopener\">Recreio dos Bandeirantes<\/a>, a wealthy neighbor of ours, full of luxury apartment blocks. It is not uncommon for us to be without electricity in the favela, while the apartments in Recreio have their lights on. And even when there is a big blackout affecting our community and our neighbor, you see that electricity is always restored first in the upscale neighborhood and then in our community. We need the power grid to be equally maintained! Historically, favelas have been denied the right to safe and legal access to electricity.<\/span><\/p>\n<p><span style=\"font-weight: 400;\"><a href=\"https:\/\/www.rioonwatch.org\/wp-content\/uploads\/2021\/01\/Rede-eletrica-precaria-e-em-grande-medida-auto-organizada-na-favela-do-Cesar-Maia.-scaled-1.jpg\"><img loading=\"lazy\" decoding=\"async\" class=\"alignright wp-image-63855\" title=\"Precarious and largely self-organized electricity network in the C\u00e9sar Maia favela\" src=\"https:\/\/www.rioonwatch.org\/wp-content\/uploads\/2021\/01\/Rede-eletrica-precaria-e-em-grande-medida-auto-organizada-na-favela-do-Cesar-Maia.-scaled-1-225x300.jpg\" alt=\"\" width=\"300\" height=\"400\" srcset=\"https:\/\/rioonwatch.org\/wp-content\/uploads\/2021\/01\/Rede-eletrica-precaria-e-em-grande-medida-auto-organizada-na-favela-do-Cesar-Maia.-scaled-1-225x300.jpg 225w, https:\/\/rioonwatch.org\/wp-content\/uploads\/2021\/01\/Rede-eletrica-precaria-e-em-grande-medida-auto-organizada-na-favela-do-Cesar-Maia.-scaled-1-768x1024.jpg 768w, https:\/\/rioonwatch.org\/wp-content\/uploads\/2021\/01\/Rede-eletrica-precaria-e-em-grande-medida-auto-organizada-na-favela-do-Cesar-Maia.-scaled-1-1152x1536.jpg 1152w, https:\/\/rioonwatch.org\/wp-content\/uploads\/2021\/01\/Rede-eletrica-precaria-e-em-grande-medida-auto-organizada-na-favela-do-Cesar-Maia.-scaled-1-1536x2048.jpg 1536w, https:\/\/rioonwatch.org\/wp-content\/uploads\/2021\/01\/Rede-eletrica-precaria-e-em-grande-medida-auto-organizada-na-favela-do-Cesar-Maia.-scaled-1.jpg 1920w\" sizes=\"(max-width: 300px) 100vw, 300px\" \/><\/a>\u201cIt&#8217;s frustrating to come home after a long day at work and not be able to turn on your fan to cool down. Power cuts here have been getting worse and more intense, and even with some improvement, our energy services are still far from ideal,\u201d explains Jo\u00e3o,* a resident of C\u00e9sar Maia.<\/span><\/p>\n<p><span style=\"font-weight: 400;\">\u201cI moved to the community about ten years ago and I suffer from asthma. As soon as the rain started at night, I\u2019d be scared about not being able to use my nebulizer. I was only able to relax once I managed to buy a device that didn&#8217;t rely on electricity to function. Strong winds also cause electrical surges, and we live in one of the windiest parts of Rio de Janeiro,\u201d says Felipe,* another resident of the favela.<\/span><\/p>\n<p><span style=\"font-weight: 400;\">Blackouts also lead to several other problems: one of them is the burning or malfunction of household appliances and electronics, not only inside homes but also affecting public infrastructure and service providers. There used to be a time when even the slightest spike in electricity, just a few seconds, would leave us in doubt about whether the Internet would come back or not. In other words, a precarious supply of electricity can cause other public services such as water, <\/span>telephone systems<span style=\"font-weight: 400;\"> and the Internet to be precarious too. How can water be pumped without electricity?<\/span><\/p>\n<p><span style=\"font-weight: 400;\">A large company that provides telephone and Internet services in the community <\/span><span style=\"font-weight: 400;\">keeps<\/span><span style=\"font-weight: 400;\"> Internet<\/span> &#8220;distribution boards&#8221; <span style=\"font-weight: 400;\">installed here. If we were left with no Internet after a blackout, we immediately knew the reason: part of the <\/span>&#8220;board&#8221; <span style=\"font-weight: 400;\">had burned. Straight away, I would contact the company\u2019s call center informing them of the issue. The operator would respond with, \u201cwe\u2019re going to send a team to your residence to check out the problem.\u201d To which I would reply, \u201cTell the team to check the distribution board <\/span><span style=\"font-weight: 400;\">because that\u2019s where the issue is. That\u2019s how it works around here: no electricity, a part in the board burns!\u201d During one of the blackouts, there was no spare for the burned part in all of Rio, and the company had to bring a new one from S\u00e3o Paulo. We had no Internet for weeks due to a simple outage that lasted seconds. This problem of not having Internet every time we have a blackout no longer happens, at least not in my part of the favela. But they took years to solve it. The community is divided between Bandeirantes I and II and, sometimes, electrical surges occur on one side but not on the other.<\/span><\/p>\n<p><span style=\"font-weight: 400;\">It is clear that community health centers in favelas and in the peripheries\u2014which are often deprived of electricity, water, Internet and phone signals\u2014are unable to care for the population in the way that they should. But favelas also pay <a href=\"http:\/\/bit.ly\/1jddfoq\" target=\"_blank\" rel=\"noopener\">electricity<\/a> fees and <a href=\"http:\/\/glo.bo\/3oa9Jmn\" target=\"_blank\" rel=\"noopener\">taxes<\/a>\u2014<\/span><a href=\"http:\/\/bit.ly\/2cC5G2w\" target=\"_blank\" rel=\"noopener\">a lot<\/a> of them! <span style=\"font-weight: 400;\">We are entitled to a stable electrical supply, but we seem to have been forgotten. What remains for us is to wait and see how all of these factors will interfere with vaccination programs in favelas.<\/span><\/p>\n<p><i><span style=\"font-weight: 400;\">*The names of the interviewees in the text are fictional in order to protect the identity of favela residents. Joaquim da Silva is also a pseudonym, chosen to safeguard the author\u2019s identity.<\/span><\/i><\/p>\n<p><i><span style=\"font-weight: 400;\">Art by: Marcelo Vitor<\/span><\/i><\/p>\n<p><span style=\"font-weight: 400;\"> <i>This article is part of a <a href=\"https:\/\/bit.ly\/FavelaEnergyJustice\" target=\"_blank\" rel=\"noopener\">series about energy justice and efficiency in Rio\u2019s favelas<\/a>.<\/i><\/span><\/p>\n<hr \/>\n<h4>Support\u00a0RioOnWatch\u2019s tireless, critical and cutting-edge hyperlocal journalism, online community organizing meetings, and direct support to favelas\u00a0<a href=\"http:\/\/bit.ly\/FavelaCovidResponse\" target=\"_blank\" rel=\"noopener\">by clicking here<\/a>.<\/h4>\n","protected":false},"excerpt":{"rendered":"<div class=\"mh-excerpt\"><p>Clique aqui para Portugu\u00eas This article is part of a series on energy justice and efficiency in Rio\u2019s favelas. It is also\u00a0our latest article about\u00a0Covid-19 and its impacts on the favelas.\u00a0 I live in C\u00e9sar <a class=\"mh-excerpt-more\" href=\"https:\/\/rioonwatch.org\/?p=63840\" title=\"Energy Insecurity May Disrupt Vaccination in Favelas: Thoughts from C\u00e9sar Maia, in Rio\">[&#8230;]<\/a><\/p>\n<\/div>","protected":false},"author":212,"featured_media":63841,"comment_status":"closed","ping_status":"closed","sticky":false,"template":"","format":"standard","meta":{"_monsterinsights_skip_tracking":false,"_monsterinsights_sitenote_active":false,"_monsterinsights_sitenote_note":"","_monsterinsights_sitenote_category":0,"footnotes":""},"categories":[3071,1288,1328,335,328,336],"tags":[776,231,3261,3068,892,182,107,3265,203,755,749,569,485,1025,3089,210,301,73,1445,3069,3235,3162,370,21],"writer":[3259],"translator":[3214],"illustrator":[],"photographer":[],"class_list":{"0":"post-63840","1":"post","2":"type-post","3":"status-publish","4":"format-standard","5":"has-post-thumbnail","7":"category-coronaviruswatch","8":"category-highlight","9":"category-by-community-contributors","10":"category-policies","11":"category-understanding-rio","12":"category-violations","13":"tag-cesar-maia","14":"tag-city-of-god","15":"tag-coroado","16":"tag-coronavirus","17":"tag-family-health-clinic","18":"tag-government-neglect","19":"tag-health","20":"tag-horizonte","21":"tag-inequality","22":"tag-infrastructure","23":"tag-internet","24":"tag-jacarepagua","25":"tag-light-electricity","26":"tag-poor-quality-services","27":"tag-public-health","28":"tag-public-housing","29":"tag-public-policy","30":"tag-recreio","31":"tag-rio-das-pedras","32":"tag-series-coronavirus-in-the-favelas","33":"tag-series-energy-justice-and-efficiency","34":"tag-vargem-pequena","35":"tag-water","36":"tag-west-zone","37":"writer-joaquim-da-silva","38":"translator-gianna-giordani"},"_links":{"self":[{"href":"https:\/\/rioonwatch.org\/index.php?rest_route=\/wp\/v2\/posts\/63840","targetHints":{"allow":["GET"]}}],"collection":[{"href":"https:\/\/rioonwatch.org\/index.php?rest_route=\/wp\/v2\/posts"}],"about":[{"href":"https:\/\/rioonwatch.org\/index.php?rest_route=\/wp\/v2\/types\/post"}],"author":[{"embeddable":true,"href":"https:\/\/rioonwatch.org\/index.php?rest_route=\/wp\/v2\/users\/212"}],"replies":[{"embeddable":true,"href":"https:\/\/rioonwatch.org\/index.php?rest_route=%2Fwp%2Fv2%2Fcomments&post=63840"}],"version-history":[{"count":0,"href":"https:\/\/rioonwatch.org\/index.php?rest_route=\/wp\/v2\/posts\/63840\/revisions"}],"wp:featuredmedia":[{"embeddable":true,"href":"https:\/\/rioonwatch.org\/index.php?rest_route=\/wp\/v2\/media\/63841"}],"wp:attachment":[{"href":"https:\/\/rioonwatch.org\/index.php?rest_route=%2Fwp%2Fv2%2Fmedia&parent=63840"}],"wp:term":[{"taxonomy":"category","embeddable":true,"href":"https:\/\/rioonwatch.org\/index.php?rest_route=%2Fwp%2Fv2%2Fcategories&post=63840"},{"taxonomy":"post_tag","embeddable":true,"href":"https:\/\/rioonwatch.org\/index.php?rest_route=%2Fwp%2Fv2%2Ftags&post=63840"},{"taxonomy":"writer","embeddable":true,"href":"https:\/\/rioonwatch.org\/index.php?rest_route=%2Fwp%2Fv2%2Fwriter&post=63840"},{"taxonomy":"translator","embeddable":true,"href":"https:\/\/rioonwatch.org\/index.php?rest_route=%2Fwp%2Fv2%2Ftranslator&post=63840"},{"taxonomy":"illustrator","embeddable":true,"href":"https:\/\/rioonwatch.org\/index.php?rest_route=%2Fwp%2Fv2%2Fillustrator&post=63840"},{"taxonomy":"photographer","embeddable":true,"href":"https:\/\/rioonwatch.org\/index.php?rest_route=%2Fwp%2Fv2%2Fphotographer&post=63840"}],"curies":[{"name":"wp","href":"https:\/\/api.w.org\/{rel}","templated":true}]}}