{"id":63897,"date":"2024-04-17T13:38:12","date_gmt":"2024-04-17T16:38:12","guid":{"rendered":"https:\/\/www.rioonwatch.org\/?p=63897"},"modified":"2024-04-18T09:38:05","modified_gmt":"2024-04-18T12:38:05","slug":"rio-de-janeiros-militias-and-state-power-part-1-the-alarming-and-little-reported-underbelly-of-the-rio-elections","status":"publish","type":"post","link":"https:\/\/rioonwatch.org\/?p=63897","title":{"rendered":"Rio de Janeiro&#8217;s Militias and State Power, Part 1: The Alarming and Little Reported Underbelly of Rio&#8217;s Elections"},"content":{"rendered":"<figure id=\"attachment_71259\" aria-describedby=\"caption-attachment-71259\" style=\"width: 1440px\" class=\"wp-caption aligncenter\"><a href=\"https:\/\/rioonwatch.org\/wp-content\/uploads\/2022\/07\/baixada-assassinatos-1579112041-1580832675.jpg\"><img fetchpriority=\"high\" decoding=\"async\" class=\"wp-image-71259 size-full\" title=\"Militias and Power in Rio de Janeiro. Illustration: The Intercept\" src=\"https:\/\/rioonwatch.org\/wp-content\/uploads\/2022\/07\/baixada-assassinatos-1579112041-1580832675.jpg\" alt=\"Militias and Power in Rio de Janeiro. Illustration: The Intercept\" width=\"1440\" height=\"720\" srcset=\"https:\/\/rioonwatch.org\/wp-content\/uploads\/2022\/07\/baixada-assassinatos-1579112041-1580832675.jpg 1440w, https:\/\/rioonwatch.org\/wp-content\/uploads\/2022\/07\/baixada-assassinatos-1579112041-1580832675-620x310.jpg 620w, https:\/\/rioonwatch.org\/wp-content\/uploads\/2022\/07\/baixada-assassinatos-1579112041-1580832675-1258x629.jpg 1258w, https:\/\/rioonwatch.org\/wp-content\/uploads\/2022\/07\/baixada-assassinatos-1579112041-1580832675-768x384.jpg 768w\" sizes=\"(max-width: 1440px) 100vw, 1440px\" \/><\/a><figcaption id=\"caption-attachment-71259\" class=\"wp-caption-text\">Militias and Power in Rio de Janeiro.\u00a0Illustration: <em>The Intercept<\/em><\/figcaption><\/figure>\n<p style=\"text-align: right;\"><a href=\"https:\/\/bit.ly\/2JJfbOS\" target=\"_blank\" rel=\"noopener\"><em><strong>Clique aqui para Portugu\u00eas<\/strong><\/em><img decoding=\"async\" width=\"20\" height=\"20\" class=\"alignright wp-image-23766 size-full\" src=\"https:\/\/www.rioonwatch.org\/wp-content\/uploads\/2012\/08\/PT-e1439583827971.png\" \/><\/a><\/p>\n<p><em>Originally published in Portuguese in 2020, this is part one of a <a href=\"https:\/\/rioonwatch.org\/?p=71202\" target=\"_blank\" rel=\"noopener\">two-part article<\/a> that discusses the expansion of the state-sanctioned power of vigilante police militias in the Rio de Janeiro Metropolitan Region. Still relevant four years later, with new municipal elections to take place, we publish the article to facilitate international understanding of Rio&#8217;s security situation. This first part reflects on the involvement of the militias in the 2020 municipal elections. <a href=\"https:\/\/rioonwatch.org\/?p=71202\" target=\"_blank\" rel=\"noopener\">Click here for part 2<\/a>.<\/em><\/p>\n<h4>Paramilitary groups have become increasingly involved in local government and legislatures, consolidating their role in wider discourse and their violent practices over the past four decades.<\/h4>\n<p>The involvement of vigilante, off-duty police mafias, known in Rio de Janeiro as <a href=\"https:\/\/bit.ly\/3t4o0oi\" target=\"_blank\" rel=\"noopener\">militias<\/a>, in the city&#8217;s electoral politics is nothing new. For at least four decades, these groups have been contesting elections directly and indirectly in the <a href=\"https:\/\/bit.ly\/2NMg6jp\" target=\"_blank\" rel=\"noopener\">Metropolitan Region<\/a>, though their power has grown dramatically in recent years. In Rio de Janeiro, the militia is not just a parallel power. Because they are off-duty cops, \u201c<a href=\"https:\/\/bit.ly\/3IdCafN\" target=\"_blank\" rel=\"noopener\">they are within the State<\/a>, they&#8217;ve learned everything from the State, and they are the State,\u201d according to sociologist <a href=\"https:\/\/bit.ly\/3ptVNFh\" target=\"_blank\" rel=\"noopener\">Jos\u00e9 Cl\u00e1udio Alves<\/a>, professor at the Federal Rural University of Rio de Janeiro (<a href=\"https:\/\/bit.ly\/3orVGJ8\" target=\"_blank\" rel=\"noopener\">UFRRJ<\/a>), who has studied the paramilitary phenomenon <a href=\"https:\/\/bit.ly\/2L2P8mI\" target=\"_blank\" rel=\"noopener\">for the past 26 years<\/a>.<\/p>\n<p>This situation has been recognized by Brazil&#8217;s Electoral Justice System. Three days before the first round of municipal elections on November 12, 2020, <a href=\"https:\/\/bit.ly\/3oqQOUF\" target=\"_blank\" rel=\"noopener\">Federal Police<\/a> agents carried out 12 search and seizure warrants issued by the 16th Electoral Ward. <a href=\"https:\/\/glo.bo\/3oro0eO\" target=\"_blank\" rel=\"noopener\">Operation S\u00f3lon<\/a>\u00a0searched homes, campaign offices, and companies linked to militias in the <a href=\"https:\/\/bit.ly\/39p3DdG\" target=\"_blank\" rel=\"noopener\">West Zone<\/a> of Rio. Of the investigation&#8217;s twelve targets, ten were linked to the brothers <a href=\"https:\/\/glo.bo\/3iTzqXx\" target=\"_blank\" rel=\"noopener\">Jos\u00e9 Guimar\u00e3es Natalino and Jer\u00f4nimo Guimar\u00e3es,<\/a> identified in court as founders of the <a href=\"http:\/\/bit.ly\/2maYc8K\" target=\"_blank\" rel=\"noopener\">Justice League<\/a>. The Justice League is one of the largest militias in the state and operates in the <a href=\"https:\/\/bit.ly\/2KXTqM7\" target=\"_blank\" rel=\"noopener\">Rio das Pedras<\/a> favela.<\/p>\n<p>Despite the increase in the number of seats held by center-right and left-wing parties in Rio\u2019s City Council, which many considered to be a defeat for <a href=\"https:\/\/bit.ly\/3B0fmh6\" target=\"_blank\" rel=\"noopener\">Bolsonarism and the militias<\/a>, Alves warned that the entire spatial-political context of these militias needs to be understood.<\/p>\n<figure id=\"attachment_71254\" aria-describedby=\"caption-attachment-71254\" style=\"width: 1086px\" class=\"wp-caption aligncenter\"><a href=\"https:\/\/rioonwatch.org\/wp-content\/uploads\/2022\/07\/75843103_Sociologo-Jose-Claudio-Souza-Alves-autor-do-livro-Dos-baroes-ao-exterminio-a-historia-d.jpg\"><img decoding=\"async\" class=\"wp-image-71254 size-full\" title=\"Writer Jos\u00e9 Claudio Alves.\" src=\"https:\/\/rioonwatch.org\/wp-content\/uploads\/2022\/07\/75843103_Sociologo-Jose-Claudio-Souza-Alves-autor-do-livro-Dos-baroes-ao-exterminio-a-historia-d.jpg\" alt=\"Jos\u00e9 Claudio Alves.\" width=\"1086\" height=\"652\" srcset=\"https:\/\/rioonwatch.org\/wp-content\/uploads\/2022\/07\/75843103_Sociologo-Jose-Claudio-Souza-Alves-autor-do-livro-Dos-baroes-ao-exterminio-a-historia-d.jpg 1086w, https:\/\/rioonwatch.org\/wp-content\/uploads\/2022\/07\/75843103_Sociologo-Jose-Claudio-Souza-Alves-autor-do-livro-Dos-baroes-ao-exterminio-a-historia-d-620x372.jpg 620w, https:\/\/rioonwatch.org\/wp-content\/uploads\/2022\/07\/75843103_Sociologo-Jose-Claudio-Souza-Alves-autor-do-livro-Dos-baroes-ao-exterminio-a-historia-d-1048x629.jpg 1048w, https:\/\/rioonwatch.org\/wp-content\/uploads\/2022\/07\/75843103_Sociologo-Jose-Claudio-Souza-Alves-autor-do-livro-Dos-baroes-ao-exterminio-a-historia-d-768x461.jpg 768w\" sizes=\"(max-width: 1086px) 100vw, 1086px\" \/><\/a><figcaption id=\"caption-attachment-71254\" class=\"wp-caption-text\">Writer Jos\u00e9 Claudio Alves<\/figcaption><\/figure>\n<p>Before the 2020 elections, Alves reflected: \u201cThe 2020 elections have been characterized by political and economic dynamics that could bring about an &#8216;apotheosis of the militias&#8217; at the polls. These groups have accumulated criminal social capital with politicians, developing their practical experiences and their control over public discourse for four decades. They have evolved from an anarchic force that recolonizes a territory, to [an organized] force that has transformed the entire city&#8217;s territory and services into a [black] market.\u201d<\/p>\n<p>Militia groups were originally formed under the guise of offering \u201cparallel security,\u201d informally fighting crime and especially drug trafficking in the absence of effective policing. Over decades they <a href=\"https:\/\/on.ft.com\/3IRu9MZ\" target=\"_blank\" rel=\"noopener\">held territory<\/a> in several parts of Greater Rio de Janeiro. Today they control not only security, but also businesses, including the sale of essentials like cooking gas, water, basic foodstuffs, and real estate, even <a href=\"https:\/\/bit.ly\/3PG2Nvo\" target=\"_blank\" rel=\"noopener\">building shopping malls, commercial and real estate projects<\/a>, alternative transport, TV, Internet access, and generating employment in favelas and surrounding areas.<\/p>\n<p>While the original mold for militias was seen as parallel security personnel to protect order and local businesses, they began to monopolize essential services which should be provided by the State, offering inflated prices to the local population. Today, however, militias have become criminal organizations, not only with with military power, but with <a href=\"http:\/\/bit.ly\/2Rl7q0W\" target=\"_blank\" rel=\"noopener\">political power<\/a>, and functioning symbiotically with the drug trade, according to a\u00a0<a href=\"https:\/\/bit.ly\/3t5URJG\" target=\"_blank\" rel=\"noopener\">study<\/a> by the <a href=\"https:\/\/bit.ly\/3t5URJG\" target=\"_blank\" rel=\"noopener\">Fluminense Research Network on Violence, Public Security and Human Rights<\/a>.<\/p>\n<figure id=\"attachment_71255\" aria-describedby=\"caption-attachment-71255\" style=\"width: 1248px\" class=\"wp-caption aligncenter\"><a href=\"https:\/\/rioonwatch.org\/wp-content\/uploads\/2022\/07\/imagem-area-zon-oeste-sem-logo.jpg\"><img loading=\"lazy\" decoding=\"async\" class=\"wp-image-71255 size-full\" title=\"The neighborhood of Rio das Pedras, in the city's West Zone.\" src=\"https:\/\/rioonwatch.org\/wp-content\/uploads\/2022\/07\/imagem-area-zon-oeste-sem-logo.jpg\" alt=\"The neighborhood of Rio das Pedras, in the city's West Zone.\" width=\"1248\" height=\"609\" srcset=\"https:\/\/rioonwatch.org\/wp-content\/uploads\/2022\/07\/imagem-area-zon-oeste-sem-logo.jpg 1248w, https:\/\/rioonwatch.org\/wp-content\/uploads\/2022\/07\/imagem-area-zon-oeste-sem-logo-620x303.jpg 620w, https:\/\/rioonwatch.org\/wp-content\/uploads\/2022\/07\/imagem-area-zon-oeste-sem-logo-768x375.jpg 768w\" sizes=\"(max-width: 1248px) 100vw, 1248px\" \/><\/a><figcaption id=\"caption-attachment-71255\" class=\"wp-caption-text\">The favela of Rio das Pedras, in the city&#8217;s West Zone.<\/figcaption><\/figure>\n<p>&#8220;The form of domination by militias is much more widespread and totalitarian than that of drug traffickers, which gives them advantages over the management of the business and their control over their territory. Militias need fear to maintain this control, and they often act as a sort of sponsor of the war on drugs. However, the structure of militias is in constant flux, reflecting internal disputes that are still far from stabilizing. Most recently, a growing connection between drug traffickers and militias has been observed, in a phenomenon known as the &#8216;narco-militia&#8217;,\u201d the <a href=\"https:\/\/bit.ly\/3Qry8Fy\" target=\"_blank\" rel=\"noopener\">study<\/a> revealed.<\/p>\n<p>The research also reveals a symbiosis between changes in the behavior of drug trafficking groups, that have begun to impose militia-style practices in their areas, and vice versa, \u201cwith the militia incorporating the drug market into their business model.\u201d The study was carried out by the Study Group on the New Illegalities at the Fluminense Federal University (<a href=\"https:\/\/bit.ly\/3vsWkMh\" target=\"_blank\" rel=\"noopener\">Geni-UFF<\/a>), <a href=\"https:\/\/bit.ly\/3aeZb0f\" target=\"_blank\" rel=\"noopener\">Fogo Cruzado<\/a>, <a href=\"https:\/\/bit.ly\/3aiH6Pg\" target=\"_blank\" rel=\"noopener\">S\u00e3o Paulo University&#8217;s Center for the Study of Violence<\/a>, the digital platform <a href=\"https:\/\/bit.ly\/3otZU2R\" target=\"_blank\" rel=\"noopener\">Pista News<\/a> and crime hotline <a href=\"https:\/\/bit.ly\/3taGELu\" target=\"_blank\" rel=\"noopener\">Disque-Denuncia<\/a>.<\/p>\n<p>Against this backdrop, Alves foresaw the 2020 elections as an \u201capotheosis of the militias at the polls,\u201d due to their influence throughout Rio de Janeiro.<\/p>\n<p>In Rio de Janeiro, politicians associated with militias such as <a href=\"https:\/\/reut.rs\/3PB2ims\" target=\"_blank\" rel=\"noopener\">Marcello Siciliano <\/a>(<a href=\"https:\/\/bit.ly\/3oDi6r6\" target=\"_blank\" rel=\"noopener\">PP<\/a>), <a href=\"https:\/\/bit.ly\/2MH36eb\" target=\"_blank\" rel=\"noopener\">Zico Bacana<\/a> (<a href=\"https:\/\/bit.ly\/3cvUGRI\" target=\"_blank\" rel=\"noopener\">Podemos<\/a>), <a href=\"https:\/\/bit.ly\/3j3ruDc\" target=\"_blank\" rel=\"noopener\">Carminha Jerominho<\/a> (<a href=\"https:\/\/bit.ly\/3ak8o7N\" target=\"_blank\" rel=\"noopener\">PMB<\/a>) were not elected. However, <a href=\"https:\/\/bit.ly\/3PmAyCb\" target=\"_blank\" rel=\"noopener\">Carlos Bolsonaro<\/a> (<a href=\"https:\/\/bit.ly\/31q1HNS\" target=\"_blank\" rel=\"noopener\">Republicanos<\/a>) was <a href=\"https:\/\/bit.ly\/3aO1ITx\" target=\"_blank\" rel=\"noopener\">re-elected for the sixth time<\/a> to the City Council. The younger Bolsonaro received the second most votes of any councilor, with <a href=\"https:\/\/glo.bo\/3oxoiRk\" target=\"_blank\" rel=\"noopener\">71,000 votes<\/a>. With this new term, the Bolsonaro family, which does not hide its <a href=\"https:\/\/nyti.ms\/2Z4guLp\" target=\"_blank\" rel=\"noopener\">ties with militia members<\/a>, has now been in the Council for 24 years.<\/p>\n<figure id=\"attachment_71256\" aria-describedby=\"caption-attachment-71256\" style=\"width: 300px\" class=\"wp-caption alignright\"><a href=\"https:\/\/rioonwatch.org\/wp-content\/uploads\/2022\/07\/1_gabriel_monteiro___candidato_a_vereador_do_rio_divulgacao-instagram.jpg\"><img loading=\"lazy\" decoding=\"async\" class=\"wp-image-71256\" title=\"Gabriel Monteiro (PSD) campaigning in a bulletproof vest, accompanied by an escort of men armed with shotguns.\" src=\"https:\/\/rioonwatch.org\/wp-content\/uploads\/2022\/07\/1_gabriel_monteiro___candidato_a_vereador_do_rio_divulgacao-instagram.jpg\" alt=\"Gabriel Monteiro (PSD) campaigning in a bulletproof vest, accompanied by an escort of men armed with shotguns.\" width=\"300\" height=\"399\" srcset=\"https:\/\/rioonwatch.org\/wp-content\/uploads\/2022\/07\/1_gabriel_monteiro___candidato_a_vereador_do_rio_divulgacao-instagram.jpg 700w, https:\/\/rioonwatch.org\/wp-content\/uploads\/2022\/07\/1_gabriel_monteiro___candidato_a_vereador_do_rio_divulgacao-instagram-466x620.jpg 466w, https:\/\/rioonwatch.org\/wp-content\/uploads\/2022\/07\/1_gabriel_monteiro___candidato_a_vereador_do_rio_divulgacao-instagram-472x629.jpg 472w\" sizes=\"(max-width: 300px) 100vw, 300px\" \/><\/a><figcaption id=\"caption-attachment-71256\" class=\"wp-caption-text\">Gabriel Monteiro (PSD) campaigning in a bulletproof vest, accompanied by an escort of men armed with shotguns.<\/figcaption><\/figure>\n<p>While Carlos Bolsonaro lost 35,000 votes relative to the last election, Bolsonarist YouTuber <a href=\"https:\/\/bit.ly\/3Plo8ux\" target=\"_blank\" rel=\"noopener\">Gabriel Monteiro<\/a> (<a href=\"https:\/\/bit.ly\/3pyM5l1\" target=\"_blank\" rel=\"noopener\">PSD<\/a>), was elected with 60,326 votes, the third highest number in the election. Monteiro is a licensed military police officer: days before the elections, he was caught campaigning with a bulletproof vest alongside an escort of men armed with shotguns. <a href=\"https:\/\/bit.ly\/3fHFpNp\" target=\"_blank\" rel=\"noopener\">The Military Police denied having approved<\/a> an official escort for Monteiro and opened an investigation into the case after news spread on social media and in the press.<\/p>\n<p><a href=\"https:\/\/bit.ly\/3oyRhnL\" target=\"_blank\" rel=\"noopener\">C\u00e9sar Maia<\/a> (<a href=\"https:\/\/www.rioonwatch.org\/?tag=DEM\" target=\"_blank\" rel=\"noopener\">DEM<\/a>) was also elected, with 55,031 votes. When he was the city&#8217;s mayor, he referred to the <a href=\"http:\/\/bit.ly\/Zywk0I\" target=\"_blank\" rel=\"noopener\">militias as &#8220;community self-defense<\/a>.&#8221;<\/p>\n<p>According to a survey published in the newspaper <em><a href=\"https:\/\/glo.bo\/3f3ZflK\" target=\"_blank\" rel=\"noopener\">Extra<\/a><\/em>, nationally, 29 mayoral our City Council candidates in 2020 were suspected of involvement in organized crime. Seven managed to get elected and another 12 got enough votes to remain on the list of alternative candidates in their seats.<\/p>\n<p>Danilo Francisco da Silva, known as Danilo do Mercado (<a href=\"https:\/\/bit.ly\/37sUbp8\" target=\"_blank\" rel=\"noopener\">MDB<\/a>), despite being the target of a Civil Police operation in August, received <a href=\"https:\/\/bit.ly\/366ZpGf\" target=\"_blank\" rel=\"noopener\">6,080 votes.<\/a> This was the eighth highest vote count in Greater Rio&#8217;s Duque de Caxias City Council. Mercado wa <a href=\"https:\/\/glo.bo\/2Yp6X2e\" target=\"_blank\" rel=\"noopener\">suspected of ordering the assassination<\/a> of a man who did not want to sell him land.<\/p>\n<figure id=\"attachment_71257\" aria-describedby=\"caption-attachment-71257\" style=\"width: 1772px\" class=\"wp-caption aligncenter\"><a href=\"https:\/\/rioonwatch.org\/wp-content\/uploads\/2022\/07\/Camara-Municipal-Rio.jpg\"><img loading=\"lazy\" decoding=\"async\" class=\"wp-image-71257 size-full\" title=\"Rio de Janeiro City Council.\" src=\"https:\/\/rioonwatch.org\/wp-content\/uploads\/2022\/07\/Camara-Municipal-Rio.jpg\" alt=\"Rio de Janeiro City Council.\" width=\"1772\" height=\"1181\" srcset=\"https:\/\/rioonwatch.org\/wp-content\/uploads\/2022\/07\/Camara-Municipal-Rio.jpg 1772w, https:\/\/rioonwatch.org\/wp-content\/uploads\/2022\/07\/Camara-Municipal-Rio-620x413.jpg 620w, https:\/\/rioonwatch.org\/wp-content\/uploads\/2022\/07\/Camara-Municipal-Rio-944x629.jpg 944w, https:\/\/rioonwatch.org\/wp-content\/uploads\/2022\/07\/Camara-Municipal-Rio-768x512.jpg 768w\" sizes=\"(max-width: 1772px) 100vw, 1772px\" \/><\/a><figcaption id=\"caption-attachment-71257\" class=\"wp-caption-text\">Rio de Janeiro City Council<\/figcaption><\/figure>\n<p>\u201cThere are municipalities in Greater Rio de Janeiro that have elected the second generation of militia men: that is to say, their children. The assassins of the 1990s failed to create a second generation, but the militia men did. They took the next step by getting their children elected,\u201d said Jos\u00e9 Claudio Alves on the<em> <a href=\"https:\/\/spoti.fi\/39xaRfT\" target=\"_blank\" rel=\"noopener\">Esta\u00e7\u00e3o Periferia<\/a><\/em> podcast after the first round of voting.<\/p>\n<p>The 2020 elections for the Rio de Janeiro City Hall and City Council were the first elections after the murder of councilor <a href=\"https:\/\/bit.ly\/3pxOJaR\" target=\"_blank\" rel=\"noopener\">Marielle Franco<\/a>. Despite the energy that took to the streets and social media after March 14, 2018, which transformed thousands of Black women into &#8220;seeds&#8221; of political activism, only two Black women from peripheral communities\u2014<a href=\"https:\/\/bit.ly\/3iYtn3M\" target=\"_blank\" rel=\"noopener\">Thais Ferreira<\/a> (<a href=\"https:\/\/bit.ly\/39xemD0\" target=\"_blank\" rel=\"noopener\">PSOL<\/a>) and <a href=\"https:\/\/bit.ly\/2JhHT9D\" target=\"_blank\" rel=\"noopener\">Tain\u00e1 de Paula<\/a> (<a href=\"https:\/\/bit.ly\/3oy53XR\" target=\"_blank\" rel=\"noopener\">PT<\/a>)\u2014were elected for the 2021-2024 legislature. In addition, the widow of Marielle Franco, <a href=\"https:\/\/reut.rs\/3IPn5jQ\" target=\"_blank\" rel=\"noopener\">Monica Ben\u00edcio<\/a>, was elected with 22,000 votes. Rio&#8217;s city council is made up of 51 seats: the racial and gender composition of the Chamber is illustrated below.<\/p>\n<p>This whole scenario reveals the consolidation of a kind of <a href=\"https:\/\/bit.ly\/3OlpJPI\" target=\"_blank\" rel=\"noopener\">militia ideology<\/a> and militia geopolitics, as analyzed by Jos\u00e9 Cl\u00e1udio Alves in his interview with <em>RioOnWatch<\/em> before the first round of elections.<\/p>\n<figure id=\"attachment_71258\" aria-describedby=\"caption-attachment-71258\" style=\"width: 1000px\" class=\"wp-caption aligncenter\"><a href=\"https:\/\/rioonwatch.org\/wp-content\/uploads\/2022\/07\/ELEIC\u0327A\u0303O2020_01.png\"><img loading=\"lazy\" decoding=\"async\" class=\"wp-image-71258 size-full\" title=\"Composition of the Rio de Janeiro City Council by race and gender: 32 white men and 6 white women; 7 brown men and 2 brown women; 2 Black men and 2 Black women. \" src=\"https:\/\/rioonwatch.org\/wp-content\/uploads\/2022\/07\/ELEIC\u0327A\u0303O2020_01.png\" alt=\"Composition of the Rio de Janeiro City Council by race and gender: 32 white men and 6 white women; 7 brown men and 2 brown women; 2 Black men and 2 Black women. \" width=\"1000\" height=\"1000\" srcset=\"https:\/\/rioonwatch.org\/wp-content\/uploads\/2022\/07\/ELEIC\u0327A\u0303O2020_01.png 1000w, https:\/\/rioonwatch.org\/wp-content\/uploads\/2022\/07\/ELEIC\u0327A\u0303O2020_01-620x620.png 620w, https:\/\/rioonwatch.org\/wp-content\/uploads\/2022\/07\/ELEIC\u0327A\u0303O2020_01-629x629.png 629w, https:\/\/rioonwatch.org\/wp-content\/uploads\/2022\/07\/ELEIC\u0327A\u0303O2020_01-768x768.png 768w\" sizes=\"(max-width: 1000px) 100vw, 1000px\" \/><\/a><figcaption id=\"caption-attachment-71258\" class=\"wp-caption-text\">Composition of the Rio de Janeiro City Council by race and gender: 32 white men and 6 white women; 7 brown men and 2 brown women; 2 Black men and 2 Black women.<\/figcaption><\/figure>\n<p><em>This is part one of a <a href=\"https:\/\/rioonwatch.org\/?p=71202\" target=\"_blank\" rel=\"noopener\">two-part article<\/a> that described the expansion of militias as part of State power in Greater Rio de Janeiro in 2020, but still relevant prior to municipal elections of 2024. Part 1 reflects on the involvement of the militias in the 2020 municipal elections. <a href=\"https:\/\/rioonwatch.org\/?p=71202\" target=\"_blank\" rel=\"noopener\">Click here for part 2<\/a>.<\/em><\/p>\n<hr \/>\n<h4><b data-stringify-type=\"bold\">Support\u00a0<\/b><b data-stringify-type=\"bold\"><i data-stringify-type=\"italic\">RioOnWatch<\/i><\/b><b data-stringify-type=\"bold\">\u2019s tireless, critical and cutting-edge hyperlocal journalism, online community organizing meetings, and direct support to favelas\u00a0<\/b><b data-stringify-type=\"bold\"><a class=\"c-link\" href=\"http:\/\/bit.ly\/DonateToRioOnWatch\" target=\"_blank\" rel=\"noopener noreferrer\" data-stringify-link=\"http:\/\/bit.ly\/DonateToRioOnWatch\" data-sk=\"tooltip_parent\">by clicking here.<\/a><\/b><\/h4>\n","protected":false},"excerpt":{"rendered":"<div class=\"mh-excerpt\"><p>Clique aqui para Portugu\u00eas Originally published in Portuguese in 2020, this is part one of a two-part article that discusses the expansion of the state-sanctioned power of vigilante police militias in the Rio de Janeiro <a class=\"mh-excerpt-more\" href=\"https:\/\/rioonwatch.org\/?p=63897\" title=\"Rio de Janeiro&#8217;s Militias and State Power, Part 1: The Alarming and Little Reported Underbelly of Rio&#8217;s Elections\">[&#8230;]<\/a><\/p>\n<\/div>","protected":false},"author":234,"featured_media":71259,"comment_status":"closed","ping_status":"closed","sticky":false,"template":"template-full.php","format":"standard","meta":{"_monsterinsights_skip_tracking":false,"_monsterinsights_sitenote_active":false,"_monsterinsights_sitenote_note":"","_monsterinsights_sitenote_category":0,"footnotes":""},"categories":[1288,335,328,336],"tags":[3221,460,2711,776,162,2630,2239,694,595,2045,3131,1197,2597,2449,918,33,3218,2835,2481,744,2241,2222,2221,809,1698,740,1445,1699,268,2536,2809,21],"writer":[3125],"translator":[3238],"illustrator":[],"photographer":[],"class_list":{"0":"post-63897","1":"post","2":"type-post","3":"status-publish","4":"format-standard","5":"has-post-thumbnail","7":"category-highlight","8":"category-policies","9":"category-understanding-rio","10":"category-violations","11":"tag-2020-municipal-election","12":"tag-baixada-fluminense","13":"tag-carlos-bolsonaro","14":"tag-cesar-maia","15":"tag-city-council","16":"tag-civil-police","17":"tag-dem","18":"tag-duque-de-caxias","19":"tag-elections","20":"tag-federal-police","21":"tag-fogo-cruzado","22":"tag-greater-rio","23":"tag-jair-bolsonaro","24":"tag-marielle-franco","25":"tag-military-police","26":"tag-militia","27":"tag-pmb","28":"tag-podemos","29":"tag-police-violence","30":"tag-policy-critique","31":"tag-pp","32":"tag-prb","33":"tag-psd","34":"tag-public-security","35":"tag-queimados","36":"tag-research-findings","37":"tag-rio-das-pedras","38":"tag-sao-joao-de-meriti","39":"tag-state-violence","40":"tag-uff","41":"tag-ufrrj","42":"tag-west-zone","43":"writer-tatiana-lima","44":"translator-adrian-hooper"},"_links":{"self":[{"href":"https:\/\/rioonwatch.org\/index.php?rest_route=\/wp\/v2\/posts\/63897","targetHints":{"allow":["GET"]}}],"collection":[{"href":"https:\/\/rioonwatch.org\/index.php?rest_route=\/wp\/v2\/posts"}],"about":[{"href":"https:\/\/rioonwatch.org\/index.php?rest_route=\/wp\/v2\/types\/post"}],"author":[{"embeddable":true,"href":"https:\/\/rioonwatch.org\/index.php?rest_route=\/wp\/v2\/users\/234"}],"replies":[{"embeddable":true,"href":"https:\/\/rioonwatch.org\/index.php?rest_route=%2Fwp%2Fv2%2Fcomments&post=63897"}],"version-history":[{"count":0,"href":"https:\/\/rioonwatch.org\/index.php?rest_route=\/wp\/v2\/posts\/63897\/revisions"}],"wp:featuredmedia":[{"embeddable":true,"href":"https:\/\/rioonwatch.org\/index.php?rest_route=\/wp\/v2\/media\/71259"}],"wp:attachment":[{"href":"https:\/\/rioonwatch.org\/index.php?rest_route=%2Fwp%2Fv2%2Fmedia&parent=63897"}],"wp:term":[{"taxonomy":"category","embeddable":true,"href":"https:\/\/rioonwatch.org\/index.php?rest_route=%2Fwp%2Fv2%2Fcategories&post=63897"},{"taxonomy":"post_tag","embeddable":true,"href":"https:\/\/rioonwatch.org\/index.php?rest_route=%2Fwp%2Fv2%2Ftags&post=63897"},{"taxonomy":"writer","embeddable":true,"href":"https:\/\/rioonwatch.org\/index.php?rest_route=%2Fwp%2Fv2%2Fwriter&post=63897"},{"taxonomy":"translator","embeddable":true,"href":"https:\/\/rioonwatch.org\/index.php?rest_route=%2Fwp%2Fv2%2Ftranslator&post=63897"},{"taxonomy":"illustrator","embeddable":true,"href":"https:\/\/rioonwatch.org\/index.php?rest_route=%2Fwp%2Fv2%2Fillustrator&post=63897"},{"taxonomy":"photographer","embeddable":true,"href":"https:\/\/rioonwatch.org\/index.php?rest_route=%2Fwp%2Fv2%2Fphotographer&post=63897"}],"curies":[{"name":"wp","href":"https:\/\/api.w.org\/{rel}","templated":true}]}}