{"id":65552,"date":"2021-04-28T20:20:09","date_gmt":"2021-04-28T23:20:09","guid":{"rendered":"https:\/\/www.rioonwatch.org\/?p=65552"},"modified":"2021-05-03T11:04:59","modified_gmt":"2021-05-03T14:04:59","slug":"announcement-joint-press-conference-on-hunger-from-covid-19-april-29","status":"publish","type":"post","link":"https:\/\/rioonwatch.org\/?p=65552","title":{"rendered":"Announcement: Joint Press Conference on Hunger from Covid-19, April 29"},"content":{"rendered":"<p style=\"text-align: right;\"><a href=\"https:\/\/bit.ly\/3u5vyHw\" target=\"_blank\" rel=\"noopener\"><strong><em>Clique aqui para Portugu\u00eas<\/em><\/strong><img decoding=\"async\" width=\"20\" height=\"20\" class=\"alignright wp-image-23766 size-full\" src=\"https:\/\/www.rioonwatch.org\/wp-content\/uploads\/2012\/08\/PT-e1439583827971.png\" \/><\/a><\/p>\n<p>FOR IMMEDIATE RELEASE [<a href=\"http:\/\/bit.ly\/PUFRelease6\" target=\"_blank\" rel=\"noopener\">PDF<\/a>]<\/p>\n<h3 style=\"text-align: center;\"><b><i>COVID-19 IN FAVELAS UNIFIED DASHBOARD AND SUSTAINABLE FAVELA NETWORK\u00a0<\/i><\/b><b><i>TO HOLD JOINT PRESS CONFERENCE ON THURSDAY, APRIL 29<\/i><\/b><\/h3>\n<p style=\"text-align: center;\"><b><i>\u2018A YEAR OF LOSSES! WHAT IS THE SOLUTION?\u2019<\/i><\/b><\/p>\n<p style=\"text-align: center;\"><em>Covid-19 in Favelas Unified Dashboard to realize its fourth press conference this Thursday, April 29, at 2pm (1pm EDT), conjointly with Rio\u2019s Sustainable Favela Network. Fifteen diverse favela leaders will reflect on this critical moment and launch an <a href=\"http:\/\/bit.ly\/FightCovidInFavelas\" target=\"_blank\" rel=\"noopener\" data-saferedirecturl=\"https:\/\/www.google.com\/url?q=http:\/\/bit.ly\/FightCovidInFavelas&amp;source=gmail&amp;ust=1619734799589000&amp;usg=AFQjCNHX9EPLRZyxPXhOe7t-JfJ28y6OQg\">international campaign for humanitarian\u00a0aid<\/a>\u00a0to save lives from hunger.<\/em><\/p>\n<p style=\"text-align: center;\"><a href=\"http:\/\/bit.ly\/ColetivaPainel4Inscricao\" target=\"_blank\" rel=\"noopener\"><i>Click here to register.<\/i><\/a><\/p>\n<p><b>April 28, 2021 \u2014 <\/b>Ten months after the launch of the Covid-19 in Favelas Unified Dashboard (<a href=\"http:\/\/www.favela.info\/\" target=\"_blank\" rel=\"noopener\">www.favela.info<\/a>),\u00a0<b>Rio de Janeiro favela collectives and support organizations continue to denounce the lack of public policies<\/b>\u00a0to combat the coronavirus. This time, the list of concerns has multiplied and is terrifying: the accumulation of deaths in Rio de Janeiro\u2019s favelas due to Covid-19 has aggravated numerous other factors: from food insecurity to school evasion, from mental health, to overloading our community movements, and much more.<\/p>\n<p>Don\u2019t miss the\u00a0<b>press<\/b>\u00a0<b>conference<\/b>\u00a0<b>\u201cA Year of Losses! What is the Solution?\u201d<\/b>\u00a0which will bring together\u00a0<b>15 critical and urgent mini-talks by favela leaders\u00a0<\/b>engaged in the Covid-19 in Favelas Unified Dashboard and Rio\u2019s Sustainable Favela Network, representing favelas across the Rio metropolitan region.\u00a0<b>Themes discussed include the losses of this past year,<\/b>\u00a0beyond the massacre imposed by state neglect: food insecurity and the reemergence of hunger; difficulty accessing health care, testing and vaccines; return of police operations; impacts of school evasion; mental health; and domestic violence.<\/p>\n<p>The fourth press conference will take place on\u00a0<b>Thursday, April 29<\/b>. At the event, 22 collectives that make up the Dashboard and 27 other organizations that realize the campaign for\u00a0<a href=\"http:\/\/bit.ly\/VaccinesForFavelas\" target=\"_blank\" rel=\"noopener\">\u201cVaccines for Favelas, Now!\u201d<\/a>\u00a0will<b>\u00a0denounce hunger and demand urgent policies to combat coronavirus in favelas<\/b>. We will\u00a0<b>describe possible solutions:<\/b>\u00a0the return of emergency aid, anti-hunger campaigns, and prioritized vaccine access in favelas.<\/p>\n<p>The Unified Dashboard, over time, has accessed new data sources, increasingly showing the reach and impact of Covid-19 in favelas,\u00a0<b>and today registers 44,799 cumulative cases and 4,379 favela deaths across the metropolitan region,<\/b>\u00a0with 39,961 cases and 3,457 deaths within the municipality of Rio de Janeiro. As of today, the Dashboard\u00a0<b>covers official data for 66% of favela households in Rio.\u00a0<\/b><\/p>\n<p>Joining the Unified Dashboard for this press conference is the\u00a0<b>Sustainable Favela Network (SFN)<\/b>, a community-based network integrating\u00a0<b>hundreds of socio-environmental initiatives in the favelas<\/b>\u00a0of Greater Rio, from community gardens and decentralized sustainable sewage systems to museums and solar energy projects. However, since<b>\u00a0the beginning of the pandemic<\/b>,\u00a0<b>all the<\/b>\u00a0<strong><a href=\"http:\/\/www.favelasustentavel.org\/\" target=\"_blank\" rel=\"noopener\">SFN\u2019s<\/a><\/strong><b>\u00a0member projects have pivoted to address<\/b>\u00a0demands for prevention and response to\u00a0<b>Covid-19 in their territories<\/b>.<\/p>\n<p><b>More deaths have occurred in Rio de Janeiro\u2019s favelas than in 164 entire countries<\/b>. The Covid-19 in Favelas Unified Dashboard is realized through a\u00a0<b>highly participatory methodology<\/b>\u00a0that, given the current lack of mass testing in most communities, recognizes that data collected through a qualified local base are most accurate. Based on local sources, the Dashboard began building its database in July 2020 and has since added new sources each week. More recently, we incorporated a Zone of Influence by Post Codes (CEPs) methodology, identifying post codes that best reflect each favela, starting with the most populous ones. Thus, using CEP data,\u00a0<b>we have so far managed to cover 268 favelas<\/b>, six of them in neighboring municipalities, in particular Itagua\u00ed.<\/p>\n<p><b>At the April 29 press conference<\/b>\u00a0held\u00a0<b>ten months after the Dashboard\u2019s launch<\/b>, we will present\u00a0<b>new concerning data<\/b>\u00a0and\u00a0<b>hear from favela leaders<\/b>\u00a0describing the reality of this critical moment in the pandemic \u2014 and giving voice to their demands. There will also be the\u00a0<b>launch of an\u00a0<\/b><strong><a href=\"http:\/\/bit.ly\/FightCovidInFavelas\" target=\"_blank\" rel=\"noopener\">international campaign<\/a><\/strong><b>\u00a0for food donations<\/b>\u00a0and the dissemination of a\u00a0<a href=\"http:\/\/bit.ly\/CovidFavelaCampaigns\" target=\"_blank\" rel=\"noopener\">complete list of community campaigns<\/a>\u00a0for basic food baskets.<\/p>\n<h3>Agenda for Joint Press Conference of the Unified Dashboard and SFN:<br \/>\n(Rio de Janeiro time,\u00a0<b><i>subtract one hour for EDT<\/i><\/b>)<\/h3>\n<ul>\n<li aria-level=\"1\"><b>2-2:10pm<\/b>\u00a0Introduction and campaign launch;<\/li>\n<li aria-level=\"1\"><b>2:10-2:20pm<\/b>\u00a0Latest data presented;<\/li>\n<li aria-level=\"1\"><b>2:20-3pm<\/b>\u00a0Community leaders reflect on the current situation in their communities and possible solutions in this critical moment of the pandemic;<\/li>\n<li aria-level=\"1\"><b>3-3:30pm<\/b>\u00a0Q&amp;A with journalists<\/li>\n<\/ul>\n<h3>Confirmed speakers from the Unified Dashboard and Sustainable Favela Network:<\/h3>\n<ol>\n<li aria-level=\"1\">Ana Leila Gon\u00e7alves \u2013 Centro Social Fus\u00e3o, Mesquita<\/li>\n<li aria-level=\"1\">Ana Santos \u2013 Centro de Educa\u00e7\u00e3o Multicultural, Complexo da Penha<\/li>\n<li aria-level=\"1\">Andressa Cabral Botelho \u2013 Mar\u00e9 de Not\u00edcias, Complexo da Mar\u00e9<\/li>\n<li aria-level=\"1\">Anna Paula de Albuquerque Sales \u2013 A.M.I.G.A.S. (Associa\u00e7\u00e3o de Mulheres de Itagua\u00ed Guerreiras e Articuladoras Sociais)<\/li>\n<li aria-level=\"1\">Douglas Heliodoro \u2013 Coletivo Conex\u00f5es Perif\u00e9ricas, Rio das Pedras<\/li>\n<li aria-level=\"1\">Emerson de Souza \u2013 Associa\u00e7\u00e3o de Moradores do Horto Florestal<\/li>\n<li aria-level=\"1\">F\u00e1bio Leon \u2013 F\u00f3rum Grita Baixada<\/li>\n<li aria-level=\"1\">Geiza de Andrade \u2013 Educadora socioambiental, Vila Kennedy<\/li>\n<li aria-level=\"1\">Iara de Oliveira \u2013 Alfazendo, Cidade de Deus<\/li>\n<li aria-level=\"1\">K\u00e1dina Bastos \u2013 Fazendo M\u00e1gica com Tecido, Vila Alian\u00e7a<\/li>\n<li aria-level=\"1\">Irenaldo Hon\u00f3rio da Silva \u2013 T\u00e9cnico de Enfermagem, Comunidade Pica-Pau Cordovil<\/li>\n<li aria-level=\"1\">Laurinda Delgado \u2013 Semeando Cor\u00e9ia, Mesquita<\/li>\n<li aria-level=\"1\">Nill Santos \u2013 Mulheres de Atitude e Compromisso Social (AMAC), Duque de Caxias<\/li>\n<li aria-level=\"1\">Rachel Viana \u2013 Professora da rede Estadual do RJ<\/li>\n<li aria-level=\"1\">Renata Gracie \u2013 Icict\/Fiocruz<\/li>\n<li aria-level=\"1\">T\u00e2nia Alexandre da Silva \u2013 Associa\u00e7\u00e3o de Mulheres Edson Passos (AMEPA), Comunidade Cosmorama, Mesquita<\/li>\n<li aria-level=\"1\">Theresa Williamson \u2013 Diretora Executiva, Comunidades Catalisadoras (ComCat)<\/li>\n<\/ol>\n<h3>Third Press Conference Details<\/h3>\n<p><b>WHEN<\/b>: Thursday, April 29, 2021, from 2-3:30pm Rio de Janeiro (1-2:30pm EDT)<br \/>\n<b>WHERE<\/b>: On Zoom.\u00a0<a href=\"https:\/\/bit.ly\/ColetivaPainel4Inscricao\" target=\"_blank\" rel=\"noopener\">Registration for press, parliamentary advisers and favela organizers here<\/a>. Others may watch live\u00a0<a href=\"http:\/\/fb.favela.info\/\" target=\"_blank\" rel=\"noopener\">on Facebook here<\/a>.<\/p>\n<h3>Credits<\/h3>\n<p><b>Delivery and management:<\/b>\u00a0<a href=\"https:\/\/catcomm.org\/\" target=\"_blank\" rel=\"noopener\">Catalytic Communities<\/a>\u00a0(CatComm)<br \/>\n<b>Partners:\u00a0<\/b><a href=\"https:\/\/bit.ly\/3fgbwCW\" target=\"_blank\" rel=\"noopener\">A.M.I.G.A.S.<\/a>\u00a0|\u00a0<a href=\"https:\/\/bit.ly\/2ZwXbN1\" target=\"_blank\" rel=\"noopener\">Centro Social Fus\u00e3o<\/a>\u00a0|\u00a0<a href=\"https:\/\/bit.ly\/2C05Iid\" target=\"_blank\" rel=\"noopener\">Coletivo Conex\u00f5es Perif\u00e9ricas-RP<\/a>\u00a0|\u00a0<a href=\"https:\/\/covidporcep.rio.br\/\" target=\"_blank\" rel=\"noopener\">Covid por CEP<\/a>\u00a0|\u00a0<a href=\"http:\/\/bit.ly\/2lbFqNb\" target=\"_blank\" rel=\"noopener\">Data_Labe<\/a>\u00a0|\u00a0<a href=\"https:\/\/bit.ly\/3dcAaDa\" target=\"_blank\" rel=\"noopener\">Fala Ro\u00e7a<\/a>\u00a0|\u00a0<a href=\"https:\/\/www.facebook.com\/coletivofavelavertical\/\" target=\"_blank\" rel=\"noopener\">Favela Vertical<\/a>\u00a0|\u00a0<a href=\"https:\/\/bit.ly\/2ZEAIw6\" target=\"_blank\" rel=\"noopener\">Fiocruz<\/a>\u00a0|\u00a0<a href=\"https:\/\/bit.ly\/3cZ2CZe\" target=\"_blank\" rel=\"noopener\">F\u00f3rum Grita Baixada<\/a>\u00a0|\u00a0<a href=\"https:\/\/bit.ly\/30zcFAO\" target=\"_blank\" rel=\"noopener\">Frente de Mobiliza\u00e7\u00e3o da Mar\u00e9<\/a>\u00a0|\u00a0<a href=\"https:\/\/www.iearaujodutra.com\/\" target=\"_blank\" rel=\"noopener\">Instituto Educacional Araujo Dutra<\/a>\u00a0|\u00a0<a href=\"https:\/\/www.facebook.com\/LabJaca\/\" target=\"_blank\" rel=\"noopener\">LabJaca<\/a>\u00a0|\u00a0<a href=\"https:\/\/mareonline.com.br\/\" target=\"_blank\" rel=\"noopener\">Mar\u00e9 de Not\u00edcias<\/a>\u00a0|\u00a0<a href=\"http:\/\/bit.ly\/2xQ8oJQ\" target=\"_blank\" rel=\"noopener\">Mulheres de Frente<\/a>\u00a0|\u00a0<a href=\"https:\/\/www.observatoriodefavelas.org.br\/\" target=\"_blank\" rel=\"noopener\">Observat\u00f3rio de Favelas<\/a>\u00a0|\u00a0<a href=\"https:\/\/bit.ly\/3glWkF6\" target=\"_blank\" rel=\"noopener\">PerifaConnection<\/a>\u00a0|\u00a0<a href=\"http:\/\/www.redesdamare.org.br\/?fbclid=IwAR2CewNeSRL_uEPbRpD65lk-okyp8TUWgUjmaAaolliNciWG_KMGIUhf_k0\" target=\"_blank\" rel=\"noopener\">Redes da Mar\u00e9<\/a>\u00a0|\u00a0<a href=\"https:\/\/bit.ly\/2ZWsgZB\" target=\"_blank\" rel=\"noopener\">SOS Provid\u00eancia<\/a>\u00a0|\u00a0<a href=\"http:\/\/bit.ly\/30l5RrX\" target=\"_blank\" rel=\"noopener\">TETO<\/a>\u00a0|\u00a0<a href=\"http:\/\/bit.ly\/2JhMwyE\" target=\"_blank\" rel=\"noopener\">Voz das Comunidades<\/a>\u00a0|\u00a0<a href=\"http:\/\/www.wikifavelas.com.br\/\" target=\"_blank\" rel=\"noopener\">WikiFavelas<\/a><\/p>\n<p><b>Development and updates:\u00a0<\/b><a href=\"https:\/\/www.esri.com\/fr-fr\/home\" target=\"_blank\" rel=\"noopener\">Esri \u2013 Environmental Systems Research Institute<\/a><br \/>\n<b>Demographic Data:\u00a0<\/b><a href=\"http:\/\/www.data.rio\/datasets\/limite-favelas\" target=\"_blank\" rel=\"noopener\">Prefeitura Rio and IBGE 2010<\/a><br \/>\n<b>Integrating Technology:\u00a0<\/b><a href=\"http:\/\/www.integromat.com\/\" target=\"_blank\" rel=\"noopener\">Integromat<\/a><br \/>\n<b>Video:<\/b>\u00a0<a href=\"https:\/\/www.facebook.com\/LabJaca\/\" target=\"_blank\" rel=\"noopener\">LabJaca<\/a>\u00a0(watch the Portuguese video here:\u00a0<a href=\"http:\/\/video.favela.info\/\" target=\"_blank\" rel=\"noopener\">video.favela.info<\/a>)<\/p>\n<p><i>\u00a0#DadosSalvamVidas #DadosS\u00e3oPoder #Covid19NasFavelas #PainelUnificadorDasFavelas<\/i><\/p>\n<h3>Contact Us<\/h3>\n<p><b>Unified Dashboard:\u00a0<\/b>press@catcomm.org<br \/>\n<b>Facebook of the Unified Dashboard:<\/b>\u00a0<a href=\"http:\/\/fb.favela.info\/\" target=\"_blank\" rel=\"noopener\">fb.favela.info<\/a><\/p>\n","protected":false},"excerpt":{"rendered":"<div class=\"mh-excerpt\"><p>Clique aqui para Portugu\u00eas FOR IMMEDIATE RELEASE [PDF] COVID-19 IN FAVELAS UNIFIED DASHBOARD AND SUSTAINABLE FAVELA NETWORK\u00a0TO HOLD JOINT PRESS CONFERENCE ON THURSDAY, APRIL 29 \u2018A YEAR OF LOSSES! WHAT IS THE SOLUTION?\u2019 Covid-19 in <a class=\"mh-excerpt-more\" href=\"https:\/\/rioonwatch.org\/?p=65552\" title=\"Announcement: Joint Press Conference on Hunger from Covid-19, April 29\">[&#8230;]<\/a><\/p>\n<\/div>","protected":false},"author":245,"featured_media":65561,"comment_status":"closed","ping_status":"closed","sticky":false,"template":"","format":"standard","meta":{"_monsterinsights_skip_tracking":false,"_monsterinsights_sitenote_active":false,"_monsterinsights_sitenote_note":"","_monsterinsights_sitenote_category":0,"footnotes":""},"categories":[3071,1288,1290,1503,1282,329,336],"tags":[231,1163,756,258,280,3149,32,3068,3122,842,694,2329,2496,987,182,1197,884,25,3337,2924,1708,499,1701,673,523,519,301,1555,1445,3069,520,1403,3186,3133,121,612],"writer":[3234],"translator":[3275,3343,3344,3342],"illustrator":[],"photographer":[],"class_list":{"0":"post-65552","1":"post","2":"type-post","3":"status-publish","4":"format-standard","5":"has-post-thumbnail","7":"category-coronaviruswatch","8":"category-highlight","9":"category-civilsociety","10":"category-opportunities-to-support-favelas","11":"category-research-analysis","12":"category-solutions","13":"category-violations","14":"tag-city-of-god","15":"tag-civil-society","16":"tag-community-organizing","17":"tag-community-solution","18":"tag-complexo-da-mare","19":"tag-complexo-da-penha","20":"tag-complexo-do-alemao","21":"tag-coronavirus","22":"tag-data","23":"tag-debate","24":"tag-duque-de-caxias","25":"tag-fiocruz","26":"tag-forum-grita-baixada","27":"tag-gardenia-azul","28":"tag-government-neglect","29":"tag-greater-rio","30":"tag-horto","31":"tag-human-rights","32":"tag-hunger","33":"tag-international-solidarity","34":"tag-itaguai","35":"tag-jacarezinho","36":"tag-mesquita","37":"tag-misplaced-public-priorities","38":"tag-observatorio-de-favelas","39":"tag-pica-pau","40":"tag-public-policy","41":"tag-redes-de-desenvolvimento-da-mare","42":"tag-rio-das-pedras","43":"tag-series-coronavirus-in-the-favelas","44":"tag-solidarity","45":"tag-solution","46":"tag-sfn","47":"tag-underreporting","48":"tag-vila-alianca","49":"tag-vila-kennedy","50":"writer-favelas-unified-dashboard","51":"translator-eduardo-antunez-rolle","52":"translator-katia-moraes-polster","53":"translator-maria-fernanda-godinho","54":"translator-marie-alden"},"_links":{"self":[{"href":"https:\/\/rioonwatch.org\/index.php?rest_route=\/wp\/v2\/posts\/65552","targetHints":{"allow":["GET"]}}],"collection":[{"href":"https:\/\/rioonwatch.org\/index.php?rest_route=\/wp\/v2\/posts"}],"about":[{"href":"https:\/\/rioonwatch.org\/index.php?rest_route=\/wp\/v2\/types\/post"}],"author":[{"embeddable":true,"href":"https:\/\/rioonwatch.org\/index.php?rest_route=\/wp\/v2\/users\/245"}],"replies":[{"embeddable":true,"href":"https:\/\/rioonwatch.org\/index.php?rest_route=%2Fwp%2Fv2%2Fcomments&post=65552"}],"version-history":[{"count":0,"href":"https:\/\/rioonwatch.org\/index.php?rest_route=\/wp\/v2\/posts\/65552\/revisions"}],"wp:featuredmedia":[{"embeddable":true,"href":"https:\/\/rioonwatch.org\/index.php?rest_route=\/wp\/v2\/media\/65561"}],"wp:attachment":[{"href":"https:\/\/rioonwatch.org\/index.php?rest_route=%2Fwp%2Fv2%2Fmedia&parent=65552"}],"wp:term":[{"taxonomy":"category","embeddable":true,"href":"https:\/\/rioonwatch.org\/index.php?rest_route=%2Fwp%2Fv2%2Fcategories&post=65552"},{"taxonomy":"post_tag","embeddable":true,"href":"https:\/\/rioonwatch.org\/index.php?rest_route=%2Fwp%2Fv2%2Ftags&post=65552"},{"taxonomy":"writer","embeddable":true,"href":"https:\/\/rioonwatch.org\/index.php?rest_route=%2Fwp%2Fv2%2Fwriter&post=65552"},{"taxonomy":"translator","embeddable":true,"href":"https:\/\/rioonwatch.org\/index.php?rest_route=%2Fwp%2Fv2%2Ftranslator&post=65552"},{"taxonomy":"illustrator","embeddable":true,"href":"https:\/\/rioonwatch.org\/index.php?rest_route=%2Fwp%2Fv2%2Fillustrator&post=65552"},{"taxonomy":"photographer","embeddable":true,"href":"https:\/\/rioonwatch.org\/index.php?rest_route=%2Fwp%2Fv2%2Fphotographer&post=65552"}],"curies":[{"name":"wp","href":"https:\/\/api.w.org\/{rel}","templated":true}]}}