{"id":66,"date":"2010-05-30T19:08:15","date_gmt":"2010-05-30T22:08:15","guid":{"rendered":"http:\/\/rioonwatch.org\/?p=66"},"modified":"2018-01-23T15:36:57","modified_gmt":"2018-01-23T18:36:57","slug":"demonstrators-protest-threats-of-removals-at-city-hall","status":"publish","type":"post","link":"https:\/\/rioonwatch.org\/?p=66","title":{"rendered":"Demonstrators protest threats of removals"},"content":{"rendered":"<p style=\"text-align: right;\"><a href=\"http:\/\/bit.ly\/201Ntcx\" target=\"_blank\" rel=\"noopener\"><strong><em>Clique aqui para Portugu\u00eas<img decoding=\"async\" width=\"20\" height=\"20\" class=\"alignright size-full wp-image-23766\" src=\"http:\/\/www.rioonwatch.org\/wp-content\/uploads\/2012\/08\/PT-e1439583827971.png\" alt=\"\" \/><\/em><\/strong><\/a><\/p>\n<p><em>For the original article by Sheila Jacob\u00a0in Portuguese published by N\u00facleo Piratininga de Comunica\u00e7\u00e3o\u00a0<\/em><em>click<\/em> <a href=\"http:\/\/bit.ly\/201Ntcx\" target=\"_blank\" rel=\"noopener\"><em>here<\/em><\/a><em>.<\/em><\/p>\n<p align=\"justify\"><strong>Wednesday, February 10, 2010<\/strong> \u2014 Around 200 people gathered in front of Rio\u2019s city hall to express their opposition to the removal of 119 favelas, or squatter communities. The list of communities was released in an article from the newspaper O Globo early this year. After the announcement, community residents and leaders formed the Olympics Does Not Justify Removal Movement, to guarantee their right to housing and decent living conditions.<\/p>\n<p align=\"justify\">Vera L\u00facia Ara\u00fajo, a resident of Vila Aut\u00f3dromo (the first community slated for removal), was one of those present to show her indignation with the announcement. \u201cI\u2019ve lived in that area for over forty years. It was there that I slowly built my home, and all the income I\u2019ve had was invested in it. I never imagined that a catastrophe of this sort could happen, of them wanting to send us away.\u201d<\/p>\n<p align=\"justify\">Another demonstrator was Antonio Alonso, from Alto Camorim, one of the threatened communities. The justification in this case is environmental, since the community is outside the Pedra Branca State Park. According to him, there are condominiums with mansions near the community that will remain intact, showing the differences in attitudes according to social class. \u201cThese enormous houses would have to be forbidden for the same reason, but they are not under threat. Our community is very old, and everyone wants to stay.\u201d<\/p>\n<p align=\"justify\">According to Altair Guimar\u00e3es, president of the Vila Aut\u00f3dromo Residents\u2019 Association (AMVA), the Olympics is simply a pretext to remove the community, which is located in Barra da Tijuca, a prime area in the West Zone of Rio, and the community has already been threatened on other occasions. \u201cWe know there is the issue of real estate speculation in that area, and that many consider our community to be visually polluting to the neighborhood. We are also human and we want decent living conditions, instead of having to leave.\u201d<\/p>\n<p align=\"justify\">Maria de Lourdes, from the Struggle for Housing National Movement, summarized the main claims: \u201cThe residents present here do not want to discuss removal, but rather assert their right to stay. For the cases of risk, after the technical report has been presented to the residents, the community should be resettled in a nearby area, one of social coexistence for those families. All of this should be done in dialogue with everyone, of course.\u201d<\/p>\n<p align=\"justify\">Mayor Eduardo Paes (PMDB\/RJ) met with a commission of 16 community representatives on Wednesday, around 2:00 PM, including those from Vila Aut\u00f3dromo, Arroio Pavuna, Camorim, Canal do Anil, Taboinha de Vargem Grande, Horto, Pau da Fome, Pontal Recreio dos Bandeirantes, as well as Maria Lourdes, from the Struggle for Housing National Movement, and Rossino Diniz, President of the Federation of Rio Slum Residents\u2019 Associations (FAFERJ).<\/p>\n<p align=\"justify\">After listening to the concerns of those present, a meeting was scheduled to deal with the particular situation of Vila Aut\u00f3dromo, since the reason for resettling the families is the hosting of the Olympics in 2016. The Media Center and the Olympic Training Center are planned to be built in that area. The residents, however, do not want to leave their homes, which they have been stating since November of last year in assemblies held in the community. The meeting to handle this specific case will be on March 3, at 8:00 AM, at the City Hall, as confirmed by the Mayor and by the President of the AMVA, Altair Guimar\u00e3es.<\/p>\n<p align=\"justify\">Early in the year, a group of Vila Aut\u00f3dromo residents, accompanied by the Public Defender\u2019s Office, had already requested that their homes be allowed to stay in a meeting with the Secretary of Housing for the city, Jorge Bittar (PT\/RJ). \u201cWe already have our title deeds. What we want is to remain where we are, even with the Olympics there. It would be much better for city management to urbanize our community and let us stay there, offering us good living conditions,\u201d said Guimar\u00e3es.<\/p>\n<p align=\"justify\">Regarding the other communities, the Mayor guaranteed that no measures will be taken without discussion and prior agreement with the residents. The meeting representatives demanded land title regulation, in addition to improvements. Paes said that included in his plans for the city is an urbanization project for 500 squatter communities in Rio, which he has called the \u201cAccelerated Urbanization Program\u201d. For this purpose, an investment of around R$5 billion is necessary. Support from the Federal Government and other investment funds still needs to be obtained.<\/p>\n","protected":false},"excerpt":{"rendered":"<div class=\"mh-excerpt\"><p>Clique aqui para Portugu\u00eas For the original article by Sheila Jacob\u00a0in Portuguese published by N\u00facleo Piratininga de Comunica\u00e7\u00e3o\u00a0click here. Wednesday, February 10, 2010 \u2014 Around 200 people gathered in front of Rio\u2019s city hall to <a class=\"mh-excerpt-more\" href=\"https:\/\/rioonwatch.org\/?p=66\" title=\"Demonstrators protest threats of removals\">[&#8230;]<\/a><\/p>\n<\/div>","protected":false},"author":2,"featured_media":0,"comment_status":"open","ping_status":"closed","sticky":false,"template":"","format":"standard","meta":{"_monsterinsights_skip_tracking":false,"_monsterinsights_sitenote_active":false,"_monsterinsights_sitenote_note":"","_monsterinsights_sitenote_category":0,"footnotes":""},"categories":[1293,1736,336],"tags":[346,11,129,5,4,21],"writer":[52],"translator":[338],"illustrator":[],"photographer":[],"class_list":{"0":"post-66","1":"post","2":"type-post","3":"status-publish","4":"format-standard","6":"category-evictionswatch","7":"category-1736","8":"category-violations","9":"tag-alto-camorim","10":"tag-forced-evictions","11":"tag-leadership","12":"tag-olympics","13":"tag-vila-autodromo","14":"tag-west-zone","15":"writer-sheila-jacob","16":"translator-carolyn-oliveira"},"_links":{"self":[{"href":"https:\/\/rioonwatch.org\/index.php?rest_route=\/wp\/v2\/posts\/66","targetHints":{"allow":["GET"]}}],"collection":[{"href":"https:\/\/rioonwatch.org\/index.php?rest_route=\/wp\/v2\/posts"}],"about":[{"href":"https:\/\/rioonwatch.org\/index.php?rest_route=\/wp\/v2\/types\/post"}],"author":[{"embeddable":true,"href":"https:\/\/rioonwatch.org\/index.php?rest_route=\/wp\/v2\/users\/2"}],"replies":[{"embeddable":true,"href":"https:\/\/rioonwatch.org\/index.php?rest_route=%2Fwp%2Fv2%2Fcomments&post=66"}],"version-history":[{"count":0,"href":"https:\/\/rioonwatch.org\/index.php?rest_route=\/wp\/v2\/posts\/66\/revisions"}],"wp:attachment":[{"href":"https:\/\/rioonwatch.org\/index.php?rest_route=%2Fwp%2Fv2%2Fmedia&parent=66"}],"wp:term":[{"taxonomy":"category","embeddable":true,"href":"https:\/\/rioonwatch.org\/index.php?rest_route=%2Fwp%2Fv2%2Fcategories&post=66"},{"taxonomy":"post_tag","embeddable":true,"href":"https:\/\/rioonwatch.org\/index.php?rest_route=%2Fwp%2Fv2%2Ftags&post=66"},{"taxonomy":"writer","embeddable":true,"href":"https:\/\/rioonwatch.org\/index.php?rest_route=%2Fwp%2Fv2%2Fwriter&post=66"},{"taxonomy":"translator","embeddable":true,"href":"https:\/\/rioonwatch.org\/index.php?rest_route=%2Fwp%2Fv2%2Ftranslator&post=66"},{"taxonomy":"illustrator","embeddable":true,"href":"https:\/\/rioonwatch.org\/index.php?rest_route=%2Fwp%2Fv2%2Fillustrator&post=66"},{"taxonomy":"photographer","embeddable":true,"href":"https:\/\/rioonwatch.org\/index.php?rest_route=%2Fwp%2Fv2%2Fphotographer&post=66"}],"curies":[{"name":"wp","href":"https:\/\/api.w.org\/{rel}","templated":true}]}}