{"id":66123,"date":"2021-06-18T10:58:46","date_gmt":"2021-06-18T13:58:46","guid":{"rendered":"https:\/\/rioonwatch.org\/?p=66123"},"modified":"2023-08-23T12:20:00","modified_gmt":"2023-08-23T15:20:00","slug":"in-brazil-electricity-is-not-a-social-right","status":"publish","type":"post","link":"https:\/\/rioonwatch.org\/?p=66123","title":{"rendered":"In Brazil, Electricity Is Not a Social Right"},"content":{"rendered":"<p style=\"text-align: right;\"><a href=\"https:\/\/bit.ly\/34H7Rui\" target=\"_blank\" rel=\"noopener\"><em>Clique aqui para Portugu\u00eas<img decoding=\"async\" width=\"20\" height=\"20\" class=\"alignright size-full wp-image-23766\" src=\"https:\/\/www.rioonwatch.org\/wp-content\/uploads\/2012\/08\/PT-e1439583827971.png\" \/><\/em><\/a><\/p>\n<p><em>This article is part of a\u00a0<a href=\"https:\/\/bit.ly\/FavelaEnergyJustice\" target=\"_blank\" rel=\"noopener\">series on energy justice and efficiency in Rio\u2019s favelas<\/a>.<\/em><\/p>\n<p>Months ago, residents of Rio de Janeiro&#8217;s largest favela, <a href=\"http:\/\/bit.ly\/317A4Hx\" target=\"_blank\" rel=\"noopener\">Rocinha<\/a>, created a WhatsApp group to denounce power outages and water shortages in their homes, both <a href=\"https:\/\/bit.ly\/3yQbI5N\" target=\"_blank\" rel=\"noopener\">recurring problems<\/a> for those who live in favelas. Access to electricity <a href=\"https:\/\/bit.ly\/FavelaEnergyJustice\" target=\"_blank\" rel=\"noopener\">is to date not recognized as a social right<\/a> in the <a href=\"https:\/\/bit.ly\/2Swp2fm\" target=\"_blank\" rel=\"noopener\">Brazilian Constitution<\/a>.<\/p>\n<p>In 2017, Roraima state senator Telm\u00e1rio Mota proposed Constitutional Amendment 44\/2017 (<a href=\"https:\/\/bit.ly\/3i27diW\" target=\"_blank\" rel=\"noopener\">PEC44\/2017<\/a>) in order to categorize the <a href=\"https:\/\/bit.ly\/3uqCe2o\" target=\"_blank\" rel=\"noopener\">access to electricity as a social right<\/a>. According to him, electricity access is crucial to \u201cguaranteeing human dignity,\u201d since it is <a href=\"https:\/\/bit.ly\/3oSM1eW\" target=\"_blank\" rel=\"noopener\">required for the use and access<\/a> to many essential goods and services.<\/p>\n<blockquote><p>\u00a0\u201cWhen we make access to electricity a social right provided for in the Constitution, along with education, health, transportation, social welfare, etc., this becomes an obligation, not a program adopted by administration \u2018A\u2019 or \u2018B\u2019\u201d, <a href=\"https:\/\/bit.ly\/3uqCe2o\" target=\"_blank\" rel=\"noopener\">declared<\/a> Mota at the time.<\/p><\/blockquote>\n<figure id=\"attachment_66125\" aria-describedby=\"caption-attachment-66125\" style=\"width: 620px\" class=\"wp-caption aligncenter\"><a href=\"https:\/\/rioonwatch.org\/wp-content\/uploads\/2021\/06\/art-on-social-rights.jpg\"><img fetchpriority=\"high\" decoding=\"async\" class=\"wp-image-66125\" title=\"Art on the Social Rights guaranteed in the Brazilian Federal Constitution. Art: Brazilian Federal Senate.\" src=\"https:\/\/rioonwatch.org\/wp-content\/uploads\/2021\/06\/art-on-social-rights.jpg\" alt=\"\" width=\"620\" height=\"620\" srcset=\"https:\/\/rioonwatch.org\/wp-content\/uploads\/2021\/06\/art-on-social-rights.jpg 650w, https:\/\/rioonwatch.org\/wp-content\/uploads\/2021\/06\/art-on-social-rights-300x300.jpg 300w\" sizes=\"(max-width: 620px) 100vw, 620px\" \/><\/a><figcaption id=\"caption-attachment-66125\" class=\"wp-caption-text\">Social Rights of Citizens \u2013 Education; Health; Food; Work; Security; Transportation; Leisure; Housing; Social Welfare; Protection of Motherhood and Childhood; Assistance to the Destitute.<\/figcaption><\/figure>\n<p>Social rights are needed to the ensure the quality of life of individuals and should be guaranteed by the State. <a href=\"https:\/\/bit.ly\/3kDx9Qh\" target=\"_blank\" rel=\"noopener\">Article 6<\/a> of the 1988 Brazilian Constitution defines a series of social rights, including: Education; Health; Food; Work; Security; Transportation; Leisure; Housing; Social Welfare; Protection of Motherhood and Childhood; Assistance to the Destitute.<\/p>\n<p><a href=\"https:\/\/rioonwatch.org\/wp-content\/uploads\/2021\/06\/Rocinha.jpeg\"><img decoding=\"async\" class=\"aligncenter wp-image-66126 size-content\" title=\"Homes in Rocinha.\" src=\"https:\/\/rioonwatch.org\/wp-content\/uploads\/2021\/06\/Rocinha-620x264.jpeg\" alt=\"\" width=\"620\" height=\"264\" srcset=\"https:\/\/rioonwatch.org\/wp-content\/uploads\/2021\/06\/Rocinha-620x264.jpeg 620w, https:\/\/rioonwatch.org\/wp-content\/uploads\/2021\/06\/Rocinha-940x400.jpeg 940w\" sizes=\"(max-width: 620px) 100vw, 620px\" \/><\/a><\/p>\n<p>The \u201cElectricity PEC\u201d (Proposed Constitutional Amendment that proposes electricity as a social right) is being reviewed by the <a href=\"https:\/\/bit.ly\/34sZzpO\" target=\"_blank\" rel=\"noopener\">Constitution, Justice and Citizenship Commission (CCJ)<\/a>, headed by Par\u00e1 state senator Zequinha Marinho, who was chosen for the role in 2019. The theme has been awaiting discussion at the CCJ since October 2019 and is still on hold. With the discussions paralyzed in the Senate, cases of <a href=\"http:\/\/bit.ly\/1SQPOTc\" target=\"_blank\" rel=\"noopener\">negligence<\/a> in the energy sector are still not considered a violation of social rights from a constitutional standpoint.<\/p>\n<p><a href=\"https:\/\/rioonwatch.org\/wp-content\/uploads\/2021\/06\/Antoine-Horenbeek.jpeg\"><img loading=\"lazy\" decoding=\"async\" class=\"aligncenter wp-image-66152 size-content\" title=\"Electrical wirings at Morro da Provid\u00eancia. Photo: Antoine Horenbeek.\" src=\"https:\/\/rioonwatch.org\/wp-content\/uploads\/2021\/06\/Antoine-Horenbeek-620x264.jpeg\" alt=\"\" width=\"620\" height=\"264\" srcset=\"https:\/\/rioonwatch.org\/wp-content\/uploads\/2021\/06\/Antoine-Horenbeek-620x264.jpeg 620w, https:\/\/rioonwatch.org\/wp-content\/uploads\/2021\/06\/Antoine-Horenbeek-940x400.jpeg 940w\" sizes=\"(max-width: 620px) 100vw, 620px\" \/><\/a><\/p>\n<p>Marquinho <a href=\"https:\/\/bit.ly\/3uIBFkQ\" target=\"_blank\" rel=\"noopener\">voted in favor yet another amendment proposal, 77\/2019<\/a>, which suggests a change in Article 6\u00a0of the Constitution to include electricity as a social right:<\/p>\n<blockquote><p><em>\u201cArticle 6. The following are social rights: education, health, food, work, housing, and access to electricity\u2014upon payment of a fair rate for consumption\u2014as well as transportation, leisure, security, social welfare, protection of motherhood and childhood, and assistance to the destitute, as set forth by this Constitution.\u201d<\/em><\/p><\/blockquote>\n<p>And while the subject goes nowhere within the Senate, favela residents continue to sidestep the <a href=\"https:\/\/bit.ly\/3cOLwhV\" target=\"_blank\" rel=\"noopener\">problems caused by lack of electricity however they can<\/a>. The house where Jhonatas* has lived over the past 15 years does not have an electric meter as should be provided by <a href=\"http:\/\/bit.ly\/2Rs7L2t\" target=\"_blank\" rel=\"noopener\">Light<\/a>, Rio&#8217;s electric utility.<\/p>\n<p>The electricity that serves his house comes from a <a href=\"http:\/\/bit.ly\/2XBiNWB\" target=\"_blank\" rel=\"noopener\">clandestine connection<\/a> to a lamp post in an alleyway near his house. \u201cI paid R$100 (US$19.70) to a neighbor who knows about electricity so he could connect my house to the power grid. I have asked the same thing of Light, formally, but they\u2019ve never responded to my request. I used to have an electric meter from Light, the old kind, and they actually came here and removed it to switch for the new model but never came back,\u201d recalls Jhonatas.<\/p>\n<p>Jhonatas is not alone in not having an electric meter at home. Without the device, residents end up resorting to \u201c<a href=\"http:\/\/bit.ly\/1U94WRl\" target=\"_blank\" rel=\"noopener\">gatos<\/a>\u201d, as clandestine connections are known locally, in order to <a href=\"https:\/\/bit.ly\/2XBiNWB\" target=\"_blank\" rel=\"noopener\">have access to electricity<\/a> and in response to Light\u2019s own negligence. For this reason, the power grid that supplies Rocinha\u2019s <a href=\"https:\/\/bit.ly\/3mIunJw\" target=\"_blank\" rel=\"noopener\">electricity undergoes regular power outages<\/a> due to the overload caused by numerous clandestine connections. With no control or maintenance of wiring and connections, <a href=\"https:\/\/bit.ly\/35WkxhI\" target=\"_blank\" rel=\"noopener\">blackouts are common<\/a> in some locations.<\/p>\n<blockquote class=\"twitter-tweet\" data-width=\"500\" data-dnt=\"true\">\n<p lang=\"pt\" dir=\"ltr\">Desde ontem sem energia el\u00e9trica l\u00e1 em casa. Perdi tudo da geladeira. Outros moradores perderam alimentos. Sem falar da falta de \u00e1gua.<\/p>\n<p>&mdash; Michel Silva \ud83d\ude80 (@eumichelsilva) <a href=\"https:\/\/twitter.com\/eumichelsilva\/status\/1355864056985497604?ref_src=twsrc%5Etfw\">January 31, 2021<\/a><\/p><\/blockquote>\n<p><script async src=\"https:\/\/platform.twitter.com\/widgets.js\" charset=\"utf-8\"><\/script><\/p>\n<blockquote><p><em>No electricity at home since yesterday. I lost everything I had in the fridge. Other residents lost their food. Not to mention there\u2019s no water.<\/em><\/p><\/blockquote>\n<p>Domestic worker Deise Marques, 38, lives in the higher part of Rocinha. When she leaves for work, she disconnects every one of her electrical appliances from the wall socket afraid they will burn out due to the inadequate electric service. The microwave oven purchased three months ago gets the most attention. Although it is still under warranty, she is afraid of damaging the product and not being able to get it replaced, since she would have no way of proving the damage with Light\u2019s consumer service. Although she has a meter and pays the <a href=\"http:\/\/bit.ly\/1miVn08\" target=\"_blank\" rel=\"noopener\">subsidized rate<\/a>, Deise was unable to receive reimbursement by the energy provider when a blender burned on a day in which the electric supply was interrupted four times in a row, <a href=\"https:\/\/bit.ly\/35WkxhI\" target=\"_blank\" rel=\"noopener\">which is also routine in other favelas<\/a>.<\/p>\n<blockquote class=\"twitter-tweet\" data-width=\"500\" data-dnt=\"true\">\n<p lang=\"pt\" dir=\"ltr\">Moradores me procurando pedindo ajuda para comprar eletrodom\u00e9sticos de segunda m\u00e3o porque est\u00e3o perdendo os aparelhos com as quedas de luz da Light. \u00c9 geladeira, microondas, TV e etc. Consegui arrumar uma geladeira por 300 reais pra uma m\u00e3e solo com 4 filhos. T\u00e1 foda!<\/p>\n<p>&mdash; Michel Silva \ud83d\ude80 (@eumichelsilva) <a href=\"https:\/\/twitter.com\/eumichelsilva\/status\/1356959904158859264?ref_src=twsrc%5Etfw\">February 3, 2021<\/a><\/p><\/blockquote>\n<p><script async src=\"https:\/\/platform.twitter.com\/widgets.js\" charset=\"utf-8\"><\/script><\/p>\n<blockquote><p><em>Residents have been asking for my help to buy second-hand household appliances because theirs have been damaged by Light\u2019s constant power outages: fridges, microwaves, TVs, etc. I got a fridge for R$300 for a solo mom with 4 kids. This sucks!<\/em><\/p><\/blockquote>\n<p>In the first quarter of 2021, Light recorded a net loss of R$41.8 million (US$8.28 million) following a R$166.7 million (US$33 million) profit in the first quarter of 2020. This is not to say that the drop in profits is the favelas\u2019 fault. However, in the results report, <a href=\"https:\/\/bit.ly\/3c3NHyy\" target=\"_blank\" rel=\"noopener\">released on the company\u2019s website<\/a>, Light states it has created a new structure within the company to establish a relationship with favela communities, following the example of <a href=\"https:\/\/bit.ly\/3eeS3Ve\" target=\"_blank\" rel=\"noopener\">service providers working in other municipalities<\/a>. There is <a href=\"https:\/\/bit.ly\/3c3NHyy\" target=\"_blank\" rel=\"noopener\">a work plan<\/a> divided in three dimensions: \u201c<a href=\"https:\/\/bit.ly\/3xmfmDO\" target=\"_blank\" rel=\"noopener\">structural relationship using energy efficiency<\/a>, awareness, [environmental] education and <a href=\"https:\/\/bit.ly\/3azFQHj\" target=\"_blank\" rel=\"noopener\">income generation<\/a> to revert the unfavorable socioeconomic context; immediate short-term actions, such as regular registration with the company, resuming meter readings and physical delivery of bills, emergency services and increased registration of those requesting the subsidized rate.\u201d<a href=\"https:\/\/rioonwatch.org\/wp-content\/uploads\/2021\/06\/Light-projeto.jpg\"><img loading=\"lazy\" decoding=\"async\" class=\"aligncenter wp-image-66156 size-full\" title=\"Light chose three Zona Sul favelas for pilot projects: Babil\u00f4nia, Ladeira dos Tabajaras and Chap\u00e9u Mangueira\u2014all of them located in the neighborhoods of Copacabana and Leme.\" src=\"https:\/\/rioonwatch.org\/wp-content\/uploads\/2021\/06\/Light-projeto.jpg\" alt=\"\" width=\"576\" height=\"354\" srcset=\"https:\/\/rioonwatch.org\/wp-content\/uploads\/2021\/06\/Light-projeto.jpg 576w, https:\/\/rioonwatch.org\/wp-content\/uploads\/2021\/06\/Light-projeto-300x184.jpg 300w\" sizes=\"(max-width: 576px) 100vw, 576px\" \/><\/a><\/p>\n<p>For this, Light chose three <a href=\"http:\/\/bit.ly\/318kJ9H\" target=\"_blank\" rel=\"noopener\">Zona Sul<\/a> favelas for pilot projects: <a href=\"https:\/\/bit.ly\/37P09jP\" target=\"_blank\" rel=\"noopener\">Babil\u00f4nia<\/a>, <a href=\"https:\/\/bit.ly\/3oCNplC\" target=\"_blank\" rel=\"noopener\">Ladeira dos Tabajaras<\/a> and <a href=\"http:\/\/bit.ly\/2SJCnNh\" target=\"_blank\" rel=\"noopener\">Chap\u00e9u Mangueira<\/a>\u2014all located in the neighborhoods of <a href=\"http:\/\/bit.ly\/19lv7zt\" target=\"_blank\" rel=\"noopener\">Copacabana<\/a> and <a href=\"https:\/\/bit.ly\/2wu6KRa\" target=\"_blank\" rel=\"noopener\">Leme<\/a>. According to the company, there is continuous communication with 180 community leaders. If it works out, the project will be expanded to other communities serviced by the company.<\/p>\n<p>Between 2019 and 2021, we sent Light seven emails requesting that the company look into the power outages and into modernizing the power grid that supplies electricity to Rocinha. To this day, none of the emails has been answered.<\/p>\n<p><em>*Fictitious name used to protect resident identity.<\/em><\/p>\n<p><em>About the author: Born and raised in Rocinha, <a href=\"https:\/\/bit.ly\/34uhLzb\" target=\"_blank\" rel=\"noopener\">Michel Silva<\/a> received his Journalism degree from the Pontifical Catholic University of Rio de Janeiro (PUC-Rio). In 2013, he co-founded the <a href=\"https:\/\/bit.ly\/2GRwA6f\" target=\"_blank\" rel=\"noopener\">Fala Ro\u00e7a<\/a> newspaper, with both printed and digital versions. He has worked with memory and photography at the Moreira Salles Institute; was an information-gatherer for TV Record; and a local correspondent for The Guardian from 2016 to 2017. This experience led him to establish favela and periphery news portal Favela em Pauta.<\/em><\/p>\n<p><em>About the artist: <a href=\"https:\/\/bit.ly\/34uTitA\" target=\"_blank\" rel=\"noopener\">Anna Paula Rodrigues<\/a> is a freelance designer and illustrator, with a degree in industrial design from the Federal University of Rio de Janeiro (<a href=\"http:\/\/bit.ly\/2XiG2Ha\" target=\"_blank\" rel=\"noopener\">UFRJ<\/a>). Anna Paula\u2014who focuses on anti-racist topics relating to aesthetics and beauty\u2014works as a graphic designer in numerous Rio de Janeiro NGOs.<\/em><\/p>\n<p><em>This article is part of a\u00a0<a href=\"https:\/\/bit.ly\/FavelaEnergyJustice\" target=\"_blank\" rel=\"noopener\">series on energy justice and efficiency in Rio\u2019s favelas<\/a>.<\/em><\/p>\n<hr \/>\n<h4><b data-stringify-type=\"bold\">Support\u00a0<\/b><b data-stringify-type=\"bold\"><i data-stringify-type=\"italic\">RioOnWatch<\/i><\/b><b data-stringify-type=\"bold\">\u2019s tireless, critical and cutting-edge hyperlocal journalism, online community organizing meetings, and direct support to favelas\u00a0<\/b><b data-stringify-type=\"bold\"><a class=\"c-link\" href=\"http:\/\/bit.ly\/DonateToRioOnWatch\" target=\"_blank\" rel=\"noopener noreferrer\" data-stringify-link=\"http:\/\/bit.ly\/DonateToRioOnWatch\" data-sk=\"tooltip_parent\">by clicking here.<\/a><\/b><\/h4>\n","protected":false},"excerpt":{"rendered":"<div class=\"mh-excerpt\"><p>Clique aqui para Portugu\u00eas This article is part of a\u00a0series on energy justice and efficiency in Rio\u2019s favelas. Months ago, residents of Rio de Janeiro&#8217;s largest favela, Rocinha, created a WhatsApp group to denounce power <a class=\"mh-excerpt-more\" href=\"https:\/\/rioonwatch.org\/?p=66123\" title=\"In Brazil, Electricity Is Not a Social Right\">[&#8230;]<\/a><\/p>\n<\/div>","protected":false},"author":224,"featured_media":66124,"comment_status":"closed","ping_status":"closed","sticky":false,"template":"","format":"standard","meta":{"_monsterinsights_skip_tracking":false,"_monsterinsights_sitenote_active":false,"_monsterinsights_sitenote_note":"","_monsterinsights_sitenote_category":0,"footnotes":""},"categories":[1328,335,452,336],"tags":[1594,750,525,449,136,2084,182,25,755,202,485,197,3217,2837,2951,301,1661,12,956,2634,3235,156,784,2323],"writer":[1456],"translator":[3174],"illustrator":[],"photographer":[],"class_list":{"0":"post-66123","1":"post","2":"type-post","3":"status-publish","4":"format-standard","5":"has-post-thumbnail","7":"category-by-community-contributors","8":"category-policies","9":"category-rio20","10":"category-violations","11":"tag-gato","12":"tag-access","13":"tag-chapeu-mangueira","14":"tag-constitution","15":"tag-copacabana","16":"tag-fala-roca","17":"tag-government-neglect","18":"tag-human-rights","19":"tag-infrastructure","20":"tag-leme","21":"tag-light-electricity","22":"tag-morro-da-babilonia","23":"tag-pros","24":"tag-psc","25":"tag-ptb-brazilian-labor-party","26":"tag-public-policy","27":"tag-puc","28":"tag-rocinha","29":"tag-self-help-planning","30":"tag-series","31":"tag-series-energy-justice-and-efficiency","32":"tag-south-zone","33":"tag-tabajaras","34":"tag-ufrj","35":"writer-michel-silva","36":"translator-clau-guimaraes"},"_links":{"self":[{"href":"https:\/\/rioonwatch.org\/index.php?rest_route=\/wp\/v2\/posts\/66123","targetHints":{"allow":["GET"]}}],"collection":[{"href":"https:\/\/rioonwatch.org\/index.php?rest_route=\/wp\/v2\/posts"}],"about":[{"href":"https:\/\/rioonwatch.org\/index.php?rest_route=\/wp\/v2\/types\/post"}],"author":[{"embeddable":true,"href":"https:\/\/rioonwatch.org\/index.php?rest_route=\/wp\/v2\/users\/224"}],"replies":[{"embeddable":true,"href":"https:\/\/rioonwatch.org\/index.php?rest_route=%2Fwp%2Fv2%2Fcomments&post=66123"}],"version-history":[{"count":0,"href":"https:\/\/rioonwatch.org\/index.php?rest_route=\/wp\/v2\/posts\/66123\/revisions"}],"wp:featuredmedia":[{"embeddable":true,"href":"https:\/\/rioonwatch.org\/index.php?rest_route=\/wp\/v2\/media\/66124"}],"wp:attachment":[{"href":"https:\/\/rioonwatch.org\/index.php?rest_route=%2Fwp%2Fv2%2Fmedia&parent=66123"}],"wp:term":[{"taxonomy":"category","embeddable":true,"href":"https:\/\/rioonwatch.org\/index.php?rest_route=%2Fwp%2Fv2%2Fcategories&post=66123"},{"taxonomy":"post_tag","embeddable":true,"href":"https:\/\/rioonwatch.org\/index.php?rest_route=%2Fwp%2Fv2%2Ftags&post=66123"},{"taxonomy":"writer","embeddable":true,"href":"https:\/\/rioonwatch.org\/index.php?rest_route=%2Fwp%2Fv2%2Fwriter&post=66123"},{"taxonomy":"translator","embeddable":true,"href":"https:\/\/rioonwatch.org\/index.php?rest_route=%2Fwp%2Fv2%2Ftranslator&post=66123"},{"taxonomy":"illustrator","embeddable":true,"href":"https:\/\/rioonwatch.org\/index.php?rest_route=%2Fwp%2Fv2%2Fillustrator&post=66123"},{"taxonomy":"photographer","embeddable":true,"href":"https:\/\/rioonwatch.org\/index.php?rest_route=%2Fwp%2Fv2%2Fphotographer&post=66123"}],"curies":[{"name":"wp","href":"https:\/\/api.w.org\/{rel}","templated":true}]}}