{"id":66501,"date":"2021-07-23T13:59:48","date_gmt":"2021-07-23T16:59:48","guid":{"rendered":"https:\/\/rioonwatch.org\/?p=66501"},"modified":"2022-01-21T14:30:38","modified_gmt":"2022-01-21T17:30:38","slug":"electricity-in-numbers-a-plunge-into-access-public-lighting-and-security-in-the-favela-of-morro-do-sereno","status":"publish","type":"post","link":"https:\/\/rioonwatch.org\/?p=66501","title":{"rendered":"Electricity in Numbers: A Deep Dive into Energy Access, Public Lighting, and Security in the Favela of Morro do Sereno"},"content":{"rendered":"<p style=\"text-align: right;\"><a href=\"https:\/\/bit.ly\/369dfH2\" target=\"_blank\" rel=\"noopener\"><em>Clique aqui para Portugu\u00eas<img decoding=\"async\" class=\"alignright size-full wp-image-23766\" src=\"https:\/\/www.rioonwatch.org\/wp-content\/uploads\/2012\/08\/PT-e1439583827971.png\" width=\"20\" height=\"20\" \/><\/em><\/a><\/p>\n<p><em>This article is part of a\u00a0<a href=\"https:\/\/bit.ly\/FavelaEnergyJustice\" target=\"_blank\" rel=\"noopener\">series on energy justice and efficiency in Rio\u2019s favelas<\/a>.<\/em><\/p>\n<p>This piece presents the results of a study carried out in the field, on the structure of electric power and access to electricity in the <a href=\"https:\/\/bit.ly\/3rfxBZ4\" target=\"_blank\" rel=\"noopener\">Morro do Sereno<\/a> favela in <a href=\"https:\/\/bit.ly\/2CYrDGT\" target=\"_blank\" rel=\"noopener\">Complexo da Penha<\/a>, <a href=\"http:\/\/bit.ly\/2IgR5qe\" target=\"_blank\" rel=\"noopener\">North Zone<\/a> of Rio de Janeiro. This article will present relevant information on electricity in public thoroughfares and in private residences, and more broadly acros the city&#8217;s favelas and peripheries.<\/p>\n<h3>Electric Bills and Public Lighting in Rio de Janeiro<\/h3>\n<p>The Municipal Energy and Lighting Utility, <a href=\"https:\/\/bit.ly\/3dEWDM7\" target=\"_blank\" rel=\"noopener\">RioLuz<\/a>, is part of the <a href=\"https:\/\/bit.ly\/3yP0GOl\" target=\"_blank\" rel=\"noopener\">Municipal Secretariat of Conservation and Environment<\/a>, responsible for the planning, expansion, maintenance, and modernization of the city\u2019s public lighting system. The Fund for the Public Lighting of Municipalities (<a href=\"https:\/\/bit.ly\/3i55Z6e\" target=\"_blank\" rel=\"noopener\">COSIP<\/a>) contributes to the improvement of lighting on public thoroughfares such as squares, viaducts, and roads; only religious temples and homes with a monthly consumption of up to 100kWh (kilowatt-hour) are exempt from this charge. Transfers from private electricity providers, such as <a href=\"http:\/\/bit.ly\/2Rs7L2t\" target=\"_blank\" rel=\"noopener\">Light<\/a>, in the case of the city of Rio de Janeiro, to the municipal governments, are realized monthly for the operation, maintenance, and expansion of public lighting networks, such as the change of light bulbs, installation and maintenance of utility poles, etc.<\/p>\n<p><a href=\"https:\/\/rioonwatch.org\/wp-content\/uploads\/2021\/07\/Relogios-de-energia-eletrica-os-medidores-de-consumo.-Foto-por-Orlando-Gomes.jpg\"><img fetchpriority=\"high\" decoding=\"async\" class=\"alignright wp-image-66418\" title=\"Electric power meters, the measurers of consumption. Photo: Orlando Gomes\" src=\"https:\/\/rioonwatch.org\/wp-content\/uploads\/2021\/07\/Relogios-de-energia-eletrica-os-medidores-de-consumo.-Foto-por-Orlando-Gomes-300x225.jpg\" alt=\"\" width=\"300\" height=\"225\" srcset=\"https:\/\/rioonwatch.org\/wp-content\/uploads\/2021\/07\/Relogios-de-energia-eletrica-os-medidores-de-consumo.-Foto-por-Orlando-Gomes-300x225.jpg 300w, https:\/\/rioonwatch.org\/wp-content\/uploads\/2021\/07\/Relogios-de-energia-eletrica-os-medidores-de-consumo.-Foto-por-Orlando-Gomes-174x131.jpg 174w, https:\/\/rioonwatch.org\/wp-content\/uploads\/2021\/07\/Relogios-de-energia-eletrica-os-medidores-de-consumo.-Foto-por-Orlando-Gomes-70x53.jpg 70w, https:\/\/rioonwatch.org\/wp-content\/uploads\/2021\/07\/Relogios-de-energia-eletrica-os-medidores-de-consumo.-Foto-por-Orlando-Gomes-326x245.jpg 326w, https:\/\/rioonwatch.org\/wp-content\/uploads\/2021\/07\/Relogios-de-energia-eletrica-os-medidores-de-consumo.-Foto-por-Orlando-Gomes.jpg 448w\" sizes=\"(max-width: 300px) 100vw, 300px\" \/><\/a>The monthly consumption of homes is calculated through the reading of an electric meter to know how many kWh have been consumed. The final amount <a href=\"https:\/\/glo.bo\/3wKWsFA\" target=\"_blank\" rel=\"noopener\">charged is calculated<\/a> by multiplying that month\u2019s consumption in kWh by the price per unit (which already includes taxes), and adding to this a\u00a0<a href=\"https:\/\/bit.ly\/3uEVTMh\" target=\"_blank\" rel=\"noopener\">public lighting fee<\/a>. The National Electricity Agency (<a href=\"https:\/\/bit.ly\/3ruyexr\" target=\"_blank\" rel=\"noopener\">ANEEL<\/a>) defines the base rate and price per unit. Taxes (ICMS\u2014tax on goods and services; and PIS\/PASEP and COFINS\u2014taxes that promote public welfare programs) are added on to the final price and <a href=\"https:\/\/bit.ly\/3x71PzD\" target=\"_blank\" rel=\"noopener\">vary between regions<\/a>. According to <a href=\"https:\/\/bit.ly\/3x71PzD\" target=\"_blank\" rel=\"noopener\">Article 149-A of the National Tax System<\/a>, each municipality is authorized to collect the fee, which is mandatory.<\/p>\n<blockquote><p><strong>Calculation of an electric bill in a Morro do Sereno favela home:<\/strong><\/p>\n<p>Monthly consumption: 259 kWh<br \/>\nPrice per unit: R$0.921<br \/>\nAmount consumed: 259 kWh X 0.921 = R$238.53<br \/>\nPublic Lighting Fee: R$12.42<\/p>\n<p>Total owed: R$238.53 + R$12.42 = R$250.95 (US$49.28)<\/p><\/blockquote>\n<p>\u201cThe country\u2019s economic scenario does not help families meet the <a href=\"https:\/\/bit.ly\/3f6HLH7\" target=\"_blank\" rel=\"noopener\">rising costs of electricity<\/a>, especially during the pandemic,\u201d says Tatiana da Souza, 30, a resident of Morro do Sereno. In <a href=\"https:\/\/bit.ly\/3kljzDQ\" target=\"_blank\" rel=\"noopener\">Penha Circular<\/a>, the neighborhood in which Morro do Sereno is situated, for example, most of the streets are upgraded with buildings, shops, and churches, and have a large flow of people and cars, which demands a lot of electricity and public lighting, as well as frequent maintenance. On the streets, the concern is with maintenance and with light bulbs being changed. Inside homes, the concern is with access, with the grid\u2019s safety, and rising prices.<\/p>\n<p><a href=\"https:\/\/rioonwatch.org\/wp-content\/uploads\/2021\/07\/Karina-Figueiredo-Sereno-01-scaled.jpg\"><img decoding=\"async\" class=\"aligncenter wp-image-66623 size-content\" title=\"Rio\u2019s North Zone seen from the top of Morro do Sereno at night, with some of the residents\u2019 homes in the foreground. Photo: Karina Figueiredo. \" src=\"https:\/\/rioonwatch.org\/wp-content\/uploads\/2021\/07\/Karina-Figueiredo-Sereno-01-620x264.jpg\" alt=\"\" width=\"620\" height=\"264\" srcset=\"https:\/\/rioonwatch.org\/wp-content\/uploads\/2021\/07\/Karina-Figueiredo-Sereno-01-620x264.jpg 620w, https:\/\/rioonwatch.org\/wp-content\/uploads\/2021\/07\/Karina-Figueiredo-Sereno-01-940x400.jpg 940w\" sizes=\"(max-width: 620px) 100vw, 620px\" \/><\/a><br \/>\nAnother constant worry for families is to avoid energy waste and the unnecessary expense that results from it. In the public sphere, RioLuz is responsible for keeping streetlights lit and avoiding waste. 2021 marks ten years of an agreement signed between the city of Rio, Light, and Banco do Brasil to finance the <a href=\"https:\/\/bit.ly\/3xLbWKK\" target=\"_blank\" rel=\"noopener\">Reluz program<\/a>. Reluz aims to promote and encourage the development of efficient energy systems, since favelas still have very old utility poles with mercury light bulbs.<\/p>\n<p>After a decade of the <a href=\"http:\/\/bit.ly\/2r2zbSS\" target=\"_blank\" rel=\"noopener\">public-private partnership<\/a> signed by the Rio municipal government, the Reluz program is receiving new boosts with the aim of modernizing the city\u2019s entire lighting system by 2022, with the installation of <a href=\"https:\/\/bit.ly\/3bRXcR9\" target=\"_blank\" rel=\"noopener\">450,000 LED light points<\/a> across the city. \u201cThe plan is to substitute 35,000 metal or concrete lampposts with fiber ones. This substitution with new materials will bring benefits, which include the intelligent management of the public lighting network, lower environmental impact and a 60% reduction in energy consumption. The [historic] metal, colonial lampposts not replaced will be painted with electrical insulating paint,\u201d states RioLuz <a href=\"https:\/\/bit.ly\/3bRXcR9\" target=\"_blank\" rel=\"noopener\">on its website<\/a>. The operation\u2019s objective is <a href=\"https:\/\/bit.ly\/3eowEIC\" target=\"_blank\" rel=\"noopener\">energy efficiency<\/a>, putting into practice the conservation of non-renewable resources, conscious consumption of energy and measures against waste. By next year, the <a href=\"https:\/\/bit.ly\/3wJwvq2\" target=\"_blank\" rel=\"noopener\">Luz Maravilha program<\/a> aims to have reached the entire city and is <a href=\"https:\/\/bit.ly\/3vB6lWN\" target=\"_blank\" rel=\"noopener\">already beginning to be implemented in the favelas<\/a>.<\/p>\n<p><a href=\"https:\/\/rioonwatch.org\/wp-content\/uploads\/2021\/07\/Beco-iluminado-com-luz-de-LED.-Foto-por-Caroline-LED-1-620x264-1.jpg\"><img loading=\"lazy\" decoding=\"async\" class=\"aligncenter wp-image-66426 size-content\" title=\"An alley lit by LED lights. Photo: Caroline Mara Vieira. \" src=\"https:\/\/rioonwatch.org\/wp-content\/uploads\/2021\/07\/Beco-iluminado-com-luz-de-LED.-Foto-por-Caroline-LED-1-620x264-1-620x264.jpg\" alt=\"\" width=\"620\" height=\"264\" srcset=\"https:\/\/rioonwatch.org\/wp-content\/uploads\/2021\/07\/Beco-iluminado-com-luz-de-LED.-Foto-por-Caroline-LED-1-620x264-1.jpg 620w, https:\/\/rioonwatch.org\/wp-content\/uploads\/2021\/07\/Beco-iluminado-com-luz-de-LED.-Foto-por-Caroline-LED-1-620x264-1-300x128.jpg 300w\" sizes=\"(max-width: 620px) 100vw, 620px\" \/><\/a><\/p>\n<p>\u201cI believe that it could improve things significantly. In fact, they\u2019ve been putting up LED lights in <a href=\"http:\/\/bit.ly\/2ImAzVp\" target=\"_blank\" rel=\"noopener\">Complexo do Alem\u00e3o<\/a>,\u201d says Caroline Mara Vieira, 27, who is a receptionist in a residential condominium and lives in what is called \u00c1rea Cinco of Complexo do Alem\u00e3o, in Rio\u2019s North Zone.<\/p>\n<p>On the <a href=\"https:\/\/bit.ly\/34E3XlI\" target=\"_blank\" rel=\"noopener\">1746<\/a> mobile app, the Rio municipal government&#8217;s call center, it is possible to request the installation of public lighting, as well as of lampposts, the relocation of utility poles, and maintenance services. However, feedback from users does not encourage other clients to download the app. \u201cTerrible experience. I\u2019ve been requesting you change the lamppost and light bulb in front of my house for 15 days, but no one has turned up to carry out the repairs and you send me a message saying the repairs have been made,\u201d writes Edson Ferreira.<\/p>\n<h3>High Rates as a Barrier to Electricity Access for Low-Income Residents<\/h3>\n<p><a href=\"http:\/\/bit.ly\/1jddfoq\" target=\"_blank\" rel=\"noopener\">Favela residents complain about abusive rates<\/a><a href=\"https:\/\/rioonwatch.org\/wp-content\/uploads\/2021\/07\/Karina-Figueiredo-Sereno-14-scaled.jpg\" target=\"_blank\" rel=\"noopener\"><img loading=\"lazy\" decoding=\"async\" class=\"alignright wp-image-66621\" title=\"A dark alley without any kind of public lighting in Morro do Sereno. Photo: Karina Figueiredo.\" src=\"https:\/\/rioonwatch.org\/wp-content\/uploads\/2021\/07\/Karina-Figueiredo-Sereno-14-225x300.jpg\" alt=\"\" width=\"300\" height=\"400\" srcset=\"https:\/\/rioonwatch.org\/wp-content\/uploads\/2021\/07\/Karina-Figueiredo-Sereno-14-225x300.jpg 225w, https:\/\/rioonwatch.org\/wp-content\/uploads\/2021\/07\/Karina-Figueiredo-Sereno-14-768x1024.jpg 768w, https:\/\/rioonwatch.org\/wp-content\/uploads\/2021\/07\/Karina-Figueiredo-Sereno-14-1152x1536.jpg 1152w, https:\/\/rioonwatch.org\/wp-content\/uploads\/2021\/07\/Karina-Figueiredo-Sereno-14-1536x2048.jpg 1536w, https:\/\/rioonwatch.org\/wp-content\/uploads\/2021\/07\/Karina-Figueiredo-Sereno-14-scaled.jpg 1920w\" sizes=\"(max-width: 300px) 100vw, 300px\" \/><\/a> despite the poor quality of services delivered. That is the case of Natalha Sant\u2019Anna Gomes, 23, a biology undergraduate at the State University of Rio de Janeiro (<a href=\"http:\/\/bit.ly\/2XiGIwl\" target=\"_blank\" rel=\"noopener\">UERJ<\/a>) who lives in the neighborhood of <a href=\"https:\/\/bit.ly\/3fVGHnF\" target=\"_blank\" rel=\"noopener\">Bonsuccesso<\/a>, on the edge of <a href=\"https:\/\/bit.ly\/2TylshE\" target=\"_blank\" rel=\"noopener\">Avenida Brasil<\/a>. \u201cBills have been increasing and this interferes with my family\u2019s income. With the price variations, we have stopped buying certain things, and have an income equivalent to one and a half minimum wages.\u201d<\/p>\n<p><a href=\"https:\/\/bit.ly\/3oSM1eW\" target=\"_blank\" rel=\"noopener\">Precarious public lighting and bad electric service<\/a> for homes determine people\u2019s lives in unthinkable ways. Natalha, for example, has chosen to attend classes in the morning instead of the evening, a choice made to protect herself from the dangers that the dark streets represent, particularly for women. Not that men don\u2019t feel unsafe in the dark, but they fear being robbed, whereas <a href=\"https:\/\/bit.ly\/2UHZ21w\" target=\"_blank\" rel=\"noopener\">women fear being assaulted or raped<\/a>.<\/p>\n<p><a href=\"https:\/\/rioonwatch.org\/wp-content\/uploads\/2021\/07\/Karina-Figueiredo-Sereno-07-scaled.jpg\"><img loading=\"lazy\" decoding=\"async\" class=\"alignright wp-image-66620\" title=\"An entanglement of electric wires on a tree trunk which doubles as a utility pole close to homes, in Morro do Serrano, represents a risk of fire or electric shocks. Photo: Karina Figueiredo.\" src=\"https:\/\/rioonwatch.org\/wp-content\/uploads\/2021\/07\/Karina-Figueiredo-Sereno-07-225x300.jpg\" alt=\"\" width=\"300\" height=\"400\" srcset=\"https:\/\/rioonwatch.org\/wp-content\/uploads\/2021\/07\/Karina-Figueiredo-Sereno-07-225x300.jpg 225w, https:\/\/rioonwatch.org\/wp-content\/uploads\/2021\/07\/Karina-Figueiredo-Sereno-07-768x1024.jpg 768w, https:\/\/rioonwatch.org\/wp-content\/uploads\/2021\/07\/Karina-Figueiredo-Sereno-07-1152x1536.jpg 1152w, https:\/\/rioonwatch.org\/wp-content\/uploads\/2021\/07\/Karina-Figueiredo-Sereno-07-1536x2048.jpg 1536w, https:\/\/rioonwatch.org\/wp-content\/uploads\/2021\/07\/Karina-Figueiredo-Sereno-07-scaled.jpg 1920w\" sizes=\"(max-width: 300px) 100vw, 300px\" \/><\/a><\/p>\n<p>Since they almost never receive visits from Rio&#8217;s electric utility, Light, to resolve issues in their area, Natalha and her neighbors have seen their problems add up. According to Natalha, \u201cit&#8217;s only when a truck brings down the wiring [as the wires are low and the truck drives into them] that maintenance takes place. But now this almost never happens because we put a pole up here at home.\u201d Self-construction and self-organization are the immediate solutions which many residents resort to as a way of guaranteeing their access to electricity with a minimum level of quality, security, and dignity.<\/p>\n<p>\u201cThe night lighting in our city is terrible. You can\u2019t see anything with that pinkish light, and I&#8217;m scared to walk down the streets, especially as a woman walking alone! I think that a brighter bulb would be the main improvement to public lighting,\u201d says Natalha.<\/p>\n<p>In favelas, infrequent repairs weaken the electricity system, contribute to its scarcity, and consequently lead to the expected use of \u201c<a href=\"https:\/\/bit.ly\/2XBiNWB\" target=\"_blank\" rel=\"noopener\">gatos<\/a>,\u201d clandestine electrical connections associated with <a href=\"https:\/\/bit.ly\/3gBLUlt\" target=\"_blank\" rel=\"noopener\">inadequate formal distribution of energy<\/a>. Energy providers calculate how much has been siphoned by these clandestine connections and distribute the amount amongst paying consumers. The costs get shared out, but the grid does not.<\/p>\n<h3>The Electrical Grid in Data: Structure and Access to Electricity in Morro do Sereno<\/h3>\n<p><a href=\"https:\/\/rioonwatch.org\/wp-content\/uploads\/2021\/07\/acess-to-Morro-do-Sereno.jpg\"><img loading=\"lazy\" decoding=\"async\" class=\"aligncenter wp-image-66618\" title=\"One of the access streets to Morro do Sereno. Photo: Baile do Sereno Facebook page.\" src=\"https:\/\/rioonwatch.org\/wp-content\/uploads\/2021\/07\/acess-to-Morro-do-Sereno.jpg\" alt=\"\" width=\"620\" height=\"375\" srcset=\"https:\/\/rioonwatch.org\/wp-content\/uploads\/2021\/07\/acess-to-Morro-do-Sereno.jpg 960w, https:\/\/rioonwatch.org\/wp-content\/uploads\/2021\/07\/acess-to-Morro-do-Sereno-300x181.jpg 300w, https:\/\/rioonwatch.org\/wp-content\/uploads\/2021\/07\/acess-to-Morro-do-Sereno-768x464.jpg 768w\" sizes=\"(max-width: 620px) 100vw, 620px\" \/><\/a><\/p>\n<p>Things are no different in Morro do Sereno: residents complain about exorbitant prices, the <a href=\"https:\/\/bit.ly\/3hfuwnj\" target=\"_blank\" rel=\"noopener\">lack of infrastructure for the distribution of electricity<\/a>, and public lighting. The community has approximately 3,500 residents, according to the Morro do Sereno Residents\u2019 Association, and around 1,500 homes distributed in 16 streets and 20 alleys. To service this number of residents, there are 200 lampposts, of which five do not currently work. In the higher part of the favela, some families live in precarious conditions due to the lack of expansion of the electrical grid. In this area, some houses live with \u201csingle-phase\u201d power and suffer from constant blackouts and intermittent electricity, known as \u201c<a href=\"https:\/\/bit.ly\/3f6HLH7\" target=\"_blank\" rel=\"noopener\">blinking lights<\/a>,\u201d since the voltage is weak, with the grid sometimes functioning at half capacity.<\/p>\n<p><a href=\"https:\/\/rioonwatch.org\/wp-content\/uploads\/2021\/07\/Visao-de-satelite-sobre-o-Morro-do-Sereno-na-Penha-Circular-620x407-1.png\"><img loading=\"lazy\" decoding=\"async\" class=\"aligncenter wp-image-66521 size-full\" title=\"A satellite view of Morro do Sereno, in Penha Circular. \" src=\"https:\/\/rioonwatch.org\/wp-content\/uploads\/2021\/07\/Visao-de-satelite-sobre-o-Morro-do-Sereno-na-Penha-Circular-620x407-1.png\" alt=\"\" width=\"620\" height=\"407\" srcset=\"https:\/\/rioonwatch.org\/wp-content\/uploads\/2021\/07\/Visao-de-satelite-sobre-o-Morro-do-Sereno-na-Penha-Circular-620x407-1.png 620w, https:\/\/rioonwatch.org\/wp-content\/uploads\/2021\/07\/Visao-de-satelite-sobre-o-Morro-do-Sereno-na-Penha-Circular-620x407-1-300x197.png 300w\" sizes=\"(max-width: 620px) 100vw, 620px\" \/><\/a><\/p>\n<p>The following quantitative research project was carried out by and with residents, and presents a panorama of access to electricity in Morro do Sereno. As with most favelas in Rio, there is a data blackout on Sereno. This renders invisible much of the social reality of these areas and makes it harder to develop and implement efficient public policies. It is in resistance to this policy of active ignorance that this study made itself necessary.<\/p>\n<p>This statistical work was carried out by a local resident, with local residents, about local residents and for local residents, but also for society in general and public authorities. From the very start, the study benefited from the help and guidance of Concei\u00e7\u00e3o Barbosa, president of the Morro do Sereno Residents\u2019 Association. In the absence of official data, the data on estimated population and number of homes produced by the Residents\u2019 Association are the most reliable. The project also received special help from Cristine Germano, 50, known as \u201cTiti,\u201d who works tirelessly as a Social and Cultural Change Agent in Morro do Sereno. As well as these two women, the entire process was supported by local activists and leaders, family health officers and networks of friends and families to get a better understanding of the area itself. All helped put together this study, also from a methodological point of view and regarding each one of its phases.<\/p>\n<p>Following conversations and interactions with the actors listed above, the data analyzed below were collected during the month of June 2021, both in person and remotely. In-person interviews and questionnaires were all realized in accordance with <a href=\"https:\/\/bit.ly\/2RD5IJR\" target=\"_blank\" rel=\"noopener\">coronavirus<\/a> protection protocols. Through the questionnaires, it was possible to outline a framework with populational information, including socio-economic profile, access to infrastructure, to the electrical grid, and government <a href=\"https:\/\/bit.ly\/3hdAPrq\" target=\"_blank\" rel=\"noopener\">subsidies<\/a>. It was possible to get a sense of the local perception of the services delivered by the electricity provider and the level of community self-organization necessary to guarantee access to electricity, as well as the neighborhood\u2019s feelings about public lighting on streets and alleys. The research also aims to find out if there is a connection between public lighting and public security in the view of both residents and public security officers who work in the area. The statistics of Morro do Sereno speak for themselves.<\/p>\n<p>Bearing in mind that there are 3,500 residents, this study is based on replies from 96 Morro do Sereno inhabitants, a figure representing a 95% rate of statistical confidence. By listening to residents from diverse localities within the favela\u2014Laj\u00e3o, Largo do Po\u00e7o, Gon\u00e7alves dos Santos, Travessa 1\u00ba de Maio, Travessa Capit\u00e3o, Travessa do Pacheco, Travessa 6, Vi\u00e7osa, Wenceslau Bello and Parte Alta\u2014data found that there are, on average, 3.2 residents per house, the average size of which is 4.6 rooms. It can be said that, including a bathroom and a kitchen, most houses in Sereno have a living room and one or two bedrooms. In 28.1% of the houses, there are five rooms; 16.7% have three rooms; and 9.4%, six rooms. In its vast majority, the neighborhood is made of brick houses, connected\u2014whether formally or informally\u2014to the water and electricity networks but which depict the families\u2019 humble standard of living. In the highest part of the favela, ending on the edge of the <a href=\"http:\/\/bit.ly\/32yISHr\" target=\"_blank\" rel=\"noopener\">Atlantic Forest<\/a>, it is possible to come across houses made of wood, wattle and daube, some of them connected to single-phase power, some without electricity.<\/p>\n<p><a href=\"https:\/\/rioonwatch.org\/wp-content\/uploads\/2021\/07\/InfoSerenoEN-1.png\"><img loading=\"lazy\" decoding=\"async\" class=\"aligncenter wp-image-66505\" title=\"Infographic &quot;Morro do Sereno Profile - Part 1,&quot; by Julio Santos Filho based on statistics from Karina Figueiredo's research.\" src=\"https:\/\/rioonwatch.org\/wp-content\/uploads\/2021\/07\/InfoSerenoEN-1.png\" alt=\"\" width=\"620\" height=\"418\" srcset=\"https:\/\/rioonwatch.org\/wp-content\/uploads\/2021\/07\/InfoSerenoEN-1.png 1600w, https:\/\/rioonwatch.org\/wp-content\/uploads\/2021\/07\/InfoSerenoEN-1-300x202.png 300w, https:\/\/rioonwatch.org\/wp-content\/uploads\/2021\/07\/InfoSerenoEN-1-1024x691.png 1024w, https:\/\/rioonwatch.org\/wp-content\/uploads\/2021\/07\/InfoSerenoEN-1-768x518.png 768w, https:\/\/rioonwatch.org\/wp-content\/uploads\/2021\/07\/InfoSerenoEN-1-1536x1036.png 1536w\" sizes=\"(max-width: 620px) 100vw, 620px\" \/><\/a><br \/>\nMorro do Sereno is a relatively small favela, with a small population. It covers approximately 4.5km\u00b2 of one of the mountainsides on which Complexo da Penha is situated, facing the neighborhoods of Penha Circular and <a href=\"https:\/\/bit.ly\/38sVFOH\" target=\"_blank\" rel=\"noopener\">Br\u00e1s de Pina<\/a>. It is not a densely populated favela, with around 780 inhabitants per km\u00b2.<\/p>\n<p><a href=\"https:\/\/rioonwatch.org\/wp-content\/uploads\/2021\/07\/InfoSerenoEN-2.png\"><img loading=\"lazy\" decoding=\"async\" class=\"aligncenter wp-image-66506\" title=\"Infographic &quot;Morro do Sereno Profile - Part 2,&quot; by Julio Santos Filho based on statistics from Karina Figueiredo's research.\" src=\"https:\/\/rioonwatch.org\/wp-content\/uploads\/2021\/07\/InfoSerenoEN-2.png\" alt=\"\" width=\"644\" height=\"418\" srcset=\"https:\/\/rioonwatch.org\/wp-content\/uploads\/2021\/07\/InfoSerenoEN-2.png 1600w, https:\/\/rioonwatch.org\/wp-content\/uploads\/2021\/07\/InfoSerenoEN-2-300x195.png 300w, https:\/\/rioonwatch.org\/wp-content\/uploads\/2021\/07\/InfoSerenoEN-2-1024x665.png 1024w, https:\/\/rioonwatch.org\/wp-content\/uploads\/2021\/07\/InfoSerenoEN-2-768x499.png 768w, https:\/\/rioonwatch.org\/wp-content\/uploads\/2021\/07\/InfoSerenoEN-2-1536x997.png 1536w\" sizes=\"(max-width: 644px) 100vw, 644px\" \/><\/a><\/p>\n<p>Primarily black, 89% of the population of Sereno declares itself to be black or brown (including both <em>pardo<\/em> and <em>moreno<\/em>); just 10% replied white and 1% \u201cdeclined to say.&#8221; And its profile is not young: the average age of interviewees is 38 years old, almost 10 years above the <a href=\"http:\/\/bit.ly\/1Of2IdB\" target=\"_blank\" rel=\"noopener\">national average of 29.5 years old for favela residents in Brazil<\/a>. The majority of interviewees said they were employed or active in some capacity (95%). The most commonly cited professions were homemaker (14.7%), self-employed (9.5%), cleaner, housekeeper, or day worker (8.4%), and general services assistant (5.3%).<\/p>\n<p><a href=\"https:\/\/rioonwatch.org\/wp-content\/uploads\/2021\/07\/Graph-one.jpg\"><img loading=\"lazy\" decoding=\"async\" class=\"aligncenter wp-image-66526\" title=\"&quot;What is your occupation?&quot; graph, by Julio Santos Filho based on statistics from Karina Figueiredo's research.\" src=\"https:\/\/rioonwatch.org\/wp-content\/uploads\/2021\/07\/Graph-one.jpg\" alt=\"\" width=\"620\" height=\"383\" srcset=\"https:\/\/rioonwatch.org\/wp-content\/uploads\/2021\/07\/Graph-one.jpg 1667w, https:\/\/rioonwatch.org\/wp-content\/uploads\/2021\/07\/Graph-one-300x186.jpg 300w, https:\/\/rioonwatch.org\/wp-content\/uploads\/2021\/07\/Graph-one-1024x633.jpg 1024w, https:\/\/rioonwatch.org\/wp-content\/uploads\/2021\/07\/Graph-one-768x475.jpg 768w, https:\/\/rioonwatch.org\/wp-content\/uploads\/2021\/07\/Graph-one-1536x950.jpg 1536w\" sizes=\"(max-width: 620px) 100vw, 620px\" \/><\/a><br \/>\n<a href=\"https:\/\/rioonwatch.org\/wp-content\/uploads\/2021\/07\/InfoSerenoEN-3.png\"><img loading=\"lazy\" decoding=\"async\" class=\"aligncenter wp-image-66507\" title=\"Infographic &quot;Racial Profile of Morro do Sereno,&quot; by Julio Santos Filho based on statistics from Karina Figueiredo's research.\" src=\"https:\/\/rioonwatch.org\/wp-content\/uploads\/2021\/07\/InfoSerenoEN-3.png\" alt=\"\" width=\"673\" height=\"418\" srcset=\"https:\/\/rioonwatch.org\/wp-content\/uploads\/2021\/07\/InfoSerenoEN-3.png 1600w, https:\/\/rioonwatch.org\/wp-content\/uploads\/2021\/07\/InfoSerenoEN-3-300x186.png 300w, https:\/\/rioonwatch.org\/wp-content\/uploads\/2021\/07\/InfoSerenoEN-3-1024x636.png 1024w, https:\/\/rioonwatch.org\/wp-content\/uploads\/2021\/07\/InfoSerenoEN-3-768x477.png 768w, https:\/\/rioonwatch.org\/wp-content\/uploads\/2021\/07\/InfoSerenoEN-3-1536x954.png 1536w\" sizes=\"(max-width: 673px) 100vw, 673px\" \/><\/a><\/p>\n<p>Another figure included in this analysis is the average income which, in Sereno, stands at around R$1,360 (US$257) per household per month. This is slightly above one Brazilian minimum wage, to support, on average, 3.2 people per month, coming out to R$425 (U$80) per resident per month. Only 5% of the population interviewed for the study declared themselves idle. Idle or not, the current state of economic, social, and food insecurity is undeniable, with family budgets also affected by growing inflation.<\/p>\n<p><a href=\"https:\/\/rioonwatch.org\/wp-content\/uploads\/2021\/07\/Graph-two.jpg\"><img loading=\"lazy\" decoding=\"async\" class=\"aligncenter wp-image-66527\" title=\"&quot;Monthly household income&quot; graph, by Julio Santos Filho based on statistics from Karina Figueiredo's research.\" src=\"https:\/\/rioonwatch.org\/wp-content\/uploads\/2021\/07\/Graph-two.jpg\" alt=\"\" width=\"620\" height=\"383\" srcset=\"https:\/\/rioonwatch.org\/wp-content\/uploads\/2021\/07\/Graph-two.jpg 1667w, https:\/\/rioonwatch.org\/wp-content\/uploads\/2021\/07\/Graph-two-300x186.jpg 300w, https:\/\/rioonwatch.org\/wp-content\/uploads\/2021\/07\/Graph-two-1024x633.jpg 1024w, https:\/\/rioonwatch.org\/wp-content\/uploads\/2021\/07\/Graph-two-768x475.jpg 768w, https:\/\/rioonwatch.org\/wp-content\/uploads\/2021\/07\/Graph-two-1536x950.jpg 1536w\" sizes=\"(max-width: 620px) 100vw, 620px\" \/><\/a><\/p>\n<p>The economic pressure put on favela residents\u2019 budgets by the costs of electricity is visible in the figures: the average income per household is R$1,359 (U$257), whereas the electric bill paid by those who have legal access to Light\u2019s services costs, on average, is R$155 (U$29), more than 10% of the average family\u2019s income in this area. Although <a href=\"https:\/\/bit.ly\/3zzgjtz\" target=\"_blank\" rel=\"noopener\">electricity is not yet a social right in the Brazilian constitution<\/a>, it is a right to be a beneficiary of the <a href=\"https:\/\/bit.ly\/3hdAPrq\" target=\"_blank\" rel=\"noopener\">government\u2019s subsidized rates<\/a>. However, only 4.2% of residents say they are beneficiaries of the program.<\/p>\n<p><a href=\"https:\/\/rioonwatch.org\/wp-content\/uploads\/2021\/07\/Graph-three.jpg\"><img loading=\"lazy\" decoding=\"async\" class=\"aligncenter wp-image-66528\" title=\"&quot;Electricity cost&quot; graph, by Julio Santos Filho based on statistics from Karina Figueiredo's research.\" src=\"https:\/\/rioonwatch.org\/wp-content\/uploads\/2021\/07\/Graph-three.jpg\" alt=\"\" width=\"620\" height=\"383\" srcset=\"https:\/\/rioonwatch.org\/wp-content\/uploads\/2021\/07\/Graph-three.jpg 1667w, https:\/\/rioonwatch.org\/wp-content\/uploads\/2021\/07\/Graph-three-300x186.jpg 300w, https:\/\/rioonwatch.org\/wp-content\/uploads\/2021\/07\/Graph-three-1024x633.jpg 1024w, https:\/\/rioonwatch.org\/wp-content\/uploads\/2021\/07\/Graph-three-768x475.jpg 768w, https:\/\/rioonwatch.org\/wp-content\/uploads\/2021\/07\/Graph-three-1536x950.jpg 1536w\" sizes=\"(max-width: 620px) 100vw, 620px\" \/><\/a>Around 34.7% have electric meters at home, through which their electricity consumption is measured by Light, paying the utility for their consumption. But the figure that most exposes the framework of <a href=\"https:\/\/bit.ly\/3gBLUlt\" target=\"_blank\" rel=\"noopener\">distributional injustice<\/a> and the <a href=\"http:\/\/bit.ly\/2B827dQ\" target=\"_blank\" rel=\"noopener\">burden of increasing prices<\/a> is that more than 60% of the community relies on self-organization and <a href=\"https:\/\/bit.ly\/2XBiNWB\" target=\"_blank\" rel=\"noopener\">self-installation to guarantee access to electricity<\/a>\u2014sometimes through the irregular sharing of electric meters legally fitted by the energy provider, other times through illegal hookups to poles on the street. Only 22.1% of residents told our researcher that public authorities alone are to guarantee the installation and maintenance, and cover public lighting costs on their street. Meanwhile, 50.5% said that residents do this work entirely on their own, and 27.4% said that both the State and residents look after public lampposts.<\/p>\n<p><a href=\"https:\/\/rioonwatch.org\/wp-content\/uploads\/2021\/07\/Graph-four.jpg\"><img loading=\"lazy\" decoding=\"async\" class=\"aligncenter wp-image-66529\" title=\"&quot;Who is responsible for public lighting on your street?&quot; graph, by Julio Santos Filho based on statistics from Karina Figueiredo's research.\" src=\"https:\/\/rioonwatch.org\/wp-content\/uploads\/2021\/07\/Graph-four.jpg\" alt=\"\" width=\"620\" height=\"383\" srcset=\"https:\/\/rioonwatch.org\/wp-content\/uploads\/2021\/07\/Graph-four.jpg 1667w, https:\/\/rioonwatch.org\/wp-content\/uploads\/2021\/07\/Graph-four-300x186.jpg 300w, https:\/\/rioonwatch.org\/wp-content\/uploads\/2021\/07\/Graph-four-1024x633.jpg 1024w, https:\/\/rioonwatch.org\/wp-content\/uploads\/2021\/07\/Graph-four-768x475.jpg 768w, https:\/\/rioonwatch.org\/wp-content\/uploads\/2021\/07\/Graph-four-1536x950.jpg 1536w\" sizes=\"(max-width: 620px) 100vw, 620px\" \/><\/a><\/p>\n<p>The community\u2019s relationship with electricity is quite controversial. Despite 56.3% of Sereno saying they feel a positive impact from having electricity in their day-to-day lives, 28.1% perceive the impact of electricity supply on their daily routine as negative. Even of a dubious quality, electricity undoubtedly improves living conditions and should be guaranteed as a <a href=\"https:\/\/bit.ly\/3zzgjtz\" target=\"_blank\" rel=\"noopener\">social right<\/a>.<\/p>\n<p><a href=\"https:\/\/rioonwatch.org\/wp-content\/uploads\/2021\/07\/Graph-five.jpg\"><img loading=\"lazy\" decoding=\"async\" class=\"aligncenter wp-image-66530\" title=\"&quot;Does electricity impact your daily life positively or negatively?&quot; graph, by Julio Santos Filho based on statistics from Karina Figueiredo's research.\" src=\"https:\/\/rioonwatch.org\/wp-content\/uploads\/2021\/07\/Graph-five.jpg\" alt=\"\" width=\"620\" height=\"383\" srcset=\"https:\/\/rioonwatch.org\/wp-content\/uploads\/2021\/07\/Graph-five.jpg 1667w, https:\/\/rioonwatch.org\/wp-content\/uploads\/2021\/07\/Graph-five-300x186.jpg 300w, https:\/\/rioonwatch.org\/wp-content\/uploads\/2021\/07\/Graph-five-1024x633.jpg 1024w, https:\/\/rioonwatch.org\/wp-content\/uploads\/2021\/07\/Graph-five-768x475.jpg 768w, https:\/\/rioonwatch.org\/wp-content\/uploads\/2021\/07\/Graph-five-1536x950.jpg 1536w\" sizes=\"(max-width: 620px) 100vw, 620px\" \/><\/a><\/p>\n<p>The research also found that 50% of interviewees felt the <a href=\"https:\/\/bit.ly\/2ZxKuQN\" target=\"_blank\" rel=\"noopener\">impacts of the pandemic on their income<\/a> and stopped buying certain food products or paying for other essential services to avoid having their electricity cut off, which, as we have shown, corresponds to more than 10% of these families\u2019 income. \u201c[Electricity] negatively impacts my work at home. I lost a lot of merchandise. I had to throw out an entire week\u2019s worth,\u201d says M\u00e1rcia Pereira, 42, a resident of Morro do Sereno, who as well as being a shopkeeper works as a housekeeper to increase her family\u2019s income.<\/p>\n<p>In Sereno, 43% of residents say they <a href=\"https:\/\/bit.ly\/35WkxhI\" target=\"_blank\" rel=\"noopener\">have already lost household appliances<\/a> because of the precarious electricity service, and 57% say they cannot use their appliances as they would like, since the grid cannot cope with the houses\u2019 energy demand, particularly in the summer.<\/p>\n<p><a href=\"https:\/\/rioonwatch.org\/wp-content\/uploads\/2021\/07\/InfoSerenoEN-4.png\"><img loading=\"lazy\" decoding=\"async\" class=\"aligncenter wp-image-66508\" title=\"Infographic &quot;Does the grid let you use all your home appliances?,&quot; by Julio Santos Filho based on statistics from Karina Figueiredo's research.\" src=\"https:\/\/rioonwatch.org\/wp-content\/uploads\/2021\/07\/InfoSerenoEN-4.png\" alt=\"\" width=\"620\" height=\"405\" srcset=\"https:\/\/rioonwatch.org\/wp-content\/uploads\/2021\/07\/InfoSerenoEN-4.png 1600w, https:\/\/rioonwatch.org\/wp-content\/uploads\/2021\/07\/InfoSerenoEN-4-300x196.png 300w, https:\/\/rioonwatch.org\/wp-content\/uploads\/2021\/07\/InfoSerenoEN-4-1024x669.png 1024w, https:\/\/rioonwatch.org\/wp-content\/uploads\/2021\/07\/InfoSerenoEN-4-768x502.png 768w, https:\/\/rioonwatch.org\/wp-content\/uploads\/2021\/07\/InfoSerenoEN-4-1536x1004.png 1536w\" sizes=\"(max-width: 620px) 100vw, 620px\" \/><\/a><br \/>\nDue to the lack of public policies aimed at expanding infrastructure (like more poles, power transformers, and meters in houses that pay subsidized rates) for a safe and legal electrical grid, the highest-up areas in the favela still only have access to single-phase power and face blackouts or electrical instability daily, preventing them from using household appliances as needed. In the highest part of the hill, on top of the connection being bad for those who have it, there are families whose homes do not have electricity and live by candlelight, a continuous reality in Rio de Janeiro.<\/p>\n<p><a href=\"https:\/\/rioonwatch.org\/wp-content\/uploads\/2021\/07\/InfoSerenoEN-5.png\"><img loading=\"lazy\" decoding=\"async\" class=\"aligncenter wp-image-66509\" title=\"Infographic &quot;What is the power of your household electric grid?&quot; by Julio Santos Filho based on statistics from Karina Figueiredo's research.\" src=\"https:\/\/rioonwatch.org\/wp-content\/uploads\/2021\/07\/InfoSerenoEN-5.png\" alt=\"\" width=\"578\" height=\"418\" srcset=\"https:\/\/rioonwatch.org\/wp-content\/uploads\/2021\/07\/InfoSerenoEN-5.png 1600w, https:\/\/rioonwatch.org\/wp-content\/uploads\/2021\/07\/InfoSerenoEN-5-300x217.png 300w, https:\/\/rioonwatch.org\/wp-content\/uploads\/2021\/07\/InfoSerenoEN-5-1024x740.png 1024w, https:\/\/rioonwatch.org\/wp-content\/uploads\/2021\/07\/InfoSerenoEN-5-768x555.png 768w, https:\/\/rioonwatch.org\/wp-content\/uploads\/2021\/07\/InfoSerenoEN-5-1536x1111.png 1536w\" sizes=\"(max-width: 578px) 100vw, 578px\" \/><\/a><br \/>\nEven the right to know what electrical power reaches homes is denied in Sereno: 75% of interviewees were unable to say if the power supply they receive at home is single-phase, two-phase, or three-phase. In the case of residents who knew what type of power supply they have, a single-phase connection is the most common. This power supply only allows for appliances of up to 127V, which makes it complicated to use water pumps, air conditioning, and any appliance that requires 220V, as they are most susceptible to <a href=\"https:\/\/bit.ly\/3oSM1eW\" target=\"_blank\" rel=\"noopener\">power cuts and overload<\/a>, which can even cause fires in wires and voltage transformers, frequent in summer.<\/p>\n<p>Data from the study show that 58% of residents say they find themselves without electricity sometimes or frequently, and 35% say they remain more than 48 hours without electricity when there are blackouts, this being the most frequent reply among residents. The vast majority, who do not have formal access to electricity, are left to fare alone when these problems happen in the power supply: \u201cwe depend on neighbors with legalized access to electricity to request repairs,\u201d said one resident.<\/p>\n<p><a href=\"https:\/\/rioonwatch.org\/wp-content\/uploads\/2021\/07\/InfoSerenoEN-6.png\"><img loading=\"lazy\" decoding=\"async\" class=\"aligncenter wp-image-66510\" title=\"Infographic &quot;How often does the light go out in your house?&quot; by Julio Santos Filho based on statistics from Karina Figueiredo's research.\" src=\"https:\/\/rioonwatch.org\/wp-content\/uploads\/2021\/07\/InfoSerenoEN-6.png\" alt=\"\" width=\"641\" height=\"418\" srcset=\"https:\/\/rioonwatch.org\/wp-content\/uploads\/2021\/07\/InfoSerenoEN-6.png 1600w, https:\/\/rioonwatch.org\/wp-content\/uploads\/2021\/07\/InfoSerenoEN-6-300x196.png 300w, https:\/\/rioonwatch.org\/wp-content\/uploads\/2021\/07\/InfoSerenoEN-6-1024x668.png 1024w, https:\/\/rioonwatch.org\/wp-content\/uploads\/2021\/07\/InfoSerenoEN-6-768x501.png 768w, https:\/\/rioonwatch.org\/wp-content\/uploads\/2021\/07\/InfoSerenoEN-6-1536x1001.png 1536w\" sizes=\"(max-width: 641px) 100vw, 641px\" \/><\/a><\/p>\n<p>The situation of residents is rendered even more difficult by the lack of registration with the energy utility, which prevents them from requesting support for an emergency or whenever necessary. Many houses have already spent a week or more without electricity. Sabrina Pereira, 23, notes that when her house functions \u201cat half phase,\u201d the \u201c[unreliable electricity] causes problems and can burn or ruin my son\u2019s things.\u201d<\/p>\n<p>Despite 56% of respondents deeming that electricity impacts their life positively, 62% declare that Light\u2019s service is terrible or average in Morro do Sereno. This is due to the lack of access to a reliable, legal, and financially accessible power supply. Those 35% who do have a legal electricity supply pay for services with insufficient maintenance but say they have not felt the <a href=\"https:\/\/bit.ly\/3drXdwc\" target=\"_blank\" rel=\"noopener\">recent increase in electricity rates<\/a> in their family budget (73%).<\/p>\n<p><a href=\"https:\/\/rioonwatch.org\/wp-content\/uploads\/2021\/07\/InfoSerenoEN-7.png\"><img loading=\"lazy\" decoding=\"async\" class=\"aligncenter wp-image-66511\" title=\"Infographic &quot;What is your opinion of Light's service?&quot; by Julio Santos Filho based on statistics from Karina Figueiredo's research.\" src=\"https:\/\/rioonwatch.org\/wp-content\/uploads\/2021\/07\/InfoSerenoEN-7.png\" alt=\"\" width=\"620\" height=\"413\" srcset=\"https:\/\/rioonwatch.org\/wp-content\/uploads\/2021\/07\/InfoSerenoEN-7.png 1600w, https:\/\/rioonwatch.org\/wp-content\/uploads\/2021\/07\/InfoSerenoEN-7-300x200.png 300w, https:\/\/rioonwatch.org\/wp-content\/uploads\/2021\/07\/InfoSerenoEN-7-1024x683.png 1024w, https:\/\/rioonwatch.org\/wp-content\/uploads\/2021\/07\/InfoSerenoEN-7-768x512.png 768w, https:\/\/rioonwatch.org\/wp-content\/uploads\/2021\/07\/InfoSerenoEN-7-1536x1024.png 1536w\" sizes=\"(max-width: 620px) 100vw, 620px\" \/><\/a><\/p>\n<h3>Precarious Public Lighting and Negligence: Sereno Residents Speak of their Fears<\/h3>\n<p><a href=\"https:\/\/rioonwatch.org\/wp-content\/uploads\/2021\/07\/Moradores-colocam-lampadas-em-suas-casas-para-iluminar-becos-escuros-e-sem-poste-no-Morro-do-Sereno.-Foto-por-Karina-Figueiredo-465x620-1.jpg\"><img loading=\"lazy\" decoding=\"async\" class=\"alignright wp-image-66581\" title=\"Residents put lightbulbs outside their homes to light up dark alleys without lampposts in Morro do Sereno. Photo: Karina Figueiredo. \" src=\"https:\/\/rioonwatch.org\/wp-content\/uploads\/2021\/07\/Moradores-colocam-lampadas-em-suas-casas-para-iluminar-becos-escuros-e-sem-poste-no-Morro-do-Sereno.-Foto-por-Karina-Figueiredo-465x620-1-225x300.jpg\" alt=\"\" width=\"300\" height=\"400\" srcset=\"https:\/\/rioonwatch.org\/wp-content\/uploads\/2021\/07\/Moradores-colocam-lampadas-em-suas-casas-para-iluminar-becos-escuros-e-sem-poste-no-Morro-do-Sereno.-Foto-por-Karina-Figueiredo-465x620-1-225x300.jpg 225w, https:\/\/rioonwatch.org\/wp-content\/uploads\/2021\/07\/Moradores-colocam-lampadas-em-suas-casas-para-iluminar-becos-escuros-e-sem-poste-no-Morro-do-Sereno.-Foto-por-Karina-Figueiredo-465x620-1.jpg 465w\" sizes=\"(max-width: 300px) 100vw, 300px\" \/><\/a>This situation of deficient access and <a href=\"http:\/\/bit.ly\/38STkfm\" target=\"_blank\" rel=\"noopener\">systematic neglect<\/a> in the electricity sector is also reflected in public security and a generalized sense of insecurity and fear. Throughout this study, stories abounded of people who avoided leaving home at night. Although only five of the 200 lampposts in Sereno were not working during the study\u2014the equivalent of 2.5% of the neighborhood\u2019s lampposts\u201478% believe that public lighting in the favela is terrible or average and 76% believe that the number of lampposts and light bulbs in their streets and alleys is insufficient.<\/p>\n<p>Walking through the neighborhood\u2019s streets at night, it is easy to grasp the difficulty of climbing steps in darkness, broken only by the lights outside of homes, which are put in place by residents. They put up bulbs to light up the passage. This field observation also helps explain why 78% of residents consider themselves to be the only or main people responsible for the lighting on their streets and alleys. Considerations on public lighting are more or less consistent in the view of it as average or terrible: around 5.3% consider lighting to be excellent, 16.8% good, 34.7% average, and 43.2% terrible. Consequently, 70% of residents consider the neighborhood to be dark, 72% do not feel safe at night, and 75% do not feel safe on their own street or alley at night.<\/p>\n<p><a href=\"https:\/\/rioonwatch.org\/wp-content\/uploads\/2021\/07\/Graph-six.jpg\"><img loading=\"lazy\" decoding=\"async\" class=\"aligncenter wp-image-66531\" title=\"&quot;How do you feel about public lighting in your community?&quot; graph, by Julio Santos Filho based on statistics from Karina Figueiredo's research.\" src=\"https:\/\/rioonwatch.org\/wp-content\/uploads\/2021\/07\/Graph-six.jpg\" alt=\"\" width=\"620\" height=\"383\" srcset=\"https:\/\/rioonwatch.org\/wp-content\/uploads\/2021\/07\/Graph-six.jpg 1667w, https:\/\/rioonwatch.org\/wp-content\/uploads\/2021\/07\/Graph-six-300x186.jpg 300w, https:\/\/rioonwatch.org\/wp-content\/uploads\/2021\/07\/Graph-six-1024x633.jpg 1024w, https:\/\/rioonwatch.org\/wp-content\/uploads\/2021\/07\/Graph-six-768x475.jpg 768w, https:\/\/rioonwatch.org\/wp-content\/uploads\/2021\/07\/Graph-six-1536x950.jpg 1536w\" sizes=\"(max-width: 620px) 100vw, 620px\" \/><\/a><\/p>\n<p>With insufficient public lighting, residents feel unsafe even on their own street. Despite being on their home turf, where routes are known and navigating the streets might not appear to be a problem, it is difficult to move around the streets and alleys of Sereno and of thousands of other favelas at night. This is a fear shared by the majority of interviewees, as 61.2% consider their own street or alley to be dark, 41.1% of interviewees consider public lighting on their street or alley to be average, and 34.7% terrible.<\/p>\n<p>Pedro Henrique Machado, 24, a resident of Avenida Br\u00e1s de Pina, one of the access roads to Morro do Sereno, was robbed on a dark street and believes that the theft was facilitated by the darkness on the street at night. He filed a police report.<\/p>\n<p><a href=\"https:\/\/rioonwatch.org\/wp-content\/uploads\/2021\/07\/InfoSerenoEN-8.png\"><img loading=\"lazy\" decoding=\"async\" class=\"aligncenter wp-image-66512\" title=\"Infographic &quot;Resident's perception of public security and lighting 1&quot; by Julio Santos Filho based on statistics from Karina Figueiredo's research.\" src=\"https:\/\/rioonwatch.org\/wp-content\/uploads\/2021\/07\/InfoSerenoEN-8.png\" alt=\"\" width=\"610\" height=\"418\" srcset=\"https:\/\/rioonwatch.org\/wp-content\/uploads\/2021\/07\/InfoSerenoEN-8.png 1600w, https:\/\/rioonwatch.org\/wp-content\/uploads\/2021\/07\/InfoSerenoEN-8-300x206.png 300w, https:\/\/rioonwatch.org\/wp-content\/uploads\/2021\/07\/InfoSerenoEN-8-1024x702.png 1024w, https:\/\/rioonwatch.org\/wp-content\/uploads\/2021\/07\/InfoSerenoEN-8-768x527.png 768w, https:\/\/rioonwatch.org\/wp-content\/uploads\/2021\/07\/InfoSerenoEN-8-1536x1053.png 1536w\" sizes=\"(max-width: 610px) 100vw, 610px\" \/><\/a><\/p>\n<p>Lucas Fernandes Gomes, 19, a resident of <a href=\"https:\/\/bit.ly\/3kLKEjT\" target=\"_blank\" rel=\"noopener\">Morro da F\u00e9<\/a>, a favela which neighbors Sereno, both of which are located in Complexo da Penha, says that ten years ago, \u201cI was going home when two men came up to rob me. But I didn\u2019t file a police report.\u201d Shaken and scared, he concluded: \u201csome of the lampposts that are switched off need to be changed or more spread out to improve local lighting.\u201d<\/p>\n<p><a href=\"https:\/\/rioonwatch.org\/wp-content\/uploads\/2021\/07\/InfoSerenoEN-9.png\"><img loading=\"lazy\" decoding=\"async\" class=\"aligncenter wp-image-66513\" title=\"Infographic &quot;Resident's perception of public security and lighting 2&quot; by Julio Santos Filho based on statistics from Karina Figueiredo's research.\" src=\"https:\/\/rioonwatch.org\/wp-content\/uploads\/2021\/07\/InfoSerenoEN-9.png\" alt=\"\" width=\"589\" height=\"418\" srcset=\"https:\/\/rioonwatch.org\/wp-content\/uploads\/2021\/07\/InfoSerenoEN-9.png 1600w, https:\/\/rioonwatch.org\/wp-content\/uploads\/2021\/07\/InfoSerenoEN-9-300x213.png 300w, https:\/\/rioonwatch.org\/wp-content\/uploads\/2021\/07\/InfoSerenoEN-9-1024x727.png 1024w, https:\/\/rioonwatch.org\/wp-content\/uploads\/2021\/07\/InfoSerenoEN-9-768x545.png 768w, https:\/\/rioonwatch.org\/wp-content\/uploads\/2021\/07\/InfoSerenoEN-9-1536x1091.png 1536w\" sizes=\"(max-width: 589px) 100vw, 589px\" \/><\/a><\/p>\n<p>This scenario of insecurity and energy injustice is on the radar of residents who fight daily for a better and fairer future in the face of structural difficulties. But the topic\u2019s complexity calls for the involvement of favela residents, electricity providers, municipal authorities, and public security agencies in the search for accessible solutions to the neglect that has been imposed on favela populations for decades. In the face of this, it is necessary to think of efficient alternatives to guarantee the provision of electricity and public lighting in favelas.<\/p>\n<p>A worker who wakes up at 5am or gets home at midnight depends on institutions working together to guarantee efficient changes in the area. Improvements to public lighting contribute to security and to safeguarding lives. Rather than the current \u201cpublic darkness,\u201d Morro do Sereno needs public lighting. The favela needs light!<\/p>\n<p><em>About the author: A resident of Morro do Sereno, <a href=\"https:\/\/bit.ly\/3qzj3Dq\" target=\"_blank\" rel=\"noopener\">Karina Figueiredo<\/a> is a journalist with experiences in news agencies, TV and corporate communication.<\/em><\/p>\n<p><em>About the artist: <a href=\"https:\/\/bit.ly\/2U7H5cu\" target=\"_blank\" rel=\"noopener\">Rafael Doria<\/a> has a degree in design with a teaching license in arts. He is a designer, art teacher, illustrator, set designer, graffiti artist, artistic director, curator, and project manager.<\/em><\/p>\n<p><em>This study was carried out with guidance from sociologist <a href=\"https:\/\/bit.ly\/3eI9jlv\" target=\"_blank\" rel=\"noopener\">Julio Santos Filho<\/a>. Infographics by Julio Santos Filho and Luiza Almeida; translation of graphs and infographics by Grant Brown and Saskia Wright.<\/em><\/p>\n<p><em>This article is part of a\u00a0<a href=\"https:\/\/bit.ly\/FavelaEnergyJustice\" target=\"_blank\" rel=\"noopener\">series on energy justice and efficiency in Rio\u2019s favelas<\/a>.<\/em><\/p>\n<hr \/>\n<h4>Support\u00a0RioOnWatch\u2019s tireless, critical and cutting-edge hyperlocal journalism, online community organizing meetings, and direct support to favelas\u00a0<a href=\"http:\/\/bit.ly\/FavelaCovidResponse\" target=\"_blank\" rel=\"noopener\">by clicking here<\/a>.<\/h4>\n","protected":false},"excerpt":{"rendered":"<div class=\"mh-excerpt\"><p>Clique aqui para Portugu\u00eas This article is part of a\u00a0series on energy justice and efficiency in Rio\u2019s favelas. This piece presents the results of a study carried out in the field, on the structure of <a class=\"mh-excerpt-more\" href=\"https:\/\/rioonwatch.org\/?p=66501\" title=\"Electricity in Numbers: A Deep Dive into Energy Access, Public Lighting, and Security in the Favela of Morro do Sereno\">[&#8230;]<\/a><\/p>\n<\/div>","protected":false},"author":224,"featured_media":66619,"comment_status":"closed","ping_status":"closed","sticky":false,"template":"","format":"standard","meta":{"_monsterinsights_skip_tracking":false,"_monsterinsights_sitenote_active":false,"_monsterinsights_sitenote_note":"","_monsterinsights_sitenote_category":0,"footnotes":""},"categories":[1288,1328,335,1282],"tags":[3046,1552,1493,2062,779,3149,32,3068,3122,428,3347,182,1278,755,485,288,1581,1582,618,37,301,809,149,740,837,1011,1008,956,3235,651],"writer":[3391],"translator":[3183],"illustrator":[],"photographer":[],"class_list":{"0":"post-66501","1":"post","2":"type-post","3":"status-publish","4":"format-standard","5":"has-post-thumbnail","7":"category-highlight","8":"category-by-community-contributors","9":"category-policies","10":"category-research-analysis","11":"tag-aneel","12":"tag-avenida-brasil","13":"tag-bonsucesso","14":"tag-bras-de-pina","15":"tag-community-leaders","16":"tag-complexo-da-penha","17":"tag-complexo-do-alemao","18":"tag-coronavirus","19":"tag-data","20":"tag-employment","21":"tag-energy-efficiency","22":"tag-government-neglect","23":"tag-income","24":"tag-infrastructure","25":"tag-light-electricity","26":"tag-mata-atlantica","27":"tag-morro-da-fe","28":"tag-morro-do-sereno","29":"tag-neighborhood-association","30":"tag-north-zone","31":"tag-public-policy","32":"tag-public-security","33":"tag-public-private-partnership","34":"tag-research-findings","35":"tag-resident-account","36":"tag-right-to-come-and-go","37":"tag-right-to-the-city","38":"tag-self-help-planning","39":"tag-series-energy-justice-and-efficiency","40":"tag-uerj","41":"writer-karina-figueiredo","42":"translator-constance-malleret"},"_links":{"self":[{"href":"https:\/\/rioonwatch.org\/index.php?rest_route=\/wp\/v2\/posts\/66501","targetHints":{"allow":["GET"]}}],"collection":[{"href":"https:\/\/rioonwatch.org\/index.php?rest_route=\/wp\/v2\/posts"}],"about":[{"href":"https:\/\/rioonwatch.org\/index.php?rest_route=\/wp\/v2\/types\/post"}],"author":[{"embeddable":true,"href":"https:\/\/rioonwatch.org\/index.php?rest_route=\/wp\/v2\/users\/224"}],"replies":[{"embeddable":true,"href":"https:\/\/rioonwatch.org\/index.php?rest_route=%2Fwp%2Fv2%2Fcomments&post=66501"}],"version-history":[{"count":0,"href":"https:\/\/rioonwatch.org\/index.php?rest_route=\/wp\/v2\/posts\/66501\/revisions"}],"wp:featuredmedia":[{"embeddable":true,"href":"https:\/\/rioonwatch.org\/index.php?rest_route=\/wp\/v2\/media\/66619"}],"wp:attachment":[{"href":"https:\/\/rioonwatch.org\/index.php?rest_route=%2Fwp%2Fv2%2Fmedia&parent=66501"}],"wp:term":[{"taxonomy":"category","embeddable":true,"href":"https:\/\/rioonwatch.org\/index.php?rest_route=%2Fwp%2Fv2%2Fcategories&post=66501"},{"taxonomy":"post_tag","embeddable":true,"href":"https:\/\/rioonwatch.org\/index.php?rest_route=%2Fwp%2Fv2%2Ftags&post=66501"},{"taxonomy":"writer","embeddable":true,"href":"https:\/\/rioonwatch.org\/index.php?rest_route=%2Fwp%2Fv2%2Fwriter&post=66501"},{"taxonomy":"translator","embeddable":true,"href":"https:\/\/rioonwatch.org\/index.php?rest_route=%2Fwp%2Fv2%2Ftranslator&post=66501"},{"taxonomy":"illustrator","embeddable":true,"href":"https:\/\/rioonwatch.org\/index.php?rest_route=%2Fwp%2Fv2%2Fillustrator&post=66501"},{"taxonomy":"photographer","embeddable":true,"href":"https:\/\/rioonwatch.org\/index.php?rest_route=%2Fwp%2Fv2%2Fphotographer&post=66501"}],"curies":[{"name":"wp","href":"https:\/\/api.w.org\/{rel}","templated":true}]}}