{"id":66705,"date":"2021-09-05T17:42:54","date_gmt":"2021-09-05T20:42:54","guid":{"rendered":"https:\/\/rioonwatch.org\/?p=66705"},"modified":"2021-10-21T09:36:12","modified_gmt":"2021-10-21T12:36:12","slug":"f-clt-national-seminar-part-2-worldwide-experiences-potentialities-and-challenges","status":"publish","type":"post","link":"https:\/\/rioonwatch.org\/?p=66705","title":{"rendered":"Favela CLT National Seminar, Part 2: International Examples, Potentialities and Challenges"},"content":{"rendered":"<p style=\"text-align: right;\"><a href=\"https:\/\/bit.ly\/ROWSeminario2\" target=\"_blank\" rel=\"noopener\"><em>Clique aqui para Portugu\u00eas<img decoding=\"async\" class=\"alignright size-full wp-image-23766\" src=\"https:\/\/www.rioonwatch.org\/wp-content\/uploads\/2012\/08\/PT-e1439583827971.png\" width=\"20\" height=\"20\" \/><\/em><\/a><\/p>\n<p><em>This is the <a href=\"https:\/\/bit.ly\/2WFOf8Y\" target=\"_blank\" rel=\"noopener\">second of two articles<\/a> covering the <a href=\"https:\/\/bit.ly\/3hk4nVr\">Favela Community Land Trust National Seminar<\/a>. Read the <a href=\"https:\/\/bit.ly\/2WFOf8Y\" target=\"_blank\" rel=\"noopener\">first part here<\/a>.<\/em><\/p>\n<p>Continuing the <a href=\"http:\/\/bit.ly\/VideoTTC\" target=\"_blank\" rel=\"noopener\">Favela Community Land Trust<\/a> (CLT)* National Seminar, facilitated by Catalytic Communities (CatComm), the online sessions on the second and third days\u2014June 23 and 24\u2014<a href=\"http:\/\/bit.ly\/2RSOHIX\" target=\"_blank\" rel=\"noopener\">addressed the historical context of the CLT&#8217;s creation<\/a> as a modality of collective property and guarantee of permanence of vulnerable communities. Starting with an analysis of <a href=\"http:\/\/bit.ly\/CLTMovementROW\" target=\"_blank\" rel=\"noopener\">international experiences of Community Land Trusts<\/a>, the typical structures of all CLT were described so that participants could then discuss their potentialities, challenges, and <a href=\"http:\/\/bit.ly\/1O5y8Tn\" target=\"_blank\" rel=\"noopener\">applicability to Brazilian favelas<\/a>.<\/p>\n<p><a href=\"https:\/\/rioonwatch.org\/wp-content\/uploads\/2021\/07\/seminar2.png\"><img fetchpriority=\"high\" decoding=\"async\" class=\"aligncenter wp-image-66708\" title=\"Favela CLT National Seminar. Zoom screenshot of the participants on the second day.\" src=\"https:\/\/rioonwatch.org\/wp-content\/uploads\/2021\/07\/seminar2.png\" alt=\"\" width=\"600\" height=\"340\" srcset=\"https:\/\/rioonwatch.org\/wp-content\/uploads\/2021\/07\/seminar2.png 1509w, https:\/\/rioonwatch.org\/wp-content\/uploads\/2021\/07\/seminar2-300x170.png 300w, https:\/\/rioonwatch.org\/wp-content\/uploads\/2021\/07\/seminar2-1024x580.png 1024w, https:\/\/rioonwatch.org\/wp-content\/uploads\/2021\/07\/seminar2-768x435.png 768w, https:\/\/rioonwatch.org\/wp-content\/uploads\/2021\/07\/seminar2-174x98.png 174w\" sizes=\"(max-width: 600px) 100vw, 600px\" \/><\/a><\/p>\n<p>These discussions were realized by CatComm executive director Theresa Williamson, Favela CLT coordinator Tarcyla Fidalgo, and four community leaders from Rio de Janeiro: Paulo Roberto da Silva Machado and Ailton Lopes, representatives of the Residents&#8217; Association of the <a href=\"http:\/\/bit.ly\/2NwNAjy\" target=\"_blank\" rel=\"noopener\">Trapicheiros<\/a> community, in <a href=\"http:\/\/bit.ly\/30mMPwy\" target=\"_blank\" rel=\"noopener\">Tijuca<\/a>; Neide Mattos, from <a href=\"http:\/\/bit.ly\/29cQPb9\" target=\"_blank\" rel=\"noopener\">Conjunto Esperan\u00e7a<\/a>, in <a href=\"http:\/\/bit.ly\/1y7Trii\" target=\"_blank\" rel=\"noopener\">Col\u00f4nia Juliano Moreira<\/a>, <a href=\"http:\/\/bit.ly\/2X7z4jf\" target=\"_blank\" rel=\"noopener\">Jacarepagu\u00e1<\/a>; and <a href=\"http:\/\/bit.ly\/30ngpTk\" target=\"_blank\" rel=\"noopener\">Maria da Penha Macena<\/a>, resident of <a href=\"http:\/\/bit.ly\/2IpNNB7\" target=\"_blank\" rel=\"noopener\">Vila Aut\u00f3dromo<\/a> and leader of the <a href=\"https:\/\/bit.ly\/3zOe6dC\" target=\"_blank\" rel=\"noopener\">Evictions Museum<\/a>, near <a href=\"http:\/\/bit.ly\/1d22dQ2\" target=\"_blank\" rel=\"noopener\">Barra da Tijuca<\/a>. In addition, representatives of CLTs from the Puerto Rico and United States participated by means of videos sent especially for the seminar.<\/p>\n<h3>Examples of CLTs Around the World<\/h3>\n<p style=\"text-align: left;\"><a href=\"https:\/\/rioonwatch.org\/wp-content\/uploads\/2021\/07\/TTC-New-Communities.-Foto-por-Dawn-Makarios-1.jpg\"><img decoding=\"async\" class=\"alignright wp-image-66740 size-medium\" title=\"New Communities CLT. Photo: Dawn Makarios. \" src=\"https:\/\/rioonwatch.org\/wp-content\/uploads\/2021\/07\/TTC-New-Communities.-Foto-por-Dawn-Makarios-1-300x223.jpg\" alt=\"\" width=\"300\" height=\"223\" srcset=\"https:\/\/rioonwatch.org\/wp-content\/uploads\/2021\/07\/TTC-New-Communities.-Foto-por-Dawn-Makarios-1-300x223.jpg 300w, https:\/\/rioonwatch.org\/wp-content\/uploads\/2021\/07\/TTC-New-Communities.-Foto-por-Dawn-Makarios-1-70x53.jpg 70w, https:\/\/rioonwatch.org\/wp-content\/uploads\/2021\/07\/TTC-New-Communities.-Foto-por-Dawn-Makarios-1.jpg 560w\" sizes=\"(max-width: 300px) 100vw, 300px\" \/><\/a>Starting her presentation, <a href=\"https:\/\/bit.ly\/SemTTCExpInt\" target=\"_blank\" rel=\"noopener\">Williamson described<\/a> how the first <a href=\"https:\/\/bit.ly\/3kZYpK0\" target=\"_blank\" rel=\"noopener\">CLT emerged over 50 years ago<\/a> from the mobilizations of the <a href=\"https:\/\/bit.ly\/375KMT7\" target=\"_blank\" rel=\"noopener\">African-American civil rights movement<\/a> in a historical context of struggle for housing and land in the <a href=\"https:\/\/bit.ly\/2yVcmVx\" target=\"_blank\" rel=\"noopener\">United States<\/a>. This <a href=\"http:\/\/bit.ly\/2KUPxBg\" target=\"_blank\" rel=\"noopener\">first CLT<\/a> was called <a href=\"http:\/\/bit.ly\/2Dcsv7m\" target=\"_blank\" rel=\"noopener\">New Communities<\/a> and is located in Albany, Georgia. Being a <a href=\"https:\/\/bit.ly\/3hp57ri\" target=\"_blank\" rel=\"noopener\">rural CLT<\/a>, it was founded by the community that collectively acquired 3000 acres of farmland and 2000 acres of woodland. At the time, it was the largest plot of land owned by African Americans in the United States.<\/p>\n<p><a href=\"https:\/\/rioonwatch.org\/wp-content\/uploads\/2021\/07\/Dudley-Street-Neighborhood-Initiative-enfrentou-desafios-mas-ainda-e-um-exemplo-para-o-mundo-em-direito-a-moradia-ao-lazer-a-cultura-e-a-alimentacao.-Foto-do-site-do-TTC-Dudley-Street..jpg\"><img loading=\"lazy\" decoding=\"async\" class=\"alignright wp-image-66741 size-medium\" title=\"The Dudley Street Neighborhood Initiative has faced struggles, but is still an example to the world on housing, recreation, culture and food. Photo: Dudley Street Neighborhood Initiative website.\" src=\"https:\/\/rioonwatch.org\/wp-content\/uploads\/2021\/07\/Dudley-Street-Neighborhood-Initiative-enfrentou-desafios-mas-ainda-e-um-exemplo-para-o-mundo-em-direito-a-moradia-ao-lazer-a-cultura-e-a-alimentacao.-Foto-do-site-do-TTC-Dudley-Street.-300x169.jpg\" alt=\"\" width=\"300\" height=\"169\" srcset=\"https:\/\/rioonwatch.org\/wp-content\/uploads\/2021\/07\/Dudley-Street-Neighborhood-Initiative-enfrentou-desafios-mas-ainda-e-um-exemplo-para-o-mundo-em-direito-a-moradia-ao-lazer-a-cultura-e-a-alimentacao.-Foto-do-site-do-TTC-Dudley-Street.-300x169.jpg 300w, https:\/\/rioonwatch.org\/wp-content\/uploads\/2021\/07\/Dudley-Street-Neighborhood-Initiative-enfrentou-desafios-mas-ainda-e-um-exemplo-para-o-mundo-em-direito-a-moradia-ao-lazer-a-cultura-e-a-alimentacao.-Foto-do-site-do-TTC-Dudley-Street.-1024x575.jpg 1024w, https:\/\/rioonwatch.org\/wp-content\/uploads\/2021\/07\/Dudley-Street-Neighborhood-Initiative-enfrentou-desafios-mas-ainda-e-um-exemplo-para-o-mundo-em-direito-a-moradia-ao-lazer-a-cultura-e-a-alimentacao.-Foto-do-site-do-TTC-Dudley-Street.-768x431.jpg 768w, https:\/\/rioonwatch.org\/wp-content\/uploads\/2021\/07\/Dudley-Street-Neighborhood-Initiative-enfrentou-desafios-mas-ainda-e-um-exemplo-para-o-mundo-em-direito-a-moradia-ao-lazer-a-cultura-e-a-alimentacao.-Foto-do-site-do-TTC-Dudley-Street.-580x326.jpg 580w, https:\/\/rioonwatch.org\/wp-content\/uploads\/2021\/07\/Dudley-Street-Neighborhood-Initiative-enfrentou-desafios-mas-ainda-e-um-exemplo-para-o-mundo-em-direito-a-moradia-ao-lazer-a-cultura-e-a-alimentacao.-Foto-do-site-do-TTC-Dudley-Street.-174x98.jpg 174w, https:\/\/rioonwatch.org\/wp-content\/uploads\/2021\/07\/Dudley-Street-Neighborhood-Initiative-enfrentou-desafios-mas-ainda-e-um-exemplo-para-o-mundo-em-direito-a-moradia-ao-lazer-a-cultura-e-a-alimentacao.-Foto-do-site-do-TTC-Dudley-Street..jpg 1100w\" sizes=\"(max-width: 300px) 100vw, 300px\" \/><\/a>The <a href=\"https:\/\/bit.ly\/DudleyNeighborsInc\" target=\"_blank\" rel=\"noopener\">Dudley Neighbors Initiative<\/a> CLT in <a href=\"https:\/\/bit.ly\/3BQxFmY\" target=\"_blank\" rel=\"noopener\">Boston<\/a>, Massachusetts, is <a href=\"https:\/\/bit.ly\/DudleyTTC\" target=\"_blank\" rel=\"noopener\">another successful example<\/a> from the US described at the Seminar. Founded in 1988 by a diverse community organization, it organizes housing construction and develops projects for the neighborhood. The Dudley Street Neighborhood Initiative initially faced legal barriers and political mistrust, yet thrived and is today an example that shows the potential of CLTs to stimulate community development not only for housing, but for recreation, culture, and food.<\/p>\n<p>CLTs today are a globally recognized affordable housing solution. The <a href=\"https:\/\/bit.ly\/2TQInZp\" target=\"_blank\" rel=\"noopener\">2017 New Urban Agenda<\/a> highlighted CLTs as one of the instruments that should be privileged and encouraged by <a href=\"https:\/\/bit.ly\/3dBEnzX\" target=\"_blank\" rel=\"noopener\">UN<\/a> member states, and CLTs are today widespread in several countries, and present on all continents. <a href=\"http:\/\/bit.ly\/CLTMovementROW\" target=\"_blank\" rel=\"noopener\">There are 280 CLTs<\/a> across the US; in <a href=\"https:\/\/bit.ly\/3nwyxFa\" target=\"_blank\" rel=\"noopener\">Europe<\/a> there are <a href=\"http:\/\/bit.ly\/2AHlwlO\" target=\"_blank\" rel=\"noopener\">300 in the UK<\/a>, eight in <a href=\"http:\/\/bit.ly\/357diSg\" target=\"_blank\" rel=\"noopener\">Belgium<\/a>, 20 in <a href=\"http:\/\/bit.ly\/2IFE5LV\" target=\"_blank\" rel=\"noopener\">France<\/a> and recently one in <a href=\"http:\/\/bit.ly\/2VztyqM\" target=\"_blank\" rel=\"noopener\">Germany<\/a>. In <a href=\"https:\/\/bit.ly\/3dXdvgE\" target=\"_blank\" rel=\"noopener\">Canada<\/a> there are 24, and in <a href=\"https:\/\/bit.ly\/3dXdvgE\" target=\"_blank\" rel=\"noopener\">Australia<\/a>, three. <a href=\"http:\/\/bit.ly\/2vLUhVr\" target=\"_blank\" rel=\"noopener\">In the Global South, we see examples flourishing<\/a> in <a href=\"http:\/\/bit.ly\/2LjM5Wy\" target=\"_blank\" rel=\"noopener\">Puerto Rico<\/a> and <a href=\"http:\/\/bit.ly\/1Xe5d6u\" target=\"_blank\" rel=\"noopener\">Kenya<\/a>, and seeds in <a href=\"https:\/\/bit.ly\/2UuAtFF\" target=\"_blank\" rel=\"noopener\">Bolivia<\/a>\u00a0and <a href=\"https:\/\/bit.ly\/3AHYbhJ\" target=\"_blank\" rel=\"noopener\">Bangladesh<\/a>.<\/p>\n<p>&#8220;Our [Brazilian] case uses <a href=\"https:\/\/bit.ly\/3n5xo7x\" target=\"_blank\" rel=\"noopener\">Puerto Rico<\/a> as a model. In San Juan, eight existing favelas decided to retrofit the CLT model to their circumstances. It is important to highlight that in the US, CLTs have proven the most robust affordable housing solution, ensuring the permanence of residents both in periods of economic recession, which typically generate <a href=\"http:\/\/bit.ly\/1pO06YP\" target=\"_blank\" rel=\"noopener\">evictions<\/a> by foreclosure, and during economic booms, when there is a risk of <a href=\"http:\/\/bit.ly\/1l6Oo5g\" target=\"_blank\" rel=\"noopener\">gentrification<\/a> due to <a href=\"http:\/\/bit.ly\/1k5BsNq\" target=\"_blank\" rel=\"noopener\">real estate speculation<\/a>. For us, here in Rio, during the <a href=\"http:\/\/bit.ly\/2K0Ehr3\" target=\"_blank\" rel=\"noopener\">Olympics<\/a>, we saw simultaneous evictions and gentrification in the favelas,&#8221; said Williamson.<\/p>\n<p>The <a href=\"http:\/\/bit.ly\/2qmibl8\" target=\"_blank\" rel=\"noopener\">Fideicomiso de la Tierra Ca\u00f1o Mart\u00edn Pe\u00f1a<\/a> CLT, in Puerto Rico, comes closest to the Brazilian reality. It was built by residents from the eight communities along the Mart\u00edn Pe\u00f1a Canal in San Juan over the last nearly 20 years, bringing together over 2,000 favela residents who adopted the model of collective management of legalized land.<\/p>\n<p><a href=\"https:\/\/rioonwatch.org\/wp-content\/uploads\/2021\/07\/seminar5.png\"><img loading=\"lazy\" decoding=\"async\" class=\"aligncenter wp-image-66713 size-content\" title=\"Graffiti: &quot;... it is the first time us residents are the creators of our future,&quot; on the wall of one of the eight communities of the Ca\u00f1o Mart\u00edn Pe\u00f1a CLT. \" src=\"https:\/\/rioonwatch.org\/wp-content\/uploads\/2021\/07\/seminar5-620x264.png\" alt=\"\" width=\"620\" height=\"264\" srcset=\"https:\/\/rioonwatch.org\/wp-content\/uploads\/2021\/07\/seminar5-620x264.png 620w, https:\/\/rioonwatch.org\/wp-content\/uploads\/2021\/07\/seminar5-940x400.png 940w\" sizes=\"(max-width: 620px) 100vw, 620px\" \/><\/a><\/p>\n<p><a href=\"http:\/\/bit.ly\/2MWeoYd\" target=\"_blank\" rel=\"noopener\">Surface rights<\/a> were used as a tool to separate the land from the buildings on it, whereby the community collectively owned the land via the CLT, while residents owned their homes. This formula kept the land from being lost to speculative pressures and gentrification, removing it permanently from the market. Meanwhile, other challenges remain for these San Juan favelas: flooding of the canal neighboring the communities of the Ca\u00f1o Mart\u00edn Pe\u00f1a is frequent, and the storms and hurricanes that hit Puerto Rico annually, such as <a href=\"https:\/\/bit.ly\/3hFE5w3\" target=\"_blank\" rel=\"noopener\">Irma<\/a> and <a href=\"https:\/\/bit.ly\/3AAryT5\" target=\"_blank\" rel=\"noopener\">Maria<\/a>, <a href=\"http:\/\/bit.ly\/2Lsery2\" target=\"_blank\" rel=\"noopener\">are devastating to the communities<\/a>. But thanks to their legalization and highly organized and united CLT, and with support networks both internally and with other CLTs across the world, the communities of Ca\u00f1o Mart\u00edn Pe\u00f1a have been <a href=\"http:\/\/bit.ly\/TTCCano\" target=\"_blank\" rel=\"noopener\">more able to deal with these challenges<\/a> than most.<\/p>\n<p>The success of this CLT shows the strength of the model for favelas and other informal settlements around the world, guaranteeing the permanence and security of tenure of residents in the face of economic power while simultaneously ensuring that the residents themselves define their own direction and development. Because they are collective owners of the land, they have greater bargaining power with the city government, being large landowners in the city center. &#8220;[The Mart\u00edn Pe\u00f1a CLT] makes residents owners of their land, and also allows them to have a lot more power with the city administration,&#8221; explained Williamson.<\/p>\n<p><a href=\"https:\/\/rioonwatch.org\/wp-content\/uploads\/2021\/07\/seminar6.jpg\"><img loading=\"lazy\" decoding=\"async\" class=\"aligncenter wp-image-66714\" title=\"Experiences of CLTs in the Global South\" src=\"https:\/\/rioonwatch.org\/wp-content\/uploads\/2021\/07\/seminar6.jpg\" alt=\"\" width=\"600\" height=\"338\" srcset=\"https:\/\/rioonwatch.org\/wp-content\/uploads\/2021\/07\/seminar6.jpg 960w, https:\/\/rioonwatch.org\/wp-content\/uploads\/2021\/07\/seminar6-300x169.jpg 300w, https:\/\/rioonwatch.org\/wp-content\/uploads\/2021\/07\/seminar6-768x432.jpg 768w, https:\/\/rioonwatch.org\/wp-content\/uploads\/2021\/07\/seminar6-580x326.jpg 580w, https:\/\/rioonwatch.org\/wp-content\/uploads\/2021\/07\/seminar6-174x98.jpg 174w\" sizes=\"(max-width: 600px) 100vw, 600px\" \/><\/a><\/p>\n<p>Moving on to Africa, Fidalgo <a href=\"https:\/\/bit.ly\/SemTTCCasos\" target=\"_blank\" rel=\"noopener\">presented<\/a> the <a href=\"http:\/\/bit.ly\/VideoTanzaniaBodeni\" target=\"_blank\" rel=\"noopener\">Tanzania-Bondeni<\/a> CLT in Kenya. Originally informal, this is a settlement where approximately 3000 people have lived for over 30 years in extreme poverty and with lack of access to basic resources such as health, water, and electricity. When it was set up, the CLT experienced challenges such as legislative hurdles and internal issues like rules being broken, problems with representation, and mistrust.<\/p>\n<p>&#8220;The Kenyan experience shows us that setting up a CLT is not enough; a mature community movement and effective collective management mechanisms are needed. But despite this, the CLT played an important role in extending public services and protecting against evictions,&#8221; said Fidalgo.<\/p>\n<p><a href=\"https:\/\/rioonwatch.org\/wp-content\/uploads\/2021\/07\/seminar7.jpeg\"><img loading=\"lazy\" decoding=\"async\" class=\"aligncenter wp-image-66715 size-content\" title=\"Tanzania-Bondeni CLT in Kenya.\" src=\"https:\/\/rioonwatch.org\/wp-content\/uploads\/2021\/07\/seminar7-620x264.jpeg\" alt=\"\" width=\"620\" height=\"264\" srcset=\"https:\/\/rioonwatch.org\/wp-content\/uploads\/2021\/07\/seminar7-620x264.jpeg 620w, https:\/\/rioonwatch.org\/wp-content\/uploads\/2021\/07\/seminar7-940x400.jpeg 940w\" sizes=\"(max-width: 620px) 100vw, 620px\" \/><\/a><\/p>\n<p>Among the CLTs in Europe, the <a href=\"http:\/\/bit.ly\/357diSg\" target=\"_blank\" rel=\"noopener\">Brussels CLT<\/a> (CLTB), in Belgium, was described. Having emerged during <a href=\"https:\/\/bit.ly\/2WTDakP\" target=\"_blank\" rel=\"noopener\">the Brussels housing crisis of the 2000s<\/a>, it was only formalized in 2012, and received the support of public authorities for its creation\u2014especially in the form of loans for land acquisition and technical advice.<\/p>\n<p>One of the main challenges faced by this CLT is that it remains dependent on public investment for the maintenance of the properties. With ample financial support from the Sustainable Housing for Inclusive and Cohesive Cities (<a href=\"http:\/\/bit.ly\/2pGS79b\" target=\"_blank\" rel=\"noopener\">SHICC<\/a>) fund, as well as from the Brussels City Council\u2014which has committed to funding <a href=\"https:\/\/bit.ly\/3has5DI\" target=\"_blank\" rel=\"noopener\">CLTB<\/a> operations, subsidizing investments for land acquisition and construction\u2014the Brussels CLT has been maintained and expanded. The European Union has also committed to funding specific CLTB projects, such as the Caring and Living in Communities (<a href=\"http:\/\/bit.ly\/356koGk\" target=\"_blank\" rel=\"noopener\">CALICO<\/a>) project, which plans to build 34 housing units with a \u20ac5 million (US$ 5.9 million) subsidy.<\/p>\n<p>Because of this need for public funding, CLTB is vulnerable to political changes, besides running the risk of bureaucratization and government interference. Regardless, the Brussels CLT marked the introduction of the model in continental Europe, allowing several other initiatives to emerge since.<\/p>\n<p><a href=\"https:\/\/rioonwatch.org\/wp-content\/uploads\/2021\/07\/seminar8.jpeg\"><img loading=\"lazy\" decoding=\"async\" class=\"aligncenter wp-image-66716 size-content\" title=\"Verheyden\/Le Nid, &quot;The Nest,&quot; a project for living units of 7 apartments in Brussels, including common areas, accessibility for disabled people, gardens, and desks for non profits. Photo: Brussels CLT webpage. \" src=\"https:\/\/rioonwatch.org\/wp-content\/uploads\/2021\/07\/seminar8-620x264.jpeg\" alt=\"\" width=\"620\" height=\"264\" \/><\/a><\/p>\n<p>Another highlight from the Seminar&#8217;s evenings were the <a href=\"https:\/\/bit.ly\/ApoioTTCBrasilYT\" target=\"_blank\" rel=\"noopener\">messages sent from partners from international CLT experiences<\/a>. <a href=\"http:\/\/bit.ly\/2SsrsK9\" target=\"_blank\" rel=\"noopener\">John Emmeus Davis<\/a>, who has been a Community Land Trust activist for 40 years, said by video: &#8220;I am impressed by your work in Brazil, I congratulate you and hope you will follow through and make it happen!&#8221; Other big names, like Mario Nu\u00f1es from Puerto Rico and Tom Angotti from New York, <a href=\"https:\/\/bit.ly\/ApoioTTCBrasilYT\" target=\"_blank\" rel=\"noopener\">also left testimonials<\/a> and words of support.<\/p>\n<h3>Community Land Trust Structure<\/h3>\n<p>After the international CLT examples, Fidalgo <a href=\"https:\/\/bit.ly\/SemTTCEstruturaTTC\" target=\"_blank\" rel=\"noopener\">explained the structure<\/a> of the Community Land Trust model to participants interested in how it would work in practice. She explained that each CLT is unique, as it takes into account the needs of each location and its residents. &#8220;We are proposing a Community Land Trust model that is adapted to the specificities of Brazil, especially in the legal respect. Our model intends to guarantee security of tenure for vulnerable populations on a long-term basis. In short, the CLT is a model of organization and collective management of the territory that combines individual freedom with the strength of collectivity.&#8221; The goal of any CLT is to remove land from speculative pressures and strengthen community organizing efforts, ensuring affordable housing and the permanence of communities on their land, along with community-controlled development.<\/p>\n<p>Regarding the structure of the CLT, the first point would be the establishment of a legal entity. Created by organizing residents and managed by them, this entity will be the formal owner of the land. The second point is the separation of land from the houses on it, with the land being owned by the legal entity created and managed by the residents, and the houses owned by their respective residents, using <a href=\"http:\/\/bit.ly\/2PwDI84\" target=\"_blank\" rel=\"noopener\">surface rights<\/a> as the legal instrument to make this reality, already available within the Brazilian legal code.<\/p>\n<p>The last point of this structure is, in fact, the implementation of the CLT. &#8220;The ideal situation is that the CLT is created along with a land regularization process. Internal rules should be defined by residents, registered in a land registry office, while community planning also takes place, inverting the top-down logic typical of public authorities&#8230; When comparing a traditional purchase and the Community Land Trust, we have the buyer being the owner of the house and of the land beneath it in the first one case, while in the CLT, the CLT owns the land and the house belongs to its resident,&#8221; said Fidalgo. She concluded, &#8220;from what we have studied, the potential of CLTs for favelas is huge.&#8221;<\/p>\n<figure id=\"attachment_66736\" aria-describedby=\"caption-attachment-66736\" style=\"width: 600px\" class=\"wp-caption aligncenter\"><a href=\"https:\/\/rioonwatch.org\/wp-content\/uploads\/2021\/07\/seminar9.jpeg\"><img loading=\"lazy\" decoding=\"async\" class=\"wp-image-66736\" title=\"Main differences between a traditional purchase and a CLT.\" src=\"https:\/\/rioonwatch.org\/wp-content\/uploads\/2021\/07\/seminar9.jpeg\" alt=\"\" width=\"600\" height=\"338\" srcset=\"https:\/\/rioonwatch.org\/wp-content\/uploads\/2021\/07\/seminar9.jpeg 960w, https:\/\/rioonwatch.org\/wp-content\/uploads\/2021\/07\/seminar9-300x169.jpeg 300w, https:\/\/rioonwatch.org\/wp-content\/uploads\/2021\/07\/seminar9-768x432.jpeg 768w, https:\/\/rioonwatch.org\/wp-content\/uploads\/2021\/07\/seminar9-580x326.jpeg 580w, https:\/\/rioonwatch.org\/wp-content\/uploads\/2021\/07\/seminar9-174x98.jpeg 174w\" sizes=\"(max-width: 600px) 100vw, 600px\" \/><\/a><figcaption id=\"caption-attachment-66736\" class=\"wp-caption-text\">Traditional purchases: The buyer comes to own the house and the land beneath it. CLTs: separate the land from the buildings on it, then the CLT owns the land and the house is owned by the resident.<\/figcaption><\/figure>\n<h3>Challenges to Implementing CLTs in Brazil<\/h3>\n<p>One of the main challenges to the implementation of CLTs is the issue of individualism, which makes people think of real estate solely as individual private property. This stops them from having the sensitivity to realize the power of collective mobilization in ensuring many favela residents&#8217; primary goal with land regularization: their permanence on that land. Fidalgo stressed that it is indeed a challenge, but that in the experience of the F-CLT Project in Rio, there are already good results in the sense of overcoming this individualistic logic. Disseminating the model to residents was also highlighted as a challenge due to its complexity. Fidalgo said, however, that &#8220;this is no reason to set it aside for a simpler solution. We have to look for the best solution for the communities.\u201d<\/p>\n<p><a href=\"https:\/\/rioonwatch.org\/wp-content\/uploads\/2021\/07\/seminar10.png\"><img loading=\"lazy\" decoding=\"async\" class=\"aligncenter wp-image-66737\" title=\"Challenges that the participants brought up during zoom sessions. Zoom screenshot. \" src=\"https:\/\/rioonwatch.org\/wp-content\/uploads\/2021\/07\/seminar10.png\" alt=\"\" width=\"600\" height=\"320\" srcset=\"https:\/\/rioonwatch.org\/wp-content\/uploads\/2021\/07\/seminar10.png 1110w, https:\/\/rioonwatch.org\/wp-content\/uploads\/2021\/07\/seminar10-300x160.png 300w, https:\/\/rioonwatch.org\/wp-content\/uploads\/2021\/07\/seminar10-1024x546.png 1024w, https:\/\/rioonwatch.org\/wp-content\/uploads\/2021\/07\/seminar10-768x410.png 768w\" sizes=\"(max-width: 600px) 100vw, 600px\" \/><\/a><\/p>\n<p>There was mention of misgivings for the model being international, and not Brazilian, to which Fidalgo replied: &#8220;It is important to say that the CLT is present in many countries, everywhere in the world. It is not an American or an English solution, it is an international solution, which is coming here as well. The CLT is a collective management model that has been successful for decades, in many places around the world.\u201d Besides, the CLT was developed by activists in the civil rights movement, <a href=\"http:\/\/bit.ly\/HistoriaTTCYT\" target=\"_blank\" rel=\"noopener\">based on numerous international experiences<\/a> previously studied by its founders.<\/p>\n<p>The difficulty in mobilizing participants in recent years, especially since the pandemic began, was also highlighted. &#8220;It is difficult to keep the attention of residents, when they already have so much to worry about. But I repeat, this is only a moment, things will get better,&#8221; Fidalgo told the audience. As well as difficult community mobilization, there is the delay of the regularization processes, although &#8220;the CLT also helps with this because it helps pressure public authorities. Therefore, mobilization [by the CLT] and regularization should happen simultaneously, so that the two meet further down the line and the community has already been strengthened,&#8221; explained Fidalgo.<\/p>\n<p>Some participants expressed concern that the armed groups that dominate some territories in Rio will not respect CLTs in favelas and their collective land management. Regarding the possibility of conflicts with militias and drug trafficking, Fidalgo said that &#8220;there is no easy answer, but I strongly believe that community empowerment tends to drive these groups away.&#8221;<\/p>\n<p>Turning to the potentialities, many were mentioned: popular participation, the mitigation of gentrification, the guarantee of ownership, being a collective enterprise, the full development of a self-led community, innovation materializing constitutional rights, the construction of networks between CLTs, the possibility of support groups, the facilitation of a dialogue with government, the creation of a collective identity, the versatility of the model, the protagonism of residents, among others.<\/p>\n<h3>Rio Favela Organizers Interested in the Model<\/h3>\n<p>Residents of favelas and territories that are interested in establishing CLTs spoke about their struggles and experiences. Ailton Lopes, from the Trapicheiros community in Tijuca, began by saying how exciting it was to get to know the CLT when he had his first contact with it in 2018. &#8220;Since 2010, <a href=\"http:\/\/bit.ly\/2StQk51\" target=\"_blank\" rel=\"noopener\">our community has been suffering threats of eviction<\/a>, and the CLT is a perfect fit with our case. We did many workshops with the community to show what the CLT is all about. In my understanding, the CLT is a way to protect the community from forced evictions. It&#8217;s sensational.&#8221;<\/p>\n<p><a href=\"https:\/\/rioonwatch.org\/wp-content\/uploads\/2021\/07\/seminar11.jpg\"><img loading=\"lazy\" decoding=\"async\" class=\"aligncenter wp-image-66743 size-content\" title=\"On the left, a house in the community; on the right, an apartment building. \" src=\"https:\/\/rioonwatch.org\/wp-content\/uploads\/2021\/07\/seminar11-620x264.jpg\" alt=\"\" width=\"620\" height=\"264\" srcset=\"https:\/\/rioonwatch.org\/wp-content\/uploads\/2021\/07\/seminar11-620x264.jpg 620w, https:\/\/rioonwatch.org\/wp-content\/uploads\/2021\/07\/seminar11-940x400.jpg 940w\" sizes=\"(max-width: 620px) 100vw, 620px\" \/><\/a><\/p>\n<p>Paulo Roberto da Silva Machado, president of the <a href=\"https:\/\/bit.ly\/2YfGXGQ\" target=\"_blank\" rel=\"noopener\">century-old community of Trapicheiros<\/a>, in the <a href=\"http:\/\/bit.ly\/2IgR5qe\" target=\"_blank\" rel=\"noopener\">North Zone<\/a>, continued by telling of his experience visiting the CLT in Puerto Rico: &#8220;I was able to visit the Ca\u00f1o Mart\u00edn Pe\u00f1a CLT. It&#8217;s a community with an incredible history. The harmony with which they work is beautiful to see. I believe that we will see this here in Brazil in the near future. The fight won&#8217;t stop, we can&#8217;t give up.&#8221;<\/p>\n<p><a href=\"https:\/\/rioonwatch.org\/wp-content\/uploads\/2021\/07\/seminar12.png\"><img loading=\"lazy\" decoding=\"async\" class=\"alignright wp-image-66744 size-medium\" title=\"Conjunto Esperan\u00e7a, in Col\u00f4nia Juliano Moreira, Jacarepagu\u00e1, in the West Zone of Rio de Janeiro. Photo: Neide Mattos. \" src=\"https:\/\/rioonwatch.org\/wp-content\/uploads\/2021\/07\/seminar12-300x164.png\" alt=\"\" width=\"300\" height=\"164\" srcset=\"https:\/\/rioonwatch.org\/wp-content\/uploads\/2021\/07\/seminar12-300x164.png 300w, https:\/\/rioonwatch.org\/wp-content\/uploads\/2021\/07\/seminar12-768x419.png 768w, https:\/\/rioonwatch.org\/wp-content\/uploads\/2021\/07\/seminar12.png 791w\" sizes=\"(max-width: 300px) 100vw, 300px\" \/><\/a>Next, Neide Mattos talked about her experience in Conjunto Esperan\u00e7a, in the <a href=\"http:\/\/bit.ly\/2KVA7k7\" target=\"_blank\" rel=\"noopener\">West Zone<\/a>, where residents have been fighting for years to remain on their land, after building the community collectively through the Minha Casa Minha Vida-Entidades community-build public housing program. &#8220;We have been claiming our community&#8217;s land for ten years&#8230; we still have a lot of organizing to do. The CLT has a lot to contribute. We already have the structure, but we still need to formalize it. It is a pleasure to be speaking to all of Brazil. I hope that you can organize yourselves all over the country. People need housing.&#8221;<\/p>\n<p><a href=\"https:\/\/rioonwatch.org\/wp-content\/uploads\/2021\/07\/seminar13.jpg\"><img loading=\"lazy\" decoding=\"async\" class=\"aligncenter wp-image-66746 size-content\" title=\"\u201cIf we had had the CLT, our community would not have been evicted,&quot; says Maria da Penha. Entrance to Vila Aut\u00f3dromo, next to the Olympic Village. Photo: Vila Aut\u00f3dromo's Facebook page.\" src=\"https:\/\/rioonwatch.org\/wp-content\/uploads\/2021\/07\/seminar13-620x264.jpg\" alt=\"\" width=\"620\" height=\"264\" srcset=\"https:\/\/rioonwatch.org\/wp-content\/uploads\/2021\/07\/seminar13-620x264.jpg 620w, https:\/\/rioonwatch.org\/wp-content\/uploads\/2021\/07\/seminar13-300x128.jpg 300w, https:\/\/rioonwatch.org\/wp-content\/uploads\/2021\/07\/seminar13-768x327.jpg 768w, https:\/\/rioonwatch.org\/wp-content\/uploads\/2021\/07\/seminar13.jpg 940w\" sizes=\"(max-width: 620px) 100vw, 620px\" \/><\/a><\/p>\n<p>With a moving testimony that inspired those present, Maria da Penha Macena told the story of <a href=\"http:\/\/bit.ly\/1rtuaxu\" target=\"_blank\" rel=\"noopener\">the residents of Vila Aut\u00f3dromo&#8217;s fight to stay<\/a> on their land during Rio&#8217;s pre-Olympic evictions, as well as her experience visiting the <a href=\"https:\/\/bit.ly\/3xzG2Re\" target=\"_blank\" rel=\"noopener\">Cooper Square CLT<\/a> in New York. &#8220;I had the opportunity to visit a CLT in New York and it was great to see another country&#8217;s experience. I just want to repeat how important the CLT is for our country, to secure our land. We have always been threatened with eviction. In Vila Aut\u00f3dromo, and with the mega-events, for the 2016 Olympics, <a href=\"http:\/\/bit.ly\/2QqCkX3\" target=\"_blank\" rel=\"noopener\">we ended up having almost the entire community evicted<\/a>. We are currently only 20 families. If we had the CLT [at the time], our community wouldn&#8217;t have been evicted.&#8221;<\/p>\n<h3>For more information or to become part of the F-CLT Project, visit the <a href=\"https:\/\/bit.ly\/3iodBAN\" target=\"_blank\" rel=\"noopener\">website here<\/a>.<\/h3>\n<p><em>This is the <a href=\"https:\/\/bit.ly\/2WFOf8Y\" target=\"_blank\" rel=\"noopener\">second of two articles<\/a> covering the <a href=\"https:\/\/bit.ly\/3hk4nVr\">Favela Community Land Trust National Seminar<\/a>. Read the <a href=\"https:\/\/bit.ly\/2WFOf8Y\" target=\"_blank\" rel=\"noopener\">first part here<\/a>.<\/em><\/p>\n<h3>Watch the Second Day of the F-CLT National Seminar <a href=\"https:\/\/bit.ly\/TTCSemDia2\" target=\"_blank\" rel=\"noopener\">Here<\/a>:<\/h3>\n<p><iframe title=\"23 de junho de 2021: 2o Dia do Semin\u00e1rio Nacional do Termo Territorial Coletivo\" width=\"500\" height=\"281\" src=\"https:\/\/www.youtube.com\/embed\/abvA6bG9v64?feature=oembed\" frameborder=\"0\" allow=\"accelerometer; autoplay; clipboard-write; encrypted-media; gyroscope; picture-in-picture; web-share\" referrerpolicy=\"strict-origin-when-cross-origin\" allowfullscreen><\/iframe><\/p>\n<h3>Watch the Third Day of the F-CLT National Seminar <a href=\"https:\/\/bit.ly\/TTCSemDia3\" target=\"_blank\" rel=\"noopener\">Here<\/a>:<\/h3>\n<p><iframe title=\"24 de junho de 2021: 3o Dia do Semin\u00e1rio Nacional do Termo Territorial Coletivo\" width=\"500\" height=\"375\" src=\"https:\/\/www.youtube.com\/embed\/8j5NNMCKlAc?feature=oembed\" frameborder=\"0\" allow=\"accelerometer; autoplay; clipboard-write; encrypted-media; gyroscope; picture-in-picture; web-share\" referrerpolicy=\"strict-origin-when-cross-origin\" allowfullscreen><\/iframe><\/p>\n<p>*<em>Both RioOnWatch and the Favela Community Land Trust (F-CLT) are initiatives of the NGO <a href=\"http:\/\/bit.ly\/2KEWrin\" target=\"_blank\" rel=\"noopener noreferrer\">Catalytic Communities<\/a>\u00a0(CatComm).<\/em><\/p>\n<hr \/>\n<h4>Support\u00a0RioOnWatch\u2019s tireless, critical and cutting-edge hyperlocal journalism, online community organizing meetings, and direct support to favelas\u00a0<a href=\"http:\/\/bit.ly\/FavelaCovidResponse\" target=\"_blank\" rel=\"noopener\">by clicking here<\/a>.<\/h4>\n","protected":false},"excerpt":{"rendered":"<div class=\"mh-excerpt\"><p>Clique aqui para Portugu\u00eas This is the second of two articles covering the Favela Community Land Trust National Seminar. Read the first part here. Continuing the Favela Community Land Trust (CLT)* National Seminar, facilitated by <a class=\"mh-excerpt-more\" href=\"https:\/\/rioonwatch.org\/?p=66705\" title=\"Favela CLT National Seminar, Part 2: International Examples, Potentialities and Challenges\">[&#8230;]<\/a><\/p>\n<\/div>","protected":false},"author":224,"featured_media":66706,"comment_status":"closed","ping_status":"closed","sticky":false,"template":"","format":"standard","meta":{"_monsterinsights_skip_tracking":false,"_monsterinsights_sitenote_active":false,"_monsterinsights_sitenote_note":"","_monsterinsights_sitenote_category":0,"footnotes":""},"categories":[1293,1267,1288,1290,1333,335,329,1739,1329],"tags":[310,2928,225,2353,2823,2734,609,435,3020,2622,2670,65,2474,3412,26,25,878,569,2354,1033,936,1342,37,979,273,2407,10,1008,1403,1350,2907,1353,1801,4,21],"writer":[3354,3171],"translator":[],"illustrator":[],"photographer":[],"class_list":{"0":"post-66705","1":"post","2":"type-post","3":"status-publish","4":"format-standard","5":"has-post-thumbnail","7":"category-evictionswatch","8":"category-gentrificationwatch","9":"category-highlight","10":"category-civilsociety","11":"category-event-reports","12":"category-policies","13":"category-solutions","14":"category-video","15":"category-by-international-observers","16":"tag-africa","17":"tag-australia","18":"tag-barra-da-tijuca","19":"tag-bolivia","20":"tag-cano-martin-pena","21":"tag-collective-titling","22":"tag-colonia-juliano-moreira","23":"tag-community-land-trust","24":"tag-europe","25":"tag-event","26":"tag-france","27":"tag-gentrification","28":"tag-germany","29":"tag-conjunto-esperanca","30":"tag-housing-rights","31":"tag-human-rights","32":"tag-international-comparison","33":"tag-jacarepagua","34":"tag-kenya","35":"tag-land-rights","36":"tag-land-titling","37":"tag-latin-america","38":"tag-north-zone","39":"tag-oab","40":"tag-property-rights","41":"tag-puerto-rico","42":"tag-real-estate-speculation","43":"tag-right-to-the-city","44":"tag-solution","45":"tag-tijuca","46":"tag-trapicheiros","47":"tag-usa","48":"tag-video","49":"tag-vila-autodromo","50":"tag-west-zone","51":"writer-gabriela-buffon-vargas","52":"writer-julio-santos-filho"},"_links":{"self":[{"href":"https:\/\/rioonwatch.org\/index.php?rest_route=\/wp\/v2\/posts\/66705","targetHints":{"allow":["GET"]}}],"collection":[{"href":"https:\/\/rioonwatch.org\/index.php?rest_route=\/wp\/v2\/posts"}],"about":[{"href":"https:\/\/rioonwatch.org\/index.php?rest_route=\/wp\/v2\/types\/post"}],"author":[{"embeddable":true,"href":"https:\/\/rioonwatch.org\/index.php?rest_route=\/wp\/v2\/users\/224"}],"replies":[{"embeddable":true,"href":"https:\/\/rioonwatch.org\/index.php?rest_route=%2Fwp%2Fv2%2Fcomments&post=66705"}],"version-history":[{"count":0,"href":"https:\/\/rioonwatch.org\/index.php?rest_route=\/wp\/v2\/posts\/66705\/revisions"}],"wp:featuredmedia":[{"embeddable":true,"href":"https:\/\/rioonwatch.org\/index.php?rest_route=\/wp\/v2\/media\/66706"}],"wp:attachment":[{"href":"https:\/\/rioonwatch.org\/index.php?rest_route=%2Fwp%2Fv2%2Fmedia&parent=66705"}],"wp:term":[{"taxonomy":"category","embeddable":true,"href":"https:\/\/rioonwatch.org\/index.php?rest_route=%2Fwp%2Fv2%2Fcategories&post=66705"},{"taxonomy":"post_tag","embeddable":true,"href":"https:\/\/rioonwatch.org\/index.php?rest_route=%2Fwp%2Fv2%2Ftags&post=66705"},{"taxonomy":"writer","embeddable":true,"href":"https:\/\/rioonwatch.org\/index.php?rest_route=%2Fwp%2Fv2%2Fwriter&post=66705"},{"taxonomy":"translator","embeddable":true,"href":"https:\/\/rioonwatch.org\/index.php?rest_route=%2Fwp%2Fv2%2Ftranslator&post=66705"},{"taxonomy":"illustrator","embeddable":true,"href":"https:\/\/rioonwatch.org\/index.php?rest_route=%2Fwp%2Fv2%2Fillustrator&post=66705"},{"taxonomy":"photographer","embeddable":true,"href":"https:\/\/rioonwatch.org\/index.php?rest_route=%2Fwp%2Fv2%2Fphotographer&post=66705"}],"curies":[{"name":"wp","href":"https:\/\/api.w.org\/{rel}","templated":true}]}}