{"id":67085,"date":"2021-08-24T10:36:10","date_gmt":"2021-08-24T13:36:10","guid":{"rendered":"https:\/\/rioonwatch.org\/?p=67085"},"modified":"2021-09-15T08:45:50","modified_gmt":"2021-09-15T11:45:50","slug":"the-victorious-black-presence-of-brazilian-athletes-at-the-tokyo-olympics-voicesfromsocialmedia","status":"publish","type":"post","link":"https:\/\/rioonwatch.org\/?p=67085","title":{"rendered":"The Victorious Presence of Black Brazilian Athletes at the Tokyo Olympics #VoicesFromSocialMedia"},"content":{"rendered":"<p style=\"text-align: right;\"><a href=\"https:\/\/bit.ly\/3fCT4q3\" target=\"_blank\" rel=\"noopener\"><strong><em>Clique aqui para Portugu\u00eas<\/em><\/strong><img decoding=\"async\" width=\"20\" height=\"20\" class=\"alignright wp-image-23766 size-full\" src=\"https:\/\/www.rioonwatch.org\/wp-content\/uploads\/2012\/08\/PT-e1439583827971.png\" \/><\/a><\/p>\n<p><em>This article is part of RioOnWatch\u2019s\u00a0<a href=\"http:\/\/bit.ly\/12mAD0p\" target=\"_blank\" rel=\"noopener noreferrer\">#VoicesFromSocialMedia<\/a>\u00a0seri<\/em><em>es, which compiles perspectives posted on social media by favela residents and activists about eve<\/em><em>nts and societal themes that arise. It is also <i>the latest contribution to our year-long reporting project, \u201c<\/i><a href=\"http:\/\/bit.ly\/AntiracistFavelaIntro\" target=\"_blank\" rel=\"noopener\"><i>Rooting Anti-Racism in the Favelas<\/i><\/a><i>: Deconstructing Social Narratives About Racism in Rio de Janeiro.\u201d Follow our\u00a0<\/i><a href=\"http:\/\/bit.ly\/AntiracistRio\" target=\"_blank\" rel=\"noopener\"><i>Rooting Anti-Racism in the Favelas series here<\/i><\/a><i>.<\/i><\/em><\/p>\n<p>When the name of a black athlete from Brazil enters the <a href=\"https:\/\/n.pr\/2V22nIQ\" target=\"_blank\" rel=\"noopener\">history books of the Olympic Games<\/a>, it is an achievement that was built <a href=\"https:\/\/n.pr\/3zUV05f\" target=\"_blank\" rel=\"noopener\">by overcoming many hurdles<\/a>, by surmounting the many obstacles that lie along the way.<\/p>\n<p>1964 was the first time that <a href=\"http:\/\/bit.ly\/2K3KCjb\" target=\"_blank\" rel=\"noopener\">Tokyo<\/a>, <a href=\"https:\/\/bit.ly\/3khKgri\" target=\"_blank\" rel=\"noopener\">Japan<\/a>, hosted the <a href=\"http:\/\/bit.ly\/2K0Ehr3\" target=\"_blank\" rel=\"noopener\">Olympic Games<\/a>. At that time, the Brazilian delegation had 68 athletes. <a href=\"https:\/\/bit.ly\/3yb3X96\" target=\"_blank\" rel=\"noopener\">A\u00edda dos Santos<\/a>, then 27, was the only woman in the group. A black woman, A\u00edda never received the appropriate support. At home, she was discredited by her parents who asked if track and field put food on the table.<\/p>\n<p>On the track, the trainer gave her some support. But the managers treated her differently. She arrived in Japan without adequate clothing, without technical support, without an interpreter and without her name being registered for the events. She had to depend on the support of athletes from Cuba and Peru just to get hold of sneakers to compete. When she needed a doctor, it was the empathy of the Cuban athletes that resolved the issue. And yet, dos Santos jumped over the entire racist structure and <a href=\"https:\/\/bit.ly\/3xoZXRV\" target=\"_blank\" rel=\"noopener\">came fourth<\/a> in the high jump, the best result for a Brazilian woman until the 1996 Olympics, in <a href=\"https:\/\/bit.ly\/3msegUi\" target=\"_blank\" rel=\"noopener\">Atlanta<\/a>, in the <a href=\"https:\/\/bit.ly\/2yVcmVx\" target=\"_blank\" rel=\"noopener\">US<\/a>.<\/p>\n<p>The athlete who made history in Tokyo, as Brazil was entering the bleak years of the <a href=\"http:\/\/bit.ly\/1yTMiSA\" target=\"_blank\" rel=\"noopener\">military dictatorship<\/a>, reveals much more than the legacy of an Olympic record. Dos Santos lays bare the neglect, fruit of racism, of those who direct investments into the various Olympic disciplines practiced in Brazil. In a recent interview given to news <a href=\"https:\/\/bit.ly\/3xuDu62\" target=\"_blank\" rel=\"noopener\">portal <em>UOL<\/em><\/a>, dos Santos said, \u201cAthletics is still the poor cousin among our national sports, so imagine what it was like back then. Me, a woman, poor, and black.\u201d<\/p>\n<p>Unfortunately, dos Santos&#8217; story still echoes in the lives of the black women and men who decide to follow this path. But the capacity for resistance and resilience makes this daily struggle not always end predictably.<\/p>\n<p><a href=\"https:\/\/rioonwatch.org\/wp-content\/uploads\/2021\/08\/Aida_dos_Santos.jpg\"><img fetchpriority=\"high\" decoding=\"async\" class=\"aligncenter wp-image-67086 size-large\" title=\"A\u00edda dos Santos competing in the Tokyo Olympics, in 1964. Photo: Reproduction\/Brazilian Olympic Committee\" src=\"https:\/\/rioonwatch.org\/wp-content\/uploads\/2021\/08\/Aida_dos_Santos-1024x764.jpg\" alt=\"Victorious Black presence: A\u00edda dos Santos\" width=\"620\" height=\"463\" srcset=\"https:\/\/rioonwatch.org\/wp-content\/uploads\/2021\/08\/Aida_dos_Santos-1024x764.jpg 1024w, https:\/\/rioonwatch.org\/wp-content\/uploads\/2021\/08\/Aida_dos_Santos-300x225.jpg 300w, https:\/\/rioonwatch.org\/wp-content\/uploads\/2021\/08\/Aida_dos_Santos-768x573.jpg 768w, https:\/\/rioonwatch.org\/wp-content\/uploads\/2021\/08\/Aida_dos_Santos-174x131.jpg 174w, https:\/\/rioonwatch.org\/wp-content\/uploads\/2021\/08\/Aida_dos_Santos-70x53.jpg 70w, https:\/\/rioonwatch.org\/wp-content\/uploads\/2021\/08\/Aida_dos_Santos.jpg 1280w\" sizes=\"(max-width: 620px) 100vw, 620px\" \/><\/a><\/p>\n<p>Almost 60 years separate A\u00edda dos Santos from Rebeca Andrade. But the lack of resources, the thought of giving up, and the exclusion felt by Brazil&#8217;s peripheral population remain the same. This time, however, the favela reached the highest spot on the podium. In the same country that acclaimed dos Santos, Andrade wrote another chapter of history being the first Afro-Brazilian woman to win a medal in an Olympic individual gymnastics category.<\/p>\n<p><a href=\"https:\/\/rioonwatch.org\/wp-content\/uploads\/2021\/08\/Rebeca-Andrade.png\"><img decoding=\"async\" class=\"aligncenter wp-image-67087 size-content\" title=\"Rebeca Andrade. Photo: Lindsey Wasson \/ Reuters\" src=\"https:\/\/rioonwatch.org\/wp-content\/uploads\/2021\/08\/Rebeca-Andrade-620x264.png\" alt=\"Victorious Black presence: Rebeca Sndrade \" width=\"620\" height=\"264\" srcset=\"https:\/\/rioonwatch.org\/wp-content\/uploads\/2021\/08\/Rebeca-Andrade-620x264.png 620w, https:\/\/rioonwatch.org\/wp-content\/uploads\/2021\/08\/Rebeca-Andrade-940x400.png 940w\" sizes=\"(max-width: 620px) 100vw, 620px\" \/><\/a><\/p>\n<p>Every time we witness the achievement of a black person, we can be sure that this result is the sum of collective efforts and many confrontations with a racist system. Andrade was born and raised in the periphery of Guarulhos, in <a href=\"http:\/\/bit.ly\/2KVmAZH\" target=\"_blank\" rel=\"noopener\">S\u00e3o Paulo<\/a>. From a young age she saw her mother, a domestic worker, give her all to provide for eight children in a house with one room. She often lacked money to pay for the bus ride to get to practice. And all of this before she turned ten.<\/p>\n<p>To give more weight to this achievement, the presentation that earned her the silver medal took <a href=\"https:\/\/bit.ly\/3e8NNa1\" target=\"_blank\" rel=\"noopener\">oft-criminalized<\/a> Brazilian <a href=\"http:\/\/bit.ly\/1mTRj32\" target=\"_blank\" rel=\"noopener\">funk<\/a> music, with the track <a href=\"https:\/\/bit.ly\/3xpyVKs\" target=\"_blank\" rel=\"noopener\">Baile de Favela<\/a> (Favela Party) by <a href=\"https:\/\/bit.ly\/3fF9vlN\" target=\"_blank\" rel=\"noopener\">MC Jo\u00e3o<\/a>, into a sporting category marked by white dominance. Andrade&#8217;s gold medal came during the vault event. The MC thanked her <a href=\"https:\/\/bit.ly\/37q2O2C\" target=\"_blank\" rel=\"noopener\">on his Instagram page<\/a>:<\/p>\n<blockquote class=\"instagram-media\" style=\"background: #FFF; border: 0; border-radius: 3px; box-shadow: 0 0 1px 0 rgba(0,0,0,0.5),0 1px 10px 0 rgba(0,0,0,0.15); margin: 1px; max-width: 540px; min-width: 326px; padding: 0; width: calc(100% - 2px);\" data-instgrm-captioned=\"\" data-instgrm-permalink=\"https:\/\/www.instagram.com\/p\/CR6uAt9LXrt\/?utm_source=ig_embed&amp;utm_campaign=loading\" data-instgrm-version=\"13\">\n<div style=\"padding: 16px;\">\n<p>&nbsp;<\/p>\n<div style=\"display: flex; flex-direction: row; align-items: center;\">\n<div style=\"background-color: #f4f4f4; border-radius: 50%; flex-grow: 0; height: 40px; margin-right: 14px; width: 40px;\"><\/div>\n<div style=\"display: flex; flex-direction: column; flex-grow: 1; justify-content: center;\">\n<div style=\"background-color: #f4f4f4; border-radius: 4px; flex-grow: 0; height: 14px; margin-bottom: 6px; width: 100px;\"><\/div>\n<div style=\"background-color: #f4f4f4; border-radius: 4px; flex-grow: 0; height: 14px; width: 60px;\"><\/div>\n<\/div>\n<\/div>\n<div style=\"padding: 19% 0;\"><\/div>\n<div style=\"display: block; height: 50px; margin: 0 auto 12px; width: 50px;\"><\/div>\n<div style=\"padding-top: 8px;\">\n<div style=\"color: #3897f0; font-family: Arial,sans-serif; font-size: 14px; font-style: normal; font-weight: 550; line-height: 18px;\">Ver essa foto no Instagram<\/div>\n<\/div>\n<div style=\"padding: 12.5% 0;\"><\/div>\n<div style=\"display: flex; flex-direction: row; margin-bottom: 14px; align-items: center;\">\n<div>\n<div style=\"background-color: #f4f4f4; border-radius: 50%; height: 12.5px; width: 12.5px; transform: translateX(0px) translateY(7px);\"><\/div>\n<div style=\"background-color: #f4f4f4; height: 12.5px; transform: rotate(-45deg) translateX(3px) translateY(1px); width: 12.5px; flex-grow: 0; margin-right: 14px; margin-left: 2px;\"><\/div>\n<div style=\"background-color: #f4f4f4; border-radius: 50%; height: 12.5px; width: 12.5px; transform: translateX(9px) translateY(-18px);\"><\/div>\n<\/div>\n<div style=\"margin-left: 8px;\">\n<div style=\"background-color: #f4f4f4; border-radius: 50%; flex-grow: 0; height: 20px; width: 20px;\"><\/div>\n<div style=\"width: 0; height: 0; border-top: 2px solid transparent; border-left: 6px solid #f4f4f4; border-bottom: 2px solid transparent; transform: translateX(16px) translateY(-4px) rotate(30deg);\"><\/div>\n<\/div>\n<div style=\"margin-left: auto;\">\n<div style=\"width: 0px; border-top: 8px solid #F4F4F4; border-right: 8px solid transparent; transform: translateY(16px);\"><\/div>\n<div style=\"background-color: #f4f4f4; flex-grow: 0; height: 12px; width: 16px; transform: translateY(-4px);\"><\/div>\n<div style=\"width: 0; height: 0; border-top: 8px solid #F4F4F4; border-left: 8px solid transparent; transform: translateY(-4px) translateX(8px);\"><\/div>\n<\/div>\n<\/div>\n<div style=\"display: flex; flex-direction: column; flex-grow: 1; justify-content: center; margin-bottom: 24px;\">\n<div style=\"background-color: #f4f4f4; border-radius: 4px; flex-grow: 0; height: 14px; margin-bottom: 6px; width: 224px;\"><\/div>\n<div style=\"background-color: #f4f4f4; border-radius: 4px; flex-grow: 0; height: 14px; width: 144px;\"><\/div>\n<\/div>\n<p>&nbsp;<\/p>\n<p style=\"color: #c9c8cd; font-family: Arial,sans-serif; font-size: 14px; line-height: 17px; margin-bottom: 0; margin-top: 8px; overflow: hidden; padding: 8px 0 7px; text-align: center; text-overflow: ellipsis; white-space: nowrap;\"><a style=\"color: #c9c8cd; font-family: Arial,sans-serif; font-size: 14px; font-style: normal; font-weight: normal; line-height: 17px; text-decoration: none;\" href=\"https:\/\/www.instagram.com\/p\/CR6uAt9LXrt\/?utm_source=ig_embed&amp;utm_campaign=loading\" target=\"_blank\" rel=\"noopener\">Uma publica\u00e7\u00e3o compartilhada por MC Joa\u0303o (@mcjoaooriginal)<\/a><\/p>\n<\/div>\n<\/blockquote>\n<blockquote><p><script async src=\"\/\/www.instagram.com\/embed.js\"><\/script><em>And Rebeca Andrade is baile de favela\u2026<\/em><br \/>\n<em>Congratulations for the victory, what energy<\/em><br \/>\n<em>Amazing, and once again, thanks so much for choosing my music to be a part of such a beautiful story<\/em><br \/>\n<em>Shine on, Champion<\/em><\/p><\/blockquote>\n<p>Marcelle Decothe, from <a href=\"https:\/\/bit.ly\/3dM4GnU\" target=\"_blank\" rel=\"noopener\">Favelas na Luta<\/a>\u00a0(Favelas in the Struggle) and coordinator of the <a href=\"https:\/\/bit.ly\/34LUo5s\" target=\"_blank\" rel=\"noopener\">Marielle Franco Institute<\/a>, used social media <a href=\"https:\/\/bit.ly\/3joe3hq\" target=\"_blank\" rel=\"noopener\">to highlight<\/a> the achievement\u2019s importance:<\/p>\n<blockquote class=\"twitter-tweet\">\n<p dir=\"ltr\" lang=\"pt\">Invistam no esporte.<br \/>\nInvistam na educa\u00e7\u00e3o.<br \/>\nAcreditem na pr\u00f3xima gera\u00e7\u00e3o de Rebecca\u2019s.<br \/>\nAcreditem nas crian\u00e7as negras.<\/p>\n<p>Vai ser pelo funk, vai ser pelo esporte, vai ser pela educa\u00e7\u00e3o.<\/p>\n<p>Vai ser por noiz!<\/p>\n<p>\u2014 Marcelle #TemGenteComFome (@marcelledecothe) <a href=\"https:\/\/twitter.com\/marcelledecothe\/status\/1420732326972170246?ref_src=twsrc%5Etfw\">July 29, 2021<\/a><\/p><\/blockquote>\n<blockquote><p><script async src=\"https:\/\/platform.twitter.com\/widgets.js\" charset=\"utf-8\"><\/script><em>Invest in sports.<\/em><br \/>\n<em>Invest in education.<\/em><br \/>\n<em>Believe in the next generation of Rebecas.<\/em><br \/>\n<em>Believe in black children.<\/em><br \/>\n<em>It\u2019s going to be for funk, for sports, for education.<\/em><br \/>\n<em>It\u2019s going to be for us!<\/em><\/p><\/blockquote>\n<p>This achievement, which goes well beyond representation, saw one of the most touching moments of the 2020 Olympic Games in the testimony of former gymnastics superstar <a href=\"https:\/\/bit.ly\/3sIe8Rx\" target=\"_blank\" rel=\"noopener\">Daiane dos Santos<\/a>, also Afro-Brazilian. During a live broadcast, the former gymnast highlighted the fact that a black woman was the first to be reaching this point. The Instagram page <a href=\"https:\/\/bit.ly\/3ysCmkX\" target=\"_blank\" rel=\"noopener\">Influ\u00eancia Negra<\/a> (Black Influence) posted the video with Daiane\u2019s comments on <em>SporTV<\/em>:<\/p>\n<blockquote class=\"instagram-media\" style=\"background: #FFF; border: 0; border-radius: 3px; box-shadow: 0 0 1px 0 rgba(0,0,0,0.5),0 1px 10px 0 rgba(0,0,0,0.15); margin: 1px; max-width: 540px; min-width: 326px; padding: 0; width: calc(100% - 2px);\" data-instgrm-captioned=\"\" data-instgrm-permalink=\"https:\/\/www.instagram.com\/reel\/CR6eoLIp1UX\/?utm_source=ig_embed&amp;utm_campaign=loading\" data-instgrm-version=\"13\">\n<div style=\"padding: 16px;\">\n<p>&nbsp;<\/p>\n<div style=\"display: flex; flex-direction: row; align-items: center;\">\n<div style=\"background-color: #f4f4f4; border-radius: 50%; flex-grow: 0; height: 40px; margin-right: 14px; width: 40px;\"><\/div>\n<div style=\"display: flex; flex-direction: column; flex-grow: 1; justify-content: center;\">\n<div style=\"background-color: #f4f4f4; border-radius: 4px; flex-grow: 0; height: 14px; margin-bottom: 6px; width: 100px;\"><\/div>\n<div style=\"background-color: #f4f4f4; border-radius: 4px; flex-grow: 0; height: 14px; width: 60px;\"><\/div>\n<\/div>\n<\/div>\n<div style=\"padding: 19% 0;\"><\/div>\n<div style=\"display: block; height: 50px; margin: 0 auto 12px; width: 50px;\"><\/div>\n<div style=\"padding-top: 8px;\">\n<div style=\"color: #3897f0; font-family: Arial,sans-serif; font-size: 14px; font-style: normal; font-weight: 550; line-height: 18px;\">Ver essa foto no Instagram<\/div>\n<\/div>\n<div style=\"padding: 12.5% 0;\"><\/div>\n<div style=\"display: flex; flex-direction: row; margin-bottom: 14px; align-items: center;\">\n<div>\n<div style=\"background-color: #f4f4f4; border-radius: 50%; height: 12.5px; width: 12.5px; transform: translateX(0px) translateY(7px);\"><\/div>\n<div style=\"background-color: #f4f4f4; height: 12.5px; transform: rotate(-45deg) translateX(3px) translateY(1px); width: 12.5px; flex-grow: 0; margin-right: 14px; margin-left: 2px;\"><\/div>\n<div style=\"background-color: #f4f4f4; border-radius: 50%; height: 12.5px; width: 12.5px; transform: translateX(9px) translateY(-18px);\"><\/div>\n<\/div>\n<div style=\"margin-left: 8px;\">\n<div style=\"background-color: #f4f4f4; border-radius: 50%; flex-grow: 0; height: 20px; width: 20px;\"><\/div>\n<div style=\"width: 0; height: 0; border-top: 2px solid transparent; border-left: 6px solid #f4f4f4; border-bottom: 2px solid transparent; transform: translateX(16px) translateY(-4px) rotate(30deg);\"><\/div>\n<\/div>\n<div style=\"margin-left: auto;\">\n<div style=\"width: 0px; border-top: 8px solid #F4F4F4; border-right: 8px solid transparent; transform: translateY(16px);\"><\/div>\n<div style=\"background-color: #f4f4f4; flex-grow: 0; height: 12px; width: 16px; transform: translateY(-4px);\"><\/div>\n<div style=\"width: 0; height: 0; border-top: 8px solid #F4F4F4; border-left: 8px solid transparent; transform: translateY(-4px) translateX(8px);\"><\/div>\n<\/div>\n<\/div>\n<div style=\"display: flex; flex-direction: column; flex-grow: 1; justify-content: center; margin-bottom: 24px;\">\n<div style=\"background-color: #f4f4f4; border-radius: 4px; flex-grow: 0; height: 14px; margin-bottom: 6px; width: 224px;\"><\/div>\n<div style=\"background-color: #f4f4f4; border-radius: 4px; flex-grow: 0; height: 14px; width: 144px;\"><\/div>\n<\/div>\n<p>&nbsp;<\/p>\n<p style=\"color: #c9c8cd; font-family: Arial,sans-serif; font-size: 14px; line-height: 17px; margin-bottom: 0; margin-top: 8px; overflow: hidden; padding: 8px 0 7px; text-align: center; text-overflow: ellipsis; white-space: nowrap;\"><a style=\"color: #c9c8cd; font-family: Arial,sans-serif; font-size: 14px; font-style: normal; font-weight: normal; line-height: 17px; text-decoration: none;\" href=\"https:\/\/www.instagram.com\/reel\/CR6eoLIp1UX\/?utm_source=ig_embed&amp;utm_campaign=loading\" target=\"_blank\" rel=\"noopener\">Uma publica\u00e7\u00e3o compartilhada por Influe\u0302ncia Negra (@influencianegra)<\/a><\/p>\n<\/div>\n<\/blockquote>\n<blockquote><p><script async src=\"\/\/www.instagram.com\/embed.js\"><\/script><em>@daiane_gs_ is touched and touches us with her words. We\u2019re immensely proud of you, of what you represent and will continue to represent for other black women who will follow<\/em><br \/>\n<em>\u201cFor a long time people said that you couldn\u2019t have black gymnasts, that black people couldn\u2019t do certain sports. And today we see the first medal for a black girl. There is a lot of representativeness behind this.\u201d<\/em><br \/>\n<em>Video Reproduction: TV Globo\/SporTV<\/em><br \/>\n<em>#BlackInfluence #BlackWomen #Representation #Olympics<\/em><\/p><\/blockquote>\n<p>What has become more evident every day, all over the world, is athletes breaking the silence in relation to the racism they face every step of the way. In <a href=\"https:\/\/glo.bo\/3yAF9IU\" target=\"_blank\" rel=\"noopener\">an interview for <em>Marie Claire <\/em>magazine<\/a>, Daiane dos Santos revealed that she suffered racist attacks in clubs and within the Brazilian delegation, to the point that people wouldn\u2019t use the same bathroom as her on account of her skin color and origin.<\/p>\n<p><a href=\"https:\/\/rioonwatch.org\/wp-content\/uploads\/2021\/08\/Rayssa-Leal.jpg\"><img loading=\"lazy\" decoding=\"async\" class=\"aligncenter wp-image-67089 size-full\" title=\"Rayssa Leal was the only Brazilian to reach the final in the skateboard street category\" src=\"https:\/\/rioonwatch.org\/wp-content\/uploads\/2021\/08\/Rayssa-Leal.jpg\" alt=\"Victorious Black presence: Rayssa Leal \" width=\"700\" height=\"394\" srcset=\"https:\/\/rioonwatch.org\/wp-content\/uploads\/2021\/08\/Rayssa-Leal.jpg 700w, https:\/\/rioonwatch.org\/wp-content\/uploads\/2021\/08\/Rayssa-Leal-300x169.jpg 300w, https:\/\/rioonwatch.org\/wp-content\/uploads\/2021\/08\/Rayssa-Leal-580x326.jpg 580w, https:\/\/rioonwatch.org\/wp-content\/uploads\/2021\/08\/Rayssa-Leal-174x98.jpg 174w\" sizes=\"(max-width: 700px) 100vw, 700px\" \/><\/a><\/p>\n<p>When <a href=\"https:\/\/bit.ly\/3zOM55a\" target=\"_blank\" rel=\"noopener\">an illustration of Afro-Brazilian skateboarder Rayssa Leal presented her as light-skinned<\/a>, social media did not stay silent for long and criticism soon rained down. The athlete nailed a maneuver that most of the competitors got wrong and became the youngest Brazilian athlete to take the Olympic podium (at age 13). She was also the first medalist of the year in which the sport was first included in the Games. Black designer and illustrator <a href=\"https:\/\/bit.ly\/3istXZ2\" target=\"_blank\" rel=\"noopener\">@dapenha\u00a0posted a thread<\/a> to question the illustration:<\/p>\n<blockquote class=\"twitter-tweet\">\n<p dir=\"ltr\" lang=\"pt\">Aconteceu o imaginado: acabei de ver uma arte de um branco que botou tanta *LUZ* na ilustra\u00e7\u00e3o que fez que a menina Rayssa Leal nem parece negra nela.<\/p>\n<p>\u2014 DAPENHA (@dapenhaaqui) <a href=\"https:\/\/twitter.com\/dapenhaaqui\/status\/1419777402981568515?ref_src=twsrc%5Etfw\">July 26, 2021<\/a><\/p><\/blockquote>\n<p><script async src=\"https:\/\/platform.twitter.com\/widgets.js\" charset=\"utf-8\"><\/script><\/p>\n<blockquote class=\"twitter-tweet\">\n<p dir=\"ltr\" lang=\"pt\">Embranquecimento \u00e9 coisa s\u00e9ria e apagar uma parte t\u00e3o importante da identidade algu\u00e9m numa ilustra\u00e7\u00e3o por likes n\u00e3o \u00e9 uma coisa aceit\u00e1vel.<\/p>\n<p>\u2014 DAPENHA (@dapenhaaqui) <a href=\"https:\/\/twitter.com\/dapenhaaqui\/status\/1419779128207814659?ref_src=twsrc%5Etfw\">July 26, 2021<\/a><\/p><\/blockquote>\n<blockquote><p><script async src=\"https:\/\/platform.twitter.com\/widgets.js\" charset=\"utf-8\"><\/script><em>Original Tweet: The imagined has happened: I\u2019ve just seen some art done by a white person who put so much *LIGHT* in the drawing that it made the girl Rayssa Leal not even look black in it.<\/em><br \/>\n<em>Twitter thread: I know you\u2019re doing it for the HYPE <\/em><br \/>\n<em>But you have to be careful! Rayssa is there, in Tokyo in the Olympics, representing Brazil and being an example for millions of people, but principally for black children!<\/em><br \/>\n<em>Second reaction: Lightening is a serious issue and erasing such an important part of someone\u2019s identity in an illustration for likes is not acceptable.<\/em><\/p><\/blockquote>\n<p>The Twitter profile of the Turma da M\u00f4nica comic (Monica\u2019s Gang) published the image of the character Denise, who is white and a redhead, to represent skateboarder Rayssa Leal, and it did not go unnoticed:<\/p>\n<blockquote class=\"twitter-tweet\">\n<p dir=\"ltr\" lang=\"pt\">Rayssa Leal, a atleta mais jovem da hist\u00f3ria do Brasil nas Olimp\u00edadas, j\u00e1 escutou que \u201cskate n\u00e3o era coisa de menina\u201d. Do Maranh\u00e3o para o mundo, @Rayssa_Leal_Sk8 \u00e9 uma das favoritas no <a href=\"https:\/\/twitter.com\/hashtag\/skateboarding?src=hash&amp;ref_src=twsrc%5Etfw\">#skateboarding<\/a>. <a href=\"https:\/\/t.co\/XeDR8ehS30\">pic.twitter.com\/XeDR8ehS30<\/a><\/p>\n<p>\u2014 Turma da M\u00f4nica (@TurmadaMonica) <a href=\"https:\/\/twitter.com\/TurmadaMonica\/status\/1419452788803837958?ref_src=twsrc%5Etfw\">July 26, 2021<\/a><\/p><\/blockquote>\n<blockquote><p><script async src=\"https:\/\/platform.twitter.com\/widgets.js\" charset=\"utf-8\"><\/script><em>Original Tweet: Rayssa Leal, the youngest athlete in the history of Brazil at the Olympics, has already been told that \u201cskateboarding is not for girls.\u201d From Maranh\u00e3o to the rest of the world, @Rayssa_Leal_Sk8 is one of the favorites in #skateboarding.<\/em><\/p>\n<p><em>Reaction: White? This almost illegible \u201cDenise as\u201d to make it look like it&#8217;s just a white, redheaded girl depicting a black teenager is a joke, right?<\/em><\/p><\/blockquote>\n<h3>Olympic Committee Allows Political Statements<\/h3>\n<p>Almost 60 years later, Japan is once again the scene of the world\u2019s largest sporting event, this time amid impacts of the <a href=\"https:\/\/bit.ly\/2WYWeLV\" target=\"_blank\" rel=\"noopener\">Covid-19<\/a> pandemic. One of Japan&#8217;s primary athletes, tennis player <a href=\"https:\/\/bit.ly\/3B5Vs13\" target=\"_blank\" rel=\"noopener\">Naomi Osaka<\/a>, 23, is the daughter of a Haitian father and a Japanese mother. As the first Japanese woman to win an international tournament in the category, she used her global visibility to touch on an otherwise invisible subject: there are Afro-descendent Japanese. She was the athlete chosen by the Japanese delegation to light the Olympic cauldron.<\/p>\n<p>In 2020, <a href=\"https:\/\/bit.ly\/3iqSEFh\" target=\"_blank\" rel=\"noopener\">Naomi boycotted<\/a> a tennis match due to take place in <a href=\"http:\/\/bit.ly\/2AkcKcw\" target=\"_blank\" rel=\"noopener\">New York<\/a> to protest the death of <a href=\"https:\/\/nyti.ms\/3kfITJS\" target=\"_blank\" rel=\"noopener\">Jacob Blake<\/a>, 29. The young black man was brutally assassinated by a white policeman. This happened months after the also violent death of George Floyd.<\/p>\n<p>It is worth noting that this is the first edition of the Olympic Games since <a href=\"https:\/\/bit.ly\/3dR0F0w\" target=\"_blank\" rel=\"noopener\">George Floyd\u2019s death<\/a>.\u00a0A\u00edda, Rebeca, Daiane, and many other black women athletes across Brazil, are part of a struggle which supersedes any Olympic sport. Maybe the Tokyo Olympics are a milestone in political positioning for sports. It is certainly not the first time that political discussions have gained space in sports. But, for the first time, this pressure resulted in the International Olympic Committee <a href=\"https:\/\/bit.ly\/3ki4uBb\" target=\"_blank\" rel=\"noopener\">officially allowing athletes to express themselves<\/a> before and after events.<\/p>\n<h3>Many Others Also Gained Space<\/h3>\n<p>Race was not the only issue which entered the Olympics\u2019 political agenda with force. This Olympic edition in Japan also marked the highest participation of athletes who declare themselves part of the LGBTQIA+ community. And the fourth gold medal won by Brazil was by a black marathon swimmer, <a href=\"https:\/\/bit.ly\/3gmEhjV\" target=\"_blank\" rel=\"noopener\">Ana Marcela<\/a>, who dedicated the highest spot on the podium to her girlfriend.<\/p>\n<p>Born and raised in the favelas of <a href=\"http:\/\/bit.ly\/2IgZ9Y4\" target=\"_blank\" rel=\"noopener\">Complexo da Mar\u00e9<\/a>, wife to <a href=\"https:\/\/bit.ly\/3srpDv0\" target=\"_blank\" rel=\"noopener\">slain city councilor Marielle Franco<\/a>, now city councilor herself M\u00f4nica Ben\u00edcio <a href=\"https:\/\/bit.ly\/3lEvkpx\" target=\"_blank\" rel=\"noopener\">took to social media<\/a> to celebrate the fact that love between women is revolutionary:<\/p>\n<blockquote class=\"twitter-tweet\">\n<p dir=\"ltr\" lang=\"pt\">Ana Marcela Cunha: uma mulher que ama outras mulheres e que ainda traz ouro pro Brasil. \u00c9 ol\u00edmpica demais!!! &#x1f947;<\/p>\n<p>&#x1f438;&#x1f49c;&#x1f1e7;&#x1f1f7;&#x1f3f3;&#xfe0f;&#x200d;&#x1f308; <a href=\"https:\/\/t.co\/pqZ9R3rJae\">pic.twitter.com\/pqZ9R3rJae<\/a><\/p>\n<p>\u2014 Monica Benicio (@monica_benicio) <a href=\"https:\/\/twitter.com\/monica_benicio\/status\/1422733590639620102?ref_src=twsrc%5Etfw\">August 4, 2021<\/a><\/p><\/blockquote>\n<blockquote><p><script async src=\"https:\/\/platform.twitter.com\/widgets.js\" charset=\"utf-8\"><\/script><em>Ana Marcela Cunha: a woman who loves women and who brings the gold medal for Brazil. What an Olympian!!!<\/em><\/p><\/blockquote>\n<p>But the first political statement to happen during the Japanese games took place in women\u2019s soccer, when the <a href=\"https:\/\/glo.bo\/2VtZIIo\" target=\"_blank\" rel=\"noopener\">athletes took a knee to protest<\/a> against racism before the matches. On July 25, Luciana Alvarado, a Costa Rican athlete, finished an event <a href=\"https:\/\/es.pn\/3kp2cAy\" target=\"_blank\" rel=\"noopener\">with her fist clenched and taking a knee<\/a> in reference to the anti-racist agenda. Brazilian soccer forward, Paulinho, <a href=\"https:\/\/glo.bo\/3CpQGNh\" target=\"_blank\" rel=\"noopener\">dedicated a goal to the Afro-Brazilian deity Oxossi<\/a>, highlighting the religious racism that dominates Brazilian sports. We are used to always seeing expressions of the Christian tradition at the end of matches, and the young player took a first step for this issue to gain visibility within that sport, something which <a href=\"https:\/\/bit.ly\/3lEvkpx\" target=\"_blank\" rel=\"noopener\">was noticed online<\/a>:<\/p>\n<blockquote class=\"twitter-tweet\">\n<p dir=\"ltr\" lang=\"pt\">Paulinho metendo gol e lan\u00e7ando a energia de Ox\u00f3ssi, Richarlisson pedindo musica do Xande de Pilares, Santos no Gol&#8230;<br \/>\nSamba, Curimba e Sincretismo, imposs\u00edvel de dar errado. Estou do lado da sele\u00e7\u00e3o ol\u00edmpica.<\/p>\n<p>\u2014 big poppa (@edfalso1) <a href=\"https:\/\/twitter.com\/edfalso1\/status\/1418204097950339077?ref_src=twsrc%5Etfw\">July 22, 2021<\/a><\/p><\/blockquote>\n<blockquote><p><script async src=\"https:\/\/platform.twitter.com\/widgets.js\" charset=\"utf-8\"><\/script>Paulinho scoring a goal and giving off the energy of Ox\u00f3ssi, Richarlisson asking for the music of Xande de Pilares, Santos guarding the goal\u2026<br \/>\nSamba, Curimba, and Syncretism, you can&#8217;t go wrong. I\u2019m with the Olympic team.<\/p><\/blockquote>\n<p><a href=\"https:\/\/rioonwatch.org\/wp-content\/uploads\/2021\/08\/22jul2021-o-jogador-paulinho-da-selecao-brasileira-comemora-apos-marcar-seu-gol-durante-a-partida-contra-a-alemanha-1626979297570_v2_1170x540.jpg-620x286-1.jpg\"><img loading=\"lazy\" decoding=\"async\" class=\"aligncenter wp-image-67094 size-content\" title=\"Player Paulinho celebrates his score against Germany making the arrow that symbolizes Afro-Brazilian deity Oxossi. Photo: Yuri Hiroshi \/ Estad\u00e3o\" src=\"https:\/\/rioonwatch.org\/wp-content\/uploads\/2021\/08\/22jul2021-o-jogador-paulinho-da-selecao-brasileira-comemora-apos-marcar-seu-gol-durante-a-partida-contra-a-alemanha-1626979297570_v2_1170x540.jpg-620x286-1-620x264.jpg\" alt=\"\" width=\"620\" height=\"264\" \/><\/a><br \/>\nBrazil\u2019s fifth gold medal in the Tokyo Olympics was secured by Isaquias Queiros, a black canoeist from Ubaitaba in Bahia (Ubaitaba in indigenous Tupi means Land of Canoes). Isaquias has become <a href=\"https:\/\/glo.bo\/3fHQ5Nd\" target=\"_blank\" rel=\"noopener\">Brazil\u2019s third most victorious medalist<\/a> in the history of the Olympic Games. Minutes after Isaquias\u2019 victory, the first black transvestite state co-deputy in Brazil&#8217;s state of Pernambuco, Robeyonc\u00e9 Lima, <a href=\"https:\/\/bit.ly\/3lKWPOp\" target=\"_blank\" rel=\"noopener\">posted<\/a>:<\/p>\n<blockquote class=\"twitter-tweet\">\n<p dir=\"ltr\" lang=\"pt\">Isaquias Queiroz, nordestino e negro, traz a quinta medalha de ouro nas olimp\u00edadas para o Brasil!!!<\/p>\n<p>At\u00e9 agora a maioria de medalhas de ouro do Brasil foram de nordestinos, negros e mulheres!!<\/p>\n<p>Podem tentar no parar, mas a gente que move esse pa\u00eds!<\/p>\n<p>\u2014 Robeyonc\u00e9 Lima (@RobeyonceLima) <a href=\"https:\/\/twitter.com\/RobeyonceLima\/status\/1423840855920680966?ref_src=twsrc%5Etfw\">August 7, 2021<\/a><\/p><\/blockquote>\n<blockquote><p><script async src=\"https:\/\/platform.twitter.com\/widgets.js\" charset=\"utf-8\"><\/script><em>Northeastern and black, Isaquias Queiroz wins the fifth gold medal for Brazil in the Olympics!!!<\/em><br \/>\n<em>Until now, the majority of Brazil\u2019s gold medals have been won by people from the Northeast, black people, and women!!<\/em><br \/>\n<em>They can try and stop us, but we\u2019re the ones who move this country!<\/em><\/p><\/blockquote>\n<p>In the early hours of Saturday, August 7, Brazil\u2019s sixth gold medal was won in boxing by Bahia native <a href=\"https:\/\/bit.ly\/3jblFVG\" target=\"_blank\" rel=\"noopener\">Hebert Concei\u00e7\u00e3o<\/a>, who celebrated by saying: \u201cNoble Warrior.\u201d The expression is taken from the song <a href=\"https:\/\/bit.ly\/3Cp3mnw\" target=\"_blank\" rel=\"noopener\">Madiba<\/a>, which Olodum sang for Mandela\u2019s freedom. Concei\u00e7\u00e3o had already sung an extract from the song <a href=\"https:\/\/bit.ly\/3lNlCky\" target=\"_blank\" rel=\"noopener\">after the previous fight which led him to the final<\/a> of the Tokyo Olympics: \u201cNoble black warrior with a light soul, noble black warrior and fighter, let the good winds carry you calmly wherever you go\u2026.\u201d<\/p>\n<p>His singing made a buzz on social media. When he sang the song on August 1, Kaique Dalapola, community correspondent of the <a href=\"https:\/\/bit.ly\/2SlTRA7\" target=\"_blank\" rel=\"noopener\">Mural Agency of Peripheral Journalism<\/a>, <a href=\"https:\/\/bit.ly\/3lGaaaE\" target=\"_blank\" rel=\"noopener\">posted online<\/a>:<\/p>\n<blockquote class=\"twitter-tweet\">\n<p dir=\"ltr\" lang=\"pt\">&#8220;Nobre guerreiro negro se alma leve<br \/>\nnobre guerreiro negro lutador<br \/>\nque os bons ventos calmo assim te leve<br \/>\naonde voc\u00ea&#8221;<\/p>\n<p>De Salvador a milh\u00e3o em T\u00f3quio.<\/p>\n<p>Hebert Concei\u00e7\u00e3o est\u00e1 na semifinal do boxe e j\u00e1 garantiu, no m\u00ednimo, a medalha de bronze para o Brasil!!! Vamo!! <a href=\"https:\/\/t.co\/fqiemlNcID\">pic.twitter.com\/fqiemlNcID<\/a><\/p>\n<p>\u2014 Kaique Dalapola (@KaiqueDalapola) <a href=\"https:\/\/twitter.com\/KaiqueDalapola\/status\/1421778184740249600?ref_src=twsrc%5Etfw\">August 1, 2021<\/a><\/p><\/blockquote>\n<blockquote><p><script async src=\"https:\/\/platform.twitter.com\/widgets.js\" charset=\"utf-8\"><\/script><em>&#8220;Noble black warrior with a light soul, noble black warrior and fighter, let the good winds carry you calmly wherever you go.\u201d <\/em><br \/>\n<em>From Salvador to a million in Tokyo <\/em><br \/>\n<em>Hebert Concei\u00e7\u00e3o is in the boxing semi-final and has already guaranteed, at the very least, the bronze medal for Brazil!!! Let&#8217;s do this!!<\/em><\/p><\/blockquote>\n<p>On August 7, the winds carried the \u201cnoble black warrior and fighter,\u201d Concei\u00e7\u00e3o, <a href=\"https:\/\/bit.ly\/3yxt5I6\" target=\"_blank\" rel=\"noopener\">to the highest point on the Olympic podium<\/a>. University of Bras\u00edlia doctoral candidate in Political Sciences Luiza Carvalho <a href=\"https:\/\/bit.ly\/3jzWtqS\" target=\"_blank\" rel=\"noopener\">celebrated on Twitter<\/a>:<\/p>\n<blockquote class=\"twitter-tweet\">\n<p dir=\"ltr\" lang=\"pt\">Jovem Negro Vivo e Campe\u00e3o Ol\u00edmpico, medalha de Ouro em T\u00f3kio!!! Hebert \u00e9 o nome!!!!<\/p>\n<p>\u2014 luiza (@carvalholuizaa) <a href=\"https:\/\/twitter.com\/carvalholuizaa\/status\/1423892503795732483?ref_src=twsrc%5Etfw\">August 7, 2021<\/a><\/p><\/blockquote>\n<blockquote><p><script async src=\"https:\/\/platform.twitter.com\/widgets.js\" charset=\"utf-8\"><\/script><em>A Young Black Man Alive and Olympic Champion, gold medal in Tokyo!!! Hebert is the one!!!!<\/em><\/p><\/blockquote>\n<p><em>About the author: Black journalist <a href=\"https:\/\/bit.ly\/3s06uS5\" target=\"_blank\" rel=\"noopener\">Rafael Lopes<\/a> has a master&#8217;s in Communication from the Federal University of Rio de Janeiro (UFRJ). He researches the work of journalist and writer Lima Barreto.<\/em><\/p>\n<p><em>About the artist: An undergraduate at the\u00a0<a href=\"http:\/\/bit.ly\/2XiG2Ha\" target=\"_blank\" rel=\"noopener\">Federal University of Rio de Janeiro\u2019s (UFRJ)<\/a>\u00a0School of Fine Arts,\u00a0<a href=\"https:\/\/bit.ly\/2JzGE5K\" target=\"_blank\" rel=\"noopener\">Raquel Batista<\/a>, 19, was born and raised in Campo Grande and currently lives in Engenho de Dentro, in Rio\u2019s\u00a0<a href=\"http:\/\/bit.ly\/2IgR5qe\" target=\"_blank\" rel=\"noopener\">North Zone<\/a>. A visual artist who works as a photographer and illustrator, her goal is to use art to represent people who, like her, a young black woman from the periphery, are not always seen.<\/em><\/p>\n<p><em>This article<\/em> is<em> the latest contribution to our year-long reporting project, \u201c<a href=\"http:\/\/bit.ly\/AntiracistFavelaIntro\" target=\"_blank\" rel=\"noopener\">Rooting Anti-Racism in the Favelas<\/a>: Deconstructing Social Narratives About Racism in Rio de Janeiro.\u201d Follow our\u00a0<a href=\"http:\/\/bit.ly\/AntiracistRio\" target=\"_blank\" rel=\"noopener\">Rooting Anti-Racism in the Favelas series here<\/a>.<\/em><\/p>\n<h4>Share your opinion about this article by clicking <a href=\"https:\/\/bit.ly\/OpineAntirracismo\" target=\"_blank\" rel=\"noopener\">here<\/a> (Portuguese).<\/h4>\n<hr \/>\n<h4><b data-stringify-type=\"bold\">Support\u00a0<\/b><b data-stringify-type=\"bold\"><i data-stringify-type=\"italic\">RioOnWatch<\/i><\/b><b data-stringify-type=\"bold\">\u2019s tireless, critical and cutting-edge hyperlocal journalism, online community organizing meetings, and direct support to favelas\u00a0<\/b><b data-stringify-type=\"bold\"><a class=\"c-link\" href=\"http:\/\/bit.ly\/DonateToRioOnWatch\" target=\"_blank\" rel=\"noopener noreferrer\" data-stringify-link=\"http:\/\/bit.ly\/DonateToRioOnWatch\" data-sk=\"tooltip_parent\">by clicking here.<\/a><\/b><\/h4>\n","protected":false},"excerpt":{"rendered":"<div class=\"mh-excerpt\"><p>Clique aqui para Portugu\u00eas This article is part of RioOnWatch\u2019s\u00a0#VoicesFromSocialMedia\u00a0series, which compiles perspectives posted on social media by favela residents and activists about events and societal themes that arise. It is also the latest contribution <a class=\"mh-excerpt-more\" href=\"https:\/\/rioonwatch.org\/?p=67085\" title=\"The Victorious Presence of Black Brazilian Athletes at the Tokyo Olympics #VoicesFromSocialMedia\">[&#8230;]<\/a><\/p>\n<\/div>","protected":false},"author":245,"featured_media":67097,"comment_status":"closed","ping_status":"closed","sticky":false,"template":"","format":"standard","meta":{"_monsterinsights_skip_tracking":false,"_monsterinsights_sitenote_active":false,"_monsterinsights_sitenote_note":"","_monsterinsights_sitenote_category":0,"footnotes":""},"categories":[2315,1736,1288,1328,329],"tags":[1087,877,280,3068,501,878,2437,1507,1105,5,124,1189,406,2634,3245,1173,796,207,2438,1353],"writer":[3400],"translator":[3183],"illustrator":[],"photographer":[],"class_list":{"0":"post-67085","1":"post","2":"type-post","3":"status-publish","4":"format-standard","5":"has-post-thumbnail","7":"category-legacywatch","8":"category-1736","9":"category-highlight","10":"category-by-community-contributors","11":"category-solutions","12":"tag-voicesfromsocialmedia","13":"tag-atlanta","14":"tag-complexo-da-mare","15":"tag-coronavirus","16":"tag-funk","17":"tag-international-comparison","18":"tag-japan","19":"tag-lgbt","20":"tag-military-dictatorship","21":"tag-olympics","22":"tag-race","23":"tag-racism","24":"tag-sao-paulo","25":"tag-series","26":"tag-series-anti-racism","27":"tag-soccer","28":"tag-social-media","29":"tag-sports","30":"tag-tokyo","31":"tag-usa","32":"writer-rafael-lopes","33":"translator-constance-malleret"},"_links":{"self":[{"href":"https:\/\/rioonwatch.org\/index.php?rest_route=\/wp\/v2\/posts\/67085","targetHints":{"allow":["GET"]}}],"collection":[{"href":"https:\/\/rioonwatch.org\/index.php?rest_route=\/wp\/v2\/posts"}],"about":[{"href":"https:\/\/rioonwatch.org\/index.php?rest_route=\/wp\/v2\/types\/post"}],"author":[{"embeddable":true,"href":"https:\/\/rioonwatch.org\/index.php?rest_route=\/wp\/v2\/users\/245"}],"replies":[{"embeddable":true,"href":"https:\/\/rioonwatch.org\/index.php?rest_route=%2Fwp%2Fv2%2Fcomments&post=67085"}],"version-history":[{"count":0,"href":"https:\/\/rioonwatch.org\/index.php?rest_route=\/wp\/v2\/posts\/67085\/revisions"}],"wp:featuredmedia":[{"embeddable":true,"href":"https:\/\/rioonwatch.org\/index.php?rest_route=\/wp\/v2\/media\/67097"}],"wp:attachment":[{"href":"https:\/\/rioonwatch.org\/index.php?rest_route=%2Fwp%2Fv2%2Fmedia&parent=67085"}],"wp:term":[{"taxonomy":"category","embeddable":true,"href":"https:\/\/rioonwatch.org\/index.php?rest_route=%2Fwp%2Fv2%2Fcategories&post=67085"},{"taxonomy":"post_tag","embeddable":true,"href":"https:\/\/rioonwatch.org\/index.php?rest_route=%2Fwp%2Fv2%2Ftags&post=67085"},{"taxonomy":"writer","embeddable":true,"href":"https:\/\/rioonwatch.org\/index.php?rest_route=%2Fwp%2Fv2%2Fwriter&post=67085"},{"taxonomy":"translator","embeddable":true,"href":"https:\/\/rioonwatch.org\/index.php?rest_route=%2Fwp%2Fv2%2Ftranslator&post=67085"},{"taxonomy":"illustrator","embeddable":true,"href":"https:\/\/rioonwatch.org\/index.php?rest_route=%2Fwp%2Fv2%2Fillustrator&post=67085"},{"taxonomy":"photographer","embeddable":true,"href":"https:\/\/rioonwatch.org\/index.php?rest_route=%2Fwp%2Fv2%2Fphotographer&post=67085"}],"curies":[{"name":"wp","href":"https:\/\/api.w.org\/{rel}","templated":true}]}}