{"id":68092,"date":"2021-11-12T10:33:34","date_gmt":"2021-11-12T13:33:34","guid":{"rendered":"https:\/\/rioonwatch.org\/?p=68092"},"modified":"2021-11-16T01:35:35","modified_gmt":"2021-11-16T04:35:35","slug":"the-ancestral-knowledge-of-black-women-and-the-healing-power-of-plants-grown-by-salgueiros-herb-growers","status":"publish","type":"post","link":"https:\/\/rioonwatch.org\/?p=68092","title":{"rendered":"The Ancestral Knowledge of Black Women and the Healing Power of Plants Grown by the Salgueiro Favela\u2019s Herb Growers"},"content":{"rendered":"<p style=\"text-align: right;\"><a href=\"https:\/\/bit.ly\/3mX02sO\" target=\"_blank\" rel=\"noopener noreferrer\"><strong><em>Clique aqui para Portugu\u00eas<img decoding=\"async\" class=\"alignright size-full wp-image-23766\" src=\"https:\/\/www.rioonwatch.org\/wp-content\/uploads\/2012\/08\/PT-e1439583827971.png\" width=\"20\" height=\"20\" \/><\/em><\/strong><\/a><\/p>\n<p><em>This article is the latest contribution to our year-long reporting project, \u201c<a href=\"http:\/\/bit.ly\/AntiracistFavelaIntro\" target=\"_blank\" rel=\"noopener\">Rooting Anti-Racism in the Favelas<\/a>: Deconstructing Social Narratives About Racism in Rio de Janeiro.\u201d Follow our\u00a0<a href=\"http:\/\/bit.ly\/AntiracistFavelas\" target=\"_blank\" rel=\"noopener\">Rooting Anti-Racism in the Favelas series here<\/a>.<\/em><\/p>\n<p><a href=\"https:\/\/rioonwatch.org\/wp-content\/uploads\/2021\/10\/Antes-da-pandemia-parte-do-grupo-das-erveiras-com-medicas-do-CMS-Heitor-Beltrao.-Foto-Marcelo-da-Paz.jpeg\"><img fetchpriority=\"high\" decoding=\"async\" class=\"alignright wp-image-68074\" title=\"Before the pandemic, part of the group of herb growers with doctors from the Heitor Beltr\u00e3o health center. Photo: Marcelo da Paz\" src=\"https:\/\/rioonwatch.org\/wp-content\/uploads\/2021\/10\/Antes-da-pandemia-parte-do-grupo-das-erveiras-com-medicas-do-CMS-Heitor-Beltrao.-Foto-Marcelo-da-Paz-300x263.jpeg\" alt=\"\" width=\"300\" height=\"263\" srcset=\"https:\/\/rioonwatch.org\/wp-content\/uploads\/2021\/10\/Antes-da-pandemia-parte-do-grupo-das-erveiras-com-medicas-do-CMS-Heitor-Beltrao.-Foto-Marcelo-da-Paz-300x263.jpeg 300w, https:\/\/rioonwatch.org\/wp-content\/uploads\/2021\/10\/Antes-da-pandemia-parte-do-grupo-das-erveiras-com-medicas-do-CMS-Heitor-Beltrao.-Foto-Marcelo-da-Paz-768x674.jpeg 768w, https:\/\/rioonwatch.org\/wp-content\/uploads\/2021\/10\/Antes-da-pandemia-parte-do-grupo-das-erveiras-com-medicas-do-CMS-Heitor-Beltrao.-Foto-Marcelo-da-Paz.jpeg 960w\" sizes=\"(max-width: 300px) 100vw, 300px\" \/><\/a>Willows are lovely trees. This is not why the carioca favela is so named, but it makes total sense all the same. <a href=\"http:\/\/bit.ly\/2NH50bN\" target=\"_blank\" rel=\"noopener\">Morro do Salgueiro<\/a> (Willow Hill), in the <a href=\"http:\/\/bit.ly\/2IgR5qe\" target=\"_blank\" rel=\"noopener\">North Zone<\/a> of the city, has a fertile environment where women from the community joined as a group of herb growers. During the <a href=\"https:\/\/bit.ly\/2K0i5ib\" target=\"_blank\" rel=\"noopener\">Favela-Bairro<\/a> favela upgrading program, many herbs that sprouted naturally, and that were also grown for medicinal and culinary uses, were pulled up to make way for tarmacking roads and buildings sidewalks. In response to this small deforestation, in 2019 some residents saw it necessary to protect and learn more about the diverse species of flora in Salgueiro. To achieve this, the \u201ctias\u201d (\u201caunties\u201d), as they are called in the community, relied on the help of doctors from the <a href=\"https:\/\/bit.ly\/2Ytzo2J\" target=\"_blank\" rel=\"noopener\">Heitor Beltr\u00e3o Municipal Health Center<\/a> to collect technical information about the benefits and properties of every herb that grows on the hill.<\/p>\n<p>Since then, the Salgueiro Herb Growers Group has been meeting in the traditional <a href=\"https:\/\/bit.ly\/3iyTWha\" target=\"_blank\" rel=\"noopener\">Caliel Bakery<\/a>: a family bakery which opened in the 1990s, where the parents of Marcelo da Paz\u2014today manager of the establishment\u2014made bread at home without any machinery. The dough, made of wheat and yeast, was prepared in a big basin, which the owners would take out into the small alleyways and narrow streets filled with their breads and cakes to sell to residents. The Caliel Bakery became a social hub which embraces the <a href=\"http:\/\/bit.ly\/29L6cWh\" target=\"_blank\" rel=\"noopener\">community\u2019s culture<\/a>.<\/p>\n<p>Before the pandemic, the herb growers held monthly meetings, but due to the <a href=\"https:\/\/bit.ly\/2RD5IJR\" target=\"_blank\" rel=\"noopener\">coronavirus pandemic<\/a>, the bakery stopped hosting get-togethers. Now, they are planning to start the meetings up again, following the necessary social distancing measures. For the time being, members have continued to communicate virtually, but the group is determined. Thinking about starting a dialogue with new generations, their objective is to catalogue the herbs spread around the favela.<\/p>\n<p><a href=\"https:\/\/rioonwatch.org\/wp-content\/uploads\/2021\/10\/Denise-Vieira-montando-um-novo-espaco-para-cultivo.-Foto-Denise-Vieira.jpeg\"><img decoding=\"async\" class=\"alignright wp-image-68075\" title=\"Denise Vieira building a new space for growing. Photo: Denise Vieira\" src=\"https:\/\/rioonwatch.org\/wp-content\/uploads\/2021\/10\/Denise-Vieira-montando-um-novo-espaco-para-cultivo.-Foto-Denise-Vieira-225x300.jpeg\" alt=\"\" width=\"300\" height=\"400\" srcset=\"https:\/\/rioonwatch.org\/wp-content\/uploads\/2021\/10\/Denise-Vieira-montando-um-novo-espaco-para-cultivo.-Foto-Denise-Vieira-225x300.jpeg 225w, https:\/\/rioonwatch.org\/wp-content\/uploads\/2021\/10\/Denise-Vieira-montando-um-novo-espaco-para-cultivo.-Foto-Denise-Vieira-768x1024.jpeg 768w, https:\/\/rioonwatch.org\/wp-content\/uploads\/2021\/10\/Denise-Vieira-montando-um-novo-espaco-para-cultivo.-Foto-Denise-Vieira.jpeg 780w\" sizes=\"(max-width: 300px) 100vw, 300px\" \/><\/a>Denise Vieira, known as \u201cEnvironmental Denise,\u201d is one of the founders of the Salgueiro Herb Growers Group. She explains: \u201cI joined the group because of my mother, who was a descendent of Brazil\u2019s indigenous population. She was from Olinda, in Pernambuco state. There were lots of herbs in our garden that always healed us. In one part of the community, there is an orchard with species native to the <a href=\"http:\/\/bit.ly\/2AUaXOm\" target=\"_blank\" rel=\"noopener\">Atlantic Forest<\/a>. I took children and adults there to replant trees. Fruit trees don\u2019t just feed the fauna, they also feed us, and they all have medicinal properties. Here, we are a buffer zone of the <a href=\"https:\/\/bit.ly\/3q2pOPG\" target=\"_blank\" rel=\"noopener\">Tijuca National Park<\/a>. The herbs and plants are beings that have souls too. The lesson is that we won\u2019t have a good quality of life without them. Herbs are not only able to generate income, but also wellbeing.<\/p>\n<p>The objective of the Salgueiro Herb Growers Group is to champion and keep alive the memory of the favela\u2019s matriarchs. They want to show everyone the potential in the gardens of their houses and in the forests that surround the favela. <a href=\"https:\/\/bit.ly\/39aEcLo\" target=\"_blank\" rel=\"noopener\">Food sovereignty<\/a> is also a discussion point at meetings. Denise Vieira says: \u201cMy mother died at the age of 94, she made her living running a daycare center and she looked after the children with herbs from our garden. The daycare was in our house. There were no public policies for daycare centers in favelas in 1969. My mom used rope tobacco with alcohol to get rid of everyone\u2019s lice. We used powdered charcoal as toothpaste to clean our teeth. <a href=\"https:\/\/bit.ly\/30086Sa\" target=\"_blank\" rel=\"noopener\">Lady\u2019s thumb<\/a> to treat itchiness. <a href=\"https:\/\/bit.ly\/3BHxpFB\" target=\"_blank\" rel=\"noopener\">Brazilian peppertree<\/a> made into tea for bathing, to treat mosquito bites. <a href=\"https:\/\/bit.ly\/3k5BNbr\" target=\"_blank\" rel=\"noopener\">Job\u2019s tears<\/a> to help mothers giving birth. We had a chicken coop and we fed the roosters and chickens leaves. We even have a hundred-year-old <a href=\"https:\/\/bit.ly\/3mGJcQb\" target=\"_blank\" rel=\"noopener\">abiu tree<\/a> (<em>pouteria caimito<\/em>), a species from the <a href=\"http:\/\/bit.ly\/2IMNEZp\" target=\"_blank\" rel=\"noopener\">Amazon<\/a> with numerous medicinal properties. And <a href=\"https:\/\/wb.md\/3q7VnYm\" target=\"_blank\" rel=\"noopener\">tea made from the leaves of guava trees<\/a> to treat diarrhea. <a href=\"https:\/\/bit.ly\/2YhTFYq\" target=\"_blank\" rel=\"noopener\">Lemon juice with corn starch<\/a> is used to clean out the intestine. Back then, we couldn\u2019t get our hands on so many brands of soft drinks. Children were healthier because the food was natural.\u201d<\/p>\n<p><iframe title=\"YouTube video player\" src=\"https:\/\/www.youtube.com\/embed\/hWi1R-i4jeQ\" width=\"1000\" height=\"563\" frameborder=\"0\" allowfullscreen=\"allowfullscreen\"><span data-mce-type=\"bookmark\" style=\"display: inline-block; width: 0px; overflow: hidden; line-height: 0;\" class=\"mce_SELRES_start\">\ufeff<\/span><span data-mce-type=\"bookmark\" style=\"display: inline-block; width: 0px; overflow: hidden; line-height: 0;\" class=\"mce_SELRES_start\">\ufeff<\/span><\/iframe><\/p>\n<p>In December 2020, the <a href=\"https:\/\/bit.ly\/3a6v4Zh\" target=\"_blank\" rel=\"noopener\">National Inquiry into Food Insecurity and Covid-19 in Brazil<\/a> carried out a survey in 2,180 homes in urban areas in the country&#8217;s five regions. The results showed that in 55.2% of homes the occupants live with <a href=\"https:\/\/bit.ly\/3xXqSEK\" target=\"_blank\" rel=\"noopener\">food insecurity<\/a>. Only 44.8% of homes were food secure.<\/p>\n<p>The herb growers\u2019 mission is to protect and make use of all the vegetables spread around the favela. Denise Santos, coordinator of the Jurema Batista Library, located at the Se Liga Salgueiro Radio, reflects: \u201cOne day, I was at the top of the hill and there was a whole wall covered in <a href=\"https:\/\/bit.ly\/3BKe9Hk\" target=\"_blank\" rel=\"noopener\">peppermint<\/a>. I was impressed by such a large quantity of the plant being there. Working with plants only brings us love. We learn more about them every day. Sometimes we are in the middle of a path and we don\u2019t even know the name of the plant. At the moment, I am renovating my vegetable garden, but I already have <a href=\"https:\/\/bit.ly\/3k5QYl3\" target=\"_blank\" rel=\"noopener\">basil<\/a>, <a href=\"https:\/\/bit.ly\/3DbtVwi\" target=\"_blank\" rel=\"noopener\">assa-peixe<\/a> (<em>vernonia polysphaera<\/em>), <a href=\"https:\/\/bit.ly\/3mm8TEl\" target=\"_blank\" rel=\"noopener\">guaco<\/a> (<em>mikania glomerata spreng<\/em>)\u2026 They are slowly arriving, ready to be planted in a specific place and it\u2019s the residents who are donating them. One of these days someone brought me <a href=\"https:\/\/bit.ly\/3mCYsNX\" target=\"_blank\" rel=\"noopener\">sai\u00e3o<\/a> (<em>kalanchoe brasiliensis cambess<\/em>). We can only combat global warming if we plant trees, reduce slash-and-burn agriculture. We need to plant in flowerpots, in vegetable gardens, everywhere, to combat global warming and global hunger, which is the most cruel face of <a href=\"https:\/\/bit.ly\/2XQrTQM\" target=\"_blank\" rel=\"noopener\">environmental racism<\/a>.\u201d<\/p>\n<p><a href=\"https:\/\/rioonwatch.org\/wp-content\/uploads\/2021\/11\/Denise-Santos-colhendo-na-horta-Atitude.-Foto-Mariano-Magalhaes-620x465-1.jpg\"><img loading=\"lazy\" decoding=\"async\" class=\"alignright wp-image-68106\" title=\"Denise Santos in the Atitude vegetable garden. Photo: Mariano Magalh\u00e3es\" src=\"https:\/\/rioonwatch.org\/wp-content\/uploads\/2021\/11\/Denise-Santos-colhendo-na-horta-Atitude.-Foto-Mariano-Magalhaes-620x465-1.jpg\" alt=\"\" width=\"300\" height=\"225\" srcset=\"https:\/\/rioonwatch.org\/wp-content\/uploads\/2021\/11\/Denise-Santos-colhendo-na-horta-Atitude.-Foto-Mariano-Magalhaes-620x465-1.jpg 620w, https:\/\/rioonwatch.org\/wp-content\/uploads\/2021\/11\/Denise-Santos-colhendo-na-horta-Atitude.-Foto-Mariano-Magalhaes-620x465-1-300x225.jpg 300w, https:\/\/rioonwatch.org\/wp-content\/uploads\/2021\/11\/Denise-Santos-colhendo-na-horta-Atitude.-Foto-Mariano-Magalhaes-620x465-1-174x131.jpg 174w, https:\/\/rioonwatch.org\/wp-content\/uploads\/2021\/11\/Denise-Santos-colhendo-na-horta-Atitude.-Foto-Mariano-Magalhaes-620x465-1-70x53.jpg 70w, https:\/\/rioonwatch.org\/wp-content\/uploads\/2021\/11\/Denise-Santos-colhendo-na-horta-Atitude.-Foto-Mariano-Magalhaes-620x465-1-326x245.jpg 326w\" sizes=\"(max-width: 300px) 100vw, 300px\" \/><\/a>Most of the herb growers are over 60, so the group is mostly made up of people who are at higher risk of <a href=\"https:\/\/bit.ly\/2RD5IJR\" target=\"_blank\" rel=\"noopener\">coronavirus<\/a> infection. For this reason, the group decided to move all their discussions to WhatsApp, to respect the necessary social isolation. Reminiscing on when she joined Salgueiro Herb Growers Group, the strong in-person characteristic of the project before the pandemic and how they kept their activities going, albeit remotely, Denise Santos says: \u201cI joined Salgueiro Herb Growers Group because of the <a href=\"http:\/\/bit.ly\/RFS20-02-22\" target=\"_blank\" rel=\"noopener\">Atitude<\/a> vegetable garden, which I look after in Salgueiro. I planted herbs there and, seeing this, the group asked me to be an herb grower. The community\u2019s ancestry fascinates me. In the past, everyone looked after themselves with herbs. My father planted many of these herbs when he arrived in the community, but with paved pathways and bridges, many got lost. The group came to rescue this herb culture. We were at a bit of a standstill and the first in-person meeting during the pandemic was in March of this year. It is a question of preservation since almost all the species are dying out. So we only find some in the forest because they already grow naturally in the middle of rocks. Plants bring great joy, and not just in vegetable gardens, but also in their medicinal form like <a href=\"https:\/\/bit.ly\/3F01faz\" target=\"_blank\" rel=\"noopener\">lemon balm<\/a> and peppermint. I learned a lot with this group.\u201d<\/p>\n<h3>We Have Come a Long Way<\/h3>\n<p><a href=\"https:\/\/rioonwatch.org\/wp-content\/uploads\/2021\/11\/Tania-Cristina-com-suas-hortalicas-em-maos-depois-de-um-encontro-com-as-erveiras.-Foto-Marcelo-da-Paz-1.jpeg\"><img loading=\"lazy\" decoding=\"async\" class=\"alignright wp-image-68108\" title=\"T\u00e2nia Cristina holds her vegetables after a meeting with the Herb Growers. Photo: Marcelo Paz \" src=\"https:\/\/rioonwatch.org\/wp-content\/uploads\/2021\/11\/Tania-Cristina-com-suas-hortalicas-em-maos-depois-de-um-encontro-com-as-erveiras.-Foto-Marcelo-da-Paz-1.jpeg\" alt=\"\" width=\"300\" height=\"400\" srcset=\"https:\/\/rioonwatch.org\/wp-content\/uploads\/2021\/11\/Tania-Cristina-com-suas-hortalicas-em-maos-depois-de-um-encontro-com-as-erveiras.-Foto-Marcelo-da-Paz-1.jpeg 720w, https:\/\/rioonwatch.org\/wp-content\/uploads\/2021\/11\/Tania-Cristina-com-suas-hortalicas-em-maos-depois-de-um-encontro-com-as-erveiras.-Foto-Marcelo-da-Paz-1-225x300.jpeg 225w\" sizes=\"(max-width: 300px) 100vw, 300px\" \/><\/a>Salgueiro is known for the traditional <a href=\"http:\/\/bit.ly\/1oJhQAI\" target=\"_blank\" rel=\"noopener\">Acad\u00eamicos do Salgueiro Samba School<\/a>. But it&#8217;s not just samba and its great living symbols that make up the long trajectory of this community in Tijuca. <a href=\"https:\/\/bit.ly\/3iAjJpc\" target=\"_blank\" rel=\"noopener\">It was founded in 1885<\/a> with the arrival of former workers from the coffee plantations of the Para\u00edba Valley, located between the cities of S\u00e3o Paulo and Rio de Janeiro, and its neighboring areas. At the end of the 19th Century, Salgueiro was still part of Ch\u00e1cara do Trapicheiro. Salgueiro was given its name in the mid-1920s because the Portuguese trader Domingos Alves Salgueiro, who owned 30 buildings in the community, became a local reference. And so the hill came to be known as &#8220;Morro do seu Salgueiro\u201d (Mr. Salgueiro\u2019s Hill).<\/p>\n<p>Then, the first inhabitants started arriving from the south of <a href=\"http:\/\/bit.ly\/2Uu1XW7\" target=\"_blank\" rel=\"noopener\">Bahia<\/a>, from the <a href=\"http:\/\/bit.ly\/1TO4K9D\" target=\"_blank\" rel=\"noopener\">Northeast<\/a> in general, and from the interior of Rio de Janeiro and Minas Gerais. Following the ancestry passed onto her by her grandmother, T\u00e2nia Cristina, 54, explains how she started growing herbs: \u201cMy grandmother was from Minas and she was the daughter of slaves. She already came here with the experience of that era. My granny taught me to know a plant by its smell. I often see a plant and I don\u2019t know what it is, but then I rub it on my hands, smell it and the name of the plant soon comes to mind. When I lived with her, we didn\u2019t have much pharmaceutical medicine and we used <a href=\"https:\/\/bit.ly\/3q7AcWr\" target=\"_blank\" rel=\"noopener\">Brazilian cherry<\/a>, <a href=\"https:\/\/bit.ly\/3k6LINN\" target=\"_blank\" rel=\"noopener\">St John\u2019s-wort<\/a> and <a href=\"https:\/\/bit.ly\/3bM6pu4\" target=\"_blank\" rel=\"noopener\">wild pansy<\/a>. The years went by, and [as] I am also a <a href=\"https:\/\/bit.ly\/2XZ1G1E\" target=\"_blank\" rel=\"noopener\">Candombl\u00e9<\/a> practitioner, herbs entered my life for real. I&#8217;ve always had a special gift with herbs. I have always really liked plants because my grandmother and my mother always showed us their power. 25 years ago, I trained as a nurse and it greatly sharpened my curiosity for using plants to heal. I don\u2019t like pulling up plants. Sometimes I find a plant in the street, I pick it up and I plant it here at my house. My son said that someday he&#8217;ll have to leave to make space for the plants. I said: \u2018suit yourself.\u2019 I make lots of syrups for my grandchildren Arthur, Nath\u00e1lia and Maur\u00edcio. I have looked after them since they were little. When everyone here is really anxious, I go to my lemon balm plant and make some tea. There are so many bushes that we forget about today.\u201d<\/p>\n<p><a href=\"https:\/\/rioonwatch.org\/wp-content\/uploads\/2021\/11\/Janaina-em-dia-de-palestra-contando-o-que-sabe-sobre-as-plantas.-Foto-Marcelo-da-Paz.jpeg\"><img loading=\"lazy\" decoding=\"async\" class=\"alignright wp-image-68109\" title=\"Janaina Soares on the day of the talk explaining what she knows about plants. Photo: Marcelo da Paz\" src=\"https:\/\/rioonwatch.org\/wp-content\/uploads\/2021\/11\/Janaina-em-dia-de-palestra-contando-o-que-sabe-sobre-as-plantas.-Foto-Marcelo-da-Paz.jpeg\" alt=\"\" width=\"300\" height=\"552\" srcset=\"https:\/\/rioonwatch.org\/wp-content\/uploads\/2021\/11\/Janaina-em-dia-de-palestra-contando-o-que-sabe-sobre-as-plantas.-Foto-Marcelo-da-Paz.jpeg 522w, https:\/\/rioonwatch.org\/wp-content\/uploads\/2021\/11\/Janaina-em-dia-de-palestra-contando-o-que-sabe-sobre-as-plantas.-Foto-Marcelo-da-Paz-163x300.jpeg 163w\" sizes=\"(max-width: 300px) 100vw, 300px\" \/><\/a>After <a href=\"http:\/\/bit.ly\/2JpV3OV\" target=\"_blank\" rel=\"noopener\">Provid\u00eancia<\/a>, Salgueiro is one of Rio\u2019s oldest favelas. It was there that the first residents\u2019 association in the city was established. In 1934, the then 7,000 residents of Salgueiro were <a href=\"https:\/\/bit.ly\/3mq6fxd\" target=\"_blank\" rel=\"noopener\">threatened with eviction<\/a>, but led by samba musician <a href=\"https:\/\/bit.ly\/3lNFVyh\" target=\"_blank\" rel=\"noopener\">Antenor Gargalhada<\/a> [the resident\u2019s association] left the judicial hearing victorious. Many of their descendants live in Salgueiro even today.<\/p>\n<p>Long-time herb grower Jana\u00edna Soares says that it was through her father that she became fascinated by the environment: \u201cMy father was part of the first community residents&#8217; association and I learned a lot about herbs [from him]. My father was a spiritual practitioner and he knew so much about herbs because of his mother. During my childhood, and when my children were young, we turned to herbs out of necessity, when we had fevers and colds. This was how we came to know what was good for our health. I use [this] knowledge to this day. My middle son had bronchitis and my grandmother didn\u2019t even need to ask: I&#8217;d just bring her the herbs. During my childhood, everything was more difficult and our grandparents used herbs all the time. Things were free from pesticides. I think it&#8217;s a shame that children don\u2019t have much contact time to learn about nature. It\u2019s up to every adult to encourage children to plant, to put their hands in the earth, to get involved with nature. This catches their attention so that they start to take an interest in and learn about the power of herbs.\u201d<\/p>\n<p>The Salgueiro Herb Growers Group also has men in its original formation. Gender issues and latent ancestry are central to the work of black women in the favela. As part of the <a href=\"https:\/\/bit.ly\/2UQVtqa\" target=\"_blank\" rel=\"noopener\">Hortas Cariocas<\/a> municipal program network, the team\u2019s next steps are to take the techniques for growing and harvesting, and everything involving the environment, to other favelas, to set up an herbarium and to resume meeting in person.<\/p>\n<h3>Reopening with Environmental Awareness Post-Vaccination<\/h3>\n<p>About returning to in-person meetings, Jana\u00edna Soares said: \u201cThe type of work that we do with our Herb Growers Group is a very good exchange of experiences, a way of helping other people who sometimes need a homemade remedy. We never reject mainstream medicine. On the contrary, we encourage people to go to the doctor. The group made us start new friendships\u2026 Friendship strengthened our connection. I can\u2019t wait to get back to our meetings in person, [which] are a very important exchange of ideas and also a moment for relaxing and listening to each other\u2026 I hope that people become more interested in the power of herbs after the pandemic. During the pandemic, I myself used <a href=\"https:\/\/bit.ly\/2YhYLV3\" target=\"_blank\" rel=\"noopener\">ora-pro-n\u00f3bis<\/a> (<em>pereskia aculeata<\/em>) to strengthen my body. I believe that people are going to value nature a bit more after the pandemic. Our work is not only very important within the community, but also for trying to spread this planting and knowledge to other places. It is beautiful when someone is curious enough to pick a little plant and ask what it is. I see the herb growers\u2019 work as an aspiration to not lose the delights of nature. I hope it passes on to other communities. I ask that people plant more and more! So that, in the future, we come to benefit from planting. Planting is excellent for our planet.\u201d<\/p>\n<p><a href=\"https:\/\/rioonwatch.org\/wp-content\/uploads\/2021\/11\/Resistencia-e-respeito-a-natureza-sao-as-diretrizes-ensinadas-por-tia-Silvia-e-outras-erveiras-do-Morro-do-Salgueiro.-Foto-Marcelo-da-Paz.jpeg\"><img loading=\"lazy\" decoding=\"async\" class=\"alignright wp-image-68110\" title=\"Resistance and respect for nature are the instructions taught by tia Silvia and the other herb growers in Morro do Salgueiro. Photo: Marcelo da Paz\" src=\"https:\/\/rioonwatch.org\/wp-content\/uploads\/2021\/11\/Resistencia-e-respeito-a-natureza-sao-as-diretrizes-ensinadas-por-tia-Silvia-e-outras-erveiras-do-Morro-do-Salgueiro.-Foto-Marcelo-da-Paz.jpeg\" alt=\"\" width=\"300\" height=\"300\" srcset=\"https:\/\/rioonwatch.org\/wp-content\/uploads\/2021\/11\/Resistencia-e-respeito-a-natureza-sao-as-diretrizes-ensinadas-por-tia-Silvia-e-outras-erveiras-do-Morro-do-Salgueiro.-Foto-Marcelo-da-Paz.jpeg 960w, https:\/\/rioonwatch.org\/wp-content\/uploads\/2021\/11\/Resistencia-e-respeito-a-natureza-sao-as-diretrizes-ensinadas-por-tia-Silvia-e-outras-erveiras-do-Morro-do-Salgueiro.-Foto-Marcelo-da-Paz-300x300.jpeg 300w, https:\/\/rioonwatch.org\/wp-content\/uploads\/2021\/11\/Resistencia-e-respeito-a-natureza-sao-as-diretrizes-ensinadas-por-tia-Silvia-e-outras-erveiras-do-Morro-do-Salgueiro.-Foto-Marcelo-da-Paz-768x768.jpeg 768w\" sizes=\"(max-width: 300px) 100vw, 300px\" \/><\/a>Following the same line of thought, T\u00e2nia Cristina is concerned about the <a href=\"http:\/\/bit.ly\/2KMosCw\" target=\"_blank\" rel=\"noopener\">climate crisis<\/a> which is devastating continents, and fears for the quality of life on the planet for future generations: \u201cI am aware that nature works in our favor and also against us when we treat it badly. God gave us everything for free and men want to take advantage by putting prices [on everything] and charging for plants and vegetables that should be free, and they still shove it in people\u2019s faces. Covid-19 came to prove that nature is in charge, it&#8217;s not human beings [in charge]. We are here in passing and we are destroying the environment that we should be leaving for future generations. [The pandemic is] a way for nature to complain about our lack of care for her. I really want people to show more love, to see eye to eye more often, because without nature we are nothing. We are nothing without sun, without rain, without wind. They are the very elements that let us breathe, be healthy and go forward in life.\u201d<\/p>\n<p><em>About the author: <a href=\"https:\/\/bit.ly\/2SVKpXZ\" target=\"_blank\" rel=\"noopener\">Beatriz Carvalho<\/a>\u00a0is a journalist, media-activist, feminist, and founder of\u00a0<a href=\"http:\/\/bit.ly\/2xQ8oJQ\" target=\"_blank\" rel=\"noopener\">Mulheres de Frente<\/a>, born and raised in\u00a0<a href=\"https:\/\/bit.ly\/3siXqGY\" target=\"_blank\" rel=\"noopener\">Vilar dos Teles<\/a>,\u00a0<a href=\"http:\/\/bit.ly\/2MmB6up\" target=\"_blank\" rel=\"noopener\">S\u00e3o Jo\u00e3o de Meriti<\/a>.<\/em><\/p>\n<p><em>About the artist:\u00a0<a href=\"https:\/\/bit.ly\/34uTitA\" target=\"_blank\" rel=\"noopener\">Anna Paula Rodrigues<\/a> is a freelance designer and illustrator with a degree in industrial design from the Federal University of Rio de Janeiro (<a href=\"http:\/\/bit.ly\/2XiG2Ha\" target=\"_blank\" rel=\"noopener\">UFRJ<\/a>). Anna Paula\u2014who focuses on anti-racist topics relating to aesthetics and beauty\u2014works as a graphic designer in numerous Rio de Janeiro NGOs.<\/em><\/p>\n<p><em>This article is the latest contribution to our year-long reporting project, \u201c<a href=\"http:\/\/bit.ly\/AntiracistFavelaIntro\" target=\"_blank\" rel=\"noopener\">Rooting Anti-Racism in the Favelas<\/a>: Deconstructing Social Narratives About Racism in Rio de Janeiro.\u201d Follow our\u00a0<a href=\"http:\/\/bit.ly\/AntiracistFavelas\" target=\"_blank\" rel=\"noopener\">Rooting Anti-Racism in the Favelas series here<\/a>.<\/em><\/p>\n<h4>Share your opinion about this article by clicking\u00a0<a href=\"https:\/\/bit.ly\/OpineAntirracismo\" target=\"_blank\" rel=\"noopener\">here<\/a>\u00a0(Portuguese).<\/h4>\n<hr \/>\n<h4><b data-stringify-type=\"bold\">Support\u00a0<\/b><b data-stringify-type=\"bold\"><i data-stringify-type=\"italic\">RioOnWatch<\/i><\/b><b data-stringify-type=\"bold\">\u2019s tireless, critical and cutting-edge hyperlocal journalism, online community organizing meetings, and direct support to favelas\u00a0<\/b><b data-stringify-type=\"bold\"><a class=\"c-link\" href=\"http:\/\/bit.ly\/DonateToRioOnWatch\" target=\"_blank\" rel=\"noopener noreferrer\" data-stringify-link=\"http:\/\/bit.ly\/DonateToRioOnWatch\" data-sk=\"tooltip_parent\">by clicking here.<\/a><\/b><\/h4>\n","protected":false},"excerpt":{"rendered":"<div class=\"mh-excerpt\"><p>Clique aqui para Portugu\u00eas This article is the latest contribution to our year-long reporting project, \u201cRooting Anti-Racism in the Favelas: Deconstructing Social Narratives About Racism in Rio de Janeiro.\u201d Follow our\u00a0Rooting Anti-Racism in the Favelas <a class=\"mh-excerpt-more\" href=\"https:\/\/rioonwatch.org\/?p=68092\" title=\"The Ancestral Knowledge of Black Women and the Healing Power of Plants Grown by the Salgueiro Favela\u2019s Herb Growers\">[&#8230;]<\/a><\/p>\n<\/div>","protected":false},"author":228,"featured_media":68073,"comment_status":"closed","ping_status":"closed","sticky":false,"template":"template-full.php","format":"standard","meta":{"_monsterinsights_skip_tracking":false,"_monsterinsights_sitenote_active":false,"_monsterinsights_sitenote_note":"","_monsterinsights_sitenote_category":0,"footnotes":""},"categories":[1288,1328,1290,1268,1271,329,452],"tags":[2367,1500,2405,3068,385,2436,674,187,223,291,3148,11,107,188,3416,3337,288,37,431,103,144,1189,906,3069,3245,471,1350,489,287],"writer":[2811],"translator":[3062],"illustrator":[3417],"photographer":[],"class_list":{"0":"post-68092","1":"post","2":"type-post","3":"status-publish","4":"format-standard","5":"has-post-thumbnail","7":"category-highlight","8":"category-by-community-contributors","9":"category-civilsociety","10":"category-favelaculture","11":"category-favelaqualities","12":"category-solutions","13":"category-rio20","14":"tag-amazon","15":"tag-candomble","16":"tag-community-garden","17":"tag-coronavirus","18":"tag-environmental-education","19":"tag-environmental-justice","20":"tag-memory","21":"tag-favela-bairro","22":"tag-favela-as-a-model","23":"tag-food","24":"tag-food-security","25":"tag-forced-evictions","26":"tag-health","27":"tag-history","28":"tag-hortas-cariocas","29":"tag-hunger","30":"tag-mata-atlantica","31":"tag-north-zone","32":"tag-northeast-of-brazil","33":"tag-profile","34":"tag-morro-da-providencia","35":"tag-racism","36":"tag-salgueiro","37":"tag-series-coronavirus-in-the-favelas","38":"tag-series-anti-racism","39":"tag-sustainability","40":"tag-tijuca","41":"tag-tijuca-forest","42":"tag-urban-agriculture","43":"writer-beatriz-carvalho","44":"translator-cormac-whitney-low","45":"illustrator-anna-paula-rodrigues"},"_links":{"self":[{"href":"https:\/\/rioonwatch.org\/index.php?rest_route=\/wp\/v2\/posts\/68092","targetHints":{"allow":["GET"]}}],"collection":[{"href":"https:\/\/rioonwatch.org\/index.php?rest_route=\/wp\/v2\/posts"}],"about":[{"href":"https:\/\/rioonwatch.org\/index.php?rest_route=\/wp\/v2\/types\/post"}],"author":[{"embeddable":true,"href":"https:\/\/rioonwatch.org\/index.php?rest_route=\/wp\/v2\/users\/228"}],"replies":[{"embeddable":true,"href":"https:\/\/rioonwatch.org\/index.php?rest_route=%2Fwp%2Fv2%2Fcomments&post=68092"}],"version-history":[{"count":0,"href":"https:\/\/rioonwatch.org\/index.php?rest_route=\/wp\/v2\/posts\/68092\/revisions"}],"wp:featuredmedia":[{"embeddable":true,"href":"https:\/\/rioonwatch.org\/index.php?rest_route=\/wp\/v2\/media\/68073"}],"wp:attachment":[{"href":"https:\/\/rioonwatch.org\/index.php?rest_route=%2Fwp%2Fv2%2Fmedia&parent=68092"}],"wp:term":[{"taxonomy":"category","embeddable":true,"href":"https:\/\/rioonwatch.org\/index.php?rest_route=%2Fwp%2Fv2%2Fcategories&post=68092"},{"taxonomy":"post_tag","embeddable":true,"href":"https:\/\/rioonwatch.org\/index.php?rest_route=%2Fwp%2Fv2%2Ftags&post=68092"},{"taxonomy":"writer","embeddable":true,"href":"https:\/\/rioonwatch.org\/index.php?rest_route=%2Fwp%2Fv2%2Fwriter&post=68092"},{"taxonomy":"translator","embeddable":true,"href":"https:\/\/rioonwatch.org\/index.php?rest_route=%2Fwp%2Fv2%2Ftranslator&post=68092"},{"taxonomy":"illustrator","embeddable":true,"href":"https:\/\/rioonwatch.org\/index.php?rest_route=%2Fwp%2Fv2%2Fillustrator&post=68092"},{"taxonomy":"photographer","embeddable":true,"href":"https:\/\/rioonwatch.org\/index.php?rest_route=%2Fwp%2Fv2%2Fphotographer&post=68092"}],"curies":[{"name":"wp","href":"https:\/\/api.w.org\/{rel}","templated":true}]}}