{"id":68273,"date":"2022-01-21T14:58:10","date_gmt":"2022-01-21T17:58:10","guid":{"rendered":"https:\/\/rioonwatch.org\/?p=68273"},"modified":"2025-09-13T14:07:46","modified_gmt":"2025-09-13T17:07:46","slug":"exu-killed-a-bird-yesterday-with-a-stone-he-threw-today-is-an-anti-racist-world-possible","status":"publish","type":"post","link":"https:\/\/rioonwatch.org\/?p=68273","title":{"rendered":"\u2018Eshu Throws a Stone Today and Kills a Bird of Yesterday\u2019: Is an Anti-Racist World Possible?"},"content":{"rendered":"<p style=\"text-align: right;\"><a href=\"https:\/\/bit.ly\/3AdhIWw\" target=\"_blank\" rel=\"noopener noreferrer\"><strong><em>Clique aqui para Portugu\u00eas<img decoding=\"async\" class=\"alignright size-full wp-image-23766\" src=\"https:\/\/www.rioonwatch.org\/wp-content\/uploads\/2012\/08\/PT-e1439583827971.png\" width=\"20\" height=\"20\" \/><\/em><\/strong><\/a><\/p>\n<p><em>This article is the latest contribution to our year-long reporting project, \u201c<a href=\"http:\/\/bit.ly\/AntiracistFavelaIntro\" target=\"_blank\" rel=\"noopener\">Rooting Anti-Racism in the Favelas<\/a>: Deconstructing Social Narratives About Racism in Rio de Janeiro.\u201d Follow our\u00a0<a href=\"http:\/\/bit.ly\/AntiracistFavelas\" target=\"_blank\" rel=\"noopener\">Rooting Anti-Racism in the Favelas series here<\/a>.<\/em><\/p>\n<p>An antiracist world must be fought for on several fronts. Acting in only one isolated area is not enough to heal the abyss left <a href=\"https:\/\/bit.ly\/2XB2ywt\" target=\"_blank\" rel=\"noopener\">by years of racial inequality<\/a> in Brazil. It is necessary to act together, with broad participation from civil society, the private sector, and public authorities to deconstruct <a href=\"http:\/\/bit.ly\/1Ngp80L\" target=\"_blank\" rel=\"noopener\">structural and institutionalized racism<\/a>. There is no magic bullet. The solution is a path built through hard work and dedication. The steps come from afar and are usually taken by us, black people, but above all by us, black women.<\/p>\n<h3>By Us for Us<\/h3>\n<p><a href=\"https:\/\/rioonwatch.org\/wp-content\/uploads\/2021\/11\/Acao-\u2018Mare-diz-nao-ao-coronavirus-realizada-durante-a-pandemia.-Foto-por-Douglas-Lopes.jpg\"><img fetchpriority=\"high\" decoding=\"async\" class=\"aligncenter wp-image-68276\" title=\"&quot;Mar\u00e9 says no to coronavirus&quot; action carried out during the pandemic. Photo: Douglas Lopes \" src=\"https:\/\/rioonwatch.org\/wp-content\/uploads\/2021\/11\/Acao-\u2018Mare-diz-nao-ao-coronavirus-realizada-durante-a-pandemia.-Foto-por-Douglas-Lopes.jpg\" alt=\"\" width=\"1030\" height=\"687\" srcset=\"https:\/\/rioonwatch.org\/wp-content\/uploads\/2021\/11\/Acao-\u2018Mare-diz-nao-ao-coronavirus-realizada-durante-a-pandemia.-Foto-por-Douglas-Lopes.jpg 799w, https:\/\/rioonwatch.org\/wp-content\/uploads\/2021\/11\/Acao-\u2018Mare-diz-nao-ao-coronavirus-realizada-durante-a-pandemia.-Foto-por-Douglas-Lopes-300x200.jpg 300w, https:\/\/rioonwatch.org\/wp-content\/uploads\/2021\/11\/Acao-\u2018Mare-diz-nao-ao-coronavirus-realizada-durante-a-pandemia.-Foto-por-Douglas-Lopes-768x512.jpg 768w\" sizes=\"(max-width: 1030px) 100vw, 1030px\" \/><\/a><\/p>\n<p>Cases abound. <a href=\"http:\/\/bit.ly\/2JViAZB\" target=\"_blank\" rel=\"noopener\">Redes da Mar\u00e9<\/a>, for instance, is a civil society organization which has become a reference for citizen activism in one of the largest favelas in the city of Rio de Janeiro. Founded over two decades ago, the network lives up to its name in the way it is structured. It produces knowledge, develops projects, and <a href=\"https:\/\/bit.ly\/3rskeW7\" target=\"_blank\" rel=\"noopener\">promotes comprehensive actions<\/a> to ensure effective public policies to improve the lives of the <a href=\"https:\/\/glo.bo\/3hzpYcQ\" target=\"_blank\" rel=\"noopener\">140,000 residents<\/a> of the 16 favelas that make up <a href=\"http:\/\/bit.ly\/2IgZ9Y4\" target=\"_blank\" rel=\"noopener\">Complexo da Mar\u00e9<\/a>, in the <a href=\"http:\/\/bit.ly\/2IgR5qe\" target=\"_blank\" rel=\"noopener\">North Zone<\/a>.<\/p>\n<p>Working across four axes\u2014<a href=\"https:\/\/bit.ly\/3C8ZZ2H\" target=\"_blank\" rel=\"noopener\">Art, Culture, Memories and Identities<\/a>; <a href=\"https:\/\/bit.ly\/3om2gCR\" target=\"_blank\" rel=\"noopener\">Territorial Development<\/a>; <a href=\"https:\/\/bit.ly\/31YhbvB\" target=\"_blank\" rel=\"noopener\">The Right to Public Safety and Justice<\/a>; and <a href=\"https:\/\/bit.ly\/2YGNaPH\" target=\"_blank\" rel=\"noopener\">Education<\/a>\u2014Redes da Mar\u00e9 has managed to ensure significant advances, while promoting important debates about awareness and active citizenship in the community.<\/p>\n<p><a href=\"https:\/\/bit.ly\/3kS07hB\" target=\"_blank\" rel=\"noopener\">Started by current and former residents<\/a> of the region, Redes da Mar\u00e9 is always attentive to local needs. This focus has contributed to the institution&#8217;s broad reach today, and ability to commit thoroughly to important issues\u2014much like other organizations from the <a href=\"https:\/\/bit.ly\/2O0QaBe\" target=\"_blank\" rel=\"noopener\">Black Movement<\/a> have fought, and still fight, to guarantee a better life for current and future generations.<\/p>\n<h3>Identifying and Ensuring Rights: &#8220;Blackology&#8221; and Yoruba Philosophical Pathways<\/h3>\n<p>\u201c<a href=\"https:\/\/bit.ly\/3tHHBh0\" target=\"_blank\" rel=\"noopener\">Eshu Throws a Stone Today and Kills a Bird of Yesterday<\/a>\u201d is a <a href=\"https:\/\/bit.ly\/2YHx2xp\" target=\"_blank\" rel=\"noopener\">Yoruba<\/a> saying that became popular after Brazilian rapper Emicida quoted it in the documentary <em><a href=\"https:\/\/dcdr.me\/3DeUZLn\" target=\"_blank\" rel=\"noopener\">AmarElo\u2014It&#8217;s All for Yesterday<\/a><\/em>, which is about the artist&#8217;s work and about <a href=\"https:\/\/bit.ly\/3bXxYAo\" target=\"_blank\" rel=\"noopener\">blackness in Brazil<\/a>.<\/p>\n<p><a href=\"https:\/\/bit.ly\/3I4d3Kp\" target=\"_blank\" rel=\"noopener\">Yoruba culture<\/a> comes from one of the greatest kingdoms in the history of West <a href=\"https:\/\/bit.ly\/32eOMhe\" target=\"_blank\" rel=\"noopener\">Africa<\/a>: the <a href=\"https:\/\/bit.ly\/2YHxHyT\" target=\"_blank\" rel=\"noopener\">Oyo Empire<\/a>. In this culture, <a href=\"https:\/\/bit.ly\/3rpCQWx\" target=\"_blank\" rel=\"noopener\">orality holds a sacred weight<\/a>. It is the fabric that weaves together peoples&#8217; lives, <a href=\"http:\/\/bit.ly\/2XYOprO\" target=\"_blank\" rel=\"noopener\">transmitting their ancestral heritage<\/a> to the younger generation, and preserving traditional knowledge. Rhetoric and <a href=\"http:\/\/bit.ly\/2ZsDK56\" target=\"_blank\" rel=\"noopener\">storytelling<\/a> are historical documents as well as educational practices.<\/p>\n<p>In order to understand oneself as a black person in the diaspora, amid a reality of <a href=\"https:\/\/bit.ly\/2XEgQfj\" target=\"_blank\" rel=\"noopener\">hierarchies<\/a>, <a href=\"https:\/\/tgam.ca\/2sw5Obt\" target=\"_blank\" rel=\"noopener\">colorism<\/a>, and <a href=\"https:\/\/bit.ly\/3tNvw9X\" target=\"_blank\" rel=\"noopener\">racial inequality<\/a>, it is necessary to reflect collectively on the topic. It becomes important to honor one&#8217;s ancestors, to educate oneself in the collective &#8220;doing&#8221; of <a href=\"https:\/\/bit.ly\/3An3UcU\" target=\"_blank\" rel=\"noopener\">blackology<em>\u2014<\/em>or black pedagogy<\/a><em>\u2014<\/em>and to strengthen ourselves through our own.<\/p>\n<p><a href=\"https:\/\/rioonwatch.org\/wp-content\/uploads\/2021\/11\/Pamella-Carvalho-no-centro-em-frente-ao-predio-onde-vai-funcionar-a-Casa-Preta-da-Mare-com-Treyce-Ellen-Luma-Mota-Rodrigo-Almeida-Luana-Alves-e-Milena-Ventura.-Foto-Matheus-Affonso.jpg\"><img decoding=\"async\" class=\"aligncenter wp-image-68284 size-mh-magazine-slider\" title=\"P\u00e2mela Carvalho (center) in front of the building where the Black House of Mar\u00e9 will open with Treyce Ellen, Luma Mota, Rodrigo Almeida, Luana Alves and Milena Ventura. Photo: Matheus Affonso\" src=\"https:\/\/rioonwatch.org\/wp-content\/uploads\/2021\/11\/Pamella-Carvalho-no-centro-em-frente-ao-predio-onde-vai-funcionar-a-Casa-Preta-da-Mare-com-Treyce-Ellen-Luma-Mota-Rodrigo-Almeida-Luana-Alves-e-Milena-Ventura.-Foto-Matheus-Affonso-1030x438.jpg\" alt=\"\" width=\"1030\" height=\"438\" srcset=\"https:\/\/rioonwatch.org\/wp-content\/uploads\/2021\/11\/Pamella-Carvalho-no-centro-em-frente-ao-predio-onde-vai-funcionar-a-Casa-Preta-da-Mare-com-Treyce-Ellen-Luma-Mota-Rodrigo-Almeida-Luana-Alves-e-Milena-Ventura.-Foto-Matheus-Affonso-1030x438.jpg 1030w, https:\/\/rioonwatch.org\/wp-content\/uploads\/2021\/11\/Pamella-Carvalho-no-centro-em-frente-ao-predio-onde-vai-funcionar-a-Casa-Preta-da-Mare-com-Treyce-Ellen-Luma-Mota-Rodrigo-Almeida-Luana-Alves-e-Milena-Ventura.-Foto-Matheus-Affonso-620x264.jpg 620w\" sizes=\"(max-width: 1030px) 100vw, 1030px\" \/><\/a><\/p>\n<p>The <a href=\"https:\/\/bit.ly\/2OjOSRP\" target=\"_blank\" rel=\"noopener\">Mar\u00e9 Census<\/a>, produced by Redes da Mar\u00e9, revealed that 62.1% of residents identify themselves as black or brown. From this analysis, several policies were developed to improve race relations in the group of favelas, and thus combat everyday racism. The <a href=\"https:\/\/bit.ly\/3eQPoQW\" target=\"_blank\" rel=\"noopener\">Black House of Mar\u00e9<\/a> was created with this aim, as explained by P\u00e2mela Carvalho, coordinator of Redes da Mar\u00e9&#8217;s Art, Culture, Memories and Identities axis: \u201cWe started out with formative roundtables, with the idea of re-educating people on race relations. Having discussions on black masculinities, black grandmothers&#8230; On the difference between retail drug sales and drug trafficking; understanding how important it is to racialize the issue of public safety because we, unfortunately, have a <a href=\"https:\/\/bit.ly\/3yHxFUC\" target=\"_blank\" rel=\"noopener\">very racist public security project in force here in Rio de Janeiro<\/a>.\u201d<\/p>\n<p><a href=\"https:\/\/rioonwatch.org\/wp-content\/uploads\/2022\/01\/Foto-de-uma-aula-da-Escola-de-Letramento-Racial-da-Mare.-Foto-por-Douglas-Lopes.jpg\"><img loading=\"lazy\" decoding=\"async\" class=\"aligncenter wp-image-68742 size-mh-magazine-slider\" title=\"A class at the School for Racial Literacy, an initiative of the Black House of Mar\u00e9. Photo: Douglas Lopes\" src=\"https:\/\/rioonwatch.org\/wp-content\/uploads\/2022\/01\/Foto-de-uma-aula-da-Escola-de-Letramento-Racial-da-Mare.-Foto-por-Douglas-Lopes-1030x438.jpg\" alt=\"\" width=\"1030\" height=\"438\" srcset=\"https:\/\/rioonwatch.org\/wp-content\/uploads\/2022\/01\/Foto-de-uma-aula-da-Escola-de-Letramento-Racial-da-Mare.-Foto-por-Douglas-Lopes-1030x438.jpg 1030w, https:\/\/rioonwatch.org\/wp-content\/uploads\/2022\/01\/Foto-de-uma-aula-da-Escola-de-Letramento-Racial-da-Mare.-Foto-por-Douglas-Lopes-620x264.jpg 620w\" sizes=\"(max-width: 1030px) 100vw, 1030px\" \/><\/a><\/p>\n<p>The space aims to promote theoretical, methodological, and political education in order to work through ethno-racial issues, and provide tools to confront <a href=\"https:\/\/bit.ly\/3FOVHPW\" target=\"_blank\" rel=\"noopener\">structural racism<\/a> in Brazil. The Black House also runs the Mar\u00e9 School for Racial Literacy, an ongoing training program for black youth that ran from July to December of 2021, with new classes planned for 2022, 2023, and years to follow.<\/p>\n<p><a href=\"https:\/\/rioonwatch.org\/wp-content\/uploads\/2022\/01\/Artistas-Raphael-Cruz-e-Oscar-Rack-posam-em-frente-a-grafite-na-Mare.-Foro-por-Arthur-Vianna.jpg\"><img loading=\"lazy\" decoding=\"async\" class=\"aligncenter wp-image-68743 size-mh-magazine-slider\" title=\"Graffiti artists Raphael Cruz and Oscar Rack pose in front of a panel painted in Mar\u00e9. Photo: Arthur Vianna\" src=\"https:\/\/rioonwatch.org\/wp-content\/uploads\/2022\/01\/Artistas-Raphael-Cruz-e-Oscar-Rack-posam-em-frente-a-grafite-na-Mare.-Foro-por-Arthur-Vianna-1030x438.jpg\" alt=\"\" width=\"1030\" height=\"438\" srcset=\"https:\/\/rioonwatch.org\/wp-content\/uploads\/2022\/01\/Artistas-Raphael-Cruz-e-Oscar-Rack-posam-em-frente-a-grafite-na-Mare.-Foro-por-Arthur-Vianna-1030x438.jpg 1030w, https:\/\/rioonwatch.org\/wp-content\/uploads\/2022\/01\/Artistas-Raphael-Cruz-e-Oscar-Rack-posam-em-frente-a-grafite-na-Mare.-Foro-por-Arthur-Vianna-620x264.jpg 620w\" sizes=\"(max-width: 1030px) 100vw, 1030px\" \/><\/a><\/p>\n<p>Due to the pandemic, weekly classes were held remotely, with one face-to-face class per month. The training was divided into modules. The first module included theoretical classes to understand racialization in the context of Brazil; the second focused on analyzing audiovisual media from a racialized perspective, including practical knowledge of the topic; and the last focused on the arts in general.<\/p>\n<p><a href=\"https:\/\/rioonwatch.org\/wp-content\/uploads\/2022\/01\/Artistas-Jugraft-e-Yaya.-Foto-por-Arthur-Vianna.jpg\"><img loading=\"lazy\" decoding=\"async\" class=\"aligncenter wp-image-68744 size-mh-magazine-slider\" title=\"Artists Jugraft and Yaya. Photo: Arthur Vianna\" src=\"https:\/\/rioonwatch.org\/wp-content\/uploads\/2022\/01\/Artistas-Jugraft-e-Yaya.-Foto-por-Arthur-Vianna-1030x438.jpg\" alt=\"\" width=\"1030\" height=\"438\" srcset=\"https:\/\/rioonwatch.org\/wp-content\/uploads\/2022\/01\/Artistas-Jugraft-e-Yaya.-Foto-por-Arthur-Vianna-1030x438.jpg 1030w, https:\/\/rioonwatch.org\/wp-content\/uploads\/2022\/01\/Artistas-Jugraft-e-Yaya.-Foto-por-Arthur-Vianna-620x264.jpg 620w\" sizes=\"(max-width: 1030px) 100vw, 1030px\" \/><\/a><\/p>\n<p>As Carvalho explains, &#8220;We&#8217;re going to work a lot with rap, graffiti, funk, and the urban arts within these youths&#8217; context, which is something they&#8217;ve shown an interest in. The idea is to make this a training course, with about 30 students per class. They will all receive stipends since we&#8217;ve realized that many are already in the informal labor market.&#8221;<\/p>\n<p><a href=\"https:\/\/rioonwatch.org\/wp-content\/uploads\/2022\/01\/Abdias-de-Nascimento-na-peca-Otelo-1946.-Arquivo-Nacional..jpg\"><img loading=\"lazy\" decoding=\"async\" class=\"alignright wp-image-68745\" title=\"Abdias de Nascimento in Othello, 1946. Arquivo Nacional.\" src=\"https:\/\/rioonwatch.org\/wp-content\/uploads\/2022\/01\/Abdias-de-Nascimento-na-peca-Otelo-1946.-Arquivo-Nacional.-493x620.jpg\" alt=\"\" width=\"300\" height=\"378\" srcset=\"https:\/\/rioonwatch.org\/wp-content\/uploads\/2022\/01\/Abdias-de-Nascimento-na-peca-Otelo-1946.-Arquivo-Nacional.-493x620.jpg 493w, https:\/\/rioonwatch.org\/wp-content\/uploads\/2022\/01\/Abdias-de-Nascimento-na-peca-Otelo-1946.-Arquivo-Nacional.-768x967.jpg 768w, https:\/\/rioonwatch.org\/wp-content\/uploads\/2022\/01\/Abdias-de-Nascimento-na-peca-Otelo-1946.-Arquivo-Nacional.-500x629.jpg 500w, https:\/\/rioonwatch.org\/wp-content\/uploads\/2022\/01\/Abdias-de-Nascimento-na-peca-Otelo-1946.-Arquivo-Nacional..jpg 800w\" sizes=\"(max-width: 300px) 100vw, 300px\" \/><\/a>The Black House of Mar\u00e9 also offers shorter-term courses and artistic cultural activities that are open to the general public. These focus on the Afro-Brazilian context, such as a course on the theory of <em><a href=\"https:\/\/bit.ly\/3AlCWCG\" target=\"_blank\" rel=\"noopener\">Quilombismo<\/a><\/em>, a concept coined by actor and activist <a href=\"http:\/\/bit.ly\/2u8nFUs\" target=\"_blank\" rel=\"noopener\">Abdias do Nascimento<\/a>. Also known today as <em>aquilombamento<\/em>, both terms originate with the term <a href=\"https:\/\/bit.ly\/3nLxGTX\" target=\"_blank\" rel=\"noopener\"><em>quilombo<\/em><\/a>\u2014the first territories of freedom from enslavement for Afro-Brazilians in colonial Brazil, having a social and economic model that contrasted with the areas of Portuguese occupation. <em>Quilombos<\/em> were based on African cultural heritage and values, they could be rural or urban, and were self-sufficient, producing their own food, laws, weapons, etc. although they established commercial relations with surrounding communities under Portuguese rule. Some <em>quilombos<\/em> had more people than the largest Portuguese-controlled Brazilian cities at the time. <em>Quilombismo<\/em> proposes this legacy as the foundational reference for the political mobilization of the Afro-descendent population in the Americas, based on their own historical and cultural experiences. It goes even further, in fact, with an Afro-Brazilian proposal for the contemporary national State as a multi-ethnic and pluricultural Brazil.<\/p>\n<p><iframe title=\"YouTube video player\" src=\"https:\/\/www.youtube.com\/embed\/rLgHjTMG1As\" width=\"1000\" height=\"563\" frameborder=\"0\" allowfullscreen=\"allowfullscreen\"><\/iframe><\/p>\n<p>&#8220;We&#8217;re also beginning a research project. The aim is to understand the living conditions of black people in Mar\u00e9, and we also want to produce material with the <a href=\"https:\/\/bit.ly\/3xEpeJ4\" target=\"_blank\" rel=\"noopener\">Angolan population living in the area of Vila do Pinheiro<\/a>&#8230; We want to dedicate a specific section of the study to this,\u201d explains P\u00e2mela Carvalho.<\/p>\n<p><a href=\"https:\/\/rioonwatch.org\/wp-content\/uploads\/2022\/01\/Lica-angolana-moradora-da-Mare.-Foto-por-Eloi-Leones_DataLab.gif\"><img loading=\"lazy\" decoding=\"async\" class=\"aligncenter wp-image-68754 size-mh-magazine-slider\" title=\"Lica is an Angolan woman who lives in Mar\u00e9. Photo: Eloi Leones\/DataLab\" src=\"https:\/\/rioonwatch.org\/wp-content\/uploads\/2022\/01\/Lica-angolana-moradora-da-Mare.-Foto-por-Eloi-Leones_DataLab-1030x438.gif\" alt=\"\" width=\"1030\" height=\"438\" srcset=\"https:\/\/rioonwatch.org\/wp-content\/uploads\/2022\/01\/Lica-angolana-moradora-da-Mare.-Foto-por-Eloi-Leones_DataLab-1030x438.gif 1030w, https:\/\/rioonwatch.org\/wp-content\/uploads\/2022\/01\/Lica-angolana-moradora-da-Mare.-Foto-por-Eloi-Leones_DataLab-620x264.gif 620w\" sizes=\"(max-width: 1030px) 100vw, 1030px\" \/><\/a><\/p>\n<p>To help foster these types of initiatives, <a href=\"http:\/\/bit.ly\/2Z4QfqV\" target=\"_blank\" rel=\"noopener\">Casa Fluminense<\/a> published a guide with local concerns that help residents diagnose their communities&#8217; problems, and create proposals for how to change them. The idea is to encourage them to discuss these proposals with other residents and local politicians, and set up meetings with the vice-mayor or the head of the regional administration.<\/p>\n<p>Like Redes da Mar\u00e9, Casa Fluminense is also a civil society organization. It acts as a hub for people and partner organizations in specific territories, to build and monitor public policies in the <a href=\"http:\/\/bit.ly\/2IqnU52\" target=\"_blank\" rel=\"noopener\">Rio de Janeiro Metropolitan Region<\/a>. &#8220;Our main strategy is to promote fair, democratic and sustainable development in this region,&#8221; says Claudia Cruz, Information Coordinator for Casa Fluminense.<\/p>\n<p>According to Cruz, intersectional racial dynamics are taken into account in everything Casa Fluminense produces. The <a href=\"https:\/\/bit.ly\/3k9mhtr\" target=\"_blank\" rel=\"noopener\">Inequality Map<\/a> produced by the organization contains evidence of the social and racial hierarchies that guide its actions. The data speak for themselves and lay bare our racist social constructions.<\/p>\n<p>&#8220;In 2018, when we compiled <a href=\"https:\/\/bit.ly\/2DUam2j\" target=\"_blank\" rel=\"noopener\">data for the Inequality Map<\/a>, we saw that 82.4% of railroad accident victims are black, so we released the book &#8216;It Was Not In Vain&#8217; to talk about this issue. This is notoriously a case of racism because we know that the <a href=\"https:\/\/bit.ly\/3q7985Z\" target=\"_blank\" rel=\"noopener\">portion of the population that uses the rail system the most<\/a> is mainly from [Greater Rio&#8217;s] Baixada Fluminense: low-income individuals who are, for the most part, black or brown,&#8221; explains Cruz.<\/p>\n<p><a href=\"https:\/\/rioonwatch.org\/wp-content\/uploads\/2022\/01\/Mapa-das-Desigualdades-Mortes-de-pessoas-negras-no-transporte.png\"><img loading=\"lazy\" decoding=\"async\" class=\"aligncenter wp-image-68757 size-full\" title=\"Inequality Map: death of black people in transport. Source: Casa Fluminense\" src=\"https:\/\/rioonwatch.org\/wp-content\/uploads\/2022\/01\/Mapa-das-Desigualdades-Mortes-de-pessoas-negras-no-transporte.png\" alt=\"\" width=\"1366\" height=\"768\" srcset=\"https:\/\/rioonwatch.org\/wp-content\/uploads\/2022\/01\/Mapa-das-Desigualdades-Mortes-de-pessoas-negras-no-transporte.png 1366w, https:\/\/rioonwatch.org\/wp-content\/uploads\/2022\/01\/Mapa-das-Desigualdades-Mortes-de-pessoas-negras-no-transporte-620x349.png 620w, https:\/\/rioonwatch.org\/wp-content\/uploads\/2022\/01\/Mapa-das-Desigualdades-Mortes-de-pessoas-negras-no-transporte-768x432.png 768w, https:\/\/rioonwatch.org\/wp-content\/uploads\/2022\/01\/Mapa-das-Desigualdades-Mortes-de-pessoas-negras-no-transporte-1119x629.png 1119w\" sizes=\"(max-width: 1366px) 100vw, 1366px\" \/><\/a><\/p>\n<p>Casa Fluminense also analyzes <a href=\"https:\/\/bit.ly\/2Nl100N\" target=\"_blank\" rel=\"noopener\">police lethality<\/a> and <a href=\"https:\/\/bit.ly\/3yoIJW2\" target=\"_blank\" rel=\"noopener\">violence<\/a>, which mostly target the black population, besides <a href=\"http:\/\/bit.ly\/2T1k7RU\" target=\"_blank\" rel=\"noopener\">environmental racism<\/a>, seeking to identify goals and specific actions to address these problems. In the case of environmental racism, a topic which remains underexplored, the organization&#8217;s work seeks to include favelas and peripheries when <a href=\"https:\/\/bit.ly\/3koUsQH\" target=\"_blank\" rel=\"noopener\">municipal plans for basic sanitation are updated<\/a>. &#8220;When you can create proposals and analyses and approach your councillors and local politicians showing them how this [neglect with regard to basic sanitation] has been causing illnesses, difficulties, flooding houses, and leading people to lose their homes&#8230; you&#8217;re doing it to help improve this situation. Dialogue is the best of all worlds,&#8221; explains Cruz.<\/p>\n<p><a href=\"https:\/\/rioonwatch.org\/wp-content\/uploads\/2022\/01\/Pessoas-negras-assassinadas-pelo-Estado.-Fonte-Mapa-das-Desigualdades-Casa-Fluminense.png\"><img loading=\"lazy\" decoding=\"async\" class=\"aligncenter wp-image-68819 size-full\" title=\"Inequality Map: black people murdered by the State. Source: Casa Fluminense\" src=\"https:\/\/rioonwatch.org\/wp-content\/uploads\/2022\/01\/Pessoas-negras-assassinadas-pelo-Estado.-Fonte-Mapa-das-Desigualdades-Casa-Fluminense.png\" alt=\"\" width=\"1366\" height=\"768\" srcset=\"https:\/\/rioonwatch.org\/wp-content\/uploads\/2022\/01\/Pessoas-negras-assassinadas-pelo-Estado.-Fonte-Mapa-das-Desigualdades-Casa-Fluminense.png 1366w, https:\/\/rioonwatch.org\/wp-content\/uploads\/2022\/01\/Pessoas-negras-assassinadas-pelo-Estado.-Fonte-Mapa-das-Desigualdades-Casa-Fluminense-620x349.png 620w, https:\/\/rioonwatch.org\/wp-content\/uploads\/2022\/01\/Pessoas-negras-assassinadas-pelo-Estado.-Fonte-Mapa-das-Desigualdades-Casa-Fluminense-768x432.png 768w, https:\/\/rioonwatch.org\/wp-content\/uploads\/2022\/01\/Pessoas-negras-assassinadas-pelo-Estado.-Fonte-Mapa-das-Desigualdades-Casa-Fluminense-1119x629.png 1119w\" sizes=\"(max-width: 1366px) 100vw, 1366px\" \/><\/a><\/p>\n<p>She highlights the Casa&#8217;s role as a sort of mediator. Through <a href=\"https:\/\/bit.ly\/3ebHem2\" target=\"_blank\" rel=\"noopener\">talks<\/a>, <a href=\"https:\/\/bit.ly\/3ebW24i\" target=\"_blank\" rel=\"noopener\">courses<\/a>, <a href=\"https:\/\/bit.ly\/3wL9bbb\" target=\"_blank\" rel=\"noopener\">maps<\/a>, <a href=\"https:\/\/bit.ly\/3k9Usnc\" target=\"_blank\" rel=\"noopener\">panels<\/a> and <a href=\"https:\/\/bit.ly\/3rdpSe8\" target=\"_blank\" rel=\"noopener\">forums<\/a>, Casa Fluminense provides information for locals to design their own <a href=\"https:\/\/bit.ly\/3k9Usnc\" target=\"_blank\" rel=\"noopener\">proposals for improving the city<\/a>, thus bridging the distance between what is planned by public authorities and what is most urgent for residents.<\/p>\n<blockquote><p>&#8220;We need to build networks that take us from the resident to the mayor, to the governor, or the president, because nobody can do anything alone. That is why Casa Fluminense is so committed to building networks and promoting local actors, so they can work on the inequalities they themselves identify.&#8221; \u2014 Cl\u00e1udia Cruz<\/p><\/blockquote>\n<h3><strong>What Still Needs to Be Done?<\/strong><\/h3>\n<p>Casa Fluminense has approximately 70 partners. These are organizations and collectives committed to social justice, dedicated to ensuring equity, and active in fighting racism. Yet, even with so much work being done, Rio de Janeiro still suffers from deep inequalities <a href=\"https:\/\/bit.ly\/3yTRln6\" target=\"_blank\" rel=\"noopener\">aggravated by the pandemic<\/a>.<\/p>\n<p><a href=\"https:\/\/rioonwatch.org\/wp-content\/uploads\/2022\/01\/Oficina-do-Projeto-Juventude-Popular-na-Universidade-da-Casa-Fluminense.-Foto-de-Casa-Fluminense-Divulgacao-scaled-1.jpg\"><img loading=\"lazy\" decoding=\"async\" class=\"aligncenter wp-image-68820 size-mh-magazine-slider\" title=\"A workshop from the Popular Youth Project at the Casa Fluminense University. Photo: Casa Fluminense \" src=\"https:\/\/rioonwatch.org\/wp-content\/uploads\/2022\/01\/Oficina-do-Projeto-Juventude-Popular-na-Universidade-da-Casa-Fluminense.-Foto-de-Casa-Fluminense-Divulgacao-scaled-1-1030x438.jpg\" alt=\"\" width=\"1030\" height=\"438\" srcset=\"https:\/\/rioonwatch.org\/wp-content\/uploads\/2022\/01\/Oficina-do-Projeto-Juventude-Popular-na-Universidade-da-Casa-Fluminense.-Foto-de-Casa-Fluminense-Divulgacao-scaled-1-1030x438.jpg 1030w, https:\/\/rioonwatch.org\/wp-content\/uploads\/2022\/01\/Oficina-do-Projeto-Juventude-Popular-na-Universidade-da-Casa-Fluminense.-Foto-de-Casa-Fluminense-Divulgacao-scaled-1-620x264.jpg 620w\" sizes=\"(max-width: 1030px) 100vw, 1030px\" \/><\/a><\/p>\n<p>These organizations were responsible for <a href=\"https:\/\/bit.ly\/3wCHTUf\" target=\"_blank\" rel=\"noopener\">promoting basic care<\/a>, providing <a href=\"https:\/\/bit.ly\/3HQaawq\" target=\"_blank\" rel=\"noopener\">coronavirus prevention<\/a> information, and setting up food drives <a href=\"https:\/\/bit.ly\/39aEcLo\" target=\"_blank\" rel=\"noopener\">for those who lost income because of the pandemic<\/a>, in yet <a href=\"https:\/\/bit.ly\/33GScKH\" target=\"_blank\" rel=\"noopener\">another case of neglect<\/a> toward the black and poor population.<\/p>\n<p>In July 2020, Rio&#8217;s Pontifical Catholic University&#8217;s <a href=\"https:\/\/bit.ly\/3i01I2A\" target=\"_blank\" rel=\"noopener\">Center for Health Operations and Intelligence<\/a> released data showing that there were more coronavirus fatalities of black and brown people in Brazil than of whites: &#8220;<a href=\"https:\/\/bit.ly\/3ChyWUl\" target=\"_blank\" rel=\"noopener\">almost 55% of those who died were black and brown, while only 38% of white people died<\/a>.\u201d Until the period studied, the percentage was higher among black people than white people across all age groups and education levels. In Rio de Janeiro, it became emblematic that the disease\u2019s first fatal victim <a href=\"https:\/\/reut.rs\/33WiH28\" target=\"_blank\" rel=\"noopener\">was a domestic worker<\/a>.<\/p>\n<p>Cruz emphasizes that Casa Fluminense\u2019s surveys reach the legislative and executive branches. But it\u2019s important to make people more aware of what causes these vulnerabilities. \u201cCasa Fluminense has been trying to encourage local partners to take on advocacy activities, to take an active role in management boards, in health centers, in cultural institutions, and to engage with the city councils and make proposals that have to do with their communities, and that in some way touch upon the racial issue.&#8221;<\/p>\n<h3><strong>Through Love or Through Pain<\/strong><\/h3>\n<p><a href=\"https:\/\/bit.ly\/2W36ViN\" target=\"_blank\" rel=\"noopener\">Data collection is key<\/a> to showing evidence of structural racism and it contributes to making the State accountable. It is also important to our understanding of the magnitude of the <a href=\"http:\/\/bit.ly\/2u9JPWX\" target=\"_blank\" rel=\"noopener\">underrepresentation of black people<\/a> in different sectors of our society.<\/p>\n<p>In the last general election, in 2018, <a href=\"https:\/\/bit.ly\/36udkFJ\" target=\"_blank\" rel=\"noopener\">less than a quarter<\/a> of the federal deputies identified themselves as black. According to a 2020 survey by the Ethos Institute, <a href=\"https:\/\/bit.ly\/2VzmMoL\" target=\"_blank\" rel=\"noopener\">only 4.7% of leadership positions<\/a> in Brazil\u2019s 500 largest companies were held by Afro-Brazilians. According to the Brazilian Institute for Geography and Statistics (<a href=\"http:\/\/bit.ly\/2N99RSB\" target=\"_blank\" rel=\"noopener\">IBGE<\/a>), about <a href=\"https:\/\/glo.bo\/3BZ6hCj\" target=\"_blank\" rel=\"noopener\">55% of Brazil is black<\/a>, and even while they are the majority, Afro-Brazilians are systematically excluded from decision-making positions in the public and private sectors.<\/p>\n<p>In order to promote inclusion in the corporate sector, in large companies, the <a href=\"https:\/\/bit.ly\/3qgonwB\" target=\"_blank\" rel=\"noopener\">Identities Institute of Brazil<\/a> promotes programs for organizations that need to evolve in this respect. With the motto \u201c<a href=\"https:\/\/bit.ly\/3yNYSV2\" target=\"_blank\" rel=\"noopener\"><em>Yes to Racial Equality<\/em><\/a>,\u201d the non-profit created by entrepreneur, journalist and activist Luana G\u00e9not has become a reference.<\/p>\n<p>The group&#8217;s administrative and financial director, Tom Mendes, says that many companies have been making a choice for diversity both due to awareness and market pressures. He points out that there is pressure abroad for those who invest in Brazil to look at social, sustainability, and racial questions.<\/p>\n<blockquote><p>&#8220;We create a learning program for these companies, with training, awareness-raising, governance&#8230; and through this we build an action plan for the company to take relevant action towards racial equality in Brazil, whether it&#8217;s through hiring or raising awareness to have more black and indigenous people in leadership positions.&#8221; \u2014 Tom Mendes<\/p><\/blockquote>\n<p>But there is still a long way to go for this movement to reach the base, favelas and peripheries, and to impact those who need it most. Mendes points out that most entrepreneurs in Brazil <a href=\"https:\/\/glo.bo\/3z3Rx3M\" target=\"_blank\" rel=\"noopener\">are black<\/a>, but that this is born more out of necessity than desire. It is not the investment of financial resources by individuals who have mastered entrepreneurial processes, nor is it moved by a desire for upward mobility. &#8220;Today, companies do have the means to help out locally, but it is quite insignificant. It&#8217;s still out of a &#8216;do-gooder&#8217; attitude. &#8216;I&#8217;m going to help because it warms my heart.&#8217; But we know that if we really want to do something, we need to ensure culture, education in these spaces,\u201d says Mendes.<\/p>\n<h3>In the End, Is an Anti-Racist World Possible?<\/h3>\n<p>For those who are directly impacted by this system of oppression, there is no alternative but to believe that it is possible. But it takes commitment and participation to demand proportionality and the possibility of social mobilization, otherwise the same cycle of marginalizing black bodies will continue, year after year, in the past, present and future.<\/p>\n<p>&#8220;The Ethos Institute released a <a href=\"https:\/\/bit.ly\/3imDXD9\" target=\"_blank\" rel=\"noopener\">study showing that we would need 150 years<\/a> to balance the number of black and white professionals in leadership positions in the job market, but we don&#8217;t want to wait that long. We&#8217;re in a hurry,\u201d says Tom Mendes.<\/p>\n<p>Cruz defends democratic social control as guaranteed by the <a href=\"http:\/\/bit.ly\/YdQk7S\" target=\"_blank\" rel=\"noopener\">Brazilian Constitution of 1988<\/a>, as the greatest tool in allowing us, as citizens, to exercise our rights and demand change from those responsible for carrying out public policies.<\/p>\n<p>&#8220;It&#8217;s about occupying these spaces, giving opinions, pointing to data. Any kind of information that can support arguments so that people don&#8217;t get run over by the process,&#8221; P\u00e2mela Carvalho points out. She highlights the <a href=\"http:\/\/bit.ly\/2sobq3e\" target=\"_blank\" rel=\"noopener\">issue of whiteness<\/a> and the involvement of white people in the anti-racist fight, emphasizing the need to put pressure on public authorities for effective measures in the medium and long term.<\/p>\n<blockquote><p>&#8220;Racism was not invented by black people. We need white people to really engage in the fight against racism because when November [Black Awareness Month] comes around, things get really heavy for black people. It seems that these issues only come up that time of year and that we are the only ones who are responsible for this discussion.&#8221; \u2014 P\u00e2mela Carvalho<\/p><\/blockquote>\n<p><a href=\"https:\/\/rioonwatch.org\/wp-content\/uploads\/2022\/01\/Equipe-da-Casa-Preta-no-caminho-para-uma-sociedade-antirracista.-Foto-por-Matheus-Affonso.jpg\"><img loading=\"lazy\" decoding=\"async\" class=\"aligncenter wp-image-68827 size-mh-magazine-slider\" title=\"Black House team headed for an anti-racist society. Photo: Matheus Affonso \" src=\"https:\/\/rioonwatch.org\/wp-content\/uploads\/2022\/01\/Equipe-da-Casa-Preta-no-caminho-para-uma-sociedade-antirracista.-Foto-por-Matheus-Affonso-1030x438.jpg\" alt=\"\" width=\"1030\" height=\"438\" srcset=\"https:\/\/rioonwatch.org\/wp-content\/uploads\/2022\/01\/Equipe-da-Casa-Preta-no-caminho-para-uma-sociedade-antirracista.-Foto-por-Matheus-Affonso-1030x438.jpg 1030w, https:\/\/rioonwatch.org\/wp-content\/uploads\/2022\/01\/Equipe-da-Casa-Preta-no-caminho-para-uma-sociedade-antirracista.-Foto-por-Matheus-Affonso-620x264.jpg 620w\" sizes=\"(max-width: 1030px) 100vw, 1030px\" \/><\/a><\/p>\n<p>The Eshu <a href=\"https:\/\/bit.ly\/3GqqJPu\" target=\"_blank\" rel=\"noopener\">or\u00edk\u00ec<\/a> (greeting, praise poetry) quoted in the title of this article reminds us that the struggle for equal rights has been with us for a long time. Black and brown people continue repairing past injustices, while trying to survive with dignity in the present. Anti-racism needs to be a political project, a struggle led by the Black Movement, built through dialogue with allies, and promoting a radical revision of social structures. Anti-racism is urgent so that black lives do actually matter, and so that <a href=\"http:\/\/bit.ly\/2N3NY8L\" target=\"_blank\" rel=\"noopener\">public policy ceases being about killing us<\/a>.<\/p>\n<h3>Listen to the Accompanying Podcast in Portuguese <a href=\"https:\/\/bit.ly\/3hjiIkO\" target=\"_blank\" rel=\"noopener\">Here<\/a>:<\/h3>\n<p><iframe src=\"https:\/\/w.soundcloud.com\/player\/?url=https%3A\/\/api.soundcloud.com\/tracks\/1121625943&amp;color=%23ff5500&amp;auto_play=false&amp;hide_related=false&amp;show_comments=true&amp;show_user=true&amp;show_reposts=false&amp;show_teaser=true\" width=\"100%\" height=\"166\" frameborder=\"no\" scrolling=\"no\" data-mce-fragment=\"1\"><span data-mce-type=\"bookmark\" style=\"display: inline-block; width: 0px; overflow: hidden; line-height: 0;\" class=\"mce_SELRES_start\">\ufeff<\/span><\/iframe><\/p>\n<div>\n<div style=\"font-size: 10px; color: #cccccc; line-break: anywhere; word-break: normal; overflow: hidden; white-space: nowrap; text-overflow: ellipsis; font-family: Interstate,Lucida Grande,Lucida Sans Unicode,Lucida Sans,Garuda,Verdana,Tahoma,sans-serif; font-weight: 100;\">\n<p><span style=\"color: #808080;\"><span style=\"color: #808080;\"><span style=\"color: #333333;\">Podcast in Portuguese available on<\/span> <a href=\"https:\/\/bit.ly\/3hjiIkO\" target=\"_blank\" rel=\"noopener\">SoundCloud<\/a><span style=\"color: #333333;\">,<\/span> <a href=\"https:\/\/spoti.fi\/3ni4YdG\" target=\"_blank\" rel=\"noopener\">Spotify<\/a><span style=\"color: #333333;\">,<\/span> <a href=\"https:\/\/bit.ly\/3DTXxiK\" target=\"_blank\" rel=\"noopener\">YouTube<\/a><span style=\"color: #333333;\">, and<\/span> <a href=\"https:\/\/bit.ly\/3ngf92s\" target=\"_blank\" rel=\"noopener\">other players<\/a><span style=\"color: #333333;\">.<\/span><\/span><\/span><\/p>\n<hr \/>\n<\/div>\n<p><em>About the author: <a href=\"https:\/\/bit.ly\/2WWeAQl\" target=\"_blank\" rel=\"noopener\">Kelly Ribeiro<\/a> is a journalist, broadcaster and producer, graduate of Veiga de Almeida University. A resident of <a href=\"https:\/\/bit.ly\/2XnJ0rn\" target=\"_blank\" rel=\"noopener\">Vila Vint\u00e9m<\/a>, she is a journalist at R\u00e1dio Rel\u00f3gio 580 AM, and a freelance journalist with works published on website Reverb, Revista 451 (Folha de S\u00e3o Paulo), and currently collaborates with the UOL \/ SPLASH portal.<\/em><\/p>\n<p><em>About the artist: <a href=\"https:\/\/bit.ly\/2WNDxgC\" target=\"_blank\" rel=\"noopener\">Guilhermina Augusti<\/a> is a visual artist and designer, and a philosophy and audiovisual student. A resident of <a href=\"https:\/\/bit.ly\/377s5NT\" target=\"_blank\" rel=\"noopener\">Fallet<\/a>&#8211;<a href=\"http:\/\/bit.ly\/1wSocaK\" target=\"_blank\" rel=\"noopener\">Fogueteiro<\/a>, her research, artistry, and documentation processes center on issues involving city, body, nature and cosmology, as translated into different types of media.<\/em><\/p>\n<p><em><i>This article is the latest contribution to our year-long reporting project, \u201c<\/i><a href=\"http:\/\/bit.ly\/AntiracistFavelaIntro\" target=\"_blank\" rel=\"noopener\"><i>Rooting Anti-Racism in the Favelas<\/i><\/a><i>: Deconstructing Social Narratives About Racism in Rio de Janeiro.\u201d Follow our\u00a0<a href=\"http:\/\/bit.ly\/AntiracistRio\" target=\"_blank\" rel=\"noopener\">Rooting Anti-Racism in the Favelas series here<\/a>.<\/i><\/em><\/p>\n<h4>Share your opinion about this article by clicking\u00a0<a href=\"https:\/\/bit.ly\/OpineAntirracismo\" target=\"_blank\" rel=\"noopener\">here<\/a>\u00a0(Portuguese).<\/h4>\n<hr \/>\n<h4><b data-stringify-type=\"bold\">Support\u00a0<\/b><b data-stringify-type=\"bold\"><i data-stringify-type=\"italic\">RioOnWatch<\/i><\/b><b data-stringify-type=\"bold\">\u2019s tireless, critical and cutting-edge hyperlocal journalism, online community organizing meetings, and direct support to favelas\u00a0<\/b><b data-stringify-type=\"bold\"><a class=\"c-link\" href=\"http:\/\/bit.ly\/DonateToRioOnWatch\" target=\"_blank\" rel=\"noopener noreferrer\" data-stringify-link=\"http:\/\/bit.ly\/DonateToRioOnWatch\" data-sk=\"tooltip_parent\">by clicking here.<\/a><\/b><\/h4>\n<\/div>\n","protected":false},"excerpt":{"rendered":"<div class=\"mh-excerpt\"><p>Clique aqui para Portugu\u00eas This article is the latest contribution to our year-long reporting project, \u201cRooting Anti-Racism in the Favelas: Deconstructing Social Narratives About Racism in Rio de Janeiro.\u201d Follow our\u00a0Rooting Anti-Racism in the Favelas <a class=\"mh-excerpt-more\" href=\"https:\/\/rioonwatch.org\/?p=68273\" title=\"\u2018Eshu Throws a Stone Today and Kills a Bird of Yesterday\u2019: Is an Anti-Racist World Possible?\">[&#8230;]<\/a><\/p>\n<\/div>","protected":false},"author":245,"featured_media":68274,"comment_status":"closed","ping_status":"closed","sticky":false,"template":"template-full.php","format":"standard","meta":{"_monsterinsights_skip_tracking":false,"_monsterinsights_sitenote_active":false,"_monsterinsights_sitenote_note":"","_monsterinsights_sitenote_category":0,"footnotes":""},"categories":[1288,1328,1290,3264,335,329,336],"tags":[255,310,315,662,311,396,3248,1500,1713,280,449,3068,910,504,3122,397,428,674,1197,2739,309,1278,203,3405,37,1990,962,2481,301,1661,450,1189,1555,123,3378,2634,3245,130,453,1321],"writer":[3431],"translator":[2186],"illustrator":[3432],"photographer":[],"class_list":{"0":"post-68273","1":"post","2":"type-post","3":"status-publish","4":"format-standard","5":"has-post-thumbnail","7":"category-highlight","8":"category-by-community-contributors","9":"category-civilsociety","10":"category-podcast","11":"category-policies","12":"category-solutions","13":"category-violations","14":"tag-activism","15":"tag-africa","16":"tag-african-diaspora","17":"tag-afro-brazilian-culture","18":"tag-angola","19":"tag-art","20":"tag-black-movement","21":"tag-candomble","22":"tag-casa-fluminense","23":"tag-complexo-da-mare","24":"tag-constitution","25":"tag-coronavirus","26":"tag-creative-organizing","27":"tag-culture","28":"tag-data","29":"tag-education","30":"tag-employment","31":"tag-memory","32":"tag-greater-rio","33":"tag-ibge","34":"tag-immigration","35":"tag-income","36":"tag-inequality","37":"tag-nigeria","38":"tag-north-zone","39":"tag-nos-por-nos","40":"tag-oral-history","41":"tag-police-violence","42":"tag-public-policy","43":"tag-puc","44":"tag-quilombo","45":"tag-racism","46":"tag-redes-de-desenvolvimento-da-mare","47":"tag-religion","48":"tag-religious-intolerance","49":"tag-series","50":"tag-series-anti-racism","51":"tag-social-movements","52":"tag-stigma","53":"tag-vila-do-pinheiro","54":"writer-kelly-ribeiro","55":"translator-mikayla-ribeiro","56":"illustrator-guilhermina-augusti"},"_links":{"self":[{"href":"https:\/\/rioonwatch.org\/index.php?rest_route=\/wp\/v2\/posts\/68273","targetHints":{"allow":["GET"]}}],"collection":[{"href":"https:\/\/rioonwatch.org\/index.php?rest_route=\/wp\/v2\/posts"}],"about":[{"href":"https:\/\/rioonwatch.org\/index.php?rest_route=\/wp\/v2\/types\/post"}],"author":[{"embeddable":true,"href":"https:\/\/rioonwatch.org\/index.php?rest_route=\/wp\/v2\/users\/245"}],"replies":[{"embeddable":true,"href":"https:\/\/rioonwatch.org\/index.php?rest_route=%2Fwp%2Fv2%2Fcomments&post=68273"}],"version-history":[{"count":1,"href":"https:\/\/rioonwatch.org\/index.php?rest_route=\/wp\/v2\/posts\/68273\/revisions"}],"predecessor-version":[{"id":81656,"href":"https:\/\/rioonwatch.org\/index.php?rest_route=\/wp\/v2\/posts\/68273\/revisions\/81656"}],"wp:featuredmedia":[{"embeddable":true,"href":"https:\/\/rioonwatch.org\/index.php?rest_route=\/wp\/v2\/media\/68274"}],"wp:attachment":[{"href":"https:\/\/rioonwatch.org\/index.php?rest_route=%2Fwp%2Fv2%2Fmedia&parent=68273"}],"wp:term":[{"taxonomy":"category","embeddable":true,"href":"https:\/\/rioonwatch.org\/index.php?rest_route=%2Fwp%2Fv2%2Fcategories&post=68273"},{"taxonomy":"post_tag","embeddable":true,"href":"https:\/\/rioonwatch.org\/index.php?rest_route=%2Fwp%2Fv2%2Ftags&post=68273"},{"taxonomy":"writer","embeddable":true,"href":"https:\/\/rioonwatch.org\/index.php?rest_route=%2Fwp%2Fv2%2Fwriter&post=68273"},{"taxonomy":"translator","embeddable":true,"href":"https:\/\/rioonwatch.org\/index.php?rest_route=%2Fwp%2Fv2%2Ftranslator&post=68273"},{"taxonomy":"illustrator","embeddable":true,"href":"https:\/\/rioonwatch.org\/index.php?rest_route=%2Fwp%2Fv2%2Fillustrator&post=68273"},{"taxonomy":"photographer","embeddable":true,"href":"https:\/\/rioonwatch.org\/index.php?rest_route=%2Fwp%2Fv2%2Fphotographer&post=68273"}],"curies":[{"name":"wp","href":"https:\/\/api.w.org\/{rel}","templated":true}]}}