{"id":68561,"date":"2021-12-22T10:58:53","date_gmt":"2021-12-22T13:58:53","guid":{"rendered":"https:\/\/rioonwatch.org\/?p=68561"},"modified":"2022-05-10T09:03:02","modified_gmt":"2022-05-10T12:03:02","slug":"favelas-are-growing-what-does-that-actually-represent","status":"publish","type":"post","link":"https:\/\/rioonwatch.org\/?p=68561","title":{"rendered":"Favelas Have Doubled in 36 Years: What Does That Say About Brazil?"},"content":{"rendered":"<p style=\"text-align: right;\"><em><a href=\"https:\/\/bit.ly\/FavelasCrescem\" target=\"_blank\" rel=\"noopener\">Clique aqui para Portugu\u00eas<img decoding=\"async\" class=\"alignright size-full wp-image-23766\" src=\"https:\/\/www.rioonwatch.org\/wp-content\/uploads\/2012\/08\/PT-e1439583827971.png\" width=\"20\" height=\"20\" \/><\/a><\/em><\/p>\n<p>Recently, a number of <a href=\"https:\/\/bit.ly\/3mQTtcG\" target=\"_blank\" rel=\"noopener\">articles have circulated<\/a> in the Brazilian <a href=\"https:\/\/glo.bo\/3CQEoNU\" target=\"_blank\" rel=\"noopener\">media reporting<\/a>, with a mixture of wonder and reproach, the <a href=\"https:\/\/bit.ly\/3G7qhEY\" target=\"_blank\" rel=\"noopener\">doubling in scale of the nation&#8217;s favelas<\/a> over the past 36 years.<\/p>\n<p>Amid the multiple crises that have shaken Brazil over the last few years, a scenario exacerbated by the <a href=\"https:\/\/bit.ly\/2RD5IJR\" target=\"_blank\" rel=\"noopener\">Covid-19<\/a> pandemic, we have watched the systematic deterioration in the living conditions of Brazilians, with a particular <a href=\"https:\/\/bit.ly\/3d8HuRV\" target=\"_blank\" rel=\"noopener\">impact on lower-income populations<\/a> that have already been made vulnerable, historically, by an exclusionary and prejudiced social structure. In this context, the growth of favelas and informal settlements emerges as a visible\u2014and, for many, uncomfortable\u2014consequence of our country&#8217;s situation.<\/p>\n<p>In spite of this, the narrative frequently bases itself on the misconception that labels favelas as a problem. This view clouds readers&#8217; perspectives and prevents them from realizing that the real problem lies in the lack of public policies promoting <a href=\"http:\/\/bit.ly\/1IH6lGj\" target=\"_blank\" rel=\"noopener\">access to housing<\/a>. Thus, rather than a problem, favelas and other informal settlements <a href=\"http:\/\/bit.ly\/FavelaAssets\" target=\"_blank\" rel=\"noopener\">present themselves as a solution<\/a>: the only solution for millions of Brazilians who need shelter, who need to protect their bodies against the elements and against violence and, above all, who need dignity.<\/p>\n<p>It is also important to say that, besides being the only possible housing solution for millions of Brazilians, favelas consolidated over time become <a href=\"http:\/\/bit.ly\/2luVbDs\" target=\"_blank\" rel=\"noopener\">unique, potent spaces<\/a> of creativity, with the collective construction of common assets that are crucial for the survival and development of residents. Favelas and informal settlements should, therefore, be regarded with more nuance, beyond the dominant view of their precariousness, of something that needs fixing\u2014or even exterminated. These are territories that must be <a href=\"http:\/\/bit.ly\/2IRv1p1\" target=\"_blank\" rel=\"noopener\">respected for the qualities they produce<\/a>\u2014for the memories and culture they hold in every narrow street and building.<\/p>\n<p>Another erroneous assumption frequently found in the media&#8217;s narrative about the growth of favelas and informal settlements is the alleged opposition between their existance and environmental conservation, which is so relevant to our country. There is an attempt to build an argument that favelas are the great culprits in processes of deforestation, invading protected areas without public authorities being able to prevent it.<\/p>\n<p>Without going into a discussion of who the true culprits are of the significant deforestation occurring in Brazil, it is important to consider that the environment is not solely made up of flora and fauna. The environment involves all living beings that inhabit it and their needs, including humans. Favelas\u2014as with all human environments\u2014are part of the environment. However, they often interact with city&#8217;s natural elements <a href=\"https:\/\/bit.ly\/3jpTh2e\" target=\"_blank\" rel=\"noopener\">in a healthier way<\/a> than the rest of our cities.<\/p>\n<p><a href=\"https:\/\/rioonwatch.org\/wp-content\/uploads\/2021\/12\/Revolusolar-na-Babilo\u0302nia.jpg\"><img fetchpriority=\"high\" decoding=\"async\" class=\"aligncenter wp-image-68567 size-large\" title=\"Revolusolar in Morro da Babil\u00f4nia\" src=\"https:\/\/rioonwatch.org\/wp-content\/uploads\/2021\/12\/Revolusolar-na-Babilo\u0302nia-1024x575.jpg\" alt=\"\" width=\"1024\" height=\"575\" \/><\/a><\/p>\n<p>And that happens because, through the common assets and creative solutions historically developed in consolidated favelas, there are examples of <a href=\"http:\/\/bit.ly\/FavelaModelo\" target=\"_blank\" rel=\"noopener\">sustainable alternatives<\/a> that <a href=\"http:\/\/bit.ly\/2NVlbAf\" target=\"_blank\" rel=\"noopener\">engage healthfully<\/a> with our environment&#8217;s natural elements. Examples of these alternatives are their popular urban planning that favors pedestrians over cars and <a href=\"http:\/\/bit.ly\/2rYZTdM\" target=\"_blank\" rel=\"noopener\">projects for community gardens<\/a>, <a href=\"https:\/\/bit.ly\/3hdBsme\" target=\"_blank\" rel=\"noopener\">solar energy<\/a>, <a href=\"https:\/\/bit.ly\/3yjD9Vc\" target=\"_blank\" rel=\"noopener\">sustainable sewage systems<\/a>, <a href=\"http:\/\/bit.ly\/2ZLiRUG\" target=\"_blank\" rel=\"noopener\">green roofs<\/a>, and more, making up social technologies that begin in favelas and seek to build a sustainable reality in our cities from, and not in spite of, favelas. An example of such networks is the <a href=\"https:\/\/favelasustentavel.org\/\" target=\"_blank\" rel=\"noopener\">Sustainable Favela Network<\/a>* that, since 2017, has brought together hundreds of initiatives from favelas across Greater Rio.<\/p>\n<p>Beyond the perspective of protagonism in the environmental arena, favelas and other informal settlements also present themselves as powerful territories for innovative arrangements for territorial formalization and management that are able to break away from the logic of individual land ownership, allowing a more compassionate and empathetic society to flourish.<\/p>\n<p>One example of such arrangements is the <a href=\"https:\/\/bit.ly\/3iodBAN\" target=\"_blank\" rel=\"noopener\">Favela-Community Land Trust<\/a>* that has sought to guarantee land security, access to housing and the strengthening of vulnerable urban communities since 2018.<\/p>\n<p><a href=\"https:\/\/rioonwatch.org\/wp-content\/uploads\/2021\/12\/Trapricheiros.jpg\"><img decoding=\"async\" class=\"aligncenter wp-image-68571 size-large\" title=\"A community territorial planning activity in the context of the Favela Community Land Trust project.\" src=\"https:\/\/rioonwatch.org\/wp-content\/uploads\/2021\/12\/Trapricheiros-1119x629.jpg\" alt=\"\" width=\"1119\" height=\"629\" srcset=\"https:\/\/rioonwatch.org\/wp-content\/uploads\/2021\/12\/Trapricheiros-1119x629.jpg 1119w, https:\/\/rioonwatch.org\/wp-content\/uploads\/2021\/12\/Trapricheiros-620x348.jpg 620w, https:\/\/rioonwatch.org\/wp-content\/uploads\/2021\/12\/Trapricheiros-768x432.jpg 768w, https:\/\/rioonwatch.org\/wp-content\/uploads\/2021\/12\/Trapricheiros.jpg 2048w\" sizes=\"(max-width: 1119px) 100vw, 1119px\" \/><\/a><\/p>\n<p>CLTs are a <a href=\"https:\/\/bit.ly\/2VgmG5K\" target=\"_blank\" rel=\"noopener\">collective land management model<\/a> recently expanding worldwide, with over five decades of history and a great potential for favelas and informal settlements, as demonstrated by the <a href=\"http:\/\/bit.ly\/2Lsery2\" target=\"_blank\" rel=\"noopener\">Ca\u00f1o Mart\u00edn Pe\u00f1a favelas<\/a>\u00a0in Puerto Rico.<\/p>\n<p>Through <a href=\"https:\/\/bit.ly\/3mQUuln\" target=\"_blank\" rel=\"noopener\">CLTs<\/a>, favelas can, once again, become the protagonists of a model that promotes a type of territorial development that is both broad and self-managed, stimulating more precise and efficient responses to the environmental, social and economic challenges imposed on these territories, through formalization by a CLT now recognized and empowered to perform this role.<\/p>\n<p>It is crucial to change the view about the growth of favelas in order to understand this phenomenon for what it truly represents: a consequence of misguided housing and social policies in one of the most unequal nations on Earth. At the same time, we need to recognize the potencial of <a href=\"http:\/\/bit.ly\/2nfzwzs\" target=\"_blank\" rel=\"noopener\">solutions and assets present<\/a> in consolidated favelas so that, based on the protagonism of residents, environmental, social and territorial solutions can be scale up not only for favelas and informal settlements but also for all our neighborhoods. For this we need an integrated view of our cities and their diverse territories.<\/p>\n<p><em>*The Sustainable Favela Network, Favela Community Land Trust (F-CLT) and RioOnWatch are all initiatives of the NGO <a href=\"http:\/\/bit.ly\/2KEWrin\" target=\"_blank\" rel=\"noopener\">Catalytic Communities (CatComm)<\/a>.<\/em><\/p>\n","protected":false},"excerpt":{"rendered":"<div class=\"mh-excerpt\"><p>Clique aqui para Portugu\u00eas Recently, a number of articles have circulated in the Brazilian media reporting, with a mixture of wonder and reproach, the doubling in scale of the nation&#8217;s favelas over the past 36 <a class=\"mh-excerpt-more\" href=\"https:\/\/rioonwatch.org\/?p=68561\" title=\"Favelas Have Doubled in 36 Years: What Does That Say About Brazil?\">[&#8230;]<\/a><\/p>\n<\/div>","protected":false},"author":245,"featured_media":68562,"comment_status":"closed","ping_status":"closed","sticky":false,"template":"template-full.php","format":"standard","meta":{"_monsterinsights_skip_tracking":false,"_monsterinsights_sitenote_active":false,"_monsterinsights_sitenote_note":"","_monsterinsights_sitenote_category":0,"footnotes":""},"categories":[1854,1288,1271,335,329,452],"tags":[1361,1720,2823,2405,435,428,223,1569,1375,26,1278,1033,1366,2407,1008,1724,471,3186],"writer":[921],"translator":[],"illustrator":[],"photographer":[],"class_list":{"0":"post-68561","1":"post","2":"type-post","3":"status-publish","4":"format-standard","5":"has-post-thumbnail","7":"category-housingwatch","8":"category-highlight","9":"category-favelaqualities","10":"category-policies","11":"category-solutions","12":"category-rio20","13":"tag-endfavelastigma","14":"tag-affordable-housing","15":"tag-cano-martin-pena","16":"tag-community-garden","17":"tag-community-land-trust","18":"tag-employment","19":"tag-favela-as-a-model","20":"tag-green-roof","21":"tag-housing-deficit","22":"tag-housing-rights","23":"tag-income","24":"tag-land-rights","25":"tag-analyzing-media-portrayal-of-favelas","26":"tag-puerto-rico","27":"tag-right-to-the-city","28":"tag-solar","29":"tag-sustainability","30":"tag-sfn","31":"writer-rioonwatch"},"_links":{"self":[{"href":"https:\/\/rioonwatch.org\/index.php?rest_route=\/wp\/v2\/posts\/68561","targetHints":{"allow":["GET"]}}],"collection":[{"href":"https:\/\/rioonwatch.org\/index.php?rest_route=\/wp\/v2\/posts"}],"about":[{"href":"https:\/\/rioonwatch.org\/index.php?rest_route=\/wp\/v2\/types\/post"}],"author":[{"embeddable":true,"href":"https:\/\/rioonwatch.org\/index.php?rest_route=\/wp\/v2\/users\/245"}],"replies":[{"embeddable":true,"href":"https:\/\/rioonwatch.org\/index.php?rest_route=%2Fwp%2Fv2%2Fcomments&post=68561"}],"version-history":[{"count":0,"href":"https:\/\/rioonwatch.org\/index.php?rest_route=\/wp\/v2\/posts\/68561\/revisions"}],"wp:featuredmedia":[{"embeddable":true,"href":"https:\/\/rioonwatch.org\/index.php?rest_route=\/wp\/v2\/media\/68562"}],"wp:attachment":[{"href":"https:\/\/rioonwatch.org\/index.php?rest_route=%2Fwp%2Fv2%2Fmedia&parent=68561"}],"wp:term":[{"taxonomy":"category","embeddable":true,"href":"https:\/\/rioonwatch.org\/index.php?rest_route=%2Fwp%2Fv2%2Fcategories&post=68561"},{"taxonomy":"post_tag","embeddable":true,"href":"https:\/\/rioonwatch.org\/index.php?rest_route=%2Fwp%2Fv2%2Ftags&post=68561"},{"taxonomy":"writer","embeddable":true,"href":"https:\/\/rioonwatch.org\/index.php?rest_route=%2Fwp%2Fv2%2Fwriter&post=68561"},{"taxonomy":"translator","embeddable":true,"href":"https:\/\/rioonwatch.org\/index.php?rest_route=%2Fwp%2Fv2%2Ftranslator&post=68561"},{"taxonomy":"illustrator","embeddable":true,"href":"https:\/\/rioonwatch.org\/index.php?rest_route=%2Fwp%2Fv2%2Fillustrator&post=68561"},{"taxonomy":"photographer","embeddable":true,"href":"https:\/\/rioonwatch.org\/index.php?rest_route=%2Fwp%2Fv2%2Fphotographer&post=68561"}],"curies":[{"name":"wp","href":"https:\/\/api.w.org\/{rel}","templated":true}]}}