{"id":69101,"date":"2022-02-25T08:36:47","date_gmt":"2022-02-25T11:36:47","guid":{"rendered":"https:\/\/rioonwatch.org\/?p=69101"},"modified":"2022-02-27T01:14:46","modified_gmt":"2022-02-27T04:14:46","slug":"i-want-to-read-black-authors-when-will-we-see-proper-representation-in-brazilian-schools-and-universities-opinion","status":"publish","type":"post","link":"https:\/\/rioonwatch.org\/?p=69101","title":{"rendered":"I Want To Read Black Authors: When Will We See Proper Representation in Brazilian Schools and Universities? [OPINION]"},"content":{"rendered":"<p style=\"text-align: right;\"><em><a href=\"https:\/\/bit.ly\/3J0n4tp\" target=\"_blank\" rel=\"noopener\">Clique aqui para Portugu\u00eas<img decoding=\"async\" class=\"alignright size-full wp-image-23766\" src=\"https:\/\/www.rioonwatch.org\/wp-content\/uploads\/2012\/08\/PT-e1439583827971.png\" width=\"20\" height=\"20\" \/><\/a><\/em><\/p>\n<p><em><img decoding=\"async\" class=\"alignright wp-image-66801\" src=\"https:\/\/rioonwatch.org\/wp-content\/uploads\/2021\/08\/SDSU-300x102.png\" sizes=\"(max-width: 200px) 100vw, 200px\" srcset=\"https:\/\/rioonwatch.org\/wp-content\/uploads\/2021\/08\/SDSU-300x102.png 300w, https:\/\/rioonwatch.org\/wp-content\/uploads\/2021\/08\/SDSU-1024x348.png 1024w, https:\/\/rioonwatch.org\/wp-content\/uploads\/2021\/08\/SDSU-768x261.png 768w, https:\/\/rioonwatch.org\/wp-content\/uploads\/2021\/08\/SDSU-1536x523.png 1536w, https:\/\/rioonwatch.org\/wp-content\/uploads\/2021\/08\/SDSU.png 1934w\" alt=\"\" width=\"200\" height=\"68\" \/><\/em><em>This is our latest article in<\/em><em>\u00a0a\u00a0<a href=\"http:\/\/bit.ly\/SDSUFavelaRightsSeries\" target=\"_blank\" rel=\"noopener\">series<\/a>\u00a0created in partnership with the\u00a0<a href=\"http:\/\/bit.ly\/SDSUBehnerCenter\" target=\"_blank\" rel=\"noopener\">Behner Stiefel Center for Brazilian Studies<\/a>\u00a0at San Diego State University, to produce articles for the\u00a0<a href=\"https:\/\/bit.ly\/SDSUDigitalBrazilProject\" target=\"_blank\" rel=\"noopener\">Digital Brazil Project<\/a>\u00a0on\u00a0<\/em><em>climate impacts and affirmative action in the favelas for RioOnWatch. It is also the latest contribution to our <a href=\"https:\/\/bit.ly\/ROWWinsAnthem\" target=\"_blank\" rel=\"noopener\">award-winning<\/a> reporting project, <a href=\"https:\/\/bit.ly\/AntiracistFavelas\" target=\"_blank\" rel=\"noopener\">Rooting Anti-Racism in the Favelas: Deconstructing Social Narratives About Racism in Rio de Janeiro<\/a>.<\/em><\/p>\n<h3>Epistemic Whiteness and Representation<\/h3>\n<blockquote>\n<figure id=\"attachment_69159\" aria-describedby=\"caption-attachment-69159\" style=\"width: 300px\" class=\"wp-caption alignright\"><a href=\"https:\/\/rioonwatch.org\/wp-content\/uploads\/2022\/01\/Luciane-de-Oliveira-Rocha-42-anos-professora-no-departamento-de-Estudos-Interdisciplinares-da-Universidade-Estadual-de-Kennesaw-1.jpeg\"><img fetchpriority=\"high\" decoding=\"async\" class=\"wp-image-69159\" title=\"Luciane de Oliveira Rocha, 42, a professor in the Department of Interdisciplinary Studies at Kennesaw State University.\" src=\"https:\/\/rioonwatch.org\/wp-content\/uploads\/2022\/01\/Luciane-de-Oliveira-Rocha-42-anos-professora-no-departamento-de-Estudos-Interdisciplinares-da-Universidade-Estadual-de-Kennesaw-1-e1645787339259.jpeg\" alt=\"\" width=\"300\" height=\"322\" srcset=\"https:\/\/rioonwatch.org\/wp-content\/uploads\/2022\/01\/Luciane-de-Oliveira-Rocha-42-anos-professora-no-departamento-de-Estudos-Interdisciplinares-da-Universidade-Estadual-de-Kennesaw-1-e1645787339259.jpeg 600w, https:\/\/rioonwatch.org\/wp-content\/uploads\/2022\/01\/Luciane-de-Oliveira-Rocha-42-anos-professora-no-departamento-de-Estudos-Interdisciplinares-da-Universidade-Estadual-de-Kennesaw-1-e1645787339259-579x620.jpeg 579w, https:\/\/rioonwatch.org\/wp-content\/uploads\/2022\/01\/Luciane-de-Oliveira-Rocha-42-anos-professora-no-departamento-de-Estudos-Interdisciplinares-da-Universidade-Estadual-de-Kennesaw-1-e1645787339259-587x629.jpeg 587w\" sizes=\"(max-width: 300px) 100vw, 300px\" \/><\/a><figcaption id=\"caption-attachment-69159\" class=\"wp-caption-text\">Luciane de Oliveira Rocha, 42, a professor in the Department of Interdisciplinary Studies at Kennesaw State University.<\/figcaption><\/figure>\n<p>\u201cUnfortunately, I had zero contact with black literature and black social science productions through the curriculum. I was unable to see myself in the teaching staff or in the curriculum.\u201d \u2014 Luciane de Oliveira Rocha<\/p><\/blockquote>\n<p>Statements such as these by Brazilian professor Luciane de Oliveira Rocha, 42, ring true for many of us. Currently a professor at the Department of Interdisciplinary Studies at <a href=\"https:\/\/bit.ly\/3IyMwpC\" target=\"_blank\" rel=\"noopener\">Kennesaw State University<\/a>\u00a0in Georgia, Rocha asks: \u201cWhere are black authors?\u201d This line of questioning, that begins first at school and later in academic life, has become a collective and political act.<\/p>\n<p>The absence of black references in Brazilian education is also noticed <a href=\"https:\/\/bit.ly\/3xl3rX4\" target=\"_blank\" rel=\"noopener\">in the curricula of university education programs<\/a>, and is subsequently reproduced in classrooms by those who learned to help others learn. In education, then, colonial viewpoints are perpetuated through a Eurocentric, sexist, classist model, which prioritizes white male authors and theorists, followed by white women. Rocha reminds us that: \u201cThe classics are all by white authors. They have high visibility in the social sciences. Classic productions such as those by <a href=\"https:\/\/bit.ly\/2IRQbot\" target=\"_blank\" rel=\"noopener\">L\u00e9lia Gonzalez<\/a>\u2014an anthropologist who is critical in understanding Brazilian racial formation\u2014were never presented to me during the four years of my social science course.\u201d<\/p>\n<p>The theoretical and literary foundations of <a href=\"https:\/\/bit.ly\/3au4ZDI\" target=\"_blank\" rel=\"noopener\">black authorship have been neglected<\/a> in Brazil. This opinion is shared by professor Val\u00e9ria Louren\u00e7o, 39, who said that, while reading and studying his work in school, she was never made aware that <a href=\"https:\/\/glo.bo\/3m0vzLw\" target=\"_blank\" rel=\"noopener\">Machado de Assis was black<\/a>. Educational institutions are typically intellectually negligent in recognizing black people, which interferes with programs and processes for teaching and learning.<\/p>\n<figure id=\"attachment_69094\" aria-describedby=\"caption-attachment-69094\" style=\"width: 1030px\" class=\"wp-caption aligncenter\"><a href=\"https:\/\/rioonwatch.org\/wp-content\/uploads\/2022\/01\/Lelia-Gonzalez-Ana-Maria-Felippe.jpg\"><img loading=\"lazy\" decoding=\"async\" class=\"wp-image-69094\" title=\"L\u00e9lia Gonzalez in an undated image \u2014 according to Ana Maria Felippe, a friend of Gonzalez's, this was one of the author's favorite photos.\" src=\"https:\/\/rioonwatch.org\/wp-content\/uploads\/2022\/01\/Lelia-Gonzalez-Ana-Maria-Felippe.jpg\" alt=\"\" width=\"1030\" height=\"829\" srcset=\"https:\/\/rioonwatch.org\/wp-content\/uploads\/2022\/01\/Lelia-Gonzalez-Ana-Maria-Felippe.jpg 1500w, https:\/\/rioonwatch.org\/wp-content\/uploads\/2022\/01\/Lelia-Gonzalez-Ana-Maria-Felippe-620x499.jpg 620w, https:\/\/rioonwatch.org\/wp-content\/uploads\/2022\/01\/Lelia-Gonzalez-Ana-Maria-Felippe-768x618.jpg 768w, https:\/\/rioonwatch.org\/wp-content\/uploads\/2022\/01\/Lelia-Gonzalez-Ana-Maria-Felippe-782x629.jpg 782w\" sizes=\"(max-width: 1030px) 100vw, 1030px\" \/><\/a><figcaption id=\"caption-attachment-69094\" class=\"wp-caption-text\">L\u00e9lia Gonzalez in an undated image \u2014 according to Ana Maria Felippe, a friend of Gonzalez&#8217;s, this was one of the author&#8217;s favorite photos.<\/figcaption><\/figure>\n<blockquote>\n<figure id=\"attachment_69154\" aria-describedby=\"caption-attachment-69154\" style=\"width: 300px\" class=\"wp-caption alignright\"><a href=\"https:\/\/rioonwatch.org\/wp-content\/uploads\/2022\/01\/Valeria-Lourenco-39-anos-professora-do-curso-de-Letras-do-Instituto-Federal-de-Educacao-Ciencia-e-Tecnologia-do-Ceara-Campus-Crateus.-1.jpeg\"><img loading=\"lazy\" decoding=\"async\" class=\"wp-image-69154\" title=\"Val\u00e9ria Louren\u00e7o, 39, Professor of Modern Languages at the Federal Institute of Education, Science, and Technology of Cear\u00e1, Crate\u00fas Campus.\" src=\"https:\/\/rioonwatch.org\/wp-content\/uploads\/2022\/01\/Valeria-Lourenco-39-anos-professora-do-curso-de-Letras-do-Instituto-Federal-de-Educacao-Ciencia-e-Tecnologia-do-Ceara-Campus-Crateus.-1.jpeg\" alt=\"\" width=\"300\" height=\"354\" \/><\/a><figcaption id=\"caption-attachment-69154\" class=\"wp-caption-text\">Val\u00e9ria Louren\u00e7o, 39, Professor of Modern Languages at the Federal Institute of Education, Science, and Technology of Cear\u00e1, Crate\u00fas Campus.<\/figcaption><\/figure>\n<p>\u201cI went to a public school in Xer\u00e9m, one of the best state schools in the region. I had black teachers, both men and women, but never heard of <a href=\"https:\/\/bit.ly\/3HcWXOj\" target=\"_blank\" rel=\"noopener\">Lima Barreto<\/a>, Concei\u00e7\u00e3o Evaristo, <a href=\"http:\/\/bit.ly\/37DyGhW\" target=\"_blank\" rel=\"noopener\">Carolina Maria de Jesus<\/a>, or <a href=\"https:\/\/bit.ly\/3g7lTLq\" target=\"_blank\" rel=\"noopener\">Luiz Gama<\/a>, for example. They didn\u2019t tell me that Machado de Assis, who we were assigned to read, was black.\u201d \u2014 Val\u00e9ria Louren\u00e7o<\/p><\/blockquote>\n<p>Universities are political spaces. All participants\u2014teachers, students, and staff\u2014play a political role. For this reason, it\u2019s always important to question school curricula that fail to include contributions from black authors, both male and female. Professors Ana Helena Passos and Claudia Miranda tell us that on this educational path towards transformation, it is essential to remain aware of the role of the agents of change, of the degree of political awareness of the institution&#8217;s educational processes, as well as their transformative potential for students, their families, and society as a whole.<\/p>\n<p>We must forge <a href=\"https:\/\/bit.ly\/3FIYmL6\" target=\"_blank\" rel=\"noopener\">a path<\/a> ahead that not only includes these works and their authors, but also allows for a <a href=\"https:\/\/bit.ly\/3xl3rX4\" target=\"_blank\" rel=\"noopener\">more plural training of these agents of education<\/a>. We must analyze how they are receiving and applying this material <a href=\"https:\/\/bit.ly\/3au4ZDI\" target=\"_blank\" rel=\"noopener\">in their classrooms<\/a>. It\u2019s essential that we create teaching practices that are able to break with this pattern of invisibility of black men and women writers and literary theorists.<\/p>\n<figure id=\"attachment_69136\" aria-describedby=\"caption-attachment-69136\" style=\"width: 1030px\" class=\"wp-caption aligncenter\"><a href=\"https:\/\/rioonwatch.org\/wp-content\/uploads\/2022\/01\/Carolina-Maria-de-Jesus-foi-uma-escritora-compositora-e-poetisa-brasileira-mais-conhecida-por-seu-livro-Quarto-de-Despejo-Diario-de-uma-Favelada-publicado-em-1960..jpg\"><img loading=\"lazy\" decoding=\"async\" class=\"wp-image-69136\" title=\"Carolina Maria de Jesus was a Brazilian writer, composer, and poet, most known for her book &quot;Child of the Dark: The Diary of Carolina Maria de Jesus,&quot; published in Brazil in 1960\" src=\"https:\/\/rioonwatch.org\/wp-content\/uploads\/2022\/01\/Carolina-Maria-de-Jesus-foi-uma-escritora-compositora-e-poetisa-brasileira-mais-conhecida-por-seu-livro-Quarto-de-Despejo-Diario-de-uma-Favelada-publicado-em-1960..jpg\" alt=\"\" width=\"1030\" height=\"728\" srcset=\"https:\/\/rioonwatch.org\/wp-content\/uploads\/2022\/01\/Carolina-Maria-de-Jesus-foi-uma-escritora-compositora-e-poetisa-brasileira-mais-conhecida-por-seu-livro-Quarto-de-Despejo-Diario-de-uma-Favelada-publicado-em-1960..jpg 2560w, https:\/\/rioonwatch.org\/wp-content\/uploads\/2022\/01\/Carolina-Maria-de-Jesus-foi-uma-escritora-compositora-e-poetisa-brasileira-mais-conhecida-por-seu-livro-Quarto-de-Despejo-Diario-de-uma-Favelada-publicado-em-1960.-620x438.jpg 620w, https:\/\/rioonwatch.org\/wp-content\/uploads\/2022\/01\/Carolina-Maria-de-Jesus-foi-uma-escritora-compositora-e-poetisa-brasileira-mais-conhecida-por-seu-livro-Quarto-de-Despejo-Diario-de-uma-Favelada-publicado-em-1960.-768x543.jpg 768w, https:\/\/rioonwatch.org\/wp-content\/uploads\/2022\/01\/Carolina-Maria-de-Jesus-foi-uma-escritora-compositora-e-poetisa-brasileira-mais-conhecida-por-seu-livro-Quarto-de-Despejo-Diario-de-uma-Favelada-publicado-em-1960.-890x629.jpg 890w\" sizes=\"(max-width: 1030px) 100vw, 1030px\" \/><\/a><figcaption id=\"caption-attachment-69136\" class=\"wp-caption-text\">Carolina Maria de Jesus was a Brazilian writer, composer, and poet, most known for her book &#8220;Child of the Dark: The Diary of Carolina Maria de Jesus,&#8221; published in Brazil in 1960.<\/figcaption><\/figure>\n<h3>Bibliographic Scrapping and the Curricular Color of Power<\/h3>\n<figure id=\"attachment_69166\" aria-describedby=\"caption-attachment-69166\" style=\"width: 300px\" class=\"wp-caption alignright\"><a href=\"https:\/\/rioonwatch.org\/wp-content\/uploads\/2022\/01\/Ricardo-Pinheiro-42-anos-professor-de-literatura..jpeg\"><img loading=\"lazy\" decoding=\"async\" class=\"wp-image-69166\" title=\"Ricardo Pinheiro, 42, literature professor. \" src=\"https:\/\/rioonwatch.org\/wp-content\/uploads\/2022\/01\/Ricardo-Pinheiro-42-anos-professor-de-literatura.-326x245.jpeg\" alt=\"\" width=\"300\" height=\"400\" srcset=\"https:\/\/rioonwatch.org\/wp-content\/uploads\/2022\/01\/Ricardo-Pinheiro-42-anos-professor-de-literatura.-465x620.jpeg 465w, https:\/\/rioonwatch.org\/wp-content\/uploads\/2022\/01\/Ricardo-Pinheiro-42-anos-professor-de-literatura.-472x629.jpeg 472w, https:\/\/rioonwatch.org\/wp-content\/uploads\/2022\/01\/Ricardo-Pinheiro-42-anos-professor-de-literatura..jpeg 612w\" sizes=\"(max-width: 300px) 100vw, 300px\" \/><\/a><figcaption id=\"caption-attachment-69166\" class=\"wp-caption-text\">Ricardo Pinheiro, 42, literature professor.<\/figcaption><\/figure>\n<p>Literature professor Ricardo Pinheiro, 42, says that his academic and life journey would have been very different had he been introduced to black authors as a child. This would have made all the difference for his self-esteem, <a href=\"https:\/\/bit.ly\/2XlalOG\" target=\"_blank\" rel=\"noopener\">which was compromised<\/a> over the course of his basic education.<\/p>\n<p>Understanding how Brazilian universities reproduce racist discourses and mechanisms through the curriculum in order to educate future teachers is fundamental for a review of the educational space. Transforming these curricular structures and content would certainly reduce <a href=\"https:\/\/bit.ly\/3r3sXiD\" target=\"_blank\" rel=\"noopener\">school flight<\/a>. As the African proverb goes, \u201cYou can only start from where you are.\u201d Thus, shedding light on the extent to which education has failed to review its practices is the first step towards creating new paths.<\/p>\n<p>The road ahead is slow and bumpy, but the objective is to gain a deeper understanding in order to transform the perpetual invisibility and silencing of African and Afro-Brazilian history in teacher training spaces. In his book <em><a href=\"https:\/\/bit.ly\/3sEbXic\" target=\"_blank\" rel=\"noopener\">The Order of Discourse<\/a><\/em>, French philosopher <a href=\"http:\/\/bit.ly\/2ThVVat\" target=\"_blank\" rel=\"noopener\">Michel Foucault<\/a> reminds us that in every society the production of discourse is simultaneously controlled, selected, and organized by a certain number of procedures of power and control. The purpose of discourse is to conjure powers and incarnate the dangers found in society. Discourse involves dominating knowledge. It is power.<\/p>\n<figure id=\"attachment_69169\" aria-describedby=\"caption-attachment-69169\" style=\"width: 1030px\" class=\"wp-caption aligncenter\"><a href=\"https:\/\/rioonwatch.org\/wp-content\/uploads\/2022\/01\/Machado-de-Assis-foi-um-escritor-brasileiro-considerado-por-muitos-criticos-estudiosos-escritores-e-leitores-um-dos-maiores-senao-o-maior-nome-da-literatura-do-Brasil..jpg\"><img loading=\"lazy\" decoding=\"async\" class=\"wp-image-69169\" title=\"Machado de Assis was a Brazilian writer considered by many critics, scholars, writers, and readers to be one of the biggest names, if not the biggest name in Brazilian literature. \" src=\"https:\/\/rioonwatch.org\/wp-content\/uploads\/2022\/01\/Machado-de-Assis-foi-um-escritor-brasileiro-considerado-por-muitos-criticos-estudiosos-escritores-e-leitores-um-dos-maiores-senao-o-maior-nome-da-literatura-do-Brasil.-1263x1536.jpg\" alt=\"\" width=\"1030\" height=\"1510\" srcset=\"https:\/\/rioonwatch.org\/wp-content\/uploads\/2022\/01\/Machado-de-Assis-foi-um-escritor-brasileiro-considerado-por-muitos-criticos-estudiosos-escritores-e-leitores-um-dos-maiores-senao-o-maior-nome-da-literatura-do-Brasil.-423x620.jpg 423w, https:\/\/rioonwatch.org\/wp-content\/uploads\/2022\/01\/Machado-de-Assis-foi-um-escritor-brasileiro-considerado-por-muitos-criticos-estudiosos-escritores-e-leitores-um-dos-maiores-senao-o-maior-nome-da-literatura-do-Brasil.-768x1126.jpg 768w, https:\/\/rioonwatch.org\/wp-content\/uploads\/2022\/01\/Machado-de-Assis-foi-um-escritor-brasileiro-considerado-por-muitos-criticos-estudiosos-escritores-e-leitores-um-dos-maiores-senao-o-maior-nome-da-literatura-do-Brasil.-429x629.jpg 429w, https:\/\/rioonwatch.org\/wp-content\/uploads\/2022\/01\/Machado-de-Assis-foi-um-escritor-brasileiro-considerado-por-muitos-criticos-estudiosos-escritores-e-leitores-um-dos-maiores-senao-o-maior-nome-da-literatura-do-Brasil..jpg 1263w\" sizes=\"(max-width: 1030px) 100vw, 1030px\" \/><\/a><figcaption id=\"caption-attachment-69169\" class=\"wp-caption-text\">Machado de Assis was a Brazilian writer considered by many critics, scholars, writers, and readers to be one of the biggest names, if not the biggest name in Brazilian literature.<\/figcaption><\/figure>\n<figure id=\"attachment_69172\" aria-describedby=\"caption-attachment-69172\" style=\"width: 300px\" class=\"wp-caption alignright\"><a href=\"https:\/\/rioonwatch.org\/wp-content\/uploads\/2022\/01\/Afonso-Henriques-de-Lima-Barreto-foi-um-jornalista-e-escritor-brasileiro-que-publicou-romances-satiras-contos-cronicas-e-vasta-obra-em-periodicos-e-revistas-anarquistas-do-seculo-XX.-620x345-1.jpg\"><img loading=\"lazy\" decoding=\"async\" class=\"wp-image-69172\" title=\"Afonso Henriques de Lima Barreto was a Brazilian writer and journalist who published novels, short stories, and extensive work in 20th century anarchist journals and magazines\" src=\"https:\/\/rioonwatch.org\/wp-content\/uploads\/2022\/01\/Afonso-Henriques-de-Lima-Barreto-foi-um-jornalista-e-escritor-brasileiro-que-publicou-romances-satiras-contos-cronicas-e-vasta-obra-em-periodicos-e-revistas-anarquistas-do-seculo-XX.-620x345-1-326x245.jpg\" alt=\"\" width=\"300\" height=\"167\" \/><\/a><figcaption id=\"caption-attachment-69172\" class=\"wp-caption-text\">Afonso Henriques de Lima Barreto was a Brazilian writer and journalist who published novels, short stories, and extensive work in 20th century anarchist journals and magazines.<\/figcaption><\/figure>\n<p>Like discourse, curricula are also a form of power. Thus, curricular content even today serves those who hold the most influence in this power struggle. To them, it is inconvenient to incorporate other perspectives beyond those that maintain the <em>status quo<\/em>. It can thus be argued that schools function as institutions for maintaining restrictions on knowledge and reproducing disciplinary and punitive processes.<\/p>\n<p>Evidence can be found these days that teacher training programs in Brazil contribute to a contemporary colonialism in the teaching structure. They reproduce practices of symbolic violence, of black history erasure, and of silencing voices, which recount, narrate, and <a href=\"http:\/\/bit.ly\/2x3tx2C\" target=\"_blank\" rel=\"noopener\">construct other perspectives<\/a>, another history. It\u2019s important to stress that the white epistemology of the university, which ignores or negates the existence or the importance of a black intellectualism, reinforces a eugenic relationship. White supremacy in the ways of seeing and thinking attempts to obstruct access and stigmatize everything that is not Eurocentric. This bibliographic scrapping during the teacher training period is harmful to future teachers and their future students, as it promotes the distancing of various possibilities of educational, cultural, and social transformation.<\/p>\n<figure id=\"attachment_69174\" aria-describedby=\"caption-attachment-69174\" style=\"width: 1030px\" class=\"wp-caption aligncenter\"><a href=\"https:\/\/rioonwatch.org\/wp-content\/uploads\/2022\/01\/Beatriz-Nascimento-foi-historiadora-professora-roteirista-poeta-e-ativista-pelos-direitos-humanos-de-negros-e-mulheres..jpg\"><img loading=\"lazy\" decoding=\"async\" class=\"wp-image-69174\" title=\"A professor at the Federal University of Rio, Beatriz Nascimento was a historian, a screenwriter, poet, and activist for human rights of blacks and women. \" src=\"https:\/\/rioonwatch.org\/wp-content\/uploads\/2022\/01\/Beatriz-Nascimento-foi-historiadora-professora-roteirista-poeta-e-ativista-pelos-direitos-humanos-de-negros-e-mulheres..jpg\" alt=\"\" width=\"1030\" height=\"579\" srcset=\"https:\/\/rioonwatch.org\/wp-content\/uploads\/2022\/01\/Beatriz-Nascimento-foi-historiadora-professora-roteirista-poeta-e-ativista-pelos-direitos-humanos-de-negros-e-mulheres..jpg 1170w, https:\/\/rioonwatch.org\/wp-content\/uploads\/2022\/01\/Beatriz-Nascimento-foi-historiadora-professora-roteirista-poeta-e-ativista-pelos-direitos-humanos-de-negros-e-mulheres.-620x349.jpg 620w, https:\/\/rioonwatch.org\/wp-content\/uploads\/2022\/01\/Beatriz-Nascimento-foi-historiadora-professora-roteirista-poeta-e-ativista-pelos-direitos-humanos-de-negros-e-mulheres.-768x432.jpg 768w, https:\/\/rioonwatch.org\/wp-content\/uploads\/2022\/01\/Beatriz-Nascimento-foi-historiadora-professora-roteirista-poeta-e-ativista-pelos-direitos-humanos-de-negros-e-mulheres.-1118x629.jpg 1118w\" sizes=\"(max-width: 1030px) 100vw, 1030px\" \/><\/a><figcaption id=\"caption-attachment-69174\" class=\"wp-caption-text\">A professor at the Federal University of Rio, Beatriz Nascimento was a historian, a screenwriter, poet, and activist for human rights of black people and women.<\/figcaption><\/figure>\n<figure id=\"attachment_69176\" aria-describedby=\"caption-attachment-69176\" style=\"width: 300px\" class=\"wp-caption alignright\"><a href=\"https:\/\/rioonwatch.org\/wp-content\/uploads\/2022\/01\/Aline-Cristina-do-Carmo-37-anos-pos-doutora-em-educacao-e-doutora-em-filosofia-professora-do-Colegio-Pedro-II..jpeg\"><img loading=\"lazy\" decoding=\"async\" class=\"wp-image-69176\" title=\"Aline Cristina do Carmo, 37, Post-Doctorate in Education and PhD in Philosophy, teacher at Col\u00e9gio Pedro II.\" src=\"https:\/\/rioonwatch.org\/wp-content\/uploads\/2022\/01\/Aline-Cristina-do-Carmo-37-anos-pos-doutora-em-educacao-e-doutora-em-filosofia-professora-do-Colegio-Pedro-II.-326x245.jpeg\" alt=\"\" width=\"300\" height=\"201\" srcset=\"https:\/\/rioonwatch.org\/wp-content\/uploads\/2022\/01\/Aline-Cristina-do-Carmo-37-anos-pos-doutora-em-educacao-e-doutora-em-filosofia-professora-do-Colegio-Pedro-II.-620x415.jpeg 620w, https:\/\/rioonwatch.org\/wp-content\/uploads\/2022\/01\/Aline-Cristina-do-Carmo-37-anos-pos-doutora-em-educacao-e-doutora-em-filosofia-professora-do-Colegio-Pedro-II..jpeg 720w\" sizes=\"(max-width: 300px) 100vw, 300px\" \/><\/a><figcaption id=\"caption-attachment-69176\" class=\"wp-caption-text\">Aline Cristina do Carmo, 37, has a post-doc in Education and PhD in Philosophy, and teaches at Col\u00e9gio Pedro II.<\/figcaption><\/figure>\n<p>Aline Cristina do Carmo, 37, a high school teacher at Col\u00e9gio Pedro II who holds a PhD in Philosophy, mentioned that her first contact with a black author was during her master\u2019s, when she read <em><a href=\"https:\/\/amzn.to\/3oNrBGQ\" target=\"_blank\" rel=\"noopener\">In My Father\u2019s House<\/a> <\/em>by <a href=\"https:\/\/bit.ly\/34YaH1o\" target=\"_blank\" rel=\"noopener\">Kwame Anthony Appiah<\/a>. She also said that, during her high school and undergraduate studies, she read Lima Barreto, Machado de Assis, and <a href=\"https:\/\/bit.ly\/3oebCkX\" target=\"_blank\" rel=\"noopener\">Saint Augustine of Hippo<\/a>\u2014who was based in what today would be Algeria\u2014though there was never any indication of the blackness or Africanness of these authors: yet another journey marked by racial erasure in the curriculum.<\/p>\n<blockquote><p>\u201cI only read black women authors on my own, outside university. I read <a href=\"http:\/\/bit.ly\/2ftKV5J\" target=\"_blank\" rel=\"noopener\">Angela Davis<\/a>, <a href=\"https:\/\/bit.ly\/3HtSVRG\" target=\"_blank\" rel=\"noopener\">Kimberl\u00e9 Crenshaw<\/a>, Concei\u00e7\u00e3o Evaristo, Carolina Maria de Jesus\u2014all these names that showed me my own spaces for activism. These were never required readings at university, as far as I remember, for my bachelor\u2019s, master\u2019s, or PhD, in either Philosophy or Law. But it\u2019s possible that I read black authors without having been informed as much. <a href=\"https:\/\/bit.ly\/3gcK632\" target=\"_blank\" rel=\"noopener\">Thula Pires<\/a>, for example, was recommended by my master\u2019s supervisor.\u201d \u2014 Aline Cristina do Carmo<\/p><\/blockquote>\n<figure id=\"attachment_69203\" aria-describedby=\"caption-attachment-69203\" style=\"width: 1030px\" class=\"wp-caption aligncenter\"><a href=\"https:\/\/rioonwatch.org\/wp-content\/uploads\/2022\/02\/Thula-Oliveira-Pires-e-professora-nos-cursos-da-PUC-Rio-e-coordenadora-do-Nucleo-Interdisciplinar-de-Reflexao-e-Memoria-Afrodescendente-NIREMA.-944x629-1.jpg\"><img loading=\"lazy\" decoding=\"async\" class=\"wp-image-69203\" title=\"Thula Oliveira Pires is a professor at PUC-Rio and coordinator of the Interdisciplinary Center for African Descendent Research and Heritage (NIREMA).\" src=\"https:\/\/rioonwatch.org\/wp-content\/uploads\/2022\/02\/Thula-Oliveira-Pires-e-professora-nos-cursos-da-PUC-Rio-e-coordenadora-do-Nucleo-Interdisciplinar-de-Reflexao-e-Memoria-Afrodescendente-NIREMA.-944x629-1.jpg\" alt=\"\" width=\"1030\" height=\"686\" srcset=\"https:\/\/rioonwatch.org\/wp-content\/uploads\/2022\/02\/Thula-Oliveira-Pires-e-professora-nos-cursos-da-PUC-Rio-e-coordenadora-do-Nucleo-Interdisciplinar-de-Reflexao-e-Memoria-Afrodescendente-NIREMA.-944x629-1.jpg 2000w, https:\/\/rioonwatch.org\/wp-content\/uploads\/2022\/02\/Thula-Oliveira-Pires-e-professora-nos-cursos-da-PUC-Rio-e-coordenadora-do-Nucleo-Interdisciplinar-de-Reflexao-e-Memoria-Afrodescendente-NIREMA.-944x629-1-620x413.jpg 620w, https:\/\/rioonwatch.org\/wp-content\/uploads\/2022\/02\/Thula-Oliveira-Pires-e-professora-nos-cursos-da-PUC-Rio-e-coordenadora-do-Nucleo-Interdisciplinar-de-Reflexao-e-Memoria-Afrodescendente-NIREMA.-944x629-1-768x512.jpg 768w, https:\/\/rioonwatch.org\/wp-content\/uploads\/2022\/02\/Thula-Oliveira-Pires-e-professora-nos-cursos-da-PUC-Rio-e-coordenadora-do-Nucleo-Interdisciplinar-de-Reflexao-e-Memoria-Afrodescendente-NIREMA.-944x629-1-944x629.jpg 944w\" sizes=\"(max-width: 1030px) 100vw, 1030px\" \/><\/a><figcaption id=\"caption-attachment-69203\" class=\"wp-caption-text\">Thula Oliveira Pires is a professor at PUC-Rio and coordinator of the Interdisciplinary Center for African Descendent Research and Heritage (NIREMA).<\/figcaption><\/figure>\n<p>Aside from black absences in curricula, Brazilian-Congolese anthropologist and professor at the Federal University of Rio de Janeiro (UFRJ), <a href=\"https:\/\/bit.ly\/3aZ07He\" target=\"_blank\" rel=\"noopener\">Kabengele Munanga<\/a>, says that some teachers don\u2019t know how to deal with incidents of flagrant discrimination in school spaces, due to their lack of preparation or prejudice. What should be a valuable teaching opportunity for discussing diversity and demonstrating the importance and wealth it offers to our culture and national identity becomes a moment of repression, with no discussion or collective learning taking place, a moment that at times is even one of <a href=\"http:\/\/bit.ly\/2lSLzOx\" target=\"_blank\" rel=\"noopener\">subtle acquiescence<\/a>, a reproducer of racist social practices.<\/p>\n<figure id=\"attachment_69205\" aria-describedby=\"caption-attachment-69205\" style=\"width: 1030px\" class=\"wp-caption aligncenter\"><a href=\"https:\/\/rioonwatch.org\/wp-content\/uploads\/2022\/02\/Kabengele-Munanga-pensador-brasileiro-congoles-referencia-no-Brasil-em-relacoes-etnico-raciais-e-racismo-professor-da-UFRJ.jpg\"><img loading=\"lazy\" decoding=\"async\" class=\"wp-image-69205\" title=\"Kabengele Munanga, Brazilian-Congolese thinker, a reference in Brazil in ethnic-racial relations and racism, professor at UFRJ.\" src=\"https:\/\/rioonwatch.org\/wp-content\/uploads\/2022\/02\/Kabengele-Munanga-pensador-brasileiro-congoles-referencia-no-Brasil-em-relacoes-etnico-raciais-e-racismo-professor-da-UFRJ.jpg\" alt=\"\" width=\"1030\" height=\"687\" srcset=\"https:\/\/rioonwatch.org\/wp-content\/uploads\/2022\/02\/Kabengele-Munanga-pensador-brasileiro-congoles-referencia-no-Brasil-em-relacoes-etnico-raciais-e-racismo-professor-da-UFRJ.jpg 2480w, https:\/\/rioonwatch.org\/wp-content\/uploads\/2022\/02\/Kabengele-Munanga-pensador-brasileiro-congoles-referencia-no-Brasil-em-relacoes-etnico-raciais-e-racismo-professor-da-UFRJ-620x414.jpg 620w, https:\/\/rioonwatch.org\/wp-content\/uploads\/2022\/02\/Kabengele-Munanga-pensador-brasileiro-congoles-referencia-no-Brasil-em-relacoes-etnico-raciais-e-racismo-professor-da-UFRJ-768x512.jpg 768w, https:\/\/rioonwatch.org\/wp-content\/uploads\/2022\/02\/Kabengele-Munanga-pensador-brasileiro-congoles-referencia-no-Brasil-em-relacoes-etnico-raciais-e-racismo-professor-da-UFRJ-943x629.jpg 943w\" sizes=\"(max-width: 1030px) 100vw, 1030px\" \/><\/a><figcaption id=\"caption-attachment-69205\" class=\"wp-caption-text\">Kabengele Munanga, Brazilian-Congolese thinker, a reference in Brazil in ethnic-racial relations and racism, professor at UFRJ.<\/figcaption><\/figure>\n<figure id=\"attachment_69214\" aria-describedby=\"caption-attachment-69214\" style=\"width: 300px\" class=\"wp-caption alignright\"><a href=\"https:\/\/rioonwatch.org\/wp-content\/uploads\/2022\/02\/Luiz-Gama-abolicionista-advogado-jornalista-e-escritor-brasileiro-negro.-Patrono-da-Abolicao-da-Escravidao-filho-de-Luisa-Mahin.-Foto-tirada-em-1880..jpg\"><img loading=\"lazy\" decoding=\"async\" class=\"wp-image-69214\" title=\"Luiz Gama, abolitionist, lawyer, journalist and black Brazilian writer. Patron of the Abolition of Slavery, son of Luisa Mahin. Photo taken in 1880. \" src=\"https:\/\/rioonwatch.org\/wp-content\/uploads\/2022\/02\/Luiz-Gama-abolicionista-advogado-jornalista-e-escritor-brasileiro-negro.-Patrono-da-Abolicao-da-Escravidao-filho-de-Luisa-Mahin.-Foto-tirada-em-1880..jpg\" alt=\"\" width=\"300\" height=\"378\" srcset=\"https:\/\/rioonwatch.org\/wp-content\/uploads\/2022\/02\/Luiz-Gama-abolicionista-advogado-jornalista-e-escritor-brasileiro-negro.-Patrono-da-Abolicao-da-Escravidao-filho-de-Luisa-Mahin.-Foto-tirada-em-1880..jpg 870w, https:\/\/rioonwatch.org\/wp-content\/uploads\/2022\/02\/Luiz-Gama-abolicionista-advogado-jornalista-e-escritor-brasileiro-negro.-Patrono-da-Abolicao-da-Escravidao-filho-de-Luisa-Mahin.-Foto-tirada-em-1880.-492x620.jpg 492w, https:\/\/rioonwatch.org\/wp-content\/uploads\/2022\/02\/Luiz-Gama-abolicionista-advogado-jornalista-e-escritor-brasileiro-negro.-Patrono-da-Abolicao-da-Escravidao-filho-de-Luisa-Mahin.-Foto-tirada-em-1880.-768x968.jpg 768w, https:\/\/rioonwatch.org\/wp-content\/uploads\/2022\/02\/Luiz-Gama-abolicionista-advogado-jornalista-e-escritor-brasileiro-negro.-Patrono-da-Abolicao-da-Escravidao-filho-de-Luisa-Mahin.-Foto-tirada-em-1880.-499x629.jpg 499w\" sizes=\"(max-width: 300px) 100vw, 300px\" \/><\/a><figcaption id=\"caption-attachment-69214\" class=\"wp-caption-text\">Luiz Gama, abolitionist, lawyer, journalist and black Brazilian writer. Patron of the abolition of slavery, son of Luisa Mahin. Photo taken in 1880.<\/figcaption><\/figure>\n<p>From school to university and from university back to school, the history of slavery is continuously being <a href=\"https:\/\/bit.ly\/3qqvW4B\" target=\"_blank\" rel=\"noopener\">told and retold from a white lens<\/a>, without taking into consideration all the other histories that could be shared on the African continent, the importance of the African men and women who constructed the history of Brazil, and the great deeds and figures prior to their being kidnapped and enslaved. The Afro-Brazilian cultural legacy is ignored, along with the importance of the <a href=\"https:\/\/bit.ly\/2O0QaBe\" target=\"_blank\" rel=\"noopener\">Black Movement<\/a> in the struggle against slavery and racism in Brazil.<\/p>\n<p>Although there are many obstacles in the process of deconstructing these spaces of <a href=\"http:\/\/bit.ly\/2sobq3e\" target=\"_blank\" rel=\"noopener\">whiteness<\/a>, we also must recognize that there are educators who tirelessly seek to reshape racial tensions and their consequences in educational spaces. However, not even <a href=\"http:\/\/bit.ly\/2X53c2R\" target=\"_blank\" rel=\"noopener\">Brazilian Law 10,639\/2003<\/a> resulted in a majority of education professionals meeting the basic requirements set forth.<\/p>\n<p>Professor Ricardo Pinheiro says he first had contact with African and Afro-Brazilian histories, cultures, and literatures in graduate school. The course Pinheiro was enrolled in, like so many others, came about in order to meet the requirements of Law 10,639\/2003. However, we know that <a href=\"https:\/\/bit.ly\/3au4ZDI\" target=\"_blank\" rel=\"noopener\">not all universities abide by this law<\/a>. Some only follow it symbolically, on specific commemorative dates, such as Abolition Day or <a href=\"http:\/\/bit.ly\/2ZYvHRc\" target=\"_blank\" rel=\"noopener\">Black Awareness Day<\/a>. And thus, the dynamics of slavery and submission persists.<\/p>\n<figure id=\"attachment_69216\" aria-describedby=\"caption-attachment-69216\" style=\"width: 1030px\" class=\"wp-caption aligncenter\"><a href=\"https:\/\/rioonwatch.org\/wp-content\/uploads\/2022\/02\/Jose-do-Patrocinio-foi-um-abolicionista-farmaceutico-jornalista-escritor-orador-e-ativista-politico-negro-brasileiro.-768x1078-1.jpg\"><img loading=\"lazy\" decoding=\"async\" class=\"wp-image-69216\" title=\"Jos\u00e9 do Patroc\u00ednio was an abolitionist, pharmacist, journalist, writer, speaker, and black Brazilian political activist. \" src=\"https:\/\/rioonwatch.org\/wp-content\/uploads\/2022\/02\/Jose-do-Patrocinio-foi-um-abolicionista-farmaceutico-jornalista-escritor-orador-e-ativista-politico-negro-brasileiro.-768x1078-1.jpg\" alt=\"\" width=\"1030\" height=\"1446\" srcset=\"https:\/\/rioonwatch.org\/wp-content\/uploads\/2022\/02\/Jose-do-Patrocinio-foi-um-abolicionista-farmaceutico-jornalista-escritor-orador-e-ativista-politico-negro-brasileiro.-768x1078-1.jpg 768w, https:\/\/rioonwatch.org\/wp-content\/uploads\/2022\/02\/Jose-do-Patrocinio-foi-um-abolicionista-farmaceutico-jornalista-escritor-orador-e-ativista-politico-negro-brasileiro.-768x1078-1-442x620.jpg 442w, https:\/\/rioonwatch.org\/wp-content\/uploads\/2022\/02\/Jose-do-Patrocinio-foi-um-abolicionista-farmaceutico-jornalista-escritor-orador-e-ativista-politico-negro-brasileiro.-768x1078-1-448x629.jpg 448w\" sizes=\"(max-width: 1030px) 100vw, 1030px\" \/><\/a><figcaption id=\"caption-attachment-69216\" class=\"wp-caption-text\">Jos\u00e9 do Patroc\u00ednio was an abolitionist, pharmacist, journalist, writer, speaker, and black Brazilian political activist.<\/figcaption><\/figure>\n<h3>Black Brazilian Literature as Political Pedagogy<\/h3>\n<p>In literature, it is rather startling to note the degree of rejection, especially of black academic women. A recent example was when renowned writer <a href=\"http:\/\/bit.ly\/2B8pneQ\" target=\"_blank\" rel=\"noopener\">Concei\u00e7\u00e3o Evaristo<\/a>, from the state of Minas Gerais, <a href=\"https:\/\/bit.ly\/3BOGVsf\" target=\"_blank\" rel=\"noopener\">lost a chair appointment<\/a> to the Brazilian Academy of Letters, in 2018, despite overwhelming popular support. Instead, white filmmaker Cac\u00e1 Diegues was recognized as an \u201cimmortal,\u201d as appointees are known. In an interview, the (white) writer and former president of the academy, <a href=\"https:\/\/bit.ly\/3m6m0dz\" target=\"_blank\" rel=\"noopener\">N\u00e9lida Pi\u00f1on, said<\/a> that Evaristo had committed \u201c<a href=\"https:\/\/bit.ly\/3Ca7XJ3\" target=\"_blank\" rel=\"noopener\">campaign errors<\/a>\u201d by not following certain bureaucratic traditions typically observed by candidates, such as sending out telegrams, meeting with other \u201cimmortals\u201d for coffee, and presenting them with their works. The award-winning black author, who <a href=\"https:\/\/bit.ly\/3M0jctL\" target=\"_blank\" rel=\"noopener\">responded to Pi\u00f1on&#8217;s remarks<\/a>, was not even recognized as a candidate by certain academics.<\/p>\n<p>While Concei\u00e7\u00e3o Evaristo failed to be appointed due to \u201ccampaign errors,\u201d <a href=\"https:\/\/bit.ly\/3okWpP4\" target=\"_blank\" rel=\"noopener\">Fernanda Montenegro<\/a> was elected as an \u201cimmortal\u201d to the academy even before announcing her candidacy. It is important to note that while Concei\u00e7\u00e3o Evaristo has been an international award-winning author for over 30 years, with dozens of published and translated novels, stories, and poems, Fernanda Montenegro is an actress with only two autobiographies published in 2018 and 2019.<\/p>\n<figure id=\"attachment_69255\" aria-describedby=\"caption-attachment-69255\" style=\"width: 300px\" class=\"wp-caption alignright\"><a href=\"https:\/\/rioonwatch.org\/wp-content\/uploads\/2022\/02\/Maria-Firmina-dos-Reis-negra-e-maranhense-foi-a-primeira-mulher-a-publicar-um-romance-no-Brasil..jpg\"><img loading=\"lazy\" decoding=\"async\" class=\"wp-image-69255\" title=\"Maria Firmina dos Reis, a black woman from the state of Maranh\u00e3o, she was the first woman to publish a novel in Brazil.\" src=\"https:\/\/rioonwatch.org\/wp-content\/uploads\/2022\/02\/Maria-Firmina-dos-Reis-negra-e-maranhense-foi-a-primeira-mulher-a-publicar-um-romance-no-Brasil..jpg\" alt=\"\" width=\"300\" height=\"200\" srcset=\"https:\/\/rioonwatch.org\/wp-content\/uploads\/2022\/02\/Maria-Firmina-dos-Reis-negra-e-maranhense-foi-a-primeira-mulher-a-publicar-um-romance-no-Brasil..jpg 700w, https:\/\/rioonwatch.org\/wp-content\/uploads\/2022\/02\/Maria-Firmina-dos-Reis-negra-e-maranhense-foi-a-primeira-mulher-a-publicar-um-romance-no-Brasil.-620x413.jpg 620w\" sizes=\"(max-width: 300px) 100vw, 300px\" \/><\/a><figcaption id=\"caption-attachment-69255\" class=\"wp-caption-text\">Maria Firmina dos Reis, a black woman from the state of Maranh\u00e3o, she was the first woman to publish a novel in Brazil.<\/figcaption><\/figure>\n<p>For some white professors in this area, there is no distinction between Brazilian literature and black Brazilian literature. They stress that segregation of the literary movements could undermine the construction of Brazil\u2019s written identity. But how can this identity emerge when the image of black people is associated with violence, marginalization, ignorance, as well as sexual, aesthetic, and social stigmas? It is vital to highlight black literature in a country that redoubles efforts to ensure it never sees the light of day. <a href=\"https:\/\/bit.ly\/3Boy3Jp\" target=\"_blank\" rel=\"noopener\">Maria Firmina dos Reis<\/a>, a black woman from the state of Maranh\u00e3o, was the first woman to publish a novel in Brazil. She\u2019s the author of <em><a href=\"https:\/\/bit.ly\/3oBIODB\" target=\"_blank\" rel=\"noopener\">\u00darsula<\/a><\/em>, considered the country&#8217;s first abolitionist work. Have we ever heard of her?<\/p>\n<figure id=\"attachment_69257\" aria-describedby=\"caption-attachment-69257\" style=\"width: 1030px\" class=\"wp-caption aligncenter\"><a href=\"https:\/\/rioonwatch.org\/wp-content\/uploads\/2022\/02\/Milton-Santos-conhecido-por-seu-pioneirismo-em-diversos-ramos-da-geografia-notavelmente-geografia-urbana-em-paises-em-desenvolvimento.png\"><img loading=\"lazy\" decoding=\"async\" class=\"wp-image-69257\" title=\"Milton Santos, professor of geography at USP, is known for being a pioneer in various branches of geography, notably urban geography in developing countries.\" src=\"https:\/\/rioonwatch.org\/wp-content\/uploads\/2022\/02\/Milton-Santos-conhecido-por-seu-pioneirismo-em-diversos-ramos-da-geografia-notavelmente-geografia-urbana-em-paises-em-desenvolvimento.png\" alt=\"\" width=\"1030\" height=\"541\" srcset=\"https:\/\/rioonwatch.org\/wp-content\/uploads\/2022\/02\/Milton-Santos-conhecido-por-seu-pioneirismo-em-diversos-ramos-da-geografia-notavelmente-geografia-urbana-em-paises-em-desenvolvimento.png 1200w, https:\/\/rioonwatch.org\/wp-content\/uploads\/2022\/02\/Milton-Santos-conhecido-por-seu-pioneirismo-em-diversos-ramos-da-geografia-notavelmente-geografia-urbana-em-paises-em-desenvolvimento-620x326.png 620w, https:\/\/rioonwatch.org\/wp-content\/uploads\/2022\/02\/Milton-Santos-conhecido-por-seu-pioneirismo-em-diversos-ramos-da-geografia-notavelmente-geografia-urbana-em-paises-em-desenvolvimento-768x403.png 768w, https:\/\/rioonwatch.org\/wp-content\/uploads\/2022\/02\/Milton-Santos-conhecido-por-seu-pioneirismo-em-diversos-ramos-da-geografia-notavelmente-geografia-urbana-em-paises-em-desenvolvimento-1198x629.png 1198w\" sizes=\"(max-width: 1030px) 100vw, 1030px\" \/><\/a><figcaption id=\"caption-attachment-69257\" class=\"wp-caption-text\">Milton Santos, professor of geography at USP, is known for being a pioneer in various branches of geography, notably urban geography in developing countries.<\/figcaption><\/figure>\n<figure id=\"attachment_69259\" aria-describedby=\"caption-attachment-69259\" style=\"width: 300px\" class=\"wp-caption alignright\"><a href=\"https:\/\/rioonwatch.org\/wp-content\/uploads\/2022\/02\/Ele-Semog-e-poeta-e-contista-mestre-em-Historia-Comparada-pela-UFRJ..jpg\"><img loading=\"lazy\" decoding=\"async\" class=\"wp-image-69259\" title=\"With a master's in Comparative History from UFRJ, \u00c9le Semog is a poet and short story writer.\" src=\"https:\/\/rioonwatch.org\/wp-content\/uploads\/2022\/02\/Ele-Semog-e-poeta-e-contista-mestre-em-Historia-Comparada-pela-UFRJ..jpg\" alt=\"\" width=\"300\" height=\"275\" srcset=\"https:\/\/rioonwatch.org\/wp-content\/uploads\/2022\/02\/Ele-Semog-e-poeta-e-contista-mestre-em-Historia-Comparada-pela-UFRJ..jpg 800w, https:\/\/rioonwatch.org\/wp-content\/uploads\/2022\/02\/Ele-Semog-e-poeta-e-contista-mestre-em-Historia-Comparada-pela-UFRJ.-620x567.jpg 620w, https:\/\/rioonwatch.org\/wp-content\/uploads\/2022\/02\/Ele-Semog-e-poeta-e-contista-mestre-em-Historia-Comparada-pela-UFRJ.-768x703.jpg 768w, https:\/\/rioonwatch.org\/wp-content\/uploads\/2022\/02\/Ele-Semog-e-poeta-e-contista-mestre-em-Historia-Comparada-pela-UFRJ.-687x629.jpg 687w\" sizes=\"(max-width: 300px) 100vw, 300px\" \/><\/a><figcaption id=\"caption-attachment-69259\" class=\"wp-caption-text\">With a master&#8217;s in Comparative History from UFRJ, \u00c9le Semog is a poet and author of short stories.<\/figcaption><\/figure>\n<p>Putting together a written record that allows for the emergence of black male and female authors is essential. This would allow us the possibility of one day having many other literary and literary theory works by these authors on the shelves of libraries, school reading rooms, and universities, which would serve as scholastic instruments for black and non-black students alike. If Brazilian society continues to exclude these works, stereotypes and stigmas reproduced by histories recounted through the white lens will be increasingly reinforced.<\/p>\n<blockquote><p>\u201cBlack literature, specifically Afro-Brazilian literature, is unquestionably political and pedagogical in nature.\u201d \u2014 <a href=\"https:\/\/bit.ly\/3EOxFEJ\" target=\"_blank\" rel=\"noopener\">Semog<\/a>, black poet from Nova Igua\u00e7u<\/p><\/blockquote>\n<p>To bring about this transformation, black men and women education professionals have been working towards incorporating non-hegemonic readings in the classroom, in an attempt to repair the absence of black, indigenous, and <a href=\"https:\/\/bit.ly\/3B0By8F\" target=\"_blank\" rel=\"noopener\">LGBTQIA+<\/a> authors. Often, mere deconstruction fails to generate effects. Additional references must be created within the sphere of education. We must highlight the question of voice, a concept deepened by Indian author <a href=\"https:\/\/bit.ly\/3HtbCoV\" target=\"_blank\" rel=\"noopener\">Gayatri Spivak<\/a> popularized in Brazil by <a href=\"https:\/\/bit.ly\/3GaY0Oz\" target=\"_blank\" rel=\"noopener\">Djamila Ribeiro<\/a>, which shows us the <a href=\"https:\/\/bit.ly\/3mppzMb\" target=\"_blank\" rel=\"noopener\">importance of listening to subjects<\/a> tell their own stories, who for too long have been prevented from doing so.<\/p>\n<figure id=\"attachment_69270\" aria-describedby=\"caption-attachment-69270\" style=\"width: 1030px\" class=\"wp-caption aligncenter\"><a href=\"https:\/\/rioonwatch.org\/wp-content\/uploads\/2022\/02\/Djamila-Ribeiro-e-uma-filosofa-feminista-negra-escritora-e-academica-brasileira..jpg\"><img loading=\"lazy\" decoding=\"async\" class=\"wp-image-69270\" title=\"Djamila Ribeiro is a philosopher, black feminist, writer, and Brazilian academic.\" src=\"https:\/\/rioonwatch.org\/wp-content\/uploads\/2022\/02\/Djamila-Ribeiro-e-uma-filosofa-feminista-negra-escritora-e-academica-brasileira..jpg\" alt=\"\" width=\"1030\" height=\"1085\" srcset=\"https:\/\/rioonwatch.org\/wp-content\/uploads\/2022\/02\/Djamila-Ribeiro-e-uma-filosofa-feminista-negra-escritora-e-academica-brasileira..jpg 1280w, https:\/\/rioonwatch.org\/wp-content\/uploads\/2022\/02\/Djamila-Ribeiro-e-uma-filosofa-feminista-negra-escritora-e-academica-brasileira.-589x620.jpg 589w, https:\/\/rioonwatch.org\/wp-content\/uploads\/2022\/02\/Djamila-Ribeiro-e-uma-filosofa-feminista-negra-escritora-e-academica-brasileira.-768x809.jpg 768w, https:\/\/rioonwatch.org\/wp-content\/uploads\/2022\/02\/Djamila-Ribeiro-e-uma-filosofa-feminista-negra-escritora-e-academica-brasileira.-597x629.jpg 597w\" sizes=\"(max-width: 1030px) 100vw, 1030px\" \/><\/a><figcaption id=\"caption-attachment-69270\" class=\"wp-caption-text\">Djamila Ribeiro is a philosopher, black feminist, writer, and Brazilian academic.<\/figcaption><\/figure>\n<h3>Conclusion<\/h3>\n<figure id=\"attachment_69272\" aria-describedby=\"caption-attachment-69272\" style=\"width: 300px\" class=\"wp-caption alignright\"><a href=\"https:\/\/rioonwatch.org\/wp-content\/uploads\/2022\/02\/Cruz-Sousa-foi-um-poeta-simbolista-brasileiro.-Ele-foi-o-precursor-do-movimento-simbolista-no-Brasil.jpg\"><img loading=\"lazy\" decoding=\"async\" class=\"wp-image-69272\" title=\"Cruz e Sousa was a Brazilian symbolist poet. He was the precursor to the symbolist movement in Brazil.\" src=\"https:\/\/rioonwatch.org\/wp-content\/uploads\/2022\/02\/Cruz-Sousa-foi-um-poeta-simbolista-brasileiro.-Ele-foi-o-precursor-do-movimento-simbolista-no-Brasil.jpg\" alt=\"\" width=\"300\" height=\"205\" srcset=\"https:\/\/rioonwatch.org\/wp-content\/uploads\/2022\/02\/Cruz-Sousa-foi-um-poeta-simbolista-brasileiro.-Ele-foi-o-precursor-do-movimento-simbolista-no-Brasil.jpg 984w, https:\/\/rioonwatch.org\/wp-content\/uploads\/2022\/02\/Cruz-Sousa-foi-um-poeta-simbolista-brasileiro.-Ele-foi-o-precursor-do-movimento-simbolista-no-Brasil-620x423.jpg 620w, https:\/\/rioonwatch.org\/wp-content\/uploads\/2022\/02\/Cruz-Sousa-foi-um-poeta-simbolista-brasileiro.-Ele-foi-o-precursor-do-movimento-simbolista-no-Brasil-768x524.jpg 768w, https:\/\/rioonwatch.org\/wp-content\/uploads\/2022\/02\/Cruz-Sousa-foi-um-poeta-simbolista-brasileiro.-Ele-foi-o-precursor-do-movimento-simbolista-no-Brasil-922x629.jpg 922w\" sizes=\"(max-width: 300px) 100vw, 300px\" \/><\/a><figcaption id=\"caption-attachment-69272\" class=\"wp-caption-text\">Cruz e Sousa was a Brazilian symbolist poet. He was the precursor to the symbolist movement in Brazil.<\/figcaption><\/figure>\n<p>We must urgently propose a new path, one where professionals are able to pluralize their viewpoints, and recognize the black population\u2019s production of knowledge. We must break with the romanticization of European content and theories, which only further subalternizes and colonizes us.<\/p>\n<blockquote><p>\u201cAt the end of the 1980s, the view still persisted that both <a href=\"https:\/\/bit.ly\/3glXgdV\" target=\"_blank\" rel=\"noopener\">Cruz e Souza<\/a> and Lima Barreto were lesser authors, or of lesser relevance, or of such a troubled existence that their literary value was proportionally less, or that they excelled more in journalism and less in literature.\u201d \u2014 Ricardo Pinheiro<\/p><\/blockquote>\n<p>References from the European continent encase writings in a quest for an ideal aesthetic and theoretical ideal. There\u2019s an ideal that is inconsistent with the national reality, where we, black men and women, are missing. Even for black or African references, as in the case of Saint Augustine, race is a reference that is erased. This is a phenomenon called \u201ccolor blindness,\u201d an old racist strategy for rendering blacks and their accomplishments invisible.<\/p>\n<figure id=\"attachment_69273\" aria-describedby=\"caption-attachment-69273\" style=\"width: 1030px\" class=\"wp-caption aligncenter\"><a href=\"https:\/\/rioonwatch.org\/wp-content\/uploads\/2022\/02\/Sueli-Carneiro-e-uma-filosofa-escritora-e-ativista-antirracismo-do-movimento-social-negro-brasileiro.-Foto-por-Andre-Seiti_-acervo-Itau-Cultural.jpg\"><img loading=\"lazy\" decoding=\"async\" class=\"wp-image-69273 size-mh-magazine-slider\" title=\"Sueli Carneiro is a philosopher, writer, and anti-racist activist of the black Brazilian social movement. Photo by Andr\u00e9 Seiti\/Ita\u00fa Cultural Collection\" src=\"https:\/\/rioonwatch.org\/wp-content\/uploads\/2022\/02\/Sueli-Carneiro-e-uma-filosofa-escritora-e-ativista-antirracismo-do-movimento-social-negro-brasileiro.-Foto-por-Andre-Seiti_-acervo-Itau-Cultural-1030x438.jpg\" alt=\"\" width=\"1030\" height=\"438\" srcset=\"https:\/\/rioonwatch.org\/wp-content\/uploads\/2022\/02\/Sueli-Carneiro-e-uma-filosofa-escritora-e-ativista-antirracismo-do-movimento-social-negro-brasileiro.-Foto-por-Andre-Seiti_-acervo-Itau-Cultural-1030x438.jpg 1030w, https:\/\/rioonwatch.org\/wp-content\/uploads\/2022\/02\/Sueli-Carneiro-e-uma-filosofa-escritora-e-ativista-antirracismo-do-movimento-social-negro-brasileiro.-Foto-por-Andre-Seiti_-acervo-Itau-Cultural-620x264.jpg 620w\" sizes=\"(max-width: 1030px) 100vw, 1030px\" \/><\/a><figcaption id=\"caption-attachment-69273\" class=\"wp-caption-text\">Sueli Carneiro is a philosopher, writer, and anti-racist activist of the black Brazilian social movement. Photo by Andr\u00e9 Seiti\/Ita\u00fa Cultural Collection<\/figcaption><\/figure>\n<p>According to philosopher <a href=\"https:\/\/bit.ly\/30haJga\" target=\"_blank\" rel=\"noopener\">Sueli Carneiro<\/a>, we must urgently \u201cwork towards the construction of a multi-racial and pluricultural society, where difference is experienced as equivalence and no longer as inferiority.\u201d From this perspective, a review of teacher training curricula is needed in order to include an entire intellectual production that has been left out of the classroom.<\/p>\n<figure id=\"attachment_69275\" aria-describedby=\"caption-attachment-69275\" style=\"width: 1030px\" class=\"wp-caption aligncenter\"><a href=\"https:\/\/rioonwatch.org\/wp-content\/uploads\/2022\/02\/Giovana-Xavier-feminista-negra-escreve-sobre-interseccionalidade-na-educacao-e-docente-da-UFRJ-onde-coordena-o-Grupo-de-Estudos-e-Pesquisas-Intelectuais-Negras..jpg\"><img loading=\"lazy\" decoding=\"async\" class=\"wp-image-69275\" title=\"Giovana Xavier, a black feminist who writes about intersectionality in education, is a professor at UFRJ, where she coordinates the Group of Black Studies and Intellectual Research. She is also an administrator of the page @pretadotora.\" src=\"https:\/\/rioonwatch.org\/wp-content\/uploads\/2022\/02\/Giovana-Xavier-feminista-negra-escreve-sobre-interseccionalidade-na-educacao-e-docente-da-UFRJ-onde-coordena-o-Grupo-de-Estudos-e-Pesquisas-Intelectuais-Negras..jpg\" alt=\"\" width=\"1030\" height=\"618\" srcset=\"https:\/\/rioonwatch.org\/wp-content\/uploads\/2022\/02\/Giovana-Xavier-feminista-negra-escreve-sobre-interseccionalidade-na-educacao-e-docente-da-UFRJ-onde-coordena-o-Grupo-de-Estudos-e-Pesquisas-Intelectuais-Negras..jpg 1086w, https:\/\/rioonwatch.org\/wp-content\/uploads\/2022\/02\/Giovana-Xavier-feminista-negra-escreve-sobre-interseccionalidade-na-educacao-e-docente-da-UFRJ-onde-coordena-o-Grupo-de-Estudos-e-Pesquisas-Intelectuais-Negras.-620x372.jpg 620w, https:\/\/rioonwatch.org\/wp-content\/uploads\/2022\/02\/Giovana-Xavier-feminista-negra-escreve-sobre-interseccionalidade-na-educacao-e-docente-da-UFRJ-onde-coordena-o-Grupo-de-Estudos-e-Pesquisas-Intelectuais-Negras.-768x461.jpg 768w, https:\/\/rioonwatch.org\/wp-content\/uploads\/2022\/02\/Giovana-Xavier-feminista-negra-escreve-sobre-interseccionalidade-na-educacao-e-docente-da-UFRJ-onde-coordena-o-Grupo-de-Estudos-e-Pesquisas-Intelectuais-Negras.-1048x629.jpg 1048w\" sizes=\"(max-width: 1030px) 100vw, 1030px\" \/><\/a><figcaption id=\"caption-attachment-69275\" class=\"wp-caption-text\">Giovana Xavier, a black feminist who writes about intersectionality in education, is a professor at UFRJ, where she coordinates the Group of Black Studies and Intellectual Research. She is also an administrator of the page @pretadotora.<\/figcaption><\/figure>\n<p>It must be stressed that Law 10,639 needs revisiting, because it is pointless to have a directive that must be complied with if there are no professionals prepared to do so and without being able to guarantee <a href=\"https:\/\/bit.ly\/2XEgQfj\" target=\"_blank\" rel=\"noopener\">representation in the classroom<\/a>. Lastly, it is important to stress the need to include non-hegemonic works in schools, which take into account the characteristics of our people, which are able to narrate other histories that are more diverse in terms of race, class, gender, sexual orientation, and territory.<\/p>\n<h3>Listen to the Accompanying Podcast in Portuguese\u00a0<a href=\"https:\/\/spoti.fi\/3lRgivT\" target=\"_blank\" rel=\"noopener\">Here<\/a>:<\/h3>\n<p><iframe src=\"https:\/\/w.soundcloud.com\/player\/?url=https%3A\/\/api.soundcloud.com\/tracks\/1174724209&amp;color=%23ff5500&amp;auto_play=false&amp;hide_related=false&amp;show_comments=true&amp;show_user=true&amp;show_reposts=false&amp;show_teaser=true\" width=\"100%\" height=\"166\" frameborder=\"no\" scrolling=\"no\" data-mce-fragment=\"1\"><span data-mce-type=\"bookmark\" style=\"display: inline-block; width: 0px; overflow: hidden; line-height: 0;\" class=\"mce_SELRES_start\">\ufeff<\/span><\/iframe><\/p>\n<div>\n<div style=\"font-size: 10px; color: #cccccc; line-break: anywhere; word-break: normal; overflow: hidden; white-space: nowrap; text-overflow: ellipsis; font-family: Interstate,Lucida Grande,Lucida Sans Unicode,Lucida Sans,Garuda,Verdana,Tahoma,sans-serif; font-weight: 100;\"><span style=\"color: #808080;\"><span style=\"color: #333333;\">Podcast in Portuguese available on<\/span> <a href=\"https:\/\/bit.ly\/33gyyZh\" target=\"_blank\" rel=\"noopener\">SoundCloud<\/a><span style=\"color: #333333;\">, <\/span><a href=\"https:\/\/spoti.fi\/3lRgivT\" target=\"_blank\" rel=\"noopener\">Spotify<\/a><span style=\"color: #333333;\">,<\/span> <a href=\"https:\/\/bit.ly\/3rMVSIg\" target=\"_blank\" rel=\"noopener\">YouTube<\/a><span style=\"color: #333333;\">, and<\/span> <a href=\"https:\/\/bit.ly\/3dzlJuK\" target=\"_blank\" rel=\"noopener\">other players<\/a><span style=\"color: #333333;\">.<\/span><\/span><\/div>\n<div>\n<h3>Reading List for Anti-Racist Educators<\/h3>\n<p>\u25cf Aline Cristina do Carmo, \u201c<a href=\"https:\/\/bit.ly\/3IaCdaN\" target=\"_blank\" rel=\"noopener\">O Que Podemos Aprender com os Quilombos<\/a>\u201d<br \/>\n\u25cf \u00c9le Semog, \u201cPoetas Negros, Movimento Negro e Alguma Vida\u201d<br \/>\n\u25cf Eliane Cavalleiro, <a href=\"https:\/\/amzn.to\/3o8Kowz\" target=\"_blank\" rel=\"noopener\">Do Sil\u00eancio do Lar ao Sil\u00eancio Escolar: Racismo, Preconceito e Discrimina\u00e7\u00e3o na Educa\u00e7\u00e3o Infantil<\/a>\u201d<br \/>\n\u25cf Elizabeth Maria da Silva, \u201c<a href=\"https:\/\/bit.ly\/3DaAAGH\" target=\"_blank\" rel=\"noopener\">O Papel da M\u00eddia e da Escola na Forma\u00e7\u00e3o da Identidade do Aluno Jovem e Adulto Negro: Ponto de Encontro e Desencontro<\/a>\u201d<br \/>\n\u25cf Joana Gorj\u00e3o Henriques, \u201c<a href=\"https:\/\/bit.ly\/3rp7Rvd\" target=\"_blank\" rel=\"noopener\">Racismo em Portugu\u00eas: O Lado Esquecido do Colonialismo<\/a>\u201d<br \/>\n\u25cf Kabengele Munanga, \u201c<a href=\"https:\/\/bit.ly\/3llgrY4\" target=\"_blank\" rel=\"noopener\">Superando o Racismo na Escola<\/a>\u201d<br \/>\n\u25cf Luciane de Oliveira Rocha, \u201c<a href=\"https:\/\/bit.ly\/32D6G0Y\" target=\"_blank\" rel=\"noopener\">Judicializa\u00e7\u00e3o do Sofrimento Negro: Maternidade Negra e Fluxo do Sistema de Justi\u00e7a Criminal no Rio de Janeiro<\/a>\u201d<br \/>\n\u25cf Maria Alice Rezende Gon\u00e7alves, \u201c<a href=\"https:\/\/bit.ly\/3pcmNKF\" target=\"_blank\" rel=\"noopener\">Educa\u00e7\u00e3o, Arte e Literatura Africana de L\u00edngua Portuguesa: Contribui\u00e7\u00f5es para a Discuss\u00e3o da Quest\u00e3o Racial na Escola<\/a>\u201d<br \/>\n\u25cf Maria Vieira Silva, \u201cO Enfoque do Negro no Curr\u00edculo Escolar: Algumas Possibilidades de Ressignifica\u00e7\u00e3o\u201d. REVISTA DE EDUCA\u00c7\u00c3O POPULAR, Uberl\u00e2ndia, n.3, set 2004.<br \/>\n\u25cf Marinalva Dias dos Santos, \u201c<a href=\"https:\/\/bit.ly\/3d53rS1\" target=\"_blank\" rel=\"noopener\">Os Desafios da Escola P\u00fablica Paraense na Perspectiva do Professor\u201d. A Literatura e o Tema da Negritude em Sala de Aula<\/a>\u201d<br \/>\n\u25cf Rosemere Ferreira da Silva, \u201c<a href=\"https:\/\/bit.ly\/3I0M6b4\" target=\"_blank\" rel=\"noopener\">Entre o Liter\u00e1rio e o Existencial, a Escreviv\u00eancia de Concei\u00e7\u00e3o Evaristo na Cria\u00e7\u00e3o de um Protagonismo Feminino Negro no Romance de Ponci\u00e1 Vic\u00eancio<\/a>\u201d<br \/>\n\u25cf Sueli Carneiro, \u201c<a href=\"https:\/\/bit.ly\/3d3c3sr\" target=\"_blank\" rel=\"noopener\">Enegrecer Feminismo: a Situa\u00e7\u00e3o da Mulher Negra na Am\u00e9rica Latina a Partir de uma Perspectiva de G\u00eanero<\/a>\u201d<br \/>\n\u25cf Val\u00e9ria Louren\u00e7o, \u201c<a href=\"https:\/\/bit.ly\/3G2rnBP\" target=\"_blank\" rel=\"noopener\">Autoria e Autorrepresenta\u00e7\u00e3o em Comunidades Quilombolas da Baixada Maranhense Como Formas de Luta: um Di\u00e1logo entre a Antropologia e a Literatura Brasileira<\/a>\u201d, \u201c<a href=\"https:\/\/bit.ly\/3I83b36\" target=\"_blank\" rel=\"noopener\">Aya\u2019ba<\/a>\u201d, \u201c<a href=\"https:\/\/bit.ly\/3lnegnc\" target=\"_blank\" rel=\"noopener\">O Ru\u00eddo da Escrita de Outras Penas\u2014Narrativa e Autorrepresenta\u00e7\u00e3o em Comunidades Quilombolas da Baixada Maranhense<\/a>\u201d, e \u201c<a href=\"https:\/\/bit.ly\/3D8QSzJ\" target=\"_blank\" rel=\"noopener\">Resenha do livro Nice Guerreira: Mulher, Quilombola e Extrativista<\/a>\u201d<\/p>\n<\/div>\n<div><em>About the author: <a href=\"https:\/\/bit.ly\/3fsN4Qb\" target=\"_blank\" rel=\"noopener\">Cynthia Rachel Pereira Lima<\/a> is a native of Rio de Janeiro&#8217;s <\/em><em><a href=\"http:\/\/bit.ly\/2IgR5qe\" target=\"_blank\" rel=\"noopener\">North Zone<\/a> working on her master\u2019s degree in African Literature at the Fluminense Federal University (<a href=\"http:\/\/bit.ly\/2J7BN7l\" target=\"_blank\" rel=\"noopener\">UFF<\/a>). Cynthia created the group\u00a0<a href=\"http:\/\/bit.ly\/2YDDnrL\" target=\"_blank\" rel=\"noopener\">@encruzilhadafeminina<\/a> (Feminine Crossroads) focusing on Black Art. She writes and directs plays, and created the <a href=\"https:\/\/bit.ly\/3eZEFDt\" target=\"_blank\" rel=\"noopener\">@pretonopalco<\/a> black theater project. She is a volunteer literature teacher at the Institute of Human Teaching and Popular Education (<a href=\"https:\/\/bit.ly\/2MNZaW0\" target=\"_blank\" rel=\"noopener\">IFHEP<\/a>).<\/em><\/div>\n<p><em>About the artist:\u00a0<a href=\"https:\/\/bit.ly\/3hw17Vu\" target=\"_blank\" rel=\"noopener\">Raquel Batista<\/a>\u00a0is a visual artist who works as a\u00a0<a href=\"https:\/\/bit.ly\/2WWA8Jd\" target=\"_blank\" rel=\"noopener\">photographer<\/a>\u00a0and\u00a0<a href=\"https:\/\/bit.ly\/2JzGE5K\" target=\"_blank\" rel=\"noopener\">illustrator<\/a>. A black woman, resident of Rio\u2019s\u00a0<a href=\"http:\/\/bit.ly\/2KVA7k7\" target=\"_blank\" rel=\"noopener\">West Zone<\/a>, she is an undergraduate at the Federal University of Rio de Janeiro\u2019s (<a href=\"http:\/\/bit.ly\/2XiG2Ha\" target=\"_blank\" rel=\"noopener\">UFRJ<\/a>) School of Fine Arts. Her goal is to use art to represent people who, like her, a young black woman from the periphery, are not always seen.<\/em><\/p>\n<p><em>This article is the latest contribution to our <a href=\"https:\/\/bit.ly\/ROWWinsAnthem\" target=\"_blank\" rel=\"noopener\">award-winning<\/a> reporting project, <a href=\"https:\/\/bit.ly\/AntiracistFavelas\" target=\"_blank\" rel=\"noopener\">Rooting Anti-Racism in the Favelas: Deconstructing Social Narratives About Racism in Rio de Janeiro<\/a>.<\/em><\/p>\n<h4>Share your opinion about this article by clicking\u00a0<a href=\"https:\/\/bit.ly\/OpineAntirracismo\" target=\"_blank\" rel=\"noopener\">here<\/a>\u00a0(Portuguese).<\/h4>\n<hr \/>\n<h4><b data-stringify-type=\"bold\">Support\u00a0<\/b><b data-stringify-type=\"bold\"><i data-stringify-type=\"italic\">RioOnWatch<\/i><\/b><b data-stringify-type=\"bold\">\u2019s tireless, critical and cutting-edge hyperlocal journalism, online community organizing meetings, and direct support to favelas\u00a0<\/b><b data-stringify-type=\"bold\"><a class=\"c-link\" href=\"http:\/\/bit.ly\/DonateToRioOnWatch\" target=\"_blank\" rel=\"noopener noreferrer\" data-stringify-link=\"http:\/\/bit.ly\/DonateToRioOnWatch\" data-sk=\"tooltip_parent\">by clicking here.<\/a><\/b><\/h4>\n<\/div>\n","protected":false},"excerpt":{"rendered":"<div class=\"mh-excerpt\"><p>Clique aqui para Portugu\u00eas This is our latest article in\u00a0a\u00a0series\u00a0created in partnership with the\u00a0Behner Stiefel Center for Brazilian Studies\u00a0at San Diego State University, to produce articles for the\u00a0Digital Brazil Project\u00a0on\u00a0climate impacts and affirmative action in <a class=\"mh-excerpt-more\" href=\"https:\/\/rioonwatch.org\/?p=69101\" title=\"I Want To Read Black Authors: When Will We See Proper Representation in Brazilian Schools and Universities? [OPINION]\">[&#8230;]<\/a><\/p>\n<\/div>","protected":false},"author":233,"featured_media":69120,"comment_status":"closed","ping_status":"closed","sticky":false,"template":"template-full.php","format":"standard","meta":{"_monsterinsights_skip_tracking":false,"_monsterinsights_sitenote_active":false,"_monsterinsights_sitenote_note":"","_monsterinsights_sitenote_category":0,"footnotes":""},"categories":[1288,1328,1331,3264,335],"tags":[399,310,315,662,396,397,1113,3020,25,666,2617,744,1817,301,1189,3393,1019,2558,3030,3011,3245,1393,453,398,1353],"writer":[3371],"translator":[338],"illustrator":[3421],"photographer":[],"class_list":{"0":"post-69101","1":"post","2":"type-post","3":"status-publish","4":"format-standard","5":"has-post-thumbnail","7":"category-highlight","8":"category-by-community-contributors","9":"category-opinion-2","10":"category-podcast","11":"category-policies","12":"tag-access-to-higher-education","13":"tag-africa","14":"tag-african-diaspora","15":"tag-afro-brazilian-culture","16":"tag-art","17":"tag-education","18":"tag-educational-reform","19":"tag-europe","20":"tag-human-rights","21":"tag-literature","22":"tag-othering","23":"tag-policy-critique","24":"tag-psychology","25":"tag-public-policy","26":"tag-racism","27":"tag-representation","28":"tag-right-to-education","29":"tag-self-esteem","30":"tag-sense-of-belonging","31":"tag-series-human-rights-with-support-from-the-behner-stiefel-center-at-sdsu","32":"tag-series-anti-racism","33":"tag-sexism","34":"tag-stigma","35":"tag-university","36":"tag-usa","37":"writer-cynthia-rachel-pereira-lima","38":"translator-carolyn-oliveira","39":"illustrator-raquel-batista"},"_links":{"self":[{"href":"https:\/\/rioonwatch.org\/index.php?rest_route=\/wp\/v2\/posts\/69101","targetHints":{"allow":["GET"]}}],"collection":[{"href":"https:\/\/rioonwatch.org\/index.php?rest_route=\/wp\/v2\/posts"}],"about":[{"href":"https:\/\/rioonwatch.org\/index.php?rest_route=\/wp\/v2\/types\/post"}],"author":[{"embeddable":true,"href":"https:\/\/rioonwatch.org\/index.php?rest_route=\/wp\/v2\/users\/233"}],"replies":[{"embeddable":true,"href":"https:\/\/rioonwatch.org\/index.php?rest_route=%2Fwp%2Fv2%2Fcomments&post=69101"}],"version-history":[{"count":0,"href":"https:\/\/rioonwatch.org\/index.php?rest_route=\/wp\/v2\/posts\/69101\/revisions"}],"wp:featuredmedia":[{"embeddable":true,"href":"https:\/\/rioonwatch.org\/index.php?rest_route=\/wp\/v2\/media\/69120"}],"wp:attachment":[{"href":"https:\/\/rioonwatch.org\/index.php?rest_route=%2Fwp%2Fv2%2Fmedia&parent=69101"}],"wp:term":[{"taxonomy":"category","embeddable":true,"href":"https:\/\/rioonwatch.org\/index.php?rest_route=%2Fwp%2Fv2%2Fcategories&post=69101"},{"taxonomy":"post_tag","embeddable":true,"href":"https:\/\/rioonwatch.org\/index.php?rest_route=%2Fwp%2Fv2%2Ftags&post=69101"},{"taxonomy":"writer","embeddable":true,"href":"https:\/\/rioonwatch.org\/index.php?rest_route=%2Fwp%2Fv2%2Fwriter&post=69101"},{"taxonomy":"translator","embeddable":true,"href":"https:\/\/rioonwatch.org\/index.php?rest_route=%2Fwp%2Fv2%2Ftranslator&post=69101"},{"taxonomy":"illustrator","embeddable":true,"href":"https:\/\/rioonwatch.org\/index.php?rest_route=%2Fwp%2Fv2%2Fillustrator&post=69101"},{"taxonomy":"photographer","embeddable":true,"href":"https:\/\/rioonwatch.org\/index.php?rest_route=%2Fwp%2Fv2%2Fphotographer&post=69101"}],"curies":[{"name":"wp","href":"https:\/\/api.w.org\/{rel}","templated":true}]}}