{"id":6941,"date":"2013-03-11T08:00:07","date_gmt":"2013-03-11T11:00:07","guid":{"rendered":"http:\/\/rioonwatch.org\/?p=6941"},"modified":"2015-08-14T19:12:24","modified_gmt":"2015-08-14T22:12:24","slug":"four-examples-of-resistance","status":"publish","type":"post","link":"https:\/\/rioonwatch.org\/?p=6941","title":{"rendered":"Four Examples of Resistance"},"content":{"rendered":"<p><em>For the original article by Ma\u00edra Mathias, Raquel J\u00fania and Raquel Torres in Portuguese, click\u00a0<a href=\"http:\/\/bit.ly\/Yk51Pa\" target=\"_blank\">here<\/a>.<\/em><\/p>\n<p style=\"text-align: center;\"><img fetchpriority=\"high\" decoding=\"async\" class=\"aligncenter\" title=\"February 18, 2013 leaders from four of Rio's communities most effectively resisting eviction come together for a collective interview.\" src=\"http:\/\/www.brasildefato.com.br\/sites\/default\/files\/Resist%C3%AAnciaRJ.jpg\" alt=\"\" width=\"660\" height=\"390\" \/><\/p>\n<p>There was a community hampering Rio de Janeiro making itself beautiful for tourists coming to the 2014 <a href=\"http:\/\/bit.ly\/15v5mF6\">World Cup<\/a> and 2016 <a href=\"http:\/\/bit.ly\/NiGX0D\" target=\"_blank\">Olympics<\/a>. And still is, thanks to the resistance of hundreds of people, and in spite of the government\u2019s systematic intrusions and tired arguments that you can\u2019t stop progress, that the families will be compensated, that the city will help with the displacements, that a parking lot is more important now, etc. In this interview with <em>Brasil de Fato<\/em>, people who actively participate in the resistance process discuss the difficulties facing four Rio communities that have been emblematic of the struggle for rights: <a href=\"http:\/\/bit.ly\/YDZUwA\" target=\"_blank\">Aldeia Maracan\u00e3<\/a>, located on the site of the former Museu do \u00cdndio (Indigenous Museum), which is threatened with demolition and removal by World Cup construction projects; <a href=\"http:\/\/bit.ly\/szghey\" target=\"_blank\">Vila Aut\u00f3dromo<\/a>, which for years has been threatened with removal by officials who want to develop the area on the banks of the Jacarepagu\u00e1 Lagoon; <a href=\"http:\/\/bit.ly\/H1IEpb\" target=\"_blank\">Morro da Provid\u00eancia<\/a>, with \u201crevitalization\u201d projects that call for the eviction of a third of the community\u2019s residents; and <a href=\"http:\/\/bit.ly\/ZunQBG\" target=\"_blank\">Manguinhos<\/a>, which has suffered various human rights violations during construction projects of the <a href=\"http:\/\/bit.ly\/ozFSxL\">Growth Acceleration Program (PAC)<\/a>.<\/p>\n<p>The group met on a Saturday morning at the former Museu do \u00cdndio. At the time of publishing, the state government had retracted its decision to demolish the old museum building, but it remained inflexible about its plans to remove the Aldeia Maracan\u00e3 community. Read below the interviews from that day with Jane de Oliveira, Social Director of the Residents\u2019 Association of Vila Aut\u00f3dromo; Sidney Ferreira, co-founder of the Provid\u00eancia Housing Rights Commission and member of the <a href=\"http:\/\/bit.ly\/JRhHMz\">Port Community Forum<\/a>; Urutau Guajajara, better-known as Z\u00e9, professor of indigenous languages and one of the leaders of Aldeia Maracan\u00e3; and Fernando Soares, coordinator of the Manguinhos Human Rights Laboratory and co-founder of the Community Social Forum.<\/p>\n<p><em><strong>Brasil de Fato \u2013 What is happening in your communities?<\/strong><\/em><\/p>\n<p><strong>Z\u00e9 Guajajara<\/strong> \u2013 Our struggle has become more intense since 2006 when we occupied the old Museu do \u00cdndio building which had been abandoned since 1977. Our idea was always to return to indigenous people a historic site that had always been associated with them. In 1865 the Duke of Saxe gave the building to the Brazilian Empire to create a center for the study of native seeds and the indigenous populations that used them. The building later housed the Indian Protection Service, founded by Marshall Rondon, which is now <a href=\"http:\/\/bit.ly\/Xtg3q4\" target=\"_blank\">FUNAI (National Indian Foundation)<\/a>. It was transformed into the Museu do \u00cdndio in 1953. This historic site has been inseparable from the indigenous people. So in 2004 we organized a multi-ethnic group of indigenous people and attempted to take back the building, but with no success. In 2006, with a larger group of native people and supporters, we occupied it with the goal of revitalization and self-management. In Brazil there is no indigenous historic site created and run by indigenous people. At the end of 2012, <a href=\"http:\/\/bit.ly\/XEryGm\" target=\"_blank\">Governor Sergio Cabral came and threatened us<\/a>, saying he had bought the building and was going to tear it down and put anyhing else in its place \u2013 a shopping mall, parking lot; even the government doesn\u2019t know.<\/p>\n<figure style=\"width: 250px\" class=\"wp-caption alignright\"><img decoding=\"async\" title=\"Sidney Ferreira\" src=\"http:\/\/www.brasildefato.com.br\/sites\/default\/files\/Sidney%20Ferreira.jpg\" alt=\"\" width=\"250\" height=\"400\" \/><figcaption class=\"wp-caption-text\">Sidney Ferreira<\/figcaption><\/figure>\n<p><strong>Sidney Ferreira<\/strong> \u2013 At the end of 2010 somebody who said he was from the Mayor\u2019s office came to Provid\u00eancia and asked residents to let him measure their houses because the city was going to make improvements to the buildings. And who doesn\u2019t want improvements? Of course the community welcomed him and let him take his measurements. But then at the beginning of 2011, Mayor Eduardo Paes came to the community to present his project for Provid\u00eancia. He went as far as to tell residents they should get smart and make money off the gringos \u2013 all they had to do was put up a snack shop, say they were serving recipes from their grandmother who was born a slave, and the tourists would love it. He said this, encouraging residents to act falsely, and went away. There was no community meeting, no chance for residents to participate. In other words, the planning completely ignored the needs of residents, and the law. A week later, people from the mayor\u2019s office came back and marked countless houses with the letters \u201cSMH\u201d \u2013 Municipal Housing Secretary. The people whose houses were marked would have to leave. To leave our homes, the city offered us either a ridiculously small compensation, a rent subsidy of R$400\/month, or an assisted housing purchase, which is a joke. In the official project, 832 families are to be evicted \u2013 a third of the community. They also offered some apartments, but only one apartment project has been started, with only 162 units.<\/p>\n<p>The person who first met with residents to \u201cspread on the Vaseline\u201d was the captain of the <a href=\"http:\/\/bit.ly\/oTynCR\" target=\"_blank\">UPP (Pacifying Police Unit)<\/a>. But at the end of February he showed his true colors, saying, \u201cPeople, I work for the State, and it\u2019s a hierarchy. If I get the order to remove people, I\u2019m going to throw them out.\u201d From that point, residents started to organize; first in separate groups, then in March all together as the Provid\u00eancia Housing Rights Commission.<\/p>\n<p><strong>Jane de Oliveira<\/strong> \u2013 Vila Aut\u00f3dromo is located in a very valuable area. It\u2019s flat, on the banks of the Jacarepagu\u00e1 Lagoon, and near the beach at Barra. Over the years, the government settled many people there, and many residents received legal titles to their properties. But that land is no longer for the poor, at least in the politicians\u2019 minds. It&#8217;s prime real estate, and the big contractors that finance political campaigns are dying to get in there. As such, the community has been harassed with the threat of eviction since the 1990s. Residents remember back when Mayor Eduardo Paes \u2013 at that time deputy mayor of the city\u2019s West Zone \u2013 showed up driving a tractor to take out their houses. That was a pivotal moment: residents made a human barricade and stopped the demolition. At the time of the Pan American Games, the city tried again to remove Vila Aut\u00f3dromo, and they failed again. The community has also been accused of causing aesthetic damage, and damage to the environment. After that the excuse was that the community had to be removed so a media center could be built for the Olympic Games, then for the <a href=\"http:\/\/bit.ly\/YPrEvp\">TransOl\u00edmpica BRT<\/a> Highway. It has also been reported that the community is located in a risk area, and that it was too close to the security perimeter [for the athletes during the Olympics]. What we&#8217;ve seen is that there have been no motives for removal based on public interest.<\/p>\n<p><strong>Fernando Soares<\/strong> \u2013 Manguinhos is located at the junction of the city&#8217;s major highways. So if you want to go from the airport to Barra da Tijuca, or from the North Zone to the city center, you\u2019re going to pass Manguinhos. This is why they began to realize it was important to include Manguinhos in the city\u2019s planning for the World Cup and Olympics. The community was selected to receive the PAC, in theory an upgrading program, and after the plan was announced, we began to see drastic changes. First, the drug traffickers ordered the presidents of the community\u2019s 13 residents\u2019 associations to resign, creating a political climate more favorable to the construction projects. This is not unusual. There has always been an alliance between the state, contractors, paramilitary groups \u2013 either traffickers or militias, and the UPP, to facilitate the eviction of poor people from the center of the city to areas further and further out. Compensation, assisted purchase \u2013 that\u2019s unrealistic. People aren&#8217;t able to buy houses in the places where they were living before, as dictated by law.<\/p>\n<p>In Manguinhos, <a href=\"http:\/\/bit.ly\/RZYM3Z\">on the day the UPP arrived<\/a>, Sky [satellite TV] also moved in, along with Claro and Tim [cell phone service providers], and Light [electricity], but people\u2019s income didn\u2019t go up. Residents are starting to feel like they have to sell their homes and move far away, where it\u2019s cheaper. And the UPP, installed in February this year, is here to maintain the balance of power \u2013 the residents\u2019 associations that were imposed during the traffickers&#8217; coup are still there. People are still afraid to express their political opinions. Some people in Manguinhos have been threatened and are barred from participating in politics.<\/p>\n<p><em><strong>And how have you articulated\u00a0your resistance?<\/strong><\/em><\/p>\n<figure style=\"width: 250px\" class=\"wp-caption alignright\"><img decoding=\"async\" class=\" \" title=\"Urutau Guajajara, better known as Z\u00e9\" src=\"http:\/\/www.brasildefato.com.br\/sites\/default\/files\/UrutauGuajajara_1.jpg\" alt=\"\" width=\"250\" height=\"400\" \/><figcaption class=\"wp-caption-text\">Urutau Guajajara, better known as Z\u00e9<\/figcaption><\/figure>\n<p><strong>Z<\/strong><strong>\u00e9 Guajajara<\/strong> \u2013 In 2010 I participated in a meeting about Belo Monte (dam in the Amazon). Students from a variety of academic fields were there and at the end of my talk, some of them came up and asked me, \u201cWe know the state government is threatening to remove you. What are you, indigenous people, going to do about that?\u201d I answered their question with a question: \u201cLook, we indigenous people are here, defending our heritage. And what about you? What is the rest of the population going to do for this place?\u201d From that moment the students began to mobilize. And so we began to talk about how this heritage is too heavy a load for the indigenous to carry alone. Everyone needs to join us, and we call on the scientific community, critics from all disciplines, NGOs \u2013 all of civil society \u2013 to take part in this struggle.<\/p>\n<p><strong>Jane de Oliveira<\/strong> \u2013 In 2010, along with the Port Forum, we asked Eduardo Paes to hear our counter-proposal for <a href=\"http:\/\/bit.ly\/NKi0Ih\" target=\"_blank\">an upgrading project in the community<\/a>. We organized a technical team at the beginning of that year when we found a list online of 139 communities threatened with eviction. We went door-to-door, community-to-community, alerting people and passing out flyers. Most of those communities didn\u2019t mobilize \u2013 the same ones that have &#8220;fallen&#8221; [been removed].\u00a0When we presented our people\u2019s plan to revitalize the community on August 16, 2012, the mayor\u2019s office said they would respond within 45 days, but we still haven\u2019t heard from them.<\/p>\n<p><strong>Sidney Ferreira<\/strong> \u2013 At no point had Jorge Bittar, then Municipal Housing Secretary, visited Provid\u00eancia. Once we started the movement, we started to become visible. I got phone calls offering bribes, giving threats and warnings to be quiet. Finally, in May 2012 the secretary reluctantly came up the hill. We asked to make our arguments, and it all went off.\u00a0We pointed out a lot of the things that were wrong with the works. One example: that <a href=\"http:\/\/bit.ly\/sLRrzN\">cable car<\/a> [being built in the community] \u2013 who\u2019s it for? Not for us, the people who live there. The cable car stops at Central Station, Am\u00e9rico Brum Square \u2013 they destroyed the only open space in the community for children to play ball in, an important spot in Provid\u00eancia\u2019s cultural history \u2013 and the City of Samba. But the highest point on the hill is Cruzeiro. So to get up there you have to get off at Am\u00e9rico Brum, go up the hill, and take the stairs. It\u2019s a tourist project. We\u2019re not in any way against improvements, far from it. We\u2019re against all this mess.<\/p>\n<p><em><strong>Do the difficulties demotivate\u00a0the community? What would you say is most demotivating?<\/strong><\/em><\/p>\n<p><strong>Jane de Oliveira<\/strong> \u2013 Look at the case of [Federal public housing program] <a href=\"http:\/\/bit.ly\/Y4U9oJ\" target=\"_blank\">Minha Casa, Minha Vida<\/a>\u2026. Most people think the government has created housing policy. But that isn\u2019t true. The government has created a capitalist policy that favors big contractors. The people who should benefit from that project are those who are still renting, not the ones who have already managed to buy their own houses. When we organize a meeting for residents, and some people don\u2019t come, some of the ones who don\u2019t come are renters. That is demotivating. When city officials go to Vila Aut\u00f3dromo to show off a pretty project, but don\u2019t reveal that they\u2019re going to charge a condominium tax that most people won\u2019t be able to afford, that also negatively affects mobilization. Then there\u2019s the demotivation created by the mainstream media when they only report things that do nothing to undermine the private and government initiatives. They report that a community is in what is considered a risk area, but they don\u2019t report that an engineer working with the social movement proved it is not a risk area. They manage to sell such an image that even those who are being evicted begin to oppose the social movement.<\/p>\n<figure style=\"width: 250px\" class=\"wp-caption alignright\"><img loading=\"lazy\" decoding=\"async\" title=\"Fernando Soares\" src=\"http:\/\/www.brasildefato.com.br\/sites\/default\/files\/Fernando%20Soares.jpg\" alt=\"\" width=\"250\" height=\"400\" \/><figcaption class=\"wp-caption-text\">Fernando Soares<\/figcaption><\/figure>\n<p><strong>Fernando Soares<\/strong> \u2013 Our movement resisting the Manguinhos PAC took place in a context in which everything was new. People thought that it was going to be an upgrading project for the favelas. Thinking of all the stigma that the favela carries \u2013 as a place of violence, drug trafficking \u2013 it was hard to get people&#8217;s support to discuss this project. Partly because, and sometimes we have to put our fingers in the sore spot, the NGOs ended up as mediators of the process &#8211; they wound up being agents of the government. Agents who weren\u2019t necessarily against Manguinhos, but they didn\u2019t deeply understand it because they weren\u2019t living through the process. If it\u2019s a housing and sanitation project, the beneficiaries should be the residents of the favela. But the residents aren\u2019t asked what kind of project we want. The project is planned behind our backs and the excuses are always the same: \u201cWe\u2019re changing the tire while the car\u2019s running. Either you take this now, and before long you\u2019ll get used to it, or you won\u2019t get anything.&#8221; You won\u2019t get anything\u2026? At the time, that was the paradox of Manguinhos. In some ways it was hard to get society\u2019s support. Forget the media, which has always been on the side of hegemonic procedures. And there\u2019s the old \u201c<em><a href=\"http:\/\/bit.ly\/Zi0scW\">coronelismo<\/a><\/em>.\u201d You have the same political coronels in charge. If they tell you to, you have to keep quiet. So there are many procedures. One is to tell you that this is going to be good for you, and another is plain coercion.<\/p>\n<p>There are powers that are truly threatening and that make it impossible to get anything done politically, because survival is more important. Sometimes people even prefer to leave their houses. I had to leave my house. The police were on my roof, they broke through the ceiling, and rocks fell on my head. If I had been alone, I would have resisted, but I have two children. I decided to leave. I didn\u2019t abandon the struggle, just that house. But symbolically, they are winning, making progress. Here, in the case of the Museu do \u00cdndio, that \u201cnoble savage\u201d thing is in play and there\u2019s a lot of popular support. But getting over the stigma of living in a favela is still very difficult.<\/p>\n<p><em><strong>Since you touched on the subject of media coverage, how is your relationship with the press?<\/strong><\/em><\/p>\n<figure style=\"width: 250px\" class=\"wp-caption alignright\"><img loading=\"lazy\" decoding=\"async\" class=\"  \" title=\"Jane de Oliveira\" src=\"http:\/\/www.brasildefato.com.br\/sites\/default\/files\/Jane%20de%20Oliveira_1.jpg\" alt=\"\" width=\"250\" height=\"400\" \/><figcaption class=\"wp-caption-text\">Jane de Oliveira<\/figcaption><\/figure>\n<p><strong>Jane de Oliveira<\/strong>\u00a0\u2013 O Globo [newspaper] went to interview Altair Guimar\u00e3es [President of the Vila Autdr\u00f3mo Residents\u2019 Association], and they got everything wrong. Everyone knows Altair\u2019s position. But they said that Altair didn\u2019t want Vila Autodr\u00f3mo to be part of Minha Casa, Minha Vida because it would mean mixing with people from Cidade de Deus, Santa Cruz, and Morro dos Macacos. We made them retract it.\u00a0Another time, Band wanted to do an interview, and I told them we\u2019d do it on one condition: that they first interview Mayor Eduardo Paes, and then the Public Defender, because the three sides have the right to speak, and the people have the right to hear from each side to draw their own conclusions.<\/p>\n<p><strong>Z\u00e9 Guajajara<\/strong> \u2013 It\u2019s the same for us. It&#8217;s obvious who the mainstream media is working for. Sometimes it seems like a good piece comes out, but we have to read between the lines. For example, they never show the cultural part, the intangible part. It\u2019s always just a conflict between the indigenous and the politicians. Despite the fact that the president of CREA [Regional Engineering and Architecture Council] came and said that the building\u2019s structure is completely sound and restorable even though it&#8217;s been abandoned for 30 years, the mainstream media keeps saying the building is falling apart and has to come down.<\/p>\n<p><strong>Sidney Ferreira<\/strong> \u2013 The press comes into our homes without permission and does whatever it wants. I took part in a few articles at the beginning, innocently, but when they were published I realized that they had cut out what we had said. This was in <em>Globo<\/em> and <em>Record<\/em>.<\/p>\n<p><em><strong>What do you learn from each other\u2019s struggles, and how do you see the future?<\/strong><\/em><\/p>\n<p><strong>Z<\/strong><strong>\u00e9 Guajajara<\/strong> \u2013 The only difference between us is that our friends\u2019 struggles are specifically about housing. In our case, we know what we want for the former Museu do \u00cdndio. We\u2019re fighting for five things. One is housing, yes, why not? But above all we\u2019re fighting for cultural, educational, spiritual, and religious designations.<\/p>\n<p><strong>Sidney Ferreira<\/strong> \u2013 I\u2019ve learned that we have to integrate. The general population has to get involved in social struggles, whether it\u2019s in Provid\u00eancia, Vila Aut\u00f3dromo, Aldeia Maracan\u00e3, etc. And although the struggle is difficult, we\u2019ll win one victory at a time. And while we\u2019re winning, we can\u2019t let down our guard. If we win an injunction stopping construction, the developers immediately step in and the judge allows construction to proceed. They say we didn\u2019t get anywhere, but we did. Only those who are in the struggle know how much work it is to get to an injunction. No matter what, we\u2019ll be retaliated against, and suffer all kinds of pressures, but we can\u2019t give up.<\/p>\n<p><strong>Jane de Oliveira<\/strong> \u2013 I\u2019ve learned that the mafia is very well organized. While we organize ourselves among two or three communities, to talk and work out new strategies, big business organizes with the government. That\u2019s the real dictatorship. Whenever a lawyer or a doctor is working with the poor, solving problems, pretty soon he\u2019s transferred, taken out because he\u2019s getting in the way of the other side\u2019s progress, the side that doesn\u2019t want to see us evolve. I have also learned a lot about egos in the struggle. There can be egos in the Aldeia Maracan\u00e3, Vila Aut\u00f3dromo, Provid\u00eancia, Manguinhos. Unfortunately, there are people who take advantage of the social movements, and of people who are suffering, to promote themselves. Finally, I\u2019ve learned that a struggle isn\u2019t fought alone. Ever since we got together with other communities, Vila Aut\u00f3dromo has started to have a broader vision.<\/p>\n<p><strong>Fernando Soares<\/strong> \u2013 In this process of struggle, we get very worn out. When we begin to see someone else\u2019s struggle in our own, we begin to have hope again, and to realize that Manguinhos\u2019 struggle is not only about Manguinhos. It\u2019s a struggle against one of the city&#8217;s projects. In short, we have new hope today. The fact that we\u2019re doing this interview today is symbolic, and shows that it\u2019s possible to form an alliance between groups that are suffering with this vision of a global city. More than failure or victory, losing or winning, the struggle has value in itself. We could be defeated, this could all come down one day, Manguinhos could be leveled &#8212; could be\u2026. But the fact that we haven&#8217;t surrendered, that I have met Guajajara, Sidney, and Jane \u2013 that\u2019s what\u2019s important.<\/p>\n","protected":false},"excerpt":{"rendered":"<div class=\"mh-excerpt\"><p>For the original article by Ma\u00edra Mathias, Raquel J\u00fania and Raquel Torres in Portuguese, click\u00a0here. There was a community hampering Rio de Janeiro making itself beautiful for tourists coming to the 2014 World Cup and <a class=\"mh-excerpt-more\" href=\"https:\/\/rioonwatch.org\/?p=6941\" title=\"Four Examples of Resistance\">[&#8230;]<\/a><\/p>\n<\/div>","protected":false},"author":22,"featured_media":7447,"comment_status":"closed","ping_status":"closed","sticky":false,"template":"","format":"standard","meta":{"_monsterinsights_skip_tracking":false,"_monsterinsights_sitenote_active":false,"_monsterinsights_sitenote_note":"","_monsterinsights_sitenote_category":0,"footnotes":""},"categories":[1736,1290,1284,335,329,1330],"tags":[646,150,1261,779,756,272,11,205,188,282,26,262,129,637,157,37,5,1292,161,144,10,270,591,4,21,167,365],"writer":[780,788,789],"translator":[508],"illustrator":[],"photographer":[],"class_list":{"0":"post-6941","1":"post","2":"type-post","3":"status-publish","4":"format-standard","5":"has-post-thumbnail","7":"category-1736","8":"category-civilsociety","9":"category-interviews-profiles","10":"category-policies","11":"category-solutions","12":"category-translation","13":"tag-aldeia-maracana","14":"tag-cable-car","15":"tag-central-rio","16":"tag-community-leaders","17":"tag-community-organizing","18":"tag-mayor-eduardo-paes","19":"tag-forced-evictions","20":"tag-growth-acceleration-program-pac","21":"tag-history","22":"tag-housing","23":"tag-housing-rights","24":"tag-interview","25":"tag-leadership","26":"tag-manguinhos","27":"tag-minha-casa-minha-vida","28":"tag-north-zone","29":"tag-olympics","30":"tag-organizing","31":"tag-pan-american-games","32":"tag-morro-da-providencia","33":"tag-real-estate-speculation","34":"tag-resistance","35":"tag-transolimpica","36":"tag-vila-autodromo","37":"tag-west-zone","38":"tag-world-cup","39":"tag-zero-participation","40":"writer-maira-mathias","41":"writer-raquel-junia","42":"writer-raquel-torres","43":"translator-rachel-fox"},"_links":{"self":[{"href":"https:\/\/rioonwatch.org\/index.php?rest_route=\/wp\/v2\/posts\/6941","targetHints":{"allow":["GET"]}}],"collection":[{"href":"https:\/\/rioonwatch.org\/index.php?rest_route=\/wp\/v2\/posts"}],"about":[{"href":"https:\/\/rioonwatch.org\/index.php?rest_route=\/wp\/v2\/types\/post"}],"author":[{"embeddable":true,"href":"https:\/\/rioonwatch.org\/index.php?rest_route=\/wp\/v2\/users\/22"}],"replies":[{"embeddable":true,"href":"https:\/\/rioonwatch.org\/index.php?rest_route=%2Fwp%2Fv2%2Fcomments&post=6941"}],"version-history":[{"count":0,"href":"https:\/\/rioonwatch.org\/index.php?rest_route=\/wp\/v2\/posts\/6941\/revisions"}],"wp:featuredmedia":[{"embeddable":true,"href":"https:\/\/rioonwatch.org\/index.php?rest_route=\/wp\/v2\/media\/7447"}],"wp:attachment":[{"href":"https:\/\/rioonwatch.org\/index.php?rest_route=%2Fwp%2Fv2%2Fmedia&parent=6941"}],"wp:term":[{"taxonomy":"category","embeddable":true,"href":"https:\/\/rioonwatch.org\/index.php?rest_route=%2Fwp%2Fv2%2Fcategories&post=6941"},{"taxonomy":"post_tag","embeddable":true,"href":"https:\/\/rioonwatch.org\/index.php?rest_route=%2Fwp%2Fv2%2Ftags&post=6941"},{"taxonomy":"writer","embeddable":true,"href":"https:\/\/rioonwatch.org\/index.php?rest_route=%2Fwp%2Fv2%2Fwriter&post=6941"},{"taxonomy":"translator","embeddable":true,"href":"https:\/\/rioonwatch.org\/index.php?rest_route=%2Fwp%2Fv2%2Ftranslator&post=6941"},{"taxonomy":"illustrator","embeddable":true,"href":"https:\/\/rioonwatch.org\/index.php?rest_route=%2Fwp%2Fv2%2Fillustrator&post=6941"},{"taxonomy":"photographer","embeddable":true,"href":"https:\/\/rioonwatch.org\/index.php?rest_route=%2Fwp%2Fv2%2Fphotographer&post=6941"}],"curies":[{"name":"wp","href":"https:\/\/api.w.org\/{rel}","templated":true}]}}