{"id":69632,"date":"2022-03-21T10:29:54","date_gmt":"2022-03-21T13:29:54","guid":{"rendered":"https:\/\/rioonwatch.org\/?p=69632"},"modified":"2022-03-28T08:53:11","modified_gmt":"2022-03-28T11:53:11","slug":"a-colonial-amefrican-wound-dna-provides-clues-of-black-and-indigenous-ancestry-in-brazil","status":"publish","type":"post","link":"https:\/\/rioonwatch.org\/?p=69632","title":{"rendered":"A Colonial Amefrican Wound: DNA Tests Provide Clues of Black and Indigenous Ancestry in Brazil"},"content":{"rendered":"<p style=\"text-align: right;\"><a href=\"https:\/\/bit.ly\/DNAnoROW\" target=\"_blank\" rel=\"noopener noreferrer\"><strong><em>Clique aqui para Portugu\u00eas<img decoding=\"async\" class=\"alignright size-full wp-image-23766\" src=\"https:\/\/www.rioonwatch.org\/wp-content\/uploads\/2012\/08\/PT-e1439583827971.png\" width=\"20\" height=\"20\" \/><\/em><\/strong><\/a><\/p>\n<p><em>This article is the final contribution to our <a href=\"https:\/\/bit.ly\/ROWWinsAnthem\" target=\"_blank\" rel=\"noopener\">award-winning<\/a>, year-long reporting project, <a href=\"https:\/\/bit.ly\/AntiracistFavelas\" target=\"_blank\" rel=\"noopener\">Rooting Anti-Racism in the Favelas: Deconstructing Social Narratives About Racism in Rio de Janeiro<\/a>.<\/em><\/p>\n<p><em>Having undergone DNA ancestry tests, our Afro-Brazilian team members explored their roots, all the while affirming historical erasure.<\/em><\/p>\n<p><span style=\"font-weight: 400;\">For the majority of the black Brazilian population, knowledge of your roots is attained solely through oral histories by family members going back two to three generations. In the <a href=\"https:\/\/bit.ly\/3HSIzKC\" target=\"_blank\" rel=\"noopener\">Black Atlantic diaspora<\/a>, names and records of ancestors are lost when the oldest member of the family dies. Our oldest family members are the guardians of our history. When they die, so does the memory of these roots, of past generations. <\/span><\/p>\n<figure id=\"attachment_69749\" aria-describedby=\"caption-attachment-69749\" style=\"width: 500px\" class=\"wp-caption alignright\"><a href=\"https:\/\/rioonwatch.org\/wp-content\/uploads\/2022\/02\/Charge-Latuff.jpg\"><img fetchpriority=\"high\" decoding=\"async\" class=\"wp-image-69749\" title=\"Political cartoon by Latuff\" src=\"https:\/\/rioonwatch.org\/wp-content\/uploads\/2022\/02\/Charge-Latuff-620x345.jpg\" alt=\"\" width=\"500\" height=\"278\" srcset=\"https:\/\/rioonwatch.org\/wp-content\/uploads\/2022\/02\/Charge-Latuff-620x345.jpg 620w, https:\/\/rioonwatch.org\/wp-content\/uploads\/2022\/02\/Charge-Latuff-768x427.jpg 768w, https:\/\/rioonwatch.org\/wp-content\/uploads\/2022\/02\/Charge-Latuff.jpg 1000w\" sizes=\"(max-width: 500px) 100vw, 500px\" \/><\/a><figcaption id=\"caption-attachment-69749\" class=\"wp-caption-text\">Political cartoon by Carlos Latuff<\/figcaption><\/figure>\n<p>The lack of knowledge about black and indigenous roots in Brazil is not a mere accident. It is the result of centuries of <a href=\"https:\/\/bit.ly\/3H7wZLm\" target=\"_blank\" rel=\"noopener\">Portuguese colonialism\u2019s historical erasure<\/a>, which ripped people away from their histories, with lasting effects to this day. This erasure was perpetuated over the centuries by <a href=\"https:\/\/bit.ly\/34gd2V9\" target=\"_blank\" rel=\"noopener\">structural racism<\/a> with the smoking gun being the <a href=\"https:\/\/bit.ly\/3MtgcGy\" target=\"_blank\" rel=\"noopener\">destruction of slavery archives<\/a>\u2014the records of the kidnapped and enslaved African population that landed in Brazil\u2014by order of <a href=\"http:\/\/bit.ly\/2YrTDID\" target=\"_blank\" rel=\"noopener\">Ruy Barbosa<\/a>, then Minister of Finance of the Republic of Brazil, in 1890.<\/p>\n<p>In Brazil, unlike in countries colonized by the English, Germans, and Dutch, the colonial strategy was to promote a type of racism through assimilation and <a href=\"https:\/\/bit.ly\/34lSYAZ\" target=\"_blank\" rel=\"noopener\">denial of the existence of racial conflicts<\/a> by way of miscegenation. From this, the myth of Brazilian racial democracy was built, widely disseminated by the social, and not biological, interpretation that Brazilian race relations were adjusted by correcting the social distance between masters and slaves.<\/p>\n<figure id=\"attachment_69750\" aria-describedby=\"caption-attachment-69750\" style=\"width: 300px\" class=\"wp-caption alignright\"><a href=\"https:\/\/rioonwatch.org\/wp-content\/uploads\/2022\/03\/Foto-1_Laurentino-Gomes.jpg\"><img decoding=\"async\" class=\"wp-image-69750\" title=\"A cross-section of the mockup of Brazilian slave ship Vigilante at the Barra Fort Naval Museum, in Salvador, Bahia. Involved in the illegal slave trade, the ship was captured by the British Navy in the African coast in 1822.\" src=\"https:\/\/rioonwatch.org\/wp-content\/uploads\/2022\/03\/Foto-1_Laurentino-Gomes-465x620.jpg\" alt=\"\" width=\"300\" height=\"400\" srcset=\"https:\/\/rioonwatch.org\/wp-content\/uploads\/2022\/03\/Foto-1_Laurentino-Gomes-465x620.jpg 465w, https:\/\/rioonwatch.org\/wp-content\/uploads\/2022\/03\/Foto-1_Laurentino-Gomes-472x629.jpg 472w, https:\/\/rioonwatch.org\/wp-content\/uploads\/2022\/03\/Foto-1_Laurentino-Gomes-768x1024.jpg 768w, https:\/\/rioonwatch.org\/wp-content\/uploads\/2022\/03\/Foto-1_Laurentino-Gomes.jpg 1536w\" sizes=\"(max-width: 300px) 100vw, 300px\" \/><\/a><figcaption id=\"caption-attachment-69750\" class=\"wp-caption-text\">A cross-section of the mockup of Brazilian slave ship Vigilante at the Barra Fort Naval Museum, in Salvador, Bahia. Involved in the illegal slave trade, the ship was captured by the British Navy off the African coast in 1822.<\/figcaption><\/figure>\n<p>This complex set of historical contradictions is one of the reasons that explains the phenomenon of DNA testing in Brazil. In a country that has destroyed its official memory of black and indigenous slavery, the possibility of collecting a small amount of saliva, sending it to a laboratory through the mail, and shortly afterward, receiving an e-mail with a detailed map with the countries of origin of your ancestors, stirs curiosity and pokes the colonial wound of our <i data-stringify-type=\"italic\">amefricanidade<\/i> (in English, <a href=\"https:\/\/bit.ly\/3pGR85e\" target=\"_blank\" rel=\"noopener\">Amefricanity<\/a>). After all, who do I see when I look in the mirror?<\/p>\n<p><a href=\"https:\/\/bit.ly\/3tMJ3x8\" target=\"_blank\" rel=\"noopener\">Amefricanity<\/a> is a term coined by <a href=\"https:\/\/bit.ly\/3pNvAUe\" target=\"_blank\" rel=\"noopener\">L\u00e9lia Gonzalez<\/a>, one of the most important black female intellectuals in Brazil, to counter terms imposed by racist colonial language. In her view, Amefricanity makes an entire previously invisible descendancy, visible: not only of Africans brought by the <a href=\"https:\/\/bit.ly\/3MAC56C\" target=\"_blank\" rel=\"noopener\">slave trade<\/a>, but also of <a href=\"http:\/\/bit.ly\/2aARN17\" target=\"_blank\" rel=\"noopener\">native peoples<\/a> who lived in the Americas long before Columbus.<\/p>\n<p>Furthermore, for L\u00e9lia Gonzalez recognizing ourselves as Amefricans deconstructs the myth of cordiality and racial democracy. It highlights the exposure of the slave system of <a href=\"https:\/\/bit.ly\/3660roo\" target=\"_blank\" rel=\"noopener\">miscegenation<\/a> and <a href=\"https:\/\/bit.ly\/35GQD4e\" target=\"_blank\" rel=\"noopener\">whitening<\/a>, built from <a href=\"https:\/\/bit.ly\/3tB4xwG\" target=\"_blank\" rel=\"noopener\">racial and sexual violence against black women<\/a>.<\/p>\n<p>Therefore, seeking this path of return among the Afro-diasporic population, DNA testing has become increasingly popular. One of the factors for this increase in popularity is the recent drop in prices. Now, companies like <a href=\"https:\/\/bit.ly\/3pfa0b0\" target=\"_blank\" rel=\"noopener\">Genera<\/a> and <a href=\"https:\/\/bit.ly\/3v9exzI\" target=\"_blank\" rel=\"noopener\">MeuDNA<\/a> offer the test kit at a relatively accessible price in Brazil. The cost varies from R$199 to R$399 (US$40 to US$79) and payment can even be done in 12 interest-free installments on one&#8217;s credit card.<\/p>\n<p><iframe title=\"YouTube video player\" src=\"https:\/\/www.youtube.com\/embed\/O9Vcssc1RIk\" width=\"1030\" height=\"563\" frameborder=\"0\" allowfullscreen=\"allowfullscreen\"><span data-mce-type=\"bookmark\" style=\"display: inline-block; width: 0px; overflow: hidden; line-height: 0;\" class=\"mce_SELRES_start\">\ufeff<\/span><\/iframe><\/p>\n<h3>An Unprecedented Database<\/h3>\n<p>According to the <a href=\"https:\/\/bit.ly\/3t79r4a\" target=\"_blank\" rel=\"noopener\"><i data-stringify-type=\"italic\">MIT Tech Review<\/i><\/a>, by early 2019, over 26 million people had undergone commercial DNA testing. To date, it is estimated that <a href=\"https:\/\/bit.ly\/3pNRDds\" target=\"_blank\" rel=\"noopener\">over 100 million<\/a> people worldwide have had their DNA collected and analyzed. It is a database without precedence in human history in the hands of private companies <a href=\"https:\/\/bit.ly\/3MBE1Ms\" target=\"_blank\" rel=\"noopener\">that profit<\/a> from this information.<\/p>\n<figure id=\"attachment_69751\" aria-describedby=\"caption-attachment-69751\" style=\"width: 300px\" class=\"wp-caption alignright\"><a href=\"https:\/\/rioonwatch.org\/wp-content\/uploads\/2022\/03\/Testes-de-ancestralidade-Meu-DNA-e-Genera-com-o-Atlantico-Negro-ao-fundo..jpg\"><img loading=\"lazy\" decoding=\"async\" class=\"wp-image-69751\" title=\"Ancestry tests MeuDNA and Genera with the Black Atlantic in the background.\" src=\"https:\/\/rioonwatch.org\/wp-content\/uploads\/2022\/03\/Testes-de-ancestralidade-Meu-DNA-e-Genera-com-o-Atlantico-Negro-ao-fundo.-620x620.jpg\" alt=\"\" width=\"300\" height=\"300\" srcset=\"https:\/\/rioonwatch.org\/wp-content\/uploads\/2022\/03\/Testes-de-ancestralidade-Meu-DNA-e-Genera-com-o-Atlantico-Negro-ao-fundo.-620x620.jpg 620w, https:\/\/rioonwatch.org\/wp-content\/uploads\/2022\/03\/Testes-de-ancestralidade-Meu-DNA-e-Genera-com-o-Atlantico-Negro-ao-fundo.-629x629.jpg 629w, https:\/\/rioonwatch.org\/wp-content\/uploads\/2022\/03\/Testes-de-ancestralidade-Meu-DNA-e-Genera-com-o-Atlantico-Negro-ao-fundo.-768x768.jpg 768w, https:\/\/rioonwatch.org\/wp-content\/uploads\/2022\/03\/Testes-de-ancestralidade-Meu-DNA-e-Genera-com-o-Atlantico-Negro-ao-fundo..jpg 810w\" sizes=\"(max-width: 300px) 100vw, 300px\" \/><\/a><figcaption id=\"caption-attachment-69751\" class=\"wp-caption-text\">Ancestry tests MeuDNA and Genera with the Black Atlantic in the background.<\/figcaption><\/figure>\n<p>Genera does not publicly disclose sales data, but in response to a request for information from <i data-stringify-type=\"italic\">RioOnWatch<\/i>, it said that the laboratory passed the 200,000 test mark in 2021. MeuDNA laboratory also confirmed the increase in searches \u201cfor tests of ancestry and self-knowledge about origins\u201d in recent years in Brazil, but did not provide any information about the average growth in test kit sales.<\/p>\n<p>Both companies assured\u00a0<i data-stringify-type=\"italic\">RioOnWatch<\/i> that they meet legal requirements of Brazil&#8217;s Personal Data Protection Law (<a href=\"https:\/\/bit.ly\/3MC5Pjy\" target=\"_blank\" rel=\"noopener\">LGPD<\/a>) and that they save genetic data on \u201csecure clouds.\u201d They also stated that a client can request the elimination of their genetic material from the database at any time, respecting the right to data privacy.<\/p>\n<p>According to the laboratories, <a href=\"https:\/\/bit.ly\/2SLdt13\" target=\"_blank\" rel=\"noopener\">S\u00e3o Paulo<\/a> and Rio de Janeiro are the states that most seek tests. Among Genera clientes, the majority are male, although the percentage of women is higher between the ages of 36 and 40. Among MeuDNA clients, women represent 54% of those acquiring the test while men represent 46%.<\/p>\n<p>Between March and June 2021, three members of the\u00a0<i data-stringify-type=\"italic\">RioOnWatch<\/i>\u00a0team underwent ancestry tests. Below, they share the impact and experience of discovering their origins in first-person accounts.<\/p>\n<h3>\u201cKnowing Our Origin Should Be Everyone\u2019s Right\u201d<\/h3>\n<figure id=\"attachment_69752\" aria-describedby=\"caption-attachment-69752\" style=\"width: 500px\" class=\"wp-caption alignright\"><a href=\"https:\/\/rioonwatch.org\/wp-content\/uploads\/2022\/03\/Ancestralidade.png\"><img loading=\"lazy\" decoding=\"async\" class=\"wp-image-69752\" title=\"Art imagined by Gisele Moura and produced by Kaindie Arvoredo in 2021.\" src=\"https:\/\/rioonwatch.org\/wp-content\/uploads\/2022\/03\/Ancestralidade-480x620.png\" alt=\"\" width=\"500\" height=\"646\" srcset=\"https:\/\/rioonwatch.org\/wp-content\/uploads\/2022\/03\/Ancestralidade-480x620.png 480w, https:\/\/rioonwatch.org\/wp-content\/uploads\/2022\/03\/Ancestralidade-487x629.png 487w, https:\/\/rioonwatch.org\/wp-content\/uploads\/2022\/03\/Ancestralidade-768x992.png 768w, https:\/\/rioonwatch.org\/wp-content\/uploads\/2022\/03\/Ancestralidade.png 1549w\" sizes=\"(max-width: 500px) 100vw, 500px\" \/><\/a><figcaption id=\"caption-attachment-69752\" class=\"wp-caption-text\">Art imagined by Gisele Moura and produced by Kaindie Arvoredo in 2021.<\/figcaption><\/figure>\n<p>This is the opinion of Gisele Moura, 28, who articulated the <em>RioOnWatch<\/em> <a href=\"http:\/\/energyjustice.rioonwatch.org\" target=\"_blank\" rel=\"noopener\">series on Energy Justice<\/a>. She was born in Cajamar, a city in the peripheral region of Greater S\u00e3o Paulo that has existed for only 62 years. The history of the city\u2019s emergence begins with \u201cdevelopment\u201d linked to mining and the Portland cement industry, with no scientific reports of the presence of traditional black, indigenous, or <em>quilombola<\/em> populations in the territory. According to her, the local cultural practice is to flaunt the <a href=\"https:\/\/bit.ly\/37IRMZA\" target=\"_blank\" rel=\"noopener\"><em>bandeirantes &#8220;pioneering&#8221;<\/em><\/a> in the region. Bandeirantes were Portuguese expansionists who, starting in the 16th century, traveled through the interior of Brazil to traffic products, capture indigenous people and enslave them.<\/p>\n<blockquote><p>&#8220;My search for my ancestry began when I started to feel a lack of history about my own origin being a black and peripheral woman; a need for answers that came through my spirituality, but also because as a student of environmental science at the Fluminense Federal University (UFF), I chose to produce an <a href=\"http:\/\/bit.ly\/2B8pneQ\" target=\"_blank\" rel=\"noopener\">escreviv\u00eancia<\/a> (a particular method of writing that emerges from daily life as an Afro-Brazilian woman) for <a href=\"https:\/\/bit.ly\/3h9Ku2G\" target=\"_blank\" rel=\"noopener\">my final undergraduate project<\/a>. The idea was to understand the belonging and relationship of environmental issues from a black ancestral cosmology: where we are nature itself and its force of action.<\/p>\n<p>It is interesting to be black in Brazil, because this birth condition already puts us in the place of not being, of not belonging and of not existing. In 2017, I went to B\u00fazios in Rio de Janeiro. It was my first time in the town, and I got to see a very special place called Ponta da Lagoinha, with rock formations and natural pools with crystal clear water. In that same place, a sign indicated that Brazil\u2019s most recent tectonometamorphic event [the last collision between Africa and the Brazilian coast] happened there. That meant that, that spot, where my bare feet were touching, was where the separation between Africa and the Brazilian coast took place.<\/p>\n<p><a href=\"https:\/\/rioonwatch.org\/wp-content\/uploads\/2022\/03\/Ronald-Pantoja_Fonte_-Buzios-Online.jpg\"><img loading=\"lazy\" decoding=\"async\" class=\"alignright wp-image-69753\" src=\"https:\/\/rioonwatch.org\/wp-content\/uploads\/2022\/03\/Ronald-Pantoja_Fonte_-Buzios-Online-620x397.jpg\" alt=\"\" width=\"500\" height=\"320\" srcset=\"https:\/\/rioonwatch.org\/wp-content\/uploads\/2022\/03\/Ronald-Pantoja_Fonte_-Buzios-Online-620x397.jpg 620w, https:\/\/rioonwatch.org\/wp-content\/uploads\/2022\/03\/Ronald-Pantoja_Fonte_-Buzios-Online.jpg 640w\" sizes=\"(max-width: 500px) 100vw, 500px\" \/><\/a>Brazil was <a href=\"https:\/\/bit.ly\/3IhYmnx\" target=\"_blank\" rel=\"noopener\">the largest slave-holding territory<\/a> in world history. It received, alone, 40% of the 12.5 million Africans forcefully shipped to the American continent. 10,700,000 of them arrived in the Americas. 1, 800,000 died during the passage which <a href=\"https:\/\/nyti.ms\/3tIHJem\" target=\"_blank\" rel=\"noopener\">caused disturbances in shark routes<\/a> due to the sheer number of black bodies thrown into the ocean. Sharks <a href=\"https:\/\/bit.ly\/34v6p1C\" target=\"_blank\" rel=\"noopener\">started following<\/a> the slave ships, waiting for our flesh.<\/p>\n<p>If we divide these deaths by the number of days, on average, 14 corpses were thrown overboard per day, over 350 years. \u2018<em>The sea was seasoned with the tears of black people<\/em>,\u2019 as in the song <a href=\"https:\/\/bit.ly\/3506Gtz\" target=\"_blank\" rel=\"noopener\"><i>Boa Esperan\u00e7a<\/i><\/a>, by Brazilian rapper Emicida<i>.<\/i>\u00a0<a href=\"https:\/\/wapo.st\/3tDE57s\" target=\"_blank\" rel=\"noopener\">Almost 5 million Africans<\/a> landed in Brazil since the 16th century. The slave trade represented the height of human uprooting by colonialism. And that\u2019s without mentioning the extermination of the indigenous population, which continues to this day.<\/p>\n<p>In March 2021, I had the opportunity to learn about my origins by taking a DNA test through the MeuDNA laboratory. During team meetings, we spoke about the importance of our black team members talking about our ancestry. I remember saying that, to me, it seemed outrageous to have to pay to know about my background, to recover my history that was lost in a violent process of colonization.<\/p>\n<p>As a result, I discovered that 64.8% of my genetic composition is African, with 27.3% from North Africa, 26% from West Africa (16.3% from Angola and 9.9% from Benin), and 11.3% from East-Central Africa (9.8% from Uganda and 1.5% from the Kushites).<\/p>\n<p>I also found out that another part of me comes from Europe (27.9%), with 20.7% from Scandinavia, 5.6% from Great Britain, and 1.6% from the Iberian Peninsula. My genetic code even carries 7.3% from Central American (Mexican) natives.<\/p>\n<p>The result of this test validated the feelings I had when my feet pulsed in B\u00fazios. Thiago El Ni\u00f1o sang: &#8216;<a href=\"https:\/\/bit.ly\/3t1D6vF\" target=\"_blank\" rel=\"noopener\">in order for me to get here, many people had to become current<\/a>.&#8217; Among the great certainties the test brought me, the main one was of Ax\u00e9\/As\u00e8\u2014a <a href=\"https:\/\/bit.ly\/3vQJDw7\" target=\"_blank\" rel=\"noopener\">Yoruba<\/a> word that reflects our life force, meaning \u2018we do\u2019 [\u2018aw\u00e1\u2019 (we) and \u2018s\u00e9\u2019 (this is)].<\/p>\n<p>I understood that my ancestors survived the forced separation of their families, kidnapping, the transatlantic trade, dehumanized work, hunger, torture\u2026 And, yet there was still strength and Ax\u00e9 left for me to exist today<\/p>\n<p>The test assured me that knowing our origin should be everyone\u2019s right in Brazil. In my ideal world, every black and brown Brazilian should receive a DNA test along with their birth certificate.<\/p>\n<p>I keep thinking about whether to leave my DNA in the database. Despite the risk from the structures of power and market, I feel that my genetic data can help foster more encounters, awakenings, and \u2018certainties,\u2019 as happened to me.<\/p>\n<p>Therefore, if my genetic code can help more young black people return home, I\u2019m willing to let them keep my data. One of the pieces among many others on the map of who we are.&#8221;<\/p><\/blockquote>\n<p><em>The ancestry test taken by Gisele Moura was provided by the MeuDNA laboratory for the production of this article. <\/em><\/p>\n<h3>\u201cI Am Like A Leafy Tree that Blossoms from a Severed Trunk\u201d<b><br \/>\n<\/b><\/h3>\n<figure id=\"attachment_69755\" aria-describedby=\"caption-attachment-69755\" style=\"width: 500px\" class=\"wp-caption alignright\"><a href=\"https:\/\/rioonwatch.org\/wp-content\/uploads\/2022\/03\/Eu-Julio-Santos-Filho-meu-avo-Sebastiao-Fonseca-dos-Santos-e-meu-irmao-Paulo-Henrique-Santana-de-Mendonca-Santos-em-2015..jpg\"><img loading=\"lazy\" decoding=\"async\" class=\"wp-image-69755\" title=\"Me, Julio Santos Filho, my grandfather Sebasti\u00e3o Fonseca dos Santos and my brother Paulo Henrique Santana de Mendon\u00e7a Santos, in 2015\" src=\"https:\/\/rioonwatch.org\/wp-content\/uploads\/2022\/03\/Eu-Julio-Santos-Filho-meu-avo-Sebastiao-Fonseca-dos-Santos-e-meu-irmao-Paulo-Henrique-Santana-de-Mendonca-Santos-em-2015.-620x349.jpg\" alt=\"\" width=\"500\" height=\"281\" srcset=\"https:\/\/rioonwatch.org\/wp-content\/uploads\/2022\/03\/Eu-Julio-Santos-Filho-meu-avo-Sebastiao-Fonseca-dos-Santos-e-meu-irmao-Paulo-Henrique-Santana-de-Mendonca-Santos-em-2015.-620x349.jpg 620w, https:\/\/rioonwatch.org\/wp-content\/uploads\/2022\/03\/Eu-Julio-Santos-Filho-meu-avo-Sebastiao-Fonseca-dos-Santos-e-meu-irmao-Paulo-Henrique-Santana-de-Mendonca-Santos-em-2015.-1118x629.jpg 1118w, https:\/\/rioonwatch.org\/wp-content\/uploads\/2022\/03\/Eu-Julio-Santos-Filho-meu-avo-Sebastiao-Fonseca-dos-Santos-e-meu-irmao-Paulo-Henrique-Santana-de-Mendonca-Santos-em-2015.-768x432.jpg 768w, https:\/\/rioonwatch.org\/wp-content\/uploads\/2022\/03\/Eu-Julio-Santos-Filho-meu-avo-Sebastiao-Fonseca-dos-Santos-e-meu-irmao-Paulo-Henrique-Santana-de-Mendonca-Santos-em-2015..jpg 2040w\" sizes=\"(max-width: 500px) 100vw, 500px\" \/><\/a><figcaption id=\"caption-attachment-69755\" class=\"wp-caption-text\">Me, Julio Santos Filho, my grandfather Sebasti\u00e3o Fonseca dos Santos and my brother Paulo Henrique Santana de Mendon\u00e7a Santos, in 2015.<\/figcaption><\/figure>\n<p>&#8220;To recover part of my history\u201d was what made Julio Cesar de Mendon\u00e7a Santos Filho, a 32-year-old black peripheral man, decide to take an ancestry test. A resident of Zumbi, a neighborhood on <a href=\"https:\/\/bit.ly\/2P3XYyP\" target=\"_blank\" rel=\"noopener\">Ilha do Governador<\/a>, in the <a href=\"http:\/\/bit.ly\/30j9YjF\" target=\"_blank\" rel=\"noopener\">North Zone<\/a> of Rio de Janeiro, he has been working as Portuguese and English editor at <em>RioOnWatch<\/em> since June 2020. In 2021, he was the editor of the <em><a href=\"https:\/\/bit.ly\/AntiracistFavelas\" target=\"_blank\" rel=\"noopener\">Rooting Anti-Racism in the Favelas<\/a><\/em> project. Excited at the prospect of recovering something of his ancestry, the sociologist bought the ancestry kit from the Genera laboratory.<\/p>\n<blockquote><p>&#8220;To be an Afro-Amerindian black man and editor of the <a href=\"https:\/\/bit.ly\/AntiracistRio\" target=\"_blank\" rel=\"noopener\">anti-racist project<\/a> is to look at yourself through others. It is to see yourself in other territories and to understand that we are not alone. It\u2019s like listening to my maternal grandfather, Sebasti\u00e3o Fonseca dos Santos (1930-2017), on Sunday afternoons, telling us about our histories through our <a href=\"https:\/\/bit.ly\/3rpCQWx\" target=\"_blank\" rel=\"noopener\">ancestral technology<\/a>.<\/p>\n<p><a href=\"https:\/\/rioonwatch.org\/wp-content\/uploads\/2022\/03\/Pessoas-da-familia-cujo-os-nomes-nao-sobreviveram-ate-hoje.-Temos-as-fotos-mas-nao-sabemos-que-sao-so-sabemos-que-sao-familiares-do-meu-bisavo-Pedro-pai-de-meu-avo-materno-Sebastiao.-1.jpeg\"><img loading=\"lazy\" decoding=\"async\" class=\"alignright wp-image-69763\" title=\"Members of the family whose names did not survive to today. We have the photos, but we do not know who they are, only that they are related to my great-grandfather Pedro, my maternal grandfather Sebasti\u00e3o's father.\" src=\"https:\/\/rioonwatch.org\/wp-content\/uploads\/2022\/03\/Pessoas-da-familia-cujo-os-nomes-nao-sobreviveram-ate-hoje.-Temos-as-fotos-mas-nao-sabemos-que-sao-so-sabemos-que-sao-familiares-do-meu-bisavo-Pedro-pai-de-meu-avo-materno-Sebastiao.-1-492x620.jpeg\" alt=\"\" width=\"500\" height=\"631\" srcset=\"https:\/\/rioonwatch.org\/wp-content\/uploads\/2022\/03\/Pessoas-da-familia-cujo-os-nomes-nao-sobreviveram-ate-hoje.-Temos-as-fotos-mas-nao-sabemos-que-sao-so-sabemos-que-sao-familiares-do-meu-bisavo-Pedro-pai-de-meu-avo-materno-Sebastiao.-1-492x620.jpeg 492w, https:\/\/rioonwatch.org\/wp-content\/uploads\/2022\/03\/Pessoas-da-familia-cujo-os-nomes-nao-sobreviveram-ate-hoje.-Temos-as-fotos-mas-nao-sabemos-que-sao-so-sabemos-que-sao-familiares-do-meu-bisavo-Pedro-pai-de-meu-avo-materno-Sebastiao.-1-499x629.jpeg 499w, https:\/\/rioonwatch.org\/wp-content\/uploads\/2022\/03\/Pessoas-da-familia-cujo-os-nomes-nao-sobreviveram-ate-hoje.-Temos-as-fotos-mas-nao-sabemos-que-sao-so-sabemos-que-sao-familiares-do-meu-bisavo-Pedro-pai-de-meu-avo-materno-Sebastiao.-1-768x969.jpeg 768w, https:\/\/rioonwatch.org\/wp-content\/uploads\/2022\/03\/Pessoas-da-familia-cujo-os-nomes-nao-sobreviveram-ate-hoje.-Temos-as-fotos-mas-nao-sabemos-que-sao-so-sabemos-que-sao-familiares-do-meu-bisavo-Pedro-pai-de-meu-avo-materno-Sebastiao.-1.jpeg 823w\" sizes=\"(max-width: 500px) 100vw, 500px\" \/><\/a>My maternal family is black, migrants from the Northeastern state of Sergipe. Within my family, oral history and photos are the only means of accessing our past. The information that has survived until now is restricted to the generation of my grandparents\u2019 grandparents, who were born after the <a href=\"https:\/\/bit.ly\/3J7JS9S\" target=\"_blank\" rel=\"noopener\">Law of Free Birth (1871)<\/a>, between 1870 and 1880, children of enslaved wombs. We know nothing prior to that generation: no names, no documents, no background, not even what languages they spoke. It\u2019s as if we came out of nowhere. Even when photos survive, all other information is lost with the death of the elders.<\/p>\n<p>On the other hand, in my paternal family, which is seen socially as white, there is no interest in family history. \u2018Where did we come from?\u2019 is not an issue. However, we do know that my great-grandfather was the son of Portuguese people from <a href=\"https:\/\/bit.ly\/3KjMkdQ\" target=\"_blank\" rel=\"noopener\">Terceira Island<\/a>, in the <a href=\"https:\/\/bit.ly\/3vQm6eM\" target=\"_blank\" rel=\"noopener\">archipelago of the Azores<\/a>, while my great-grandmother was the daughter of an indigenous woman from Manaus, [capital of the state of Amazonas] with a Frenchman. Although many of the photographs of my paternal ancestors have not survived, there is a sense of origin and ancestral belonging because there are documents, albeit few, that tell that story.<\/p>\n<p>My grandfather Sebasti\u00e3o and I always wanted to discover our roots; we always talked about them. I am like a leafy tree that blossoms from a severed trunk. To seek out our history is difficult, it is like searching for paths that were erased when we came from Africa. The knowledge of our enslaved ancestors was denied to us. Only the names and faces of my free great-grandparents survived: Margarida de Cortonia, Maria Celina da Concei\u00e7\u00e3o, and Manoel Agostinho dos Santos. We know nothing about their enslaved mothers, fathers, and grandparents.<\/p>\n<figure id=\"attachment_69754\" aria-describedby=\"caption-attachment-69754\" style=\"width: 300px\" class=\"wp-caption alignright\"><a href=\"https:\/\/rioonwatch.org\/wp-content\/uploads\/2022\/03\/Julio-Santos-Filho-e-vo\u0301-materna.png\"><img loading=\"lazy\" decoding=\"async\" class=\"wp-image-69754\" title=\"Julio Santos Filho and his maternal grandmother\" src=\"https:\/\/rioonwatch.org\/wp-content\/uploads\/2022\/03\/Julio-Santos-Filho-e-vo\u0301-materna-620x394.png\" alt=\"\" width=\"300\" height=\"191\" srcset=\"https:\/\/rioonwatch.org\/wp-content\/uploads\/2022\/03\/Julio-Santos-Filho-e-vo\u0301-materna-620x394.png 620w, https:\/\/rioonwatch.org\/wp-content\/uploads\/2022\/03\/Julio-Santos-Filho-e-vo\u0301-materna-989x629.png 989w, https:\/\/rioonwatch.org\/wp-content\/uploads\/2022\/03\/Julio-Santos-Filho-e-vo\u0301-materna-768x488.png 768w, https:\/\/rioonwatch.org\/wp-content\/uploads\/2022\/03\/Julio-Santos-Filho-e-vo\u0301-materna.png 1244w\" sizes=\"(max-width: 300px) 100vw, 300px\" \/><\/a><figcaption id=\"caption-attachment-69754\" class=\"wp-caption-text\">Julio Santos Filho and his maternal grandmother.<\/figcaption><\/figure>\n<p>No experience as editor for <em>RioOnWatch<\/em> was more meaningful and moved me as much as the opportunity to take this ancestry test while my grandmother was still alive, and to research it as a family for the anti-racist project. I was able to discuss the results with my grandmother, Maria L\u00facia Santana Santos (1929-2021), and listen to her words of wisdom. The eldest in the family, 92 years old at the time, she looked deep into my eyes and very kindly told me: \u2018I am happy to see you happy with this result, but it doesn\u2019t say who we really are.\u2019 And she added: \u2018We came from many places, [the DNA test] is not a sentence.\u2019 It felt like I was listening to a contemporary black activist from the organized Brazilian Black Movement, but it was my grandmother speaking, at our table at home.<\/p>\n<p>For the first time, it felt as if I were accessing, albeit in a very limited way, a portal whose passage had always been completely blocked. In talking with my family about the results of the DNA test, the reactions were varied. They went from the classic \u2018Why do you want to know about that? It\u2019s the past, let it go!\u2019, to \u2018How amazing, I want to do it too! How do I do it? How much does it cost?\u2019 But in the end, everyone was curious to hear the result of my ancestry test, which is also about them.<\/p>\n<p>My Genera ancestry test concluded that: 50% of my genetic code is European, with 19% from the Balkans, 17% from Western Europe and 11% from Iberia; 38% is Afro-Amerindian, being 35% from Africa, with 11% prevalence of ancestry from the Gold Coast (which includes the present-day countries of Ghana, Benin, Togo, and Nigeria), and 8% from West and Southern Africa (Cameroon, Gabon, Republic of Congo, Angola, Equatorial Guinea, Namibia, South Africa, Central African Republic, Democratic Republic of the Congo, and the archipelago of S\u00e3o Tom\u00e9 and Pr\u00edncipe) and 8% from Senegambia (Senegal, Gambia and Guinea-Bissau, plus fractions of Mali, Mauritania and Guinea) and 3% of the native peoples of the Amazon region. Added to this are 9% from the Middle East and Maghreb and 3% from the Jewish diaspora.<\/p>\n<p>When I spoke about the results with a cousin, Viviane Agostinho, she was surprised. She said she\u2019d also done an ancestry test with the <a href=\"https:\/\/bit.ly\/35rTxsU\" target=\"_blank\" rel=\"noopener\">AncestryDNA<\/a> laboratory for herself and her mom, my great-aunt Ignez, 89, the sister of my maternal grandfather Sebasti\u00e3o. Even with completely different databases, since the laboratories are from different countries, the trends detected in my test were confirmed by her results: our African background is predominantly from the Gold Coast and West Africa, markedly from Nigeria, which was about 50% of her and my great-aunt&#8217;s DNA results.<\/p>\n<p>These tests prove that the Brazilian family is a crossroads. Especially for us, black people, the ancestry test is almost a genetic game of cowrie-shell divination, which seeks to reveal the guardians not of our or\u00ed, but of our Afro-Diasporic and Amefrican history.&#8221;<\/p><\/blockquote>\n<figure id=\"attachment_69756\" aria-describedby=\"caption-attachment-69756\" style=\"width: 1030px\" class=\"wp-caption aligncenter\"><a href=\"https:\/\/rioonwatch.org\/wp-content\/uploads\/2022\/03\/Arvore-Genealogica-de-Fotos-1030.jpg\"><img loading=\"lazy\" decoding=\"async\" class=\"wp-image-69756 size-full\" title=\"Photo family tree\" src=\"https:\/\/rioonwatch.org\/wp-content\/uploads\/2022\/03\/Arvore-Genealogica-de-Fotos-1030.jpg\" alt=\"\" width=\"1030\" height=\"773\" srcset=\"https:\/\/rioonwatch.org\/wp-content\/uploads\/2022\/03\/Arvore-Genealogica-de-Fotos-1030.jpg 1030w, https:\/\/rioonwatch.org\/wp-content\/uploads\/2022\/03\/Arvore-Genealogica-de-Fotos-1030-620x465.jpg 620w, https:\/\/rioonwatch.org\/wp-content\/uploads\/2022\/03\/Arvore-Genealogica-de-Fotos-1030-838x629.jpg 838w, https:\/\/rioonwatch.org\/wp-content\/uploads\/2022\/03\/Arvore-Genealogica-de-Fotos-1030-768x576.jpg 768w, https:\/\/rioonwatch.org\/wp-content\/uploads\/2022\/03\/Arvore-Genealogica-de-Fotos-1030-678x509.jpg 678w, https:\/\/rioonwatch.org\/wp-content\/uploads\/2022\/03\/Arvore-Genealogica-de-Fotos-1030-326x245.jpg 326w, https:\/\/rioonwatch.org\/wp-content\/uploads\/2022\/03\/Arvore-Genealogica-de-Fotos-1030-80x60.jpg 80w\" sizes=\"(max-width: 1030px) 100vw, 1030px\" \/><\/a><figcaption id=\"caption-attachment-69756\" class=\"wp-caption-text\">Julio&#8217;s family tree.<\/figcaption><\/figure>\n<h3><b>Brown on My Birth Certificate, Black in Life and by Political Choice<\/b><\/h3>\n<blockquote><p>&#8220;My name is Tatiana Lima, I am 42, and a special reporter for <em>RioOnWatch<\/em>. In 2021, I acted as the organizer of the <a href=\"https:\/\/bit.ly\/AntiracistFavelas\" target=\"_blank\" rel=\"noopener\">anti-racist project<\/a>, bringing together grassroots communicators, illustrators, and the editing team. I was born and raised in a favela, but I currently live in Rio\u2019s periphery, in <a href=\"http:\/\/bit.ly\/2SgLyo2\" target=\"_blank\" rel=\"noopener\">Engenho da Rainha<\/a>, in the North Zone. &#8220;<em>Parda&#8221;<\/em>, or brown, by birth certificate, I am a light-skinned black woman\u2014the child of another woman declared brown on her birth certificate, and the grandchild of another equally brown woman\u2014but that in addition that &#8220;<a href=\"https:\/\/amzn.to\/3sMAMKj\" target=\"_blank\" rel=\"noopener\">color defect<\/a>&#8216; duly typified in the papers that register my birth, I don\u2019t share my father&#8217;s name.<\/p>\n<p>Me, my mom and my grandmother\u2014and probably my great-grandmother as well\u2014like my aunts and cousins, are all light-skinned black women. We are part of the <a href=\"https:\/\/bit.ly\/3sNpLbm\" target=\"_blank\" rel=\"noopener\">54% of the Brazilian population<\/a> made up of black people, according to the Brazilian Institute for Geography and Statistics (<a href=\"http:\/\/bit.ly\/2N99RSB\" target=\"_blank\" rel=\"noopener\">IBGE<\/a>). However, I am the only one still alive with the chance to understand my Amefrican racial identity.<\/p>\n<figure id=\"attachment_69757\" aria-describedby=\"caption-attachment-69757\" style=\"width: 500px\" class=\"wp-caption alignright\"><a href=\"https:\/\/rioonwatch.org\/wp-content\/uploads\/2022\/03\/certidao-de-nascimento-com-destaque.jpeg\"><img loading=\"lazy\" decoding=\"async\" class=\"wp-image-69757\" title=\"Birth certificate with highlight\" src=\"https:\/\/rioonwatch.org\/wp-content\/uploads\/2022\/03\/certidao-de-nascimento-com-destaque-542x620.jpeg\" alt=\"\" width=\"500\" height=\"572\" srcset=\"https:\/\/rioonwatch.org\/wp-content\/uploads\/2022\/03\/certidao-de-nascimento-com-destaque-542x620.jpeg 542w, https:\/\/rioonwatch.org\/wp-content\/uploads\/2022\/03\/certidao-de-nascimento-com-destaque-549x629.jpeg 549w, https:\/\/rioonwatch.org\/wp-content\/uploads\/2022\/03\/certidao-de-nascimento-com-destaque-768x879.jpeg 768w, https:\/\/rioonwatch.org\/wp-content\/uploads\/2022\/03\/certidao-de-nascimento-com-destaque.jpeg 904w\" sizes=\"(max-width: 500px) 100vw, 500px\" \/><\/a><figcaption id=\"caption-attachment-69757\" class=\"wp-caption-text\">Birth certificate with highlight<\/figcaption><\/figure>\n<p>I am part of the third generation of descendants of a womb that I presume was not free, an almost historical certainty from the intersection of dates that tell the official history of the country. I do not have any living maternal or paternal ancestor that guards and transmits, at least through oral memory, any clues about our past. There are no photos or documents. Nothing. Only my mother\u2019s birth certificate.<\/p>\n<p>It was through it that I saw, on the line where the names of her maternal grandparents should have been, that there is only one name: Marcelina Antonia dos Santos. From this document I gleaned the matriarchal trajectory of my family: perpetual solo motherhoods with little or no presence of a father figure. It was also through it that I understood my color defect as being in this place of double belonging, which was confirmed by my ancestry test.<\/p>\n<p>According to the results, I\u2019m a product of the Gold Coast, from West and East Africa and even from the Bakaya: a semi-nomadic pygmy people that live in the Central African Republic region and to the north of the Republic of Congo. I am also Amazon, Andean, Tupi and even indigenous North American.<\/p>\n<p>Besides the surprise of belonging to the ancestry of an African pygmy and indigenous North American people, what left me perplexed\u2014and moved\u2014was my map revealing that I carry, in my body, a genetic load of about 40% African and native peoples in extremely close proportions, with a difference of only 3%. I also found out that I am about 10% originally from the Middle East and the Maghreb, as well as from various regions in Europe.<\/p>\n<p>Despite my surprise, it makes complete sense with regard to my life experiences. I come from a family of women domestic workers and from a Northeastern Brazilian father. When I was a child, up until I was 10 years old, my hair was extremely dark and straight. It was common for people to say that I looked like an \u2018Indian\u2019\u2014the derogatory and colonial term used at the time.<\/p>\n<p>I mustered the courage and called my father to ask about my paternal grandparents. My straight, black hair certainly came from him, who left the city of <a href=\"https:\/\/bit.ly\/3sVnoDm\" target=\"_blank\" rel=\"noopener\">S\u00e3o Benedito<\/a>, in the interior of the state of Cear\u00e1 when he was 14. In Rio de Janeiro, he worked with everything imaginable. Today, he lives in the favelas of <a href=\"https:\/\/bit.ly\/3lottlE\" target=\"_blank\" rel=\"noopener\">Complexo da Mar\u00e9<\/a> and never speaks of any family memory, particularly of his parents.<\/p>\n<p>In response to the questions I sent him through <em>WhatsApp<\/em>, he recorded an audio message and answered, in three quick lines, that my grandfather was blind and that it had been him, the youngest son, my father, who walked with a rope tied around his waist to serve as my grandfather\u2019s guide. One day, my paternal grandfather woke up with a stomachache and died after a few days. He doesn\u2019t have a birth certificate, because when he was born the births were recorded at the church and he lost the copy he had in Rio. He did not tell me if my paternal grandfather was blind from birth or if it was the result of diabetes, or what caused the stomachache.<\/p>\n<figure id=\"attachment_69758\" aria-describedby=\"caption-attachment-69758\" style=\"width: 500px\" class=\"wp-caption alignright\"><a href=\"https:\/\/rioonwatch.org\/wp-content\/uploads\/2022\/03\/Cidade-de-Sao-Benedito-Ceara.png\"><img loading=\"lazy\" decoding=\"async\" class=\"wp-image-69758\" title=\"City of S\u00e3o Benedito, in Cear\u00e1\" src=\"https:\/\/rioonwatch.org\/wp-content\/uploads\/2022\/03\/Cidade-de-Sao-Benedito-Ceara-519x620.png\" alt=\"\" width=\"500\" height=\"597\" srcset=\"https:\/\/rioonwatch.org\/wp-content\/uploads\/2022\/03\/Cidade-de-Sao-Benedito-Ceara-519x620.png 519w, https:\/\/rioonwatch.org\/wp-content\/uploads\/2022\/03\/Cidade-de-Sao-Benedito-Ceara-527x629.png 527w, https:\/\/rioonwatch.org\/wp-content\/uploads\/2022\/03\/Cidade-de-Sao-Benedito-Ceara-768x917.png 768w, https:\/\/rioonwatch.org\/wp-content\/uploads\/2022\/03\/Cidade-de-Sao-Benedito-Ceara.png 800w\" sizes=\"(max-width: 500px) 100vw, 500px\" \/><\/a><figcaption id=\"caption-attachment-69758\" class=\"wp-caption-text\">City of S\u00e3o Benedito, in Cear\u00e1<\/figcaption><\/figure>\n<p>The city of S\u00e3o Benedito was an indigenous town invaded in 1604 by Portuguese explorer <a class=\"mw-redirect\" title=\"Pero Coelho de Souza\" href=\"https:\/\/bit.ly\/3sVLCxE\" target=\"_blank\" rel=\"noopener\">Pero Coelho de Souza<\/a>, who after subjugating the <a title=\"Tabajaras\" href=\"https:\/\/bit.ly\/3CoomLM\" target=\"_blank\" rel=\"noopener\">Tabajara people<\/a>, set up his headquarters there. The district was elevated to the status of a \u2018Vila\u2019 in 1872. My dad was born there in 1955.<\/p>\n<p>As the daughter of a brown woman with very curly hair, when I was 11, my hair started to get curls, like a hair transition. The curlier it got, the more I was labeled as brown and no longer as indigenous. I started to see myself as brown, I was labeled as brown. It made sense, because it was what was written on my birth certificate and on my mother\u2019s, until one day, I was labeled black in an activity promoted by women journalists at the Rio de Janeiro journalist union.<\/p>\n<p>It was December 10, 2005. I remember because it\u2019s International Human Rights Day. During a roundtable, the women referred to me as also being a black woman. A little confused, I asked what was going on. They asked how I self-declared. I said \u2018brown\u2026 like, mesti\u00e7a [mixed].\u2019<\/p>\n<p>They explained that the term \u2018mesti\u00e7a\u2019 was a wound left over from colonial violence, the result of rape. I then asked how I should describe myself. And that\u2019s when they got up and hugged me. I left there with three books about the history of the Brazilian Black Movement, racial equity, and the composition of the population of Brazilian black women.<\/p>\n<p>From that day until I publicly declared myself black, in 2015, ten years went by. During the <a href=\"https:\/\/bit.ly\/3sdoied\" target=\"_blank\" rel=\"noopener\">Parliamentary Investigation of Murdered Youths<\/a>, when the Black Movement yelled \u2018brown is black, brown is black\u2019, because the security authorities in Rio tried to separate brown and black statistics in order to argue that the Rio police was not racist, I finally understood that a brown body on the ground has black and indigenous blood running through it and is a victim of State colonial violence.<\/p>\n<p>With my DNA test results, I found out that I did not have a color defect, but a racial identity. I am a black woman in life and by political choice. I am a labeled body that carries the historic cartography of our Amefricanity.<\/p>\n<p>For this reason alone, inspired by Gisele\u2019s story, for now, I have not yet requested the deletion of my data from the laboratory\u2019s database. Since I did both <em>MeuDNA<\/em> and <em>Genera<\/em> tests, I chose to leave my data available in only one of the laboratories.&#8221;<\/p><\/blockquote>\n<p><em>The ancestry tests taken by Tatiana Lima were provided by the MeuDNA and Genera laboratories for the production of this article.<\/em><\/p>\n<h3><em>About the authors:<\/em><\/h3>\n<p><i data-stringify-type=\"italic\"><a class=\"c-link\" tabindex=\"-1\" href=\"https:\/\/bit.ly\/3o2YA7Q\" target=\"_blank\" rel=\"noopener noreferrer\" data-stringify-link=\"https:\/\/bit.ly\/3o2YA7Q\" data-sk=\"tooltip_parent\" data-remove-tab-index=\"true\">Tatiana Lima<\/a><\/i><i data-stringify-type=\"italic\">\u00a0is a journalist and grassroots communicator at heart. A black feminist, member of Complexo do Alem\u00e3o\u2019s\u00a0<\/i><i data-stringify-type=\"italic\"><a class=\"c-link\" tabindex=\"-1\" href=\"https:\/\/bit.ly\/3mZf3bS\" target=\"_blank\" rel=\"noopener noreferrer\" data-stringify-link=\"https:\/\/bit.ly\/3mZf3bS\" data-sk=\"tooltip_parent\" data-remove-tab-index=\"true\">Researchers in Movement Study Group<\/a><\/i><i data-stringify-type=\"italic\">, she works as a special reporter at RioOnWatch. A fair-skinned black woman, born and raised in a favela, Lima currently lives in Rio\u2019s periphery and is a doctoral student at the Fluminense Federal University\u00a0<\/i><i data-stringify-type=\"italic\">(<a class=\"c-link\" tabindex=\"-1\" href=\"http:\/\/bit.ly\/2J7BN7l\" target=\"_blank\" rel=\"noopener noreferrer\" data-stringify-link=\"http:\/\/bit.ly\/2J7BN7l\" data-sk=\"tooltip_parent\" data-remove-tab-index=\"true\">UFF<\/a>)<\/i><i data-stringify-type=\"italic\">.<\/i><\/p>\n<p><i data-stringify-type=\"italic\"><em><a href=\"https:\/\/bit.ly\/3If4KvA\" target=\"_blank\" rel=\"noopener\">Gisele Moura<\/a> is a<\/em> black woman, a child of the S\u00e3o Paulo suburbs that beat the odds and became an Environmental Scientist at <a class=\"c-link\" tabindex=\"-1\" href=\"http:\/\/bit.ly\/2J7BN7l\" target=\"_blank\" rel=\"noopener noreferrer\" data-stringify-link=\"http:\/\/bit.ly\/2J7BN7l\" data-sk=\"tooltip_parent\" data-remove-tab-index=\"true\">UFF<\/a>. She is also a co-founder of the Black Center at the same program. Today, she is a coordinator of Rio&#8217;s Sustainable Favela Network (SFN)* and still finds time to create amazing crochet weaves.<\/i><\/p>\n<p><i data-stringify-type=\"italic\"><em><a href=\"https:\/\/bit.ly\/3eI9jlv\" target=\"_blank\" rel=\"noopener\">Julio Santos Filho<\/a> <\/em> has a Bachelor\u2019s in International Relations <em>(<a class=\"c-link\" tabindex=\"-1\" href=\"http:\/\/bit.ly\/2J7BN7l\" target=\"_blank\" rel=\"noopener noreferrer\" data-stringify-link=\"http:\/\/bit.ly\/2J7BN7l\" data-sk=\"tooltip_parent\" data-remove-tab-index=\"true\">UFF<\/a>)<\/em> and Master\u2019s in Sociology <em>(<a href=\"http:\/\/bit.ly\/191xwKJ\" target=\"_blank\" rel=\"noopener\">IESP-UERJ<\/a>). <\/em>A black man from Ilha do Governador, he has worked as Portuguese and English editor for RioOnWatch since 2020. In 2021, he was the editor of the \u201cRooting Anti-Racism in the Favelas\u201d project, a silver medalist in The Anthem Awards.<\/i><\/p>\n<p><i data-stringify-type=\"italic\">About the artist:\u00a0<\/i><i data-stringify-type=\"italic\"><a class=\"c-link\" tabindex=\"-1\" href=\"https:\/\/bit.ly\/3hw17Vu\" target=\"_blank\" rel=\"noopener noreferrer\" data-stringify-link=\"https:\/\/bit.ly\/3hw17Vu\" data-sk=\"tooltip_parent\" data-remove-tab-index=\"true\">Raquel Batista<\/a><\/i><i data-stringify-type=\"italic\">\u00a0is a visual artist who works as a\u00a0<\/i><i data-stringify-type=\"italic\"><a class=\"c-link\" tabindex=\"-1\" href=\"https:\/\/bit.ly\/2WWA8Jd\" target=\"_blank\" rel=\"noopener noreferrer\" data-stringify-link=\"https:\/\/bit.ly\/2WWA8Jd\" data-sk=\"tooltip_parent\" data-remove-tab-index=\"true\">photographer<\/a><\/i><i data-stringify-type=\"italic\">\u00a0and\u00a0<\/i><i data-stringify-type=\"italic\"><a class=\"c-link\" tabindex=\"-1\" href=\"https:\/\/bit.ly\/2JzGE5K\" target=\"_blank\" rel=\"noopener noreferrer\" data-stringify-link=\"https:\/\/bit.ly\/2JzGE5K\" data-sk=\"tooltip_parent\" data-remove-tab-index=\"true\">illustrator<\/a><\/i><i data-stringify-type=\"italic\">. A black woman, resident of Rio\u2019s\u00a0<\/i><i data-stringify-type=\"italic\"><a class=\"c-link\" tabindex=\"-1\" href=\"http:\/\/bit.ly\/2KVA7k7\" target=\"_blank\" rel=\"noopener noreferrer\" data-stringify-link=\"http:\/\/bit.ly\/2KVA7k7\" data-sk=\"tooltip_parent\" data-remove-tab-index=\"true\">West Zone<\/a><\/i><i data-stringify-type=\"italic\">, she is an undergraduate at the Federal University of Rio de Janeiro\u2019s (<\/i><i data-stringify-type=\"italic\"><a class=\"c-link\" tabindex=\"-1\" href=\"http:\/\/bit.ly\/2XiG2Ha\" target=\"_blank\" rel=\"noopener noreferrer\" data-stringify-link=\"http:\/\/bit.ly\/2XiG2Ha\" data-sk=\"tooltip_parent\" data-remove-tab-index=\"true\">UFRJ<\/a><\/i><i data-stringify-type=\"italic\">) School of Fine Arts.<\/i><\/p>\n<p><em>This article is the final contribution to our <a href=\"https:\/\/bit.ly\/ROWWinsAnthem\" target=\"_blank\" rel=\"noopener\">award-winning<\/a>, year-long reporting project, <a href=\"https:\/\/bit.ly\/AntiracistFavelas\" target=\"_blank\" rel=\"noopener\">Rooting Anti-Racism in the Favelas: Deconstructing Social Narratives About Racism in Rio de Janeiro<\/a>.<\/em><\/p>\n<p><i>*The Sustainable Favela Network (SFN) and RioOnWatch are both projects of <\/i><a href=\"http:\/\/bit.ly\/2KEWrin\"><i>Catalytic Communities<\/i><\/a><i>\u00a0(CatComm).<\/i><\/p>\n<h4>Share your opinion about this article by clicking\u00a0<a href=\"https:\/\/bit.ly\/OpineAntirracismo\" target=\"_blank\" rel=\"noopener\">here<\/a>\u00a0(Portuguese).<\/h4>\n<hr \/>\n<h4><b data-stringify-type=\"bold\">Support\u00a0<\/b><b data-stringify-type=\"bold\"><i data-stringify-type=\"italic\">RioOnWatch<\/i><\/b><b data-stringify-type=\"bold\">\u2019s tireless, critical and cutting-edge hyperlocal journalism, online community organizing meetings, and direct support to favelas\u00a0<\/b><b data-stringify-type=\"bold\"><a class=\"c-link\" href=\"http:\/\/bit.ly\/DonateToRioOnWatch\" target=\"_blank\" rel=\"noopener noreferrer\" data-stringify-link=\"http:\/\/bit.ly\/DonateToRioOnWatch\" data-sk=\"tooltip_parent\">by clicking here.<\/a><\/b><\/h4>\n","protected":false},"excerpt":{"rendered":"<div class=\"mh-excerpt\"><p>Clique aqui para Portugu\u00eas This article is the final contribution to our award-winning, year-long reporting project, Rooting Anti-Racism in the Favelas: Deconstructing Social Narratives About Racism in Rio de Janeiro. Having undergone DNA ancestry tests, <a class=\"mh-excerpt-more\" href=\"https:\/\/rioonwatch.org\/?p=69632\" title=\"A Colonial Amefrican Wound: DNA Tests Provide Clues of Black and Indigenous Ancestry in Brazil\">[&#8230;]<\/a><\/p>\n<\/div>","protected":false},"author":245,"featured_media":69635,"comment_status":"closed","ping_status":"closed","sticky":false,"template":"template-full.php","format":"standard","meta":{"_monsterinsights_skip_tracking":false,"_monsterinsights_sitenote_active":false,"_monsterinsights_sitenote_note":"","_monsterinsights_sitenote_category":0,"footnotes":""},"categories":[1288,1328,1271,1463,1282,329],"tags":[310,315,280,3458,566,674,188,2739,1996,715,37,962,124,3457,406,3245,279,3435,2536],"writer":[3241,3171,3125],"translator":[3439,3437],"illustrator":[3421],"photographer":[],"class_list":{"0":"post-69632","1":"post","2":"type-post","3":"status-publish","4":"format-standard","5":"has-post-thumbnail","7":"category-highlight","8":"category-by-community-contributors","9":"category-favelaqualities","10":"category-perceptions","11":"category-research-analysis","12":"category-solutions","13":"tag-africa","14":"tag-african-diaspora","15":"tag-complexo-da-mare","16":"tag-dna","17":"tag-engenho-da-rainha","18":"tag-memory","19":"tag-history","20":"tag-ibge","21":"tag-ilha-do-governador","22":"tag-indigenous","23":"tag-north-zone","24":"tag-oral-history","25":"tag-race","26":"tag-right-to-roots","27":"tag-sao-paulo","28":"tag-series-anti-racism","29":"tag-slavery","30":"tag-structural-racism","31":"tag-uff","32":"writer-gisele-moura","33":"writer-julio-santos-filho","34":"writer-tatiana-lima","35":"translator-cristina-cortez","36":"translator-sofi-nicole-barreiro","37":"illustrator-raquel-batista"},"_links":{"self":[{"href":"https:\/\/rioonwatch.org\/index.php?rest_route=\/wp\/v2\/posts\/69632","targetHints":{"allow":["GET"]}}],"collection":[{"href":"https:\/\/rioonwatch.org\/index.php?rest_route=\/wp\/v2\/posts"}],"about":[{"href":"https:\/\/rioonwatch.org\/index.php?rest_route=\/wp\/v2\/types\/post"}],"author":[{"embeddable":true,"href":"https:\/\/rioonwatch.org\/index.php?rest_route=\/wp\/v2\/users\/245"}],"replies":[{"embeddable":true,"href":"https:\/\/rioonwatch.org\/index.php?rest_route=%2Fwp%2Fv2%2Fcomments&post=69632"}],"version-history":[{"count":0,"href":"https:\/\/rioonwatch.org\/index.php?rest_route=\/wp\/v2\/posts\/69632\/revisions"}],"wp:featuredmedia":[{"embeddable":true,"href":"https:\/\/rioonwatch.org\/index.php?rest_route=\/wp\/v2\/media\/69635"}],"wp:attachment":[{"href":"https:\/\/rioonwatch.org\/index.php?rest_route=%2Fwp%2Fv2%2Fmedia&parent=69632"}],"wp:term":[{"taxonomy":"category","embeddable":true,"href":"https:\/\/rioonwatch.org\/index.php?rest_route=%2Fwp%2Fv2%2Fcategories&post=69632"},{"taxonomy":"post_tag","embeddable":true,"href":"https:\/\/rioonwatch.org\/index.php?rest_route=%2Fwp%2Fv2%2Ftags&post=69632"},{"taxonomy":"writer","embeddable":true,"href":"https:\/\/rioonwatch.org\/index.php?rest_route=%2Fwp%2Fv2%2Fwriter&post=69632"},{"taxonomy":"translator","embeddable":true,"href":"https:\/\/rioonwatch.org\/index.php?rest_route=%2Fwp%2Fv2%2Ftranslator&post=69632"},{"taxonomy":"illustrator","embeddable":true,"href":"https:\/\/rioonwatch.org\/index.php?rest_route=%2Fwp%2Fv2%2Fillustrator&post=69632"},{"taxonomy":"photographer","embeddable":true,"href":"https:\/\/rioonwatch.org\/index.php?rest_route=%2Fwp%2Fv2%2Fphotographer&post=69632"}],"curies":[{"name":"wp","href":"https:\/\/api.w.org\/{rel}","templated":true}]}}