{"id":69909,"date":"2022-03-24T08:49:49","date_gmt":"2022-03-24T11:49:49","guid":{"rendered":"https:\/\/rioonwatch.org\/?p=69909"},"modified":"2023-08-23T12:21:36","modified_gmt":"2023-08-23T15:21:36","slug":"four-years-without-marielle-a-living-legacy-in-politics-for-black-brazilian-women","status":"publish","type":"post","link":"https:\/\/rioonwatch.org\/?p=69909","title":{"rendered":"Four Years Without Marielle: A Living Legacy in Politics for Black Brazilian Women"},"content":{"rendered":"<p style=\"text-align: right;\"><a href=\"https:\/\/bit.ly\/3JczSfQ\" target=\"_blank\" rel=\"noopener noreferrer\"><strong><em>Clique aqui para Portugu\u00eas<img decoding=\"async\" class=\"alignright size-full wp-image-23766\" src=\"https:\/\/www.rioonwatch.org\/wp-content\/uploads\/2012\/08\/PT-e1439583827971.png\" width=\"20\" height=\"20\" \/><\/em><\/strong><\/a><\/p>\n<p>&#8220;<a href=\"https:\/\/bit.ly\/3tWoPAK\" target=\"_blank\" rel=\"noopener\"><span style=\"font-weight: 400;\">To be a black woman is to resist and survive at every moment<\/span><\/a>.<span style=\"font-weight: 400;\">\u201d The phrase was said by <a href=\"https:\/\/bit.ly\/3i5n9zE\" target=\"_blank\" rel=\"noopener\">Marielle Franco<\/a>, a woman who would change the course of Brazilian political history, in an interview given to <\/span><em><a href=\"https:\/\/bit.ly\/3itDcaD\" target=\"_blank\" rel=\"noopener\"><span style=\"font-weight: 400;\">Brasil de Fato<\/span><\/a> <\/em>as part of a series on women&#8217;s struggles, in March 2017. <span style=\"font-weight: 400;\">Today, this is <a href=\"https:\/\/bit.ly\/3Hsbnta\" target=\"_blank\" rel=\"noopener\">the premise of black women in politics<\/a>. They are the <a href=\"https:\/\/bit.ly\/3kB4wST\" target=\"_blank\" rel=\"noopener\">seeds<\/a> planted by <\/span><span style=\"font-weight: 400;\">Marielle Franco<\/span><span style=\"font-weight: 400;\">, born and bred in the <a href=\"https:\/\/bit.ly\/AntiracistFavelas\" target=\"_blank\" rel=\"noopener\">anti-racist struggle<\/a> for human rights, gender equality and democracy in Brazil<\/span><span style=\"font-weight: 400;\">.<\/span><\/p>\n<p><span style=\"font-weight: 400;\">The low <a href=\"https:\/\/bit.ly\/3v60B9o\" target=\"_blank\" rel=\"noopener\">representation<\/a> of black women in political spheres has always been an obstac<\/span><span style=\"font-weight: 400;\">le. The disparate nature of the occupation of decision-making spaces continues to be fed by social exclusion, rooted in the racism and sexism that structure society. In the 2020 elections, men were 84% of the city councilors elected in Brazil. Among the 16% of women councilors elected, 59% were white women and 34% were black. This means that for every 100 city councilors elected in the country in 2020, only 16 were women and, of these, only five were non-white, even though black women comprise the largest demographic group in the country\u2014<a href=\"https:\/\/bit.ly\/3KJQV9k\" target=\"_blank\" rel=\"noopener\">28% of the population<\/a>. These data resulted from a <a href=\"https:\/\/bit.ly\/3AyyP6c\" target=\"_blank\" rel=\"noopener\">survey<\/a><\/span><span style=\"font-weight: 400;\"> conducted by <a href=\"https:\/\/bit.ly\/3w9OoBm\" target=\"_blank\" rel=\"noopener\">UN Women<\/a>\u00a0in partnership with <a href=\"https:\/\/bit.ly\/3t9RK5a\" target=\"_blank\" rel=\"noopener\">G\u00eanero e N\u00famero<\/a>, from data provided by Brazil&#8217;s Superior Electoral Court (<a href=\"http:\/\/bit.ly\/2oU0gUe\" target=\"_blank\" rel=\"noopener\">TSE<\/a>).\u00a0<\/span><\/p>\n<p><span style=\"font-weight: 400;\">Though the percentage of women elected in 2020 was low, it was higher than in the previous election. In 2016, only 13.5% of elected councilors were women. In this context, Marielle Franco, born and raised in the favelas of <\/span><a href=\"http:\/\/bit.ly\/2IgZ9Y4\" target=\"_blank\" rel=\"noopener\"><span style=\"font-weight: 400;\">Complexo da Mar\u00e9<\/span><\/a><span style=\"font-weight: 400;\">, in Rio de Janeiro&#8217;s <a href=\"http:\/\/bit.ly\/2IgR5qe\" target=\"_blank\" rel=\"noopener\">North Zone<\/a><\/span><span style=\"font-weight: 400;\">, did not allow herself to be silenced, whether socially or politically. Her path led to the acknowledgement of the importance of the black, favela woman for the strengthening of democracy. State deputy <\/span><a href=\"http:\/\/bit.ly\/2QJKTed\" target=\"_blank\" rel=\"noopener\"><span style=\"font-weight: 400;\">Renata Souza<\/span><\/a> and city councilor <a href=\"http:\/\/bit.ly\/2ImU7d0\" target=\"_blank\" rel=\"noopener\"><span style=\"font-weight: 400;\">M\u00f4nica Cunha<\/span><\/a><span style=\"font-weight: 400;\">, who was also founder of <a href=\"https:\/\/bit.ly\/3hQDtU9\" target=\"_blank\" rel=\"noopener\">Movimento Moleque<\/a>, are two black women who were shaped by the struggle for rights and who had their lives marked by Marielle Franco and her legacy.\u00a0<\/span><\/p>\n<h3><b>\u201cMarielle Showed that Black Women from the Peripheries Know How to Do Politics&#8221;<\/b><\/h3>\n<p><span style=\"font-weight: 400;\"><a href=\"http:\/\/bit.ly\/1QHoVDK\" target=\"_blank\" rel=\"noopener\">M\u00f4nica Cunha<\/a> is a human rights defender and social educator. In 2003, she <a href=\"http:\/\/bit.ly\/1QHoVDK\" target=\"_blank\" rel=\"noopener\">founded Movimento Moleque<\/a> to <a href=\"http:\/\/bit.ly\/2KoaWae\" target=\"_blank\" rel=\"noopener\">combat the abuse suffered by adolescents<\/a> complying with <a href=\"https:\/\/bit.ly\/3CGh327\" target=\"_blank\" rel=\"noopener\">juvenile detention measures<\/a>. Her activism started there, when her son Rafael da Silva Cunha, as a teen, committed a nonviolent crime. Later, in December 2006, at age 20, he was murdered by the Civil Police, which intensified Cunha&#8217;s fight into a lifelong mission. <\/span><\/p>\n<blockquote class=\"twitter-tweet\">\n<p dir=\"ltr\" lang=\"pt\">Meu filho Rafael da Silva Cunha foi assassinado no dia 5 de dezembro de 2006, aos 20 anos. Mas minha milit\u00e2ncia n\u00e3o come\u00e7ou com a morte dele, e sim quando ele tinha 15 anos e foi cumprir medidas socioeducativas em um estabelecimento do Degase, no Rio de Janeiro. &#x1f447;&#x1f3ff; <a href=\"https:\/\/t.co\/5EOOl8dIV6\">pic.twitter.com\/5EOOl8dIV6<\/a><\/p>\n<p>\u2014 Monica Cunha (@monicacunhario) <a href=\"https:\/\/twitter.com\/monicacunhario\/status\/1297147059066281984?ref_src=twsrc%5Etfw\">August 22, 2020<\/a><\/p><\/blockquote>\n<blockquote><p><script async src=\"https:\/\/platform.twitter.com\/widgets.js\" charset=\"utf-8\"><\/script>My son Rafael da Silva Cunha was murdered on December 5, 2006, at age 20. But my militancy did not start with his death and rather when he was 15 and went to fulfill socio-educational measures at a DEGASE unit in Rio de Janeiro.<\/p><\/blockquote>\n<p><span style=\"font-weight: 400;\">Cunha met Marielle Franco when Marielle was responsible for the <a href=\"http:\/\/bit.ly\/2XB6wDl\" target=\"_blank\" rel=\"noopener\">Human Rights Commission<\/a> in the Rio de Janeiro State Legislative Assembly (<a href=\"http:\/\/bit.ly\/2ZgF5j2\" target=\"_blank\" rel=\"noopener\">ALERJ<\/a>), to seek help for cases of abuse and violence suffered by adolescents in juvenile detention under the care of the General Department of Socio-Educational Action (<a href=\"http:\/\/bit.ly\/31uJAE9\" target=\"_blank\" rel=\"noopener\">DEGASE<\/a>). After their first encounter, Cunha met with Marielle a few more times, attending the Commission&#8217;s meetings, drafting bills aimed at the juvenile justice system&#8217;s measures, in addition to participating in the development of public hearings about the subject. Thinking through the politics of Rio&#8217;s juvenile justice system became a common link between them. Through her political action, Marielle supported the mothers of Movimento Moleque and encouraged, maybe without realizing, Cunha&#8217;s political empowerment.\u00a0<\/span><\/p>\n<p><span style=\"font-weight: 400;\">In 2016, Marielle applied to run for the position of City Councilor for the City of Rio and invited Cunha to help her with the campaign, making her responsible for the agenda of juvenile justice measures. Cunha immediately accepted because she felt that Marielle, as a black woman from the favela who sacrificed a lot to raise her daughter, understood what mothers go through to raise their children inside the favela. Cunha identified with Marielle. She did not see any issues in engaging with the campaign and supported the candidacy with great fervor. She attended the campaign&#8217;s committee meetings, and with that, they came even closer.\u00a0<\/span><\/p>\n<figure id=\"attachment_69922\" aria-describedby=\"caption-attachment-69922\" style=\"width: 500px\" class=\"wp-caption alignright\"><a href=\"https:\/\/rioonwatch.org\/wp-content\/uploads\/2022\/03\/MONICA-CUNHA.jpg\"><img fetchpriority=\"high\" decoding=\"async\" class=\"wp-image-69922\" title=\"Violations against youth offenders led Cunha to meet Marielle Franco. Photo: Amnesty International Brazil\" src=\"https:\/\/rioonwatch.org\/wp-content\/uploads\/2022\/03\/MONICA-CUNHA-620x322.jpg\" alt=\"\" width=\"500\" height=\"260\" srcset=\"https:\/\/rioonwatch.org\/wp-content\/uploads\/2022\/03\/MONICA-CUNHA-620x322.jpg 620w, https:\/\/rioonwatch.org\/wp-content\/uploads\/2022\/03\/MONICA-CUNHA.jpg 759w\" sizes=\"(max-width: 500px) 100vw, 500px\" \/><\/a><figcaption id=\"caption-attachment-69922\" class=\"wp-caption-text\">Violations against youth offenders led Cunha to meet Marielle Franco. Photo: Amnesty International Brazil<\/figcaption><\/figure>\n<p><span style=\"font-weight: 400;\">With tireless effort, Marielle managed to claim a seat in the city council as the <a href=\"https:\/\/glo.bo\/2mIvpZB\" target=\"_blank\" rel=\"noopener\">5th most voted councilor<\/a> in the municipality of Rio. Emotional with the victory, after watching the counting at home, Cunha recalls taking a moto-taxi and going straight to Cinel\u00e2ndia, in Central Rio. She came to Marielle and hugged her euphorically, saying they had won the election. From then on, she was certain that everything they had talked about during the campaign would happen. Cunha says that, at the time, she was very happy knowing that she helped elect a black woman from the favelas.\u00a0<\/span><\/p>\n<p><span style=\"font-weight: 400;\">The strength of <a href=\"http:\/\/bit.ly\/2PYbBmR\" target=\"_blank\" rel=\"noopener\">Marielle\u2019s political representation<\/a> made Cunha realize that black women do deserve to occupy political positions, challenging narratives and leading spaces mostly dominated by white men. \u201cMarielle\u2019s term in office was a learning experience. It made me realize that black women can and know how to do politics,\u201d says Cunha. In her assessment, it was clear that the members of the <a href=\"https:\/\/bit.ly\/35SM8DK\" target=\"_blank\" rel=\"noopener\">Rio de Janeiro City Council<\/a> felt uncomfortable knowing that Marielle had claimed a seat in that space: &#8220;Marielle made people uncomfortable when she walked down the city council\u2019s corridors with her voluminous hair, height, and colorful clothes,\u201d her friend remembers.\u00a0<\/span><\/p>\n<p><span style=\"font-weight: 400;\">Marielle brought together different groups and people around her to do politics. Working closely with the parliamentarian gave Cunha an even greater understanding of the place of black people in politics and how urgent it was for black people, especially women, to occupy this space. She remembers a specific conversation with Marielle, in which the councilor said that it was time, after 20 years of activism, for Cunha to run for council.\u00a0<\/span><\/p>\n<p><span style=\"font-weight: 400;\">At first, Cunha rejected the idea. She did not think she would be able to tolerate the racist stances and speeches from other members of the city council. Her denial was promptly contested by Marielle: \u201cNo, you&#8217;ll learn! You learned to live all these years without your son, you&#8217;re in this world without the one you love most. So, how can you not learn to live in that city council? A hostile place, but one that is ours, one that we have to take up.\u201d\u00a0<\/span><\/p>\n<p><span style=\"font-weight: 400;\">Cunha started to think about the idea, but when Marielle was murdered, on March 14, 2018, she completely gave up. The following year, <a href=\"https:\/\/bit.ly\/31uFCO3\" target=\"_blank\" rel=\"noopener\">Marcelo Freixo<\/a>, federal deputy for Rio also encouraged her. According to Cunha, Freixo said that she was more than ready to take this step. He also said that people should understand the murder of Marielle as a legacy: the <a href=\"http:\/\/bit.ly\/2Epo0VC\" target=\"_blank\" rel=\"noopener\">legacy of black women in politics<\/a>. The loss of Marielle was a turning point for Cunha and she started her campaign for councilor for the 2020 elections. She was convinced of what she wanted to do, and, more than ever, she was sure that the \u201cplace of women is in politics, especially black women!\u201d<\/span><\/p>\n<h3><b>Spaces for Visibility, Memory and Mobilization<\/b><\/h3>\n<blockquote><p><span style=\"font-weight: 400;\">\u201cThe fact is that [we are] constantly threatened, and I&#8217;m one of them. And that happens because we&#8217;re the ones who really know how to do politics, not just from books, but from practice. We&#8217;re the ones who get on crowded buses, who take our kids to school, who do the grocery shopping, who talk to the next-door neighbor, who go up and down the favela. In other words, we&#8217;re the ones who actually live life. So it&#8217;s obvious that we&#8217;re the ones who know what&#8217;s best for the people.&#8221; \u2014 M\u00f4nica Cunha<\/span><\/p><\/blockquote>\n<figure id=\"attachment_70004\" aria-describedby=\"caption-attachment-70004\" style=\"width: 1030px\" class=\"wp-caption aligncenter\"><a href=\"https:\/\/rioonwatch.org\/wp-content\/uploads\/2022\/03\/Marielle-Franco.jpg\"><img decoding=\"async\" class=\"wp-image-70004\" title=\"The &quot;Insurgent Voices in Brazil's Lethal Democracy&quot; event marks four years since the murder of Mar\u00e9's activist and city councilor. Source: Behner Stiefel Center for Brazilian Studies\" src=\"https:\/\/rioonwatch.org\/wp-content\/uploads\/2022\/03\/Marielle-Franco.jpg\" alt=\"\" width=\"1030\" height=\"796\" srcset=\"https:\/\/rioonwatch.org\/wp-content\/uploads\/2022\/03\/Marielle-Franco.jpg 1600w, https:\/\/rioonwatch.org\/wp-content\/uploads\/2022\/03\/Marielle-Franco-620x479.jpg 620w, https:\/\/rioonwatch.org\/wp-content\/uploads\/2022\/03\/Marielle-Franco-814x629.jpg 814w, https:\/\/rioonwatch.org\/wp-content\/uploads\/2022\/03\/Marielle-Franco-768x593.jpg 768w\" sizes=\"(max-width: 1030px) 100vw, 1030px\" \/><\/a><figcaption id=\"caption-attachment-70004\" class=\"wp-caption-text\">The &#8220;Insurgent Voices in Brazil&#8217;s Lethal Democracy&#8221; event marks four years since the murder of Marielle Franco. Source: Behner Stiefel Center for Brazilian Studies<\/figcaption><\/figure>\n<p>On the anniversary of Marielle&#8217;s assassination, March 14, <span style=\"font-weight: 400;\">Cunha was <\/span>in the United States participating in a discussion panel \u201c<em><a href=\"https:\/\/bit.ly\/3i1A6KI\" target=\"_blank\" rel=\"noopener\">Insurgent Voices in Brazil\u2019s Lethal Democracy: Remembering Marielle Franco<\/a><\/em>\u201d at San Diego State University. Other than <span style=\"font-weight: 400;\">Cunha<\/span>, D\u00e9bora Maria Silva and Rute Fiuza, mothers to Rog\u00e9rio Silva and Davi Fiuza, victims of the <a href=\"http:\/\/bit.ly\/2N3NY8L\" target=\"_blank\" rel=\"noopener\">genocide of the black population<\/a> promoted by the Brazilian State, were also in attendance. Their presence at the event had the objective of denouncing the murder of black youth, as well as other human rights violations committed in Brazilian favelas.<\/p>\n<p>State Deputy Renata Souza was in New York in the same period, participating in a demonstration in memory of Marielle Franco and denouncing, internationally, the lack of answers to this day with regard to who ordered the murder of the councilor and human rights defender, and why. The deputy also met with Mayor Ras Baraka of Newark, New Jersey, to discuss reducing police lethality and incarceration of black youth. According to Souza, Newark has many Brazilian and Portuguese immigrants and it is not difficult to find a Brazilian steakhouse in the city where Portuguese is almost a second language. The deputy pointed out that there, the majority of the secretariat at city hall is comprised of black women.<\/p>\n<figure id=\"attachment_70005\" aria-describedby=\"caption-attachment-70005\" style=\"width: 1030px\" class=\"wp-caption aligncenter\"><a href=\"https:\/\/rioonwatch.org\/wp-content\/uploads\/2022\/03\/Renata-Souza-e1647206503389.jpeg\"><img loading=\"lazy\" decoding=\"async\" class=\"wp-image-70005\" title=\"Renata Souza is in the United States where she is taking part in a demonstration in memory of Marielle Franco. Photo: Personal archive\" src=\"https:\/\/rioonwatch.org\/wp-content\/uploads\/2022\/03\/Renata-Souza-e1647206503389.jpeg\" alt=\"\" width=\"1030\" height=\"602\" srcset=\"https:\/\/rioonwatch.org\/wp-content\/uploads\/2022\/03\/Renata-Souza-e1647206503389.jpeg 1280w, https:\/\/rioonwatch.org\/wp-content\/uploads\/2022\/03\/Renata-Souza-e1647206503389-620x362.jpeg 620w, https:\/\/rioonwatch.org\/wp-content\/uploads\/2022\/03\/Renata-Souza-e1647206503389-1076x629.jpeg 1076w, https:\/\/rioonwatch.org\/wp-content\/uploads\/2022\/03\/Renata-Souza-e1647206503389-768x449.jpeg 768w\" sizes=\"(max-width: 1030px) 100vw, 1030px\" \/><\/a><figcaption id=\"caption-attachment-70005\" class=\"wp-caption-text\">Renata Souza is in the United States where she is taking part in a demonstration in memory of Marielle Franco. Photo: Personal archive<\/figcaption><\/figure>\n<p>It was survival that motivated Renata Souza\u2019s anti-racist struggle. A black woman and feminist, like Marielle born and raised in Mar\u00e9, the human rights defender learned how to do politics in the favela before becoming Marielle\u2019s Chief of Staff. Souza followed an <a href=\"https:\/\/bit.ly\/3nwg1QJ\" target=\"_blank\" rel=\"noopener\">activist path common to black women in Rio&#8217;s peripheries<\/a>: she started by occupying spaces of activism in her territory and fighting for social rights for her community, learning, living, and fighting for human rights in practice.<\/p>\n<figure id=\"attachment_70006\" aria-describedby=\"caption-attachment-70006\" style=\"width: 1030px\" class=\"wp-caption aligncenter\"><a href=\"https:\/\/rioonwatch.org\/wp-content\/uploads\/2022\/03\/Renata-Souza-Facebook-Candidata-e1647210822417.jpg\"><img loading=\"lazy\" decoding=\"async\" class=\"wp-image-70006\" title=\"Politics is still a space mostly occupied by white men\" src=\"https:\/\/rioonwatch.org\/wp-content\/uploads\/2022\/03\/Renata-Souza-Facebook-Candidata-e1647210822417.jpg\" alt=\"\" width=\"1030\" height=\"437\" srcset=\"https:\/\/rioonwatch.org\/wp-content\/uploads\/2022\/03\/Renata-Souza-Facebook-Candidata-e1647210822417.jpg 1439w, https:\/\/rioonwatch.org\/wp-content\/uploads\/2022\/03\/Renata-Souza-Facebook-Candidata-e1647210822417-620x264.jpg 620w, https:\/\/rioonwatch.org\/wp-content\/uploads\/2022\/03\/Renata-Souza-Facebook-Candidata-e1647210822417-768x326.jpg 768w, https:\/\/rioonwatch.org\/wp-content\/uploads\/2022\/03\/Renata-Souza-Facebook-Candidata-e1647210822417-1030x438.jpg 1030w\" sizes=\"(max-width: 1030px) 100vw, 1030px\" \/><\/a><figcaption id=\"caption-attachment-70006\" class=\"wp-caption-text\">Renata Souza<\/figcaption><\/figure>\n<p>At 16, Souza was already involved with institutions operating in Mar\u00e9, promoting access to education and culture. She met Marielle at a <a href=\"http:\/\/bit.ly\/2JCm0Ot\" target=\"_blank\" rel=\"noopener\">community-run college exam preparatory course<\/a>. Her connection with the social movements was great. She decided to join forces for the anti-racist struggle within favelas. &#8220;At the time, everyone said it was a fight against the murder of young black people,&#8221; recalls Souza, who now realizes that it is an even broader fight, one that impacts, above all, black favela women. &#8220;If we are fighting against racism, we are talking about this woman&#8217;s right to not lose her child, who is also black, to police violence. We are also talking about this woman who lost her black partner to police violence,&#8221; explains the deputy. <span style=\"font-weight: 400;\">\u00a0<\/span><\/p>\n<h3><b>Political Violence Against Black Female Legislators<\/b><\/h3>\n<p>Marielle died due to <a href=\"https:\/\/bit.ly\/32IFMRI\" target=\"_blank\" rel=\"noopener\">political violence<\/a>. Black women that occupy positions of power in Brazil repeatedly <a href=\"https:\/\/bit.ly\/3CCe6Q8\" target=\"_blank\" rel=\"noopener\">face threats and are victims of political violence<\/a>. A <a href=\"https:\/\/bit.ly\/34EAiN1\" target=\"_blank\" rel=\"noopener\">study conducted by the Marielle Franco Institute<\/a>, published in 2021, found that 98.5% of the 142 black women in elected office interviewed reported having suffered more than one type of political violence. Online violence (78%), moral or psychological violence (62%), and institutional violence (53%) were the most frequently mentioned violations. In August of last year, Renata Souza suffered political violence from a fellow deputy during a session at ALERJ, and had no right to respond during the plenary.<\/p>\n<blockquote><p>&#8220;With every act of political violence, I am more certain that it is in the legislature that we should be, as it is one of the essential tools in our fight. The more black women in the legislature, the better.&#8221; \u2014 Renata Souza<\/p><\/blockquote>\n<figure id=\"attachment_70007\" aria-describedby=\"caption-attachment-70007\" style=\"width: 1030px\" class=\"wp-caption aligncenter\"><a href=\"https:\/\/rioonwatch.org\/wp-content\/uploads\/2022\/03\/Benny-Briolly-vereadora-de-Niteroi-mulher-trans-negra-sofre-transfobia-racismo-e-intolerancia-religiosa-recorrentemente-na-Camara-dos-Vereadores-de-Niteroi.jpg\"><img loading=\"lazy\" decoding=\"async\" class=\"wp-image-70007\" title=\"Benny Briolly is a councilor for the city of Niter\u00f3i. A trans woman, she faces transphobia, racism and religious intolerance repeatedly inside the Niter\u00f3i City Council \" src=\"https:\/\/rioonwatch.org\/wp-content\/uploads\/2022\/03\/Benny-Briolly-vereadora-de-Niteroi-mulher-trans-negra-sofre-transfobia-racismo-e-intolerancia-religiosa-recorrentemente-na-Camara-dos-Vereadores-de-Niteroi.jpg\" alt=\"\" width=\"1030\" height=\"1030\" srcset=\"https:\/\/rioonwatch.org\/wp-content\/uploads\/2022\/03\/Benny-Briolly-vereadora-de-Niteroi-mulher-trans-negra-sofre-transfobia-racismo-e-intolerancia-religiosa-recorrentemente-na-Camara-dos-Vereadores-de-Niteroi.jpg 1080w, https:\/\/rioonwatch.org\/wp-content\/uploads\/2022\/03\/Benny-Briolly-vereadora-de-Niteroi-mulher-trans-negra-sofre-transfobia-racismo-e-intolerancia-religiosa-recorrentemente-na-Camara-dos-Vereadores-de-Niteroi-620x620.jpg 620w, https:\/\/rioonwatch.org\/wp-content\/uploads\/2022\/03\/Benny-Briolly-vereadora-de-Niteroi-mulher-trans-negra-sofre-transfobia-racismo-e-intolerancia-religiosa-recorrentemente-na-Camara-dos-Vereadores-de-Niteroi-629x629.jpg 629w, https:\/\/rioonwatch.org\/wp-content\/uploads\/2022\/03\/Benny-Briolly-vereadora-de-Niteroi-mulher-trans-negra-sofre-transfobia-racismo-e-intolerancia-religiosa-recorrentemente-na-Camara-dos-Vereadores-de-Niteroi-768x768.jpg 768w\" sizes=\"(max-width: 1030px) 100vw, 1030px\" \/><\/a><figcaption id=\"caption-attachment-70007\" class=\"wp-caption-text\">Benny Briolly is a councilor for the city of Niter\u00f3i. A trans woman, she faces transphobia, racism and religious intolerance repeatedly inside the Niter\u00f3i City Council<\/figcaption><\/figure>\n<p>Cases of violence against non-white women in politics are frequent. Just this year, <a href=\"https:\/\/bit.ly\/3tS6FAm\" target=\"_blank\" rel=\"noopener\">Benny Briolly<\/a>, a city councilor in Niter\u00f3i, Rio&#8217;s sister city across Guanabara Bay, was the target of <a href=\"https:\/\/bit.ly\/3MOdpaS\" target=\"_blank\" rel=\"noopener\">six death threats<\/a>. In less than a year, according to the legislator&#8217;s team, there were 20 threats to Briolly&#8217;s life, a black trans woman and a child of the favelas. Briolly has already been attacked in the plenary session many times and even had to <a href=\"https:\/\/glo.bo\/3w3TT4w\" target=\"_blank\" rel=\"noopener\">leave the country<\/a> for some time to protect herself from death threats. Federal Deputy <a href=\"http:\/\/bit.ly\/2pL4dL7\" target=\"_blank\" rel=\"noopener\">Tal\u00edria Petrone<\/a> also had to <a href=\"https:\/\/bit.ly\/3t86DVW\" target=\"_blank\" rel=\"noopener\">leave the state of Rio after death threats<\/a>. Disque Den\u00fancia (a crime-stopping hotline) received information that <a href=\"https:\/\/bit.ly\/3i5dfho\" target=\"_blank\" rel=\"noopener\">the militia was planning the execution of the legislator<\/a>, who had to leave during a period of legislative activism and activities.<\/p>\n<figure id=\"attachment_70008\" aria-describedby=\"caption-attachment-70008\" style=\"width: 1030px\" class=\"wp-caption aligncenter\"><a href=\"https:\/\/rioonwatch.org\/wp-content\/uploads\/2022\/03\/A-deputada-Taliria-Petrone-com-a-filha-Moana-discursando-no-plenario-da-Camara-sobre-a-privatizacao-da-Eletrobras.jpg\"><img loading=\"lazy\" decoding=\"async\" class=\"wp-image-70008\" title=\"Deputy Tal\u00edria Petrone with daughter Moana speaking on the privatization of Eletrobr\u00e1s in the plenary of the Chamber of Deputies.\" src=\"https:\/\/rioonwatch.org\/wp-content\/uploads\/2022\/03\/A-deputada-Taliria-Petrone-com-a-filha-Moana-discursando-no-plenario-da-Camara-sobre-a-privatizacao-da-Eletrobras.jpg\" alt=\"\" width=\"1030\" height=\"799\" srcset=\"https:\/\/rioonwatch.org\/wp-content\/uploads\/2022\/03\/A-deputada-Taliria-Petrone-com-a-filha-Moana-discursando-no-plenario-da-Camara-sobre-a-privatizacao-da-Eletrobras.jpg 1080w, https:\/\/rioonwatch.org\/wp-content\/uploads\/2022\/03\/A-deputada-Taliria-Petrone-com-a-filha-Moana-discursando-no-plenario-da-Camara-sobre-a-privatizacao-da-Eletrobras-620x481.jpg 620w, https:\/\/rioonwatch.org\/wp-content\/uploads\/2022\/03\/A-deputada-Taliria-Petrone-com-a-filha-Moana-discursando-no-plenario-da-Camara-sobre-a-privatizacao-da-Eletrobras-811x629.jpg 811w, https:\/\/rioonwatch.org\/wp-content\/uploads\/2022\/03\/A-deputada-Taliria-Petrone-com-a-filha-Moana-discursando-no-plenario-da-Camara-sobre-a-privatizacao-da-Eletrobras-768x596.jpg 768w\" sizes=\"(max-width: 1030px) 100vw, 1030px\" \/><\/a><figcaption id=\"caption-attachment-70008\" class=\"wp-caption-text\">Deputy Tal\u00edria Petrone with daughter Moana speaking on the privatization of Eletrobr\u00e1s in the plenary of the Chamber of Deputies.<\/figcaption><\/figure>\n<p>Black women face an <a href=\"https:\/\/bit.ly\/3t8IHll\" target=\"_blank\" rel=\"noopener\">enormous challenge<\/a> within Brazilian legislatures. Souza confirms that this space in politics is historically denied to women, especially to black women and those from the favelas: &#8220;it is a hostile environment, but, in fact, with every hostility and act of political violence, I am more certain that this is where we should be so that the legislature becomes a tool of the institutional struggle against racism, machismo, misogyny, and LGBT-phobia itself,&#8221; said Souza.<\/p>\n<p>The presence of women in positions of power does not directly translate into a greater representation of agendas. As Souza explains, many women who act as deputies come from political families. They are, therefore, &#8220;heirs to family politics, political heirs to their husbands and fathers. They are hardly ever political heirs to a social movement, to a social cause.&#8221; The state deputy from Mar\u00e9 concludes: &#8220;We [black women] do not enter the legislature inheriting politics, we enter to subvert it.&#8221;<\/p>\n<p><em>About the author:\u00a0<\/em><a href=\"https:\/\/bit.ly\/CamilaFiuzaOnROW\" target=\"_blank\" rel=\"noopener\"><em>Camila Fiuza<\/em><\/a><em>\u00a0is a a journalist, graduate of the Federal University of Bahia (UFBA), and the product of public schools. She is a member of the\u00a0<\/em><a href=\"https:\/\/bit.ly\/3lyetoo\"><em>Northeastern chapter of the Mothers of May<\/em><\/a><em>. A black, peripheral woman who fights for human rights and against racism, Fiuza has contributed to community radio programs and worked for Record TV Itapu\u00e3 and Band News FM Radio, in Salvador.<\/em><\/p>\n<hr \/>\n<h4><b data-stringify-type=\"bold\">Support\u00a0<\/b><b data-stringify-type=\"bold\"><i data-stringify-type=\"italic\">RioOnWatch<\/i><\/b><b data-stringify-type=\"bold\">\u2019s tireless, critical and cutting-edge hyperlocal journalism, online community organizing meetings, and direct support to favelas\u00a0<\/b><b data-stringify-type=\"bold\"><a class=\"c-link\" href=\"http:\/\/bit.ly\/DonateToRioOnWatch\" target=\"_blank\" rel=\"noopener noreferrer\" data-stringify-link=\"http:\/\/bit.ly\/DonateToRioOnWatch\" data-sk=\"tooltip_parent\">by clicking here.<\/a><\/b><\/h4>\n","protected":false},"excerpt":{"rendered":"<div class=\"mh-excerpt\"><p>Clique aqui para Portugu\u00eas &#8220;To be a black woman is to resist and survive at every moment.\u201d The phrase was said by Marielle Franco, a woman who would change the course of Brazilian political history, <a class=\"mh-excerpt-more\" href=\"https:\/\/rioonwatch.org\/?p=69909\" title=\"Four Years Without Marielle: A Living Legacy in Politics for Black Brazilian Women\">[&#8230;]<\/a><\/p>\n<\/div>","protected":false},"author":233,"featured_media":69915,"comment_status":"closed","ping_status":"closed","sticky":false,"template":"template-full.php","format":"standard","meta":{"_monsterinsights_skip_tracking":false,"_monsterinsights_sitenote_active":false,"_monsterinsights_sitenote_note":"","_monsterinsights_sitenote_category":0,"footnotes":""},"categories":[2689,1668,1288,1328,1290,335,336],"tags":[162,2630,280,2961,595,459,436,3014,25,1627,2449,3318,1517,3383,2217,1189,2733,3393,268,3197],"writer":[3401],"translator":[3439],"illustrator":[],"photographer":[],"class_list":{"0":"post-69909","1":"post","2":"type-post","3":"status-publish","4":"format-standard","5":"has-post-thumbnail","7":"category-mariellelegacy","8":"category-participationwatch","9":"category-highlight","10":"category-by-community-contributors","11":"category-civilsociety","12":"category-policies","13":"category-violations","14":"tag-city-council","15":"tag-civil-police","16":"tag-complexo-da-mare","17":"tag-degase","18":"tag-elections","19":"tag-feminism","20":"tag-gender","21":"tag-genocide","22":"tag-human-rights","23":"tag-human-rights-commission-alerj","24":"tag-marielle-franco","25":"tag-marielle-legacy","26":"tag-moto-taxi","27":"tag-movimento-moleque","28":"tag-psol","29":"tag-racism","30":"tag-renata-souza","31":"tag-representation","32":"tag-state-violence","33":"tag-taliria-petrone-psol","34":"writer-camila-fiuza","35":"translator-cristina-cortez"},"_links":{"self":[{"href":"https:\/\/rioonwatch.org\/index.php?rest_route=\/wp\/v2\/posts\/69909","targetHints":{"allow":["GET"]}}],"collection":[{"href":"https:\/\/rioonwatch.org\/index.php?rest_route=\/wp\/v2\/posts"}],"about":[{"href":"https:\/\/rioonwatch.org\/index.php?rest_route=\/wp\/v2\/types\/post"}],"author":[{"embeddable":true,"href":"https:\/\/rioonwatch.org\/index.php?rest_route=\/wp\/v2\/users\/233"}],"replies":[{"embeddable":true,"href":"https:\/\/rioonwatch.org\/index.php?rest_route=%2Fwp%2Fv2%2Fcomments&post=69909"}],"version-history":[{"count":0,"href":"https:\/\/rioonwatch.org\/index.php?rest_route=\/wp\/v2\/posts\/69909\/revisions"}],"wp:featuredmedia":[{"embeddable":true,"href":"https:\/\/rioonwatch.org\/index.php?rest_route=\/wp\/v2\/media\/69915"}],"wp:attachment":[{"href":"https:\/\/rioonwatch.org\/index.php?rest_route=%2Fwp%2Fv2%2Fmedia&parent=69909"}],"wp:term":[{"taxonomy":"category","embeddable":true,"href":"https:\/\/rioonwatch.org\/index.php?rest_route=%2Fwp%2Fv2%2Fcategories&post=69909"},{"taxonomy":"post_tag","embeddable":true,"href":"https:\/\/rioonwatch.org\/index.php?rest_route=%2Fwp%2Fv2%2Ftags&post=69909"},{"taxonomy":"writer","embeddable":true,"href":"https:\/\/rioonwatch.org\/index.php?rest_route=%2Fwp%2Fv2%2Fwriter&post=69909"},{"taxonomy":"translator","embeddable":true,"href":"https:\/\/rioonwatch.org\/index.php?rest_route=%2Fwp%2Fv2%2Ftranslator&post=69909"},{"taxonomy":"illustrator","embeddable":true,"href":"https:\/\/rioonwatch.org\/index.php?rest_route=%2Fwp%2Fv2%2Fillustrator&post=69909"},{"taxonomy":"photographer","embeddable":true,"href":"https:\/\/rioonwatch.org\/index.php?rest_route=%2Fwp%2Fv2%2Fphotographer&post=69909"}],"curies":[{"name":"wp","href":"https:\/\/api.w.org\/{rel}","templated":true}]}}