{"id":70177,"date":"2022-04-27T14:33:05","date_gmt":"2022-04-27T17:33:05","guid":{"rendered":"https:\/\/rioonwatch.org\/?p=70177"},"modified":"2022-06-24T09:13:03","modified_gmt":"2022-06-24T12:13:03","slug":"what-does-rain-have-to-do-with-climate-change-and-how-does-all-this-affect-rio-de-janeiros-favelas","status":"publish","type":"post","link":"https:\/\/rioonwatch.org\/?p=70177","title":{"rendered":"What Does Rain Have to Do With Climate Change and How Does All This Affect Rio de Janeiro\u2019s Favelas?"},"content":{"rendered":"<p style=\"text-align: right;\"><a href=\"https:\/\/bit.ly\/3tTm050\" target=\"_blank\" rel=\"noopener noreferrer\"><strong><em>Clique aqui para Portugu\u00eas<img decoding=\"async\" class=\"alignright size-full wp-image-23766\" src=\"https:\/\/www.rioonwatch.org\/wp-content\/uploads\/2012\/08\/PT-e1439583827971.png\" width=\"20\" height=\"20\" \/><\/em><\/strong><\/a><\/p>\n<p><em><a href=\"https:\/\/rioonwatch.org\/wp-content\/uploads\/2019\/08\/BehnerStiefel.png\"><img decoding=\"async\" class=\"alignright wp-image-55315\" src=\"https:\/\/rioonwatch.org\/wp-content\/uploads\/2019\/08\/BehnerStiefel.png\" alt=\"\" width=\"200\" height=\"68\" srcset=\"https:\/\/rioonwatch.org\/wp-content\/uploads\/2019\/08\/BehnerStiefel.png 1934w, https:\/\/rioonwatch.org\/wp-content\/uploads\/2019\/08\/BehnerStiefel-300x102.png 300w, https:\/\/rioonwatch.org\/wp-content\/uploads\/2019\/08\/BehnerStiefel-768x261.png 768w, https:\/\/rioonwatch.org\/wp-content\/uploads\/2019\/08\/BehnerStiefel-1024x348.png 1024w\" sizes=\"(max-width: 200px) 100vw, 200px\" \/><\/a>This is our latest article in<\/em><em>\u00a0a\u00a0<a href=\"http:\/\/bit.ly\/SDSUFavelaRightsSeries\" target=\"_blank\" rel=\"noopener\">series<\/a>\u00a0created in partnership with the\u00a0<a href=\"http:\/\/bit.ly\/SDSUBehnerCenter\" target=\"_blank\" rel=\"noopener\">Behner Stiefel Center for Brazilian Studies<\/a>\u00a0at San Diego State University, to produce articles for the\u00a0<a href=\"https:\/\/bit.ly\/SDSUDigitalBrazilProject\" target=\"_blank\" rel=\"noopener\">Digital Brazil Project<\/a>\u00a0on\u00a0<\/em><em>climate impacts and affirmative action in the favelas for RioOnWatch.\u00a0<\/em><\/p>\n<p>In the 1970s, Elis Regina already sang about &#8220;<a href=\"https:\/\/bit.ly\/3IqjO8Y\" target=\"_blank\" rel=\"noopener\">the waters of March closing out summer<\/a>.&#8221; The period marking the Brazilian seasons\u2019 transition\u2014from summer to autumn\u2014is popularly known for its frequent and intense rainfall. High temperatures during summer are followed by heavy rain showers and strong winds. However, this well worn local phenomenon has felt different in recent years, with regular natural events increasingly turning into dreadful tragedies.<\/p>\n<p>The city of Petr\u00f3polis, in the state of Rio de Janeiro&#8217;s mountainous region, for example, was once again hit by a <a href=\"http:\/\/glo.bo\/36GeYr7\" target=\"_blank\" rel=\"noopener\">severe storm<\/a> on Sunday, March 20. In four hours, the city recorded <a href=\"https:\/\/bit.ly\/36D5oVZ\" target=\"_blank\" rel=\"noopener\">208 mm of rain<\/a>, the amount expected for the entire month of March. Five people died and hundreds were displaced due to the heavy downpour.<\/p>\n<p>This is the second storm to hit the city in just over a month. On February 15, Petr\u00f3polis received a record rainfall volume: <a href=\"https:\/\/bit.ly\/3pzaFUU\" target=\"_blank\" rel=\"noopener\">260 mm<\/a>. During that storm, it rained in six hours more than what was expected for the entire month of February. Heavy rains in the summer are common, but the fact that <a href=\"https:\/\/bit.ly\/3IG53jn\" target=\"_blank\" rel=\"noopener\">record amounts<\/a> of rain are occurring within shorter and shorter intervals triggers a red flag that this is something new. According to the Civil Defense, the rain that fell on February 15 was the largest volume recorded in the city since 1932, when the National Institute of Meteorology (<a href=\"http:\/\/bit.ly\/2Y8Is6L\" target=\"_blank\" rel=\"noopener\">INMET<\/a>) started taking measurements. <a href=\"https:\/\/bit.ly\/3wxooQv\" target=\"_blank\" rel=\"noopener\">234 people died<\/a> and some are still missing as a result of various landslides and floods caused by the heavy February 15 rain.<\/p>\n<p>In addition to the highest ever rain volume, the events in Petr\u00f3polis also beat another sad record: that of people killed as a result of heavy storms in the city. History shows that episodes such as these are <a href=\"https:\/\/bit.ly\/3IBiy3I\" target=\"_blank\" rel=\"noopener\">recurrent in Rio&#8217;s mountainous region<\/a>. In 1988, heavy rain caused landslides and floods, resulting in 134 deaths in Petr\u00f3polis. In 2011, the trail of tragedy extended across five cities, <a href=\"https:\/\/bit.ly\/34dLboM\" target=\"_blank\" rel=\"noopener\">killing 918 people<\/a> and creating scenes that are remembered to this day.<\/p>\n<figure id=\"attachment_70179\" aria-describedby=\"caption-attachment-70179\" style=\"width: 670px\" class=\"wp-caption aligncenter\"><a href=\"https:\/\/rioonwatch.org\/wp-content\/uploads\/2022\/04\/mudancas-climaticas-e1648073359226.jpg\"><img fetchpriority=\"high\" decoding=\"async\" class=\"size-full wp-image-70179\" src=\"https:\/\/rioonwatch.org\/wp-content\/uploads\/2022\/04\/mudancas-climaticas-e1648073359226.jpg\" alt=\"\" width=\"670\" height=\"401\" srcset=\"https:\/\/rioonwatch.org\/wp-content\/uploads\/2022\/04\/mudancas-climaticas-e1648073359226.jpg 670w, https:\/\/rioonwatch.org\/wp-content\/uploads\/2022\/04\/mudancas-climaticas-e1648073359226-620x371.jpg 620w\" sizes=\"(max-width: 670px) 100vw, 670px\" \/><\/a><figcaption id=\"caption-attachment-70179\" class=\"wp-caption-text\">The rains that hit Petr\u00f3polis in February were the heaviest since 1932. Photo: Fernando Fraz\u00e3o \/ Ag\u00eancia Brasil<\/figcaption><\/figure>\n<p>Although rain falls indiscriminately, it is in the most vulnerable areas that the greatest damage occurs. From the top of Petr\u00f3polis\u2019 hills, many houses were swept downhill when the sodden slopes tumbled. Before mud reached the formal areas of the city&#8217;s downtown or covered famous Rua Teresa&#8217;s pavement, many lives had already been lost as it made its way through the city&#8217;s favelas.<\/p>\n<p>In the case of Petr\u00f3polis, the <a href=\"https:\/\/bit.ly\/3KdoOit\" target=\"_blank\" rel=\"noopener\">Municipal Risk Reduction Plan<\/a>, delivered in 2017\u2014and drawn up under the 2011 tragedy\u2019s reverberations\u2014had already identified over 27,000 homes built in high-risk or very high-risk areas for landslides and floods. The study found that 10% of Petr\u00f3polis was made up of high or very high-risk areas. It is striking that, even after mapping and analysis, very <a href=\"https:\/\/bit.ly\/34JhZ9w\" target=\"_blank\" rel=\"noopener\">little was done to mitigate the risks<\/a> to families living in these areas. Among the spaces mapped by the study, the one pointed out as the most vulnerable to landslides is Oswero Vila\u00e7a, where Morro da Oficina is located, and where the highest number of deaths occurred in the February tragedy.<\/p>\n<h3>Stories That Repeat Themselves<\/h3>\n<p>What happened in Petr\u00f3polis brought another tragedy to the forefront of Rio&#8217;s memory, one which also combined extreme natural events and <a href=\"http:\/\/bit.ly\/1SQPOTc\" target=\"_blank\" rel=\"noopener\">state neglect<\/a>: the April 2010 landslide that <a href=\"https:\/\/glo.bo\/34baurz\" target=\"_blank\" rel=\"noopener\">killed 48 people<\/a> in <a href=\"http:\/\/bit.ly\/1PNlhqx\" target=\"_blank\" rel=\"noopener\">Morro do Bumba<\/a>, located in the city of <a href=\"http:\/\/bit.ly\/2Fur1ae\" target=\"_blank\" rel=\"noopener\">Niter\u00f3i<\/a>, in Greater Rio. The favela came about and grew atop a decommissioned trash dump in the 1980s, making Morro do Bumba&#8217;s ground even more unstable. The torrential rains that hit the state of Rio in the summer of 2010 also caused casualties in <a href=\"http:\/\/bit.ly\/317A4Hx\" target=\"_blank\" rel=\"noopener\">Rocinha<\/a>, in Rio\u2019s <a href=\"http:\/\/bit.ly\/318kJ9H\" target=\"_blank\" rel=\"noopener\">South Zone<\/a>, in <a href=\"http:\/\/bit.ly\/1pPY5au\" target=\"_blank\" rel=\"noopener\">Prazeres<\/a>, in the Central region, and in <a href=\"http:\/\/bit.ly\/2XUoe4I\" target=\"_blank\" rel=\"noopener\">Morro dos Macacos<\/a>, in the <a href=\"http:\/\/bit.ly\/2IgR5qe\" target=\"_blank\" rel=\"noopener\">North Zone<\/a>.<\/p>\n<figure id=\"attachment_70188\" aria-describedby=\"caption-attachment-70188\" style=\"width: 670px\" class=\"wp-caption aligncenter\"><a href=\"https:\/\/rioonwatch.org\/wp-content\/uploads\/2022\/04\/Bumba.jpg\"><img loading=\"lazy\" decoding=\"async\" class=\"wp-image-70188\" title=\"View of Morro do Bumba, in Niter\u00f3i, after the 2010 landslide.\" src=\"https:\/\/rioonwatch.org\/wp-content\/uploads\/2022\/04\/Bumba.jpg\" alt=\"\" width=\"670\" height=\"502\" srcset=\"https:\/\/rioonwatch.org\/wp-content\/uploads\/2022\/04\/Bumba.jpg 619w, https:\/\/rioonwatch.org\/wp-content\/uploads\/2022\/04\/Bumba-326x245.jpg 326w, https:\/\/rioonwatch.org\/wp-content\/uploads\/2022\/04\/Bumba-80x60.jpg 80w\" sizes=\"(max-width: 670px) 100vw, 670px\" \/><\/a><figcaption id=\"caption-attachment-70188\" class=\"wp-caption-text\">View of Morro do Bumba, in Niter\u00f3i, after the 2010 landslide.<\/figcaption><\/figure>\n<p>Now part of Rio\u2019s history, these events demonstrate how the consequences of storms have been worsening. As mentioned above, rain falls indiscriminately, but where is the soil most vulnerable to landslides? Which are the homes most susceptible to collapsing? Who are the people living the closest to rivers and streams that are sometimes silted and, when heavy rains hit, more prone to overflowing\u00a0 and, in extreme cases, creating deadly floods?<\/p>\n<p>If people of a certain social class, gender or color are hit harder than others by extreme weather events, it is evident that <a href=\"https:\/\/bit.ly\/3hge9qJ\" target=\"_blank\" rel=\"noopener\">climate (in)justice<\/a> and <a href=\"https:\/\/bit.ly\/3NfIkxf\" target=\"_blank\" rel=\"noopener\">climate racism<\/a> are occurring. The social, political and economic influences that structure society&#8217;s power relations also make their presence felt in the environment. Hence, even though climate events of this magnitude are occurring all over the planet, it is the poorest population that tends to suffer the most from its consequences. This happens because <a href=\"http:\/\/bit.ly\/2H2ku9k\" target=\"_blank\" rel=\"noopener\">they live in the most vulnerable areas<\/a>, because they have fewer resources to adapt to new climate conditions, and above all because of public authorities\u2019 <a href=\"http:\/\/bit.ly\/1Q0FaMT\" target=\"_blank\" rel=\"noopener\">lack of accountability and responsibility<\/a> for the well-being of all.<\/p>\n<p>In the favelas of <a href=\"http:\/\/bit.ly\/2IgZ9Y4\" target=\"_blank\" rel=\"noopener\">Complexo da Mar\u00e9<\/a> in Rio de Janeiro&#8217;s North Zone, residents of <a href=\"http:\/\/bit.ly\/2HSVQHk\" target=\"_blank\" rel=\"noopener\">Nova Holanda<\/a> are already used to flooding. In the area, a combination of natural and political factors converges into a frequent situation of damages and risks to residents\u2019 health. The area where <a href=\"http:\/\/bit.ly\/ProjectRio\" target=\"_blank\" rel=\"noopener\">Mar\u00e9 is located today is a landfill<\/a>; it used to be a mangrove under water before the community\u2019s construction. The change in the course of rivers and streams, the silting of the still visible canals, the absence of green spaces, as well as the inability of sewage networks to contain water, and insufficient garbage collection leave the territory highly susceptible to flooding. With increasingly intense and repeated rains, flooding in Nova Holanda also tends to become more intense and frequent, as described in <em><a href=\"https:\/\/bit.ly\/3Jujc3k\" target=\"_blank\" rel=\"noopener\">Mar\u00e9 de Not\u00edcias<\/a>\u2019<\/em>\u00a0article &#8220;<a href=\"https:\/\/bit.ly\/3tNn4Ys\" target=\"_blank\" rel=\"noopener\">Flooding in Mar\u00e9: Nova Holanda or New Venice<\/a>?&#8221;<\/p>\n<figure id=\"attachment_70206\" aria-describedby=\"caption-attachment-70206\" style=\"width: 670px\" class=\"wp-caption aligncenter\"><a href=\"https:\/\/rioonwatch.org\/wp-content\/uploads\/2022\/04\/mudancas-climaticas-2-e1647970730682.jpeg\"><img loading=\"lazy\" decoding=\"async\" class=\"wp-image-70206\" title=\"Mar\u00e9 residents routinely deal with flooding. Photo: Mar\u00e9 de Not\u00edcias\" src=\"https:\/\/rioonwatch.org\/wp-content\/uploads\/2022\/04\/mudancas-climaticas-2-e1647970730682.jpeg\" alt=\"\" width=\"670\" height=\"462\" srcset=\"https:\/\/rioonwatch.org\/wp-content\/uploads\/2022\/04\/mudancas-climaticas-2-e1647970730682.jpeg 957w, https:\/\/rioonwatch.org\/wp-content\/uploads\/2022\/04\/mudancas-climaticas-2-e1647970730682-620x428.jpeg 620w, https:\/\/rioonwatch.org\/wp-content\/uploads\/2022\/04\/mudancas-climaticas-2-e1647970730682-912x629.jpeg 912w, https:\/\/rioonwatch.org\/wp-content\/uploads\/2022\/04\/mudancas-climaticas-2-e1647970730682-768x530.jpeg 768w\" sizes=\"(max-width: 670px) 100vw, 670px\" \/><\/a><figcaption id=\"caption-attachment-70206\" class=\"wp-caption-text\">Mar\u00e9 residents routinely deal with flooding. Photo: Mar\u00e9 de Not\u00edcias<\/figcaption><\/figure>\n<p>That same summer, in December 2021, a rainfall volume well above average left over 100 cities in the state of Bahia under emergency. In four days, the city of Itamaraju, in southern Bahia, recorded <a href=\"https:\/\/bit.ly\/3sDCpto\" target=\"_blank\" rel=\"noopener\">more than double the rain predicted for the entire month<\/a> of December: 500 mm. At least <a href=\"https:\/\/bit.ly\/3MwuUM0\" target=\"_blank\" rel=\"noopener\">20 people died<\/a> as a result of landslides, floods and mudslides. The storm also wreaked havoc in the states of Esp\u00edrito Santo and Minas Gerais. But why has it been raining so hard? Why have the consequences been so severe?<\/p>\n<h3>What&#8217;s Happening to Our Planet?<\/h3>\n<p>To begin with, we need to understand what the <a href=\"https:\/\/bit.ly\/3xTyETY\" target=\"_blank\" rel=\"noopener\">greenhouse effect<\/a> is and how it happens. M\u00f4nica Carneiro, a PhD in meteorology and associate professor at the Fluminense Federal University (<a href=\"http:\/\/bit.ly\/2J7BN7l\" target=\"_blank\" rel=\"noopener\">UFF<\/a>), helped untangle this debate.<\/p>\n<p>The greenhouse effect is a natural phenomenon, indispensable to life on the planet. Without human interference, this phenomenon allows us to have an average temperature on the planet&#8217;s surface that is neither too hot nor too cold. It is created by gases existing in the atmosphere and that allow the entry of enough radiation for the maintenance of optimal warming for life. Carneiro explains that the greenhouse effect works like the lid on a pot, trapping heat on the surface. The problem arises due to this effect\u2019s intensification in recent decades, mainly brought on by us, humans, burning fossil fuels.<\/p>\n<p>&#8220;More and more, we emit greenhouse gases into the atmosphere, especially carbon dioxide, but there are other greenhouse gases as well. And, more and more, these gases trap this energy, this heat on the planet, causing an increase in global temperature,&#8221; explained Carneiro.<\/p>\n<p>After the Industrial Revolution, around 1850, there was a significant increase in the <a href=\"https:\/\/bbc.in\/3kcdPuM\" target=\"_blank\" rel=\"noopener\">burning of fossil fuels<\/a>, both for industry and for transportation, intensifying the planet\u2019s warming. &#8220;What we realize is that the speed with which this [the warming] has been happening is unprecedented. So, although there tends to be a natural variability in temperatures, this variability has increased exponentially in recent years and is being matched by an increase in greenhouse gas emissions,&#8221; Carneiro pointed out.<\/p>\n<p>With a warmer planet, extreme events are increasingly common. According to the professor, a warmer planet produces greater evaporation of water from oceans, rivers, lakes, as well as the evapotranspiration of plants, creating even more water vapor in suspension in the atmosphere. Carneiro said, &#8220;When you form a cloud in a global warming scenario, this cloud can be much more intense and create much more rain because there&#8217;s a lot more water vapor in the atmosphere.&#8221;<\/p>\n<figure id=\"attachment_70211\" aria-describedby=\"caption-attachment-70211\" style=\"width: 670px\" class=\"wp-caption aligncenter\"><a href=\"https:\/\/rioonwatch.org\/wp-content\/uploads\/2022\/04\/mudancas-climaticas-3.jpeg\"><img loading=\"lazy\" decoding=\"async\" class=\"wp-image-70211\" title=\"In a single day, Petr\u00f3polis recorded all the rain expected for the entire month of February. Photo: T\u00e2nia R\u00eago \/ Ag\u00eancia Brasil\" src=\"https:\/\/rioonwatch.org\/wp-content\/uploads\/2022\/04\/mudancas-climaticas-3.jpeg\" alt=\"\" width=\"670\" height=\"401\" srcset=\"https:\/\/rioonwatch.org\/wp-content\/uploads\/2022\/04\/mudancas-climaticas-3.jpeg 1170w, https:\/\/rioonwatch.org\/wp-content\/uploads\/2022\/04\/mudancas-climaticas-3-620x371.jpeg 620w, https:\/\/rioonwatch.org\/wp-content\/uploads\/2022\/04\/mudancas-climaticas-3-1051x629.jpeg 1051w, https:\/\/rioonwatch.org\/wp-content\/uploads\/2022\/04\/mudancas-climaticas-3-768x459.jpeg 768w\" sizes=\"(max-width: 670px) 100vw, 670px\" \/><\/a><figcaption id=\"caption-attachment-70211\" class=\"wp-caption-text\">In a single day, Petr\u00f3polis recorded all the rain expected for the entire month of February. Photo: T\u00e2nia R\u00eago \/ Ag\u00eancia Brasil<\/figcaption><\/figure>\n<p>The professor believes that the phenomenon that occurred in Petr\u00f3polis in February is not uncommon and is the result of a combination of meteorological, geographical and structural factors. The wind dragged hot, humid air from the ocean to Rio&#8217;s metropolitan region and, once there, near the altitude of Petr\u00f3polis, it rose. &#8220;By the time this hot, humid air is forced to rise due to the hills, it can form massive clouds and cause a lot of rain. So, we were already expecting precipitation in Petr\u00f3polis. What we can&#8217;t really predict is how much rain will fall.&#8221; Also, according to the professor, storms usually form at one point and move to another, but what happened in February in Petr\u00f3polis was different: &#8220;the storm did not move, so all the rain fell on that one [specific] region while it practically did not rain in other nearby cities,&#8221; explained the professor.<\/p>\n<h3>The Storm May Be the Same, But Not the Boat<\/h3>\n<p>The relationship between climate change and its effects on the peripheries is influenced by various factors, from global warming to public policies that mitigate or ignore the potential consequences of such storms on the most vulnerable. My name is Aline Marieta, I am an architect and urban planner, specialized in interior design and environmental comfort. I grew up in the favelas of Complexo da Mar\u00e9 and it is from my home perspective that I discuss the role of urban infrastructure for our analysis.<\/p>\n<p>The deaths and material losses caused by extreme weather events affect the most vulnerable populations more intensely: those who live in peripheries, in regions more susceptible to landslides and floods, and areas near slopes and rivers. As Carneiro reminds us, &#8220;they occupy these spaces because that&#8217;s where they can afford to live.&#8221; Sometimes, it is also the place where the family has always lived, where the person grew up and established their material and symbolic roots. This is often because it was the only spot available for settlement\u2014<a href=\"http:\/\/bit.ly\/2H2ku9k\" target=\"_blank\" rel=\"noopener\">precisely because of its vulnerability<\/a>\u2014back when it was formed.<\/p>\n<p>In these places, even if there were no one living there, landslides would occur naturally with heavy rainfall. There could be mass movements or even floods. According to Professor Carneiro, &#8220;these are spots that should not be inhabited, but thousands of people live in these areas and are at risk of losing their lives when such an event happens.&#8221; In time, <a href=\"http:\/\/bit.ly\/2H2ku9k\" target=\"_blank\" rel=\"noopener\">some improve the conditions of the area<\/a>, making it more habitable, but not necessarily to the point of ensuring its safety.<\/p>\n<blockquote><p>&#8220;The most vulnerable populations will always suffer more because they have less money to get back on their feet. For example, a hurricane hitting Miami has very different consequences from those hitting the Dominican Republic, Haiti, or Cuba. The hurricane might have the same intensity, but the population would be affected differently in relation to vulnerability, of having nowhere to go&#8230; So, it ends up being an unfair event, like so many others that we unfortunately notice in our society.&#8221; \u2014 Monica Carneiro<\/p><\/blockquote>\n<figure id=\"attachment_70214\" aria-describedby=\"caption-attachment-70214\" style=\"width: 670px\" class=\"wp-caption aligncenter\"><a href=\"https:\/\/rioonwatch.org\/wp-content\/uploads\/2022\/04\/mudancas-climaticas-4.jpeg\"><img loading=\"lazy\" decoding=\"async\" class=\"wp-image-70214\" title=\"Morro da Oficina, in Petr\u00f3polis, was one of the hardest hit by the storms. Photo: T\u00e2nia R\u00eago \/ Ag\u00eancia Brasil\" src=\"https:\/\/rioonwatch.org\/wp-content\/uploads\/2022\/04\/mudancas-climaticas-4.jpeg\" alt=\"\" width=\"670\" height=\"446\" srcset=\"https:\/\/rioonwatch.org\/wp-content\/uploads\/2022\/04\/mudancas-climaticas-4.jpeg 770w, https:\/\/rioonwatch.org\/wp-content\/uploads\/2022\/04\/mudancas-climaticas-4-620x413.jpeg 620w, https:\/\/rioonwatch.org\/wp-content\/uploads\/2022\/04\/mudancas-climaticas-4-768x512.jpeg 768w\" sizes=\"(max-width: 670px) 100vw, 670px\" \/><\/a><figcaption id=\"caption-attachment-70214\" class=\"wp-caption-text\">Morro da Oficina, in Petr\u00f3polis, was one of the hardest hit by the storms. Photo: T\u00e2nia R\u00eago \/ Ag\u00eancia Brasil<\/figcaption><\/figure>\n<p>Some of these events are unexpected, but many could be avoided or have mitigated consequences. The <a href=\"http:\/\/bit.ly\/2PCKPOc\" target=\"_blank\" rel=\"noopener\">siren alert system<\/a>, deployed in several communities in the state of Rio de Janeiro, aims to help residents grasp when they should leave their homes in search of a safe spot. However, to be an effective measure, it needs organization and infrastructure, or people will have nowhere to go when the siren goes off.<\/p>\n<p>Public policies should be established to assist the population, especially the most vulnerable. If rains are increasingly intense, it would be necessary to rethink road drainage systems, for example. That is mitigating consequences. At this current stage in the global climate emergency, <a href=\"https:\/\/bit.ly\/3rp36lo\" target=\"_blank\" rel=\"noopener\">we need concrete actions<\/a> on two fronts: reduction of greenhouse gas emissions, to halt the worsening of the scenario; and the planning and adaptation of States, to protect the population, reduce losses and recover more easily and quickly after an extreme event.<\/p>\n<p>There are a few mechanisms available to help the population deal with these situations, but few know of their existence, much less how to access them. An example of this is Brazilian federal <a href=\"https:\/\/bit.ly\/3uccpF2\" target=\"_blank\" rel=\"noopener\">Law 11,888<\/a>, from December 2008, which provides low-income families with free public technical assistance for housing design and construction. Article 2 of this law says that assistance &#8220;covers all activities involving the design, monitoring and execution of the work being carried out by professionals in the areas of architecture, urban planning and engineering necessary for the home&#8217;s construction, renovation, expansion or land regularization.&#8221; This law is an example of a proposal to mitigate the damage caused by extreme weather events by ensuring greater structural security for homes. The measure, however, runs up against the public&#8217;s lack of knowledge of its existence and, above all, ignorance or political ill will to implement it in the municipalities through each city\u2019s housing departments. Not only do we need to fight for legislation like this, but we need to pressure public agencies to truly implement it.<\/p>\n<p>Extreme heat, prolonged and severe droughts, more intense rains, the extinction of species and difficulty in growing crops are some of the consequences that the country will face by 2050 if nothing is done. This information is part of the scenario analyses contained in the <a href=\"https:\/\/bit.ly\/3Nc7rkl\" target=\"_blank\" rel=\"noopener\">6th Assessment Report<\/a> of the UN&#8217;s Intergovernmental Panel on Climate Change (<a href=\"https:\/\/bit.ly\/36GYKxZ\" target=\"_blank\" rel=\"noopener\">IPCC<\/a>), released in February 2022. The adaptation of cities is a current need in a scenario where the events imagined as future projections are increasingly near. As a more vulnerable part of cities, favelas and peripheries have specific characteristics and need to be seen as priority.<\/p>\n<p><em>About the author: Aline Marieta, 32, is an architect and urban planner. Born in\u00a0<a href=\"http:\/\/bit.ly\/2KVmAZH\" target=\"_blank\" rel=\"noopener\">S\u00e3o Paulo<\/a>, she was raised in the favelas of Rio\u2019s North Zone and now lives in Complexo da Mar\u00e9. She is the creator of\u00a0<a href=\"http:\/\/bit.ly\/3qAo7Wp\" target=\"_blank\" rel=\"noopener\">@edificandodecoracao<\/a>\u00a0and a member of the collective\u00a0<a href=\"http:\/\/bit.ly\/2IrPdgy\" target=\"_blank\" rel=\"noopener\">Eco Mar\u00e9<\/a>, which aims to take environmental themes to the favela and raise awareness of their importance among residents.<\/em><\/p>\n<hr \/>\n<h4>Support RioOnWatch\u2019s tireless, critical and cutting-edge hyperlocal journalism, online community organizing meetings, and direct support to favelas\u00a0<a href=\"http:\/\/bit.ly\/FavelaCovidResponse\" target=\"_blank\" rel=\"noopener\">by clicking here<\/a>.<\/h4>\n","protected":false},"excerpt":{"rendered":"<div class=\"mh-excerpt\"><p>Clique aqui para Portugu\u00eas This is our latest article in\u00a0a\u00a0series\u00a0created in partnership with the\u00a0Behner Stiefel Center for Brazilian Studies\u00a0at San Diego State University, to produce articles for the\u00a0Digital Brazil Project\u00a0on\u00a0climate impacts and affirmative action in <a class=\"mh-excerpt-more\" href=\"https:\/\/rioonwatch.org\/?p=70177\" title=\"What Does Rain Have to Do With Climate Change and How Does All This Affect Rio de Janeiro\u2019s Favelas?\">[&#8230;]<\/a><\/p>\n<\/div>","protected":false},"author":245,"featured_media":70187,"comment_status":"closed","ping_status":"closed","sticky":false,"template":"","format":"standard","meta":{"_monsterinsights_skip_tracking":false,"_monsterinsights_sitenote_active":false,"_monsterinsights_sitenote_note":"","_monsterinsights_sitenote_category":0,"footnotes":""},"categories":[1854,1288,1328,335,329,452,336],"tags":[1027,2006,472,3406,280,2436,78,182,151,354,673,820,387,37,664,301,13,12,3011,156],"writer":[3310],"translator":[3348],"illustrator":[],"photographer":[],"class_list":{"0":"post-70177","1":"post","2":"type-post","3":"status-publish","4":"format-standard","5":"has-post-thumbnail","7":"category-housingwatch","8":"category-highlight","9":"category-by-community-contributors","10":"category-policies","11":"category-solutions","12":"category-rio20","13":"category-violations","14":"tag-area-of-risk-designation","15":"tag-civil-defense","16":"tag-climate-change","17":"tag-climate-justice","18":"tag-complexo-da-mare","19":"tag-environmental-justice","20":"tag-floods","21":"tag-government-neglect","22":"tag-landslide-risk","23":"tag-law","24":"tag-misplaced-public-priorities","25":"tag-morro-do-bumba","26":"tag-morro-dos-macacos","27":"tag-north-zone","28":"tag-prazeres","29":"tag-public-policy","30":"tag-rain","31":"tag-rocinha","32":"tag-series-human-rights-with-support-from-the-behner-stiefel-center-at-sdsu","33":"tag-south-zone","34":"writer-aline-marieta","35":"translator-annie-swank"},"_links":{"self":[{"href":"https:\/\/rioonwatch.org\/index.php?rest_route=\/wp\/v2\/posts\/70177","targetHints":{"allow":["GET"]}}],"collection":[{"href":"https:\/\/rioonwatch.org\/index.php?rest_route=\/wp\/v2\/posts"}],"about":[{"href":"https:\/\/rioonwatch.org\/index.php?rest_route=\/wp\/v2\/types\/post"}],"author":[{"embeddable":true,"href":"https:\/\/rioonwatch.org\/index.php?rest_route=\/wp\/v2\/users\/245"}],"replies":[{"embeddable":true,"href":"https:\/\/rioonwatch.org\/index.php?rest_route=%2Fwp%2Fv2%2Fcomments&post=70177"}],"version-history":[{"count":0,"href":"https:\/\/rioonwatch.org\/index.php?rest_route=\/wp\/v2\/posts\/70177\/revisions"}],"wp:featuredmedia":[{"embeddable":true,"href":"https:\/\/rioonwatch.org\/index.php?rest_route=\/wp\/v2\/media\/70187"}],"wp:attachment":[{"href":"https:\/\/rioonwatch.org\/index.php?rest_route=%2Fwp%2Fv2%2Fmedia&parent=70177"}],"wp:term":[{"taxonomy":"category","embeddable":true,"href":"https:\/\/rioonwatch.org\/index.php?rest_route=%2Fwp%2Fv2%2Fcategories&post=70177"},{"taxonomy":"post_tag","embeddable":true,"href":"https:\/\/rioonwatch.org\/index.php?rest_route=%2Fwp%2Fv2%2Ftags&post=70177"},{"taxonomy":"writer","embeddable":true,"href":"https:\/\/rioonwatch.org\/index.php?rest_route=%2Fwp%2Fv2%2Fwriter&post=70177"},{"taxonomy":"translator","embeddable":true,"href":"https:\/\/rioonwatch.org\/index.php?rest_route=%2Fwp%2Fv2%2Ftranslator&post=70177"},{"taxonomy":"illustrator","embeddable":true,"href":"https:\/\/rioonwatch.org\/index.php?rest_route=%2Fwp%2Fv2%2Fillustrator&post=70177"},{"taxonomy":"photographer","embeddable":true,"href":"https:\/\/rioonwatch.org\/index.php?rest_route=%2Fwp%2Fv2%2Fphotographer&post=70177"}],"curies":[{"name":"wp","href":"https:\/\/api.w.org\/{rel}","templated":true}]}}