{"id":70892,"date":"2022-08-22T10:58:35","date_gmt":"2022-08-22T13:58:35","guid":{"rendered":"https:\/\/rioonwatch.org\/?p=70892"},"modified":"2022-08-24T09:17:15","modified_gmt":"2022-08-24T12:17:15","slug":"five-years-later-little-has-changed-in-the-circumstances-faced-by-congolese-refugees-in-greater-rio-de-janeiro","status":"publish","type":"post","link":"https:\/\/rioonwatch.org\/?p=70892","title":{"rendered":"Five Years Later, Little Has Changed in the Circumstances Faced by Congolese Refugees in Greater Rio de Janeiro"},"content":{"rendered":"<p style=\"text-align: right;\"><a href=\"https:\/\/bit.ly\/3liKiAl\" target=\"_blank\" rel=\"noopener\"><em>Clique aqui para Portugu\u00eas<img decoding=\"async\" class=\"alignright size-full wp-image-23766\" src=\"https:\/\/www.rioonwatch.org\/wp-content\/uploads\/2012\/08\/PT-e1439583827971.png\" width=\"20\" height=\"20\" \/><\/em><\/a><\/p>\n<p><span style=\"font-weight: 400;\">In 2017, the municipality of <\/span><a href=\"http:\/\/bit.ly\/2Zrt2vo\" target=\"_blank\" rel=\"noopener\"><span style=\"font-weight: 400;\">Duque de Caxias<\/span><\/a><span style=\"font-weight: 400;\">, in <a href=\"https:\/\/bit.ly\/3BU6qIc\" target=\"_blank\" rel=\"noopener\">Greater Rio de Janeiro<\/a>, created the Division of Special Affairs (DAE) within its <\/span><a href=\"https:\/\/bit.ly\/3wUwMK3\" target=\"_blank\" rel=\"noopener\"><span style=\"font-weight: 400;\">Municipal Secretariat for Social Assistance and Human Rights<\/span><\/a><span style=\"font-weight: 400;\">. The DAE was specifically created to serve the close to <\/span><a href=\"https:\/\/glo.bo\/2yrVSj1\" target=\"_blank\" rel=\"noopener\"><span style=\"font-weight: 400;\">60 African refugee families<\/span><\/a><span style=\"font-weight: 400;\"> who\u2014according to the Catholic charity <a href=\"http:\/\/bit.ly\/2iiXcRn\" target=\"_blank\" rel=\"noopener\">Pares C\u00e1ritas-RJ<\/a><\/span><span style=\"font-weight: 400;\">\u2014found themselves on the streets of the <\/span><a href=\"http:\/\/bit.ly\/2MT6y5n\" target=\"_blank\" rel=\"noopener\"><span style=\"font-weight: 400;\">Gramacho<\/span><\/a><span style=\"font-weight: 400;\"> neighborhood starting in 2014. In 2017, <\/span><a href=\"http:\/\/bit.ly\/2yc7PIX\" target=\"_blank\" rel=\"noopener\"><i><span style=\"font-weight: 400;\">RioOnWatch<\/span><\/i><span style=\"font-weight: 400;\"> spoke with two women seeking refuge<\/span><\/a><span style=\"font-weight: 400;\"> living in Gramacho: Dorcas Marta Lituanga from <\/span><a href=\"https:\/\/bit.ly\/3uJiZly\" target=\"_blank\" rel=\"noopener\"><span style=\"font-weight: 400;\">Angola<\/span><\/a><span style=\"font-weight: 400;\"> and Christine Kamba from the <\/span><a href=\"https:\/\/bit.ly\/3ywhyLQ\" target=\"_blank\" rel=\"noopener\"><span style=\"font-weight: 400;\">Democratic Republic of the <\/span><span style=\"font-weight: 400;\">Congo<\/span><\/a><span style=\"font-weight: 400;\"> (DRC), about how the immigration and refuge-seeking process had been, as well as how they were adapting to Brazil. Five years later, we spoke again with Christine Kamba, now 32, who recounted what has happened since our last conversation. We also met Makela Mbla Salazar, a 31-year-old physical therapist and Caxias resident from the DRC.\u00a0<\/span><\/p>\n<p><span style=\"font-weight: 400;\">Kamba said that in the last four years, she has only been able to obtain a temporary immigration document from the Brazilian government. The document, called the Provisional National Migration Registration Card (<\/span><a href=\"https:\/\/bit.ly\/3I92GpJ\" target=\"_blank\" rel=\"noopener\"><span style=\"font-weight: 400;\">DPRNM<\/span><\/a><span style=\"font-weight: 400;\">), is issued by the Federal Police (<\/span><a href=\"https:\/\/bit.ly\/36eQCAr\" target=\"_blank\" rel=\"noopener\"><span style=\"font-weight: 400;\">PF<\/span><\/a><span style=\"font-weight: 400;\">) and <\/span><span style=\"font-weight: 400;\">is valid while the request is being processed with the National Committee for Refugees <\/span><span style=\"font-weight: 400;\">(<\/span><a href=\"https:\/\/bit.ly\/3nK9mkZ\" target=\"_blank\" rel=\"noopener\"><span style=\"font-weight: 400;\">CONARE<\/span><\/a><span style=\"font-weight: 400;\">). According to the <\/span><a href=\"https:\/\/bit.ly\/36X1yH3\" target=\"_blank\" rel=\"noopener\"><span style=\"font-weight: 400;\">Ministry of Justice and Public Security<\/span><\/a><span style=\"font-weight: 400;\"> website, the residence permit is granted to an immigrant who intends to work or reside in Brazil\u2014either temporarily or permanently\u2014after meeting the special provisions outlined by Brazilian Migration Law.<\/span><\/p>\n<p><span style=\"font-weight: 400;\">With their status as refugees regularized, and with every annual update, questions such as whether their whole family is included in government housing programs can be addressed in consultation with the local <a href=\"https:\/\/bit.ly\/3QIn8RO\" target=\"_blank\" rel=\"noopener\">Public Defender\u2019s Office<\/a>, where concerns about various rights are consolidated and addressed accordingly. Among these rights are included access to documentation as guaranteed by legislation: the National Registry of Foreigners (<\/span><a href=\"https:\/\/bit.ly\/3QZQj38\" target=\"_blank\" rel=\"noopener\"><span style=\"font-weight: 400;\">RNE<\/span><\/a><span style=\"font-weight: 400;\">); the Individual Taxpayer Identification (<\/span><a href=\"https:\/\/bit.ly\/3npQZkO\" target=\"_blank\" rel=\"noopener\"><span style=\"font-weight: 400;\">CPF<\/span><\/a><span style=\"font-weight: 400;\">); a work permit and passport for foreigners (for trips CONARE has previously authorized); and requesting permanent residency after living in the country for four years as a refugee with stable housing. However, Kamba said that she was never called by the Federal Police to be evaluated and, thus, have her refugee status determined.<\/span><\/p>\n<h3><b>Threats from Possible Militiamen<\/b><\/h3>\n<p><span style=\"font-weight: 400;\">Even though her two children, aged 3 and 6, were born in Brazil and are thus Brazilian, Kamba reported that her husband Mbuta Kuwa, 42\u2014also from the DRC\u2014faced numerous obstacles in obtaining his DPRNM. Kamba said that Kuwa was employed at a gas station, but had to flee from an attempted assault by a customer who wanted to use the bathroom when it was out of order. On May 5, 2019, the police were called to de-escalate the conflict. Sccording to Kamba\u2019s husband, the customer became more violent when he learned that Kuwa was a refugee. Kamba thought that based on the customer\u2019s aggression, it was possible that he was a member of Rio de Janeiro&#8217;s off-duty police gang, known as the militia. Kuwa even filed a report at a nearby police station, but was \u201cadvised\u201d to withdraw the allegation.\u00a0\u00a0<\/span><\/p>\n<p><span style=\"font-weight: 400;\">\u201cWe were very scared because the gas station had our phone numbers and our address, where we lived. The attempted assault was recorded on the gas station&#8217;s CCTV, but management refused to hand over the images to the police. The gas station\u2019s owners forced my husband to resign,\u201d said Kamba.<\/span><\/p>\n<p><span style=\"font-weight: 400;\">And she did not stop there.\u00a0<\/span><\/p>\n<p><span style=\"font-weight: 400;\">\u201cTwo weeks later, the owner of the apartment where we were staying in Gramacho said that unknown individuals were looking for Kuwa, showing pictures of him. They looked like militiamen,\u201d Kamba emphasized.\u00a0<\/span><\/p>\n<p><a href=\"https:\/\/rioonwatch.org\/wp-content\/uploads\/2022\/08\/Christine-Kamba-hoje-com-32-anos-deixou-o-Brasil-com-seu-marido-tambem-congoles-e-seus-dois-filhos-brasileiros-para-se-refugiar-no-Canada-onde-se-sentem-realmente-acolhidos..jpeg\"><img fetchpriority=\"high\" decoding=\"async\" class=\"aligncenter wp-image-71626 size-full\" title=\"Christine Kamba hoje com 32 anos deixou o Brasil com seu marido, tamb\u00e9m congol\u00eas, e seus dois filhos brasileiros para se refugiar no Canad\u00e1 onde se sentem realmente acolhidos.\" src=\"https:\/\/rioonwatch.org\/wp-content\/uploads\/2022\/08\/Christine-Kamba-hoje-com-32-anos-deixou-o-Brasil-com-seu-marido-tambem-congoles-e-seus-dois-filhos-brasileiros-para-se-refugiar-no-Canada-onde-se-sentem-realmente-acolhidos..jpeg\" alt=\"Christine Kamba hoje com 32 anos deixou o Brasil com seu marido, tamb\u00e9m congol\u00eas, e seus dois filhos brasileiros para se refugiar no Canad\u00e1 onde se sentem realmente acolhidos.\" width=\"768\" height=\"972\" srcset=\"https:\/\/rioonwatch.org\/wp-content\/uploads\/2022\/08\/Christine-Kamba-hoje-com-32-anos-deixou-o-Brasil-com-seu-marido-tambem-congoles-e-seus-dois-filhos-brasileiros-para-se-refugiar-no-Canada-onde-se-sentem-realmente-acolhidos..jpeg 768w, https:\/\/rioonwatch.org\/wp-content\/uploads\/2022\/08\/Christine-Kamba-hoje-com-32-anos-deixou-o-Brasil-com-seu-marido-tambem-congoles-e-seus-dois-filhos-brasileiros-para-se-refugiar-no-Canada-onde-se-sentem-realmente-acolhidos.-490x620.jpeg 490w, https:\/\/rioonwatch.org\/wp-content\/uploads\/2022\/08\/Christine-Kamba-hoje-com-32-anos-deixou-o-Brasil-com-seu-marido-tambem-congoles-e-seus-dois-filhos-brasileiros-para-se-refugiar-no-Canada-onde-se-sentem-realmente-acolhidos.-497x629.jpeg 497w\" sizes=\"(max-width: 768px) 100vw, 768px\" \/><\/a><\/p>\n<p><span style=\"font-weight: 400;\">Now living in Qu\u00e9bec, Canada, Kamba says she feels safer. According to her, the agency that monitors the entry and residency of refugees in Canada cares for the well-being of its newest inhabitants and does not merely focus on oppressive surveillance.\u00a0<\/span><\/p>\n<blockquote><p><span style=\"font-weight: 400;\">\u201cWe have dignity and respect here [in Canada]. I rent a three-bedroom house working as a caregiver for the elderly.\u201d \u2014 Christine Kamba<\/span><\/p><\/blockquote>\n<p><span style=\"font-weight: 400;\">A Congolese mother of two Brazilians, Kamba said that based on her experience in Canada, she wants to pursue her biggest dream: becoming a nurse.<\/span><\/p>\n<h3><b>\u201cThe Racism within Racism\u201d and Xenophobia\u00a0<\/b><\/h3>\n<p><span style=\"font-weight: 400;\">Makela Mbla Salazar, 31\u2014born in <\/span><a href=\"https:\/\/bit.ly\/3OwDWdz\" target=\"_blank\" rel=\"noopener\"><span style=\"font-weight: 400;\">Kinshasa<\/span><\/a><span style=\"font-weight: 400;\">, the capital of the <a href=\"https:\/\/bit.ly\/3Jc1C3F\" target=\"_blank\" rel=\"noopener\">DRC<\/a>\u2014studied and has a degree in physical therapy. Yet, despite his training as a physical therapist, he has been working for four years in a supermarket in Duque de Caxias. Salazar loves soccer and supports the <\/span><a href=\"https:\/\/bit.ly\/36yWXvd\"><span style=\"font-weight: 400;\">TP Mazembe<\/span><\/a><span style=\"font-weight: 400;\"> soccer club from the <\/span><a href=\"https:\/\/bit.ly\/3brSufG\" target=\"_blank\" rel=\"noopener\"><span style=\"font-weight: 400;\">Lubumbashi<\/span><\/a><span style=\"font-weight: 400;\"> Province; his team played in the <\/span><a href=\"https:\/\/bit.ly\/3npCUEf\" target=\"_blank\" rel=\"noopener\"><span style=\"font-weight: 400;\">FIFA Club World Cup<\/span><\/a><span style=\"font-weight: 400;\">, reaching the finals twice.<\/span><\/p>\n<p><a href=\"https:\/\/rioonwatch.org\/wp-content\/uploads\/2022\/06\/Makela-Mbla-Salazar-31-anos-nascido-em-Kinshasa-capital-da-Republica-Democratica-do-Congo-estudou-e-se-formou-em-fisioterapia.-scaled-1.jpg\"><img decoding=\"async\" class=\"aligncenter wp-image-70904\" title=\"Born in Kinshasa, capital of the DRC, 31-year-old Makela Mbla Salazar studied and graduated with a degree in physical therapy. The political persecution perpetrated by President Joseph Kabila made Salazar become a refugee. \" src=\"https:\/\/rioonwatch.org\/wp-content\/uploads\/2022\/06\/Makela-Mbla-Salazar-31-anos-nascido-em-Kinshasa-capital-da-Republica-Democratica-do-Congo-estudou-e-se-formou-em-fisioterapia.-scaled-1.jpg\" alt=\"\" width=\"670\" height=\"503\" srcset=\"https:\/\/rioonwatch.org\/wp-content\/uploads\/2022\/06\/Makela-Mbla-Salazar-31-anos-nascido-em-Kinshasa-capital-da-Republica-Democratica-do-Congo-estudou-e-se-formou-em-fisioterapia.-scaled-1.jpg 2560w, https:\/\/rioonwatch.org\/wp-content\/uploads\/2022\/06\/Makela-Mbla-Salazar-31-anos-nascido-em-Kinshasa-capital-da-Republica-Democratica-do-Congo-estudou-e-se-formou-em-fisioterapia.-scaled-1-620x465.jpg 620w, https:\/\/rioonwatch.org\/wp-content\/uploads\/2022\/06\/Makela-Mbla-Salazar-31-anos-nascido-em-Kinshasa-capital-da-Republica-Democratica-do-Congo-estudou-e-se-formou-em-fisioterapia.-scaled-1-839x629.jpg 839w, https:\/\/rioonwatch.org\/wp-content\/uploads\/2022\/06\/Makela-Mbla-Salazar-31-anos-nascido-em-Kinshasa-capital-da-Republica-Democratica-do-Congo-estudou-e-se-formou-em-fisioterapia.-scaled-1-768x576.jpg 768w, https:\/\/rioonwatch.org\/wp-content\/uploads\/2022\/06\/Makela-Mbla-Salazar-31-anos-nascido-em-Kinshasa-capital-da-Republica-Democratica-do-Congo-estudou-e-se-formou-em-fisioterapia.-scaled-1-678x509.jpg 678w, https:\/\/rioonwatch.org\/wp-content\/uploads\/2022\/06\/Makela-Mbla-Salazar-31-anos-nascido-em-Kinshasa-capital-da-Republica-Democratica-do-Congo-estudou-e-se-formou-em-fisioterapia.-scaled-1-326x245.jpg 326w, https:\/\/rioonwatch.org\/wp-content\/uploads\/2022\/06\/Makela-Mbla-Salazar-31-anos-nascido-em-Kinshasa-capital-da-Republica-Democratica-do-Congo-estudou-e-se-formou-em-fisioterapia.-scaled-1-80x60.jpg 80w\" sizes=\"(max-width: 670px) 100vw, 670px\" \/><\/a><\/p>\n<p><span style=\"font-weight: 400;\">During the last presidential election in the DRC, Salazar belonged to the opposition, against the government of then-President <\/span><a href=\"https:\/\/bit.ly\/3ONwNFp\" target=\"_blank\" rel=\"noopener\"><span style=\"font-weight: 400;\">Joseph Kabila<\/span><\/a><span style=\"font-weight: 400;\">, who has been in power for over 20 years. Salazar\u2019s candidate, <\/span><a href=\"https:\/\/bit.ly\/3I1bEFo\" target=\"_blank\" rel=\"noopener\"><span style=\"font-weight: 400;\">Mo\u00efse Katumbi<\/span><\/a><span style=\"font-weight: 400;\">\u2014Kabila&#8217;s rival\u2014was not elected because he was accused of plotting a coup against the government. Katumbi was called to give an explanation to the Ministry of Justice; he was subsequently<\/span> <span style=\"font-weight: 400;\"><a href=\"https:\/\/bit.ly\/3QWDiHK\" target=\"_blank\" rel=\"noopener\">arrested and expelled<\/a> from the country<\/span><span style=\"font-weight: 400;\">. Numerous other political opponents of Joseph Kabila, including Salazar, were arrested and sought refuge in other countries. However, countless others who lacked the means to leave or chose to remain in the DRC were arrested as coup plotters.<\/span><\/p>\n<p><span style=\"font-weight: 400;\">\u201cI was lucky that I knew some people from the police who warned me that if I didn&#8217;t make it out of the country, I would be killed,\u201d explains Salazar.<\/span><\/p>\n<p><span style=\"font-weight: 400;\">Thanks to bribes, the guards helped members of the opposition escape. They went to neighboring Kenya, and then to South Africa. Salazar traveled covertly\u2014aboard \u201ca ship full of containers\u201d as he describes it\u2014for 28 days without knowing where he was going. He ended up disembarking at the port of Santos, S\u00e3o Paulo, without knowing a word of Portuguese and without a destination. In order to leave the ship and not be mistaken for a stowaway, one of the crew members lent him a life jacket. Another crew member advised him to go to Rio; he knew of a reception center for someone in Salazar\u2019s situation. A third one paid the bus ticket to the Novo Rio bus station, where he slept for a few days. There, he was mistaken for a panhandler, until one person realized Salazar\u2019s difficulty to communicate in Portuguese.<\/span><\/p>\n<p><span style=\"font-weight: 400;\">He was taken to Caritas International, whose Rio headquarters is located in <\/span><a href=\"http:\/\/bit.ly\/1VpTl1k\" target=\"_blank\" rel=\"noopener\"><span style=\"font-weight: 400;\">Maracan\u00e3<\/span><\/a><span style=\"font-weight: 400;\">. After waiting four hours, Salazar was informed that there were no vacancies in the temporary shelter where he was supposed to stay. He was then sent to another shelter, in the central train station, whose primary occupants were experiencing homelessness. After these misadventures, delays, and bureaucracy, Salazar managed to obtain most of the documentation needed to establish permanent residency in Brazil in 2020. He still lacks the authorization to practice his original occupation\u2014physical therapy. Because all of his documents were left in the DRC, Salazar will have to start his education over again, from scratch. He will soon get his high school equivalency and enter college by taking the National High School Exam, the Enem.\u00a0\u00a0<\/span><\/p>\n<p><span style=\"font-weight: 400;\">Like so many refugees from the DRC and other African nations, Salazar experienced underemployment, informal labor, and strenuous work hours. However, what was most painful in his entire journey thus far was the racial prejudice he faced from his own black co-workers, in the supermarket where he worked. He says that he was surprised by numerous xenophobic racist incidents inflicted onto him by those who have historically always suffered the consequences of racism: black Brazilians.<\/span><\/p>\n<blockquote><p><span style=\"font-weight: 400;\">\u201cFor a long time I had lunch alone. People looked at me with suspicion. Nobody wanted to sit next to me, just because I&#8217;m African. I was asked what pets I left in Africa, if I had an elephant, if I lived in the jungle. It seems that there is an inferiority complex, that I, as a foreigner, am trying to steal Brazilians&#8217; jobs. But I need to survive too. I&#8217;ve never worked in a supermarket, but I wanted to learn! It was like suffering the racism of racism.\u201d \u2014 Makela Mbla Salazar\u00a0\u00a0\u00a0<\/span><\/p><\/blockquote>\n<p><span style=\"font-weight: 400;\">Upon his arrival in Brazil, Salazar had been incommunicado with his family for over a year. His father even thought that his son was dead, because in conflict regions, many people disappear\u2014never to return. Later, death once again crossed the path of Brazil\u2019s Congolese community and Salazar. His acquaintance <\/span><a href=\"https:\/\/bit.ly\/3LERO4q\" target=\"_blank\" rel=\"noopener\"><span style=\"font-weight: 400;\">Mo\u00efse Kabagambe<\/span><\/a><span style=\"font-weight: 400;\">, who came to Brazil in 2014 with his mother and brothers\u2014also as a political refugee escaping war and hunger\u2014was murdered on the beach of <\/span><a href=\"http:\/\/bit.ly\/2XMIfdq\" target=\"_blank\" rel=\"noopener\"><span style=\"font-weight: 400;\">Barra da Tijuca<\/span><\/a><span style=\"font-weight: 400;\">, in Rio\u2019s West Zone. He worked at a kiosk near beachfront Post 8, where he was paid a daily wage. When collecting on two days of unpaid work, he was brutally beaten to death in a crime that carried <a href=\"https:\/\/bit.ly\/3QRimBm\" target=\"_blank\" rel=\"noopener\">international repercussions<\/a>.\u00a0<\/span><\/p>\n<p><span style=\"font-weight: 400;\">\u201cI met Mo\u00efse at a party celebrating Congo&#8217;s independence on June 30. I met up with him at least 20 times after arriving here in Rio. He was a guy that everyone liked, very lively. He was very popular at every party he went to,\u201d says Salazar.\u00a0<\/span><\/p>\n<p>Also interviewed in 2017, Mariza Reis Almeida works for Saint Anthony Parish Social Assistance (<a class=\"c-link\" tabindex=\"-1\" href=\"https:\/\/bit.ly\/3uHK5Lb\" target=\"_blank\" rel=\"noopener noreferrer\" data-stringify-link=\"https:\/\/bit.ly\/3uHK5Lb\" data-sk=\"tooltip_parent\" data-remove-tab-index=\"true\">ASPAS<\/a>) in Duque de Caxias, which is the organization responsible for assisting refugees in Greater Rio\u2019s\u00a0<a class=\"c-link\" tabindex=\"-1\" href=\"http:\/\/bit.ly\/2XQQdyV\" target=\"_blank\" rel=\"noopener noreferrer\" data-stringify-link=\"http:\/\/bit.ly\/32JVvht\" data-sk=\"tooltip_parent\" data-remove-tab-index=\"true\">Baixada Fluminense<\/a> region. Today, she acknowledges that referring refugees, especially those of African origin, to less subordinate jobs still remains a difficult task. Although there are workshops on resum\u00e9 building and interview preparation, in addition to information on hiring processes disseminated via WhatsApp, Almeida says that due to the pandemic, there are fewer in-person interviews happening, which only makes it more difficult to meet the demand of African refugees who are seeking higher-skilled jobs.<\/p>\n<blockquote><p><span style=\"font-weight: 400;\">\u201cThere are several barriers, starting with language, which is a complicating element in communication for a job interview, because it involves, among other things, understanding what the job function is.\u201d \u2014 Mariza Reis Almeida<\/span><\/p><\/blockquote>\n<p><span style=\"font-weight: 400;\">She also shares that companies are not often welcoming. These workplaces have extreme difficulty in dealing with the diversity that new employees bring. There is often little to no understanding of the types of documents that consider foreigners to be refugees. To further complicate matters, there is a lack of knowledge about the legislation that protects refugees; there is also a lot of mistrust about how or why refugees have ended up in Brazil to begin with. This results in refugees being denied their rights\u2014they are criminalized and repeatedly become victims of Brazilian <a href=\"https:\/\/bit.ly\/3ryLPpD\" target=\"_blank\" rel=\"noopener\">xenophobia and racism<\/a>.<\/span><\/p>\n<p><em>Article written by Fabio Leon and produced in a partnership between RioOnWatch and\u00a0<a href=\"https:\/\/bit.ly\/3cZ2CZe\" target=\"_blank\" rel=\"noopener\">Forum Grita Baixada<\/a>. Fabio Leon is a journalist, human rights activist, and media advisor with the F\u00f3rum Grita Baixada. F\u00f3rum Grita Baixada is a coalition of civil society organizations and individuals drawn together in support of initiatives directed at human rights and public security, focused on and acting in the Baixada Fluminense region of Greater Rio. Follow F\u00f3rum Grita Baixada&#8217;s <a href=\"http:\/\/bit.ly\/2vwxO06\" target=\"_blank\" rel=\"noopener noreferrer\">Facebook page here<\/a>.<\/em><\/p>\n<hr \/>\n<h4>Support\u00a0RioOnWatch\u2019s tireless, critical and cutting-edge hyperlocal journalism, online community organizing meetings, and direct support to favelas\u00a0<a href=\"http:\/\/bit.ly\/FavelaCovidResponse\" target=\"_blank\" rel=\"noopener\">by clicking here<\/a>.<\/h4>\n","protected":false},"excerpt":{"rendered":"<div class=\"mh-excerpt\"><p>Clique aqui para Portugu\u00eas In 2017, the municipality of Duque de Caxias, in Greater Rio de Janeiro, created the Division of Special Affairs (DAE) within its Municipal Secretariat for Social Assistance and Human Rights. The <a class=\"mh-excerpt-more\" href=\"https:\/\/rioonwatch.org\/?p=70892\" title=\"Five Years Later, Little Has Changed in the Circumstances Faced by Congolese Refugees in Greater Rio de Janeiro\">[&#8230;]<\/a><\/p>\n<\/div>","protected":false},"author":245,"featured_media":70894,"comment_status":"closed","ping_status":"closed","sticky":false,"template":"","format":"standard","meta":{"_monsterinsights_skip_tracking":false,"_monsterinsights_sitenote_active":false,"_monsterinsights_sitenote_note":"","_monsterinsights_sitenote_category":0,"footnotes":""},"categories":[1288,1328,335,336],"tags":[310,311,460,3442,694,428,1197,25,309,1278,878,526,33,69,301,1189,316,1008,3435],"writer":[2495],"translator":[3485],"illustrator":[],"photographer":[],"class_list":{"0":"post-70892","1":"post","2":"type-post","3":"status-publish","4":"format-standard","5":"has-post-thumbnail","7":"category-highlight","8":"category-by-community-contributors","9":"category-policies","10":"category-violations","11":"tag-africa","12":"tag-angola","13":"tag-baixada-fluminense","14":"tag-democratic-republic-of-the-congo","15":"tag-duque-de-caxias","16":"tag-employment","17":"tag-greater-rio","18":"tag-human-rights","19":"tag-immigration","20":"tag-income","21":"tag-international-comparison","22":"tag-jardim-gramacho","23":"tag-militia","24":"tag-public-defenders","25":"tag-public-policy","26":"tag-racism","27":"tag-refugees","28":"tag-right-to-the-city","29":"tag-structural-racism","30":"writer-fabio-leon","31":"translator-ujwala-murthy"},"_links":{"self":[{"href":"https:\/\/rioonwatch.org\/index.php?rest_route=\/wp\/v2\/posts\/70892","targetHints":{"allow":["GET"]}}],"collection":[{"href":"https:\/\/rioonwatch.org\/index.php?rest_route=\/wp\/v2\/posts"}],"about":[{"href":"https:\/\/rioonwatch.org\/index.php?rest_route=\/wp\/v2\/types\/post"}],"author":[{"embeddable":true,"href":"https:\/\/rioonwatch.org\/index.php?rest_route=\/wp\/v2\/users\/245"}],"replies":[{"embeddable":true,"href":"https:\/\/rioonwatch.org\/index.php?rest_route=%2Fwp%2Fv2%2Fcomments&post=70892"}],"version-history":[{"count":0,"href":"https:\/\/rioonwatch.org\/index.php?rest_route=\/wp\/v2\/posts\/70892\/revisions"}],"wp:featuredmedia":[{"embeddable":true,"href":"https:\/\/rioonwatch.org\/index.php?rest_route=\/wp\/v2\/media\/70894"}],"wp:attachment":[{"href":"https:\/\/rioonwatch.org\/index.php?rest_route=%2Fwp%2Fv2%2Fmedia&parent=70892"}],"wp:term":[{"taxonomy":"category","embeddable":true,"href":"https:\/\/rioonwatch.org\/index.php?rest_route=%2Fwp%2Fv2%2Fcategories&post=70892"},{"taxonomy":"post_tag","embeddable":true,"href":"https:\/\/rioonwatch.org\/index.php?rest_route=%2Fwp%2Fv2%2Ftags&post=70892"},{"taxonomy":"writer","embeddable":true,"href":"https:\/\/rioonwatch.org\/index.php?rest_route=%2Fwp%2Fv2%2Fwriter&post=70892"},{"taxonomy":"translator","embeddable":true,"href":"https:\/\/rioonwatch.org\/index.php?rest_route=%2Fwp%2Fv2%2Ftranslator&post=70892"},{"taxonomy":"illustrator","embeddable":true,"href":"https:\/\/rioonwatch.org\/index.php?rest_route=%2Fwp%2Fv2%2Fillustrator&post=70892"},{"taxonomy":"photographer","embeddable":true,"href":"https:\/\/rioonwatch.org\/index.php?rest_route=%2Fwp%2Fv2%2Fphotographer&post=70892"}],"curies":[{"name":"wp","href":"https:\/\/api.w.org\/{rel}","templated":true}]}}