{"id":72060,"date":"2022-09-29T16:30:02","date_gmt":"2022-09-29T19:30:02","guid":{"rendered":"https:\/\/rioonwatch.org\/?p=72060"},"modified":"2022-09-29T16:38:54","modified_gmt":"2022-09-29T19:38:54","slug":"homelessness-in-brazil-went-up-16-read-brazils-presidential-candidates-proposals-to-combat-the-housing-crisis","status":"publish","type":"post","link":"https:\/\/rioonwatch.org\/?p=72060","title":{"rendered":"Homelessness in Brazil Went Up 16%. Read Our Presidential Candidates&#8217; Proposals to Combat the Housing Crisis"},"content":{"rendered":"<p style=\"text-align: right;\"><a href=\"https:\/\/bit.ly\/3dFyDes\" target=\"_blank\" rel=\"noopener\"><span class=\"s1\"><i>Clique aqui para Portugu\u00eas<\/i><\/span><span class=\"s2\"><i><span class=\"Apple-converted-space\"><em><img decoding=\"async\" class=\"alignright size-full wp-image-23766\" src=\"https:\/\/www.rioonwatch.org\/wp-content\/uploads\/2012\/08\/PT-e1439583827971.png\" width=\"20\" height=\"20\" \/><\/em><\/span><\/i><\/span><\/a><\/p>\n<p><span style=\"font-weight: 400;\">Brazil will hold the first round of its 2022 presidential elections this Sunday, October 2. In this special report, <\/span><i><span style=\"font-weight: 400;\">RioOnWatch<\/span><\/i><span style=\"font-weight: 400;\"> compiles<\/span><span style=\"font-weight: 400;\"> the policy proposals of Brazil&#8217;s presidential candidates registered with the Superior Electoral Court (<a href=\"https:\/\/bit.ly\/3SHpsct\" target=\"_blank\" rel=\"noopener\">TSE<\/a>) with regard to the right to housing.<\/span><\/p>\n<p><span style=\"font-weight: 400;\">Despite the <a href=\"https:\/\/bit.ly\/3mr3oVz\" target=\"_blank\" rel=\"noopener\">number of favelas having doubled in Brazil in the last decades<\/a> and a pre-census survey conducted by the Brazilian Institute for Geography and Statistics (<a href=\"http:\/\/bit.ly\/2N99RSB\" target=\"_blank\" rel=\"noopener\">IBGE<\/a>) revealing that there are at least 13,151 favelas across the country\u2019s 743 municipalities, none of Brazil&#8217;s\u00a0<a href=\"https:\/\/bit.ly\/3DTHBj4\" target=\"_blank\" rel=\"noopener\">eleven presidential candidates<\/a> refer to favelas by name in their <a href=\"https:\/\/bit.ly\/3qv4MZ5\" target=\"_blank\" rel=\"noopener\">governance plans registered with the TSE<\/a>.<\/span><\/p>\n<p><span style=\"font-weight: 400;\">The Brazilian Constitution guarantees dignified housing as a component of the guarantee of human dignity (<a href=\"http:\/\/bit.ly\/1lm8lNv\" target=\"_blank\" rel=\"noopener\">article 1, III<\/a>). It figures among the basic human needs that should be ensured by a minimum wage (article 7, IV), and that home construction and improvement programs fall under the joint purview of the federal, states, and municipal governments (article 23, IX). In fact, it is the federal government\u2019s responsibility to establish guidelines for urban development, including housing, among other items (<a href=\"http:\/\/bit.ly\/1lm8lNv\" target=\"_blank\" rel=\"noopener\">article 21, XX<\/a>).<\/span><\/p>\n<p><span style=\"font-weight: 400;\">The data were revealed during the <a href=\"https:\/\/bit.ly\/34GViQb\" target=\"_blank\" rel=\"noopener\">preliminary mapping of \u201csubnormal agglomerations\u201d<\/a> (as the federal government refers to favelas) in preparation for the 2020 Census\u2014later postponed to 2022 due to the world health crisis. According to <a href=\"https:\/\/bit.ly\/3d9UjiM\" target=\"_blank\" rel=\"noopener\">technical notes by IBGE<\/a>:<\/span><\/p>\n<blockquote><p><span style=\"font-weight: 400;\">\u201cThe estimated household data reveals that, despite the phenomenon of the proliferation of precarious housing being commonly associated with Subnormal Agglomerations in big cities such as Rio de Janeiro (19.27%) and S\u00e3o Paulo (12.91%), the phenomenon takes place mostly in small cities such as Vit\u00f3ria do Jari\u2013State of Amap\u00e1 (74%) and other capitals in the North, such as Bel\u00e9m (55.5%) and Manaus (53.37%), and the Northeast, such as Salvador (41.83%). Still in the Southeast, the state of Esp\u00edrito Santo, as well as its capital, Vit\u00f3ria (33.15%) have the second largest estimated percentage of households living in Subnormal Agglomerations on a state scale (26.1%), followed only by Amazonas in the North with 34.59%.\u201d<\/span><\/p><\/blockquote>\n<p><span style=\"font-weight: 400;\">Altogether, 13 presidential candidates were presented to the Superior Electoral Court (TSE), with only 11 candidates still in the running. Roberto Jefferson, from the Brazilian Labor Party (PTB) had his <a href=\"https:\/\/bit.ly\/3QCIYoZ\" target=\"_blank\" rel=\"noopener\">candidacy rejected<\/a> by the TSE judges on September 1, as he remains ineligible until December 21, 2023 due to a <a href=\"https:\/\/bit.ly\/3E1VOu8\" target=\"_blank\" rel=\"noopener\">2012 corruption conviction<\/a>.<\/span><\/p>\n<p><span style=\"font-weight: 400;\">Pablo Mar\u00e7al from the Republican Party of the Social Order (<a href=\"https:\/\/bit.ly\/3dLqNjF\" target=\"_blank\" rel=\"noopener\">PROS<\/a>) had his <a href=\"https:\/\/bit.ly\/3qvZEUy\" target=\"_blank\" rel=\"noopener\">candidacy canceled by the TSE<\/a> on September 6, following the confirmed annulment of the party\u2019s convention now that it has joined the Brazil of Hope coalition with former president Luiz In\u00e1cio Lula da Silva as candidate.<\/span><\/p>\n<p><span style=\"font-weight: 400;\">The presidential candidates are <a href=\"https:\/\/bit.ly\/3UIrrii\" target=\"_blank\" rel=\"noopener\">Ciro Gomes<\/a> (Democratic Labor Party, <a href=\"http:\/\/bit.ly\/2dsouy7\" target=\"_blank\" rel=\"noopener\">PDT<\/a>), <a href=\"https:\/\/bit.ly\/3RmuABw\" target=\"_blank\" rel=\"noopener\">Jos\u00e9 Maria Eymael<\/a> (<a href=\"http:\/\/bit.ly\/2L4WPrg\" target=\"_blank\" rel=\"noopener\">Christian Democracy Party<\/a>), <a href=\"https:\/\/bit.ly\/3xzYKKH\" target=\"_blank\" rel=\"noopener\">Felipe D\u2019Avila<\/a> (New Party, <a href=\"http:\/\/bit.ly\/2L9K7ra\" target=\"_blank\" rel=\"noopener\">NOVO<\/a>), <a href=\"https:\/\/bit.ly\/3dLK1FI\" target=\"_blank\" rel=\"noopener\">L\u00e9o P\u00e9ricles<\/a> (Popular Unity Party, <a href=\"https:\/\/bit.ly\/3Rk6uYn\" target=\"_blank\" rel=\"noopener\">UP<\/a>), <a href=\"https:\/\/bit.ly\/3rdTSHq\" target=\"_blank\" rel=\"noopener\">Sofia Manzano<\/a> (<\/span><span style=\"font-weight: 400;\">Brazilian Communist Party,<\/span><span style=\"font-weight: 400;\">\u00a0<a href=\"https:\/\/bit.ly\/3SGHfjJ\" target=\"_blank\" rel=\"noopener\">PCB<\/a>), <a href=\"https:\/\/bit.ly\/3dJ0P0h\" target=\"_blank\" rel=\"noopener\">Soraya Thronicke<\/a> (Brazil Union Party, <a href=\"https:\/\/bit.ly\/3SkveAW\" target=\"_blank\" rel=\"noopener\">Uni\u00e3o Brasil<\/a>), <a href=\"https:\/\/bit.ly\/3Ro8Zsu\" target=\"_blank\" rel=\"noopener\">Vera L\u00facia<\/a> (<\/span><span style=\"font-weight: 400;\">United Socialist Workers&#8217; Party,<\/span><span style=\"font-weight: 400;\">\u00a0<a href=\"https:\/\/bit.ly\/3xXGuLx\" target=\"_blank\" rel=\"noopener\">PSTU<\/a>), <a href=\"https:\/\/bit.ly\/3UVxd0m\" target=\"_blank\" rel=\"noopener\">Simone Tebet<\/a> (<\/span><span style=\"font-weight: 400;\">Brazilian Democratic Movement Party,<\/span><span style=\"font-weight: 400;\">\u00a0<\/span><a href=\"http:\/\/bit.ly\/2d2bl0B\" target=\"_blank\" rel=\"noopener\">MDB<\/a>), former president <a href=\"https:\/\/bit.ly\/3fqc6mw\" target=\"_blank\" rel=\"noopener\">Luiz In\u00e1cio Lula da Silva<\/a> (Workers Party, <a href=\"http:\/\/bit.ly\/2cV0lkX\" target=\"_blank\" rel=\"noopener\">PT<\/a>) and <a href=\"http:\/\/bit.ly\/2d636Q7\" target=\"_blank\" rel=\"noopener\">Jair Bolsonaro<\/a> (Liberal Party, <a href=\"https:\/\/bit.ly\/3LMzhnd\" target=\"_blank\" rel=\"noopener\">PL<\/a>).<\/p>\n<h3>A Nation Experiencing Homelessness<\/h3>\n<p><span style=\"font-weight: 400;\">Although the pandemic exacerbated the social vulnerability of Brazilian families, Brazil\u2019s housing problem is not new. In 2019, <a href=\"https:\/\/bit.ly\/3RZYXi5\" target=\"_blank\" rel=\"noopener\">research carried out by the Jo\u00e3o Pinheiro Foundation<\/a> reported a housing deficit of 5.8 million homes in all of Brazil, of which 79% are low-income families.<\/span><\/p>\n<p><span style=\"font-weight: 400;\">According to a survey by the <a href=\"https:\/\/bit.ly\/3Ri13cq\" target=\"_blank\" rel=\"noopener\">Zero Evictions Campaign<\/a>, during the coronavirus pandemic, from March 2020 to May 2022 over 125,000 people were evicted, and another 569,000 are at risk of being forcibly evicted from urban and rural settlements. Of the <a href=\"https:\/\/bit.ly\/3eJi7dF\" target=\"_blank\" rel=\"noopener\">people evicted during the pandemic<\/a>, over 20,000 are elderly, 21,000 are children and 75,000 are women.<\/span><\/p>\n<p><span style=\"font-weight: 400;\">The situation led the Socialism and Liberty Party (PSOL) to file a <\/span><span style=\"font-weight: 400;\">Claim of Non-Compliance with a Fundamental Precept n. 828 <\/span><span style=\"font-weight: 400;\">(<a href=\"https:\/\/bit.ly\/3d7f7Ya\" target=\"_blank\" rel=\"noopener\">ADPF 828<\/a>) with the Brazilian Supreme Court (STF), which aims to suspend forced evictions. The injunction was granted by <a href=\"https:\/\/bit.ly\/3inzcJi\" target=\"_blank\" rel=\"noopener\">Judge Luiz Roberto Barroso<\/a>, recognizing the housing and health rights of vulnerable people in the context of the pandemic.<\/span><\/p>\n<p><span style=\"font-weight: 400;\">With the ADPF 828, which has already been extended three times, the Zero Evictions Campaign together with social movements and civil society organizations, have been able to stop the forced eviction of over 142,000 families nationwide.<\/span><\/p>\n<p><span style=\"font-weight: 400;\">The Zero Evictions Campaign launched a <a href=\"https:\/\/bit.ly\/3QyYodJ\" target=\"_blank\" rel=\"noopener\">commitment letter<\/a> to all candidates in the 2022 general elections (president, governor, senator, and federal and state deputy roles). It aims to ensure that all candidates commit to the defense of human rights, and especially to housing movements.<\/span><\/p>\n<p><span style=\"font-weight: 400;\">However, the deadline for the forced evictions ban, granted by ADPF 828, is October 31\u2014one day after the second round of the 2022 elections. According to the federal government\u2019s Unified Registry (Cadastro \u00danico, or <a href=\"https:\/\/bit.ly\/3QSRqQV\" target=\"_blank\" rel=\"noopener\">Cad\u00danico<\/a>), in December 2021 158,191 people were living on the streets in Brazil. In May of this year, this number had jumped to 184,638, a <a href=\"https:\/\/bit.ly\/3Sr4OO3\" target=\"_blank\" rel=\"noopener\">16% increase<\/a> in six months.<\/span><\/p>\n<h3>Candidates\u2019 Housing Proposals<\/h3>\n<p><span style=\"font-weight: 400;\"><em>RioOnWatch<\/em> has compiled the housing policy proposals of all the presidential candidates registered with the TSE. In addition to social welfare policies, other services such as health, education and employment are linked to each citizens\u2019 territory of residence.\u00a0<\/span><\/p>\n<p><span style=\"font-weight: 400;\">On October 2, 156,454,011 voters will choose new political representatives in the first round of voting. This year, candidates for president, governor, senator, federal deputy, and state deputy, are being chosen.<\/span><\/p>\n<p><span style=\"font-weight: 400;\">It is noteworthy that none of the eleven governance plans refer directly to favelas, much less the need to upgrade these territories and integrate them in ways that respect their historic importance to the nation.<\/span><\/p>\n<h3>Luiz In\u00e1cio Lula da Silva (PT)<\/h3>\n<p><a href=\"https:\/\/rioonwatch.org\/wp-content\/uploads\/2022\/09\/Lula-no-debate-para-presidente-na-eleicao-2022-1.webp\"><img fetchpriority=\"high\" decoding=\"async\" class=\"alignright wp-image-72068\" title=\"Lula during the presidential debate for the 2022 elections \" src=\"https:\/\/rioonwatch.org\/wp-content\/uploads\/2022\/09\/Lula-no-debate-para-presidente-na-eleicao-2022-1.webp\" alt=\"\" width=\"300\" height=\"200\" \/><\/a><\/p>\n<p><span style=\"font-weight: 400;\">In former president <a href=\"https:\/\/bit.ly\/3C73oCl\" target=\"_blank\" rel=\"noopener\">Lula\u2019s 121-point plan<\/a>, the word housing comes up twice. In item 29, the document states that:<\/span><\/p>\n<blockquote><p><span style=\"font-weight: 400;\">\u201c85% of our population lives in cities. We will resume policies that guarantee the right to the city, fighting territorial inequalities toward an ample urban reform, reducing socio-territorial inequities and promoting the ecological transition of cities through integrated investments in public transport, housing, basic sanitation and social equipment. We will support and incentivize creative and sustainable cities.\u201d<\/span><\/p><\/blockquote>\n<p><span style=\"font-weight: 400;\">The proposal, reflected in item 30, is to resume the construction of housing programs with adequate financing mechanisms for each type of public:<\/span><\/p>\n<blockquote><p><span style=\"font-weight: 400;\">\u201cWe will once again have a far-reaching affordable housing program, with adequate financing mechanisms for each type of public. Having dignified housing, the primary guarantee of a family\u2019s security, is a universal right and a requirement for a developed and sovereign Brazil.&#8221;<\/span><\/p><\/blockquote>\n<p><span style=\"font-weight: 400;\">The My House My Life program was created by the Lula administration in 2009 to facilitate housing access while bolstering the Brazilian economy during the global recession. The program subsidized housing purchases for low-income families and offered low interest rates for families with monthly incomes of up to R$9,000 (US$1,674). The <a href=\"http:\/\/bit.ly\/2YOXccd\" target=\"_blank\" rel=\"noopener\">program weakened<\/a> through the years, with <a href=\"https:\/\/reut.rs\/3xZS7Sb\" target=\"_blank\" rel=\"noopener\">reduced funding<\/a> and reach, and a change of rules. Still, the My House My Life program provided housing to 5.5 million Brazilian families.<\/span><\/p>\n<h3>Jair Bolsonaro (PL)<\/h3>\n<p><span style=\"font-weight: 400;\"><a href=\"https:\/\/rioonwatch.org\/wp-content\/uploads\/2022\/09\/Bolsonaro-no-debate-para-presidente-na-eleicao-2022.png\"><img decoding=\"async\" class=\"alignright wp-image-72078\" title=\"Bolsonaro during the presidential debate for the 2022 elections \" src=\"https:\/\/rioonwatch.org\/wp-content\/uploads\/2022\/09\/Bolsonaro-no-debate-para-presidente-na-eleicao-2022.png\" alt=\"\" width=\"300\" height=\"169\" srcset=\"https:\/\/rioonwatch.org\/wp-content\/uploads\/2022\/09\/Bolsonaro-no-debate-para-presidente-na-eleicao-2022.png 848w, https:\/\/rioonwatch.org\/wp-content\/uploads\/2022\/09\/Bolsonaro-no-debate-para-presidente-na-eleicao-2022-620x349.png 620w, https:\/\/rioonwatch.org\/wp-content\/uploads\/2022\/09\/Bolsonaro-no-debate-para-presidente-na-eleicao-2022-768x432.png 768w\" sizes=\"(max-width: 300px) 100vw, 300px\" \/><\/a>Incumbent president Jair Bolsonaro mentions the word housing three times in his <a href=\"https:\/\/bit.ly\/3R5ozco\" target=\"_blank\" rel=\"noopener\">governance plan<\/a>. The document references the continuation of the <a href=\"https:\/\/bit.ly\/3QFr0lI\" target=\"_blank\" rel=\"noopener\">Green and Yellow House program<\/a> for accessing housing rights (page 31):<\/span><\/p>\n<blockquote><p><span style=\"font-weight: 400;\">\u201cThrough the Green and Yellow House program, that promotes citizenship, to ensure universal access to housing ownership in urban areas, we made the lowest interest rate in history available to citizens to finance residential properties, from 4.5% per year. Our reelected government will develop technical training and orientation to elaborate public investment projects by federal entities, focusing on municipalities located in the country\u2019s interior, in order to improve the quality of public investments.\u201d<\/span><\/p><\/blockquote>\n<p><span style=\"font-weight: 400;\">However, over the past two years, funds assigned in the federal budget to the housing program <a href=\"https:\/\/bit.ly\/3rfEAC1\" target=\"_blank\" rel=\"noopener\">decreased from R$4.8 billion (US$890.4 million) in 2019 to R$2.7 billion in 2020 (US$500.8 million)<\/a>, the lowest amount since 2012.\u00a0<\/span><\/p>\n<h3>Ciro Gomes (PDT)<\/h3>\n<p><span style=\"font-weight: 400;\"><a href=\"https:\/\/rioonwatch.org\/wp-content\/uploads\/2022\/09\/Ciro-Gomes-no-debate-para-presidente-na-eleicao-2022.jpeg\"><img loading=\"lazy\" decoding=\"async\" class=\"alignright wp-image-72082\" title=\"Ciro Gomes during the presidential debate for the 2022 elections.\" src=\"https:\/\/rioonwatch.org\/wp-content\/uploads\/2022\/09\/Ciro-Gomes-no-debate-para-presidente-na-eleicao-2022.jpeg\" alt=\"\" width=\"300\" height=\"188\" srcset=\"https:\/\/rioonwatch.org\/wp-content\/uploads\/2022\/09\/Ciro-Gomes-no-debate-para-presidente-na-eleicao-2022.jpeg 1024w, https:\/\/rioonwatch.org\/wp-content\/uploads\/2022\/09\/Ciro-Gomes-no-debate-para-presidente-na-eleicao-2022-620x388.jpeg 620w, https:\/\/rioonwatch.org\/wp-content\/uploads\/2022\/09\/Ciro-Gomes-no-debate-para-presidente-na-eleicao-2022-1006x629.jpeg 1006w, https:\/\/rioonwatch.org\/wp-content\/uploads\/2022\/09\/Ciro-Gomes-no-debate-para-presidente-na-eleicao-2022-768x480.jpeg 768w\" sizes=\"(max-width: 300px) 100vw, 300px\" \/><\/a>Under the item \u201cUrban Reform and Land Regularization,\u201d the <a href=\"https:\/\/bit.ly\/3UviMQe\" target=\"_blank\" rel=\"noopener\">plan registered by candidate Ciro Gomes with the TSE<\/a> says (on page 15):\u00a0<\/span><\/p>\n<blockquote><p><span style=\"font-weight: 400;\">\u201cWe will implement a far-reaching land regularization program to guarantee the titling of houses and land for those who today live in fear of tomorrow. Another supplemental program will finance the renovations of popular homes, preferably hiring one\u2019s own family or community labor.\u201d<\/span><\/p><\/blockquote>\n<p><span style=\"font-weight: 400;\">According to the most <a href=\"https:\/\/bit.ly\/3dWbQv5\" target=\"_blank\" rel=\"noopener\">most recent survey<\/a>, Luiz In\u00e1cio Lula da Silva (PT) leads with 52%, Jair Bolsonaro (PL) has 34% and Ciro Gomes (PDT) recorded 6%.<\/span><\/p>\n<h3>Simone Tebet (MDB)<\/h3>\n<p><span style=\"font-weight: 400;\">In her <a href=\"https:\/\/bit.ly\/3Sx8c9K\" target=\"_blank\" rel=\"noopener\">governance plan<\/a>, Simone Tebet states that housing is \u201cthe real doorway to citizenship\u2026 with everything that good quality housing and sanitation represents for well-being and improved livelihoods.\u201d She brings up housing two more times, promising to:<\/span><\/p>\n<blockquote><p><span style=\"font-weight: 400;\">\u201cResume subsidized housing construction programs, aimed at low-income and vulnerable families (currently in &#8216;group 1&#8217; of housing programs), especially those headed by women, and promote housing loans for middle-income families, incentivizing universal and accessible designs.\u201d<\/span><\/p><\/blockquote>\n<p><span style=\"font-weight: 400;\">She also promises to:<\/span><\/p>\n<blockquote><p><span style=\"font-weight: 400;\">\u201cPromote land regularization with property certification and titling\u2014especially in urban areas; (and) to accelerate the achievement of the goals laid down in the Basic Sanitation Regulatory Framework regarding water supply, sewage collection and treatment.\u201d<\/span><\/p><\/blockquote>\n<h3>Jos\u00e9 Maria Eymael (Christian Democracy)<\/h3>\n<p><span style=\"font-weight: 400;\">In his <a href=\"https:\/\/bit.ly\/3xSgP6V\" target=\"_blank\" rel=\"noopener\">governance plan<\/a>, candidate Jos\u00e9 Maria Eymael refers to housing as a social right:<\/span><\/p>\n<blockquote><p><span style=\"font-weight: 400;\">\u201cTo have housing for the economically-deprived population as a State policy. Lack of income cannot mean lack of housing.\u201d<\/span><\/p><\/blockquote>\n<h3>L\u00e9o P\u00e9ricles (UP)<\/h3>\n<p><span style=\"font-weight: 400;\"><a href=\"https:\/\/bit.ly\/3f73wc4\" target=\"_blank\" rel=\"noopener\">L\u00e9o P\u00e9ricles has a 12-page governance plan<\/a>, where he mentions housing four times. He aims for:<\/span><\/p>\n<blockquote><p><span style=\"font-weight: 400;\">\u201cThe guarantee of dignified housing, sanitation and garbage collection for all Brazilian families; the allocation of abandoned properties to solve the housing deficit; implementation of a profound urban reform; (and still the) guarantee of the social function of urban properties through progressive property taxation, inspections and surveys, and fighting speculation so that the whole population can have housing, easy access to work and leisure, and live with dignity.\u201d<\/span><\/p><\/blockquote>\n<h3>Sofia Manzano (PCB)<\/h3>\n<p><span style=\"font-weight: 400;\"><a href=\"https:\/\/bit.ly\/3BIZr5J\" target=\"_blank\" rel=\"noopener\">Sofia Manzano\u2019s 19-page governance plan<\/a> mentions housing seven times, stating:<\/span><\/p>\n<blockquote><p><span style=\"font-weight: 400;\">\u201cIdle properties in big urban centers shall be confiscated without compensation as part of a vast public housing reform and construction program to overcome the housing deficit in a four-year period.\u201d<\/span><\/p><\/blockquote>\n<p><span style=\"font-weight: 400;\">She also proposes:<\/span><\/p>\n<blockquote><p><span style=\"font-weight: 400;\">\u201cArchitectural accessibility in low-income housing to guarantee dignified housing for people with disabilities. Construction of independent housing centers for people with disabilities with full-time staff offering them the necessary support.\u201d<\/span><\/p><\/blockquote>\n<h3>Soraya Thronicke (Uni\u00e3o)<\/h3>\n<p><span style=\"font-weight: 400;\">Soraya Thronicke mentions housing twice throughout her <a href=\"https:\/\/bit.ly\/3dEsort\" target=\"_blank\" rel=\"noopener\">76-page plan<\/a>, with her main proposal for the theme tied to realizing evictions:<\/span><\/p>\n<blockquote><p><span style=\"font-weight: 400;\">\u201cTo put in place, in collaboration with governors and mayors, real and effective housing transfers from areas where living alongside natural risks is not viable, in a secure way; (and) set up an effective inspection program for the disordered and illegal use of land in risk areas.\u201d<\/span><\/p><\/blockquote>\n<h3>Vera L\u00facia (PSTU)<\/h3>\n<p><span style=\"font-weight: 400;\">In the 26 pages of <a href=\"https:\/\/bit.ly\/3fhlusG\" target=\"_blank\" rel=\"noopener\">her governance plan<\/a>, Vera L\u00facia incorporates a section through the lens of housing for all, discussing the lack of urban and rural housing through a public policy perspective and referencing the lack of housing of almost six million:<\/span><\/p>\n<blockquote><p><span style=\"font-weight: 400;\">\u201cThis is an emergency situation that severely affects the quality of life of a considerable proportion of workers.\u201d<\/span><\/p><\/blockquote>\n<p><span style=\"font-weight: 400;\">Vera adds that the \u201coccupation of land by the desperate population is dealt with by violent and repressive policing.\u201d She promises a \u201cplan of public works for public housing, expropriation of properties owned by large proprietors that make a living through housing speculation\u201d and launching an \u201cemployment and public housing program aimed at the LGBTI population.\u201d<\/span><\/p>\n<p><span style=\"font-weight: 400;\">She stands out as the only candidate to mention where she will obtain resources to invest in the construction of public housing:<\/span><\/p>\n<blockquote><p><span style=\"font-weight: 400;\">\u201c(1) A plan for public housing, sanitation and public works throughout the country. This plan can absorb a large part of the unemployed; (2) We will also defend the expropriation of properties owned by large proprietors that make a living from real estate speculation. This creates possibilities for the occupation of these properties, partly by those experiencing homeless; (3) The cost of constructing these six million houses and the necessary public equipment will fully come from the R$346.6 billion (US$64.36 billion) worth of tax exemptions that the government provides to large corporations every year; (4) We also propose the immediate legalization of land occupation, with adequate upgrading and sanitation.\u201d<\/span><\/p><\/blockquote>\n<h3>Felipe D\u2019\u00c1vila (NOVO)<\/h3>\n<p><span style=\"font-weight: 400;\">There is no mention of housing, public housing or housing programs in the <a href=\"https:\/\/bit.ly\/3dI5ob2\" target=\"_blank\" rel=\"noopener\">36-page government plan Felipe D\u2019\u00c1vila<\/a> registered with the Superior Electoral Court (TSE).<\/span><\/p>\n<hr \/>\n<h4>Support\u00a0RioOnWatch\u2019s tireless, critical and cutting-edge hyperlocal journalism, online community organizing meetings, and direct support to favelas\u00a0<a href=\"http:\/\/bit.ly\/FavelaCovidResponse\" target=\"_blank\" rel=\"noopener\">by clicking here<\/a>.<\/h4>\n","protected":false},"excerpt":{"rendered":"<div class=\"mh-excerpt\"><p>Clique aqui para Portugu\u00eas Brazil will hold the first round of its 2022 presidential elections this Sunday, October 2. In this special report, RioOnWatch compiles the policy proposals of Brazil&#8217;s presidential candidates registered with the <a class=\"mh-excerpt-more\" href=\"https:\/\/rioonwatch.org\/?p=72060\" title=\"Homelessness in Brazil Went Up 16%. Read Our Presidential Candidates&#8217; Proposals to Combat the Housing Crisis\">[&#8230;]<\/a><\/p>\n<\/div>","protected":false},"author":236,"featured_media":72061,"comment_status":"closed","ping_status":"closed","sticky":false,"template":"","format":"standard","meta":{"_monsterinsights_skip_tracking":false,"_monsterinsights_sitenote_active":false,"_monsterinsights_sitenote_note":"","_monsterinsights_sitenote_category":0,"footnotes":""},"categories":[1328,2242],"tags":[3496,1425,3516,3515,595,11,516,26,2739,2597,2038,2039,157,3517,2817,2286,3217,2216,2040,2951,301,3282,3518,3215],"writer":[3125],"translator":[3507],"illustrator":[],"photographer":[],"class_list":{"0":"post-72060","1":"post","2":"type-post","3":"status-publish","4":"format-standard","5":"has-post-thumbnail","7":"category-by-community-contributors","8":"category-democracy","9":"tag-2022-elections","10":"tag-cadastro-unico","11":"tag-christian-democracy-party","12":"tag-ciro-gomes","13":"tag-elections","14":"tag-forced-evictions","15":"tag-homeless","16":"tag-housing-rights","17":"tag-ibge","18":"tag-jair-bolsonaro","19":"tag-lula","20":"tag-pmdb","21":"tag-minha-casa-minha-vida","22":"tag-pcb-brazilian-communist-party","23":"tag-pdt","24":"tag-pl","25":"tag-pros","26":"tag-pstu","27":"tag-pt","28":"tag-ptb-brazilian-labor-party","29":"tag-public-policy","30":"tag-supreme-court","31":"tag-uniao-brasil-political-party","32":"tag-up-popular-unity-party","33":"writer-tatiana-lima","34":"translator-yasmin-quaife"},"_links":{"self":[{"href":"https:\/\/rioonwatch.org\/index.php?rest_route=\/wp\/v2\/posts\/72060","targetHints":{"allow":["GET"]}}],"collection":[{"href":"https:\/\/rioonwatch.org\/index.php?rest_route=\/wp\/v2\/posts"}],"about":[{"href":"https:\/\/rioonwatch.org\/index.php?rest_route=\/wp\/v2\/types\/post"}],"author":[{"embeddable":true,"href":"https:\/\/rioonwatch.org\/index.php?rest_route=\/wp\/v2\/users\/236"}],"replies":[{"embeddable":true,"href":"https:\/\/rioonwatch.org\/index.php?rest_route=%2Fwp%2Fv2%2Fcomments&post=72060"}],"version-history":[{"count":0,"href":"https:\/\/rioonwatch.org\/index.php?rest_route=\/wp\/v2\/posts\/72060\/revisions"}],"wp:featuredmedia":[{"embeddable":true,"href":"https:\/\/rioonwatch.org\/index.php?rest_route=\/wp\/v2\/media\/72061"}],"wp:attachment":[{"href":"https:\/\/rioonwatch.org\/index.php?rest_route=%2Fwp%2Fv2%2Fmedia&parent=72060"}],"wp:term":[{"taxonomy":"category","embeddable":true,"href":"https:\/\/rioonwatch.org\/index.php?rest_route=%2Fwp%2Fv2%2Fcategories&post=72060"},{"taxonomy":"post_tag","embeddable":true,"href":"https:\/\/rioonwatch.org\/index.php?rest_route=%2Fwp%2Fv2%2Ftags&post=72060"},{"taxonomy":"writer","embeddable":true,"href":"https:\/\/rioonwatch.org\/index.php?rest_route=%2Fwp%2Fv2%2Fwriter&post=72060"},{"taxonomy":"translator","embeddable":true,"href":"https:\/\/rioonwatch.org\/index.php?rest_route=%2Fwp%2Fv2%2Ftranslator&post=72060"},{"taxonomy":"illustrator","embeddable":true,"href":"https:\/\/rioonwatch.org\/index.php?rest_route=%2Fwp%2Fv2%2Fillustrator&post=72060"},{"taxonomy":"photographer","embeddable":true,"href":"https:\/\/rioonwatch.org\/index.php?rest_route=%2Fwp%2Fv2%2Fphotographer&post=72060"}],"curies":[{"name":"wp","href":"https:\/\/api.w.org\/{rel}","templated":true}]}}