{"id":72324,"date":"2022-10-19T11:11:54","date_gmt":"2022-10-19T14:11:54","guid":{"rendered":"https:\/\/rioonwatch.org\/?p=72324"},"modified":"2023-05-23T09:23:36","modified_gmt":"2023-05-23T12:23:36","slug":"favela-organizers-host-historic-march-with-former-president-and-presidential-candidate-luiz-inacio-lula-da-silva-in-complexo-do-alemao-images","status":"publish","type":"post","link":"https:\/\/rioonwatch.org\/?p=72324","title":{"rendered":"Favela Organizers Host Historic March with Former President and Presidential Candidate Luiz In\u00e1cio &#8216;Lula&#8217; da Silva in Complexo do Alem\u00e3o [IMAGES]"},"content":{"rendered":"<p><a href=\"https:\/\/rioonwatch.org\/wp-content\/uploads\/2022\/10\/Caminhada-com-Lula-na-Estrada-Itarare\u0301.png\"><img fetchpriority=\"high\" decoding=\"async\" class=\"aligncenter wp-image-72369 size-full\" src=\"https:\/\/rioonwatch.org\/wp-content\/uploads\/2022\/10\/Caminhada-com-Lula-na-Estrada-Itarare\u0301.png\" alt=\"\" width=\"1995\" height=\"984\" srcset=\"https:\/\/rioonwatch.org\/wp-content\/uploads\/2022\/10\/Caminhada-com-Lula-na-Estrada-Itarare\u0301.png 1995w, https:\/\/rioonwatch.org\/wp-content\/uploads\/2022\/10\/Caminhada-com-Lula-na-Estrada-Itarare\u0301-620x306.png 620w, https:\/\/rioonwatch.org\/wp-content\/uploads\/2022\/10\/Caminhada-com-Lula-na-Estrada-Itarare\u0301-1275x629.png 1275w, https:\/\/rioonwatch.org\/wp-content\/uploads\/2022\/10\/Caminhada-com-Lula-na-Estrada-Itarare\u0301-768x379.png 768w\" sizes=\"(max-width: 1995px) 100vw, 1995px\" \/><\/a><\/p>\n<p style=\"text-align: right;\"><a href=\"https:\/\/bit.ly\/3CyXvNw\" target=\"_blank\" rel=\"noopener\"><span class=\"s1\">Clique aqui para Portugu\u00eas<\/span><span class=\"s2\"><i><span class=\"Apple-converted-space\"><em><img decoding=\"async\" class=\"alignright size-full wp-image-23766\" src=\"https:\/\/www.rioonwatch.org\/wp-content\/uploads\/2012\/08\/PT-e1439583827971.png\" width=\"20\" height=\"20\" \/><\/em><\/span><\/i><\/span><\/a><\/p>\n<p>On the Brazilian holiday of October 12\u2014the Day of Our Lady of Conception\u2014a rally in support of presidential candidate <a href=\"http:\/\/bit.ly\/2cjnYEe\" target=\"_blank\" rel=\"noopener\">Luiz In\u00e1cio &#8220;Lula&#8221; da Silva<\/a> took place on Itarar\u00e9 Road, one of the main roads in the <a href=\"http:\/\/bit.ly\/2YtwzN6\" target=\"_blank\" rel=\"noopener\">Complexo do Alem\u00e3o<\/a> grouping of favelas, in the <a href=\"http:\/\/bit.ly\/30j9YjF\" target=\"_blank\" rel=\"noopener\">North Zone<\/a> of Rio de Janeiro. The Workers&#8217; Party (PT) candidate had led in the first round of Brazil&#8217;s presidential election with the largest ever recorded vote. According to the Superior Electoral Court (TSE), Lula received 57,259,504 votes, 48% of all votes that were cast. For an all-out victory in the first round, 50% would have been necessary. While this was an impressive result, many supporters were frustrated that the electoral process would continue through the second round, which will be held on October 30.<\/p>\n<h3>Local Movements and Organizations Invite Lula do Dialogue<\/h3>\n<figure id=\"attachment_72389\" aria-describedby=\"caption-attachment-72389\" style=\"width: 500px\" class=\"wp-caption alignright\"><a href=\"https:\/\/rioonwatch.org\/wp-content\/uploads\/2022\/10\/Foto-Rene-Silva.jpeg\"><img decoding=\"async\" class=\"wp-image-72389\" title=\"Ren\u00e9 Silva with Lula. Photo: Ren\u00e9 Silva on Twitter\" src=\"https:\/\/rioonwatch.org\/wp-content\/uploads\/2022\/10\/Foto-Rene-Silva.jpeg\" alt=\"\" width=\"500\" height=\"667\" srcset=\"https:\/\/rioonwatch.org\/wp-content\/uploads\/2022\/10\/Foto-Rene-Silva.jpeg 1536w, https:\/\/rioonwatch.org\/wp-content\/uploads\/2022\/10\/Foto-Rene-Silva-465x620.jpeg 465w, https:\/\/rioonwatch.org\/wp-content\/uploads\/2022\/10\/Foto-Rene-Silva-472x629.jpeg 472w, https:\/\/rioonwatch.org\/wp-content\/uploads\/2022\/10\/Foto-Rene-Silva-768x1024.jpeg 768w\" sizes=\"(max-width: 500px) 100vw, 500px\" \/><\/a><figcaption id=\"caption-attachment-72389\" class=\"wp-caption-text\">Ren\u00e9 Silva with Lula. Photo: Ren\u00e9 Silva on Twitter<\/figcaption><\/figure>\n<p>Ren\u00e9 Silva\u2014founder and director of the <a href=\"http:\/\/glo.bo\/3eMz4Ef\" target=\"_blank\" rel=\"noopener\">internationally-known<\/a> community newspaper <em><a href=\"https:\/\/bit.ly\/2Iv4H5h\" target=\"_blank\" rel=\"noopener\">Voz das Comunidades<\/a><\/em>\u2014invited Lula to Complexo do Alem\u00e3o for a march with Lula event, organized so that a direct, constructive dialogue with the favela could be established. Lula is widely recognized in Brazil for his policies that <a href=\"https:\/\/bit.ly\/3EUVzld\" target=\"_blank\" rel=\"noopener\">reduced inequality<\/a> and <a href=\"https:\/\/bit.ly\/3eMB0wv\" target=\"_blank\" rel=\"noopener\">grew the middle class<\/a>, <a href=\"http:\/\/bit.ly\/1uygIq3\" target=\"_blank\" rel=\"noopener\">especially in favelas<\/a>.<\/p>\n<blockquote><p>&#8220;It is the realization of a very big dream. Not only for me, but for the favela as a whole, to have this meeting here in Complexo do Alem\u00e3o. Other meetings with favela leaders have happened in the past, but they were inside hotels and I always said that we needed to do a meeting like this within the favela and for the favela.&#8221; \u2014 Ren\u00e9 Silva<\/p><\/blockquote>\n<p>Lula&#8217;s itinerary in Complexo do Alem\u00e3o began with a meeting at the headquarters of <em><a href=\"http:\/\/bit.ly\/2JhMwyE\" target=\"_blank\" rel=\"noopener\">Voz das Comunidades<\/a><\/em>, in the lower part of <a href=\"http:\/\/bit.ly\/2EOOzpA\" target=\"_blank\" rel=\"noopener\">Morro do Adeus<\/a>. The candidate and his wife, Janja Silva, attended an 8am breakfast with community leaders from Complexo do Alem\u00e3o and other favelas such as <a href=\"http:\/\/bit.ly\/1SAjeFJ\" target=\"_blank\" rel=\"noopener\">Acari<\/a> and <a href=\"http:\/\/bit.ly\/2YoSrKr\" target=\"_blank\" rel=\"noopener\">Manguinhos<\/a>, as well as elected federal and state deputies <a href=\"https:\/\/bit.ly\/2UioE1C\" target=\"_blank\" rel=\"noopener\">Benedita da Silva<\/a> (Workers&#8217; Party, PT), <a href=\"http:\/\/bit.ly\/2QJKTed\" target=\"_blank\" rel=\"noopener\">Renata Souza<\/a> (Socialism and Liberty Party, PSOL), <a href=\"https:\/\/bit.ly\/3EEciJn\" target=\"_blank\" rel=\"noopener\">Tal\u00edria Petrone<\/a> (PSOL), <a href=\"http:\/\/bit.ly\/2KMEttK\" target=\"_blank\" rel=\"noopener\">Tarc\u00edsio Motta<\/a> (PSOL), Glauber Rocha (PSOL), <a href=\"https:\/\/bit.ly\/3w9nA3r\" target=\"_blank\" rel=\"noopener\">Dani Monteiro<\/a> (PSOL), and <a href=\"https:\/\/bit.ly\/3LDwexq\" target=\"_blank\" rel=\"noopener\">Mayor Eduardo Paes<\/a> (Social Democratic Party, PSD).<\/p>\n<p>Only four community leaders were able to speak directly with the former president, among them Alan Brum, <a href=\"https:\/\/bit.ly\/3EIdWtm\" target=\"_blank\" rel=\"noopener\">director<\/a> of the <a href=\"http:\/\/bit.ly\/33CovYZ\" target=\"_blank\" rel=\"noopener\">Roots in Movement Institute<\/a>. He handed the former president and current candidate the <a href=\"https:\/\/bit.ly\/3VqIqGl\" target=\"_blank\" rel=\"noopener\">CPX Popular Action Plan<\/a>, developed by 18 grassroots organizations from Complexo do Alem\u00e3o. The document is the result of extensive discussions among residents and community leaders from the 13 favelas that make up the favela complex, who identified essential needs, aspirations, and ways to promote improvements within the community.<\/p>\n<blockquote><p>&#8220;Through this event with Lula&#8217;s campaign, the Workers&#8217; Party government has opened a critical space for dialogue not only with Complexo do Alem\u00e3o, but with other favelas. It just took place here. The goal was to listen and understand the local demands and, even more importantly, what form and relationship we want to establish with [Lula\u2019s] future mandate. He made the commitment, based on our demands, that in the first 100 days of office he will create a national commission of the peripheries to develop public policies for Brazil\u2019s urban peripheries. He committed to the agenda of establishing a relationship with the urban centers.&#8221; \u2014 Alan Brum<\/p><\/blockquote>\n<p>During the meeting with Lula, Brum requested that life return to the center of the debate and become the focal point of public security policy, because &#8220;we are tired of dying.&#8221; Besides the Complexo do Alem\u00e3o Popular Action Plan, he also presented a health plan produced by another local organization, <a href=\"https:\/\/bit.ly\/3Sa7pen\" target=\"_blank\" rel=\"noopener\">Educap<\/a>, by its coordinator Lucia Cabral.<\/p>\n<p>Lula also met with an elderly couple from Manguinhos who had stood at the local community market with a box labeled &#8220;Lula&#8217;s Ear&#8221; collecting the demands of favela residents. Manguinhos resident Bezerra da Silva explained that the project resulted in 200 messages from residents to former president Lula.<\/p>\n<h3>Event Marks Powerful Exercise of Democracy<\/h3>\n<p>This is the first time that a candidate for the Presidency of Brazil has held a rally with favela residents during a political campaign vying for the second round of electoral votes. For L\u00facia Cabral, <a href=\"https:\/\/bit.ly\/3S2SQJr\" target=\"_blank\" rel=\"noopener\">Educap<\/a> coordinator, the event\u2014organized by favela residents together with Lula&#8217;s campaign coordinators\u2014represents democracy being exercised.<\/p>\n<blockquote><p>&#8220;Lula being here in the community is building democracy. This is the most important aspect of the event today. We have him as a reference from the favela to the favela. He will work on the social policies that we really need. This meeting with the leaders and the walk [in the community] are very important at this moment to stop the violence against our democracy from the poor administration of these last four years.&#8221; \u2014 Lucia Cabral<\/p><\/blockquote>\n<p>For her, Lula&#8217;s meeting with community leaders and residents of Complexo do Alem\u00e3o was an opportunity to give Lula &#8220;the straight talk from the favela&#8221; without intermediaries, through the four community representatives who had his direct ear.<\/p>\n<p>And the straight talk was direct and clear, says Cabral: &#8220;The straight talk was that he has to govern [in partnership] with the favela and for the favela.&#8221; She concludes with: &#8220;And I leave this meeting feeling that our former president Lula is with us.&#8221;<\/p>\n<p>The meeting between presidential candidate Lula and community leaders was broadcast on the <a href=\"https:\/\/bit.ly\/3CBEutR\" target=\"_blank\" rel=\"noopener\">campaign&#8217;s YouTube channel<\/a>. One of the key organizers was activist and human rights defender Camila Moradia, in addition to the <em>Voz das Comunidades<\/em> team, other leaders, residents and volunteers, together with the Rio de Janeiro city government and municipal secretariats.<\/p>\n<p>Moradia, one of the founders of the Women in Action Movement in Alem\u00e3o and a member of the Fight for Housing Commission, was one of four leaders present representing the favela movement. She gave a speech entitled &#8220;We will vote for Lula.&#8221;<\/p>\n<blockquote><p>&#8220;We will vote for Lula for the right to live. The favela votes for Lula today so that once again our main agenda is living. We will vote for Lula for our families, mostly headed by women and solo mothers. We will vote for Lula for the present and future of our children. We will vote for Lula for access to education and quality health care. We will vote for Lula for dignified housing and an end to forced evictions. We will vote for Lula for jobs with dignity. We will vote for Lula so that we, the poor and favela residents, can enjoy culture, leisure, and sports, everything for our children, youth, and ourselves. We will vote for Lula for entrepreneurship and for income generating projects and programs. We will vote and elect Lula so that legitimacy and legality will always be given to dialogue with the people. The fight for access to rights and the fight against all and any form of prejudice. For a Brazil for all, where God is among us. We are with Lula, we will vote Lula, we will elect Lula against hunger, with hope and faith.&#8221; \u2014 Camila Moradia<\/p><\/blockquote>\n<p>Born and raised in Parada de Lucas, Marcelle Decoth\u00e9 reminded Lula that it is the favela itself that can best speak on behalf of the favela.<\/p>\n<blockquote><p>&#8220;I have three messages in my three minutes to speak. The first message is: the places that elected and voted heavily for Lula as president were the favelas and peripheries, Mar\u00e9, Parada de Lucas, Alem\u00e3o, Rio das Pedras&#8230; And today we have created this movement to take over your campaign in Rio de Janeiro to say: we know how to conduct an electoral strategy and we are going to talk to our family, our people. Evangelicals? They are our mothers! Our families are the ones who went hungry. And it is we who are taking your campaign by storm at this moment in Rio de Janeiro to say: we are the ones who speak to our own people.&#8221; \u2014 Marcelle Decoth\u00e9<\/p><\/blockquote>\n<figure id=\"attachment_72390\" aria-describedby=\"caption-attachment-72390\" style=\"width: 1030px\" class=\"wp-caption aligncenter\"><a href=\"https:\/\/rioonwatch.org\/wp-content\/uploads\/2022\/10\/Caminhada-no-Itarare.jpg\"><img loading=\"lazy\" decoding=\"async\" class=\"wp-image-72390\" title=\"Participants of the Walk with Councillor Thais Ferreira from the Solidarity and Liberty Party (PSOL). Photo: Jeferson Rodrigues\" src=\"https:\/\/rioonwatch.org\/wp-content\/uploads\/2022\/10\/Caminhada-no-Itarare.jpg\" alt=\"\" width=\"1030\" height=\"686\" srcset=\"https:\/\/rioonwatch.org\/wp-content\/uploads\/2022\/10\/Caminhada-no-Itarare.jpg 2000w, https:\/\/rioonwatch.org\/wp-content\/uploads\/2022\/10\/Caminhada-no-Itarare-620x413.jpg 620w, https:\/\/rioonwatch.org\/wp-content\/uploads\/2022\/10\/Caminhada-no-Itarare-944x629.jpg 944w, https:\/\/rioonwatch.org\/wp-content\/uploads\/2022\/10\/Caminhada-no-Itarare-768x512.jpg 768w\" sizes=\"(max-width: 1030px) 100vw, 1030px\" \/><\/a><figcaption id=\"caption-attachment-72390\" class=\"wp-caption-text\">Members of City Councillor Thais Ferreira&#8217;s team from the Solidarity and Liberty Party (PSOL). Photo: Jeferson Rodrigues<\/figcaption><\/figure>\n<p>The second message from Decoth\u00e9 came after she described how she was a beneficiary of affirmative action, gaining access to university through the public policies developed under Lula\u2019s previous presidential terms. Above all, Marcelle&#8217;s second point was a suggestion: she proposed to candidate Lula that, if elected, he should set up a People\u2019s Cabinet of Peripheries.<\/p>\n<blockquote><p>&#8220;In the first 100 days of your government, you can nominate your ministers, staff your ministries and send around the country community leaders to listen to demands and deliver a people&#8217;s plan of improvements for Brazil. Because it is from there that we will build the unity of peripheries that we want and need.&#8221; \u2014 Marcelle Decoth\u00e9<\/p><\/blockquote>\n<p>One of the most moving accounts came from Buba Aguiar, member of <a href=\"https:\/\/bit.ly\/3EKp3SU\" target=\"_blank\" rel=\"noopener\">Coletivo Fala Akari<\/a>, human rights defender and resident of the Acari favela, who worked on the front line of the fight against the pandemic in her community.<\/p>\n<blockquote><p>&#8220;At the beginning of the pandemic, we gathered several leaders from the favelas and peripheries of Rio de Janeiro and Brazil, forming a large coalition to face the pandemic, because we already knew that it would affect Afro-Brazilians and low income people more. We already knew that Bolsonarism was going to do nothing and was <a href=\"https:\/\/bit.ly\/355ntao\" target=\"_blank\" rel=\"noopener\">going to do everything to kill us<\/a>, and kill us in several ways: <a href=\"https:\/\/bit.ly\/3hWNErN\" target=\"_blank\" rel=\"noopener\">by Covid, by gunshot, by hunger<\/a>. And we who are sitting here, we were the front line who had to deliver food, hygiene kits. We even delivered water to certain hospitals&#8230; and I speak as a resident of Acari who lives next door to a reference hospital. We were literally in the firing line, being shot at by the police [when we were delivering] basic food parcels. In Acari, we had sanitizer donations being seized as illegal merchandise. We&#8217;ve put youth born and raised in our favelas inside federal universities. I am also the result of your public policies. I can beat my chest and say: I&#8217;m a sociologist who graduated thanks to your public policy, the daughter of a northeasterner, and granddaughter of a peasant from the Peasant League. All this is to say to Lula that there is no way to stop authoritarianism, to stop Bolsonarism without the leaders that are here today. Because only with us, truly together with you, will we be able to put Brazil back on track.&#8221; \u2014 Buba Aguiar<\/p><\/blockquote>\n<p>Finally, D\u00e9bora Silva from the <a href=\"http:\/\/bit.ly\/30mMqKy\" target=\"_blank\" rel=\"noopener\">Belford Roxo<\/a> NGO &#8220;<a href=\"https:\/\/bit.ly\/3TpQA02\" target=\"_blank\" rel=\"noopener\">Yes, I&#8217;m from Meio Street<\/a>!&#8221; reminded those in attendance that institutional racism makes living impossible.<\/p>\n<blockquote><p>\u201cI&#8217;m from the area once considered the most dangerous in [Greater Rio&#8217;s] Baixada Fluminense [region], which is Rua do Meio, in Belford Roxo. During the pandemic, we were facing starvation and they did something to kill us: they canceled all the intercity buses and without intercity buses, we have no health care, we have no education, we have no jobs. So, we got 30 community leaders together in order not to die of hunger or be shot. We had to get together in a task force to get help in Rio, in the South Zone, so that people would look at us, because our mission is to take Belford Roxo out of economic, social invisibility&#8230; They left us there for dead, but we agreed not to die! If it weren&#8217;t for these leaders sitting here we would have died.&#8221; \u2014 D\u00e9bora Silva<\/p><\/blockquote>\n<p>She reported that the community task force helped the population access emergency aid, because the Reference Centers for Social Assistance (CRAS) were closed for four months during the pandemic. They had to gather 40 volunteers to register over 100 people for emergency aid and many more were left behind. &#8220;So there is no other option for democracy [than voting for Lula]. Without culture, violence becomes a spectacle and that is the state that we are living in, in Belford Roxo, in Baixada Fluminense,&#8221; D\u00e9bora Silva summarizes.<\/p>\n<p><iframe title=\"Lula conversa com lideran\u00e7as comunit\u00e1rias no Rio\u00a0de\u00a0Janeiro\" src=\"https:\/\/www.youtube.com\/embed\/AKgoffTU6iw\" width=\"1030\" height=\"630\" frameborder=\"0\" allowfullscreen=\"allowfullscreen\"><\/iframe><\/p>\n<h3>The March from a Resident&#8217;s Point of View<\/h3>\n<figure id=\"attachment_72393\" aria-describedby=\"caption-attachment-72393\" style=\"width: 300px\" class=\"wp-caption alignright\"><a href=\"https:\/\/rioonwatch.org\/wp-content\/uploads\/2022\/10\/Carlene-moradora-antiga-da-Estrada-do-Itarare\u0301-promoveu-com-sua-fami\u0301lia-uma-festa-em-comemorac\u0327a\u0303o-ao-Dia-das-Crianc\u0327as-e-a-Lula.jpg\"><img loading=\"lazy\" decoding=\"async\" class=\"wp-image-72393\" title=\"A longtime resident of Estrada do Itarar\u00e9, Carlene and her family threw a party in celebration of Children's Day and Lula. Photo: Jeferson Rodrigues\" src=\"https:\/\/rioonwatch.org\/wp-content\/uploads\/2022\/10\/Carlene-moradora-antiga-da-Estrada-do-Itarare\u0301-promoveu-com-sua-fami\u0301lia-uma-festa-em-comemorac\u0327a\u0303o-ao-Dia-das-Crianc\u0327as-e-a-Lula.jpg\" alt=\"\" width=\"300\" height=\"533\" srcset=\"https:\/\/rioonwatch.org\/wp-content\/uploads\/2022\/10\/Carlene-moradora-antiga-da-Estrada-do-Itarare\u0301-promoveu-com-sua-fami\u0301lia-uma-festa-em-comemorac\u0327a\u0303o-ao-Dia-das-Crianc\u0327as-e-a-Lula.jpg 1125w, https:\/\/rioonwatch.org\/wp-content\/uploads\/2022\/10\/Carlene-moradora-antiga-da-Estrada-do-Itarare\u0301-promoveu-com-sua-fami\u0301lia-uma-festa-em-comemorac\u0327a\u0303o-ao-Dia-das-Crianc\u0327as-e-a-Lula-349x620.jpg 349w, https:\/\/rioonwatch.org\/wp-content\/uploads\/2022\/10\/Carlene-moradora-antiga-da-Estrada-do-Itarare\u0301-promoveu-com-sua-fami\u0301lia-uma-festa-em-comemorac\u0327a\u0303o-ao-Dia-das-Crianc\u0327as-e-a-Lula-354x629.jpg 354w, https:\/\/rioonwatch.org\/wp-content\/uploads\/2022\/10\/Carlene-moradora-antiga-da-Estrada-do-Itarare\u0301-promoveu-com-sua-fami\u0301lia-uma-festa-em-comemorac\u0327a\u0303o-ao-Dia-das-Crianc\u0327as-e-a-Lula-768x1365.jpg 768w\" sizes=\"(max-width: 300px) 100vw, 300px\" \/><\/a><figcaption id=\"caption-attachment-72393\" class=\"wp-caption-text\">A longtime resident of Estrada do Itarar\u00e9, Carlene and her family threw a party in celebration of Children&#8217;s Day and Lula. Photo: Jeferson Rodrigues<\/figcaption><\/figure>\n<p>Meanwhile, Itarar\u00e9 Road was taken over in a peaceful and orderly fashion by a diverse crowd. To the sound of Lula&#8217;s jingle in various rhythms and forms, people connected with one another under the shared view that only Lula has the power to bring so many different people together in this way. This sentiment comes from the support base that recognizes the value in the diversity of Lula\u2019s coalition\u2014known as the Broad Front\u2014as essential for the preservation of democracy.<\/p>\n<p>The bond of solidarity among favela residents leaves no room for prejudices to become more firmly established: we know that our neighbor&#8217;s political, sexual, or gender orientation will most often take a back seat when you need that cup of sugar or the help that the State withholds from us.<\/p>\n<p>From the <em>Voz das Comunidades<\/em> headquarters, several cars carrying politicians and community leaders departed toward the Itarar\u00e9 Square. A crowd called out the names of the politicians in the cars: Benedita, Jandira Feghali, Taliria Petrone, Tain\u00e1 de Paula, Pastor Henrique Vieira, Renata Souza, Monica Francisco, and other names, alongside artists such as Camila Pitanga and Paulo Betti who joined the rally on the street.<\/p>\n<p>Community photographers like Josiane Santana, AF Rodrigues, Rosangela Leite, Felippinho 21, F\u00e1bio Caf\u00e9, Rat\u00e3o Diniz, Val Tube, and Rosi Milliotti were seen among the crowd that also included evangelical leaders like Andressa Oliveira, Pastor Marco Davi, Reverend Lusmarina Garcia. Leaders from other favelas such as Carlos Marra, Jonas di Andrade and <a href=\"http:\/\/bit.ly\/2PfuwnL\" target=\"_blank\" rel=\"noopener\">Jota Marques<\/a>, along with digital influencers, were part of the diversity of faces, prospects, and projects that came together to hear the former president speak.<\/p>\n<figure id=\"attachment_72394\" aria-describedby=\"caption-attachment-72394\" style=\"width: 2000px\" class=\"wp-caption aligncenter\"><a href=\"https:\/\/rioonwatch.org\/wp-content\/uploads\/2022\/10\/AF-Rodrigues-e-Rata\u0303o-Diniz-Foto\u0301grafos-populares.jpg\"><img loading=\"lazy\" decoding=\"async\" class=\"wp-image-72394 size-full\" title=\"Community photographers AF Rodrigues and Rat\u00e3o Diniz. Photo: Jeferson Rodrigues\" src=\"https:\/\/rioonwatch.org\/wp-content\/uploads\/2022\/10\/AF-Rodrigues-e-Rata\u0303o-Diniz-Foto\u0301grafos-populares.jpg\" alt=\"\" width=\"2000\" height=\"1347\" srcset=\"https:\/\/rioonwatch.org\/wp-content\/uploads\/2022\/10\/AF-Rodrigues-e-Rata\u0303o-Diniz-Foto\u0301grafos-populares.jpg 2000w, https:\/\/rioonwatch.org\/wp-content\/uploads\/2022\/10\/AF-Rodrigues-e-Rata\u0303o-Diniz-Foto\u0301grafos-populares-620x418.jpg 620w, https:\/\/rioonwatch.org\/wp-content\/uploads\/2022\/10\/AF-Rodrigues-e-Rata\u0303o-Diniz-Foto\u0301grafos-populares-934x629.jpg 934w, https:\/\/rioonwatch.org\/wp-content\/uploads\/2022\/10\/AF-Rodrigues-e-Rata\u0303o-Diniz-Foto\u0301grafos-populares-768x517.jpg 768w\" sizes=\"(max-width: 2000px) 100vw, 2000px\" \/><\/a><figcaption id=\"caption-attachment-72394\" class=\"wp-caption-text\">Community photographers AF Rodrigues and Rat\u00e3o Diniz. Photo: Jeferson Rodrigues<\/figcaption><\/figure>\n<p>On Itarar\u00e9 Square, a sound car was set up with a sign-language interpreter to interpret the speeches. Mayor Eduardo Paes, Ren\u00e9 Silva, Camila Moradia, Janja Silva, and Anielle Franco were among those who spoke. The crowd responded critically to the speeches: sometimes with irony, sometimes with booing and shouting against the current president.<\/p>\n<figure id=\"attachment_72405\" aria-describedby=\"caption-attachment-72405\" style=\"width: 2000px\" class=\"wp-caption aligncenter\"><a href=\"https:\/\/rioonwatch.org\/wp-content\/uploads\/2022\/10\/Pastor-Henrique-Vieira-Anto\u0302nio-Francisco-da-Silva-Neto-e-Marinete-Silva-pais-de-Marielle-Franco.jpg\"><img loading=\"lazy\" decoding=\"async\" class=\"wp-image-72405 size-full\" title=\"Pastor Henrique Vieira, Ant\u00f4nio Francisco da Silva Neto and Marinete Silva, parents of late Councillor Marielle Franco. Photo: Jeferson Rodrigues\" src=\"https:\/\/rioonwatch.org\/wp-content\/uploads\/2022\/10\/Pastor-Henrique-Vieira-Anto\u0302nio-Francisco-da-Silva-Neto-e-Marinete-Silva-pais-de-Marielle-Franco.jpg\" alt=\"\" width=\"2000\" height=\"1333\" srcset=\"https:\/\/rioonwatch.org\/wp-content\/uploads\/2022\/10\/Pastor-Henrique-Vieira-Anto\u0302nio-Francisco-da-Silva-Neto-e-Marinete-Silva-pais-de-Marielle-Franco.jpg 2000w, https:\/\/rioonwatch.org\/wp-content\/uploads\/2022\/10\/Pastor-Henrique-Vieira-Anto\u0302nio-Francisco-da-Silva-Neto-e-Marinete-Silva-pais-de-Marielle-Franco-620x413.jpg 620w, https:\/\/rioonwatch.org\/wp-content\/uploads\/2022\/10\/Pastor-Henrique-Vieira-Anto\u0302nio-Francisco-da-Silva-Neto-e-Marinete-Silva-pais-de-Marielle-Franco-944x629.jpg 944w, https:\/\/rioonwatch.org\/wp-content\/uploads\/2022\/10\/Pastor-Henrique-Vieira-Anto\u0302nio-Francisco-da-Silva-Neto-e-Marinete-Silva-pais-de-Marielle-Franco-768x512.jpg 768w\" sizes=\"(max-width: 2000px) 100vw, 2000px\" \/><\/a><figcaption id=\"caption-attachment-72405\" class=\"wp-caption-text\">Pastor Henrique Vieira, Ant\u00f4nio Francisco da Silva Neto and Marinete Silva, parents of late Councillor Marielle Franco. Photo: Jeferson Rodrigues<\/figcaption><\/figure>\n<p>Former president Lula used his speech to remind those in attendance of the successes of the Growth Acceleration Program (PAC) in the favelas and how people&#8217;s lives were changed by this initiative. Issues such as wage parity between men and women, job creation, and the formalization of the work of local entrepreneurs were part of Lula&#8217;s speech. Lula shared the microphone with his wife Janja, who never missed an opportunity to show affection and care for her husband. Janja&#8217;s speech was firm and some people jokingly asked her to &#8220;sort out&#8221; Michelle Bolsonaro, wife of the current president and candidate to reelection, Jair Bolsonaro. This caused laughter among the audience.<\/p>\n<p>Flags from other parties and social movements completed the landscape, reinforcing the atmosphere of a Broad Front for Democracy. &#8220;Today, here, we have a bit of everything: Pedro Paulo, Chico Alencar, Rodrigo Neves and Freixo,&#8221; said Tarc\u00edsio Motta, who was just elected federal deputy.<\/p>\n<figure id=\"attachment_72406\" aria-describedby=\"caption-attachment-72406\" style=\"width: 2000px\" class=\"wp-caption aligncenter\"><a href=\"https:\/\/rioonwatch.org\/wp-content\/uploads\/2022\/10\/Caminhada-no-Itarare-com-Lula.jpg\"><img loading=\"lazy\" decoding=\"async\" class=\"wp-image-72406 size-full\" title=\"A Walk through Itarar\u00e9 with Lula. Photo: Jeferson Rodrigues\" src=\"https:\/\/rioonwatch.org\/wp-content\/uploads\/2022\/10\/Caminhada-no-Itarare-com-Lula.jpg\" alt=\"\" width=\"2000\" height=\"1333\" srcset=\"https:\/\/rioonwatch.org\/wp-content\/uploads\/2022\/10\/Caminhada-no-Itarare-com-Lula.jpg 2000w, https:\/\/rioonwatch.org\/wp-content\/uploads\/2022\/10\/Caminhada-no-Itarare-com-Lula-620x413.jpg 620w, https:\/\/rioonwatch.org\/wp-content\/uploads\/2022\/10\/Caminhada-no-Itarare-com-Lula-944x629.jpg 944w, https:\/\/rioonwatch.org\/wp-content\/uploads\/2022\/10\/Caminhada-no-Itarare-com-Lula-768x512.jpg 768w\" sizes=\"(max-width: 2000px) 100vw, 2000px\" \/><\/a><figcaption id=\"caption-attachment-72406\" class=\"wp-caption-text\">The march through Itarar\u00e9 with Lula. Photo: Jeferson Rodrigues<\/figcaption><\/figure>\n<p>&#8220;What about education?&#8221; a group of black women began to ask loudly. There is no way to be sure if they were heard from the sound car, but Lula immediately answered the question. He recounted projects already established such as the program, University for All (Prouni), and assured those in attendance that the solution to the favela&#8217;s problems is not in the hands of the police, but lies with the State taking action with initiatives such as full-time education (a proposal that the aligned Democratic Labor Party, PDT, asked to be highlighted in Lula&#8217;s speeches and programs).<\/p>\n<p>There were people wearing clothes and accessories that could be interpreted as referencing the other candidacy [as Bolsonaro support is associated with the colors of the Brazilian flag]. There was no hostility, however, proving that the favela knows how to welcome diversity. I believe that this is a trait of the <em>quilombos<\/em> where cooperation and autonomy receive a higher level of importance than moral and religious differences. Only the favela could be capable of an event like this. There are things that only the favela can do. Favelas can recover our democracy.<\/p>\n<hr \/>\n<h4><b>Support\u00a0<\/b><b><i>RioOnWatch<\/i><\/b><b>\u2019s tireless, critical and cutting-edge hyperlocal journalism, online community organizing meetings, and direct support to favelas\u00a0<\/b><a href=\"http:\/\/bit.ly\/DonateToRioOnWatch\" target=\"_blank\" rel=\"noopener\">by clicking here.<\/a><\/h4>\n","protected":false},"excerpt":{"rendered":"<div class=\"mh-excerpt\"><p>Clique aqui para Portugu\u00eas On the Brazilian holiday of October 12\u2014the Day of Our Lady of Conception\u2014a rally in support of presidential candidate Luiz In\u00e1cio &#8220;Lula&#8221; da Silva took place on Itarar\u00e9 Road, one of <a class=\"mh-excerpt-more\" href=\"https:\/\/rioonwatch.org\/?p=72324\" title=\"Favela Organizers Host Historic March with Former President and Presidential Candidate Luiz In\u00e1cio &#8216;Lula&#8217; da Silva in Complexo do Alem\u00e3o [IMAGES]\">[&#8230;]<\/a><\/p>\n<\/div>","protected":false},"author":236,"featured_media":72369,"comment_status":"closed","ping_status":"closed","sticky":false,"template":"template-full.php","format":"standard","meta":{"_monsterinsights_skip_tracking":false,"_monsterinsights_sitenote_active":false,"_monsterinsights_sitenote_note":"","_monsterinsights_sitenote_category":0,"footnotes":""},"categories":[1668,1288,1328,1290,2242,1333,1271,1332,3527],"tags":[3496,555,460,1700,2864,3103,1653,32,3526,2863,479,272,1667,595,182,1197,205,2597,2038,637,630,2449,1577,37,1990,152,594,1866,2694,1539,2733,3393,3197,2720,1843],"writer":[3274,3125],"translator":[3510],"illustrator":[],"photographer":[3528],"class_list":{"0":"post-72324","1":"post","2":"type-post","3":"status-publish","4":"format-standard","5":"has-post-thumbnail","7":"category-participationwatch","8":"category-highlight","9":"category-by-community-contributors","10":"category-civilsociety","11":"category-democracy","12":"category-event-reports","13":"category-favelaqualities","14":"category-photo-essays","15":"category-representation","16":"tag-2022-elections","17":"tag-acari","18":"tag-baixada-fluminense","19":"tag-belford-roxo","20":"tag-benedita-da-silva","21":"tag-bolsonaro-sabotages-covid-19-prevention","22":"tag-community-media","23":"tag-complexo-do-alemao","24":"tag-cras","25":"tag-dani-monteiro","26":"tag-democracy","27":"tag-mayor-eduardo-paes","28":"tag-educap","29":"tag-elections","30":"tag-government-neglect","31":"tag-greater-rio","32":"tag-growth-acceleration-program-pac","33":"tag-jair-bolsonaro","34":"tag-lula","35":"tag-manguinhos","36":"tag-marcelo-freixo","37":"tag-marielle-franco","38":"tag-morro-do-adeus","39":"tag-north-zone","40":"tag-nos-por-nos","41":"tag-participation","42":"tag-participatory-democracy","43":"tag-peoples-plan","44":"tag-prouni","45":"tag-raizes-em-movimento","46":"tag-renata-souza","47":"tag-representation","48":"tag-taliria-petrone-psol","49":"tag-tarcisio-motta","50":"tag-voz-das-comunidades","51":"writer-jeferson-rodrigues","52":"writer-tatiana-lima","53":"translator-isaac-goodwin","54":"photographer-jeferson-rodrigues"},"_links":{"self":[{"href":"https:\/\/rioonwatch.org\/index.php?rest_route=\/wp\/v2\/posts\/72324","targetHints":{"allow":["GET"]}}],"collection":[{"href":"https:\/\/rioonwatch.org\/index.php?rest_route=\/wp\/v2\/posts"}],"about":[{"href":"https:\/\/rioonwatch.org\/index.php?rest_route=\/wp\/v2\/types\/post"}],"author":[{"embeddable":true,"href":"https:\/\/rioonwatch.org\/index.php?rest_route=\/wp\/v2\/users\/236"}],"replies":[{"embeddable":true,"href":"https:\/\/rioonwatch.org\/index.php?rest_route=%2Fwp%2Fv2%2Fcomments&post=72324"}],"version-history":[{"count":0,"href":"https:\/\/rioonwatch.org\/index.php?rest_route=\/wp\/v2\/posts\/72324\/revisions"}],"wp:featuredmedia":[{"embeddable":true,"href":"https:\/\/rioonwatch.org\/index.php?rest_route=\/wp\/v2\/media\/72369"}],"wp:attachment":[{"href":"https:\/\/rioonwatch.org\/index.php?rest_route=%2Fwp%2Fv2%2Fmedia&parent=72324"}],"wp:term":[{"taxonomy":"category","embeddable":true,"href":"https:\/\/rioonwatch.org\/index.php?rest_route=%2Fwp%2Fv2%2Fcategories&post=72324"},{"taxonomy":"post_tag","embeddable":true,"href":"https:\/\/rioonwatch.org\/index.php?rest_route=%2Fwp%2Fv2%2Ftags&post=72324"},{"taxonomy":"writer","embeddable":true,"href":"https:\/\/rioonwatch.org\/index.php?rest_route=%2Fwp%2Fv2%2Fwriter&post=72324"},{"taxonomy":"translator","embeddable":true,"href":"https:\/\/rioonwatch.org\/index.php?rest_route=%2Fwp%2Fv2%2Ftranslator&post=72324"},{"taxonomy":"illustrator","embeddable":true,"href":"https:\/\/rioonwatch.org\/index.php?rest_route=%2Fwp%2Fv2%2Fillustrator&post=72324"},{"taxonomy":"photographer","embeddable":true,"href":"https:\/\/rioonwatch.org\/index.php?rest_route=%2Fwp%2Fv2%2Fphotographer&post=72324"}],"curies":[{"name":"wp","href":"https:\/\/api.w.org\/{rel}","templated":true}]}}