{"id":72327,"date":"2022-10-26T07:00:11","date_gmt":"2022-10-26T10:00:11","guid":{"rendered":"https:\/\/rioonwatch.org\/?p=72327"},"modified":"2022-10-29T16:54:49","modified_gmt":"2022-10-29T19:54:49","slug":"progressive-churches-diversity-in-the-evangelical-vote-and-the-fight-for-democracy-in-the-favelas","status":"publish","type":"post","link":"https:\/\/rioonwatch.org\/?p=72327","title":{"rendered":"Progressive Churches, Diversity in the Evangelical Vote, and the Fight for Democracy in Rio&#8217;s Favelas"},"content":{"rendered":"<figure id=\"attachment_72398\" aria-describedby=\"caption-attachment-72398\" style=\"width: 2500px\" class=\"wp-caption aligncenter\"><a href=\"https:\/\/rioonwatch.org\/wp-content\/uploads\/2022\/10\/Igreja-Redenc\u0327a\u0303o-BXD.png\"><img fetchpriority=\"high\" decoding=\"async\" class=\"wp-image-72398 size-full\" title=\"Baixada Redemption Church members gathered at the Colab Space meeting room in Nilopolis. Photo: Janaina Tavares\" src=\"https:\/\/rioonwatch.org\/wp-content\/uploads\/2022\/10\/Igreja-Redenc\u0327a\u0303o-BXD.png\" alt=\"\" width=\"2500\" height=\"1179\" srcset=\"https:\/\/rioonwatch.org\/wp-content\/uploads\/2022\/10\/Igreja-Redenc\u0327a\u0303o-BXD.png 2500w, https:\/\/rioonwatch.org\/wp-content\/uploads\/2022\/10\/Igreja-Redenc\u0327a\u0303o-BXD-620x292.png 620w, https:\/\/rioonwatch.org\/wp-content\/uploads\/2022\/10\/Igreja-Redenc\u0327a\u0303o-BXD-1334x629.png 1334w, https:\/\/rioonwatch.org\/wp-content\/uploads\/2022\/10\/Igreja-Redenc\u0327a\u0303o-BXD-768x362.png 768w\" sizes=\"(max-width: 2500px) 100vw, 2500px\" \/><\/a><figcaption id=\"caption-attachment-72398\" class=\"wp-caption-text\">Baixada Redemption Church members gathered at the Colab Space meeting room in Nilopolis. Photo: Janaina Tavares<\/figcaption><\/figure>\n<p style=\"text-align: right;\"><a href=\"https:\/\/bit.ly\/3rdkHf2\" target=\"_blank\" rel=\"noopener\"><span class=\"s1\"><i>Clique aqui para Portugu\u00eas<\/i><\/span><span class=\"s2\"><i><span class=\"Apple-converted-space\"><em><img decoding=\"async\" class=\"alignright size-full wp-image-23766\" src=\"https:\/\/www.rioonwatch.org\/wp-content\/uploads\/2012\/08\/PT-e1439583827971.png\" width=\"20\" height=\"20\" \/><\/em><\/span><\/i><\/span><\/a><\/p>\n<p>In Brazil, progressive evangelicals have been organizing against <a href=\"https:\/\/bit.ly\/3eEibvt\" target=\"_blank\" rel=\"noopener\">religious intolerance<\/a>, <a href=\"http:\/\/bit.ly\/2WKCqc5\" target=\"_blank\" rel=\"noopener\">racism<\/a>, and the far-right. <a href=\"https:\/\/bit.ly\/3xU6bg2\" target=\"_blank\" rel=\"noopener\">The Evangelical Front for the Rule of Law<\/a> is an example of this: a Christian movement that defends democratic rights and promotes social justice, which has been challenging <a href=\"https:\/\/wapo.st\/3TtZgCh\" target=\"_blank\" rel=\"noopener\">Prosperity Theology<\/a> and the power culture within the church since 2016.<\/p>\n<figure id=\"attachment_72400\" aria-describedby=\"caption-attachment-72400\" style=\"width: 300px\" class=\"wp-caption alignright\"><a href=\"https:\/\/rioonwatch.org\/wp-content\/uploads\/2022\/10\/Cartaz-do-evento-Liderancas-Evangelicas-por-Liberdade-Democracia-e-Paz.jpeg\"><img decoding=\"async\" class=\"wp-image-72400\" title=\"Poster from the meeting of Evangelical Leaders for Liberty, Democracy, and Peace\" src=\"https:\/\/rioonwatch.org\/wp-content\/uploads\/2022\/10\/Cartaz-do-evento-Liderancas-Evangelicas-por-Liberdade-Democracia-e-Paz-620x620.jpeg\" alt=\"\" width=\"300\" height=\"300\" srcset=\"https:\/\/rioonwatch.org\/wp-content\/uploads\/2022\/10\/Cartaz-do-evento-Liderancas-Evangelicas-por-Liberdade-Democracia-e-Paz-620x620.jpeg 620w, https:\/\/rioonwatch.org\/wp-content\/uploads\/2022\/10\/Cartaz-do-evento-Liderancas-Evangelicas-por-Liberdade-Democracia-e-Paz-629x629.jpeg 629w, https:\/\/rioonwatch.org\/wp-content\/uploads\/2022\/10\/Cartaz-do-evento-Liderancas-Evangelicas-por-Liberdade-Democracia-e-Paz-768x767.jpeg 768w, https:\/\/rioonwatch.org\/wp-content\/uploads\/2022\/10\/Cartaz-do-evento-Liderancas-Evangelicas-por-Liberdade-Democracia-e-Paz.jpeg 1280w\" sizes=\"(max-width: 300px) 100vw, 300px\" \/><\/a><figcaption id=\"caption-attachment-72400\" class=\"wp-caption-text\">Poster from the meeting of Evangelical Leaders for Liberty, Democracy, and Peace<\/figcaption><\/figure>\n<p>On September 22, the Evangelical Front organized a \u201cMeeting of Evangelical Leaders for Liberty, Democracy, and Peace,\u201d with the intention of \u201cconsidering Brazil&#8217;s current situation in which many pastors and Christians have been persecuted for exercising their constitutional right to express their opinion.\u201d<\/p>\n<p>The <a href=\"https:\/\/bit.ly\/3LI1w6t\" target=\"_blank\" rel=\"noopener\">New Evangelical Narratives<\/a>, a \u201ccommunity platform which recognizes and affirms evangelical diversity\u201d offers a space that supports the anti-fundamentalist movement and affirms the existence of many diverse ways to be religious. The platform supports the exercise of democratic liberty, the right to vote, and the arts.<\/p>\n<p>However, according to 51-year-old Vladimir de Oliveira Souza, pastor of the <a href=\"https:\/\/bit.ly\/3SDnnhp\" target=\"_blank\" rel=\"noopener\">Baixada Redemption Church<\/a>, when one searches for progressive faith communities in and around the favelas of Greater Rio, you only find two: his own, and the <a href=\"https:\/\/bit.ly\/3xR994I\" target=\"_blank\" rel=\"noopener\">Comuna Church<\/a>. He points out that historically the evangelical movement has been conservative, but over the past few years an ultra-conservative surge has taken over, supporting the far-right. Speaking about Greater Rio&#8217;s Baixada Fluminense region, where his church is located, he says:<\/p>\n<blockquote><p><a href=\"https:\/\/rioonwatch.org\/wp-content\/uploads\/2022\/10\/Novas-Narrativas-Evangelicas-2-561x620-1.jpeg\"><img loading=\"lazy\" decoding=\"async\" class=\"alignright wp-image-72438\" title=\"New Evangelical Narratives\" src=\"https:\/\/rioonwatch.org\/wp-content\/uploads\/2022\/10\/Novas-Narrativas-Evangelicas-2-561x620-1.jpeg\" alt=\"\" width=\"300\" height=\"332\" \/><\/a>\u201cThe fight against hunger, for human rights, gender diversity, and climate justice has always been led by a smaller group within the evangelical movement, which is now even more geographically isolated because the conservative churches here in the Baixada Fluminense\u2014the type that burn for the return of Jesus\u2014have really grown. And Bolsonaro has a lot of influence over these people. They believe that a great revival is coming, and Bolsonarism has found its place in these beliefs. It doesn\u2019t surprise me that we are the only progressives around here\u2014to tell the truth, it makes me sad.\u201d<\/p><\/blockquote>\n<p>According to a survey taken in early September 2022 by IPEC (Intelligence in Research Consultants), 48% of <a href=\"https:\/\/reut.rs\/3VA5YJ0\" target=\"_blank\" rel=\"noopener\">evangelical voters intend to vote<\/a> for the re-election of President <a href=\"http:\/\/bit.ly\/2r3twM2\" target=\"_blank\" rel=\"noopener\">Jair Bolsonaro<\/a> (Liberal Party &#8211; <a href=\"https:\/\/bit.ly\/31mN3qn\" target=\"_blank\" rel=\"noopener\">PL<\/a>), while former President <a href=\"http:\/\/bit.ly\/2cjnYEe\" target=\"_blank\" rel=\"noopener\">Lula<\/a> (Workers&#8217; Party &#8211; <a href=\"http:\/\/bit.ly\/304kVp3\" target=\"_blank\" rel=\"noopener\">PT<\/a>) has the support of 26%. However, the number of evangelicals supporting Bolsonaro has been falling since 2018.<\/p>\n<p>This article presents two progressive churches in Rio de Janeiro: the Baixada Redemption Church, located in <a href=\"https:\/\/bit.ly\/3gTsoQW\" target=\"_blank\" rel=\"noopener\">Nil\u00f3polis<\/a>, <a href=\"http:\/\/bit.ly\/2XQQdyV\" target=\"_blank\" rel=\"noopener\">Baixada Fluminense<\/a>, and the Comuna Church, located in <a href=\"http:\/\/bit.ly\/2LUU23h\" target=\"_blank\" rel=\"noopener\">S\u00e3o Gon\u00e7alo<\/a>, a city in Greater Rio&#8217;s Eastern Region\u2014to the east of the Guanabara Bay. Based in Latin American theology and the realities of the favelas where they are located, the pastors and both their churches have as their mission the fight for human rights, anti-racism, and gender diversity.<\/p>\n<h3>The Baixada Redemption Church: A Church Within a City<\/h3>\n<p>Simple, organic, and informal, the Baixada Redemption Church started up eight years ago. Pastor Vladimir de Oliveira Souza has a degree in Theology and Pedagogy and has done postgraduate work in Education and Social Project Management. A resident of Nil\u00f3polis, he is also the Coordinator of Pedagogy and organizer of <a href=\"https:\/\/bit.ly\/3r7nKp1\" target=\"_blank\" rel=\"noopener\">Casa Semente<\/a>, an NGO that services <a href=\"http:\/\/bit.ly\/10l18Tt\" target=\"_blank\" rel=\"noopener\">Jardim Gramacho<\/a> in <a href=\"http:\/\/bit.ly\/2Zrt2vo\" target=\"_blank\" rel=\"noopener\">Duque de Caxias<\/a>, supporting children and adolescents in vulnerable social conditions.<\/p>\n<p><a href=\"https:\/\/rioonwatch.org\/wp-content\/uploads\/2022\/10\/Pastor-Vlad-da-Igreja-Redencao-BXD-no-centro-de-Nilopolis.-Foto-Janaina-Tavares-scaled-1.jpg\"><img loading=\"lazy\" decoding=\"async\" class=\"aligncenter wp-image-72401 size-full\" title=\"Pastor Vlad from the Baixada Redemption Church in the centre of Nil\u00f3polis. Photo: Janaina Tavares\" src=\"https:\/\/rioonwatch.org\/wp-content\/uploads\/2022\/10\/Pastor-Vlad-da-Igreja-Redencao-BXD-no-centro-de-Nilopolis.-Foto-Janaina-Tavares-scaled-1.jpg\" alt=\"\" width=\"2560\" height=\"1707\" srcset=\"https:\/\/rioonwatch.org\/wp-content\/uploads\/2022\/10\/Pastor-Vlad-da-Igreja-Redencao-BXD-no-centro-de-Nilopolis.-Foto-Janaina-Tavares-scaled-1.jpg 2560w, https:\/\/rioonwatch.org\/wp-content\/uploads\/2022\/10\/Pastor-Vlad-da-Igreja-Redencao-BXD-no-centro-de-Nilopolis.-Foto-Janaina-Tavares-scaled-1-620x413.jpg 620w, https:\/\/rioonwatch.org\/wp-content\/uploads\/2022\/10\/Pastor-Vlad-da-Igreja-Redencao-BXD-no-centro-de-Nilopolis.-Foto-Janaina-Tavares-scaled-1-943x629.jpg 943w, https:\/\/rioonwatch.org\/wp-content\/uploads\/2022\/10\/Pastor-Vlad-da-Igreja-Redencao-BXD-no-centro-de-Nilopolis.-Foto-Janaina-Tavares-scaled-1-768x512.jpg 768w\" sizes=\"(max-width: 2560px) 100vw, 2560px\" \/><\/a><\/p>\n<blockquote><p>\u201cThe Baixada Redemption Church defines itself as economically poor and structurally open. We have a nonhierarchical, horizontal structure, and avoid the mechanics of organizational management. We believe in the solidarity economy of God\u2019s kingdom and not in the church-business model established in Brazil. Here in the Baixada Fluminense, we work through collective experiments to find new ways to be a church: more public, simpler, inclusive and militant. A church embodied in the dilemmas and potential of our own community. A church of citizens, who believe and live the gospel while keeping our feet on the ground that life offers us. We want to be a socially just community, politically protestant, economically cooperative, environmentally healthy, and spiritually celebratory.\u201d \u2014 Pastor Vladimir de Oliveira Souza<\/p><\/blockquote>\n<p>The Baixada Redemption Church is a church within a city, or rather, besides helping people, it intends to be a relevant cultural community alongside existing cultural, social, and environmental movements. Pastor Souza continues:<\/p>\n<blockquote><p>\u201cOur most recent religious encounter occurred at a Landless Rural Workers Movement (<a href=\"http:\/\/bit.ly\/2f3Gd0V\" target=\"_blank\" rel=\"noopener\">MST<\/a>) settlement located in a reforestation project. The struggle for land rights and taking care of our common home are values and actions that are material reflections of our experience of the sacred. The complete radical inclusion of LGBTQIAP+ people is a way for us to be accessible to everyone. Our theological axis cuts across questions of social justice, eradication of poverty and hunger, and the fight for the inherent natural dignity of human beings. This is all the result of a respectful and intentional relationship with the democratic rule of law.\u201d<\/p><\/blockquote>\n<p><a href=\"https:\/\/rioonwatch.org\/wp-content\/uploads\/2022\/10\/AA.jpg\"><img loading=\"lazy\" decoding=\"async\" class=\"aligncenter wp-image-72413 size-full\" title=\"Some members of the Baixada Redemption Church gathered at the coworking space in Nil\u00f3polis, Baixada Fluminense. Photo: Janaina Tavares\" src=\"https:\/\/rioonwatch.org\/wp-content\/uploads\/2022\/10\/AA.jpg\" alt=\"\" width=\"2560\" height=\"1136\" srcset=\"https:\/\/rioonwatch.org\/wp-content\/uploads\/2022\/10\/AA.jpg 2560w, https:\/\/rioonwatch.org\/wp-content\/uploads\/2022\/10\/AA-620x275.jpg 620w, https:\/\/rioonwatch.org\/wp-content\/uploads\/2022\/10\/AA-1417x629.jpg 1417w, https:\/\/rioonwatch.org\/wp-content\/uploads\/2022\/10\/AA-768x341.jpg 768w\" sizes=\"(max-width: 2560px) 100vw, 2560px\" \/><\/a><\/p>\n<p>Baixada Redemption Church meets twice a week. On Thursday, the small study group meets remotely, and on Sunday there is a service in a co-working space in the Nil\u00f3polis city center. The service has a communal breakfast, moments of prayer, music, a sermon, and a sharing circle where everyone can be heard. Recently, Baixada Redemption Church created some new ministries: City, Culture and Communication, Social Justice and Health, and Equity, Gender, and Diversity.<\/p>\n<h3>The Comuna Church: Where Everyone is Treated with Dignity<\/h3>\n<p><a href=\"https:\/\/rioonwatch.org\/wp-content\/uploads\/2022\/10\/Pastor-Julio-Cesar-da-Igreja-Comunidade-Batista-conhecida-como-Igreja-Comuna-em-Sao-Goncalo.-Foto-acervo-pessoal.jpg\"><img loading=\"lazy\" decoding=\"async\" class=\"alignright wp-image-72403\" title=\"Pastor J\u00falio C\u00e9sar Oliveira from the Baptist Community Church known as Comuna Church in S\u00e3o Gon\u00e7alo. Personal archive. \" src=\"https:\/\/rioonwatch.org\/wp-content\/uploads\/2022\/10\/Pastor-Julio-Cesar-da-Igreja-Comunidade-Batista-conhecida-como-Igreja-Comuna-em-Sao-Goncalo.-Foto-acervo-pessoal-465x620.jpg\" alt=\"\" width=\"500\" height=\"667\" srcset=\"https:\/\/rioonwatch.org\/wp-content\/uploads\/2022\/10\/Pastor-Julio-Cesar-da-Igreja-Comunidade-Batista-conhecida-como-Igreja-Comuna-em-Sao-Goncalo.-Foto-acervo-pessoal-465x620.jpg 465w, https:\/\/rioonwatch.org\/wp-content\/uploads\/2022\/10\/Pastor-Julio-Cesar-da-Igreja-Comunidade-Batista-conhecida-como-Igreja-Comuna-em-Sao-Goncalo.-Foto-acervo-pessoal-472x629.jpg 472w, https:\/\/rioonwatch.org\/wp-content\/uploads\/2022\/10\/Pastor-Julio-Cesar-da-Igreja-Comunidade-Batista-conhecida-como-Igreja-Comuna-em-Sao-Goncalo.-Foto-acervo-pessoal-768x1024.jpg 768w, https:\/\/rioonwatch.org\/wp-content\/uploads\/2022\/10\/Pastor-Julio-Cesar-da-Igreja-Comunidade-Batista-conhecida-como-Igreja-Comuna-em-Sao-Goncalo.-Foto-acervo-pessoal.jpg 1717w\" sizes=\"(max-width: 500px) 100vw, 500px\" \/><\/a><\/p>\n<p>J\u00falio C\u00e9sar Oliveira is 56 years old and lives in S\u00e3o Gon\u00e7alo. He is the founder and pastor of the Baptist Community of S\u00e3o Gon\u00e7alo and president of the <a href=\"https:\/\/bit.ly\/3flYoRJ\" target=\"_blank\" rel=\"noopener\">Common House Institute<\/a>. In addition, he is part of a global association of Evangelical leaders\u2014UK-based organization <a href=\"https:\/\/bit.ly\/3dInxW6\" target=\"_blank\" rel=\"noopener\">Tear Fund<\/a>\u2014that fights for justice, the defense of rights, and against poverty.<\/p>\n<p>According to Oliveira, the Comuna Church, which has been in existence for 12 years, was born of a need for a movement that could reach people who were tired of the church, or who had never gone to church. Reinterpreting the Bible by updating the verses, and aligned with <a href=\"http:\/\/bit.ly\/2D64ywb\" target=\"_blank\" rel=\"noopener\">Latin American Liberation Theology<\/a>, the Comuna Church is \u201ca progressive church involved with human rights, which believes in the defense of life. It directly combats racism and misogyny. It has a governance system that we call the Common Council, where everyone has a voice. We are always on a \u2018path of maturity\u2019\u2014every Sunday morning we discuss books with the intention to consider our faith, our city, and our care for people.\u201d<\/p>\n<p>When asked about the importance of democracy, the pastor comments: \u201cFor Christians, it has never been as important as it is now to fight for democracy and the right to vote. Without this right we will revert to the dictatorship and to being enslaved by a bunch of violent people who aren\u2019t committed to life and to citizenship. With our democracy threatened, defending the constitution is fundamental, as it guarantees our right to vote. It\u2019s crucial that we try to make people aware of the basic responsibilities that are needed to defend these three fundamentals: democracy, sovereignty of the people, and the right to vote.\u201d<\/p>\n<p><a href=\"https:\/\/rioonwatch.org\/wp-content\/uploads\/2022\/10\/Dialogo-interreligioso.png\"><img loading=\"lazy\" decoding=\"async\" class=\"aligncenter wp-image-72415 size-full\" title=\"Inter-religious conversation takes place in Candolb\u00e9 Priestess Yaloris\u00e1 Ju\u00e7ara de lemanj\u00e1's sacred temple. Photo: Personal archive\" src=\"https:\/\/rioonwatch.org\/wp-content\/uploads\/2022\/10\/Dialogo-interreligioso.png\" alt=\"\" width=\"1351\" height=\"812\" srcset=\"https:\/\/rioonwatch.org\/wp-content\/uploads\/2022\/10\/Dialogo-interreligioso.png 1351w, https:\/\/rioonwatch.org\/wp-content\/uploads\/2022\/10\/Dialogo-interreligioso-620x373.png 620w, https:\/\/rioonwatch.org\/wp-content\/uploads\/2022\/10\/Dialogo-interreligioso-1047x629.png 1047w, https:\/\/rioonwatch.org\/wp-content\/uploads\/2022\/10\/Dialogo-interreligioso-768x462.png 768w\" sizes=\"(max-width: 1351px) 100vw, 1351px\" \/><\/a><\/p>\n<p>The Comuna Church works to diminish religious racism, LGBTphobia, hunger, and poverty. Pastor J\u00falio Oliveira says their intention is to broaden this agenda in 2023 to support socio-biodiversity, as well as supporting the faith, politics, financial autonomy, and employment of residents of Morro do Escad\u00e3o in S\u00e3o Gon\u00e7alo through the Common Home Institute.<\/p>\n<h3>Elections and the Practice of Christianity<\/h3>\n<p>Besides the pastors mentioned above, several members of the Baixada Redemption Church and Comuna Church were interviewed for this article. Their reflections are included below.<\/p>\n<h3>Jizar Marques de Andrade Santos<\/h3>\n<blockquote>\n<h3><a href=\"https:\/\/rioonwatch.org\/wp-content\/uploads\/2022\/10\/Jizar-Marques-de-Andrade-Santos-e-estudante-de-Historia-artesa-e-moradora-de-Sao-Joao-de-Meriti.-Faz-parte-da-Igreja-Redencao-BXD.-Foto-Janaina-Tavares-620x506-1.jpg\"><img loading=\"lazy\" decoding=\"async\" class=\"alignright wp-image-72439\" title=\"Artisan and history student Jizar Marques de Andrade Santos is a resident of S\u00e3o Jo\u00e3o de Meriti and a member of the Baixada Redemption Church. Photo: Janaina Tavares \" src=\"https:\/\/rioonwatch.org\/wp-content\/uploads\/2022\/10\/Jizar-Marques-de-Andrade-Santos-e-estudante-de-Historia-artesa-e-moradora-de-Sao-Joao-de-Meriti.-Faz-parte-da-Igreja-Redencao-BXD.-Foto-Janaina-Tavares-620x506-1.jpg\" alt=\"\" width=\"300\" height=\"245\" \/><\/a><\/h3>\n<p>\u201cThe right to vote is fundamental, but democracy is also defined by citizenship and the participation of all people. The constitution says that everyone has a right to dignity and a set of public policies that work towards the reduction of inequality. Rights can\u2019t be privileges, or depend on meritocracy. My understanding as a Christian lies here: grace doesn\u2019t depend on my deserving it or on what I\u2019ve achieved. Rather, it\u2019s bestowed by God on Jews and Gentiles alike. My church has been planting seedlings [as part of a reforestation project of the <a href=\"https:\/\/bit.ly\/3dNQm3t\" target=\"_blank\" rel=\"noopener\">EAE Institute<\/a> in Baixada Fluminense called &#8216;<a href=\"https:\/\/bit.ly\/3Rb6PMF\" target=\"_blank\" rel=\"noopener\">They Burn, We Plant<\/a>&#8216;]. We are also helping families by distributing basic food parcels. We have been doing projects to support LGBTQIAPN+ people, and we promote the pursuit of dignity in various ways, as a welcoming space for those who don\u2019t have a voice in traditional structures.\u201d<\/p><\/blockquote>\n<h3>D\u00e9bora Marques<\/h3>\n<blockquote>\n<h3><a href=\"https:\/\/rioonwatch.org\/wp-content\/uploads\/2022\/10\/Debora-Marques-de-27-anos-estudante-de-Biblioteconomia-e-moradora-de-Sao-Joao-de-Meriti-falando-na-Lectio-Divina-momento-meditativo-da-Redencao-BXD.-Foto-Francisco-Pinho-620x414-1.jpeg\"><img loading=\"lazy\" decoding=\"async\" class=\"alignright wp-image-72440\" title=\"A student of Library Sciences and a resident of S\u00e3o Jo\u00e3o de Meriti, Debora Marques, 27, lectures during the Baixada Redemption Church's Lectio Divina (moment of meditation). Photo: Francisco Pinho \" src=\"https:\/\/rioonwatch.org\/wp-content\/uploads\/2022\/10\/Debora-Marques-de-27-anos-estudante-de-Biblioteconomia-e-moradora-de-Sao-Joao-de-Meriti-falando-na-Lectio-Divina-momento-meditativo-da-Redencao-BXD.-Foto-Francisco-Pinho-620x414-1.jpeg\" alt=\"\" width=\"300\" height=\"200\" \/><\/a><\/h3>\n<p>\u201cAs a Christian, I understand that our fight has to be for justice, for life itself, and for peace. I think that the affirmation of democracy is extremely important because I know that it\u2019s only through democracy that our rights are guaranteed and maintained. In spite of moving forward slowly, step by step, knowing there is still a long way to go, our understanding that misogyny, racism, and LGBTphobia are crimes as defined by law and democratic process makes me feel that this is the right path to follow. As a Christian, I know that Jesus fought for the rights of those in need, fed the hungry, and fought against injustice and oppression.\u201d<\/p><\/blockquote>\n<h3>Leonardo Camargo de Almeida<\/h3>\n<blockquote>\n<h3><a href=\"https:\/\/rioonwatch.org\/wp-content\/uploads\/2022\/10\/Leonardo-Camargo-de-Almeida-620x445-1.png\"><img loading=\"lazy\" decoding=\"async\" class=\"alignright wp-image-72441\" title=\"Leonardo Camargo de Almeida\" src=\"https:\/\/rioonwatch.org\/wp-content\/uploads\/2022\/10\/Leonardo-Camargo-de-Almeida-620x445-1.png\" alt=\"\" width=\"300\" height=\"215\" \/><\/a><\/h3>\n<p>\u201cAs an evangelical Christian in the Pentecostal tradition\u2014by its very nature an insurgent movement which breaks traditional hegemony\u2014I believe that a democratic state is essential for the social well-being of society and the free exercise of our citizenship. I see voting as a primordial part of the fight against social inequality, since we can elect representatives to fight for our causes. The constitution is important to conceive and define what the State should be, while also being a document that defines our rights and responsibilities as citizens, as well as the responsibilities of the State to its people.\u201d<\/p><\/blockquote>\n<h3>Larissa Velasquez de Souza<\/h3>\n<blockquote><p><a href=\"https:\/\/rioonwatch.org\/wp-content\/uploads\/2022\/10\/Larissa-Velasquez-de-Souza-.png\"><img loading=\"lazy\" decoding=\"async\" class=\"alignright wp-image-72416\" title=\"Larissa Velasquez de Souza\" src=\"https:\/\/rioonwatch.org\/wp-content\/uploads\/2022\/10\/Larissa-Velasquez-de-Souza-.png\" alt=\"\" width=\"300\" height=\"285\" srcset=\"https:\/\/rioonwatch.org\/wp-content\/uploads\/2022\/10\/Larissa-Velasquez-de-Souza-.png 711w, https:\/\/rioonwatch.org\/wp-content\/uploads\/2022\/10\/Larissa-Velasquez-de-Souza--620x589.png 620w, https:\/\/rioonwatch.org\/wp-content\/uploads\/2022\/10\/Larissa-Velasquez-de-Souza--663x629.png 663w\" sizes=\"(max-width: 300px) 100vw, 300px\" \/><\/a>\u201cRegarding the support and promotion of dignity for the LGBTQIAP+ population, our church has been a very positive and unique force in S\u00e3o Gon\u00e7alo, creating a community of faith that is open to our brothers and sisters without any intention to \u2018cure\u2019 (since they don\u2019t have an illness) or \u2018liberate\u2019 (since we no longer believe the old fundamentalist perspective that demonizes sexuality and gender identity). In partnership with the S\u00e3o Gon\u00e7alo LGBTI Center and similar groups, we support dialogue around different ways of being. Our city is one of the most fundamentalist around here, with a huge number of churches that don\u2019t concern themselves with promoting justice, which is what we, as a community of faith, believe should be the true vocation of the church in its own community. Recently, we participated in a human rights course given by the EIG Women (<a href=\"https:\/\/bit.ly\/3dOX1u7\" target=\"_blank\" rel=\"noopener\">Evangelicals for Gender Equality<\/a>), where we learned about this topic. Everything I\u2019ve mentioned works towards the promotion of human rights.\u201d<\/p><\/blockquote>\n<h3>Karen Ianino<\/h3>\n<blockquote><p><a href=\"https:\/\/rioonwatch.org\/wp-content\/uploads\/2022\/10\/Karen-Ianino-.png\"><img loading=\"lazy\" decoding=\"async\" class=\"alignright wp-image-72420\" title=\"Karen Ianino, Portuguese teacher and pastor at the Baptist Community Church, in S\u00e3o Gon\u00e7alo. Photo: Personal archive\" src=\"https:\/\/rioonwatch.org\/wp-content\/uploads\/2022\/10\/Karen-Ianino-.png\" alt=\"\" width=\"300\" height=\"290\" srcset=\"https:\/\/rioonwatch.org\/wp-content\/uploads\/2022\/10\/Karen-Ianino-.png 1184w, https:\/\/rioonwatch.org\/wp-content\/uploads\/2022\/10\/Karen-Ianino--620x599.png 620w, https:\/\/rioonwatch.org\/wp-content\/uploads\/2022\/10\/Karen-Ianino--651x629.png 651w, https:\/\/rioonwatch.org\/wp-content\/uploads\/2022\/10\/Karen-Ianino--768x742.png 768w\" sizes=\"(max-width: 300px) 100vw, 300px\" \/><\/a>\u201cVoting is a civic responsibility which binds the entire social structure together, and which needs to be exercised with immense responsibility by every Christian. Democracy is a non-negotiable value for those who want to live well in our common home. The role of those who follow the Nazarene is to defend the democratic rule of law. In doing this, we are following in the steps of the One that we reference as the paradigm of our faith. We value our history, in which many of us Christians were persecuted and vilified just for being who we are. In the end, to understand the relevance of voting and of democracy is to understand that these two elements are fundamental for the freedom to be, as a clear reflection of a view turned towards community.\u201d<\/p><\/blockquote>\n<h3>Cinthia Cunha<\/h3>\n<blockquote><p><a href=\"https:\/\/rioonwatch.org\/wp-content\/uploads\/2022\/10\/Cinthia-Cunha-620x592-1.png\"><img loading=\"lazy\" decoding=\"async\" class=\"alignright wp-image-72442\" title=\"Food engineer Cintia Cunha is a member of the Baptist Community Church, in S\u00e3o Gon\u00e7alo. Photo: Personal archive\" src=\"https:\/\/rioonwatch.org\/wp-content\/uploads\/2022\/10\/Cinthia-Cunha-620x592-1.png\" alt=\"\" width=\"300\" height=\"286\" \/><\/a>\u201cIt\u2019s a shame that we need to defend democracy in a country that has been marked by the cruelty of a dictatorship. Ideally, we should be talking about how our democracy can be strengthened in order to fulfill its main function. That is, to give power to the people. Given the extremist talking points which put our democracy in question to the point where we almost see it slipping through our fingers, we need to intensify the defense of democracy by exercising our right to vote. Yes, even though it\u2019s required, this can only be challenged if we have the right to debate it. Democracy is fulfilled when everyone has access to the same opportunities and possibilities\u2014with equity, historical reparations, and the disappearance of privilege. I believe the only path for democracy and equity is for those who have more to give up some so that those who have less can gain some.\u201d<\/p><\/blockquote>\n<p>According to the evangelicals interviewed for this article, the role of a Christian is to be as Christ was, someone who denounces oppression and embodies the possibility of a less cruel world. The exercise of democracy, exercised through voting, is this: to be able to denounce injustice and imagine the future for all persons and children of God.<\/p>\n<hr \/>\n<h4>Support\u00a0RioOnWatch\u2019s tireless, critical and cutting-edge hyperlocal journalism, online community organizing meetings, and direct support to favelas\u00a0by clicking\u00a0<a href=\"http:\/\/www.bit.ly\/ApoieROW\" target=\"_blank\" rel=\"noopener\">here<\/a>.<\/h4>\n","protected":false},"excerpt":{"rendered":"<div class=\"mh-excerpt\"><p>Clique aqui para Portugu\u00eas In Brazil, progressive evangelicals have been organizing against religious intolerance, racism, and the far-right. The Evangelical Front for the Rule of Law is an example of this: a Christian movement that <a class=\"mh-excerpt-more\" href=\"https:\/\/rioonwatch.org\/?p=72327\" title=\"Progressive Churches, Diversity in the Evangelical Vote, and the Fight for Democracy in Rio&#8217;s Favelas\">[&#8230;]<\/a><\/p>\n<\/div>","protected":false},"author":236,"featured_media":72398,"comment_status":"closed","ping_status":"closed","sticky":false,"template":"template-full.php","format":"standard","meta":{"_monsterinsights_skip_tracking":false,"_monsterinsights_sitenote_active":false,"_monsterinsights_sitenote_note":"","_monsterinsights_sitenote_category":0,"footnotes":""},"categories":[1288,1328,2242,1284,328],"tags":[3496,460,504,479,554,595,552,1197,25,262,1507,3530,1312,123,3378,120],"writer":[3529],"translator":[3361],"illustrator":[],"photographer":[],"class_list":{"0":"post-72327","1":"post","2":"type-post","3":"status-publish","4":"format-standard","5":"has-post-thumbnail","7":"category-highlight","8":"category-by-community-contributors","9":"category-democracy","10":"category-interviews-profiles","11":"category-understanding-rio","12":"tag-2022-elections","13":"tag-baixada-fluminense","14":"tag-culture","15":"tag-democracy","16":"tag-diversity","17":"tag-elections","18":"tag-evangelical-church","19":"tag-greater-rio","20":"tag-human-rights","21":"tag-interview","22":"tag-lgbt","23":"tag-morro-do-escadao","24":"tag-nilopolis","25":"tag-religion","26":"tag-religious-intolerance","27":"tag-sao-goncalo","28":"writer-janaina-tavares","29":"translator-fred-hanson"},"_links":{"self":[{"href":"https:\/\/rioonwatch.org\/index.php?rest_route=\/wp\/v2\/posts\/72327","targetHints":{"allow":["GET"]}}],"collection":[{"href":"https:\/\/rioonwatch.org\/index.php?rest_route=\/wp\/v2\/posts"}],"about":[{"href":"https:\/\/rioonwatch.org\/index.php?rest_route=\/wp\/v2\/types\/post"}],"author":[{"embeddable":true,"href":"https:\/\/rioonwatch.org\/index.php?rest_route=\/wp\/v2\/users\/236"}],"replies":[{"embeddable":true,"href":"https:\/\/rioonwatch.org\/index.php?rest_route=%2Fwp%2Fv2%2Fcomments&post=72327"}],"version-history":[{"count":0,"href":"https:\/\/rioonwatch.org\/index.php?rest_route=\/wp\/v2\/posts\/72327\/revisions"}],"wp:featuredmedia":[{"embeddable":true,"href":"https:\/\/rioonwatch.org\/index.php?rest_route=\/wp\/v2\/media\/72398"}],"wp:attachment":[{"href":"https:\/\/rioonwatch.org\/index.php?rest_route=%2Fwp%2Fv2%2Fmedia&parent=72327"}],"wp:term":[{"taxonomy":"category","embeddable":true,"href":"https:\/\/rioonwatch.org\/index.php?rest_route=%2Fwp%2Fv2%2Fcategories&post=72327"},{"taxonomy":"post_tag","embeddable":true,"href":"https:\/\/rioonwatch.org\/index.php?rest_route=%2Fwp%2Fv2%2Ftags&post=72327"},{"taxonomy":"writer","embeddable":true,"href":"https:\/\/rioonwatch.org\/index.php?rest_route=%2Fwp%2Fv2%2Fwriter&post=72327"},{"taxonomy":"translator","embeddable":true,"href":"https:\/\/rioonwatch.org\/index.php?rest_route=%2Fwp%2Fv2%2Ftranslator&post=72327"},{"taxonomy":"illustrator","embeddable":true,"href":"https:\/\/rioonwatch.org\/index.php?rest_route=%2Fwp%2Fv2%2Fillustrator&post=72327"},{"taxonomy":"photographer","embeddable":true,"href":"https:\/\/rioonwatch.org\/index.php?rest_route=%2Fwp%2Fv2%2Fphotographer&post=72327"}],"curies":[{"name":"wp","href":"https:\/\/api.w.org\/{rel}","templated":true}]}}