{"id":72733,"date":"2022-11-20T08:59:31","date_gmt":"2022-11-20T11:59:31","guid":{"rendered":"https:\/\/rioonwatch.org\/?p=72733"},"modified":"2025-09-13T14:07:45","modified_gmt":"2025-09-13T17:07:45","slug":"45-years-ago-mid-dictatorship-vidigal-resisted-evictions-paving-way-for-resistance-and-enduring-to-today","status":"publish","type":"post","link":"https:\/\/rioonwatch.org\/?p=72733","title":{"rendered":"45 Years Ago, Mid-Dictatorship, Vidigal Resisted Evictions, Paving the Way for Resistance that Endures"},"content":{"rendered":"<figure id=\"attachment_72734\" aria-describedby=\"caption-attachment-72734\" style=\"width: 2560px\" class=\"wp-caption aligncenter\"><a href=\"https:\/\/rioonwatch.org\/wp-content\/uploads\/2022\/11\/Vidiga.-Foto-Thiago-Ripper-scaled-1.jpg\"><img fetchpriority=\"high\" decoding=\"async\" class=\"wp-image-72734 size-full\" title=\"Vidigal. Photo: Thiago Ripper.\" src=\"https:\/\/rioonwatch.org\/wp-content\/uploads\/2022\/11\/Vidiga.-Foto-Thiago-Ripper-scaled-1.jpg\" alt=\"\" width=\"2560\" height=\"1706\" srcset=\"https:\/\/rioonwatch.org\/wp-content\/uploads\/2022\/11\/Vidiga.-Foto-Thiago-Ripper-scaled-1.jpg 2560w, https:\/\/rioonwatch.org\/wp-content\/uploads\/2022\/11\/Vidiga.-Foto-Thiago-Ripper-scaled-1-620x413.jpg 620w, https:\/\/rioonwatch.org\/wp-content\/uploads\/2022\/11\/Vidiga.-Foto-Thiago-Ripper-scaled-1-944x629.jpg 944w, https:\/\/rioonwatch.org\/wp-content\/uploads\/2022\/11\/Vidiga.-Foto-Thiago-Ripper-scaled-1-768x512.jpg 768w\" sizes=\"(max-width: 2560px) 100vw, 2560px\" \/><\/a><figcaption id=\"caption-attachment-72734\" class=\"wp-caption-text\">Vidigal. Photo: Thiago Ripper<\/figcaption><\/figure>\n<h4 style=\"text-align: right;\"><a href=\"https:\/\/bit.ly\/3FfE0wx\" target=\"_blank\" rel=\"noopener\"><span class=\"s1\"><em>Clique aqui para Portugu\u00eas<\/em><\/span><em><span class=\"s2\"><span class=\"Apple-converted-space\"><img decoding=\"async\" class=\"alignright size-full wp-image-23766\" src=\"https:\/\/www.rioonwatch.org\/wp-content\/uploads\/2012\/08\/PT-e1439583827971.png\" width=\"20\" height=\"20\" \/><\/span><\/span><\/em><\/a><\/h4>\n<p><span style=\"font-weight: 400;\">Over 175,000 people were evicted from favelas in the state of Rio between 1960 and 1973, a period historian <\/span><a href=\"https:\/\/bit.ly\/3z7U7bn\" target=\"_blank\" rel=\"noopener\"><span style=\"font-weight: 400;\">M\u00e1rio Brum<\/span><\/a> calls the &#8220;Era of Evictions&#8221;<span style=\"font-weight: 400;\">\u00a0in his thesis <\/span><a href=\"https:\/\/bit.ly\/3TxTRdZ\" target=\"_blank\" rel=\"noopener\"><i><span style=\"font-weight: 400;\">Cidade Alta: History, Memories and Favela Stigma in a Public Housing Complex in Rio de Janeiro<\/span><\/i><\/a><span style=\"font-weight: 400;\">.<\/span> The favela of <span style=\"font-weight: 400;\"><a href=\"https:\/\/glo.bo\/2hNOJWL\" target=\"_blank\" rel=\"noopener\">Vidigal remained<\/a>, however, despite<\/span><span style=\"font-weight: 400;\"> 45 years ago, on October 24, 1977, residents waking to markings on their doors of \u201cFL\u201d (<\/span><a href=\"http:\/\/bit.ly\/2NG7Xwr\" target=\"_blank\" rel=\"noopener\"><span style=\"font-weight: 400;\">Funda\u00e7\u00e3o Le\u00e3o XIII<\/span><\/a><span style=\"font-weight: 400;\">) along with a number.<\/span><\/p>\n<figure id=\"attachment_72750\" aria-describedby=\"caption-attachment-72750\" style=\"width: 500px\" class=\"wp-caption alignright\"><a href=\"https:\/\/rioonwatch.org\/wp-content\/uploads\/2022\/11\/Marcacao-FL133-na-porta-de-uma-casa-no-Vidigal-indicacao-que-seria-removida-em-1977.-Foto-Arquivo-Pastoral-das-Favelas.png\"><img decoding=\"async\" class=\"wp-image-72750\" title=\"\u201cFL133\u201d marking the door of a house in Vidigal, indicating it was slated for removal, in 1977. Photo: Favelas Pastoral Committee\" src=\"https:\/\/rioonwatch.org\/wp-content\/uploads\/2022\/11\/Marcacao-FL133-na-porta-de-uma-casa-no-Vidigal-indicacao-que-seria-removida-em-1977.-Foto-Arquivo-Pastoral-das-Favelas.png\" alt=\"\" width=\"500\" height=\"281\" srcset=\"https:\/\/rioonwatch.org\/wp-content\/uploads\/2022\/11\/Marcacao-FL133-na-porta-de-uma-casa-no-Vidigal-indicacao-que-seria-removida-em-1977.-Foto-Arquivo-Pastoral-das-Favelas.png 858w, https:\/\/rioonwatch.org\/wp-content\/uploads\/2022\/11\/Marcacao-FL133-na-porta-de-uma-casa-no-Vidigal-indicacao-que-seria-removida-em-1977.-Foto-Arquivo-Pastoral-das-Favelas-620x349.png 620w, https:\/\/rioonwatch.org\/wp-content\/uploads\/2022\/11\/Marcacao-FL133-na-porta-de-uma-casa-no-Vidigal-indicacao-que-seria-removida-em-1977.-Foto-Arquivo-Pastoral-das-Favelas-768x432.png 768w\" sizes=\"(max-width: 500px) 100vw, 500px\" \/><\/a><figcaption id=\"caption-attachment-72750\" class=\"wp-caption-text\">\u201cFL133\u201d marking the door of a house in Vidigal, indicating it was slated for removal, in 1977. Photo: Favelas Pastoral Committee<\/figcaption><\/figure>\n<p><span style=\"font-weight: 400;\">This was how Funda\u00e7\u00e3o Le\u00e3o XIII marked houses slated for removal in the community&#8217;s micro area known as 314. Plans stated that occupants would be transferred to <\/span><a href=\"https:\/\/bit.ly\/3aum5lM\" target=\"_blank\" rel=\"noopener\"><span style=\"font-weight: 400;\">Antares<\/span><\/a><span style=\"font-weight: 400;\">, in the city\u2019s extreme <\/span><a href=\"http:\/\/bit.ly\/2KVA7k7\" target=\"_blank\" rel=\"noopener\"><span style=\"font-weight: 400;\">West Zone<\/span><\/a><span style=\"font-weight: 400;\">, on trucks belonging to the<\/span><span style=\"font-weight: 400;\"> waste management utility, <a href=\"http:\/\/bit.ly\/19R52QB\" target=\"_blank\" rel=\"noopener\">Comlurb<\/a>. Human beings treated like garbage!<\/span><\/p>\n<p><span style=\"font-weight: 400;\">The Vidigal Residents&#8217; Association (<\/span><a href=\"https:\/\/bit.ly\/3gBdJ16\" target=\"_blank\" rel=\"noopener\"><span style=\"font-weight: 400;\">AMVV<\/span><\/a><span style=\"font-weight: 400;\">), with support from congressman <\/span><a href=\"https:\/\/bit.ly\/3CWDWis\" target=\"_blank\" rel=\"noopener\"><span style=\"font-weight: 400;\">Alu\u00edsio Teixeira<\/span><\/a><span style=\"font-weight: 400;\">, secured the suspension of forced evictions that day. Even so, some residents wanted to leave. They believed in the promise of a duplex apartment for each family. A group of women went to Antares to check whether the location offered by <a href=\"https:\/\/bit.ly\/3D1Untw\" target=\"_blank\" rel=\"noopener\">Mayor Marcos Tamoyo<\/a><\/span><span style=\"font-weight: 400;\">\u00a0(\u201c<\/span><a href=\"https:\/\/glo.bo\/2lNocqE\" target=\"_blank\" rel=\"noopener\"><span style=\"font-weight: 400;\">Marcos Tramoia<\/span><\/a>,<span style=\"font-weight: 400;\">\u201d<\/span><span style=\"font-weight: 400;\"> or &#8220;Marcos the scammer&#8221; in a loose translation, was his nickname in Vidigal<\/span><span style=\"font-weight: 400;\">) had sufficiently sound structural conditions to replace the area in which they lived and socialized together. The replacement homes were miniscule. There was no school, daycare, hospital. Nothing. According to one of the leaders at the time, Carlos Duque, \u201cAntares looked like a concentration camp.\u201d<\/span><\/p>\n<figure id=\"attachment_72753\" aria-describedby=\"caption-attachment-72753\" style=\"width: 500px\" class=\"wp-caption alignright\"><a href=\"https:\/\/rioonwatch.org\/wp-content\/uploads\/2022\/11\/Despejo-de-morador-do-Vidigal.jpg\"><img loading=\"lazy\" decoding=\"async\" class=\"wp-image-72753\" title=\"Eviction of a Vidigal resident\" src=\"https:\/\/rioonwatch.org\/wp-content\/uploads\/2022\/11\/Despejo-de-morador-do-Vidigal.jpg\" alt=\"\" width=\"500\" height=\"335\" srcset=\"https:\/\/rioonwatch.org\/wp-content\/uploads\/2022\/11\/Despejo-de-morador-do-Vidigal.jpg 800w, https:\/\/rioonwatch.org\/wp-content\/uploads\/2022\/11\/Despejo-de-morador-do-Vidigal-620x415.jpg 620w, https:\/\/rioonwatch.org\/wp-content\/uploads\/2022\/11\/Despejo-de-morador-do-Vidigal-768x515.jpg 768w\" sizes=\"(max-width: 500px) 100vw, 500px\" \/><\/a><figcaption id=\"caption-attachment-72753\" class=\"wp-caption-text\">Eviction of a Vidigal resident<\/figcaption><\/figure>\n<p><span style=\"font-weight: 400;\">Congressmen <\/span><a href=\"https:\/\/bit.ly\/3sj9uKv\" target=\"_blank\" rel=\"noopener\"><span style=\"font-weight: 400;\">D\u00e9lio dos Santos<\/span><\/a><span style=\"font-weight: 400;\"> and Flores da Cunha joined the residents\u2019 struggle. <\/span><a href=\"http:\/\/bit.ly\/3UIiVPN\" target=\"_blank\" rel=\"noopener\"><span style=\"font-weight: 400;\">Sobral Pinto<\/span><\/a><span style=\"font-weight: 400;\">, the celebrated lawyer known as \u201cMr. Justice,\u201d took on the cause of the favela and assigned his representative, <\/span><a href=\"https:\/\/bit.ly\/3smBFYM\" target=\"_blank\" rel=\"noopener\"><span style=\"font-weight: 400;\">Bento Rubi\u00e3o<\/span><\/a><span style=\"font-weight: 400;\">, as defender of the residents threatened by forced evictions.\u00a0<\/span><\/p>\n<p><span style=\"font-weight: 400;\">Community leaders\u2014<\/span><a href=\"http:\/\/bit.ly\/1TGUbCo\" target=\"_blank\" rel=\"noopener\"><span style=\"font-weight: 400;\">Seu Armando<\/span><\/a><span style=\"font-weight: 400;\">, <\/span><a href=\"http:\/\/bit.ly\/1LlxosZ\" target=\"_blank\" rel=\"noopener\"><span style=\"font-weight: 400;\">Carlos Duque<\/span><\/a><span style=\"font-weight: 400;\">, Carlinhos Pernambuco, M\u00e1rio S\u00e9rgio, and Paulo Muniz, or <\/span><a href=\"http:\/\/bit.ly\/1ru8wnf\" target=\"_blank\" rel=\"noopener\"><span style=\"font-weight: 400;\">Paulinho<\/span><\/a>\u2014<span style=\"font-weight: 400;\">came up with a number of strategies to delay the removals. Breakfast was offered to Comlurb employees in exchange for them taking just a broom, a bucket, or other objects of lesser importance from the homes during each trip. Organized by school principal Eneida Veloso Brasil, students from the Almirante Tamandar\u00e9 Municipal School formed a human chain to prevent the trucks from reaching residents they were attempting to evict. Even the carnival parade by samba school <\/span><a href=\"http:\/\/bit.ly\/1Uf0FX9\" target=\"_blank\" rel=\"noopener\"><span style=\"font-weight: 400;\">Acad\u00eamicos do Vidigal<\/span><\/a> <span style=\"font-weight: 400;\">was used as an argument to postpone the eviction orders. After all, carnival is Brazil&#8217;s largest popular festival and samba is rooted in the favelas.\u00a0<\/span><\/p>\n<p><span style=\"font-weight: 400;\">Residents continued coming up with resistance strategies. Meanwhile, powers of attorney were issued, allowing each eviction attempt to be blocked by Bento Rubi\u00e3o. Residents who doubted his abilities or the effectiveness of the document were, unfortunately, taken to Antares, since they lacked legal representation.<\/span><\/p>\n<p><span style=\"font-weight: 400;\">One resident had recently experienced a breakup and took advantage of the opportunity to start a new life elsewhere: he agreed to go to Antares, an episode portrayed in the film <\/span><a href=\"https:\/\/bit.ly\/3SmnQUU\" target=\"_blank\" rel=\"noopener\"><i><span style=\"font-weight: 400;\">Bandeira de Retalhos<\/span><\/i><\/a> [Flag of Scraps], <span style=\"font-weight: 400;\">by S\u00e9rgio Ricardo<\/span><span style=\"font-weight: 400;\">. This man\u2019s shack became the headquarters of the residents&#8217; association.<\/span><\/p>\n<p><span style=\"font-weight: 400;\">Vidigal was also supported by members of the Catholic Church aligned with <\/span><a href=\"http:\/\/bit.ly\/2D64ywb\" target=\"_blank\" rel=\"noopener\"><span style=\"font-weight: 400;\">liberation theology<\/span><\/a><span style=\"font-weight: 400;\">. <\/span><a href=\"https:\/\/bit.ly\/3DcyTbY\" target=\"_blank\" rel=\"noopener\"><span style=\"font-weight: 400;\">Archbishop Dom Eug\u00eanio Sales<\/span><\/a><span style=\"font-weight: 400;\"> himself was an avid supporter of various favela causes. Residents had no ties to a specific political party, but instead were individuals who belonged to the oppressed class that had organized in the quest for the right to housing. Because of this fight by Vidigal\u2019s favela population, the <\/span><a href=\"http:\/\/bit.ly\/2l5fO9k\" target=\"_blank\" rel=\"noopener\"><span style=\"font-weight: 400;\">Favelas Pastoral Committee<\/span><\/a><span style=\"font-weight: 400;\"> was founded in 1977. Thanks to this body of the Catholic Church, Vidigal won support from the renowned lawyer mentioned earlier, <\/span><a href=\"http:\/\/bit.ly\/3UIiVPN\" target=\"_blank\" rel=\"noopener\"><span style=\"font-weight: 400;\">Sobral Pinto<\/span><\/a><span style=\"font-weight: 400;\">.<\/span><\/p>\n<figure id=\"attachment_72756\" aria-describedby=\"caption-attachment-72756\" style=\"width: 1030px\" class=\"wp-caption aligncenter\"><a href=\"https:\/\/rioonwatch.org\/wp-content\/uploads\/2022\/11\/Arquivo-Nucleo-de-Memorias-do-Vidigal.-Evento-da-Pastoral-das-Favelas-no-Vidigal..png\"><img loading=\"lazy\" decoding=\"async\" class=\"wp-image-72756\" title=\"Event hosted by the Favelas Pastoral Committee in Vidigal. Photo: Vidigal Nucleus of Memories Archive\u00a0\" src=\"https:\/\/rioonwatch.org\/wp-content\/uploads\/2022\/11\/Arquivo-Nucleo-de-Memorias-do-Vidigal.-Evento-da-Pastoral-das-Favelas-no-Vidigal..png\" alt=\"\" width=\"1030\" height=\"708\" srcset=\"https:\/\/rioonwatch.org\/wp-content\/uploads\/2022\/11\/Arquivo-Nucleo-de-Memorias-do-Vidigal.-Evento-da-Pastoral-das-Favelas-no-Vidigal..png 1069w, https:\/\/rioonwatch.org\/wp-content\/uploads\/2022\/11\/Arquivo-Nucleo-de-Memorias-do-Vidigal.-Evento-da-Pastoral-das-Favelas-no-Vidigal.-620x426.png 620w, https:\/\/rioonwatch.org\/wp-content\/uploads\/2022\/11\/Arquivo-Nucleo-de-Memorias-do-Vidigal.-Evento-da-Pastoral-das-Favelas-no-Vidigal.-915x629.png 915w, https:\/\/rioonwatch.org\/wp-content\/uploads\/2022\/11\/Arquivo-Nucleo-de-Memorias-do-Vidigal.-Evento-da-Pastoral-das-Favelas-no-Vidigal.-768x528.png 768w\" sizes=\"(max-width: 1030px) 100vw, 1030px\" \/><\/a><figcaption id=\"caption-attachment-72756\" class=\"wp-caption-text\">Event hosted by the Favelas Pastoral Committee in Vidigal. Photo: Vidigal Nucleus of Memories<\/figcaption><\/figure>\n<p><span style=\"font-weight: 400;\">The argument to justify removal of residents was the <\/span><a href=\"http:\/\/bit.ly\/1isOpQg\" target=\"_blank\" rel=\"noopener\"><span style=\"font-weight: 400;\">risk of landslides<\/span><\/a><span style=\"font-weight: 400;\"> on the hill. A geologist from the Federal University of Rio de Janeiro (UFRJ) was hired by the Favelas Pastoral Committee, whose evaluation showed that the area was <\/span><a href=\"http:\/\/bit.ly\/1FZAPW7\" target=\"_blank\" rel=\"noopener\"><span style=\"font-weight: 400;\">not at risk<\/span><\/a><span style=\"font-weight: 400;\"> of collapsing. It was found that the true motivation was <\/span><a href=\"http:\/\/bit.ly\/2WPM4dk\" target=\"_blank\" rel=\"noopener\"><span style=\"font-weight: 400;\">real estate speculation<\/span><\/a><span style=\"font-weight: 400;\">: they planned to build luxury housing for the dominant class.\u00a0<\/span><\/p>\n<p><span style=\"font-weight: 400;\">Popular resistance to removing favela homes located between the two <a href=\"http:\/\/bit.ly\/318kJ9H\" target=\"_blank\" rel=\"noopener\">South Zone<\/a> <\/span><span style=\"font-weight: 400;\">neighborhoods of <\/span><a href=\"https:\/\/bit.ly\/2XJrRtd\" target=\"_blank\" rel=\"noopener\"><span style=\"font-weight: 400;\">S\u00e3o Conrado<\/span><\/a><span style=\"font-weight: 400;\"> and <\/span><a href=\"http:\/\/bit.ly\/2p61G1r\" target=\"_blank\" rel=\"noopener\"><span style=\"font-weight: 400;\">Leblon<\/span><\/a><span style=\"font-weight: 400;\">, at the height of the <\/span><a href=\"http:\/\/bit.ly\/1yTMiSA\" target=\"_blank\" rel=\"noopener\"><span style=\"font-weight: 400;\">military dictatorship<\/span><\/a><span style=\"font-weight: 400;\">, caught the press\u2019s attention at the time. People from outside the favela volunteered to help with local development. University students, doctors, lawyers, architects, and journalists offered to assist Vidigal\u2019s population.<\/span><\/p>\n<p><span style=\"font-weight: 400;\">The fight won the support of singer Ney Matogrosso, for example, who performed at the <\/span><a href=\"https:\/\/bit.ly\/3Smpdmw\" target=\"_blank\" rel=\"noopener\"><span style=\"font-weight: 400;\">Stella Maris School<\/span><\/a><span style=\"font-weight: 400;\"> to help cover the legal costs of defending residents against evictions. According to Filomena Di Pr\u00ednzio, member of the AMVV women\u2019s group and contributor to the newspaper <\/span><i><span style=\"font-weight: 400;\">O Mensageiro<\/span><\/i><span style=\"font-weight: 400;\">, an important local media outlet, the singer\u2019s performance with bananas covering his private parts was a little shocking given the nuns in attendance from the private Catholic school that had granted the space.<\/span><\/p>\n<p><span style=\"font-weight: 400;\">The AMVV was strong, respected, and active. In fact, it helped structure and establish various other favelas&#8217; residents&#8217; associations, and was founded in 1967 to push back on eviction measures (the threats of removals didn\u2019t begin in 1967, although they were more intense that year). Jos\u00e9 Ferreira was the first president of the AMVV. Modesto, the vice-president, was a <\/span><i><span style=\"font-weight: 400;\">babalorix\u00e1<\/span><\/i><span style=\"font-weight: 400;\"> [Candombl\u00e9 priest] who had a <\/span><i><span style=\"font-weight: 400;\">terreiro <\/span><\/i><span style=\"font-weight: 400;\">[place of worship] at a spot known today as Rampa do 314. As the institution representing the favela population had no headquarters, community meetings were held at Father Modesto\u2019s Candombl\u00e9 <\/span><i><span style=\"font-weight: 400;\">terreiro<\/span><\/i><span style=\"font-weight: 400;\">. Many of these individuals were Catholic, but their religious beliefs were unimportant: the goal was establishing unity for the sake of organizing the favela and its resistance movement. Faith didn&#8217;t get mixed up with collective interests.<\/span><\/p>\n<p><span style=\"font-weight: 400;\">In the 1970s, Jos\u00e9 Ferreira and Father Modesto moved away from Vidigal. Community leadership met at corner stores Birosca da Concei\u00e7\u00e3o and Birosca do Alu\u00edsio. In the 1980s, the current AMVV headquarters was built through collective efforts.\u00a0<\/span><\/p>\n<figure id=\"attachment_72758\" aria-describedby=\"caption-attachment-72758\" style=\"width: 500px\" class=\"wp-caption alignright\"><a href=\"https:\/\/rioonwatch.org\/wp-content\/uploads\/2022\/11\/Papa-Joao-Paulo-II-no-Vidigal-em-1980.jpg\"><img loading=\"lazy\" decoding=\"async\" class=\"wp-image-72758\" title=\"Pope John Paul II visits Vidigal, in 1980.\" src=\"https:\/\/rioonwatch.org\/wp-content\/uploads\/2022\/11\/Papa-Joao-Paulo-II-no-Vidigal-em-1980.jpg\" alt=\"\" width=\"500\" height=\"268\" srcset=\"https:\/\/rioonwatch.org\/wp-content\/uploads\/2022\/11\/Papa-Joao-Paulo-II-no-Vidigal-em-1980.jpg 940w, https:\/\/rioonwatch.org\/wp-content\/uploads\/2022\/11\/Papa-Joao-Paulo-II-no-Vidigal-em-1980-620x332.jpg 620w, https:\/\/rioonwatch.org\/wp-content\/uploads\/2022\/11\/Papa-Joao-Paulo-II-no-Vidigal-em-1980-768x412.jpg 768w\" sizes=\"(max-width: 500px) 100vw, 500px\" \/><\/a><figcaption id=\"caption-attachment-72758\" class=\"wp-caption-text\">Pope John Paul II visits Vidigal in 1980.<\/figcaption><\/figure>\n<p><span style=\"font-weight: 400;\">Vidigal went on winning its legal battles, but the fight only ended in 1980, the year Pope John Paul II came to visit. The highest representative of the Catholic Church chose this favela as one of his stops during his trip through Brazil due to the repercussions arising from the resistance by the favela\u2019s population and the relationships of its leaders with the Favelas Pastoral Committee. On the eve of his visit, then-Governor Chagas Freitas signed the expropriation decree of Vidigal for social purposes. Vidigal had won. Some attribute this victory to the pope\u2019s visit. However, if the favela\u2019s cause generated such a great degree of attention, it was because there was unity and resistance by residents, led by the institution representing them.\u00a0<\/span><\/p>\n<figure id=\"attachment_72759\" aria-describedby=\"caption-attachment-72759\" style=\"width: 500px\" class=\"wp-caption alignright\"><a href=\"https:\/\/rioonwatch.org\/wp-content\/uploads\/2022\/11\/Papa-doa-um-anel-para-a-luta-do-Vidigal-durante-sua-visita-a-favela-em-1980..png\"><img loading=\"lazy\" decoding=\"async\" class=\"wp-image-72759\" title=\"Photo: Vidigal Nucleus of Memories\u00a0\" src=\"https:\/\/rioonwatch.org\/wp-content\/uploads\/2022\/11\/Papa-doa-um-anel-para-a-luta-do-Vidigal-durante-sua-visita-a-favela-em-1980..png\" alt=\"\" width=\"500\" height=\"401\" srcset=\"https:\/\/rioonwatch.org\/wp-content\/uploads\/2022\/11\/Papa-doa-um-anel-para-a-luta-do-Vidigal-durante-sua-visita-a-favela-em-1980..png 885w, https:\/\/rioonwatch.org\/wp-content\/uploads\/2022\/11\/Papa-doa-um-anel-para-a-luta-do-Vidigal-durante-sua-visita-a-favela-em-1980.-620x497.png 620w, https:\/\/rioonwatch.org\/wp-content\/uploads\/2022\/11\/Papa-doa-um-anel-para-a-luta-do-Vidigal-durante-sua-visita-a-favela-em-1980.-784x629.png 784w, https:\/\/rioonwatch.org\/wp-content\/uploads\/2022\/11\/Papa-doa-um-anel-para-a-luta-do-Vidigal-durante-sua-visita-a-favela-em-1980.-768x616.png 768w\" sizes=\"(max-width: 500px) 100vw, 500px\" \/><\/a><figcaption id=\"caption-attachment-72759\" class=\"wp-caption-text\">Photo: Vidigal Nucleus of Memories<\/figcaption><\/figure>\n<p><span style=\"font-weight: 400;\">According to Paulinho, the pope\u2019s visit guaranteed residents the right to stay. After all, it made headlines around the world. No one dared evict anyone from the \u201cPope\u2019s favela,\u201d as it became known. During his visit, His Holiness surprised everyone by donating his ring to Vidigal. Today, the treasure is guarded at the Archdiocese of Rio de Janeiro&#8217;s Religious Arts Museum. A replica is kept at the Saint Francis of Assisi Chapel in the community and is put on display during church festivities.<\/span><\/p>\n<p><span style=\"font-weight: 400;\">The current headquarters of the AMVV, as well as other public buildings<\/span>\u2014<span style=\"font-weight: 400;\">such as the health clinic, the cultural center, the Saint Francis of Assisi Chapel\u2014were built through collective efforts. On weekends, residents paved the roads and installed water pipes. Men, women, and children joined forces in the midst of mud, cement, and bricks. The houses were also built this way: collectively. Including, by the way, my family\u2019s own home.\u00a0<\/span><\/p>\n<p><span style=\"font-weight: 400;\">The unity of residents and their fighting spirit in the face of adversity allowed them to achieve all they did over the years. In particular, the Youth Group and the AMVV Women\u2019s Group merit special mention. The first was responsible for community events, and the second for submitting requests for infrastructure improvements in Vidigal to the authorities and following up on them, such as water supply, street lighting, and building of daycare centers and clinics.<\/span><\/p>\n<p><span style=\"font-weight: 400;\">Vidigal has a unique way of naming its streets. Among the measures adopted by these groups organizing the favela was the decision to name the streets after those who were involved in the fight against eviction. Lawyers, journalists, people with ties to the Catholic Church (the Favelas Pastoral Committee), community leaders (many mentioned here), and dates of note in the favela\u2019s history (including October 24) are paid tribute. The favela determined its own fate.\u00a0<\/span><\/p>\n<figure id=\"attachment_72763\" aria-describedby=\"caption-attachment-72763\" style=\"width: 299px\" class=\"wp-caption alignright\"><a href=\"https:\/\/rioonwatch.org\/wp-content\/uploads\/2022\/11\/Tijolo-por-Tijolo-concerto-em-solidariedade-ao-Vidigal-sai-no-jornal..jpg\"><img loading=\"lazy\" decoding=\"async\" class=\"wp-image-72763 size-full\" title=\"Brick by Brick, a concert held in solidarity with Vidigal, appears in the press.\" src=\"https:\/\/rioonwatch.org\/wp-content\/uploads\/2022\/11\/Tijolo-por-Tijolo-concerto-em-solidariedade-ao-Vidigal-sai-no-jornal..jpg\" alt=\"\" width=\"299\" height=\"512\" \/><\/a><figcaption id=\"caption-attachment-72763\" class=\"wp-caption-text\">Brick by Brick, a concert held in solidarity with Vidigal, appears in the press.<\/figcaption><\/figure>\n<p><span style=\"font-weight: 400;\">In terms of nomenclature, there\u2019s another unique point about Vidigal: a beach is named after it. In 1968, construction work for the Sheraton Hotel in front of the community had begun, which planned to give its guests exclusive access to the beach. Residents protested. In 1971, we legally won the right to freely access Vidigal Beach.<\/span><\/p>\n<p><span style=\"font-weight: 400;\">Another milestone in Vidigal\u2019s history was the Brick by Brick concert hosted in 1962 at the State University of Rio de Janeiro\u2019s (UERJ) Concha Ac\u00fastica, created and directed by S\u00e9rgio Ricardo. The film director and composer was a resident of Vidigal, one of the articulators of the strategy to resist removals, and served as cultural director of AMVV. He produced the 1962 show to raise funds to build brick-and-mortar houses to replace residents\u2019 shacks, in addition to rebuilding homes for families affected by that summer&#8217;s heavy rains. The performance included the participation of renowned artists such as Z\u00e9 Ketti, Zez\u00e9 Motta, Gonzaguinha, Jo\u00e3o Bosco, Chico Buarque, and others.\u00a0<\/span><\/p>\n<p><span style=\"font-weight: 400;\">Another edition of the concert was put on collectively in 2016 by local leaders and artists. Directed by its creator, S\u00e9rgio Ricardo, the event aimed to revisit and celebrate important moments in the 75 (official) years of Vidigal\u2019s history, celebrated in 2015 (due to inopportune weather, the show was held the following year). We enjoyed performances by legendary musicians that had participated in the first edition, including Jo\u00e3o Bosco and Chico Buarque, in addition to the Portuguese artist Carminho and various artists from Vidigal itself.\u00a0<\/span><\/p>\n<p><span style=\"font-weight: 400;\">Our cultural talents are undeniable! In the 1980s, samba circles were organized by Marc\u00e3o, Marquinho, Vidigal Samba Show, and other local residents, attracting top artists to the favela. This was the case with the first lady of samba, Jovelina P\u00e9rola Negra, who paid tribute to the favela with the samba <\/span><a href=\"https:\/\/bit.ly\/3Dl7pUt\" target=\"_blank\" rel=\"noopener\"><i><span style=\"font-weight: 400;\">Catatau<\/span><\/i><\/a><span style=\"font-weight: 400;\">.\u00a0<\/span><\/p>\n<figure id=\"attachment_72764\" aria-describedby=\"caption-attachment-72764\" style=\"width: 500px\" class=\"wp-caption alignright\"><a href=\"https:\/\/rioonwatch.org\/wp-content\/uploads\/2022\/11\/Tijolo-por-Tijolo.-Arquivo-Arquivo-Nucleo-de-Memorias-do-Vidigal.png\"><img loading=\"lazy\" decoding=\"async\" class=\"wp-image-72764\" title=\"Brick by Brick. Photo: Vidigal Nucleus of Memories\" src=\"https:\/\/rioonwatch.org\/wp-content\/uploads\/2022\/11\/Tijolo-por-Tijolo.-Arquivo-Arquivo-Nucleo-de-Memorias-do-Vidigal.png\" alt=\"\" width=\"500\" height=\"281\" srcset=\"https:\/\/rioonwatch.org\/wp-content\/uploads\/2022\/11\/Tijolo-por-Tijolo.-Arquivo-Arquivo-Nucleo-de-Memorias-do-Vidigal.png 960w, https:\/\/rioonwatch.org\/wp-content\/uploads\/2022\/11\/Tijolo-por-Tijolo.-Arquivo-Arquivo-Nucleo-de-Memorias-do-Vidigal-620x349.png 620w, https:\/\/rioonwatch.org\/wp-content\/uploads\/2022\/11\/Tijolo-por-Tijolo.-Arquivo-Arquivo-Nucleo-de-Memorias-do-Vidigal-768x432.png 768w\" sizes=\"(max-width: 500px) 100vw, 500px\" \/><\/a><figcaption id=\"caption-attachment-72764\" class=\"wp-caption-text\">Brick by Brick. Photo: Vidigal Nucleus of Memories<\/figcaption><\/figure>\n<p><span style=\"font-weight: 400;\">Further generations of samba artists emerged in Vidigal, such as Fundo de Varanda. Absorbing influences from the well-known group from Rio de Janeiro, <\/span><a href=\"http:\/\/bit.ly\/3hthsyt\" target=\"_blank\" rel=\"noopener\"><span style=\"font-weight: 400;\">Fundo de Quintal<\/span><\/a><span style=\"font-weight: 400;\">, young residents presented \u201cgrown-up\u201d samba to the favela\u2019s residents. Since then, a number of musical talents have emerged, including <\/span><a href=\"https:\/\/bit.ly\/3FckwbU\" target=\"_blank\" rel=\"noopener\"><span style=\"font-weight: 400;\">Melanina Carioca<\/span><\/a><span style=\"font-weight: 400;\">, <\/span><a href=\"https:\/\/bit.ly\/3DonxVb\" target=\"_blank\" rel=\"noopener\"><span style=\"font-weight: 400;\">S\u00f3 Jesus Salva<\/span><\/a><span style=\"font-weight: 400;\">, <\/span><a href=\"https:\/\/bit.ly\/3gwYYwn\" target=\"_blank\" rel=\"noopener\"><span style=\"font-weight: 400;\">A Bronca<\/span><\/a><span style=\"font-weight: 400;\">, <\/span><a href=\"https:\/\/bit.ly\/3MYUmv1\" target=\"_blank\" rel=\"noopener\"><span style=\"font-weight: 400;\">BatucaVidi<\/span><\/a><span style=\"font-weight: 400;\">, <\/span><a href=\"https:\/\/bit.ly\/3TPtvDW\" target=\"_blank\" rel=\"noopener\"><span style=\"font-weight: 400;\">Thiago Martins<\/span><\/a><span style=\"font-weight: 400;\">, and Nifre Records.\u00a0<\/span><\/p>\n<p><span style=\"font-weight: 400;\">It\u2019s worth highlighting that one of the main theater groups and incubator for modern cinema actors, <\/span><a href=\"https:\/\/bit.ly\/3MX3JeK\" target=\"_blank\" rel=\"noopener\"><span style=\"font-weight: 400;\">N\u00f3s do Morro (Us from the Hill)<\/span><\/a><span style=\"font-weight: 400;\">, was established in Vidigal. Founded in 1986, the group took shape based on <\/span><a href=\"https:\/\/bit.ly\/3D37QBs\" target=\"_blank\" rel=\"noopener\"><span style=\"font-weight: 400;\">Guti Fraga<\/span><\/a><span style=\"font-weight: 400;\">\u2019s dream of providing residents access to art and culture. Over its 36 years of uninterrupted activities, N\u00f3s do Morro has earned national and international acclaim. It has benefited 12,000 people and put on 103 plays, created 10 short films, 20 professional performances, and reached a combined audience of 50,376 people. It\u2019s a symbol of resistance through art! This year, actors Babu Santana and Marcello Melo took charge as directors. The management team consisting of children who passed through the institution embodies the spirit of renewal, showing that the roots have taken hold and the tree is fruitful. Many seeds will sprout.\u00a0<\/span><\/p>\n<p><span style=\"font-weight: 400;\">Speaking of the favela\u2019s roots, Acad\u00eamicos do Vidigal, an old samba group founded in March 1976 and today a samba school, is one of the greatest representatives of our culture and spirit of resistance. Even without a space for rehearsals and no budget for costumes, they bring carnival to the streets every year. These are generations committed to elevating the Vidigal samba school to the position of prominence it reached in the 1990s.<\/span><\/p>\n<figure id=\"attachment_72765\" aria-describedby=\"caption-attachment-72765\" style=\"width: 500px\" class=\"wp-caption alignright\"><a href=\"https:\/\/rioonwatch.org\/wp-content\/uploads\/2022\/11\/Parque-Ecologico-Sitie.-Nucleo-de-Memorias-do-Vidigal-scaled-1.jpg\"><img loading=\"lazy\" decoding=\"async\" class=\"wp-image-72765\" title=\"Siti\u00ea Ecological Park. Vidigal Nucleus of Memories.\" src=\"https:\/\/rioonwatch.org\/wp-content\/uploads\/2022\/11\/Parque-Ecologico-Sitie.-Nucleo-de-Memorias-do-Vidigal-scaled-1.jpg\" alt=\"\" width=\"500\" height=\"375\" srcset=\"https:\/\/rioonwatch.org\/wp-content\/uploads\/2022\/11\/Parque-Ecologico-Sitie.-Nucleo-de-Memorias-do-Vidigal-scaled-1.jpg 2560w, https:\/\/rioonwatch.org\/wp-content\/uploads\/2022\/11\/Parque-Ecologico-Sitie.-Nucleo-de-Memorias-do-Vidigal-scaled-1-620x465.jpg 620w, https:\/\/rioonwatch.org\/wp-content\/uploads\/2022\/11\/Parque-Ecologico-Sitie.-Nucleo-de-Memorias-do-Vidigal-scaled-1-839x629.jpg 839w, https:\/\/rioonwatch.org\/wp-content\/uploads\/2022\/11\/Parque-Ecologico-Sitie.-Nucleo-de-Memorias-do-Vidigal-scaled-1-768x576.jpg 768w, https:\/\/rioonwatch.org\/wp-content\/uploads\/2022\/11\/Parque-Ecologico-Sitie.-Nucleo-de-Memorias-do-Vidigal-scaled-1-678x509.jpg 678w, https:\/\/rioonwatch.org\/wp-content\/uploads\/2022\/11\/Parque-Ecologico-Sitie.-Nucleo-de-Memorias-do-Vidigal-scaled-1-326x245.jpg 326w, https:\/\/rioonwatch.org\/wp-content\/uploads\/2022\/11\/Parque-Ecologico-Sitie.-Nucleo-de-Memorias-do-Vidigal-scaled-1-80x60.jpg 80w\" sizes=\"(max-width: 500px) 100vw, 500px\" \/><\/a><figcaption id=\"caption-attachment-72765\" class=\"wp-caption-text\">Siti\u00ea Ecological Park. Vidigal Nucleus of Memories<\/figcaption><\/figure>\n<p><span style=\"font-weight: 400;\">Resilience is one of Vidigal\u2019s trademarks. After landslides in the area known as Forte, the City evicted residents from their homes. The area of approximately 8,500m2 became a place for dumping anything that was no longer of interest. Furniture, tires, appliances, and every type of garbage was abandoned there. A group of residents including a community street cleaner removed 16 tons of waste and debris, transforming it into the <a href=\"http:\/\/bit.ly\/1aP6Ger\" target=\"_blank\" rel=\"noopener\">Siti\u00ea Ecological Park<\/a>. What once was a garbage dump today is recognized as an agroforest by Rio de Janeiro\u2019s Environmental Secretariat, for preserving native forest and cultivating the soil.<\/span><\/p>\n<p><span style=\"font-weight: 400;\">A formidable opponent, Vidigal also makes its presence known in the fighting ring. The <\/span><span style=\"font-weight: 400;\"><a href=\"https:\/\/bit.ly\/3D0kNfn\" target=\"_blank\" rel=\"noopener\">Instituto Todos na Luta<\/a> (All in the Fight Institute)<\/span> is <span style=\"font-weight: 400;\">geared towards boxing training and two of its athletes represented Brazil in the 2016 Rio Olympics: Michel Borges and Patrick Louren\u00e7o. In 2012, Esquiva Falc\u00e3o was a medalist at the London Olympics. Founded in the 1990s by boxing teacher Raff Giglio, the project has won 37 medals: 12 gold, 8 silver, and 17 bronze.<\/span><\/p>\n<figure id=\"attachment_72766\" aria-describedby=\"caption-attachment-72766\" style=\"width: 500px\" class=\"wp-caption alignright\"><a href=\"https:\/\/rioonwatch.org\/wp-content\/uploads\/2022\/11\/Localidade-da-Jaqueira-sofre-com-os-efeitos-das-chuvas.-Foto-Parceiros-do-Vidiga.jpg\"><img loading=\"lazy\" decoding=\"async\" class=\"wp-image-72766\" title=\"The area of Jaqueira suffers the effects of heavy rain. Photo: Vidigal Partners\" src=\"https:\/\/rioonwatch.org\/wp-content\/uploads\/2022\/11\/Localidade-da-Jaqueira-sofre-com-os-efeitos-das-chuvas.-Foto-Parceiros-do-Vidiga.jpg\" alt=\"\" width=\"500\" height=\"276\" srcset=\"https:\/\/rioonwatch.org\/wp-content\/uploads\/2022\/11\/Localidade-da-Jaqueira-sofre-com-os-efeitos-das-chuvas.-Foto-Parceiros-do-Vidiga.jpg 720w, https:\/\/rioonwatch.org\/wp-content\/uploads\/2022\/11\/Localidade-da-Jaqueira-sofre-com-os-efeitos-das-chuvas.-Foto-Parceiros-do-Vidiga-620x342.jpg 620w\" sizes=\"(max-width: 500px) 100vw, 500px\" \/><\/a><figcaption id=\"caption-attachment-72766\" class=\"wp-caption-text\">The area of Jaqueira suffers the effects of heavy rain. Photo: Vidigal Partners<\/figcaption><\/figure>\n<p><span style=\"font-weight: 400;\">Evidently, the history of Vidigal is not one marked exclusively by victories. Like every favela, our trajectory winds through efforts to expel us: attempts at forced evictions, disputes from rival groups to dominate the traffic of illicit substances, landslides, police brutality, and <a href=\"http:\/\/bit.ly\/1nzwuej\" target=\"_blank\" rel=\"noopener\">gentrification<\/a>.<\/span><\/p>\n<p><span style=\"font-weight: 400;\">Still today, residents receive eviction notices. On February 6, 2019, Alerta Rio, the city\u2019s weather alert system, recorded 12 millimeters of rain and winds of over 100km\/hr in Vidigal. These phenomena caused a small landslide, toppled many houses, and took one life. In the dark and with no power, the favela joined forces to help the victims. It was chaotic. Currently, 30 families from the area known as Jaqueira receive a pittance of R$400 (US$80) as <a href=\"http:\/\/bit.ly\/2nfweg6\" target=\"_blank\" rel=\"noopener\">social rent<\/a> <\/span><span style=\"font-weight: 400;\">to survive in an area which, due to gentrification, has no housing available for this amount. Other residents don\u2019t even receive this allowance.<\/span><\/p>\n<figure id=\"attachment_72767\" aria-describedby=\"caption-attachment-72767\" style=\"width: 500px\" class=\"wp-caption alignright\"><a href=\"https:\/\/rioonwatch.org\/wp-content\/uploads\/2022\/11\/Jaqueira-no-Vidigal.-Foto-Edi-Heinz.jpg\"><img loading=\"lazy\" decoding=\"async\" class=\"wp-image-72767\" title=\"Jaqueira, in Vidigal. Photo: Edi Heinz\" src=\"https:\/\/rioonwatch.org\/wp-content\/uploads\/2022\/11\/Jaqueira-no-Vidigal.-Foto-Edi-Heinz.jpg\" alt=\"\" width=\"500\" height=\"333\" srcset=\"https:\/\/rioonwatch.org\/wp-content\/uploads\/2022\/11\/Jaqueira-no-Vidigal.-Foto-Edi-Heinz.jpg 1728w, https:\/\/rioonwatch.org\/wp-content\/uploads\/2022\/11\/Jaqueira-no-Vidigal.-Foto-Edi-Heinz-620x413.jpg 620w, https:\/\/rioonwatch.org\/wp-content\/uploads\/2022\/11\/Jaqueira-no-Vidigal.-Foto-Edi-Heinz-944x629.jpg 944w, https:\/\/rioonwatch.org\/wp-content\/uploads\/2022\/11\/Jaqueira-no-Vidigal.-Foto-Edi-Heinz-768x512.jpg 768w\" sizes=\"(max-width: 500px) 100vw, 500px\" \/><\/a><figcaption id=\"caption-attachment-72767\" class=\"wp-caption-text\">Jaqueira, in Vidigal. Photo: Edi Heinz<\/figcaption><\/figure>\n<p><span style=\"font-weight: 400;\">Last August, 63 families from the area were informed that their homes would be demolished. The compensation offered by the Municipal Housing Secretariat is on average R$60,000 (US$12,000). One house was valued at R$11,942.69 (US$2323,16). It goes without saying that this amount is insufficient to ensure this family can remain in Vidigal or move somewhere else that is livable.<\/span><\/p>\n<p><span style=\"font-weight: 400;\">Clearly, Vidigal still has challenges ahead. The labels that outsiders give to the place (such as Fancy Favela, Pop Favela), the breathtaking views, and the gentrification end up camouflaging problems specific to peripheral territories. Meanwhile, residents plan resistance strategies through art, education, culture, sports, and political awareness.<\/span><\/p>\n<p><span style=\"font-weight: 400;\">45 years ago, Vidigal engaged in resistance despite a full-on military dictatorship. Despite the still-current president of the country <a href=\"https:\/\/bit.ly\/3SIwxZO\" target=\"_blank\" rel=\"noopener\">dismissing favelas as criminal territories<\/a>, Vidigal is in fact a force to be reckoned with, with citizens who typically elect candidates committed to the working class. Resistance is our trademark and democracy is our flag. We won\u2019t back down from this position. <a href=\"http:\/\/bit.ly\/3OMjmXo\" target=\"_blank\" rel=\"noopener\">We must preserve and disseminate this history<\/a> so that the present can be equipped with tools for designing the future. The fight must go on!\u00a0<\/span><\/p>\n<p><i><span style=\"font-weight: 400;\">About the author: B\u00e1rbara Nascimento was born and raised in Vidigal. A Portuguese teacher in the Rio de Janeiro city and state public school systems, she holds an undergraduate degree in Modern Languages (UFRJ: 2002) and a Master\u2019s in Social Memory (UNIRIO: 2019). She founded and directs the Vidigal Nucleus of Memories, a range of initiatives that prepares archives and keeps records that aim to support the formation of a collective memory in Vidigal.<\/span><\/i><\/p>\n<hr \/>\n<h4><b data-stringify-type=\"bold\">Support\u00a0<\/b><b data-stringify-type=\"bold\"><i data-stringify-type=\"italic\">RioOnWatch<\/i><\/b><b data-stringify-type=\"bold\">\u2019s tireless, critical and cutting-edge hyperlocal journalism, online community organizing meetings, and direct support to favelas\u00a0<\/b><b data-stringify-type=\"bold\"><a class=\"c-link\" href=\"http:\/\/bit.ly\/DonateToRioOnWatch\" target=\"_blank\" rel=\"noopener noreferrer\" data-stringify-link=\"http:\/\/bit.ly\/DonateToRioOnWatch\" data-sk=\"tooltip_parent\">by clicking here.<\/a><\/b><\/h4>\n","protected":false},"excerpt":{"rendered":"<div class=\"mh-excerpt\"><p>Clique aqui para Portugu\u00eas Over 175,000 people were evicted from favelas in the state of Rio between 1960 and 1973, a period historian M\u00e1rio Brum calls the &#8220;Era of Evictions&#8221;\u00a0in his thesis Cidade Alta: History, <a class=\"mh-excerpt-more\" href=\"https:\/\/rioonwatch.org\/?p=72733\" title=\"45 Years Ago, Mid-Dictatorship, Vidigal Resisted Evictions, Paving the Way for Resistance that Endures\">[&#8230;]<\/a><\/p>\n<\/div>","protected":false},"author":245,"featured_media":72734,"comment_status":"closed","ping_status":"closed","sticky":false,"template":"template-full.php","format":"standard","meta":{"_monsterinsights_skip_tracking":false,"_monsterinsights_sitenote_active":false,"_monsterinsights_sitenote_note":"","_monsterinsights_sitenote_category":0,"footnotes":""},"categories":[1293,1288,1328,1268,1271,1365],"tags":[1027,617,910,1497,674,11,188,151,1105,618,2545,10,3030,158,156,363],"writer":[3535],"translator":[338],"illustrator":[],"photographer":[],"class_list":{"0":"post-72733","1":"post","2":"type-post","3":"status-publish","4":"format-standard","5":"has-post-thumbnail","7":"category-evictionswatch","8":"category-highlight","9":"category-by-community-contributors","10":"category-favelaculture","11":"category-favelaqualities","12":"category-whats-a-favela-2","13":"tag-area-of-risk-designation","14":"tag-catholic-church","15":"tag-creative-organizing","16":"tag-eviction-tactics-misinformation","17":"tag-memory","18":"tag-forced-evictions","19":"tag-history","20":"tag-landslide-risk","21":"tag-military-dictatorship","22":"tag-neighborhood-association","23":"tag-pastoral-das-favelas","24":"tag-real-estate-speculation","25":"tag-sense-of-belonging","26":"tag-smh","27":"tag-south-zone","28":"tag-vidigal","29":"writer-barbara-nascimento","30":"translator-carolyn-oliveira"},"_links":{"self":[{"href":"https:\/\/rioonwatch.org\/index.php?rest_route=\/wp\/v2\/posts\/72733","targetHints":{"allow":["GET"]}}],"collection":[{"href":"https:\/\/rioonwatch.org\/index.php?rest_route=\/wp\/v2\/posts"}],"about":[{"href":"https:\/\/rioonwatch.org\/index.php?rest_route=\/wp\/v2\/types\/post"}],"author":[{"embeddable":true,"href":"https:\/\/rioonwatch.org\/index.php?rest_route=\/wp\/v2\/users\/245"}],"replies":[{"embeddable":true,"href":"https:\/\/rioonwatch.org\/index.php?rest_route=%2Fwp%2Fv2%2Fcomments&post=72733"}],"version-history":[{"count":1,"href":"https:\/\/rioonwatch.org\/index.php?rest_route=\/wp\/v2\/posts\/72733\/revisions"}],"predecessor-version":[{"id":81651,"href":"https:\/\/rioonwatch.org\/index.php?rest_route=\/wp\/v2\/posts\/72733\/revisions\/81651"}],"wp:featuredmedia":[{"embeddable":true,"href":"https:\/\/rioonwatch.org\/index.php?rest_route=\/wp\/v2\/media\/72734"}],"wp:attachment":[{"href":"https:\/\/rioonwatch.org\/index.php?rest_route=%2Fwp%2Fv2%2Fmedia&parent=72733"}],"wp:term":[{"taxonomy":"category","embeddable":true,"href":"https:\/\/rioonwatch.org\/index.php?rest_route=%2Fwp%2Fv2%2Fcategories&post=72733"},{"taxonomy":"post_tag","embeddable":true,"href":"https:\/\/rioonwatch.org\/index.php?rest_route=%2Fwp%2Fv2%2Ftags&post=72733"},{"taxonomy":"writer","embeddable":true,"href":"https:\/\/rioonwatch.org\/index.php?rest_route=%2Fwp%2Fv2%2Fwriter&post=72733"},{"taxonomy":"translator","embeddable":true,"href":"https:\/\/rioonwatch.org\/index.php?rest_route=%2Fwp%2Fv2%2Ftranslator&post=72733"},{"taxonomy":"illustrator","embeddable":true,"href":"https:\/\/rioonwatch.org\/index.php?rest_route=%2Fwp%2Fv2%2Fillustrator&post=72733"},{"taxonomy":"photographer","embeddable":true,"href":"https:\/\/rioonwatch.org\/index.php?rest_route=%2Fwp%2Fv2%2Fphotographer&post=72733"}],"curies":[{"name":"wp","href":"https:\/\/api.w.org\/{rel}","templated":true}]}}