{"id":72883,"date":"2022-11-10T07:42:21","date_gmt":"2022-11-10T10:42:21","guid":{"rendered":"https:\/\/rioonwatch.org\/?p=72883"},"modified":"2022-11-30T08:00:30","modified_gmt":"2022-11-30T11:00:30","slug":"march-in-rio-de-janeiros-largest-favela-rocinha-prefaced-highest-vote-share-for-lula-in-the-city-images","status":"publish","type":"post","link":"https:\/\/rioonwatch.org\/?p=72883","title":{"rendered":"March in Rio de Janeiro&#8217;s Largest Favela, Rocinha, Prefaced Highest Vote Share for Lula in the City [PHOTO-ESSAY]"},"content":{"rendered":"<figure id=\"attachment_72910\" aria-describedby=\"caption-attachment-72910\" style=\"width: 1030px\" class=\"wp-caption aligncenter\"><a href=\"https:\/\/rioonwatch.org\/wp-content\/uploads\/2022\/11\/Lula-na-Rocinha.png\"><img fetchpriority=\"high\" decoding=\"async\" class=\"wp-image-72910\" title=\"Demonstrators take to the streets to defend Lula's legacy in the favelas. Photo: B\u00e1rbara Dias\/RioOnWatch\" src=\"https:\/\/rioonwatch.org\/wp-content\/uploads\/2022\/11\/Lula-na-Rocinha.png\" alt=\"\" width=\"1030\" height=\"431\" srcset=\"https:\/\/rioonwatch.org\/wp-content\/uploads\/2022\/11\/Lula-na-Rocinha.png 2545w, https:\/\/rioonwatch.org\/wp-content\/uploads\/2022\/11\/Lula-na-Rocinha-620x259.png 620w, https:\/\/rioonwatch.org\/wp-content\/uploads\/2022\/11\/Lula-na-Rocinha-1505x629.png 1505w, https:\/\/rioonwatch.org\/wp-content\/uploads\/2022\/11\/Lula-na-Rocinha-768x321.png 768w\" sizes=\"(max-width: 1030px) 100vw, 1030px\" \/><\/a><figcaption id=\"caption-attachment-72910\" class=\"wp-caption-text\">Demonstrators take to the streets to defend Lula&#8217;s legacy in the favelas. Photo: B\u00e1rbara Dias\/RioOnWatch<\/figcaption><\/figure>\n<p style=\"text-align: right;\"><a href=\"https:\/\/bit.ly\/3Eyr6sN\" target=\"_blank\" rel=\"noopener\"><strong><span class=\"s1\"><i>Clique aqui para Portugu\u00eas<\/i><\/span><\/strong><span class=\"s2\"><i><span class=\"Apple-converted-space\"><em><img decoding=\"async\" class=\"alignright size-full wp-image-23766\" src=\"https:\/\/www.rioonwatch.org\/wp-content\/uploads\/2012\/08\/PT-e1439583827971.png\" width=\"20\" height=\"20\" \/><\/em><\/span><\/i><\/span><\/a><\/p>\n<h4>On Saturday afternoon, October 29, a few hours before the 2022 runoff presidential election, <a href=\"https:\/\/bit.ly\/3EouFBo\" target=\"_blank\" rel=\"noopener\">as then-candidate Lula marched<\/a> along Avenida Paulista in S\u00e3o Paulo, Residents of Rio de Janeiro&#8217;s largest favela, <a href=\"http:\/\/bit.ly\/317A4Hx\" target=\"_blank\" rel=\"noopener\">Rocinha<\/a>, came together for the \u2018Rocinha March with Lula.\u2019 The event was organized by community leaders, residents, and social movements in Rocinha. Participants gathered at the top of the favela at the Health Center on Rua Um and walked down the community along Estrada da G\u00e1vea and Via \u00c1pia to the favela entrance on Caminho do Boiadeiro.<\/h4>\n<h4>The next day, <a href=\"http:\/\/bit.ly\/2cjnYEe\" target=\"_blank\" rel=\"noopener\">Luiz In\u00e1cio Lula da Silva<\/a> (<a href=\"http:\/\/bit.ly\/304kVp3\" target=\"_blank\" rel=\"noopener\">PT<\/a>) was <a href=\"https:\/\/bit.ly\/3O3kIgh\" target=\"_blank\" rel=\"noopener\">elected<\/a> president with 50.9% of the national vote (60,345,999). Rocinha turned out to be the Rio neighborhood with the <a href=\"http:\/\/glo.bo\/3TmjAFc\" target=\"_blank\" rel=\"noopener\">highest percentage of voters turning out for the now president-elect<\/a>, with 78.2%.<\/h4>\n<figure id=\"attachment_72912\" aria-describedby=\"caption-attachment-72912\" style=\"width: 1030px\" class=\"wp-caption aligncenter\"><a href=\"https:\/\/rioonwatch.org\/wp-content\/uploads\/2022\/11\/Concentracao-da-Caminhada-em-frente-ao-posto-da-Rua-Um.-Foto-Barbara-DiasRioOnWatch-scaled-1.jpg\"><img decoding=\"async\" class=\"wp-image-72912\" title=\"Meeting point for the march at the health center on Rua Um. Photo: B\u00e1rbara Dias\/RioOnWatch\" src=\"https:\/\/rioonwatch.org\/wp-content\/uploads\/2022\/11\/Concentracao-da-Caminhada-em-frente-ao-posto-da-Rua-Um.-Foto-Barbara-DiasRioOnWatch-scaled-1.jpg\" alt=\"\" width=\"1030\" height=\"688\" srcset=\"https:\/\/rioonwatch.org\/wp-content\/uploads\/2022\/11\/Concentracao-da-Caminhada-em-frente-ao-posto-da-Rua-Um.-Foto-Barbara-DiasRioOnWatch-scaled-1.jpg 2560w, https:\/\/rioonwatch.org\/wp-content\/uploads\/2022\/11\/Concentracao-da-Caminhada-em-frente-ao-posto-da-Rua-Um.-Foto-Barbara-DiasRioOnWatch-scaled-1-620x414.jpg 620w, https:\/\/rioonwatch.org\/wp-content\/uploads\/2022\/11\/Concentracao-da-Caminhada-em-frente-ao-posto-da-Rua-Um.-Foto-Barbara-DiasRioOnWatch-scaled-1-942x629.jpg 942w, https:\/\/rioonwatch.org\/wp-content\/uploads\/2022\/11\/Concentracao-da-Caminhada-em-frente-ao-posto-da-Rua-Um.-Foto-Barbara-DiasRioOnWatch-scaled-1-768x513.jpg 768w\" sizes=\"(max-width: 1030px) 100vw, 1030px\" \/><\/a><figcaption id=\"caption-attachment-72912\" class=\"wp-caption-text\">Meeting point for the march at the health center on Rua Um. Photo: B\u00e1rbara Dias\/RioOnWatch<\/figcaption><\/figure>\n<p>Lula was present on Rua Um via an almost life-size photo on a wagon pushed by a resident. Red flags, as well as green and yellow flags, waved in front of the <a href=\"http:\/\/bit.ly\/2WFErsU\" target=\"_blank\" rel=\"noopener\">Albert Sabin Municipal Health Center<\/a> while a crowd of residents gathered to take part in the march.<\/p>\n<figure id=\"attachment_72913\" aria-describedby=\"caption-attachment-72913\" style=\"width: 1030px\" class=\"wp-caption aligncenter\"><a href=\"https:\/\/rioonwatch.org\/wp-content\/uploads\/2022\/11\/Participantes-da-Caminhada-em-favor-de-Lula-na-Rocinha.-Foto-Barbara-DiasRioOnWatch-scaled-1.jpg\"><img loading=\"lazy\" decoding=\"async\" class=\"wp-image-72913\" title=\"Participants bring a large-scale photo of Lula to the march. Photo: B\u00e1rbara Dias\/RioOnWatch\" src=\"https:\/\/rioonwatch.org\/wp-content\/uploads\/2022\/11\/Participantes-da-Caminhada-em-favor-de-Lula-na-Rocinha.-Foto-Barbara-DiasRioOnWatch-scaled-1.jpg\" alt=\"\" width=\"1030\" height=\"688\" srcset=\"https:\/\/rioonwatch.org\/wp-content\/uploads\/2022\/11\/Participantes-da-Caminhada-em-favor-de-Lula-na-Rocinha.-Foto-Barbara-DiasRioOnWatch-scaled-1.jpg 2560w, https:\/\/rioonwatch.org\/wp-content\/uploads\/2022\/11\/Participantes-da-Caminhada-em-favor-de-Lula-na-Rocinha.-Foto-Barbara-DiasRioOnWatch-scaled-1-620x414.jpg 620w, https:\/\/rioonwatch.org\/wp-content\/uploads\/2022\/11\/Participantes-da-Caminhada-em-favor-de-Lula-na-Rocinha.-Foto-Barbara-DiasRioOnWatch-scaled-1-942x629.jpg 942w, https:\/\/rioonwatch.org\/wp-content\/uploads\/2022\/11\/Participantes-da-Caminhada-em-favor-de-Lula-na-Rocinha.-Foto-Barbara-DiasRioOnWatch-scaled-1-768x513.jpg 768w\" sizes=\"(max-width: 1030px) 100vw, 1030px\" \/><\/a><figcaption id=\"caption-attachment-72913\" class=\"wp-caption-text\">Participants bring a large-scale photo of Lula to the march. Photo: B\u00e1rbara Dias\/RioOnWatch<\/figcaption><\/figure>\n<p>According to community leader Antonio Xaolin, known as <a href=\"http:\/\/bit.ly\/2kWXqPW\" target=\"_blank\" rel=\"noopener\">Xaolin da Rocinha<\/a> and one of the community leaders who organized the march: \u201cthe aim is to convince undecided voters, and those that don\u2019t want to vote, to go and vote. As well as voting being a civic moment and expression of Brazilian identity, it\u2019s also a chance to beat this authoritarian agenda. Everyone has to participate for democracy to win. In the first round, Rocinha voted 70% for Lula and now in the runoff we want 80%, 90%.\u201d<\/p>\n<figure id=\"attachment_72914\" aria-describedby=\"caption-attachment-72914\" style=\"width: 1030px\" class=\"wp-caption aligncenter\"><a href=\"https:\/\/rioonwatch.org\/wp-content\/uploads\/2022\/11\/Xaolin-da-Rocinha-uma-das-liderancas-comunitarias-que-organizou-a-caminhada-em-apoio-a-Lula-na-Rocinha.-Foto-Barbara-DiasRioOnWatch-scaled-1.jpg\"><img loading=\"lazy\" decoding=\"async\" class=\"wp-image-72914\" title=\"Xaolin da Rocinha, one of the community leaders who organized the march for Lula in Rocinha. Photo: B\u00e1rbara Dias\/RioOnWatch\" src=\"https:\/\/rioonwatch.org\/wp-content\/uploads\/2022\/11\/Xaolin-da-Rocinha-uma-das-liderancas-comunitarias-que-organizou-a-caminhada-em-apoio-a-Lula-na-Rocinha.-Foto-Barbara-DiasRioOnWatch-scaled-1.jpg\" alt=\"\" width=\"1030\" height=\"688\" srcset=\"https:\/\/rioonwatch.org\/wp-content\/uploads\/2022\/11\/Xaolin-da-Rocinha-uma-das-liderancas-comunitarias-que-organizou-a-caminhada-em-apoio-a-Lula-na-Rocinha.-Foto-Barbara-DiasRioOnWatch-scaled-1.jpg 2560w, https:\/\/rioonwatch.org\/wp-content\/uploads\/2022\/11\/Xaolin-da-Rocinha-uma-das-liderancas-comunitarias-que-organizou-a-caminhada-em-apoio-a-Lula-na-Rocinha.-Foto-Barbara-DiasRioOnWatch-scaled-1-620x414.jpg 620w, https:\/\/rioonwatch.org\/wp-content\/uploads\/2022\/11\/Xaolin-da-Rocinha-uma-das-liderancas-comunitarias-que-organizou-a-caminhada-em-apoio-a-Lula-na-Rocinha.-Foto-Barbara-DiasRioOnWatch-scaled-1-942x629.jpg 942w, https:\/\/rioonwatch.org\/wp-content\/uploads\/2022\/11\/Xaolin-da-Rocinha-uma-das-liderancas-comunitarias-que-organizou-a-caminhada-em-apoio-a-Lula-na-Rocinha.-Foto-Barbara-DiasRioOnWatch-scaled-1-768x513.jpg 768w\" sizes=\"(max-width: 1030px) 100vw, 1030px\" \/><\/a><figcaption id=\"caption-attachment-72914\" class=\"wp-caption-text\">Xaolin da Rocinha, one of the community leaders who organized the march for Lula in Rocinha. Photo: B\u00e1rbara Dias\/RioOnWatch<\/figcaption><\/figure>\n<p>According to <a href=\"http:\/\/glo.bo\/3WfvVhk\" target=\"_blank\" rel=\"noopener\"><em>O Globo<\/em><\/a>, Lula received 64.08% of votes in the 211th Electoral Zone, which encompasses the neighborhoods of <a href=\"http:\/\/bit.ly\/1NCFvSn\" target=\"_blank\" rel=\"noopener\">G\u00e1vea<\/a>, <a href=\"http:\/\/bit.ly\/2SxloO8\" target=\"_blank\" rel=\"noopener\">Vidigal<\/a>, <a href=\"http:\/\/bit.ly\/38JNpc5\" target=\"_blank\" rel=\"noopener\">S\u00e3o Conrado<\/a>, <a href=\"http:\/\/bit.ly\/1JE5NQz\" target=\"_blank\" rel=\"noopener\">Jardim Bot\u00e2nico<\/a> and Rocinha.<\/p>\n<figure id=\"attachment_72916\" aria-describedby=\"caption-attachment-72916\" style=\"width: 1030px\" class=\"wp-caption aligncenter\"><a href=\"https:\/\/rioonwatch.org\/wp-content\/uploads\/2022\/11\/Moradores-da-Rocinha-demonstram-apoio-a-caminhada-acenando-de-suas-casasde-dentro-dos-onibus-e-motos-e-caminhoes-que-passavam-pela-estrada-da-Gavea.-Foto-Barbara-DiasRioOnWatch-scaled-1.jpg\"><img loading=\"lazy\" decoding=\"async\" class=\"wp-image-72916\" title=\"Residents show support for the march along Estrada da G\u00e1vea. Photo: B\u00e1rbara Dias\/RioOnWatch\" src=\"https:\/\/rioonwatch.org\/wp-content\/uploads\/2022\/11\/Moradores-da-Rocinha-demonstram-apoio-a-caminhada-acenando-de-suas-casasde-dentro-dos-onibus-e-motos-e-caminhoes-que-passavam-pela-estrada-da-Gavea.-Foto-Barbara-DiasRioOnWatch-scaled-1.jpg\" alt=\"\" width=\"1030\" height=\"688\" srcset=\"https:\/\/rioonwatch.org\/wp-content\/uploads\/2022\/11\/Moradores-da-Rocinha-demonstram-apoio-a-caminhada-acenando-de-suas-casasde-dentro-dos-onibus-e-motos-e-caminhoes-que-passavam-pela-estrada-da-Gavea.-Foto-Barbara-DiasRioOnWatch-scaled-1.jpg 2560w, https:\/\/rioonwatch.org\/wp-content\/uploads\/2022\/11\/Moradores-da-Rocinha-demonstram-apoio-a-caminhada-acenando-de-suas-casasde-dentro-dos-onibus-e-motos-e-caminhoes-que-passavam-pela-estrada-da-Gavea.-Foto-Barbara-DiasRioOnWatch-scaled-1-620x414.jpg 620w, https:\/\/rioonwatch.org\/wp-content\/uploads\/2022\/11\/Moradores-da-Rocinha-demonstram-apoio-a-caminhada-acenando-de-suas-casasde-dentro-dos-onibus-e-motos-e-caminhoes-que-passavam-pela-estrada-da-Gavea.-Foto-Barbara-DiasRioOnWatch-scaled-1-942x629.jpg 942w, https:\/\/rioonwatch.org\/wp-content\/uploads\/2022\/11\/Moradores-da-Rocinha-demonstram-apoio-a-caminhada-acenando-de-suas-casasde-dentro-dos-onibus-e-motos-e-caminhoes-que-passavam-pela-estrada-da-Gavea.-Foto-Barbara-DiasRioOnWatch-scaled-1-768x513.jpg 768w\" sizes=\"(max-width: 1030px) 100vw, 1030px\" \/><\/a><figcaption id=\"caption-attachment-72916\" class=\"wp-caption-text\">Residents show support for the march along Estrada da G\u00e1vea. Photo: B\u00e1rbara Dias\/RioOnWatch<\/figcaption><\/figure>\n<p>Once the sound car arrived, the march began. Going down <a href=\"http:\/\/bit.ly\/2tG9o0u\" target=\"_blank\" rel=\"noopener\">Estrada da G\u00e1vea<\/a>, a red wave cut through the favela. People showed support wherever the march passed by: in their workplaces, homes or in transit, on motorcycles, buses, cars and trucks, honking horns or making an L hand gesture in support of Lula. For those present it was clear that Rocinha was with Lula.<\/p>\n<figure id=\"attachment_72917\" aria-describedby=\"caption-attachment-72917\" style=\"width: 1030px\" class=\"wp-caption aligncenter\"><a href=\"https:\/\/rioonwatch.org\/wp-content\/uploads\/2022\/11\/Passageiros-de-onibus-demonstram-apoio-a-caminhada-acenando-e-gritando.-Foto-Barbara-DiasRioOnWatch-scaled-1.jpg\"><img loading=\"lazy\" decoding=\"async\" class=\"wp-image-72917\" title=\"Michel Silva, journalist and founder of community newspaper Fala Ro\u00e7a, waves at bus passengers showing support for the march. Photo: B\u00e1rbara Dias\/RioOnWatch\" src=\"https:\/\/rioonwatch.org\/wp-content\/uploads\/2022\/11\/Passageiros-de-onibus-demonstram-apoio-a-caminhada-acenando-e-gritando.-Foto-Barbara-DiasRioOnWatch-scaled-1.jpg\" alt=\"\" width=\"1030\" height=\"688\" srcset=\"https:\/\/rioonwatch.org\/wp-content\/uploads\/2022\/11\/Passageiros-de-onibus-demonstram-apoio-a-caminhada-acenando-e-gritando.-Foto-Barbara-DiasRioOnWatch-scaled-1.jpg 2560w, https:\/\/rioonwatch.org\/wp-content\/uploads\/2022\/11\/Passageiros-de-onibus-demonstram-apoio-a-caminhada-acenando-e-gritando.-Foto-Barbara-DiasRioOnWatch-scaled-1-620x414.jpg 620w, https:\/\/rioonwatch.org\/wp-content\/uploads\/2022\/11\/Passageiros-de-onibus-demonstram-apoio-a-caminhada-acenando-e-gritando.-Foto-Barbara-DiasRioOnWatch-scaled-1-942x629.jpg 942w, https:\/\/rioonwatch.org\/wp-content\/uploads\/2022\/11\/Passageiros-de-onibus-demonstram-apoio-a-caminhada-acenando-e-gritando.-Foto-Barbara-DiasRioOnWatch-scaled-1-768x513.jpg 768w\" sizes=\"(max-width: 1030px) 100vw, 1030px\" \/><\/a><figcaption id=\"caption-attachment-72917\" class=\"wp-caption-text\">Michel Silva, journalist and founder of community newspaper <a href=\"http:\/\/bit.ly\/2IdsZeZ\" target=\"_blank\" rel=\"noopener\"><em>Fala Ro\u00e7a<\/em><\/a>, waves at bus passengers showing support for the march. Photo: B\u00e1rbara Dias\/RioOnWatch<\/figcaption><\/figure>\n<p>Dona Angela, a resident of the community for 20 years, came to her front door to express support for Lula. Asked about the importance of the march, she defended Lula\u2019s legacy and his importance for Afro-Brazilians and those living in peripheral areas.<\/p>\n<figure id=\"attachment_72920\" aria-describedby=\"caption-attachment-72920\" style=\"width: 1030px\" class=\"wp-caption aligncenter\"><a href=\"https:\/\/rioonwatch.org\/wp-content\/uploads\/2022\/11\/Dona-Angela-saiu-em-seu-portao-para-manifestar-apoio-a-caminhada.-Foto-Barbara-DiasRioOnWatch-scaled-1.jpg\"><img loading=\"lazy\" decoding=\"async\" class=\"wp-image-72920\" title=\"Dona Angela came to her front door to show support for the march. Photo: B\u00e1rbara Dias\/RioOnWatch\" src=\"https:\/\/rioonwatch.org\/wp-content\/uploads\/2022\/11\/Dona-Angela-saiu-em-seu-portao-para-manifestar-apoio-a-caminhada.-Foto-Barbara-DiasRioOnWatch-scaled-1.jpg\" alt=\"\" width=\"1030\" height=\"688\" srcset=\"https:\/\/rioonwatch.org\/wp-content\/uploads\/2022\/11\/Dona-Angela-saiu-em-seu-portao-para-manifestar-apoio-a-caminhada.-Foto-Barbara-DiasRioOnWatch-scaled-1.jpg 2560w, https:\/\/rioonwatch.org\/wp-content\/uploads\/2022\/11\/Dona-Angela-saiu-em-seu-portao-para-manifestar-apoio-a-caminhada.-Foto-Barbara-DiasRioOnWatch-scaled-1-620x414.jpg 620w, https:\/\/rioonwatch.org\/wp-content\/uploads\/2022\/11\/Dona-Angela-saiu-em-seu-portao-para-manifestar-apoio-a-caminhada.-Foto-Barbara-DiasRioOnWatch-scaled-1-942x629.jpg 942w, https:\/\/rioonwatch.org\/wp-content\/uploads\/2022\/11\/Dona-Angela-saiu-em-seu-portao-para-manifestar-apoio-a-caminhada.-Foto-Barbara-DiasRioOnWatch-scaled-1-768x513.jpg 768w\" sizes=\"(max-width: 1030px) 100vw, 1030px\" \/><\/a><figcaption id=\"caption-attachment-72920\" class=\"wp-caption-text\">Dona Angela came to her front door to show support for the march. Photo: B\u00e1rbara Dias\/RioOnWatch<\/figcaption><\/figure>\n<blockquote><p>\u201cThis march is important for people on the periphery like us black people, that live with inequality, go hungry, who live in poverty. [It\u2019s important] we be aware that only Lula will bring everything back: providing us with [access to] culture [amenities], giving us dignity and prosperity.\u201d \u2014 Dona Angela<\/p><\/blockquote>\n<figure id=\"attachment_72922\" aria-describedby=\"caption-attachment-72922\" style=\"width: 1030px\" class=\"wp-caption aligncenter\"><a href=\"https:\/\/rioonwatch.org\/wp-content\/uploads\/2022\/11\/Moradores-da-Rocinha-demonstram-apoio-a-Caminhada-Rocinha-com-Lula-acenando-da-janela-e-da-traseira-de-carros.-Foto-Barbara-DiasRioOnWatch-scaled-1.jpg\"><img loading=\"lazy\" decoding=\"async\" class=\"wp-image-72922\" title=\"Rocinha residents show support for the March with Lula waving from the windows and back of cars. Photo: B\u00e1rbara Dias\/RioOnWatch\" src=\"https:\/\/rioonwatch.org\/wp-content\/uploads\/2022\/11\/Moradores-da-Rocinha-demonstram-apoio-a-Caminhada-Rocinha-com-Lula-acenando-da-janela-e-da-traseira-de-carros.-Foto-Barbara-DiasRioOnWatch-scaled-1.jpg\" alt=\"\" width=\"1030\" height=\"688\" srcset=\"https:\/\/rioonwatch.org\/wp-content\/uploads\/2022\/11\/Moradores-da-Rocinha-demonstram-apoio-a-Caminhada-Rocinha-com-Lula-acenando-da-janela-e-da-traseira-de-carros.-Foto-Barbara-DiasRioOnWatch-scaled-1.jpg 2560w, https:\/\/rioonwatch.org\/wp-content\/uploads\/2022\/11\/Moradores-da-Rocinha-demonstram-apoio-a-Caminhada-Rocinha-com-Lula-acenando-da-janela-e-da-traseira-de-carros.-Foto-Barbara-DiasRioOnWatch-scaled-1-620x414.jpg 620w, https:\/\/rioonwatch.org\/wp-content\/uploads\/2022\/11\/Moradores-da-Rocinha-demonstram-apoio-a-Caminhada-Rocinha-com-Lula-acenando-da-janela-e-da-traseira-de-carros.-Foto-Barbara-DiasRioOnWatch-scaled-1-942x629.jpg 942w, https:\/\/rioonwatch.org\/wp-content\/uploads\/2022\/11\/Moradores-da-Rocinha-demonstram-apoio-a-Caminhada-Rocinha-com-Lula-acenando-da-janela-e-da-traseira-de-carros.-Foto-Barbara-DiasRioOnWatch-scaled-1-768x513.jpg 768w\" sizes=\"(max-width: 1030px) 100vw, 1030px\" \/><\/a><figcaption id=\"caption-attachment-72922\" class=\"wp-caption-text\">Rocinha residents show support for the March with Lula waving from the windows and backs of cars. Photo: B\u00e1rbara Dias\/RioOnWatch<\/figcaption><\/figure>\n<p>Participants in the march emphasized what Lula\u2019s government did for the favela. During the march, the group passed several landmarks of his public policies in the community: a <a href=\"http:\/\/bit.ly\/2PvFY1t\" target=\"_blank\" rel=\"noopener\">public housing complex<\/a>, the <a href=\"http:\/\/bit.ly\/2nVcuOY\" target=\"_blank\" rel=\"noopener\">Rocinha Park Library<\/a>, the Urgent Care Unit (<a href=\"https:\/\/bit.ly\/3dGczec\" target=\"_blank\" rel=\"noopener\">UPA<\/a>), the <a href=\"http:\/\/bit.ly\/39Ea6zn\" target=\"_blank\" rel=\"noopener\">pedestrian overpass<\/a>, and the <a href=\"http:\/\/bit.ly\/2FvTfjf\" target=\"_blank\" rel=\"noopener\">sports complex<\/a> are all projects linked to his prior government&#8217;s Growth Acceleration Program (<a href=\"http:\/\/bit.ly\/1kqe5Cp\" target=\"_blank\" rel=\"noopener\">PAC<\/a>).<\/p>\n<figure id=\"attachment_72923\" aria-describedby=\"caption-attachment-72923\" style=\"width: 1030px\" class=\"wp-caption aligncenter\"><a href=\"https:\/\/rioonwatch.org\/wp-content\/uploads\/2022\/11\/Moradores-da-Rocinha-tomam-as-ruas-da-comunidade-em-defesa-de-Lula.-Foto-Barbara-DiasRioOnWatch-scaled-1.jpg\"><img loading=\"lazy\" decoding=\"async\" class=\"wp-image-72923\" title=\"Residents take to the streets to defend Lula. Photo: B\u00e1rbara Dias\/RioOnWatch\" src=\"https:\/\/rioonwatch.org\/wp-content\/uploads\/2022\/11\/Moradores-da-Rocinha-tomam-as-ruas-da-comunidade-em-defesa-de-Lula.-Foto-Barbara-DiasRioOnWatch-scaled-1.jpg\" alt=\"\" width=\"1030\" height=\"688\" srcset=\"https:\/\/rioonwatch.org\/wp-content\/uploads\/2022\/11\/Moradores-da-Rocinha-tomam-as-ruas-da-comunidade-em-defesa-de-Lula.-Foto-Barbara-DiasRioOnWatch-scaled-1.jpg 2560w, https:\/\/rioonwatch.org\/wp-content\/uploads\/2022\/11\/Moradores-da-Rocinha-tomam-as-ruas-da-comunidade-em-defesa-de-Lula.-Foto-Barbara-DiasRioOnWatch-scaled-1-620x414.jpg 620w, https:\/\/rioonwatch.org\/wp-content\/uploads\/2022\/11\/Moradores-da-Rocinha-tomam-as-ruas-da-comunidade-em-defesa-de-Lula.-Foto-Barbara-DiasRioOnWatch-scaled-1-942x629.jpg 942w, https:\/\/rioonwatch.org\/wp-content\/uploads\/2022\/11\/Moradores-da-Rocinha-tomam-as-ruas-da-comunidade-em-defesa-de-Lula.-Foto-Barbara-DiasRioOnWatch-scaled-1-768x513.jpg 768w\" sizes=\"(max-width: 1030px) 100vw, 1030px\" \/><\/a><figcaption id=\"caption-attachment-72923\" class=\"wp-caption-text\">Residents take to the streets to defend Lula. Photo: B\u00e1rbara Dias\/RioOnWatch<\/figcaption><\/figure>\n<p><a href=\"http:\/\/bit.ly\/2O9ATeP\" target=\"_blank\" rel=\"noopener\">Despite criticism<\/a>, participants emphasized that even with the <a href=\"http:\/\/bit.ly\/1Ttl1P2\" target=\"_blank\" rel=\"noopener\">cuts<\/a> to the program, PAC brought improvements to Rocinha in housing, health, sports, and leisure.<\/p>\n<figure id=\"attachment_72925\" aria-describedby=\"caption-attachment-72925\" style=\"width: 1030px\" class=\"wp-caption aligncenter\"><a href=\"https:\/\/rioonwatch.org\/wp-content\/uploads\/2022\/11\/Passageiro-de-uma-moto-ao-passar-pela-Caminhada-Rocinha-com-Lula-mostra-uma-bolsa-estampada-com-a-cara-de-Lula-em-apoio-a-caminhada-e-a-candidatura-do-petista.-Foto-Barbara-DiasRioOnWatch-scaled-1.jpg\"><img loading=\"lazy\" decoding=\"async\" class=\"wp-image-72925\" title=\"Motorcycle passenger shows a bag with Lula's face printed on it as he passes the march. Photo: B\u00e1rbara Dias\/RioOnWatch\" src=\"https:\/\/rioonwatch.org\/wp-content\/uploads\/2022\/11\/Passageiro-de-uma-moto-ao-passar-pela-Caminhada-Rocinha-com-Lula-mostra-uma-bolsa-estampada-com-a-cara-de-Lula-em-apoio-a-caminhada-e-a-candidatura-do-petista.-Foto-Barbara-DiasRioOnWatch-scaled-1.jpg\" alt=\"\" width=\"1030\" height=\"688\" srcset=\"https:\/\/rioonwatch.org\/wp-content\/uploads\/2022\/11\/Passageiro-de-uma-moto-ao-passar-pela-Caminhada-Rocinha-com-Lula-mostra-uma-bolsa-estampada-com-a-cara-de-Lula-em-apoio-a-caminhada-e-a-candidatura-do-petista.-Foto-Barbara-DiasRioOnWatch-scaled-1.jpg 2560w, https:\/\/rioonwatch.org\/wp-content\/uploads\/2022\/11\/Passageiro-de-uma-moto-ao-passar-pela-Caminhada-Rocinha-com-Lula-mostra-uma-bolsa-estampada-com-a-cara-de-Lula-em-apoio-a-caminhada-e-a-candidatura-do-petista.-Foto-Barbara-DiasRioOnWatch-scaled-1-620x414.jpg 620w, https:\/\/rioonwatch.org\/wp-content\/uploads\/2022\/11\/Passageiro-de-uma-moto-ao-passar-pela-Caminhada-Rocinha-com-Lula-mostra-uma-bolsa-estampada-com-a-cara-de-Lula-em-apoio-a-caminhada-e-a-candidatura-do-petista.-Foto-Barbara-DiasRioOnWatch-scaled-1-942x629.jpg 942w, https:\/\/rioonwatch.org\/wp-content\/uploads\/2022\/11\/Passageiro-de-uma-moto-ao-passar-pela-Caminhada-Rocinha-com-Lula-mostra-uma-bolsa-estampada-com-a-cara-de-Lula-em-apoio-a-caminhada-e-a-candidatura-do-petista.-Foto-Barbara-DiasRioOnWatch-scaled-1-768x513.jpg 768w\" sizes=\"(max-width: 1030px) 100vw, 1030px\" \/><\/a><figcaption id=\"caption-attachment-72925\" class=\"wp-caption-text\">Motorcycle passenger shows a bag with Lula&#8217;s face printed on it as he passes the march. Photo: B\u00e1rbara Dias\/RioOnWatch<\/figcaption><\/figure>\n<p>During the march, the group passed in front of the housing complexes where speeches were made remembering past times when Lula was president.<\/p>\n<figure id=\"attachment_72926\" aria-describedby=\"caption-attachment-72926\" style=\"width: 1030px\" class=\"wp-caption aligncenter\"><a href=\"https:\/\/rioonwatch.org\/wp-content\/uploads\/2022\/11\/Moradores-em-frente-aos-predios-do-conjunto-habitacional-obra-do-PAC.-Foto-Barbara-DiasRioOnWatch-scaled-1.jpg\"><img loading=\"lazy\" decoding=\"async\" class=\"wp-image-72926\" title=\"Residents in front of the housing complex buildings, a PAC project. Photo: B\u00e1rbara Dias\/RioOnWatch\" src=\"https:\/\/rioonwatch.org\/wp-content\/uploads\/2022\/11\/Moradores-em-frente-aos-predios-do-conjunto-habitacional-obra-do-PAC.-Foto-Barbara-DiasRioOnWatch-scaled-1.jpg\" alt=\"\" width=\"1030\" height=\"688\" srcset=\"https:\/\/rioonwatch.org\/wp-content\/uploads\/2022\/11\/Moradores-em-frente-aos-predios-do-conjunto-habitacional-obra-do-PAC.-Foto-Barbara-DiasRioOnWatch-scaled-1.jpg 2560w, https:\/\/rioonwatch.org\/wp-content\/uploads\/2022\/11\/Moradores-em-frente-aos-predios-do-conjunto-habitacional-obra-do-PAC.-Foto-Barbara-DiasRioOnWatch-scaled-1-620x414.jpg 620w, https:\/\/rioonwatch.org\/wp-content\/uploads\/2022\/11\/Moradores-em-frente-aos-predios-do-conjunto-habitacional-obra-do-PAC.-Foto-Barbara-DiasRioOnWatch-scaled-1-942x629.jpg 942w, https:\/\/rioonwatch.org\/wp-content\/uploads\/2022\/11\/Moradores-em-frente-aos-predios-do-conjunto-habitacional-obra-do-PAC.-Foto-Barbara-DiasRioOnWatch-scaled-1-768x513.jpg 768w\" sizes=\"(max-width: 1030px) 100vw, 1030px\" \/><\/a><figcaption id=\"caption-attachment-72926\" class=\"wp-caption-text\">Residents in front of the public housing complex, a PAC project. Photo: B\u00e1rbara Dias\/RioOnWatch<\/figcaption><\/figure>\n<figure id=\"attachment_72927\" aria-describedby=\"caption-attachment-72927\" style=\"width: 500px\" class=\"wp-caption alignright\"><a href=\"https:\/\/rioonwatch.org\/wp-content\/uploads\/2022\/11\/Deputada-Marina-do-MST-que-participou-da-caminhada-Rocinha-com-Lula.-Foto-Barbara-DiasRioOnWatch-scaled-1.jpg\"><img loading=\"lazy\" decoding=\"async\" class=\"wp-image-72927\" title=\"Deputy Marina do MST took part in the march. Photo: B\u00e1rbara Dias\/RioOnWatch\" src=\"https:\/\/rioonwatch.org\/wp-content\/uploads\/2022\/11\/Deputada-Marina-do-MST-que-participou-da-caminhada-Rocinha-com-Lula.-Foto-Barbara-DiasRioOnWatch-scaled-1.jpg\" alt=\"\" width=\"500\" height=\"334\" srcset=\"https:\/\/rioonwatch.org\/wp-content\/uploads\/2022\/11\/Deputada-Marina-do-MST-que-participou-da-caminhada-Rocinha-com-Lula.-Foto-Barbara-DiasRioOnWatch-scaled-1.jpg 2560w, https:\/\/rioonwatch.org\/wp-content\/uploads\/2022\/11\/Deputada-Marina-do-MST-que-participou-da-caminhada-Rocinha-com-Lula.-Foto-Barbara-DiasRioOnWatch-scaled-1-620x414.jpg 620w, https:\/\/rioonwatch.org\/wp-content\/uploads\/2022\/11\/Deputada-Marina-do-MST-que-participou-da-caminhada-Rocinha-com-Lula.-Foto-Barbara-DiasRioOnWatch-scaled-1-942x629.jpg 942w, https:\/\/rioonwatch.org\/wp-content\/uploads\/2022\/11\/Deputada-Marina-do-MST-que-participou-da-caminhada-Rocinha-com-Lula.-Foto-Barbara-DiasRioOnWatch-scaled-1-768x513.jpg 768w\" sizes=\"(max-width: 500px) 100vw, 500px\" \/><\/a><figcaption id=\"caption-attachment-72927\" class=\"wp-caption-text\">Deputy Marina do MST took part in the march. Photo: B\u00e1rbara Dias\/RioOnWatch<\/figcaption><\/figure>\n<p>Residents made the contrast between Lula, who <a href=\"https:\/\/bit.ly\/3gmNtHX\" target=\"_blank\" rel=\"noopener\">visited Complexo do Alem\u00e3o<\/a> at the invitation of local leaders, and President <a href=\"http:\/\/bit.ly\/2r3twM2\" target=\"_blank\" rel=\"noopener\">Jair Bolsonaro<\/a>, candidate for reelection, and his <a href=\"https:\/\/bit.ly\/3SIwxZO\" target=\"_blank\" rel=\"noopener\">campaign criminalizing the favelas<\/a>.<\/p>\n<p>One of the banners read: \u201cThe Favela deserves respect. Rocinha with Lula 13.\u201d Next to the banner was recently elected state deputy <a href=\"https:\/\/bit.ly\/3UHNAN9\" target=\"_blank\" rel=\"noopener\">Marina do MST<\/a> who participated in the march making a statement:<\/p>\n<blockquote><p>\u201cI think the banner says it all: people in communities, in the favelas, need respect! Through work, employment, health, strengthening the <a href=\"http:\/\/bit.ly\/1gpTZat\" target=\"_blank\" rel=\"noopener\">SUS<\/a> [public health system]. Respect for women and children, and particularly for all mothers so they may have the opportunity and security of placing their children in high quality public schools and universities. And having healthy food on the table at least three times a day, for every family every day. I think here we have the representation and demonstration that people need to achieve their daily rights, in organized struggles\u2026 People organized in the countryside and in the city, in the fields and the favela.\u201d<\/p><\/blockquote>\n<figure id=\"attachment_72929\" aria-describedby=\"caption-attachment-72929\" style=\"width: 1030px\" class=\"wp-caption aligncenter\"><a href=\"https:\/\/rioonwatch.org\/wp-content\/uploads\/2022\/11\/Manifestantes-tomam-a-rua-defendendo-o-legado-de-Lula-nas-favelas.-Foto-Barbara-DiasRioOnWatch-scaled-1.jpg\"><img loading=\"lazy\" decoding=\"async\" class=\"wp-image-72929\" title=\"Demonstrators take to the streets to defend Lula's legacy in the favelas. Photo: B\u00e1rbara Dias\/RioOnWatch\" src=\"https:\/\/rioonwatch.org\/wp-content\/uploads\/2022\/11\/Manifestantes-tomam-a-rua-defendendo-o-legado-de-Lula-nas-favelas.-Foto-Barbara-DiasRioOnWatch-scaled-1.jpg\" alt=\"\" width=\"1030\" height=\"688\" srcset=\"https:\/\/rioonwatch.org\/wp-content\/uploads\/2022\/11\/Manifestantes-tomam-a-rua-defendendo-o-legado-de-Lula-nas-favelas.-Foto-Barbara-DiasRioOnWatch-scaled-1.jpg 2560w, https:\/\/rioonwatch.org\/wp-content\/uploads\/2022\/11\/Manifestantes-tomam-a-rua-defendendo-o-legado-de-Lula-nas-favelas.-Foto-Barbara-DiasRioOnWatch-scaled-1-620x414.jpg 620w, https:\/\/rioonwatch.org\/wp-content\/uploads\/2022\/11\/Manifestantes-tomam-a-rua-defendendo-o-legado-de-Lula-nas-favelas.-Foto-Barbara-DiasRioOnWatch-scaled-1-942x629.jpg 942w, https:\/\/rioonwatch.org\/wp-content\/uploads\/2022\/11\/Manifestantes-tomam-a-rua-defendendo-o-legado-de-Lula-nas-favelas.-Foto-Barbara-DiasRioOnWatch-scaled-1-768x513.jpg 768w\" sizes=\"(max-width: 1030px) 100vw, 1030px\" \/><\/a><figcaption id=\"caption-attachment-72929\" class=\"wp-caption-text\">Demonstrators take to the streets to defend Lula&#8217;s legacy in the favelas. Photo: B\u00e1rbara Dias\/RioOnWatch<\/figcaption><\/figure>\n<p>Heading towards its final point, the event arrived at Via \u00c1pia, one of Rocinha\u2019s main access roads. With the street fairly crowded, Ant\u00f4nio Firmino took the floor to speak. A community leader and one of the founders of the <a href=\"http:\/\/bit.ly\/2bYi3Tr\" target=\"_blank\" rel=\"noopener\">Sankofa Memory and History Museum<\/a> in Rocinha, Firmino emphasized the importance of dialogue with relatives, friends, and neighbors.<\/p>\n<figure id=\"attachment_72930\" aria-describedby=\"caption-attachment-72930\" style=\"width: 1030px\" class=\"wp-caption aligncenter\"><a href=\"https:\/\/rioonwatch.org\/wp-content\/uploads\/2022\/11\/Antonio-Firmino-lideranca-comunitaria-e-um-dos-fundadores-do-Museu-Sankofa-Rocinha-defende-a-necessidade-de-virar-voto-para-eleger-Lula-e-preservar-a-democracia.-Foto-Barbara-DiasRioOnWatch-scaled-1.jpg\"><img loading=\"lazy\" decoding=\"async\" class=\"wp-image-72930\" title=\"Ant\u00f4nio Firmino, community leader and one of the founders of the Sankofa Memory and History Museum in Rocinha, affirms the need for the vote to turn and elect Lula and preserve democracy. Photo: B\u00e1rbara Dias\/RioOnWatch\" src=\"https:\/\/rioonwatch.org\/wp-content\/uploads\/2022\/11\/Antonio-Firmino-lideranca-comunitaria-e-um-dos-fundadores-do-Museu-Sankofa-Rocinha-defende-a-necessidade-de-virar-voto-para-eleger-Lula-e-preservar-a-democracia.-Foto-Barbara-DiasRioOnWatch-scaled-1.jpg\" alt=\"\" width=\"1030\" height=\"688\" srcset=\"https:\/\/rioonwatch.org\/wp-content\/uploads\/2022\/11\/Antonio-Firmino-lideranca-comunitaria-e-um-dos-fundadores-do-Museu-Sankofa-Rocinha-defende-a-necessidade-de-virar-voto-para-eleger-Lula-e-preservar-a-democracia.-Foto-Barbara-DiasRioOnWatch-scaled-1.jpg 2560w, https:\/\/rioonwatch.org\/wp-content\/uploads\/2022\/11\/Antonio-Firmino-lideranca-comunitaria-e-um-dos-fundadores-do-Museu-Sankofa-Rocinha-defende-a-necessidade-de-virar-voto-para-eleger-Lula-e-preservar-a-democracia.-Foto-Barbara-DiasRioOnWatch-scaled-1-620x414.jpg 620w, https:\/\/rioonwatch.org\/wp-content\/uploads\/2022\/11\/Antonio-Firmino-lideranca-comunitaria-e-um-dos-fundadores-do-Museu-Sankofa-Rocinha-defende-a-necessidade-de-virar-voto-para-eleger-Lula-e-preservar-a-democracia.-Foto-Barbara-DiasRioOnWatch-scaled-1-942x629.jpg 942w, https:\/\/rioonwatch.org\/wp-content\/uploads\/2022\/11\/Antonio-Firmino-lideranca-comunitaria-e-um-dos-fundadores-do-Museu-Sankofa-Rocinha-defende-a-necessidade-de-virar-voto-para-eleger-Lula-e-preservar-a-democracia.-Foto-Barbara-DiasRioOnWatch-scaled-1-768x513.jpg 768w\" sizes=\"(max-width: 1030px) 100vw, 1030px\" \/><\/a><figcaption id=\"caption-attachment-72930\" class=\"wp-caption-text\">Ant\u00f4nio Firmino, community leader and one of the founders of the Sankofa Memory and History Museum in Rocinha, affirms the need for the vote to turn and elect Lula to preserve democracy. Photo: B\u00e1rbara Dias\/RioOnWatch<\/figcaption><\/figure>\n<blockquote><p>\u201cTomorrow, it\u2019s important to call one more friend and get one more person to vote 13 [for Lula]. Right now it&#8217;s fundamental to elect Luiz In\u00e1cio Lula da Silva as our president. We cannot fail. Tomorrow is the day to give continuity to democracy, and [the number of] democracy [on the ballot] is 13! So it\u2019s 13, it\u2019s Luiz In\u00e1cio Lula da Silva that we have to elect! It\u2019s democracy!\u201d<\/p><\/blockquote>\n<figure id=\"attachment_72931\" aria-describedby=\"caption-attachment-72931\" style=\"width: 1030px\" class=\"wp-caption aligncenter\"><a href=\"https:\/\/rioonwatch.org\/wp-content\/uploads\/2022\/11\/Antonio-Firmino-lideranca-comunitaria-e-um-dos-fundadores-do-Museu-Sankofa-Rocinha.-Foto-Barbara-DiasRioOnWatch-scaled-1.jpg\"><img loading=\"lazy\" decoding=\"async\" class=\"wp-image-72931\" title=\"Ant\u00f4nio Firmino, community leader and one of the founders of the Sankofa Memory and History Museum in Rocinha. Photo B\u00e1rbara Dias\/RioOnWatch\" src=\"https:\/\/rioonwatch.org\/wp-content\/uploads\/2022\/11\/Antonio-Firmino-lideranca-comunitaria-e-um-dos-fundadores-do-Museu-Sankofa-Rocinha.-Foto-Barbara-DiasRioOnWatch-scaled-1.jpg\" alt=\"\" width=\"1030\" height=\"688\" srcset=\"https:\/\/rioonwatch.org\/wp-content\/uploads\/2022\/11\/Antonio-Firmino-lideranca-comunitaria-e-um-dos-fundadores-do-Museu-Sankofa-Rocinha.-Foto-Barbara-DiasRioOnWatch-scaled-1.jpg 2560w, https:\/\/rioonwatch.org\/wp-content\/uploads\/2022\/11\/Antonio-Firmino-lideranca-comunitaria-e-um-dos-fundadores-do-Museu-Sankofa-Rocinha.-Foto-Barbara-DiasRioOnWatch-scaled-1-620x414.jpg 620w, https:\/\/rioonwatch.org\/wp-content\/uploads\/2022\/11\/Antonio-Firmino-lideranca-comunitaria-e-um-dos-fundadores-do-Museu-Sankofa-Rocinha.-Foto-Barbara-DiasRioOnWatch-scaled-1-942x629.jpg 942w, https:\/\/rioonwatch.org\/wp-content\/uploads\/2022\/11\/Antonio-Firmino-lideranca-comunitaria-e-um-dos-fundadores-do-Museu-Sankofa-Rocinha.-Foto-Barbara-DiasRioOnWatch-scaled-1-768x513.jpg 768w\" sizes=\"(max-width: 1030px) 100vw, 1030px\" \/><\/a><figcaption id=\"caption-attachment-72931\" class=\"wp-caption-text\">Ant\u00f4nio Firmino, community leader and one of the founders of the Sankofa Memory and History Museum in Rocinha. Photo B\u00e1rbara Dias\/RioOnWatch<\/figcaption><\/figure>\n<p>The march passed under the pedestrian overpass and ended at the entrance to Caminho do Boiadeiro. The Rocinha March with Lula made the streets lively, brought hope to those who took part and registered an important moment in the favelas\u2019 fight for democracy.<\/p>\n<figure id=\"attachment_72932\" aria-describedby=\"caption-attachment-72932\" style=\"width: 1030px\" class=\"wp-caption aligncenter\"><a href=\"https:\/\/rioonwatch.org\/wp-content\/uploads\/2022\/11\/A-Caminhada-Rocinha-com-Lula-movimentou-as-ruas-trouxe-esperanca-aos-que-participaram-e-registrou-um-importante-momento-de-luta-das-favelas-pela-democracia.-Foto-Barbara-DiasRioOnWatch-scaled-1.jpg\"><img loading=\"lazy\" decoding=\"async\" class=\"wp-image-72932\" title=\"Photo: B\u00e1rbara Dias\/RioOnWatch\" src=\"https:\/\/rioonwatch.org\/wp-content\/uploads\/2022\/11\/A-Caminhada-Rocinha-com-Lula-movimentou-as-ruas-trouxe-esperanca-aos-que-participaram-e-registrou-um-importante-momento-de-luta-das-favelas-pela-democracia.-Foto-Barbara-DiasRioOnWatch-scaled-1.jpg\" alt=\"\" width=\"1030\" height=\"688\" srcset=\"https:\/\/rioonwatch.org\/wp-content\/uploads\/2022\/11\/A-Caminhada-Rocinha-com-Lula-movimentou-as-ruas-trouxe-esperanca-aos-que-participaram-e-registrou-um-importante-momento-de-luta-das-favelas-pela-democracia.-Foto-Barbara-DiasRioOnWatch-scaled-1.jpg 2560w, https:\/\/rioonwatch.org\/wp-content\/uploads\/2022\/11\/A-Caminhada-Rocinha-com-Lula-movimentou-as-ruas-trouxe-esperanca-aos-que-participaram-e-registrou-um-importante-momento-de-luta-das-favelas-pela-democracia.-Foto-Barbara-DiasRioOnWatch-scaled-1-620x414.jpg 620w, https:\/\/rioonwatch.org\/wp-content\/uploads\/2022\/11\/A-Caminhada-Rocinha-com-Lula-movimentou-as-ruas-trouxe-esperanca-aos-que-participaram-e-registrou-um-importante-momento-de-luta-das-favelas-pela-democracia.-Foto-Barbara-DiasRioOnWatch-scaled-1-942x629.jpg 942w, https:\/\/rioonwatch.org\/wp-content\/uploads\/2022\/11\/A-Caminhada-Rocinha-com-Lula-movimentou-as-ruas-trouxe-esperanca-aos-que-participaram-e-registrou-um-importante-momento-de-luta-das-favelas-pela-democracia.-Foto-Barbara-DiasRioOnWatch-scaled-1-768x513.jpg 768w\" sizes=\"(max-width: 1030px) 100vw, 1030px\" \/><\/a><figcaption id=\"caption-attachment-72932\" class=\"wp-caption-text\">Photo: B\u00e1rbara Dias\/RioOnWatch<\/figcaption><\/figure>\n<p>After the vote count, the election results in the area came as no surprise to the participants of the march. <a href=\"http:\/\/glo.bo\/3TmjAFc\" target=\"_blank\" rel=\"noopener\">Rocinha was the neighborhood with the highest vote for Lula: 78.2% of the vote<\/a>. Lula also won in <a href=\"https:\/\/bit.ly\/3t0c48w\" target=\"_blank\" rel=\"noopener\">other large favelas<\/a> like Alem\u00e3o, Penha, Mar\u00e9, City of God, Rio das Pedras, and Gard\u00eania Azul.<\/p>\n<h3>Check out more photos from the Rocinha March with Lula:<\/h3>\n<figure id=\"attachment_72933\" aria-describedby=\"caption-attachment-72933\" style=\"width: 1030px\" class=\"wp-caption aligncenter\"><a href=\"https:\/\/rioonwatch.org\/wp-content\/uploads\/2022\/11\/Registro-desse-momento-de-luta-das-favelas-pela-democracia-na-Rocinha.-Foto-Barbara-DiasRioOnWatch-scaled-1.jpg\"><img loading=\"lazy\" decoding=\"async\" class=\"wp-image-72933\" title=\"Record of this moment in which the favela fights for democracy in Rocinha. Photo: B\u00e1rbara Dias\/RioOnWatch\" src=\"https:\/\/rioonwatch.org\/wp-content\/uploads\/2022\/11\/Registro-desse-momento-de-luta-das-favelas-pela-democracia-na-Rocinha.-Foto-Barbara-DiasRioOnWatch-scaled-1.jpg\" alt=\"\" width=\"1030\" height=\"688\" srcset=\"https:\/\/rioonwatch.org\/wp-content\/uploads\/2022\/11\/Registro-desse-momento-de-luta-das-favelas-pela-democracia-na-Rocinha.-Foto-Barbara-DiasRioOnWatch-scaled-1.jpg 2560w, https:\/\/rioonwatch.org\/wp-content\/uploads\/2022\/11\/Registro-desse-momento-de-luta-das-favelas-pela-democracia-na-Rocinha.-Foto-Barbara-DiasRioOnWatch-scaled-1-620x414.jpg 620w, https:\/\/rioonwatch.org\/wp-content\/uploads\/2022\/11\/Registro-desse-momento-de-luta-das-favelas-pela-democracia-na-Rocinha.-Foto-Barbara-DiasRioOnWatch-scaled-1-942x629.jpg 942w, https:\/\/rioonwatch.org\/wp-content\/uploads\/2022\/11\/Registro-desse-momento-de-luta-das-favelas-pela-democracia-na-Rocinha.-Foto-Barbara-DiasRioOnWatch-scaled-1-768x513.jpg 768w\" sizes=\"(max-width: 1030px) 100vw, 1030px\" \/><\/a><figcaption id=\"caption-attachment-72933\" class=\"wp-caption-text\">Record of this moment in which the favela fights for democracy in Rocinha. Photo: B\u00e1rbara Dias\/RioOnWatch<\/figcaption><\/figure>\n<figure id=\"attachment_72934\" aria-describedby=\"caption-attachment-72934\" style=\"width: 1030px\" class=\"wp-caption aligncenter\"><a href=\"https:\/\/rioonwatch.org\/wp-content\/uploads\/2022\/11\/Registro-de-manifestantes-em-frente-ao-Comite-Democratico-de-Luta-da-Rocinha.-Foto-Barbara-DiasRioOnWatch-scaled-1.jpg\"><img loading=\"lazy\" decoding=\"async\" class=\"wp-image-72934\" title=\"Demonstrators in front of Rocinha's Democratic Committee for the Struggle. Photo: B\u00e1rbara Dias\/RioOnWatch\" src=\"https:\/\/rioonwatch.org\/wp-content\/uploads\/2022\/11\/Registro-de-manifestantes-em-frente-ao-Comite-Democratico-de-Luta-da-Rocinha.-Foto-Barbara-DiasRioOnWatch-scaled-1.jpg\" alt=\"\" width=\"1030\" height=\"688\" srcset=\"https:\/\/rioonwatch.org\/wp-content\/uploads\/2022\/11\/Registro-de-manifestantes-em-frente-ao-Comite-Democratico-de-Luta-da-Rocinha.-Foto-Barbara-DiasRioOnWatch-scaled-1.jpg 2560w, https:\/\/rioonwatch.org\/wp-content\/uploads\/2022\/11\/Registro-de-manifestantes-em-frente-ao-Comite-Democratico-de-Luta-da-Rocinha.-Foto-Barbara-DiasRioOnWatch-scaled-1-620x414.jpg 620w, https:\/\/rioonwatch.org\/wp-content\/uploads\/2022\/11\/Registro-de-manifestantes-em-frente-ao-Comite-Democratico-de-Luta-da-Rocinha.-Foto-Barbara-DiasRioOnWatch-scaled-1-942x629.jpg 942w, https:\/\/rioonwatch.org\/wp-content\/uploads\/2022\/11\/Registro-de-manifestantes-em-frente-ao-Comite-Democratico-de-Luta-da-Rocinha.-Foto-Barbara-DiasRioOnWatch-scaled-1-768x513.jpg 768w\" sizes=\"(max-width: 1030px) 100vw, 1030px\" \/><\/a><figcaption id=\"caption-attachment-72934\" class=\"wp-caption-text\">Demonstrators in front of Rocinha&#8217;s Committee for the Struggle for Democracy. Photo: B\u00e1rbara Dias\/RioOnWatch<\/figcaption><\/figure>\n<figure id=\"attachment_72935\" aria-describedby=\"caption-attachment-72935\" style=\"width: 1030px\" class=\"wp-caption aligncenter\"><a href=\"https:\/\/rioonwatch.org\/wp-content\/uploads\/2022\/11\/Criancas-da-Rocinha-seguram-adesivos-scaled-1.jpg\"><img loading=\"lazy\" decoding=\"async\" class=\"wp-image-72935\" title=\"Children hold Lula campaign stickers distributed during the march. Photo: B\u00e1rbara Dias\/RioOnWatch\" src=\"https:\/\/rioonwatch.org\/wp-content\/uploads\/2022\/11\/Criancas-da-Rocinha-seguram-adesivos-scaled-1.jpg\" alt=\"\" width=\"1030\" height=\"688\" srcset=\"https:\/\/rioonwatch.org\/wp-content\/uploads\/2022\/11\/Criancas-da-Rocinha-seguram-adesivos-scaled-1.jpg 2560w, https:\/\/rioonwatch.org\/wp-content\/uploads\/2022\/11\/Criancas-da-Rocinha-seguram-adesivos-scaled-1-620x414.jpg 620w, https:\/\/rioonwatch.org\/wp-content\/uploads\/2022\/11\/Criancas-da-Rocinha-seguram-adesivos-scaled-1-942x629.jpg 942w, https:\/\/rioonwatch.org\/wp-content\/uploads\/2022\/11\/Criancas-da-Rocinha-seguram-adesivos-scaled-1-768x513.jpg 768w\" sizes=\"(max-width: 1030px) 100vw, 1030px\" \/><\/a><figcaption id=\"caption-attachment-72935\" class=\"wp-caption-text\">Children hold Lula campaign stickers distributed during the march. Photo: B\u00e1rbara Dias\/RioOnWatch<\/figcaption><\/figure>\n<figure id=\"attachment_72936\" aria-describedby=\"caption-attachment-72936\" style=\"width: 1030px\" class=\"wp-caption aligncenter\"><a href=\"https:\/\/rioonwatch.org\/wp-content\/uploads\/2022\/11\/Onda-vermelha-desce-a-Rocinha-defendendo-o-legado-de-Lula-nas-favelas.-Foto-Barbara-DiasRioOnWatch-scaled-1.jpg\"><img loading=\"lazy\" decoding=\"async\" class=\"wp-image-72936\" title=\"A red wave travels down Rocinha defending Lula's legacy in the favelas. Photo: B\u00e1rbara Dias\/RioOnWatch\" src=\"https:\/\/rioonwatch.org\/wp-content\/uploads\/2022\/11\/Onda-vermelha-desce-a-Rocinha-defendendo-o-legado-de-Lula-nas-favelas.-Foto-Barbara-DiasRioOnWatch-scaled-1.jpg\" alt=\"\" width=\"1030\" height=\"688\" srcset=\"https:\/\/rioonwatch.org\/wp-content\/uploads\/2022\/11\/Onda-vermelha-desce-a-Rocinha-defendendo-o-legado-de-Lula-nas-favelas.-Foto-Barbara-DiasRioOnWatch-scaled-1.jpg 2560w, https:\/\/rioonwatch.org\/wp-content\/uploads\/2022\/11\/Onda-vermelha-desce-a-Rocinha-defendendo-o-legado-de-Lula-nas-favelas.-Foto-Barbara-DiasRioOnWatch-scaled-1-620x414.jpg 620w, https:\/\/rioonwatch.org\/wp-content\/uploads\/2022\/11\/Onda-vermelha-desce-a-Rocinha-defendendo-o-legado-de-Lula-nas-favelas.-Foto-Barbara-DiasRioOnWatch-scaled-1-942x629.jpg 942w, https:\/\/rioonwatch.org\/wp-content\/uploads\/2022\/11\/Onda-vermelha-desce-a-Rocinha-defendendo-o-legado-de-Lula-nas-favelas.-Foto-Barbara-DiasRioOnWatch-scaled-1-768x513.jpg 768w\" sizes=\"(max-width: 1030px) 100vw, 1030px\" \/><\/a><figcaption id=\"caption-attachment-72936\" class=\"wp-caption-text\">A red wave travels down Rocinha defending Lula&#8217;s legacy in the favelas. Photo: B\u00e1rbara Dias\/RioOnWatch<\/figcaption><\/figure>\n<figure id=\"attachment_72937\" aria-describedby=\"caption-attachment-72937\" style=\"width: 1030px\" class=\"wp-caption aligncenter\"><a href=\"https:\/\/rioonwatch.org\/wp-content\/uploads\/2022\/11\/Mototaxista-na-Rocinha-faz-o-L-em-apoio-a-Lula-no-segundo-turno-das-eleicoes-2022.-Foto-Barbara-DiasRioOnWatch-scaled-1.jpg\"><img loading=\"lazy\" decoding=\"async\" class=\"wp-image-72937\" title=\"Mototaxi driver makes the L sign in support of Lula in the 2022 runoff election. Photo: B\u00e1rbara Dias\/RioOnWatch\" src=\"https:\/\/rioonwatch.org\/wp-content\/uploads\/2022\/11\/Mototaxista-na-Rocinha-faz-o-L-em-apoio-a-Lula-no-segundo-turno-das-eleicoes-2022.-Foto-Barbara-DiasRioOnWatch-scaled-1.jpg\" alt=\"\" width=\"1030\" height=\"688\" srcset=\"https:\/\/rioonwatch.org\/wp-content\/uploads\/2022\/11\/Mototaxista-na-Rocinha-faz-o-L-em-apoio-a-Lula-no-segundo-turno-das-eleicoes-2022.-Foto-Barbara-DiasRioOnWatch-scaled-1.jpg 2560w, https:\/\/rioonwatch.org\/wp-content\/uploads\/2022\/11\/Mototaxista-na-Rocinha-faz-o-L-em-apoio-a-Lula-no-segundo-turno-das-eleicoes-2022.-Foto-Barbara-DiasRioOnWatch-scaled-1-620x414.jpg 620w, https:\/\/rioonwatch.org\/wp-content\/uploads\/2022\/11\/Mototaxista-na-Rocinha-faz-o-L-em-apoio-a-Lula-no-segundo-turno-das-eleicoes-2022.-Foto-Barbara-DiasRioOnWatch-scaled-1-942x629.jpg 942w, https:\/\/rioonwatch.org\/wp-content\/uploads\/2022\/11\/Mototaxista-na-Rocinha-faz-o-L-em-apoio-a-Lula-no-segundo-turno-das-eleicoes-2022.-Foto-Barbara-DiasRioOnWatch-scaled-1-768x513.jpg 768w\" sizes=\"(max-width: 1030px) 100vw, 1030px\" \/><\/a><figcaption id=\"caption-attachment-72937\" class=\"wp-caption-text\">Mototaxi driver makes the L sign in support of Lula in the 2022 runoff election. Photo: B\u00e1rbara Dias\/RioOnWatch<\/figcaption><\/figure>\n<figure id=\"attachment_72938\" aria-describedby=\"caption-attachment-72938\" style=\"width: 1030px\" class=\"wp-caption aligncenter\"><a href=\"https:\/\/rioonwatch.org\/wp-content\/uploads\/2022\/11\/Moradores-na-Rocinha-fazem-o-L-e-seguram-bandeiras-em-apoio-a-Lula-no-segundo-turno-das-eleicoes-2022.-Foto-Barbara-DiasRioOnWatch-scaled-1.jpg\"><img loading=\"lazy\" decoding=\"async\" class=\"wp-image-72938\" title=\"Residents make the L sign and wave flags in support of Lula in the 2022 runoff election. Photo: B\u00e1rbara Dias\/RioOnWatch\" src=\"https:\/\/rioonwatch.org\/wp-content\/uploads\/2022\/11\/Moradores-na-Rocinha-fazem-o-L-e-seguram-bandeiras-em-apoio-a-Lula-no-segundo-turno-das-eleicoes-2022.-Foto-Barbara-DiasRioOnWatch-scaled-1.jpg\" alt=\"\" width=\"1030\" height=\"688\" srcset=\"https:\/\/rioonwatch.org\/wp-content\/uploads\/2022\/11\/Moradores-na-Rocinha-fazem-o-L-e-seguram-bandeiras-em-apoio-a-Lula-no-segundo-turno-das-eleicoes-2022.-Foto-Barbara-DiasRioOnWatch-scaled-1.jpg 2560w, https:\/\/rioonwatch.org\/wp-content\/uploads\/2022\/11\/Moradores-na-Rocinha-fazem-o-L-e-seguram-bandeiras-em-apoio-a-Lula-no-segundo-turno-das-eleicoes-2022.-Foto-Barbara-DiasRioOnWatch-scaled-1-620x414.jpg 620w, https:\/\/rioonwatch.org\/wp-content\/uploads\/2022\/11\/Moradores-na-Rocinha-fazem-o-L-e-seguram-bandeiras-em-apoio-a-Lula-no-segundo-turno-das-eleicoes-2022.-Foto-Barbara-DiasRioOnWatch-scaled-1-942x629.jpg 942w, https:\/\/rioonwatch.org\/wp-content\/uploads\/2022\/11\/Moradores-na-Rocinha-fazem-o-L-e-seguram-bandeiras-em-apoio-a-Lula-no-segundo-turno-das-eleicoes-2022.-Foto-Barbara-DiasRioOnWatch-scaled-1-768x513.jpg 768w\" sizes=\"(max-width: 1030px) 100vw, 1030px\" \/><\/a><figcaption id=\"caption-attachment-72938\" class=\"wp-caption-text\">Residents make the L sign and wave flags in support of Lula in the 2022 runoff election. Photo: B\u00e1rbara Dias\/RioOnWatch<\/figcaption><\/figure>\n<figure id=\"attachment_72940\" aria-describedby=\"caption-attachment-72940\" style=\"width: 1030px\" class=\"wp-caption aligncenter\"><a href=\"https:\/\/rioonwatch.org\/wp-content\/uploads\/2022\/11\/Caminhada-Rocinha-com-Lula-toma-as-ruas-em-apoio-a-Lula-no-segundo-turno-das-eleicoes-2022.-Foto-Barbara-DiasRioOnWatch-scaled-1.jpg\"><img loading=\"lazy\" decoding=\"async\" class=\"wp-image-72940\" title=\"The Rocinha March with Lula took over the streets to show support for Lula in the 2022 runoff election. Photo: B\u00e1rbara Dias\/RioOnWatch\" src=\"https:\/\/rioonwatch.org\/wp-content\/uploads\/2022\/11\/Caminhada-Rocinha-com-Lula-toma-as-ruas-em-apoio-a-Lula-no-segundo-turno-das-eleicoes-2022.-Foto-Barbara-DiasRioOnWatch-scaled-1.jpg\" alt=\"\" width=\"1030\" height=\"688\" srcset=\"https:\/\/rioonwatch.org\/wp-content\/uploads\/2022\/11\/Caminhada-Rocinha-com-Lula-toma-as-ruas-em-apoio-a-Lula-no-segundo-turno-das-eleicoes-2022.-Foto-Barbara-DiasRioOnWatch-scaled-1.jpg 2560w, https:\/\/rioonwatch.org\/wp-content\/uploads\/2022\/11\/Caminhada-Rocinha-com-Lula-toma-as-ruas-em-apoio-a-Lula-no-segundo-turno-das-eleicoes-2022.-Foto-Barbara-DiasRioOnWatch-scaled-1-620x414.jpg 620w, https:\/\/rioonwatch.org\/wp-content\/uploads\/2022\/11\/Caminhada-Rocinha-com-Lula-toma-as-ruas-em-apoio-a-Lula-no-segundo-turno-das-eleicoes-2022.-Foto-Barbara-DiasRioOnWatch-scaled-1-942x629.jpg 942w, https:\/\/rioonwatch.org\/wp-content\/uploads\/2022\/11\/Caminhada-Rocinha-com-Lula-toma-as-ruas-em-apoio-a-Lula-no-segundo-turno-das-eleicoes-2022.-Foto-Barbara-DiasRioOnWatch-scaled-1-768x513.jpg 768w\" sizes=\"(max-width: 1030px) 100vw, 1030px\" \/><\/a><figcaption id=\"caption-attachment-72940\" class=\"wp-caption-text\">The Rocinha March with Lula took over the streets to show support for Lula in the 2022 runoff election. Photo: B\u00e1rbara Dias\/RioOnWatch<\/figcaption><\/figure>\n<hr \/>\n<h4><b data-stringify-type=\"bold\">Support\u00a0<\/b><b data-stringify-type=\"bold\"><i data-stringify-type=\"italic\">RioOnWatch<\/i><\/b><b data-stringify-type=\"bold\">\u2019s tireless, critical and cutting-edge hyperlocal journalism, online community organizing meetings, and direct support to favelas\u00a0<\/b><b data-stringify-type=\"bold\"><a class=\"c-link\" href=\"http:\/\/bit.ly\/DonateToRioOnWatch\" target=\"_blank\" rel=\"noopener noreferrer\" data-stringify-link=\"http:\/\/bit.ly\/DonateToRioOnWatch\" data-sk=\"tooltip_parent\">by clicking here.<\/a><\/b><\/h4>\n","protected":false},"excerpt":{"rendered":"<div class=\"mh-excerpt\"><p>Clique aqui para Portugu\u00eas On Saturday afternoon, October 29, a few hours before the 2022 runoff presidential election, as then-candidate Lula marched along Avenida Paulista in S\u00e3o Paulo, Residents of Rio de Janeiro&#8217;s largest favela, <a class=\"mh-excerpt-more\" href=\"https:\/\/rioonwatch.org\/?p=72883\" title=\"March in Rio de Janeiro&#8217;s Largest Favela, Rocinha, Prefaced Highest Vote Share for Lula in the City [PHOTO-ESSAY]\">[&#8230;]<\/a><\/p>\n<\/div>","protected":false},"author":238,"featured_media":72910,"comment_status":"closed","ping_status":"closed","sticky":false,"template":"template-full.php","format":"standard","meta":{"_monsterinsights_skip_tracking":false,"_monsterinsights_sitenote_active":false,"_monsterinsights_sitenote_note":"","_monsterinsights_sitenote_category":0,"footnotes":""},"categories":[1288,1328,1290,2242,1332],"tags":[3496,595,416,205,2597,894,1675,2038,152,2286,374,2040,12,2042,156],"writer":[3542],"translator":[3452],"illustrator":[],"photographer":[3548],"class_list":{"0":"post-72883","1":"post","2":"type-post","3":"status-publish","4":"format-standard","5":"has-post-thumbnail","7":"category-highlight","8":"category-by-community-contributors","9":"category-civilsociety","10":"category-democracy","11":"category-photo-essays","12":"tag-2022-elections","13":"tag-elections","14":"tag-gavea","15":"tag-growth-acceleration-program-pac","16":"tag-jair-bolsonaro","17":"tag-jardim-botanico","18":"tag-lagoa","19":"tag-lula","20":"tag-participation","21":"tag-pl","22":"tag-politics","23":"tag-pt","24":"tag-rocinha","25":"tag-sao-conrado","26":"tag-south-zone","27":"writer-barbara-dias","28":"translator-staff","29":"photographer-barbara-dias"},"_links":{"self":[{"href":"https:\/\/rioonwatch.org\/index.php?rest_route=\/wp\/v2\/posts\/72883","targetHints":{"allow":["GET"]}}],"collection":[{"href":"https:\/\/rioonwatch.org\/index.php?rest_route=\/wp\/v2\/posts"}],"about":[{"href":"https:\/\/rioonwatch.org\/index.php?rest_route=\/wp\/v2\/types\/post"}],"author":[{"embeddable":true,"href":"https:\/\/rioonwatch.org\/index.php?rest_route=\/wp\/v2\/users\/238"}],"replies":[{"embeddable":true,"href":"https:\/\/rioonwatch.org\/index.php?rest_route=%2Fwp%2Fv2%2Fcomments&post=72883"}],"version-history":[{"count":0,"href":"https:\/\/rioonwatch.org\/index.php?rest_route=\/wp\/v2\/posts\/72883\/revisions"}],"wp:featuredmedia":[{"embeddable":true,"href":"https:\/\/rioonwatch.org\/index.php?rest_route=\/wp\/v2\/media\/72910"}],"wp:attachment":[{"href":"https:\/\/rioonwatch.org\/index.php?rest_route=%2Fwp%2Fv2%2Fmedia&parent=72883"}],"wp:term":[{"taxonomy":"category","embeddable":true,"href":"https:\/\/rioonwatch.org\/index.php?rest_route=%2Fwp%2Fv2%2Fcategories&post=72883"},{"taxonomy":"post_tag","embeddable":true,"href":"https:\/\/rioonwatch.org\/index.php?rest_route=%2Fwp%2Fv2%2Ftags&post=72883"},{"taxonomy":"writer","embeddable":true,"href":"https:\/\/rioonwatch.org\/index.php?rest_route=%2Fwp%2Fv2%2Fwriter&post=72883"},{"taxonomy":"translator","embeddable":true,"href":"https:\/\/rioonwatch.org\/index.php?rest_route=%2Fwp%2Fv2%2Ftranslator&post=72883"},{"taxonomy":"illustrator","embeddable":true,"href":"https:\/\/rioonwatch.org\/index.php?rest_route=%2Fwp%2Fv2%2Fillustrator&post=72883"},{"taxonomy":"photographer","embeddable":true,"href":"https:\/\/rioonwatch.org\/index.php?rest_route=%2Fwp%2Fv2%2Fphotographer&post=72883"}],"curies":[{"name":"wp","href":"https:\/\/api.w.org\/{rel}","templated":true}]}}