{"id":73569,"date":"2023-02-05T09:37:41","date_gmt":"2023-02-05T12:37:41","guid":{"rendered":"https:\/\/rioonwatch.org\/?p=73569"},"modified":"2023-02-12T10:39:55","modified_gmt":"2023-02-12T13:39:55","slug":"mariwo-black-culture-from-morro-da-providencia-that-filters-negative-energy","status":"publish","type":"post","link":"https:\/\/rioonwatch.org\/?p=73569","title":{"rendered":"Mariw\u00f4: Black Culture from Morro da Provid\u00eancia that Filters Negative Energy"},"content":{"rendered":"<figure id=\"attachment_73571\" aria-describedby=\"caption-attachment-73571\" style=\"width: 4000px\" class=\"wp-caption aligncenter\"><a href=\"https:\/\/rioonwatch.org\/wp-content\/uploads\/2023\/01\/Coletivo-Mariwo.png\"><img fetchpriority=\"high\" decoding=\"async\" class=\"wp-image-73571 size-full\" title=\"together music, art, and dance, creating spaces of reframing and experimentation through Afro-diasporic culture. Image reproduced from social media\" src=\"https:\/\/rioonwatch.org\/wp-content\/uploads\/2023\/01\/Coletivo-Mariwo.png\" alt=\"\" width=\"4000\" height=\"4000\" srcset=\"https:\/\/rioonwatch.org\/wp-content\/uploads\/2023\/01\/Coletivo-Mariwo.png 4000w, https:\/\/rioonwatch.org\/wp-content\/uploads\/2023\/01\/Coletivo-Mariwo-620x620.png 620w, https:\/\/rioonwatch.org\/wp-content\/uploads\/2023\/01\/Coletivo-Mariwo-629x629.png 629w, https:\/\/rioonwatch.org\/wp-content\/uploads\/2023\/01\/Coletivo-Mariwo-768x768.png 768w, https:\/\/rioonwatch.org\/wp-content\/uploads\/2023\/01\/Coletivo-Mariwo-1536x1536.png 1536w, https:\/\/rioonwatch.org\/wp-content\/uploads\/2023\/01\/Coletivo-Mariwo-2048x2048.png 2048w\" sizes=\"(max-width: 4000px) 100vw, 4000px\" \/><\/a><figcaption id=\"caption-attachment-73571\" class=\"wp-caption-text\">Mariw\u00f4 Collective, a Rio movement of cultural occupations that brings together music, art, and dance, creating spaces of reframing and experimentation through Afro-diasporic culture. Image reproduced from social media<\/figcaption><\/figure>\n<p class=\"p2\" style=\"text-align: right;\"><a href=\"https:\/\/bit.ly\/3WxDRub\" target=\"_blank\" rel=\"noopener\"><span class=\"s1\"><i>Clique aqui para Portugu\u00eas<\/i><\/span><span class=\"s2\"><i><span class=\"Apple-converted-space\"><em><img decoding=\"async\" class=\"alignright size-full wp-image-23766\" src=\"https:\/\/www.rioonwatch.org\/wp-content\/uploads\/2012\/08\/PT-e1439583827971.png\" width=\"20\" height=\"20\" \/><\/em><\/span><\/i><\/span><\/a><\/p>\n<p class=\"p2\"><em><img decoding=\"async\" class=\"alignright wp-image-66801\" src=\"https:\/\/rioonwatch.org\/wp-content\/uploads\/2021\/08\/SDSU-300x102.png\" sizes=\"(max-width: 200px) 100vw, 200px\" srcset=\"https:\/\/rioonwatch.org\/wp-content\/uploads\/2021\/08\/SDSU-300x102.png 300w, https:\/\/rioonwatch.org\/wp-content\/uploads\/2021\/08\/SDSU-1024x348.png 1024w, https:\/\/rioonwatch.org\/wp-content\/uploads\/2021\/08\/SDSU-768x261.png 768w, https:\/\/rioonwatch.org\/wp-content\/uploads\/2021\/08\/SDSU-1536x523.png 1536w, https:\/\/rioonwatch.org\/wp-content\/uploads\/2021\/08\/SDSU.png 1934w\" alt=\"\" width=\"200\" height=\"68\" \/><\/em><\/p>\n<p><em>This is our latest article in<\/em><em>\u00a0a\u00a0<a href=\"http:\/\/bit.ly\/SDSUFavelaRightsSeries\" target=\"_blank\" rel=\"noopener\">series<\/a>\u00a0created in partnership with the\u00a0<a href=\"http:\/\/bit.ly\/SDSUBehnerCenter\" target=\"_blank\" rel=\"noopener\">Behner Stiefel Center for Brazilian Studies<\/a>\u00a0at San Diego State University, to produce articles for the\u00a0<a href=\"https:\/\/bit.ly\/SDSUDigitalBrazilProject\" target=\"_blank\" rel=\"noopener\">Digital Brazil Project<\/a>\u00a0on water issues and the LGBTQIAP+ population in Rio\u2019s favelas and in the Baixada Fluminense\u00a0<\/em><em>for RioOnWatch.<\/em><\/p>\n<h4>Discover the work developed by the Mariw\u00f4 collective, a group of Black artists from Brazil&#8217;s original &#8216;favela,&#8217; Morro da Provid\u00eancia who are shaking up the cultural scene in Rio de Janeiro, exalting Afro-Brazilian heritage.<\/h4>\n<h3>\u201cNo Leaf, No Orix\u00e1\u201d<\/h3>\n<p>This is a maxim in the <a href=\"http:\/\/bit.ly\/1GeUJJE\" target=\"_blank\" rel=\"noopener\">Candombl\u00e9<\/a> <em>terreiros<\/em> [places of worship]. Leaves fuel life, translate history, and give movement to the body in dance and rituals. They highlight the grandeur of Afro-Brazilian religious spaces.<\/p>\n<p>The <a href=\"http:\/\/bit.ly\/3XD9l2B\" target=\"_blank\" rel=\"noopener\">Mariw\u00f4<\/a>, an <a href=\"http:\/\/bit.ly\/3J8iyLw\" target=\"_blank\" rel=\"noopener\">oil palm<\/a> leaf, has a masculine reference for being a plant of the <em><a href=\"http:\/\/bit.ly\/1Cx4b9J\" target=\"_blank\" rel=\"noopener\">orix\u00e1<\/a> <\/em>Ogum. On doors and windows, the frayed Mariw\u00f4 is used in Candombl\u00e9 houses for a specific mission: so no harm will come. The Mariw\u00f4 expels negative energies and protects the sons and daughters of the <em>orix\u00e1<\/em>.<\/p>\n<figure id=\"attachment_73572\" aria-describedby=\"caption-attachment-73572\" style=\"width: 2560px\" class=\"wp-caption aligncenter\"><a href=\"https:\/\/rioonwatch.org\/wp-content\/uploads\/2023\/01\/Sem-folha-nao-ha-orixa-essa-e-uma-maxima-nos-terreiros-de-Candomble-e-do-Coletivo-Mariwo.-Foto-Jessica-Senra-scaled-1.jpg\"><img loading=\"lazy\" decoding=\"async\" class=\"wp-image-73572 size-full\" title=\"&quot;No leaf, no orix\u00e1&quot; is a motto in the Candombl\u00e9 terreiros and for the Mariw\u00f4 Collective. Photo: Je\u0301ssica Senra\" src=\"https:\/\/rioonwatch.org\/wp-content\/uploads\/2023\/01\/Sem-folha-nao-ha-orixa-essa-e-uma-maxima-nos-terreiros-de-Candomble-e-do-Coletivo-Mariwo.-Foto-Jessica-Senra-scaled-1.jpg\" alt=\"&quot;No leaf, no orix\u00e1&quot; is a motto in the Candombl\u00e9 terreiros and for the Mariw\u00f4 Collective. Photo: Je\u0301ssica Senra\" width=\"2560\" height=\"1658\" srcset=\"https:\/\/rioonwatch.org\/wp-content\/uploads\/2023\/01\/Sem-folha-nao-ha-orixa-essa-e-uma-maxima-nos-terreiros-de-Candomble-e-do-Coletivo-Mariwo.-Foto-Jessica-Senra-scaled-1.jpg 2560w, https:\/\/rioonwatch.org\/wp-content\/uploads\/2023\/01\/Sem-folha-nao-ha-orixa-essa-e-uma-maxima-nos-terreiros-de-Candomble-e-do-Coletivo-Mariwo.-Foto-Jessica-Senra-scaled-1-620x402.jpg 620w, https:\/\/rioonwatch.org\/wp-content\/uploads\/2023\/01\/Sem-folha-nao-ha-orixa-essa-e-uma-maxima-nos-terreiros-de-Candomble-e-do-Coletivo-Mariwo.-Foto-Jessica-Senra-scaled-1-971x629.jpg 971w, https:\/\/rioonwatch.org\/wp-content\/uploads\/2023\/01\/Sem-folha-nao-ha-orixa-essa-e-uma-maxima-nos-terreiros-de-Candomble-e-do-Coletivo-Mariwo.-Foto-Jessica-Senra-scaled-1-768x497.jpg 768w\" sizes=\"(max-width: 2560px) 100vw, 2560px\" \/><\/a><figcaption id=\"caption-attachment-73572\" class=\"wp-caption-text\">&#8220;No leaf, no orix\u00e1&#8221; is a motto in the Candombl\u00e9 <em>terreiros<\/em> and for the Mariw\u00f4 Collective. Photo: Je\u0301ssica Senra<\/figcaption><\/figure>\n<p>And this is how the <a href=\"https:\/\/bit.ly\/3VHWP0v\" target=\"_blank\" rel=\"noopener\">Mariw\u00f4 Collective<\/a> works: a Rio movement of cultural occupations that brings together music, art, and dance, creating spaces of reframing and experimentation through <a href=\"http:\/\/bit.ly\/2kc4KTH\" target=\"_blank\" rel=\"noopener\">Afro-diasporic culture<\/a>. A multicultural experimentation is built, where bridges are created between past, present, and <a href=\"https:\/\/bit.ly\/3fbT9BS\" target=\"_blank\" rel=\"noopener\">Afrofuture<\/a>.<\/p>\n<p>Mariw\u00f4 was launched in July 2017 at the <a href=\"https:\/\/bit.ly\/3FEgwQd\" target=\"_blank\" rel=\"noopener\">Estudantina Musical Cultural Center<\/a> in <a href=\"http:\/\/bit.ly\/3aaGqLY\" target=\"_blank\" rel=\"noopener\">Centro<\/a> (downtown Rio) with the cultural occupation Brecha no Espa\u00e7o (Breach in the Space), which brought together 400 people and featured a show by the <a href=\"https:\/\/bit.ly\/3v6Inn0\" target=\"_blank\" rel=\"noopener\">Afro Jazz<\/a> group, the participation of <a href=\"https:\/\/bit.ly\/3PJiDa8\" target=\"_blank\" rel=\"noopener\">Jeza da Pedra<\/a>, a presentation by <a href=\"https:\/\/bit.ly\/3FP45Bg\" target=\"_blank\" rel=\"noopener\">Aisha Mbikila<\/a> and LeidExu, and music by DJs BBWJU, BByGirlCami, and DJ Garota. There was also an artistic intervention by <a href=\"https:\/\/bit.ly\/3BUXqnE\" target=\"_blank\" rel=\"noopener\">Raphael Cruz<\/a> and <a href=\"https:\/\/bit.ly\/3FGa7Uy\" target=\"_blank\" rel=\"noopener\">Ra\u00edne Funmilayo<\/a>.<\/p>\n<p>With diverse artistic contributions, the collective brings together names from Brazil and Latin America\u2019s cultural scenes, like <a href=\"https:\/\/bit.ly\/3YDUN3y\" target=\"_blank\" rel=\"noopener\">Ventura Profana<\/a>, <a href=\"https:\/\/bit.ly\/3WeIkl2\" target=\"_blank\" rel=\"noopener\">TAYHANA<\/a>, <a href=\"https:\/\/bit.ly\/3PMqweJ\" target=\"_blank\" rel=\"noopener\">Sodomita<\/a>, <a href=\"https:\/\/bit.ly\/3BRw6XE\" target=\"_blank\" rel=\"noopener\">Marta Supernova<\/a>, <a href=\"https:\/\/bit.ly\/3hHYkwW\" target=\"_blank\" rel=\"noopener\">Cand\u00e9<\/a>, <a href=\"https:\/\/bit.ly\/3v8Oyal\" target=\"_blank\" rel=\"noopener\">Mc Caten<\/a>, <a href=\"https:\/\/bit.ly\/3jhaDAV\" target=\"_blank\" rel=\"noopener\">Bloco Afro Os Neg\u00f5es<\/a>, and <a href=\"https:\/\/bit.ly\/3Wz4xdE\" target=\"_blank\" rel=\"noopener\">Luedji Luna<\/a>. Among these are visual artists, singers, and DJs.<\/p>\n<h3>Who Makes the Wheels Turn?<\/h3>\n<p>Five people make the party happen in this <em>terreiro<\/em>: Alex Gabriel and Caique Cerqueira are the founders of the collective and responsible for the artistic direction and production; Daniel Santos is the resident DJ who undertakes curation and musical and artistic production of the occupations; Williane Jacob takes care of the visual elements and establishing accessibility and the central role of <a href=\"https:\/\/bit.ly\/3MigK2g\" target=\"_blank\" rel=\"noopener\">trans<\/a> people in projects; and Luma Nascimento handles the collective\u2019s connections with sponsors.<\/p>\n<blockquote><p>&#8220;The impact this has for me is at the moment of the encounter. When you see yourself with other artists, like-minded people who see each other as references, with one being familiar with the art of another. This is why our platform asserts itself as creating this diffusion among Black potencies, always with the curation focused on dissident, peripheral, Black and <a href=\"http:\/\/bit.ly\/1PB75xL\" target=\"_blank\" rel=\"noopener\">LGBTQIAP+<\/a> bodies.&#8221; \u2014 Caique Cerqueira<\/p><\/blockquote>\n<p>The collective\u2014like Ogum\u2019s plant\u2014filters the negative energies of Brazil&#8217;s\u00a0<a href=\"https:\/\/bit.ly\/34gd2V9\" target=\"_blank\" rel=\"noopener\">structurally racist<\/a> society and transcends that into new possibilities, into art, through the power of Black artists. Like in the <a href=\"http:\/\/bit.ly\/X00UwH\" target=\"_blank\" rel=\"noopener\"><em>terreiros<\/em><\/a>, Mariw\u00f4 also puts on a great party to welcome and empower their own. Even with little or no funding from public agencies, the collective carries out the challenging work of creating a festive space with an aesthetic that brings elements of nature and ancestral essence to an urban context. \u201cMariw\u00f4 safeguards the energy of the party,\u201d so that everything goes right and so everyone can celebrate the manifestation of their work, in community, as a network.<\/p>\n<figure id=\"attachment_73573\" aria-describedby=\"caption-attachment-73573\" style=\"width: 2560px\" class=\"wp-caption aligncenter\"><a href=\"https:\/\/rioonwatch.org\/wp-content\/uploads\/2023\/01\/A-brecha-foi-aberta.-Foto-Angelo-Pontes-scaled-1.jpg\"><img loading=\"lazy\" decoding=\"async\" class=\"wp-image-73573 size-full\" title=\"&quot;The breach has opened up.&quot; Photo: Angela Pontes\" src=\"https:\/\/rioonwatch.org\/wp-content\/uploads\/2023\/01\/A-brecha-foi-aberta.-Foto-Angelo-Pontes-scaled-1.jpg\" alt=\"\" width=\"2560\" height=\"1707\" srcset=\"https:\/\/rioonwatch.org\/wp-content\/uploads\/2023\/01\/A-brecha-foi-aberta.-Foto-Angelo-Pontes-scaled-1.jpg 2560w, https:\/\/rioonwatch.org\/wp-content\/uploads\/2023\/01\/A-brecha-foi-aberta.-Foto-Angelo-Pontes-scaled-1-620x413.jpg 620w, https:\/\/rioonwatch.org\/wp-content\/uploads\/2023\/01\/A-brecha-foi-aberta.-Foto-Angelo-Pontes-scaled-1-943x629.jpg 943w, https:\/\/rioonwatch.org\/wp-content\/uploads\/2023\/01\/A-brecha-foi-aberta.-Foto-Angelo-Pontes-scaled-1-768x512.jpg 768w\" sizes=\"(max-width: 2560px) 100vw, 2560px\" \/><\/a><figcaption id=\"caption-attachment-73573\" class=\"wp-caption-text\">&#8220;Breach in the Space.&#8221; Photo: Angela Pontes<\/figcaption><\/figure>\n<p>The narrative thread that drives the Mariw\u00f4 party is the celebration of the unity and plurality of Black and <a href=\"http:\/\/bit.ly\/3QQCcO8\" target=\"_blank\" rel=\"noopener\">queer<\/a> people&#8217;s possible existences. It makes visible the influence of bodies that live decolonial trajectories in the production of music, making communication happen. In its musical aesthetic, what it presents as the party\u2019s brand is to mix <a href=\"http:\/\/bit.ly\/3iPLBc9\" target=\"_blank\" rel=\"noopener\">Gqom<\/a>, a musical rhythm produced in Durban, <a href=\"https:\/\/bit.ly\/3hMVVf5\" target=\"_blank\" rel=\"noopener\">South Africa<\/a>, with Brazilian <a href=\"http:\/\/bit.ly\/ZEM52t\" target=\"_blank\" rel=\"noopener\">Funk<\/a>, connecting <a href=\"https:\/\/bit.ly\/3iOem94\" target=\"_blank\" rel=\"noopener\">Afrobeat<\/a> with <a href=\"http:\/\/bit.ly\/3XoVHQh\" target=\"_blank\" rel=\"noopener\">Afox\u00e9<\/a> and reverberating <a href=\"http:\/\/bit.ly\/3GT5p6t\" target=\"_blank\" rel=\"noopener\">House<\/a>.<\/p>\n<blockquote class=\"instagram-media\" style=\"background: #FFF; border: 0; border-radius: 3px; box-shadow: 0 0 1px 0 rgba(0,0,0,0.5),0 1px 10px 0 rgba(0,0,0,0.15); margin: 1px; max-width: 540px; min-width: 326px; padding: 0; width: calc(100% - 2px);\" data-instgrm-captioned=\"\" data-instgrm-permalink=\"https:\/\/www.instagram.com\/reel\/CbGY_0-pLU5\/?utm_source=ig_embed&amp;utm_campaign=loading\" data-instgrm-version=\"14\">\n<div style=\"padding: 16px;\">\n<p>&nbsp;<\/p>\n<div style=\"display: flex; flex-direction: row; align-items: center;\">\n<div style=\"background-color: #f4f4f4; border-radius: 50%; flex-grow: 0; height: 40px; margin-right: 14px; width: 40px;\"><\/div>\n<div style=\"display: flex; flex-direction: column; flex-grow: 1; justify-content: center;\">\n<div style=\"background-color: #f4f4f4; border-radius: 4px; flex-grow: 0; height: 14px; margin-bottom: 6px; width: 100px;\"><\/div>\n<div style=\"background-color: #f4f4f4; border-radius: 4px; flex-grow: 0; height: 14px; width: 60px;\"><\/div>\n<\/div>\n<\/div>\n<div style=\"padding: 19% 0;\"><\/div>\n<div style=\"display: block; height: 50px; margin: 0 auto 12px; width: 50px;\"><\/div>\n<div style=\"padding-top: 8px;\">\n<div style=\"color: #3897f0; font-family: Arial,sans-serif; font-size: 14px; font-style: normal; font-weight: 550; line-height: 18px;\">Ver essa foto no Instagram<\/div>\n<\/div>\n<div style=\"padding: 12.5% 0;\"><\/div>\n<div style=\"display: flex; flex-direction: row; margin-bottom: 14px; align-items: center;\">\n<div>\n<div style=\"background-color: #f4f4f4; border-radius: 50%; height: 12.5px; width: 12.5px; transform: translateX(0px) translateY(7px);\"><\/div>\n<div style=\"background-color: #f4f4f4; height: 12.5px; transform: rotate(-45deg) translateX(3px) translateY(1px); width: 12.5px; flex-grow: 0; margin-right: 14px; margin-left: 2px;\"><\/div>\n<div style=\"background-color: #f4f4f4; border-radius: 50%; height: 12.5px; width: 12.5px; transform: translateX(9px) translateY(-18px);\"><\/div>\n<\/div>\n<div style=\"margin-left: 8px;\">\n<div style=\"background-color: #f4f4f4; border-radius: 50%; flex-grow: 0; height: 20px; width: 20px;\"><\/div>\n<div style=\"width: 0; height: 0; border-top: 2px solid transparent; border-left: 6px solid #f4f4f4; border-bottom: 2px solid transparent; transform: translateX(16px) translateY(-4px) rotate(30deg);\"><\/div>\n<\/div>\n<div style=\"margin-left: auto;\">\n<div style=\"width: 0px; border-top: 8px solid #F4F4F4; border-right: 8px solid transparent; transform: translateY(16px);\"><\/div>\n<div style=\"background-color: #f4f4f4; flex-grow: 0; height: 12px; width: 16px; transform: translateY(-4px);\"><\/div>\n<div style=\"width: 0; height: 0; border-top: 8px solid #F4F4F4; border-left: 8px solid transparent; transform: translateY(-4px) translateX(8px);\"><\/div>\n<\/div>\n<\/div>\n<div style=\"display: flex; flex-direction: column; flex-grow: 1; justify-content: center; margin-bottom: 24px;\">\n<div style=\"background-color: #f4f4f4; border-radius: 4px; flex-grow: 0; height: 14px; margin-bottom: 6px; width: 224px;\"><\/div>\n<div style=\"background-color: #f4f4f4; border-radius: 4px; flex-grow: 0; height: 14px; width: 144px;\"><\/div>\n<\/div>\n<p>&nbsp;<\/p>\n<p style=\"color: #c9c8cd; font-family: Arial,sans-serif; font-size: 14px; line-height: 17px; margin-bottom: 0; margin-top: 8px; overflow: hidden; padding: 8px 0 7px; text-align: center; text-overflow: ellipsis; white-space: nowrap;\"><a style=\"color: #c9c8cd; font-family: Arial,sans-serif; font-size: 14px; font-style: normal; font-weight: normal; line-height: 17px; text-decoration: none;\" href=\"https:\/\/www.instagram.com\/reel\/CbGY_0-pLU5\/?utm_source=ig_embed&amp;utm_campaign=loading\" target=\"_blank\" rel=\"noopener\">Uma publica\u00e7\u00e3o compartilhada por cria\u00e7\u00e3o m\u00e1xima (@criacaomaxima)<\/a><\/p>\n<\/div>\n<\/blockquote>\n<blockquote><p><script async src=\"\/\/www.instagram.com\/embed.js\"><\/script>The breach has opened up transcendental carnival ball<br \/>\nMusic: shonda D+\u00a0 beat\u00a0<a class=\"x1i10hfl xjbqb8w x6umtig x1b1mbwd xaqea5y xav7gou x9f619 x1ypdohk xt0psk2 xe8uvvx xdj266r x11i5rnm xat24cr x1mh8g0r xexx8yu x4uap5 x18d9i69 xkhd6sd x16tdsg8 x1hl2dhg xggy1nq x1a2a7pz notranslate _a6hd\" tabindex=\"0\" role=\"link\" href=\"https:\/\/www.instagram.com\/evehive\/\">@evehive<\/a> Party production: <a class=\"x1i10hfl xjbqb8w x6umtig x1b1mbwd xaqea5y xav7gou x9f619 x1ypdohk xt0psk2 xe8uvvx xdj266r x11i5rnm xat24cr x1mh8g0r xexx8yu x4uap5 x18d9i69 xkhd6sd x16tdsg8 x1hl2dhg xggy1nq x1a2a7pz notranslate _a6hd\" tabindex=\"0\" role=\"link\" href=\"https:\/\/www.instagram.com\/viralata.dog\/\">@viralata.dog<\/a><\/p><\/blockquote>\n<h3>Afrofuture Under Construction<\/h3>\n<p>In 2023, the Mariw\u00f4 Collective will launch its educational process, creating an immersion school in music and techniques developed for performing as a DJ at night. Free DJ workshops will be offered to young people from <a href=\"http:\/\/bit.ly\/1rNMXO3\" target=\"_blank\" rel=\"noopener\">Complexo da Mar\u00e9<\/a>, with the goal of also going to <a href=\"http:\/\/bit.ly\/2JpV3OV\" target=\"_blank\" rel=\"noopener\">Provid\u00eancia<\/a>. This project will be backed by the City of Rio&#8217;s <a href=\"https:\/\/bit.ly\/3YDmZDp\" target=\"_blank\" rel=\"noopener\">Special Secretariat for Youth<\/a>. The collective\u2019s idea is to empower Black bodies and generate income through the development of their productions.<\/p>\n<blockquote><p>&#8220;The idea is to be able to take this project to reach more regions of the city, like the <a href=\"http:\/\/bit.ly\/2IgR5qe\" target=\"_blank\" rel=\"noopener\">North<\/a> and <a href=\"http:\/\/bit.ly\/2KVA7k7\" target=\"_blank\" rel=\"noopener\">West Zones<\/a>\u2014precisely where we think about filling this gap that exists in the education of favela youth!&#8221; \u2014 Caique Cerqueira<\/p><\/blockquote>\n<p><i>About the author:\u00a0<a href=\"https:\/\/bit.ly\/3xlebFl\" target=\"_blank\" rel=\"noopener\">Cleyton Santanna<\/a> holds degrees in journalism and screenwriting from Federal Rural University of Rio de Janeiro (<\/i><a href=\"http:\/\/bit.ly\/2XT3dYf\" target=\"_blank\" rel=\"noopener\"><i>UFRRJ<\/i><\/a>)<i>\u00a0and the\u00a0<\/i><a href=\"http:\/\/bit.ly\/3pGPU6Q\" target=\"_blank\" rel=\"noopener\"><i>CriaAtivo Film School<\/i><\/a><i>. He uses\u00a0<\/i><a href=\"http:\/\/bit.ly\/3qGqBDt\" target=\"_blank\" rel=\"noopener\"><i>his YouTube channel<\/i><\/a><i>\u00a0to address oddities, ancestry, and Afro-Brazilian culture. In 2017, he produced two documentaries: \u201cEntre Negros\u201d (Between Blacks) and \u201c<\/i><a href=\"https:\/\/bit.ly\/2P1xdyj\" target=\"_blank\" rel=\"noopener\"><i>Tudo Vai Ficar Bem<\/i><\/a><i>\u201d (Everything is Gonna Be OK), and was recognized as a screenwriter in 2018 by the Creative Economy Network for the short \u201c<\/i><a href=\"https:\/\/bit.ly\/3bGKRib\" target=\"_blank\" rel=\"noopener\"><i>Vandinho<\/i><\/a><i>.\u201d He is currently a communicator for the Museum of Tomorrow and hosts the\u00a0<\/i><a href=\"http:\/\/spoti.fi\/2OQPVsg\" target=\"_blank\" rel=\"noopener\"><i>Influ\u00eancia Negra<\/i><\/a><i>\u00a0podcast.<br \/>\n<\/i><\/p>\n<hr \/>\n<h4>Support RioOnWatch\u2019s tireless, critical and cutting-edge hyperlocal journalism, online community organizing meetings, and direct support to favelas\u00a0<a href=\"http:\/\/bit.ly\/FavelaCovidResponse\" target=\"_blank\" rel=\"noopener\">by clicking here<\/a>.<\/h4>\n","protected":false},"excerpt":{"rendered":"<div class=\"mh-excerpt\"><p>Clique aqui para Portugu\u00eas This is our latest article in\u00a0a\u00a0series\u00a0created in partnership with the\u00a0Behner Stiefel Center for Brazilian Studies\u00a0at San Diego State University, to produce articles for the\u00a0Digital Brazil Project\u00a0on water issues and the LGBTQIAP+ <a class=\"mh-excerpt-more\" href=\"https:\/\/rioonwatch.org\/?p=73569\" title=\"Mariw\u00f4: Black Culture from Morro da Provid\u00eancia that Filters Negative Energy\">[&#8230;]<\/a><\/p>\n<\/div>","protected":false},"author":238,"featured_media":73571,"comment_status":"closed","ping_status":"closed","sticky":false,"template":"","format":"standard","meta":{"_monsterinsights_skip_tracking":false,"_monsterinsights_sitenote_active":false,"_monsterinsights_sitenote_note":"","_monsterinsights_sitenote_category":0,"footnotes":""},"categories":[1328,1268,3527,329],"tags":[315,662,3451,396,1500,280,320,221,878,1507,1370,37,144,3393,3011,1045,3435,21],"writer":[3286],"translator":[3437],"illustrator":[],"photographer":[],"class_list":{"0":"post-73569","1":"post","2":"type-post","3":"status-publish","4":"format-standard","5":"has-post-thumbnail","7":"category-by-community-contributors","8":"category-favelaculture","9":"category-representation","10":"category-solutions","11":"tag-african-diaspora","12":"tag-afro-brazilian-culture","13":"tag-aquilombamento","14":"tag-art","15":"tag-candomble","16":"tag-complexo-da-mare","17":"tag-dance","18":"tag-favela-culture","19":"tag-international-comparison","20":"tag-lgbt","21":"tag-music","22":"tag-north-zone","23":"tag-morro-da-providencia","24":"tag-representation","25":"tag-series-human-rights-with-support-from-the-behner-stiefel-center-at-sdsu","26":"tag-south-africa","27":"tag-structural-racism","28":"tag-west-zone","29":"writer-cleyton-santanna","30":"translator-sofi-nicole-barreiro"},"_links":{"self":[{"href":"https:\/\/rioonwatch.org\/index.php?rest_route=\/wp\/v2\/posts\/73569","targetHints":{"allow":["GET"]}}],"collection":[{"href":"https:\/\/rioonwatch.org\/index.php?rest_route=\/wp\/v2\/posts"}],"about":[{"href":"https:\/\/rioonwatch.org\/index.php?rest_route=\/wp\/v2\/types\/post"}],"author":[{"embeddable":true,"href":"https:\/\/rioonwatch.org\/index.php?rest_route=\/wp\/v2\/users\/238"}],"replies":[{"embeddable":true,"href":"https:\/\/rioonwatch.org\/index.php?rest_route=%2Fwp%2Fv2%2Fcomments&post=73569"}],"version-history":[{"count":0,"href":"https:\/\/rioonwatch.org\/index.php?rest_route=\/wp\/v2\/posts\/73569\/revisions"}],"wp:featuredmedia":[{"embeddable":true,"href":"https:\/\/rioonwatch.org\/index.php?rest_route=\/wp\/v2\/media\/73571"}],"wp:attachment":[{"href":"https:\/\/rioonwatch.org\/index.php?rest_route=%2Fwp%2Fv2%2Fmedia&parent=73569"}],"wp:term":[{"taxonomy":"category","embeddable":true,"href":"https:\/\/rioonwatch.org\/index.php?rest_route=%2Fwp%2Fv2%2Fcategories&post=73569"},{"taxonomy":"post_tag","embeddable":true,"href":"https:\/\/rioonwatch.org\/index.php?rest_route=%2Fwp%2Fv2%2Ftags&post=73569"},{"taxonomy":"writer","embeddable":true,"href":"https:\/\/rioonwatch.org\/index.php?rest_route=%2Fwp%2Fv2%2Fwriter&post=73569"},{"taxonomy":"translator","embeddable":true,"href":"https:\/\/rioonwatch.org\/index.php?rest_route=%2Fwp%2Fv2%2Ftranslator&post=73569"},{"taxonomy":"illustrator","embeddable":true,"href":"https:\/\/rioonwatch.org\/index.php?rest_route=%2Fwp%2Fv2%2Fillustrator&post=73569"},{"taxonomy":"photographer","embeddable":true,"href":"https:\/\/rioonwatch.org\/index.php?rest_route=%2Fwp%2Fv2%2Fphotographer&post=73569"}],"curies":[{"name":"wp","href":"https:\/\/api.w.org\/{rel}","templated":true}]}}