{"id":73585,"date":"2023-01-27T21:40:52","date_gmt":"2023-01-28T00:40:52","guid":{"rendered":"https:\/\/rioonwatch.org\/?p=73585"},"modified":"2023-02-01T13:30:02","modified_gmt":"2023-02-01T16:30:02","slug":"lets-walk-together-inauguration-speech-in-full-by-brazils-new-minister-of-racial-equality-anielle-franco","status":"publish","type":"post","link":"https:\/\/rioonwatch.org\/?p=73585","title":{"rendered":"&#8216;Let&#8217;s Walk Together&#8217;: Brazilian Minister of Racial Equality Anielle Franco&#8217;s Inauguration Speech in Full"},"content":{"rendered":"<figure id=\"attachment_73588\" aria-describedby=\"caption-attachment-73588\" style=\"width: 1030px\" class=\"wp-caption aligncenter\"><a href=\"https:\/\/rioonwatch.org\/wp-content\/uploads\/2023\/01\/Valter-Campanato_Agencia-Brasil-scaled.jpg\"><img fetchpriority=\"high\" decoding=\"async\" class=\"wp-image-73588\" title=\"Anielle Franco speaks at her inauguration as Brazil's Minister of Racial Equality. Photo: Valter Campanato\/Ag\u00eancia Brasil\" src=\"https:\/\/rioonwatch.org\/wp-content\/uploads\/2023\/01\/Valter-Campanato_Agencia-Brasil-scaled.jpg\" alt=\"Anielle Franco speaks at her inauguration as Brazil's Minister of Racial Equality. Photo: Valter Campanato\/Ag\u00eancia Brasil\" width=\"1030\" height=\"687\" srcset=\"https:\/\/rioonwatch.org\/wp-content\/uploads\/2023\/01\/Valter-Campanato_Agencia-Brasil-scaled.jpg 2560w, https:\/\/rioonwatch.org\/wp-content\/uploads\/2023\/01\/Valter-Campanato_Agencia-Brasil-620x413.jpg 620w, https:\/\/rioonwatch.org\/wp-content\/uploads\/2023\/01\/Valter-Campanato_Agencia-Brasil-944x629.jpg 944w, https:\/\/rioonwatch.org\/wp-content\/uploads\/2023\/01\/Valter-Campanato_Agencia-Brasil-768x512.jpg 768w\" sizes=\"(max-width: 1030px) 100vw, 1030px\" \/><\/a><figcaption id=\"caption-attachment-73588\" class=\"wp-caption-text\">Anielle Franco speaks at her inauguration as Brazil&#8217;s first Minister of Racial Equality. Photo: Valter Campanato\/Ag\u00eancia Brasil<\/figcaption><\/figure>\n<p style=\"text-align: right;\"><a href=\"https:\/\/bit.ly\/3Xk1jLB\" target=\"_blank\" rel=\"noopener noreferrer\"><strong><em>Clique aqui para Portugu\u00eas<img decoding=\"async\" class=\"alignright size-full wp-image-23766\" src=\"https:\/\/www.rioonwatch.org\/wp-content\/uploads\/2012\/08\/PT-e1439583827971.png\" width=\"20\" height=\"20\" \/><\/em><\/strong><\/a><\/p>\n<h4>On Wednesday, January 11, 2023, <a href=\"https:\/\/bit.ly\/2WHHXWK\" target=\"_blank\" rel=\"noopener\">Anielle Franco<\/a>, born and raised in the Mar\u00e9 Complex of favelas in Rio de Janeiro&#8217;s North Zone, was welcomed as Brazil&#8217;s first Minister of Racial Equality. Read the full inauguration speech translated by RioOnWatch below, in which Franco remembers her late sister Rio de Janeiro Councilwoman <a href=\"http:\/\/bit.ly\/2IsqO7s\" target=\"_blank\" rel=\"noopener\">Marielle Franco<\/a>, who was brutally executed in 2018, and outlines the ongoing fight for inclusion and rights for Black people in Brazil:<\/h4>\n<p><span style=\"font-weight: 400;\">First of all, I would like to welcome all those present and make my formal greeting directing myself to President <a href=\"http:\/\/bit.ly\/2YCesVu\" target=\"_blank\" rel=\"noopener\">Lula<\/a> and his wife Janja, to our [former] president Dilma and the ministerial authorities present on behalf of my distinguished colleagues (Minister Luciana Santos, Margareth Menezes, Esther Dweck, N\u00edsia Trindade, Cida Gon\u00e7alves, Ana Moser, Marina Silva, Simone Tebet, Daniela Carneiro and my partner in this ceremony, Minister S\u00f4nia Guajajara).<\/span><\/p>\n<p><span style=\"font-weight: 400;\">Before I start my speech, I need to thank a few people.<\/span><\/p>\n<p><span style=\"font-weight: 400;\">I would like to start by thanking God, Mary, all of my saints and the <\/span><a href=\"http:\/\/bit.ly\/1Cx4b9J\" target=\"_blank\" rel=\"noopener\"><i><span style=\"font-weight: 400;\">orix\u00e1s<\/span><\/i><\/a> <span style=\"font-weight: 400;\">that walk with me and protect me.<\/span><\/p>\n<p><span style=\"font-weight: 400;\">To my family, for all their support, affection, and close involvement, especially to my parents Marinete and Toinho, my husband Fred, my daughters, my niece Luyara and also my sister Marielle Franco, in whose name I accepted this challenge. Thank you for being my base and sustenance. Thank you for all your patience and care. Thank you for making me the best version of myself each day.<\/span><\/p>\n<p><span style=\"font-weight: 400;\">I thank those who came before me, my elders, my soul sisters, Black women who have held my hand since March 14, 2018, and have not let go since. Especially Sueli Carneiro, L\u00facia Xavier, Jurema Werneck, Concei\u00e7\u00e3o Evaristo, Angela Davis, Vilma Reis, Vanda Menezes, Bianca Santana, Benedita da Silva, Nilza Iracy, Pamella Passos, F\u00e1tima Lima, Jana\u00edna Cardoso, Marcelle Decothe, Flavia Oliveira, Rachel Barros, Glaucia Marinho, Regina Adami, and so many others who remain with me.\u00a0<\/span><\/p>\n<p><span style=\"font-weight: 400;\">I also thank and salute, on behalf of my friend Tal\u00edria Petrone, all the people, especially Black women, who have been willing to stay on the front line of institutional politics even after so much pain.<br \/>\n<\/span><\/p>\n<p><span style=\"font-weight: 400;\">Thank you, Padre Geg\u00ea and Mother Leiria, who have accompanied and guided me in this journey.<\/span><\/p>\n<figure id=\"attachment_73589\" aria-describedby=\"caption-attachment-73589\" style=\"width: 1030px\" class=\"wp-caption aligncenter\"><a href=\"https:\/\/rioonwatch.org\/wp-content\/uploads\/2023\/01\/Valter-Campanato-2_Agencia-Brasil-scaled-1.jpg\"><img decoding=\"async\" class=\"wp-image-73589\" title=\"Anielle Franco at her inauguration as Minister of Racial Equality. Photo: Valter Campanato\/Ag\u00eancia Brasil\" src=\"https:\/\/rioonwatch.org\/wp-content\/uploads\/2023\/01\/Valter-Campanato-2_Agencia-Brasil-scaled-1.jpg\" alt=\"Anielle Franco at her inauguration as Minister of Racial Equality. Photo: Valter Campanato\/Ag\u00eancia Brasil\" width=\"1030\" height=\"687\" srcset=\"https:\/\/rioonwatch.org\/wp-content\/uploads\/2023\/01\/Valter-Campanato-2_Agencia-Brasil-scaled-1.jpg 2560w, https:\/\/rioonwatch.org\/wp-content\/uploads\/2023\/01\/Valter-Campanato-2_Agencia-Brasil-scaled-1-620x413.jpg 620w, https:\/\/rioonwatch.org\/wp-content\/uploads\/2023\/01\/Valter-Campanato-2_Agencia-Brasil-scaled-1-943x629.jpg 943w, https:\/\/rioonwatch.org\/wp-content\/uploads\/2023\/01\/Valter-Campanato-2_Agencia-Brasil-scaled-1-768x512.jpg 768w\" sizes=\"(max-width: 1030px) 100vw, 1030px\" \/><\/a><figcaption id=\"caption-attachment-73589\" class=\"wp-caption-text\">Anielle Franco at her inauguration as Minister of Racial Equality. Photo: Valter Campanato\/Ag\u00eancia Brasil<\/figcaption><\/figure>\n<p><span style=\"font-weight: 400;\">Thank you to the <a href=\"https:\/\/bit.ly\/3xW3Kry\" target=\"_blank\" rel=\"noopener\">Marielle Franco Institute<\/a> team, without whom nothing would have been possible during these last four years, and who have been fundamental in helping us realize this passage from grief to struggle. As well as the partners who helped us plant this seed, whom I greet in reverence here: our beloved Pedro, \u00c1tila, Marcelo, Andr\u00e9, Henrique, Car\u00f4, Carol Proner, and Carol Louren\u00e7o.\u00a0<\/span><\/p>\n<p><span style=\"font-weight: 400;\">Thank you especially to the transition working group for the precious work carried out in such a short amount of time, and that will serve as a horizon to guide our agendas and actions in the coming years.<\/span><\/p>\n<p>I also thank <span style=\"font-weight: 400;\">the team with which I have worked incessantly since before the inauguration to build the Ministry of Racial Equality that the Brazilian people deserve. It is an honor and enormous responsibility to succeed figures like Matilde Ribeiro, Martvs Chagas, Edson Santos, El\u00f3i Ferreira Ara\u00fajo, Luiza Bairros, and Nilma Lima Gomes, all people to whom I direct my most sincere deference and admiration.<\/span><\/p>\n<p><span style=\"font-weight: 400;\">I would like to take the opportunity to introduce to you and to salute our future secretaries and ministry team: Roberta Eug\u00eanio, who will lead the Ministry\u2019s Executive Secretariat; Fl\u00e1via Tambor, who took on the mission of being our Chief of Staff; M\u00e1rcia Lima, who accepted to lead the Secretariat of Policies for Affirmative Action and Fighting and Overcoming Racism; I\u00eada Leal, who will be heading the Management Secretariat of the National System for the Promotion of Racial Equality &#8211; Sinapir; and Ronaldo dos Santos, our Secretary of Policies for <\/span><i><span style=\"font-weight: 400;\">Quilombolas, <\/span><\/i><span style=\"font-weight: 400;\">Traditional Communities, and People of African Descent, <\/span><i><span style=\"font-weight: 400;\">Terreiro<\/span><\/i><span style=\"font-weight: 400;\"> and <\/span><i><span style=\"font-weight: 400;\">Cigano <\/span><\/i><span style=\"font-weight: 400;\">Peoples. To you all I direct my deepest gratitude for having accepted the challenge of, together, rebuilding and advancing policies of racial equality in this country.<\/span><\/p>\n<p><span style=\"font-weight: 400;\">Finally, but no less importantly, I thank the people that accepted our invitation to be here today on the stage of this inauguration ceremony and that represent the Brazil we would like to build, with the leadership of women, Black women, <\/span><i><span style=\"font-weight: 400;\">quilombolas<\/span><\/i><span style=\"font-weight: 400;\">, people of African descent, <\/span><i><span style=\"font-weight: 400;\">ciganos<\/span><\/i><span style=\"font-weight: 400;\">, young people, residents from the favelas and peripheries, and traditional peoples and communities.\u00a0<\/span><\/p>\n<p><span style=\"font-weight: 400;\">Ever since March 14, 2018, the day they took Marielle away from my family and Brazilian society, I have dedicated every minute of my life to fighting for justice, defending her memory, multiplying her <a href=\"http:\/\/bit.ly\/2Epo0VC\" target=\"_blank\" rel=\"noopener\">legacy<\/a>, and watering my sister\u2019s seeds. On this journey, we founded the Marielle Franco Institute, an organization that has become a reference in the battle against political gender-based and race-based violence and in defense of the rights of Black women, LGBTQIAP+ people, and marginalized peoples.\u00a0<\/span><\/p>\n<p><span style=\"font-weight: 400;\">The days since the <a href=\"http:\/\/bit.ly\/3jgnALt\" target=\"_blank\" rel=\"noopener\">coup against President Dilma<\/a> have been difficult, especially after 2018. I am certain of that for all that are here. But i<\/span>n the midst of a policy of death, our response was the fight for life.<\/p>\n<p>A fight that brought us to the first day of January of this year, when the Brazilian people finally climbed this palace&#8217;s ramp in a remarkable gesture that moved the whole world, because it made a point. When our president received the presidential sash from the people, handed to him by a Black woman from the urban periphery, he showed that Brazil&#8217;s future path will be led by those who have resisted for centuries the violent project that founded this country.<\/p>\n<figure id=\"attachment_73626\" aria-describedby=\"caption-attachment-73626\" style=\"width: 1030px\" class=\"wp-caption aligncenter\"><a href=\"https:\/\/rioonwatch.org\/wp-content\/uploads\/2023\/01\/President-Lula-receives-sash-from-civilian-photo-Tomaz-Silva-Agencia-Brasil-scaled.jpg\"><img loading=\"lazy\" decoding=\"async\" class=\"wp-image-73626\" title=\"President Lula receives the presidential sash from a civilian during his inauguration marking a new beginning for the country, as heralded by Minister Anielle Franco in this historic speech. Photo: Tomaz Silva\/Ag\u00eancia Brasil\" src=\"https:\/\/rioonwatch.org\/wp-content\/uploads\/2023\/01\/President-Lula-receives-sash-from-civilian-photo-Tomaz-Silva-Agencia-Brasil-scaled.jpg\" alt=\"President Lula receives the presidential sash from a civilian during his inauguration marking a new beginning for the country, as heralded by Minister Anielle Franco in this historic speech. Photo: Tomaz Silva\/Ag\u00eancia Brasil\" width=\"1030\" height=\"687\" srcset=\"https:\/\/rioonwatch.org\/wp-content\/uploads\/2023\/01\/President-Lula-receives-sash-from-civilian-photo-Tomaz-Silva-Agencia-Brasil-scaled.jpg 2560w, https:\/\/rioonwatch.org\/wp-content\/uploads\/2023\/01\/President-Lula-receives-sash-from-civilian-photo-Tomaz-Silva-Agencia-Brasil-620x413.jpg 620w, https:\/\/rioonwatch.org\/wp-content\/uploads\/2023\/01\/President-Lula-receives-sash-from-civilian-photo-Tomaz-Silva-Agencia-Brasil-944x629.jpg 944w, https:\/\/rioonwatch.org\/wp-content\/uploads\/2023\/01\/President-Lula-receives-sash-from-civilian-photo-Tomaz-Silva-Agencia-Brasil-768x512.jpg 768w\" sizes=\"(max-width: 1030px) 100vw, 1030px\" \/><\/a><figcaption id=\"caption-attachment-73626\" class=\"wp-caption-text\">President Lula receives the presidential sash from a civilian during his inauguration marking a new beginning for the country, as heralded by Minister Anielle Franco in this historic speech. Photo: Tomaz Silva\/Ag\u00eancia Brasil<\/figcaption><\/figure>\n<p><span style=\"font-weight: 400;\">Today\u2019s ceremony carries a very special symbolism. After the <a href=\"http:\/\/bit.ly\/3iHbomI\" target=\"_blank\" rel=\"noopener\">attacks suffered by this place and by the Brazilian people last Sunday<\/a>, we stand here as a sign of resistance to each and every attempt to attack institutions and our democracy.\u00a0Fascism, just like\u00a0racism, is an evil that must be fought in our society.<\/span><\/p>\n<p><span style=\"font-weight: 400;\">The same project that permitted the destruction of this palace\u2019s windows is the project that kills, every day, people like waste picker Dierson Gomes da Silva, from <a href=\"http:\/\/bit.ly\/2XlMayl\" target=\"_blank\" rel=\"noopener\">City of God<\/a>, in Rio de Janeiro.<\/span><\/p>\n<p><span style=\"font-weight: 400;\">Fighting racism and fascism stems, as well, from the fight for justice, reparations, and democracy.\u00a0<\/span><\/p>\n<p><span style=\"font-weight: 400;\">We need to identify and hold accountable those who insist on maintaining this policy of death and incarceration of our Black youth, which is a proven failure. Just as we are identifying and holding accountable those who executed, provoked, and financed the savagery we witnessed last Sunday.<\/span><\/p>\n<p><span style=\"font-weight: 400;\">As a society, we need to have a frank and honest conversation that countries all over the world are already having. We need to face the reality that these policies of war in the favelas and peripheries have never worked. On the contrary, they just continue to rip apart families and feed a cycle of endless violence.\u00a0<\/span><\/p>\n<p><span style=\"font-weight: 400;\">If the world we want to live in is one where all people have the same right and opportunity to be happy, with freedom, respecting one another, in peace, harmony, justice and dignity, it&#8217;s high time we stop repeating the failed formulas that don\u2019t deliver any of this!<\/span><\/p>\n<p><span style=\"font-weight: 400;\">And in this year of 2023, in which we are celebrating 20 years since Lula&#8217;s first term began in 2003, when the first Special Secretariat for Policies to Promote Racial Equality was created, we will take a step further in the institutionalization of the anti-racist political fight with [the creation of] this [new] Ministry. Bringing racism into the public and institutional debate in a way not yet witnessed in Brazilian politics, a victory that is fruit of the incessant social mobilization that preceded and culminated in this moment.<\/span><\/p>\n<p><span style=\"font-weight: 400;\">I say this because the most important subject and to whom I owe my gratitude on this day is the Brazilian people, especially Black and indigenous people, who have resisted against the State\u2019s violence and organize themselves to occupy and endure in spaces like this one.<\/span><\/p>\n<p><span style=\"font-weight: 400;\">Today we have a Ministry of Racial Equality in Brazil, and I would like to affirm my commitment to every one of you, that the task that I was entrusted with, of occupying the post of Minister, will be executed with transparency, dedication, technical skill, forcefulness, and carefully, respecting the trajectories and achievements of social movements, with deep listening.<\/span><\/p>\n<p><span style=\"font-weight: 400;\">The doors to the Ministry of Racial Equality are open so we can dialogue and build together*. I say these words thinking as well of the honorable ministers with whom I share the challenge of unifying and rebuilding.<\/span><\/p>\n<p><span style=\"font-weight: 400;\">And, for us, it wouldn\u2019t be possible to talk of rebuilding without thinking of our memory and of those who came before us, of the restoration of the achievements that have been threatened by setbacks in the last few years and the reparation, above all, of what we have not yet been able to look at with due attention and care.\u00a0<\/span><\/p>\n<figure id=\"attachment_73609\" aria-describedby=\"caption-attachment-73609\" style=\"width: 1030px\" class=\"wp-caption aligncenter\"><a href=\"https:\/\/rioonwatch.org\/wp-content\/uploads\/2023\/01\/Valter-Campanato-6_Agencia-Brasil-scaled-1.jpg\"><img loading=\"lazy\" decoding=\"async\" class=\"wp-image-73609\" title=\"President Luiz In\u00e1cio Lula da Silva applauds the newly inaugurated Minister of Racial Equality, Anielle Franco. Photo: Valter Campanato\/Ag\u00eancia Brasil\" src=\"https:\/\/rioonwatch.org\/wp-content\/uploads\/2023\/01\/Valter-Campanato-6_Agencia-Brasil-scaled-1.jpg\" alt=\"President Luiz In\u00e1cio Lula da Silva applauds the newly inaugurated Minister of Racial Equality, Anielle Franco. Photo: Valter Campanato\/Ag\u00eancia Brasil\" width=\"1030\" height=\"687\" srcset=\"https:\/\/rioonwatch.org\/wp-content\/uploads\/2023\/01\/Valter-Campanato-6_Agencia-Brasil-scaled-1.jpg 2560w, https:\/\/rioonwatch.org\/wp-content\/uploads\/2023\/01\/Valter-Campanato-6_Agencia-Brasil-scaled-1-620x413.jpg 620w, https:\/\/rioonwatch.org\/wp-content\/uploads\/2023\/01\/Valter-Campanato-6_Agencia-Brasil-scaled-1-943x629.jpg 943w, https:\/\/rioonwatch.org\/wp-content\/uploads\/2023\/01\/Valter-Campanato-6_Agencia-Brasil-scaled-1-768x512.jpg 768w\" sizes=\"(max-width: 1030px) 100vw, 1030px\" \/><\/a><figcaption id=\"caption-attachment-73609\" class=\"wp-caption-text\">President Luiz In\u00e1cio Lula da Silva applauds the newly inaugurated Minister of Racial Equality, Anielle Franco. Photo: Valter Campanato\/Ag\u00eancia Brasil<\/figcaption><\/figure>\n<p><span style=\"font-weight: 400;\">After almost 400 years of Black slavery, and 133 years of an abolition that was never finalized, the Brazilian people still face multiple facets of a racism that creates unequal conditions of life and death for Black and non-Black people in the country. This can neither be forgotten nor cast aside.\u00a0<\/span><\/p>\n<p><span style=\"font-weight: 400;\">It is regrettable and inadmissible to think that in the face of one of the cruelest social cornerstones of our history, if not the most cruel\u2014the enslavement of Black people brought from the African continent, facing torture, rape, murder and a series of other violations\u2014there are still people who question the importance of a ministry like the Ministry of Racial Equality in Brazil.\u00a0<\/span><\/p>\n<p><span style=\"font-weight: 400;\">From the kidnapping of our great-grandparents and great-great-grandparents in Africa to the fight for the guarantee of public policies and the existence of the Ministry of Racial Equality, including with regard to budget commitments, we have been viscerally committed to a project of survival. A project that goes from fighting scientific racism and its <a href=\"https:\/\/bit.ly\/3Xf2EDz\" target=\"_blank\" rel=\"noopener\">eugenicist policies<\/a>, of whitening and annihilation of the Black population, to the demystification of the narratives of meritocracy and racial democracy in Brazilian society.\u00a0<\/span><\/p>\n<p><span style=\"font-weight: 400;\">Economic inequality, hunger, lack of jobs and job insecurity, the dismantling of affirmative action policies, insufficient social policies, the collapse of the health system, <a href=\"https:\/\/bit.ly\/3jGTKf0\" target=\"_blank\" rel=\"noopener\">religious<\/a> and <a href=\"https:\/\/bit.ly\/32aHwqF\" target=\"_blank\" rel=\"noopener\">environmental racism<\/a>, State violence, and incarceration: these are a few of the examples we can mention to illustrate multiple dimensions of the genocide of the Black population.<\/span><\/p>\n<p><span style=\"font-weight: 400;\">We can&#8217;t not mention the denialism of the previous federal government in relation to the policies to prevent and fight Covid-19, as well as the delay of vaccination, among other issues that culminated in results that hit the Brazilian population so unequally, disproportionately affecting the Black population. I stand in solidarity with all the people who lost family members, loved ones, and friends as a result of the pandemic we went through. I salute all the health professionals that worked on the frontlines in this difficult moment of our history, especially the Black women and men that work at the forefront of this system.<\/span><\/p>\n<p><span style=\"font-weight: 400;\">We are talking of hierarchical racial differences that establish unequal material conditions of life and death for Brazilians. We can no longer ignore or underestimate the fact that race and ethnicity are determining factors in the inequality of opportunities in Brazil in all areas of life. Black people are underrepresented in spaces of power and, conversely, we are the majority in spaces of stigmatization and vulnerability.<\/span><\/p>\n<p><span style=\"font-weight: 400;\">Although the majority of the Brazilian population self-identifies as Black, we can see that white people occupy the greater part of managerial roles, formal jobs, and elected office. On the other hand, the Black population is at the top of the unemployment, underemployment, and informal occupation indices, as well as receiving the lowest salaries.<\/span><\/p>\n<p><span style=\"font-weight: 400;\">The Black population is more exposed to illiteracy, to the worst housing conditions, being in fact the great majority of people who live below the poverty line. Black people are also the ones most killed in Brazil, especially as victims of police lethality; and Black women are also the majority of victims of femicide and the ones most exposed to maternal mortality and obstetric violence.<\/span><\/p>\n<p><span style=\"font-weight: 400;\">Black men and women also correspond to the largest proportion of the country\u2019s incarcerated population, most of whom are actually in pre-trial detention, without a formal sentence.<\/span><\/p>\n<p><span style=\"font-weight: 400;\">After all, what Rule of Law are we speaking of? This is definitely not the model of racial democracy we want. As the <a href=\"https:\/\/bit.ly\/3sijTVl\" target=\"_blank\" rel=\"noopener\">Black Coalition for Rights<\/a>, comprised of over 200 of the country\u2019s Black organizations, reminds us: <a href=\"https:\/\/bit.ly\/3HojlDB\" target=\"_blank\" rel=\"noopener\">as long as there is racism, there will be no democracy<\/a>.\u00a0<\/span><\/p>\n<p><span style=\"font-weight: 400;\">I reiterate what was said in President Lula\u2019s inauguration speech: the Brazil of the future needs to respond to the debts of the past! And that is why, in a government of rebuilding, we would also like to speak to non-Black people. The fight against racism and the promotion of racial equality is everyone\u2019s duty. The Brazilian people cannot be burdened with the costs of the violations of which it is a victim.<\/span><\/p>\n<p><span style=\"font-weight: 400;\">We hope we can count on you for this task of rebuilding as we strive for respect, citizenship, dignity, and equality of opportunities. And, I direct myself in particular to my colleagues whose ministries cannot work without a precise and transversal reading of racism and race in Brazil. And, also for this reason, the Ministry of Racial Equality makes itself available to rebuild this new Brazil collectively. The commitment to Racial Equality in Brazil cannot be this Ministry\u2019s commitment alone!<\/span><\/p>\n<figure id=\"attachment_73627\" aria-describedby=\"caption-attachment-73627\" style=\"width: 500px\" class=\"wp-caption alignright\"><a href=\"https:\/\/rioonwatch.org\/wp-content\/uploads\/2023\/01\/joint-inauguration-of-ministers-Franco-and-Guajajara-photo-Valter-Campanato-Agencia-Brasil-scaled.jpg\"><img loading=\"lazy\" decoding=\"async\" class=\"wp-image-73627\" title=\"Ministers Anielle Franco and Sonia Guajajara at their joint inauguration on January 11, 2023. Photo: Valter Campanato\/Ag\u00eancia Brasil\" src=\"https:\/\/rioonwatch.org\/wp-content\/uploads\/2023\/01\/joint-inauguration-of-ministers-Franco-and-Guajajara-photo-Valter-Campanato-Agencia-Brasil-scaled.jpg\" alt=\"Ministers Anielle Franco and Sonia Guajajara at their joint inauguration on January 11, 2023. Photo: Valter Campanato\/Ag\u00eancia Brasil\" width=\"500\" height=\"750\" srcset=\"https:\/\/rioonwatch.org\/wp-content\/uploads\/2023\/01\/joint-inauguration-of-ministers-Franco-and-Guajajara-photo-Valter-Campanato-Agencia-Brasil-scaled.jpg 1707w, https:\/\/rioonwatch.org\/wp-content\/uploads\/2023\/01\/joint-inauguration-of-ministers-Franco-and-Guajajara-photo-Valter-Campanato-Agencia-Brasil-413x620.jpg 413w, https:\/\/rioonwatch.org\/wp-content\/uploads\/2023\/01\/joint-inauguration-of-ministers-Franco-and-Guajajara-photo-Valter-Campanato-Agencia-Brasil-419x629.jpg 419w, https:\/\/rioonwatch.org\/wp-content\/uploads\/2023\/01\/joint-inauguration-of-ministers-Franco-and-Guajajara-photo-Valter-Campanato-Agencia-Brasil-768x1152.jpg 768w\" sizes=\"(max-width: 500px) 100vw, 500px\" \/><\/a><figcaption id=\"caption-attachment-73627\" class=\"wp-caption-text\">Ministers Anielle Franco and Sonia Guajajara at their joint inauguration on January 11, 2023. Photo: Valter Campanato\/Ag\u00eancia Brasil<\/figcaption><\/figure>\n<p><span style=\"font-weight: 400;\">To the dear [fellow] ministers Marina Silva and S\u00f4nia Guajajara, you can count on the Ministry of Racial Equality to defend our indigenous peoples and our environment, fighting against what we recognize as environmental racism and for <a href=\"https:\/\/bit.ly\/31ZqXhm\" target=\"_blank\" rel=\"noopener\">climate justice<\/a>. After all, <a href=\"https:\/\/bit.ly\/3fYkBps\" target=\"_blank\" rel=\"noopener\">it is us who suffer the most<\/a> with floods, landslides, and illnesses brought on by climate change.\u00a0<\/span><\/p>\n<p><span style=\"font-weight: 400;\">To the dear ministers Simone, Esther, and Professor Haddad, you can count on the Ministry of Racial Equality so we can materialize the promise that President Lula has repeated so many times throughout his campaign: to include the poor in the national budget. We know the color of the poorest people in this country, and we will fight relentlessly to give dignity to our people in the form of public policies.\u00a0<\/span><\/p>\n<p><span style=\"font-weight: 400;\">To my dear ministers N\u00edsia Trindade, Margareth Menezes, Ana Mozer, Luciana Santos, and Camilo Santana, you can count on the Ministry of Racial Equality so we can develop policies for education, health, culture and sports, science, technology, and innovation that will be essential to guarantee the right to a future and to a dignified life for the Black Brazilian population. <\/span><\/p>\n<p><span style=\"font-weight: 400;\">To the dear ministers Fl\u00e1vio Dino, Silvio Almeida, and Cida Gon\u00e7alves, you can count on the Ministry of Racial Equality so we can promote the true social, racial, and gender justice this country needs to achieve.<\/span><\/p>\n<p><span style=\"font-weight: 400;\">To all my other ministerial colleagues, the Federal Attorney\u2019s Office led by my colleague Jorge Messias, the Federal Comptroller\u2019s Office led by my dear Vini, secretariats, and other parliamentarians and authorities present, you can count on the Ministry of Racial Equality so we can promote internal and external policies that will effectively guarantee the democracy we dream of.<\/span><\/p>\n<p><span style=\"font-weight: 400;\">We will only experience true democracy from the moment concern with the dignity of the Black population is also a concern of every other ministry, and we hope to be able to count on you to tackle this challenge. We can only give an effective response to the debts of the past if we work together.<\/span><\/p>\n<p><span style=\"font-weight: 400;\">We recognize the social movements&#8217; demands in relation to the need for an institutional framework specifically for the formulation, coordination, and articulation of government policies and guidelines that promote racial equality. To the movements, organizations, and civil society, you can count on the Ministry for Racial Equality to reclaim our power of institutional agency.<\/span><\/p>\n<p><span style=\"font-weight: 400;\">We need to confront the stripping and weakening of racial policies that were achieved and built throughout the history of confronting racism and promoting racial equality in Brazil. Our priority is to fight for the strengthening and expansion of policies that culminate in dignity of life for the Black Brazilian people.\u00a0<\/span><\/p>\n<p><span style=\"font-weight: 400;\">It is on this historic day that the true Brazil takes hold, from the pen of our President Lula and with the weight of many generations\u2019 fight for the criminalization of racism, we take another step forward on the path of promoting reparation and equality. I salute all the legal experts, ministers, and secretaries involved in drafting the law that will now be signed and which signals a country of the future without racism.<\/span><\/p>\n<p><span style=\"font-weight: 400;\">We also commit ourselves here to the revocation of acts that do not reflect the Ministry of Racial Equality&#8217;s mission and the promotion of concrete policies.<\/span><\/p>\n<ul>\n<li><span style=\"font-weight: 400;\">In the next four years we will work to strengthen affirmative action legislation and increase the presence of low-income and Black youth in public universities;<\/span><\/li>\n<li><span style=\"font-weight: 400;\">We will seek to increase the visibility and presence of Black civil servants in decision-making and public administration roles;<\/span><\/li>\n<li><span style=\"font-weight: 400;\">Together with partner ministries we will relaunch the living Black youth plan, which will promote initiatives that seek to reduce lethal violence against Black youth and the expansion of opportunities for young people in our country;<\/span><\/li>\n<li><span style=\"font-weight: 400;\">We will advance in an inter-ministerial coordination for the strengthening of national health policy for the Black population;<\/span><\/li>\n<li><span style=\"font-weight: 400;\">We will resume programs that propagate rights for <\/span><i><span style=\"font-weight: 400;\">quilombola<\/span><\/i><span style=\"font-weight: 400;\"> and <\/span><i><span style=\"font-weight: 400;\">cigana <\/span><\/i><span style=\"font-weight: 400;\">communities, including for land titling, infrastructure, inclusive production, and local development with rights and citizenship for these peoples;<\/span><\/li>\n<li><span style=\"font-weight: 400;\">Through a greater structuring and strengthening of the National System for the Promotion of Racial Equality, we will carry out initiatives that seek racial equity in dialogue with all municipalities, states, and federal bodies.\u00a0<\/span><\/li>\n<\/ul>\n<p><span style=\"font-weight: 400;\">These will be the first measures on a long path to recover what has been destroyed and strengthen and expand the legacy that has been under construction for so many generations.<\/span><\/p>\n<p>It\u2019s vital we recognize that this country was founded on racial hierarchies, consequences of colonial slavery, eugenicist policies, and narratives based on racial inequality. It was here that \u2018Brazilian-style racism\u2019 was developed, denying our history and distorting a memory in favor of the <a href=\"https:\/\/bit.ly\/2NOSWFD\" target=\"_blank\" rel=\"noopener\">farce of racial democracy<\/a>. Racism warrants an effective response, and we would like to invite everyone; women, men, and non-binary people, Black and white, to formulate and execute this proposal together.<\/p>\n<p>We are here because we have a new NATIONAL PROJECT: a project for a country where a Black woman can access and participate in different decision-making positions of society, without having her life torn away with five shots to the head, without being interrupted or violated.<\/p>\n<p>A project for a country where a mother of a young Black man does not suffer every day doubting whether her son will come home because he runs the risk of being murdered by the State itself.<\/p>\n<p>A project for a country where our Black youth can have access to free, quality, public education through schools and universities, and public services that allow them to dream and build other possibilities for the future.<\/p>\n<p>A project for a country in which Black, white, indigenous, traditional populations, and all people regardless of race, color, ethnicity, gender, and sexuality have their constitutional rights guaranteed, and are treated with dignity and equal opportunities.<\/p>\n<p>A national project based on the search for collective well-being, for the improvement of quality of life, and for the guarantee of citizenship.<\/p>\n<p><span style=\"font-weight: 400;\">We have a national plan and hope to be able to count on you for this construction. And this is why I make this request to the entire Brazilian population: walk with us.<\/span><\/p>\n<p><span style=\"font-weight: 400;\">Walk with us down this road where our ancestors walked and where our children will walk.<\/span><\/p>\n<p><span style=\"font-weight: 400;\">Walk with us until our people are truly free, protagonists in their own journeys, with access to rights, dignity, and a full life with justice, reparation, and happiness.<\/span><\/p>\n<p><span style=\"font-weight: 400;\">Walk with us until our ancestor\u2019s dreams come true.<\/span><\/p>\n<p><span style=\"font-weight: 400;\">I would like to end this speech with a poem that is very special to me and that represents a little of everything we wanted to bring here today.\u00a0<\/span><\/p>\n<h3><strong>Women-Voices \u2014 Concei\u00e7\u00e3o Evaristo<\/strong><\/h3>\n<figure id=\"attachment_73592\" aria-describedby=\"caption-attachment-73592\" style=\"width: 500px\" class=\"wp-caption alignright\"><a href=\"https:\/\/rioonwatch.org\/wp-content\/uploads\/2023\/01\/Matheus-Alves-2.jpg\"><img loading=\"lazy\" decoding=\"async\" class=\"wp-image-73592\" title=\"Anielle Franco speaks at her inauguration as Minister of Racial Equality. Photo: Matheus Alves\/Jornal O Cidad\u00e3o\" src=\"https:\/\/rioonwatch.org\/wp-content\/uploads\/2023\/01\/Matheus-Alves-2.jpg\" alt=\"Anielle Franco speaks at her inauguration as Minister of Racial Equality. Photo: Matheus Alves\/Jornal O Cidad\u00e3o\" width=\"500\" height=\"749\" srcset=\"https:\/\/rioonwatch.org\/wp-content\/uploads\/2023\/01\/Matheus-Alves-2.jpg 854w, https:\/\/rioonwatch.org\/wp-content\/uploads\/2023\/01\/Matheus-Alves-2-414x620.jpg 414w, https:\/\/rioonwatch.org\/wp-content\/uploads\/2023\/01\/Matheus-Alves-2-420x629.jpg 420w, https:\/\/rioonwatch.org\/wp-content\/uploads\/2023\/01\/Matheus-Alves-2-768x1151.jpg 768w\" sizes=\"(max-width: 500px) 100vw, 500px\" \/><\/a><figcaption id=\"caption-attachment-73592\" class=\"wp-caption-text\">Anielle Franco speaks at her inauguration as Minister of Racial Equality. Photo: Matheus Alves\/Jornal O Cidad\u00e3o<\/figcaption><\/figure>\n<blockquote><p><span style=\"font-weight: 400;\">My great-grandmother&#8217;s voice<br \/>\n<\/span>echoed as a child<br \/>\nin the ship&#8217;s hold.<br \/>\n<span style=\"font-weight: 400;\"><br \/>\nEchoed sorrows<br \/>\n<\/span><span style=\"font-weight: 400;\">of a lost childhood.<br \/>\n<\/span><\/p>\n<p><span style=\"font-weight: 400;\">My grandmother\u2019s voice<br \/>\n<\/span>echoed obedience<br \/>\nto the whites-owners of everything.<\/p>\n<p><span style=\"font-weight: 400;\">My mother\u2019s voice<br \/>\n<\/span>quietly echoed rebellion<br \/>\nin the back of distant kitchens<br \/>\nunder the bundles<br \/>\nwhite people\u2019s dirty clothes<br \/>\non the dusty path<br \/>\non the way to the favela<\/p>\n<p><span style=\"font-weight: 400;\">My voice still<br \/>\n<\/span>echoes perplexed verses<br \/>\nwith rhymes of blood<br \/>\nand<br \/>\n<span style=\"font-weight: 400;\">hunger.<\/span><\/p>\n<p><span style=\"font-weight: 400;\">My daughter\u2019s voice<br \/>\n<\/span>gathers in it all our voices<br \/>\ngathers in itself<br \/>\nthe mute silenced voices<br \/>\nchoked in throats.<\/p>\n<p><span style=\"font-weight: 400;\">My daughter\u2019s voice<br \/>\n<\/span>gathers in itself<br \/>\nthe speech and the act.<\/p>\n<p><span style=\"font-weight: 400;\">The yesterday\u2014the today\u2014the now.<br \/>\n<\/span>In my daughter\u2019s voice<br \/>\nthe resonance will make itself heard<\/p>\n<p><span style=\"font-weight: 400;\">The echo of life-freedom.<\/span><\/p><\/blockquote>\n<p><span style=\"font-weight: 400;\">We are these daughters, and we will not rob ourselves of the speech and the act. We will not retreat!<\/span><\/p>\n<p><span style=\"font-weight: 400;\">We will create the Ministry of Racial Equality that the Brazilian people deserve. <\/span><span style=\"font-weight: 400;\">Thank you to each one of you that came here today, to those who couldn\u2019t get in, to those who are watching from home, in the street, on public transport, I thank above all, all the Black women who built this country in anonymity.<\/span><\/p>\n<p>As in the verses of a song considered an anthem for the Black women\u2019s movement, sung at the end of the first national meeting of Black Brazilian women in 1988, in Valen\u00e7a, in Rio de Janeiro:<\/p>\n<blockquote><p><span style=\"font-weight: 400;\">Free Africa,<br \/>\n<span style=\"font-weight: 400;\">in its trenches<br \/>\n<span style=\"font-weight: 400;\">How many anonymous<br \/>\n<span style=\"font-weight: 400;\">Brazilian warrior women<br \/>\n<span style=\"font-weight: 400;\">once again<br \/>\n<span style=\"font-weight: 400;\">Free Africa,<br \/>\n<span style=\"font-weight: 400;\">Has its trenches<br \/>\n<span style=\"font-weight: 400;\">How many anonymous<br \/>\n<span style=\"font-weight: 400;\">Brazilian warrior women.<\/span><\/span><\/span><\/span><\/span><\/span><\/span><\/span><\/span><\/p><\/blockquote>\n<p><span style=\"font-weight: 400;\">I thank you again for your trust in this collective project, we did not get here alone and we will continue together reaffirming our commitment to work day and night for a Brazil of the future with equality, justice, and reparations for all people.<\/span><\/p>\n<p><span style=\"font-weight: 400;\">Let\u2019s walk together.\u00a0<\/span><\/p>\n<p><em><span style=\"font-weight: 400;\">*Frequently during her acceptance speech in Portuguese, Anielle Franco used the feminine pronoun, going against standard historical Portuguese usage of the male pronoun to communicate her broader and inclusive approach.<br \/>\n<\/span><\/em><\/p>\n<hr \/>\n<h4>Support\u00a0RioOnWatch\u2019s tireless, critical and cutting-edge hyperlocal journalism, online community organizing meetings, and direct support to favelas\u00a0<a href=\"http:\/\/bit.ly\/FavelaCovidResponse\" target=\"_blank\" rel=\"noopener\">by clicking here<\/a>.<\/h4>\n","protected":false},"excerpt":{"rendered":"<div class=\"mh-excerpt\"><p>Clique aqui para Portugu\u00eas On Wednesday, January 11, 2023, Anielle Franco, born and raised in the Mar\u00e9 Complex of favelas in Rio de Janeiro&#8217;s North Zone, was welcomed as Brazil&#8217;s first Minister of Racial Equality. <a class=\"mh-excerpt-more\" href=\"https:\/\/rioonwatch.org\/?p=73585\" title=\"&#8216;Let&#8217;s Walk Together&#8217;: Brazilian Minister of Racial Equality Anielle Franco&#8217;s Inauguration Speech in Full\">[&#8230;]<\/a><\/p>\n<\/div>","protected":false},"author":245,"featured_media":73589,"comment_status":"closed","ping_status":"closed","sticky":false,"template":"template-full.php","format":"standard","meta":{"_monsterinsights_skip_tracking":false,"_monsterinsights_sitenote_active":false,"_monsterinsights_sitenote_note":"","_monsterinsights_sitenote_category":0,"footnotes":""},"categories":[2689,1288,2242,3527],"tags":[400,3554,3247,3248,1500,231,280,479,2436,674,698,188,25,203,2038,2449,3318,37,594,671,301,1189,233,3393,270,279,3435],"writer":[3294],"translator":[3560],"illustrator":[],"photographer":[],"class_list":{"0":"post-73585","1":"post","2":"type-post","3":"status-publish","4":"format-standard","5":"has-post-thumbnail","7":"category-mariellelegacy","8":"category-highlight","9":"category-democracy","10":"category-representation","11":"tag-affirmative-action","12":"tag-anti-racism","13":"tag-black-coalition-for-rights","14":"tag-black-movement","15":"tag-candomble","16":"tag-city-of-god","17":"tag-complexo-da-mare","18":"tag-democracy","19":"tag-environmental-justice","20":"tag-memory","21":"tag-federal-government","22":"tag-history","23":"tag-human-rights","24":"tag-inequality","25":"tag-lula","26":"tag-marielle-franco","27":"tag-marielle-legacy","28":"tag-north-zone","29":"tag-participatory-democracy","30":"tag-president-dilma-rousseff","31":"tag-public-policy","32":"tag-racism","33":"tag-religious-freedom","34":"tag-representation","35":"tag-resistance","36":"tag-slavery","37":"tag-structural-racism","38":"writer-anielle-franco","39":"translator-kay-alvito"},"_links":{"self":[{"href":"https:\/\/rioonwatch.org\/index.php?rest_route=\/wp\/v2\/posts\/73585","targetHints":{"allow":["GET"]}}],"collection":[{"href":"https:\/\/rioonwatch.org\/index.php?rest_route=\/wp\/v2\/posts"}],"about":[{"href":"https:\/\/rioonwatch.org\/index.php?rest_route=\/wp\/v2\/types\/post"}],"author":[{"embeddable":true,"href":"https:\/\/rioonwatch.org\/index.php?rest_route=\/wp\/v2\/users\/245"}],"replies":[{"embeddable":true,"href":"https:\/\/rioonwatch.org\/index.php?rest_route=%2Fwp%2Fv2%2Fcomments&post=73585"}],"version-history":[{"count":0,"href":"https:\/\/rioonwatch.org\/index.php?rest_route=\/wp\/v2\/posts\/73585\/revisions"}],"wp:featuredmedia":[{"embeddable":true,"href":"https:\/\/rioonwatch.org\/index.php?rest_route=\/wp\/v2\/media\/73589"}],"wp:attachment":[{"href":"https:\/\/rioonwatch.org\/index.php?rest_route=%2Fwp%2Fv2%2Fmedia&parent=73585"}],"wp:term":[{"taxonomy":"category","embeddable":true,"href":"https:\/\/rioonwatch.org\/index.php?rest_route=%2Fwp%2Fv2%2Fcategories&post=73585"},{"taxonomy":"post_tag","embeddable":true,"href":"https:\/\/rioonwatch.org\/index.php?rest_route=%2Fwp%2Fv2%2Ftags&post=73585"},{"taxonomy":"writer","embeddable":true,"href":"https:\/\/rioonwatch.org\/index.php?rest_route=%2Fwp%2Fv2%2Fwriter&post=73585"},{"taxonomy":"translator","embeddable":true,"href":"https:\/\/rioonwatch.org\/index.php?rest_route=%2Fwp%2Fv2%2Ftranslator&post=73585"},{"taxonomy":"illustrator","embeddable":true,"href":"https:\/\/rioonwatch.org\/index.php?rest_route=%2Fwp%2Fv2%2Fillustrator&post=73585"},{"taxonomy":"photographer","embeddable":true,"href":"https:\/\/rioonwatch.org\/index.php?rest_route=%2Fwp%2Fv2%2Fphotographer&post=73585"}],"curies":[{"name":"wp","href":"https:\/\/api.w.org\/{rel}","templated":true}]}}