{"id":73587,"date":"2023-01-31T12:40:20","date_gmt":"2023-01-31T15:40:20","guid":{"rendered":"https:\/\/rioonwatch.org\/?p=73587"},"modified":"2023-02-19T11:43:39","modified_gmt":"2023-02-19T14:43:39","slug":"anielle-franco-from-the-alleyways-of-mare-to-the-ministry-of-racial-equality","status":"publish","type":"post","link":"https:\/\/rioonwatch.org\/?p=73587","title":{"rendered":"Anielle Franco: From Mar\u00e9&#8217;s Alleyways to Minister of Racial Equality"},"content":{"rendered":"<figure id=\"attachment_73609\" aria-describedby=\"caption-attachment-73609\" style=\"width: 2560px\" class=\"wp-caption aligncenter\"><a href=\"https:\/\/rioonwatch.org\/wp-content\/uploads\/2023\/01\/Valter-Campanato-6_Agencia-Brasil-scaled-1.jpg\"><img fetchpriority=\"high\" decoding=\"async\" class=\"wp-image-73609 size-full\" title=\"President Luiz In\u00e1cio Lula da Silva claps during the inauguration ceremony of the ministers of Racial Equality, Anielle Franco, and Indigenous Peoples, S\u00f4nia Guajajara. Photo: Valter Campanato\/Ag\u00eancia Brasil\" src=\"https:\/\/rioonwatch.org\/wp-content\/uploads\/2023\/01\/Valter-Campanato-6_Agencia-Brasil-scaled-1.jpg\" alt=\"President Luiz In\u00e1cio Lula da Silva claps during the inauguration ceremony of the ministers of Racial Equality, Anielle Franco, and Indigenous Peoples, S\u00f4nia Guajajara. Photo: Valter Campanato\/Ag\u00eancia Brasil\" width=\"2560\" height=\"1707\" srcset=\"https:\/\/rioonwatch.org\/wp-content\/uploads\/2023\/01\/Valter-Campanato-6_Agencia-Brasil-scaled-1.jpg 2560w, https:\/\/rioonwatch.org\/wp-content\/uploads\/2023\/01\/Valter-Campanato-6_Agencia-Brasil-scaled-1-620x413.jpg 620w, https:\/\/rioonwatch.org\/wp-content\/uploads\/2023\/01\/Valter-Campanato-6_Agencia-Brasil-scaled-1-943x629.jpg 943w, https:\/\/rioonwatch.org\/wp-content\/uploads\/2023\/01\/Valter-Campanato-6_Agencia-Brasil-scaled-1-768x512.jpg 768w\" sizes=\"(max-width: 2560px) 100vw, 2560px\" \/><\/a><figcaption id=\"caption-attachment-73609\" class=\"wp-caption-text\">President Luiz In\u00e1cio Lula da Silva claps during the inauguration ceremony new ministers of Racial Equality, Anielle Franco, and Indigenous Peoples, S\u00f4nia Guajajara. Photo: Valter Campanato\/Ag\u00eancia Brasil<\/figcaption><\/figure>\n<p style=\"text-align: right;\"><a href=\"https:\/\/bit.ly\/3XLypUy\" target=\"_blank\" rel=\"noopener\"><strong><em>Clique aqui para Portugu\u00eas<img decoding=\"async\" class=\"alignright size-full wp-image-23766\" src=\"https:\/\/www.rioonwatch.org\/wp-content\/uploads\/2012\/08\/PT-e1439583827971.png\" width=\"20\" height=\"20\" \/><\/em><\/strong><\/a><\/p>\n<p><em>Born and raised in Complexo da Mar\u00e9, in Rio de Janeiro&#8217;s North Zone, <a href=\"https:\/\/bit.ly\/2WHHXWK\" target=\"_blank\" rel=\"noopener\">Anielle Franco<\/a> has become Brazil\u2019s second ever federal minister originally from a favela, alongside <a href=\"https:\/\/bit.ly\/2TCzcIt\" target=\"_blank\" rel=\"noopener\">Benedita da Silva<\/a> who headed the <a href=\"http:\/\/bit.ly\/2Kcysml\" target=\"_blank\" rel=\"noopener\">Ministry of Social Welfare and Social Action<\/a> in 2003 after Luiz In\u00e1cio Lula da Silva was first elected president. Nineteen years later, also under a Lula government, the new Minister of Racial Equality (<a href=\"http:\/\/bit.ly\/3XW6hyf\" target=\"_blank\" rel=\"noopener\">MIR<\/a>) gave a <a href=\"http:\/\/bit.ly\/3HDcfyI\" target=\"_blank\" rel=\"noopener\">historic speech<\/a>, putting an end to the <a href=\"https:\/\/bit.ly\/2NOSWFD\" target=\"_blank\" rel=\"noopener\">myth of racial democracy<\/a> and standing in defense of democracy with social justice.<\/em><\/p>\n<p>At a joint ceremony at the Planalto Palace together with Sonia Guajajara, the new Minister of Indigenous Peoples (<a href=\"http:\/\/bit.ly\/3HrA24h\" target=\"_blank\" rel=\"noopener\">MPI<\/a>), Anielle Franco incorporated the concept of <a href=\"http:\/\/bit.ly\/AntiracistFavelaIntro\" target=\"_blank\" rel=\"noopener\">Sankofa<\/a> in her acceptance speech: looking into the past as an essential step for building a new future.<\/p>\n<p><a href=\"http:\/\/bit.ly\/3HDcfyI\" target=\"_blank\" rel=\"noopener\">In her speech<\/a>, Anielle recited the poem &#8220;<a href=\"http:\/\/bit.ly\/3QIluR2\" target=\"_blank\" rel=\"noopener\">Voices-Women<\/a>&#8221; by <a href=\"http:\/\/bit.ly\/2B8pneQ\" target=\"_blank\" rel=\"noopener\">Concei\u00e7\u00e3o Evaristo<\/a>\u2014one of the most important poems in Brazilian literature\u2014which narrates the path of resistance undertaken by Black women of the same ancestral lineage, in the face of a project which silenced their voices from when their ancestors were kidnapped from the African continent up until the present day. In the text, the poet \u201cechoes\u201d the trajectory of a Black woman in Brazil from yesterday to today, and now.<\/p>\n<blockquote><p>&#8220;In the midst of a policy of death, our response was the fight for life. A fight that brought us to the first day of January of this year, when the Brazilian people finally climbed this palace\u2019s ramp in a remarkable gesture that moved the whole world, because it made a point. When our president received the presidential sash from the people, handed to him by a Black woman from the urban periphery, he showed that Brazil\u2019s future path will be led by those who have resisted for centuries the violent project that founded this country.\u201d \u2014 Anielle Franco<\/p><\/blockquote>\n<figure id=\"attachment_73594\" aria-describedby=\"caption-attachment-73594\" style=\"width: 853px\" class=\"wp-caption aligncenter\"><a href=\"https:\/\/rioonwatch.org\/wp-content\/uploads\/2023\/01\/Matheus-Alves.jpg\"><img decoding=\"async\" class=\"wp-image-73594 size-full\" title=\"At the inauguration of Anielle Franco and S\u00f4nia Guajarara, from left to right: Minister of Human Rights Silvio Almeida, Franco, Guajarara, President Lula, and First Lady Ros\u00e2ngela Silva. Photo: Matheus Alves\/Jornal O Cidad\u00e3o\" src=\"https:\/\/rioonwatch.org\/wp-content\/uploads\/2023\/01\/Matheus-Alves.jpg\" alt=\"\" width=\"853\" height=\"569\" srcset=\"https:\/\/rioonwatch.org\/wp-content\/uploads\/2023\/01\/Matheus-Alves.jpg 853w, https:\/\/rioonwatch.org\/wp-content\/uploads\/2023\/01\/Matheus-Alves-620x414.jpg 620w, https:\/\/rioonwatch.org\/wp-content\/uploads\/2023\/01\/Matheus-Alves-768x512.jpg 768w\" sizes=\"(max-width: 853px) 100vw, 853px\" \/><\/a><figcaption id=\"caption-attachment-73594\" class=\"wp-caption-text\">At the inauguration of Anielle Franco and S\u00f4nia Guajajara, from left to right: Minister of Human Rights Silvio Almeida, Franco, Guajajara, President Lula, and First Lady Ros\u00e2ngela Silva. Photo: Matheus Alves\/<em>Jornal O Cidad\u00e3o<\/em><\/figcaption><\/figure>\n<p>Held three days after the attacks in Bras\u00edlia by supporters of former president <a href=\"http:\/\/bit.ly\/2r3twM2\" target=\"_blank\" rel=\"noopener\">Jair Bolsonaro<\/a> (<a href=\"https:\/\/bit.ly\/31mN3qn\" target=\"_blank\" rel=\"noopener\">Liberal Party &#8211; PL<\/a>), the inauguration was especially symbolic: \u201cWe stand here as a sign of resistance to each and every attempt to attack institutions and our democracy. <a href=\"http:\/\/bit.ly\/3kHBUwT\" target=\"_blank\" rel=\"noopener\">Fascism<\/a>, just like <a href=\"http:\/\/bit.ly\/2WKCqc5\" target=\"_blank\" rel=\"noopener\">racism<\/a>, is an evil that must be fought in our society,\u201d stated the minister.<\/p>\n<figure id=\"attachment_73592\" aria-describedby=\"caption-attachment-73592\" style=\"width: 400px\" class=\"wp-caption alignright\"><a href=\"https:\/\/rioonwatch.org\/wp-content\/uploads\/2023\/01\/Matheus-Alves-2.jpg\"><img loading=\"lazy\" decoding=\"async\" class=\"wp-image-73592\" title=\"Anielle Franco during her Ministry of Racial Equality inauguration speech. Photo: Matheus Alves\/Jornal O Cidad\u00e3o \" src=\"https:\/\/rioonwatch.org\/wp-content\/uploads\/2023\/01\/Matheus-Alves-2.jpg\" alt=\"\" width=\"400\" height=\"600\" srcset=\"https:\/\/rioonwatch.org\/wp-content\/uploads\/2023\/01\/Matheus-Alves-2.jpg 854w, https:\/\/rioonwatch.org\/wp-content\/uploads\/2023\/01\/Matheus-Alves-2-414x620.jpg 414w, https:\/\/rioonwatch.org\/wp-content\/uploads\/2023\/01\/Matheus-Alves-2-420x629.jpg 420w, https:\/\/rioonwatch.org\/wp-content\/uploads\/2023\/01\/Matheus-Alves-2-768x1151.jpg 768w\" sizes=\"(max-width: 400px) 100vw, 400px\" \/><\/a><figcaption id=\"caption-attachment-73592\" class=\"wp-caption-text\">Anielle Franco during her Ministry of Racial Equality <a href=\"http:\/\/bit.ly\/3HDcfyI\" target=\"_blank\" rel=\"noopener\">inauguration speech<\/a>. Photo: Matheus Alves\/<em>Jornal O Cidad\u00e3o<\/em><\/figcaption><\/figure>\n<p><a href=\"http:\/\/bit.ly\/3HDcfyI\" target=\"_blank\" rel=\"noopener\">During the speech<\/a>, Anielle denounced the <a href=\"https:\/\/bit.ly\/2BsQ8et\" target=\"_blank\" rel=\"noopener\">genocide<\/a> of Black youth from favelas and urban peripheries and the lack of access to rights. She presented a proposal to transform the country and paid homage to social movements such as the <a href=\"https:\/\/bit.ly\/3GnXKwf\" target=\"_blank\" rel=\"noopener\">National Network of Mothers and Relatives of Victims of State Terrorism<\/a> and the Brazilian Black Movement of yesterday and today. Above all, however, she paid homage to her sister, <a href=\"http:\/\/bit.ly\/2IsqO7s\" target=\"_blank\" rel=\"noopener\">Marielle Franco<\/a>, the former Rio de Janeiro councillor who was brutally executed on March 14, 2018 in one of the most high-profile political crimes in Brazil&#8217;s history, which has had no resolution from the State to date.<\/p>\n<blockquote><p>&#8220;It\u2019s vital we recognize that this country was founded on racial hierarchies, consequences of colonial slavery, <a href=\"https:\/\/bit.ly\/3Xf2EDz\" target=\"_blank\" rel=\"noopener\">eugenicist policies<\/a>, and narratives based on racial inequality. It was here that \u2018Brazilian-style racism\u2019 was developed, denying our history and distorting a memory in favor of the farce of racial democracy. Racism warrants an effective response, and we would like to invite everyone; women, men, and non-binary people, Black and white, to formulate and execute this proposal together.<\/p>\n<p>We are here because we have a new NATIONAL PROJECT: a project for a country where a Black woman can access and participate in different decision-making positions of society, without having her life torn away with five shots to the head, without being interrupted or violated.<\/p>\n<p>A project for a country where a mother of a young Black man does not suffer every day doubting whether her son will come home because he runs the risk of being murdered by the State itself. A project for a country where our Black youth can have access to free, quality, public education through schools and universities, and public services that allow them to dream and build other possibilities for the future. A project for a country in which Black, white, indigenous, traditional populations, and all people regardless of race, color, ethnicity, gender, and sexuality have their constitutional rights guaranteed, and are treated with dignity and equal opportunities. A national project based on the search for collective well-being, for the improvement of quality of life, and for the guarantee of citizenship. \u2014 Anielle Franco<\/p><\/blockquote>\n<p>(<a href=\"http:\/\/bit.ly\/3HDcfyI\" target=\"_blank\" rel=\"noopener\">Read the Minister of Racial Equality&#8217;s speech in full here<\/a>.)<\/p>\n<p>President <a href=\"http:\/\/bit.ly\/2YCesVu\" target=\"_blank\" rel=\"noopener\">Luiz In\u00e1cio Lula da Silva<\/a> (<a href=\"https:\/\/bit.ly\/31TlG7Y\" target=\"_blank\" rel=\"noopener\">Worker&#8217;s Party &#8211; PT<\/a>), together with his wife and first lady known by <a href=\"http:\/\/bit.ly\/3Xg6Bbd\" target=\"_blank\" rel=\"noopener\">Janja<\/a>, took part in the inauguration ceremony and signed <a href=\"http:\/\/bit.ly\/3wbKBSG\" target=\"_blank\" rel=\"noopener\">Law 14.532\/23<\/a>, approved by the <a href=\"https:\/\/bit.ly\/3nWZvbI\" target=\"_blank\" rel=\"noopener\">National Congress<\/a>, which equates the crime of racial slurs to racism, increasing punishments. The sanctioning ceremony took place during the inauguration of ministers S\u00f4nia Guajajara and Anielle Franco. Now, racial libel is punishable by imprisonment from two to five years. The new legislation is in line with the Federal Supreme Court&#8217;s (<a href=\"https:\/\/bit.ly\/3g8Bslu\" target=\"_blank\" rel=\"noopener\">STF<\/a>) October 2022 understanding that racial slurs equate racism, making slurs, as well as racism, a non-bailable and imprescriptible crime. In Brazil, up until the enactment of this new legislation, cases of racism were constantly typified as racial slurs, which in practice led to impunity for the crime.<\/p>\n<p>Racial slurs are offenses against someone, an individual, on the basis of race, color, ethnicity, or background. And racism is when discrimination affects an entire group, for example, preventing a Black person from taking on a job or entering an establishment because of the color of their skin.<\/p>\n<h3>Who Exactly is Anielle Franco, Brazil&#8217;s New Minister for Racial Equality?<\/h3>\n<figure id=\"attachment_73447\" aria-describedby=\"caption-attachment-73447\" style=\"width: 400px\" class=\"wp-caption alignright\"><a href=\"https:\/\/rioonwatch.org\/wp-content\/uploads\/2023\/01\/Anielle-Franco-autografa-livro.-Reproducao-Acervo-FLUP.jpg\"><img loading=\"lazy\" decoding=\"async\" class=\"wp-image-73447\" title=\"Anielle signs her book. Photo: Reproduced from FLUP Collection\" src=\"https:\/\/rioonwatch.org\/wp-content\/uploads\/2023\/01\/Anielle-Franco-autografa-livro.-Reproducao-Acervo-FLUP.jpg\" alt=\"\" width=\"400\" height=\"267\" srcset=\"https:\/\/rioonwatch.org\/wp-content\/uploads\/2023\/01\/Anielle-Franco-autografa-livro.-Reproducao-Acervo-FLUP.jpg 2048w, https:\/\/rioonwatch.org\/wp-content\/uploads\/2023\/01\/Anielle-Franco-autografa-livro.-Reproducao-Acervo-FLUP-620x413.jpg 620w, https:\/\/rioonwatch.org\/wp-content\/uploads\/2023\/01\/Anielle-Franco-autografa-livro.-Reproducao-Acervo-FLUP-944x629.jpg 944w, https:\/\/rioonwatch.org\/wp-content\/uploads\/2023\/01\/Anielle-Franco-autografa-livro.-Reproducao-Acervo-FLUP-768x512.jpg 768w\" sizes=\"(max-width: 400px) 100vw, 400px\" \/><\/a><figcaption id=\"caption-attachment-73447\" class=\"wp-caption-text\">Anielle signs her book. Photo: Reproduced from FLUP Collection<\/figcaption><\/figure>\n<p>Anielle Francisco da Silva is a human rights activist, Black feminist, journalist, teacher, writer, and founding executive director of the <a href=\"https:\/\/bit.ly\/3xW3Kry\" target=\"_blank\" rel=\"noopener\">Marielle Franco Institute<\/a>. Born and raised in <a href=\"http:\/\/bit.ly\/1rNMXO3\" target=\"_blank\" rel=\"noopener\">Mar\u00e9<\/a>, a complex of 16 favelas located in the <a href=\"http:\/\/bit.ly\/30j9YjF\" target=\"_blank\" rel=\"noopener\">North Zone<\/a> of Rio de Janeiro, she\u2019s known as Anielle <em>Franco<\/em> in Brazil and internationally.<\/p>\n<p>The story of how her sister Marielle shortened the last name \u201cFrancisco\u201d is told in her recent book <i>My <\/i><i>Sister<\/i><i> and I: Diaries, Memories and Conversations<\/i> <em>about Marielle<\/em>. The book was <a href=\"http:\/\/bit.ly\/3DOqXRb\" target=\"_blank\" rel=\"noopener\">launched at the Urban Peripheries Literary Festival (FLUP)<\/a> which took place in Mar\u00e9 on December 11\u2014exactly 30 days prior to Anielle becoming Brazil&#8217;s first Minister of Racial Equality.<\/p>\n<blockquote><p>\u201cWhen we hung up the phone, Dad joked and reminded us that you [Marielle] changed the surname Francisco to Franco because you were bullied when you were very young; but the Pope was Francisco like us, and no one complained. He knows that you never felt embarrassed by our name, but you needed a snappy sounding political last name. Marielle Francisco became Marielle Franco.\u201d (Book excerpt)<\/p><\/blockquote>\n<p>The book includes letters she wrote to her sister after her assassination, but also childhood memories and memories of the life of the \u201cFranciscos.\u201d These are <em><a href=\"https:\/\/bit.ly\/2IRQbot\" target=\"_blank\" rel=\"noopener\">escreviv\u00eancias<\/a>\u2014<\/em>a method and term coined by Concei\u00e7\u00e3o Evaristo of writing about the Black experience in Brazil. Anielle narrates the pain of grief transformed into a fight\u2014not by choice, but out of the need for survival. In the work, the now minister Anielle Franco echoes the voices of generations of the \u201cFranco\u201d family advocating for Marielle\u2019s memory and legacy, for justice for the crime, but also recounting emotional experiences.<\/p>\n<figure id=\"attachment_73610\" aria-describedby=\"caption-attachment-73610\" style=\"width: 400px\" class=\"wp-caption alignright\"><a href=\"https:\/\/rioonwatch.org\/wp-content\/uploads\/2023\/01\/Facebook-screenshot_-BDF.jpg\"><img loading=\"lazy\" decoding=\"async\" class=\"wp-image-73610\" title=\"Anielle with her sister Marielle Franco in the background. Photo: Reproduced from social media\" src=\"https:\/\/rioonwatch.org\/wp-content\/uploads\/2023\/01\/Facebook-screenshot_-BDF.jpg\" alt=\"\" width=\"400\" height=\"400\" srcset=\"https:\/\/rioonwatch.org\/wp-content\/uploads\/2023\/01\/Facebook-screenshot_-BDF.jpg 854w, https:\/\/rioonwatch.org\/wp-content\/uploads\/2023\/01\/Facebook-screenshot_-BDF-620x620.jpg 620w, https:\/\/rioonwatch.org\/wp-content\/uploads\/2023\/01\/Facebook-screenshot_-BDF-629x629.jpg 629w, https:\/\/rioonwatch.org\/wp-content\/uploads\/2023\/01\/Facebook-screenshot_-BDF-768x768.jpg 768w\" sizes=\"(max-width: 400px) 100vw, 400px\" \/><\/a><figcaption id=\"caption-attachment-73610\" class=\"wp-caption-text\">Anielle with her sister Marielle Franco in the background. Photo: Reproduced from social media<\/figcaption><\/figure>\n<p>However, those who think the journalist\u2019s arrival to the role of minister is just in response to her sister\u2019s execution would be mistaken. Former athlete, Anielle studied under a volleyball scholarship at the <a href=\"http:\/\/bit.ly\/3or39vQ\" target=\"_blank\" rel=\"noopener\">University of North Carolina<\/a>. There she majored in Journalism and English, and later studied English and Literature at the Rio de Janeiro State University (<a href=\"http:\/\/bit.ly\/2XiGIwl\" target=\"_blank\" rel=\"noopener\">UERJ<\/a>). She progressed in her academic career with a master&#8217;s in Journalism and English from Florida A&amp;M University (<a href=\"http:\/\/bit.ly\/3HbCs70\" target=\"_blank\" rel=\"noopener\">FAMU<\/a>) and another master&#8217;s in Racial-Ethnic Relations from Rio de Janeiro technical school <a href=\"http:\/\/bit.ly\/2D8GNpA\" target=\"_blank\" rel=\"noopener\">CEFET<\/a>. From her personal experiences and brilliant academic trajectory came the master&#8217;s thesis <em>Marielle Franco Institute: Escreviv\u00eancias, Memories, and the Legacy of Marielle Franco<\/em>, with passages which tell us a lot about the current minister\u2019s life story:<\/p>\n<blockquote><p>\u201cWhile still very young, I started playing volleyball at the Vasco da Gama sports club, where I stayed for three years. I then played at the Botafogo club for many more years. There I was one of the first players of my age group to receive a basket of basic foodstuffs and bus vouchers. It was also my last club in Brazil, a club located in the South Zone of the city, and which made me see another reality that wasn\u2019t my own every day.\u201d<\/p><\/blockquote>\n<p>In another <em>escreviv\u00eancia<\/em> from the thesis, Anielle tells of how she \u201cleft the favela for the world, but the favela never left me\u201d. And assures that \u201cit will never leave.\u201d She adds: \u201cI took my name, my last name, the strength of my roots, the pride in the Mar\u00e9 favela complex and in my country to the US sports courts.\u201d<\/p>\n<p>As a teacher, whether in the USA or Brazil, she has dedicated herself to prioritizing the study of racial issues. She is currently working on a PhD in Applied Linguistics at the Federal University of Rio de Janeiro (<a href=\"http:\/\/bit.ly\/2XiG2Ha\" target=\"_blank\" rel=\"noopener\">UFRJ<\/a>). Her thesis title is <em>Do You Speak English?: Anti-racist and Decolonial E<\/em>screviv\u00eancias<em> and Uses of the English Language Through a Black and Feminist Lens<\/em>.<\/p>\n<p>Anthropologist <a href=\"http:\/\/bit.ly\/3Hbio4J\" target=\"_blank\" rel=\"noopener\">F\u00e1tima Lima<\/a> is professor of the Postgraduate Interdisciplinary Program in Applied Linguistics (<a href=\"http:\/\/bit.ly\/3GP3z6t\" target=\"_blank\" rel=\"noopener\">PIPGA\/UFRJ<\/a>) and has been involved in Anielle Franco\u2019s academic journey as a supervisor over the years. According to Lima, Anielle\u2019s integrity, discipline, and racial awareness have always drawn attention.<\/p>\n<figure id=\"attachment_73589\" aria-describedby=\"caption-attachment-73589\" style=\"width: 2560px\" class=\"wp-caption aligncenter\"><a href=\"https:\/\/rioonwatch.org\/wp-content\/uploads\/2023\/01\/Valter-Campanato-2_Agencia-Brasil-scaled-1.jpg\"><img loading=\"lazy\" decoding=\"async\" class=\"wp-image-73589 size-full\" title=\"Anielle Franco at her ministerial inauguration ceremony. Photo: Valter Campanato\/Ag\u00eancia Brasil\" src=\"https:\/\/rioonwatch.org\/wp-content\/uploads\/2023\/01\/Valter-Campanato-2_Agencia-Brasil-scaled-1.jpg\" alt=\"\" width=\"2560\" height=\"1707\" srcset=\"https:\/\/rioonwatch.org\/wp-content\/uploads\/2023\/01\/Valter-Campanato-2_Agencia-Brasil-scaled-1.jpg 2560w, https:\/\/rioonwatch.org\/wp-content\/uploads\/2023\/01\/Valter-Campanato-2_Agencia-Brasil-scaled-1-620x413.jpg 620w, https:\/\/rioonwatch.org\/wp-content\/uploads\/2023\/01\/Valter-Campanato-2_Agencia-Brasil-scaled-1-943x629.jpg 943w, https:\/\/rioonwatch.org\/wp-content\/uploads\/2023\/01\/Valter-Campanato-2_Agencia-Brasil-scaled-1-768x512.jpg 768w\" sizes=\"(max-width: 2560px) 100vw, 2560px\" \/><\/a><figcaption id=\"caption-attachment-73589\" class=\"wp-caption-text\">Anielle Franco at her ministerial inauguration ceremony. Photo: Valter Campanato\/Ag\u00eancia Brasil<\/figcaption><\/figure>\n<p>\u201cI was her supervisor for her master&#8217;s degree and currently supervise the now Minister Anielle Franco in her doctoral studies. I speak as a professor, but also as an activist in the Black women\u2019s movement and, mainly, as a friend of Anielle much like I was a friend of Marielle&#8217;s. What I have to say about Anielle is in relation to her incredible integrity. I\u2019ve told her this in person: Anielle is someone who does not forget where she came from,\u201d said Lima.<\/p>\n<p>She highlights: \u201cHer critical racial awareness and ethical positioning, as well as knowledge of the reality of favela alleyways, mean that Anielle Franco will develop a landmark positioning for the Ministry of Racial Equality. Mainly through the recognition of Brazil\u2019s inequalities that the new minister has. Above all, by understanding that these inequalities are of class and gender but are first of all racial.\u201d<\/p>\n<p><a href=\"http:\/\/bit.ly\/3kqgYKI\" target=\"_blank\" rel=\"noopener\">L\u00facia Xavier<\/a> is one of Brazil&#8217;s most important Black intellectuals and coordinator of the NGO <a href=\"http:\/\/bit.ly\/1aMOw88\" target=\"_blank\" rel=\"noopener\">Criola<\/a>. In an exclusive statement for <em>RioOnWatch<\/em>, she says:<\/p>\n<blockquote><p>\u201cWatching the inauguration of Minister Anielle Franco to lead on racial equality is progress in terms of demonstrating the capacity of Black women to create mechanisms, processes, and even organisms to confront the racism present in Brazilian society. Anielle is a young Black woman and feminist who was born and raised in the Mar\u00e9 favela, who takes on this role providing the Brazilian State and society with knowledge, articulations, and political processes already developed by Black movements, Black women, and Black youth. And more: from the context of political experience that a woman, a young Black woman has in a society like ours. We celebrate and recognize Anielle\u2019s courage to confront one of the main challenges facing Brazil: recognizing, eradicating, and repairing [racism] and developing initiatives which strengthen the Black population.\u201d<\/p><\/blockquote>\n<h3>For Reparations, Memory, and Social Justice<\/h3>\n<p>Over a period of two weeks, <em>RioOnWatch<\/em> interviewed Black female feminist and human rights activists who agreed to give statements on the significance of Anielle Franco\u2019s inauguration. In addition to F\u00e1tima Lima and L\u00facia Xavier, <a href=\"http:\/\/bit.ly\/3D5nc7C\" target=\"_blank\" rel=\"noopener\">M\u00f4nica Cunha<\/a>,\u00a0<a href=\"http:\/\/bit.ly\/3WqQoyI\" target=\"_blank\" rel=\"noopener\">P\u00e2mella Passos<\/a>,\u00a0<a href=\"http:\/\/bit.ly\/3XBenMn\" target=\"_blank\" rel=\"noopener\">Amanda Mendon\u00e7a<\/a>,\u00a0<a href=\"http:\/\/bit.ly\/3QNGS7t\" target=\"_blank\" rel=\"noopener\">Camila Moradia<\/a>,\u00a0<a href=\"http:\/\/bit.ly\/3ZFRzgh\" target=\"_blank\" rel=\"noopener\">Flavia C\u00e2ndido<\/a>, and <a href=\"https:\/\/bit.ly\/37mZcic\" target=\"_blank\" rel=\"noopener\">P\u00e2mela Carvalho<\/a> were interviewed.<\/p>\n<p>The mosaic of voices brings together generations of Black women academics, favela leaders, and social and human rights activists, and expresses the perceptions of these women\u2014who have in some way been part of Anielle Franco\u2019s journey\u2014on the arrival of someone born and raised in the favela at the Ministries Esplanade.<\/p>\n<p>In moving statements, the five women interviewed speak of the representation of Anielle Franco\u2019s body, work, and life, expressing a common point: the recognition of the minister\u2019s capacity and her commitment to rebuilding society and proposing reparations policies for the Black population through the Ministry of Racial Equality.<\/p>\n<p>The statements relay a strong sense of political representation which also extends to S\u00f4nia Guajajara as Minister of Indigenous Peoples, outlining a vision of collective struggle realized by these women over years together with Anielle Franco.<\/p>\n<figure id=\"attachment_73591\" aria-describedby=\"caption-attachment-73591\" style=\"width: 1030px\" class=\"wp-caption aligncenter\"><a href=\"https:\/\/rioonwatch.org\/wp-content\/uploads\/2023\/01\/Valter-Campanato-4_Agencia-Brasil-scaled-1.jpg\"><img loading=\"lazy\" decoding=\"async\" class=\"wp-image-73591\" title=\"Inauguration of the Minister of Indigenous Peoples, S\u00f4nia Guajajara, at the Planalto Palace. Photo: Valter Campanato\/Ag\u00eancia Brasil\" src=\"https:\/\/rioonwatch.org\/wp-content\/uploads\/2023\/01\/Valter-Campanato-4_Agencia-Brasil-scaled-1.jpg\" alt=\"\" width=\"1030\" height=\"687\" srcset=\"https:\/\/rioonwatch.org\/wp-content\/uploads\/2023\/01\/Valter-Campanato-4_Agencia-Brasil-scaled-1.jpg 2560w, https:\/\/rioonwatch.org\/wp-content\/uploads\/2023\/01\/Valter-Campanato-4_Agencia-Brasil-scaled-1-620x413.jpg 620w, https:\/\/rioonwatch.org\/wp-content\/uploads\/2023\/01\/Valter-Campanato-4_Agencia-Brasil-scaled-1-943x629.jpg 943w, https:\/\/rioonwatch.org\/wp-content\/uploads\/2023\/01\/Valter-Campanato-4_Agencia-Brasil-scaled-1-768x512.jpg 768w\" sizes=\"(max-width: 1030px) 100vw, 1030px\" \/><\/a><figcaption id=\"caption-attachment-73591\" class=\"wp-caption-text\">Inauguration of the Minister of Indigenous Peoples, S\u00f4nia Guajajara, at the Planalto Palace. Photo: Valter Campanato\/Ag\u00eancia Brasil<\/figcaption><\/figure>\n<h3>M\u00f4nica Cunha: &#8216;We\u2019ve Arrived!&#8217;<\/h3>\n<p><a href=\"http:\/\/bit.ly\/2ImU7d0\" target=\"_blank\" rel=\"noopener\">M\u00f4nica Cunha<\/a> is co-founder of the <a href=\"https:\/\/bit.ly\/3hQDtU9\" target=\"_blank\" rel=\"noopener\">Moleque Movement<\/a> of mothers whose children were victims of police violence and a member of the <a href=\"https:\/\/bit.ly\/3suwVz1\" target=\"_blank\" rel=\"noopener\">Black Coalition for Rights<\/a>. She\u2019s a human rights defender and one of the most active mothers in the National Network of Mothers of Victims of State Violence and Terrorism. Cunha will be inaugurated as a councilor for the municipality of Rio de Janeiro on February 2 as an alternate for the seat left vacant by <a href=\"http:\/\/bit.ly\/2KMEttK\" target=\"_blank\" rel=\"noopener\">Tarc\u00edsio Motta<\/a> (<a href=\"http:\/\/bit.ly\/2KMEttK\" target=\"_blank\" rel=\"noopener\">Liberty and Socialism Party &#8211; PSOL<\/a>), who was elected federal deputy in the 2022 elections.<\/p>\n<blockquote>\n<figure id=\"attachment_73612\" aria-describedby=\"caption-attachment-73612\" style=\"width: 400px\" class=\"wp-caption alignright\"><a href=\"https:\/\/rioonwatch.org\/wp-content\/uploads\/2023\/01\/Monica-cunha-posse.png\"><img loading=\"lazy\" decoding=\"async\" class=\"wp-image-73612\" title=\"M\u00f4nica Cunha at the inauguration ceremony. Photo: Personal Collection\" src=\"https:\/\/rioonwatch.org\/wp-content\/uploads\/2023\/01\/Monica-cunha-posse.png\" alt=\"\" width=\"400\" height=\"437\" \/><\/a><figcaption id=\"caption-attachment-73612\" class=\"wp-caption-text\">M\u00f4nica Cunha at the inauguration ceremony. Photo: personal archive<\/figcaption><\/figure>\n<p>\u201cI have witnessed Brazil taking possession of Brazil and occupying its space\u2026 [the] inauguration [of the two women ministers]: one indigenous and the other Black. It\u2019s what we from the social movements on the frontlines have been saying, mainly us Black women: we\u2019re finally starting to take our place and actually make democracy come true in this country.<\/p>\n<p>Anielle Franco\u2019s inauguration has been a fight for all of us for many years. It\u2019s the start of reparations. It\u2019s the retaking of our place that was taken away 500 years ago, so we can really occupy and build Brazil, as we should have when we got here.<\/p>\n<p>These two peoples\u2014indigenous and Black\u2014have always been treated with inequality, racism, and discrimination. We are the bodies of people who have always been\u2026 seen or viewed without rights.<\/p>\n<p>In her speech, when Anielle cites the names of various Black women who have accompanied her since the tragedy that occurred in her life and the life of her family\u2014Marielle\u2019s assassination\u2014we feel that the person occupying this place is our daughter, our granddaughter, our niece, our cousin\u2026 Anielle Franco was inaugurated on a Wednesday. Her sister Marielle was assassinated on a Wednesday. Anielle Franco became Minister of Racial Equality on a Wednesday, on the day of Xang\u00f4, the orix\u00e1 of justice, and of Ians\u00e3, mistress of the winds. Do you remember how windy it was when Marielle was executed? How an inexplicable storm fell? Having seen and participated in this historic moment means seeing my struggle of 22 years, the struggle of the movement of mothers of victims of State violence, being recognized, because when Anielle talked about the genocide of Black youth she took us there. Because this is a term [genocide] that\u2019s always been articulated by us from the mothers\u2019 movement so that people understand, so that everyone comprehends what we\u2019ve lost: our children\u2026 So, when she brought that there, she echoed all our voices.\u201d \u2014 M\u00f4nica Cunha<\/p><\/blockquote>\n<h3>P\u00e2mella Passos: \u201cWe\u2019re Ready!\u201d<\/h3>\n<figure id=\"attachment_73613\" aria-describedby=\"caption-attachment-73613\" style=\"width: 400px\" class=\"wp-caption alignright\"><a href=\"https:\/\/rioonwatch.org\/wp-content\/uploads\/2023\/01\/Pamella-Passos.png\"><img loading=\"lazy\" decoding=\"async\" class=\"wp-image-73613\" title=\"P\u00e2mella Passos was at the inauguration ceremony, representing IFRJ. Photo: Personal Collection\" src=\"https:\/\/rioonwatch.org\/wp-content\/uploads\/2023\/01\/Pamella-Passos.png\" alt=\"\" width=\"400\" height=\"546\" srcset=\"https:\/\/rioonwatch.org\/wp-content\/uploads\/2023\/01\/Pamella-Passos.png 470w, https:\/\/rioonwatch.org\/wp-content\/uploads\/2023\/01\/Pamella-Passos-455x620.png 455w, https:\/\/rioonwatch.org\/wp-content\/uploads\/2023\/01\/Pamella-Passos-461x629.png 461w\" sizes=\"(max-width: 400px) 100vw, 400px\" \/><\/a><figcaption id=\"caption-attachment-73613\" class=\"wp-caption-text\">P\u00e2mella Passos was at the inauguration ceremony, representing IFRJ. Photo: personal archive<\/figcaption><\/figure>\n<p>P\u00e2mella Passos is a professor of History at the Rio de Janeiro Federal Institute of Education, Science, and Technology (<a href=\"https:\/\/bit.ly\/3cfJFAz\" target=\"_blank\" rel=\"noopener\">IFRJ<\/a>) and a member of the Marielle Franco Institute advisory board. As an academic researcher, she supervises two post-doctoral traineeships, one in Social Anthropology at UFRJ and another in Education at The Fluminense Federal University (<a href=\"http:\/\/bit.ly\/2J7BN7l\" target=\"_blank\" rel=\"noopener\">UFF<\/a>). She is head of the Technology, Education, and Culture Research Group (<a href=\"http:\/\/bit.ly\/3XjdQiq\" target=\"_blank\" rel=\"noopener\">GPTEC<\/a>), and an author with a vast body of work in the area of human rights.<\/p>\n<p>Passos was a close friend of Marielle Franco and acted in a voluntary capacity on the former councilor\u2019s policy development. Following her friend\u2019s death, she also became friends with her sister Anielle, who she already knew but with whom the bonds of friendship deepened, going from grief to struggle.<\/p>\n<blockquote><p>\u201cAs a Black woman, historian, friend of Marielle, friend of Anielle, teacher, and educator, I can say that having Anielle Franco as Minister of Racial Equality is recognition, reparation, and memory.<\/p>\n<p>It is recognition of her personal trajectory, which is always important to highlight: Anielle Franco is a student, researcher, and international and national articulator who in the last five years, even amid so much pain, has built bridges, dialogues and the Marielle Franco Institute\u2014recognized internationally for its capacity to articulate policies and denounce, for example, policy violations suffered by Black women in Brazil. So, the first point about Anielle\u2019s inauguration is this: it is recognition given to her trajectory and also reparation not just in relation to what was done to her sister Marielle, but what has been done to Black women in Brazil over centuries.<\/p>\n<p>And to repair is to say that Black women are qualified and can be anywhere they want. \u2018We\u2019re ready!\u2019 as the material produced by the Marielle Franco Institute itself says and with Anielle\u2019s fundamental participation.<\/p>\n<p>But it\u2019s also about memory, because Anielle also brings the figure of Marielle with her, and not just Marielle but all the unresolved and forgotten deaths of Black people in this country, from the time of the [military] dictatorship to current crimes.<\/p>\n<p>Now, I also think, as a woman from the generation born in the 1980s, that Anielle Franco as Minister of Racial Equality also means renewal. Yes, the renewal of the Black Movement and the social movements saying that we&#8217;re not going to die, that we are seeds, that we\u2019re going to continue fighting for those who came before us, for ourselves, and for those yet to come. Anielle offers a connection between the elders, as we say, and the younger generation, and this temporality now crosses, transversalizes, into something very important for us: having a less unequal, more egalitarian country.\u201d \u2014 P\u00e2mella Passos<\/p><\/blockquote>\n<h3>Amanda Mendon\u00e7a: &#8216;Representative of a New Political Culture&#8217;<\/h3>\n<p>Amanda Mendon\u00e7a is a professor at the Teacher Training College at the Rio de Janeiro State University (UERJ) and a feminist activist. She is one of the authors of the book <em>Espa\u00e7o Coruja: Pelo Direito das Crian\u00e7as e das Mulheres <\/em>(Owl Space: For the Rights of Children and Women). The formulation of the <a href=\"http:\/\/bit.ly\/2jsZWZQ\" target=\"_blank\" rel=\"noopener\">Owl Space Law Project<\/a> was one of the activities which had the greatest emotional impact on Marielle Franco.<\/p>\n<blockquote>\n<figure id=\"attachment_73614\" aria-describedby=\"caption-attachment-73614\" style=\"width: 400px\" class=\"wp-caption alignright\"><a href=\"https:\/\/rioonwatch.org\/wp-content\/uploads\/2023\/01\/WhatsApp-Image-2023-01-17-at-12.44.36.jpeg\"><img loading=\"lazy\" decoding=\"async\" class=\"wp-image-73614\" title=\"Professor Amanda Mendon\u00e7a. Photo: Personal Collection\" src=\"https:\/\/rioonwatch.org\/wp-content\/uploads\/2023\/01\/WhatsApp-Image-2023-01-17-at-12.44.36.jpeg\" alt=\"\" width=\"400\" height=\"539\" srcset=\"https:\/\/rioonwatch.org\/wp-content\/uploads\/2023\/01\/WhatsApp-Image-2023-01-17-at-12.44.36.jpeg 1186w, https:\/\/rioonwatch.org\/wp-content\/uploads\/2023\/01\/WhatsApp-Image-2023-01-17-at-12.44.36-460x620.jpeg 460w, https:\/\/rioonwatch.org\/wp-content\/uploads\/2023\/01\/WhatsApp-Image-2023-01-17-at-12.44.36-467x629.jpeg 467w, https:\/\/rioonwatch.org\/wp-content\/uploads\/2023\/01\/WhatsApp-Image-2023-01-17-at-12.44.36-768x1035.jpeg 768w\" sizes=\"(max-width: 400px) 100vw, 400px\" \/><\/a><figcaption id=\"caption-attachment-73614\" class=\"wp-caption-text\">Professor Amanda Mendon\u00e7a. Photo: personal arhive<\/figcaption><\/figure>\n<p>\u201cThe moment we\u2019re experiencing, this process of reclaiming our country\u2014this alone carries a lot of emotion. It\u2019s been a process of revisiting our histories, trajectories, and struggles. A painful process, but at the same time beautiful.<\/p>\n<p>This takes on another dimension when it comes to considering the role that Marielle has in all this. Her execution and the fact that justice still hasn\u2019t been carried out has made these last almost five years a kind of fuel that makes us keep going, a force that doesn&#8217;t let us give up. It might seem a bit clich\u00e9, but whenever I\u2019ve been in the streets in recent years, I\u2019ve seen it in the eyes of those who were also there: a shared sense that we will prevail, for us, for all of us, but especially for her. It\u2019s something we feel and that doesn\u2019t need to be said.<\/p>\n<p>\u201cAnd during this whole time, we hear the issue of legacy, the disputes around what this means, the idea of Marielle\u2019s seeds. A lot of people have gone down the established and chosen paths to <a href=\"http:\/\/bit.ly\/2Epo0VC\" target=\"_blank\" rel=\"noopener\">preserve this legacy<\/a>. And for me, each one has its own value in its own way. I chose to write about the projects we developed together and about Marielle as a parliamentarian. I consider this a relevant contribution for future generations.<\/p>\n<p>\u201cWith regard to the paths chosen to preserve her memory and legacy (which for me also constitutes a way of enacting justice), I believe Anielle Franco has chosen the most beautiful way of doing this. She chose to better understand the basis of the system and country which executed her sister in order to change it, just like Marielle did during a large part of her life. Anielle has studied, read, and produced a lot. It\u2019s very impressive how she\u2019s created a frontline political framework with an enormous capacity for formulation and dialogue. A young, Black mother\u2014for me she\u2019s one of the main figures I consider representative of a new political culture. And seeing all this potential become a minister makes that initial moment I mentioned even more moving. Because, in some way, it brings a feeling of victory, as much for the symbolism of seeing the last name Franco announced as having a woman like her becoming a minister.\u201d \u2014 Amanda Mendon\u00e7a<\/p><\/blockquote>\n<h3>Camila Moradia: &#8216;A Fight Worth Fighting&#8217;<\/h3>\n<figure id=\"attachment_73615\" aria-describedby=\"caption-attachment-73615\" style=\"width: 400px\" class=\"wp-caption alignright\"><a href=\"https:\/\/rioonwatch.org\/wp-content\/uploads\/2023\/01\/camila-moradia.jpg\"><img loading=\"lazy\" decoding=\"async\" class=\"wp-image-73615\" title=\"Anielle receives a hug from Camila Moradia at her inauguration. Photo: Reproduction\" src=\"https:\/\/rioonwatch.org\/wp-content\/uploads\/2023\/01\/camila-moradia.jpg\" alt=\"\" width=\"400\" height=\"501\" srcset=\"https:\/\/rioonwatch.org\/wp-content\/uploads\/2023\/01\/camila-moradia.jpg 537w, https:\/\/rioonwatch.org\/wp-content\/uploads\/2023\/01\/camila-moradia-495x620.jpg 495w, https:\/\/rioonwatch.org\/wp-content\/uploads\/2023\/01\/camila-moradia-503x629.jpg 503w\" sizes=\"(max-width: 400px) 100vw, 400px\" \/><\/a><figcaption id=\"caption-attachment-73615\" class=\"wp-caption-text\">Anielle receives a hug from Camila Moradia at her inauguration. Photo: Reproduction<\/figcaption><\/figure>\n<p>Born and raised in the favelas of Complexo do Alem\u00e3o, <a href=\"https:\/\/bit.ly\/3VUDHgn\" target=\"_blank\" rel=\"noopener\">Camila Moradia<\/a> is a community leader in the fight for housing. She was invited to introduce and announce Anielle Franco\u2019s inauguration during the ceremony.<\/p>\n<blockquote><p>\u201cWatching and taking part in the inauguration was the materialization of the struggles I believe in. When you really want something and really fight for it and it\u2019s actually happening, there are no words. I feel very honored and fulfilled not just for having taken part in the inauguration, having been invited to be part of Anielle\u2019s introduction\u2026 but as a Black woman from a favela on the frontlines, like those heading up many movements which support other women. As Anielle put it so well: we don\u2019t get to these spaces on our own: we build this together. I saw the snapshot of [what] power [looks like] change, like so many people wanted. When we talk about occupying spaces of power, this is what we mean: the <a href=\"http:\/\/bit.ly\/1rkcjHD\" target=\"_blank\" rel=\"noopener\">real spaces of power<\/a>, but also other spaces. Of how important it was for us to have Ani as a minister, of how important it is to have a Black woman a minister. I received a lot of messages from many women saying they felt represented there when I spoke and introduced Ani. So, in this way, we have to understand what these spaces of power are and occupy these spaces.\u201d \u2014 Camila Moradia<\/p><\/blockquote>\n<h3>Fl\u00e1via C\u00e2ndido: &#8216;She\u2019s the Minister from Mar\u00e9&#8217;<\/h3>\n<p>Flavinha C\u00e2ndido is a mother, teacher, Mar\u00e9 resident and coordinator of the <a href=\"http:\/\/bit.ly\/2hLTvmu\" target=\"_blank\" rel=\"noopener\">Mar\u00e9 0800<\/a> project. She\u2019s a human rights defender and was an assistant to Councilor Marielle Franco. She\u2019s currently a parliamentary assistant to State Deputy <a href=\"http:\/\/bit.ly\/2QJKTed\" target=\"_blank\" rel=\"noopener\">Renata Souza<\/a> (PSOL).<\/p>\n<blockquote>\n<figure id=\"attachment_73616\" aria-describedby=\"caption-attachment-73616\" style=\"width: 400px\" class=\"wp-caption alignright\"><a href=\"https:\/\/rioonwatch.org\/wp-content\/uploads\/2023\/01\/Flavia-Candido.png\"><img loading=\"lazy\" decoding=\"async\" class=\"wp-image-73616\" title=\"Flavinha C\u00e2ndido. Photo: Personal Collection\" src=\"https:\/\/rioonwatch.org\/wp-content\/uploads\/2023\/01\/Flavia-Candido.png\" alt=\"\" width=\"400\" height=\"590\" srcset=\"https:\/\/rioonwatch.org\/wp-content\/uploads\/2023\/01\/Flavia-Candido.png 719w, https:\/\/rioonwatch.org\/wp-content\/uploads\/2023\/01\/Flavia-Candido-421x620.png 421w, https:\/\/rioonwatch.org\/wp-content\/uploads\/2023\/01\/Flavia-Candido-427x629.png 427w\" sizes=\"(max-width: 400px) 100vw, 400px\" \/><\/a><figcaption id=\"caption-attachment-73616\" class=\"wp-caption-text\">Flavinha C\u00e2ndido. Photo: personal archive<\/figcaption><\/figure>\n<p>\u201cIn three months&#8217; time it\u2019ll be five years since Marielle was executed. And when Lula won the election\u2026 it gave us a breath of hope of discovering who ordered Marielle\u2019s murder, of finding out who ordered Marielle\u2019s political femicide.<\/p>\n<p>When Lula began announcing the transition team and mentioned the names of Black women, including Anielle, I posted online and a lot of people [from Mar\u00e9] came to speak with me. I see and saw the recognition of people in Mar\u00e9. The joy is huge. They say: \u2018look at Mari\u2019s legacy,\u2019 because Anielle is part of this legacy.<\/p>\n<p>But that\u2019s not all. I was Marielle\u2019s assistant and there\u2019s a speech of hers that left a huge mark on me: when she stated that ten years before she was elected councilor, the only Black woman [in power] had been Benedita da Silva, and before Benedita there had been Jurema Batista, also ten years prior\u2026 It\u2019s good to know that other women\u2014whether they\u2019re my age or from the generation of the 1980s like Marielle, Renata Souza, and Anielle\u2014can see themselves reflected in the women who are leaping forward and arriving in these spaces of power. I\u2019m not just speaking of myself, but also my five-year-old niece. She\u2019ll be able to talk about Marielle\u2019s legacy, and also about Anielle, our minister: the Minister from Mar\u00e9. It&#8217;s a very strong representation. She will be, in fact already is, the reference for other older Black women who opened the doors so that now we can have Anielle as minister.<\/p>\n<p>It\u2019s very important we give this a standing ovation because having a Black woman from a favela in this role is to know that we will truly combat racism. In particular, the racism which assassinates all the time. That kills all the time. It kills a man in Rio de Janeiro due to a piece of wood being confused for a rifle. We\u2019re going to have someone who we can depend on doing something about this and not putting a veil on racism. We can count on her to build a real political structure.<\/p>\n<p>In these five years without Mari\u2019s physical presence, but of grief turned into struggle, the inauguration day brought me hope\u2026 I\u2019m really happy. Anielle is super prepared. What pride that she\u2019s accepted this trench of the fight.\u201d \u2014 Fl\u00e1via C\u00e2ndido<\/p><\/blockquote>\n<figure id=\"attachment_73617\" aria-describedby=\"caption-attachment-73617\" style=\"width: 1024px\" class=\"wp-caption aligncenter\"><a href=\"https:\/\/rioonwatch.org\/wp-content\/uploads\/2023\/01\/Benedita-da-Silva-no-Plenario-do-Congresso.-Foto-Geraldo-MagelaAgencia-Senado.jpg\"><img loading=\"lazy\" decoding=\"async\" class=\"wp-image-73617 size-full\" title=\"Always remembered and mentioned by Anielle and the women interviewed for this report, Benedita da Silva was the first woman from a favela to become minister--pictured here at the Congress Plenary. Photo: Geraldo Magela\/Ag\u00eancia Senado\" src=\"https:\/\/rioonwatch.org\/wp-content\/uploads\/2023\/01\/Benedita-da-Silva-no-Plenario-do-Congresso.-Foto-Geraldo-MagelaAgencia-Senado.jpg\" alt=\"Always remembered and mentioned by Anielle and the women interviewed for this report, Benedita da Silva was the first woman from a favela to become minister--pictured here at the Congress Plenary. Photo: Geraldo Magela\/Ag\u00eancia Senado\" width=\"1024\" height=\"683\" srcset=\"https:\/\/rioonwatch.org\/wp-content\/uploads\/2023\/01\/Benedita-da-Silva-no-Plenario-do-Congresso.-Foto-Geraldo-MagelaAgencia-Senado.jpg 1024w, https:\/\/rioonwatch.org\/wp-content\/uploads\/2023\/01\/Benedita-da-Silva-no-Plenario-do-Congresso.-Foto-Geraldo-MagelaAgencia-Senado-620x414.jpg 620w, https:\/\/rioonwatch.org\/wp-content\/uploads\/2023\/01\/Benedita-da-Silva-no-Plenario-do-Congresso.-Foto-Geraldo-MagelaAgencia-Senado-943x629.jpg 943w, https:\/\/rioonwatch.org\/wp-content\/uploads\/2023\/01\/Benedita-da-Silva-no-Plenario-do-Congresso.-Foto-Geraldo-MagelaAgencia-Senado-768x512.jpg 768w\" sizes=\"(max-width: 1024px) 100vw, 1024px\" \/><\/a><figcaption id=\"caption-attachment-73617\" class=\"wp-caption-text\">Always remembered and mentioned by Anielle and the women interviewed for this report, Benedita da Silva was the first woman from a favela to become minister&#8211;pictured here at the Congress Plenary. Photo: Geraldo Magela\/Ag\u00eancia Senado<\/figcaption><\/figure>\n<h3>P\u00e2mela Carvalho: &#8216;Perspective on the Present and the Future&#8217;<\/h3>\n<figure id=\"attachment_73618\" aria-describedby=\"caption-attachment-73618\" style=\"width: 400px\" class=\"wp-caption alignright\"><a href=\"https:\/\/rioonwatch.org\/wp-content\/uploads\/2023\/01\/Pamela-Carvalho-Foto-Douglas-Lopes-em-baixa-scaled-1.jpg\"><img loading=\"lazy\" decoding=\"async\" class=\"wp-image-73618\" title=\"Historian P\u00e2mela Carvalho. Photo: Douglas Lopes\" src=\"https:\/\/rioonwatch.org\/wp-content\/uploads\/2023\/01\/Pamela-Carvalho-Foto-Douglas-Lopes-em-baixa-scaled-1.jpg\" alt=\"\" width=\"400\" height=\"600\" srcset=\"https:\/\/rioonwatch.org\/wp-content\/uploads\/2023\/01\/Pamela-Carvalho-Foto-Douglas-Lopes-em-baixa-scaled-1.jpg 1707w, https:\/\/rioonwatch.org\/wp-content\/uploads\/2023\/01\/Pamela-Carvalho-Foto-Douglas-Lopes-em-baixa-scaled-1-413x620.jpg 413w, https:\/\/rioonwatch.org\/wp-content\/uploads\/2023\/01\/Pamela-Carvalho-Foto-Douglas-Lopes-em-baixa-scaled-1-419x629.jpg 419w, https:\/\/rioonwatch.org\/wp-content\/uploads\/2023\/01\/Pamela-Carvalho-Foto-Douglas-Lopes-em-baixa-scaled-1-768x1152.jpg 768w\" sizes=\"(max-width: 400px) 100vw, 400px\" \/><\/a><figcaption id=\"caption-attachment-73618\" class=\"wp-caption-text\">Historian P\u00e2mela Carvalho. Photo: Douglas Lopes<\/figcaption><\/figure>\n<p>P\u00e2mela Carvalho is a historian and coordinator of <a href=\"http:\/\/bit.ly\/2JViAZB\" target=\"_blank\" rel=\"noopener\">Redes da Mar\u00e9<\/a>. She\u2019s a researcher of Black culture, communicator and cultural producer who was born, raised, and lives in Mar\u00e9. She describes:<\/p>\n<blockquote><p>\u201cFor me, there\u2019s an immense significance in seeing Anielle Franco lead an important ministry like the Ministry of Racial Equality. There\u2019s an objective and symbolic value in this representation, as I\u2019m a Black woman resident of Mar\u00e9 like her.<\/p>\n<p>Seeing Anielle there as a Black woman, researcher, and knowledge producer who was born and raised in Mar\u00e9 brings me a vision of the present\u2026 of building a series of public policies in the present which consider the guarantee of rights for Black people.<\/p>\n<p>It also brings a vision of the future in which the recognition of Black women\u2014especially Black, indigenous, racialized women in favela territories\u2014and their output, work, identities, and importance are essential. Because we know it is these territories and women that are socially marginalized, vulnerable, and placed to one side in times of decision-making. So, seeing Anielle Franco, a Black woman with an academic background who has long been dedicated to producing knowledge for Brazilian society, in particular considering Black women\u2019s experiences through the Marielle Franco Institute [where she works with a view to developing public policies for Black women\u2026 producing working methodologies, trajectories, and the valuing of work]&#8230; is seeing the materialization of the future.\u201d<\/p><\/blockquote>\n<p>Carvalho continues:<\/p>\n<blockquote><p>\u201cThis is inspirational to me! It shows what we always say about \u2018our steps come from afar.\u2019 We have a perspective of the past, of building, and of a path that\u2019s been planted by many Black women. We have this perspective of the present, of building this now and that it\u2019s this now which will open up paths to a future where many other Black women will finally occupy their due spaces of power. We should have been in this space long ago, because we\u2019ve been fighting for a long time for this path to really open up and be occupied by us. So, seeing Anielle Franco as a minister inspires me and is another point, another line in the history of struggle and achievements of Black women in Brazil.\u201d<\/p><\/blockquote>\n<p><i data-stringify-type=\"italic\">About the author:\u00a0<\/i><i data-stringify-type=\"italic\"><a class=\"c-link\" tabindex=\"-1\" href=\"https:\/\/bit.ly\/3o2YA7Q\" target=\"_blank\" rel=\"noopener noreferrer\" data-stringify-link=\"https:\/\/bit.ly\/3o2YA7Q\" data-sk=\"tooltip_parent\" data-remove-tab-index=\"true\">Tatiana Lima<\/a><\/i><i data-stringify-type=\"italic\"> is a journalist and popular communicator at heart. A Black feminist, member of Complexo do Alem\u00e3o\u2019s <\/i><i data-stringify-type=\"italic\"><a class=\"c-link\" tabindex=\"-1\" href=\"https:\/\/bit.ly\/3mZf3bS\" target=\"_blank\" rel=\"noopener noreferrer\" data-stringify-link=\"https:\/\/bit.ly\/3mZf3bS\" data-sk=\"tooltip_parent\" data-remove-tab-index=\"true\">Researchers in Movement Study Group<\/a><\/i><i data-stringify-type=\"italic\">, she is currently special reporter with RioOnWatch. A fair-skinned Black woman, born and raised in a favela, Lima currently lives in Rio\u2019s periphery and is a doctoral student at the Fluminense Federal University (<\/i><i data-stringify-type=\"italic\"><a class=\"c-link\" tabindex=\"-1\" href=\"http:\/\/bit.ly\/2J7BN7l\" target=\"_blank\" rel=\"noopener noreferrer\" data-stringify-link=\"http:\/\/bit.ly\/2J7BN7l\" data-sk=\"tooltip_parent\" data-remove-tab-index=\"true\">UFF<\/a><\/i><i data-stringify-type=\"italic\">).<\/i><\/p>\n<hr \/>\n<h4>Support\u00a0RioOnWatch\u2019s tireless, critical and cutting-edge hyperlocal journalism, online community organizing meetings, and direct support to favelas\u00a0<a href=\"http:\/\/bit.ly\/FavelaCovidResponse\" target=\"_blank\" rel=\"noopener\">by clicking here<\/a>.<\/h4>\n","protected":false},"excerpt":{"rendered":"<div class=\"mh-excerpt\"><p>Clique aqui para Portugu\u00eas Born and raised in Complexo da Mar\u00e9, in Rio de Janeiro&#8217;s North Zone, Anielle Franco has become Brazil\u2019s second ever federal minister originally from a favela, alongside Benedita da Silva who <a class=\"mh-excerpt-more\" href=\"https:\/\/rioonwatch.org\/?p=73587\" title=\"Anielle Franco: From Mar\u00e9&#8217;s Alleyways to Minister of Racial Equality\">[&#8230;]<\/a><\/p>\n<\/div>","protected":false},"author":238,"featured_media":73609,"comment_status":"closed","ping_status":"closed","sticky":false,"template":"template-full.php","format":"standard","meta":{"_monsterinsights_skip_tracking":false,"_monsterinsights_sitenote_active":false,"_monsterinsights_sitenote_note":"","_monsterinsights_sitenote_category":0,"footnotes":""},"categories":[1288,2242,335,3527],"tags":[3496,3554,3247,3248,1944,280,32,479,674,698,459,665,26,25,577,715,203,2038,2449,3318,3383,37,594,301,1555,3393,270,651,2536,2323],"writer":[3125],"translator":[1962,3561],"illustrator":[],"photographer":[],"class_list":{"0":"post-73587","1":"post","2":"type-post","3":"status-publish","4":"format-standard","5":"has-post-thumbnail","7":"category-highlight","8":"category-democracy","9":"category-policies","10":"category-representation","11":"tag-2022-elections","12":"tag-anti-racism","13":"tag-black-coalition-for-rights","14":"tag-black-movement","15":"tag-brasilia","16":"tag-complexo-da-mare","17":"tag-complexo-do-alemao","18":"tag-democracy","19":"tag-memory","20":"tag-federal-government","21":"tag-feminism","22":"tag-flupp","23":"tag-housing-rights","24":"tag-human-rights","25":"tag-inclusion","26":"tag-indigenous","27":"tag-inequality","28":"tag-lula","29":"tag-marielle-franco","30":"tag-marielle-legacy","31":"tag-movimento-moleque","32":"tag-north-zone","33":"tag-participatory-democracy","34":"tag-public-policy","35":"tag-redes-de-desenvolvimento-da-mare","36":"tag-representation","37":"tag-resistance","38":"tag-uerj","39":"tag-uff","40":"tag-ufrj","41":"writer-tatiana-lima","42":"translator-felicity-clarke","43":"translator-felix-foot"},"_links":{"self":[{"href":"https:\/\/rioonwatch.org\/index.php?rest_route=\/wp\/v2\/posts\/73587","targetHints":{"allow":["GET"]}}],"collection":[{"href":"https:\/\/rioonwatch.org\/index.php?rest_route=\/wp\/v2\/posts"}],"about":[{"href":"https:\/\/rioonwatch.org\/index.php?rest_route=\/wp\/v2\/types\/post"}],"author":[{"embeddable":true,"href":"https:\/\/rioonwatch.org\/index.php?rest_route=\/wp\/v2\/users\/238"}],"replies":[{"embeddable":true,"href":"https:\/\/rioonwatch.org\/index.php?rest_route=%2Fwp%2Fv2%2Fcomments&post=73587"}],"version-history":[{"count":0,"href":"https:\/\/rioonwatch.org\/index.php?rest_route=\/wp\/v2\/posts\/73587\/revisions"}],"wp:featuredmedia":[{"embeddable":true,"href":"https:\/\/rioonwatch.org\/index.php?rest_route=\/wp\/v2\/media\/73609"}],"wp:attachment":[{"href":"https:\/\/rioonwatch.org\/index.php?rest_route=%2Fwp%2Fv2%2Fmedia&parent=73587"}],"wp:term":[{"taxonomy":"category","embeddable":true,"href":"https:\/\/rioonwatch.org\/index.php?rest_route=%2Fwp%2Fv2%2Fcategories&post=73587"},{"taxonomy":"post_tag","embeddable":true,"href":"https:\/\/rioonwatch.org\/index.php?rest_route=%2Fwp%2Fv2%2Ftags&post=73587"},{"taxonomy":"writer","embeddable":true,"href":"https:\/\/rioonwatch.org\/index.php?rest_route=%2Fwp%2Fv2%2Fwriter&post=73587"},{"taxonomy":"translator","embeddable":true,"href":"https:\/\/rioonwatch.org\/index.php?rest_route=%2Fwp%2Fv2%2Ftranslator&post=73587"},{"taxonomy":"illustrator","embeddable":true,"href":"https:\/\/rioonwatch.org\/index.php?rest_route=%2Fwp%2Fv2%2Fillustrator&post=73587"},{"taxonomy":"photographer","embeddable":true,"href":"https:\/\/rioonwatch.org\/index.php?rest_route=%2Fwp%2Fv2%2Fphotographer&post=73587"}],"curies":[{"name":"wp","href":"https:\/\/api.w.org\/{rel}","templated":true}]}}