{"id":73654,"date":"2023-02-27T22:18:29","date_gmt":"2023-02-28T01:18:29","guid":{"rendered":"https:\/\/rioonwatch.org\/?p=73654"},"modified":"2023-08-14T09:11:45","modified_gmt":"2023-08-14T12:11:45","slug":"in-guaratiba-the-pioneering-politics-of-inclusion-struggle-and-resistance-of-leaders-from-afro-brazilian-religions-against-religious-racism-is-at-risk-images","status":"publish","type":"post","link":"https:\/\/rioonwatch.org\/?p=73654","title":{"rendered":"In Rio de Janeiro&#8217;s Extreme West Zone, the Pioneering Politics of Inclusion, Struggle, and Resistance That Is Uniting Social Service Institutions with Afro-Brazilian Religious Leaders [IMAGES]"},"content":{"rendered":"<figure id=\"attachment_73655\" aria-describedby=\"caption-attachment-73655\" style=\"width: 2560px\" class=\"wp-caption aligncenter\"><a href=\"https:\/\/rioonwatch.org\/wp-content\/uploads\/2023\/01\/Matriarcas-do-grupo-CRAS-de-Axe-da-esquerda-para-a-direita-Iya-Marcia-de-Oxum-Iya-Jacqueline-de-Oba-Iya-Luizinha-de-Nana-e-Iya-Katiuscia-de-Yemanja.-Foto-Barbara-Dias-scaled-2.jpg\"><img fetchpriority=\"high\" decoding=\"async\" class=\"wp-image-73655 size-full\" title=\"Religious matriarchs from the Ax\u00e9 CRAS group, from left to right, Iy\u00e1 M\u00e1rcia de Oxum, Iy\u00e1 Jacqueline de \u00d2b\u00e1, Iy\u00e1 Luizinha de Nan\u00e3 and Iy\u00e1 Katiuscia de Yemanj\u00e1. Photo: B\u00e1rbara Dias\" src=\"https:\/\/rioonwatch.org\/wp-content\/uploads\/2023\/01\/Matriarcas-do-grupo-CRAS-de-Axe-da-esquerda-para-a-direita-Iya-Marcia-de-Oxum-Iya-Jacqueline-de-Oba-Iya-Luizinha-de-Nana-e-Iya-Katiuscia-de-Yemanja.-Foto-Barbara-Dias-scaled-2.jpg\" alt=\"\" width=\"2560\" height=\"1709\" srcset=\"https:\/\/rioonwatch.org\/wp-content\/uploads\/2023\/01\/Matriarcas-do-grupo-CRAS-de-Axe-da-esquerda-para-a-direita-Iya-Marcia-de-Oxum-Iya-Jacqueline-de-Oba-Iya-Luizinha-de-Nana-e-Iya-Katiuscia-de-Yemanja.-Foto-Barbara-Dias-scaled-2.jpg 2560w, https:\/\/rioonwatch.org\/wp-content\/uploads\/2023\/01\/Matriarcas-do-grupo-CRAS-de-Axe-da-esquerda-para-a-direita-Iya-Marcia-de-Oxum-Iya-Jacqueline-de-Oba-Iya-Luizinha-de-Nana-e-Iya-Katiuscia-de-Yemanja.-Foto-Barbara-Dias-scaled-2-620x414.jpg 620w, https:\/\/rioonwatch.org\/wp-content\/uploads\/2023\/01\/Matriarcas-do-grupo-CRAS-de-Axe-da-esquerda-para-a-direita-Iya-Marcia-de-Oxum-Iya-Jacqueline-de-Oba-Iya-Luizinha-de-Nana-e-Iya-Katiuscia-de-Yemanja.-Foto-Barbara-Dias-scaled-2-942x629.jpg 942w, https:\/\/rioonwatch.org\/wp-content\/uploads\/2023\/01\/Matriarcas-do-grupo-CRAS-de-Axe-da-esquerda-para-a-direita-Iya-Marcia-de-Oxum-Iya-Jacqueline-de-Oba-Iya-Luizinha-de-Nana-e-Iya-Katiuscia-de-Yemanja.-Foto-Barbara-Dias-scaled-2-768x513.jpg 768w\" sizes=\"(max-width: 2560px) 100vw, 2560px\" \/><\/a><figcaption id=\"caption-attachment-73655\" class=\"wp-caption-text\">Religious matriarchs from the &#8220;CRAS do Ax\u00e9&#8221; group: Iy\u00e1 M\u00e1rcia de Oxum, Iy\u00e1 Jacqueline de \u00d2b\u00e1, Iy\u00e1 Luizinha de Nan\u00e3, and Iy\u00e1 Katiuscia de Yemanj\u00e1. Photo: B\u00e1rbara Dias<\/figcaption><\/figure>\n<p style=\"text-align: right;\"><a href=\"https:\/\/bit.ly\/3jGjPPx\" target=\"_blank\" rel=\"noopener\"><strong><em>Clique aqui para Portugu\u00eas<img decoding=\"async\" class=\"size-full wp-image-23766 alignright\" src=\"https:\/\/www.rioonwatch.org\/wp-content\/uploads\/2012\/08\/PT-e1439583827971.png\" width=\"20\" height=\"20\" \/><\/em><\/strong><\/a><\/p>\n<figure id=\"attachment_73656\" aria-describedby=\"caption-attachment-73656\" style=\"width: 500px\" class=\"wp-caption alignright\"><a href=\"https:\/\/rioonwatch.org\/wp-content\/uploads\/2023\/01\/Caminhos-de-Xango-Acao-Social-no-Ile-Axe-Oba-Labi-em-Guaratiba-Zona-Oeste.-Reproducao.jpg\"><img decoding=\"async\" class=\"wp-image-73656\" title=\"Pathways of Xang\u00f4 Social Action, at Il\u00ea Ax\u00e9 \u00d2b\u00e1 Lab\u00ed, in Guaratiba, West Zone. Photo: Reproduction\" src=\"https:\/\/rioonwatch.org\/wp-content\/uploads\/2023\/01\/Caminhos-de-Xango-Acao-Social-no-Ile-Axe-Oba-Labi-em-Guaratiba-Zona-Oeste.-Reproducao-620x620.jpg\" alt=\"\" width=\"500\" height=\"500\" srcset=\"https:\/\/rioonwatch.org\/wp-content\/uploads\/2023\/01\/Caminhos-de-Xango-Acao-Social-no-Ile-Axe-Oba-Labi-em-Guaratiba-Zona-Oeste.-Reproducao-620x620.jpg 620w, https:\/\/rioonwatch.org\/wp-content\/uploads\/2023\/01\/Caminhos-de-Xango-Acao-Social-no-Ile-Axe-Oba-Labi-em-Guaratiba-Zona-Oeste.-Reproducao-629x629.jpg 629w, https:\/\/rioonwatch.org\/wp-content\/uploads\/2023\/01\/Caminhos-de-Xango-Acao-Social-no-Ile-Axe-Oba-Labi-em-Guaratiba-Zona-Oeste.-Reproducao-768x768.jpg 768w, https:\/\/rioonwatch.org\/wp-content\/uploads\/2023\/01\/Caminhos-de-Xango-Acao-Social-no-Ile-Axe-Oba-Labi-em-Guaratiba-Zona-Oeste.-Reproducao.jpg 1024w\" sizes=\"(max-width: 500px) 100vw, 500px\" \/><\/a><figcaption id=\"caption-attachment-73656\" class=\"wp-caption-text\">Pathways of Xang\u00f4 Social Action, at Il\u00ea Ax\u00e9 \u00d2b\u00e1 Lab\u00ed, in Guaratiba, West Zone.<\/figcaption><\/figure>\n<p>On December 15, the launch of the Pathways of Xang\u00f4 Social Action took place at Candombl\u00e9 temple <a href=\"http:\/\/bit.ly\/3G4XTpV\" target=\"_blank\" rel=\"noopener\">Il\u00ea Ax\u00e9 \u00d2b\u00e1 Lab\u00ed<\/a>, in <a href=\"http:\/\/bit.ly\/1G23cDl\" target=\"_blank\" rel=\"noopener\">Guaratiba<\/a>, in Rio de Janeiro&#8217;s <a href=\"http:\/\/bit.ly\/2KVA7k7\" target=\"_blank\" rel=\"noopener\">West Zone<\/a>. Representatives from Brazilian public agencies such as the Social Assistance Reference Center (<a href=\"https:\/\/bit.ly\/3aKVRvj\" target=\"_blank\" rel=\"noopener\">CRAS<\/a>), the Specialized Social Assistance Reference Center (<a href=\"http:\/\/bit.ly\/3JQ83Nq\" target=\"_blank\" rel=\"noopener\">CREAS<\/a>), the neighborhood&#8217;s <a href=\"http:\/\/bit.ly\/2NTglXI\" target=\"_blank\" rel=\"noopener\">Family Health Clinic<\/a>, the State Water and Sewerage Company (<a href=\"http:\/\/bit.ly\/14W05nw\" target=\"_blank\" rel=\"noopener\">CEDAE<\/a>), and the <a href=\"http:\/\/bit.ly\/3ji9Q2J\" target=\"_blank\" rel=\"noopener\">Municipal Secretariat for the Advancement of Women<\/a>, along with State Deputy <a href=\"http:\/\/bit.ly\/2QJKTed\" target=\"_blank\" rel=\"noopener\">Renata Souza<\/a>, were present.<\/p>\n<p>The Pathways of Xang\u00f4 Social Action event included spiritual leaders from the Afro-Brazilian religious temples in the region, congressional representatives, and local communities. Diverse activities, even spaces where guests could take part in braiding and eyebrow design workshops, were held alongside the opportunity to see <a href=\"http:\/\/bit.ly\/3jceFud\" target=\"_blank\" rel=\"noopener\"><em>Pedrinhas Miudinhas<\/em><\/a> (Little Stones), an exhibition by photographer <a href=\"http:\/\/bit.ly\/3FHoOqr\" target=\"_blank\" rel=\"noopener\">Clara Nascimento<\/a>.<\/p>\n<p>In Afro-Brazilian religions, the central theme of <a href=\"https:\/\/bit.ly\/3YgzHrm\" target=\"_blank\" rel=\"noopener\">Ax\u00e9<\/a> has a deeply spiritual significance and can be understood as &#8220;life force&#8221; and &#8220;living energy.&#8221; Xang\u00f4 is the name of the Orix\u00e1 [deity] of justice, who rules over thunder and lightning and carries a double-sided ax.<\/p>\n<p>Besides offering an afternoon of services and culture, and fostering important debates within the local community, the social action brought to light new ways of organizing in the fight against <a href=\"http:\/\/bit.ly\/3jGTKf0\" target=\"_blank\" rel=\"noopener\">religious racism<\/a>. The Pathways of Xang\u00f4 Social Action is leading the West Zone in offering new approaches to building a collective and organized movement in pursuit of access to basic rights and public policies for marginalized population and Afro-Brazilian religious communities.<\/p>\n<figure id=\"attachment_73657\" aria-describedby=\"caption-attachment-73657\" style=\"width: 2560px\" class=\"wp-caption aligncenter\"><a href=\"https:\/\/rioonwatch.org\/wp-content\/uploads\/2023\/01\/As-liderancas-religiosas-de-terreiros-a-assistente-social-do-CRAS-e-do-CREAS-e-tambem-representantes-da-Secretaria-da-Mulher-e-de-Diversidade-falando-a-comunidade.-Foto-Barbara-Dias-scaled-1.jpg\"><img loading=\"lazy\" decoding=\"async\" class=\"wp-image-73657 size-full\" title=\"Leaders from Afro-Brazilian religions, CRAS and CREAS social workers, and representatives from the Secretariats for Women and for Diversity talking with the community. Photo: B\u00e1rbara Dias\" src=\"https:\/\/rioonwatch.org\/wp-content\/uploads\/2023\/01\/As-liderancas-religiosas-de-terreiros-a-assistente-social-do-CRAS-e-do-CREAS-e-tambem-representantes-da-Secretaria-da-Mulher-e-de-Diversidade-falando-a-comunidade.-Foto-Barbara-Dias-scaled-1.jpg\" alt=\"\" width=\"2560\" height=\"1709\" srcset=\"https:\/\/rioonwatch.org\/wp-content\/uploads\/2023\/01\/As-liderancas-religiosas-de-terreiros-a-assistente-social-do-CRAS-e-do-CREAS-e-tambem-representantes-da-Secretaria-da-Mulher-e-de-Diversidade-falando-a-comunidade.-Foto-Barbara-Dias-scaled-1.jpg 2560w, https:\/\/rioonwatch.org\/wp-content\/uploads\/2023\/01\/As-liderancas-religiosas-de-terreiros-a-assistente-social-do-CRAS-e-do-CREAS-e-tambem-representantes-da-Secretaria-da-Mulher-e-de-Diversidade-falando-a-comunidade.-Foto-Barbara-Dias-scaled-1-620x414.jpg 620w, https:\/\/rioonwatch.org\/wp-content\/uploads\/2023\/01\/As-liderancas-religiosas-de-terreiros-a-assistente-social-do-CRAS-e-do-CREAS-e-tambem-representantes-da-Secretaria-da-Mulher-e-de-Diversidade-falando-a-comunidade.-Foto-Barbara-Dias-scaled-1-942x629.jpg 942w, https:\/\/rioonwatch.org\/wp-content\/uploads\/2023\/01\/As-liderancas-religiosas-de-terreiros-a-assistente-social-do-CRAS-e-do-CREAS-e-tambem-representantes-da-Secretaria-da-Mulher-e-de-Diversidade-falando-a-comunidade.-Foto-Barbara-Dias-scaled-1-768x513.jpg 768w\" sizes=\"(max-width: 2560px) 100vw, 2560px\" \/><\/a><figcaption id=\"caption-attachment-73657\" class=\"wp-caption-text\">Afro-Brazilian religious leaders, CRAS and CREAS social workers, and representatives from the Secretariats for Women and Diversity talk with the community. Photo: B\u00e1rbara Dias<\/figcaption><\/figure>\n<h3>Pathways of Xang\u00f4: The Ax of Justice in Black Territories<\/h3>\n<p>According to Iy\u00e1 [Candombl\u00e9 priestess] Katiuscia Lucas de Yemanj\u00e1, 39, from Il\u00ea Ax\u00e9 \u00d2b\u00e1 Lab\u00ed, one of the event&#8217;s leaders, the most important part of the action is contributing to the mobilization of Guaratiba&#8217;s Candombl\u00e9 temples\u2014the Il\u00eas Ax\u00e9s, as they are called in Yoruba. The region&#8217;s <a href=\"http:\/\/bit.ly\/1GeUJJE\" target=\"_blank\" rel=\"noopener\">Candombl\u00e9<\/a> temples are in the process of organizing their communities to <a href=\"https:\/\/bit.ly\/AntiracistRio\" target=\"_blank\" rel=\"noopener\">fight racism<\/a> and <a href=\"https:\/\/bit.ly\/3eEibvt\" target=\"_blank\" rel=\"noopener\">religious intolerance<\/a>. The social action was led by Babalorix\u00e1 [Candombl\u00e9 priest] Thiago de Xang\u00f4 and the event took one more step toward consolidating the <em><a href=\"http:\/\/bit.ly\/3Ve1OoO\" target=\"_blank\" rel=\"noopener\">Pathways of Xang\u00f4 Movement &#8211; Justice and Access to Rights in Black Ancestral Territories<\/a><\/em>.<\/p>\n<figure id=\"attachment_73659\" aria-describedby=\"caption-attachment-73659\" style=\"width: 2560px\" class=\"wp-caption aligncenter\"><a href=\"https:\/\/rioonwatch.org\/wp-content\/uploads\/2023\/01\/Iya-Katiuscia-de-Yemanja-Iya-Jacqueline-de-Oba-Iya-Luizinha-de-Nana-e-Iya-Marcia-de-Oxum-durante-fala-a-comunidade-no-lancamento-do-Movimento-Caminhos-de-Xango.-Foto-Barbara-Dias-scaled-1.jpg\"><img loading=\"lazy\" decoding=\"async\" class=\"wp-image-73659 size-full\" title=\"Iy\u00e1 Katiuscia de Yemanj\u00e1, Iy\u00e1 Jacqueline de \u00d2b\u00e1, Iy\u00e1 Luizinha de Nan\u00e3, and Iy\u00e1 M\u00e1rcia de Oxum, in conversation with the community at the launch of the Pathways of Xang\u00f4 Movement. Photo: B\u00e1rbara Dias\" src=\"https:\/\/rioonwatch.org\/wp-content\/uploads\/2023\/01\/Iya-Katiuscia-de-Yemanja-Iya-Jacqueline-de-Oba-Iya-Luizinha-de-Nana-e-Iya-Marcia-de-Oxum-durante-fala-a-comunidade-no-lancamento-do-Movimento-Caminhos-de-Xango.-Foto-Barbara-Dias-scaled-1.jpg\" alt=\"\" width=\"2560\" height=\"1709\" srcset=\"https:\/\/rioonwatch.org\/wp-content\/uploads\/2023\/01\/Iya-Katiuscia-de-Yemanja-Iya-Jacqueline-de-Oba-Iya-Luizinha-de-Nana-e-Iya-Marcia-de-Oxum-durante-fala-a-comunidade-no-lancamento-do-Movimento-Caminhos-de-Xango.-Foto-Barbara-Dias-scaled-1.jpg 2560w, https:\/\/rioonwatch.org\/wp-content\/uploads\/2023\/01\/Iya-Katiuscia-de-Yemanja-Iya-Jacqueline-de-Oba-Iya-Luizinha-de-Nana-e-Iya-Marcia-de-Oxum-durante-fala-a-comunidade-no-lancamento-do-Movimento-Caminhos-de-Xango.-Foto-Barbara-Dias-scaled-1-620x414.jpg 620w, https:\/\/rioonwatch.org\/wp-content\/uploads\/2023\/01\/Iya-Katiuscia-de-Yemanja-Iya-Jacqueline-de-Oba-Iya-Luizinha-de-Nana-e-Iya-Marcia-de-Oxum-durante-fala-a-comunidade-no-lancamento-do-Movimento-Caminhos-de-Xango.-Foto-Barbara-Dias-scaled-1-942x629.jpg 942w, https:\/\/rioonwatch.org\/wp-content\/uploads\/2023\/01\/Iya-Katiuscia-de-Yemanja-Iya-Jacqueline-de-Oba-Iya-Luizinha-de-Nana-e-Iya-Marcia-de-Oxum-durante-fala-a-comunidade-no-lancamento-do-Movimento-Caminhos-de-Xango.-Foto-Barbara-Dias-scaled-1-768x513.jpg 768w\" sizes=\"(max-width: 2560px) 100vw, 2560px\" \/><\/a><figcaption id=\"caption-attachment-73659\" class=\"wp-caption-text\">Iy\u00e1 Katiuscia de Yemanj\u00e1, Iy\u00e1 Jacqueline de \u00d2b\u00e1, Iy\u00e1 Luizinha de Nan\u00e3, and Iy\u00e1 M\u00e1rcia de Oxum at the launch of the Pathways of Xang\u00f4 Movement. Photo: B\u00e1rbara Dias<\/figcaption><\/figure>\n<p>The idea behind the movement is to reduce, as much as possible, the distance between public policies and Brazilian territories of African ancestry, showing them as places that promote community rights and the fight against <a href=\"http:\/\/bit.ly\/2WKCqc5\" target=\"_blank\" rel=\"noopener\">racism<\/a>. The movement also takes a pedagogical stance, empowering those who practice religions with African roots, marginalized, Black, and favela populations. The main purpose of the movement is to demand and influence public institutions to guarantee these populations access to basic constitutional rights.<\/p>\n<figure id=\"attachment_73660\" aria-describedby=\"caption-attachment-73660\" style=\"width: 2560px\" class=\"wp-caption aligncenter\"><a href=\"https:\/\/rioonwatch.org\/wp-content\/uploads\/2023\/01\/Iya-Katiuscia-de-Yemanja-e-Baba-Thiago-de-Xango-do-Ile-Axe-Oba-Labi-apresentam-a-comunidade-o-Movimento-Caminhos-de-Xango.-Foto-Barbara-Dias-scaled-1.jpg\"><img loading=\"lazy\" decoding=\"async\" class=\"wp-image-73660 size-full\" title=\"Iy\u00e1 Katiuscia de Yemanj\u00e1 and Bab\u00e1 Thiago de Xang\u00f4 from the Il\u00ea Ax\u00e9 \u00d2b\u00e1 Lab\u00ed present the Pathways of Xang\u00f4 Movement to the community. Photo: B\u00e1rbara Dias\" src=\"https:\/\/rioonwatch.org\/wp-content\/uploads\/2023\/01\/Iya-Katiuscia-de-Yemanja-e-Baba-Thiago-de-Xango-do-Ile-Axe-Oba-Labi-apresentam-a-comunidade-o-Movimento-Caminhos-de-Xango.-Foto-Barbara-Dias-scaled-1.jpg\" alt=\"\" width=\"2560\" height=\"1709\" srcset=\"https:\/\/rioonwatch.org\/wp-content\/uploads\/2023\/01\/Iya-Katiuscia-de-Yemanja-e-Baba-Thiago-de-Xango-do-Ile-Axe-Oba-Labi-apresentam-a-comunidade-o-Movimento-Caminhos-de-Xango.-Foto-Barbara-Dias-scaled-1.jpg 2560w, https:\/\/rioonwatch.org\/wp-content\/uploads\/2023\/01\/Iya-Katiuscia-de-Yemanja-e-Baba-Thiago-de-Xango-do-Ile-Axe-Oba-Labi-apresentam-a-comunidade-o-Movimento-Caminhos-de-Xango.-Foto-Barbara-Dias-scaled-1-620x414.jpg 620w, https:\/\/rioonwatch.org\/wp-content\/uploads\/2023\/01\/Iya-Katiuscia-de-Yemanja-e-Baba-Thiago-de-Xango-do-Ile-Axe-Oba-Labi-apresentam-a-comunidade-o-Movimento-Caminhos-de-Xango.-Foto-Barbara-Dias-scaled-1-942x629.jpg 942w, https:\/\/rioonwatch.org\/wp-content\/uploads\/2023\/01\/Iya-Katiuscia-de-Yemanja-e-Baba-Thiago-de-Xango-do-Ile-Axe-Oba-Labi-apresentam-a-comunidade-o-Movimento-Caminhos-de-Xango.-Foto-Barbara-Dias-scaled-1-768x513.jpg 768w\" sizes=\"(max-width: 2560px) 100vw, 2560px\" \/><\/a><figcaption id=\"caption-attachment-73660\" class=\"wp-caption-text\">Iy\u00e1 Katiuscia de Yemanj\u00e1 and Bab\u00e1 Thiago de Xang\u00f4 from the Il\u00ea Ax\u00e9 \u00d2b\u00e1 Lab\u00ed present the Pathways of Xang\u00f4 Movement to the community. Photo: B\u00e1rbara Dias<\/figcaption><\/figure>\n<blockquote><p>\u201cWe are fostering a number of partnerships with governmental institutions within a territory as a means of making this territory visible, and so that the Candombl\u00e9 houses and <em>terreiros<\/em> [places of worship] are legitimized as spaces for the delivery of public services and the promotion of access to rights. Just as other institutions can receive public services from the State, we are in this fight against religious intolerance, so it\u2019s an agenda that stems from the racial issue, from religious intolerance, racism, and religious racism. We work in several areas, which, for example, aren\u2019t restricted to the issues of religion and race. We also understand that this territory is a territory of remembrance and of protecting ancestral memory.&#8221; \u2014 Iy\u00e1 Katiuscia de Yemanj\u00e1<\/p><\/blockquote>\n<p>Efforts to organize the places of worship of Afro-Brazilian in Guaratiba\u00a0have been gathering strength and legitimacy. The day before the event, Il\u00ea Ax\u00e9 \u00d2b\u00e1 Lab\u00ed also hosted a meeting of the Center for the Defense of Children and Adolescents in Guaratiba (<a href=\"http:\/\/bit.ly\/3BJt9rW\" target=\"_blank\" rel=\"noopener\">NUDECA<\/a>). The NUDECA network addresses the protection of children and teens and meets in spaces and institutions in the neighborhood that have a specific mission to work with children and youth. The coming together of the Il\u00eas and this network is seen as a big step forward for Afro-Brazilian religions<em>,<\/em> which have always been overlooked in local public policy-making and planning.<\/p>\n<h3>&#8220;CRAS do Ax\u00e9&#8221;: A Local Collaboration between Candombl\u00e9 Places of Worship and Social Service Providers<\/h3>\n<p><span style=\"font-weight: 400;\">The Pathways of Xang\u00f4 event also featured the local Social Assistance Reference Center&#8217;s Candombl\u00e9 outreach wing, known as &#8220;CRAS do Ax\u00e9&#8221; and its matriarchs: Iy\u00e1 Katiuscia de Yemanj\u00e1, Iy\u00e1 Luizinha de Nan\u00e3, Iy\u00e1 Jacqueline de \u00d2b\u00e1, and Iy\u00e1 M\u00e1rcia de Oxum. The <em>CRAS do Ax\u00e9<\/em> was created in response to the recognized need for an open dialogue between the local Social Assistance Reference Center (CRAS) and the area&#8217;s Afro-Brazilian religious leaders, at the invitation of Andr\u00e9ia Lima, a social worker and CRAS coordinator. Lima realized that the Guaratiba region is a place with several Candombl\u00e9 houses of worship and that the CRAS lacked data on them and public policies aimed at supporting followers of Afro-Brazilian religions. So she began approaching the Afro-Brazilian places of worship.<\/span><\/p>\n<figure id=\"attachment_73662\" aria-describedby=\"caption-attachment-73662\" style=\"width: 2560px\" class=\"wp-caption aligncenter\"><a href=\"https:\/\/rioonwatch.org\/wp-content\/uploads\/2023\/01\/Equipe-do-CRAS-e-CREAS-de-Guaratiba-Andreia-Lima-ao-centro-junto-a-Iya-Katiuscia-de-Yemanja.-Foto-Barbara-Dias-scaled-1.jpg\"><img loading=\"lazy\" decoding=\"async\" class=\"wp-image-73662 size-full\" title=\"Team from the Guaratiba CRAS and CREAS. Social worker and CRAS coordinator Andr\u00e9ia Lima in the center with Iy\u00e1 Katiuscia de Yemanj\u00e1. Photo: B\u00e1rbara Dias\" src=\"https:\/\/rioonwatch.org\/wp-content\/uploads\/2023\/01\/Equipe-do-CRAS-e-CREAS-de-Guaratiba-Andreia-Lima-ao-centro-junto-a-Iya-Katiuscia-de-Yemanja.-Foto-Barbara-Dias-scaled-1.jpg\" alt=\"\" width=\"2560\" height=\"1709\" srcset=\"https:\/\/rioonwatch.org\/wp-content\/uploads\/2023\/01\/Equipe-do-CRAS-e-CREAS-de-Guaratiba-Andreia-Lima-ao-centro-junto-a-Iya-Katiuscia-de-Yemanja.-Foto-Barbara-Dias-scaled-1.jpg 2560w, https:\/\/rioonwatch.org\/wp-content\/uploads\/2023\/01\/Equipe-do-CRAS-e-CREAS-de-Guaratiba-Andreia-Lima-ao-centro-junto-a-Iya-Katiuscia-de-Yemanja.-Foto-Barbara-Dias-scaled-1-620x414.jpg 620w, https:\/\/rioonwatch.org\/wp-content\/uploads\/2023\/01\/Equipe-do-CRAS-e-CREAS-de-Guaratiba-Andreia-Lima-ao-centro-junto-a-Iya-Katiuscia-de-Yemanja.-Foto-Barbara-Dias-scaled-1-942x629.jpg 942w, https:\/\/rioonwatch.org\/wp-content\/uploads\/2023\/01\/Equipe-do-CRAS-e-CREAS-de-Guaratiba-Andreia-Lima-ao-centro-junto-a-Iya-Katiuscia-de-Yemanja.-Foto-Barbara-Dias-scaled-1-768x513.jpg 768w\" sizes=\"(max-width: 2560px) 100vw, 2560px\" \/><\/a><figcaption id=\"caption-attachment-73662\" class=\"wp-caption-text\">Team from the Guaratiba CRAS and CREAS. Social worker and CRAS coordinator Andr\u00e9ia Lima in the center with Iy\u00e1 Katiuscia de Yemanj\u00e1. Photo: B\u00e1rbara Dias<\/figcaption><\/figure>\n<p>Andr\u00e9ia Lima, 43, a social worker and coordinator of the <a href=\"https:\/\/bit.ly\/3FNEet9\" target=\"_blank\" rel=\"noopener\">Maria Vieira Bazani CRAS<\/a> in Guaratiba, explained the ways in which social assistance works in the area, especially in relation to the neighborhood&#8217;s Afro-Brazilian places of worship.<\/p>\n<blockquote><p>\u201cAll the areas of assistance have a network [built] with public, private, and religious institutions as well as social movements. The role of [social] services is to get to know the region, its institutions and its services. When I came here [to Guaratiba], I realized that there wasn\u2019t a single <em>terreiro <\/em>listed as a CRAS partner. I know spiritual leader M\u00e1rcio de Jagun, who is the executive coordinator for Religious Diversity in Rio, and we had a meeting. Our first task was to register the <em>terreiros<\/em> in the region and, from then on, they have been participating in the NUDECA network (Center for the Defense of Children and Adolescents) in Guaratiba and have been carrying out other initiatives together with the CREAS, the Regional Office, and the sub-mayor&#8217;s office. The role of CRAS is to understand what the <em>terreiros<\/em> do, we understand this territory because of the <em>terreiros<\/em>. That is our role, which must be done in any CRAS.\u201d \u2014 Andr\u00e9ia Lima<\/p><\/blockquote>\n<p>Iy\u00e1 Katiuscia de Yemanj\u00e1 described how the fight for public policies that guarantee the protection of devotees of Afro-Brazilian religions is daily and carried out at ground level in the Candombl\u00e9 places of worship. And that this demand from Afro-Brazilian religions in the region led to several leaders getting organized so that, collectively, they could be strengthened in the fight against the attacks they have frequently suffered. The Il\u00ea Ax\u00e9 \u00d2b\u00e1 Lab\u00ed <em>terreiro<\/em>, for example, had bombs thrown inside and M\u00e3e Luizinha de Nan\u00e3&#8217;s house suffered an <a href=\"https:\/\/bit.ly\/3soECZg\" target=\"_blank\" rel=\"noopener\">attack on theif Garden of Sacred Herbs<\/a>, which was burned during the night.<\/p>\n<blockquote><p>\u201cWe got our houses organized and had a meeting with Andr\u00e9ia from the Guaratiba CRAS since she requested [to speak to] a few representatives from Candombl\u00e9 houses of worship because she wanted to understand why a territory with so many such houses was completely invisible to the authorities. For example, the CRAS has churches and other Christian organizations as partners, but not a single <em>terreiro<\/em>. When we got there, we created the <em>CRAS do Ax\u00e9<\/em>, which was specifically aimed at supporting the <em>terreiros<\/em> in the region.&#8221; \u2014 Iy\u00e1 Katiuscia de Yemanj\u00e1<\/p><\/blockquote>\n<figure id=\"attachment_73663\" aria-describedby=\"caption-attachment-73663\" style=\"width: 2560px\" class=\"wp-caption aligncenter\"><a href=\"https:\/\/rioonwatch.org\/wp-content\/uploads\/2023\/01\/Iya-Luizinha-de-Nana-participa-de-oficina-de-trancas-durante-a-Acao-Social-Caminhos-de-Xango.-Foto-Barbara-Dias-scaled-1.jpg\"><img loading=\"lazy\" decoding=\"async\" class=\"wp-image-73663 size-full\" title=\"Iy\u00e1 Luizinha de Nan\u00e3 participates in a braiding workshop during the Pathways of Xang\u00f4 Social Action event. Photo: B\u00e1rbara Dias\" src=\"https:\/\/rioonwatch.org\/wp-content\/uploads\/2023\/01\/Iya-Luizinha-de-Nana-participa-de-oficina-de-trancas-durante-a-Acao-Social-Caminhos-de-Xango.-Foto-Barbara-Dias-scaled-1.jpg\" alt=\"\" width=\"2560\" height=\"1709\" srcset=\"https:\/\/rioonwatch.org\/wp-content\/uploads\/2023\/01\/Iya-Luizinha-de-Nana-participa-de-oficina-de-trancas-durante-a-Acao-Social-Caminhos-de-Xango.-Foto-Barbara-Dias-scaled-1.jpg 2560w, https:\/\/rioonwatch.org\/wp-content\/uploads\/2023\/01\/Iya-Luizinha-de-Nana-participa-de-oficina-de-trancas-durante-a-Acao-Social-Caminhos-de-Xango.-Foto-Barbara-Dias-scaled-1-620x414.jpg 620w, https:\/\/rioonwatch.org\/wp-content\/uploads\/2023\/01\/Iya-Luizinha-de-Nana-participa-de-oficina-de-trancas-durante-a-Acao-Social-Caminhos-de-Xango.-Foto-Barbara-Dias-scaled-1-942x629.jpg 942w, https:\/\/rioonwatch.org\/wp-content\/uploads\/2023\/01\/Iya-Luizinha-de-Nana-participa-de-oficina-de-trancas-durante-a-Acao-Social-Caminhos-de-Xango.-Foto-Barbara-Dias-scaled-1-768x513.jpg 768w\" sizes=\"(max-width: 2560px) 100vw, 2560px\" \/><\/a><figcaption id=\"caption-attachment-73663\" class=\"wp-caption-text\">Iy\u00e1 Luizinha de Nan\u00e3 participates in a braiding workshop during the Pathways of Xang\u00f4 Social Action event. Photo: B\u00e1rbara Dias<\/figcaption><\/figure>\n<p>Iy\u00e1 Luizinha de Nan\u00e3, 62, from Casa de Nan\u00e3, one of the matriarchs who is part of the<em> CRAS do Ax\u00e9<\/em>, showed her concern for the change in management of the CRAS, which was scheduled for December 2022.<\/p>\n<blockquote><p>\u201cThe <em>CRAS do Ax\u00e9<\/em> is important because it brought together several leaders from Afro-Brazilian religions, making demands, presenting all of our problems in a single place, making communication with the City much more balanced. The <em>CRAS do Ax\u00e9<\/em> has been very good, and this is precisely what we don&#8217;t want to lose&#8230; If another coordinator comes in, we don&#8217;t know what their stance will be, what they will do, how they will handle this issue of violence and acts of religious racism that we have in the region. That&#8217;s why we are here, before Andr\u00e9ia leaves&#8230; We are already speaking about this with the City so that it doesn&#8217;t take away this channel of communication we have, and so this dialogue doesn&#8217;t stop.&#8221; \u2014 Iy\u00e1 Luizinha de Nan\u00e3<\/p><\/blockquote>\n<p>The <em>CRAS do Ax\u00e9<\/em> is a pioneering experiment and one of great importance not only for Guaratiba but as an example for the entire city. However, it is still in its early stages and, if a coordinator that is not sensitive to the cause of the Candombl\u00e9 houses of worship in the region takes over,\u00a0 those involved fear all this effort to open up a dialogue with leaders of Afro-Brazilian religions in the territory could be reversed. The hope is that channels of communication between the Guaratiba CRAS and the <em>CRAS do Ax\u00e9<\/em> remain open. If it depends on the local followers of Afro-Brazilian religions staying organized, that won&#8217;t be a hurdle: there is no room for retreat when it comes to the struggle for rights.<\/p>\n<h3><em>Little Stones <\/em>Photography Exhibition<\/h3>\n<figure id=\"attachment_73674\" aria-describedby=\"caption-attachment-73674\" style=\"width: 2560px\" class=\"wp-caption aligncenter\"><a href=\"https:\/\/rioonwatch.org\/wp-content\/uploads\/2023\/02\/Exposicao-Pedrinhas-Miudinhas-da-fotografa-Clara-Nascimento-sendo-vista-pela-Iya-Jacqueline-de-Oba.-Foto-Barbara-Dias-scaled-1.jpg\"><img loading=\"lazy\" decoding=\"async\" class=\"wp-image-73674 size-full\" title=\"The Pedrinhas Miudinhas exhibition by photographer Clara Nascimento, being viewed by Iy\u00e1 Jacqueline de \u00d2b\u00e1. Photo: B\u00e1rbara Dias\" src=\"https:\/\/rioonwatch.org\/wp-content\/uploads\/2023\/02\/Exposicao-Pedrinhas-Miudinhas-da-fotografa-Clara-Nascimento-sendo-vista-pela-Iya-Jacqueline-de-Oba.-Foto-Barbara-Dias-scaled-1.jpg\" alt=\"\" width=\"2560\" height=\"1709\" srcset=\"https:\/\/rioonwatch.org\/wp-content\/uploads\/2023\/02\/Exposicao-Pedrinhas-Miudinhas-da-fotografa-Clara-Nascimento-sendo-vista-pela-Iya-Jacqueline-de-Oba.-Foto-Barbara-Dias-scaled-1.jpg 2560w, https:\/\/rioonwatch.org\/wp-content\/uploads\/2023\/02\/Exposicao-Pedrinhas-Miudinhas-da-fotografa-Clara-Nascimento-sendo-vista-pela-Iya-Jacqueline-de-Oba.-Foto-Barbara-Dias-scaled-1-620x414.jpg 620w, https:\/\/rioonwatch.org\/wp-content\/uploads\/2023\/02\/Exposicao-Pedrinhas-Miudinhas-da-fotografa-Clara-Nascimento-sendo-vista-pela-Iya-Jacqueline-de-Oba.-Foto-Barbara-Dias-scaled-1-942x629.jpg 942w, https:\/\/rioonwatch.org\/wp-content\/uploads\/2023\/02\/Exposicao-Pedrinhas-Miudinhas-da-fotografa-Clara-Nascimento-sendo-vista-pela-Iya-Jacqueline-de-Oba.-Foto-Barbara-Dias-scaled-1-768x513.jpg 768w\" sizes=\"(max-width: 2560px) 100vw, 2560px\" \/><\/a><figcaption id=\"caption-attachment-73674\" class=\"wp-caption-text\">The <em>Pedrinhas Miudinhas<\/em> (&#8220;Little Stones&#8221;) exhibition by photographer Clara Nascimento being viewed by Iy\u00e1 Jacqueline de \u00d2b\u00e1. Photo: B\u00e1rbara Dias<\/figcaption><\/figure>\n<p>The exhibition <em>Pedrinhas Miudinhas <\/em>(Little Stones) by photographer Clara Nascimento, 27, showed the artist&#8217;s work in Afro-Brazilian places of worship. The exhibition, which was held in the hall of the Il\u00ea Ax\u00e9 \u00d2b\u00e1 Lab\u00ed, was dedicated to children raised in the Candombl\u00e9 tradition.<\/p>\n<blockquote><p>\u201cMy main work is documentary photography in Afro-Brazilian places of worship and I\u2019m on my second exhibition which is called Little Stones. I\u2019ve already had an exhibition at the Rio Museum of Art through an artist residency at the Play Festival. Here in the <em>terreiro<\/em>, it [the exhibition] is being presented in a different format, with eight more photos and a different montage with another type of stand designed by Ekedji Angorense and Iy\u00e1 Katiuscia, with elements and material from the <em>terreiro<\/em>, decorated with Oj\u00e1s (fabrics) which are very characteristic of <em>terreiros<\/em>, and herbs. And having it within the confines of a <em>terreiro<\/em> makes me happy since I too was an Ax\u00e9 kid, born and raised within a <em>terreiro<\/em>. My grandmother has an Umbanda <em>terreiro<\/em> here in Guaratiba as well.\u201d \u2014 Clara Nascimento<\/p><\/blockquote>\n<figure id=\"attachment_73675\" aria-describedby=\"caption-attachment-73675\" style=\"width: 2560px\" class=\"wp-caption aligncenter\"><a href=\"https:\/\/rioonwatch.org\/wp-content\/uploads\/2023\/02\/A-fotografa-Clara-Nascimento-posa-em-frente-a-suas-fotos-preferidas-da-exposicao-Pedrinhas-Miudinhas.-Foto-Barbara-Dias-scaled-1.jpg\"><img loading=\"lazy\" decoding=\"async\" class=\"wp-image-73675 size-full\" title=\"Photographer Clara Nascimento poses with her favorite photos from the Pedrinhas Miudinhas exhibition. Photo: B\u00e1rbara Dias\" src=\"https:\/\/rioonwatch.org\/wp-content\/uploads\/2023\/02\/A-fotografa-Clara-Nascimento-posa-em-frente-a-suas-fotos-preferidas-da-exposicao-Pedrinhas-Miudinhas.-Foto-Barbara-Dias-scaled-1.jpg\" alt=\"\" width=\"2560\" height=\"1709\" srcset=\"https:\/\/rioonwatch.org\/wp-content\/uploads\/2023\/02\/A-fotografa-Clara-Nascimento-posa-em-frente-a-suas-fotos-preferidas-da-exposicao-Pedrinhas-Miudinhas.-Foto-Barbara-Dias-scaled-1.jpg 2560w, https:\/\/rioonwatch.org\/wp-content\/uploads\/2023\/02\/A-fotografa-Clara-Nascimento-posa-em-frente-a-suas-fotos-preferidas-da-exposicao-Pedrinhas-Miudinhas.-Foto-Barbara-Dias-scaled-1-620x414.jpg 620w, https:\/\/rioonwatch.org\/wp-content\/uploads\/2023\/02\/A-fotografa-Clara-Nascimento-posa-em-frente-a-suas-fotos-preferidas-da-exposicao-Pedrinhas-Miudinhas.-Foto-Barbara-Dias-scaled-1-942x629.jpg 942w, https:\/\/rioonwatch.org\/wp-content\/uploads\/2023\/02\/A-fotografa-Clara-Nascimento-posa-em-frente-a-suas-fotos-preferidas-da-exposicao-Pedrinhas-Miudinhas.-Foto-Barbara-Dias-scaled-1-768x513.jpg 768w\" sizes=\"(max-width: 2560px) 100vw, 2560px\" \/><\/a><figcaption id=\"caption-attachment-73675\" class=\"wp-caption-text\">Photographer Clara Nascimento poses with her favorite photos from the <em>Pedrinhas Miudinhas<\/em> exhibition. Photo: B\u00e1rbara Dias<\/figcaption><\/figure>\n<h3>For a Future Drawing on Ancestors<\/h3>\n<p>The <em>CRAS do Ax\u00e9<\/em>, the Pathways of Xang\u00f4 Movement, the Garden of Sacred Herbs, and the participation of Afro-Brazilian religious institutions in the NUDECA network are some of the many initiatives for organizing and resistance in Guaratiba. It is increasingly evident that adopting the strategies of quilombo movements [traditional Afro-Brazilian communities formed in resistance to slavery] is the only alternative for followers of Afro-Brazilian religions. Collectivity is the response so as not to succumb to the lack of public policies, the lack of guaranteed rights, and the attacks of religious racism directed at the Ax\u00e9 people.<\/p>\n<p>The <em>CRAS\u00a0 do Ax\u00e9<\/em> group, represented by the four religious matriarchs, is planning a lot of movement and innovation in 2023, with the launch of more anti-racist actions and in defense of religious freedom in the region.<\/p>\n<h3>See more photos from the <em>Pathways of <\/em><em>Xang\u00f4 Social Action:<\/em><\/h3>\n<figure id=\"attachment_73676\" aria-describedby=\"caption-attachment-73676\" style=\"width: 2560px\" class=\"wp-caption aligncenter\"><a href=\"https:\/\/rioonwatch.org\/wp-content\/uploads\/2023\/02\/Participantes-da-Acao-Social-Caminhos-de-Xango-assistem-a-abertura-do-evento.-Foto-Barbara-Dias-scaled-1.jpg\"><img loading=\"lazy\" decoding=\"async\" class=\"wp-image-73676 size-full\" title=\"Participants from the Pathways of Xang\u00f4 Social Action attend the event opening. Photo: B\u00e1rbara Dias\" src=\"https:\/\/rioonwatch.org\/wp-content\/uploads\/2023\/02\/Participantes-da-Acao-Social-Caminhos-de-Xango-assistem-a-abertura-do-evento.-Foto-Barbara-Dias-scaled-1.jpg\" alt=\"\" width=\"2560\" height=\"1709\" srcset=\"https:\/\/rioonwatch.org\/wp-content\/uploads\/2023\/02\/Participantes-da-Acao-Social-Caminhos-de-Xango-assistem-a-abertura-do-evento.-Foto-Barbara-Dias-scaled-1.jpg 2560w, https:\/\/rioonwatch.org\/wp-content\/uploads\/2023\/02\/Participantes-da-Acao-Social-Caminhos-de-Xango-assistem-a-abertura-do-evento.-Foto-Barbara-Dias-scaled-1-620x414.jpg 620w, https:\/\/rioonwatch.org\/wp-content\/uploads\/2023\/02\/Participantes-da-Acao-Social-Caminhos-de-Xango-assistem-a-abertura-do-evento.-Foto-Barbara-Dias-scaled-1-942x629.jpg 942w, https:\/\/rioonwatch.org\/wp-content\/uploads\/2023\/02\/Participantes-da-Acao-Social-Caminhos-de-Xango-assistem-a-abertura-do-evento.-Foto-Barbara-Dias-scaled-1-768x513.jpg 768w\" sizes=\"(max-width: 2560px) 100vw, 2560px\" \/><\/a><figcaption id=\"caption-attachment-73676\" class=\"wp-caption-text\">Participants from the Xang\u00f4 Pathways Social Action attend the event opening. Photo: B\u00e1rbara Dias<\/figcaption><\/figure>\n<figure id=\"attachment_73677\" aria-describedby=\"caption-attachment-73677\" style=\"width: 2560px\" class=\"wp-caption aligncenter\"><a href=\"https:\/\/rioonwatch.org\/wp-content\/uploads\/2023\/02\/Pessoas-participam-da-tenda-da-CEDAE-durante-a-realizacao-do-evento.-Foto-Barbara-Dias-scaled-1.jpg\"><img loading=\"lazy\" decoding=\"async\" class=\"wp-image-73677 size-full\" title=\"People enter the CEDAE tent during the event. Photo: B\u00e1rbara Dias\" src=\"https:\/\/rioonwatch.org\/wp-content\/uploads\/2023\/02\/Pessoas-participam-da-tenda-da-CEDAE-durante-a-realizacao-do-evento.-Foto-Barbara-Dias-scaled-1.jpg\" alt=\"\" width=\"2560\" height=\"1709\" srcset=\"https:\/\/rioonwatch.org\/wp-content\/uploads\/2023\/02\/Pessoas-participam-da-tenda-da-CEDAE-durante-a-realizacao-do-evento.-Foto-Barbara-Dias-scaled-1.jpg 2560w, https:\/\/rioonwatch.org\/wp-content\/uploads\/2023\/02\/Pessoas-participam-da-tenda-da-CEDAE-durante-a-realizacao-do-evento.-Foto-Barbara-Dias-scaled-1-620x414.jpg 620w, https:\/\/rioonwatch.org\/wp-content\/uploads\/2023\/02\/Pessoas-participam-da-tenda-da-CEDAE-durante-a-realizacao-do-evento.-Foto-Barbara-Dias-scaled-1-942x629.jpg 942w, https:\/\/rioonwatch.org\/wp-content\/uploads\/2023\/02\/Pessoas-participam-da-tenda-da-CEDAE-durante-a-realizacao-do-evento.-Foto-Barbara-Dias-scaled-1-768x513.jpg 768w\" sizes=\"(max-width: 2560px) 100vw, 2560px\" \/><\/a><figcaption id=\"caption-attachment-73677\" class=\"wp-caption-text\">People enter the CEDAE tent during the event. Photo: B\u00e1rbara Dias<\/figcaption><\/figure>\n<figure id=\"attachment_73678\" aria-describedby=\"caption-attachment-73678\" style=\"width: 2560px\" class=\"wp-caption aligncenter\"><a href=\"https:\/\/rioonwatch.org\/wp-content\/uploads\/2023\/02\/A-Equipe-da-Clinica-da-Familia-esteve-presente-durante-a-Acao-Social-no-Ile-Axe-Oba-Labi.-Foto-Barbara-Dias-scaled-1.jpg\"><img loading=\"lazy\" decoding=\"async\" class=\"wp-image-73678 size-full\" title=\"The Family Health Clinic team was present during the Social Action at Il\u00ea Ax\u00e9 \u00d2b\u00e1 Lab\u00ed. Photo: B\u00e1rbara Dias\" src=\"https:\/\/rioonwatch.org\/wp-content\/uploads\/2023\/02\/A-Equipe-da-Clinica-da-Familia-esteve-presente-durante-a-Acao-Social-no-Ile-Axe-Oba-Labi.-Foto-Barbara-Dias-scaled-1.jpg\" alt=\"\" width=\"2560\" height=\"1709\" srcset=\"https:\/\/rioonwatch.org\/wp-content\/uploads\/2023\/02\/A-Equipe-da-Clinica-da-Familia-esteve-presente-durante-a-Acao-Social-no-Ile-Axe-Oba-Labi.-Foto-Barbara-Dias-scaled-1.jpg 2560w, https:\/\/rioonwatch.org\/wp-content\/uploads\/2023\/02\/A-Equipe-da-Clinica-da-Familia-esteve-presente-durante-a-Acao-Social-no-Ile-Axe-Oba-Labi.-Foto-Barbara-Dias-scaled-1-620x414.jpg 620w, https:\/\/rioonwatch.org\/wp-content\/uploads\/2023\/02\/A-Equipe-da-Clinica-da-Familia-esteve-presente-durante-a-Acao-Social-no-Ile-Axe-Oba-Labi.-Foto-Barbara-Dias-scaled-1-942x629.jpg 942w, https:\/\/rioonwatch.org\/wp-content\/uploads\/2023\/02\/A-Equipe-da-Clinica-da-Familia-esteve-presente-durante-a-Acao-Social-no-Ile-Axe-Oba-Labi.-Foto-Barbara-Dias-scaled-1-768x513.jpg 768w\" sizes=\"(max-width: 2560px) 100vw, 2560px\" \/><\/a><figcaption id=\"caption-attachment-73678\" class=\"wp-caption-text\">The Family Health Clinic team was present during the Social Action at Il\u00ea Ax\u00e9 \u00d2b\u00e1 Lab\u00ed. Photo: B\u00e1rbara Dias<\/figcaption><\/figure>\n<figure id=\"attachment_73679\" aria-describedby=\"caption-attachment-73679\" style=\"width: 2560px\" class=\"wp-caption aligncenter\"><a href=\"https:\/\/rioonwatch.org\/wp-content\/uploads\/2023\/02\/Comunidade-do-Ile-Axe-Oba-Labi-matriarcas-do-CRAS-de-Axe-e-demais-convidados-do-evento-posam-para-a-foto-ao-final-das-atividades-realizadas.-Foto-Barbara-Dias-scaled-1.jpg\"><img loading=\"lazy\" decoding=\"async\" class=\"wp-image-73679 size-full\" title=\"The Il\u00ea Ax\u00e9 \u00d2b\u00e1 Lab\u00ed community, matriarchs from the Ax\u00e9 CRAS, and other guests at the event pose for a photo at the end of the activities. Photo: B\u00e1rbara Dias\" src=\"https:\/\/rioonwatch.org\/wp-content\/uploads\/2023\/02\/Comunidade-do-Ile-Axe-Oba-Labi-matriarcas-do-CRAS-de-Axe-e-demais-convidados-do-evento-posam-para-a-foto-ao-final-das-atividades-realizadas.-Foto-Barbara-Dias-scaled-1.jpg\" alt=\"\" width=\"2560\" height=\"1709\" srcset=\"https:\/\/rioonwatch.org\/wp-content\/uploads\/2023\/02\/Comunidade-do-Ile-Axe-Oba-Labi-matriarcas-do-CRAS-de-Axe-e-demais-convidados-do-evento-posam-para-a-foto-ao-final-das-atividades-realizadas.-Foto-Barbara-Dias-scaled-1.jpg 2560w, https:\/\/rioonwatch.org\/wp-content\/uploads\/2023\/02\/Comunidade-do-Ile-Axe-Oba-Labi-matriarcas-do-CRAS-de-Axe-e-demais-convidados-do-evento-posam-para-a-foto-ao-final-das-atividades-realizadas.-Foto-Barbara-Dias-scaled-1-620x414.jpg 620w, https:\/\/rioonwatch.org\/wp-content\/uploads\/2023\/02\/Comunidade-do-Ile-Axe-Oba-Labi-matriarcas-do-CRAS-de-Axe-e-demais-convidados-do-evento-posam-para-a-foto-ao-final-das-atividades-realizadas.-Foto-Barbara-Dias-scaled-1-942x629.jpg 942w, https:\/\/rioonwatch.org\/wp-content\/uploads\/2023\/02\/Comunidade-do-Ile-Axe-Oba-Labi-matriarcas-do-CRAS-de-Axe-e-demais-convidados-do-evento-posam-para-a-foto-ao-final-das-atividades-realizadas.-Foto-Barbara-Dias-scaled-1-768x513.jpg 768w\" sizes=\"(max-width: 2560px) 100vw, 2560px\" \/><\/a><figcaption id=\"caption-attachment-73679\" class=\"wp-caption-text\">The Il\u00ea Ax\u00e9 \u00d2b\u00e1 Lab\u00ed community, matriarchs from the <em>CRAS do Ax\u00e9<\/em>, and other guests at the event pose for a photo at the end of the activities. Photo: B\u00e1rbara Dias<\/figcaption><\/figure>\n<figure id=\"attachment_73680\" aria-describedby=\"caption-attachment-73680\" style=\"width: 2560px\" class=\"wp-caption aligncenter\"><a href=\"https:\/\/rioonwatch.org\/wp-content\/uploads\/2023\/02\/Iya-Katiuscia-de-Yemanja-e-Baba-Thiago-de-Xango-em-frente-ao-Ile-Axe-Oba-Labi-onde-se-pode-ler-uma-placa-que-alerta-que-a-Intolerancia-Religiosa-e-Crime.-Foto-Barbara-Dias-scaled-1.jpg\"><img loading=\"lazy\" decoding=\"async\" class=\"wp-image-73680 size-full\" title=\"Iy\u00e1 Katiuscia de Yemanj\u00e1 and Bab\u00e1 Thiago de Xang\u00f4 in front of Il\u00ea Ax\u00e9 \u00d2b\u00e1 Lab\u00ed, where there is a sign warning that religious intolerance is a crime. Photo: B\u00e1rbara Dias\" src=\"https:\/\/rioonwatch.org\/wp-content\/uploads\/2023\/02\/Iya-Katiuscia-de-Yemanja-e-Baba-Thiago-de-Xango-em-frente-ao-Ile-Axe-Oba-Labi-onde-se-pode-ler-uma-placa-que-alerta-que-a-Intolerancia-Religiosa-e-Crime.-Foto-Barbara-Dias-scaled-1.jpg\" alt=\"\" width=\"2560\" height=\"1709\" srcset=\"https:\/\/rioonwatch.org\/wp-content\/uploads\/2023\/02\/Iya-Katiuscia-de-Yemanja-e-Baba-Thiago-de-Xango-em-frente-ao-Ile-Axe-Oba-Labi-onde-se-pode-ler-uma-placa-que-alerta-que-a-Intolerancia-Religiosa-e-Crime.-Foto-Barbara-Dias-scaled-1.jpg 2560w, https:\/\/rioonwatch.org\/wp-content\/uploads\/2023\/02\/Iya-Katiuscia-de-Yemanja-e-Baba-Thiago-de-Xango-em-frente-ao-Ile-Axe-Oba-Labi-onde-se-pode-ler-uma-placa-que-alerta-que-a-Intolerancia-Religiosa-e-Crime.-Foto-Barbara-Dias-scaled-1-620x414.jpg 620w, https:\/\/rioonwatch.org\/wp-content\/uploads\/2023\/02\/Iya-Katiuscia-de-Yemanja-e-Baba-Thiago-de-Xango-em-frente-ao-Ile-Axe-Oba-Labi-onde-se-pode-ler-uma-placa-que-alerta-que-a-Intolerancia-Religiosa-e-Crime.-Foto-Barbara-Dias-scaled-1-942x629.jpg 942w, https:\/\/rioonwatch.org\/wp-content\/uploads\/2023\/02\/Iya-Katiuscia-de-Yemanja-e-Baba-Thiago-de-Xango-em-frente-ao-Ile-Axe-Oba-Labi-onde-se-pode-ler-uma-placa-que-alerta-que-a-Intolerancia-Religiosa-e-Crime.-Foto-Barbara-Dias-scaled-1-768x513.jpg 768w\" sizes=\"(max-width: 2560px) 100vw, 2560px\" \/><\/a><figcaption id=\"caption-attachment-73680\" class=\"wp-caption-text\">Iy\u00e1 Katiuscia de Yemanj\u00e1 and Bab\u00e1 Thiago de Xang\u00f4 in front of Il\u00ea Ax\u00e9 \u00d2b\u00e1 Lab\u00ed, where there is a sign warning that religious intolerance is a crime. Photo: B\u00e1rbara Dias<\/figcaption><\/figure>\n<p><em>About the author: <a href=\"https:\/\/bit.ly\/3Gc3OJU\" target=\"_blank\" rel=\"noopener\">B\u00e1rbara Dias<\/a> was born and raised in Bangu, in Rio&#8217;s West Zone. She has a degree in Biological Sciences, a master&#8217;s in Environmental Education, and has been a public school teacher since 2006. She is a photojournalist and also works with documentary photography. She is a popular communicator for N\u00facleo Piratininga de Comunica\u00e7\u00e3o (<a href=\"https:\/\/bit.ly\/3i2GcdN\" target=\"_blank\" rel=\"noopener\">NPC<\/a>) and co-founder of <a href=\"https:\/\/bit.ly\/3vfY8bj\" target=\"_blank\" rel=\"noopener\">Coletivo Fotoguerrilha<\/a>.<\/em><\/p>\n<hr \/>\n<h4><b data-stringify-type=\"bold\">Support\u00a0<\/b><b data-stringify-type=\"bold\"><i data-stringify-type=\"italic\">RioOnWatch<\/i><\/b><b data-stringify-type=\"bold\">\u2019s tireless, critical and cutting-edge hyperlocal journalism, online community organizing meetings, and direct support to favelas\u00a0<\/b><b data-stringify-type=\"bold\"><a class=\"c-link\" href=\"http:\/\/bit.ly\/DonateToRioOnWatch\" target=\"_blank\" rel=\"noopener noreferrer\" data-stringify-link=\"http:\/\/bit.ly\/DonateToRioOnWatch\" data-sk=\"tooltip_parent\">by clicking here.<\/a><\/b><\/h4>\n","protected":false},"excerpt":{"rendered":"<div class=\"mh-excerpt\"><p>Clique aqui para Portugu\u00eas On December 15, the launch of the Pathways of Xang\u00f4 Social Action took place at Candombl\u00e9 temple Il\u00ea Ax\u00e9 \u00d2b\u00e1 Lab\u00ed, in Guaratiba, in Rio de Janeiro&#8217;s West Zone. Representatives from <a class=\"mh-excerpt-more\" href=\"https:\/\/rioonwatch.org\/?p=73654\" title=\"In Rio de Janeiro&#8217;s Extreme West Zone, the Pioneering Politics of Inclusion, Struggle, and Resistance That Is Uniting Social Service Institutions with Afro-Brazilian Religious Leaders [IMAGES]\">[&#8230;]<\/a><\/p>\n<\/div>","protected":false},"author":239,"featured_media":73655,"comment_status":"closed","ping_status":"closed","sticky":false,"template":"template-full.php","format":"standard","meta":{"_monsterinsights_skip_tracking":false,"_monsterinsights_sitenote_active":false,"_monsterinsights_sitenote_note":"","_monsterinsights_sitenote_category":0,"footnotes":""},"categories":[1288,1290,1333,1268,1332,3527,329,452],"tags":[310,662,3554,3451,1500,371,3526,2622,60,577,725,301,1189,123,3378,2733,3393,1008,1403,21],"writer":[3542],"translator":[3561],"illustrator":[],"photographer":[3548],"class_list":{"0":"post-73654","1":"post","2":"type-post","3":"status-publish","4":"format-standard","5":"has-post-thumbnail","7":"category-highlight","8":"category-civilsociety","9":"category-event-reports","10":"category-favelaculture","11":"category-photo-essays","12":"category-representation","13":"category-solutions","14":"category-rio20","15":"tag-africa","16":"tag-afro-brazilian-culture","17":"tag-anti-racism","18":"tag-aquilombamento","19":"tag-candomble","20":"tag-cedae","21":"tag-cras","22":"tag-event","23":"tag-guaratiba","24":"tag-inclusion","25":"tag-policy-recommendation","26":"tag-public-policy","27":"tag-racism","28":"tag-religion","29":"tag-religious-intolerance","30":"tag-renata-souza","31":"tag-representation","32":"tag-right-to-the-city","33":"tag-solution","34":"tag-west-zone","35":"writer-barbara-dias","36":"translator-felix-foot","37":"photographer-barbara-dias"},"_links":{"self":[{"href":"https:\/\/rioonwatch.org\/index.php?rest_route=\/wp\/v2\/posts\/73654","targetHints":{"allow":["GET"]}}],"collection":[{"href":"https:\/\/rioonwatch.org\/index.php?rest_route=\/wp\/v2\/posts"}],"about":[{"href":"https:\/\/rioonwatch.org\/index.php?rest_route=\/wp\/v2\/types\/post"}],"author":[{"embeddable":true,"href":"https:\/\/rioonwatch.org\/index.php?rest_route=\/wp\/v2\/users\/239"}],"replies":[{"embeddable":true,"href":"https:\/\/rioonwatch.org\/index.php?rest_route=%2Fwp%2Fv2%2Fcomments&post=73654"}],"version-history":[{"count":0,"href":"https:\/\/rioonwatch.org\/index.php?rest_route=\/wp\/v2\/posts\/73654\/revisions"}],"wp:featuredmedia":[{"embeddable":true,"href":"https:\/\/rioonwatch.org\/index.php?rest_route=\/wp\/v2\/media\/73655"}],"wp:attachment":[{"href":"https:\/\/rioonwatch.org\/index.php?rest_route=%2Fwp%2Fv2%2Fmedia&parent=73654"}],"wp:term":[{"taxonomy":"category","embeddable":true,"href":"https:\/\/rioonwatch.org\/index.php?rest_route=%2Fwp%2Fv2%2Fcategories&post=73654"},{"taxonomy":"post_tag","embeddable":true,"href":"https:\/\/rioonwatch.org\/index.php?rest_route=%2Fwp%2Fv2%2Ftags&post=73654"},{"taxonomy":"writer","embeddable":true,"href":"https:\/\/rioonwatch.org\/index.php?rest_route=%2Fwp%2Fv2%2Fwriter&post=73654"},{"taxonomy":"translator","embeddable":true,"href":"https:\/\/rioonwatch.org\/index.php?rest_route=%2Fwp%2Fv2%2Ftranslator&post=73654"},{"taxonomy":"illustrator","embeddable":true,"href":"https:\/\/rioonwatch.org\/index.php?rest_route=%2Fwp%2Fv2%2Fillustrator&post=73654"},{"taxonomy":"photographer","embeddable":true,"href":"https:\/\/rioonwatch.org\/index.php?rest_route=%2Fwp%2Fv2%2Fphotographer&post=73654"}],"curies":[{"name":"wp","href":"https:\/\/api.w.org\/{rel}","templated":true}]}}