{"id":73720,"date":"2023-05-07T10:00:11","date_gmt":"2023-05-07T13:00:11","guid":{"rendered":"https:\/\/rioonwatch.org\/?p=73720"},"modified":"2023-05-31T11:04:46","modified_gmt":"2023-05-31T14:04:46","slug":"rio-de-janeiros-governor-of-massacres-as-an-affront-to-the-right-to-the-favela","status":"publish","type":"post","link":"https:\/\/rioonwatch.org\/?p=73720","title":{"rendered":"Rio de Janeiro\u2019s \u2018Governor of Massacres\u2019 as an Affront to the &#8216;Right to the Favela&#8217;"},"content":{"rendered":"<figure id=\"attachment_73756\" aria-describedby=\"caption-attachment-73756\" style=\"width: 2480px\" class=\"wp-caption aligncenter\"><a href=\"https:\/\/rioonwatch.org\/wp-content\/uploads\/2023\/02\/CLAUDIO-CASTRO_ILUSTRACAO-DAVID-AMEN-ARTIGO-SEGURANCA-PUBLICA-TATIANA-LIMA-JAN-2023_REV_2480X1055.jpg\"><img fetchpriority=\"high\" decoding=\"async\" class=\"wp-image-73756 size-full\" title=\"Original art by David Amen\" src=\"https:\/\/rioonwatch.org\/wp-content\/uploads\/2023\/02\/CLAUDIO-CASTRO_ILUSTRACAO-DAVID-AMEN-ARTIGO-SEGURANCA-PUBLICA-TATIANA-LIMA-JAN-2023_REV_2480X1055.jpg\" alt=\"Original art by David Amen\" width=\"2480\" height=\"1055\" srcset=\"https:\/\/rioonwatch.org\/wp-content\/uploads\/2023\/02\/CLAUDIO-CASTRO_ILUSTRACAO-DAVID-AMEN-ARTIGO-SEGURANCA-PUBLICA-TATIANA-LIMA-JAN-2023_REV_2480X1055.jpg 2480w, https:\/\/rioonwatch.org\/wp-content\/uploads\/2023\/02\/CLAUDIO-CASTRO_ILUSTRACAO-DAVID-AMEN-ARTIGO-SEGURANCA-PUBLICA-TATIANA-LIMA-JAN-2023_REV_2480X1055-620x264.jpg 620w, https:\/\/rioonwatch.org\/wp-content\/uploads\/2023\/02\/CLAUDIO-CASTRO_ILUSTRACAO-DAVID-AMEN-ARTIGO-SEGURANCA-PUBLICA-TATIANA-LIMA-JAN-2023_REV_2480X1055-1479x629.jpg 1479w, https:\/\/rioonwatch.org\/wp-content\/uploads\/2023\/02\/CLAUDIO-CASTRO_ILUSTRACAO-DAVID-AMEN-ARTIGO-SEGURANCA-PUBLICA-TATIANA-LIMA-JAN-2023_REV_2480X1055-768x327.jpg 768w\" sizes=\"(max-width: 2480px) 100vw, 2480px\" \/><\/a><figcaption id=\"caption-attachment-73756\" class=\"wp-caption-text\">Original art by David Amen<\/figcaption><\/figure>\n<p style=\"text-align: right;\"><a href=\"https:\/\/bit.ly\/3jJs9yi\" target=\"_blank\" rel=\"noopener noreferrer\"><strong><em>Clique aqui para Portugu\u00eas<img decoding=\"async\" class=\"size-full wp-image-23766 alignright\" src=\"https:\/\/www.rioonwatch.org\/wp-content\/uploads\/2012\/08\/PT-e1439583827971.png\" width=\"20\" height=\"20\" \/><\/em><\/strong><\/a><\/p>\n<p><em>The &#8216;right to the favela&#8217;\u2014a social, political and pedagogical position in defense of the right to life, development, and rootedness in the favelas\u2014is disrupted daily by the &#8216;right to public security&#8217; in Rio de Janeiro. For this article, we heard community organizers reflect on Governor Cl\u00e1udio Castro\u2019s public security policies during the 2022 election process.<\/em><\/p>\n<p>The &#8216;Right to the Favela\u2019 is <a href=\"https:\/\/bit.ly\/3I6WUmL\" target=\"_blank\" rel=\"noopener\">a concept<\/a> developed collectively, but spearheaded by <a href=\"http:\/\/bit.ly\/2IsqO7s\" target=\"_blank\" rel=\"noopener\">Marielle Franco<\/a>&#8216;s office\u2014the beloved Rio city councilor who was brutally assassinated on March 14, 2018\u2014to kick off a process of public discussion and policy proposals aimed at responding to the urgent, concrete needs of favelas and urban peripheries of Rio.<\/p>\n<figure id=\"attachment_73757\" aria-describedby=\"caption-attachment-73757\" style=\"width: 2560px\" class=\"wp-caption aligncenter\"><a href=\"https:\/\/rioonwatch.org\/wp-content\/uploads\/2023\/02\/Seminario-Direito-a-Favela-realizado-em-2017-scaled-1.jpeg\"><img decoding=\"async\" class=\"wp-image-73757 size-full\" title=\"Seminar on The Right to the Favela at the Museu da Mar\u00e9 in 2017 with Marielle Franco (dressed in white) in the middle. Photo: Brian McNamara\" src=\"https:\/\/rioonwatch.org\/wp-content\/uploads\/2023\/02\/Seminario-Direito-a-Favela-realizado-em-2017-scaled-1.jpeg\" alt=\"\" width=\"2560\" height=\"1920\" srcset=\"https:\/\/rioonwatch.org\/wp-content\/uploads\/2023\/02\/Seminario-Direito-a-Favela-realizado-em-2017-scaled-1.jpeg 2560w, https:\/\/rioonwatch.org\/wp-content\/uploads\/2023\/02\/Seminario-Direito-a-Favela-realizado-em-2017-scaled-1-620x465.jpeg 620w, https:\/\/rioonwatch.org\/wp-content\/uploads\/2023\/02\/Seminario-Direito-a-Favela-realizado-em-2017-scaled-1-839x629.jpeg 839w, https:\/\/rioonwatch.org\/wp-content\/uploads\/2023\/02\/Seminario-Direito-a-Favela-realizado-em-2017-scaled-1-768x576.jpeg 768w, https:\/\/rioonwatch.org\/wp-content\/uploads\/2023\/02\/Seminario-Direito-a-Favela-realizado-em-2017-scaled-1-678x509.jpeg 678w, https:\/\/rioonwatch.org\/wp-content\/uploads\/2023\/02\/Seminario-Direito-a-Favela-realizado-em-2017-scaled-1-326x245.jpeg 326w, https:\/\/rioonwatch.org\/wp-content\/uploads\/2023\/02\/Seminario-Direito-a-Favela-realizado-em-2017-scaled-1-80x60.jpeg 80w\" sizes=\"(max-width: 2560px) 100vw, 2560px\" \/><\/a><figcaption id=\"caption-attachment-73757\" class=\"wp-caption-text\">Seminar on the Right to the Favela at the Mar\u00e9 Museum in 2017 with Marielle Franco (dressed in white) in the middle. Photo: Brian McNamara<\/figcaption><\/figure>\n<p>The right to the favela centers the right to life<em>\u2014<\/em>in turn contemplating all other rights, like access to education, adequate housing, culture and leisure, work, food security, the freedom to come and go, being recognized as an integral part of the city and being able to remain in one&#8217;s community, and the right to public security within favelas and homes, since home invasions without a warrant are the current operational model for police in the favelas.<\/p>\n<p>For this article we interviewed five community organizers and heard their outlook for the second term of Governor <a href=\"https:\/\/bit.ly\/2XkgcQB\" target=\"_blank\" rel=\"noopener\">Cl\u00e1udio Castro<\/a> while he was still a candidate for re-election. All five support the reform of Rio&#8217;s public security policies as a central concern for the effective fulfillment of the <a href=\"https:\/\/bit.ly\/3y1PFd5\" target=\"_blank\" rel=\"noopener\">right to the favela<\/a>.<\/p>\n<p>According to the community organizers interviewed, the policy of confronting drug trafficking with a logic of war undertaken by the State under the argument of \u201cfostering public security\u201d in practice prevents favela residents from accessing their constitutional rights. Alan Brum, coordinator and founder of the <a href=\"http:\/\/bit.ly\/29srY1b\" target=\"_blank\" rel=\"noopener\">Roots in Movement Institute<\/a> in <a href=\"http:\/\/bit.ly\/1nEeBwu\" target=\"_blank\" rel=\"noopener\">Complexo do Alem\u00e3o<\/a>, insists:<\/p>\n<blockquote><p>\u201cThe number one agenda [that the] governor of Rio de Janeiro must consider is the right to life in the favelas and not just in some parts of the city. I&#8217;m talking about the need for a significant change in public security policy\u2026 A structural change and not just one focused on policing. This means tackling public security from a different paradigm&#8230; From the paradigm that public security means ensuring a safe environment for everyone, in all places, in any place. We don\u2019t have the right to life with the current public security policy\u2026 We don\u2019t have the right to the favela.\u201d<\/p><\/blockquote>\n<figure id=\"attachment_73758\" aria-describedby=\"caption-attachment-73758\" style=\"width: 2560px\" class=\"wp-caption aligncenter\"><a href=\"https:\/\/rioonwatch.org\/wp-content\/uploads\/2023\/02\/grafite-na-mare.jpg\"><img loading=\"lazy\" decoding=\"async\" class=\"wp-image-73758 size-full\" title=\"Graffiti in Mar\u00e9 by David Amen, artist from Complexo do Alem\u00e3o and member of the Roots in Movement Institute. Photo: Brian McNamara\" src=\"https:\/\/rioonwatch.org\/wp-content\/uploads\/2023\/02\/grafite-na-mare.jpg\" alt=\"\" width=\"2560\" height=\"1920\" srcset=\"https:\/\/rioonwatch.org\/wp-content\/uploads\/2023\/02\/grafite-na-mare.jpg 2560w, https:\/\/rioonwatch.org\/wp-content\/uploads\/2023\/02\/grafite-na-mare-620x465.jpg 620w, https:\/\/rioonwatch.org\/wp-content\/uploads\/2023\/02\/grafite-na-mare-839x629.jpg 839w, https:\/\/rioonwatch.org\/wp-content\/uploads\/2023\/02\/grafite-na-mare-768x576.jpg 768w, https:\/\/rioonwatch.org\/wp-content\/uploads\/2023\/02\/grafite-na-mare-678x509.jpg 678w, https:\/\/rioonwatch.org\/wp-content\/uploads\/2023\/02\/grafite-na-mare-326x245.jpg 326w, https:\/\/rioonwatch.org\/wp-content\/uploads\/2023\/02\/grafite-na-mare-80x60.jpg 80w\" sizes=\"(max-width: 2560px) 100vw, 2560px\" \/><\/a><figcaption id=\"caption-attachment-73758\" class=\"wp-caption-text\">Graffiti in Mar\u00e9 by David Amen, an artist from Complexo do Alem\u00e3o and member of the Roots in Movement Institute. Photo: Brian McNamara<\/figcaption><\/figure>\n<p>To the community organizers interviewed, the right to the favela was brutally violated over the past four years of Jair Bolsonaro\u2019s federal administration as it removed even the &#8220;right to breathe&#8221; for the poorest and favela residents during the <a href=\"https:\/\/bit.ly\/CoronavirusNasFavelas\" target=\"_blank\" rel=\"noopener\">coronavirus pandemic<\/a>. In Rio de Janeiro, Governor Cl\u00e1udio Castro\u2019s re-election clamps down on democracy and makes <a href=\"https:\/\/bit.ly\/3OL80D6\" target=\"_blank\" rel=\"noopener\">citizenship a condition without legal effects<\/a> in the favelas.<\/p>\n<blockquote>\n<figure id=\"attachment_73759\" aria-describedby=\"caption-attachment-73759\" style=\"width: 500px\" class=\"wp-caption alignright\"><a href=\"https:\/\/rioonwatch.org\/wp-content\/uploads\/2023\/02\/Alan-Brum_Foto-CEPEDOCA.jpg\"><img loading=\"lazy\" decoding=\"async\" class=\"wp-image-73759\" title=\"Alan Brum at Roots in Movement Institute's headquarters. Photo: CEPEDOCA\" src=\"https:\/\/rioonwatch.org\/wp-content\/uploads\/2023\/02\/Alan-Brum_Foto-CEPEDOCA.jpg\" alt=\"\" width=\"500\" height=\"460\" \/><\/a><figcaption id=\"caption-attachment-73759\" class=\"wp-caption-text\">Alan Brum at the Roots in Movement Institute&#8217;s headquarters. Photo: CEPEDOCA<\/figcaption><\/figure>\n<p>\u201cIf you talk to someone [who works] in education, they end up talking about security, and that just goes on and on [no one trying to help develop the community from any sector manages to get things done]. When you try to develop and carry out projects in the areas of culture, leisure, employment, you end up stumbling on public security because in the favela it&#8217;s what grants, allows, or impedes access to all other rights. We need real public security, a public security practice seen from a different perspective. One that understands what security is, and not this current security project that\u2019s existed for decades and that&#8217;s only gotten worse in Castro\u2019s administration. A project that makes everyone living here in the favelas hostage of a state of siege\u2026 What I&#8217;m talking about, is understanding that police operations in the favelas, the way they\u2019re carried out today [by the Rio governor], <a href=\"http:\/\/bit.ly\/2WPO1Xk\" target=\"_blank\" rel=\"noopener\">expose us to death<\/a> and remove everything from us: each and every right.\u201d \u2014 Alan Brum<\/p><\/blockquote>\n<p>Reelected with <a href=\"http:\/\/bit.ly\/3X3kCJb\" target=\"_blank\" rel=\"noopener\">58% of the vote in the first round of the last elections<\/a>, Cl\u00e1udio Castro was inaugurated as Rio de Janeiro governor on the same day as President Lula on January 1, 2023 at a ceremony at the Tiradentes Palace, former seat of the Rio Legislative Assembly, in downtown Rio (read the full inauguration speech in Portuguese <a href=\"https:\/\/bit.ly\/3CsNqT7\" target=\"_blank\" rel=\"noopener\">here<\/a>.)<\/p>\n<p>In December, the Regional Electoral Prosecutor&#8217;s Office <a href=\"https:\/\/bit.ly\/3GhBkNH\" target=\"_blank\" rel=\"noopener\">requested the annulment<\/a> of Castro&#8217;s and his vice governor <a href=\"http:\/\/bit.ly\/3Y2qGl5\" target=\"_blank\" rel=\"noopener\">Thiago Pampolha\u2019s<\/a> electoral ticket for abuse of political and economic power in hiring the Ceperj Foundation and Rio de Janeiro State University (UERJ) for electoral gains, as well as alleged illicit campaign expenses. However, the ticket denies any wrongdoing. \u201cWhat draws attention is the volume of cash withdrawals directly at the tellers&#8217; counters in branches where payments were made to beneficiaries associated with political parties and candidates from Castro&#8217;s coalition,\u201d <a href=\"https:\/\/bit.ly\/3WQjp7U\" target=\"_blank\" rel=\"noopener\">reported <em>CNN Brasil<\/em><\/a>.<\/p>\n<figure id=\"attachment_73760\" aria-describedby=\"caption-attachment-73760\" style=\"width: 500px\" class=\"wp-caption alignright\"><a href=\"https:\/\/rioonwatch.org\/wp-content\/uploads\/2023\/02\/DIVULGACAO_ALERJ.jpeg\"><img loading=\"lazy\" decoding=\"async\" class=\"wp-image-73760\" title=\"Governor Cl\u00e1udio Castro receiving official confirmation from the Regional Electoral Court (TRE). Photo: ALERJ\" src=\"https:\/\/rioonwatch.org\/wp-content\/uploads\/2023\/02\/DIVULGACAO_ALERJ.jpeg\" alt=\"\" width=\"500\" height=\"242\" \/><\/a><figcaption id=\"caption-attachment-73760\" class=\"wp-caption-text\">Governor Cl\u00e1udio Castro receiving official confirmation from the Regional Electoral Court (TRE). Photo: ALERJ<\/figcaption><\/figure>\n<p>Elected with electoral support from former president Jair Bolsonaro, Castro is the politician responsible not just for the increased number of <a href=\"https:\/\/bit.ly\/3jusDHZ\" target=\"_blank\" rel=\"noopener\">police massacres<\/a> in Rio de Janeiro\u2014including the <a href=\"https:\/\/bit.ly\/3tuR07R\" target=\"_blank\" rel=\"noopener\">Jacarezinho Massacre<\/a>\u2014but is also the governor responsible for the highest rate of lethal police action in favelas over the past 15 years.<\/p>\n<p>Rio de Janeiro has a decades-long history of police massacres. But under Castro\u2019s first administration\u2014which took over the office following <a href=\"http:\/\/bit.ly\/3K2iwpj\" target=\"_blank\" rel=\"noopener\">Wilson Witzel\u2019s impeachment<\/a>, for whom Castro was vice-governor\u2014the state lived through <a href=\"https:\/\/bit.ly\/3Ccd9Ps\" target=\"_blank\" rel=\"noopener\">39 massacres with 178 deaths by police<\/a> in just 15 months, according to a study by the <a href=\"https:\/\/bit.ly\/3z55E91\" target=\"_blank\" rel=\"noopener\">Fogo Cruzado Institute<\/a>, which gathers data on armed violence, in conjunction with the Study Group on the New Illegalities at the Fluminense Federal University (<a href=\"https:\/\/bit.ly\/3vsWkMh\" target=\"_blank\" rel=\"noopener\">Geni-UFF<\/a>).<\/p>\n<p>The deadliness was so intense that the executive director of <a href=\"http:\/\/bit.ly\/1VGrHLQ\" target=\"_blank\" rel=\"noopener\">Amnesty International Brazil<\/a>, <a href=\"https:\/\/bit.ly\/2MEjRU9\" target=\"_blank\" rel=\"noopener\">Jurema Werneck<\/a>, stated in an interview with <em><a href=\"https:\/\/bit.ly\/3jAXm6l\" target=\"_blank\" rel=\"noopener\">DW Brasil<\/a><\/em> that \u201cGovernor Cl\u00e1udio Castro\u2026 seems to be seeking to implement a public security policy, that he never developed, into a policy of massacres.\u201d<\/p>\n<p>In her interview with the German publication, Werneck also highlighted that the governor seems to want \u201cto confuse the population,\u201d as \u201che has the obligation to ensure public security for all, but he\u2019s been putting a massacre in the place [of security]\u201d which hasn\u2019t \u201cresulted in anything except piles of bodies\u2014and dead police too.\u201d According to the Study Group on the New Illegalities, <a href=\"https:\/\/bit.ly\/3YXjubf\" target=\"_blank\" rel=\"noopener\">operations<\/a> are considered <a href=\"http:\/\/bit.ly\/3X7zBS6\" target=\"_blank\" rel=\"noopener\">police massacres<\/a> if they result in three or more civilian deaths and have direct participation by public authorities.<\/p>\n<h3>Claudio Castro: The \u2018Governor of Massacres\u2019<\/h3>\n<p>Favela community organizers reveal the practical impacts of living under a regime of <a href=\"http:\/\/bit.ly\/3jU9AHA\" target=\"_blank\" rel=\"noopener\">State terrorism<\/a> which deprives residents of their constitutional rights through a routine of intensive police operations. Public security is central to everyone&#8217;s daily life and exerts a high degree of influence on favela residents\u2019 lives.<\/p>\n<blockquote>\n<figure id=\"attachment_73761\" aria-describedby=\"caption-attachment-73761\" style=\"width: 500px\" class=\"wp-caption alignright\"><a href=\"https:\/\/rioonwatch.org\/wp-content\/uploads\/2023\/02\/Foto_-Patrick-Mendes-_-Frente-Mare.jpg\"><img loading=\"lazy\" decoding=\"async\" class=\"wp-image-73761\" title=\"Gizele Martins wearing a Mar\u00e9 Moblization Front t-shirt. Photo: Mar\u00e9 de Not\u00edcias\" src=\"https:\/\/rioonwatch.org\/wp-content\/uploads\/2023\/02\/Foto_-Patrick-Mendes-_-Frente-Mare.jpg\" alt=\"\" width=\"500\" height=\"314\" srcset=\"https:\/\/rioonwatch.org\/wp-content\/uploads\/2023\/02\/Foto_-Patrick-Mendes-_-Frente-Mare.jpg 1024w, https:\/\/rioonwatch.org\/wp-content\/uploads\/2023\/02\/Foto_-Patrick-Mendes-_-Frente-Mare-620x390.jpg 620w, https:\/\/rioonwatch.org\/wp-content\/uploads\/2023\/02\/Foto_-Patrick-Mendes-_-Frente-Mare-1000x629.jpg 1000w, https:\/\/rioonwatch.org\/wp-content\/uploads\/2023\/02\/Foto_-Patrick-Mendes-_-Frente-Mare-768x483.jpg 768w\" sizes=\"(max-width: 500px) 100vw, 500px\" \/><\/a><figcaption id=\"caption-attachment-73761\" class=\"wp-caption-text\">Gizele Martins wearing a Mar\u00e9 Mobilization Front t-shirt. Photo: <em>Mar\u00e9 de Not\u00edcias<\/em><\/figcaption><\/figure>\n<p>\u201cIt [public security] ends up being the priority because we\u2019re dying from gunshots from helicopters during police operations. Our lives are paralyzed with each operation. So that&#8217;s where we end up putting all our efforts. There\u2019s no other way to survive. We end up putting various other factors and rights to the side because the public security issue disrupts everything! Because when we talk about public security we\u2019re talking about militarization and control\u2026 about killing favela populations. I&#8217;ve said this before, and I&#8217;ll say it again: all our efforts and forces go toward this debate because we\u2019re being shot dead. But I mean it when I say that not having water killed as many people as gunshots in 2020 [with the Covid-19 pandemic]. Not having a well-ventilated home killed as much as gunshots. So when we talk about genocide, we\u2019re talking about how the favela is controlled, affected, and violated in every sphere of human rights.\u201d \u2014 Gizele Martins<\/p><\/blockquote>\n<p>The testimonial comes from <a href=\"http:\/\/bit.ly\/2fd2Yz8\" target=\"_blank\" rel=\"noopener\">Gizele Martins<\/a>, journalist, grassroots communicator, human rights activist with a Master&#8217;s degree in Education, Culture, and Urban Peripheries, and resident of the favela <a href=\"http:\/\/bit.ly\/2SpdyWy\" target=\"_blank\" rel=\"noopener\">Morro do Timbau<\/a> in <a href=\"http:\/\/bit.ly\/1rNMXO3\" target=\"_blank\" rel=\"noopener\">Complexo da Mar\u00e9<\/a>. Author of the book <em><a href=\"https:\/\/bit.ly\/3meKkuv\" target=\"_blank\" rel=\"noopener\">Militarization and Censorship: The Fight for Freedom of Expression in the Mar\u00e9 Favela<\/a> <\/em>which resulted from her <a href=\"https:\/\/bit.ly\/3jTwoah\" target=\"_blank\" rel=\"noopener\">master&#8217;s thesis<\/a>, the researcher reports on the workings of a hindered citizenship and the State\u2019s policy of death during police operations in favelas.<\/p>\n<blockquote><p>\u201cPolice operations paralyze life in the favela: for those who die, for those who lose a life, and even for those who don\u2019t die because they can\u2019t go to work, they can\u2019t study\u2026 On police operation days we have no Internet and no cell phone access because the signal drops. This is control. All other spheres of rights are taken away from us during operations. During the operation that began on Monday [November 25, 2022] for example\u2026, we spent the whole week with our lives being dictated and marked by that operation.\u201d \u2014 Gizele Martins<\/p><\/blockquote>\n<p>And she asks:<\/p>\n<blockquote><p>\u201cHave you ever wondered what happens after a police operation? Whole families scrape money together to bury their dead and we fight for forensics that never happen. People go to health centers and family clinics with depression, panic attacks, anxiety, strokes. People miss work and have to make up the time as many workplaces don\u2019t understand the situation. We flunk a grade or miss years of study. Surgeries can&#8217;t be done after we\u2019ve waited three, four, five, ten years for an appointment to get that surgery\u2026 And worse still there\u2019s the <a href=\"http:\/\/bit.ly\/2JUAPyh\" target=\"_blank\" rel=\"noopener\">psychological<\/a> terror: hearing the noise of a helicopter arriving in the favela at 4am\u2026 Look, I don\u2019t have words to describe what that\u2019s like. That infernal noise, the gunshots&#8230; The noise of <a href=\"https:\/\/bit.ly\/363Ep1j\" target=\"_blank\" rel=\"noopener\">armored police trucks<\/a>, armored police helicopters, people shouting in the favela. People dying, and afterwards there&#8217;s this silence in the favela, which is really weird. Everything stops. We lose life. This has a name. It\u2019s State terrorism.\u201d<\/p><\/blockquote>\n<p>For Frans\u00e9rgio Goulart, coordinator of the Right to Memory and Social Justice Initiative (<a href=\"http:\/\/bit.ly\/3W4woBB\" target=\"_blank\" rel=\"noopener\">IDMJ<\/a>), police operations can be classified as State terrorism because Rio\u2019s public security policy selects \u201cspecific territories\u201d for war operations.<\/p>\n<blockquote><p>\u201cWe can say that the State&#8217;s public security policy is terrorism because it creates public enemies [the favelas] stemming from <a href=\"http:\/\/bit.ly\/2WKCqc5\" target=\"_blank\" rel=\"noopener\">racism<\/a>. The State promotes terrorist actions in these territories alone to advance genocide in majority Black areas. This terror ranges from denying access to food and health, to the rifle pointed by police officers who are backed by the courts.\u201d \u2014 Frans\u00e9rgio Goulart<\/p><\/blockquote>\n<p>Goulart explains that State terrorism always operates in residential territories with a majority Black population \u201cstemming from a political project designed between the absence of health, education, food, and the presence of police.\u201d<\/p>\n<figure id=\"attachment_73762\" aria-describedby=\"caption-attachment-73762\" style=\"width: 500px\" class=\"wp-caption alignright\"><a href=\"https:\/\/rioonwatch.org\/wp-content\/uploads\/2023\/02\/mapa-eleitoral-de-Claudio-Castro.jpg\"><img loading=\"lazy\" decoding=\"async\" class=\"wp-image-73762\" title=\"Map of voting results for Cl\u00e1udio Castro across Rio de Janeiro state. Photo: G1\" src=\"https:\/\/rioonwatch.org\/wp-content\/uploads\/2023\/02\/mapa-eleitoral-de-Claudio-Castro.jpg\" alt=\"\" width=\"500\" height=\"385\" \/><\/a><figcaption id=\"caption-attachment-73762\" class=\"wp-caption-text\">Map of voting results for Cl\u00e1udio Castro across Rio de Janeiro state. Photo: G1<\/figcaption><\/figure>\n<p>Despite the rise in lethal force in the favelas and the high number of massacres, Cl\u00e1udio Castro <a href=\"https:\/\/bit.ly\/3jVZZzE\" target=\"_blank\" rel=\"noopener\">beat his opposition candidates in 91 of the state&#8217;s 92 municipalities<\/a>. Gizele Martins recalls that Castro won \u201cthe election carrying out a massacre in Mar\u00e9\u201d just six days before the first round in the 2022 elections.<\/p>\n<p>The slaughter was carried out with the use of armored trucks and helicopters and involved the Special Operations Battalion (<a href=\"https:\/\/bit.ly\/2y7HPUj\" target=\"_blank\" rel=\"noopener\">BOPE<\/a>) and Special Resources Coordination (<a href=\"https:\/\/bit.ly\/3xQkRuZ\" target=\"_blank\" rel=\"noopener\">CORE<\/a>)\u2014the Rio de Janeiro Military Police and Civil Police\u2019s elite squads\u2014on September 27, 2022.<\/p>\n<p>At the time, <a href=\"https:\/\/bit.ly\/3CfFuo1\" target=\"_blank\" rel=\"noopener\">investigative news site <em>The Intercept Brasil<\/em> was in Mar\u00e9<\/a> and reported: \u201cterrified residents tried in vain to convince police that there were people at home who were workers and not criminals. One of the state agents responded saying, \u2018F*ck you.\u2019\u201d<\/p>\n<figure id=\"attachment_73764\" aria-describedby=\"caption-attachment-73764\" style=\"width: 1030px\" class=\"wp-caption aligncenter\"><a href=\"https:\/\/rioonwatch.org\/wp-content\/uploads\/2023\/02\/reproducao-The-Intercept.jpg\"><img loading=\"lazy\" decoding=\"async\" class=\"wp-image-73764\" title=\"Image still from The Intercept video-report showing the police invasion of Mar\u00e9 on the eve of the 2022 elections\" src=\"https:\/\/rioonwatch.org\/wp-content\/uploads\/2023\/02\/reproducao-The-Intercept.jpg\" alt=\"\" width=\"1030\" height=\"436\" srcset=\"https:\/\/rioonwatch.org\/wp-content\/uploads\/2023\/02\/reproducao-The-Intercept.jpg 1339w, https:\/\/rioonwatch.org\/wp-content\/uploads\/2023\/02\/reproducao-The-Intercept-620x263.jpg 620w, https:\/\/rioonwatch.org\/wp-content\/uploads\/2023\/02\/reproducao-The-Intercept-768x325.jpg 768w\" sizes=\"(max-width: 1030px) 100vw, 1030px\" \/><\/a><figcaption id=\"caption-attachment-73764\" class=\"wp-caption-text\">Image still from <em>The Intercept<\/em> video-report showing the police invasion of Mar\u00e9 on the eve of the 2022 elections.<\/figcaption><\/figure>\n<p>Even so, Castro won the elections in <a href=\"http:\/\/bit.ly\/3XEGvOT\" target=\"_blank\" rel=\"noopener\">electoral zones surrounding favelas<\/a>, such as electoral zones 21, 161, and 162 which cover the Complexo do Alem\u00e3o and <a href=\"https:\/\/bit.ly\/3A9Z0iO\" target=\"_blank\" rel=\"noopener\">Complexo da Penha<\/a> favelas, neighborhoods <a href=\"https:\/\/bit.ly\/2ySBBbj\" target=\"_blank\" rel=\"noopener\">Olaria<\/a>, <a href=\"http:\/\/bit.ly\/2Ro0rmP\" target=\"_blank\" rel=\"noopener\">Ramos<\/a>, <a href=\"https:\/\/bit.ly\/3fVGHnF\" target=\"_blank\" rel=\"noopener\">Bonsucesso<\/a> and surrounding area, which includes Complexo da Mar\u00e9, in <a href=\"http:\/\/bit.ly\/1kZa3h9\" target=\"_blank\" rel=\"noopener\">North Zone<\/a>. He also won in the 179th Electoral Zone which covers the Rio das Pedras, City of God, and Gard\u00eania Azul favelas in the <a href=\"http:\/\/bit.ly\/2KVA7k7\" target=\"_blank\" rel=\"noopener\">West Zone<\/a>, as well as in peripheral areas in the <a href=\"http:\/\/bit.ly\/2XQQdyV\" target=\"_blank\" rel=\"noopener\">Baixada Fluminense<\/a> (see the voting results in each electoral zone across the state <a href=\"https:\/\/bit.ly\/3vEJL0H\" target=\"_blank\" rel=\"noopener\">here<\/a>.)<\/p>\n<p>Though it is difficult to pinpoint the reason for Castro\u2019s appeal in the regions most affected by his deadly policies, Frans\u00e9rgio Goulart believes voters in favelas and peripheral areas tend to elect extreme-right politicians due to the phenomenon of faith and <a href=\"http:\/\/bit.ly\/3KaxUQi\" target=\"_blank\" rel=\"noopener\">prosperity theology<\/a> common to the neo-Pentecostal evangelical churches which increasing numbers belong to.<\/p>\n<blockquote><p>\u201cEver since the arrival of neo-Pentecostalism in the favelas, [we have] the building of a more individualistic and meritocratic ideology, expressed in the <a href=\"http:\/\/bit.ly\/3XCShZK\" target=\"_blank\" rel=\"noopener\">Old Testament<\/a> as an eye for an eye, tooth for a tooth. It\u2019s not by chance that [the phrase] \u2018<a href=\"http:\/\/bit.ly\/2ezhkIz\" target=\"_blank\" rel=\"noopener\">a good criminal is a dead criminal<\/a>\u2019 has gathered strength and the election [had the outcome it did]. The terrorist State combined with the neo-Pentecostal church have strengthened this ideology, saying our own people as responsible for the violence and not the State.\u201d \u2014 Frans\u00e9rgio Goulart<\/p><\/blockquote>\n<h3>A Machine for Violating Rights<\/h3>\n<p>On <a href=\"https:\/\/bit.ly\/3WXo3QY\" target=\"_blank\" rel=\"noopener\">November 25, 2022<\/a>, the joint operation by the <a href=\"http:\/\/bit.ly\/2WQxnqh\" target=\"_blank\" rel=\"noopener\">Military Police<\/a> and <a href=\"http:\/\/bit.ly\/2lcYfV1\" target=\"_blank\" rel=\"noopener\">Civil Police<\/a> in Complexo da Mar\u00e9 drove residents to despair. Starting at 4am, the operation was marked by aggressive action by the security forces, deaths, and violence towards residents.<\/p>\n<p>The operation did not follow the <a href=\"https:\/\/bit.ly\/3yoIJW2\" target=\"_blank\" rel=\"noopener\">ADPF 635<\/a> legal stipulations regarding start and end times, as reported by newspaper <em><a href=\"http:\/\/bit.ly\/1x3wFFQ\" target=\"_blank\" rel=\"noopener\">Mar\u00e9 de Not\u00edcias<\/a><\/em>, and did not fulfill the ruling that ambulances be present when police action is carried out. The failure to follow these regulations \u201ccost residents\u2019 lives and the life of a police officer who was also shot in the operation,\u201d reported the community newspaper. <em>Mar\u00e9 de Not\u00edcias<\/em> denounced:<\/p>\n<blockquote><p>\u201cThe Homicide Division (DH) did not carry out forensics in Renan\u2019s case [one of the youth killed in the operation], just like the Civil Defense did not remove the body from the area, forcing the family to put the young man\u2019s body in a wheelbarrow, take it to <a href=\"http:\/\/bit.ly\/2RpOBsy\" target=\"_blank\" rel=\"noopener\">Avenida Brasil<\/a>, and wait around for three hours for the body to be taken away. Following many complaints and liaising with the <a href=\"https:\/\/bit.ly\/36yTyJr\" target=\"_blank\" rel=\"noopener\">Prosecutor&#8217;s Office<\/a> and other human rights institutions, the fire department confirmed the death, the 22nd Police Department recorded the incident, and the Civil Defense removed the body. The DH did not carry out forensics in the area or on the body, which hinders any possibility of investigation into today&#8217;s deaths in the region.\u201d<\/p><\/blockquote>\n<p>The operation affected almost all 16 of Mar\u00e9&#8217;s favelas, but \u201cthere was <a href=\"https:\/\/bit.ly\/3WBXj8T\" target=\"_blank\" rel=\"noopener\">a concentration of very violent episodes in Nova Holanda and Parque Uni\u00e3o<\/a>,\u201d where there were a lot of serious complaints and reports of damage to property, home invasions, and damaged cars. In an interview with <em>RioOnWatch<\/em>, organizer Jo\u00e3o Silva* already predicted Castro\u2019s re-election and return to Laranjeiras Palace, the Rio state government headquarters. Speaking days before the gubernatorial elections on October 2, 2022, he said: \u201cThe situation is kind of demotivating because looking at the favela context, my opinion is that Cl\u00e1udio Castro will be re-elected. I think he\u2019ll manage to validate this project of confrontation within and outside the favelas because people didn\u2019t know who this Cl\u00e1udio Castro character was before and still don\u2019t really know. My mother didn\u2019t know who the governor of Rio de Janeiro was. With Witzel\u2019s impeachment, everything got kind of nebulous.\u201d<\/p>\n<p>A resident of the Jacarezinho favela, Silva believes Governor Cl\u00e1udio Castro used public security as an election platform, since the operation took place during the electoral period.<\/p>\n<blockquote><p>\u201cA lot of people there don\u2019t like Castro, but I\u2019m sure he\u2019ll be back. He reinforces the discourse that [the Jacarezinho massacre] was important, that violence in the favela has reduced in some way or at least that the context changed. That after the massacre there weren\u2019t as many people moving around the area selling drugs. Despite this moment and the [sale of drugs] having returned, the discourse remains. It sticks! I really hope it doesn\u2019t happen, but I don\u2019t think the opposition candidate [<a href=\"http:\/\/bit.ly\/11lFhqQ\" target=\"_blank\" rel=\"noopener\">Marcelo Freixo<\/a>] will win.\u201d \u2014 Jo\u00e3o Silva<\/p><\/blockquote>\n<figure id=\"attachment_73763\" aria-describedby=\"caption-attachment-73763\" style=\"width: 1280px\" class=\"wp-caption aligncenter\"><a href=\"https:\/\/rioonwatch.org\/wp-content\/uploads\/2023\/02\/Tatiane-Mendes-2.jpeg\"><img loading=\"lazy\" decoding=\"async\" class=\"wp-image-73763 size-full\" title=\"Demostration in the Jacarezinho favela on May 7, 2021. Photo: Tatiane Mendes\" src=\"https:\/\/rioonwatch.org\/wp-content\/uploads\/2023\/02\/Tatiane-Mendes-2.jpeg\" alt=\"\" width=\"1280\" height=\"853\" srcset=\"https:\/\/rioonwatch.org\/wp-content\/uploads\/2023\/02\/Tatiane-Mendes-2.jpeg 1280w, https:\/\/rioonwatch.org\/wp-content\/uploads\/2023\/02\/Tatiane-Mendes-2-620x413.jpeg 620w, https:\/\/rioonwatch.org\/wp-content\/uploads\/2023\/02\/Tatiane-Mendes-2-944x629.jpeg 944w, https:\/\/rioonwatch.org\/wp-content\/uploads\/2023\/02\/Tatiane-Mendes-2-768x512.jpeg 768w\" sizes=\"(max-width: 1280px) 100vw, 1280px\" \/><\/a><figcaption id=\"caption-attachment-73763\" class=\"wp-caption-text\">Demonstration in the Jacarezinho favela on May 7, 2021. Photo: Tatiane Mendes<\/figcaption><\/figure>\n<p>The Jacarezinho Massacre was the <a href=\"https:\/\/bit.ly\/3tuR07R\" target=\"_blank\" rel=\"noopener\">most deadly in Rio de Janeiro\u2019s history<\/a>. On May 6, 2021, in broad daylight with the operation broadcast on TV, Rio de Janeiro Civil Police killed 27 people in the city&#8217;s Blackest favela. A police officer was also assassinated in <a href=\"http:\/\/bit.ly\/3Xpi4Vf\" target=\"_blank\" rel=\"noopener\">Operation Exceptis<\/a>\u201428 deaths in total. The violence of the operation was <a href=\"https:\/\/bit.ly\/3tnCkqV\" target=\"_blank\" rel=\"noopener\">so intense it reached passengers on the subway line<\/a> passing through Jacarezinho between the <a href=\"https:\/\/bit.ly\/45yoxlA\" target=\"_blank\" rel=\"noopener\">Maria da Gra\u00e7a<\/a> and <a href=\"http:\/\/bit.ly\/2dLn3hQ\" target=\"_blank\" rel=\"noopener\">Triagem<\/a> stations, with two passengers taken to the hospital with gunshot wounds.<\/p>\n<p>Jo\u00e3o Silva recalls that when Governor Cl\u00e1udio Castro went to the Jacarezinho favela following the massacre that kicked off the <a href=\"https:\/\/bit.ly\/3LalbtW\" target=\"_blank\" rel=\"noopener\">Integrated City<\/a> project\u2019s police occupation, he was met with resident demands that the State occupy the favela, not with police, but with sports courts and better social projects to generate jobs and foster sport in the community. So far, none of this has happened.<\/p>\n<blockquote><p>\u201cJacarezinho has a huge demand from the population for sport, leisure, and cultural spaces, as well as housing. The General Electric plot is enormous and abandoned, leaving various heavy metals inside the community, but this has yet to be resolved. The community wanted it to be turned into an Olympic Village. But with the <a href=\"https:\/\/bit.ly\/3gmYaqN\" target=\"_blank\" rel=\"noopener\">Integrated City<\/a> project it is being proposed that the plot become a new Military Police base. So, instead of coming in with sports and projects for the people, you\u2019re going to create yet another Military Police base in a community already surrounded by Police City. It\u2019s bizarre because it\u2019s a block that literally looks out [with weapons] onto Jacarezinho and Manguinhos.\u201d \u2014 Jo\u00e3o Silva<\/p><\/blockquote>\n<p>Silva adds:<\/p>\n<blockquote><p>\u201cIn Jacarezinho we have athletes that compete in national and international events, people who were put forward to take part in the Olympics. A lot of children and youth are getting into clubs through social projects, but the mission taken up by the state is\u2026 police, massacre.\u201d<\/p><\/blockquote>\n<p>Another community organizer, Rosa do Carmo*, says Cl\u00e1udio Castro was elected precisely by selling the optics of confrontation and despite little dialogue with people in the favelas.<\/p>\n<blockquote><p>\u201cWhen he went to Jacarezinho, he had no answers. He basically spoke for half an hour, imposed his opinion, and when we asked him about \u2018what he actually knew about living through a police operation,\u2019 he looked at us almost mockingly and said that \u2018yes, he knew.\u2019 How does he know and why? Because one day he went to sing in Jacarezinho when the police were going in and he had to hide from a shootout? You see what he did? He was there saying he understood my pain, the complexity of my pain, being fully aware that this episode isn\u2019t the same as a resident&#8217;s day-to-day life, but he used it as an example to defend the policy of death he calls public security. He used it to silence people who were showing him a real problem. And that\u2019s it. There\u2019s still no dialogue with Castro\u2019s administration. We\u2019ll have four more hard years of despair with [his new term].\u201d \u2014 Rosa do Carmo<\/p><\/blockquote>\n<p>But while there\u2019s a lack of hope in the hearts of some favela residents, in others there are still seeds of hope for better days\u2014even if they don\u2019t believe in a complete transformation.<\/p>\n<p><iframe title=\"Um ano da chacina do Jacarezinho\" src=\"https:\/\/www.youtube.com\/embed\/MvRrAwZrSlU\" width=\"1030\" height=\"579\" frameborder=\"0\" allowfullscreen=\"allowfullscreen\"><\/iframe><\/p>\n<p>Joaquim Lima*\u2014pseudonym for yet another community organizer who prefers not to be named\u2014experienced hunger in the middle of the coronavirus pandemic. He states that he \u201cis still waiting for a thread of hope\u201d that it\u2019s possible to change things through electoral processes.<\/p>\n<blockquote><p>\u201cWe cannot lose hope\u2026 I have hope for some transformation. Has the dictatorship ended? For whom? We have an armored truck at our door. I don\u2019t have any hope [for improvements in public security policy] anymore because I know they&#8217;ll keep this same policy. I just mentioned hope. I know it\u2019s a contradiction but I think the electoral process and especially the political experience in the favelas evokes this. And that&#8217;s just it&#8230; at the same time that we have hope, we think nothing will change. There are a lot of mixed feelings.<\/p>\n<p>But I believe in the idea of harm reduction. We\u2019ve reached the absolute limit with the state of things and need to reduce the damage so we&#8217;re able to breathe. And if we breathe, there\u2019s hope. I\u2019ve seen so much pain. I think I speak from this place of pain. We should have [had the right to] stay protected at home, but we were in the streets during the Covid-19 pandemic because hunger is a very real thing. You feel it in the flesh that trembles with hunger. And the flesh that trembles and breathes is ours: whether it\u2019s mine or my neighbor\u2019s.\u201d \u2014 Joaquim Lima<\/p><\/blockquote>\n<h3>Military Police and Civil Police State Secretariats<\/h3>\n<p>In contrast with other states, Rio de Janeiro has not had a State Public Security Secretariat since 2019. The department was <a href=\"http:\/\/bit.ly\/3IOU2zf\" target=\"_blank\" rel=\"noopener\">eliminated by then governor Wilson Witzel<\/a> by way of decree n\u00ba 46.544 on January 1, 2019. The <a href=\"http:\/\/bit.ly\/3Hd2UME\" target=\"_blank\" rel=\"noopener\">decree<\/a> states: \u201cThe State Public Security Secretariat is extinct and will be succeeded for all legal matters by the Public Security Council\u2019s Executive Secretariat, which is responsible for the gradual transition of the former secretariat\u2019s functions to the Civil Police State Secretariat and the Military Police State Secretariat.\u201d<\/p>\n<p>Witzel\u2019s main argument for eliminating the role was that it was being used as a political platform. Cl\u00e1udio Castro, upon assuming the role of governor following Witzel\u2019s impeachment, has maintained this structure, which continues the same in his second term as state governor.<\/p>\n<p>*<em>Some interviewees have been given pseudonyms for their protection.<\/em><\/p>\n<p><i data-stringify-type=\"italic\">About the author:\u00a0<\/i><i data-stringify-type=\"italic\"><a class=\"c-link\" tabindex=\"-1\" href=\"https:\/\/bit.ly\/3o2YA7Q\" target=\"_blank\" rel=\"noopener noreferrer\" data-stringify-link=\"https:\/\/bit.ly\/3o2YA7Q\" data-sk=\"tooltip_parent\" data-remove-tab-index=\"true\">Tatiana Lima<\/a><\/i><i data-stringify-type=\"italic\">\u00a0is a journalist and popular communicator at heart. A black feminist, member of Complexo do Alem\u00e3o\u2019s\u00a0<\/i><i data-stringify-type=\"italic\"><a class=\"c-link\" tabindex=\"-1\" href=\"https:\/\/bit.ly\/3mZf3bS\" target=\"_blank\" rel=\"noopener noreferrer\" data-stringify-link=\"https:\/\/bit.ly\/3mZf3bS\" data-sk=\"tooltip_parent\" data-remove-tab-index=\"true\">Researchers in Movement Study Group<\/a><\/i><i data-stringify-type=\"italic\">, she is currently special reporter with RioOnWatch. A fair-skinned black woman, born and raised in a favela, Lima currently lives in Rio\u2019s periphery and is a doctoral student at the Fluminense Federal University (<\/i><i data-stringify-type=\"italic\"><a class=\"c-link\" tabindex=\"-1\" href=\"http:\/\/bit.ly\/2J7BN7l\" target=\"_blank\" rel=\"noopener noreferrer\" data-stringify-link=\"http:\/\/bit.ly\/2J7BN7l\" data-sk=\"tooltip_parent\" data-remove-tab-index=\"true\">UFF<\/a><\/i><i data-stringify-type=\"italic\">).<\/i><\/p>\n<hr \/>\n<h4>Support\u00a0RioOnWatch\u2019s tireless, critical and cutting-edge hyperlocal journalism, online community organizing meetings, and direct support to favelas\u00a0<a href=\"http:\/\/bit.ly\/FavelaCovidResponse\" target=\"_blank\" rel=\"noopener\">by clicking here<\/a>.<\/h4>\n","protected":false},"excerpt":{"rendered":"<div class=\"mh-excerpt\"><p>Clique aqui para Portugu\u00eas The &#8216;right to the favela&#8217;\u2014a social, political and pedagogical position in defense of the right to life, development, and rootedness in the favelas\u2014is disrupted daily by the &#8216;right to public security&#8217; <a class=\"mh-excerpt-more\" href=\"https:\/\/rioonwatch.org\/?p=73720\" title=\"Rio de Janeiro\u2019s \u2018Governor of Massacres\u2019 as an Affront to the &#8216;Right to the Favela&#8217;\">[&#8230;]<\/a><\/p>\n<\/div>","protected":false},"author":238,"featured_media":73756,"comment_status":"closed","ping_status":"closed","sticky":false,"template":"template-full.php","format":"standard","meta":{"_monsterinsights_skip_tracking":false,"_monsterinsights_sitenote_active":false,"_monsterinsights_sitenote_note":"","_monsterinsights_sitenote_category":0,"footnotes":""},"categories":[1668,1328,2242,335,329,328,336],"tags":[3496,1913,1552,1493,356,2469,2630,2713,280,3149,32,479,552,3131,3612,26,25,3520,499,2449,1862,918,37,2485,2910,2481,809,1189,1539,2137,123,2600,268,2444,2878],"writer":[3125],"translator":[3452],"illustrator":[3418],"photographer":[],"class_list":{"0":"post-73720","1":"post","2":"type-post","3":"status-publish","4":"format-standard","5":"has-post-thumbnail","7":"category-participationwatch","8":"category-by-community-contributors","9":"category-democracy","10":"category-policies","11":"category-solutions","12":"category-understanding-rio","13":"category-violations","14":"tag-2022-elections","15":"tag-amnesty-international","16":"tag-avenida-brasil","17":"tag-bonsucesso","18":"tag-bope","19":"tag-caveirao","20":"tag-civil-police","21":"tag-claudio-castro","22":"tag-complexo-da-mare","23":"tag-complexo-da-penha","24":"tag-complexo-do-alemao","25":"tag-democracy","26":"tag-evangelical-church","27":"tag-fogo-cruzado","28":"tag-harm-reduction","29":"tag-housing-rights","30":"tag-human-rights","31":"tag-integrated-city","32":"tag-jacarezinho","33":"tag-marielle-franco","34":"tag-mental-health","35":"tag-military-police","36":"tag-north-zone","37":"tag-olaria","38":"tag-police-massacre","39":"tag-police-violence","40":"tag-public-security","41":"tag-racism","42":"tag-raizes-em-movimento","43":"tag-ramos","44":"tag-religion","45":"tag-right-to-the-favela","46":"tag-state-violence","47":"tag-war-on-drugs","48":"tag-wilson-witzel","49":"writer-tatiana-lima","50":"translator-staff","51":"illustrator-david-amen"},"_links":{"self":[{"href":"https:\/\/rioonwatch.org\/index.php?rest_route=\/wp\/v2\/posts\/73720","targetHints":{"allow":["GET"]}}],"collection":[{"href":"https:\/\/rioonwatch.org\/index.php?rest_route=\/wp\/v2\/posts"}],"about":[{"href":"https:\/\/rioonwatch.org\/index.php?rest_route=\/wp\/v2\/types\/post"}],"author":[{"embeddable":true,"href":"https:\/\/rioonwatch.org\/index.php?rest_route=\/wp\/v2\/users\/238"}],"replies":[{"embeddable":true,"href":"https:\/\/rioonwatch.org\/index.php?rest_route=%2Fwp%2Fv2%2Fcomments&post=73720"}],"version-history":[{"count":0,"href":"https:\/\/rioonwatch.org\/index.php?rest_route=\/wp\/v2\/posts\/73720\/revisions"}],"wp:featuredmedia":[{"embeddable":true,"href":"https:\/\/rioonwatch.org\/index.php?rest_route=\/wp\/v2\/media\/73756"}],"wp:attachment":[{"href":"https:\/\/rioonwatch.org\/index.php?rest_route=%2Fwp%2Fv2%2Fmedia&parent=73720"}],"wp:term":[{"taxonomy":"category","embeddable":true,"href":"https:\/\/rioonwatch.org\/index.php?rest_route=%2Fwp%2Fv2%2Fcategories&post=73720"},{"taxonomy":"post_tag","embeddable":true,"href":"https:\/\/rioonwatch.org\/index.php?rest_route=%2Fwp%2Fv2%2Ftags&post=73720"},{"taxonomy":"writer","embeddable":true,"href":"https:\/\/rioonwatch.org\/index.php?rest_route=%2Fwp%2Fv2%2Fwriter&post=73720"},{"taxonomy":"translator","embeddable":true,"href":"https:\/\/rioonwatch.org\/index.php?rest_route=%2Fwp%2Fv2%2Ftranslator&post=73720"},{"taxonomy":"illustrator","embeddable":true,"href":"https:\/\/rioonwatch.org\/index.php?rest_route=%2Fwp%2Fv2%2Fillustrator&post=73720"},{"taxonomy":"photographer","embeddable":true,"href":"https:\/\/rioonwatch.org\/index.php?rest_route=%2Fwp%2Fv2%2Fphotographer&post=73720"}],"curies":[{"name":"wp","href":"https:\/\/api.w.org\/{rel}","templated":true}]}}