{"id":73823,"date":"2023-02-20T10:46:50","date_gmt":"2023-02-20T13:46:50","guid":{"rendered":"https:\/\/rioonwatch.org\/?p=73823"},"modified":"2023-02-21T12:57:28","modified_gmt":"2023-02-21T15:57:28","slug":"rio-de-janeiro-carnival-2023-north-zone-street-samburbio-parades-keep-carnival-alive-at-its-roots","status":"publish","type":"post","link":"https:\/\/rioonwatch.org\/?p=73823","title":{"rendered":"Rio de Janeiro Carnival 2023: North Zone Street &#8216;Samb\u00farbio&#8217; Parades Keep Carnival Alive At Its Roots"},"content":{"rendered":"<figure id=\"attachment_73827\" aria-describedby=\"caption-attachment-73827\" style=\"width: 2480px\" class=\"wp-caption aligncenter\"><a href=\"https:\/\/rioonwatch.org\/wp-content\/uploads\/2023\/02\/Arte-original-por-Natalia-S.-Flores.jpg\"><img fetchpriority=\"high\" decoding=\"async\" class=\"wp-image-73827 size-full\" title=\"Original art by Nat\u00e1lia S. Flores\" src=\"https:\/\/rioonwatch.org\/wp-content\/uploads\/2023\/02\/Arte-original-por-Natalia-S.-Flores.jpg\" alt=\"\" width=\"2480\" height=\"1055\" srcset=\"https:\/\/rioonwatch.org\/wp-content\/uploads\/2023\/02\/Arte-original-por-Natalia-S.-Flores.jpg 2480w, https:\/\/rioonwatch.org\/wp-content\/uploads\/2023\/02\/Arte-original-por-Natalia-S.-Flores-620x264.jpg 620w, https:\/\/rioonwatch.org\/wp-content\/uploads\/2023\/02\/Arte-original-por-Natalia-S.-Flores-1479x629.jpg 1479w, https:\/\/rioonwatch.org\/wp-content\/uploads\/2023\/02\/Arte-original-por-Natalia-S.-Flores-768x327.jpg 768w\" sizes=\"(max-width: 2480px) 100vw, 2480px\" \/><\/a><figcaption id=\"caption-attachment-73827\" class=\"wp-caption-text\">Original art by Nat\u00e1lia S. Flores<\/figcaption><\/figure>\n<p style=\"text-align: right;\"><a href=\"https:\/\/bit.ly\/3XyDIWU\" target=\"_blank\" rel=\"noopener noreferrer\"><strong><em>Clique aqui para Portugu\u00eas<img decoding=\"async\" class=\"size-full wp-image-23766 alignright\" src=\"https:\/\/www.rioonwatch.org\/wp-content\/uploads\/2012\/08\/PT-e1439583827971.png\" width=\"20\" height=\"20\" \/><\/em><\/strong><\/a><\/p>\n<p>Rio de Janeiro&#8217;s <a href=\"https:\/\/bit.ly\/3auyLsX\" target=\"_blank\" rel=\"noopener\">carnival<\/a> is famous worldwide for its <a href=\"http:\/\/bit.ly\/3EgC19O\" target=\"_blank\" rel=\"noopener\">samba school parades<\/a> at the <a href=\"http:\/\/bit.ly\/37rfbMg\" target=\"_blank\" rel=\"noopener\">Marqu\u00eas de Sapuca\u00ed Sambadrome<\/a> and the big street parties\u2014known as <a href=\"https:\/\/bit.ly\/3xhURHN\" target=\"_blank\" rel=\"noopener\">blocos<\/a>\u2014which attract huge crowds in <a href=\"http:\/\/bit.ly\/1p1GMFc\" target=\"_blank\" rel=\"noopener\">Central Rio<\/a> and the <a href=\"http:\/\/bit.ly\/1pfz23A\" target=\"_blank\" rel=\"noopener\">South Zone<\/a>. Tourists from other cities, states, and countries occupy hotels, fill the beaches, dress up in costumes, go around these two zones of the city, and think they know the Rio carnival. Yet, despite this being the carnival publicized in commercials and marketing and which gets extensive coverage by the mainstream media, carnival in Rio is much more that this. Carnival in Rio de Janeiro&#8217;s North Zone where the festival first developed, isn&#8217;t generally seen as part of the tourist carnival circuit. The carnival industry effectively disjoins the festival from its origins.<\/p>\n<figure id=\"attachment_73828\" aria-describedby=\"caption-attachment-73828\" style=\"width: 300px\" class=\"wp-caption alignright\"><a href=\"https:\/\/rioonwatch.org\/wp-content\/uploads\/2023\/02\/Gregorio-criador-da-Samburbio-e-proprietario-da-Casa-de-Jorge-Tatiana-e-Wallace-diretores-da-Samburbio.jpg\"><img decoding=\"async\" class=\"wp-image-73828\" title=\"Greg\u00f3rio (Samb\u00farbio creator and owner of Casa de Jorge), Tatiana and W\u00e1llace (Samb\u00farbio directors), at the 1st Samb\u00farbio, Carnival 2022. Photo: Personal archive\" src=\"https:\/\/rioonwatch.org\/wp-content\/uploads\/2023\/02\/Gregorio-criador-da-Samburbio-e-proprietario-da-Casa-de-Jorge-Tatiana-e-Wallace-diretores-da-Samburbio.jpg\" alt=\"\" width=\"300\" height=\"400\" srcset=\"https:\/\/rioonwatch.org\/wp-content\/uploads\/2023\/02\/Gregorio-criador-da-Samburbio-e-proprietario-da-Casa-de-Jorge-Tatiana-e-Wallace-diretores-da-Samburbio.jpg 1200w, https:\/\/rioonwatch.org\/wp-content\/uploads\/2023\/02\/Gregorio-criador-da-Samburbio-e-proprietario-da-Casa-de-Jorge-Tatiana-e-Wallace-diretores-da-Samburbio-465x620.jpg 465w, https:\/\/rioonwatch.org\/wp-content\/uploads\/2023\/02\/Gregorio-criador-da-Samburbio-e-proprietario-da-Casa-de-Jorge-Tatiana-e-Wallace-diretores-da-Samburbio-472x629.jpg 472w, https:\/\/rioonwatch.org\/wp-content\/uploads\/2023\/02\/Gregorio-criador-da-Samburbio-e-proprietario-da-Casa-de-Jorge-Tatiana-e-Wallace-diretores-da-Samburbio-768x1024.jpg 768w\" sizes=\"(max-width: 300px) 100vw, 300px\" \/><\/a><figcaption id=\"caption-attachment-73828\" class=\"wp-caption-text\">Greg\u00f3rio (Samb\u00farbio creator and owner of Casa de Jorge), Tatiana and W\u00e1llace (Samb\u00farbio directors), at the 1st Samb\u00farbio, 2022. Photo: Personal archive<\/figcaption><\/figure>\n<p>The first samba school contest was held in the <a href=\"http:\/\/bit.ly\/2IgR5qe\" target=\"_blank\" rel=\"noopener\">North Zone<\/a>. In 1929, <a href=\"http:\/\/bit.ly\/3XZJiTf\" target=\"_blank\" rel=\"noopener\">Z\u00e9 Espinguela<\/a>, founder of the <a href=\"http:\/\/bit.ly\/2EA97Um\" target=\"_blank\" rel=\"noopener\">Esta\u00e7\u00e3o Primeira de Mangueira<\/a> samba school, opened up his home\u2014now the <a href=\"http:\/\/bit.ly\/3JGWJmP\" target=\"_blank\" rel=\"noopener\">Arranco do Engenho de Dentro Samba School<\/a>\u2014so that the <a href=\"https:\/\/bit.ly\/3XtQIgz\" target=\"_blank\" rel=\"noopener\">ranchos carnavalescos<\/a> [the forerunners of today&#8217;s samba schools] of the time could compete and determine the best carnival presentation: Mangueira, <a href=\"http:\/\/bit.ly\/40YAajP\" target=\"_blank\" rel=\"noopener\">Conjunto Oswaldo Cruz (now Portela)<\/a>, and <a href=\"https:\/\/bit.ly\/3Xtaj04\" target=\"_blank\" rel=\"noopener\">Deixa Falar<\/a> (the first ever samba school, which led to today&#8217;s\u00a0<a href=\"http:\/\/bit.ly\/3Ix0tpX\" target=\"_blank\" rel=\"noopener\">Est\u00e1cio de S\u00e1<\/a>). Almost a century later, there&#8217;s a similar movement just a few kilometers away in <a href=\"http:\/\/bit.ly\/3KgwXGl\" target=\"_blank\" rel=\"noopener\">Quintino Bocai\u00fava<\/a>: the Samb\u00farbio.<\/p>\n<p>Established in 2022, Samb\u00farbio is the shortened name for the Rio de Janeiro Suburban Street Blocos League. The project aims to revitalize street carnival in the post-industrial, heavily populated North Zone suburbs, recovering its local character and maximizing the potential of the Greater <a href=\"https:\/\/bit.ly\/34IKfog\" target=\"_blank\" rel=\"noopener\">Madureira<\/a> region. The idea is to host big carnival processions like those of the past. Greg\u00f3rio Filho, 57, is a Quintino resident, creator of Samb\u00farbio, and owner of the neighborhood samba stronghold <span style=\"font-weight: 400;\"><a href=\"https:\/\/bit.ly\/3Xuf0qH\" target=\"_blank\" rel=\"noopener\">Casa de Jorge<\/a><\/span>. He explains:<\/p>\n<blockquote><p>&#8220;The idea of having a parade bringing suburban street blocos together is giving our region a different type of leisure activity. This is why the League is called Samb\u00farbio. Our aim is for suburban blocos to gain more respect and more life, like the blocos in the South Zone which have public investment and receive support from various entities. We&#8217;re trying to do this here, to give more leisure and represent residents.&#8221; \u2014 Greg\u00f3rio Filho<\/p><\/blockquote>\n<p><iframe title=\"YouTube video player\" src=\"https:\/\/www.youtube.com\/embed\/nf7nZYgOIHA\" width=\"1030\" height=\"563\" frameborder=\"0\" allowfullscreen=\"allowfullscreen\" data-mce-fragment=\"1\"><span data-mce-type=\"bookmark\" style=\"display: inline-block; width: 0px; overflow: hidden; line-height: 0;\" class=\"mce_SELRES_start\">\ufeff<\/span><\/iframe><\/p>\n<p>Three neighborhood blocos took part in the first Samb\u00farbio parade in 2022. The Suburban League podium had the <a href=\"https:\/\/bit.ly\/3XCxTrG\" target=\"_blank\" rel=\"noopener\">Alegria de Quintino<\/a> samba school as champion, <a href=\"http:\/\/bit.ly\/3RLSpoh\" target=\"_blank\" rel=\"noopener\">Bola Club<\/a> in second place, and Quem \u00e9 Corno Me Acompanha in third. According to event organizers, 600 people attended the 2022 Samb\u00farbio Carnival in the streets of Quintino.<\/p>\n<figure id=\"attachment_73830\" aria-describedby=\"caption-attachment-73830\" style=\"width: 300px\" class=\"wp-caption alignright\"><a href=\"https:\/\/rioonwatch.org\/wp-content\/uploads\/2023\/02\/Mario-Porto-presidente-do-Alegria-de-Quintino-campeao-da-Samburbio-2022.-Arquivo-pessoal.jpg\"><img loading=\"lazy\" decoding=\"async\" class=\"wp-image-73830\" title=\"M\u00e1rio Porto, president of Alegria de Quintino, 2022 Samb\u00farbio champion, adorned with special award medals for his team: Grabbing the Avenue and Union Team. Photo: Personal archive\" src=\"https:\/\/rioonwatch.org\/wp-content\/uploads\/2023\/02\/Mario-Porto-presidente-do-Alegria-de-Quintino-campeao-da-Samburbio-2022.-Arquivo-pessoal.jpg\" alt=\"\" width=\"300\" height=\"400\" srcset=\"https:\/\/rioonwatch.org\/wp-content\/uploads\/2023\/02\/Mario-Porto-presidente-do-Alegria-de-Quintino-campeao-da-Samburbio-2022.-Arquivo-pessoal.jpg 867w, https:\/\/rioonwatch.org\/wp-content\/uploads\/2023\/02\/Mario-Porto-presidente-do-Alegria-de-Quintino-campeao-da-Samburbio-2022.-Arquivo-pessoal-465x620.jpg 465w, https:\/\/rioonwatch.org\/wp-content\/uploads\/2023\/02\/Mario-Porto-presidente-do-Alegria-de-Quintino-campeao-da-Samburbio-2022.-Arquivo-pessoal-472x629.jpg 472w, https:\/\/rioonwatch.org\/wp-content\/uploads\/2023\/02\/Mario-Porto-presidente-do-Alegria-de-Quintino-campeao-da-Samburbio-2022.-Arquivo-pessoal-768x1024.jpg 768w\" sizes=\"(max-width: 300px) 100vw, 300px\" \/><\/a><figcaption id=\"caption-attachment-73830\" class=\"wp-caption-text\">M\u00e1rio Porto, president of Alegria de Quintino, 2022 Samb\u00farbio champion, adorned with special award medals for his team: Grabbing the Avenue and Union Team. Photo: Personal archive<\/figcaption><\/figure>\n<p>As well as the competition trophies for best bloco, the event gave medals to teams as special awards for certain aspects. In 2022, blocos were awarded in the following categories<span style=\"font-weight: 400;\">: <\/span><\/p>\n<ul>\n<li>Grabbing the Avenue (enthusiasm) \u21d2 Alegria de Quintino<\/li>\n<li>People&#8217;s Team \u21d2 Quem \u00e9 Corno Me Acompanha<\/li>\n<li>Union Team (fair-play) \u21d2 Alegria de Quintino<\/li>\n<li>Best Master of Ceremonies and Flag Bearer Couple \u21d2 Jo\u00e3o Fernandes, also known as \u201cJo\u00e3ozinho Flusudo,\u201d and Ana Vit\u00f3ria, both from Bola Club<\/li>\n<li>Best Performance \u21d2 L\u00e9o Garcia, from Bola Club<\/li>\n<li>Best Original Samba \u21d2 Neguinho, Tide, Oswaldo de Quintino, Leandro Rocha, and L\u00e9o Gargia, from Bola Club<\/li>\n<li>Best Rhythm Section \u21d2 Mestre Grelha, from Alegria de Quintino<\/li>\n<li>Best Personality \u21d2 Flauzina Macedo da Rocha, from Bola Club<\/li>\n<\/ul>\n<p>All the categories are judged by a jury selected by the organization. These are generally renowned samba figures from the region which have no connection with the teams competing at carnival.<\/p>\n<p>For its second edition in 2023, the Samb\u00farbio parade took place from 3-9pm on carnival Sunday, February 19. The blocos gathered on Rua da Rep\u00fablica in Quintino and paraded up to the neighborhood bandstand in Pra\u00e7a da Rep\u00fablica. The Samb\u00farbio 2023 parade was supported by the Rio de Janeiro State Culture Secretariat which offered trophies for the three top winners and medals for the special awards. The event took advantage of infrastructure supplied by the <a href=\"http:\/\/bit.ly\/3K9jIaq\" target=\"_blank\" rel=\"noopener\">North Zone Sub-Mayor&#8217;s Office<\/a> for the Pra\u00e7a da Rep\u00fablica carnival and Samb\u00farbio supplies sound cars for the blocos taking part.<\/p>\n<p>The League is still growing. Four days before the start of 2023&#8217;s carnival, Samb\u00farbio had six carnival groups confirmed for the parade: <span style=\"font-weight: 400;\">Alegria de Quintino, Bola Club, Quem \u00e9 Corno Me Acompanha, <a href=\"https:\/\/bit.ly\/3ImppjK\" target=\"_blank\" rel=\"noopener\">Vem Mamar<\/a>, Banda dos Emotivos, and<\/span>\u00a0T\u00f4 na Merda<span style=\"font-weight: 400;\">.<\/span><span style=\"font-weight: 400;\"> Of these, only Vem Mamar isn&#8217;t from Quintino, coming from <a href=\"http:\/\/bit.ly\/3b4s12d\" target=\"_blank\" rel=\"noopener\">Taquara<\/a>.<\/span><\/p>\n<figure id=\"attachment_73831\" aria-describedby=\"caption-attachment-73831\" style=\"width: 1030px\" class=\"wp-caption aligncenter\"><a href=\"https:\/\/rioonwatch.org\/wp-content\/uploads\/2023\/02\/Trofeus.png\"><img loading=\"lazy\" decoding=\"async\" class=\"wp-image-73831\" title=\"Samb\u00farbio 2022 Carnival prize trophies. Photo: Bola Club Bloco\" src=\"https:\/\/rioonwatch.org\/wp-content\/uploads\/2023\/02\/Trofeus.png\" alt=\"\" width=\"1030\" height=\"1126\" srcset=\"https:\/\/rioonwatch.org\/wp-content\/uploads\/2023\/02\/Trofeus.png 1169w, https:\/\/rioonwatch.org\/wp-content\/uploads\/2023\/02\/Trofeus-567x620.png 567w, https:\/\/rioonwatch.org\/wp-content\/uploads\/2023\/02\/Trofeus-575x629.png 575w, https:\/\/rioonwatch.org\/wp-content\/uploads\/2023\/02\/Trofeus-768x840.png 768w\" sizes=\"(max-width: 1030px) 100vw, 1030px\" \/><\/a><figcaption id=\"caption-attachment-73831\" class=\"wp-caption-text\">Samb\u00farbio 2022 Carnival prize trophies. Photo: Bola Club Bloco<\/figcaption><\/figure>\n<p>One of the Bola Club bloco founders, Leandro Rocha, 37, explains the importance of Samb\u00farbio and initiatives that put the recovery of samba memory in the streets, above all for suburban residents.<\/p>\n<blockquote><p>&#8220;A region that has big samba schools like <a href=\"http:\/\/bit.ly\/3dtaFR4\" target=\"_blank\" rel=\"noopener\"><span style=\"font-weight: 400;\">Imp\u00e9rio Serrano<\/span><\/a><span style=\"font-weight: 400;\"> and <\/span><span style=\"font-weight: 400;\">Portela, as well as smaller ones like <a href=\"http:\/\/bit.ly\/3HNC3a1\" target=\"_blank\" rel=\"noopener\">Rosa De Ouro<\/a>, <a href=\"https:\/\/bit.ly\/3I2ypsS\" target=\"_blank\" rel=\"noopener\">Arrast\u00e3o de Cascadura<\/a>, and <a href=\"http:\/\/bit.ly\/3lsLW5L\" target=\"_blank\" rel=\"noopener\">Tradi\u00e7\u00e3o<\/a>, doesn&#8217;t appear in the listings of street bloco guides. Aside from the\u00a0<a href=\"http:\/\/bit.ly\/3lvkEva\" target=\"_blank\" rel=\"noopener\">Intendente Magalh\u00e3es<\/a> parade, residents in the suburbs don&#8217;t have the means to go to South Zone and there are few options to enjoy the street carnival in our own suburb.&#8221; <\/span>\u2014 Leandro Rocha<\/p><\/blockquote>\n<figure id=\"attachment_73832\" aria-describedby=\"caption-attachment-73832\" style=\"width: 1030px\" class=\"wp-caption aligncenter\"><a href=\"https:\/\/rioonwatch.org\/wp-content\/uploads\/2023\/02\/Ana-Vitoria-porta-bandeira-do-Bola-Club.jpg\"><img loading=\"lazy\" decoding=\"async\" class=\"wp-image-73832\" title=\"At the 1st Samb\u00farbio during the 2022 Carnival, Ana Vit\u00f3ria (Bola Club flag bearer), Carliana Muniz (first lady), Leandro Rocha (Bola Club president), N\u00edcolas Vieira (rhythm and under-11 team player), Dayane Fran\u00e7a dos Santos (vice president), Guilherme Arthur (rhythm and now under-14 player), Oswaldo de Quintino (composer), Adriano Neguinho (Vem Mamar composer and president), and Bhianca Cristine (mother of the two boys and Bola Club fiscal council president). Behind, Samuel (rhythm) and Mestre Carlos Alberto (drumming director). Photo: Personal archive\" src=\"https:\/\/rioonwatch.org\/wp-content\/uploads\/2023\/02\/Ana-Vitoria-porta-bandeira-do-Bola-Club.jpg\" alt=\"\" width=\"1030\" height=\"579\" srcset=\"https:\/\/rioonwatch.org\/wp-content\/uploads\/2023\/02\/Ana-Vitoria-porta-bandeira-do-Bola-Club.jpg 1334w, https:\/\/rioonwatch.org\/wp-content\/uploads\/2023\/02\/Ana-Vitoria-porta-bandeira-do-Bola-Club-620x349.jpg 620w, https:\/\/rioonwatch.org\/wp-content\/uploads\/2023\/02\/Ana-Vitoria-porta-bandeira-do-Bola-Club-1119x629.jpg 1119w, https:\/\/rioonwatch.org\/wp-content\/uploads\/2023\/02\/Ana-Vitoria-porta-bandeira-do-Bola-Club-768x432.jpg 768w\" sizes=\"(max-width: 1030px) 100vw, 1030px\" \/><\/a><figcaption id=\"caption-attachment-73832\" class=\"wp-caption-text\">At the 1st Samb\u00farbio during the 2022 carnival, Ana Vit\u00f3ria (Bola Club flag bearer), Carliana Muniz (first lady), Leandro Rocha (Bola Club president), N\u00edcolas Vieira (rhythm and under-11 team player), Dayane Fran\u00e7a dos Santos (vice-president), Guilherme Arthur (rhythm and now under-14 player), Oswaldo de Quintino (composer), Adriano Neguinho (Vem Mamar composer and president), and Bhianca Cristine (mother of the two boys and Bola Club fiscal council president). Behind, Samuel (rhythm) and Mestre Carlos Alberto (drumming director). Photo: Personal archive<\/figcaption><\/figure>\n<p>The organization is dreaming big: they long for Samb\u00farbio to be part of Rio de Janeiro&#8217;s official street blocos listings for the 2024 carnival, or even for an out-of-season carnival in 2023:<\/p>\n<blockquote>\n<figure id=\"attachment_73833\" aria-describedby=\"caption-attachment-73833\" style=\"width: 300px\" class=\"wp-caption alignright\"><a href=\"https:\/\/rioonwatch.org\/wp-content\/uploads\/2023\/02\/Gregorio-criador-da-Samburbio-e-proprietario-da-Casa-de-Jorge-Wallace-diretor-da-Samburbio-Oswaldo-de-Quintino-compositor-do-Bola-Club-e-Leandro-Rocha-compositor-e-presidente-do-Bola-Club.jpg\"><img loading=\"lazy\" decoding=\"async\" class=\"wp-image-73833\" title=\"director), Oswaldo de Quintino (Bola Club composer), and Leandro Rocha (Bola Club composer and president) at the 1st Samb\u00farbio in 2022. Photo: Personal archive\" src=\"https:\/\/rioonwatch.org\/wp-content\/uploads\/2023\/02\/Gregorio-criador-da-Samburbio-e-proprietario-da-Casa-de-Jorge-Wallace-diretor-da-Samburbio-Oswaldo-de-Quintino-compositor-do-Bola-Club-e-Leandro-Rocha-compositor-e-presidente-do-Bola-Club.jpg\" alt=\"\" width=\"300\" height=\"400\" srcset=\"https:\/\/rioonwatch.org\/wp-content\/uploads\/2023\/02\/Gregorio-criador-da-Samburbio-e-proprietario-da-Casa-de-Jorge-Wallace-diretor-da-Samburbio-Oswaldo-de-Quintino-compositor-do-Bola-Club-e-Leandro-Rocha-compositor-e-presidente-do-Bola-Club.jpg 1200w, https:\/\/rioonwatch.org\/wp-content\/uploads\/2023\/02\/Gregorio-criador-da-Samburbio-e-proprietario-da-Casa-de-Jorge-Wallace-diretor-da-Samburbio-Oswaldo-de-Quintino-compositor-do-Bola-Club-e-Leandro-Rocha-compositor-e-presidente-do-Bola-Club-465x620.jpg 465w, https:\/\/rioonwatch.org\/wp-content\/uploads\/2023\/02\/Gregorio-criador-da-Samburbio-e-proprietario-da-Casa-de-Jorge-Wallace-diretor-da-Samburbio-Oswaldo-de-Quintino-compositor-do-Bola-Club-e-Leandro-Rocha-compositor-e-presidente-do-Bola-Club-472x629.jpg 472w, https:\/\/rioonwatch.org\/wp-content\/uploads\/2023\/02\/Gregorio-criador-da-Samburbio-e-proprietario-da-Casa-de-Jorge-Wallace-diretor-da-Samburbio-Oswaldo-de-Quintino-compositor-do-Bola-Club-e-Leandro-Rocha-compositor-e-presidente-do-Bola-Club-768x1024.jpg 768w\" sizes=\"(max-width: 300px) 100vw, 300px\" \/><\/a><figcaption id=\"caption-attachment-73833\" class=\"wp-caption-text\">Greg\u00f3rio (Samb\u00farbio creator and Casa de Jorge owner), W\u00e1llace (Samb\u00farbio director), Oswaldo de Quintino (Bola Club composer), and Leandro Rocha (Bola Club composer and president) at the 1st Samb\u00farbio in 2022. Photo: Personal archive<\/figcaption><\/figure>\n<p><span style=\"font-weight: 400;\">\u201cThere&#8217;s a proposal from the City to do [an out-of-season] carnival with street blocos at the Sambadrome in July 2023 [called <a href=\"http:\/\/bit.ly\/3DVTC6N\" target=\"_blank\" rel=\"noopener\">CarnaRio<\/a>]. I don&#8217;t know where this proposal stands, but once Samb\u00farbio has been made official, I think we should ask for recognition from <a href=\"http:\/\/bit.ly\/3DTrnFK\" target=\"_blank\" rel=\"noopener\">Riotur<\/a> [Rio tourism body] and the top three blocos should participate<\/span><span style=\"font-weight: 400;\">.\u201d \u2014 Leandro Rocha<\/span><\/p><\/blockquote>\n<p>Samb\u00farbio doesn&#8217;t yet have social media or official contact channels, like a lot of the blocos referenced in this report. To sign a bloco up for the parade or for more information, get in touch with<span style=\"font-weight: 400;\"> organizer Greg\u00f3rio Filho via <em>WhatsApp:<\/em> +55 (21) 992179950.\u00a0<\/span><\/p>\n<p><em>About the author: <a href=\"https:\/\/bit.ly\/3BY8eCD\" target=\"_blank\" rel=\"noopener\">Felipe Migliani<\/a>\u00a0has a degree in journalism from Unicarioca with a focus on Investigative Journalism. Working as an independent journalist and freelance reporter at Meia Hora and Estad\u00e3o newspapers, he collaborates with the\u00a0<a href=\"https:\/\/bit.ly\/3BJ3Tmu\" target=\"_blank\" rel=\"noopener\">Coletivo Engenhos de Hist\u00f3rias<\/a>, which investigates and recovers history and memories from the Grande M\u00e9ier region, and with\u00a0<a href=\"https:\/\/bit.ly\/3vHDkdv\" target=\"_blank\" rel=\"noopener\">PerifaConnection<\/a>.<\/em><\/p>\n<p><em>About the artist:\u00a0<\/em><a href=\"https:\/\/bit.ly\/2Umam3o\"><em>Natalia de Souza Flores<\/em><\/a><em>\u00a0was born and raised in Rio de Janeiro\u2019s North Zone and is a member of\u00a0<\/em><em><a href=\"https:\/\/bit.ly\/3xbZnrY\">Brabas Crew<\/a><\/em><em>. With a degree in Graphic Design from Unigranrio in 2017, she has worked as a designer since 2015. She launched a magazine of collective comics called \u2018T\u00e1 no Gibi\u2019 in 2017 at the Rio Book Biennial. Her main themes are based in African culture, using cyberpunk, wicca and indigenous elements.\u00a0<\/em><\/p>\n<hr \/>\n<div class=\"entry-content clearfix\">\n<h4>Support\u00a0RioOnWatch\u2019s tireless, critical and cutting-edge hyperlocal journalism, online community organizing meetings, and direct support to favelas\u00a0<a href=\"http:\/\/bit.ly\/FavelaCovidResponse\" target=\"_blank\" rel=\"noopener\">by clicking here<\/a>.<\/h4>\n<\/div>\n","protected":false},"excerpt":{"rendered":"<div class=\"mh-excerpt\"><p>Clique aqui para Portugu\u00eas Rio de Janeiro&#8217;s carnival is famous worldwide for its samba school parades at the Marqu\u00eas de Sapuca\u00ed Sambadrome and the big street parties\u2014known as blocos\u2014which attract huge crowds in Central Rio <a class=\"mh-excerpt-more\" href=\"https:\/\/rioonwatch.org\/?p=73823\" title=\"Rio de Janeiro Carnival 2023: North Zone Street &#8216;Samb\u00farbio&#8217; Parades Keep Carnival Alive At Its Roots\">[&#8230;]<\/a><\/p>\n<\/div>","protected":false},"author":245,"featured_media":73827,"comment_status":"closed","ping_status":"closed","sticky":false,"template":"template-full.php","format":"standard","meta":{"_monsterinsights_skip_tracking":false,"_monsterinsights_sitenote_active":false,"_monsterinsights_sitenote_note":"","_monsterinsights_sitenote_category":0,"footnotes":""},"categories":[1288,1328,1268,1271,1670,329],"tags":[662,504,3469,2622,35,746,37,420,571,156,458,194],"writer":[3512],"translator":[3452],"illustrator":[3440],"photographer":[],"class_list":{"0":"post-73823","1":"post","2":"type-post","3":"status-publish","4":"format-standard","5":"has-post-thumbnail","7":"category-highlight","8":"category-by-community-contributors","9":"category-favelaculture","10":"category-favelaqualities","11":"category-favela-tourism","12":"category-solutions","13":"tag-afro-brazilian-culture","14":"tag-culture","15":"tag-engenho-de-dentro","16":"tag-event","17":"tag-madureira","18":"tag-mangueira","19":"tag-north-zone","20":"tag-carnival","21":"tag-samba","22":"tag-south-zone","23":"tag-street-culture","24":"tag-tourism","25":"writer-felipe-migliani","26":"translator-staff","27":"illustrator-natalia-de-souza-flores"},"_links":{"self":[{"href":"https:\/\/rioonwatch.org\/index.php?rest_route=\/wp\/v2\/posts\/73823","targetHints":{"allow":["GET"]}}],"collection":[{"href":"https:\/\/rioonwatch.org\/index.php?rest_route=\/wp\/v2\/posts"}],"about":[{"href":"https:\/\/rioonwatch.org\/index.php?rest_route=\/wp\/v2\/types\/post"}],"author":[{"embeddable":true,"href":"https:\/\/rioonwatch.org\/index.php?rest_route=\/wp\/v2\/users\/245"}],"replies":[{"embeddable":true,"href":"https:\/\/rioonwatch.org\/index.php?rest_route=%2Fwp%2Fv2%2Fcomments&post=73823"}],"version-history":[{"count":0,"href":"https:\/\/rioonwatch.org\/index.php?rest_route=\/wp\/v2\/posts\/73823\/revisions"}],"wp:featuredmedia":[{"embeddable":true,"href":"https:\/\/rioonwatch.org\/index.php?rest_route=\/wp\/v2\/media\/73827"}],"wp:attachment":[{"href":"https:\/\/rioonwatch.org\/index.php?rest_route=%2Fwp%2Fv2%2Fmedia&parent=73823"}],"wp:term":[{"taxonomy":"category","embeddable":true,"href":"https:\/\/rioonwatch.org\/index.php?rest_route=%2Fwp%2Fv2%2Fcategories&post=73823"},{"taxonomy":"post_tag","embeddable":true,"href":"https:\/\/rioonwatch.org\/index.php?rest_route=%2Fwp%2Fv2%2Ftags&post=73823"},{"taxonomy":"writer","embeddable":true,"href":"https:\/\/rioonwatch.org\/index.php?rest_route=%2Fwp%2Fv2%2Fwriter&post=73823"},{"taxonomy":"translator","embeddable":true,"href":"https:\/\/rioonwatch.org\/index.php?rest_route=%2Fwp%2Fv2%2Ftranslator&post=73823"},{"taxonomy":"illustrator","embeddable":true,"href":"https:\/\/rioonwatch.org\/index.php?rest_route=%2Fwp%2Fv2%2Fillustrator&post=73823"},{"taxonomy":"photographer","embeddable":true,"href":"https:\/\/rioonwatch.org\/index.php?rest_route=%2Fwp%2Fv2%2Fphotographer&post=73823"}],"curies":[{"name":"wp","href":"https:\/\/api.w.org\/{rel}","templated":true}]}}