{"id":73940,"date":"2023-03-30T11:06:37","date_gmt":"2023-03-30T14:06:37","guid":{"rendered":"https:\/\/rioonwatch.org\/?p=73940"},"modified":"2023-08-14T09:07:50","modified_gmt":"2023-08-14T12:07:50","slug":"the-criminal-and-the-vagrant-brazilian-mass-medias-bloody-discourse-defends-white-privilege-and-sentences-favelas-editorial","status":"publish","type":"post","link":"https:\/\/rioonwatch.org\/?p=73940","title":{"rendered":"The Criminal and the Vagrant: Brazilian Mass Media&#8217;s Bloody Discourse Defends White Privilege and Sentences Favelas [EDITORIAL]"},"content":{"rendered":"<figure id=\"attachment_73941\" aria-describedby=\"caption-attachment-73941\" style=\"width: 1486px\" class=\"wp-caption aligncenter\"><a href=\"https:\/\/rioonwatch.org\/wp-content\/uploads\/2023\/02\/Arte-original-por-Estevao-Ribeiro-1486x629-1.jpeg\"><img fetchpriority=\"high\" decoding=\"async\" class=\"wp-image-73941 size-full\" title=\"Original art by Estev\u00e3o Ribeiro\" src=\"https:\/\/rioonwatch.org\/wp-content\/uploads\/2023\/02\/Arte-original-por-Estevao-Ribeiro-1486x629-1.jpeg\" alt=\"\" width=\"1486\" height=\"629\" srcset=\"https:\/\/rioonwatch.org\/wp-content\/uploads\/2023\/02\/Arte-original-por-Estevao-Ribeiro-1486x629-1.jpeg 1486w, https:\/\/rioonwatch.org\/wp-content\/uploads\/2023\/02\/Arte-original-por-Estevao-Ribeiro-1486x629-1-620x262.jpeg 620w, https:\/\/rioonwatch.org\/wp-content\/uploads\/2023\/02\/Arte-original-por-Estevao-Ribeiro-1486x629-1-768x325.jpeg 768w\" sizes=\"(max-width: 1486px) 100vw, 1486px\" \/><\/a><figcaption id=\"caption-attachment-73941\" class=\"wp-caption-text\">Original art by Estev\u00e3o Ribeiro<\/figcaption><\/figure>\n<p style=\"text-align: right;\"><a href=\"https:\/\/bit.ly\/3m57h5t\" target=\"_blank\" rel=\"noopener noreferrer\"><strong><em>Clique aqui para Portugu\u00eas<img decoding=\"async\" class=\"size-full wp-image-23766 alignright\" src=\"https:\/\/www.rioonwatch.org\/wp-content\/uploads\/2012\/08\/PT-e1439583827971.png\" width=\"20\" height=\"20\" \/><\/em><\/strong><\/a><\/p>\n<p><span style=\"font-weight: 400;\">Last year on June 22, veteran<\/span><span style=\"font-weight: 400;\"><em> <a href=\"https:\/\/bit.ly\/3wLsL9o\" target=\"_blank\" rel=\"noopener\">CNN Brasil<\/a> <\/em>commentator <a href=\"http:\/\/bit.ly\/3EKCUHY\" target=\"_blank\" rel=\"noopener\">Boris Casoy<\/a> gave his <a href=\"http:\/\/bit.ly\/3JuEVuP\" target=\"_blank\" rel=\"noopener\">analysis<\/a> of the pre-trial detention of <a href=\"http:\/\/bit.ly\/3SCPhvx\" target=\"_blank\" rel=\"noopener\">Milton Ribeiro<\/a> in Santos, S\u00e3o Paulo. Former education minister for then-president <a href=\"https:\/\/bit.ly\/354OHC6\" target=\"_blank\" rel=\"noopener\">Jair Bolsonaro<\/a>, Ribeiro was accused of having committed at least four crimes: influence peddling, malfeasance, active corruption, and passive corruption. <em>CNN Brasil<\/em>&#8216;s Casoy commented on the proceedings saying: \u201cThe police are sometimes very reckless. It seems to me they want to resolve cases quickly. This is very dangerous. We don\u2019t know the facts surrounding this arrest. It\u2019s necessary to proceed with much caution, as we may be seeing a lynching.\u201d<\/span><\/p>\n<p><span style=\"font-weight: 400;\">Before Casoy made this comment, his co-anchor <a href=\"http:\/\/bit.ly\/3HpukyD\" target=\"_blank\" rel=\"noopener\">Rafael Colombo<\/a> had exercised even more caution saying that \u201ceverything leads us to think the facts are consistent, but we must always emphasize the presumption of innocence. We all have the right [to be presumed innocent until proven guilty].\u201d<\/span><\/p>\n<p><iframe title=\"Boris Casoy: Milton Ribeiro est\u00e1 sendo submetido a processo de linchamento | NOVO DIA\" width=\"500\" height=\"281\" src=\"https:\/\/www.youtube.com\/embed\/HI7qPjh56rI?feature=oembed\" frameborder=\"0\" allow=\"accelerometer; autoplay; clipboard-write; encrypted-media; gyroscope; picture-in-picture; web-share\" referrerpolicy=\"strict-origin-when-cross-origin\" allowfullscreen><\/iframe><\/p>\n<p><span style=\"font-weight: 400;\">Almost a month later, this zeal to emphasize the presumption of innocence\u2014which was reserved for Bolsonaro&#8217;s minister\u2014was nowhere to be seen in the <em>CNN Brasil<\/em> report on yet another <a href=\"http:\/\/bit.ly\/1evfX5S\" target=\"_blank\" rel=\"noopener\">Military Police<\/a> operation in the favelas of <a href=\"http:\/\/bit.ly\/2YtwzN6\" target=\"_blank\" rel=\"noopener\">Complexo do Alem\u00e3o<\/a> in Rio de Janeiro&#8217;s <a href=\"http:\/\/bit.ly\/30j9YjF\" target=\"_blank\" rel=\"noopener\">North Zone<\/a>. <a href=\"http:\/\/bit.ly\/41ugbcN\" target=\"_blank\" rel=\"noopener\">18 favela residents were executed<\/a> during the operation, making it <a href=\"http:\/\/bit.ly\/3RqcTD1\" target=\"_blank\" rel=\"noopener\">the fourth most lethal police massacre<\/a> in the history of Rio de Janeiro. Instead of a court ruling based on evidence and lawful sentencing, as in the case of Milton Ribeiro, Black and poor favela residents <\/span><span style=\"font-weight: 400;\">were executed extrajudicially, in an instant, without regard for their right to presumption of innocence, right to defend themselves, right to an attorney, or to a just legal proceeding. In the favela, people sometimes don&#8217;t even have a right to be arrested: they\u2019re executed. It\u2019s common to hear mothers sobbing for their children who are victims of the State: \u201c<a href=\"https:\/\/bit.ly\/3YStcuT\" target=\"_blank\" rel=\"noopener\">Why have they killed my child?<\/a>\u201d They want to understand, and they ask \u201c[If they thought he was guilty] why didn\u2019t they arrest him?\u201d In favelas, people are still fighting for the right to be democratically detained and tried when suspected of a crime.\u00a0<\/span><\/p>\n<p><span style=\"font-weight: 400;\">In just one year under the administration of <a href=\"https:\/\/bit.ly\/2XkgcQB\" target=\"_blank\" rel=\"noopener\">Governor Cl\u00e1udio Castro<\/a>, Rio de Janeiro has seen <a href=\"https:\/\/bit.ly\/3Ccd9Ps\" target=\"_blank\" rel=\"noopener\">39 massacres with 178 left dead by police<\/a>. This information comes from a study carried out by the <a href=\"https:\/\/bit.ly\/2Me0OA1\" target=\"_blank\" rel=\"noopener\">Fogo Cruzado Institute<\/a>, which collects data on armed violence in conjunction with the Study Group on the New Illegalities at the Fluminense Federal University\u00a0(<a href=\"https:\/\/bit.ly\/3ZdaI8L\" target=\"_blank\" rel=\"noopener\">GENI-UFF<\/a>).<\/span><\/p>\n<figure id=\"attachment_73942\" aria-describedby=\"caption-attachment-73942\" style=\"width: 2000px\" class=\"wp-caption aligncenter\"><a href=\"https:\/\/rioonwatch.org\/wp-content\/uploads\/2023\/02\/Claudio-Castro-Fernando-FrazaoAgencia-Brasil.png\"><img decoding=\"async\" class=\"wp-image-73942 size-full\" title=\"Cl\u00e1udio Castro. Photo: Fernando Fraz\u00e3o\/Ag\u00eancia Brasil\" src=\"https:\/\/rioonwatch.org\/wp-content\/uploads\/2023\/02\/Claudio-Castro-Fernando-FrazaoAgencia-Brasil.png\" alt=\"\" width=\"2000\" height=\"1230\" srcset=\"https:\/\/rioonwatch.org\/wp-content\/uploads\/2023\/02\/Claudio-Castro-Fernando-FrazaoAgencia-Brasil.png 2000w, https:\/\/rioonwatch.org\/wp-content\/uploads\/2023\/02\/Claudio-Castro-Fernando-FrazaoAgencia-Brasil-620x381.png 620w, https:\/\/rioonwatch.org\/wp-content\/uploads\/2023\/02\/Claudio-Castro-Fernando-FrazaoAgencia-Brasil-1023x629.png 1023w, https:\/\/rioonwatch.org\/wp-content\/uploads\/2023\/02\/Claudio-Castro-Fernando-FrazaoAgencia-Brasil-768x472.png 768w\" sizes=\"(max-width: 2000px) 100vw, 2000px\" \/><\/a><figcaption id=\"caption-attachment-73942\" class=\"wp-caption-text\">Cl\u00e1udio Castro. Photo: Fernando Fraz\u00e3o | <em>Ag\u00eancia Brasil<\/em><\/figcaption><\/figure>\n<p><span style=\"font-weight: 400;\">However, when we look at the <a href=\"http:\/\/bit.ly\/1MoIGcv\" target=\"_blank\" rel=\"noopener\">media narrative<\/a>\u2014which relativizes the police powers to arrest as much as their powers to use lethal force\u2014the differences between how subjects of different <a href=\"https:\/\/bit.ly\/3Xd6ufA\" target=\"_blank\" rel=\"noopener\">races, classes, and territories<\/a> are treated is shocking<\/span><span style=\"font-weight: 400;\">. While the former minister is cited with a first name, last name, political trajectory, and the \u201cright to rights,\u201d the people who suffer most from <a href=\"https:\/\/bit.ly\/3RH7veI\" target=\"_blank\" rel=\"noopener\">symbolic, discursive,<\/a> and lethal <a href=\"https:\/\/bit.ly\/3dRrimP\" target=\"_blank\" rel=\"noopener\">police violence<\/a>\u2014Black favela residents\u2014repeatedly find themselves <a href=\"https:\/\/bit.ly\/3m57h5t\" target=\"_blank\" rel=\"noopener\">arrested or sentenced in the absence of evidence<\/a>\u00a0or even legitimate criminal charges.<\/span><\/p>\n<p><span style=\"font-weight: 400;\">When police massacres in the favelas are investigated, the same phrases and language <a href=\"http:\/\/bit.ly\/3JMzZld\" target=\"_blank\" rel=\"noopener\">appear in official inquiries and proceedings<\/a>, as well as in the media, with moralizing and stigmatizing expressions <a href=\"https:\/\/bit.ly\/3H7wZLm\" target=\"_blank\" rel=\"noopener\">ingrained through centuries of structural racism<\/a> about who &#8220;deserves&#8221; to live or die.<\/span><\/p>\n<p><span style=\"font-weight: 400;\">Creating polarization and oppositions which perpetuate social differences is<\/span><span style=\"font-weight: 400;\"> a mechanism of <a href=\"https:\/\/bit.ly\/42cJK2T\" target=\"_blank\" rel=\"noopener\">Portuguese-Brazilian colonialism<\/a> still in active force today. When speaking about the victims of armed conflict and police brutality, anonymizing generalizations such as &#8220;worker,&#8221; &#8220;criminal,&#8221; &#8220;innocent,&#8221; &#8220;suspect,&#8221; and &#8220;vagrant&#8221; are used repeatedly. These words evoke an implicit sense of guilt and innocence, regardless of the right to legal process, fair trial, human rights, or even the law itself. In these cases, the &#8220;extrajudicial courts&#8221; reign supreme, their decisions final, offering no chance of recourse. They operate in the alleyways and side streets, in the streets themselves, exercising the social and discretionary power the police have been granted.\u00a0<\/span><\/p>\n<blockquote><p><span style=\"font-weight: 400;\">\u201cThe mainstream media and the police are judge, prosecutor, and executioner all at the same time.\u201d<\/span><\/p><\/blockquote>\n<p><span style=\"font-weight: 400;\">In contrast with the moral arguments made in support of a State minister accused of crimes against public property, the mainstream media withholds the benefit of the doubt when it comes to favelas. It ignores the presumption of innocence, finding guilt without evidence, repeatedly condemning citizens who were \u201cin the wrong place at the wrong time.\u201d As Boris Casoy said in the case of the minister, the police can be \u201creckless and be hasty to solve cases.\u201d In the case of favelas, this haste translates into the <a href=\"https:\/\/bit.ly\/3tuR07R\" target=\"_blank\" rel=\"noopener\">Jacarezinho massacre<\/a>. Meanwhile in the case of Minister of Education under Bolsonaro, Milton Ribeiro, this haste merely leads to a 24 hour detention in a specially prepared room at the Federal Police headquarters in S\u00e3o Paulo.<\/span><\/p>\n<p><span style=\"font-weight: 400;\">If we analyze Brazil&#8217;s history, the country <a href=\"http:\/\/bit.ly\/PMSeries\" target=\"_blank\" rel=\"noopener\">created its political, judiciary and law enforcement institutions<\/a> to subdue and subjugate the Black enslaved population and their descendants, criminalizing any aspect it can which relates <a href=\"https:\/\/bit.ly\/2XB2ywt\" target=\"_blank\" rel=\"noopener\">to their origins<\/a>, <a href=\"http:\/\/bit.ly\/3jGTKf0\" target=\"_blank\" rel=\"noopener\">beliefs<\/a>, and <a href=\"http:\/\/bit.ly\/3uD0a3P\" target=\"_blank\" rel=\"noopener\">ways of life<\/a>. The most explicit evidence of this is described in detail in Thomas Holloway\u2019s <a href=\"http:\/\/bit.ly\/3SCqVSu\" target=\"_blank\" rel=\"noopener\"><em>Policing in Rio de Janeiro: Repression and Resistance in a 19th-Century City<\/em><\/a>. Holloway outlines how <a href=\"https:\/\/bit.ly\/36tonyn\" target=\"_blank\" rel=\"noopener\">capoeira<\/a> was one of the police&#8217;s favorite targets <a href=\"https:\/\/bit.ly\/3e70NvM\" target=\"_blank\" rel=\"noopener\">following the abolition of slavery<\/a>. The <\/span><i><span style=\"font-weight: 400;\">dance-fight <\/span><\/i><span style=\"font-weight: 400;\">was classified in the category of \u201c<a href=\"https:\/\/bit.ly\/3RMQ50q\" target=\"_blank\" rel=\"noopener\">public order offenses<\/a>\u201d\u2014an undesirable practice which then became a crime. Police work has had a moralizing character since its inception, as it sought to regulate <\/span><span style=\"font-weight: 400;\">the public and private habits of Black people and their territories. As well as invoking crimes against the public order, there were other legal tools allowing the police to regulate and punish \u201cmorally questionable\u201d behaviors that supposedly represented a threat to the moral health of society.<\/span><\/p>\n<p><span style=\"font-weight: 400;\">Based on this, a large grouping of moral categories were created to classify &#8220;the uncivilized,\u201d deciding who can live and who can die, separating who deserves empathy, pity, or hate. Social categories\u2014like capoeira, vagrant, beggar, thief, tramp, criminal, dealer, suspect, <\/span><span style=\"font-weight: 400;\">good citizen,<\/span><span style=\"font-weight: 400;\"> worker, family man, and resident\u2014come to denote judgment sentences, determining the fate of millions of Brazilian citizens.\u00a0<\/span><\/p>\n<h3>Moral Categories with Very Real Consequences<\/h3>\n<p><span style=\"font-weight: 400;\">The hate towards the &#8220;<a href=\"http:\/\/bit.ly\/2ezhkIz\" target=\"_blank\" rel=\"noopener\">Black favela bandit<\/a>&#8221; and as a consequence, <a href=\"http:\/\/bit.ly\/2alCmJC\" target=\"_blank\" rel=\"noopener\">the poor<\/a>, is more than just a product of systematic stereotyping. It\u2019s structural. It shapes and is a part of our historically constructed ways of thinking. Using the same <a href=\"https:\/\/bit.ly\/3JShP1r\" target=\"_blank\" rel=\"noopener\">rhetoric of enslavers<\/a> and scientific racists of past centuries, former Governor <a href=\"http:\/\/bit.ly\/11i8RlW\" target=\"_blank\" rel=\"noopener\">S\u00e9rgio Cabral<\/a> defended the legalization of abortion as a way of containing violence in the state, describing mothers in favelas as \u201c<a href=\"https:\/\/bit.ly\/2GuzMlW\" target=\"_blank\" rel=\"noopener\">factories for criminals<\/a>.\u201d Cabral, however, became a notorious criminal, <a href=\"http:\/\/bit.ly\/3Z7AWcR\" target=\"_blank\" rel=\"noopener\">spending six years in prison<\/a> from November 2016 to December 2022. Even with sentences totaling hundreds of years from multiple <a href=\"http:\/\/bit.ly\/3Z66UGs\" target=\"_blank\" rel=\"noopener\">Operation Car Wash<\/a> corruption convictions, he wasn\u2019t portrayed as a criminal factory; he didn\u2019t have his children, his family, his neighbors, and neighborhood criminalized by the media and apparatus of State repression.<\/span><\/p>\n<p><span style=\"font-weight: 400;\">Like Milton Ribeiro, Cabral is protected by his <a href=\"https:\/\/bit.ly\/3H7wZLm\" target=\"_blank\" rel=\"noopener\">white privilege<\/a> and class. Cabral is not prey to <a href=\"https:\/\/bit.ly\/3EL4TXT\" target=\"_blank\" rel=\"noopener\">criminal subjection<\/a>, a term coined by sociologist <a href=\"https:\/\/bit.ly\/3FmU4vE\" target=\"_blank\" rel=\"noopener\">Michel Misse<\/a>. He is represented and treated as the arrested former governor, the imprisoned politician, or even a political prisoner, but not as a dangerous criminal. He has spent extended periods detained in Military Police and fire department precincts instead of standard prisons, <a href=\"http:\/\/bit.ly\/3YfRFu2\" target=\"_blank\" rel=\"noopener\">demonstrably receiving preferential treatment<\/a>.\u00a0<\/span><span style=\"font-weight: 400;\">He was even granted <a href=\"http:\/\/bit.ly\/2Ju7ICg\" target=\"_blank\" rel=\"noopener\">media access<\/a> and <a href=\"http:\/\/bit.ly\/3XgD93N\" target=\"_blank\" rel=\"noopener\">the right to repent<\/a>, an opportunity which is unthinkable when we consider the <a href=\"http:\/\/bit.ly\/3x7mKEc\" target=\"_blank\" rel=\"noopener\">treatment of Black favela residents<\/a>, especially those arrested for drug trafficking.<\/span><\/p>\n<figure id=\"attachment_73943\" aria-describedby=\"caption-attachment-73943\" style=\"width: 500px\" class=\"wp-caption alignright\"><a href=\"https:\/\/rioonwatch.org\/wp-content\/uploads\/2023\/02\/Adriana-Anselmo-e-seu-marido-o-ex-Governador-do-estado-do-Rio-de-Janeiro-Sergio-Cabral-620x416-1.jpeg\"><img loading=\"lazy\" decoding=\"async\" class=\"wp-image-73943\" title=\"Adriana Anselmo and her husband, former governor Rio de Janeiro state, S\u00e9rgio Cabral\" src=\"https:\/\/rioonwatch.org\/wp-content\/uploads\/2023\/02\/Adriana-Anselmo-e-seu-marido-o-ex-Governador-do-estado-do-Rio-de-Janeiro-Sergio-Cabral-620x416-1.jpeg\" alt=\"Adriana Anselmo and her husband, former governor Rio de Janeiro state, S\u00e9rgio Cabral\" width=\"500\" height=\"335\" \/><\/a><figcaption id=\"caption-attachment-73943\" class=\"wp-caption-text\">Adriana Anselmo and her husband, former Rio de Janeiro governor, S\u00e9rgio Cabral.<\/figcaption><\/figure>\n<p><span style=\"font-weight: 400;\">According to common consensus, the \u201cvagrant\u201d that puts society at risk is generally the Black favela resident. The criminal in a suit and tie is still a suspect until they have been prosecuted and judged. Once convicted, they can count on custodial hearings, three judicial bodies, appeals, the right to <a href=\"http:\/\/bit.ly\/3Z9w32M\" target=\"_blank\" rel=\"noopener\"><em>habeas corpus<\/em><\/a>, to home arrest, <a href=\"http:\/\/bit.ly\/3SC75GP\" target=\"_blank\" rel=\"noopener\">to use an electronic ankle monitor<\/a>, to pay bail, or even the <a href=\"http:\/\/bit.ly\/3Iahbvg\" target=\"_blank\" rel=\"noopener\">right to release for being a mother<\/a>. This occurred in the case of Cabral\u2019s wife, Adriana Anselmo. Despite being <a href=\"http:\/\/bit.ly\/3lbznvc\" target=\"_blank\" rel=\"noopener\">sentenced to 18 years and three months imprisonment<\/a> for money laundering and being the beneficiary of the network of corruption orchestrated by her husband, she had her release approved on account of <a href=\"http:\/\/bit.ly\/3xbuG7z\" target=\"_blank\" rel=\"noopener\">having children under 12 years old<\/a>. Supreme Court Justice <a href=\"http:\/\/bit.ly\/3FlnMBf\" target=\"_blank\" rel=\"noopener\">Gilmar Mendes<\/a> made the ruling based on the fact of her motherhood, so there wouldn\u2019t be &#8220;excessive punishment&#8221; for the mother or the child.\u00a0<\/span><\/p>\n<p><span style=\"font-weight: 400;\">Meanwhile, millions of other <a href=\"http:\/\/bit.ly\/3HO9UQa\" target=\"_blank\" rel=\"noopener\">mothers remain behind bars<\/a> and thousands of <a href=\"http:\/\/bit.ly\/3kwowvW\" target=\"_blank\" rel=\"noopener\">mothers give birth in prisons<\/a> every year in Brazil. While, according to Gilmar Mendes, Anselmo and her children are victims of the punishment the State handed down for the crime she was proven to have committed, millions of others do not have the right to defense nor to a fair trial.<\/span><\/p>\n<p><span style=\"font-weight: 400;\">Based on recent emblematic cases of official and media narratives, we can state that the social categories which moralize and justify the <a href=\"http:\/\/bit.ly\/2j12aOS\" target=\"_blank\" rel=\"noopener\">elimination of the other<\/a> are just as responsible for massacres and Brazil&#8217;s Black genocide as police bullets. The police, members of the Judiciary and the Public Prosecutor&#8217;s Office act according to what is socially legitimate and, therefore, are moralizing agents, steeped in the morality of public opinion. <a href=\"https:\/\/bit.ly\/3maPk5q\" target=\"_blank\" rel=\"noopener\">If the media and society legitimize extrajudicial murders<\/a> and assassinations as a way of handing out justice, this is what the police will deliver. Changing the discourse about where and to whom these categories apply could have a positive impact in the middle and long term, reducing the levels of police lethality in favelas and peripheral neighborhoods. A new journalistic pedagogy is needed.\u00a0<\/span><\/p>\n<p><em>About the artist:\u00a0<a href=\"https:\/\/bit.ly\/3gUzysE\" target=\"_blank\" rel=\"noopener\">Estev\u00e3o Ribeiro<\/a>\u00a0is a writer, illustrator and screenwriter. He is the author of the anti-racist comic strip\u00a0<a href=\"https:\/\/bit.ly\/3rMn1cY\" target=\"_blank\" rel=\"noopener\">R\u00ea Tinta<\/a>, published on Instagram @renatatinta.<\/em><\/p>\n<hr \/>\n<h4>Support\u00a0<em>RioOnWatch<\/em>\u2019s tireless, critical and cutting-edge hyperlocal journalism, online community organizing meetings, and direct support to favelas\u00a0<a href=\"http:\/\/bit.ly\/DonateToRioOnWatch\">by clicking here.<\/a><\/h4>\n","protected":false},"excerpt":{"rendered":"<div class=\"mh-excerpt\"><p>Clique aqui para Portugu\u00eas Last year on June 22, veteran CNN Brasil commentator Boris Casoy gave his analysis of the pre-trial detention of Milton Ribeiro in Santos, S\u00e3o Paulo. Former education minister for then-president Jair <a class=\"mh-excerpt-more\" href=\"https:\/\/rioonwatch.org\/?p=73940\" title=\"The Criminal and the Vagrant: Brazilian Mass Media&#8217;s Bloody Discourse Defends White Privilege and Sentences Favelas [EDITORIAL]\">[&#8230;]<\/a><\/p>\n<\/div>","protected":false},"author":240,"featured_media":73941,"comment_status":"closed","ping_status":"closed","sticky":false,"template":"template-full.php","format":"standard","meta":{"_monsterinsights_skip_tracking":false,"_monsterinsights_sitenote_active":false,"_monsterinsights_sitenote_note":"","_monsterinsights_sitenote_category":0,"footnotes":""},"categories":[2637,1288,1331,336],"tags":[169,2713,32,1396,479,3131,3014,25,499,2597,1117,1900,1366,918,2999,37,15,2286,2910,2481,2773,3393,668,268,453,3435,2323,3446],"writer":[921],"translator":[3572],"illustrator":[3539],"photographer":[],"class_list":{"0":"post-73940","1":"post","2":"type-post","3":"status-publish","4":"format-standard","5":"has-post-thumbnail","7":"category-mediawatch","8":"category-highlight","9":"category-opinion-2","10":"category-violations","11":"tag-capoeira","12":"tag-claudio-castro","13":"tag-complexo-do-alemao","14":"tag-criminalization-of-poverty","15":"tag-democracy","16":"tag-fogo-cruzado","17":"tag-genocide","18":"tag-human-rights","19":"tag-jacarezinho","20":"tag-jair-bolsonaro","21":"tag-journalism","22":"tag-media-narrative","23":"tag-analyzing-media-portrayal-of-favelas","24":"tag-military-police","25":"tag-necropolitics","26":"tag-north-zone","27":"tag-pacifying-police-unit","28":"tag-pl","29":"tag-police-massacre","30":"tag-police-violence","31":"tag-prosecutors-office","32":"tag-representation","33":"tag-governor-sergio-cabral","34":"tag-state-violence","35":"tag-stigma","36":"tag-structural-racism","37":"tag-ufrj","38":"tag-white-privilege","39":"writer-rioonwatch","40":"translator-angus-beazley","41":"illustrator-estevao-ribeiro"},"_links":{"self":[{"href":"https:\/\/rioonwatch.org\/index.php?rest_route=\/wp\/v2\/posts\/73940","targetHints":{"allow":["GET"]}}],"collection":[{"href":"https:\/\/rioonwatch.org\/index.php?rest_route=\/wp\/v2\/posts"}],"about":[{"href":"https:\/\/rioonwatch.org\/index.php?rest_route=\/wp\/v2\/types\/post"}],"author":[{"embeddable":true,"href":"https:\/\/rioonwatch.org\/index.php?rest_route=\/wp\/v2\/users\/240"}],"replies":[{"embeddable":true,"href":"https:\/\/rioonwatch.org\/index.php?rest_route=%2Fwp%2Fv2%2Fcomments&post=73940"}],"version-history":[{"count":0,"href":"https:\/\/rioonwatch.org\/index.php?rest_route=\/wp\/v2\/posts\/73940\/revisions"}],"wp:featuredmedia":[{"embeddable":true,"href":"https:\/\/rioonwatch.org\/index.php?rest_route=\/wp\/v2\/media\/73941"}],"wp:attachment":[{"href":"https:\/\/rioonwatch.org\/index.php?rest_route=%2Fwp%2Fv2%2Fmedia&parent=73940"}],"wp:term":[{"taxonomy":"category","embeddable":true,"href":"https:\/\/rioonwatch.org\/index.php?rest_route=%2Fwp%2Fv2%2Fcategories&post=73940"},{"taxonomy":"post_tag","embeddable":true,"href":"https:\/\/rioonwatch.org\/index.php?rest_route=%2Fwp%2Fv2%2Ftags&post=73940"},{"taxonomy":"writer","embeddable":true,"href":"https:\/\/rioonwatch.org\/index.php?rest_route=%2Fwp%2Fv2%2Fwriter&post=73940"},{"taxonomy":"translator","embeddable":true,"href":"https:\/\/rioonwatch.org\/index.php?rest_route=%2Fwp%2Fv2%2Ftranslator&post=73940"},{"taxonomy":"illustrator","embeddable":true,"href":"https:\/\/rioonwatch.org\/index.php?rest_route=%2Fwp%2Fv2%2Fillustrator&post=73940"},{"taxonomy":"photographer","embeddable":true,"href":"https:\/\/rioonwatch.org\/index.php?rest_route=%2Fwp%2Fv2%2Fphotographer&post=73940"}],"curies":[{"name":"wp","href":"https:\/\/api.w.org\/{rel}","templated":true}]}}