{"id":73958,"date":"2023-02-17T18:27:56","date_gmt":"2023-02-17T21:27:56","guid":{"rendered":"https:\/\/rioonwatch.org\/?p=73958"},"modified":"2023-03-26T19:10:15","modified_gmt":"2023-03-26T22:10:15","slug":"environmental-racism-laid-bare-in-sao-goncalo-as-alcantara-public-school-closed-indefinitely-after-repeated-february-floods","status":"publish","type":"post","link":"https:\/\/rioonwatch.org\/?p=73958","title":{"rendered":"Environmental Racism Laid Bare in S\u00e3o Gon\u00e7alo as Alc\u00e2ntara Public School Closed Indefinitely After Repeated February Floods"},"content":{"rendered":"<figure id=\"attachment_73974\" aria-describedby=\"caption-attachment-73974\" style=\"width: 1600px\" class=\"wp-caption aligncenter\"><a href=\"https:\/\/rioonwatch.org\/wp-content\/uploads\/2023\/02\/Parede-manchada-de-lama.-Foto-Christian-Ferreira.jpeg\"><img fetchpriority=\"high\" decoding=\"async\" class=\"wp-image-73974 size-full\" title=\"Mud-stained wall at the Pandi\u00e1 Cal\u00f3geras State School from flooding that occurred on February 7, 2023. Photo: Christian Ferreira\" src=\"https:\/\/rioonwatch.org\/wp-content\/uploads\/2023\/02\/Parede-manchada-de-lama.-Foto-Christian-Ferreira.jpeg\" alt=\"\" width=\"1600\" height=\"900\" srcset=\"https:\/\/rioonwatch.org\/wp-content\/uploads\/2023\/02\/Parede-manchada-de-lama.-Foto-Christian-Ferreira.jpeg 1600w, https:\/\/rioonwatch.org\/wp-content\/uploads\/2023\/02\/Parede-manchada-de-lama.-Foto-Christian-Ferreira-620x349.jpeg 620w, https:\/\/rioonwatch.org\/wp-content\/uploads\/2023\/02\/Parede-manchada-de-lama.-Foto-Christian-Ferreira-1118x629.jpeg 1118w, https:\/\/rioonwatch.org\/wp-content\/uploads\/2023\/02\/Parede-manchada-de-lama.-Foto-Christian-Ferreira-768x432.jpeg 768w\" sizes=\"(max-width: 1600px) 100vw, 1600px\" \/><\/a><figcaption id=\"caption-attachment-73974\" class=\"wp-caption-text\">Mud-stained wall at the Pandi\u00e1 Cal\u00f3geras State School from flooding that occurred on February 7, 2023. Photo: Christian Ferreira<\/figcaption><\/figure>\n<h4 style=\"text-align: right;\"><a href=\"https:\/\/bit.ly\/3IcZaem\" target=\"_blank\" rel=\"noopener\"><span class=\"s1\"><em>Clique aqui para Portugu\u00eas<\/em><\/span><em><span class=\"s2\"><span class=\"Apple-converted-space\"><img decoding=\"async\" class=\"alignright size-full wp-image-23766\" src=\"https:\/\/www.rioonwatch.org\/wp-content\/uploads\/2012\/08\/PT-e1439583827971.png\" width=\"20\" height=\"20\" \/><\/span><\/span><\/em><\/a><\/h4>\n<p class=\"p2\"><em><img decoding=\"async\" class=\"alignright wp-image-66801\" src=\"https:\/\/rioonwatch.org\/wp-content\/uploads\/2021\/08\/SDSU-300x102.png\" sizes=\"(max-width: 200px) 100vw, 200px\" srcset=\"https:\/\/rioonwatch.org\/wp-content\/uploads\/2021\/08\/SDSU-300x102.png 300w, https:\/\/rioonwatch.org\/wp-content\/uploads\/2021\/08\/SDSU-1024x348.png 1024w, https:\/\/rioonwatch.org\/wp-content\/uploads\/2021\/08\/SDSU-768x261.png 768w, https:\/\/rioonwatch.org\/wp-content\/uploads\/2021\/08\/SDSU-1536x523.png 1536w, https:\/\/rioonwatch.org\/wp-content\/uploads\/2021\/08\/SDSU.png 1934w\" alt=\"\" width=\"200\" height=\"68\" \/><\/em><\/p>\n<p><em>This is our latest article in<\/em><em>\u00a0a\u00a0<a href=\"http:\/\/bit.ly\/SDSUFavelaRightsSeries\" target=\"_blank\" rel=\"noopener\">series<\/a>\u00a0created in partnership with the\u00a0<a href=\"http:\/\/bit.ly\/SDSUBehnerCenter\" target=\"_blank\" rel=\"noopener\">Behner Stiefel Center for Brazilian Studies<\/a>\u00a0at San Diego State University, to produce articles for the\u00a0<a href=\"https:\/\/bit.ly\/SDSUDigitalBrazilProject\" target=\"_blank\" rel=\"noopener\">Digital Brazil Project<\/a>\u00a0on water issues and the LGBTQIAP+ population in Rio\u2019s favelas and in the Baixada Fluminense\u00a0<\/em><em>for RioOnWatch.<\/em><\/p>\n<p>In the week between February 7 and 13, the <a href=\"http:\/\/bit.ly\/3XoBcCD\" target=\"_blank\" rel=\"noopener\">Pandi\u00e1 Cal\u00f3geras State School<\/a> in the <a href=\"http:\/\/bit.ly\/40Gs5jD\" target=\"_blank\" rel=\"noopener\">Alc\u00e2ntara<\/a> neighborhood of <a href=\"http:\/\/bit.ly\/2LUU23h\" target=\"_blank\" rel=\"noopener\">S\u00e3o Gon\u00e7alo<\/a> in the <a href=\"http:\/\/bit.ly\/2IqnU52\" target=\"_blank\" rel=\"noopener\">Greater Rio metropolitan region<\/a> flooded three times due to heavy rainfall. On <a href=\"http:\/\/bit.ly\/3JX8tl4\" target=\"_blank\" rel=\"noopener\">Tuesday, February 7<\/a>, the ground floor was completely submerged causing significant losses to the school. The building was once again flooded during <a href=\"http:\/\/bit.ly\/3XpzG3b\" target=\"_blank\" rel=\"noopener\">the storm on Saturday, February 11<\/a>, as a neighboring stream overflowed and tore down a wall separating it from the school. As a result, the school has been indefinitely shut down by the <a href=\"http:\/\/bit.ly\/31wT6aw\" target=\"_blank\" rel=\"noopener\">Civil Defense<\/a>, according to the State Education Secretariat (<a href=\"http:\/\/bit.ly\/3i8hNTO\" target=\"_blank\" rel=\"noopener\">Seeduc<\/a>) in a statement issued in response to a request for this article. Two days later, <a href=\"http:\/\/bit.ly\/3E5RLMK\" target=\"_blank\" rel=\"noopener\">the storm on Monday, February 13<\/a> meant S\u00e3o Gon\u00e7alo was hit by an extreme weather event for a third time, facing yet again the consequences of the lack of infrastructure and preparedness to handle such weather conditions. Once again, the Pandi\u00e1 Cal\u00f3geras school flooded.<\/p>\n<figure id=\"attachment_73975\" aria-describedby=\"caption-attachment-73975\" style=\"width: 1030px\" class=\"wp-caption aligncenter\"><a href=\"https:\/\/rioonwatch.org\/wp-content\/uploads\/2023\/02\/O-muro-do-Colegio-Estadual-Pandia-desabou-com-a-forca-da-agua-da-chuva-de-11-de-fevereiro.-Foto-Amanda-Ares-scaled-1.jpg\"><img loading=\"lazy\" decoding=\"async\" class=\"wp-image-73975\" title=\"The wall of the Pandi\u00e1 State School collapsed with the force of rainwater on February 11. The school mirrors the situation in the city, which has suffered flooding in early February 2023. Photo: Amanda Ares\" src=\"https:\/\/rioonwatch.org\/wp-content\/uploads\/2023\/02\/O-muro-do-Colegio-Estadual-Pandia-desabou-com-a-forca-da-agua-da-chuva-de-11-de-fevereiro.-Foto-Amanda-Ares-scaled-1.jpg\" alt=\"\" width=\"1030\" height=\"463\" srcset=\"https:\/\/rioonwatch.org\/wp-content\/uploads\/2023\/02\/O-muro-do-Colegio-Estadual-Pandia-desabou-com-a-forca-da-agua-da-chuva-de-11-de-fevereiro.-Foto-Amanda-Ares-scaled-1.jpg 2560w, https:\/\/rioonwatch.org\/wp-content\/uploads\/2023\/02\/O-muro-do-Colegio-Estadual-Pandia-desabou-com-a-forca-da-agua-da-chuva-de-11-de-fevereiro.-Foto-Amanda-Ares-scaled-1-620x279.jpg 620w, https:\/\/rioonwatch.org\/wp-content\/uploads\/2023\/02\/O-muro-do-Colegio-Estadual-Pandia-desabou-com-a-forca-da-agua-da-chuva-de-11-de-fevereiro.-Foto-Amanda-Ares-scaled-1-1398x629.jpg 1398w, https:\/\/rioonwatch.org\/wp-content\/uploads\/2023\/02\/O-muro-do-Colegio-Estadual-Pandia-desabou-com-a-forca-da-agua-da-chuva-de-11-de-fevereiro.-Foto-Amanda-Ares-scaled-1-768x346.jpg 768w\" sizes=\"(max-width: 1030px) 100vw, 1030px\" \/><\/a><figcaption id=\"caption-attachment-73975\" class=\"wp-caption-text\">The wall of the Pandi\u00e1 State School collapsed with the force of rainwater on February 11. The school mirrors the situation in the city, which has suffered flooding in early February 2023. Photo: Amanda Ares<\/figcaption><\/figure>\n<p>The academic year for the Pandi\u00e1 Cal\u00f3geras State School&#8217;s students was originally <a href=\"https:\/\/bit.ly\/3YMhxgN\" target=\"_blank\" rel=\"noopener\">scheduled to begin on February 6<\/a>, in line with the State Education Network&#8217;s calendar. However, due to the trail of destruction left in the school after February 7, it became impossible to resume classes on the week of February 6. Despite the concerted efforts of school employees and Seeduc, who provided emergency assistance and carried out thorough cleaning, classes could not resume the following Monday as anticipated due to heavy rainfall on February 11 and 13. As a result, there&#8217;s currently no forecast for when the school&#8217;s academic year can begin.<\/p>\n<figure id=\"attachment_73976\" aria-describedby=\"caption-attachment-73976\" style=\"width: 1080px\" class=\"wp-caption aligncenter\"><a href=\"https:\/\/rioonwatch.org\/wp-content\/uploads\/2023\/02\/corredor-enlameado.-Foto-Christian-Ferreira.png\"><img loading=\"lazy\" decoding=\"async\" class=\"wp-image-73976 size-full\" title=\"A muddy hallway at the Pandi\u00e1 Cal\u00f3geras State School. Photo: Christian Ferreira\" src=\"https:\/\/rioonwatch.org\/wp-content\/uploads\/2023\/02\/corredor-enlameado.-Foto-Christian-Ferreira.png\" alt=\"\" width=\"1080\" height=\"1920\" srcset=\"https:\/\/rioonwatch.org\/wp-content\/uploads\/2023\/02\/corredor-enlameado.-Foto-Christian-Ferreira.png 1080w, https:\/\/rioonwatch.org\/wp-content\/uploads\/2023\/02\/corredor-enlameado.-Foto-Christian-Ferreira-349x620.png 349w, https:\/\/rioonwatch.org\/wp-content\/uploads\/2023\/02\/corredor-enlameado.-Foto-Christian-Ferreira-354x629.png 354w, https:\/\/rioonwatch.org\/wp-content\/uploads\/2023\/02\/corredor-enlameado.-Foto-Christian-Ferreira-768x1365.png 768w\" sizes=\"(max-width: 1080px) 100vw, 1080px\" \/><\/a><figcaption id=\"caption-attachment-73976\" class=\"wp-caption-text\">A muddy hallway at the Pandi\u00e1 Cal\u00f3geras State School. Photo: Christian Ferreira<\/figcaption><\/figure>\n<p>During <a href=\"https:\/\/bit.ly\/41jEZ7s\" target=\"_blank\" rel=\"noopener\">the storm on Tuesday, February 7\u2014which hit the entire Metropolitan Region<\/a>\u2014<a href=\"https:\/\/bit.ly\/3XqJaex\" target=\"_blank\" rel=\"noopener\">S\u00e3o Gon\u00e7alo recorded the greatest amount of rainfall<\/a> in the state of Rio: 199mm in 24 hours, 44mm in Alc\u00e2ntara alone where the school&#8217;s located. Due to the substantial amount of rainfall and government neglect, the stream adjacent to Pandi\u00e1 Cal\u00f3geras State School overflowed, resulting in the ground floor of the school being completely submerged and causing thousands of <em>reais<\/em> worth of school supplies to be lost. The storm was so severe that it triggered nine landslide warning sirens in S\u00e3o Gon\u00e7alo, in the neighborhoods of Arsenal, Barro Vermelho, Covanca, Engenho Pequeno, Nova Gr\u00e9cia, Novo M\u00e9xico, Sete Pontes, Tenente Jardim, and Venda da Cruz.<\/p>\n<p><iframe src=\"https:\/\/drive.google.com\/file\/d\/1FxKtMhhQSDbi18SfoqZp6OCQTUajff1x\/preview\" width=\"640\" height=\"480\"><\/iframe><\/p>\n<p>On Saturday night, February 11, both the city and the school were once again flooded. Only this time, the rain that fell in the school region was even more intense: <a href=\"https:\/\/bit.ly\/3K8hoAh\" target=\"_blank\" rel=\"noopener\">in Alc\u00e2ntara alone, it rained 88mm<\/a>. As a result, the water level at the school was higher on February 11 compared to February 7, and the ground floor was almost entirely submerged, as evident from the security camera footage of the school. During this flood, the Pandi\u00e1 Cal\u00f3geras State School&#8217;s wall collapsed, leading to the closure of the building.<\/p>\n<figure id=\"attachment_73977\" aria-describedby=\"caption-attachment-73977\" style=\"width: 900px\" class=\"wp-caption aligncenter\"><a href=\"https:\/\/rioonwatch.org\/wp-content\/uploads\/2023\/02\/Segunda-inundacao-do-Colegio-Estadual-Pandia-no-mes-de-fev.-Foto-Imagem-de-seguranca.jpg\"><img loading=\"lazy\" decoding=\"async\" class=\"wp-image-73977 size-full\" title=\"Second flood of Pandi\u00e1 State School, on Saturday, February 11. Image from the school's security cameras.\" src=\"https:\/\/rioonwatch.org\/wp-content\/uploads\/2023\/02\/Segunda-inundacao-do-Colegio-Estadual-Pandia-no-mes-de-fev.-Foto-Imagem-de-seguranca.jpg\" alt=\"\" width=\"900\" height=\"1600\" srcset=\"https:\/\/rioonwatch.org\/wp-content\/uploads\/2023\/02\/Segunda-inundacao-do-Colegio-Estadual-Pandia-no-mes-de-fev.-Foto-Imagem-de-seguranca.jpg 900w, https:\/\/rioonwatch.org\/wp-content\/uploads\/2023\/02\/Segunda-inundacao-do-Colegio-Estadual-Pandia-no-mes-de-fev.-Foto-Imagem-de-seguranca-349x620.jpg 349w, https:\/\/rioonwatch.org\/wp-content\/uploads\/2023\/02\/Segunda-inundacao-do-Colegio-Estadual-Pandia-no-mes-de-fev.-Foto-Imagem-de-seguranca-354x629.jpg 354w, https:\/\/rioonwatch.org\/wp-content\/uploads\/2023\/02\/Segunda-inundacao-do-Colegio-Estadual-Pandia-no-mes-de-fev.-Foto-Imagem-de-seguranca-768x1365.jpg 768w\" sizes=\"(max-width: 900px) 100vw, 900px\" \/><\/a><figcaption id=\"caption-attachment-73977\" class=\"wp-caption-text\">Second flood of Pandi\u00e1 State School, on Saturday, February 11. Image from the school&#8217;s security cameras.<\/figcaption><\/figure>\n<p>On February 13, two days after Pandi\u00e1\u2019s second flood, S\u00e3o Gon\u00e7alo experienced its most intense rains of the week according to the Municipal Civil Defense, <a href=\"https:\/\/bit.ly\/3K5ca8m\" target=\"_blank\" rel=\"noopener\">with 200mm of rainfall<\/a>. Closed due to previous rains, the school in Alc\u00e2ntara once again flooded. Throughout the city, there were floods and landslides. In the Engenho Pequeno neighborhood, <a href=\"http:\/\/bit.ly\/3I1wdSt\" target=\"_blank\" rel=\"noopener\">a woman died buried and three people from the same family went missing<\/a>, possibly trapped under the rubble of their own house, which collapsed due to a landslide. After three days of searching, <a href=\"http:\/\/bit.ly\/3Eczi14\" target=\"_blank\" rel=\"noopener\">on Thursday, February 16<\/a>, suspicions were confirmed: the bodies of the father, mother and daughter were recovered from the ruins of the family home by firefighters. As a result of the negligence of authorities and the rain of Monday, February 13, four people lost their lives in S\u00e3o Gon\u00e7alo.<\/p>\n<p>Floods are common in the Greater Rio metropolitan area and expose the lack of infrastructure and government action. In the specific case of S\u00e3o Gon\u00e7alo\u2014which has the <a href=\"http:\/\/bit.ly\/3Zuc6Dw\" target=\"_blank\" rel=\"noopener\">second largest population in the state<\/a> and is <a href=\"http:\/\/bit.ly\/3YCpBAQ\" target=\"_blank\" rel=\"noopener\">55% Black<\/a>, according to the latest Brazilian Institute of Geography and Statistics (<a href=\"http:\/\/bit.ly\/2N99RSB\" target=\"_blank\" rel=\"noopener\">IBGE<\/a>) census\u2014almost two million people could be affected by the neglect from the authorities. Furthermore, S\u00e3o Gon\u00e7alo has one of the <a href=\"http:\/\/bit.ly\/3HUt4E1\" target=\"_blank\" rel=\"noopener\">largest GDPs<\/a> in the state and collects substantial amounts in taxes, which should be invested in the well-being of the population, but unfortunately, this has not been the case.<\/p>\n<h3>Students Fight for Education and Climate Justice<\/h3>\n<p>Unwilling to accept what&#8217;s happened to the school where they studied, former students have organized to expose the situation. According to them, 2,000 young students from favelas and peripheral areas of Alc\u00e2ntara are directly impacted. The group is striving to drive political engagement and raise public attention to those who study in S\u00e3o Gon\u00e7alo during the rainy season.<\/p>\n<figure id=\"attachment_73978\" aria-describedby=\"caption-attachment-73978\" style=\"width: 1024px\" class=\"wp-caption aligncenter\"><a href=\"https:\/\/rioonwatch.org\/wp-content\/uploads\/2023\/02\/Jhully-Anne-e-Cristhian-Foto-Elton-Ortine.jpeg\"><img loading=\"lazy\" decoding=\"async\" class=\"wp-image-73978 size-full\" title=\"Jhuly Anne Val\u00e9rio and Christian Ferreira in the hallways of the school. Photo: Elton Ortine\" src=\"https:\/\/rioonwatch.org\/wp-content\/uploads\/2023\/02\/Jhully-Anne-e-Cristhian-Foto-Elton-Ortine.jpeg\" alt=\"\" width=\"1024\" height=\"683\" srcset=\"https:\/\/rioonwatch.org\/wp-content\/uploads\/2023\/02\/Jhully-Anne-e-Cristhian-Foto-Elton-Ortine.jpeg 1024w, https:\/\/rioonwatch.org\/wp-content\/uploads\/2023\/02\/Jhully-Anne-e-Cristhian-Foto-Elton-Ortine-620x414.jpeg 620w, https:\/\/rioonwatch.org\/wp-content\/uploads\/2023\/02\/Jhully-Anne-e-Cristhian-Foto-Elton-Ortine-943x629.jpeg 943w, https:\/\/rioonwatch.org\/wp-content\/uploads\/2023\/02\/Jhully-Anne-e-Cristhian-Foto-Elton-Ortine-768x512.jpeg 768w\" sizes=\"(max-width: 1024px) 100vw, 1024px\" \/><\/a><figcaption id=\"caption-attachment-73978\" class=\"wp-caption-text\">Jhuly Anne Val\u00e9rio and Christian Ferreira in the hallways of the school. Photo: Elton Ortine<\/figcaption><\/figure>\n<p>Former students <a href=\"http:\/\/bit.ly\/3RPmB1H\" target=\"_blank\" rel=\"noopener\">Jhuly Anne Val\u00e9rio<\/a>, 22, and <a href=\"http:\/\/bit.ly\/3XrZ9st\" target=\"_blank\" rel=\"noopener\">Christian Ferreira<\/a>, 24, recalled a major flood that affected their student lives in 2016. When they saw the same situation repeating itself seven years later, they were angry that the government had not yet solved the problem. The pain of seeing their school submerged in sewage and rainwater, coupled with the impact of missed classes, compelled them to take action. Val\u00e9rio and Ferreira visited the school on Wednesday, February 8, the day after the first flood, to see the damage and try to help school staff.<\/p>\n<figure id=\"attachment_73979\" aria-describedby=\"caption-attachment-73979\" style=\"width: 800px\" class=\"wp-caption aligncenter\"><a href=\"https:\/\/rioonwatch.org\/wp-content\/uploads\/2023\/02\/O-Pandia-em-enchente-de-marco-de-2016.-Imagem-de-arquivo..jpeg\"><img loading=\"lazy\" decoding=\"async\" class=\"wp-image-73979 size-full\" title=\"The Pandi\u00e1 State School during the flood of March 2016. Photo: Pandi\u00e1 Student Council collection\" src=\"https:\/\/rioonwatch.org\/wp-content\/uploads\/2023\/02\/O-Pandia-em-enchente-de-marco-de-2016.-Imagem-de-arquivo..jpeg\" alt=\"\" width=\"800\" height=\"600\" srcset=\"https:\/\/rioonwatch.org\/wp-content\/uploads\/2023\/02\/O-Pandia-em-enchente-de-marco-de-2016.-Imagem-de-arquivo..jpeg 800w, https:\/\/rioonwatch.org\/wp-content\/uploads\/2023\/02\/O-Pandia-em-enchente-de-marco-de-2016.-Imagem-de-arquivo.-620x465.jpeg 620w, https:\/\/rioonwatch.org\/wp-content\/uploads\/2023\/02\/O-Pandia-em-enchente-de-marco-de-2016.-Imagem-de-arquivo.-768x576.jpeg 768w, https:\/\/rioonwatch.org\/wp-content\/uploads\/2023\/02\/O-Pandia-em-enchente-de-marco-de-2016.-Imagem-de-arquivo.-678x509.jpeg 678w, https:\/\/rioonwatch.org\/wp-content\/uploads\/2023\/02\/O-Pandia-em-enchente-de-marco-de-2016.-Imagem-de-arquivo.-326x245.jpeg 326w, https:\/\/rioonwatch.org\/wp-content\/uploads\/2023\/02\/O-Pandia-em-enchente-de-marco-de-2016.-Imagem-de-arquivo.-80x60.jpeg 80w\" sizes=\"(max-width: 800px) 100vw, 800px\" \/><\/a><figcaption id=\"caption-attachment-73979\" class=\"wp-caption-text\">The Pandi\u00e1 State School during the flood of March 2016. Photo: Pandi\u00e1 Student Council collection<\/figcaption><\/figure>\n<p>For them, this geological, climate, and human tragedy is an example of <a href=\"https:\/\/bit.ly\/3OCm8g4\" target=\"_blank\" rel=\"noopener\">environmental racism<\/a> in the city of S\u00e3o Gon\u00e7alo. Val\u00e9rio considers the situation: \u201cDismal! Unfortunately, the situation has repeated itself seven years later. Now, however, with the newly renovated school. The situation is very chaotic.\u201d The duo made a video to show how the school looked the next day and shared it on social media.<\/p>\n<blockquote class=\"instagram-media\" style=\"background: #FFF; border: 0; border-radius: 3px; box-shadow: 0 0 1px 0 rgba(0,0,0,0.5),0 1px 10px 0 rgba(0,0,0,0.15); margin: 1px; max-width: 540px; min-width: 326px; padding: 0; width: calc(100% - 2px);\" data-instgrm-captioned=\"\" data-instgrm-permalink=\"https:\/\/www.instagram.com\/reel\/Coa2q4AOfkC\/?utm_source=ig_embed&amp;utm_campaign=loading\" data-instgrm-version=\"14\">\n<div style=\"padding: 16px;\">\n<p>&nbsp;<\/p>\n<div style=\"display: flex; flex-direction: row; align-items: center;\">\n<div style=\"background-color: #f4f4f4; border-radius: 50%; flex-grow: 0; height: 40px; margin-right: 14px; width: 40px;\"><\/div>\n<div style=\"display: flex; flex-direction: column; flex-grow: 1; justify-content: center;\">\n<div style=\"background-color: #f4f4f4; border-radius: 4px; flex-grow: 0; height: 14px; margin-bottom: 6px; width: 100px;\"><\/div>\n<div style=\"background-color: #f4f4f4; border-radius: 4px; flex-grow: 0; height: 14px; width: 60px;\"><\/div>\n<\/div>\n<\/div>\n<div style=\"padding: 19% 0;\"><\/div>\n<div style=\"display: block; height: 50px; margin: 0 auto 12px; width: 50px;\"><\/div>\n<div style=\"padding-top: 8px;\">\n<div style=\"color: #3897f0; font-family: Arial,sans-serif; font-size: 14px; font-style: normal; font-weight: 550; line-height: 18px;\">View this post on Instagram<\/div>\n<\/div>\n<div style=\"padding: 12.5% 0;\"><\/div>\n<div style=\"display: flex; flex-direction: row; margin-bottom: 14px; align-items: center;\">\n<div>\n<div style=\"background-color: #f4f4f4; border-radius: 50%; height: 12.5px; width: 12.5px; transform: translateX(0px) translateY(7px);\"><\/div>\n<div style=\"background-color: #f4f4f4; height: 12.5px; transform: rotate(-45deg) translateX(3px) translateY(1px); width: 12.5px; flex-grow: 0; margin-right: 14px; margin-left: 2px;\"><\/div>\n<div style=\"background-color: #f4f4f4; border-radius: 50%; height: 12.5px; width: 12.5px; transform: translateX(9px) translateY(-18px);\"><\/div>\n<\/div>\n<div style=\"margin-left: 8px;\">\n<div style=\"background-color: #f4f4f4; border-radius: 50%; flex-grow: 0; height: 20px; width: 20px;\"><\/div>\n<div style=\"width: 0; height: 0; border-top: 2px solid transparent; border-left: 6px solid #f4f4f4; border-bottom: 2px solid transparent; transform: translateX(16px) translateY(-4px) rotate(30deg);\"><\/div>\n<\/div>\n<div style=\"margin-left: auto;\">\n<div style=\"width: 0px; border-top: 8px solid #F4F4F4; border-right: 8px solid transparent; transform: translateY(16px);\"><\/div>\n<div style=\"background-color: #f4f4f4; flex-grow: 0; height: 12px; width: 16px; transform: translateY(-4px);\"><\/div>\n<div style=\"width: 0; height: 0; border-top: 8px solid #F4F4F4; border-left: 8px solid transparent; transform: translateY(-4px) translateX(8px);\"><\/div>\n<\/div>\n<\/div>\n<div style=\"display: flex; flex-direction: column; flex-grow: 1; justify-content: center; margin-bottom: 24px;\">\n<div style=\"background-color: #f4f4f4; border-radius: 4px; flex-grow: 0; height: 14px; margin-bottom: 6px; width: 224px;\"><\/div>\n<div style=\"background-color: #f4f4f4; border-radius: 4px; flex-grow: 0; height: 14px; width: 144px;\"><\/div>\n<\/div>\n<p>&nbsp;<\/p>\n<p style=\"color: #c9c8cd; font-family: Arial,sans-serif; font-size: 14px; line-height: 17px; margin-bottom: 0; margin-top: 8px; overflow: hidden; padding: 8px 0 7px; text-align: center; text-overflow: ellipsis; white-space: nowrap;\"><a style=\"color: #c9c8cd; font-family: Arial,sans-serif; font-size: 14px; font-style: normal; font-weight: normal; line-height: 17px; text-decoration: none;\" href=\"https:\/\/www.instagram.com\/reel\/Coa2q4AOfkC\/?utm_source=ig_embed&amp;utm_campaign=loading\" target=\"_blank\" rel=\"noopener\">A post shared by Jhuly Anne (@sum.educa)<\/a><\/p>\n<\/div>\n<\/blockquote>\n<blockquote><p><script async src=\"\/\/www.instagram.com\/embed.js\"><\/script>The heavy rain that hit the Metropolitan Region of Rio flooded C.E. Pandi\u00e1 Cal\u00f3geras in S\u00e3o Gon\u00e7alo, which was covered in mud and sewage. This is not the first time this has happened, causing problems for students who were left without classes. There is more rain forecast for the city! We are making suggestions to public agencies to think of ways to prevent this type of calamity from happening again. This is not normal.<\/p><\/blockquote>\n<p>Val\u00e9rio and Ferreira, both alumni, were preparing to launch the year&#8217;s activities for their organization, <a href=\"http:\/\/bit.ly\/3IcR6vw\" target=\"_blank\" rel=\"noopener\">SUM<\/a>, which derives from the Latin word &#8220;sum,&#8221; meaning &#8220;belonging.&#8221; Their aim is to address the issue of inadequate infrastructure in the city and propose solutions to combat social, racial, and climate inequality in the municipality. Val\u00e9rio is currently a history teacher and intended to start SUM&#8217;s activities at Pandi\u00e1 the following week, which had to be postponed after the damage caused by the flood. With the cleaning task force that followed, SUM&#8217;s activities were rescheduled for Monday 13, with the assumption that classes would resume. However, the plan was once again thwarted due to the rains on February 11 and 13.<\/p>\n<p>According to Val\u00e9rio and Ferreira, SUM&#8217;s central idea is to bring students closer to their school. The main objectives of the initiative are to encourage students to think about activities they would like to see developed at school, in the neighborhood, and in the city, in addition to promoting a debate on popular participation in the S\u00e3o Gon\u00e7alo government, mainly on environmental and climate issues, which affect the lives of millions of citizens and cause deaths every year. The episodes of environmental racism suffered by the students of the Pandi\u00e1 Cal\u00f3geras State School served as a catalyst for the struggle and ignited in the students a desire for change.<\/p>\n<figure id=\"attachment_73980\" aria-describedby=\"caption-attachment-73980\" style=\"width: 1004px\" class=\"wp-caption aligncenter\"><a href=\"https:\/\/rioonwatch.org\/wp-content\/uploads\/2023\/02\/Foto-Parte-do-muro-que-se-rompeu-com-a-forca-da-agua-neste-sabado.-Imagem-feita-por-funcionario..png\"><img loading=\"lazy\" decoding=\"async\" class=\"wp-image-73980 size-full\" title=\"Part of the wall that broke with the force of water on Saturday, February 11. Photo: Personal collection\" src=\"https:\/\/rioonwatch.org\/wp-content\/uploads\/2023\/02\/Foto-Parte-do-muro-que-se-rompeu-com-a-forca-da-agua-neste-sabado.-Imagem-feita-por-funcionario..png\" alt=\"\" width=\"1004\" height=\"591\" srcset=\"https:\/\/rioonwatch.org\/wp-content\/uploads\/2023\/02\/Foto-Parte-do-muro-que-se-rompeu-com-a-forca-da-agua-neste-sabado.-Imagem-feita-por-funcionario..png 1004w, https:\/\/rioonwatch.org\/wp-content\/uploads\/2023\/02\/Foto-Parte-do-muro-que-se-rompeu-com-a-forca-da-agua-neste-sabado.-Imagem-feita-por-funcionario.-620x365.png 620w, https:\/\/rioonwatch.org\/wp-content\/uploads\/2023\/02\/Foto-Parte-do-muro-que-se-rompeu-com-a-forca-da-agua-neste-sabado.-Imagem-feita-por-funcionario.-768x452.png 768w\" sizes=\"(max-width: 1004px) 100vw, 1004px\" \/><\/a><figcaption id=\"caption-attachment-73980\" class=\"wp-caption-text\">Part of the wall that broke with the force of water on Saturday, February 11. Photo: Personal collection<\/figcaption><\/figure>\n<h3>Damage to Public Property and Risk to Students&#8217; Health<\/h3>\n<p>The school management team was taken aback by the extent of the damage caused by the floods in February, and it is anticipated that classes will remain suspended until after the <a href=\"http:\/\/bit.ly\/1vKOjuK\" target=\"_blank\" rel=\"noopener\">carnival<\/a> break. According to the school principal, Celinha Coelho, the initial estimate of the school&#8217;s material losses after the February 7 flood was R$50,000 (approximately US$10,000). However, given the additional damage wrought by the rains on February 11 and 13, new calculations will need to be made to determine the full extent of the losses.<\/p>\n<blockquote><p>\u201cWe&#8217;ve lost a considerable amount of supplies that were on the first shelf of the pantry because the water rose to around a meter and a half. We lost a stove, refrigerator, three freezers, a scale, an industrial blender\u2026 a lot of stationery from the art room, which we recently renovated.\u201d\u2014 Celinha Coelho<\/p><\/blockquote>\n<figure id=\"attachment_73981\" aria-describedby=\"caption-attachment-73981\" style=\"width: 1200px\" class=\"wp-caption aligncenter\"><a href=\"https:\/\/rioonwatch.org\/wp-content\/uploads\/2023\/02\/pilha-de-entulho-no-patio-da-escola.-Foto-Christian-Ferreira.jpeg\"><img loading=\"lazy\" decoding=\"async\" class=\"wp-image-73981 size-full\" title=\"A pile of rubble in the schoolyard. Photo: Christian Ferreira\" src=\"https:\/\/rioonwatch.org\/wp-content\/uploads\/2023\/02\/pilha-de-entulho-no-patio-da-escola.-Foto-Christian-Ferreira.jpeg\" alt=\"\" width=\"1200\" height=\"1600\" srcset=\"https:\/\/rioonwatch.org\/wp-content\/uploads\/2023\/02\/pilha-de-entulho-no-patio-da-escola.-Foto-Christian-Ferreira.jpeg 1200w, https:\/\/rioonwatch.org\/wp-content\/uploads\/2023\/02\/pilha-de-entulho-no-patio-da-escola.-Foto-Christian-Ferreira-465x620.jpeg 465w, https:\/\/rioonwatch.org\/wp-content\/uploads\/2023\/02\/pilha-de-entulho-no-patio-da-escola.-Foto-Christian-Ferreira-472x629.jpeg 472w, https:\/\/rioonwatch.org\/wp-content\/uploads\/2023\/02\/pilha-de-entulho-no-patio-da-escola.-Foto-Christian-Ferreira-768x1024.jpeg 768w\" sizes=\"(max-width: 1200px) 100vw, 1200px\" \/><\/a><figcaption id=\"caption-attachment-73981\" class=\"wp-caption-text\">A pile of rubble in the schoolyard. Photo: Christian Ferreira<\/figcaption><\/figure>\n<p>School staff described the damages from February 7: \u201cThe worst thing of all was the kitchen. A lot of food has been lost. The freezers were all upside down. The rooms were filled with mud and some [still had] standing water,&#8221; described Jo\u00e3o dos Santos*. At the time, the water tank was contaminated, and required a specialized cleaning service. Since the water supply had not yet been restored, water trucks were brought in to provide clean water for the school&#8217;s cleaning needs and for staff to drink. The cost of the cleaning services for the cistern and water trucks has not been disclosed by Seeduc. The damage caused by the flood will require everything to be redone and the overall cost of the damage will need to be recalculated.<\/p>\n<figure id=\"attachment_73982\" aria-describedby=\"caption-attachment-73982\" style=\"width: 1200px\" class=\"wp-caption aligncenter\"><a href=\"https:\/\/rioonwatch.org\/wp-content\/uploads\/2023\/02\/caminhao-com-entulho-do-lado-de-fora-da-escola.-Foto-Christian-Ferreira.jpeg\"><img loading=\"lazy\" decoding=\"async\" class=\"wp-image-73982 size-full\" title=\"Truck full of rubble outside the school. Photo: Christian Ferreira\" src=\"https:\/\/rioonwatch.org\/wp-content\/uploads\/2023\/02\/caminhao-com-entulho-do-lado-de-fora-da-escola.-Foto-Christian-Ferreira.jpeg\" alt=\"\" width=\"1200\" height=\"1600\" srcset=\"https:\/\/rioonwatch.org\/wp-content\/uploads\/2023\/02\/caminhao-com-entulho-do-lado-de-fora-da-escola.-Foto-Christian-Ferreira.jpeg 1200w, https:\/\/rioonwatch.org\/wp-content\/uploads\/2023\/02\/caminhao-com-entulho-do-lado-de-fora-da-escola.-Foto-Christian-Ferreira-465x620.jpeg 465w, https:\/\/rioonwatch.org\/wp-content\/uploads\/2023\/02\/caminhao-com-entulho-do-lado-de-fora-da-escola.-Foto-Christian-Ferreira-472x629.jpeg 472w, https:\/\/rioonwatch.org\/wp-content\/uploads\/2023\/02\/caminhao-com-entulho-do-lado-de-fora-da-escola.-Foto-Christian-Ferreira-768x1024.jpeg 768w\" sizes=\"(max-width: 1200px) 100vw, 1200px\" \/><\/a><figcaption id=\"caption-attachment-73982\" class=\"wp-caption-text\">Truck full of rubble outside the school. Photo: Christian Ferreira<\/figcaption><\/figure>\n<h3>A Chronic Problem and Lack of Government Interest<\/h3>\n<p>The recurring issue highlights the urgent need for the city government to prioritize infrastructure improvements. However, according to S\u00e3o Gon\u00e7alo Councilor <a href=\"http:\/\/bit.ly\/3Iceicb\" target=\"_blank\" rel=\"noopener\">Rom\u00e1rio R\u00e9gis<\/a>, this has not been a priority for the current municipal administration.<\/p>\n<blockquote><p>\u201cUnfortunately, neither the city nor the state government considers it a priority. You can&#8217;t look at a flooded school and think this is normal. Schools should be a priority for everyone&#8217;s well-being.\u201d \u2014 Rom\u00e1rio R\u00e9gis<\/p><\/blockquote>\n<p>The neighborhood of Alc\u00e2ntara, where the school is located, is also an important commercial point in S\u00e3o Gon\u00e7alo. Street commerce there is thriving, with hundreds of people shopping there every day. The neighborhood also has a bus terminal and an intense flow of traffic. Even so, the city does not seem interested in preventing flooding in the region:<\/p>\n<blockquote><p>\u201cThe Pandi\u00e1, as well as the region in which Pandi\u00e1 is located, is a highly sensitive region and also very important for the economy of S\u00e3o Gon\u00e7alo\u2026 Every time it rains a little harder, the same thing happens. In other words, if we already know that this region is impacted by rainfall and flooding, we should dedicate enough time to solve these problems, with robust infrastructure investments. The neglect is so great that the city was the last in the Metropolitan Region to officially warn of the risk of flooding [on February 7], when several neighborhoods were already suffering the impact of rain. The City of Rio notified at 3pm, Niter\u00f3i at 4pm and Maric\u00e1 at 7pm. S\u00e3o Gon\u00e7alo only raised the alarm at 11pm.\u201d \u2014 Rom\u00e1rio R\u00e9gis<\/p><\/blockquote>\n<h3>Government Blame Game and School Flooding Demonstrate Environmental Racism<\/h3>\n<p>Minister of Racial Equality <a href=\"https:\/\/bit.ly\/3wIyPQd\" target=\"_blank\" rel=\"noopener\">Anielle Franco<\/a>, who was born and raised in the favelas of <a href=\"http:\/\/bit.ly\/1rNMXO3\" target=\"_blank\" rel=\"noopener\">Complexo da Mar\u00e9<\/a>, said in a statement for this report that the incident at the state school in S\u00e3o Gon\u00e7alo alongside others is \u201cwithout a shadow of a doubt\u201d a case of environmental racism.<\/p>\n<blockquote><p>\u201cWithout a shadow of a doubt, the tragedies caused by the rains in Rio de Janeiro and other locations show environmental racism. This expression speaks of the racial discrimination present, for example, in determining the places where Black and poor people live\u2014often more exposed to risks due to lack of infrastructure, basic sanitation, or because they live in places more prone to flooding, landslides, for example. When so-called natural tragedies occur, we can observe that where white people live, the effects of nature do not impact in the same way as in places where most residents are Black. This is environmental racism.\u201d \u2014 Anielle Franco<\/p><\/blockquote>\n<p>According to Councilor R\u00e9gis, the city government fails to address both the debate on environmental racism and the measures to mitigate the impacts of climate change.<\/p>\n<blockquote><p>\u201cIf they don&#8217;t even do the bare minimum of at least alerting the population, imagine the more complex discussions which impact the life of our city? Unfortunately, we don\u2019t see [this debate] taken up by the City and it also does not seem to me that they are concerned about climate issues or inequalities, as is the case with environmental racism.\u201d \u2014 Rom\u00e1rio R\u00e9gis<\/p><\/blockquote>\n<p>The State Education Secretariat also reported that, in 2016, it arranged for the school wall to be raised to try to prevent the stream passing by the building from overflowing into the school. However, it maintains that it is up to the State Environment Institute (<a href=\"https:\/\/bit.ly\/2Prrlvf\" target=\"_blank\" rel=\"noopener\">INEA<\/a>) and the <a href=\"https:\/\/bit.ly\/3o23Fja\" target=\"_blank\" rel=\"noopener\">S\u00e3o Gon\u00e7alo City Government<\/a> to answer to the maintenance of rivers and streams. The City of S\u00e3o Gon\u00e7alo communications team reported that \u201cthe school is the state&#8217;s responsibility and that the cleaning of the river is INEA&#8217;s.\u201d At the time of publication, the City of S\u00e3o Gon\u00e7alo had not disclosed if there is a plan to implement infrastructure works to prevent new floods and landslides in the city.<\/p>\n<h3>Seeduc&#8217;s Statement for this Report:<\/h3>\n<blockquote><p>\u201cThe State Education Secretariat informs that, due to the heavy rain that hit S\u00e3o Gon\u00e7alo this Saturday (11\/02), the Civil Defense of this municipality closed, on this date (12\/02), the Pandi\u00e1 Cal\u00f3geras State School in Jardim Alc\u00e2ntara for inspection, technical evaluation, and reporting.<\/p>\n<p>Seeduc also informs that it is actively engaged in ongoing negotiations with the municipality of S\u00e3o Gon\u00e7alo aiming to resolve the issue, considering that it is a question of rainwater drainage, which falls within the municipality\u2019s jurisdiction.<\/p>\n<p>Seeduc&#8217;s technical team carried out an inspection of the property on Monday (13\/02).\u201d<\/p><\/blockquote>\n<p><em>*Pseudonyms have been used to protect the privacy and safety of interviewees.<\/em><\/p>\n<p><em>About the author: <a href=\"https:\/\/bit.ly\/40So6AB\" target=\"_blank\" rel=\"noopener\">Amanda Ares<\/a> is a journalist, graduate of the Fluminense Federal University (UFF), and has been covering cities since 2020 at <a href=\"https:\/\/bit.ly\/3I5mCtQ\" target=\"_blank\" rel=\"noopener\">A Seguir: Niter\u00f3i<\/a>. She lives in Fonseca and, between 2020 and 2021, worked on the Jovens Comunicadores project at <a href=\"http:\/\/bit.ly\/3Ea0PjK\" target=\"_blank\" rel=\"noopener\">BemTV<\/a>, helping to combat misinformation about Covid-19 in the Rio Metropolitan Region. She is part of the NGO SUM, which aims to discuss and prevent the impacts of climate change in S\u00e3o Gon\u00e7alo. She is also a photographer and filmmaker.<\/em><\/p>\n<hr \/>\n<h3><strong>Support\u00a0<em>RioOnWatch<\/em>\u2019s tireless, critical and cutting-edge hyperlocal journalism, online community organizing meetings, and direct support to favelas\u00a0<\/strong><strong><a href=\"http:\/\/bit.ly\/DonateToRioOnWatch\">by clicking here.<\/a><\/strong><\/h3>\n","protected":false},"excerpt":{"rendered":"<div class=\"mh-excerpt\"><p>Clique aqui para Portugu\u00eas This is our latest article in\u00a0a\u00a0series\u00a0created in partnership with the\u00a0Behner Stiefel Center for Brazilian Studies\u00a0at San Diego State University, to produce articles for the\u00a0Digital Brazil Project\u00a0on water issues and the LGBTQIAP+ <a class=\"mh-excerpt-more\" href=\"https:\/\/rioonwatch.org\/?p=73958\" title=\"Environmental Racism Laid Bare in S\u00e3o Gon\u00e7alo as Alc\u00e2ntara Public School Closed Indefinitely After Repeated February Floods\">[&#8230;]<\/a><\/p>\n<\/div>","protected":false},"author":245,"featured_media":73974,"comment_status":"closed","ping_status":"closed","sticky":false,"template":"","format":"standard","meta":{"_monsterinsights_skip_tracking":false,"_monsterinsights_sitenote_active":false,"_monsterinsights_sitenote_note":"","_monsterinsights_sitenote_category":0,"footnotes":""},"categories":[1328,3477,335,336],"tags":[139,2006,2713,472,3406,397,2436,78,182,1197,728,13,1019,120,3011,375,3435,370],"writer":[3582],"translator":[3425],"illustrator":[],"photographer":[],"class_list":{"0":"post-73958","1":"post","2":"type-post","3":"status-publish","4":"format-standard","5":"has-post-thumbnail","7":"category-by-community-contributors","8":"category-climate-justice","9":"category-policies","10":"category-violations","11":"tag-alcantara","12":"tag-civil-defense","13":"tag-claudio-castro","14":"tag-climate-change","15":"tag-climate-justice","16":"tag-education","17":"tag-environmental-justice","18":"tag-floods","19":"tag-government-neglect","20":"tag-greater-rio","21":"tag-inea","22":"tag-rain","23":"tag-right-to-education","24":"tag-sao-goncalo","25":"tag-series-human-rights-with-support-from-the-behner-stiefel-center-at-sdsu","26":"tag-state-government","27":"tag-structural-racism","28":"tag-water","29":"writer-amanda-ares","30":"translator-aaron-scott"},"_links":{"self":[{"href":"https:\/\/rioonwatch.org\/index.php?rest_route=\/wp\/v2\/posts\/73958","targetHints":{"allow":["GET"]}}],"collection":[{"href":"https:\/\/rioonwatch.org\/index.php?rest_route=\/wp\/v2\/posts"}],"about":[{"href":"https:\/\/rioonwatch.org\/index.php?rest_route=\/wp\/v2\/types\/post"}],"author":[{"embeddable":true,"href":"https:\/\/rioonwatch.org\/index.php?rest_route=\/wp\/v2\/users\/245"}],"replies":[{"embeddable":true,"href":"https:\/\/rioonwatch.org\/index.php?rest_route=%2Fwp%2Fv2%2Fcomments&post=73958"}],"version-history":[{"count":0,"href":"https:\/\/rioonwatch.org\/index.php?rest_route=\/wp\/v2\/posts\/73958\/revisions"}],"wp:featuredmedia":[{"embeddable":true,"href":"https:\/\/rioonwatch.org\/index.php?rest_route=\/wp\/v2\/media\/73974"}],"wp:attachment":[{"href":"https:\/\/rioonwatch.org\/index.php?rest_route=%2Fwp%2Fv2%2Fmedia&parent=73958"}],"wp:term":[{"taxonomy":"category","embeddable":true,"href":"https:\/\/rioonwatch.org\/index.php?rest_route=%2Fwp%2Fv2%2Fcategories&post=73958"},{"taxonomy":"post_tag","embeddable":true,"href":"https:\/\/rioonwatch.org\/index.php?rest_route=%2Fwp%2Fv2%2Ftags&post=73958"},{"taxonomy":"writer","embeddable":true,"href":"https:\/\/rioonwatch.org\/index.php?rest_route=%2Fwp%2Fv2%2Fwriter&post=73958"},{"taxonomy":"translator","embeddable":true,"href":"https:\/\/rioonwatch.org\/index.php?rest_route=%2Fwp%2Fv2%2Ftranslator&post=73958"},{"taxonomy":"illustrator","embeddable":true,"href":"https:\/\/rioonwatch.org\/index.php?rest_route=%2Fwp%2Fv2%2Fillustrator&post=73958"},{"taxonomy":"photographer","embeddable":true,"href":"https:\/\/rioonwatch.org\/index.php?rest_route=%2Fwp%2Fv2%2Fphotographer&post=73958"}],"curies":[{"name":"wp","href":"https:\/\/api.w.org\/{rel}","templated":true}]}}