{"id":74551,"date":"2023-04-24T10:22:03","date_gmt":"2023-04-24T13:22:03","guid":{"rendered":"https:\/\/rioonwatch.org\/?p=74551"},"modified":"2026-02-15T13:00:55","modified_gmt":"2026-02-15T16:00:55","slug":"political-violence-through-fake-news-a-new-face-to-the-criminalization-of-poverty-and-community-leaders-in-favelas","status":"publish","type":"post","link":"https:\/\/rioonwatch.org\/?p=74551","title":{"rendered":"Political Violence Through Fake News: A New Face to the Criminalization of Poverty and Favela Community Organizers"},"content":{"rendered":"<figure id=\"attachment_74554\" aria-describedby=\"caption-attachment-74554\" style=\"width: 2481px\" class=\"wp-caption aligncenter\"><a href=\"https:\/\/rioonwatch.org\/wp-content\/uploads\/2023\/04\/Arte-original-por-Rodrigo-Candido.png\"><img fetchpriority=\"high\" decoding=\"async\" class=\"wp-image-74554 size-full\" title=\"Original art by Rodrigo C\u00e2ndido\" src=\"https:\/\/rioonwatch.org\/wp-content\/uploads\/2023\/04\/Arte-original-por-Rodrigo-Candido.png\" alt=\"Original art by Rodrigo C\u00e2ndido\" width=\"2481\" height=\"1055\" srcset=\"https:\/\/rioonwatch.org\/wp-content\/uploads\/2023\/04\/Arte-original-por-Rodrigo-Candido.png 2481w, https:\/\/rioonwatch.org\/wp-content\/uploads\/2023\/04\/Arte-original-por-Rodrigo-Candido-620x264.png 620w, https:\/\/rioonwatch.org\/wp-content\/uploads\/2023\/04\/Arte-original-por-Rodrigo-Candido-1479x629.png 1479w, https:\/\/rioonwatch.org\/wp-content\/uploads\/2023\/04\/Arte-original-por-Rodrigo-Candido-768x327.png 768w\" sizes=\"(max-width: 2481px) 100vw, 2481px\" \/><\/a><figcaption id=\"caption-attachment-74554\" class=\"wp-caption-text\">Original art by Rodrigo C\u00e2ndido<\/figcaption><\/figure>\n<p style=\"text-align: right;\"><a href=\"https:\/\/bit.ly\/3TBCN7R\" target=\"_blank\" rel=\"noopener\"><span class=\"s1\"><i>Clique aqui para Portugu\u00eas<\/i><\/span><span class=\"s2\"><i><span class=\"Apple-converted-space\"><em><img decoding=\"async\" class=\"alignright size-full wp-image-23766\" src=\"https:\/\/www.rioonwatch.org\/wp-content\/uploads\/2012\/08\/PT-e1439583827971.png\" width=\"20\" height=\"20\" \/><\/em><\/span><\/i><\/span><\/a><\/p>\n<p>The <a href=\"http:\/\/bit.ly\/2alCmJC\" target=\"_blank\" rel=\"noopener\">criminalization of poverty<\/a> is not a new phenomenon. It <a href=\"http:\/\/bit.ly\/2YmFmBd\" target=\"_blank\" rel=\"noopener\">presents as<\/a> a manifestation of prejudice, <a href=\"http:\/\/bit.ly\/3Kw85di\" target=\"_blank\" rel=\"noopener\">xenophobia<\/a>, <a href=\"http:\/\/bit.ly\/2WKCqc5\" target=\"_blank\" rel=\"noopener\">racism<\/a>, classism, and social discrimination that exists around the world, towards our most vulnerable. This phenomenon is increasingly present in digital spaces in Brazil, which is ranked <a href=\"http:\/\/bit.ly\/40Zo2y8\" target=\"_blank\" rel=\"noopener\">third<\/a>\u00a0for highest average time spent on social media.<\/p>\n<figure id=\"attachment_74555\" aria-describedby=\"caption-attachment-74555\" style=\"width: 500px\" class=\"wp-caption alignright\"><a href=\"https:\/\/rioonwatch.org\/wp-content\/uploads\/2023\/04\/Reproducao-Instagram-Raull-Santiago.png\"><img decoding=\"async\" class=\"wp-image-74555\" title=\"Alexandre de Moraes, on the right, Preto Zez\u00e9 and Rene SIlva\u2014leaders of favela movements with no connection to S\u00e3o Paulo\u2019s criminal faction. Photo: Reproduced from Social Media\" src=\"https:\/\/rioonwatch.org\/wp-content\/uploads\/2023\/04\/Reproducao-Instagram-Raull-Santiago.png\" alt=\"Alexandre de Moraes, on the right, Preto Zez\u00e9 and Rene SIlva\u2014leaders of favela movements with no connection to S\u00e3o Paulo\u2019s criminal faction. Photo: Reproduced from Social Media\" width=\"500\" height=\"623\" srcset=\"https:\/\/rioonwatch.org\/wp-content\/uploads\/2023\/04\/Reproducao-Instagram-Raull-Santiago.png 569w, https:\/\/rioonwatch.org\/wp-content\/uploads\/2023\/04\/Reproducao-Instagram-Raull-Santiago-498x620.png 498w, https:\/\/rioonwatch.org\/wp-content\/uploads\/2023\/04\/Reproducao-Instagram-Raull-Santiago-505x629.png 505w\" sizes=\"(max-width: 500px) 100vw, 500px\" \/><\/a><figcaption id=\"caption-attachment-74555\" class=\"wp-caption-text\">Alexandre de Moraes, center left, with Raull Santiago, Preto Zez\u00e9, and Rene SIlva\u2014leaders of favela movements with no connection to S\u00e3o Paulo\u2019s criminal faction. Photo: Reproduced from Social Media<\/figcaption><\/figure>\n<p>A recent case involved human rights <a href=\"http:\/\/bit.ly\/1Nj8p7u\" target=\"_blank\" rel=\"noopener\">activist<\/a> <a href=\"http:\/\/bit.ly\/3XZz99d\" target=\"_blank\" rel=\"noopener\">Raull Santiago<\/a>\u2014member of the <a href=\"https:\/\/bit.ly\/3Zs07ap\" target=\"_blank\" rel=\"noopener\">Straight Talk Collective<\/a> and <a href=\"https:\/\/bit.ly\/3WYquCo\" target=\"_blank\" rel=\"noopener\">Movimentos<\/a>, and resident of the favelas of <a href=\"http:\/\/bit.ly\/2YtwzN6\" target=\"_blank\" rel=\"noopener\">Complexo do Alem\u00e3o<\/a> in Rio\u2019s <a href=\"http:\/\/bit.ly\/30j9YjF\" target=\"_blank\" rel=\"noopener\">North Zone<\/a>. He was a victim of numerous fake news stories that <a href=\"https:\/\/bit.ly\/3SIwxZO\" target=\"_blank\" rel=\"noopener\">began to circulate<\/a> when presidential candidate <a href=\"https:\/\/bit.ly\/3fqc6mw\" target=\"_blank\" rel=\"noopener\">Luiz In\u00e1cio Lula da Silva<\/a> visited Complexo do Alem\u00e3o and continued on inauguration day in Bras\u00edlia.<\/p>\n<blockquote><p>\u201cI was at a dinner at the [presidential] Itamaraty Palace, alongside ministers, famous people, people from around the world and among them, Supreme Court Justice Alexandre de Moraes. I took a selfie with him alongside <a href=\"https:\/\/bit.ly\/3o3JYXb\" target=\"_blank\" rel=\"noopener\">Rene Silva<\/a> and <a href=\"http:\/\/bit.ly\/3LGwu0N\" target=\"_blank\" rel=\"noopener\">Preto Zez\u00e9<\/a> from [Brazil&#8217;s largest favela organization] <a href=\"http:\/\/bit.ly\/2Zou0Zp\" target=\"_blank\" rel=\"noopener\">CUFA<\/a>, which I later posted on Instagram. It instantly <a href=\"http:\/\/bit.ly\/3JzIpfG\" target=\"_blank\" rel=\"noopener\">went viral<\/a> with people saying Alexandre de Moraes had taken pictures with the criminal faction <a href=\"http:\/\/bit.ly\/29TKmVb\" target=\"_blank\" rel=\"noopener\">PCC<\/a> during the inauguration dinner.\u201d \u2014 Raull Santiago<\/p><\/blockquote>\n<p>The lie associated <a href=\"https:\/\/bit.ly\/42D3oW0\" target=\"_blank\" rel=\"noopener\">award-winning<\/a> favela community organizers\u2014all Black men, two <a href=\"https:\/\/bit.ly\/3lySShS\" target=\"_blank\" rel=\"noopener\">from Rio<\/a> and one from the state of Cear\u00e1, <a href=\"http:\/\/bit.ly\/3FMdA4H\" target=\"_blank\" rel=\"noopener\">recognized internationally<\/a> for their dedication to strengthening and improving their communities\u2014with drug trafficking <em>in S\u00e3o Paulo<\/em>. People born, raised, and living in favelas and the urban periphery have always been victims of the criminalization of poverty through police accounts, court proceedings, and traditional media reporting. But now, with Brazil hyper connected through social media, they have also become targets of criminalizing misinformation, strategically produced to \u201ckill\u201d reputations like a rifle shot, in the form of fake news.<\/p>\n<p>According to research carried out by digital marketing agency <a href=\"http:\/\/bit.ly\/3WS7mWM\" target=\"_blank\" rel=\"noopener\"><em>Sortlist<\/em><\/a>, Brazilians spend an average of ten hours and eight minutes on the Internet per day, including both work and leisure time, which amounts to 154 days per year. The report <a href=\"https:\/\/bit.ly\/3jm4mEk\" target=\"_blank\" rel=\"noopener\"><i>Digital 2022<\/i><\/a> highlights Brazilians&#8217; online presence, showing there are close to 171.5 million social media users in Brazil. Using data collected in January 2022, the report reveals that 79.9% of Brazilians use social media in their daily lives.<\/p>\n<p>Brazilians love social media, which is a space where the criminalization of poverty and racism have become even more ubiquitous and problematic, increasingly influencing society. Such as with the police\u2019s inappropriate use of social media images of innocent Black men\u2014with no suspicion, investigation, proof, conviction, or even sentence\u2014in physical albums for facial recognition at police stations. This leads to innocent people being <a href=\"http:\/\/bit.ly\/3jtb37J\" target=\"_blank\" rel=\"noopener\">wrongly identified<\/a> and unjustly detained.<\/p>\n<p>This digital criminalization of poverty through fake news, be it through images, edited videos, false information, or forged and edited audio, encourages a trial by social media, reproducing political violence. This is the opinion held by <a href=\"http:\/\/bit.ly\/3XdJUDt\" target=\"_blank\" rel=\"noopener\">Maria Tranjan<\/a>\u2014coordinator of the Protection and Democratic Participation area of the human rights organization <a href=\"http:\/\/bit.ly\/3l8A2xs\" target=\"_blank\" rel=\"noopener\">ARTICLE 19<\/a> and representative of the <a href=\"http:\/\/bit.ly\/3x4RsxH\" target=\"_blank\" rel=\"noopener\">Journalists and Communicators&#8217; <\/a><a href=\"http:\/\/bit.ly\/3x4RsxH\" target=\"_blank\" rel=\"noopener\">Protection Network<\/a>. She explains that the phenomenon of political violence on social media in Brazil extends beyond violent incidents targeting politicians or electoral candidates:<\/p>\n<blockquote><p>\u201cA big part of the field considers that only candidates\/elected politicians experience this form of political violence. But we [from ARTICLE 19] understand that when violence against communicators has a political nature and is motivated by political positioning or coverage, it is also a form of political violence\u2026 If we don&#8217;t consider incidents that are not directly related to elected politicians facing violence, we disregard cases for example, of a journalist receiving threats for certain political coverage, or ones such as <a href=\"https:\/\/bit.ly\/3Kb7Ti3\" target=\"_blank\" rel=\"noopener\">Mestre Moa<\/a>&#8216;s, who was brutally murdered in 2018 by a Bolsonaro supporter. We need to understand that politics also affects (and is affected by) these people, who have their public life and freedom of expression targeted.\u201d<\/p><\/blockquote>\n<p>According to the guide <a href=\"http:\/\/bit.ly\/3DOsTc8\" target=\"_blank\" rel=\"noopener\">Political and Electoral Violence in Brazil<\/a> produced by Brazilian NGOs <a href=\"https:\/\/bit.ly\/3S4zmp0\" target=\"_blank\" rel=\"noopener\">Land of Rights<\/a> and <a href=\"https:\/\/bit.ly\/42W4CMe\" target=\"_blank\" rel=\"noopener\">Global Justice<\/a>, political violence can be understood as \u201cphysical acts of psychological intimidation or discrimination, aggressions, hate speech, and offensive content against historically discriminated groups, especially elected politicians, candidates, pre-candidates, or those appointed to public or political representation roles, aiming to suspend, interrupt, restrict, or destabilize their free and full exercise of political representation and participation.\u201d<\/p>\n<p>ARTICLE 19 and 42 other civil society and social movement entities make up the Brazilian Committee of Human Rights Defenders (<a href=\"http:\/\/bit.ly\/40zQp6y\" target=\"_blank\" rel=\"noopener\">CBDDH<\/a>), that launched the practical guide <a href=\"http:\/\/bit.ly\/40O75HI\" target=\"_blank\" rel=\"noopener\">Protection Against Political Violence for Human Rights Defenders<\/a> during the <a href=\"https:\/\/bit.ly\/3TTDqsf\" target=\"_blank\" rel=\"noopener\">2022 elections<\/a>, in response to the increase in recorded political violence cases.<\/p>\n<h3>Criminalization of Favela Activists on Social Media<\/h3>\n<p>Seven days after the first incidence of Santiago and Silva\u2019s picture being used on social media posts of fake news online, new misinformation and lies were spread on <em>Telegram<\/em>, <em>WhatsApp<\/em>, <em>Twitter<\/em>, <em>TikTok<\/em>, and <em>Instagram<\/em> groups. <a href=\"https:\/\/bit.ly\/3lEEpkI\" target=\"_blank\" rel=\"noopener\">According to Santiago<\/a>, the majority incited hate and violence against the community leaders, who were once again associated with drug trafficking via fake news linked to former president Jair Bolsonaro.<\/p>\n<p>This time, the political violence happened following the <a href=\"https:\/\/bit.ly\/3iHbomI\" target=\"_blank\" rel=\"noopener\">January 8 invasion and vandalism<\/a> of the Supreme Court, Federal Senate, and Chamber of Deputies in the Three Powers Plaza in Bras\u00edlia by those who did not accept the presidential election results.<\/p>\n<p>Following the federal intervention enacted by President Lula in the capital, that resulted in the arrest of thousands of \u201cpatriots\u201d taking part in these far-right acts, these groups began spreading fake news on social media in an attempt to distance themselves from the crimes committed. They created a narrative that infiltrators like Santiago had supposedly gone into the midst of the \u201cpatriotic parades\u201d to commit the crimes and vilify them. The use of fake news is common with far-right groups to promote a <a href=\"http:\/\/bit.ly\/3DzHUi9\" target=\"_blank\" rel=\"noopener\">cultural war of narrative disputes<\/a>.<\/p>\n<figure id=\"attachment_74556\" aria-describedby=\"caption-attachment-74556\" style=\"width: 500px\" class=\"wp-caption alignright\"><a href=\"https:\/\/rioonwatch.org\/wp-content\/uploads\/2023\/04\/infiltrados.png\"><img loading=\"lazy\" decoding=\"async\" class=\"wp-image-74556\" title=\"Raull Santiago, in front, on a rooftop in Complexo do Alemao (CPX) with his friends Thiago, Anthony, and Riele. Photo: Reproduced from the @osinfiltradoscpx profile\" src=\"https:\/\/rioonwatch.org\/wp-content\/uploads\/2023\/04\/infiltrados.png\" alt=\"Raull Santiago, in front, on a rooftop in Complexo do Alemao (CPX) with his friends Thiago, Anthony, and Riele. Photo: Reproduced from the @osinfiltradoscpx profile\" width=\"500\" height=\"496\" srcset=\"https:\/\/rioonwatch.org\/wp-content\/uploads\/2023\/04\/infiltrados.png 706w, https:\/\/rioonwatch.org\/wp-content\/uploads\/2023\/04\/infiltrados-620x615.png 620w, https:\/\/rioonwatch.org\/wp-content\/uploads\/2023\/04\/infiltrados-634x629.png 634w\" sizes=\"(max-width: 500px) 100vw, 500px\" \/><\/a><figcaption id=\"caption-attachment-74556\" class=\"wp-caption-text\">Raull Santiago, in front, on a rooftop in Complexo do Alemao (CPX) with his friends Thiago, Anthony, and Riele. Photo: Reproduced from the @osinfiltradoscpx profile<\/figcaption><\/figure>\n<p>One of the key photos used for misinformation has Santiago on a rooftop in Complexo do Alem\u00e3o, where he lives and works managing various social projects. In the picture, he stands beside his friends <a href=\"http:\/\/bit.ly\/3YyCrQE\" target=\"_blank\" rel=\"noopener\">Anthony Benn\u00e9<\/a>, Rildo Riele, and <a href=\"http:\/\/bit.ly\/3JOMIUs\" target=\"_blank\" rel=\"noopener\">Tiago da Purifica\u00e7\u00e3o<\/a>\u2014three young Black men and social entrepreneurs. They were accused of forming a \u201cgang\u201d to vandalize public buildings in Bras\u00edlia on January 8.<\/p>\n<p>Santiago vents: \u201cMy friend Tiago da Purifica\u00e7\u00e3o, for example, had never been to Bras\u00edlia until we went on January 1 and came back on January 2, and Anthony Brenn\u00e9 and Rildo Riele have never even been to Bras\u00edlia. But the fake news makes out as if we were all there participating in that madness.\u201d He says that as well as fearing physical violence, his friends also lost out on two ad campaigns because of the negative image that had become associated with them. These fake news stories not only destroy reputations, but also the livelihoods of these young victims, once again facing the consequences of systems that perpetuate inequality and racism in Brazil.<\/p>\n<p>This led them to create an Instagram profile <a href=\"https:\/\/bit.ly\/3JG50aJ\" target=\"_blank\" rel=\"noopener\">@osinfiltradoscpx<\/a> to reclaim their own narratives. In the description, they explain a bit about who they are: \u201cFalsely accused of infiltrating Bras\u00edlia during the invasion on January 8, here they show their routines, personal struggles, and work for their FAVELA, the CPX [acronym for Complexo do Alem\u00e3o].\u201d<\/p>\n<p>It is part of an attempt to \u201cshield him and his friends from potential political and police violence, as well as violence by Bolsonaro supporters\u201d on social media and the streets. \u201cOur intention is to show that [we] the [supposed] destructive individuals, actually do incredible work to improve our society, through our own favelas and peripheries,&#8221; explains Santiago.<\/p>\n<h3>A Race Crime<\/h3>\n<p>According to Raull Santiago, the <a href=\"https:\/\/bit.ly\/3jwdZAl\" target=\"_blank\" rel=\"noopener\">monitoring of fake news<\/a> linked to his and his friends\u2019 image and names followed three stages. First, he and Rene Silva were accused of being drug bosses because they wore CPX caps [the acronym used by their favela]. Afterward, groups supporting Bolsonaro incited hateful and violent attacks against them. And lastly, posts with edited images incentivizing the police to go after them in acts of physical violence, with use of the phrase: \u201clet\u2019s hunt [them].\u201d<\/p>\n<p>This led Santiago and his friends to report their case to the Police Station for Race Crimes and Offenses of Intolerance (<a href=\"http:\/\/bit.ly\/3jCQEgD\" target=\"_blank\" rel=\"noopener\">DECRADI<\/a>) on January 9. He also put together a file with the fake news stories and the people who shared them to hand in to the Office for Repression of IT Crimes (<a href=\"https:\/\/bit.ly\/3lhxcq2\" target=\"_blank\" rel=\"noopener\">DRCI<\/a>), in another criminal complaint.<\/p>\n<figure id=\"attachment_74557\" aria-describedby=\"caption-attachment-74557\" style=\"width: 2560px\" class=\"wp-caption aligncenter\"><a href=\"https:\/\/rioonwatch.org\/wp-content\/uploads\/2023\/04\/2022_10_2_lula-no-alemao-_vilma-ribeiro-51-scaled-1.jpg\"><img loading=\"lazy\" decoding=\"async\" class=\"wp-image-74557 size-full\" title=\"Rene Silva stood beside first lady Janja and Lula, in his visit to Complexo do Alem\u00e3o during the 2022 elections. Photo: Vilma Ribeiro\/Voz das Comunidades\" src=\"https:\/\/rioonwatch.org\/wp-content\/uploads\/2023\/04\/2022_10_2_lula-no-alemao-_vilma-ribeiro-51-scaled-1.jpg\" alt=\"Rene Silva stood beside first lady Janja and Lula, in his visit to Complexo do Alem\u00e3o during the 2022 elections. Photo: Vilma Ribeiro\/Voz das Comunidades\" width=\"2560\" height=\"1707\" srcset=\"https:\/\/rioonwatch.org\/wp-content\/uploads\/2023\/04\/2022_10_2_lula-no-alemao-_vilma-ribeiro-51-scaled-1.jpg 2560w, https:\/\/rioonwatch.org\/wp-content\/uploads\/2023\/04\/2022_10_2_lula-no-alemao-_vilma-ribeiro-51-scaled-1-620x413.jpg 620w, https:\/\/rioonwatch.org\/wp-content\/uploads\/2023\/04\/2022_10_2_lula-no-alemao-_vilma-ribeiro-51-scaled-1-943x629.jpg 943w, https:\/\/rioonwatch.org\/wp-content\/uploads\/2023\/04\/2022_10_2_lula-no-alemao-_vilma-ribeiro-51-scaled-1-768x512.jpg 768w\" sizes=\"(max-width: 2560px) 100vw, 2560px\" \/><\/a><figcaption id=\"caption-attachment-74557\" class=\"wp-caption-text\">Rene Silva stood beside first lady Janja and Lula, in his visit to Complexo do Alem\u00e3o during the 2022 electoral campaign. Photo: Vilma Ribeiro\/<em>Voz das Comunidades <\/em><\/figcaption><\/figure>\n<p>For Rene Silva\u2014recognized as <a href=\"https:\/\/bit.ly\/42D3oW0\" target=\"_blank\" rel=\"noopener\">one of the 100 most influential people of African descent<\/a> in 2018, and founder of <a href=\"http:\/\/bit.ly\/40edQSu\" target=\"_blank\" rel=\"noopener\">internationally renowned<\/a> community media site <a href=\"http:\/\/bit.ly\/2JhMwyE\" target=\"_blank\" rel=\"noopener\"><em>Voz das Comunidades<\/em><\/a>\u2014the fake news was circulated because of their <a href=\"https:\/\/bit.ly\/3t0c48w\" target=\"_blank\" rel=\"noopener\">support for President Lula in the 2022 elections<\/a>:<\/p>\n<blockquote><p>\u201cI <a href=\"https:\/\/bit.ly\/3gmNtHX\" target=\"_blank\" rel=\"noopener\">positioned myself in favor of President Lula<\/a> in the elections. Even before his visit to Complexo do Alem\u00e3o, I was strongly showing my support on social media. But that&#8217;s not the only reason. The fact that I am a young Black man from a favela also plays a role. We end up being much more vulnerable than white people and Lula supporters from other politicized regions, you know? Because a white person is not in as much of a vulnerable position\u2026 Now, for a young Black man from a favela, historically marginalized as a place of criminals and drug traffickers, to speak up about a president, that bothers people, right?\u201d<\/p><\/blockquote>\n<h3>Who is Raull Santiago?<\/h3>\n<figure id=\"attachment_74558\" aria-describedby=\"caption-attachment-74558\" style=\"width: 2048px\" class=\"wp-caption aligncenter\"><a href=\"https:\/\/rioonwatch.org\/wp-content\/uploads\/2023\/04\/Raull-Santiago_Reproducao-redes-sociais.jpg\"><img loading=\"lazy\" decoding=\"async\" class=\"wp-image-74558 size-full\" title=\"Raull Santiago in Complexo do Alem\u00e3o with a flag to show support to President Lula following the criminalization of the CPX cap. Photo: Reproduction.\" src=\"https:\/\/rioonwatch.org\/wp-content\/uploads\/2023\/04\/Raull-Santiago_Reproducao-redes-sociais.jpg\" alt=\"Raull Santiago in Complexo do Alem\u00e3o with a flag to show support to President Lula following the criminalization of the CPX cap. Photo: Reproduction.\" width=\"2048\" height=\"2048\" srcset=\"https:\/\/rioonwatch.org\/wp-content\/uploads\/2023\/04\/Raull-Santiago_Reproducao-redes-sociais.jpg 2048w, https:\/\/rioonwatch.org\/wp-content\/uploads\/2023\/04\/Raull-Santiago_Reproducao-redes-sociais-620x620.jpg 620w, https:\/\/rioonwatch.org\/wp-content\/uploads\/2023\/04\/Raull-Santiago_Reproducao-redes-sociais-629x629.jpg 629w, https:\/\/rioonwatch.org\/wp-content\/uploads\/2023\/04\/Raull-Santiago_Reproducao-redes-sociais-768x768.jpg 768w, https:\/\/rioonwatch.org\/wp-content\/uploads\/2023\/04\/Raull-Santiago_Reproducao-redes-sociais-1536x1536.jpg 1536w\" sizes=\"(max-width: 2048px) 100vw, 2048px\" \/><\/a><figcaption id=\"caption-attachment-74558\" class=\"wp-caption-text\">Raull Santiago in Complexo do Alem\u00e3o with a flag showing support for candidate Lula following the criminalization of the CPX cap. Photo: Reproduction<\/figcaption><\/figure>\n<p>Born and raised in Complexo do Alem\u00e3o, Raull Santiago is a human rights activist in Rio de Janeiro. On March 27, 2014, he co-founded the <a href=\"https:\/\/bit.ly\/3h0YaQA\" target=\"_blank\" rel=\"noopener\">Straight Talk Collective<\/a>, an independent media collective <a href=\"http:\/\/bit.ly\/3wNLDVk\" target=\"_blank\" rel=\"noopener\">documenting life in Complexo do Alem\u00e3o<\/a>. Initially, the aim was to raise awareness of what was happening in the favela while the <a href=\"http:\/\/bit.ly\/1iIfoGM\" target=\"_blank\" rel=\"noopener\">Pacifying Police Units<\/a> were being set up in the area and to highlight police violence, which was being <a href=\"http:\/\/nyti.ms\/17zd9rb\" target=\"_blank\" rel=\"noopener\">ignored by traditional media<\/a>. As part of the first generation of young people in favelas with access to smartphones, Santiago uses his social media accounts, currently reaching 600,000 followers, to share his straight talk.<\/p>\n<p>In an interview with <em>RioOnWatch<\/em>, Raull Santiago talked in more depth about the events leading up to his filing a complaint with the Police Station for Race Crimes and Offenses of Intolerance (DECRADI) on January 9.<\/p>\n<h4><em>RioOnWatch<\/em>: Why do you think you became a target of fake news campaigns?<\/h4>\n<p><strong>Raull Santiago:<\/strong> It&#8217;s important to establish that there is a fake news timeline\u2026 I believe that we showed up on the radar of far-right, \u2018Bolsonarist,\u2019 and fascist ideologies during <a href=\"https:\/\/bit.ly\/3QACvwf\" target=\"_blank\" rel=\"noopener\">the coup against Dilma<\/a>, when we were already posting against authoritarian governance on social media. Bolsonaro won and we persevered, right? We took a strong stand against the perversion that Bolsonaro\u2019s presence in our country\u2019s presidency signified. Then the [2022] elections came and we blew up on their radar when Lula came to Complexo do Alem\u00e3o, right? Even more so when Hector [an organizer with <em>Voz das Comunidades<\/em>] handed a CPX baseball cap to <a href=\"https:\/\/bit.ly\/3VUDHgn\" target=\"_blank\" rel=\"noopener\">Camila Moradia<\/a>, a community leader in the fight for housing in Complexo do Alem\u00e3o, which she put on Lula&#8217;s head. The cap went viral at the end of the second round of elections, as fake news. The CPX acronym was accused of being crime-related, which <a href=\"https:\/\/bit.ly\/3SIwxZO\" target=\"_blank\" rel=\"noopener\">criminalized not only us in Complexo do Alem\u00e3o, but all of Brazil&#8217;s urban peripheries and favelas<\/a>. Even the Pacifying Police Units in Complexo do Alem\u00e3o and Complexo da Penha use the CPX abbreviation for \u201cComplexo.\u201d We residents use CPX as a reference for where we live.<\/p>\n<h4><em>RioOnWatch<\/em>: When were you informed of the fake news, and how many cases were there?<\/h4>\n<p><strong>Raull Santiago:<\/strong> We faced a lot of backlash before and after the 2022 elections. I think this wave has been growing. First, we showed up on the radar of these extreme-right Bolsonaro supporters who have very archaic beliefs. And all of this culminated in the recent fake news stories that sadly assert my involvement [with drug trafficking]. The fake news began to spread the day after the acts in Bras\u00edlia. I found out when they started to be posted by various people on my social media feeds, especially <em>Twitter<\/em> and <em>Instagram<\/em>, who were tagging me and showing me what was going on\u2026 that they were putting my face in the middle of those terrorist and vandal acts, associating me with those images.<\/p>\n<h4><em>RioOnWatch<\/em>: The criminal complaint you registered was for race crimes. Why did you opt for presenting a criminal complaint, as well as reporting the fake news?<\/h4>\n<p><strong>Raull Santiago:<\/strong> We reported this as a race crime because we are very concerned about the images of our friends. It&#8217;s clear that they were being associated with this situation just because they are young Black men living in a favela. There was also the case where at the presidential inauguration, I was, strategically, confused [on fake news threads] for and treated as security and not as someone invited to attend. So, first we reported our case at the Police Station for Race Crimes and Offenses of Intolerance. We prepared a file to make another complaint at the office specialized in Internet crimes. We identified many of the people who were sharing the fake news.<\/p>\n<h4><em>RioOnWatch<\/em>: Since showing your support for President Lula in the 2022 elections, you and Rene Silva have been targets of fake news. Do you believe that this process is due to the criminalization of poverty? What is your biggest fear or apprehension when it comes to the spreading of fake news?<\/h4>\n<figure id=\"attachment_74559\" aria-describedby=\"caption-attachment-74559\" style=\"width: 500px\" class=\"wp-caption alignright\"><a href=\"https:\/\/rioonwatch.org\/wp-content\/uploads\/2023\/04\/Raull-Santiago-fala-no-protesto-Ta-Tudo-Errado-e1440619870303.jpg\"><img loading=\"lazy\" decoding=\"async\" class=\"wp-image-74559\" title=\"Raull Santiago at a mobilizing activity at a market in the Grota favela in Complexo do Alem\u00e3o. Photo: Reproduction.\" src=\"https:\/\/rioonwatch.org\/wp-content\/uploads\/2023\/04\/Raull-Santiago-fala-no-protesto-Ta-Tudo-Errado-e1440619870303.jpg\" alt=\"Raull Santiago at a mobilizing activity at a market in the Grota favela in Complexo do Alem\u00e3o. Photo: Reproduction.\" width=\"500\" height=\"375\" srcset=\"https:\/\/rioonwatch.org\/wp-content\/uploads\/2023\/04\/Raull-Santiago-fala-no-protesto-Ta-Tudo-Errado-e1440619870303.jpg 620w, https:\/\/rioonwatch.org\/wp-content\/uploads\/2023\/04\/Raull-Santiago-fala-no-protesto-Ta-Tudo-Errado-e1440619870303-326x245.jpg 326w, https:\/\/rioonwatch.org\/wp-content\/uploads\/2023\/04\/Raull-Santiago-fala-no-protesto-Ta-Tudo-Errado-e1440619870303-80x60.jpg 80w\" sizes=\"(max-width: 500px) 100vw, 500px\" \/><\/a><figcaption id=\"caption-attachment-74559\" class=\"wp-caption-text\">Raull Santiago at a mobilizing activity at a market in the Grota favela in Complexo do Alem\u00e3o. Photo: Reproduction.<\/figcaption><\/figure>\n<p><strong>Raull Santiago:<\/strong> I&#8217;m sure that&#8217;s the case. A previously timid Brazil has now been exposed. Previously hidden, it showed its colors during the Bolsonaro period. It&#8217;s a fascist, far-right-thinking, white supremacist Brazil that longs for financial supremacy over Black and poor people. I think this has really come to light in the last four years of Bolsonaro\u2019s government. For them, people like Rene Silva and I, who became close to Lula and first lady Janja in this election cycle, are only good to be structural targets and not protagonists. I think this feeling is personified by us, by Camila Moradia, and so many other [Black] people. It&#8217;s the face of this racist elite, that loathes young Black people wearing baseball caps and dreads, who use slang to talk and have tattoos. It&#8217;s this whole process\u2026 the materialization of a process where the elite look at us with discrimination and criminalization\u2026 This is certainly one of the processes that make us a target, right? But look, unfortunately this isn&#8217;t the first time I&#8217;ve been the target of fake news. My fear, for example, in the recent fake news about the vandalism in Bras\u00edlia, had to do with the guys that were in one of the photos with me. Like it or not, I have social media accounts with many followers and direct contact with national and international media that continue to help me, letting people know that the news is fake, explaining and helping spread this counternarrative. But I was worried about the other young Black men, especially because they do a lot of work out in the community. The guys were my biggest worry. But we talked a lot, reported these cases together, filed the police report, also for our own safety. We did this as a security tool, to shield ourselves in case we were directly faced with a violent situation and it turned into something physical.<\/p>\n<p><i data-stringify-type=\"italic\">About the author:\u00a0<\/i><i data-stringify-type=\"italic\"><a class=\"c-link\" tabindex=\"-1\" href=\"https:\/\/bit.ly\/3o2YA7Q\" target=\"_blank\" rel=\"noopener noreferrer\" data-stringify-link=\"https:\/\/bit.ly\/3o2YA7Q\" data-sk=\"tooltip_parent\" data-remove-tab-index=\"true\">Tatiana Lima<\/a><\/i><i data-stringify-type=\"italic\">\u00a0is a journalist and popular communicator at heart. A Black feminist, member of Complexo do Alem\u00e3o\u2019s\u00a0<\/i><i data-stringify-type=\"italic\"><a class=\"c-link\" tabindex=\"-1\" href=\"https:\/\/bit.ly\/3mZf3bS\" target=\"_blank\" rel=\"noopener noreferrer\" data-stringify-link=\"https:\/\/bit.ly\/3mZf3bS\" data-sk=\"tooltip_parent\" data-remove-tab-index=\"true\">Researchers in Movement Study Group<\/a><\/i><i data-stringify-type=\"italic\">, she is currently special reporter with RioOnWatch. A fair-skinned Black woman, born and raised in a favela, Lima currently lives in Rio\u2019s periphery and is a doctoral student at the Fluminense Federal University (<\/i><i data-stringify-type=\"italic\"><a class=\"c-link\" tabindex=\"-1\" href=\"http:\/\/bit.ly\/2J7BN7l\" target=\"_blank\" rel=\"noopener noreferrer\" data-stringify-link=\"http:\/\/bit.ly\/2J7BN7l\" data-sk=\"tooltip_parent\" data-remove-tab-index=\"true\">UFF<\/a><\/i><i data-stringify-type=\"italic\">).<\/i><\/p>\n<p><em>About the artist:\u00a0<a href=\"https:\/\/bit.ly\/35RVM5T\" target=\"_blank\" rel=\"noopener\">Rodrigo C\u00e2ndido<\/a>\u00a0is an illustrator and comics artist, whose focus is to put black people in every imaginable narrative. His work has influences of Afrofuturism, games, music, and the history of great black men and women who have shaped humanity.<\/em><\/p>\n<hr \/>\n<h4><b data-stringify-type=\"bold\">Support\u00a0<\/b><b data-stringify-type=\"bold\"><i data-stringify-type=\"italic\">RioOnWatch<\/i><\/b><b data-stringify-type=\"bold\">\u2019s tireless, critical and cutting-edge hyperlocal journalism, online community organizing meetings, and direct support to favelas\u00a0<\/b><b data-stringify-type=\"bold\"><a class=\"c-link\" href=\"http:\/\/bit.ly\/DonateToRioOnWatch\" target=\"_blank\" rel=\"noopener noreferrer\" data-stringify-link=\"http:\/\/bit.ly\/DonateToRioOnWatch\" data-sk=\"tooltip_parent\">by clicking here.<\/a><\/b><\/h4>\n","protected":false},"excerpt":{"rendered":"<div class=\"mh-excerpt\"><p>Clique aqui para Portugu\u00eas The criminalization of poverty is not a new phenomenon. It presents as a manifestation of prejudice, xenophobia, racism, classism, and social discrimination that exists around the world, towards our most vulnerable. <a class=\"mh-excerpt-more\" href=\"https:\/\/rioonwatch.org\/?p=74551\" title=\"Political Violence Through Fake News: A New Face to the Criminalization of Poverty and Favela Community Organizers\">[&#8230;]<\/a><\/p>\n<\/div>","protected":false},"author":238,"featured_media":74554,"comment_status":"closed","ping_status":"closed","sticky":false,"template":"template-full.php","format":"standard","meta":{"_monsterinsights_skip_tracking":false,"_monsterinsights_sitenote_active":false,"_monsterinsights_sitenote_note":"","_monsterinsights_sitenote_category":0,"footnotes":""},"categories":[1294,1288,1328,2242,1284,336],"tags":[3496,977,1606,32,1396,600,479,2643,25,2739,749,2597,2038,37,3498,374,1189,453,1385,1843],"writer":[3125],"translator":[3507],"illustrator":[],"photographer":[],"class_list":{"0":"post-74551","1":"post","2":"type-post","3":"status-publish","4":"format-standard","5":"has-post-thumbnail","7":"category-communitymedia","8":"category-highlight","9":"category-by-community-contributors","10":"category-democracy","11":"category-interviews-profiles","12":"category-violations","13":"tag-2022-elections","14":"tag-citizen-journalism","15":"tag-coletivo-papo-reto","16":"tag-complexo-do-alemao","17":"tag-criminalization-of-poverty","18":"tag-cufa","19":"tag-democracy","20":"tag-fake-news","21":"tag-human-rights","22":"tag-ibge","23":"tag-internet","24":"tag-jair-bolsonaro","25":"tag-lula","26":"tag-north-zone","27":"tag-political-violence","28":"tag-politics","29":"tag-racism","30":"tag-stigma","31":"tag-violence","32":"tag-voz-das-comunidades","33":"writer-tatiana-lima","34":"translator-yasmin-quaife"},"_links":{"self":[{"href":"https:\/\/rioonwatch.org\/index.php?rest_route=\/wp\/v2\/posts\/74551","targetHints":{"allow":["GET"]}}],"collection":[{"href":"https:\/\/rioonwatch.org\/index.php?rest_route=\/wp\/v2\/posts"}],"about":[{"href":"https:\/\/rioonwatch.org\/index.php?rest_route=\/wp\/v2\/types\/post"}],"author":[{"embeddable":true,"href":"https:\/\/rioonwatch.org\/index.php?rest_route=\/wp\/v2\/users\/238"}],"replies":[{"embeddable":true,"href":"https:\/\/rioonwatch.org\/index.php?rest_route=%2Fwp%2Fv2%2Fcomments&post=74551"}],"version-history":[{"count":1,"href":"https:\/\/rioonwatch.org\/index.php?rest_route=\/wp\/v2\/posts\/74551\/revisions"}],"predecessor-version":[{"id":82794,"href":"https:\/\/rioonwatch.org\/index.php?rest_route=\/wp\/v2\/posts\/74551\/revisions\/82794"}],"wp:featuredmedia":[{"embeddable":true,"href":"https:\/\/rioonwatch.org\/index.php?rest_route=\/wp\/v2\/media\/74554"}],"wp:attachment":[{"href":"https:\/\/rioonwatch.org\/index.php?rest_route=%2Fwp%2Fv2%2Fmedia&parent=74551"}],"wp:term":[{"taxonomy":"category","embeddable":true,"href":"https:\/\/rioonwatch.org\/index.php?rest_route=%2Fwp%2Fv2%2Fcategories&post=74551"},{"taxonomy":"post_tag","embeddable":true,"href":"https:\/\/rioonwatch.org\/index.php?rest_route=%2Fwp%2Fv2%2Ftags&post=74551"},{"taxonomy":"writer","embeddable":true,"href":"https:\/\/rioonwatch.org\/index.php?rest_route=%2Fwp%2Fv2%2Fwriter&post=74551"},{"taxonomy":"translator","embeddable":true,"href":"https:\/\/rioonwatch.org\/index.php?rest_route=%2Fwp%2Fv2%2Ftranslator&post=74551"},{"taxonomy":"illustrator","embeddable":true,"href":"https:\/\/rioonwatch.org\/index.php?rest_route=%2Fwp%2Fv2%2Fillustrator&post=74551"},{"taxonomy":"photographer","embeddable":true,"href":"https:\/\/rioonwatch.org\/index.php?rest_route=%2Fwp%2Fv2%2Fphotographer&post=74551"}],"curies":[{"name":"wp","href":"https:\/\/api.w.org\/{rel}","templated":true}]}}