{"id":74585,"date":"2023-04-15T11:44:40","date_gmt":"2023-04-15T14:44:40","guid":{"rendered":"https:\/\/rioonwatch.org\/?p=74585"},"modified":"2023-05-23T09:23:34","modified_gmt":"2023-05-23T12:23:34","slug":"rio-de-janeiro-mayor-heavily-amends-citys-10-year-master-plan-in-it-final-phase-prompting-intense-criticism-from-civil-society","status":"publish","type":"post","link":"https:\/\/rioonwatch.org\/?p=74585","title":{"rendered":"Rio de Janeiro Mayor Heavily Amends City&#8217;s 10-Year Master Plan In Final Phase, Prompting Intense Criticism from Civil Society"},"content":{"rendered":"<figure id=\"attachment_74616\" aria-describedby=\"caption-attachment-74616\" style=\"width: 2036px\" class=\"wp-caption aligncenter\"><a href=\"https:\/\/rioonwatch.org\/wp-content\/uploads\/2023\/04\/Mare-Quer-Moradia.png\"><img fetchpriority=\"high\" decoding=\"async\" class=\"wp-image-74616 size-full\" title=\"Public hearing on Rio's Master Plan with a Mar\u00e9 resident holding a sign &quot;Mar\u00e9 Wants Housing!&quot;\" src=\"https:\/\/rioonwatch.org\/wp-content\/uploads\/2023\/04\/Mare-Quer-Moradia.png\" alt=\"Public hearing on Rio's Master Plan with a Mar\u00e9 resident holding a sign &quot;Mar\u00e9 Wants Housing!&quot;\" width=\"2036\" height=\"1205\" srcset=\"https:\/\/rioonwatch.org\/wp-content\/uploads\/2023\/04\/Mare-Quer-Moradia.png 2036w, https:\/\/rioonwatch.org\/wp-content\/uploads\/2023\/04\/Mare-Quer-Moradia-620x367.png 620w, https:\/\/rioonwatch.org\/wp-content\/uploads\/2023\/04\/Mare-Quer-Moradia-1063x629.png 1063w, https:\/\/rioonwatch.org\/wp-content\/uploads\/2023\/04\/Mare-Quer-Moradia-768x455.png 768w\" sizes=\"(max-width: 2036px) 100vw, 2036px\" \/><\/a><figcaption id=\"caption-attachment-74616\" class=\"wp-caption-text\">Public hearing on Rio&#8217;s Master Plan with a Mar\u00e9 resident holding a sign &#8220;Mar\u00e9 Wants Housing!&#8221;<\/figcaption><\/figure>\n<p style=\"text-align: right;\"><a href=\"https:\/\/bit.ly\/TTCnoPDnoROW\" target=\"_blank\" rel=\"noopener\"><span class=\"s1\"><i>Clique aqui para Portugu\u00eas<\/i><\/span><span class=\"s2\"><i><span class=\"Apple-converted-space\"><em><img decoding=\"async\" class=\"alignright size-full wp-image-23766\" src=\"https:\/\/www.rioonwatch.org\/wp-content\/uploads\/2012\/08\/PT-e1439583827971.png\" width=\"20\" height=\"20\" \/><\/em><\/span><\/i><\/span><\/a><\/p>\n<p>The revision of a city\u2019s master plan concerns all its inhabitants. As the main urban planning law at the municipal level, Rio de Janeiro&#8217;s Master Plan will guide the city\u2019s development for ten years, establishing growth parameters, zoning regulations, land use policy and urban policy goals, as well as the mechanisms to achieve them. Though it can seem like a discussion limited to technical professionals, distant from everyday citizens, a master plan directly affects the lives of all city residents. As such, public participation must be one of the fundamental pillars of the process. When the law is revised every ten years, all of society should be invited to participate and discuss the city&#8217;s challenges, interests from different sectors, and solutions for how to improve daily life. A broad spectrum of perspectives and interests should be taken into consideration in the plan\u2019s final framework.<\/p>\n<p>The revision of Rio de Janeiro\u2019s Master Plan began in 2019 and was interrupted by the pandemic. Though still a fragile time in the health crisis, the executive branch\u2014City Hall\u2014chose to resume discussions in 2021 and formed online working groups with civil society organizations and government professionals to develop proposals for revising the Master Plan. The process was <a href=\"http:\/\/bit.ly\/3nPTDUv\" target=\"_blank\" rel=\"noopener\">criticized<\/a> for the tight schedule and a limited number of public hearings proposed by City Hall. Minimal space for public participation is not compatible with the development of legislation which will dictate a city\u2019s development standards for ten years. Despite this, the draft bill was hastily finalized by the Municipal Urban Planning Secretariat and sent to the legislative branch\u2014City Council\u2014at the end of 2021.<\/p>\n<figure id=\"attachment_74617\" aria-describedby=\"caption-attachment-74617\" style=\"width: 2047px\" class=\"wp-caption aligncenter\"><a href=\"https:\/\/rioonwatch.org\/wp-content\/uploads\/2023\/04\/Membros-do-publico-se-manifestam-a-favor-da-permanencia-do-TTC-no-Plano-Diretor-da-cidade.jpg\"><img decoding=\"async\" class=\"wp-image-74617 size-full\" title=\"Members of the public demonstrate support for the Community Land Trust (CLT) remaining in the Rio de Janeiro Master Plan with signs and banners at the public hearing on April 5. \" src=\"https:\/\/rioonwatch.org\/wp-content\/uploads\/2023\/04\/Membros-do-publico-se-manifestam-a-favor-da-permanencia-do-TTC-no-Plano-Diretor-da-cidade.jpg\" alt=\"Members of the public demonstrate support for the Community Land Trust (CLT) remaining in the Rio de Janeiro Master Plan with signs and banners at the public hearing on April 5. \" width=\"2047\" height=\"1365\" srcset=\"https:\/\/rioonwatch.org\/wp-content\/uploads\/2023\/04\/Membros-do-publico-se-manifestam-a-favor-da-permanencia-do-TTC-no-Plano-Diretor-da-cidade.jpg 2047w, https:\/\/rioonwatch.org\/wp-content\/uploads\/2023\/04\/Membros-do-publico-se-manifestam-a-favor-da-permanencia-do-TTC-no-Plano-Diretor-da-cidade-620x413.jpg 620w, https:\/\/rioonwatch.org\/wp-content\/uploads\/2023\/04\/Membros-do-publico-se-manifestam-a-favor-da-permanencia-do-TTC-no-Plano-Diretor-da-cidade-943x629.jpg 943w, https:\/\/rioonwatch.org\/wp-content\/uploads\/2023\/04\/Membros-do-publico-se-manifestam-a-favor-da-permanencia-do-TTC-no-Plano-Diretor-da-cidade-768x512.jpg 768w\" sizes=\"(max-width: 2047px) 100vw, 2047px\" \/><\/a><figcaption id=\"caption-attachment-74617\" class=\"wp-caption-text\">Members of the public demonstrate support for the Community Land Trust (CLT) remaining in the Rio de Janeiro Master Plan with signs and banners at the public hearing on April 5.<\/figcaption><\/figure>\n<p>Once the plan was in the hands of City Council, more space was granted for public participation. During this phase, <a href=\"https:\/\/bit.ly\/3o08R9I\" target=\"_blank\" rel=\"noopener\">26 public hearings<\/a> were held to discuss the Master Plan draft bill in 2022, with 17 held in diverse regions of the city. The document was discussed with different sectors of society, who put forward their positions and defended their interests. There was a greater possibility for people to voice their issues, though there still wasn\u2019t clarity over which demands were listened to and taken into consideration.<\/p>\n<p>Suddenly, in November 2022, City Hall sent <a href=\"https:\/\/bit.ly\/3GxHUkd\" target=\"_blank\" rel=\"noopener\">215 amendments<\/a> to the Master Plan draft bill\u2014the document the City itself had drafted\u2014back to the City Council. The vote on the bill had been scheduled to happen in November, several days after the large number of amendments were abruptly presented, not leaving enough time to discuss them with the public. The rush to approve the bill and lack of clarity over what motivated the amendments caused <a href=\"http:\/\/bit.ly\/3GwIPkL\" target=\"_blank\" rel=\"noopener\">strong reactions from some sectors of society<\/a>, which demanded more transparency from the executive branch. The generic justification given was that the proposed changes were a mere refining of the text and not substantial alterations. Furthermore, according to City Hall, the changes responded to society\u2019s demands that had emerged from public hearings.<\/p>\n<p>However, what happened in practice was quite different. According to a survey by IBAM\u2014the agency responsible for advising City Council on its master plan\u201480 of the 215 amendments represent a significant alteration to the bill. Some introduce new urban design parameters, others modify procedures, and some completely erase mechanisms laid out in the bill. Far from merely adjusting the text, the changes were so substantial that the Council <a href=\"https:\/\/bit.ly\/3KsVaaU\" target=\"_blank\" rel=\"noopener\">scheduled seven new public hearings<\/a> to discuss them with the public. After years of discussing the city\u2019s updated master plan in a process City Hall claims was participatory, we see an attempt to significantly reformulate the bill in the final revision stages, without any transparency or concern with justifying the changes to people who have dedicated their time and effort to collectively build a master plan that responds to the interests of all.<\/p>\n<figure id=\"attachment_74618\" aria-describedby=\"caption-attachment-74618\" style=\"width: 743px\" class=\"wp-caption aligncenter\"><a href=\"https:\/\/rioonwatch.org\/wp-content\/uploads\/2023\/04\/IBAM.jpg\"><img loading=\"lazy\" decoding=\"async\" class=\"wp-image-74618 size-full\" title=\"Breakdown of City Hall's amendments: 86 adjustments of the text \/ bill consistency; 49 targeted alterations; 80 significant alterations. Source: IBAM presentation at Public Hearing on April 5, 2023\" src=\"https:\/\/rioonwatch.org\/wp-content\/uploads\/2023\/04\/IBAM.jpg\" alt=\"Breakdown of City Hall's amendments: 86 adjustments of the text \/ bill consistency; 49 targeted alterations; 80 significant alterations. Source: IBAM presentation at Public Hearing on April 5, 2023 \" width=\"743\" height=\"402\" srcset=\"https:\/\/rioonwatch.org\/wp-content\/uploads\/2023\/04\/IBAM.jpg 743w, https:\/\/rioonwatch.org\/wp-content\/uploads\/2023\/04\/IBAM-620x335.jpg 620w\" sizes=\"(max-width: 743px) 100vw, 743px\" \/><\/a><figcaption id=\"caption-attachment-74618\" class=\"wp-caption-text\">Breakdown of City Hall&#8217;s amendments: 86 adjustments of the text\/consistency with the law; 49 one-off simple alterations; 80 significant alterations. Source: IBAM presentation at public hearing on April 5, 2023<\/figcaption><\/figure>\n<p>Concerning the argument of adapting the document to public demands brought during hearings, there was no indication of which public statements were being addressed and when or by what means they were presented. In fact, it appears that public participation was used as a pretext by which the executive branch introduced changes that serve their interests, under the guise of having listened to the public. A telling example of this is the complete removal of a new legal instrument for guaranteeing housing in the city: the Community Land Trust.<\/p>\n<p>The <a href=\"http:\/\/bit.ly\/CLTsOnRioOnWatch\" target=\"_blank\" rel=\"noopener\">Community Land Trust (CLT)<\/a> is a model of collective land management characterized by separating land ownership (collective) and building ownership (individual). The arrangement allows a balance between individual and collective interests and ensures the model\u2019s central objectives: guaranteeing communities can remain where they are, maintaining affordable housing, and promoting resident-led development. With over 50 years of success and <a href=\"http:\/\/bit.ly\/CLTMovementROW\" target=\"_blank\" rel=\"noopener\">applications in over a dozen countries<\/a>, the CLT is widely recognized as a powerful tool for fulfilling the right to affordable housing. In 2017 it was included in the <a href=\"https:\/\/bit.ly\/2TQInZp\" target=\"_blank\" rel=\"noopener\">New Urban Agenda<\/a> (item 107)\u2014a UN document which establishes global guidelines for good urban governance\u2014as a sustainable and inclusive housing model that should be encouraged by signatory states, including Brazil.<\/p>\n<figure id=\"attachment_74595\" aria-describedby=\"caption-attachment-74595\" style=\"width: 2000px\" class=\"wp-caption aligncenter\"><a href=\"https:\/\/rioonwatch.org\/wp-content\/uploads\/2023\/04\/Vista-do-Cano-Martin-Pena-e-o-distrito-financeiro-de-Porto-Rico.jpg\"><img loading=\"lazy\" decoding=\"async\" class=\"wp-image-74595 size-full\" title=\"Aerial photo of the Fideicomiso de la Tierra Ca\u00f1o Mart\u00edn Pe\u00f1a, CLT implemented in a group of informal settlements in Puerto Rico and winner of the World Habitat Award in 2015\" src=\"https:\/\/rioonwatch.org\/wp-content\/uploads\/2023\/04\/Vista-do-Cano-Martin-Pena-e-o-distrito-financeiro-de-Porto-Rico.jpg\" alt=\"Aerial photo of the Fideicomiso de la Tierra Ca\u00f1o Mart\u00edn Pe\u00f1a, CLT implemented in a group of informal settlements in Puerto Rico and winner of the World Habitat Award in 2015\" width=\"2000\" height=\"696\" srcset=\"https:\/\/rioonwatch.org\/wp-content\/uploads\/2023\/04\/Vista-do-Cano-Martin-Pena-e-o-distrito-financeiro-de-Porto-Rico.jpg 2000w, https:\/\/rioonwatch.org\/wp-content\/uploads\/2023\/04\/Vista-do-Cano-Martin-Pena-e-o-distrito-financeiro-de-Porto-Rico-620x216.jpg 620w, https:\/\/rioonwatch.org\/wp-content\/uploads\/2023\/04\/Vista-do-Cano-Martin-Pena-e-o-distrito-financeiro-de-Porto-Rico-1536x535.jpg 1536w, https:\/\/rioonwatch.org\/wp-content\/uploads\/2023\/04\/Vista-do-Cano-Martin-Pena-e-o-distrito-financeiro-de-Porto-Rico-768x267.jpg 768w\" sizes=\"(max-width: 2000px) 100vw, 2000px\" \/><\/a><figcaption id=\"caption-attachment-74595\" class=\"wp-caption-text\">Aerial photo of the Fideicomiso de la Tierra Ca\u00f1o Mart\u00edn Pe\u00f1a, CLT implemented in a group of informal settlements in Puerto Rico and winner of the <a href=\"https:\/\/bit.ly\/43nAEBe\" target=\"_blank\" rel=\"noopener\">World Habitat Award<\/a> in 2015.<\/figcaption><\/figure>\n<p>The CLT was widely discussed during the revision of Rio de Janeiro\u2019s Master Plan, both in the working groups organized by the executive branch and later in City Council hearings. The diverse responses from across civil society were positive, recognizing the importance of <a href=\"https:\/\/bit.ly\/3KLuS4S\" target=\"_blank\" rel=\"noopener\">including this innovative mechanism in the master plan<\/a>, due to a progressive movement pushing for new approaches to the challenges of housing in the city. It would align with the moves of other cities which have been discussing the model, such as the neighboring municipality of S\u00e3o Jo\u00e3o de Meriti which recently approved <a href=\"https:\/\/bit.ly\/3cDf6Lm\" target=\"_blank\" rel=\"noopener\">the CLT in its Master Plan<\/a>.<\/p>\n<p>Over the course of numerous public hearings, a range of sectors of society supported the approval of the Community Land Trust as a recommended instrument in the master plan, with no opposition. Including the CLT as a tool within the city\u2019s urban policy toolkit is a social demand. This was made explicit in an <a href=\"https:\/\/bit.ly\/3KoHL3p\" target=\"_blank\" rel=\"noopener\">open letter to elected officials<\/a> in support of the instrument\u2019s adoption signed by 49 civil society organizations historically involved in the fight for the right to housing and the city. There was a broad mobilization by society to <a href=\"https:\/\/bit.ly\/AudienciaPlanoDiretorTTCemODia\" target=\"_blank\" rel=\"noopener\">defend maintaining the CLT in the new master plan<\/a> at a recent <a href=\"https:\/\/bit.ly\/AudienciaPDTTC5abril\" target=\"_blank\" rel=\"noopener\">public hearing on April 5<\/a>. Over <a href=\"https:\/\/bit.ly\/DefesaTTCNaCamaraFotos\" target=\"_blank\" rel=\"noopener\">100 residents and community leaders filled<\/a> the City Council chambers to <a href=\"https:\/\/bit.ly\/TTCnoPDFISENGE\" target=\"_blank\" rel=\"noopener\">demand mechanisms<\/a> which protect communities from eviction and gentrification.<\/p>\n<figure id=\"attachment_74619\" aria-describedby=\"caption-attachment-74619\" style=\"width: 2047px\" class=\"wp-caption aligncenter\"><a href=\"https:\/\/rioonwatch.org\/wp-content\/uploads\/2023\/04\/TTC-Moradores-e-liderancas-lotam-camara-municipal-em-audiencia-de-5-de-abril.jpg\"><img loading=\"lazy\" decoding=\"async\" class=\"wp-image-74619 size-full\" title=\"Residents and community leaders fill the Council Chambers at the public hearing on April 5 to demand mechanisms that protect communities from gentrification. \" src=\"https:\/\/rioonwatch.org\/wp-content\/uploads\/2023\/04\/TTC-Moradores-e-liderancas-lotam-camara-municipal-em-audiencia-de-5-de-abril.jpg\" alt=\"Residents and community leaders fill the Council Chambers at the public hearing on April 5 to demand mechanisms that protect communities from gentrification. \" width=\"2047\" height=\"1153\" srcset=\"https:\/\/rioonwatch.org\/wp-content\/uploads\/2023\/04\/TTC-Moradores-e-liderancas-lotam-camara-municipal-em-audiencia-de-5-de-abril.jpg 2047w, https:\/\/rioonwatch.org\/wp-content\/uploads\/2023\/04\/TTC-Moradores-e-liderancas-lotam-camara-municipal-em-audiencia-de-5-de-abril-620x349.jpg 620w, https:\/\/rioonwatch.org\/wp-content\/uploads\/2023\/04\/TTC-Moradores-e-liderancas-lotam-camara-municipal-em-audiencia-de-5-de-abril-1117x629.jpg 1117w, https:\/\/rioonwatch.org\/wp-content\/uploads\/2023\/04\/TTC-Moradores-e-liderancas-lotam-camara-municipal-em-audiencia-de-5-de-abril-768x433.jpg 768w\" sizes=\"(max-width: 2047px) 100vw, 2047px\" \/><\/a><figcaption id=\"caption-attachment-74619\" class=\"wp-caption-text\">Residents and community leaders fill the City Council chambers at the public hearing on April 5 to demand mechanisms that protect communities from gentrification.<\/figcaption><\/figure>\n<figure id=\"attachment_74620\" aria-describedby=\"caption-attachment-74620\" style=\"width: 300px\" class=\"wp-caption alignright\"><a href=\"https:\/\/rioonwatch.org\/wp-content\/uploads\/2023\/04\/Jurema-TTC.jpg\"><img loading=\"lazy\" decoding=\"async\" class=\"wp-image-74620\" title=\"Jurema da Silva, resident of the Shangri-l\u00e1 Cooperative, defends the inclusion of the CLT in the Master Plan holding a sign &quot;Community Resists! CLT! Now!&quot;\" src=\"https:\/\/rioonwatch.org\/wp-content\/uploads\/2023\/04\/Jurema-TTC.jpg\" alt=\"Jurema da Silva, resident of the Shangri-l\u00e1 Cooperative, defends the inclusion of the CLT in the Master Plan holding a sign &quot;Community Resists! CLT! Now!&quot;\" width=\"300\" height=\"169\" srcset=\"https:\/\/rioonwatch.org\/wp-content\/uploads\/2023\/04\/Jurema-TTC.jpg 718w, https:\/\/rioonwatch.org\/wp-content\/uploads\/2023\/04\/Jurema-TTC-620x350.jpg 620w\" sizes=\"(max-width: 300px) 100vw, 300px\" \/><\/a><figcaption id=\"caption-attachment-74620\" class=\"wp-caption-text\">Jurema da Silva, resident of the Shangri-l\u00e1 Cooperative, defends the inclusion of the CLT in the Master Plan holding a sign &#8220;Community Resists! CLT! Now!&#8221;<\/figcaption><\/figure>\n<p>However, City Hall, led by Mayor Eduardo Paes, continues to maintain the position of excluding this innovative provision for ensuring affordable housing for low-income families in the city, without presenting any justification. On reading <a href=\"https:\/\/bit.ly\/3GxHUkd\" target=\"_blank\" rel=\"noopener\">amendment #182<\/a>, which removed the Community Land Trust from Rio&#8217;s Master Plan, the justification given was the need to \u201crefine the text.&#8221; This is far from a legitimate explanation for such a significant change to the plan and shows the City\u2019s disregard for people\u2019s pleas. The total lack of transparency from the City regarding its over 200 introduced amendments goes in opposition to the principle of public participation as a pillar of urban policy, as stipulated in the Brazilian Constitution and the <a href=\"http:\/\/bit.ly\/GX1F4n\" target=\"_blank\" rel=\"noopener\">City Statute<\/a>.<\/p>\n<p>The CLT\u2019s removal is far from the only significant change to the Master Plan. Among other new proposals by the executive branch, there is a drastic change to the <em>Outorga Onerosa do Direito de Construir<\/em> (OODC), in English known as &#8220;<a href=\"https:\/\/bit.ly\/3GHjBAj\" target=\"_blank\" rel=\"noopener\">onerous grants and the transfer of the right to construct<\/a>,&#8221; an instrument with the potential to significantly increase the City\u2019s revenues by way of an offset charge for real estate ventures. It works by establishing a basic coefficient for the use of land, within which new ventures can build without additional cost. Any building which exceeds this coefficient must request a concession from City Hall by paying financial compensation. Previously considered an instrument for general application in the city, the amendments create various exceptions for its application, totally reversing its central logic. Furthermore, they impose a waiver of the charge in the first five years of the bill\u2019s term, leaving an uncertain situation and limiting the instrument\u2019s revenue potential by exclusively serving the demands of the real estate sector\u2014those that would be mainly impacted by the charge. The main demand from civil society presented at the hearings about the instrument concerned allocating the funds collected to social housing and urban development. This is not addressed in the amendment, showing yet another serious disregard for the public\u2019s demands.<\/p>\n<figure id=\"attachment_74621\" aria-describedby=\"caption-attachment-74621\" style=\"width: 2048px\" class=\"wp-caption aligncenter\"><a href=\"https:\/\/rioonwatch.org\/wp-content\/uploads\/2023\/04\/TTC-Publico-interessado-aguarda-na-entrada-da-Camara-para-participar-no-que-deveria-ser-uma-audiencia-publica-05-de-abril.jpg\"><img loading=\"lazy\" decoding=\"async\" class=\"wp-image-74621 size-full\" title=\"People waiting at the Council's gates to enter what should be a public hearing. Many couldn't get in even though there was space in the galleries, contradicting the principal of public participation. \" src=\"https:\/\/rioonwatch.org\/wp-content\/uploads\/2023\/04\/TTC-Publico-interessado-aguarda-na-entrada-da-Camara-para-participar-no-que-deveria-ser-uma-audiencia-publica-05-de-abril.jpg\" alt=\"People waiting at the Council's gates to enter what should be a public hearing. Many couldn't get in even though there was space in the galleries, contradicting the principal of public participation. \" width=\"2048\" height=\"1542\" srcset=\"https:\/\/rioonwatch.org\/wp-content\/uploads\/2023\/04\/TTC-Publico-interessado-aguarda-na-entrada-da-Camara-para-participar-no-que-deveria-ser-uma-audiencia-publica-05-de-abril.jpg 2048w, https:\/\/rioonwatch.org\/wp-content\/uploads\/2023\/04\/TTC-Publico-interessado-aguarda-na-entrada-da-Camara-para-participar-no-que-deveria-ser-uma-audiencia-publica-05-de-abril-620x467.jpg 620w, https:\/\/rioonwatch.org\/wp-content\/uploads\/2023\/04\/TTC-Publico-interessado-aguarda-na-entrada-da-Camara-para-participar-no-que-deveria-ser-uma-audiencia-publica-05-de-abril-835x629.jpg 835w, https:\/\/rioonwatch.org\/wp-content\/uploads\/2023\/04\/TTC-Publico-interessado-aguarda-na-entrada-da-Camara-para-participar-no-que-deveria-ser-uma-audiencia-publica-05-de-abril-768x578.jpg 768w, https:\/\/rioonwatch.org\/wp-content\/uploads\/2023\/04\/TTC-Publico-interessado-aguarda-na-entrada-da-Camara-para-participar-no-que-deveria-ser-uma-audiencia-publica-05-de-abril-678x509.jpg 678w, https:\/\/rioonwatch.org\/wp-content\/uploads\/2023\/04\/TTC-Publico-interessado-aguarda-na-entrada-da-Camara-para-participar-no-que-deveria-ser-uma-audiencia-publica-05-de-abril-326x245.jpg 326w, https:\/\/rioonwatch.org\/wp-content\/uploads\/2023\/04\/TTC-Publico-interessado-aguarda-na-entrada-da-Camara-para-participar-no-que-deveria-ser-uma-audiencia-publica-05-de-abril-80x60.jpg 80w\" sizes=\"(max-width: 2048px) 100vw, 2048px\" \/><\/a><figcaption id=\"caption-attachment-74621\" class=\"wp-caption-text\">People waiting at the Council&#8217;s gates to enter what should be a public hearing. Many couldn&#8217;t get in even though there was space in the galleries, contradicting the principle of public participation.<\/figcaption><\/figure>\n<p>Given these and other structural changes to the Rio de Janeiro Master Plan draft bill sent without any participation or justifications, it is clear that City Hall\u2019s positioning threatens effective democratic processes. Social participation is not merely a formal detail, an inconvenience that government can simulate and cross off a list. It is a constitutional requirement and collective right. Much more than listening to people\u2019s demands, the authorities need to take them on or at least give a transparent response as to why they are denied. Otherwise, Rio will continue to produce a centralized urban policy that is far from meeting the needs of its citizens. This seems to be what some wish for in the Rio de Janeiro Master Plan.<\/p>\n<h3>Watch Tarcyla Fidalgo&#8217;s talk on the CLT at the Master Plan Public Hearing on April 5 (in Portuguese) <a href=\"https:\/\/bit.ly\/AudienciaPDTTC5abril\" target=\"_blank\" rel=\"noopener\">here<\/a>:<\/h3>\n<p><iframe title=\"Audi\u00eancia P\u00fablica da Comiss\u00e3o Especial do Plano Diretor - 05.04.2023\" src=\"https:\/\/www.youtube.com\/embed\/47QNEp3wuUE\" width=\"1030\" height=\"567\" frameborder=\"0\" allowfullscreen=\"allowfullscreen\"><\/iframe><\/p>\n<hr \/>\n<h4><b data-stringify-type=\"bold\">Support\u00a0<\/b><b data-stringify-type=\"bold\"><i data-stringify-type=\"italic\">RioOnWatch<\/i><\/b><b data-stringify-type=\"bold\">\u2019s tireless, critical and cutting-edge hyperlocal journalism, online community organizing meetings, and direct support to favelas\u00a0<\/b><b data-stringify-type=\"bold\"><a class=\"c-link\" href=\"http:\/\/bit.ly\/DonateToRioOnWatch\" target=\"_blank\" rel=\"noopener noreferrer\" data-stringify-link=\"http:\/\/bit.ly\/DonateToRioOnWatch\" data-sk=\"tooltip_parent\">by clicking here.<\/a><\/b><\/h4>\n","protected":false},"excerpt":{"rendered":"<div class=\"mh-excerpt\"><p>Clique aqui para Portugu\u00eas The revision of a city\u2019s master plan concerns all its inhabitants. As the main urban planning law at the municipal level, Rio de Janeiro&#8217;s Master Plan will guide the city\u2019s development <a class=\"mh-excerpt-more\" href=\"https:\/\/rioonwatch.org\/?p=74585\" title=\"Rio de Janeiro Mayor Heavily Amends City&#8217;s 10-Year Master Plan In Final Phase, Prompting Intense Criticism from Civil Society\">[&#8230;]<\/a><\/p>\n<\/div>","protected":false},"author":238,"featured_media":74616,"comment_status":"closed","ping_status":"closed","sticky":false,"template":"template-full.php","format":"standard","meta":{"_monsterinsights_skip_tracking":false,"_monsterinsights_sitenote_active":false,"_monsterinsights_sitenote_note":"","_monsterinsights_sitenote_category":0,"footnotes":""},"categories":[1267,1668,1288,1290,2242,335,329,336],"tags":[162,1163,435,272,26,2278,744,3547,301,3546,1699,1403,365],"writer":[3504],"translator":[3452],"illustrator":[],"photographer":[],"class_list":{"0":"post-74585","1":"post","2":"type-post","3":"status-publish","4":"format-standard","5":"has-post-thumbnail","7":"category-gentrificationwatch","8":"category-participationwatch","9":"category-highlight","10":"category-civilsociety","11":"category-democracy","12":"category-policies","13":"category-solutions","14":"category-violations","15":"tag-city-council","16":"tag-civil-society","17":"tag-community-land-trust","18":"tag-mayor-eduardo-paes","19":"tag-housing-rights","20":"tag-new-urban-agenda","21":"tag-policy-critique","22":"tag-public-hearing","23":"tag-public-policy","24":"tag-rio-de-janeiro-master-plan","25":"tag-sao-joao-de-meriti","26":"tag-solution","27":"tag-zero-participation","28":"writer-favela-clt-project","29":"translator-staff"},"_links":{"self":[{"href":"https:\/\/rioonwatch.org\/index.php?rest_route=\/wp\/v2\/posts\/74585","targetHints":{"allow":["GET"]}}],"collection":[{"href":"https:\/\/rioonwatch.org\/index.php?rest_route=\/wp\/v2\/posts"}],"about":[{"href":"https:\/\/rioonwatch.org\/index.php?rest_route=\/wp\/v2\/types\/post"}],"author":[{"embeddable":true,"href":"https:\/\/rioonwatch.org\/index.php?rest_route=\/wp\/v2\/users\/238"}],"replies":[{"embeddable":true,"href":"https:\/\/rioonwatch.org\/index.php?rest_route=%2Fwp%2Fv2%2Fcomments&post=74585"}],"version-history":[{"count":0,"href":"https:\/\/rioonwatch.org\/index.php?rest_route=\/wp\/v2\/posts\/74585\/revisions"}],"wp:featuredmedia":[{"embeddable":true,"href":"https:\/\/rioonwatch.org\/index.php?rest_route=\/wp\/v2\/media\/74616"}],"wp:attachment":[{"href":"https:\/\/rioonwatch.org\/index.php?rest_route=%2Fwp%2Fv2%2Fmedia&parent=74585"}],"wp:term":[{"taxonomy":"category","embeddable":true,"href":"https:\/\/rioonwatch.org\/index.php?rest_route=%2Fwp%2Fv2%2Fcategories&post=74585"},{"taxonomy":"post_tag","embeddable":true,"href":"https:\/\/rioonwatch.org\/index.php?rest_route=%2Fwp%2Fv2%2Ftags&post=74585"},{"taxonomy":"writer","embeddable":true,"href":"https:\/\/rioonwatch.org\/index.php?rest_route=%2Fwp%2Fv2%2Fwriter&post=74585"},{"taxonomy":"translator","embeddable":true,"href":"https:\/\/rioonwatch.org\/index.php?rest_route=%2Fwp%2Fv2%2Ftranslator&post=74585"},{"taxonomy":"illustrator","embeddable":true,"href":"https:\/\/rioonwatch.org\/index.php?rest_route=%2Fwp%2Fv2%2Fillustrator&post=74585"},{"taxonomy":"photographer","embeddable":true,"href":"https:\/\/rioonwatch.org\/index.php?rest_route=%2Fwp%2Fv2%2Fphotographer&post=74585"}],"curies":[{"name":"wp","href":"https:\/\/api.w.org\/{rel}","templated":true}]}}