{"id":74719,"date":"2023-04-30T10:57:17","date_gmt":"2023-04-30T13:57:17","guid":{"rendered":"https:\/\/rioonwatch.org\/?p=74719"},"modified":"2023-08-14T09:08:59","modified_gmt":"2023-08-14T12:08:59","slug":"public-fills-rio-de-janeiro-city-council-to-demand-the-community-land-trust-in-the-citys-master-plan-and-discuss-city-halls-exclusion-of-urban-policy-instruments","status":"publish","type":"post","link":"https:\/\/rioonwatch.org\/?p=74719","title":{"rendered":"Public Fills Rio de Janeiro City Council to Demand the Community Land Trust in the City\u2019s Master Plan and Discuss City Hall&#8217;s Exclusion of Urban Policy Instruments"},"content":{"rendered":"<figure id=\"attachment_74619\" aria-describedby=\"caption-attachment-74619\" style=\"width: 2047px\" class=\"wp-caption alignnone\"><a href=\"https:\/\/rioonwatch.org\/wp-content\/uploads\/2023\/04\/TTC-Moradores-e-liderancas-lotam-camara-municipal-em-audiencia-de-5-de-abril.jpg\"><img fetchpriority=\"high\" decoding=\"async\" class=\"wp-image-74619 size-full\" title=\"Master Plan Public Hearing at the Rio de Janeiro City Council Chambers on April 5, 2023\" src=\"https:\/\/rioonwatch.org\/wp-content\/uploads\/2023\/04\/TTC-Moradores-e-liderancas-lotam-camara-municipal-em-audiencia-de-5-de-abril.jpg\" alt=\"Master Plan Public Hearing at the Rio de Janeiro City Council Chambers on April 5, 2023\" width=\"2047\" height=\"1153\" srcset=\"https:\/\/rioonwatch.org\/wp-content\/uploads\/2023\/04\/TTC-Moradores-e-liderancas-lotam-camara-municipal-em-audiencia-de-5-de-abril.jpg 2047w, https:\/\/rioonwatch.org\/wp-content\/uploads\/2023\/04\/TTC-Moradores-e-liderancas-lotam-camara-municipal-em-audiencia-de-5-de-abril-620x349.jpg 620w, https:\/\/rioonwatch.org\/wp-content\/uploads\/2023\/04\/TTC-Moradores-e-liderancas-lotam-camara-municipal-em-audiencia-de-5-de-abril-1117x629.jpg 1117w, https:\/\/rioonwatch.org\/wp-content\/uploads\/2023\/04\/TTC-Moradores-e-liderancas-lotam-camara-municipal-em-audiencia-de-5-de-abril-768x433.jpg 768w\" sizes=\"(max-width: 2047px) 100vw, 2047px\" \/><\/a><figcaption id=\"caption-attachment-74619\" class=\"wp-caption-text\">Master Plan Public Hearing at the Rio de Janeiro City Council Chambers on April 5, 2023<\/figcaption><\/figure>\n<p style=\"text-align: right;\"><a href=\"https:\/\/bit.ly\/TTCnoPDnaCamara\" target=\"_blank\" rel=\"noopener\"><span class=\"s1\"><i>Clique aqui para Portugu\u00eas<\/i><\/span><span class=\"s2\"><i><span class=\"Apple-converted-space\"><em><img decoding=\"async\" class=\"alignright size-full wp-image-23766\" src=\"https:\/\/www.rioonwatch.org\/wp-content\/uploads\/2012\/08\/PT-e1439583827971.png\" width=\"20\" height=\"20\" \/><\/em><\/span><\/i><\/span><\/a><\/p>\n<h4>The <a href=\"https:\/\/bit.ly\/41FrDBY\" target=\"_blank\" rel=\"noopener\">Rio de Janeiro City Council Chambers<\/a> were filled past capacity the first two Wednesdays in April as over 120 people mobilized for the right to housing. Filling both the galleries and plenary, the public made noise and put pressure on officials during the 28th and 29th Master Plan Special Commission Public Hearings on April 5 and 12. The hearings concerned urban policy mechanisms and <a href=\"https:\/\/bit.ly\/CLTinMP\" target=\"_blank\" rel=\"noopener\">unilateral changes made by City Hall<\/a> in their revision of the draft bill of Rio de Janeiro\u2019s City Master Plan (<a href=\"https:\/\/bit.ly\/3lIBzZ3\" target=\"_blank\" rel=\"noopener\">PLC n\u00ba 44\/2021<\/a>).<\/h4>\n<h3>28th Public Hearing on April 5: The Urgency of Guaranteeing Affordable Housing and Reincorporating the CLT into the Master Plan<\/h3>\n<p>For many participants, the <a href=\"https:\/\/bit.ly\/TTCnaCMRJ\" target=\"_blank\" rel=\"noopener\">hearing on April 5<\/a> started in the entrance line as over 60 people waited to access the City Council Chambers\u2019 B Gallery after the A Gallery had been filled. The queue moved very slowly with those waiting believing this was an attempt to demotivate them. Security guards initially denied entry to 15, but people in the gallery returned to inform them\u2014including some due to speak in the plenary\u2014that there were still vacant seats. After over 30 minutes of waiting and pressure, the guards allowed those waiting to enter. This was at 11:30am, halfway through the hearing. Only then had the 120 people in the line been allowed to enter.<\/p>\n<p><a href=\"https:\/\/rioonwatch.org\/wp-content\/uploads\/2023\/04\/TTC-Publico-interessado-aguarda-na-entrada-da-Camara-para-participar-no-que-deveria-ser-uma-audiencia-publica-05-de-abril.jpg\"><img decoding=\"async\" class=\"aligncenter wp-image-74621 size-full\" src=\"https:\/\/rioonwatch.org\/wp-content\/uploads\/2023\/04\/TTC-Publico-interessado-aguarda-na-entrada-da-Camara-para-participar-no-que-deveria-ser-uma-audiencia-publica-05-de-abril.jpg\" alt=\"\" width=\"2048\" height=\"1542\" srcset=\"https:\/\/rioonwatch.org\/wp-content\/uploads\/2023\/04\/TTC-Publico-interessado-aguarda-na-entrada-da-Camara-para-participar-no-que-deveria-ser-uma-audiencia-publica-05-de-abril.jpg 2048w, https:\/\/rioonwatch.org\/wp-content\/uploads\/2023\/04\/TTC-Publico-interessado-aguarda-na-entrada-da-Camara-para-participar-no-que-deveria-ser-uma-audiencia-publica-05-de-abril-620x467.jpg 620w, https:\/\/rioonwatch.org\/wp-content\/uploads\/2023\/04\/TTC-Publico-interessado-aguarda-na-entrada-da-Camara-para-participar-no-que-deveria-ser-uma-audiencia-publica-05-de-abril-835x629.jpg 835w, https:\/\/rioonwatch.org\/wp-content\/uploads\/2023\/04\/TTC-Publico-interessado-aguarda-na-entrada-da-Camara-para-participar-no-que-deveria-ser-uma-audiencia-publica-05-de-abril-768x578.jpg 768w, https:\/\/rioonwatch.org\/wp-content\/uploads\/2023\/04\/TTC-Publico-interessado-aguarda-na-entrada-da-Camara-para-participar-no-que-deveria-ser-uma-audiencia-publica-05-de-abril-678x509.jpg 678w, https:\/\/rioonwatch.org\/wp-content\/uploads\/2023\/04\/TTC-Publico-interessado-aguarda-na-entrada-da-Camara-para-participar-no-que-deveria-ser-uma-audiencia-publica-05-de-abril-326x245.jpg 326w, https:\/\/rioonwatch.org\/wp-content\/uploads\/2023\/04\/TTC-Publico-interessado-aguarda-na-entrada-da-Camara-para-participar-no-que-deveria-ser-uma-audiencia-publica-05-de-abril-80x60.jpg 80w\" sizes=\"(max-width: 2048px) 100vw, 2048px\" \/><\/a><\/p>\n<p>Residents of favelas and occupations continued to arrive, however, especially those coming from more distant areas of the city in the <a href=\"https:\/\/bit.ly\/3pyH4Iy\" target=\"_blank\" rel=\"noopener\">North<\/a> and <a href=\"https:\/\/bit.ly\/38frSJP\" target=\"_blank\" rel=\"noopener\">West Zones<\/a>. Though there were still vacant seats in the galleries, around 40 residents of favelas and occupations were blocked from entering. According to security guards, this was due to the capacity established by the fire department. \u201cWe arrived late because the train was delayed, we\u2019ve come a long way for this hearing,\u201d complained a resident of an occupation in Rio\u2019s West Zone, who preferred not to be identified.<\/p>\n<figure id=\"attachment_74745\" aria-describedby=\"caption-attachment-74745\" style=\"width: 1265px\" class=\"wp-caption aligncenter\"><a href=\"https:\/\/rioonwatch.org\/wp-content\/uploads\/2023\/04\/Pessoas-aguardando-entrada-na-porta-da-Camara.png\"><img loading=\"lazy\" decoding=\"async\" class=\"wp-image-74745 size-full\" title=\"Around 40 people were blocked from entering the Chambers. \" src=\"https:\/\/rioonwatch.org\/wp-content\/uploads\/2023\/04\/Pessoas-aguardando-entrada-na-porta-da-Camara.png\" alt=\"Around 40 people were blocked from entering the Chambers. \" width=\"1265\" height=\"694\" srcset=\"https:\/\/rioonwatch.org\/wp-content\/uploads\/2023\/04\/Pessoas-aguardando-entrada-na-porta-da-Camara.png 1265w, https:\/\/rioonwatch.org\/wp-content\/uploads\/2023\/04\/Pessoas-aguardando-entrada-na-porta-da-Camara-620x340.png 620w, https:\/\/rioonwatch.org\/wp-content\/uploads\/2023\/04\/Pessoas-aguardando-entrada-na-porta-da-Camara-1147x629.png 1147w, https:\/\/rioonwatch.org\/wp-content\/uploads\/2023\/04\/Pessoas-aguardando-entrada-na-porta-da-Camara-768x421.png 768w\" sizes=\"(max-width: 1265px) 100vw, 1265px\" \/><\/a><figcaption id=\"caption-attachment-74745\" class=\"wp-caption-text\">Around 40 people were blocked from entering the Chambers.<\/figcaption><\/figure>\n<p>Those who managed to get in <a href=\"https:\/\/bit.ly\/AudienciaPDTTC5abrilCompleto\" target=\"_blank\" rel=\"noopener\">heard talks<\/a> from various community representatives, residents, and professionals: Luiz Cl\u00e1udio da Silva from <a href=\"https:\/\/bit.ly\/2IpNNB7\" target=\"_blank\" rel=\"noopener\">Vila Aut\u00f3dromo<\/a>; Em\u00edlia Sousa from the <a href=\"https:\/\/bit.ly\/315oUmx\" target=\"_blank\" rel=\"noopener\">Horto<\/a> community and <a href=\"https:\/\/bit.ly\/3keYibk\" target=\"_blank\" rel=\"noopener\">Popular Council<\/a> leader; Jurema Const\u00e2ncio, resident of the <a href=\"https:\/\/bit.ly\/3n0rPgm\" target=\"_blank\" rel=\"noopener\">Shangri-l\u00e1<\/a> cooperative and National Union for Popular Housing (<a href=\"https:\/\/bit.ly\/2yevkFa\" target=\"_blank\" rel=\"noopener\">UNMP<\/a>) leader; Paula Carvalho, from the <a href=\"https:\/\/bit.ly\/2yqNweH\" target=\"_blank\" rel=\"noopener\">Favelas Pastoral Committee<\/a>; Fl\u00e1vio Braga de Oliveira, representative of families living on social rent in Jacarepagu\u00e1; Lic\u00ednio Rog\u00e9rio, president of the <a href=\"https:\/\/bit.ly\/3KZM1YL\" target=\"_blank\" rel=\"noopener\">Rio de Janeiro City Federation of Neighborhood Associations<\/a>; Michele Cruz de Abreu and Sara Ferreira do Amaral from the Zumbi dos Palmares Occupation; Paulinho Sor\u00f3 from the <a href=\"https:\/\/bit.ly\/3KZrJ1o\" target=\"_blank\" rel=\"noopener\">Jambalaia Occupation<\/a> in the West Zone; Tarcyla Fidalgo from the <a href=\"https:\/\/bit.ly\/3N92Wts\" target=\"_blank\" rel=\"noopener\">Favela-Community Land Trust Project<\/a>*; Viviane Silva Santos Tardelli, public defender from the Land and Housing Nucleus (<a href=\"http:\/\/bit.ly\/2ITFePp\" target=\"_blank\" rel=\"noopener\">NUTH<\/a>); Marcela Marques Abla, president of the Brazilian Institute of Architects (<a href=\"https:\/\/bit.ly\/1NAwCdd\" target=\"_blank\" rel=\"noopener\">IAB<\/a>); Henrique Barandier from the Brazilian Institute of Municipal Administration (<a href=\"http:\/\/bit.ly\/2x9B6De\" target=\"_blank\" rel=\"noopener\">IBAM<\/a>); Augusto Ivan Pinheiro, Municipal Urban Planning Secretary; Val\u00e9ria Hazan, Macro Planning Manager at the Municipal Urban Planning Secretariat (<a href=\"https:\/\/bit.ly\/3OBLPNK\" target=\"_blank\" rel=\"noopener\">SMPU<\/a>); Luiz Roberto da Matta, Rio de Janeiro municipal prosecutor; <a href=\"https:\/\/bit.ly\/3ouS7HD\" target=\"_blank\" rel=\"noopener\">Washington Fajardo<\/a>, former Rio de Janeiro Urban Planning Secretary; and Thiago Ramos Dias, Executive Undersecretary at the Municipal Secretariat for Economic Development, Innovation, and Streamlining (<a href=\"http:\/\/bit.ly\/3Kx6bbj\" target=\"_blank\" rel=\"noopener\">SMDEIS<\/a>).<\/p>\n<figure id=\"attachment_74746\" aria-describedby=\"caption-attachment-74746\" style=\"width: 1366px\" class=\"wp-caption aligncenter\"><a href=\"https:\/\/rioonwatch.org\/wp-content\/uploads\/2023\/04\/Paulinho-Soro-da-Ocupacao-Jambalaia-na-Zona-Oeste-com-cartaz-Preciamos-do-inicio-meio-e-fim-das-obras-habitacionais.-Foto-TV-Camara.png\"><img loading=\"lazy\" decoding=\"async\" class=\"wp-image-74746 size-full\" title=\"Paulinho Sor\u00f3 from the Jambalaia Occupation in West Zone with a sign saying \u2018We need the start, middle, and end of housing works.\u2019\" src=\"https:\/\/rioonwatch.org\/wp-content\/uploads\/2023\/04\/Paulinho-Soro-da-Ocupacao-Jambalaia-na-Zona-Oeste-com-cartaz-Preciamos-do-inicio-meio-e-fim-das-obras-habitacionais.-Foto-TV-Camara.png\" alt=\"Paulinho Sor\u00f3 from the Jambalaia Occupation in West Zone with a sign saying \u2018We need the start, middle, and end of housing works.\u2019 \" width=\"1366\" height=\"768\" srcset=\"https:\/\/rioonwatch.org\/wp-content\/uploads\/2023\/04\/Paulinho-Soro-da-Ocupacao-Jambalaia-na-Zona-Oeste-com-cartaz-Preciamos-do-inicio-meio-e-fim-das-obras-habitacionais.-Foto-TV-Camara.png 1366w, https:\/\/rioonwatch.org\/wp-content\/uploads\/2023\/04\/Paulinho-Soro-da-Ocupacao-Jambalaia-na-Zona-Oeste-com-cartaz-Preciamos-do-inicio-meio-e-fim-das-obras-habitacionais.-Foto-TV-Camara-620x349.png 620w, https:\/\/rioonwatch.org\/wp-content\/uploads\/2023\/04\/Paulinho-Soro-da-Ocupacao-Jambalaia-na-Zona-Oeste-com-cartaz-Preciamos-do-inicio-meio-e-fim-das-obras-habitacionais.-Foto-TV-Camara-1119x629.png 1119w, https:\/\/rioonwatch.org\/wp-content\/uploads\/2023\/04\/Paulinho-Soro-da-Ocupacao-Jambalaia-na-Zona-Oeste-com-cartaz-Preciamos-do-inicio-meio-e-fim-das-obras-habitacionais.-Foto-TV-Camara-768x432.png 768w\" sizes=\"(max-width: 1366px) 100vw, 1366px\" \/><\/a><figcaption id=\"caption-attachment-74746\" class=\"wp-caption-text\">Paulinho Sor\u00f3 from the Jambalaia Occupation in Rio&#8217;s West Zone with a sign saying \u2018We need the start, middle, and end of housing works.\u2019<\/figcaption><\/figure>\n<p>Many talks advocated for the right to housing in Rio de Janeiro and demanded that this be a central aspect of the city\u2019s Master Plan, ahead of other urban development considerations due to the historical deficit in housing and quality urban infrastructure in the city. The <a href=\"https:\/\/bit.ly\/CLTinMP\" target=\"_blank\" rel=\"noopener\">numerous amendments<\/a> sent by City Hall at the last minute were also denounced by many who spoke, particularly highlighting the removal of the <a href=\"https:\/\/bit.ly\/3mQUuln\" target=\"_blank\" rel=\"noopener\">Community Land Trust (CLT)<\/a> from the Master Plan.<\/p>\n<p>Tarcyla Fidalgo is coordinator of the Favela-CLT Project, a diverse and broad working group of civil society groups and professionals who have been introducing this <a href=\"https:\/\/bit.ly\/LandLinesFCLT\" target=\"_blank\" rel=\"noopener\">high-potential tool<\/a> in Brazil over the past five years. Fidalgo <a href=\"https:\/\/bit.ly\/AudienciaPDTTC5abril\" target=\"_blank\" rel=\"noopener\">criticized the removal<\/a> of the chapter on Community Land Trusts from the Master Plan and the lack of clarity from City Hall as to its removal. The CLT Working Group of residents, leaders, and professionals participated extensively in the Master Plan preparatory meetings and the tool was embraced in its entirety in the version sent to the Mayor at the end of 2021. She remembered a municipal prosecutor giving a positive opinion about incorporating the model into the Master Plan as a public policy option and way of resident self-management for the right to stay in their locations. But, even so:<\/p>\n<blockquote><p>\u201cThe Community Land Trust was the <a href=\"https:\/\/bit.ly\/AudienciaPlanoDiretorTTCemODia\" target=\"_blank\" rel=\"noopener\">only mechanism excluded<\/a> from the Master Plan\u2026 We\u2019re here out of respect for the people who need to understand this technical debate that removes people from their houses, that means people are evicted from their homes\u2026 Up to now, the justification [for the removal of the CLT] that I\u2019ve received is that it was a \u2018refining of the text.\u2019 But here today, together with all of you, I\u2019ve learned that it was apparently a legal issue\u2026 Prosecutor da Matta himself, who issued a <a href=\"http:\/\/bit.ly\/3mkFq1L\" target=\"_blank\" rel=\"noopener\">48-page opinion<\/a> on the Master Plan with six pages dedicated to the Community Land Trust, said that&#8230; yes, it is possible for it to be in the Master Plan\u2026 What then, is the real reason for which the CLT was removed? It\u2019s not a legal issue. It\u2019s not a refining of the text. So what happened? We need a response on this, because the CLT\u2019s inclusion in the Plan is the result of popular participation in the Master Plan revision process and the people need to understand why it\u2019s being removed. There\u2019s no barrier to it being in a Master Plan, in fact it\u2019s already in the [master plan of neighboring municipality] <a href=\"https:\/\/bit.ly\/3cDf6Lm\" target=\"_blank\" rel=\"noopener\">S\u00e3o Jo\u00e3o de Meriti<\/a>.\u201d<\/p><\/blockquote>\n<figure id=\"attachment_74747\" aria-describedby=\"caption-attachment-74747\" style=\"width: 2560px\" class=\"wp-caption aligncenter\"><a href=\"https:\/\/rioonwatch.org\/wp-content\/uploads\/2023\/04\/Tarcyla-Fidalgo-coordenadora-do-projeto-do-TTC-criticou-a-retirada-de-um-capitulo-inteiro-sobre-o-Termo-Territorial-Coletivo-no-Plano-Diretor-scaled-1.jpg\"><img loading=\"lazy\" decoding=\"async\" class=\"wp-image-74747 size-full\" title=\"Tarcyla Fidalgo, lawyer, urban planner, and coordinator of the F-CLT project, criticizes the removal of an entire chapter about the Community Land Trust from the Master Plan and the lack of transparency by City Hall. \" src=\"https:\/\/rioonwatch.org\/wp-content\/uploads\/2023\/04\/Tarcyla-Fidalgo-coordenadora-do-projeto-do-TTC-criticou-a-retirada-de-um-capitulo-inteiro-sobre-o-Termo-Territorial-Coletivo-no-Plano-Diretor-scaled-1.jpg\" alt=\"Tarcyla Fidalgo, lawyer, urban planner, and coordinator of the F-CLT project, criticizes the removal of an entire chapter about the Community Land Trust from the Master Plan and the lack of transparency by City Hall. \" width=\"2560\" height=\"1707\" srcset=\"https:\/\/rioonwatch.org\/wp-content\/uploads\/2023\/04\/Tarcyla-Fidalgo-coordenadora-do-projeto-do-TTC-criticou-a-retirada-de-um-capitulo-inteiro-sobre-o-Termo-Territorial-Coletivo-no-Plano-Diretor-scaled-1.jpg 2560w, https:\/\/rioonwatch.org\/wp-content\/uploads\/2023\/04\/Tarcyla-Fidalgo-coordenadora-do-projeto-do-TTC-criticou-a-retirada-de-um-capitulo-inteiro-sobre-o-Termo-Territorial-Coletivo-no-Plano-Diretor-scaled-1-620x413.jpg 620w, https:\/\/rioonwatch.org\/wp-content\/uploads\/2023\/04\/Tarcyla-Fidalgo-coordenadora-do-projeto-do-TTC-criticou-a-retirada-de-um-capitulo-inteiro-sobre-o-Termo-Territorial-Coletivo-no-Plano-Diretor-scaled-1-943x629.jpg 943w, https:\/\/rioonwatch.org\/wp-content\/uploads\/2023\/04\/Tarcyla-Fidalgo-coordenadora-do-projeto-do-TTC-criticou-a-retirada-de-um-capitulo-inteiro-sobre-o-Termo-Territorial-Coletivo-no-Plano-Diretor-scaled-1-768x512.jpg 768w\" sizes=\"(max-width: 2560px) 100vw, 2560px\" \/><\/a><figcaption id=\"caption-attachment-74747\" class=\"wp-caption-text\">Tarcyla Fidalgo, lawyer, urban planner, and coordinator of the Favela-CLT project, criticizes the removal of the entire chapter on Community Land Trusts from the Master Plan and the lack of transparency by City Hall.<\/figcaption><\/figure>\n<p>To Fidalgo, a lawyer and urban planner, an in-depth discussion about the CLT\u2019s inclusion is vital for Rio\u2019s favelas and occupations, and \u201cit\u2019s not something to be imposed\u2026 The CLT requires partnership and has a community-strengthening character\u2026 According to Prosecutor da Matta, the CLT is a voluntary model and must be so. Even if we have the legislation, it must be something people choose, otherwise it doesn\u2019t make sense.\u201d<\/p>\n<p>Prosecutor Luiz Roberto da Matta evaluated that the CLT&#8217;s greatest asset, besides guaranteeing people&#8217;s ability to stay in their communities, is people\u2019s participation in all its stages, including in proposing its incorporation in the Master Plan:<\/p>\n<blockquote><p>\u201cThe proposal to include the Community Land Trust in the Master Plan is a reflection of people\u2019s participation in revising it [the Plan]. This participation is prescribed by Article 40 in the City Statute, and has meant this new instrument can contribute to advancing the right to the city through a model of collective land management in areas with predominantly vulnerable populations.\u201d<\/p><\/blockquote>\n<p>This is even more important considering federal legislation (<a href=\"http:\/\/bit.ly\/2kwTwt1\" target=\"_blank\" rel=\"noopener\">Law 13,465\/17<\/a>) in Brazil which establishes a new framework for land titling, making the process easier and cheaper. The framework is being finalized in Rio de Janeiro. This law creates a trend of increased titling processes for individual property. However in the context of around 1,000 favelas in the city of Rio, individual titles independente of other measures which guarantee the right to stay will increase the risk of <a href=\"https:\/\/bit.ly\/31fIEnR\" target=\"_blank\" rel=\"noopener\">gentrification<\/a>\u2014which Fidalgo simply terms &#8220;market eviction.&#8221;<\/p>\n<blockquote><p>\u201cThe new land titling legislation [means titling] is no longer seen as a long, complex process connected to infrastructure improvements and comes to be viewed as simply the issuing of titles and documents with the logic of full ownership\u2026 But we live in a very unequal city\u2026 [where] issuing titles in an area of the South Zone or in an area of the suburbs or favelas will have very distinct outcomes. We know the real estate market has different interests in different regions of the city and that issuing individual titles, this land titling that everyone wants, could represent a large threat to the permanence of many communities and many people who currently somehow manage to guarantee their housing in areas with infrastructure, where they can enjoy urban amenities, which should be available to all but we know aren\u2019t. This is the logic that produces cities all around the world, not just in Rio de Janeiro.\u201d \u2014 Tarcyla Fidalgo<\/p><\/blockquote>\n<p>In Rio, we experience two main threats to the right to remain of residents in their communities, two sources which deny the right to housing: government action through forced evictions and the real estate market which drives gentrification.<\/p>\n<blockquote><p>\u201cWe have a problem with the extent to which these thousands of residents will have secure land ownership over the coming years\u2026 Full ownership is an option, but it\u2019s perhaps not the best option for the whole city or for all its residents. And many of them are here today. I see signs in the gallery defending the CLT which seem to agree and want another model to guarantee their housing.\u201d \u2014 Tarcyla Fidalgo<\/p><\/blockquote>\n<figure id=\"attachment_74617\" aria-describedby=\"caption-attachment-74617\" style=\"width: 2047px\" class=\"wp-caption aligncenter\"><a href=\"https:\/\/rioonwatch.org\/wp-content\/uploads\/2023\/04\/Membros-do-publico-se-manifestam-a-favor-da-permanencia-do-TTC-no-Plano-Diretor-da-cidade.jpg\"><img loading=\"lazy\" decoding=\"async\" class=\"wp-image-74617 size-full\" title=\"Public in the galleries call for the Community Land Trust (CLT) to be incorporated in the Rio de Janeiro Master Plan\" src=\"https:\/\/rioonwatch.org\/wp-content\/uploads\/2023\/04\/Membros-do-publico-se-manifestam-a-favor-da-permanencia-do-TTC-no-Plano-Diretor-da-cidade.jpg\" alt=\"Public in the galleries call for the Community Land Trust (CLT) to be incorporated in the Rio de Janeiro Master Plan\" width=\"2047\" height=\"1365\" srcset=\"https:\/\/rioonwatch.org\/wp-content\/uploads\/2023\/04\/Membros-do-publico-se-manifestam-a-favor-da-permanencia-do-TTC-no-Plano-Diretor-da-cidade.jpg 2047w, https:\/\/rioonwatch.org\/wp-content\/uploads\/2023\/04\/Membros-do-publico-se-manifestam-a-favor-da-permanencia-do-TTC-no-Plano-Diretor-da-cidade-620x413.jpg 620w, https:\/\/rioonwatch.org\/wp-content\/uploads\/2023\/04\/Membros-do-publico-se-manifestam-a-favor-da-permanencia-do-TTC-no-Plano-Diretor-da-cidade-943x629.jpg 943w, https:\/\/rioonwatch.org\/wp-content\/uploads\/2023\/04\/Membros-do-publico-se-manifestam-a-favor-da-permanencia-do-TTC-no-Plano-Diretor-da-cidade-768x512.jpg 768w\" sizes=\"(max-width: 2047px) 100vw, 2047px\" \/><\/a><figcaption id=\"caption-attachment-74617\" class=\"wp-caption-text\">Public in the galleries call for the Community Land Trust (CLT) to be re-incorporated in the Rio de Janeiro Master Plan.<\/figcaption><\/figure>\n<h3>What is the Community Land Trust (CLT)?<\/h3>\n<p>The <em>Termo Territorial Coletivo (TTC)<\/em> is the Brazilian version of the Community Land Trust (CLT), a land management model increasingly used around the world to <a href=\"https:\/\/bit.ly\/3SmX6or\" target=\"_blank\" rel=\"noopener\">ensure affordable housing<\/a>. It works by forming a legal entity whose board is typically made up of residents and allies and which owns the land and administers it in accordance with residents\u2019 interests. The organization cannot sell the land, just undertake its management. In this way, the land is governed by residents, removed from the market, and is separate from property values and protected from speculation. Meanwhile residents own their residences and plots above the surface of that land and are able to remain or sell, mortgage, or pass them on to their children. It is among the most robust models of land titling in relation to the aim of allowing residents to remain in their communities of origin in those contexts in which it has already been applied around the world.<\/p>\n<figure id=\"attachment_74748\" aria-describedby=\"caption-attachment-74748\" style=\"width: 960px\" class=\"wp-caption aligncenter\"><a href=\"https:\/\/rioonwatch.org\/wp-content\/uploads\/2023\/04\/2022-04-18-O-que-e-o-TTC_.jpg\"><img loading=\"lazy\" decoding=\"async\" class=\"wp-image-74748 size-full\" title=\"What is the CLT: Slide illustrating the difference between traditional property ownership and the CLT in which land ownership is collective and property ownership is individual\" src=\"https:\/\/rioonwatch.org\/wp-content\/uploads\/2023\/04\/2022-04-18-O-que-e-o-TTC_.jpg\" alt=\"What is the CLT: Slide illustrating the difference between traditional property ownership and the CLT in which land ownership is collective and property ownership is individual\" width=\"960\" height=\"540\" srcset=\"https:\/\/rioonwatch.org\/wp-content\/uploads\/2023\/04\/2022-04-18-O-que-e-o-TTC_.jpg 960w, https:\/\/rioonwatch.org\/wp-content\/uploads\/2023\/04\/2022-04-18-O-que-e-o-TTC_-620x349.jpg 620w, https:\/\/rioonwatch.org\/wp-content\/uploads\/2023\/04\/2022-04-18-O-que-e-o-TTC_-768x432.jpg 768w\" sizes=\"(max-width: 960px) 100vw, 960px\" \/><\/a><figcaption id=\"caption-attachment-74748\" class=\"wp-caption-text\">&#8216;What is the CLT?&#8217; slide illustrates the difference between traditional property ownership and the CLT in which land ownership is collective and home ownership is individual.<\/figcaption><\/figure>\n<p>Emerging in the context of the <a href=\"http:\/\/bit.ly\/2RSOHIX\" target=\"_blank\" rel=\"noopener\">civil rights movement<\/a> in the <a href=\"https:\/\/bit.ly\/2zmlf78\" target=\"_blank\" rel=\"noopener\">United States<\/a> at the end of the 1960s, the CLT spread across the country where there are hundreds of CLTs in operation today, both <a href=\"https:\/\/bit.ly\/39sUtzn\" target=\"_blank\" rel=\"noopener\">in cities<\/a> and <a href=\"http:\/\/bit.ly\/2mWNzKQ\" target=\"_blank\" rel=\"noopener\">rural areas<\/a>. In recent decades, there has been a rapid spread of <a href=\"https:\/\/bit.ly\/CLTMovementROW\" target=\"_blank\" rel=\"noopener\">CLTs around the world<\/a>, and there are currently CLTs in various countries including the <a href=\"http:\/\/bit.ly\/2AHlwlO\" target=\"_blank\" rel=\"noopener\">UK<\/a>, <a href=\"http:\/\/bit.ly\/357diSg\" target=\"_blank\" rel=\"noopener\">Belgium<\/a>, <a href=\"http:\/\/bit.ly\/2IFE5LV\" target=\"_blank\" rel=\"noopener\">France<\/a>, <a href=\"https:\/\/bit.ly\/3hubdGK\" target=\"_blank\" rel=\"noopener\">Australia<\/a>, <a href=\"https:\/\/bit.ly\/3BroGcy\" target=\"_blank\" rel=\"noopener\">Kenya<\/a>, and <a href=\"https:\/\/bit.ly\/3GlG2bv\" target=\"_blank\" rel=\"noopener\">Puerto Rico<\/a>. In Rio de Janeiro, there are communities in the <a href=\"https:\/\/bit.ly\/FavelaCLTSeminar2022\" target=\"_blank\" rel=\"noopener\">community organizing and development<\/a> phase of becoming CLT pilot projects.<\/p>\n<blockquote><p>\u201cThe resident has the full right to sell their home, rent it out, or leave the house as inheritance. But the land, which is where land value appreciation comes in through public investment, belongs to the community by way of a legal entity\u2026 We\u2019re talking about full ownership but we\u2019re separating full ownership by a legal entity and surface rights which allow residents the individual freedom to sell, move, rent out, do whatever they like. It\u2019s an innovative arrangement in Brazil, but it&#8217;s already included in the UN&#8217;s New Urban Agenda.\u201d \u2014 Tarcyla Fidalgo<\/p><\/blockquote>\n<figure id=\"attachment_74749\" aria-describedby=\"caption-attachment-74749\" style=\"width: 1366px\" class=\"wp-caption aligncenter\"><a href=\"https:\/\/rioonwatch.org\/wp-content\/uploads\/2023\/04\/Jurema-levanta-cartaz-Comunidade-resiste-TTC-Ja-durante-sua-fala-na-audiencia-publica-sobre-o-Plano-Diretor.-Foto-TV-Camara.png\"><img loading=\"lazy\" decoding=\"async\" class=\"wp-image-74749 size-full\" title=\"Jurema Const\u00e2ncio, resident of the Shangri-l\u00e1 cooperative, holding up a sign \u2018Communities resist! CLT Now!\u2019 during her talk at the public hearing on the Master Plan. \" src=\"https:\/\/rioonwatch.org\/wp-content\/uploads\/2023\/04\/Jurema-levanta-cartaz-Comunidade-resiste-TTC-Ja-durante-sua-fala-na-audiencia-publica-sobre-o-Plano-Diretor.-Foto-TV-Camara.png\" alt=\"Jurema Const\u00e2ncio, resident of the Shangri-l\u00e1 cooperative, holding up a sign \u2018Communities resist! CLT Now!\u2019 during her talk at the public hearing on the Master Plan. \" width=\"1366\" height=\"768\" srcset=\"https:\/\/rioonwatch.org\/wp-content\/uploads\/2023\/04\/Jurema-levanta-cartaz-Comunidade-resiste-TTC-Ja-durante-sua-fala-na-audiencia-publica-sobre-o-Plano-Diretor.-Foto-TV-Camara.png 1366w, https:\/\/rioonwatch.org\/wp-content\/uploads\/2023\/04\/Jurema-levanta-cartaz-Comunidade-resiste-TTC-Ja-durante-sua-fala-na-audiencia-publica-sobre-o-Plano-Diretor.-Foto-TV-Camara-620x349.png 620w, https:\/\/rioonwatch.org\/wp-content\/uploads\/2023\/04\/Jurema-levanta-cartaz-Comunidade-resiste-TTC-Ja-durante-sua-fala-na-audiencia-publica-sobre-o-Plano-Diretor.-Foto-TV-Camara-1119x629.png 1119w, https:\/\/rioonwatch.org\/wp-content\/uploads\/2023\/04\/Jurema-levanta-cartaz-Comunidade-resiste-TTC-Ja-durante-sua-fala-na-audiencia-publica-sobre-o-Plano-Diretor.-Foto-TV-Camara-768x432.png 768w\" sizes=\"(max-width: 1366px) 100vw, 1366px\" \/><\/a><figcaption id=\"caption-attachment-74749\" class=\"wp-caption-text\">Jurema Const\u00e2ncio, resident of the Shangri-l\u00e1 cooperative, holding up the sign \u2018Communities resist! CLT Now!\u2019 during her talk at the public hearing on the Master Plan.<\/figcaption><\/figure>\n<p>The first public hearing on the Community Land Trust was held at the Rio de Janeiro City Council <a href=\"https:\/\/bit.ly\/3GA7epB\" target=\"_blank\" rel=\"noopener\">on September 28, 2021<\/a>. Since then, the model has been called for by popular demand to be included in the city\u2019s Master Plan. The instrument\u2019s inclusion in the Rio de Janeiro City Master Plan Draft Bill (<a href=\"https:\/\/bit.ly\/3lIBzZ3\" target=\"_blank\" rel=\"noopener\">PLC n\u00ba 44\/2021<\/a>) was debated through the Rio de Janeiro City Council&#8217;s Permanent Commission for Urban Issues and Special Commission for the Right to Adequate Housing in partnership with professional allies, residents, community leaders, and civil society and city government representatives. At the time, the hearing was organized by City Councilor <a href=\"https:\/\/bit.ly\/34LjQtU\" target=\"_blank\" rel=\"noopener\">Tain\u00e1 de Paula<\/a>, President of the Permanent Commission for Urban Issues,\u00a0alongside Councilor Reimont, who was then President of the Special Housing Committee. Also present were councilors <a href=\"https:\/\/bit.ly\/3GA7epB\" target=\"_blank\" rel=\"noopener\">Eliel do Carmo<\/a>, before leaving the role, and M\u00f4nica Ben\u00edcio, the only one who today remains as an elected city official.<\/p>\n<p>In 2023, some <a href=\"https:\/\/bit.ly\/3o1nr0C\" target=\"_blank\" rel=\"noopener\">alternates have become new councilors<\/a>, assuming roles in place of councilors that have been elected federal deputies or taken roles in government. These include <a href=\"https:\/\/bit.ly\/3yWylah\" target=\"_blank\" rel=\"noopener\">Monica Cunha<\/a>\u2014one of the few elected officials present at the public hearing on April 5. In her talk, Cunha defended the CLT and highlighted her contentment with the public participation in the galleries.<\/p>\n<blockquote><p>\u201cThe CLT needs to be effectively reinstated in the Master Plan. We have no doubt about this. We don\u2019t just want to be labor. We want existing laws to be put into practice so we can benefit from the land that is ours, and not see any more real estate speculation.\u201d<\/p><\/blockquote>\n<figure id=\"attachment_74616\" aria-describedby=\"caption-attachment-74616\" style=\"width: 2036px\" class=\"wp-caption aligncenter\"><a href=\"https:\/\/rioonwatch.org\/wp-content\/uploads\/2023\/04\/Mare-Quer-Moradia.png\"><img loading=\"lazy\" decoding=\"async\" class=\"wp-image-74616 size-full\" title=\"A community leader at the public hearing on including the CLT in Rio's Master Plan holding a sign saying \u2018Mar\u00e9 wants housing!\u2019\" src=\"https:\/\/rioonwatch.org\/wp-content\/uploads\/2023\/04\/Mare-Quer-Moradia.png\" alt=\"A community leader at the public hearing on including the CLT in Rio's Master Plan holding a sign saying \u2018Mar\u00e9 wants housing!\u2019\" width=\"2036\" height=\"1205\" srcset=\"https:\/\/rioonwatch.org\/wp-content\/uploads\/2023\/04\/Mare-Quer-Moradia.png 2036w, https:\/\/rioonwatch.org\/wp-content\/uploads\/2023\/04\/Mare-Quer-Moradia-620x367.png 620w, https:\/\/rioonwatch.org\/wp-content\/uploads\/2023\/04\/Mare-Quer-Moradia-1063x629.png 1063w, https:\/\/rioonwatch.org\/wp-content\/uploads\/2023\/04\/Mare-Quer-Moradia-768x455.png 768w\" sizes=\"(max-width: 2036px) 100vw, 2036px\" \/><\/a><figcaption id=\"caption-attachment-74616\" class=\"wp-caption-text\">A community leader at the public hearing on including the CLT in Rio&#8217;s Master Plan holding a sign saying \u2018Mar\u00e9 wants housing!\u2019<\/figcaption><\/figure>\n<p>In addition to Monica Cunha, Councilor <a href=\"https:\/\/bit.ly\/43rGBgw\" target=\"_blank\" rel=\"noopener\">Rafael Aloisio Freitas<\/a>, first secretary of the Council&#8217;s board of directors and president of the Master Plan Special Committee, was present and chaired the hearing. Councilors <a href=\"https:\/\/bit.ly\/41Ejb6h\" target=\"_blank\" rel=\"noopener\">Thais Ferreira<\/a>, <a href=\"https:\/\/bit.ly\/3KtrkDc\" target=\"_blank\" rel=\"noopener\">Edson Santos<\/a>, and <a href=\"https:\/\/bit.ly\/3o7x51C\" target=\"_blank\" rel=\"noopener\">Pedro Duarte<\/a> also attended in person and gave talks. Councilor <a href=\"https:\/\/bit.ly\/3UsVnzm\" target=\"_blank\" rel=\"noopener\">T\u00e2nia Bastos<\/a>, despite not participating in the session, temporarily presided over the hearing in Freitas&#8217; brief absence. At least nine other councilors attended the hearing remotely, as was announced at the start of the hearing and could be seen on the board&#8217;s computer screen. However, everyone had their cameras off for most of the hearing and did not speak up.<\/p>\n<p>Two people gave remote talks that caused commotion among the public, in support or in disagreement: former Rio Urban Planning Secretary <a href=\"https:\/\/bit.ly\/3ouS7HD\" target=\"_blank\" rel=\"noopener\">Washington Fajardo<\/a> and the Executive Undersecretary at the Municipal Secretariat for Economic Development, Innovation and Streamlining (SMDEIS) <a href=\"https:\/\/bit.ly\/3o6tuRH\" target=\"_blank\" rel=\"noopener\">Thiago Ramos Dias<\/a>. Fajardo reinforced his support for the innovations brought by the CLT model and again questioned its removal from the Master Plan draft bill. According to Washington Fajardo:<\/p>\n<blockquote><p>\u201cThe CLT&#8217;s introduction needs to be pragmatic. It is a model of land regularization and [provides] the possibility of advancing the inclusion of 25% of the city\u2019s population with a more sophisticated technical solution and that many countries use.\u201d<\/p><\/blockquote>\n<figure id=\"attachment_74750\" aria-describedby=\"caption-attachment-74750\" style=\"width: 500px\" class=\"wp-caption alignright\"><a href=\"https:\/\/rioonwatch.org\/wp-content\/uploads\/2023\/04\/Thiago-Ramos.png\"><img loading=\"lazy\" decoding=\"async\" class=\"wp-image-74750\" title=\"Thiago Ramos Dias was pointed out, especially in the Chambers\u2019 galleries, as one of the main people responsible for removing the Community Land Trust from the Rio de Janeiro\u2019s City Master Plan. \" src=\"https:\/\/rioonwatch.org\/wp-content\/uploads\/2023\/04\/Thiago-Ramos.png\" alt=\"Thiago Ramos Dias was pointed out, especially in the Chambers\u2019 galleries, as one of the main people responsible for removing the Community Land Trust from Rio de Janeiro\u2019s City Master Plan. \" width=\"500\" height=\"618\" srcset=\"https:\/\/rioonwatch.org\/wp-content\/uploads\/2023\/04\/Thiago-Ramos.png 896w, https:\/\/rioonwatch.org\/wp-content\/uploads\/2023\/04\/Thiago-Ramos-502x620.png 502w, https:\/\/rioonwatch.org\/wp-content\/uploads\/2023\/04\/Thiago-Ramos-509x629.png 509w, https:\/\/rioonwatch.org\/wp-content\/uploads\/2023\/04\/Thiago-Ramos-768x949.png 768w\" sizes=\"(max-width: 500px) 100vw, 500px\" \/><\/a><figcaption id=\"caption-attachment-74750\" class=\"wp-caption-text\">Thiago Ramos Dias was pointed out, especially in the Chambers\u2019 galleries, as one of the main people responsible for removing the Community Land Trust from Rio de Janeiro\u2019s City Master Plan.<\/figcaption><\/figure>\n<p>For Fajardo, there is no need to fear the model or create rumors: \u201cThese rumors start haunting [processes] and sometimes even take down secretaries and change the Master Plan out of fear of a revolution. The CLT is quite objective in that it\u2019s not just a policy, but is able to be financed and implemented.\u201d<\/p>\n<p>Thiago Ramos Dias was pointed out, especially in the Council&#8217;s galleries, as one of the main people responsible for the removal of the Community Land Trust from the Rio de Janeiro City Master Plan. Despite this, and after so many requests for clarification, he did not comment on the reasons for the model\u2019s removal.<\/p>\n<p>Em\u00edlia Sousa from Horto and the Popular Council expressed being tired of the bureaucratic discussion and the technicalities that generally take center stage in these debates, especially in talks such as that of Undersecretary Thiago Ramos Dias. She demanded there be money for investments in affordable housing, especially in <a href=\"https:\/\/bit.ly\/2WO9a3S\" target=\"_blank\" rel=\"noopener\">Central Rio<\/a>.<\/p>\n<blockquote><p>\u201cI came to speak more directly about our concrete demands for this Master Plan\u2026 people in the favelas, Black people, who suffer from discrimination in this city, who suffer from the lack of proposals for the right to the city and right to housing\u2026 We want money to be included in the Master Plan, through whatever instrument it may be, for building affordable housing in the city\u2019s central region. And that, councilors and mayor, is what we need!\u201d \u2014 <a href=\"https:\/\/bit.ly\/3mTc7Dp\" target=\"_blank\" rel=\"noopener\">Em\u00edlia Sousa<\/a><\/p><\/blockquote>\n<p>Jurema da Silva Const\u00e2ncio is a National Union for Popular Housing (UNMP) leader and resident of the Shangri-l\u00e1 community, a <a href=\"http:\/\/bit.ly\/1kk3Ni3\" target=\"_blank\" rel=\"noopener\">housing cooperative<\/a> that is organizing to build a CLT in the West Zone of Rio. She spoke with the aim of making known her concern about the model\u2019s removal from the Master Plan in a top-down, authoritarian manner. She highlighted that this approach by <a href=\"https:\/\/bit.ly\/3mBSv15\" target=\"_blank\" rel=\"noopener\">Eduardo Paes\u2019 administration<\/a> denies residents\u2019 self-management over their own territories.<\/p>\n<blockquote><p>\u201cThe CLT does not come with a predesigned, top-down proposal meant to be rammed down our throats. It gives us the opportunity to discuss what we want to do. For us, this allows our community to stay in our space without real estate speculation.\u201d \u2014 <a href=\"https:\/\/bit.ly\/43LEbt0\" target=\"_blank\" rel=\"noopener\">Jurema da Silva Const\u00e2ncio<\/a><\/p><\/blockquote>\n<p>At the end of the public hearing, Luiz Cl\u00e1udio da Silva from Vila Aut\u00f3dromo, one of the leaders of the <a href=\"https:\/\/bit.ly\/3zOe6dC\" target=\"_blank\" rel=\"noopener\">Evictions Museum<\/a>, closed the talks by favela residents by calling for the CLT to be reincorporated into the Master Plan.<\/p>\n<blockquote><p>\u201cWe don\u2019t see a significant advance [in discussions about housing]&#8230; My home was demolished, I was on the streets because of the Olympics. An \u2018injunction for public purposes.\u2019 But there\u2019s nothing public there now, it\u2019s only bushes. It was really just cruelty because of the real estate market\u2026 So, we have to ask: \u2018Who has an interest, really, in removing the CLT from the Master Plan?\u2019&#8230; Without any obvious explanation\u2026 This tool\u2026 solidifies the history of families in a community\u2026 Rio de Janeiro has to have a more humane outlook\u2026 Let\u2019s stop being a tourist city, focusing on the South Zone and on the South Zone only while the rest [of the city] suffers\u2026 The CLT is an instrument that gives hope to favelas when the market comes too close and tries to remove them, like what happened in Vila Aut\u00f3dromo\u2026\u201d \u2014 <a href=\"https:\/\/bit.ly\/3KNKi7H\" target=\"_blank\" rel=\"noopener\">Luiz Cl\u00e1udio da Silva<\/a><\/p><\/blockquote>\n<p><iframe title=\"Audi\u00eancia P\u00fablica da Comiss\u00e3o Especial do Plano Diretor - 05.04.2023\" src=\"https:\/\/www.youtube.com\/embed\/47QNEp3wuUE\" width=\"1030\" height=\"563\" frameborder=\"0\" allowfullscreen=\"allowfullscreen\"><\/iframe><\/p>\n<h3>Watch the Recording of the Public Hearing on April 5 <a href=\"https:\/\/bit.ly\/AudienciaPDTTC5abrilCompleto\" target=\"_blank\" rel=\"noopener\">Here<\/a>.<\/h3>\n<hr \/>\n<h3>29th Public Hearing on April 12: Other Mechanisms for the Right to Housing<\/h3>\n<p>The <a href=\"https:\/\/bit.ly\/TTCnaCMRJ12abril\" target=\"_blank\" rel=\"noopener\">public hearing on April 12<\/a> was the second day of discussions on the Master Plan\u2019s urban policy instruments, with the session&#8217;s president Rafael Alo\u00edsio Freitas the only councilor in attendance. Eleven other councilors attended virtually via Zoom. Later, one of the eleven, Councilor Thais Ferreira, arrived at the Chambers and spoke. No other councilor was present at the April 12 hearing. Some members of the municipal executive branch from the April 5 hearing spoke again: executive undersecretary of the Municipal Secretariat for Economic Development, Innovation and Streamlining Thiago Ramos Dias, macro planning manager of the Municipal Urban Planning Secretariat, Val\u00e9ria Hazan, and Municipal Urban Planning Secretary Ivan Pinheiro.<\/p>\n<figure id=\"attachment_74751\" aria-describedby=\"caption-attachment-74751\" style=\"width: 2560px\" class=\"wp-caption aligncenter\"><a href=\"https:\/\/rioonwatch.org\/wp-content\/uploads\/2023\/04\/Segundo-dia-de-discussoes-adicionais-sobre-instrumentos-de-politica-urbana-do-Plano-Diretor.-Ve-o-presidente-da-sessao-Poder-Executivo-e-tecnicas-scaled-1.jpg\"><img loading=\"lazy\" decoding=\"async\" class=\"wp-image-74751 size-full\" title=\"Second day of discussions on the Master Plan\u2019s urban policy instruments. The president of the session and government representatives at the table. Talks by professionals Marcela Marques Abla, president of the Brazilian Institute of Architects (IAB), and Tarcyla Fidalgo, of the Brazilian Institute of Urban Law and coordinator of the Favela-Community Land Trust Project (F-CLT) are broadcast.\" src=\"https:\/\/rioonwatch.org\/wp-content\/uploads\/2023\/04\/Segundo-dia-de-discussoes-adicionais-sobre-instrumentos-de-politica-urbana-do-Plano-Diretor.-Ve-o-presidente-da-sessao-Poder-Executivo-e-tecnicas-scaled-1.jpg\" alt=\"Second day of discussions on the Master Plan\u2019s urban policy instruments. The president of the session and government representatives at the table. Talks by professionals Marcela Marques Abla, president of the Brazilian Institute of Architects (IAB), and Tarcyla Fidalgo, of the Brazilian Institute of Urban Law and coordinator of the Favela-Community Land Trust Project (F-CLT) are broadcast.\" width=\"2560\" height=\"1707\" srcset=\"https:\/\/rioonwatch.org\/wp-content\/uploads\/2023\/04\/Segundo-dia-de-discussoes-adicionais-sobre-instrumentos-de-politica-urbana-do-Plano-Diretor.-Ve-o-presidente-da-sessao-Poder-Executivo-e-tecnicas-scaled-1.jpg 2560w, https:\/\/rioonwatch.org\/wp-content\/uploads\/2023\/04\/Segundo-dia-de-discussoes-adicionais-sobre-instrumentos-de-politica-urbana-do-Plano-Diretor.-Ve-o-presidente-da-sessao-Poder-Executivo-e-tecnicas-scaled-1-620x413.jpg 620w, https:\/\/rioonwatch.org\/wp-content\/uploads\/2023\/04\/Segundo-dia-de-discussoes-adicionais-sobre-instrumentos-de-politica-urbana-do-Plano-Diretor.-Ve-o-presidente-da-sessao-Poder-Executivo-e-tecnicas-scaled-1-943x629.jpg 943w, https:\/\/rioonwatch.org\/wp-content\/uploads\/2023\/04\/Segundo-dia-de-discussoes-adicionais-sobre-instrumentos-de-politica-urbana-do-Plano-Diretor.-Ve-o-presidente-da-sessao-Poder-Executivo-e-tecnicas-scaled-1-768x512.jpg 768w\" sizes=\"(max-width: 2560px) 100vw, 2560px\" \/><\/a><figcaption id=\"caption-attachment-74751\" class=\"wp-caption-text\">Second day of discussions on the Master Plan\u2019s urban policy instruments presided over by session president and public representatives. Talks by Marcela Marques Abla, president of the Brazilian Institute of Architects (IAB), and Tarcyla Fidalgo, of the Brazilian Institute of Urban Law and coordinator of the Favela-Community Land Trust Project (Favela-CLT) are broadcast.<\/figcaption><\/figure>\n<p>After acknowledging those present, Freitas invited residents of favelas and occupations, social movement leaders, authorities, and professionals signed up to speak on April 5 but who were unable due to high demand, to complete the discussions on urban policy instruments and changes made by City Hall to the original Master Plan proposal. The platform was taken up by: Marcela Marques Abla, president of the Brazilian Institute of Architects (IAB); Tarcyla Fidalgo from the Brazilian Institute of Urban Planning Law (<a href=\"http:\/\/bit.ly\/2Qpion1\" target=\"_blank\" rel=\"noopener\">IBDU<\/a>) and the Favela-Community Land Trust Project (<a href=\"https:\/\/bit.ly\/3N92Wts\" target=\"_blank\" rel=\"noopener\">Favela-CLT<\/a>); Mauro Salinas, director of the Rio de Janeiro City Federation of Neighborhood Associations; Adrian dos Santos from the Movement for the Fight for Neighborhoods, Villages, and Favelas (<a href=\"https:\/\/bit.ly\/2sCNqM8\" target=\"_blank\" rel=\"noopener\">MLB<\/a>); Rose Compans of the Architecture and Urbanism Council; Maria da Penha Macena, community leader from Vila Aut\u00f3dromo, the Popular Council, and the Evictions Museum; Jurema Francisco Ferreira from the <a href=\"https:\/\/bit.ly\/3o8AP2Z\" target=\"_blank\" rel=\"noopener\">Morar Feliz Occupation<\/a>; Mariana Trotta, professor at the Federal University of Rio de Janeiro (UFRJ) and coordinator of the Lu\u00edsa Mahin Nucleus for Popular Legal Advice (<a href=\"https:\/\/bit.ly\/3A5mgjj\" target=\"_blank\" rel=\"noopener\">NAJUP<\/a>); Raphael Pazos, founder of the Rio de Janeiro Cycling Safety Commission (<a href=\"https:\/\/bit.ly\/3UA1jqi\" target=\"_blank\" rel=\"noopener\">CSC-RJ<\/a>); Viviane Zampieri, founder of <a href=\"https:\/\/bit.ly\/3GF0RkX\" target=\"_blank\" rel=\"noopener\">Bike on Track<\/a>\u00a0and member of CSC-RJ; Elizabeth Alves Bezerra from the <a href=\"http:\/\/bit.ly\/3zXFXtl\" target=\"_blank\" rel=\"noopener\">Rio Articulation for Socio-Environmental Justice<\/a> and SOS Vargens Movement; Luciane Wanderley de Jong from the S\u00e3o Crist\u00f3v\u00e3o Neighborhood Association; William Evangelista Freire from the Zumbi Occupation; Paulo Roberto da Silva Machado from the Trapicheiros Residents&#8217; Association; and Em\u00edlia Sousa, resident of the Horto community and Popular Council leader.<\/p>\n<p>Opening the day\u2019s talks, Marcela Marques Abla and Tarcyla Fidalgo were invited to analyze City Hall\u2019s amendments to the Master Plan draft bill. Abla analyzed the project via three axes: Applicability of Urban Instruments; Analysis of Proposals to Define Areas of Special Interest and Zones of Special Social Interest; and Analysis of Zoning Changes.<\/p>\n<p><iframe title=\"Audi\u00eancia P\u00fablica da Comiss\u00e3o Especial do Plano Diretor - 12.04.2023\" src=\"https:\/\/www.youtube.com\/embed\/MfLA33K3zUE\" width=\"1030\" height=\"563\" frameborder=\"0\" allowfullscreen=\"allowfullscreen\"><\/iframe><\/p>\n<p>Fidalgo discussed the self-applicability of urban policy instruments, arguing for the need to rethink urban policy mechanisms.<\/p>\n<blockquote><p>\u201cThe most interesting thing is that the instruments that are of interest to the real estate market have greater power to put their agendas before the legislature, often via decree by City Hall. The instruments of social interest, in particular those aimed at housing, require complex procedures, dozens of hearings like these, where people need to miss work to be here at 10am on a Wednesday morning.\u201d<\/p><\/blockquote>\n<figure id=\"attachment_74752\" aria-describedby=\"caption-attachment-74752\" style=\"width: 1360px\" class=\"wp-caption alignnone\"><a href=\"https:\/\/rioonwatch.org\/wp-content\/uploads\/2023\/04\/Analise-da-autoaplicabilidade-dos-instrumentos.png\"><img loading=\"lazy\" decoding=\"async\" class=\"wp-image-74752 size-full\" title=\"Analysis of urban policy mechanisms by Tarcyla Fidalgo: Urban Policy Instruments; Self-applicability of Instruments; Onerous Grants; Land Titling \/ CLT; Compulsory Use, Building &amp; Subdivision - PEUC; AEIS\/ZEIS; PEUs and the new Master Plan\" src=\"https:\/\/rioonwatch.org\/wp-content\/uploads\/2023\/04\/Analise-da-autoaplicabilidade-dos-instrumentos.png\" alt=\"Analysis of urban policy mechanisms by Tarcyla Fidalgo: Urban Policy Instruments; Self-applicability of Instruments; Onerous Grants; Land Titling \/ CLT; Compulsory Use, Building &amp; Subdivision - PEUC; AEIS\/ZEIS; PEUs and the new Master Plan\" width=\"1360\" height=\"734\" srcset=\"https:\/\/rioonwatch.org\/wp-content\/uploads\/2023\/04\/Analise-da-autoaplicabilidade-dos-instrumentos.png 1360w, https:\/\/rioonwatch.org\/wp-content\/uploads\/2023\/04\/Analise-da-autoaplicabilidade-dos-instrumentos-620x335.png 620w, https:\/\/rioonwatch.org\/wp-content\/uploads\/2023\/04\/Analise-da-autoaplicabilidade-dos-instrumentos-1165x629.png 1165w, https:\/\/rioonwatch.org\/wp-content\/uploads\/2023\/04\/Analise-da-autoaplicabilidade-dos-instrumentos-768x414.png 768w\" sizes=\"(max-width: 1360px) 100vw, 1360px\" \/><\/a><figcaption id=\"caption-attachment-74752\" class=\"wp-caption-text\">Analysis of urban policy mechanisms by Tarcyla Fidalgo: Urban Policy Instruments; Self-applicability of Instruments; Onerous Grants; Land Titling \/ CLT; Compulsory Use, Building &amp; Subdivision &#8211; PEUC; AEIS\/ZEIS; PEUs and the new Master Plan<\/figcaption><\/figure>\n<p>Fidalgo called for the approval, application, or strengthening of several urban policy instruments. The first example given is the Outorga Onerosa do Direito de Construir (<a href=\"https:\/\/bit.ly\/3GHjBAj\" target=\"_blank\" rel=\"noopener\">OODC<\/a>), in English known as \u201c<a href=\"https:\/\/bit.ly\/3GHjBAj\" target=\"_blank\" rel=\"noopener\">onerous grants and the transfer of the right to construct<\/a>,\u201d which is still not applied by the city of Rio despite being approved over 20 years ago in the <a href=\"https:\/\/bit.ly\/3pB8zU3\" target=\"_blank\" rel=\"noopener\">City Statute<\/a>. Rio city government claims it needs five years before starting to charge this fee from the city&#8217;s building firms. According to Fidalgo, this claim is made with no supporting studies. The waiver represents a problem for municipal revenue, without which there could be more investments in areas such as health, education, and housing. In addition, the urban planner defended how the OODC can drive urban growth. Depending on where and how it is applied, it can induce the market to produce housing or commercial units in certain areas of the city.<\/p>\n<p>Fidalgo once again highlighted the need to face the importance and dangers of land titling as an end in itself.<\/p>\n<blockquote><p>\u201cRio de Janeiro has a very high incidence of untitled land, which can be a risk factor for vulnerable populations\u2026 However, it is essential to think carefully about titling\u2026 The titling of some locations will lead to harassment by the real estate market, an increase in the cost of living, and the removal of residents from that location\u2026 It is necessary to reflect critically on the model instituted for land titling at the federal level in recent years. We had a model that provided for development, recognizing social aspects that were also involved in land titling. Now we have a law that allows titling to be limited simply to the delivery of a land title to each resident.\u201d \u2014 Tarcyla Fidalgo<\/p><\/blockquote>\n<p>Still on the dangers of this process, Fidalgo pointed out another provision amended by the Mayor&#8217;s Office that could have negative consequences, especially for favelas.<\/p>\n<blockquote><p>\u201cA specific alteration by the Executive Branch in its amendments to the Master Plan is the unrestricted possibility of regrouping land in cases of land titling of specific interest\u2026 The possibility of joining lots and plots of lands is an important measure for titling, but this permission without any delimitation is absolutely dangerous.\u201d \u2014 Tarcyla Fidalgo<\/p><\/blockquote>\n<p>Fidalgo then mentioned the example of <a href=\"https:\/\/bit.ly\/2SxloO8\" target=\"_blank\" rel=\"noopener\">Vidigal<\/a>, a \u2018trendy\u2019 favela in Rio\u2019s <a href=\"https:\/\/bit.ly\/2Yk6p0S\" target=\"_blank\" rel=\"noopener\">South Zone<\/a> which, due to real estate speculation, could see this mechanism used to evict residents instead of guaranteeing the right to housing. She went on to call for the Community Land Trust to be reincorporated into the Master Plan as a way to prevent these traps and guarantee residents\u2019 right to stay. She argued that the CLT helps protect communities from speculative real estate processes that may intensify following land titling.<\/p>\n<p><a href=\"https:\/\/rioonwatch.org\/wp-content\/uploads\/2023\/04\/Marcela-e-Tarcyla.jpg\"><img loading=\"lazy\" decoding=\"async\" class=\"alignnone wp-image-74753 size-full\" src=\"https:\/\/rioonwatch.org\/wp-content\/uploads\/2023\/04\/Marcela-e-Tarcyla.jpg\" alt=\"\" width=\"2048\" height=\"1365\" srcset=\"https:\/\/rioonwatch.org\/wp-content\/uploads\/2023\/04\/Marcela-e-Tarcyla.jpg 2048w, https:\/\/rioonwatch.org\/wp-content\/uploads\/2023\/04\/Marcela-e-Tarcyla-620x413.jpg 620w, https:\/\/rioonwatch.org\/wp-content\/uploads\/2023\/04\/Marcela-e-Tarcyla-944x629.jpg 944w, https:\/\/rioonwatch.org\/wp-content\/uploads\/2023\/04\/Marcela-e-Tarcyla-768x512.jpg 768w\" sizes=\"(max-width: 2048px) 100vw, 2048px\" \/><\/a><\/p>\n<p>Another important mechanism for the right to housing is combining the process of Compulsory Subdivision, Construction, or Use (<a href=\"http:\/\/bit.ly\/3MJi3JL\" target=\"_blank\" rel=\"noopener\">PEUC<\/a>) with that of <a href=\"http:\/\/bit.ly\/3ocvasR\" target=\"_blank\" rel=\"noopener\">Seizure of Abandoned Properties<\/a>. According to Fidalgo, combining these instruments is very important to ensure the social use of abandoned properties, especially in downtown Rio. City Hall has criticized the two mechanisms claiming there is no funding available for the necessary renovations for buildings seized by public authorities. Fidalgo was applauded by those sitting in the galleries when she countered these claims arguing that money could come from charging the Onerous Grant that City Hall is exempting real estate developers from paying in the first five years of the Master Plan period. The strategic use of these instruments, specifically designed for the needs of each location, could be decisive in guaranteeing the right to housing in the city.<\/p>\n<p>After Fidalgo, Marcela Abla took the floor again quoting the law to address the topic of Areas of Special Social Interest (<a href=\"https:\/\/bit.ly\/41qlol6\" target=\"_blank\" rel=\"noopener\">AEIS<\/a>) and Zones of Special Social Interest (<a href=\"https:\/\/bit.ly\/2RFASRO\" target=\"_blank\" rel=\"noopener\">ZEIS<\/a>), \u201cestablished to recognize the right to the city of low-income communities and enable social housing solutions.\u201d There are currently over 1,000 AEIS demarcated by the legislative or executive branches in Rio, some in territories that are also demarcated as ZEIS, as is the case in 231 areas. However, according to the study presented by Abla, even with both legal provisions and their various means of organizing demarcations, there are still 525 favelas that have not been designated <a href=\"https:\/\/bit.ly\/2RFASRO\" target=\"_blank\" rel=\"noopener\">AEIS or ZEIS<\/a> status, around half the favelas in the city.<\/p>\n<figure id=\"attachment_74754\" aria-describedby=\"caption-attachment-74754\" style=\"width: 1366px\" class=\"wp-caption aligncenter\"><a href=\"https:\/\/rioonwatch.org\/wp-content\/uploads\/2023\/04\/Areas-de-Interesse-Especial-AEIS-e-das-Zonas-de-Especial-Interesse-Social-ZEIS-foram-estabelecidas-para-reconhecer-o-direito-a-cidade-das-comunidades-de-baixa-renda.-Foto-TV-Camara-Rio.png\"><img loading=\"lazy\" decoding=\"async\" class=\"wp-image-74754 size-full\" title=\"Areas of Special Social Interest (AEIS) and Zones of Special Social Interest (ZEIS) were established to realize the right to the city for low-income communities. \" src=\"https:\/\/rioonwatch.org\/wp-content\/uploads\/2023\/04\/Areas-de-Interesse-Especial-AEIS-e-das-Zonas-de-Especial-Interesse-Social-ZEIS-foram-estabelecidas-para-reconhecer-o-direito-a-cidade-das-comunidades-de-baixa-renda.-Foto-TV-Camara-Rio.png\" alt=\"Areas of Special Social Interest (AEIS) and Zones of Special Social Interest (ZEIS) were established to realize the right to the city for low-income communities. \" width=\"1366\" height=\"768\" srcset=\"https:\/\/rioonwatch.org\/wp-content\/uploads\/2023\/04\/Areas-de-Interesse-Especial-AEIS-e-das-Zonas-de-Especial-Interesse-Social-ZEIS-foram-estabelecidas-para-reconhecer-o-direito-a-cidade-das-comunidades-de-baixa-renda.-Foto-TV-Camara-Rio.png 1366w, https:\/\/rioonwatch.org\/wp-content\/uploads\/2023\/04\/Areas-de-Interesse-Especial-AEIS-e-das-Zonas-de-Especial-Interesse-Social-ZEIS-foram-estabelecidas-para-reconhecer-o-direito-a-cidade-das-comunidades-de-baixa-renda.-Foto-TV-Camara-Rio-620x349.png 620w, https:\/\/rioonwatch.org\/wp-content\/uploads\/2023\/04\/Areas-de-Interesse-Especial-AEIS-e-das-Zonas-de-Especial-Interesse-Social-ZEIS-foram-estabelecidas-para-reconhecer-o-direito-a-cidade-das-comunidades-de-baixa-renda.-Foto-TV-Camara-Rio-1119x629.png 1119w, https:\/\/rioonwatch.org\/wp-content\/uploads\/2023\/04\/Areas-de-Interesse-Especial-AEIS-e-das-Zonas-de-Especial-Interesse-Social-ZEIS-foram-estabelecidas-para-reconhecer-o-direito-a-cidade-das-comunidades-de-baixa-renda.-Foto-TV-Camara-Rio-768x432.png 768w\" sizes=\"(max-width: 1366px) 100vw, 1366px\" \/><\/a><figcaption id=\"caption-attachment-74754\" class=\"wp-caption-text\">Areas of Special Social Interest (AEIS) and Zones of Special Social Interest (ZEIS) were established to realize the right to the city for low-income communities.<\/figcaption><\/figure>\n<p>Several participants reinforced the need to apply the Onerous Grant as an urban policy instrument during the hearing, including Mauro Salinas from the Rio de Janeiro Federation of Neighborhood Associations and Rose Compans from the Architecture and Urbanism Council. Salinas was unsparing in his criticism of City Hall\u2019s attitude: \u201cIt\u2019s a new Master Plan to be assessed\u2026 These amendments should be sent back to City Hall. They shouldn\u2019t even be considered by councilors!\u201d<\/p>\n<p>Adrian dos Santos from the Movement for the Fight for Neighborhoods, Villages, and Favelas and member of the <a href=\"https:\/\/bit.ly\/3ohrxly\" target=\"_blank\" rel=\"noopener\">Jo\u00e3o Candido Occupation<\/a> and <a href=\"https:\/\/bit.ly\/3G74ChW\" target=\"_blank\" rel=\"noopener\">Luiz Gama Occupation<\/a> in Central Rio saluted those in the galleries and recognized the history of grassroots action in guaranteeing the right to housing. He said that it is the people who create alternatives for the right to the city, but it is the role of public authorities to ensure there is a budget, regardless of the device chosen for this purpose.<\/p>\n<figure id=\"attachment_74755\" aria-describedby=\"caption-attachment-74755\" style=\"width: 2560px\" class=\"wp-caption aligncenter\"><a href=\"https:\/\/rioonwatch.org\/wp-content\/uploads\/2023\/04\/Maria-da-Penha-faz-uma-fala-enfatica-em-defesa-do-direito-a-moradia-no-plenario-da-Camara-Municipal-do-Rio-no-dia-12-de-abril.-Foto-Leonardo-Coelho-scaled-1.jpg\"><img loading=\"lazy\" decoding=\"async\" class=\"wp-image-74755 size-full\" title=\"Maria da Penha gave an emphatic talk in support of the right to housing at the City Council Chambers on April 12.\" src=\"https:\/\/rioonwatch.org\/wp-content\/uploads\/2023\/04\/Maria-da-Penha-faz-uma-fala-enfatica-em-defesa-do-direito-a-moradia-no-plenario-da-Camara-Municipal-do-Rio-no-dia-12-de-abril.-Foto-Leonardo-Coelho-scaled-1.jpg\" alt=\"Maria da Penha gave an emphatic talk in support of the right to housing at the City Council Chambers on April 12.\" width=\"2560\" height=\"1707\" srcset=\"https:\/\/rioonwatch.org\/wp-content\/uploads\/2023\/04\/Maria-da-Penha-faz-uma-fala-enfatica-em-defesa-do-direito-a-moradia-no-plenario-da-Camara-Municipal-do-Rio-no-dia-12-de-abril.-Foto-Leonardo-Coelho-scaled-1.jpg 2560w, https:\/\/rioonwatch.org\/wp-content\/uploads\/2023\/04\/Maria-da-Penha-faz-uma-fala-enfatica-em-defesa-do-direito-a-moradia-no-plenario-da-Camara-Municipal-do-Rio-no-dia-12-de-abril.-Foto-Leonardo-Coelho-scaled-1-620x413.jpg 620w, https:\/\/rioonwatch.org\/wp-content\/uploads\/2023\/04\/Maria-da-Penha-faz-uma-fala-enfatica-em-defesa-do-direito-a-moradia-no-plenario-da-Camara-Municipal-do-Rio-no-dia-12-de-abril.-Foto-Leonardo-Coelho-scaled-1-943x629.jpg 943w, https:\/\/rioonwatch.org\/wp-content\/uploads\/2023\/04\/Maria-da-Penha-faz-uma-fala-enfatica-em-defesa-do-direito-a-moradia-no-plenario-da-Camara-Municipal-do-Rio-no-dia-12-de-abril.-Foto-Leonardo-Coelho-scaled-1-768x512.jpg 768w\" sizes=\"(max-width: 2560px) 100vw, 2560px\" \/><\/a><figcaption id=\"caption-attachment-74755\" class=\"wp-caption-text\">Maria da Penha gave an emphatic talk in support of the right to housing at the City Council Chambers on April 12.<\/figcaption><\/figure>\n<p>Maria da Penha Macena, a Vila Aut\u00f3dromo resident and leader from the Popular Council and Evictions Museum, then gave a short talk during which she recalled that there is nothing in the Master Plan that aims to help implement, protect, or support community museums. She said it is necessary for funding to be allocated to housing policies and social housing and called for the CLT to be reincorporated into the Master Plan\u2014a model she learned about in person during a trip to New York.<\/p>\n<blockquote><p>\u201cThe CLT needs to be brought back!&#8230; It\u2019s an opportunity for City Hall to work together with communities in a way that brings civil society, government, and society together. The city of Rio claims to work together with communities, but it doesn\u2019t. I experienced [this] in Vila Aut\u00f3dromo [during the forced evictions]: they said one thing in the media while something else took place in the community\u2026 I had the opportunity to go to New York and see communities that have implemented CLTs with huge success. I spent a week there getting to know these communities. I can say with authority that the CLT is a tool that has everything to do with Rio de Janeiro because it can function in different ways\u2014it can be used with communities that have been around for awhile, like our favelas and urban peripheries, but it can also be used for new housing projects\u2026 If we live in a democracy, as we claim to, the CLT will return to the Master Plan.\u201d \u2014 <a href=\"https:\/\/bit.ly\/40oMRmc\" target=\"_blank\" rel=\"noopener\">Maria da Penha Macena<\/a><\/p><\/blockquote>\n<p>Mariana Trotta, a UFRJ professor and coordinator of the university&#8217;s Lu\u00edsa Mahin Nucleus for Popular Legal Advice, works to guarantee the city is built in the interest of the majority.<\/p>\n<blockquote><p>\u201cMay the fundamental principle established in the 1988 Constitution\u2014that housing is a social right\u2014be realized. In Rio de Janeiro, we see many unused or underused properties, both public and private, that do not fulfill a social function. Data show there are over 800 such properties. We need an effective policy for these properties, mapping them while also having mechanisms like those proposed in the Master Plan, such as the Seizure [of Abandoned Properties]. Many of these properties have debts with the City and it is essential that we have the possibility of actioning this device, which allows the seizure of such properties for social housing\u2026 the priority is social housing but also that community housing associations can have the concession to use these properties.\u201d \u2014 Mariana Trotta<\/p><\/blockquote>\n<p>She also raised two other issues that make residents of occupations and favelas vulnerable: the absence of a social housing policy in Central Rio and the possibility of temporarily placing evicted families on social rent. The municipal decree that establishes the social rent covers cases of state emergency, but not forced evictions. Evicted families are often left without housing options.<\/p>\n<figure id=\"attachment_74756\" aria-describedby=\"caption-attachment-74756\" style=\"width: 2560px\" class=\"wp-caption aligncenter\"><a href=\"https:\/\/rioonwatch.org\/wp-content\/uploads\/2023\/04\/Faixa-denuncia-Senhor-Prefeito-Eduardo-Paes-estamos-ha-mais-de-uma-decada-sem-reajuste-no-aluguel-social.-Foto-Leonardo-Coelho-scaled-1.jpg\"><img loading=\"lazy\" decoding=\"async\" class=\"wp-image-74756 size-full\" title=\"Banner reads \u201cMayor Eduardo Paes, we have not had an adjustment to social rent for over a decade\u2026\u201d\" src=\"https:\/\/rioonwatch.org\/wp-content\/uploads\/2023\/04\/Faixa-denuncia-Senhor-Prefeito-Eduardo-Paes-estamos-ha-mais-de-uma-decada-sem-reajuste-no-aluguel-social.-Foto-Leonardo-Coelho-scaled-1.jpg\" alt=\"Banner reads \u201cMayor Eduardo Paes, we have not had an adjustment to social rent for over a decade\u2026\u201d\" width=\"2560\" height=\"1707\" srcset=\"https:\/\/rioonwatch.org\/wp-content\/uploads\/2023\/04\/Faixa-denuncia-Senhor-Prefeito-Eduardo-Paes-estamos-ha-mais-de-uma-decada-sem-reajuste-no-aluguel-social.-Foto-Leonardo-Coelho-scaled-1.jpg 2560w, https:\/\/rioonwatch.org\/wp-content\/uploads\/2023\/04\/Faixa-denuncia-Senhor-Prefeito-Eduardo-Paes-estamos-ha-mais-de-uma-decada-sem-reajuste-no-aluguel-social.-Foto-Leonardo-Coelho-scaled-1-620x413.jpg 620w, https:\/\/rioonwatch.org\/wp-content\/uploads\/2023\/04\/Faixa-denuncia-Senhor-Prefeito-Eduardo-Paes-estamos-ha-mais-de-uma-decada-sem-reajuste-no-aluguel-social.-Foto-Leonardo-Coelho-scaled-1-943x629.jpg 943w, https:\/\/rioonwatch.org\/wp-content\/uploads\/2023\/04\/Faixa-denuncia-Senhor-Prefeito-Eduardo-Paes-estamos-ha-mais-de-uma-decada-sem-reajuste-no-aluguel-social.-Foto-Leonardo-Coelho-scaled-1-768x512.jpg 768w\" sizes=\"(max-width: 2560px) 100vw, 2560px\" \/><\/a><figcaption id=\"caption-attachment-74756\" class=\"wp-caption-text\">Banner reads \u201cMayor Eduardo Paes, we have not had an adjustment to social rent for over a decade\u2026\u201d<\/figcaption><\/figure>\n<p>Next, Raphael Pazos, founder of the Rio de Janeiro Cycling Safety Commission (CSC-RJ), and Vivane Zampieri, founder of Bike on Track and member of CSC-RJ, argued emphatically for the need to see bike lanes as a public policy, including as income generation for the working classes. Pazos mentioned that this clean mode of transport became even more popular during the pandemic. Both argued that the bike lane expansion plan launched in March, <a href=\"http:\/\/bit.ly\/3GKlwnz\" target=\"_blank\" rel=\"noopener\">CicloRio<\/a>, be integrated in the Master Plan. For Zampieri, bikes are \u201can inclusive and democratic instrument\u2014many people here have difficulty paying for public transport and end up using an active mode of transportation: foot or bike.\u201d<\/p>\n<figure id=\"attachment_74757\" aria-describedby=\"caption-attachment-74757\" style=\"width: 2560px\" class=\"wp-caption aligncenter\"><a href=\"https:\/\/rioonwatch.org\/wp-content\/uploads\/2023\/04\/Nas-galerias-os-cartazes-eram-muitos-Precisamos-de-moradia-TTC-e-democracia-Em-defesa-de-moradia-digna-no-Plano-Diretor-entre-outros-scaled-1.jpg\"><img loading=\"lazy\" decoding=\"async\" class=\"wp-image-74757 size-full\" title=\"There were numerous signs in the galleries, including: \u201cWe need housing,\u201d \u201cCLT is democracy,\u201d \u201cIn defense of dignified housing in the Master Plan,\u201d among others.\" src=\"https:\/\/rioonwatch.org\/wp-content\/uploads\/2023\/04\/Nas-galerias-os-cartazes-eram-muitos-Precisamos-de-moradia-TTC-e-democracia-Em-defesa-de-moradia-digna-no-Plano-Diretor-entre-outros-scaled-1.jpg\" alt=\"There were numerous signs in the galleries, including: \u201cWe need housing,\u201d \u201cCLT is democracy,\u201d \u201cIn defense of dignified housing in the Master Plan,\u201d among others.\" width=\"2560\" height=\"1707\" srcset=\"https:\/\/rioonwatch.org\/wp-content\/uploads\/2023\/04\/Nas-galerias-os-cartazes-eram-muitos-Precisamos-de-moradia-TTC-e-democracia-Em-defesa-de-moradia-digna-no-Plano-Diretor-entre-outros-scaled-1.jpg 2560w, https:\/\/rioonwatch.org\/wp-content\/uploads\/2023\/04\/Nas-galerias-os-cartazes-eram-muitos-Precisamos-de-moradia-TTC-e-democracia-Em-defesa-de-moradia-digna-no-Plano-Diretor-entre-outros-scaled-1-620x413.jpg 620w, https:\/\/rioonwatch.org\/wp-content\/uploads\/2023\/04\/Nas-galerias-os-cartazes-eram-muitos-Precisamos-de-moradia-TTC-e-democracia-Em-defesa-de-moradia-digna-no-Plano-Diretor-entre-outros-scaled-1-943x629.jpg 943w, https:\/\/rioonwatch.org\/wp-content\/uploads\/2023\/04\/Nas-galerias-os-cartazes-eram-muitos-Precisamos-de-moradia-TTC-e-democracia-Em-defesa-de-moradia-digna-no-Plano-Diretor-entre-outros-scaled-1-768x512.jpg 768w\" sizes=\"(max-width: 2560px) 100vw, 2560px\" \/><\/a><figcaption id=\"caption-attachment-74757\" class=\"wp-caption-text\">There were numerous signs in the galleries, including: \u201cWe need housing,\u201d \u201cCLT is democracy,\u201d \u201cIn defense of dignified housing in the Master Plan,\u201d among others.<\/figcaption><\/figure>\n<p>Elizabeth Alves Bezerra from the Rio Articulation for Socio-Environmental Justice and SOS Vargens Movement spoke, receiving much support from the galleries. She strongly criticized City Hall\u2019s proposed changes to the Master Plan, the greed of the real estate sector, and the lack of housing and environmental policies for the city. She denounced the hypocrisy of the City presenting itself as a sustainable administration in international forums and the media, while instituting the destruction of the Vargens ecosystem, part of what is called the <a href=\"https:\/\/bit.ly\/3TWedwO\" target=\"_blank\" rel=\"noopener\">Pantanal Carioca<\/a> or Rio&#8217;s Urban Wetlands, an area that is fundamental in the fight against climate change in the city.<\/p>\n<blockquote><p>\u201cI\u2019m not bringing proposals, I believe that all the proposals that could be made have been made&#8230; We, the people of Rio de Janeiro, hope this Council puts a stop to these proposals made by City Hall&#8230; In practice, City Hall is the enemy of the environment, it places entire populations at risk. Why was the CLT not included in the Master Plan draft bill? Land regularization does not interest the City. For the City, land is a commodity!\u2026 Social disorganization in Rio is in the interest of the City&#8230; The City has committed a federal crime for the second time, via a decree which reduces the Vargens Full Preservation Area&#8230; The area has a social function, even more so than environmental preservation. City Hall is condemning the remaining Jacarepagu\u00e1 Lagoon Basin to extinction. That area is currently the largest area of carbon sequestration in the city. What does the end of it mean for Rio de Janeiro?\u201d \u2014 <a href=\"https:\/\/bit.ly\/3oqXojN\" target=\"_blank\" rel=\"noopener\">Elizabeth Alves Bezerra<\/a><\/p><\/blockquote>\n<figure id=\"attachment_74758\" aria-describedby=\"caption-attachment-74758\" style=\"width: 2868px\" class=\"wp-caption aligncenter\"><a href=\"https:\/\/rioonwatch.org\/wp-content\/uploads\/2023\/04\/Elizabeth-Bezerra.png\"><img loading=\"lazy\" decoding=\"async\" class=\"wp-image-74758 size-full\" title=\"Elizabeth Alvez Bezerra\" src=\"https:\/\/rioonwatch.org\/wp-content\/uploads\/2023\/04\/Elizabeth-Bezerra.png\" alt=\"Elizabeth Alvez Bezerra\" width=\"2868\" height=\"1532\" srcset=\"https:\/\/rioonwatch.org\/wp-content\/uploads\/2023\/04\/Elizabeth-Bezerra.png 2868w, https:\/\/rioonwatch.org\/wp-content\/uploads\/2023\/04\/Elizabeth-Bezerra-620x331.png 620w, https:\/\/rioonwatch.org\/wp-content\/uploads\/2023\/04\/Elizabeth-Bezerra-1178x629.png 1178w, https:\/\/rioonwatch.org\/wp-content\/uploads\/2023\/04\/Elizabeth-Bezerra-768x410.png 768w\" sizes=\"(max-width: 2868px) 100vw, 2868px\" \/><\/a><figcaption id=\"caption-attachment-74758\" class=\"wp-caption-text\">Elizabeth Alvez Bezerra<\/figcaption><\/figure>\n<p>Elizabeth Alvez Bezerra also asked what the City had planned in its amendments to combat flooding. She said:<\/p>\n<blockquote><p>\u201cIn Vargens alone, flooding will mean the displacement of 15,000 to 20,000 climatically vulnerable families\u2026 You hold the pen in your hands. You only have two paths to follow: to go down in history as being responsible for ecocide or as builders of this city.\u201d<\/p><\/blockquote>\n<p>Luciane Wanderly de Jong from the S\u00e3o Crist\u00f3v\u00e3o Neighborhood Association remarked: \u201cThis city&#8217;s potential has always been thrown in the trash.\u201d And William Evangelista Freire from the Zumbi Occupation emphasized that occupations are a solution to the lack of housing. He said with pride that the children in his occupation go to school. However, lack of government support and structural damages threatening the integrity of the building mean the families living there are at risk.<\/p>\n<blockquote><p>\u201cLately we have been treated like nobodies. Except that these nobodies are people who vote, people that need to work, and that are in an occupation because of a lack of employment. Many people don\u2019t have dignified housing. In Zumbi, there are 100 children, 99% are in school. They study because we ask the families to enroll their child in school when they arrive at the occupation\u2026 Zumbi is in danger of collapsing, but it\u2019s easier to throw us out on the street than offer us something better\u2026 There are over 120 occupations in Central Rio and there&#8217;s an eviction order on its way for everyone\u2026. We are people! We want housing!\u201d \u2014 <a href=\"https:\/\/bit.ly\/3AfZFAI\" target=\"_blank\" rel=\"noopener\">William Evangelista Freire<\/a><\/p><\/blockquote>\n<p>Paulo Roberto da Silva Machado, a resident and president of the Trapicheiros Neighborhood Association, in Tijuca, spoke about the process of real estate speculation and eviction his community has faced. He reaffirmed the importance he believes the CLT has for areas which suffer this threat, also citing his personal experience visiting the CLT in San Juan, Puerto Rico.<\/p>\n<blockquote><p>\u201cThe CLT has had a huge significance in our lives. We\u2019ve had contact with it since 2019. We had the opportunity to get to know the CLT up close in Puerto Rico and I saw what the CLT can give favela areas. The Ca\u00f1o Martin Pena community is in San Juan, capital of Puerto Rico, and I saw how civil society, communities, and government can work together to drive life forward.\u201d \u2014 <a href=\"https:\/\/bit.ly\/41nxpZ0\" target=\"_blank\" rel=\"noopener\">Paulo Roberto da Silva Machado<\/a><\/p><\/blockquote>\n<p><iframe title=\"Audi\u00eancia P\u00fablica da Comiss\u00e3o Especial do Plano Diretor - 12.04.2023\" src=\"https:\/\/www.youtube.com\/embed\/MfLA33K3zUE\" width=\"1030\" height=\"563\" frameborder=\"0\" allowfullscreen=\"allowfullscreen\"><\/iframe><\/p>\n<p>Em\u00edlia Sousa, resident of the Horto community and Popular Council leader, spoke again briefly in support of Maria da Penha Macena&#8217;s talk. \u201cI reinforce Penha\u2019s words on the issue of inclusion regarding culture, on community museums which speak about memory, preserving the history of citizens who have contributed to this city\u2026 for their inclusion as a mechanism in the Master Plan\u2026 I ask for the CLT\u2019s return as an essential instrument for land titling of communities and favelas.\u201d<\/p>\n<figure id=\"attachment_74759\" aria-describedby=\"caption-attachment-74759\" style=\"width: 2560px\" class=\"wp-caption aligncenter\"><a href=\"https:\/\/rioonwatch.org\/wp-content\/uploads\/2023\/04\/Populacao-na-galeria-da-Camara-12abr-Precisamos-exercer-nosso-direito-de-ter-moradia-porque-nao-e-so-um-direito-e-um-dever.-Foto-Leonardo-Coelho-scaled-1.jpg\"><img loading=\"lazy\" decoding=\"async\" class=\"wp-image-74759 size-full\" title=\"People in the Chambers\u2019 gallery at the hearing on April 12: \u2018We need to exercise our right to housing, because it\u2019s not just a right, it\u2019s a duty!\u2019\" src=\"https:\/\/rioonwatch.org\/wp-content\/uploads\/2023\/04\/Populacao-na-galeria-da-Camara-12abr-Precisamos-exercer-nosso-direito-de-ter-moradia-porque-nao-e-so-um-direito-e-um-dever.-Foto-Leonardo-Coelho-scaled-1.jpg\" alt=\"People in the Chambers\u2019 gallery at the hearing on April 12: \u2018We need to exercise our right to housing, because it\u2019s not just a right, it\u2019s a duty!\u2019\" width=\"2560\" height=\"1707\" srcset=\"https:\/\/rioonwatch.org\/wp-content\/uploads\/2023\/04\/Populacao-na-galeria-da-Camara-12abr-Precisamos-exercer-nosso-direito-de-ter-moradia-porque-nao-e-so-um-direito-e-um-dever.-Foto-Leonardo-Coelho-scaled-1.jpg 2560w, https:\/\/rioonwatch.org\/wp-content\/uploads\/2023\/04\/Populacao-na-galeria-da-Camara-12abr-Precisamos-exercer-nosso-direito-de-ter-moradia-porque-nao-e-so-um-direito-e-um-dever.-Foto-Leonardo-Coelho-scaled-1-620x413.jpg 620w, https:\/\/rioonwatch.org\/wp-content\/uploads\/2023\/04\/Populacao-na-galeria-da-Camara-12abr-Precisamos-exercer-nosso-direito-de-ter-moradia-porque-nao-e-so-um-direito-e-um-dever.-Foto-Leonardo-Coelho-scaled-1-943x629.jpg 943w, https:\/\/rioonwatch.org\/wp-content\/uploads\/2023\/04\/Populacao-na-galeria-da-Camara-12abr-Precisamos-exercer-nosso-direito-de-ter-moradia-porque-nao-e-so-um-direito-e-um-dever.-Foto-Leonardo-Coelho-scaled-1-768x512.jpg 768w\" sizes=\"(max-width: 2560px) 100vw, 2560px\" \/><\/a><figcaption id=\"caption-attachment-74759\" class=\"wp-caption-text\">People in the chambers\u2019 gallery at the hearing on April 12: \u2018We need to exercise our right to housing, because it\u2019s not just a right, it\u2019s a duty!\u2019<\/figcaption><\/figure>\n<p>The hearing closed with talks from former Secretary Washington Fajardo, Councilor Thais Ferreira, and City Hall representatives Undersecretary Thiago Ramos Dias and Macro Planning Manager Val\u00e9ria Hazen who reiterated points made in the April 5 hearing. According to Dias, who once again did not respond directly to criticisms made throughout the long hearing, City Hall\u2019s work has been done and it is up to the Council to \u201cbring the people\u2019s voice into the Bill\u2019s text,\u201d as if these are conflicting proposals and interests. As such, the public continues not knowing the real motivations behind the CLT\u2019s removal from the Master Plan.<\/p>\n<blockquote><p>\u201cFrom the legislative process perspective, the City Government&#8217;s work ends with the presentation of its amendments\u2026 The view posed by the government is made up of diverse voices and opinions taken to its democratically elected leader [Eduardo Paes], who has the exclusive prerogative of translating this message in the bill, which is now being analyzed in these Chambers. It is and continues to be the view of the City Government leader and the whole of City Hall as a result. This is the final view. Will it be translated into law? I don\u2019t know, that\u2019s why this House exists, to moderate these views and bring the people&#8217;s voice into the Bill\u2019s text\u2026 it can still override vetoes in exercising its function.\u201d \u2014 Thiago Ramos Dias, Executive Undersecretary at the Municipal Secretariat for Economic Development, Innovation, and Streamlining (SMDEIS)<\/p><\/blockquote>\n<figure id=\"attachment_74760\" aria-describedby=\"caption-attachment-74760\" style=\"width: 2560px\" class=\"wp-caption aligncenter\"><a href=\"https:\/\/rioonwatch.org\/wp-content\/uploads\/2023\/04\/Cidada-segura-cartaz-Meus-filhos-choram-por-moradia-digna.-Eleitos-nao-virem-as-costas-para-o-povo.-Nao-nos-deixem-na-rua.-Queremos-moradia-digna-scaled-1.jpg\"><img loading=\"lazy\" decoding=\"async\" class=\"wp-image-74760 size-full\" title=\"Citizen holding a sign saying \u2018My children cry out for adequate housing. Elected officials, don\u2019t turn your backs on the people. Don\u2019t leave us on the streets. We want dignified housing!\u2019\" src=\"https:\/\/rioonwatch.org\/wp-content\/uploads\/2023\/04\/Cidada-segura-cartaz-Meus-filhos-choram-por-moradia-digna.-Eleitos-nao-virem-as-costas-para-o-povo.-Nao-nos-deixem-na-rua.-Queremos-moradia-digna-scaled-1.jpg\" alt=\"Citizen holding a sign saying \u2018My children cry out for adequate housing. Elected officials, don\u2019t turn your backs on the people. Don\u2019t leave us on the streets. We want dignified housing!\u2019\" width=\"2560\" height=\"1707\" srcset=\"https:\/\/rioonwatch.org\/wp-content\/uploads\/2023\/04\/Cidada-segura-cartaz-Meus-filhos-choram-por-moradia-digna.-Eleitos-nao-virem-as-costas-para-o-povo.-Nao-nos-deixem-na-rua.-Queremos-moradia-digna-scaled-1.jpg 2560w, https:\/\/rioonwatch.org\/wp-content\/uploads\/2023\/04\/Cidada-segura-cartaz-Meus-filhos-choram-por-moradia-digna.-Eleitos-nao-virem-as-costas-para-o-povo.-Nao-nos-deixem-na-rua.-Queremos-moradia-digna-scaled-1-620x413.jpg 620w, https:\/\/rioonwatch.org\/wp-content\/uploads\/2023\/04\/Cidada-segura-cartaz-Meus-filhos-choram-por-moradia-digna.-Eleitos-nao-virem-as-costas-para-o-povo.-Nao-nos-deixem-na-rua.-Queremos-moradia-digna-scaled-1-943x629.jpg 943w, https:\/\/rioonwatch.org\/wp-content\/uploads\/2023\/04\/Cidada-segura-cartaz-Meus-filhos-choram-por-moradia-digna.-Eleitos-nao-virem-as-costas-para-o-povo.-Nao-nos-deixem-na-rua.-Queremos-moradia-digna-scaled-1-768x512.jpg 768w\" sizes=\"(max-width: 2560px) 100vw, 2560px\" \/><\/a><figcaption id=\"caption-attachment-74760\" class=\"wp-caption-text\">Citizen holding a sign saying \u2018My children cry out for adequate housing. Elected officials, don\u2019t turn your backs on the people. Don\u2019t leave us on the streets. We want dignified housing!\u2019<\/figcaption><\/figure>\n<p>Following the public hearings about urban policy mechanisms, the next weeks will see public hearings about different regions of the city. These will be tasked with discussing developments in the amendments by City Hall in the Master Plan about those regions in accordance with each city Planning Area (AP). The regional discussions began on April 19 at 9:30am at City Council, starting with AP1 which covers Rio de Janeiro\u2019s Central Region.<\/p>\n<h3>Watch the Recording of the Public Hearing on April 12 <a href=\"https:\/\/bit.ly\/AudienciaPDTTC12abrilCompleto\" target=\"_blank\" rel=\"noopener\">Here<\/a>.<\/h3>\n<p><em>*RioOnWatch and the Favela Community Land Trust (Favela-CLT) are both initiatives by the non-profit organization Catalytic Communities (CatComm)<\/em><\/p>\n<hr \/>\n<h4>Support\u00a0RioOnWatch\u2019s tireless, critical and cutting-edge hyperlocal journalism, online community organizing meetings, and direct support to favelas\u00a0<a href=\"http:\/\/bit.ly\/FavelaCovidResponse\" target=\"_blank\" rel=\"noopener\">by clicking here<\/a>.<\/h4>\n","protected":false},"excerpt":{"rendered":"<div class=\"mh-excerpt\"><p>Clique aqui para Portugu\u00eas The Rio de Janeiro City Council Chambers were filled past capacity the first two Wednesdays in April as over 120 people mobilized for the right to housing. Filling both the galleries <a class=\"mh-excerpt-more\" href=\"https:\/\/rioonwatch.org\/?p=74719\" title=\"Public Fills Rio de Janeiro City Council to Demand the Community Land Trust in the City\u2019s Master Plan and Discuss City Hall&#8217;s Exclusion of Urban Policy Instruments\">[&#8230;]<\/a><\/p>\n<\/div>","protected":false},"author":238,"featured_media":74619,"comment_status":"closed","ping_status":"closed","sticky":false,"template":"template-full.php","format":"standard","meta":{"_monsterinsights_skip_tracking":false,"_monsterinsights_sitenote_active":false,"_monsterinsights_sitenote_note":"","_monsterinsights_sitenote_category":0,"footnotes":""},"categories":[1668,1288,1290,2242,1333],"tags":[1787,2823,168,162,435,2476,2735,479,272,11,65,884,26,1033,434,936,192,3533,1307,296,2545,744,2413,3547,301,2407,10,1008,3546,1696,135,3384,2274,3588,2907,2066,1868,4],"writer":[3171,2909],"translator":[3592,1962,3595],"illustrator":[],"photographer":[],"class_list":{"0":"post-74719","1":"post","2":"type-post","3":"status-publish","4":"format-standard","5":"has-post-thumbnail","7":"category-participationwatch","8":"category-highlight","9":"category-civilsociety","10":"category-democracy","11":"category-event-reports","12":"tag-aeis-zeis","13":"tag-cano-martin-pena","14":"tag-centro","15":"tag-city-council","16":"tag-community-land-trust","17":"tag-concession-of-use","18":"tag-conselho-popular","19":"tag-democracy","20":"tag-mayor-eduardo-paes","21":"tag-forced-evictions","22":"tag-gentrification","23":"tag-horto","24":"tag-housing-rights","25":"tag-land-rights","26":"tag-land-tenure","27":"tag-land-titling","28":"tag-legislation","29":"tag-monica-cunha","30":"tag-new-york","31":"tag-occupation","32":"tag-pastoral-das-favelas","33":"tag-policy-critique","34":"tag-public-defenders-housing-nucleus-nuth","35":"tag-public-hearing","36":"tag-public-policy","37":"tag-puerto-rico","38":"tag-real-estate-speculation","39":"tag-right-to-the-city","40":"tag-rio-de-janeiro-master-plan","41":"tag-shangri-la","42":"tag-social-rent","43":"tag-taina-de-paula","44":"tag-taxes","45":"tag-thais-ferreira","46":"tag-trapicheiros","47":"tag-unmp","48":"tag-vargem-grande","49":"tag-vila-autodromo","50":"writer-julio-santos-filho","51":"writer-leonardo-coelho","52":"translator-cristina-fornara","53":"translator-felicity-clarke","54":"translator-nicholas-miller"},"_links":{"self":[{"href":"https:\/\/rioonwatch.org\/index.php?rest_route=\/wp\/v2\/posts\/74719","targetHints":{"allow":["GET"]}}],"collection":[{"href":"https:\/\/rioonwatch.org\/index.php?rest_route=\/wp\/v2\/posts"}],"about":[{"href":"https:\/\/rioonwatch.org\/index.php?rest_route=\/wp\/v2\/types\/post"}],"author":[{"embeddable":true,"href":"https:\/\/rioonwatch.org\/index.php?rest_route=\/wp\/v2\/users\/238"}],"replies":[{"embeddable":true,"href":"https:\/\/rioonwatch.org\/index.php?rest_route=%2Fwp%2Fv2%2Fcomments&post=74719"}],"version-history":[{"count":0,"href":"https:\/\/rioonwatch.org\/index.php?rest_route=\/wp\/v2\/posts\/74719\/revisions"}],"wp:featuredmedia":[{"embeddable":true,"href":"https:\/\/rioonwatch.org\/index.php?rest_route=\/wp\/v2\/media\/74619"}],"wp:attachment":[{"href":"https:\/\/rioonwatch.org\/index.php?rest_route=%2Fwp%2Fv2%2Fmedia&parent=74719"}],"wp:term":[{"taxonomy":"category","embeddable":true,"href":"https:\/\/rioonwatch.org\/index.php?rest_route=%2Fwp%2Fv2%2Fcategories&post=74719"},{"taxonomy":"post_tag","embeddable":true,"href":"https:\/\/rioonwatch.org\/index.php?rest_route=%2Fwp%2Fv2%2Ftags&post=74719"},{"taxonomy":"writer","embeddable":true,"href":"https:\/\/rioonwatch.org\/index.php?rest_route=%2Fwp%2Fv2%2Fwriter&post=74719"},{"taxonomy":"translator","embeddable":true,"href":"https:\/\/rioonwatch.org\/index.php?rest_route=%2Fwp%2Fv2%2Ftranslator&post=74719"},{"taxonomy":"illustrator","embeddable":true,"href":"https:\/\/rioonwatch.org\/index.php?rest_route=%2Fwp%2Fv2%2Fillustrator&post=74719"},{"taxonomy":"photographer","embeddable":true,"href":"https:\/\/rioonwatch.org\/index.php?rest_route=%2Fwp%2Fv2%2Fphotographer&post=74719"}],"curies":[{"name":"wp","href":"https:\/\/api.w.org\/{rel}","templated":true}]}}