{"id":74812,"date":"2023-05-02T09:24:24","date_gmt":"2023-05-02T12:24:24","guid":{"rendered":"https:\/\/rioonwatch.org\/?p=74812"},"modified":"2026-02-15T13:00:55","modified_gmt":"2026-02-15T16:00:55","slug":"two-police-operations-in-three-days-cause-psychological-terror-for-residents-and-leave-victims-in-the-favelas-of-mare-voicesfromsocialmedia","status":"publish","type":"post","link":"https:\/\/rioonwatch.org\/?p=74812","title":{"rendered":"Two Police Operations in Three Days Cause Psychological Terror for Residents and Leave Victims in the Favelas of Mar\u00e9 #VoicesFromSocialMedia"},"content":{"rendered":"<figure id=\"attachment_74824\" aria-describedby=\"caption-attachment-74824\" style=\"width: 2048px\" class=\"wp-caption alignnone\"><a href=\"https:\/\/rioonwatch.org\/wp-content\/uploads\/2023\/05\/Complexo-da-Mare.jpg\"><img fetchpriority=\"high\" decoding=\"async\" class=\"wp-image-74824 size-full\" title=\"Complexo da Mar\u00e9. Photo: Antoine Horenbeek\" src=\"https:\/\/rioonwatch.org\/wp-content\/uploads\/2023\/05\/Complexo-da-Mare.jpg\" alt=\"Complexo da Mar\u00e9. Photo: Antoine Horenbeek\" width=\"2048\" height=\"1365\" srcset=\"https:\/\/rioonwatch.org\/wp-content\/uploads\/2023\/05\/Complexo-da-Mare.jpg 2048w, https:\/\/rioonwatch.org\/wp-content\/uploads\/2023\/05\/Complexo-da-Mare-620x413.jpg 620w, https:\/\/rioonwatch.org\/wp-content\/uploads\/2023\/05\/Complexo-da-Mare-944x629.jpg 944w, https:\/\/rioonwatch.org\/wp-content\/uploads\/2023\/05\/Complexo-da-Mare-768x512.jpg 768w\" sizes=\"(max-width: 2048px) 100vw, 2048px\" \/><\/a><figcaption id=\"caption-attachment-74824\" class=\"wp-caption-text\">Complexo da Mar\u00e9. Photo: Antoine Horenbeek<\/figcaption><\/figure>\n<p style=\"text-align: right;\"><a href=\"https:\/\/bit.ly\/3mXnZV6\" target=\"_blank\" rel=\"noopener\"><span class=\"s1\"><i>Clique aqui para Portugu\u00eas<\/i><\/span><span class=\"s2\"><i><span class=\"Apple-converted-space\"><em><img decoding=\"async\" class=\"alignright size-full wp-image-23766\" src=\"https:\/\/www.rioonwatch.org\/wp-content\/uploads\/2012\/08\/PT-e1439583827971.png\" width=\"20\" height=\"20\" \/><\/em><\/span><\/i><\/span><\/a><\/p>\n<p><em>This article is part of RioOnWatch\u2019s\u00a0<a href=\"http:\/\/bit.ly\/12mAD0p\" target=\"_blank\" rel=\"noopener\">#VoicesFromSocialMedia<\/a>\u00a0series, which compiles perspectives posted on social media by favela residents and activists about events and societal themes that arise.<\/em><\/p>\n<h4>Community leaders, specialists, researchers, elected officials, and unnamed sources have protested on social media against the violence sanctioned by Governor <a href=\"https:\/\/bit.ly\/2XkgcQB\" target=\"_blank\" rel=\"noopener\">Cl\u00e1udio Castro<\/a>\u2019s administration in the favelas of <a href=\"https:\/\/bit.ly\/3EEmP7A\" target=\"_blank\" rel=\"noopener\">Complexo da Mar\u00e9<\/a> in Rio de Janeiro\u2019s <a href=\"https:\/\/bit.ly\/3FlY11S\" target=\"_blank\" rel=\"noopener\">North Zone<\/a>. Mar\u00e9 residents have once again experienced brutal violence by the Special Operations Battalion (<a href=\"https:\/\/bit.ly\/2z9GexP\" target=\"_blank\" rel=\"noopener\">BOPE<\/a>), an elite squad of the Rio de Janeiro Military Police (<a href=\"https:\/\/bit.ly\/2WQxnqh\" target=\"_blank\" rel=\"noopener\">PM<\/a>).<\/h4>\n<h4>At the time of the operations, which took place from Sunday night into Monday morning, April 16-17, many residents were walking in the streets and enjoying the end of their weekend. There were several cultural events taking place in the areas when <em>caveir\u00f5es<\/em>, PM armored vehicles, and hundreds of police invaded the favelas that make up Complexo da Mar\u00e9, initiating the confrontation.<\/h4>\n<p>\u201cAt 12:15am this Monday (April 17), police armored vehicles entered the favelas that make up Complexo da Mar\u00e9. We have reports of shootings in <a href=\"https:\/\/bit.ly\/2OyvqOw\" target=\"_blank\" rel=\"noopener\">Rubens Vaz<\/a>, <a href=\"https:\/\/bit.ly\/2HSVQHk\" target=\"_blank\" rel=\"noopener\">Nova Holanda<\/a>, and <a href=\"https:\/\/bit.ly\/2KoTO5N\" target=\"_blank\" rel=\"noopener\">Parque Uni\u00e3o<\/a> favelas,\u201d shared the NGO <a href=\"https:\/\/bit.ly\/2JViAZB\" target=\"_blank\" rel=\"noopener\">Redes da Mar\u00e9<\/a> in a Twitter <a href=\"https:\/\/bit.ly\/3A8hJNb\" target=\"_blank\" rel=\"noopener\">post<\/a>, at 12:55am. Were it not for the date of this more recent post, this \u2018new information\u2019 could have been easily confused with an \u2018older\u2019 post published just 48 hours earlier, on <a href=\"https:\/\/bit.ly\/3mFhOVI\" target=\"_blank\" rel=\"noopener\">April 14<\/a>, following yet another police invasion. This marked the second instance of police operations that the community in three days.<\/p>\n<blockquote class=\"twitter-tweet\">\n<p dir=\"ltr\" lang=\"pt\">ATUALIZA\u00c7\u00c3O | OPERA\u00c7\u00c3O &#x1f6a8; Ainda h\u00e1 relatos de tiros nas regi\u00f5es da Nova Holanda e Parque Uni\u00e3o, com a presen\u00e7a de dois ve\u00edculos blindados circulando pelas ruas das favelas.<\/p>\n<p>\u2014 Redes da Mar\u00e9 (@redesdamare) <a href=\"https:\/\/twitter.com\/redesdamare\/status\/1646983379210862594?ref_src=twsrc%5Etfw\">April 14, 2023<\/a><\/p><\/blockquote>\n<blockquote><p>UPDATE | OPERATION &#x1f6a8; There are still reports of shots fired in Nova Holanda and Parque Uni\u00e3o areas, with the presence of two armored vehicles moving through the streets of the favelas.<\/p><\/blockquote>\n<p>According to a <a href=\"https:\/\/bit.ly\/43JtMxX\" target=\"_blank\" rel=\"noopener\">report<\/a> by the <a href=\"https:\/\/bit.ly\/2Me0OA1\" target=\"_blank\" rel=\"noopener\">Fogo Cruzado Institute<\/a>, the first 100 days of Cl\u00e1udio Castro&#8217;s government\u2014who has been referred to as the \u201cgovernor of massacres\u201d by human rights organizations and favela social movements\u2014were marked by an increase in victims of stray bullets and a lack of transparent policies concerning public safety. \u201cBetween January 1 and April 10 of this year, 52 people were victims of stray bullets in Greater Rio de Janeiro. This represents a <a href=\"https:\/\/bit.ly\/43FL8Mh\" target=\"_blank\" rel=\"noopener\">79% increase<\/a> compared to the same period in 2022 [when 29 were killed],\u201d shared the survey released by Fogo Cruzado, which also refers to the mapping of <a href=\"https:\/\/bit.ly\/43FL8Mh\" target=\"_blank\" rel=\"noopener\">1,014 shootouts<\/a> that have occurred in <a href=\"https:\/\/bit.ly\/3BU6qIc\" target=\"_blank\" rel=\"noopener\">Greater Rio<\/a>.<\/p>\n<h3>Police Invasion on April 17 Brings Panic and Death to Mar\u00e9<\/h3>\n<p>Residents recorded videos of the police operations on April 17; in these videos, which were widely circulated on social media, there are residents running and attempting to take shelter amidst smoke, pepper spray, sounds of gunshots, and shouting: \u201cThere are children here. It&#8217;s residents! It&#8217;s residents! It&#8217;s residents!\u201d shouted a desperate man.<\/p>\n<blockquote class=\"instagram-media\" style=\"background: #FFF; border: 0; border-radius: 3px; box-shadow: 0 0 1px 0 rgba(0,0,0,0.5),0 1px 10px 0 rgba(0,0,0,0.15); margin: 1px; max-width: 540px; min-width: 326px; padding: 0; width: calc(100% - 2px);\" data-instgrm-captioned=\"\" data-instgrm-permalink=\"https:\/\/www.instagram.com\/reel\/CrH4_76Od1W\/?utm_source=ig_embed&amp;utm_campaign=loading\" data-instgrm-version=\"14\">\n<div style=\"padding: 16px;\">\n<div style=\"display: flex; flex-direction: row; align-items: center;\">\n<div style=\"background-color: #f4f4f4; border-radius: 50%; flex-grow: 0; height: 40px; margin-right: 14px; width: 40px;\"><\/div>\n<div style=\"display: flex; flex-direction: column; flex-grow: 1; justify-content: center;\">\n<div style=\"background-color: #f4f4f4; border-radius: 4px; flex-grow: 0; height: 14px; margin-bottom: 6px; width: 100px;\"><\/div>\n<div style=\"background-color: #f4f4f4; border-radius: 4px; flex-grow: 0; height: 14px; width: 60px;\"><\/div>\n<\/div>\n<\/div>\n<div style=\"padding: 19% 0;\"><\/div>\n<div style=\"display: block; height: 50px; margin: 0 auto 12px; width: 50px;\"><\/div>\n<div style=\"padding-top: 8px;\">\n<div style=\"color: #3897f0; font-family: Arial,sans-serif; font-size: 14px; font-style: normal; font-weight: 550; line-height: 18px;\">View this post on Instagram<\/div>\n<\/div>\n<div style=\"padding: 12.5% 0;\"><\/div>\n<div style=\"display: flex; flex-direction: row; margin-bottom: 14px; align-items: center;\">\n<div>\n<div style=\"background-color: #f4f4f4; border-radius: 50%; height: 12.5px; width: 12.5px; transform: translateX(0px) translateY(7px);\"><\/div>\n<div style=\"background-color: #f4f4f4; height: 12.5px; transform: rotate(-45deg) translateX(3px) translateY(1px); width: 12.5px; flex-grow: 0; margin-right: 14px; margin-left: 2px;\"><\/div>\n<div style=\"background-color: #f4f4f4; border-radius: 50%; height: 12.5px; width: 12.5px; transform: translateX(9px) translateY(-18px);\"><\/div>\n<\/div>\n<div style=\"margin-left: 8px;\">\n<div style=\"background-color: #f4f4f4; border-radius: 50%; flex-grow: 0; height: 20px; width: 20px;\"><\/div>\n<div style=\"width: 0; height: 0; border-top: 2px solid transparent; border-left: 6px solid #f4f4f4; border-bottom: 2px solid transparent; transform: translateX(16px) translateY(-4px) rotate(30deg);\"><\/div>\n<\/div>\n<div style=\"margin-left: auto;\">\n<div style=\"width: 0px; border-top: 8px solid #F4F4F4; border-right: 8px solid transparent; transform: translateY(16px);\"><\/div>\n<div style=\"background-color: #f4f4f4; flex-grow: 0; height: 12px; width: 16px; transform: translateY(-4px);\"><\/div>\n<div style=\"width: 0; height: 0; border-top: 8px solid #F4F4F4; border-left: 8px solid transparent; transform: translateY(-4px) translateX(8px);\"><\/div>\n<\/div>\n<\/div>\n<div style=\"display: flex; flex-direction: column; flex-grow: 1; justify-content: center; margin-bottom: 24px;\">\n<div style=\"background-color: #f4f4f4; border-radius: 4px; flex-grow: 0; height: 14px; margin-bottom: 6px; width: 224px;\"><\/div>\n<div style=\"background-color: #f4f4f4; border-radius: 4px; flex-grow: 0; height: 14px; width: 144px;\"><\/div>\n<\/div>\n<p style=\"color: #c9c8cd; font-family: Arial,sans-serif; font-size: 14px; line-height: 17px; margin-bottom: 0; margin-top: 8px; overflow: hidden; padding: 8px 0 7px; text-align: center; text-overflow: ellipsis; white-space: nowrap;\"><a style=\"color: #c9c8cd; font-family: Arial,sans-serif; font-size: 14px; font-style: normal; font-weight: normal; line-height: 17px; text-decoration: none;\" href=\"https:\/\/www.instagram.com\/reel\/CrH4_76Od1W\/?utm_source=ig_embed&amp;utm_campaign=loading\" target=\"_blank\" rel=\"noopener\">A post shared by Mare\u0301 Vive (@marevive)<\/a><\/p>\n<\/div>\n<\/blockquote>\n<blockquote><p>Not even possible to take shelter. Tear gas is unbearable, residents won&#8217;t be able to sleep.<\/p><\/blockquote>\n<p>The Redes da Mar\u00e9 team takes action during police operations, including those that occurred on April 14 and April 17. They sheltered residents whose human rights were being violated. The NGO also produces information and develops projects and calls to actions in the quest to ensure effective public policies for the group of 16 favelas that make up Complexo da Mar\u00e9. According to a <a href=\"https:\/\/bit.ly\/3KDXFqS\" target=\"_blank\" rel=\"noopener\">note<\/a> of protest released by Redes da Mar\u00e9, entitled <em>The Week Ends and Begins with Police Operations in Mar\u00e9<\/em>:<\/p>\n<blockquote><p>\u201cWe found out that at that moment, a baby shower was ending, [there was] a music event, and people were still walking in the streets. The presence of the &#8216;caveir\u00e3o&#8217; [armored] vehicle led to gunshots, scrambling, terror, and a lot of fear. With no information about what was happening, residents sought shelter in the favela\u2019s streets or found ways to get to Avenida Brasil.\u201d<\/p><\/blockquote>\n<p>In the note, the organization protests Governor Cl\u00e1udio Castro\u2019s continuous infringement of the Brazilian Supreme Court (<a href=\"https:\/\/bit.ly\/3g8Bslu\" target=\"_blank\" rel=\"noopener\">STF<\/a>)\u2019s ruling aiming to reduce police lethality in favelas, brought by the Public Prosecutor&#8217;s Office, which restricts carrying out police operations in favelas during the pandemic: the Claim of Noncompliance with a Fundamental Order 635 (<a href=\"https:\/\/bit.ly\/3h9vcvW\" target=\"_blank\" rel=\"noopener\">ADPF 635<\/a>). The police is required to communicate and justify any exceptions to the rule. As such, <a href=\"http:\/\/glo.bo\/43VgzT4\" target=\"_blank\" rel=\"noopener\">11 points<\/a> required by the STF judges, and listed in the Redes da Mar\u00e9 note as unaddressed during the recent operations, include: the State\u2019s guarantee of medical ambulances in places where police operations occur in order to provide first aid to those injured; monitoring through body cameras and vehicles\u2019 GPS; maintaining the scene where the harmful act took place and conducting a criminal investigation; and banning night operations, such as the one that took place on April 17.<\/p>\n<p>Two people were injured in the police operation and taken to Get\u00falio Vargas State Hospital (<a href=\"https:\/\/bit.ly\/41jmxeu\" target=\"_blank\" rel=\"noopener\">HEGV<\/a>), where one of them died. The psychological terror of this confrontation struck residents over the course of many hours at night and into Monday morning.<\/p>\n<p><a href=\"https:\/\/bit.ly\/3o3JYXb\" target=\"_blank\" rel=\"noopener\">Rene Silva<\/a>, founder of the newspaper <a href=\"https:\/\/bit.ly\/2Iv4H5h\" target=\"_blank\" rel=\"noopener\"><em>Voz das Comunidades<\/em><\/a>, denounced the situation on Twitter. He posted a screenshot from a WhatsApp conversation in which a friend recounts that a police officer put a rifle in her face and threatened to kill everyone, including the children present.<\/p>\n<blockquote class=\"twitter-tweet\">\n<p dir=\"ltr\" lang=\"pt\">Estou preso em um bar no PU, moro na NH. N\u00e3o tem como entrar. Muito g\u00e1s de pimenta. Tem relato de ceifada baleada.<\/p>\n<p>\u2014 Rany (@euranysoares_) <a href=\"https:\/\/twitter.com\/euranysoares_\/status\/1647816146974851080?ref_src=twsrc%5Etfw\">April 17, 2023<\/a><\/p><\/blockquote>\n<blockquote><p>Rene Silva: MY FRIEND&#8217;S STORY JUST NOW, AT 1:03 AM!!! SHE LIVES IN MAR\u00c9<\/p>\n<p>Screenshot of the conversation:<\/p>\n<p>Unidentified Friend: Buddy, the police just pointed an assault weapon in my face and said he would kill all the kids here. He said he knows who I am. I&#8217;m terrified<\/p>\n<p>Rene: God!!! Where are you now???<\/p>\n<p>Unidentified Friend: Man, the despair. The pain. I can&#8217;t stop crying. I&#8217;m stuck at the Family Clinic with a bunch of kids.<\/p>\n<p>Rany: I&#8217;m stuck in a bar in Parque Uni\u00e3o, I live in Nova Holanda. There&#8217;s no way to get in. Lots of pepper spray. There is a report of a shot that killed someone.<\/p><\/blockquote>\n<p>Commenting on the post published at 1:03am, with more than 1.2 million views, other residents also reported being cornered in the middle of the shooting, suffocated by pepper spray from projectiles thrown by the police. There are <a href=\"https:\/\/bit.ly\/3mHn1fw\" target=\"_blank\" rel=\"noopener\">140,000 people<\/a> living in Mar\u00e9\u2019s favelas.<\/p>\n<blockquote class=\"twitter-tweet\">\n<p dir=\"ltr\" lang=\"pt\">Meia noite de domingo no PU, tem uma pra\u00e7a lotada de vida. Tem pagode, tem um polo de gastronomia, tem o cotidiano acontecendo como em todo lugar. Voc\u00eas n\u00e3o sabem disso porque acham na favela s\u00f3 tem mis\u00e9ria, e que meia noite pobre tem que t\u00e1 dormindo.<\/p>\n<p>\u2014 Tha\u00eds Gomes (@Thaisgmsv) <a href=\"https:\/\/twitter.com\/Thaisgmsv\/status\/1647902982426460162?ref_src=twsrc%5Etfw\">April 17, 2023<\/a><\/p><\/blockquote>\n<blockquote><p>\u00a0Midnight on a Sunday in Parque Uni\u00e3o, there&#8217;s a square full of life. There&#8217;s pagode, there&#8217;s a food court, there&#8217;s everyday life going on like everywhere else. You don&#8217;t know that because you think in the favela there&#8217;s only poverty, and at midnight the poor should be sleeping.<\/p><\/blockquote>\n<p><a href=\"https:\/\/bit.ly\/3mMmoS4\" target=\"_blank\" rel=\"noopener\">Raphael Vicente<\/a> is a 22-year-old who has achieved notable success on social media with his comedy videos that he stars in alongside his family; he is the face of the new <a href=\"https:\/\/bit.ly\/43FCEoq\" target=\"_blank\" rel=\"noopener\">gshow<\/a> Internet and TV marketing campaign. In a moving post, published on his profile, he stated that he doesn&#8217;t know how to write about violence, but that sometimes violence makes it necessary to write:<\/p>\n<blockquote><p>\u201cI never know how to start writing about this subject. I think it&#8217;s because deep down, I don&#8217;t want to have to write about it. My goal with my work is to show everything that the media doesn&#8217;t show about favelas: joy, love, and all the power that exists here. And talking about the violence we constantly suffer here in Mar\u00e9 always hurts me a lot. But it&#8217;s necessary. I&#8217;ve lived here for 22 years and I know that even the violence that the media loves to talk about, the same media also makes a point of omitting and lying about it.\u201d<\/p><\/blockquote>\n<p>The post was published at 5:54pm on April 17, the same day of the police operation, during the Twitter storm \u201c<a href=\"https:\/\/bit.ly\/3A9iwNS\" target=\"_blank\" rel=\"noopener\"><em>#AFavelaQuerViver<\/em><\/a>\u201d (#FavelaWantsToLive) posted by Mar\u00e9 residents, community-based movements in the favelas, civil society organizations, and even elected officials. Tagging the Twitter handles of Governor Cl\u00e1udio Castro and <a href=\"https:\/\/bit.ly\/3LDwexq\" target=\"_blank\" rel=\"noopener\">Eduardo Paes<\/a>, mayor of Rio de Janeiro, Vicente questions whether police operations in Rio\u2019s <a href=\"https:\/\/bit.ly\/318kJ9H\" target=\"_blank\" rel=\"noopener\">South Zone<\/a> party scene, amidst middle and upper class neighborhoods, are also carried out with such aggression and violations.<\/p>\n<blockquote class=\"twitter-tweet\">\n<p dir=\"ltr\" lang=\"pt\">queridos <a href=\"https:\/\/twitter.com\/claudiocastroRJ?ref_src=twsrc%5Etfw\">@claudiocastroRJ<\/a> e <a href=\"https:\/\/twitter.com\/eduardopaes?ref_src=twsrc%5Etfw\">@eduardopaes<\/a> Esse mesmo tratamento \u00e9 dado a quem frequenta as festas lotadas de drogas da zona sul\/classe alta? Foi o mesmo tratamento tamb\u00e9m quando acharam 117 fuzis no condom\u00ednio vivendas na barra da tijuca? <a href=\"https:\/\/twitter.com\/hashtag\/AFavelaQuerViver?src=hash&amp;ref_src=twsrc%5Etfw\">#AFavelaQuerViver<\/a><\/p>\n<p>\u2014 rapha (@raphaelviicente) <a href=\"https:\/\/twitter.com\/raphaelviicente\/status\/1648079456433479680?ref_src=twsrc%5Etfw\">April 17, 2023<\/a><\/p><\/blockquote>\n<blockquote><p>And the eternal feeling that your life is worthless if you&#8217;re from the favela.<\/p>\n<p>It&#8217;s revolting to hear every day Tino Junior saying that anyone in the favela is a bandit and congratulating the State<\/p>\n<p>while we are afraid to leave our homes because at any moment this state can kill us<\/p>\n<p>Dear @claudiocastroRJ and @eduardopaes<\/p>\n<p>Is this the same treatment given to those who attend drug-filled parties in the South Zone\/upper class?<\/p>\n<p>Was it the same treatment when they found 117 rifles in Barra da Tijuca\u2019s condominium villas?<\/p>\n<p>#FavelaWantsToLive<\/p><\/blockquote>\n<p>The education and health sectors were also <a href=\"https:\/\/bit.ly\/3UJ9HUD\" target=\"_blank\" rel=\"noopener\">disrupted by the police operation<\/a>: 23 schools did not operate on Monday, April 17, affecting 8,274 students, according to Rio\u2019s Municipal Education Secretariat. The Jeremias Morais da Silva Family Clinic also had its service suspended during the day.<\/p>\n<p>In 2023, police operations in Rio de Janeiro have <a href=\"https:\/\/bit.ly\/3L6jIYF\" target=\"_blank\" rel=\"noopener\">affected 80,000 students<\/a>. Data from the Municipal Education Secretariat show that between February and March 2023, schools had to trigger their security protocols 1,322 times.<\/p>\n<p>Mar\u00e9\u2019s favelas were the target of three police operations in April alone. On April 5, a BOPE <em>caveir\u00e3o<\/em> <a href=\"https:\/\/bit.ly\/40rsaX6\" target=\"_blank\" rel=\"noopener\">invaded the courtyard<\/a> of a learning center in the Nova Holanda favela to arrest suspects allegedly hiding there. The school building was empty; classes had been canceled hours earlier.<\/p>\n<p>Yet, in a video that circulated on social media, one can see the moment when two <em>caveir\u00f5es<\/em>\u2014the Military Police\u2019s armored vehicles\u2014enter the schoolyard and terrorize both children and adults.<\/p>\n<blockquote class=\"twitter-tweet\">\n<p dir=\"ltr\" lang=\"pt\">Hoje era pra ser mais um dia de festinha nas escolas e as crian\u00e7as s\u00e3o surpreendidas com mais pol\u00edtica de viol\u00eancia.<\/p>\n<p>Que tipo de seguran\u00e7a \u00e9 essa que eles pregam? Isso s\u00f3 traz viol\u00eancia e amea\u00e7a vidas. O governador <a href=\"https:\/\/twitter.com\/claudiocastroRJ?ref_src=twsrc%5Etfw\">@claudiocastroRJ<\/a> n\u00e3o se importa!<\/p>\n<p>V\u00eddeo via morador.<a href=\"https:\/\/twitter.com\/hashtag\/marevive?src=hash&amp;ref_src=twsrc%5Etfw\">#marevive<\/a> <a href=\"https:\/\/t.co\/7BCPgwDQp9\">pic.twitter.com\/7BCPgwDQp9<\/a><\/p>\n<p>\u2014 Mar\u00e9 Vive &#x1f438; (@MareVive) <a href=\"https:\/\/twitter.com\/MareVive\/status\/1643579313638211584?ref_src=twsrc%5Etfw\">April 5, 2023<\/a><\/p><\/blockquote>\n<blockquote><p><script async src=\"https:\/\/platform.twitter.com\/widgets.js\" charset=\"utf-8\"><\/script><\/p>\n<p>Today was supposed to be another day of festivities at schools and children are surprised by more violent policies.<\/p>\n<p>What kind of security is this that they preach? It only brings violence and threatens lives. The governor @claudiocastroRJ doesn&#8217;t care!<\/p>\n<p>Video via resident. #marelives<\/p><\/blockquote>\n<h3>Lives Interrupted: #Mar\u00e9CallsForPeace<\/h3>\n<p>Throughout the day, residents of various favelas and elected officials protested on Twitter using the hashtags <a href=\"https:\/\/bit.ly\/3A9iwNS\" target=\"_blank\" rel=\"noopener\">#AFavelaQuerViver<\/a> (#FavelaWantsToLive) and <a href=\"https:\/\/bit.ly\/3mWML7L\" target=\"_blank\" rel=\"noopener\">#AMar\u00e9PedePaz<\/a> (#Mar\u00e9CallsForPeace).<\/p>\n<blockquote class=\"twitter-tweet\">\n<p dir=\"ltr\" lang=\"pt\">A Mar\u00e9 teve uma madrugada de tens\u00e3o e amanheceu ainda com opera\u00e7\u00e3o. Come\u00e7ar a semana com medo infelizmente \u00e9 rotina nas favelas. Os moradores t\u00eam o direito de ir e vir negado e o direito \u00e0 vida posto em risco. Basta, <a href=\"https:\/\/twitter.com\/hashtag\/AFavelaQuerViver?src=hash&amp;ref_src=twsrc%5Etfw\">#AFavelaQuerViver<\/a>! <a href=\"https:\/\/t.co\/tK2owfofBT\">pic.twitter.com\/tK2owfofBT<\/a><\/p>\n<p>\u2014 Pri Rodrigues (@eita_pris) <a href=\"https:\/\/twitter.com\/eita_pris\/status\/1648072018942722052?ref_src=twsrc%5Etfw\">April 17, 2023<\/a><\/p><\/blockquote>\n<blockquote><p><script async src=\"https:\/\/platform.twitter.com\/widgets.js\" charset=\"utf-8\"><\/script><\/p>\n<p>Mar\u00e9 had a tense night and the operation was still happening in the morning. Starting the week with fear is unfortunately routine in the favelas. Residents have their right to come and go denied and their right to life put at risk. Enough, #FavelaWantsToLive!<\/p><\/blockquote>\n<blockquote class=\"twitter-tweet\">\n<p dir=\"ltr\" lang=\"pt\">Daqui a pouco, \u00e0s 18h, vamos fazer o tuita\u00e7o para acabar com a pol\u00edtica de morte do governador <a href=\"https:\/\/twitter.com\/claudiocastroRJ?ref_src=twsrc%5Etfw\">@claudiocastroRJ<\/a> nas favelas. Vamos lutar e mostrar que <a href=\"https:\/\/twitter.com\/hashtag\/AFavelaQuerViver?src=hash&amp;ref_src=twsrc%5Etfw\">#AFavelaQuerViver<\/a> e a <a href=\"https:\/\/twitter.com\/hashtag\/Mar%C3%A9PedePaz?src=hash&amp;ref_src=twsrc%5Etfw\">#Mar\u00e9PedePaz<\/a>! <a href=\"https:\/\/t.co\/Uu7zcHPYPr\">pic.twitter.com\/Uu7zcHPYPr<\/a><\/p>\n<p>\u2014 Benedita da Silva (@dasilvabenedita) <a href=\"https:\/\/twitter.com\/dasilvabenedita\/status\/1648053123770994734?ref_src=twsrc%5Etfw\">April 17, 2023<\/a><\/p><\/blockquote>\n<blockquote><p><script async src=\"https:\/\/platform.twitter.com\/widgets.js\" charset=\"utf-8\"><\/script><\/p>\n<p>In a little while, at 6pm, we&#8217;re going to do a Twitter storm to end the governor&#8217;s @claudiocastroRJ deadly policy in the favelas. Let&#8217;s fight and show that #FavelaWantsToLive and #Mar\u00e9CallsForPeace!<\/p><\/blockquote>\n<blockquote class=\"twitter-tweet\">\n<p dir=\"ltr\" lang=\"pt\">A sensa\u00e7\u00e3o \u00e9 de que estamos secando gelo ou limpando carv\u00e3o.<br \/>\nN\u00e3o \u00e9 poss\u00edvel! A Mar\u00e9 como outras favelas, s\u00e3o celeiros de um povo que em sua maioria&#8230; trabalha, estuda, paga imposto e quer apenas viver! <a href=\"https:\/\/twitter.com\/hashtag\/AFavelaQuerViver?src=hash&amp;ref_src=twsrc%5Etfw\">#AFavelaQuerViver<\/a><a href=\"https:\/\/twitter.com\/hashtag\/ParemdeNosMatar?src=hash&amp;ref_src=twsrc%5Etfw\">#ParemdeNosMatar<\/a><\/p>\n<p>\u2014 Camila Moradia &#8211; CPX (@camilamoradia) <a href=\"https:\/\/twitter.com\/camilamoradia\/status\/1647950113921269765?ref_src=twsrc%5Etfw\">April 17, 2023<\/a><\/p><\/blockquote>\n<blockquote><p><script async src=\"https:\/\/platform.twitter.com\/widgets.js\" charset=\"utf-8\"><\/script><\/p>\n<p>The feeling is that we are either drying ice or cleaning coal.<br \/>\nIt&#8217;s not possible! Mar\u00e9, like other favelas, is home to people who, for the most part&#8230;work, study, pay taxes, and just want to live! #FavelaWantsToLive #StopKillingUs<\/p><\/blockquote>\n<p><a href=\"https:\/\/bit.ly\/3f7iejB\" target=\"_blank\" rel=\"noopener\">Camila Moradia<\/a>, a community leader from <a href=\"http:\/\/bit.ly\/3ngdPcy\" target=\"_blank\" rel=\"noopener\">Complexo do Alem\u00e3o<\/a>, also stated that \u201cpoverty is not a crime\u201d and said that the favela just wants \u201cto work, take their children to school, go to the medical center.\u201d She added: \u201cBeing a favela resident is not a crime!\u201d<\/p>\n<blockquote class=\"twitter-tweet\">\n<p dir=\"ltr\" lang=\"pt\">\u201cEssa situa\u00e7\u00e3o deixou em todos n\u00f3s muito trauma, n\u00e3o consegui dormir, escutava gritos a toda hora\u201d. Mais um relato de sofrimento e medo de moradores da Mar\u00e9 depois da opera\u00e7\u00e3o policial de hoje. <a href=\"https:\/\/twitter.com\/hashtag\/AFavelaQuerViver?src=hash&amp;ref_src=twsrc%5Etfw\">#AFavelaQuerViver<\/a>! <a href=\"https:\/\/twitter.com\/hashtag\/Mar%C3%A9PedePaz?src=hash&amp;ref_src=twsrc%5Etfw\">#Mar\u00e9PedePaz<\/a><\/p>\n<p>\u2014 Luis melo &#x1f680;&#x1f525; (@luismelo025) <a href=\"https:\/\/twitter.com\/luismelo025\/status\/1648074533306351618?ref_src=twsrc%5Etfw\">April 17, 2023<\/a><\/p><\/blockquote>\n<blockquote><p><script async src=\"https:\/\/platform.twitter.com\/widgets.js\" charset=\"utf-8\"><\/script><\/p>\n<p>\u201cThis situation has left us all very traumatized, I couldn&#8217;t sleep, I heard screams all the time.\u201d Yet another account of the suffering and fear facing Mar\u00e9 residents after today&#8217;s police operation. #FavelaWantsToLive! #Mar\u00e9CallsForPeace<\/p><\/blockquote>\n<p>The <a href=\"https:\/\/bit.ly\/3FUceo2\" target=\"_blank\" rel=\"noopener\">Brota na Laje<\/a> Collective recalled that the two police operations within three days in Mar\u00e9 occurred during the 20 year anniversary of the <a href=\"https:\/\/bit.ly\/3L8I8kq\" target=\"_blank\" rel=\"noopener\">Borel Massacre<\/a>.<\/p>\n<blockquote class=\"twitter-tweet\">\n<p dir=\"ltr\" lang=\"pt\">Neste domingo (16) a Chacina do Borel completou 20 anos. S\u00e3o duas d\u00e9cadas sem Justi\u00e7a. Ainda no fim da noite, tivemos a not\u00edcia de que uma opera\u00e7\u00e3o assolava a Mar\u00e9, instaurando o medo em moradores e causando a paralisa\u00e7\u00e3o em v\u00e1rios servi\u00e7os + <a href=\"https:\/\/twitter.com\/hashtag\/AFavelaQuerViver?src=hash&amp;ref_src=twsrc%5Etfw\">#AFavelaQuerViver<\/a> <a href=\"https:\/\/t.co\/hCRdyEsslm\">pic.twitter.com\/hCRdyEsslm<\/a><\/p>\n<p>\u2014 Brota na Laje (@brotanalaje) <a href=\"https:\/\/twitter.com\/brotanalaje\/status\/1647962135496884225?ref_src=twsrc%5Etfw\">April 17, 2023<\/a><\/p><\/blockquote>\n<blockquote><p><script async src=\"https:\/\/platform.twitter.com\/widgets.js\" charset=\"utf-8\"><\/script><\/p>\n<p>This Sunday (April 16) marks the 20th anniversary of the Borel Massacre. It has been two decades without Justice. Yet, at the end of the night, we have news that a police operation has ravaged Mar\u00e9, instilling fear among residents and suspending many services + #FavelaWantsToLive<\/p><\/blockquote>\n<blockquote class=\"twitter-tweet\">\n<p dir=\"ltr\" lang=\"pt\">Marielle perguntou, n\u00f3s tamb\u00e9m vamos perguntar: quantos mais tem que morrer para essa guerra acabar?<a href=\"https:\/\/twitter.com\/hashtag\/favelaquerviver?src=hash&amp;ref_src=twsrc%5Etfw\">#favelaquerviver<\/a><a href=\"https:\/\/twitter.com\/brunoitancpx?ref_src=twsrc%5Etfw\">@brunoitancpx<\/a> <a href=\"https:\/\/t.co\/w1OJONqbHi\">pic.twitter.com\/w1OJONqbHi<\/a><\/p>\n<p>\u2014 Instituto Marielle Franco (@inst_marielle) <a href=\"https:\/\/twitter.com\/inst_marielle\/status\/1647994585744912384?ref_src=twsrc%5Etfw\">April 17, 2023<\/a><\/p><\/blockquote>\n<blockquote><p><script async src=\"https:\/\/platform.twitter.com\/widgets.js\" charset=\"utf-8\"><\/script><\/p>\n<p>Marielle asked, and we too ask: how many more people need to die before this war is over? #FavelaWantsToLive<\/p><\/blockquote>\n<p>The protests on social media against the police operations and the violations of the right to the favela were even published in French and Italian.<\/p>\n<blockquote class=\"twitter-tweet\">\n<p dir=\"ltr\" lang=\"fr\">Brasil<\/p>\n<p>Le gouverneur <a href=\"https:\/\/twitter.com\/claudiocastroRJ?ref_src=twsrc%5Etfw\">@claudiocastroRJ<\/a> pers\u00e9cute les fav\u00e9las et transforme la vie de la population qui a besoin de travailler et d&#8217;\u00e9tudier en un v\u00e9ritable enfer. Mar\u00e9 est frapp\u00e9e violemment .<a href=\"https:\/\/twitter.com\/hashtag\/afavelaquerviver?src=hash&amp;ref_src=twsrc%5Etfw\">#afavelaquerviver<\/a> <a href=\"https:\/\/t.co\/p9eiRmAwAk\">https:\/\/t.co\/p9eiRmAwAk<\/a><\/p>\n<p>\u2014 EricBattistelliColetivo #MarielleFranco (@EricBattistelli) <a href=\"https:\/\/twitter.com\/EricBattistelli\/status\/1648002269470654464?ref_src=twsrc%5Etfw\">April 17, 2023<\/a><\/p><\/blockquote>\n<blockquote><p><script async src=\"https:\/\/platform.twitter.com\/widgets.js\" charset=\"utf-8\"><\/script><\/p>\n<p>Brazil<\/p>\n<p>The governor @claudiocastroRJ persecutes the favelas and transforms the life of the population who need to work and study into a real hell. Mar\u00e9 is beaten violently. #favelawantstolive<\/p><\/blockquote>\n<h3>Police Invasion Interrupts and Threatens Elected Official in Mar\u00e9 on April 14<\/h3>\n<p>On April 14, the NGO Redes da Mar\u00e9 had the <a href=\"https:\/\/bit.ly\/3mMBQxy\" target=\"_blank\" rel=\"noopener\">launch event of its research<\/a> \u201c<em>Violence, Bodies, and Territory: About the Lives of Women in Mar\u00e9<\/em>\u201d interrupted by a police operation. State Deputy <a href=\"https:\/\/bit.ly\/2H52b4N\" target=\"_blank\" rel=\"noopener\">Renata Souza<\/a>, born and raised in Mar\u00e9, was a guest at the event and had to take shelter, along with 70 other women who were taking part in the meeting, because of the shots fired during a nearby police operation.<\/p>\n<blockquote class=\"twitter-tweet\">\n<p dir=\"ltr\" lang=\"pt\">DESESPERADOR. ESTOU ABRIGADA NA MAR\u00c9 COM OUTRAS 70 MULHERES, ACUADA E COM MEDO. O lan\u00e7amento de uma pesquisa sobre seguran\u00e7a p\u00fablica para mulheres faveladas acaba de ser interrompido por um opera\u00e7\u00e3o policial sem qualquer justificativa no hor\u00e1rio que crian\u00e7as saem da escola.<\/p>\n<p>\u2014 Renata Souza (@renatasouzario) <a href=\"https:\/\/twitter.com\/renatasouzario\/status\/1646984320282955776?ref_src=twsrc%5Etfw\">April 14, 2023<\/a><\/p><\/blockquote>\n<blockquote><p><script async src=\"https:\/\/platform.twitter.com\/widgets.js\" charset=\"utf-8\"><\/script><\/p>\n<p>DESPERATE. I AM SHELTERED IN MAR\u00c9 WITH 70 OTHER WOMEN, CORNERED, AND AFRAID. The launch of a survey on public safety for women from the favelas has just been interrupted by a police operation without any justification, at the time that children leave school.<\/p><\/blockquote>\n<p>Souza also stated that this is not the first time she has experienced such a situation, which she recalled as \u201cterrifying.\u201d However, it was her first experience of this kind as an elected official.<\/p>\n<blockquote class=\"instagram-media\" style=\"background: #FFF; border: 0; border-radius: 3px; box-shadow: 0 0 1px 0 rgba(0,0,0,0.5),0 1px 10px 0 rgba(0,0,0,0.15); margin: 1px; max-width: 540px; min-width: 326px; padding: 0; width: calc(100% - 2px);\" data-instgrm-captioned=\"\" data-instgrm-permalink=\"https:\/\/www.instagram.com\/reel\/CrCS6VspDbQ\/?utm_source=ig_embed&amp;utm_campaign=loading\" data-instgrm-version=\"14\">\n<div style=\"padding: 16px;\">\n<p>&nbsp;<\/p>\n<div style=\"display: flex; flex-direction: row; align-items: center;\">\n<div style=\"background-color: #f4f4f4; border-radius: 50%; flex-grow: 0; height: 40px; margin-right: 14px; width: 40px;\"><\/div>\n<div style=\"display: flex; flex-direction: column; flex-grow: 1; justify-content: center;\">\n<div style=\"background-color: #f4f4f4; border-radius: 4px; flex-grow: 0; height: 14px; margin-bottom: 6px; width: 100px;\"><\/div>\n<div style=\"background-color: #f4f4f4; border-radius: 4px; flex-grow: 0; height: 14px; width: 60px;\"><\/div>\n<\/div>\n<\/div>\n<div style=\"padding: 19% 0;\"><\/div>\n<div style=\"display: block; height: 50px; margin: 0 auto 12px; width: 50px;\"><\/div>\n<div style=\"padding-top: 8px;\">\n<div style=\"color: #3897f0; font-family: Arial,sans-serif; font-size: 14px; font-style: normal; font-weight: 550; line-height: 18px;\">View this post on Instagram<\/div>\n<\/div>\n<div style=\"padding: 12.5% 0;\"><\/div>\n<div style=\"display: flex; flex-direction: row; margin-bottom: 14px; align-items: center;\">\n<div>\n<div style=\"background-color: #f4f4f4; border-radius: 50%; height: 12.5px; width: 12.5px; transform: translateX(0px) translateY(7px);\"><\/div>\n<div style=\"background-color: #f4f4f4; height: 12.5px; transform: rotate(-45deg) translateX(3px) translateY(1px); width: 12.5px; flex-grow: 0; margin-right: 14px; margin-left: 2px;\"><\/div>\n<div style=\"background-color: #f4f4f4; border-radius: 50%; height: 12.5px; width: 12.5px; transform: translateX(9px) translateY(-18px);\"><\/div>\n<\/div>\n<div style=\"margin-left: 8px;\">\n<div style=\"background-color: #f4f4f4; border-radius: 50%; flex-grow: 0; height: 20px; width: 20px;\"><\/div>\n<div style=\"width: 0; height: 0; border-top: 2px solid transparent; border-left: 6px solid #f4f4f4; border-bottom: 2px solid transparent; transform: translateX(16px) translateY(-4px) rotate(30deg);\"><\/div>\n<\/div>\n<div style=\"margin-left: auto;\">\n<div style=\"width: 0px; border-top: 8px solid #F4F4F4; border-right: 8px solid transparent; transform: translateY(16px);\"><\/div>\n<div style=\"background-color: #f4f4f4; flex-grow: 0; height: 12px; width: 16px; transform: translateY(-4px);\"><\/div>\n<div style=\"width: 0; height: 0; border-top: 8px solid #F4F4F4; border-left: 8px solid transparent; transform: translateY(-4px) translateX(8px);\"><\/div>\n<\/div>\n<\/div>\n<div style=\"display: flex; flex-direction: column; flex-grow: 1; justify-content: center; margin-bottom: 24px;\">\n<div style=\"background-color: #f4f4f4; border-radius: 4px; flex-grow: 0; height: 14px; margin-bottom: 6px; width: 224px;\"><\/div>\n<div style=\"background-color: #f4f4f4; border-radius: 4px; flex-grow: 0; height: 14px; width: 144px;\"><\/div>\n<\/div>\n<p>&nbsp;<\/p>\n<p style=\"color: #c9c8cd; font-family: Arial,sans-serif; font-size: 14px; line-height: 17px; margin-bottom: 0; margin-top: 8px; overflow: hidden; padding: 8px 0 7px; text-align: center; text-overflow: ellipsis; white-space: nowrap;\"><a style=\"color: #c9c8cd; font-family: Arial,sans-serif; font-size: 14px; font-style: normal; font-weight: normal; line-height: 17px; text-decoration: none;\" href=\"https:\/\/www.instagram.com\/reel\/CrCS6VspDbQ\/?utm_source=ig_embed&amp;utm_campaign=loading\" target=\"_blank\" rel=\"noopener\">A post shared by Renata Souza (@renatasouzario)<\/a><\/p>\n<\/div>\n<\/blockquote>\n<blockquote><p><script async src=\"\/\/www.instagram.com\/embed.js\"><\/script><\/p>\n<p>STATEMENT ON THE AFTERNOON OF HORROR WE EXPERIENCED IN MAR\u00c9<\/p><\/blockquote>\n<p>The qualitative study takes an empirical analysis of reports on how shootings impact the lives of women in the region&#8217;s favelas. In addition to Redes das Mar\u00e9, researchers from the Federal University of Rio de Janeiro (<a href=\"https:\/\/bit.ly\/2G9KCND\" target=\"_blank\" rel=\"noopener\">UFRJ<\/a>) worked with two British institutions, the universities of <a href=\"https:\/\/bit.ly\/3LYYQDa\" target=\"_blank\" rel=\"noopener\">Warwick<\/a> and <a href=\"https:\/\/bit.ly\/3MTnaal\" target=\"_blank\" rel=\"noopener\">Cardiff<\/a>.<\/p>\n<p>According to <a href=\"https:\/\/bit.ly\/41HMRPz\" target=\"_blank\" rel=\"noopener\">monitoring<\/a> by Redes da Mar\u00e9, 27 police operations were recorded in Mar\u00e9 in 2022: that\u2019s one every 13 days. According to the last <a href=\"https:\/\/bit.ly\/3JqK6Ji\" target=\"_blank\" rel=\"noopener\">Brazilian Public Security Annual Report<\/a>, published in 2022 by the <a href=\"https:\/\/bit.ly\/351Nusq\" target=\"_blank\" rel=\"noopener\">Brazilian Forum on Public Safety<\/a>, most victims of deaths resulting from police interventions in Brazil are <a href=\"https:\/\/bit.ly\/3mEfjTB\" target=\"_blank\" rel=\"noopener\">male (99.2%), Black (84.1%), and under 29 years old (74%)<\/a>.<\/p>\n<p><i data-stringify-type=\"italic\">About the author:\u00a0<\/i><i data-stringify-type=\"italic\"><a class=\"c-link\" tabindex=\"-1\" href=\"https:\/\/bit.ly\/3o2YA7Q\" target=\"_blank\" rel=\"noopener noreferrer\" data-stringify-link=\"https:\/\/bit.ly\/3o2YA7Q\" data-sk=\"tooltip_parent\" data-remove-tab-index=\"true\">Tatiana Lima<\/a><\/i><i data-stringify-type=\"italic\">\u00a0is a journalist and popular communicator at heart. A Black feminist, member of Complexo do Alem\u00e3o\u2019s\u00a0<\/i><i data-stringify-type=\"italic\"><a class=\"c-link\" tabindex=\"-1\" href=\"https:\/\/bit.ly\/3mZf3bS\" target=\"_blank\" rel=\"noopener noreferrer\" data-stringify-link=\"https:\/\/bit.ly\/3mZf3bS\" data-sk=\"tooltip_parent\" data-remove-tab-index=\"true\">Researchers in Movement Study Group<\/a><\/i><i data-stringify-type=\"italic\">, she is currently special reporter with RioOnWatch. A fair-skinned Black woman, born and raised in a favela, Lima currently lives in Rio\u2019s periphery and is a doctoral student at the Fluminense Federal University (<\/i><i data-stringify-type=\"italic\"><a class=\"c-link\" tabindex=\"-1\" href=\"http:\/\/bit.ly\/2J7BN7l\" target=\"_blank\" rel=\"noopener noreferrer\" data-stringify-link=\"http:\/\/bit.ly\/2J7BN7l\" data-sk=\"tooltip_parent\" data-remove-tab-index=\"true\">UFF<\/a><\/i><i data-stringify-type=\"italic\">).<\/i><\/p>\n<hr \/>\n<h4><b data-stringify-type=\"bold\">Support\u00a0<\/b><b data-stringify-type=\"bold\"><i data-stringify-type=\"italic\">RioOnWatch<\/i><\/b><b data-stringify-type=\"bold\">\u2019s tireless, critical and cutting-edge hyperlocal journalism, online community organizing meetings, and direct support to favelas\u00a0<\/b><b data-stringify-type=\"bold\"><a class=\"c-link\" href=\"http:\/\/bit.ly\/DonateToRioOnWatch\" target=\"_blank\" rel=\"noopener noreferrer\" data-stringify-link=\"http:\/\/bit.ly\/DonateToRioOnWatch\" data-sk=\"tooltip_parent\">by clicking here.<\/a><\/b><\/h4>\n","protected":false},"excerpt":{"rendered":"<div class=\"mh-excerpt\"><p>Clique aqui para Portugu\u00eas This article is part of RioOnWatch\u2019s\u00a0#VoicesFromSocialMedia\u00a0series, which compiles perspectives posted on social media by favela residents and activists about events and societal themes that arise. Community leaders, specialists, researchers, elected officials, <a class=\"mh-excerpt-more\" href=\"https:\/\/rioonwatch.org\/?p=74812\" title=\"Two Police Operations in Three Days Cause Psychological Terror for Residents and Leave Victims in the Favelas of Mar\u00e9 #VoicesFromSocialMedia\">[&#8230;]<\/a><\/p>\n<\/div>","protected":false},"author":238,"featured_media":74824,"comment_status":"closed","ping_status":"closed","sticky":false,"template":"","format":"standard","meta":{"_monsterinsights_skip_tracking":false,"_monsterinsights_sitenote_active":false,"_monsterinsights_sitenote_note":"","_monsterinsights_sitenote_category":0,"footnotes":""},"categories":[1294,1288,335,336],"tags":[1361,1087,3464,356,2596,2713,280,272,3131,918,37,281,362,2910,2481,1555,2733,2600,1952,268,3282,2323,1843],"writer":[3125],"translator":[3485],"illustrator":[],"photographer":[],"class_list":{"0":"post-74812","1":"post","2":"type-post","3":"status-publish","4":"format-standard","5":"has-post-thumbnail","7":"category-communitymedia","8":"category-highlight","9":"category-policies","10":"category-violations","11":"tag-endfavelastigma","12":"tag-voicesfromsocialmedia","13":"tag-adpf-of-the-favelas","14":"tag-bope","15":"tag-brazilian-forum-on-public-safety","16":"tag-claudio-castro","17":"tag-complexo-da-mare","18":"tag-mayor-eduardo-paes","19":"tag-fogo-cruzado","20":"tag-military-police","21":"tag-north-zone","22":"tag-nova-holanda","23":"tag-parque-uniao","24":"tag-police-massacre","25":"tag-police-violence","26":"tag-redes-de-desenvolvimento-da-mare","27":"tag-renata-souza","28":"tag-right-to-the-favela","29":"tag-rubens-vaz","30":"tag-state-violence","31":"tag-supreme-court","32":"tag-ufrj","33":"tag-voz-das-comunidades","34":"writer-tatiana-lima","35":"translator-ujwala-murthy"},"_links":{"self":[{"href":"https:\/\/rioonwatch.org\/index.php?rest_route=\/wp\/v2\/posts\/74812","targetHints":{"allow":["GET"]}}],"collection":[{"href":"https:\/\/rioonwatch.org\/index.php?rest_route=\/wp\/v2\/posts"}],"about":[{"href":"https:\/\/rioonwatch.org\/index.php?rest_route=\/wp\/v2\/types\/post"}],"author":[{"embeddable":true,"href":"https:\/\/rioonwatch.org\/index.php?rest_route=\/wp\/v2\/users\/238"}],"replies":[{"embeddable":true,"href":"https:\/\/rioonwatch.org\/index.php?rest_route=%2Fwp%2Fv2%2Fcomments&post=74812"}],"version-history":[{"count":1,"href":"https:\/\/rioonwatch.org\/index.php?rest_route=\/wp\/v2\/posts\/74812\/revisions"}],"predecessor-version":[{"id":82793,"href":"https:\/\/rioonwatch.org\/index.php?rest_route=\/wp\/v2\/posts\/74812\/revisions\/82793"}],"wp:featuredmedia":[{"embeddable":true,"href":"https:\/\/rioonwatch.org\/index.php?rest_route=\/wp\/v2\/media\/74824"}],"wp:attachment":[{"href":"https:\/\/rioonwatch.org\/index.php?rest_route=%2Fwp%2Fv2%2Fmedia&parent=74812"}],"wp:term":[{"taxonomy":"category","embeddable":true,"href":"https:\/\/rioonwatch.org\/index.php?rest_route=%2Fwp%2Fv2%2Fcategories&post=74812"},{"taxonomy":"post_tag","embeddable":true,"href":"https:\/\/rioonwatch.org\/index.php?rest_route=%2Fwp%2Fv2%2Ftags&post=74812"},{"taxonomy":"writer","embeddable":true,"href":"https:\/\/rioonwatch.org\/index.php?rest_route=%2Fwp%2Fv2%2Fwriter&post=74812"},{"taxonomy":"translator","embeddable":true,"href":"https:\/\/rioonwatch.org\/index.php?rest_route=%2Fwp%2Fv2%2Ftranslator&post=74812"},{"taxonomy":"illustrator","embeddable":true,"href":"https:\/\/rioonwatch.org\/index.php?rest_route=%2Fwp%2Fv2%2Fillustrator&post=74812"},{"taxonomy":"photographer","embeddable":true,"href":"https:\/\/rioonwatch.org\/index.php?rest_route=%2Fwp%2Fv2%2Fphotographer&post=74812"}],"curies":[{"name":"wp","href":"https:\/\/api.w.org\/{rel}","templated":true}]}}