{"id":74979,"date":"2023-05-30T09:23:22","date_gmt":"2023-05-30T12:23:22","guid":{"rendered":"https:\/\/rioonwatch.org\/?p=74979"},"modified":"2023-05-31T21:01:13","modified_gmt":"2023-06-01T00:01:13","slug":"police-brutality-marks-forced-eviction-of-homes-and-businesses-in-rato-molhado-favela-in-rio-de-janeiros-north-zone","status":"publish","type":"post","link":"https:\/\/rioonwatch.org\/?p=74979","title":{"rendered":"Police Brutality Marks Forced Eviction of Homes and Businesses in Rato Molhado Favela in Rio de Janeiro&#8217;s North Zone"},"content":{"rendered":"<figure id=\"attachment_74984\" aria-describedby=\"caption-attachment-74984\" style=\"width: 2000px\" class=\"wp-caption aligncenter\"><a href=\"https:\/\/rioonwatch.org\/wp-content\/uploads\/2023\/05\/Businesses-are-being-torn-down-in-Rato-Molhado.jpg\"><img fetchpriority=\"high\" decoding=\"async\" class=\"wp-image-74984 size-full\" title=\"Businesses being torn down in the Rato Molhado favela. Photo: B\u00e1rbara Dias\" src=\"https:\/\/rioonwatch.org\/wp-content\/uploads\/2023\/05\/Businesses-are-being-torn-down-in-Rato-Molhado.jpg\" alt=\"Businesses being torn down in the Rato Molhado favela. Photo: B\u00e1rbara Dias\" width=\"2000\" height=\"1335\" srcset=\"https:\/\/rioonwatch.org\/wp-content\/uploads\/2023\/05\/Businesses-are-being-torn-down-in-Rato-Molhado.jpg 2000w, https:\/\/rioonwatch.org\/wp-content\/uploads\/2023\/05\/Businesses-are-being-torn-down-in-Rato-Molhado-620x414.jpg 620w, https:\/\/rioonwatch.org\/wp-content\/uploads\/2023\/05\/Businesses-are-being-torn-down-in-Rato-Molhado-942x629.jpg 942w, https:\/\/rioonwatch.org\/wp-content\/uploads\/2023\/05\/Businesses-are-being-torn-down-in-Rato-Molhado-768x513.jpg 768w\" sizes=\"(max-width: 2000px) 100vw, 2000px\" \/><\/a><figcaption id=\"caption-attachment-74984\" class=\"wp-caption-text\">Businesses being torn down in the Rato Molhado favela. Photo: B\u00e1rbara Dias<\/figcaption><\/figure>\n<h4 style=\"text-align: right;\"><a href=\"https:\/\/bit.ly\/3OI5tvm\" target=\"_blank\" rel=\"noopener\"><span class=\"s1\"><i>Clique aqui para Portugu\u00eas<\/i><\/span><span class=\"s2\"><i><span class=\"Apple-converted-space\"><em><img decoding=\"async\" class=\"alignright size-full wp-image-23766\" src=\"https:\/\/www.rioonwatch.org\/wp-content\/uploads\/2012\/08\/PT-e1439583827971.png\" width=\"20\" height=\"20\" \/><\/em><\/span><\/i><\/span><\/a><\/h4>\n<h4>Last Wednesday, May 24, a &#8220;shock order operation&#8221; [aggressive program to crack down on public disorder] by the Rio de Janeiro Municipal Public Order Secretariat (<a href=\"https:\/\/bit.ly\/3BTFvxd\" target=\"_blank\" rel=\"noopener\">SEOP<\/a>) demolished 25 wooden and brick and mortar homes, a warehouse owned by a building material store, and three shops in the <a href=\"https:\/\/bit.ly\/3MYp6y3\" target=\"_blank\" rel=\"noopener\">Rato Molhado<\/a> favela, in the Sampaio neighborhood in the city&#8217;s\u00a0<a href=\"https:\/\/bit.ly\/2IgR5qe\" target=\"_blank\" rel=\"noopener\">North Zone<\/a>. The operation was followed closely by the Municipal Guard (<a href=\"http:\/\/bit.ly\/1QIZkem\" target=\"_blank\" rel=\"noopener\">GM<\/a>) and Military Police (<a href=\"https:\/\/bit.ly\/2WQxnqh\" target=\"_blank\" rel=\"noopener\">PM<\/a>) at one of the entrances to the favela, Rua Paim Pamplona under the Armando Coelho de Freitas Viaduct, an access route to the Noel Rosa Tunnel. Residents were outraged and tried to protest against the removal, but were met with brutal repression by the police. Now homeless, they had their rights to freedom of expression, protest, and housing violated by violent physical aggression and shots fired with lethal ammunition by Rio&#8217;s Military Police.<\/h4>\n<figure id=\"attachment_74981\" aria-describedby=\"caption-attachment-74981\" style=\"width: 2000px\" class=\"wp-caption aligncenter\"><a href=\"https:\/\/rioonwatch.org\/wp-content\/uploads\/2023\/05\/Policial-Militar-aponta-fuzil-para-moradores-durante-protesto-contra-remocao-na-Favela-do-Rato-Molhado.blurred-Foto-Barbara-Dias.png\"><img decoding=\"async\" class=\"wp-image-74981 size-full\" title=\"Military police officer points a rifle to a resident during a protest against the forced eviction at the Favela do Rato Molhado. Photo: B\u00e1rbara Dias. \" src=\"https:\/\/rioonwatch.org\/wp-content\/uploads\/2023\/05\/Policial-Militar-aponta-fuzil-para-moradores-durante-protesto-contra-remocao-na-Favela-do-Rato-Molhado.blurred-Foto-Barbara-Dias.png\" alt=\"Military police officer points a rifle to a resident during a protest against the forced eviction at the Favela do Rato Molhado. Photo: B\u00e1rbara Dias. \" width=\"2000\" height=\"1335\" srcset=\"https:\/\/rioonwatch.org\/wp-content\/uploads\/2023\/05\/Policial-Militar-aponta-fuzil-para-moradores-durante-protesto-contra-remocao-na-Favela-do-Rato-Molhado.blurred-Foto-Barbara-Dias.png 2000w, https:\/\/rioonwatch.org\/wp-content\/uploads\/2023\/05\/Policial-Militar-aponta-fuzil-para-moradores-durante-protesto-contra-remocao-na-Favela-do-Rato-Molhado.blurred-Foto-Barbara-Dias-620x414.png 620w, https:\/\/rioonwatch.org\/wp-content\/uploads\/2023\/05\/Policial-Militar-aponta-fuzil-para-moradores-durante-protesto-contra-remocao-na-Favela-do-Rato-Molhado.blurred-Foto-Barbara-Dias-942x629.png 942w, https:\/\/rioonwatch.org\/wp-content\/uploads\/2023\/05\/Policial-Militar-aponta-fuzil-para-moradores-durante-protesto-contra-remocao-na-Favela-do-Rato-Molhado.blurred-Foto-Barbara-Dias-768x513.png 768w\" sizes=\"(max-width: 2000px) 100vw, 2000px\" \/><\/a><figcaption id=\"caption-attachment-74981\" class=\"wp-caption-text\">Military Police officer points a rifle directly at a resident during the protest against forced eviction at the Rato Molhado favela. Photo: B\u00e1rbara Dias.<\/figcaption><\/figure>\n<p><span style=\"font-weight: 400;\">The <a href=\"https:\/\/bit.ly\/43pw7gD\" target=\"_blank\" rel=\"noopener\">Rato Molhado favela<\/a>, also known as the Dois de Maio community, has a history of <a href=\"https:\/\/bit.ly\/43pw7gD\" target=\"_blank\" rel=\"noopener\">occupations and forced evictions<\/a> that dates back to its emergence in 1950. There were many evictions in the 1960s and 1970s. The community only achieved relative security in 1980 when residents organized and established their residents&#8217; association. Rato Molhado is near other favelas, like <a href=\"https:\/\/bit.ly\/3jUNDrX\" target=\"_blank\" rel=\"noopener\">Jacar\u00e9<\/a>, <a href=\"https:\/\/bit.ly\/32T5tjE\" target=\"_blank\" rel=\"noopener\">Jacarezinho<\/a>, and <a href=\"https:\/\/bit.ly\/438do9A\" target=\"_blank\" rel=\"noopener\">C\u00e9u Azul<\/a>\u00a0in <a href=\"https:\/\/bit.ly\/3pNqG8u\" target=\"_blank\" rel=\"noopener\">Engenho Novo<\/a>\u2014a region where rights are constantly denied. In 2014, there was an occupation and the emergence of the <a href=\"http:\/\/bit.ly\/1NAvyCx\" target=\"_blank\" rel=\"noopener\">Telerj favela<\/a>, which was also the target of a violent eviction by City Hall, at the time also under the administration of Mayor <a href=\"https:\/\/bit.ly\/2IsNrLj\" target=\"_blank\" rel=\"noopener\">Eduardo Paes<\/a>.\u00a0<\/span><\/p>\n<figure id=\"attachment_74990\" aria-describedby=\"caption-attachment-74990\" style=\"width: 2000px\" class=\"wp-caption alignnone\"><a href=\"https:\/\/rioonwatch.org\/wp-content\/uploads\/2023\/05\/Moradores-da-favela-do-Rato-Molhado-observam-a-operacao-de-remocao-na-comunidade.-Foto-Barbara-Dias.jpg\"><img loading=\"lazy\" decoding=\"async\" class=\"wp-image-74990 size-full\" title=\"Residents of the Rato Molhado favela watch the eviction operation in the community. Photo: B\u00e1rbara Dias \" src=\"https:\/\/rioonwatch.org\/wp-content\/uploads\/2023\/05\/Moradores-da-favela-do-Rato-Molhado-observam-a-operacao-de-remocao-na-comunidade.-Foto-Barbara-Dias.jpg\" alt=\"Residents of the Rato Molhado favela watch the eviction operation in the community. Photo: B\u00e1rbara Dias \" width=\"2000\" height=\"1335\" srcset=\"https:\/\/rioonwatch.org\/wp-content\/uploads\/2023\/05\/Moradores-da-favela-do-Rato-Molhado-observam-a-operacao-de-remocao-na-comunidade.-Foto-Barbara-Dias.jpg 2000w, https:\/\/rioonwatch.org\/wp-content\/uploads\/2023\/05\/Moradores-da-favela-do-Rato-Molhado-observam-a-operacao-de-remocao-na-comunidade.-Foto-Barbara-Dias-620x414.jpg 620w, https:\/\/rioonwatch.org\/wp-content\/uploads\/2023\/05\/Moradores-da-favela-do-Rato-Molhado-observam-a-operacao-de-remocao-na-comunidade.-Foto-Barbara-Dias-942x629.jpg 942w, https:\/\/rioonwatch.org\/wp-content\/uploads\/2023\/05\/Moradores-da-favela-do-Rato-Molhado-observam-a-operacao-de-remocao-na-comunidade.-Foto-Barbara-Dias-768x513.jpg 768w\" sizes=\"(max-width: 2000px) 100vw, 2000px\" \/><\/a><figcaption id=\"caption-attachment-74990\" class=\"wp-caption-text\">Residents of Rato Molhado watch the eviction operation in their community. Photo: B\u00e1rbara Dias<\/figcaption><\/figure>\n<p>On the Municipal Secretariat of Public Order (SEOP) website, the <a href=\"https:\/\/bit.ly\/42mMJoB\" target=\"_blank\" rel=\"noopener\">information<\/a> reported on the operation is that: \u201cThe SEOP removed about 30 irregular structures in the neighborhood of Sampaio, North Zone of Rio.\u201d According to residents, this is a far cry from capturing what happened. Wooden shacks were burned to the ground, without the presence of the fire department to contain the flames. Some claimed the fire was set by residents of the occupation who, now evicted, are on the streets. Outraged by the forced eviction, the brutality, and the loss of their homes, they allegedly set fire to their own homes in protest. Others report that it was the police who set the structures on fire.<\/p>\n<p><iframe src=\"https:\/\/drive.google.com\/file\/d\/1Pa4H1LcVLJNtpHOwDk4P_VWGaC3VM0GO\/preview\" width=\"1030\" height=\"563\"><span data-mce-type=\"bookmark\" style=\"display: inline-block; width: 0px; overflow: hidden; line-height: 0;\" class=\"mce_SELRES_start\">\ufeff<\/span><\/iframe><\/p>\n<p><span style=\"font-weight: 400;\">Upon arriving at the site, we found the shacks completely burned down, but got there still in time to follow the backhoe demolishing a tire repair shop and jet wash under the overpass. One of the individuals affected did not want to be interviewed or identify himself, as he was very shaken. A woman who was very emotional and had been watching the operation agreed to speak to us on the condition of anonymity.<\/span><\/p>\n<figure id=\"attachment_74991\" aria-describedby=\"caption-attachment-74991\" style=\"width: 2000px\" class=\"wp-caption alignnone\"><a href=\"https:\/\/rioonwatch.org\/wp-content\/uploads\/2023\/05\/Ao-final-da-operacao-os-comercios-de-moradores-locais-foram-completamente-destruidos.-Foto-Barbara-Dias.jpg\"><img loading=\"lazy\" decoding=\"async\" class=\"wp-image-74991 size-full\" title=\"By the end of the operation, residents' businesses had been completely destroyed. Photo: B\u00e1rbara Dias\" src=\"https:\/\/rioonwatch.org\/wp-content\/uploads\/2023\/05\/Ao-final-da-operacao-os-comercios-de-moradores-locais-foram-completamente-destruidos.-Foto-Barbara-Dias.jpg\" alt=\"By the end of the operation, residents' businesses had been completely destroyed. Photo: B\u00e1rbara Dias\" width=\"2000\" height=\"1335\" srcset=\"https:\/\/rioonwatch.org\/wp-content\/uploads\/2023\/05\/Ao-final-da-operacao-os-comercios-de-moradores-locais-foram-completamente-destruidos.-Foto-Barbara-Dias.jpg 2000w, https:\/\/rioonwatch.org\/wp-content\/uploads\/2023\/05\/Ao-final-da-operacao-os-comercios-de-moradores-locais-foram-completamente-destruidos.-Foto-Barbara-Dias-620x414.jpg 620w, https:\/\/rioonwatch.org\/wp-content\/uploads\/2023\/05\/Ao-final-da-operacao-os-comercios-de-moradores-locais-foram-completamente-destruidos.-Foto-Barbara-Dias-942x629.jpg 942w, https:\/\/rioonwatch.org\/wp-content\/uploads\/2023\/05\/Ao-final-da-operacao-os-comercios-de-moradores-locais-foram-completamente-destruidos.-Foto-Barbara-Dias-768x513.jpg 768w\" sizes=\"(max-width: 2000px) 100vw, 2000px\" \/><\/a><figcaption id=\"caption-attachment-74991\" class=\"wp-caption-text\">By the end of the operation, residents&#8217; businesses had been completely destroyed. Photo: B\u00e1rbara Dias<\/figcaption><\/figure>\n<blockquote><p><span style=\"font-weight: 400;\">\u201cI am filled with outrage. These are humble people! This young man put a lot of effort into building his tire repair shop, he has kids, his kids are here. It&#8217;s his livelihood. I don&#8217;t know who this order came from, but there&#8217;s got to be humanity, there&#8217;s got to be respect. That was his job, it was how he made his living; he was here working to support his children. Fixing cars, repairing tires&#8230; But it&#8217;s no use saying anything because no one listens to us. It&#8217;s always the same. It&#8217;s appalling.\u201d<\/span><span style=\"font-weight: 400;\"> \u2014 Resident of Rato Molhado who asked not to be identified\u00a0<\/span><\/p><\/blockquote>\n<figure id=\"attachment_74993\" aria-describedby=\"caption-attachment-74993\" style=\"width: 2000px\" class=\"wp-caption alignnone\"><a href=\"https:\/\/rioonwatch.org\/wp-content\/uploads\/2023\/05\/Apos-a-demolicao-de-comercios-na-favela-do-Rato-Molhado-uma-moradora-entra-em-desespero.-Foto-Barbara-Dias.jpg\"><img loading=\"lazy\" decoding=\"async\" class=\"wp-image-74993 size-full\" title=\"A resident in despair following the demolition of businesses in the Rato Molhado favela. Photo: B\u00e1rbara Dias\" src=\"https:\/\/rioonwatch.org\/wp-content\/uploads\/2023\/05\/Apos-a-demolicao-de-comercios-na-favela-do-Rato-Molhado-uma-moradora-entra-em-desespero.-Foto-Barbara-Dias.jpg\" alt=\"A resident in despair following the demolition of businesses in the Rato Molhado favela. Photo: B\u00e1rbara Dias\" width=\"2000\" height=\"1335\" srcset=\"https:\/\/rioonwatch.org\/wp-content\/uploads\/2023\/05\/Apos-a-demolicao-de-comercios-na-favela-do-Rato-Molhado-uma-moradora-entra-em-desespero.-Foto-Barbara-Dias.jpg 2000w, https:\/\/rioonwatch.org\/wp-content\/uploads\/2023\/05\/Apos-a-demolicao-de-comercios-na-favela-do-Rato-Molhado-uma-moradora-entra-em-desespero.-Foto-Barbara-Dias-620x414.jpg 620w, https:\/\/rioonwatch.org\/wp-content\/uploads\/2023\/05\/Apos-a-demolicao-de-comercios-na-favela-do-Rato-Molhado-uma-moradora-entra-em-desespero.-Foto-Barbara-Dias-942x629.jpg 942w, https:\/\/rioonwatch.org\/wp-content\/uploads\/2023\/05\/Apos-a-demolicao-de-comercios-na-favela-do-Rato-Molhado-uma-moradora-entra-em-desespero.-Foto-Barbara-Dias-768x513.jpg 768w\" sizes=\"(max-width: 2000px) 100vw, 2000px\" \/><\/a><figcaption id=\"caption-attachment-74993\" class=\"wp-caption-text\">A resident in despair following the demolition of businesses in the Rato Molhado favela. Photo: B\u00e1rbara Dias<\/figcaption><\/figure>\n<p>According to residents, City Hall had notified local businesses to regularize their status. However, they were not given enough time. Residents said the businesses had been in operation for over seven years. However, through further investigation using <a href=\"https:\/\/bit.ly\/428ei4A\" target=\"_blank\" rel=\"noopener\">Google Maps<\/a>, it is possible to see that the commercial structures have been there for over ten years, with records dating back to 2011.<\/p>\n<figure id=\"attachment_74994\" aria-describedby=\"caption-attachment-74994\" style=\"width: 2000px\" class=\"wp-caption alignnone\"><a href=\"https:\/\/rioonwatch.org\/wp-content\/uploads\/2023\/05\/O-Caveirao-chegou-a-ser-visto-nas-proximidades-de-onde-aconteceu-o-protesto-contra-remocao-porem-nao-entrou-em-acao.-Foto-Barbara-Dias.jpg\"><img loading=\"lazy\" decoding=\"async\" class=\"wp-image-74994 size-full\" title=\"Military Police armored vehicle seen near to where the protest against the eviction took place, however it wasn't put into action. Photo: B\u00e1rbara Dias\" src=\"https:\/\/rioonwatch.org\/wp-content\/uploads\/2023\/05\/O-Caveirao-chegou-a-ser-visto-nas-proximidades-de-onde-aconteceu-o-protesto-contra-remocao-porem-nao-entrou-em-acao.-Foto-Barbara-Dias.jpg\" alt=\"Military Police armored vehicle seen near to where the protest against the eviction took place, however it wasn't put into action. Photo: B\u00e1rbara Dias\" width=\"2000\" height=\"1335\" srcset=\"https:\/\/rioonwatch.org\/wp-content\/uploads\/2023\/05\/O-Caveirao-chegou-a-ser-visto-nas-proximidades-de-onde-aconteceu-o-protesto-contra-remocao-porem-nao-entrou-em-acao.-Foto-Barbara-Dias.jpg 2000w, https:\/\/rioonwatch.org\/wp-content\/uploads\/2023\/05\/O-Caveirao-chegou-a-ser-visto-nas-proximidades-de-onde-aconteceu-o-protesto-contra-remocao-porem-nao-entrou-em-acao.-Foto-Barbara-Dias-620x414.jpg 620w, https:\/\/rioonwatch.org\/wp-content\/uploads\/2023\/05\/O-Caveirao-chegou-a-ser-visto-nas-proximidades-de-onde-aconteceu-o-protesto-contra-remocao-porem-nao-entrou-em-acao.-Foto-Barbara-Dias-942x629.jpg 942w, https:\/\/rioonwatch.org\/wp-content\/uploads\/2023\/05\/O-Caveirao-chegou-a-ser-visto-nas-proximidades-de-onde-aconteceu-o-protesto-contra-remocao-porem-nao-entrou-em-acao.-Foto-Barbara-Dias-768x513.jpg 768w\" sizes=\"(max-width: 2000px) 100vw, 2000px\" \/><\/a><figcaption id=\"caption-attachment-74994\" class=\"wp-caption-text\">Armored Military Police vehicle seen near where the protest against the eviction took place. Photo: B\u00e1rbara Dias<\/figcaption><\/figure>\n<p><span style=\"font-weight: 400;\">Once the demolition of the brick and mortar shops began, residents demonstrated and resisted the SEOP operation, even resorting to throwing stones and setting off fireworks. That was when the police rushed toward the entrance to the favela. Wielding rifles and pistols, they fired lethal gunfire in a display of disproportionate force and intimidation of residents. The <em>caveir\u00e3o<\/em> [armored truck used by the PM] positioned itself in the vicinity of the area where the operation took place, but did not come into action. The brutality continued to escalate, with police pointing guns at unarmed people and physically assaulting residents of Rato Molhado with slaps, punches, and kicks.<\/span><\/p>\n<p><iframe src=\"https:\/\/drive.google.com\/file\/d\/1P_Ak7km0DU6WI7CEzRu8PQM9wDUG4m88\/preview\" width=\"1030\" height=\"563\"><span data-mce-type=\"bookmark\" style=\"display: inline-block; width: 0px; overflow: hidden; line-height: 0;\" class=\"mce_SELRES_start\">\ufeff<\/span><\/iframe><\/p>\n<p>The following video shows a completely disproportionate attack on a resident perpetrated by a Military Police officer. The assailant punches her and throws her to the ground while the community screams, pleading for him to stop. In addition to the beating by police, the woman, who did not want to be identified, was taken to the police station on charges of contempt. We do not have information on whether she has been released.<\/p>\n<p><iframe src=\"https:\/\/drive.google.com\/file\/d\/1PgSWCHPH5BbjXwO9k5VR_lPltrlPYyDy\/preview\" width=\"1030\" height=\"563\"><span data-mce-type=\"bookmark\" style=\"display: inline-block; width: 0px; overflow: hidden; line-height: 0;\" class=\"mce_SELRES_start\">\ufeff<\/span><\/iframe><\/p>\n<p><span style=\"font-weight: 400;\">With the end of the operation, the State apparatus left behind a trail of destruction, with burning shacks and businesses belonging to favela residents demolished. The aggression with which the Military Police acted towards residents was appalling and disproportionate. They used firearms against an unarmed population that was obviously outraged by the evictions. In addition to the use of lethal weapons, police activity in the operation was marked by physical assaults and arbitrary arrests.\u00a0\u00a0<\/span><\/p>\n<p><iframe src=\"https:\/\/drive.google.com\/file\/d\/1FZkcQdXwnmuDfLCHwsF3bOS59SOfto0X\/preview\" width=\"1030\" height=\"563\"><span data-mce-type=\"bookmark\" style=\"display: inline-block; width: 0px; overflow: hidden; line-height: 0;\" class=\"mce_SELRES_start\">\ufeff<\/span><\/iframe><\/p>\n<p><span style=\"font-weight: 400;\">The next day, May 25, we returned to the scene. Residents were beginning to rebuild some wooden shacks. The debris from the demolition and smoking embers of the fire remained.\u00a0<\/span><\/p>\n<p><i>About the author:\u00a0<em><a href=\"https:\/\/bit.ly\/3Gc3OJU\" target=\"_blank\" rel=\"noopener\">B\u00e1rbara Dias<\/a>\u00a0was born and raised in Bangu, in Rio\u2019s West Zone. She has a degree in Biological Sciences, a master\u2019s in Environmental Education, and has been a public school teacher since 2006. She is a photojournalist and also works with documentary photography. She is a popular communicator for N\u00facleo Piratininga de Comunica\u00e7\u00e3o (<a href=\"https:\/\/bit.ly\/3i2GcdN\" target=\"_blank\" rel=\"noopener\">NPC<\/a>) and co-founder of\u00a0<a href=\"https:\/\/bit.ly\/3vfY8bj\" target=\"_blank\" rel=\"noopener\">Coletivo Fotoguerrilha<\/a>.<\/em><\/i><\/p>\n<hr \/>\n<h4><b data-stringify-type=\"bold\">Support\u00a0<\/b><b data-stringify-type=\"bold\"><i data-stringify-type=\"italic\">RioOnWatch<\/i><\/b><b data-stringify-type=\"bold\">\u2019s tireless, critical and cutting-edge hyperlocal journalism, online community organizing meetings, and direct support to favelas\u00a0<\/b><b data-stringify-type=\"bold\"><a class=\"c-link\" href=\"http:\/\/bit.ly\/DonateToRioOnWatch\" target=\"_blank\" rel=\"noopener noreferrer\" data-stringify-link=\"http:\/\/bit.ly\/DonateToRioOnWatch\" data-sk=\"tooltip_parent\">by clicking here.<\/a><\/b><\/h4>\n","protected":false},"excerpt":{"rendered":"<div class=\"mh-excerpt\"><p>Clique aqui para Portugu\u00eas Last Wednesday, May 24, a &#8220;shock order operation&#8221; [aggressive program to crack down on public disorder] by the Rio de Janeiro Municipal Public Order Secretariat (SEOP) demolished 25 wooden and brick <a class=\"mh-excerpt-more\" href=\"https:\/\/rioonwatch.org\/?p=74979\" title=\"Police Brutality Marks Forced Eviction of Homes and Businesses in Rato Molhado Favela in Rio de Janeiro&#8217;s North Zone\">[&#8230;]<\/a><\/p>\n<\/div>","protected":false},"author":245,"featured_media":74984,"comment_status":"closed","ping_status":"closed","sticky":false,"template":"template-full.php","format":"standard","meta":{"_monsterinsights_skip_tracking":false,"_monsterinsights_sitenote_active":false,"_monsterinsights_sitenote_note":"","_monsterinsights_sitenote_category":0,"footnotes":""},"categories":[1293,1288,1332,336],"tags":[2469,1308,272,1158,11,282,26,918,1170,618,37,887,1157,268,1385],"writer":[3542],"translator":[3452],"illustrator":[],"photographer":[3548],"class_list":{"0":"post-74979","1":"post","2":"type-post","3":"status-publish","4":"format-standard","5":"has-post-thumbnail","7":"category-evictionswatch","8":"category-highlight","9":"category-photo-essays","10":"category-violations","11":"tag-caveirao","12":"tag-dois-de-maio","13":"tag-mayor-eduardo-paes","14":"tag-engenho-novo","15":"tag-forced-evictions","16":"tag-housing","17":"tag-housing-rights","18":"tag-military-police","19":"tag-municipal-guard","20":"tag-neighborhood-association","21":"tag-north-zone","22":"tag-precarious-housing","23":"tag-rato-molhado","24":"tag-state-violence","25":"tag-violence","26":"writer-barbara-dias","27":"translator-staff","28":"photographer-barbara-dias"},"_links":{"self":[{"href":"https:\/\/rioonwatch.org\/index.php?rest_route=\/wp\/v2\/posts\/74979","targetHints":{"allow":["GET"]}}],"collection":[{"href":"https:\/\/rioonwatch.org\/index.php?rest_route=\/wp\/v2\/posts"}],"about":[{"href":"https:\/\/rioonwatch.org\/index.php?rest_route=\/wp\/v2\/types\/post"}],"author":[{"embeddable":true,"href":"https:\/\/rioonwatch.org\/index.php?rest_route=\/wp\/v2\/users\/245"}],"replies":[{"embeddable":true,"href":"https:\/\/rioonwatch.org\/index.php?rest_route=%2Fwp%2Fv2%2Fcomments&post=74979"}],"version-history":[{"count":0,"href":"https:\/\/rioonwatch.org\/index.php?rest_route=\/wp\/v2\/posts\/74979\/revisions"}],"wp:featuredmedia":[{"embeddable":true,"href":"https:\/\/rioonwatch.org\/index.php?rest_route=\/wp\/v2\/media\/74984"}],"wp:attachment":[{"href":"https:\/\/rioonwatch.org\/index.php?rest_route=%2Fwp%2Fv2%2Fmedia&parent=74979"}],"wp:term":[{"taxonomy":"category","embeddable":true,"href":"https:\/\/rioonwatch.org\/index.php?rest_route=%2Fwp%2Fv2%2Fcategories&post=74979"},{"taxonomy":"post_tag","embeddable":true,"href":"https:\/\/rioonwatch.org\/index.php?rest_route=%2Fwp%2Fv2%2Ftags&post=74979"},{"taxonomy":"writer","embeddable":true,"href":"https:\/\/rioonwatch.org\/index.php?rest_route=%2Fwp%2Fv2%2Fwriter&post=74979"},{"taxonomy":"translator","embeddable":true,"href":"https:\/\/rioonwatch.org\/index.php?rest_route=%2Fwp%2Fv2%2Ftranslator&post=74979"},{"taxonomy":"illustrator","embeddable":true,"href":"https:\/\/rioonwatch.org\/index.php?rest_route=%2Fwp%2Fv2%2Fillustrator&post=74979"},{"taxonomy":"photographer","embeddable":true,"href":"https:\/\/rioonwatch.org\/index.php?rest_route=%2Fwp%2Fv2%2Fphotographer&post=74979"}],"curies":[{"name":"wp","href":"https:\/\/api.w.org\/{rel}","templated":true}]}}