{"id":75090,"date":"2023-09-25T11:02:55","date_gmt":"2023-09-25T14:02:55","guid":{"rendered":"https:\/\/rioonwatch.org\/?p=75090"},"modified":"2025-09-13T14:10:31","modified_gmt":"2025-09-13T17:10:31","slug":"favela-climate-memory-circles-part-1-mare-museum-highlights-stilt-houses-as-a-survival-strategy-as-knowledge","status":"publish","type":"post","link":"https:\/\/rioonwatch.org\/?p=75090","title":{"rendered":"Favela Climate Memory Circles, Part 1: Mar\u00e9 Museum Highlights \u2018Stilt Houses as a Survival Strategy, as Knowledge\u2019"},"content":{"rendered":"<figure id=\"attachment_75091\" aria-describedby=\"caption-attachment-75091\" style=\"width: 2000px\" class=\"wp-caption aligncenter\"><a href=\"https:\/\/rioonwatch.org\/wp-content\/uploads\/2023\/06\/Participantes-da-Roda-de-Memoria-Climatica-do-Museu-da-Mare-1.png\"><img fetchpriority=\"high\" decoding=\"async\" class=\"wp-image-75091 size-full\" title=\"Participants of the 1st Climate Memory Circle in Complexo da Mar\u00e9. Photo: Alexandre Cerqueira\" src=\"https:\/\/rioonwatch.org\/wp-content\/uploads\/2023\/06\/Participantes-da-Roda-de-Memoria-Climatica-do-Museu-da-Mare-1.png\" alt=\"Participants of the 1st Climate Memory Circle in Complexo da Mar\u00e9. Photo: Alexandre Cerqueira\" width=\"2000\" height=\"852\" srcset=\"https:\/\/rioonwatch.org\/wp-content\/uploads\/2023\/06\/Participantes-da-Roda-de-Memoria-Climatica-do-Museu-da-Mare-1.png 2000w, https:\/\/rioonwatch.org\/wp-content\/uploads\/2023\/06\/Participantes-da-Roda-de-Memoria-Climatica-do-Museu-da-Mare-1-620x264.png 620w, https:\/\/rioonwatch.org\/wp-content\/uploads\/2023\/06\/Participantes-da-Roda-de-Memoria-Climatica-do-Museu-da-Mare-1-1477x629.png 1477w, https:\/\/rioonwatch.org\/wp-content\/uploads\/2023\/06\/Participantes-da-Roda-de-Memoria-Climatica-do-Museu-da-Mare-1-768x327.png 768w\" sizes=\"(max-width: 2000px) 100vw, 2000px\" \/><\/a><figcaption id=\"caption-attachment-75091\" class=\"wp-caption-text\">Participants of the first Climate Memory Circle in Complexo da Mar\u00e9. Photo: Alexandre Cerqueira<\/figcaption><\/figure>\n<p style=\"text-align: right;\"><a href=\"https:\/\/bit.ly\/MCnaMareNoROW\" target=\"_blank\" rel=\"noopener\"><span class=\"s1\"><i>Clique aqui para Portugu\u00eas<\/i><\/span><span class=\"s2\"><i><span class=\"Apple-converted-space\"><em><img decoding=\"async\" class=\"alignright size-full wp-image-23766\" src=\"https:\/\/www.rioonwatch.org\/wp-content\/uploads\/2012\/08\/PT-e1439583827971.png\" width=\"20\" height=\"20\" \/><\/em><\/span><\/i><\/span><\/a><\/p>\n<h4><b>On June 17, 2023, Rio de Janeiro&#8217;s Sustainable Favela Network (<a href=\"https:\/\/bit.ly\/3nsyde6\" target=\"_blank\" rel=\"noopener\">SFN<\/a>)* <\/b><b><a href=\"https:\/\/bit.ly\/3NwhSSj\" target=\"_blank\" rel=\"noopener\">launched<\/a> its Favela <\/b><b>Climate Memory Exhibition, the culmination of five day-long climate memory circles held by favela community museums between January and March. This <a href=\"https:\/\/bit.ly\/FavelaClimateMemory\" target=\"_blank\" rel=\"noopener\">series of articles<\/a> explores the dynamics of each memory circle which makes up the exhibition, with this article<\/b><b> introducing the first discussion circle, held on January 28 by the <a href=\"https:\/\/bit.ly\/3HoEgKg\" target=\"_blank\" rel=\"noopener\">Mar\u00e9 Museum<\/a>. Developed by the SFN&#8217;s Culture and Memory Working Group, the project was realized by <a href=\"https:\/\/bit.ly\/33HYfiK\" target=\"_blank\" rel=\"noopener\">community museums<\/a>, technical allies, and community organizers from favelas across Greater Rio.<\/b><\/h4>\n<p><span style=\"font-weight: 400;\">The Sustainable Favela Network\u2019s Climate Memory Circles are community events aimed at recovering and recording the memories and stories of long-time residents of Rio de Janeiro\u2019s favelas in relation to the environment so as to envision ways to prepare for climate changes to come. Though still rarely discussed, the memory circles showed that climate change is very much present in the daily lives and concerns of favela residents.<\/span><\/p>\n<p>Each memory circle event took place over the course of a day, with residents invited by the museums to take part in a series of discussions designed to focus on and dig deeper into the climate change theme. Residents shared their views and experiences of <span style=\"font-weight: 400;\">climate change, recovered memories about the settling of their communities and the relationship of this settlement period with the surrounding environment, discussed the relationship between climate impacts and housing rights, and explored solutions and organizing by residents, highlighting the mistaken priorities of the State, which tends to see forced evictions as the solution.<\/span><\/p>\n<figure id=\"attachment_75093\" aria-describedby=\"caption-attachment-75093\" style=\"width: 2047px\" class=\"wp-caption aligncenter\"><a href=\"https:\/\/rioonwatch.org\/wp-content\/uploads\/2023\/06\/Participantes-da-1a-Roda-de-Memoria-Climatica-no-Museu-da-Mare-reunidos-em-roda.-Foto-Alexandre-Cerqueira.jpg\"><img decoding=\"async\" class=\"wp-image-75093 size-full\" title=\"Participants of the 1st Climate Memory Circle at the Mar\u00e9 Museum. Photo: Alexandre Cerqueira\" src=\"https:\/\/rioonwatch.org\/wp-content\/uploads\/2023\/06\/Participantes-da-1a-Roda-de-Memoria-Climatica-no-Museu-da-Mare-reunidos-em-roda.-Foto-Alexandre-Cerqueira.jpg\" alt=\"Participants of the 1st Climate Memory Circle at the Mar\u00e9 Museum. Photo: Alexandre Cerqueira\" width=\"2047\" height=\"1365\" srcset=\"https:\/\/rioonwatch.org\/wp-content\/uploads\/2023\/06\/Participantes-da-1a-Roda-de-Memoria-Climatica-no-Museu-da-Mare-reunidos-em-roda.-Foto-Alexandre-Cerqueira.jpg 2047w, https:\/\/rioonwatch.org\/wp-content\/uploads\/2023\/06\/Participantes-da-1a-Roda-de-Memoria-Climatica-no-Museu-da-Mare-reunidos-em-roda.-Foto-Alexandre-Cerqueira-620x413.jpg 620w, https:\/\/rioonwatch.org\/wp-content\/uploads\/2023\/06\/Participantes-da-1a-Roda-de-Memoria-Climatica-no-Museu-da-Mare-reunidos-em-roda.-Foto-Alexandre-Cerqueira-943x629.jpg 943w, https:\/\/rioonwatch.org\/wp-content\/uploads\/2023\/06\/Participantes-da-1a-Roda-de-Memoria-Climatica-no-Museu-da-Mare-reunidos-em-roda.-Foto-Alexandre-Cerqueira-768x512.jpg 768w\" sizes=\"(max-width: 2047px) 100vw, 2047px\" \/><\/a><figcaption id=\"caption-attachment-75093\" class=\"wp-caption-text\">Participants of the 1st Climate Memory Circle at the Mar\u00e9 Museum. Photo: Alexandre Cerqueira<\/figcaption><\/figure>\n<p><span style=\"font-weight: 400;\">On January 28, 2023, the first event of the series took place. The Mar\u00e9 Climate Memory Circle was hosted by the <a href=\"https:\/\/bit.ly\/3HoEgKg\" target=\"_blank\" rel=\"noopener\">Mar\u00e9 Museum<\/a> and attended by 57 people, among them some of the oldest residents of the favelas of <a href=\"https:\/\/bit.ly\/3EEmP7A\" target=\"_blank\" rel=\"noopener\">Complexo da Mar\u00e9<\/a>, as well as youth, and representatives of important Mar\u00e9 civil society collectives such as the Center for Studies and Solidarity Actions of Mar\u00e9 (<a href=\"https:\/\/bit.ly\/430kjl3\" target=\"_blank\" rel=\"noopener\">CEASM<\/a>), <a href=\"https:\/\/bit.ly\/3CaBPXK\" target=\"_blank\" rel=\"noopener\">Coc\u00f4zap<\/a>, <a href=\"https:\/\/bit.ly\/2Jsrf2Q\" target=\"_blank\" rel=\"noopener\">Muda Mar\u00e9<\/a>, and <a href=\"https:\/\/www.instagram.com\/raizesdamata.mare\/\" target=\"_blank\" rel=\"noopener\">Ra\u00edzes da Mata<\/a>. Favela museums from other communities were also represented.<\/span><\/p>\n<p>A photography exhibition at the entrance to the museum gave attendees a chance to view historic black and white images documenting the formation of Complexo da Mar\u00e9. The exhibition showed Mar\u00e9&#8217;s original stilt houses and aerial images from the 1990s <span style=\"font-weight: 400;\">when Mar\u00e9 was officially recognized as a neighborhood, despite to this day still not having received the appropriate investment or public services.\u00a0<\/span><\/p>\n<p><span style=\"font-weight: 400;\">The event kicked off with two engaging activities. The first, proposed by Brenda Vit\u00f3ria, a young environmental activist, had attendees form groups of three, introduce themselves and share interesting facts about their lives. Participants rotated between groups so as to have everyone interact and foster connection. Following this, Marilene Nunes from the Mar\u00e9 Museum invited everyone to take part in the second playful activity. The names of those who had brought in personal objects which carry emotional memories and interact with the climate theme were drawn from a bowl to be presented to the group.\u00a0<\/span><\/p>\n<p><span style=\"font-weight: 400;\">There were many remarkable presentations during this activity, including from Evelina Barth, a resident of Complexo da Mar\u00e9 for over 30 years, who moved everyone with her account. She shared her past of extreme poverty experienced by her and her peers and the lack of access to basic survival items such as medication, which culminated in her work with medicinal plants. She has been a reference in the favela for decades and is <\/span><span style=\"font-weight: 400;\">much sought after in the community.<\/span><\/p>\n<blockquote><p><span style=\"font-weight: 400;\">\u201cWe were invited to take courses to be able to work with medicinal plants. And so we started our work in Mar\u00e9, in Vila Pinheiro. Then we also got some help, so we could do it in a simple, homemade way, you know? And we&#8217;ve been doing that ever since. It&#8217;s my favorite job in the world. Herbal medicine, using medicinal plants, is like a preventive tea, but it really helps people to get better.\u201d \u2014 Evelina Barth<\/span><\/p><\/blockquote>\n<figure id=\"attachment_75094\" aria-describedby=\"caption-attachment-75094\" style=\"width: 2047px\" class=\"wp-caption aligncenter\"><a href=\"https:\/\/rioonwatch.org\/wp-content\/uploads\/2023\/06\/Dona-Evelina-apresentando-seu-objeto-afetivo-a-garrafada-remedio-fitoterapico-feito-por-ela-mesma.jpg\"><img loading=\"lazy\" decoding=\"async\" class=\"wp-image-75094 size-full\" title=\"Dona Evelina presenting her memory object, the herbal medicine bottle, fruit of her work with medicinal plants in Mar\u00e9 for over 30 years. Photo: Alexandre Cerqueira\" src=\"https:\/\/rioonwatch.org\/wp-content\/uploads\/2023\/06\/Dona-Evelina-apresentando-seu-objeto-afetivo-a-garrafada-remedio-fitoterapico-feito-por-ela-mesma.jpg\" alt=\"Dona Evelina presenting her memory object, the herbal medicine bottle, fruit of her work with medicinal plants in Mar\u00e9 for over 30 years. Photo: Alexandre Cerqueira\" width=\"2047\" height=\"1365\" srcset=\"https:\/\/rioonwatch.org\/wp-content\/uploads\/2023\/06\/Dona-Evelina-apresentando-seu-objeto-afetivo-a-garrafada-remedio-fitoterapico-feito-por-ela-mesma.jpg 2047w, https:\/\/rioonwatch.org\/wp-content\/uploads\/2023\/06\/Dona-Evelina-apresentando-seu-objeto-afetivo-a-garrafada-remedio-fitoterapico-feito-por-ela-mesma-620x413.jpg 620w, https:\/\/rioonwatch.org\/wp-content\/uploads\/2023\/06\/Dona-Evelina-apresentando-seu-objeto-afetivo-a-garrafada-remedio-fitoterapico-feito-por-ela-mesma-943x629.jpg 943w, https:\/\/rioonwatch.org\/wp-content\/uploads\/2023\/06\/Dona-Evelina-apresentando-seu-objeto-afetivo-a-garrafada-remedio-fitoterapico-feito-por-ela-mesma-768x512.jpg 768w\" sizes=\"(max-width: 2047px) 100vw, 2047px\" \/><\/a><figcaption id=\"caption-attachment-75094\" class=\"wp-caption-text\">Dona Evelina presenting her memory object, the herbal medicine bottle, fruit of her work with medicinal plants in Mar\u00e9 for over 30 years. Photo: Alexandre Cerqueira<\/figcaption><\/figure>\n<p><span style=\"font-weight: 400;\">The evictions that took place in the 1970s in Complexo da Mar\u00e9 emerged as a prominent theme in the discussion; during the 1970s, <\/span><span style=\"font-weight: 400;\">450 families were removed from Praia de Inha\u00fama in Mar\u00e9 and taken to <a href=\"https:\/\/bit.ly\/3aum5lM\" target=\"_blank\" rel=\"noopener\">Antares<\/a>, a favela in <a href=\"http:\/\/bit.ly\/2uanEiG\" target=\"_blank\" rel=\"noopener\">Santa Cruz<\/a>, in Rio de Janeiro\u2019s extreme <a href=\"https:\/\/bit.ly\/3FlkSL5\" target=\"_blank\" rel=\"noopener\">West Zone<\/a>, some two hours away. Leonardo Ribeiro de Sousa, a history student and researcher from Antares, took part in the circle as a representative of the Historic Orientation and Research Nucleus of Santa Cruz (<a href=\"https:\/\/bit.ly\/3O20h2E\" target=\"_blank\" rel=\"noopener\">NOPH<\/a>). In his talk, he contextualized the historic eviction process, which is intimately linked to his own life story. He spoke, showing the notebook with his research notes on the <a href=\"https:\/\/bit.ly\/3JpN83F\" target=\"_blank\" rel=\"noopener\">process of how the Antares favela was occupied<\/a>.<\/span><\/p>\n<blockquote><p><span style=\"font-weight: 400;\">\u201cWithin this process, there was the forced eviction of 450 families that were removed from Mar\u00e9, from <a href=\"https:\/\/bit.ly\/3q4Diwz\" target=\"_blank\" rel=\"noopener\">Praia de Inha\u00fama<\/a> in March 1975. My mother was among them; she left here from Praia de Inha\u00fama\u2026 Once, I came here to Mar\u00e9 and took a photo of the house on stilts they have there [inside the museum] and showed it to my mother. She cried, and I was really moved\u2026 I didn\u2019t experience [the eviction process]; I was already born in Antares. But this triggered a huge emotional memory in me, from the stories my mother tells about what happened here. My brother fell from one of the walkways [between the stilts, which served as passages over the waters of the Guanabara Bay], and there was a commotion of the entire community to rescue my brother. So, I am researching this highly aggressive eviction process that links Mar\u00e9 and Antares. That\u2019s why I made a point of putting this research [in the bowl to share with the circle]. I am very happy to be here, as a representative from the NOPH museum, as a SFN guest, and here in Mar\u00e9, where my family came from, a part of my roots. So, I really appreciate it.\u201d \u2014 Leonardo Ribeiro de Sousa<\/span><\/p><\/blockquote>\n<h3><b>What Is Climate Change?<\/b><\/h3>\n<p>Following the emotional introduction session, <span style=\"font-weight: 400;\">the cycle of four conversation circles and collective construction on the themes proposed in each one began. In the first circle\u2014entitled \u201cWhat is <a href=\"https:\/\/reut.rs\/3PcvrYd\" target=\"_blank\" rel=\"noopener\">climate change<\/a>?\u201d\u2014Gleison Carvalho, a young Mar\u00e9 resident and circle facilitator, invited those present to contribute with their personal views on climate change and how it affects their community.<\/span><\/p>\n<p><span style=\"font-weight: 400;\">Thamires Ribeiro de Oliveira from the Mar\u00e9 Museum team shared an emotional memory of her late paternal grandmother. A Mar\u00e9 resident originally from the Northeast of Brazil, <\/span><span style=\"font-weight: 400;\">she had a connection with the countryside and medicinal plants. The power of nature always surrounded her family in Mar\u00e9. In addition, she fondly recalled her childhood in the favela, times when contact with neighbors, caring for each other, and sharing were stronger than they are today.<\/span><\/p>\n<p><span style=\"font-weight: 400;\">She also spoke about a striking moment of contact with <a href=\"https:\/\/bit.ly\/2TK9CRw\" target=\"_blank\" rel=\"noopener\">environmental education<\/a>, during National Environment Week (SENAMA) which used to happen in the area known as <a href=\"https:\/\/bit.ly\/2HRzQwh\" target=\"_blank\" rel=\"noopener\">Baixa do Sapateiro<\/a>. Even as a child with no understanding of the political dimensions the activities promoted, she said she was impacted by the activities, which she remembers to this day. <\/span><\/p>\n<p><span style=\"font-weight: 400;\">Luiz Carlos Santiago is a resident of Mar\u00e9 who has been working with and promoting recycling for 20 years. His activism is based on the importance of correct waste disposal, the power of recycling, and how it can generate income for families. He told those present how he started this important environmental work.<\/span><\/p>\n<blockquote><p><span style=\"font-weight: 400;\">\u201cPeople were unemployed\u2026 Professions disappear over time\u2026 And then we started to notice that people threw recyclable material away and often didn\u2019t have money to buy bread. They didn\u2019t know that you could sell PET bottles and go to the bakery to buy bread\u2026 So many things that we throw away\u2026 had economic value. Not had, they have economic value. What we thought of doing was explaining to the community all the value that PET bottles and drinks cans have\u2026 that could be channeled to bring resources into the community\u2026 For 20 years, we have been generating work and income for people. For 20 years, we have created conditions for people to go to the supermarket, do their shopping, pay their electricity bill, and pay their debts, because we work with recyclable materials. So we need to rethink the issue of garbage, you know? What is garbage?\u201d \u2014 Luiz Carlos Santiago<\/span><\/p><\/blockquote>\n<p><span style=\"font-weight: 400;\">Santiago also presented solutions to the issue of garbage accumulation in the streets of Mar\u00e9\u2014a long-term issue affecting the area where he lives. He reflected on solid waste management and climate change in the favelas:<\/span><\/p>\n<blockquote><p><span style=\"font-weight: 400;\">\u201cPeople still haven\u2019t woken up! We need a treatment plant for waste material within Mar\u00e9. Another thing we need to think about and organize around: people, climate change has already arrived\u2026 we are already affected, but we will be [affected] much more because we are close to the sea\u2026 And, why doesn&#8217;t <a href=\"https:\/\/bit.ly\/2G9KCND\" target=\"_blank\" rel=\"noopener\">UFRJ<\/a> [Federal University of Rio de Janeiro], a research center of excellence in Brazil, the biggest university [in Brazil]\u2026 why doesn\u2019t it answer to the community that surrounds it? We need to pressure the university to give us answers\u2026 [we have to] demand public policies from the authorities that at least minimize the damage and problems that we will have through climate change.\u201d<\/span><\/p><\/blockquote>\n<p><span style=\"font-weight: 400;\">Antonio Carlos Vieira was born in <a href=\"https:\/\/bit.ly\/3AmNZLV\" target=\"_blank\" rel=\"noopener\">Morro do Timbau<\/a> in Complexo da Mar\u00e9 and is former president of the Morro do Timbau Residents Association. He questioned the distancing of climate change, as if it were something in the future and separate from our own reality. He warned that this process has been ongoing for years and action is needed.<\/span><\/p>\n<blockquote><p><span style=\"font-weight: 400;\">\u201cIn the past, in the summer, [when] we had a hot day, you know what used to happen in the late afternoon? A storm would come, rain would fall, and we would shower in the rain, it was a blast. Who gets to experience that these days? I remember in my childhood going almost a month without rain here in Rio de Janeiro, right? Then there&#8217;s this issue that greatly impacts our health, you know, the increase in respiratory diseases, increasing cases of cancer. Cancer today is already endemic, nobody talks about it, right? So, we&#8217;re seeing an escalation of problems that we need to be very alert to. There&#8217;s the issue of rising sea levels, but there are others. There are other issues already present in our daily lives that we have to be aware of. Global warming and climate change are already happening in our lives. When we were kids, we barely had a fan at home. Nowadays, who can sleep without an air conditioner? So, I mean, these are elements that we are seeing, that are already impacting our lives and that we need to be very alert to.\u201d \u2014 Antonio Carlos Vieira<\/span><\/p><\/blockquote>\n<figure id=\"attachment_75095\" aria-describedby=\"caption-attachment-75095\" style=\"width: 2047px\" class=\"wp-caption aligncenter\"><a href=\"https:\/\/rioonwatch.org\/wp-content\/uploads\/2023\/06\/Objeto-que-representa-importantes-trabalhadores-do-territorio-que-sofrem-com-dificuldades-poluicao-lixo-acumulado.jpg\"><img loading=\"lazy\" decoding=\"async\" class=\"wp-image-75095 size-full\" title=\"The fishing net displayed in the circle represents important workers in the area, who suffer from difficulties reported by Edilene Nascimento from the Vila do Pinheiro Fishermen\u2019s Association (APEMAR), such as pollution, accumulated garbage, and neglect of Mar\u00e9's mangroves. Photo: Alexandre Cerqueira \" src=\"https:\/\/rioonwatch.org\/wp-content\/uploads\/2023\/06\/Objeto-que-representa-importantes-trabalhadores-do-territorio-que-sofrem-com-dificuldades-poluicao-lixo-acumulado.jpg\" alt=\"The fishing net displayed in the circle represents important workers in the area, who suffer from difficulties reported by Edilene Nascimento from the Vila do Pinheiro Fishermen\u2019s Association (APEMAR), such as pollution, accumulated garbage, and neglect of Mar\u00e9's mangroves. Photo: Alexandre Cerqueira \" width=\"2047\" height=\"1365\" srcset=\"https:\/\/rioonwatch.org\/wp-content\/uploads\/2023\/06\/Objeto-que-representa-importantes-trabalhadores-do-territorio-que-sofrem-com-dificuldades-poluicao-lixo-acumulado.jpg 2047w, https:\/\/rioonwatch.org\/wp-content\/uploads\/2023\/06\/Objeto-que-representa-importantes-trabalhadores-do-territorio-que-sofrem-com-dificuldades-poluicao-lixo-acumulado-620x413.jpg 620w, https:\/\/rioonwatch.org\/wp-content\/uploads\/2023\/06\/Objeto-que-representa-importantes-trabalhadores-do-territorio-que-sofrem-com-dificuldades-poluicao-lixo-acumulado-943x629.jpg 943w, https:\/\/rioonwatch.org\/wp-content\/uploads\/2023\/06\/Objeto-que-representa-importantes-trabalhadores-do-territorio-que-sofrem-com-dificuldades-poluicao-lixo-acumulado-768x512.jpg 768w\" sizes=\"(max-width: 2047px) 100vw, 2047px\" \/><\/a><figcaption id=\"caption-attachment-75095\" class=\"wp-caption-text\">The fishing net displayed in the circle represents important workers in the area, fishermen, who suffer from difficulties reported by Edilene Nascimento from the Vila do Pinheiro Fishermen\u2019s Association (APEMAR), such as pollution, accumulated garbage, and neglect of Mar\u00e9&#8217;s mangroves. Photo: Alexandre Cerqueira<\/figcaption><\/figure>\n<p><span style=\"font-weight: 400;\">There were many more extremely significant accounts, such as the talk by Edilene Nascimento, a representative from the Vila do Pinheiro Fishermen\u2019s Association (APEMAR). She brought reflections on the challenges <\/span><span style=\"font-weight: 400;\">faced by fishermen in their daily activities, such as their difficulty in accessing the <a href=\"https:\/\/bit.ly\/3NfwO5X\" target=\"_blank\" rel=\"noopener\">Cunha Channel<\/a>\u00a0due to the large amount of <a href=\"https:\/\/bit.ly\/45H5xll\" target=\"_blank\" rel=\"noopener\">garbage in the mangrove swamp<\/a>. <a href=\"https:\/\/bit.ly\/32aHwqF\" target=\"_blank\" rel=\"noopener\">Environmental racism<\/a> prevails, as the lack of action from public authorities to clean up and restore the area is \u201cjustified\u201d due to the community being seen as a &#8220;risk area&#8221;.\u00a0<\/span><\/p>\n<blockquote><p><span style=\"font-weight: 400;\">\u201cThe fishermen sometimes spend over two or three hours trying to access the association. The mangrove is rich and beautiful, but with mangrove roots all full of garbage. When the tide rises, there&#8217;s a lot of garbage, I\u2019ve already made some videos. But there is no help from the government. Nobody wants to enter the area to do this clean up work because they claim it is a risk area.\u201d \u2014 Edilene Nascimento<\/span><\/p><\/blockquote>\n<p><span style=\"font-weight: 400;\">Nascimento shared their history of demanding action from the government: the presentation of projects and solutions proposed by the association, attempts to access resources, and attempts to partner with the Federal University of Rio de Janeiro. But neglect of the area continues. She ended by highlighting the importance of mangroves for the quality of life of those living by the Guanabara Bay.<\/span><\/p>\n<blockquote><p><span style=\"font-weight: 400;\">\u201cWhen this treatment takes place, when the mangroves are revitalized, the fishermen and the animals aren&#8217;t the only ones to benefit: the mangroves do as well. They bring improvements to the environment [in general]\u2026 they improve the quality of oxygen. So, we have something rich around us, which could be well cared for\u2026 [but] neglect by the appropriate agencies\u2026 is neglecting [this favela ecosystem].\u201d \u2014 Edilene Nascimento<\/span><\/p><\/blockquote>\n<h3>How Did the Occupation of the Favela Take Place and What is the Area\u2019s Relationship With the Climate and Nature?<\/h3>\n<p><span style=\"font-weight: 400;\">The second conversation circle followed with the theme \u201cHow was the favela settled and what is the area\u2019s relationship with the climate and nature?\u201d The conversation largely reflected on how the historical process of Rio de Janeiro&#8217;s formation as a city was fundamental for the construction of Complexo da Mar\u00e9 and the infilling between the islands and coves that constituted Mar\u00e9.<\/span><\/p>\n<figure id=\"attachment_75097\" aria-describedby=\"caption-attachment-75097\" style=\"width: 2047px\" class=\"wp-caption aligncenter\"><a href=\"https:\/\/rioonwatch.org\/wp-content\/uploads\/2023\/06\/Claudia-Rose-do-Museu-da-Mare-mostrando-fotografias-da-Mare-que-estao-no-acervo-do-Museu.jpg\"><img loading=\"lazy\" decoding=\"async\" class=\"wp-image-75097 size-full\" title=\"Claudia Rose, coordinator of the Mar\u00e9 Museum, shows photographs of Mar\u00e9 from the museum\u2019s collection. Photo: Alexandre Cerqueira \" src=\"https:\/\/rioonwatch.org\/wp-content\/uploads\/2023\/06\/Claudia-Rose-do-Museu-da-Mare-mostrando-fotografias-da-Mare-que-estao-no-acervo-do-Museu.jpg\" alt=\"Claudia Rose, coordinator of the Mar\u00e9 Museum, shows photographs of Mar\u00e9 from the museum\u2019s collection. Photo: Alexandre Cerqueira \" width=\"2047\" height=\"1365\" srcset=\"https:\/\/rioonwatch.org\/wp-content\/uploads\/2023\/06\/Claudia-Rose-do-Museu-da-Mare-mostrando-fotografias-da-Mare-que-estao-no-acervo-do-Museu.jpg 2047w, https:\/\/rioonwatch.org\/wp-content\/uploads\/2023\/06\/Claudia-Rose-do-Museu-da-Mare-mostrando-fotografias-da-Mare-que-estao-no-acervo-do-Museu-620x413.jpg 620w, https:\/\/rioonwatch.org\/wp-content\/uploads\/2023\/06\/Claudia-Rose-do-Museu-da-Mare-mostrando-fotografias-da-Mare-que-estao-no-acervo-do-Museu-943x629.jpg 943w, https:\/\/rioonwatch.org\/wp-content\/uploads\/2023\/06\/Claudia-Rose-do-Museu-da-Mare-mostrando-fotografias-da-Mare-que-estao-no-acervo-do-Museu-768x512.jpg 768w\" sizes=\"(max-width: 2047px) 100vw, 2047px\" \/><\/a><figcaption id=\"caption-attachment-75097\" class=\"wp-caption-text\">Claudia Rose, coordinator of the Mar\u00e9 Museum, shows photographs of Mar\u00e9 from the museum\u2019s collection. Photo: Alexandre Cerqueira<\/figcaption><\/figure>\n<p><span style=\"font-weight: 400;\">Claudia Rose Ribeiro, coordinator of the Mar\u00e9 Museum, reminded those present that the history of the process of forming the favelas of Complexo da Mar\u00e9 is recorded in images and representations in the museum.\u00a0<\/span><\/p>\n<blockquote><p><span style=\"font-weight: 400;\">\u201c[Our collection] shows this whole process and how the government intervenes without planning\u2026 [without] respecting the environment\u2026 like what happened in the construction of the <a href=\"https:\/\/bit.ly\/3NAx2WH\" target=\"_blank\" rel=\"noopener\">UFRJ University City<\/a> located on Ilha do Fund\u00e3o. In fact, Ilha do Fund\u00e3o was a smaller island, an archipelago, with several islands. There was a project to connect these various islands by bridges, but [President] <a href=\"https:\/\/bit.ly\/43L4ZcH\" target=\"_blank\" rel=\"noopener\">Get\u00falio Vargas<\/a> had everything filled in and made into a single island. So, we see the extent to which government actions are the ones that affect people\u2019s lives the most\u2026 It\u2019s not favela residents who fill in land and dump sewage in the rivers\u2026 which directly affects the environment and will generate these climate changes.\u201d \u2014 Claudia Rose Ribeiro<\/span><\/p><\/blockquote>\n<p><span style=\"font-weight: 400;\">Still speaking on the role played by public authorities in producing the negative environmental impacts suffered by Mar\u00e9 throughout its history, Luiz Carlos Santiago recalled the natural beauty that used to surround Mar\u00e9 and the formerly clean waters of the Cunha Channel and the Guanabara Bay.<\/span><\/p>\n<blockquote><p><span style=\"font-weight: 400;\">\u201cThis place used to be beautiful, there used to be islands here\u2026 then, they put a refinery nearby and started dumping oil into the river where we swam, where people fished\u2026 It&#8217;s like, if you&#8217;re poor, you have to live near the dump\u2026 If you\u2019re poor, you have to live near pollution\u2026 Why is it that there&#8217;s always trash near poor people?\u2026 All the beaches here in Fund\u00e3o used to be suitable for swimming. So, what started then? Pollution started on these beaches too. They started to dump oil from [the refinery] right in the middle, putting an end to everything there was\u2026 they ruined <a href=\"https:\/\/bit.ly\/3WCp5TB\" target=\"_blank\" rel=\"noopener\">Praia de Ramos<\/a>, a beach that the entire North Zone went to\u2026 There was another beach on <a href=\"https:\/\/bit.ly\/2P3XYyP\" target=\"_blank\" rel=\"noopener\">Ilha do Governador<\/a>, Jardim Guanabara, [where] the water was very clean. What happened there? We already know\u2026 None of this happened by chance\u2026 This is planned\u2026 So, we need to understand that when the government says \u2018Look, we\u2019re going to do an intervention in Mar\u00e9,\u2019 everyone has to get together and ask, \u2018But what kind of intervention? How are you going to affect our lives?\u2019&#8230; [Only] we know the changes that we need.\u201d \u2014 Luiz Carlos Santiago<\/span><\/p><\/blockquote>\n<p><span style=\"font-weight: 400;\">The memories on display at the museum come to life in the talks by Mar\u00e9 residents. Valdirene Milit\u00e3o, an artist who applies recycling and reuse of materials in her work, is a resident of <a href=\"https:\/\/bit.ly\/3MSdf4s\" target=\"_blank\" rel=\"noopener\">Roquete Pinto<\/a>, one of the favelas of Complexo da Mar\u00e9. She shared memories of the removal of stilt houses in the region, the infilling of the area, and childhood memories at Ramos beach. She also drew attention to the importance of acting locally.<\/span><\/p>\n<blockquote><p><span style=\"font-weight: 400;\">\u201cWhen we think about the macro, we do want to write a letter, we do want to make changes. But we also need to think on a small scale. Really, we&#8217;re talking about [taking] responsibility [for our own area].\u201d \u2014 Valdirene Milit\u00e3o<\/span><\/p><\/blockquote>\n<h3>How do Climate and Environmental Issues Relate to Housing Rights and Access?<\/h3>\n<p>The third discussion circle, focused on the question \u201chow do climate and environmental issues relate to housing rights and access?,\u201d began with remarks by Maria da Penha Macena, a community leader from <a href=\"https:\/\/bit.ly\/2IpNNB7\" target=\"_blank\" rel=\"noopener\">Vila Aut\u00f3dromo<\/a>, who spoke of the extent to which the histories of how different Rio favelas formed share similarities, and how their fate was strongly shaped by class prejudice, structural racism, and State negligence.<\/p>\n<blockquote><p><span style=\"font-weight: 400;\">\u201cThey don\u2019t want us to live well. Why did they want to take me out of my community? Because I lived on the shore of the <a href=\"https:\/\/bit.ly\/3FnEiPd\" target=\"_blank\" rel=\"noopener\">Jacarepagu\u00e1<\/a> lagoon. In the future, 60 buildings will be built there, inside the <a href=\"http:\/\/glo.bo\/3Newnd8\" target=\"_blank\" rel=\"noopener\">Olympic Park<\/a>\u2026 And they didn\u2019t want poor people living there, because we poor people can serve [them], but we can\u2019t be [their] neighbors.\u201d \u2014 Maria da Penha Macena<\/span><\/p><\/blockquote>\n<p><span style=\"font-weight: 400;\">Circle facilitator Victoria Alves, member of the Ra\u00edzes da Mata collective and coordinator of Coc\u00f4zap Mar\u00e9, denounced environmental racism in the favelas.<\/span><\/p>\n<blockquote><p><span style=\"font-weight: 400;\">\u201cAll of this\u2026 really refers to\u2026 the issue of environmental racism. We are talking about the environment, but we are also talking about a social structure. We are talking about the non-implementation of public policies\u2026 which here in Mar\u00e9 happens in one way and, in downtown Rio, another.\u201d \u2014 Victoria Alves<\/span><\/p><\/blockquote>\n<p><span style=\"font-weight: 400;\">In this sense, the importance of <a href=\"https:\/\/bit.ly\/3XdJGxP\" target=\"_blank\" rel=\"noopener\">social museology<\/a> in preserving memories and the history of struggle in the favelas has gained prominence. It is, in essence, a cultural phenomenon that stimulates self-esteem and community pride, in addition to systematizing knowledge about self and place.<\/span><\/p>\n<blockquote><p><span style=\"font-weight: 400;\">\u201cAn opportunity for us to tell our own stories, as poor people, as people living in the favelas, as Black people. So, we become a huge network. This is essential so that we can continue with this strength, one answering to the other, one knowing the other. This culture goes on shaping us and shaping young people so that we can have a better future, a fairer society and demand our rights, resist and stay in our locations, with great pride in being from the favelas, being Black and indigenous.\u201d \u2014 Maria da Penha Macena<\/span><\/p><\/blockquote>\n<h3>What Knowledge Has the Community Already Developed to Respond to the Challenges Posed by Nature and Climate Change?<\/h3>\n<p><span style=\"font-weight: 400;\">In the final circle, facilitated by Valdirene Milit\u00e3o, participants shared experiences and knowledge of historical solutions and current initiatives in Mar\u00e9 that address issues raised by natural risks and climate change. Lorena Froz dos Santos was born and raised in Mar\u00e9 and is an environment technician and founder of <a href=\"https:\/\/bit.ly\/3rq9dZ9\" target=\"_blank\" rel=\"noopener\">Projeto Faveleira<\/a>, which works with communication and environmental education on social media. She highlighted some current environmental projects in the favelas of Mar\u00e9, such as Ra\u00edzes da Mata, a collective that works to revitalize the Cadu Barcellos Ecological Park, formerly Mar\u00e9 Ecological Park, and Muda Mar\u00e9, a UFRJ community outreach project aimed at developing research related to environmental issues.\u00a0<\/span><\/p>\n<p>The 2022 community initiative <em><span style=\"font-weight: 400;\">\u201cThere\u2019s a new climate going on in Mar\u00e9\u201d <\/span><\/em><span style=\"font-weight: 400;\">was also remembered. Mar\u00e9 collectives, leaders, and residents gathered in the neighborhood performance space and\u00a0<\/span><span style=\"font-weight: 400;\">prepared the <a href=\"https:\/\/bit.ly\/3BNVo8F\" target=\"_blank\" rel=\"noopener\">Mar\u00e9 Climate Rights Charter<\/a>, which discusses environmental racism and the fight for climate rights.<\/span><\/p>\n<p><span style=\"font-weight: 400;\">Biology teacher Jefferson Silva highlighted the Recycling Solidarity project, which operated over a long period reaching youth from Mar\u00e9&#8217;s <a href=\"https:\/\/bit.ly\/3sZhWC0\" target=\"_blank\" rel=\"noopener\">Conjunto Esperan\u00e7a<\/a> through to <a href=\"https:\/\/bit.ly\/3WxQNB6\" target=\"_blank\" rel=\"noopener\">Kelson\u2019s favela<\/a>. Youth participants received a stipend, had training on environmental education and recycling, generated income, and acted as multipliers in their favelas. <\/span><\/p>\n<p><span style=\"font-weight: 400;\">This and other projects with an environmental impact were brought to the community by Maria Jos\u00e9 da Silva, known as Zez\u00e9, founder of the Conjunto Bento Ribeiro Residents Association. She went on to speak about the importance of combining the diagnostics gathered by collectives with the writing of project proposals and search for resources to get each project off the ground and produce concrete actions that attend to existing demands.<\/span><\/p>\n<p><span style=\"font-weight: 400;\">Closing the day, host Antonio Carlos Vieira from the Mar\u00e9 Museum established an important reflection on the favela formation process. For him, the stilt house is the greatest symbol of solutions for the survival of people in Mar\u00e9, an ancestral technology. <\/span><\/p>\n<blockquote><p><i><span style=\"font-weight: 400;\">\u201c<\/span><\/i><span style=\"font-weight: 400;\">It&#8217;s not by chance that there&#8217;s a stilt house at the center of the museum. The stilt house is a survival strategy, knowledge, it\u2019s technology to deal with the natural phenomenon of the tide, over which you have no control [and for which Mar\u00e9 is named]\u2026 Today, we walk around this neighborhood and it&#8217;s marshy land that was filled in, but people came to live here when very little was dry land. Most of the houses were built above the tide, over the water\u2026 The houses weren\u2019t lightweight; they needed to have a sturdy structure because the roofs were made of mud. In general, if you look at the photos in the museum, you&#8217;ll see that most of the houses were made of mud\u2026 It&#8217;s a very heavy load. So, that right there, is a genuine work of engineering. I think we cannot lose sight of the fact that this knowledge is a symbol, it is a reference that we have here in Mar\u00e9.\u201d \u2014 Antonio Carlos Vieira<\/span><\/p><\/blockquote>\n<h3>Read the\u00a0<a href=\"https:\/\/bit.ly\/FavelaClimateMemory\" target=\"_blank\" rel=\"noopener\">entire series of reports on the Favela Climate Memory project<\/a>.<\/h3>\n<h3>Don\u2019t miss the album of Mar\u00e9&#8217;s climate memory circle below (or click <a href=\"https:\/\/bit.ly\/MemoriaClimaticaMareFotos\" target=\"_blank\" rel=\"noopener\">here<\/a> to see it on Flickr):<\/h3>\n<p><a title=\"Mem\u00f3ria Clim\u00e1tica na Mar\u00e9 (Museu da Mar\u00e9 \/ Rede Favela Sustent\u00e1vel) 28 de janeiro de 2023\" href=\"https:\/\/www.flickr.com\/photos\/catcomm\/albums\/72177720305718906\" data-flickr-embed=\"true\"><img loading=\"lazy\" decoding=\"async\" src=\"https:\/\/live.staticflickr.com\/65535\/52665675574_d25625bf89_h.jpg\" alt=\"Mem\u00f3ria Clim\u00e1tica na Mar\u00e9 (Museu da Mar\u00e9 \/ Rede Favela Sustent\u00e1vel) 28 de janeiro de 2023\" width=\"1600\" height=\"1200\" \/><\/a><script async src=\"\/\/embedr.flickr.com\/assets\/client-code.js\" charset=\"utf-8\"><\/script><br \/>\n<em>*The Sustainable Favela Network (SFN) and RioOnWatch are projects of Catalytic Communities (CatComm).<\/em><\/p>\n<hr \/>\n<h4>Support <i>RioOnWatch<\/i>\u2019s tireless, critical and cutting-edge hyperlocal journalism, online community organizing meetings, and direct support to favelas <a href=\"http:\/\/bit.ly\/FavelaCovidResponse\"><span style=\"font-weight: 400;\">by clicking here<\/span><\/a>.<\/h4>\n","protected":false},"excerpt":{"rendered":"<div class=\"mh-excerpt\"><p>Clique aqui para Portugu\u00eas On June 17, 2023, Rio de Janeiro&#8217;s Sustainable Favela Network (SFN)* launched its Favela Climate Memory Exhibition, the culmination of five day-long climate memory circles held by favela community museums between <a class=\"mh-excerpt-more\" href=\"https:\/\/rioonwatch.org\/?p=75090\" title=\"Favela Climate Memory Circles, Part 1: Mar\u00e9 Museum Highlights \u2018Stilt Houses as a Survival Strategy, as Knowledge\u2019\">[&#8230;]<\/a><\/p>\n<\/div>","protected":false},"author":242,"featured_media":75091,"comment_status":"closed","ping_status":"closed","sticky":false,"template":"template-full.php","format":"standard","meta":{"_monsterinsights_skip_tracking":false,"_monsterinsights_sitenote_active":false,"_monsterinsights_sitenote_note":"","_monsterinsights_sitenote_category":0,"footnotes":""},"categories":[1288,1328,1290,3477,1333,1271,1332,329,452],"tags":[1027,384,1144,472,3406,280,1572,385,2436,674,11,531,188,569,1143,1160,1349,37,962,3634,383,3636,2124,2323,4,1321],"writer":[3593],"translator":[3592],"illustrator":[],"photographer":[],"class_list":{"0":"post-75090","1":"post","2":"type-post","3":"status-publish","4":"format-standard","5":"has-post-thumbnail","7":"category-highlight","8":"category-by-community-contributors","9":"category-civilsociety","10":"category-climate-justice","11":"category-event-reports","12":"category-favelaqualities","13":"category-photo-essays","14":"category-solutions","15":"category-rio20","16":"tag-area-of-risk-designation","17":"tag-antares","18":"tag-baixa-do-sapateiro","19":"tag-climate-change","20":"tag-climate-justice","21":"tag-complexo-da-mare","22":"tag-conjunto-esperanca-mare","23":"tag-environmental-education","24":"tag-environmental-justice","25":"tag-memory","26":"tag-forced-evictions","27":"tag-guanabara-bay","28":"tag-history","29":"tag-jacarepagua","30":"tag-morro-do-timbau","31":"tag-museu-da-mare","32":"tag-museu-de-favela","33":"tag-north-zone","34":"tag-oral-history","35":"tag-roquete-pinto","36":"tag-santa-cruz","37":"tag-series-favela-climate-memory","38":"tag-sustainable-favela-network","39":"tag-ufrj","40":"tag-vila-autodromo","41":"tag-vila-do-pinheiro","42":"writer-priscila-silva","43":"translator-cristina-fornara"},"_links":{"self":[{"href":"https:\/\/rioonwatch.org\/index.php?rest_route=\/wp\/v2\/posts\/75090","targetHints":{"allow":["GET"]}}],"collection":[{"href":"https:\/\/rioonwatch.org\/index.php?rest_route=\/wp\/v2\/posts"}],"about":[{"href":"https:\/\/rioonwatch.org\/index.php?rest_route=\/wp\/v2\/types\/post"}],"author":[{"embeddable":true,"href":"https:\/\/rioonwatch.org\/index.php?rest_route=\/wp\/v2\/users\/242"}],"replies":[{"embeddable":true,"href":"https:\/\/rioonwatch.org\/index.php?rest_route=%2Fwp%2Fv2%2Fcomments&post=75090"}],"version-history":[{"count":1,"href":"https:\/\/rioonwatch.org\/index.php?rest_route=\/wp\/v2\/posts\/75090\/revisions"}],"predecessor-version":[{"id":81642,"href":"https:\/\/rioonwatch.org\/index.php?rest_route=\/wp\/v2\/posts\/75090\/revisions\/81642"}],"wp:featuredmedia":[{"embeddable":true,"href":"https:\/\/rioonwatch.org\/index.php?rest_route=\/wp\/v2\/media\/75091"}],"wp:attachment":[{"href":"https:\/\/rioonwatch.org\/index.php?rest_route=%2Fwp%2Fv2%2Fmedia&parent=75090"}],"wp:term":[{"taxonomy":"category","embeddable":true,"href":"https:\/\/rioonwatch.org\/index.php?rest_route=%2Fwp%2Fv2%2Fcategories&post=75090"},{"taxonomy":"post_tag","embeddable":true,"href":"https:\/\/rioonwatch.org\/index.php?rest_route=%2Fwp%2Fv2%2Ftags&post=75090"},{"taxonomy":"writer","embeddable":true,"href":"https:\/\/rioonwatch.org\/index.php?rest_route=%2Fwp%2Fv2%2Fwriter&post=75090"},{"taxonomy":"translator","embeddable":true,"href":"https:\/\/rioonwatch.org\/index.php?rest_route=%2Fwp%2Fv2%2Ftranslator&post=75090"},{"taxonomy":"illustrator","embeddable":true,"href":"https:\/\/rioonwatch.org\/index.php?rest_route=%2Fwp%2Fv2%2Fillustrator&post=75090"},{"taxonomy":"photographer","embeddable":true,"href":"https:\/\/rioonwatch.org\/index.php?rest_route=%2Fwp%2Fv2%2Fphotographer&post=75090"}],"curies":[{"name":"wp","href":"https:\/\/api.w.org\/{rel}","templated":true}]}}