{"id":75462,"date":"2023-09-28T10:34:19","date_gmt":"2023-09-28T13:34:19","guid":{"rendered":"https:\/\/rioonwatch.org\/?p=75462"},"modified":"2025-09-13T14:10:31","modified_gmt":"2025-09-13T17:10:31","slug":"favela-climate-memory-circles-part-4-the-favela-museum-in-pavao-pavaozinho-cantagalo-makes-clear-we-need-to-change-our-relationship-with-garbage","status":"publish","type":"post","link":"https:\/\/rioonwatch.org\/?p=75462","title":{"rendered":"Favela Climate Memory Circles, Part 4: The Favela Museum in Cantagalo Makes Clear \u2018We Need to Change Our Relationship With Garbage\u2019"},"content":{"rendered":"<figure id=\"attachment_75469\" aria-describedby=\"caption-attachment-75469\" style=\"width: 2000px\" class=\"wp-caption aligncenter\"><a href=\"https:\/\/rioonwatch.org\/wp-content\/uploads\/2023\/07\/Memoria-Climatica-no-MUF.png\"><img fetchpriority=\"high\" decoding=\"async\" class=\"wp-image-75469 size-full\" title=\"Collaborators and social educators make up the Climate Memory Circle at PPG. Photo: Alexandre Cerqueira\" src=\"https:\/\/rioonwatch.org\/wp-content\/uploads\/2023\/07\/Memoria-Climatica-no-MUF.png\" alt=\"Collaborators and social educators make up the Climate Memory Circle at PPG. Photo: Alexandre Cerqueira\" width=\"2000\" height=\"1006\" srcset=\"https:\/\/rioonwatch.org\/wp-content\/uploads\/2023\/07\/Memoria-Climatica-no-MUF.png 2000w, https:\/\/rioonwatch.org\/wp-content\/uploads\/2023\/07\/Memoria-Climatica-no-MUF-620x312.png 620w, https:\/\/rioonwatch.org\/wp-content\/uploads\/2023\/07\/Memoria-Climatica-no-MUF-1250x629.png 1250w, https:\/\/rioonwatch.org\/wp-content\/uploads\/2023\/07\/Memoria-Climatica-no-MUF-768x386.png 768w\" sizes=\"(max-width: 2000px) 100vw, 2000px\" \/><\/a><figcaption id=\"caption-attachment-75469\" class=\"wp-caption-text\">Collaborators and social educators make up the fourth Climate Memory Circle at Pav\u00e3o-Pav\u00e3ozinho\/Cantagalo. Photo: Alexandre Cerqueira<\/figcaption><\/figure>\n<p style=\"text-align: right;\"><a href=\"https:\/\/bit.ly\/MCnoPPGNoROW\" target=\"_blank\" rel=\"noopener\"><span class=\"s1\"><i>Clique aqui para Portugu\u00eas<\/i><\/span><span class=\"s2\"><i><span class=\"Apple-converted-space\"><em><img decoding=\"async\" class=\"alignright size-full wp-image-23766\" src=\"https:\/\/www.rioonwatch.org\/wp-content\/uploads\/2012\/08\/PT-e1439583827971.png\" width=\"20\" height=\"20\" \/><\/em><\/span><\/i><\/span><\/a><\/p>\n<h4><b>On June 17, 2023, Rio de Janeiro&#8217;s Sustainable Favela Network (<a href=\"https:\/\/bit.ly\/3nsyde6\" target=\"_blank\" rel=\"noopener\">SFN<\/a>)* <\/b><b><a href=\"https:\/\/bit.ly\/3NwhSSj\" target=\"_blank\" rel=\"noopener\">launched<\/a> its Favela <\/b><b>Climate Memory Exhibition, the culmination of five day-long climate memory circles held by favela community museums between January and March. This <a href=\"https:\/\/bit.ly\/FavelaClimateMemory\" target=\"_blank\" rel=\"noopener\">series of articles<\/a> explores the dynamics of each memory circle which makes up the exhibition, with this article<\/b><b> introducing the fourth discussion circle, <\/b><b>held on March 11 by the Favela Museum (<a href=\"https:\/\/bit.ly\/2KZxrj9\" target=\"_blank\" rel=\"noopener\">MUF<\/a>)<\/b><b>. Developed by the SFN&#8217;s Culture and Memory Working Group, the project was realized by <a href=\"https:\/\/bit.ly\/33HYfiK\" target=\"_blank\" rel=\"noopener\">community museums<\/a>, technical allies, and community organizers from favelas across Greater Rio.<\/b><\/h4>\n<p><span style=\"font-weight: 400;\">The Sustainable Favela Network\u2019s Climate Memory Circles are community events aimed at recovering and recording the memories and stories of long-time residents of Rio de Janeiro\u2019s favelas in relation to the environment so as to envision ways to prepare for climate changes to come. Though still rarely discussed, the memory circles showed that climate change is very much present in the daily lives and concerns of favela residents.<\/span><\/p>\n<p>Each memory circle event took place over the course of a day, with residents invited by the museums to take part in a series of discussions designed to focus on and dig deeper into the climate change theme. Residents shared their views and experiences of <span style=\"font-weight: 400;\">climate change, recovered memories about the settling of their communities and the relationship of this settlement period with the surrounding environment, discussed the relationship between climate impacts and housing rights, and explored solutions and organizing by residents, highlighting the mistaken priorities of the State, which tends to see forced evictions as the solution.<\/span><\/p>\n<figure id=\"attachment_75470\" aria-describedby=\"caption-attachment-75470\" style=\"width: 2047px\" class=\"wp-caption aligncenter\"><a href=\"https:\/\/rioonwatch.org\/wp-content\/uploads\/2023\/07\/Vista-para-a-localidade-Nova-Brasilia-na-Favela-do-Cantagalo.jpg\"><img decoding=\"async\" class=\"wp-image-75470 size-full\" title=\"View of the Cantagalo favela. Photo: Alexandre Cerqueira\" src=\"https:\/\/rioonwatch.org\/wp-content\/uploads\/2023\/07\/Vista-para-a-localidade-Nova-Brasilia-na-Favela-do-Cantagalo.jpg\" alt=\"View of the Cantagalo favela. Photo: Alexandre Cerqueira\" width=\"2047\" height=\"1365\" srcset=\"https:\/\/rioonwatch.org\/wp-content\/uploads\/2023\/07\/Vista-para-a-localidade-Nova-Brasilia-na-Favela-do-Cantagalo.jpg 2047w, https:\/\/rioonwatch.org\/wp-content\/uploads\/2023\/07\/Vista-para-a-localidade-Nova-Brasilia-na-Favela-do-Cantagalo-620x413.jpg 620w, https:\/\/rioonwatch.org\/wp-content\/uploads\/2023\/07\/Vista-para-a-localidade-Nova-Brasilia-na-Favela-do-Cantagalo-943x629.jpg 943w, https:\/\/rioonwatch.org\/wp-content\/uploads\/2023\/07\/Vista-para-a-localidade-Nova-Brasilia-na-Favela-do-Cantagalo-768x512.jpg 768w\" sizes=\"(max-width: 2047px) 100vw, 2047px\" \/><\/a><figcaption id=\"caption-attachment-75470\" class=\"wp-caption-text\">View of the Cantagalo favela. Photo: Alexandre Cerqueira<\/figcaption><\/figure>\n<p>On March 11, 2023, 30 residents and community organizers from <a href=\"https:\/\/bit.ly\/2WNGH0I\" target=\"_blank\" rel=\"noopener\">Pav\u00e3o-Pav\u00e3ozinho<\/a> and <a href=\"https:\/\/bit.ly\/2SpKdvj\" target=\"_blank\" rel=\"noopener\">Cantagalo<\/a> (PPG), favelas in Rio de Janeiro\u2019s <a href=\"https:\/\/bit.ly\/2Yk6p0S\" target=\"_blank\" rel=\"noopener\">South Zone<\/a>, got together for the fourth Climate Memory Circle. As well as residents, participants included members of host organization Favela Museum (<a href=\"https:\/\/bit.ly\/2KZxrj9\" target=\"_blank\" rel=\"noopener\">MUF<\/a>) and other local organizations such as\u00a0<a href=\"https:\/\/bit.ly\/3XdQ3Bf\" rel=\"noopener\">Favela + Limpa<\/a> (Cleaner Favela), <a href=\"https:\/\/bit.ly\/3jtNw2J\" rel=\"noopener\">Planta na Rua<\/a> (Plant the Streets), <a href=\"https:\/\/bit.ly\/3Nz8MEh\" rel=\"noopener\">PPG Informativo<\/a> (Inform PPG), <a href=\"https:\/\/bit.ly\/3PpSjmW\" rel=\"noopener\">Solar Meninos de Luz<\/a>, and youth from the community involved in the <a href=\"https:\/\/bit.ly\/3z20mhf\" target=\"_blank\" rel=\"noopener\">Youth Pact<\/a>, as well as museum collaborators taking part in the Favela Climate Memory project from other communities.<\/p>\n<p>Throughout the day, the Favela Museum coordinated discussions around the themes of memory, how the area was occupied, community relationships with the location, water, solid waste, housing rights, forced evictions, and local knowledge and solutions. The event enabled exchanges between residents through four discussion circles which explored the key questions which have been guiding the events.<\/p>\n<p>Psychodramatist Rosana Corr\u00eaa kicked off the day&#8217;s activities by inviting everyone to stand, move, mingle, and try a playful psychodrama activity which used drama and body movements to prompt reflections about how to deal with personal, interpersonal, and collective issues.<\/p>\n<figure id=\"attachment_75472\" aria-describedby=\"caption-attachment-75472\" style=\"width: 2047px\" class=\"wp-caption aligncenter\"><a href=\"https:\/\/rioonwatch.org\/wp-content\/uploads\/2023\/07\/Rosanna-Correira-abre-as-atividades-de-psicodrama-na-sede-do-MUF.jpg\"><img loading=\"lazy\" decoding=\"async\" class=\"wp-image-75472 size-full\" title=\"Rosana Corr\u00eaa initiated psychodrama activities at MUF headquarters. Photo: Alexandre Cerqueira.\" src=\"https:\/\/rioonwatch.org\/wp-content\/uploads\/2023\/07\/Rosanna-Correira-abre-as-atividades-de-psicodrama-na-sede-do-MUF.jpg\" alt=\"Rosana Corr\u00eaa initiated psychodrama activities at MUF headquarters. Photo: Alexandre Cerqueira.\" width=\"2047\" height=\"1365\" srcset=\"https:\/\/rioonwatch.org\/wp-content\/uploads\/2023\/07\/Rosanna-Correira-abre-as-atividades-de-psicodrama-na-sede-do-MUF.jpg 2047w, https:\/\/rioonwatch.org\/wp-content\/uploads\/2023\/07\/Rosanna-Correira-abre-as-atividades-de-psicodrama-na-sede-do-MUF-620x413.jpg 620w, https:\/\/rioonwatch.org\/wp-content\/uploads\/2023\/07\/Rosanna-Correira-abre-as-atividades-de-psicodrama-na-sede-do-MUF-943x629.jpg 943w, https:\/\/rioonwatch.org\/wp-content\/uploads\/2023\/07\/Rosanna-Correira-abre-as-atividades-de-psicodrama-na-sede-do-MUF-768x512.jpg 768w\" sizes=\"(max-width: 2047px) 100vw, 2047px\" \/><\/a><figcaption id=\"caption-attachment-75472\" class=\"wp-caption-text\">Rosana Corr\u00eaa initiated psychodrama activities at MUF headquarters. Photo: Alexandre Cerqueira<\/figcaption><\/figure>\n<p>The Pav\u00e3o, Pav\u00e3ozinho and Cantagalo favelas (known collectively by the acronym PPG) are located between the iconic Ipanema and Copacabana neighborhoods. Ever since the communities were first settled, they have been commonly considered a nuisance by neighbors in the formal city and government. Contrary to this view, PPG is the resistance of people who did not have choices or guaranteed rights. And its history has been preserved through the work of the Favela Museum created in 2008. Opening the day&#8217;s discussions, Favela Museum coordinator M\u00e1rcia Souza outlined its purpose.<\/p>\n<blockquote><p>\u201cWe discovered social museology, which states that a museum is not just what&#8217;s inside it, the old things. It&#8217;s also what surrounds it. That which can be accessed by any person: formal city, favela, quilombola, rich, poor, young\u2014all people. Then, we did what no one knew we could do. We turned the whole favela, all of PPG, into a museum. So all of you live in a museum\u2026 On the canvas-homes circuit, those painted houses, we narrate who created them, who came, where they came from. We talk about how we live, how we interact, where we came from. The favela grew and we grew along with it. So, this is what we do; we tell our history, we recount our growth. And most importantly: we own this. We are part of this city, we are an asset to this city. It&#8217;s all ours.\u201d \u2014 M\u00e1rcia Souza<\/p><\/blockquote>\n<p>Gisele Moura, coordinator of the SFN management team, spoke after, reminding everyone that:<\/p>\n<blockquote><p>\u201cOur proposal for today is to cultivate PPG&#8217;s climate memory. It is very important that you are all here. Thank you for accepting the invitation to tell your stories\u2026 to hear everything touching on memory, nature, and climate that you have experienced here. This is a very special time for you to speak, it is all yours. We always have stories told by other people: this is an opportunity for you to tell your own stories, your memories.\u201d \u2014 Gisele Moura<\/p><\/blockquote>\n<p>If all residents have memory and a story to tell, then the archive created by the circle would be established by residents. The central questions relating to climate memory in PPG involve understanding how people in the favela live, where they come from, how they use natural resources to survive, and how the environment positively and negatively impacts their lives.<\/p>\n<figure id=\"attachment_75473\" aria-describedby=\"caption-attachment-75473\" style=\"width: 2047px\" class=\"wp-caption aligncenter\"><a href=\"https:\/\/rioonwatch.org\/wp-content\/uploads\/2023\/07\/Atividade-ludica.jpg\"><img loading=\"lazy\" decoding=\"async\" class=\"wp-image-75473 size-full\" title=\"Psychodrama from the start of the event. Photo: Alexandre Cerqueira\" src=\"https:\/\/rioonwatch.org\/wp-content\/uploads\/2023\/07\/Atividade-ludica.jpg\" alt=\"Psychodrama from the start of the event. Photo: Alexandre Cerqueira\" width=\"2047\" height=\"1365\" srcset=\"https:\/\/rioonwatch.org\/wp-content\/uploads\/2023\/07\/Atividade-ludica.jpg 2047w, https:\/\/rioonwatch.org\/wp-content\/uploads\/2023\/07\/Atividade-ludica-620x413.jpg 620w, https:\/\/rioonwatch.org\/wp-content\/uploads\/2023\/07\/Atividade-ludica-943x629.jpg 943w, https:\/\/rioonwatch.org\/wp-content\/uploads\/2023\/07\/Atividade-ludica-768x512.jpg 768w\" sizes=\"(max-width: 2047px) 100vw, 2047px\" \/><\/a><figcaption id=\"caption-attachment-75473\" class=\"wp-caption-text\">Psychodrama from the start of the event. Photo: Alexandre Cerqueira<\/figcaption><\/figure>\n<h3><b>What Is Climate Change? <\/b>How Did the Occupation of the Favela Happen and What is the Area\u2019s Relationship With the Climate and Nature?<\/h3>\n<p>The start of the conversation was marked by a knowledge exchange relating to climate change and the favela&#8217;s history of occupation. According to residents, trash is one of the main factors causing local impacts such as landslides and floods after heavy rains\u2014recurring issues affecting the city. Cantagalo resident Marcia Santos Pinto summarized the link between climate change and irregular waste collection and disposal in her community.<\/p>\n<blockquote><p>\u201cI understand climate change to mean all the transformations in climate and temperature over the years, over time. But currently [the environment] is being harmed by our human activity and all our poor lifestyle choices. Such as waste disposal for example. I have seen some landslides here in my time. Poor conservation, waste distribution, that&#8217;s a very serious issue.\u201d \u2014 Marcia Santos Pinto<\/p><\/blockquote>\n<p>She recalled a significant event experienced by older PPG residents: on Christmas Eve, 1983, a community water tank dislodged and fell down the hillside. According to Santos, ten to 15 people died in the tragedy. An article by <a href=\"https:\/\/bit.ly\/42ZBS4S\" target=\"_blank\" rel=\"noopener\">newspaper <em>\u00daltima Hora<\/em><\/a>, however, reported 17 deaths.<\/p>\n<p>Following this recollection, M\u00e1rcia Souza clarified what happened, pointing at waste in the community as the true root of the problem.<\/p>\n<blockquote><p>\u201cIt wasn\u2019t exactly that the water tank fell. It was the trash. People made a mountain of garbage up there [due to the lack of public collection] and it fell\u2026 They built another similar mountain in the same spot and it fell again. This mountain [of trash], that shouldn&#8217;t have been there in the first place, was dislodged by heavy rains\u2026 [flash floods] moved a large rock, which then hit the water tank, which then moved a little, and caused other water tanks below it to slide down the hill.\u201d \u2014 M\u00e1rcia Souza<\/p><\/blockquote>\n<figure id=\"attachment_75474\" aria-describedby=\"caption-attachment-75474\" style=\"width: 2047px\" class=\"wp-caption aligncenter\"><a href=\"https:\/\/rioonwatch.org\/wp-content\/uploads\/2023\/07\/A-roda-de-debates-proporcionou-um-espaco-para-que-os-moradores-compartilhassem-suas-experiencias-e-memorias-uns-com-os-outros.jpg\"><img loading=\"lazy\" decoding=\"async\" class=\"wp-image-75474 size-full\" title=\"Marcia Souza opens the Climate Memory Circle in PPG. Photo: Alexandre Cerqueira.\" src=\"https:\/\/rioonwatch.org\/wp-content\/uploads\/2023\/07\/A-roda-de-debates-proporcionou-um-espaco-para-que-os-moradores-compartilhassem-suas-experiencias-e-memorias-uns-com-os-outros.jpg\" alt=\"Marcia Souza opens the Climate Memory Circle in PPG. Photo: Alexandre Cerqueira.\" width=\"2047\" height=\"1365\" srcset=\"https:\/\/rioonwatch.org\/wp-content\/uploads\/2023\/07\/A-roda-de-debates-proporcionou-um-espaco-para-que-os-moradores-compartilhassem-suas-experiencias-e-memorias-uns-com-os-outros.jpg 2047w, https:\/\/rioonwatch.org\/wp-content\/uploads\/2023\/07\/A-roda-de-debates-proporcionou-um-espaco-para-que-os-moradores-compartilhassem-suas-experiencias-e-memorias-uns-com-os-outros-620x413.jpg 620w, https:\/\/rioonwatch.org\/wp-content\/uploads\/2023\/07\/A-roda-de-debates-proporcionou-um-espaco-para-que-os-moradores-compartilhassem-suas-experiencias-e-memorias-uns-com-os-outros-943x629.jpg 943w, https:\/\/rioonwatch.org\/wp-content\/uploads\/2023\/07\/A-roda-de-debates-proporcionou-um-espaco-para-que-os-moradores-compartilhassem-suas-experiencias-e-memorias-uns-com-os-outros-768x512.jpg 768w\" sizes=\"(max-width: 2047px) 100vw, 2047px\" \/><\/a><figcaption id=\"caption-attachment-75474\" class=\"wp-caption-text\">Marcia Souza opens the Climate Memory Circle in PPG. Photo: Alexandre Cerqueira<\/figcaption><\/figure>\n<p>Trash remained a key theme in discussions about how climate events are worse in the favelas\u2014not just because climate change means they are increasingly frequent, but because lack of public investment means there isn&#8217;t adequate garbage collection or the environmental education needed for residents to deal with it themselves. Sara Hins, a youth participant of the <a href=\"https:\/\/bit.ly\/3z20mhf\" target=\"_blank\" rel=\"noopener\">Youth Pact<\/a> public project that aims to address this, commented on the situation.<\/p>\n<blockquote><p>\u201cWhen there is heavy rain, and because of the lack of waste collection, a lot of water and trash end up in the the streets. Very few people have the awareness and very few do the work [of collection and education]. That&#8217;s climate change in the favela.\u201d \u2014 Sara Hins<\/p><\/blockquote>\n<p>The theme of <a href=\"https:\/\/bit.ly\/3G8KDiO\" target=\"_blank\" rel=\"noopener\">climate justice<\/a> was also raised by Gabriela Fleury\u2014a more recent resident of the community and a founder of the <a href=\"https:\/\/bit.ly\/3jtNw2J\" target=\"_blank\" rel=\"noopener\">Plants on the Streets<\/a> project.<\/p>\n<blockquote><p>\u201cOne of the biggest problems we see here is trash. And wow, how many problems does this cause us? But we have to see that most of the effects of climate change, these extreme weather events, heavy rain, landslides, health issues, are all much worse in the favelas and urban peripheries. We have to think about that. It&#8217;s not a coincidence. How can we improve our areas, for ourselves, and show this to the world?&#8221; \u2014 Gabriela Fleury<\/p><\/blockquote>\n<figure id=\"attachment_75475\" aria-describedby=\"caption-attachment-75475\" style=\"width: 2047px\" class=\"wp-caption aligncenter\"><a href=\"https:\/\/rioonwatch.org\/wp-content\/uploads\/2023\/07\/Sara.jpg\"><img loading=\"lazy\" decoding=\"async\" class=\"wp-image-75475 size-full\" title=\"Sara Hins, member of the Youth Pact, reflects on the challenge of waste in the community. Photo: Alexandre Cerqueira\" src=\"https:\/\/rioonwatch.org\/wp-content\/uploads\/2023\/07\/Sara.jpg\" alt=\"Sara Hins, member of the Youth Pact, reflects on the challenge of waste in the community. Photo: Alexandre Cerqueira\" width=\"2047\" height=\"1365\" srcset=\"https:\/\/rioonwatch.org\/wp-content\/uploads\/2023\/07\/Sara.jpg 2047w, https:\/\/rioonwatch.org\/wp-content\/uploads\/2023\/07\/Sara-620x413.jpg 620w, https:\/\/rioonwatch.org\/wp-content\/uploads\/2023\/07\/Sara-943x629.jpg 943w, https:\/\/rioonwatch.org\/wp-content\/uploads\/2023\/07\/Sara-768x512.jpg 768w\" sizes=\"(max-width: 2047px) 100vw, 2047px\" \/><\/a><figcaption id=\"caption-attachment-75475\" class=\"wp-caption-text\">Sara Hins, member of the Youth Pact, reflects on the challenge of waste in the community. Photo: Alexandre Cerqueira<\/figcaption><\/figure>\n<h3>How do Climate and Environmental Issues Dialogue with Housing Rights and Access? What Knowledge Has the Community Already Developed to Respond to the Challenges Posed by Nature and Climate Change?<\/h3>\n<p>The conversation circles also explored the relationship between nature, the environment, and housing rights, as well as knowledge the community has developed to respond to environmental challenges.<\/p>\n<p>Some residents felt the favela was more organized in the past and communicated better during an imminent storm so that everyone could help each other.<\/p>\n<blockquote><p>\u201cWhen I was little in Pav\u00e3o, our houses were made of wood\u2026 People were more united back then. They had respect for elders too\u2026 So a neighbor would shout \u2018it\u2019s going to rain, it\u2019s going to rain,\u2019 and would call people over to clear the gutters. And everyone that could would help with the cleaning, because they knew what was coming\u2026 Today we live in brick houses, with people building [more] houses, preventing air circulation. We no longer have clean air\u2026 we can\u2019t see the sky, feel the breeze\u2026 And then, we suffer when the rain comes, because trash comes [with it]. But then, trash on the streets (of the formal city), which is possibly much more than we generate here, their trash they hand over to the poor to deal with. They have housemaids, building caretakers, company workers that deal with the trash, that have to take trash out of the way. Where it ends up, I don\u2019t know, maybe in a landfill somewhere. But our trash, we practically have to eat it. We have to deal with it ourselves.\u201d \u2014 Valdete Santos<\/p><\/blockquote>\n<figure id=\"attachment_75476\" aria-describedby=\"caption-attachment-75476\" style=\"width: 2047px\" class=\"wp-caption aligncenter\"><a href=\"https:\/\/rioonwatch.org\/wp-content\/uploads\/2023\/07\/Maria-Aparecida.jpg\"><img loading=\"lazy\" decoding=\"async\" class=\"wp-image-75476 size-full\" title=\"Maria Aparecida tells the story of a windstorm tearing the roof off when she was a child. Photo: Alexandre Cerqueira.\" src=\"https:\/\/rioonwatch.org\/wp-content\/uploads\/2023\/07\/Maria-Aparecida.jpg\" alt=\"Maria Aparecida tells the story of a windstorm tearing the roof off when she was a child. Photo: Alexandre Cerqueira.\" width=\"2047\" height=\"1365\" srcset=\"https:\/\/rioonwatch.org\/wp-content\/uploads\/2023\/07\/Maria-Aparecida.jpg 2047w, https:\/\/rioonwatch.org\/wp-content\/uploads\/2023\/07\/Maria-Aparecida-620x413.jpg 620w, https:\/\/rioonwatch.org\/wp-content\/uploads\/2023\/07\/Maria-Aparecida-943x629.jpg 943w, https:\/\/rioonwatch.org\/wp-content\/uploads\/2023\/07\/Maria-Aparecida-768x512.jpg 768w\" sizes=\"(max-width: 2047px) 100vw, 2047px\" \/><\/a><figcaption id=\"caption-attachment-75476\" class=\"wp-caption-text\">Maria Aparecida tells the story of a windstorm tearing the roof off when she was a child. Photo: Alexandre Cerqueira<\/figcaption><\/figure>\n<p>During the circle, resident Maria Aparecida also remembered the old times, telling the story of when her aunt lost the roof of her house during a windstorm.<\/p>\n<blockquote><p>\u201cIn the past, people used to live in big, huge houses. Were they made of wood? Yes. But they were clean and tidy. There were flowers and plants. I was at my aunt\u2019s house by the window when the weather started to turn. I was eight years old, and my uncle said \u2018it\u2019s going to rain, close the window!\u2019. The house was made of wood, and above, there were roof tiles. I closed the window. But when I did, what happened? The wind came in, got trapped, and left out the top [pushing the roof tiles up]. And the whole roof flew away.\u201d \u2014 Maria Aparecida Pereira<\/p><\/blockquote>\n<p>S\u00f4nia Modesto reminisced of the time when the first houses were built from natural materials, from the favela&#8217;s soil and forest.<\/p>\n<blockquote><p>\u201cThere really was nothing there, it was all forest\u2026 The shacks were made of mud that you would throw on the wall and shape by hand.\u201d \u2014 S\u00f4nia Modesto<\/p><\/blockquote>\n<figure id=\"attachment_75477\" aria-describedby=\"caption-attachment-75477\" style=\"width: 2047px\" class=\"wp-caption aligncenter\"><a href=\"https:\/\/rioonwatch.org\/wp-content\/uploads\/2023\/07\/Moradores-trocam-suas-experiencias-e-memorias-durante-a-roda-de-debates.jpg\"><img loading=\"lazy\" decoding=\"async\" class=\"wp-image-75477 size-full\" title=\"S\u00f4nia Modesto shares memories of past times in the community. Photo: Alexandre Cerqueira\" src=\"https:\/\/rioonwatch.org\/wp-content\/uploads\/2023\/07\/Moradores-trocam-suas-experiencias-e-memorias-durante-a-roda-de-debates.jpg\" alt=\"S\u00f4nia Modesto shares memories of past times in the community. Photo: Alexandre Cerqueira\" width=\"2047\" height=\"1365\" srcset=\"https:\/\/rioonwatch.org\/wp-content\/uploads\/2023\/07\/Moradores-trocam-suas-experiencias-e-memorias-durante-a-roda-de-debates.jpg 2047w, https:\/\/rioonwatch.org\/wp-content\/uploads\/2023\/07\/Moradores-trocam-suas-experiencias-e-memorias-durante-a-roda-de-debates-620x413.jpg 620w, https:\/\/rioonwatch.org\/wp-content\/uploads\/2023\/07\/Moradores-trocam-suas-experiencias-e-memorias-durante-a-roda-de-debates-943x629.jpg 943w, https:\/\/rioonwatch.org\/wp-content\/uploads\/2023\/07\/Moradores-trocam-suas-experiencias-e-memorias-durante-a-roda-de-debates-768x512.jpg 768w\" sizes=\"(max-width: 2047px) 100vw, 2047px\" \/><\/a><figcaption id=\"caption-attachment-75477\" class=\"wp-caption-text\">S\u00f4nia Modesto shares memories of past times in the community. Photo: Alexandre Cerqueira<\/figcaption><\/figure>\n<p>Another issue raised was that of forced evictions as a result of extreme weather events, and how the histories of Rio&#8217;s favelas merge and repeat themselves. Valdete Santos talked about how this happened in PPG.<\/p>\n<blockquote><p>\u201cIn 1966, there was what we now call a flood on the asphalt [formal city]. But here in the favela, it was not really a flood, because what happened was a flash flood. A lot of people lost their homes, and with this many people went to City of God. I had an aunt that went there. People went to Paci\u00eancia [Antares]. [The authorities] took advantage [of the flood] to evict people.\u201d \u2014 Valdete Santos<\/p><\/blockquote>\n<p>Leonardo Ribeiro, a historian from Antares, echoed Santos\u2019 account, saying that his neighborhood has a direct link with families in many other locations and that these families were often evicted for reasons to do with climate change. According to Ribeiro, eight families were removed after a fire in Pav\u00e3o in 1966 and went to <a href=\"https:\/\/bit.ly\/3aum5lM\" target=\"_blank\" rel=\"noopener\">Antares<\/a>, <a href=\"https:\/\/bit.ly\/2l4llNm\" target=\"_blank\" rel=\"noopener\">Santa Cruz<\/a>, and neighboring <a href=\"https:\/\/bit.ly\/2EApB0j\" target=\"_blank\" rel=\"noopener\">Favela do A\u00e7o<\/a>. Others went to <a href=\"https:\/\/bit.ly\/3hcAybH\" target=\"_blank\" rel=\"noopener\">City of God<\/a> following landslides.<\/p>\n<p>Thinking about solutions created by the community, the issue of trash and socio-environmental education was the most prominent in the discussion. Nivaldo Moura is an environmental organizer and founder of benchmark <a href=\"https:\/\/bit.ly\/3XdQ3Bf\" target=\"_blank\" rel=\"noopener\">Cleaner Favela<\/a> project, which has been running collective actions and cleaning projects for over a decade in PPG. He shared many optimistic and proactive statements.<\/p>\n<blockquote><p>\u201cI&#8217;m not going to dwell on the more degraded parts of PPG. [I] will speak about the beauty I&#8217;ve been seeing. Recently\u2026 [I] see there is more green, even if people aren&#8217;t looking after\u2026 the forest. But nature is responding, as it always has. Anyone going through\u2026 Saint Roman [street] will see birds that were not there before, there&#8217;s a family of little monkeys going around the whole community. This is nature showing its strength, giving a response to humans who destroy, while nature looks after.\u201d \u2014 Nivaldo Moura<\/p><\/blockquote>\n<figure id=\"attachment_75478\" aria-describedby=\"caption-attachment-75478\" style=\"width: 2047px\" class=\"wp-caption aligncenter\"><a href=\"https:\/\/rioonwatch.org\/wp-content\/uploads\/2023\/07\/Nivaldo.jpg\"><img loading=\"lazy\" decoding=\"async\" class=\"wp-image-75478 size-full\" title=\"Nivaldo Moura describes his work with the Cleaner Favela project. Photo: Alexandre Cerqueira.\" src=\"https:\/\/rioonwatch.org\/wp-content\/uploads\/2023\/07\/Nivaldo.jpg\" alt=\"Nivaldo Moura describes his work with the Cleaner Favela project. Photo: Alexandre Cerqueira.\" width=\"2047\" height=\"1365\" srcset=\"https:\/\/rioonwatch.org\/wp-content\/uploads\/2023\/07\/Nivaldo.jpg 2047w, https:\/\/rioonwatch.org\/wp-content\/uploads\/2023\/07\/Nivaldo-620x413.jpg 620w, https:\/\/rioonwatch.org\/wp-content\/uploads\/2023\/07\/Nivaldo-943x629.jpg 943w, https:\/\/rioonwatch.org\/wp-content\/uploads\/2023\/07\/Nivaldo-768x512.jpg 768w\" sizes=\"(max-width: 2047px) 100vw, 2047px\" \/><\/a><figcaption id=\"caption-attachment-75478\" class=\"wp-caption-text\">Nivaldo Moura describes his work with the Cleaner Favela project. Photo: Alexandre Cerqueira<\/figcaption><\/figure>\n<p>Moura went on to speak about what people are doing to improve the situation, based on his own example. In contrast, the government does nothing.<\/p>\n<blockquote><p>\u201cEvery day I make my reality happen. Saturday, Sunday, and on public holidays. The work is every day. I am embarrassed when I see a tourist here and there&#8217;s trash and poop on the floor, open sewerage, leaking sewerage, rats day and night\u2026 The government comes up to the favelas in Rio, but why do they not sort this out? We are discussing this theme with people here that are 70, 85 years old. And I don&#8217;t know how many years going forward people will be talking about this. And the authorities do nothing.<\/p>\n<p>\u2026 The government should be here. We were unassisted by the authorities during Carnival\u2026 [Municipal waste utility] Comlurb shined down there [removing all the trash in Ipanema], but up here trash built up, rats everywhere. When I state that the authorities should be at a debate like this to listen, that&#8217;s what I mean. I&#8217;m telling a story of what I&#8217;ve been through, that I tried, but did not succeed by myself\u2026 When there is an event like this one, people name me, they call on me, because it is serious work\u2026 [But] what are we doing as a community to prevent a new tragedy?\u201d \u2014 Nivaldo Moura<\/p><\/blockquote>\n<p>Focusing on the importance of residents&#8217; individual responsibility, Valdete Santos added:<\/p>\n<blockquote><p>\u201cResidents are embarrassed to go down [the hill] carrying trash. Me, I&#8217;m proud of it. I don\u2019t care if I&#8217;m well dressed. It makes me proud. We see whole families go down the hill without taking anything. Where is all the trash? Or do they elect one person in the household to go down the hill with a garbage bag no one can manage? Is it too much to ask that people take their own household trash down? Every family produces trash every day, so why can&#8217;t they bother to take it down the hill?&#8221; \u2014 Valdete Santos<\/p><\/blockquote>\n<p>Rafaela Machado, a youth communicator from <a href=\"https:\/\/bit.ly\/3Nz8MEh\" target=\"_blank\" rel=\"noopener\">PPG Informative<\/a>, raised this responsibility for herself, remembering that she made mistakes as a child.<\/p>\n<blockquote><p>\u201cWe need to change our relationship with trash. This is an issue in all favelas. Where I lived in Pav\u00e3o, near where the rock fell, there really was a mountain of trash. I also made the mistake, as a child, of throwing trash there out of laziness. But I was called out for it. It is not just [the responsibility] of the government, but it also has to do with our education.\u201d \u2014 Rafaela Machado<\/p><\/blockquote>\n<figure id=\"attachment_75479\" aria-describedby=\"caption-attachment-75479\" style=\"width: 2047px\" class=\"wp-caption aligncenter\"><a href=\"https:\/\/rioonwatch.org\/wp-content\/uploads\/2023\/07\/Rafaela.jpg\"><img loading=\"lazy\" decoding=\"async\" class=\"wp-image-75479 size-full\" title=\"Rafaela Machado tells of her learning experience. Photo: Alexandre Cerqueira\" src=\"https:\/\/rioonwatch.org\/wp-content\/uploads\/2023\/07\/Rafaela.jpg\" alt=\"Rafaela Machado tells of her learning experience. Photo: Alexandre Cerqueira\" width=\"2047\" height=\"1365\" srcset=\"https:\/\/rioonwatch.org\/wp-content\/uploads\/2023\/07\/Rafaela.jpg 2047w, https:\/\/rioonwatch.org\/wp-content\/uploads\/2023\/07\/Rafaela-620x413.jpg 620w, https:\/\/rioonwatch.org\/wp-content\/uploads\/2023\/07\/Rafaela-943x629.jpg 943w, https:\/\/rioonwatch.org\/wp-content\/uploads\/2023\/07\/Rafaela-768x512.jpg 768w\" sizes=\"(max-width: 2047px) 100vw, 2047px\" \/><\/a><figcaption id=\"caption-attachment-75479\" class=\"wp-caption-text\">Rafaela Machado tells of her learning experience. Photo: Alexandre Cerqueira<\/figcaption><\/figure>\n<p>Thinking about preventing future landslides from a different perspective, Gabriela Fleury highlighted another aspect that should be part of the solution: tree planting and maintenance.<\/p>\n<blockquote><p>\u201cIf you kill the tree, the roots die too. And roots help prevent landslides.\u201d \u2014 Gabriela Fleury<\/p><\/blockquote>\n<p>Isabella Rego, whose family founded <a href=\"https:\/\/bit.ly\/43HxE1b\" target=\"_blank\" rel=\"noopener\">Solar Meninos de Luz<\/a>, an all-day school that promotes integral education, put forward another proposal, raising the issue of electricity\u2014a global warming villain.<\/p>\n<blockquote><p>\u201cHere we are exposed to the sun, so the community could research further the possibility of obtaining funds to generate solar power for houses, because this would help reduce costs that can create problems for the community\u2019s security and issues with loss of power, and it would be more visually appealing to have fewer exposed wires. The Solar already has a small section of solar panels that help a lot with energy costs.\u201d \u2014 Isabella Rego<\/p><\/blockquote>\n<p>The discussion circle ended with a profound reflection from host M\u00e1rcia Souza on strengthening engagement and unity.<\/p>\n<blockquote><p>\u201cThis is a huge internal challenge of ours. This is what I think, as someone who was born here, whose mom was born here, [as someone that had] the opportunity to leave and come back\u2026 I left the country, and now I say \u2018My place is here.\u2019 I chose to be here because I wanted to. The work I do today, the ups and downs of an innovative museum with a team of women; we don\u2019t have men in our team. Women that have been excelling. The most important thing is to\u2026 unite. To do away with this notion that we don\u2019t listen to each other.<\/p>\n<p>I see people here today that came because I went and invited them, one by one. I feel like crying every time I see so many people like this. This is a sign of victory, because we reach [the objective] when we make the first step. The authorities, OK. But we&#8217;re the ones who put them there. What we can do is unite, talk about this all the time. And gather opinions. Let\u2019s sew, let\u2019s sew a quilt.<\/p>\n<p>So my proposal is this. Create, based on young people, on seniors. We have to make the most of this opportunity to listen to each other, to come together. We have lots of results already. So this is it really. Not everyone has the same way of being and thinking. Isabella has one, just like Aunt S\u00f4nia, Aunt Zilda, Rafaela\u2026 Because each one is a different person. This is what makes us stronger. And begin this journey of transformation. It is our favela, PPG, that we have to focus on now. And maybe then who knows, we can expand. Imagine, just like Marielle. Fruits of what she created. Black women from favelas now see themselves in Marielle. This is it. I know many Black girls that are there following the path she paved. A woman from a favela, she worked hard, graduated, and fulfilled her role.\u201d \u2014 M\u00e1rcia Souza<\/p><\/blockquote>\n<h3>Read the\u00a0<a href=\"https:\/\/bit.ly\/FavelaClimateMemory\" target=\"_blank\" rel=\"noopener\">entire series of reports on the Favela Climate Memory project<\/a>.<\/h3>\n<h3>Don\u2019t miss the album below (or click <a href=\"https:\/\/bit.ly\/MemoriaClimaticaPPGFotos\" target=\"_blank\" rel=\"noopener\">here<\/a> to view on Flickr):<\/h3>\n<p><a title=\"Mem\u00f3ria Clim\u00e1tica no Pav\u00e3o-Pav\u00e3ozinho-Cantagalo (Museu de Favela \/ Rede Favela Sustent\u00e1vel) 11 de mar\u00e7o de 2023\" href=\"https:\/\/www.flickr.com\/photos\/catcomm\/albums\/72177720306720942\" data-flickr-embed=\"true\"><img loading=\"lazy\" decoding=\"async\" src=\"https:\/\/live.staticflickr.com\/65535\/52748520675_3d47bc1c96_h.jpg\" alt=\"Mem\u00f3ria Clim\u00e1tica no Pav\u00e3o-Pav\u00e3ozinho-Cantagalo (Museu de Favela \/ Rede Favela Sustent\u00e1vel) 11 de mar\u00e7o de 2023\" width=\"1600\" height=\"1200\" \/><\/a><script async src=\"\/\/embedr.flickr.com\/assets\/client-code.js\" charset=\"utf-8\"><\/script><em>*The Sustainable Favela Network (SFN) and RioOnWatch are projects of Catalytic Communities (CatComm).<\/em><\/p>\n<hr \/>\n<h4>Support <i>RioOnWatch<\/i>\u2019s tireless, critical and cutting-edge hyperlocal journalism, online community organizing meetings, and direct support to favelas <a href=\"http:\/\/bit.ly\/FavelaCovidResponse\"><span style=\"font-weight: 400;\">by clicking here<\/span><\/a>.<\/h4>\n","protected":false},"excerpt":{"rendered":"<div class=\"mh-excerpt\"><p>Clique aqui para Portugu\u00eas On June 17, 2023, Rio de Janeiro&#8217;s Sustainable Favela Network (SFN)* launched its Favela Climate Memory Exhibition, the culmination of five day-long climate memory circles held by favela community museums between <a class=\"mh-excerpt-more\" href=\"https:\/\/rioonwatch.org\/?p=75462\" title=\"Favela Climate Memory Circles, Part 4: The Favela Museum in Cantagalo Makes Clear \u2018We Need to Change Our Relationship With Garbage\u2019\">[&#8230;]<\/a><\/p>\n<\/div>","protected":false},"author":238,"featured_media":75469,"comment_status":"closed","ping_status":"closed","sticky":false,"template":"template-full.php","format":"standard","meta":{"_monsterinsights_skip_tracking":false,"_monsterinsights_sitenote_active":false,"_monsterinsights_sitenote_note":"","_monsterinsights_sitenote_category":0,"footnotes":""},"categories":[1288,1290,3477,1333,1268,1271,329,452],"tags":[384,112,231,472,3406,136,3090,674,2616,386,188,418,151,1349,716,962,155,13,535,3636,156,2124,692],"writer":[3173],"translator":[3507],"illustrator":[],"photographer":[],"class_list":{"0":"post-75462","1":"post","2":"type-post","3":"status-publish","4":"format-standard","5":"has-post-thumbnail","7":"category-highlight","8":"category-civilsociety","9":"category-climate-justice","10":"category-event-reports","11":"category-favelaculture","12":"category-favelaqualities","13":"category-solutions","14":"category-rio20","15":"tag-antares","16":"tag-cantagalo","17":"tag-city-of-god","18":"tag-climate-change","19":"tag-climate-justice","20":"tag-copacabana","21":"tag-favela-do-aco-vila-da-paciencia","22":"tag-memory","23":"tag-favela-vs-asphalt","24":"tag-trash","25":"tag-history","26":"tag-ipanema","27":"tag-landslide-risk","28":"tag-museu-de-favela","29":"tag-museum","30":"tag-oral-history","31":"tag-pavao-pavaozinho","32":"tag-rain","33":"tag-sanitation","34":"tag-series-favela-climate-memory","35":"tag-south-zone","36":"tag-sustainable-favela-network","37":"tag-trash-collection","38":"writer-alexandre-cerqueira","39":"translator-yasmin-quaife"},"_links":{"self":[{"href":"https:\/\/rioonwatch.org\/index.php?rest_route=\/wp\/v2\/posts\/75462","targetHints":{"allow":["GET"]}}],"collection":[{"href":"https:\/\/rioonwatch.org\/index.php?rest_route=\/wp\/v2\/posts"}],"about":[{"href":"https:\/\/rioonwatch.org\/index.php?rest_route=\/wp\/v2\/types\/post"}],"author":[{"embeddable":true,"href":"https:\/\/rioonwatch.org\/index.php?rest_route=\/wp\/v2\/users\/238"}],"replies":[{"embeddable":true,"href":"https:\/\/rioonwatch.org\/index.php?rest_route=%2Fwp%2Fv2%2Fcomments&post=75462"}],"version-history":[{"count":1,"href":"https:\/\/rioonwatch.org\/index.php?rest_route=\/wp\/v2\/posts\/75462\/revisions"}],"predecessor-version":[{"id":81639,"href":"https:\/\/rioonwatch.org\/index.php?rest_route=\/wp\/v2\/posts\/75462\/revisions\/81639"}],"wp:featuredmedia":[{"embeddable":true,"href":"https:\/\/rioonwatch.org\/index.php?rest_route=\/wp\/v2\/media\/75469"}],"wp:attachment":[{"href":"https:\/\/rioonwatch.org\/index.php?rest_route=%2Fwp%2Fv2%2Fmedia&parent=75462"}],"wp:term":[{"taxonomy":"category","embeddable":true,"href":"https:\/\/rioonwatch.org\/index.php?rest_route=%2Fwp%2Fv2%2Fcategories&post=75462"},{"taxonomy":"post_tag","embeddable":true,"href":"https:\/\/rioonwatch.org\/index.php?rest_route=%2Fwp%2Fv2%2Ftags&post=75462"},{"taxonomy":"writer","embeddable":true,"href":"https:\/\/rioonwatch.org\/index.php?rest_route=%2Fwp%2Fv2%2Fwriter&post=75462"},{"taxonomy":"translator","embeddable":true,"href":"https:\/\/rioonwatch.org\/index.php?rest_route=%2Fwp%2Fv2%2Ftranslator&post=75462"},{"taxonomy":"illustrator","embeddable":true,"href":"https:\/\/rioonwatch.org\/index.php?rest_route=%2Fwp%2Fv2%2Fillustrator&post=75462"},{"taxonomy":"photographer","embeddable":true,"href":"https:\/\/rioonwatch.org\/index.php?rest_route=%2Fwp%2Fv2%2Fphotographer&post=75462"}],"curies":[{"name":"wp","href":"https:\/\/api.w.org\/{rel}","templated":true}]}}